{"id":960089,"date":"2017-11-17T12:59:53","date_gmt":"2017-11-17T12:59:53","guid":{"rendered":"http:\/\/www.eldigitaldeasturias.com\/noticias\/?p=960089"},"modified":"2017-11-17T12:59:53","modified_gmt":"2017-11-17T12:59:53","slug":"aragon-controlara-los-precios-y-ofertas-del-black-friday-y-el-ciber-monday","status":"publish","type":"post","link":"https:\/\/www.eldigitaldeasturias.com\/noticias\/aragon-controlara-los-precios-y-ofertas-del-black-friday-y-el-ciber-monday\/","title":{"rendered":"Arag\u00f3n controlar\u00e1 los precios y ofertas del \u2018Black Friday\u2019 y el \u2018Ciber Monday\u2019"},"content":{"rendered":"<p><img loading=\"lazy\" decoding=\"async\" class=\"alignleft size-medium wp-image-960090\" src=\"https:\/\/www.eldigitaldeasturias.com\/noticias\/wp-content\/uploads\/2017\/11\/imagenes_Offer-Shopping-Discount-Retail-Sale-Black-Friday-2925476_dc11abdb-360x159.jpg\" alt=\"\" width=\"360\" height=\"159\" \/>Desde hace unos a\u00f1os, la celebraci\u00f3n del Viernes Negro o \u2018Black Friday\u2019 ha comenzado a popularizarse en Espa\u00f1a. Tambi\u00e9n lo ha hecho en Arag\u00f3n, y este a\u00f1o coincide con el pr\u00f3ximo 24 de noviembre, aunque probablemente se alargar\u00e1 hasta el conocido como \u201cCyber Monday\u201d, que se celebrar\u00e1 el lunes 27 de noviembre, donde el protagonismo se lo llevar\u00e1n las compras por Internet.<\/p>\n<p>Teniendo en cuenta la consolidaci\u00f3n de estos \u201cpicos\u201d de consumo, la direcci\u00f3n general de Protecci\u00f3n de Consumidores y Usuarios del Gobierno de Arag\u00f3n tiene previsto realizar controles espec\u00edficos, especialmente sobre la publicidad y los marcajes de los precios en las grandes cadenas.<\/p>\n<p>Antes de comprar, conviene recordar una vez m\u00e1s que un descuento o una oferta no van acompa\u00f1ados de una merma en los derechos. La garant\u00eda de un bien permanece inalterable y la duraci\u00f3n de la misma sigue siendo de dos a\u00f1os. El consumidor que se sienta afectado debe acudir a la atenci\u00f3n al cliente de la empresa vendedora y, en todo caso, si es necesario, tiene derecho a que se le facilite una hoja de reclamaciones con la cual dirigirse a la administraci\u00f3n, una vez trascurrido el plazo de un mes sin que la empresa nos de respuesta o no sea satisfactoria.<\/p>\n<p>Tambi\u00e9n hay que hacer hincapi\u00e9 en que la factura o el justificante de pago es imprescindible para poder realizar cualquier actuaci\u00f3n, de ah\u00ed que no solo convenga exigirlo en el caso de que no sea facilitado, sino que debe conservarse, al menos durante esos dos a\u00f1os posteriores a la adquisici\u00f3n.<\/p>\n<p>Adem\u00e1s, la direcci\u00f3n general Protecci\u00f3n de Consumidores y Usuarios recomienda asesorarse antes de comprar para saber qu\u00e9 es lo que nos conviene, sobre todo en material electr\u00f3nico, y no hacer compras por impulso y adquirir s\u00f3lo aquello que realmente necesitemos.<\/p>\n<blockquote><p><strong><em>Doce grandes superficies y 130 p\u00e1ginas web fueron inspeccionadas en 2016 sin apenas irregularidades<\/em><\/strong><\/p><\/blockquote>\n<p>En sus inicios el comercio electr\u00f3nico era el sector que ofrec\u00eda mayores descuentos y por lo tanto generaba una mayor demanda, pero actualmente las grandes cadenas comerciales utilizan este reclamo para promover sus ventas.<\/p>\n<p>Por ello, el a\u00f1o pasado se llevaron a cabo actuaciones inspectoras en doce grandes superficies que publicitaban rebajas por el Black Friday. La selecci\u00f3n de productos se centr\u00f3 en electr\u00f3nica e inform\u00e1tica, juguetes, hogar y moda. En general no se advirtieron irregularidades, \u00fanicamente en dos centros se apreci\u00f3 que la informaci\u00f3n adicional de las ofertas pudiera ser insuficiente.<\/p>\n<p>Asimismo, en 2016 la Direcci\u00f3n General de Protecci\u00f3n de Consumidores y Usuarios tambi\u00e9n consider\u00f3 oportuno abordar una campa\u00f1a espec\u00edfica para garantizar el cumplimiento de los derechos de los usuarios en el comercio electr\u00f3nico, prest\u00e1ndose especial atenci\u00f3n a la informaci\u00f3n expuesta sobre los art\u00edculos dispuestos para su venta y documentos que se formalizan.<\/p>\n<p>Se realizaron inspecciones en 130 p\u00e1ginas webs de venta de diversos productos, como electrodom\u00e9sticos, inform\u00e1tica, deportes, calzado y ropa o alimentaci\u00f3n, entre otros. Los resultados de cumplimiento que se obtuvieron se sit\u00faan por encima del 95%.<\/p>\n<p><strong>\u00bfQu\u00e9 hay que tener en cuenta a la hora de comprar por Internet?<\/strong><\/p>\n<p>En datos de reclamaciones registrados por la Direcci\u00f3n General de Protecci\u00f3n de Consumidores y Usuarios en Arag\u00f3n no puede decirse que la modalidad del comercio electr\u00f3nico sea un problema mayoritario.<\/p>\n<p>De todas las atenciones prestadas a consumidores hasta el 30 de septiembre del presente a\u00f1o (consultas, quejas), escasamente el 1,24% se corresponden con incidencias en el comercio electr\u00f3nico, principalmente por faltas de entrega del producto, devoluciones, desistimientos o incumplimientos de plazos.<\/p>\n<p><strong>Teniendo todo esto en cuenta, conviene saber que:<\/strong><\/p>\n<p>En el caso de las compras por Internet, el plazo de entrega no debe superar los 30 d\u00edas naturales, salvo que se haya pactado otro distinto.<\/p>\n<p>En caso de no haber sido entregado el producto o haberse prestado el servicio contratado, el consumidor y usuario deber\u00e1 ser informado de esta falta de disponibilidad y deber\u00e1 poder recuperar sin ninguna demora indebida las sumas que haya abonado.<\/p>\n<p>Cuando haya un retraso injustificado por parte del empresario respecto a la devoluci\u00f3n de las sumas abonadas, el consumidor y usuario podr\u00e1 reclamar que se le pague el doble del importe adeudado, sin perjuicio a su derecho de ser indemnizado por los da\u00f1os y perjuicios sufridos en lo que excedan de dicha cantidad.<\/p>\n<p>Adem\u00e1s en compras por Internet el comprador tiene derecho a desistir en el plazo de catorce d\u00edas naturales a contar desde la recepci\u00f3n del producto o la formalizaci\u00f3n del contrato y que el plazo de garant\u00eda es el mismo que si de un comercio tradicional se tratase.<\/p>\n<p>Tambi\u00e9n es necesario un consentimiento \u201cexpreso\u201d para contratar y facilitar previamente al usuario por escrito la informaci\u00f3n relativa a costes, plazos, formas de pago y otras condiciones; y especialmente la informaci\u00f3n sobre el derecho de desistimiento, as\u00ed como la entrega de un documento a estos efectos.<\/p>\n<p>Los aragoneses pueden acudir a las oficinas de informaci\u00f3n al consumidor y a la propia direcci\u00f3n general para solicitar m\u00e1s informaci\u00f3n<\/p>\n","protected":false},"excerpt":{"rendered":"<p>Desde hace unos a\u00f1os, la celebraci\u00f3n del Viernes Negro o \u2018Black Friday\u2019 ha comenzado a popularizarse en Espa\u00f1a. Tambi\u00e9n lo ha hecho en Arag\u00f3n, y este a\u00f1o coincide con el pr\u00f3ximo 24 de noviembre, aunque probablemente se alargar\u00e1 hasta el conocido como \u201cCyber Monday\u201d, que se celebrar\u00e1 el lunes 27 de noviembre, donde el protagonismo [&hellip;]<\/p>\n","protected":false},"author":1,"featured_media":960090,"comment_status":"closed","ping_status":"closed","sticky":false,"template":"","format":"standard","meta":{"footnotes":""},"categories":[1],"tags":[],"class_list":["post-960089","post","type-post","status-publish","format-standard","has-post-thumbnail","hentry","category-actualidad"],"aioseo_notices":[],"aioseo_head":"\n\t\t<!-- All in One SEO Pro 5.0.1 - aioseo.com -->\n\t<meta name=\"description\" content=\"Desde hace unos a\u00f1os, la celebraci\u00f3n del Viernes Negro o \u2018Black Friday\u2019 ha comenzado a popularizarse en Espa\u00f1a. Tambi\u00e9n lo ha hecho en Arag\u00f3n, y este a\u00f1o coincide con el pr\u00f3ximo 24 de noviembre, aunque probablemente se alargar\u00e1 hasta el conocido como \u201cCyber Monday\u201d, que se celebrar\u00e1 el lunes 27 de noviembre, donde el protagonismo\" \/>\n\t<meta name=\"robots\" content=\"max-image-preview:large\" \/>\n\t<meta name=\"author\" content=\"El Digital de Asturias\"\/>\n\t<meta name=\"google-site-verification\" content=\"UA-38556648-1\" \/>\n\t<meta name=\"msvalidate.01\" content=\"7dfe9f3f1b24437ab69f4f2559babe99\" \/>\n\t<meta name=\"keywords\" content=\"actualidad\" \/>\n\t<link rel=\"canonical\" href=\"https:\/\/www.eldigitaldeasturias.com\/noticias\/aragon-controlara-los-precios-y-ofertas-del-black-friday-y-el-ciber-monday\/\" \/>\n\t<meta name=\"generator\" content=\"All in One SEO Pro (AIOSEO) 5.0.1\" \/>\n\t\t<meta property=\"og:locale\" content=\"es_ES\" \/>\n\t\t<meta property=\"og:site_name\" content=\"El Digital de Asturias\" \/>\n\t\t<meta property=\"og:type\" content=\"article\" \/>\n\t\t<meta property=\"og:title\" content=\"Arag\u00f3n controlar\u00e1 los precios y ofertas del \u2018Black Friday\u2019 y el \u2018Ciber Monday\u2019 - El Digital de Asturias\" \/>\n\t\t<meta property=\"og:description\" content=\"Desde hace unos a\u00f1os, la celebraci\u00f3n del Viernes Negro o \u2018Black Friday\u2019 ha comenzado a popularizarse en Espa\u00f1a. Tambi\u00e9n lo ha hecho en Arag\u00f3n, y este a\u00f1o coincide con el pr\u00f3ximo 24 de noviembre, aunque probablemente se alargar\u00e1 hasta el conocido como \u201cCyber Monday\u201d, que se celebrar\u00e1 el lunes 27 de noviembre, donde el protagonismo\" \/>\n\t\t<meta property=\"og:url\" content=\"https:\/\/www.eldigitaldeasturias.com\/noticias\/aragon-controlara-los-precios-y-ofertas-del-black-friday-y-el-ciber-monday\/\" \/>\n\t\t<meta property=\"article:tag\" content=\"actualidad\" \/>\n\t\t<meta property=\"article:published_time\" content=\"2017-11-17T12:59:53+00:00\" \/>\n\t\t<meta property=\"article:modified_time\" content=\"2017-11-17T12:59:53+00:00\" \/>\n\t\t<meta property=\"article:publisher\" content=\"https:\/\/facebook.com\/eldigitaldeasturias\" \/>\n\t\t<meta name=\"twitter:card\" content=\"summary_large_image\" \/>\n\t\t<meta name=\"twitter:title\" content=\"Arag\u00f3n controlar\u00e1 los precios y ofertas del \u2018Black Friday\u2019 y el \u2018Ciber Monday\u2019 - El Digital de Asturias\" \/>\n\t\t<meta name=\"twitter:description\" content=\"Desde hace unos a\u00f1os, la celebraci\u00f3n del Viernes Negro o \u2018Black Friday\u2019 ha comenzado a popularizarse en Espa\u00f1a. Tambi\u00e9n lo ha hecho en Arag\u00f3n, y este a\u00f1o coincide con el pr\u00f3ximo 24 de noviembre, aunque probablemente se alargar\u00e1 hasta el conocido como \u201cCyber Monday\u201d, que se celebrar\u00e1 el lunes 27 de noviembre, donde el protagonismo\" \/>\n\t\t<meta name=\"twitter:image\" content=\"https:\/\/www.eldigitaldeasturias.com\/noticias\/wp-content\/uploads\/2020\/12\/EDA-1.jpg\" \/>\n\t\t<meta name=\"twitter:label1\" content=\"Escrito por\" \/>\n\t\t<meta name=\"twitter:data1\" content=\"El Digital de Asturias\" \/>\n\t\t<meta name=\"twitter:label2\" content=\"Tiempo de lectura estimado\" \/>\n\t\t<meta name=\"twitter:data2\" content=\"4 minutos\" \/>\n\t\t<script type=\"application\/ld+json\" class=\"aioseo-schema\">\n\t\t\t{\"@context\":\"https:\\\/\\\/schema.org\",\"@graph\":[{\"@type\":\"BlogPosting\",\"@id\":\"https:\\\/\\\/www.eldigitaldeasturias.com\\\/noticias\\\/aragon-controlara-los-precios-y-ofertas-del-black-friday-y-el-ciber-monday\\\/#blogposting\",\"name\":\"Arag\\u00f3n controlar\\u00e1 los precios y ofertas del \\u2018Black Friday\\u2019 y el \\u2018Ciber Monday\\u2019 - El Digital de Asturias\",\"headline\":\"Arag\\u00f3n controlar\\u00e1 los precios y ofertas del \\u2018Black Friday\\u2019 y el \\u2018Ciber Monday\\u2019\",\"author\":{\"@id\":\"https:\\\/\\\/www.eldigitaldeasturias.com\\\/noticias\\\/author\\\/admin\\\/#author\"},\"publisher\":{\"@id\":\"https:\\\/\\\/www.eldigitaldeasturias.com\\\/noticias\\\/#organization\"},\"image\":{\"@type\":\"ImageObject\",\"url\":960090},\"datePublished\":\"2017-11-17T12:59:53+01:00\",\"dateModified\":\"2017-11-17T12:59:53+01:00\",\"inLanguage\":\"es-ES\",\"mainEntityOfPage\":{\"@id\":\"https:\\\/\\\/www.eldigitaldeasturias.com\\\/noticias\\\/aragon-controlara-los-precios-y-ofertas-del-black-friday-y-el-ciber-monday\\\/#webpage\"},\"isPartOf\":{\"@id\":\"https:\\\/\\\/www.eldigitaldeasturias.com\\\/noticias\\\/aragon-controlara-los-precios-y-ofertas-del-black-friday-y-el-ciber-monday\\\/#webpage\"},\"articleSection\":\"Actualidad\"},{\"@type\":\"BreadcrumbList\",\"@id\":\"https:\\\/\\\/www.eldigitaldeasturias.com\\\/noticias\\\/aragon-controlara-los-precios-y-ofertas-del-black-friday-y-el-ciber-monday\\\/#breadcrumblist\",\"itemListElement\":[{\"@type\":\"ListItem\",\"@id\":\"https:\\\/\\\/www.eldigitaldeasturias.com\\\/noticias#listItem\",\"position\":1,\"name\":\"Home\",\"item\":\"https:\\\/\\\/www.eldigitaldeasturias.com\\\/noticias\",\"nextItem\":{\"@type\":\"ListItem\",\"@id\":\"https:\\\/\\\/www.eldigitaldeasturias.com\\\/noticias\\\/category\\\/actualidad\\\/#listItem\",\"name\":\"Actualidad\"}},{\"@type\":\"ListItem\",\"@id\":\"https:\\\/\\\/www.eldigitaldeasturias.com\\\/noticias\\\/category\\\/actualidad\\\/#listItem\",\"position\":2,\"name\":\"Actualidad\",\"item\":\"https:\\\/\\\/www.eldigitaldeasturias.com\\\/noticias\\\/category\\\/actualidad\\\/\",\"nextItem\":{\"@type\":\"ListItem\",\"@id\":\"https:\\\/\\\/www.eldigitaldeasturias.com\\\/noticias\\\/aragon-controlara-los-precios-y-ofertas-del-black-friday-y-el-ciber-monday\\\/#listItem\",\"name\":\"Arag\\u00f3n controlar\\u00e1 los precios y ofertas del \\u2018Black Friday\\u2019 y el \\u2018Ciber Monday\\u2019\"},\"previousItem\":{\"@type\":\"ListItem\",\"@id\":\"https:\\\/\\\/www.eldigitaldeasturias.com\\\/noticias#listItem\",\"name\":\"Home\"}},{\"@type\":\"ListItem\",\"@id\":\"https:\\\/\\\/www.eldigitaldeasturias.com\\\/noticias\\\/aragon-controlara-los-precios-y-ofertas-del-black-friday-y-el-ciber-monday\\\/#listItem\",\"position\":3,\"name\":\"Arag\\u00f3n controlar\\u00e1 los precios y ofertas del \\u2018Black Friday\\u2019 y el \\u2018Ciber Monday\\u2019\",\"previousItem\":{\"@type\":\"ListItem\",\"@id\":\"https:\\\/\\\/www.eldigitaldeasturias.com\\\/noticias\\\/category\\\/actualidad\\\/#listItem\",\"name\":\"Actualidad\"}}]},{\"@type\":\"Organization\",\"@id\":\"https:\\\/\\\/www.eldigitaldeasturias.com\\\/noticias\\\/#organization\",\"name\":\"El Digital de Asturias\",\"description\":\"Hemeroteca\",\"url\":\"https:\\\/\\\/www.eldigitaldeasturias.com\\\/noticias\\\/\",\"email\":\"info@eldigitaldeasturias.com\",\"telephone\":\"+34652131393\",\"logo\":{\"@type\":\"ImageObject\",\"url\":\"https:\\\/\\\/www.eldigitaldeasturias.com\\\/noticias\\\/wp-content\\\/uploads\\\/2020\\\/12\\\/EDA.jpg\",\"@id\":\"https:\\\/\\\/www.eldigitaldeasturias.com\\\/noticias\\\/aragon-controlara-los-precios-y-ofertas-del-black-friday-y-el-ciber-monday\\\/#organizationLogo\"},\"image\":{\"@id\":\"https:\\\/\\\/www.eldigitaldeasturias.com\\\/noticias\\\/aragon-controlara-los-precios-y-ofertas-del-black-friday-y-el-ciber-monday\\\/#organizationLogo\"},\"sameAs\":[\"https:\\\/\\\/facebook.com\\\/eldigitaldeasturias\",\"https:\\\/\\\/www.youtube.com\\\/channel\\\/UCZP-2wLEB9Rv6erhFmqVnvg\"],\"address\":{\"@id\":\"https:\\\/\\\/www.eldigitaldeasturias.com\\\/noticias\\\/#postaladdress\",\"@type\":\"PostalAddress\",\"streetAddress\":\"san antonio 4\",\"postalCode\":\"33430\",\"addressLocality\":\"Cand\\u00e1s\",\"addressRegion\":\"Asturias\",\"addressCountry\":\"ES\"}},{\"@type\":\"Person\",\"@id\":\"https:\\\/\\\/www.eldigitaldeasturias.com\\\/noticias\\\/author\\\/admin\\\/#author\",\"url\":\"https:\\\/\\\/www.eldigitaldeasturias.com\\\/noticias\\\/author\\\/admin\\\/\",\"name\":\"El Digital de Asturias\",\"image\":{\"@type\":\"ImageObject\",\"@id\":\"https:\\\/\\\/www.eldigitaldeasturias.com\\\/noticias\\\/aragon-controlara-los-precios-y-ofertas-del-black-friday-y-el-ciber-monday\\\/#authorImage\",\"url\":\"https:\\\/\\\/secure.gravatar.com\\\/avatar\\\/df2aeffc32bcd13f8d26072ef8a91b623d677766deac7f97ca815868cd41bf5e?s=96&d=mm&r=g\",\"width\":96,\"height\":96,\"caption\":\"El Digital de Asturias\"}},{\"@type\":\"WebPage\",\"@id\":\"https:\\\/\\\/www.eldigitaldeasturias.com\\\/noticias\\\/aragon-controlara-los-precios-y-ofertas-del-black-friday-y-el-ciber-monday\\\/#webpage\",\"url\":\"https:\\\/\\\/www.eldigitaldeasturias.com\\\/noticias\\\/aragon-controlara-los-precios-y-ofertas-del-black-friday-y-el-ciber-monday\\\/\",\"name\":\"Arag\\u00f3n controlar\\u00e1 los precios y ofertas del \\u2018Black Friday\\u2019 y el \\u2018Ciber Monday\\u2019 - El Digital de Asturias\",\"description\":\"Desde hace unos a\\u00f1os, la celebraci\\u00f3n del Viernes Negro o \\u2018Black Friday\\u2019 ha comenzado a popularizarse en Espa\\u00f1a. Tambi\\u00e9n lo ha hecho en Arag\\u00f3n, y este a\\u00f1o coincide con el pr\\u00f3ximo 24 de noviembre, aunque probablemente se alargar\\u00e1 hasta el conocido como \\u201cCyber Monday\\u201d, que se celebrar\\u00e1 el lunes 27 de noviembre, donde el protagonismo\",\"inLanguage\":\"es-ES\",\"isPartOf\":{\"@id\":\"https:\\\/\\\/www.eldigitaldeasturias.com\\\/noticias\\\/#website\"},\"breadcrumb\":{\"@id\":\"https:\\\/\\\/www.eldigitaldeasturias.com\\\/noticias\\\/aragon-controlara-los-precios-y-ofertas-del-black-friday-y-el-ciber-monday\\\/#breadcrumblist\"},\"author\":{\"@id\":\"https:\\\/\\\/www.eldigitaldeasturias.com\\\/noticias\\\/author\\\/admin\\\/#author\"},\"creator\":{\"@id\":\"https:\\\/\\\/www.eldigitaldeasturias.com\\\/noticias\\\/author\\\/admin\\\/#author\"},\"image\":{\"@type\":\"ImageObject\",\"url\":960090,\"@id\":\"https:\\\/\\\/www.eldigitaldeasturias.com\\\/noticias\\\/aragon-controlara-los-precios-y-ofertas-del-black-friday-y-el-ciber-monday\\\/#mainImage\"},\"primaryImageOfPage\":{\"@id\":\"https:\\\/\\\/www.eldigitaldeasturias.com\\\/noticias\\\/aragon-controlara-los-precios-y-ofertas-del-black-friday-y-el-ciber-monday\\\/#mainImage\"},\"datePublished\":\"2017-11-17T12:59:53+01:00\",\"dateModified\":\"2017-11-17T12:59:53+01:00\"},{\"@type\":\"WebSite\",\"@id\":\"https:\\\/\\\/www.eldigitaldeasturias.com\\\/noticias\\\/#website\",\"url\":\"https:\\\/\\\/www.eldigitaldeasturias.com\\\/noticias\\\/\",\"name\":\"El Digital de Asturias - Diario de actualidad y noticias\",\"alternateName\":\"El Digital de Asturias - Diario de actualidad y noticias\",\"description\":\"Hemeroteca\",\"inLanguage\":\"es-ES\",\"publisher\":{\"@id\":\"https:\\\/\\\/www.eldigitaldeasturias.com\\\/noticias\\\/#organization\"}}]}\n\t\t<\/script>\n\t\t<!-- All in One SEO Pro -->\r\n\t\t<title>Arag\u00f3n controlar\u00e1 los precios y ofertas del \u2018Black Friday\u2019 y el \u2018Ciber Monday\u2019 - El Digital de Asturias<\/title>\n\n","aioseo_head_json":{"title":"Arag\u00f3n controlar\u00e1 los precios y ofertas del \u2018Black Friday\u2019 y el \u2018Ciber Monday\u2019 - El Digital de Asturias","description":"Desde hace unos a\u00f1os, la celebraci\u00f3n del Viernes Negro o \u2018Black Friday\u2019 ha comenzado a popularizarse en Espa\u00f1a. Tambi\u00e9n lo ha hecho en Arag\u00f3n, y este a\u00f1o coincide con el pr\u00f3ximo 24 de noviembre, aunque probablemente se alargar\u00e1 hasta el conocido como \u201cCyber Monday\u201d, que se celebrar\u00e1 el lunes 27 de noviembre, donde el protagonismo","canonical_url":"https:\/\/www.eldigitaldeasturias.com\/noticias\/aragon-controlara-los-precios-y-ofertas-del-black-friday-y-el-ciber-monday\/","robots":"max-image-preview:large","keywords":"actualidad","webmasterTools":{"google-site-verification":"UA-38556648-1","msvalidate.01":"7dfe9f3f1b24437ab69f4f2559babe99","miscellaneous":""},"schema":{"@context":"https:\/\/schema.org","@graph":[{"@type":"BlogPosting","@id":"https:\/\/www.eldigitaldeasturias.com\/noticias\/aragon-controlara-los-precios-y-ofertas-del-black-friday-y-el-ciber-monday\/#blogposting","name":"Arag\u00f3n controlar\u00e1 los precios y ofertas del \u2018Black Friday\u2019 y el \u2018Ciber Monday\u2019 - El Digital de Asturias","headline":"Arag\u00f3n controlar\u00e1 los precios y ofertas del \u2018Black Friday\u2019 y el \u2018Ciber Monday\u2019","author":{"@id":"https:\/\/www.eldigitaldeasturias.com\/noticias\/author\/admin\/#author"},"publisher":{"@id":"https:\/\/www.eldigitaldeasturias.com\/noticias\/#organization"},"image":{"@type":"ImageObject","url":960090},"datePublished":"2017-11-17T12:59:53+01:00","dateModified":"2017-11-17T12:59:53+01:00","inLanguage":"es-ES","mainEntityOfPage":{"@id":"https:\/\/www.eldigitaldeasturias.com\/noticias\/aragon-controlara-los-precios-y-ofertas-del-black-friday-y-el-ciber-monday\/#webpage"},"isPartOf":{"@id":"https:\/\/www.eldigitaldeasturias.com\/noticias\/aragon-controlara-los-precios-y-ofertas-del-black-friday-y-el-ciber-monday\/#webpage"},"articleSection":"Actualidad"},{"@type":"BreadcrumbList","@id":"https:\/\/www.eldigitaldeasturias.com\/noticias\/aragon-controlara-los-precios-y-ofertas-del-black-friday-y-el-ciber-monday\/#breadcrumblist","itemListElement":[{"@type":"ListItem","@id":"https:\/\/www.eldigitaldeasturias.com\/noticias#listItem","position":1,"name":"Home","item":"https:\/\/www.eldigitaldeasturias.com\/noticias","nextItem":{"@type":"ListItem","@id":"https:\/\/www.eldigitaldeasturias.com\/noticias\/category\/actualidad\/#listItem","name":"Actualidad"}},{"@type":"ListItem","@id":"https:\/\/www.eldigitaldeasturias.com\/noticias\/category\/actualidad\/#listItem","position":2,"name":"Actualidad","item":"https:\/\/www.eldigitaldeasturias.com\/noticias\/category\/actualidad\/","nextItem":{"@type":"ListItem","@id":"https:\/\/www.eldigitaldeasturias.com\/noticias\/aragon-controlara-los-precios-y-ofertas-del-black-friday-y-el-ciber-monday\/#listItem","name":"Arag\u00f3n controlar\u00e1 los precios y ofertas del \u2018Black Friday\u2019 y el \u2018Ciber Monday\u2019"},"previousItem":{"@type":"ListItem","@id":"https:\/\/www.eldigitaldeasturias.com\/noticias#listItem","name":"Home"}},{"@type":"ListItem","@id":"https:\/\/www.eldigitaldeasturias.com\/noticias\/aragon-controlara-los-precios-y-ofertas-del-black-friday-y-el-ciber-monday\/#listItem","position":3,"name":"Arag\u00f3n controlar\u00e1 los precios y ofertas del \u2018Black Friday\u2019 y el \u2018Ciber Monday\u2019","previousItem":{"@type":"ListItem","@id":"https:\/\/www.eldigitaldeasturias.com\/noticias\/category\/actualidad\/#listItem","name":"Actualidad"}}]},{"@type":"Organization","@id":"https:\/\/www.eldigitaldeasturias.com\/noticias\/#organization","name":"El Digital de Asturias","description":"Hemeroteca","url":"https:\/\/www.eldigitaldeasturias.com\/noticias\/","email":"info@eldigitaldeasturias.com","telephone":"+34652131393","logo":{"@type":"ImageObject","url":"https:\/\/www.eldigitaldeasturias.com\/noticias\/wp-content\/uploads\/2020\/12\/EDA.jpg","@id":"https:\/\/www.eldigitaldeasturias.com\/noticias\/aragon-controlara-los-precios-y-ofertas-del-black-friday-y-el-ciber-monday\/#organizationLogo"},"image":{"@id":"https:\/\/www.eldigitaldeasturias.com\/noticias\/aragon-controlara-los-precios-y-ofertas-del-black-friday-y-el-ciber-monday\/#organizationLogo"},"sameAs":["https:\/\/facebook.com\/eldigitaldeasturias","https:\/\/www.youtube.com\/channel\/UCZP-2wLEB9Rv6erhFmqVnvg"],"address":{"@id":"https:\/\/www.eldigitaldeasturias.com\/noticias\/#postaladdress","@type":"PostalAddress","streetAddress":"san antonio 4","postalCode":"33430","addressLocality":"Cand\u00e1s","addressRegion":"Asturias","addressCountry":"ES"}},{"@type":"Person","@id":"https:\/\/www.eldigitaldeasturias.com\/noticias\/author\/admin\/#author","url":"https:\/\/www.eldigitaldeasturias.com\/noticias\/author\/admin\/","name":"El Digital de Asturias","image":{"@type":"ImageObject","@id":"https:\/\/www.eldigitaldeasturias.com\/noticias\/aragon-controlara-los-precios-y-ofertas-del-black-friday-y-el-ciber-monday\/#authorImage","url":"https:\/\/secure.gravatar.com\/avatar\/df2aeffc32bcd13f8d26072ef8a91b623d677766deac7f97ca815868cd41bf5e?s=96&d=mm&r=g","width":96,"height":96,"caption":"El Digital de Asturias"}},{"@type":"WebPage","@id":"https:\/\/www.eldigitaldeasturias.com\/noticias\/aragon-controlara-los-precios-y-ofertas-del-black-friday-y-el-ciber-monday\/#webpage","url":"https:\/\/www.eldigitaldeasturias.com\/noticias\/aragon-controlara-los-precios-y-ofertas-del-black-friday-y-el-ciber-monday\/","name":"Arag\u00f3n controlar\u00e1 los precios y ofertas del \u2018Black Friday\u2019 y el \u2018Ciber Monday\u2019 - El Digital de Asturias","description":"Desde hace unos a\u00f1os, la celebraci\u00f3n del Viernes Negro o \u2018Black Friday\u2019 ha comenzado a popularizarse en Espa\u00f1a. Tambi\u00e9n lo ha hecho en Arag\u00f3n, y este a\u00f1o coincide con el pr\u00f3ximo 24 de noviembre, aunque probablemente se alargar\u00e1 hasta el conocido como \u201cCyber Monday\u201d, que se celebrar\u00e1 el lunes 27 de noviembre, donde el protagonismo","inLanguage":"es-ES","isPartOf":{"@id":"https:\/\/www.eldigitaldeasturias.com\/noticias\/#website"},"breadcrumb":{"@id":"https:\/\/www.eldigitaldeasturias.com\/noticias\/aragon-controlara-los-precios-y-ofertas-del-black-friday-y-el-ciber-monday\/#breadcrumblist"},"author":{"@id":"https:\/\/www.eldigitaldeasturias.com\/noticias\/author\/admin\/#author"},"creator":{"@id":"https:\/\/www.eldigitaldeasturias.com\/noticias\/author\/admin\/#author"},"image":{"@type":"ImageObject","url":960090,"@id":"https:\/\/www.eldigitaldeasturias.com\/noticias\/aragon-controlara-los-precios-y-ofertas-del-black-friday-y-el-ciber-monday\/#mainImage"},"primaryImageOfPage":{"@id":"https:\/\/www.eldigitaldeasturias.com\/noticias\/aragon-controlara-los-precios-y-ofertas-del-black-friday-y-el-ciber-monday\/#mainImage"},"datePublished":"2017-11-17T12:59:53+01:00","dateModified":"2017-11-17T12:59:53+01:00"},{"@type":"WebSite","@id":"https:\/\/www.eldigitaldeasturias.com\/noticias\/#website","url":"https:\/\/www.eldigitaldeasturias.com\/noticias\/","name":"El Digital de Asturias - Diario de actualidad y noticias","alternateName":"El Digital de Asturias - Diario de actualidad y noticias","description":"Hemeroteca","inLanguage":"es-ES","publisher":{"@id":"https:\/\/www.eldigitaldeasturias.com\/noticias\/#organization"}}]},"og:locale":"es_ES","og:site_name":"El Digital de Asturias","og:type":"article","og:title":"Arag\u00f3n controlar\u00e1 los precios y ofertas del \u2018Black Friday\u2019 y el \u2018Ciber Monday\u2019 - El Digital de Asturias","og:description":"Desde hace unos a\u00f1os, la celebraci\u00f3n del Viernes Negro o \u2018Black Friday\u2019 ha comenzado a popularizarse en Espa\u00f1a. Tambi\u00e9n lo ha hecho en Arag\u00f3n, y este a\u00f1o coincide con el pr\u00f3ximo 24 de noviembre, aunque probablemente se alargar\u00e1 hasta el conocido como \u201cCyber Monday\u201d, que se celebrar\u00e1 el lunes 27 de noviembre, donde el protagonismo","og:url":"https:\/\/www.eldigitaldeasturias.com\/noticias\/aragon-controlara-los-precios-y-ofertas-del-black-friday-y-el-ciber-monday\/","article:tag":["actualidad"],"article:published_time":"2017-11-17T12:59:53+00:00","article:modified_time":"2017-11-17T12:59:53+00:00","article:publisher":"https:\/\/facebook.com\/eldigitaldeasturias","twitter:card":"summary_large_image","twitter:title":"Arag\u00f3n controlar\u00e1 los precios y ofertas del \u2018Black Friday\u2019 y el \u2018Ciber Monday\u2019 - El Digital de Asturias","twitter:description":"Desde hace unos a\u00f1os, la celebraci\u00f3n del Viernes Negro o \u2018Black Friday\u2019 ha comenzado a popularizarse en Espa\u00f1a. Tambi\u00e9n lo ha hecho en Arag\u00f3n, y este a\u00f1o coincide con el pr\u00f3ximo 24 de noviembre, aunque probablemente se alargar\u00e1 hasta el conocido como \u201cCyber Monday\u201d, que se celebrar\u00e1 el lunes 27 de noviembre, donde el protagonismo","twitter:image":"https:\/\/www.eldigitaldeasturias.com\/noticias\/wp-content\/uploads\/2020\/12\/EDA-1.jpg","twitter:label1":"Escrito por","twitter:data1":"El Digital de Asturias","twitter:label2":"Tiempo de lectura estimado","twitter:data2":"4 minutos"},"aioseo_meta_data":{"post_id":"960089","title":null,"description":null,"keywords":null,"keyphrases":null,"primary_term":null,"canonical_url":null,"og_title":null,"og_description":null,"og_object_type":"default","og_image_type":"default","og_image_url":null,"og_image_width":null,"og_image_height":null,"og_image_custom_url":null,"og_image_custom_fields":null,"og_video":null,"og_custom_url":null,"og_article_section":null,"og_article_tags":null,"twitter_use_og":false,"twitter_card":"default","twitter_image_type":"default","twitter_image_url":null,"twitter_image_custom_url":null,"twitter_image_custom_fields":null,"twitter_title":null,"twitter_description":null,"schema":{"blockGraphs":[],"customGraphs":[],"default":{"data":{"Article":[],"Course":[],"Dataset":[],"FAQPage":[],"Movie":[],"Person":[],"Product":[],"ProductReview":[],"Car":[],"Recipe":[],"Service":[],"SoftwareApplication":[],"WebPage":[]},"graphName":"","isEnabled":true},"graphs":[],"defaultGraph":"","defaultPostTypeGraph":""},"schema_type":null,"schema_type_options":null,"pillar_content":false,"robots_default":true,"robots_noindex":false,"robots_noarchive":false,"robots_nosnippet":false,"robots_nofollow":false,"robots_noimageindex":false,"robots_noodp":false,"robots_notranslate":false,"robots_max_snippet":null,"robots_max_videopreview":null,"robots_max_imagepreview":"large","priority":null,"frequency":null,"local_seo":null,"seo_analyzer_scan_date":"2025-12-07 04:02:18","breadcrumb_settings":null,"limit_modified_date":false,"open_ai":null,"ai":null,"created":"2020-12-21 12:53:08","updated":"2025-12-07 04:02:18","focus_keyword":null,"additional_keywords":null,"truseo_locale":null},"aioseo_breadcrumb":"<div class=\"aioseo-breadcrumbs\"><span class=\"aioseo-breadcrumb\">\n\t<a href=\"https:\/\/www.eldigitaldeasturias.com\/noticias\" title=\"Home\">Home<\/a>\n<\/span><span class=\"aioseo-breadcrumb-separator\">\u2013<\/span><span class=\"aioseo-breadcrumb\">\n\t<a href=\"https:\/\/www.eldigitaldeasturias.com\/noticias\/category\/actualidad\/\" title=\"Actualidad\">Actualidad<\/a>\n<\/span><span class=\"aioseo-breadcrumb-separator\">\u2013<\/span><span class=\"aioseo-breadcrumb\">\n\t<a href=\"https:\/\/www.eldigitaldeasturias.com\/noticias\/aragon-controlara-los-precios-y-ofertas-del-black-friday-y-el-ciber-monday\/\" title=\"Arag\u00f3n controlar\u00e1 los precios y ofertas del \u2018Black Friday\u2019 y el \u2018Ciber Monday\u2019\">Arag\u00f3n controlar\u00e1 los precios y ofertas del \u2018Black Friday\u2019 y el \u2018Ciber Monday\u2019<\/a>\n<\/span><\/div>","aioseo_breadcrumb_json":[{"label":"Home","link":"https:\/\/www.eldigitaldeasturias.com\/noticias"},{"label":"Actualidad","link":"https:\/\/www.eldigitaldeasturias.com\/noticias\/category\/actualidad\/"},{"label":"Arag\u00f3n controlar\u00e1 los precios y ofertas del \u2018Black Friday\u2019 y el \u2018Ciber Monday\u2019","link":"https:\/\/www.eldigitaldeasturias.com\/noticias\/aragon-controlara-los-precios-y-ofertas-del-black-friday-y-el-ciber-monday\/"}],"_links":{"self":[{"href":"https:\/\/www.eldigitaldeasturias.com\/noticias\/wp-json\/wp\/v2\/posts\/960089","targetHints":{"allow":["GET"]}}],"collection":[{"href":"https:\/\/www.eldigitaldeasturias.com\/noticias\/wp-json\/wp\/v2\/posts"}],"about":[{"href":"https:\/\/www.eldigitaldeasturias.com\/noticias\/wp-json\/wp\/v2\/types\/post"}],"author":[{"embeddable":true,"href":"https:\/\/www.eldigitaldeasturias.com\/noticias\/wp-json\/wp\/v2\/users\/1"}],"replies":[{"embeddable":true,"href":"https:\/\/www.eldigitaldeasturias.com\/noticias\/wp-json\/wp\/v2\/comments?post=960089"}],"version-history":[{"count":0,"href":"https:\/\/www.eldigitaldeasturias.com\/noticias\/wp-json\/wp\/v2\/posts\/960089\/revisions"}],"wp:attachment":[{"href":"https:\/\/www.eldigitaldeasturias.com\/noticias\/wp-json\/wp\/v2\/media?parent=960089"}],"wp:term":[{"taxonomy":"category","embeddable":true,"href":"https:\/\/www.eldigitaldeasturias.com\/noticias\/wp-json\/wp\/v2\/categories?post=960089"},{"taxonomy":"post_tag","embeddable":true,"href":"https:\/\/www.eldigitaldeasturias.com\/noticias\/wp-json\/wp\/v2\/tags?post=960089"}],"curies":[{"name":"wp","href":"https:\/\/api.w.org\/{rel}","templated":true}]}}