{"id":960082,"date":"2017-11-17T00:49:16","date_gmt":"2017-11-17T00:49:16","guid":{"rendered":"http:\/\/www.eldigitaldeasturias.com\/noticias\/?p=960082"},"modified":"2017-11-17T00:49:16","modified_gmt":"2017-11-17T00:49:16","slug":"el-ministro-del-interior-anuncia-un-protocolo-policial-para-facilitar-y-agilizar-las-denuncias-de-los-comerciantes","status":"publish","type":"post","link":"https:\/\/www.eldigitaldeasturias.com\/noticias\/el-ministro-del-interior-anuncia-un-protocolo-policial-para-facilitar-y-agilizar-las-denuncias-de-los-comerciantes\/","title":{"rendered":"El ministro del Interior anuncia un protocolo policial para facilitar y agilizar las denuncias de los comerciantes"},"content":{"rendered":"<p><img loading=\"lazy\" decoding=\"async\" class=\"alignleft size-medium wp-image-960083\" src=\"https:\/\/www.eldigitaldeasturias.com\/noticias\/wp-content\/uploads\/2017\/11\/161117_AECOP-360x239.jpg\" alt=\"\" width=\"360\" height=\"239\" \/>El ministro del Interior, Juan Ignacio Zoido, ha inaugurado la vig\u00e9sima edici\u00f3n del Congreso de Prevenci\u00f3n de P\u00e9rdida de la Asociaci\u00f3n Espa\u00f1ola de Codificaci\u00f3n Comercial (AECOC), un foro que ha reunido a unos doscientos profesionales del sector para analizar f\u00f3rmulas con las que frenar las p\u00e9rdidas econ\u00f3micas ocasionadas por los hurtos comerciales.<\/p>\n<p>\u200bDurante su intervenci\u00f3n, Zoido ha anunciado que a partir del a\u00f1o 2018 se llevar\u00e1 a cabo la implantaci\u00f3n de un protocolo de denuncia policial &#8216;in situ&#8217;; es decir, un procedimiento para que los comerciantes puedan denunciar los hurtos en el mismo establecimiento donde este se produce. De esta forma, se facilitar\u00e1 la tramitaci\u00f3n de la denuncia a las empresas, ya que los comerciantes no tendr\u00e1n que desplazarse para ratificar o formular el correspondiente atestado policial y as\u00ed se evitar\u00e1n la molestia de tener que cerrar sus establecimientos moment\u00e1neamente para ello.<\/p>\n<p>El ministro del Interior ha destacado que la implantaci\u00f3n de este protocolo va a permitir un sistema eficiente y riguroso desde el punto de vista policial, as\u00ed como beneficios tanto para el empresario como para las Oficinas de Denuncias que van a ganar en agilidad y, adem\u00e1s, va a tener efectos disuasorios para el delincuente.<\/p>\n<p>Juan Ignacio Zoido ha precisado que el procedimiento de denuncia &#8216;in situ&#8217; s\u00f3lo ser\u00e1 aplicable en el caso de la presunta comisi\u00f3n de un delito leve cuando la persona est\u00e1 identificada y presente en el propio establecimiento comercial. Un sistema similar ya viene aplic\u00e1ndose de manera experimental en algunos lugares, como en centros comerciales de Huelva por parte de la Guardia Civil, a trav\u00e9s del Plan Coopera con las empresas de seguridad privada, o la tramitaci\u00f3n de denuncias &#8216;in situ&#8217; por parte de Unidades de Seguridad Ciudadana de la Polic\u00eda Nacional, aunque a\u00fan de manera manual.<\/p>\n<p>El ministro del Interior ha subrayado que el Protocolo ser\u00e1 \u00abuna herramienta altamente beneficiosa para todas las partes interesadas en reducir las p\u00e9rdidas por hurtos sufridos en los comercios y al tiempo mejorar\u00e1 tanto la agilidad como la eficacia de las denuncias\u00bb.<\/p>\n<p>En el desarrollo de este protocolo est\u00e1 trabajando un grupo coordinado por la Secretar\u00eda de Estado de Seguridad, que paralelamente ha ido generando subgrupos de trabajo m\u00e1s espec\u00edficos, constituidos por representantes de la Polic\u00eda Nacional y la Guardia Civil y de la propia Secretaria de Estado de Seguridad.<\/p>\n","protected":false},"excerpt":{"rendered":"<p>El ministro del Interior, Juan Ignacio Zoido, ha inaugurado la vig\u00e9sima edici\u00f3n del Congreso de Prevenci\u00f3n de P\u00e9rdida de la Asociaci\u00f3n Espa\u00f1ola de Codificaci\u00f3n Comercial (AECOC), un foro que ha reunido a unos doscientos profesionales del sector para analizar f\u00f3rmulas con las que frenar las p\u00e9rdidas econ\u00f3micas ocasionadas por los hurtos comerciales. \u200bDurante su intervenci\u00f3n, [&hellip;]<\/p>\n","protected":false},"author":1,"featured_media":960083,"comment_status":"closed","ping_status":"closed","sticky":false,"template":"","format":"standard","meta":{"footnotes":""},"categories":[1],"tags":[],"class_list":["post-960082","post","type-post","status-publish","format-standard","has-post-thumbnail","hentry","category-actualidad"],"aioseo_notices":[],"aioseo_head":"\n\t\t<!-- All in One SEO Pro 5.0.1 - aioseo.com -->\n\t<meta name=\"description\" content=\"El ministro del Interior, Juan Ignacio Zoido, ha inaugurado la vig\u00e9sima edici\u00f3n del Congreso de Prevenci\u00f3n de P\u00e9rdida de la Asociaci\u00f3n Espa\u00f1ola de Codificaci\u00f3n Comercial (AECOC), un foro que ha reunido a unos doscientos profesionales del sector para analizar f\u00f3rmulas con las que frenar las p\u00e9rdidas econ\u00f3micas ocasionadas por los hurtos comerciales. \u200bDurante su intervenci\u00f3n,\" \/>\n\t<meta name=\"robots\" content=\"max-image-preview:large\" \/>\n\t<meta name=\"author\" content=\"El Digital de Asturias\"\/>\n\t<meta name=\"google-site-verification\" content=\"UA-38556648-1\" \/>\n\t<meta name=\"msvalidate.01\" content=\"7dfe9f3f1b24437ab69f4f2559babe99\" \/>\n\t<meta name=\"keywords\" content=\"actualidad\" \/>\n\t<link rel=\"canonical\" href=\"https:\/\/www.eldigitaldeasturias.com\/noticias\/el-ministro-del-interior-anuncia-un-protocolo-policial-para-facilitar-y-agilizar-las-denuncias-de-los-comerciantes\/\" \/>\n\t<meta name=\"generator\" content=\"All in One SEO Pro (AIOSEO) 5.0.1\" \/>\n\t\t<meta property=\"og:locale\" content=\"es_ES\" \/>\n\t\t<meta property=\"og:site_name\" content=\"El Digital de Asturias\" \/>\n\t\t<meta property=\"og:type\" content=\"article\" \/>\n\t\t<meta property=\"og:title\" content=\"El ministro del Interior anuncia un protocolo policial para facilitar y agilizar las denuncias de los comerciantes - El Digital de Asturias\" \/>\n\t\t<meta property=\"og:description\" content=\"El ministro del Interior, Juan Ignacio Zoido, ha inaugurado la vig\u00e9sima edici\u00f3n del Congreso de Prevenci\u00f3n de P\u00e9rdida de la Asociaci\u00f3n Espa\u00f1ola de Codificaci\u00f3n Comercial (AECOC), un foro que ha reunido a unos doscientos profesionales del sector para analizar f\u00f3rmulas con las que frenar las p\u00e9rdidas econ\u00f3micas ocasionadas por los hurtos comerciales. \u200bDurante su intervenci\u00f3n,\" \/>\n\t\t<meta property=\"og:url\" content=\"https:\/\/www.eldigitaldeasturias.com\/noticias\/el-ministro-del-interior-anuncia-un-protocolo-policial-para-facilitar-y-agilizar-las-denuncias-de-los-comerciantes\/\" \/>\n\t\t<meta property=\"article:tag\" content=\"actualidad\" \/>\n\t\t<meta property=\"article:published_time\" content=\"2017-11-17T00:49:16+00:00\" \/>\n\t\t<meta property=\"article:modified_time\" content=\"2017-11-17T00:49:16+00:00\" \/>\n\t\t<meta property=\"article:publisher\" content=\"https:\/\/facebook.com\/eldigitaldeasturias\" \/>\n\t\t<meta name=\"twitter:card\" content=\"summary_large_image\" \/>\n\t\t<meta name=\"twitter:title\" content=\"El ministro del Interior anuncia un protocolo policial para facilitar y agilizar las denuncias de los comerciantes - El Digital de Asturias\" \/>\n\t\t<meta name=\"twitter:description\" content=\"El ministro del Interior, Juan Ignacio Zoido, ha inaugurado la vig\u00e9sima edici\u00f3n del Congreso de Prevenci\u00f3n de P\u00e9rdida de la Asociaci\u00f3n Espa\u00f1ola de Codificaci\u00f3n Comercial (AECOC), un foro que ha reunido a unos doscientos profesionales del sector para analizar f\u00f3rmulas con las que frenar las p\u00e9rdidas econ\u00f3micas ocasionadas por los hurtos comerciales. \u200bDurante su intervenci\u00f3n,\" \/>\n\t\t<meta name=\"twitter:image\" content=\"https:\/\/www.eldigitaldeasturias.com\/noticias\/wp-content\/uploads\/2020\/12\/EDA-1.jpg\" \/>\n\t\t<meta name=\"twitter:label1\" content=\"Escrito por\" \/>\n\t\t<meta name=\"twitter:data1\" content=\"El Digital de Asturias\" \/>\n\t\t<meta name=\"twitter:label2\" content=\"Tiempo de lectura estimado\" \/>\n\t\t<meta name=\"twitter:data2\" content=\"2 minutos\" \/>\n\t\t<script type=\"application\/ld+json\" class=\"aioseo-schema\">\n\t\t\t{\"@context\":\"https:\\\/\\\/schema.org\",\"@graph\":[{\"@type\":\"BlogPosting\",\"@id\":\"https:\\\/\\\/www.eldigitaldeasturias.com\\\/noticias\\\/el-ministro-del-interior-anuncia-un-protocolo-policial-para-facilitar-y-agilizar-las-denuncias-de-los-comerciantes\\\/#blogposting\",\"name\":\"El ministro del Interior anuncia un protocolo policial para facilitar y agilizar las denuncias de los comerciantes - El Digital de Asturias\",\"headline\":\"El ministro del Interior anuncia un protocolo policial para facilitar y agilizar las denuncias de los comerciantes\",\"author\":{\"@id\":\"https:\\\/\\\/www.eldigitaldeasturias.com\\\/noticias\\\/author\\\/admin\\\/#author\"},\"publisher\":{\"@id\":\"https:\\\/\\\/www.eldigitaldeasturias.com\\\/noticias\\\/#organization\"},\"image\":{\"@type\":\"ImageObject\",\"url\":960083},\"datePublished\":\"2017-11-17T00:49:16+01:00\",\"dateModified\":\"2017-11-17T00:49:16+01:00\",\"inLanguage\":\"es-ES\",\"mainEntityOfPage\":{\"@id\":\"https:\\\/\\\/www.eldigitaldeasturias.com\\\/noticias\\\/el-ministro-del-interior-anuncia-un-protocolo-policial-para-facilitar-y-agilizar-las-denuncias-de-los-comerciantes\\\/#webpage\"},\"isPartOf\":{\"@id\":\"https:\\\/\\\/www.eldigitaldeasturias.com\\\/noticias\\\/el-ministro-del-interior-anuncia-un-protocolo-policial-para-facilitar-y-agilizar-las-denuncias-de-los-comerciantes\\\/#webpage\"},\"articleSection\":\"Actualidad\"},{\"@type\":\"BreadcrumbList\",\"@id\":\"https:\\\/\\\/www.eldigitaldeasturias.com\\\/noticias\\\/el-ministro-del-interior-anuncia-un-protocolo-policial-para-facilitar-y-agilizar-las-denuncias-de-los-comerciantes\\\/#breadcrumblist\",\"itemListElement\":[{\"@type\":\"ListItem\",\"@id\":\"https:\\\/\\\/www.eldigitaldeasturias.com\\\/noticias#listItem\",\"position\":1,\"name\":\"Home\",\"item\":\"https:\\\/\\\/www.eldigitaldeasturias.com\\\/noticias\",\"nextItem\":{\"@type\":\"ListItem\",\"@id\":\"https:\\\/\\\/www.eldigitaldeasturias.com\\\/noticias\\\/category\\\/actualidad\\\/#listItem\",\"name\":\"Actualidad\"}},{\"@type\":\"ListItem\",\"@id\":\"https:\\\/\\\/www.eldigitaldeasturias.com\\\/noticias\\\/category\\\/actualidad\\\/#listItem\",\"position\":2,\"name\":\"Actualidad\",\"item\":\"https:\\\/\\\/www.eldigitaldeasturias.com\\\/noticias\\\/category\\\/actualidad\\\/\",\"nextItem\":{\"@type\":\"ListItem\",\"@id\":\"https:\\\/\\\/www.eldigitaldeasturias.com\\\/noticias\\\/el-ministro-del-interior-anuncia-un-protocolo-policial-para-facilitar-y-agilizar-las-denuncias-de-los-comerciantes\\\/#listItem\",\"name\":\"El ministro del Interior anuncia un protocolo policial para facilitar y agilizar las denuncias de los comerciantes\"},\"previousItem\":{\"@type\":\"ListItem\",\"@id\":\"https:\\\/\\\/www.eldigitaldeasturias.com\\\/noticias#listItem\",\"name\":\"Home\"}},{\"@type\":\"ListItem\",\"@id\":\"https:\\\/\\\/www.eldigitaldeasturias.com\\\/noticias\\\/el-ministro-del-interior-anuncia-un-protocolo-policial-para-facilitar-y-agilizar-las-denuncias-de-los-comerciantes\\\/#listItem\",\"position\":3,\"name\":\"El ministro del Interior anuncia un protocolo policial para facilitar y agilizar las denuncias de los comerciantes\",\"previousItem\":{\"@type\":\"ListItem\",\"@id\":\"https:\\\/\\\/www.eldigitaldeasturias.com\\\/noticias\\\/category\\\/actualidad\\\/#listItem\",\"name\":\"Actualidad\"}}]},{\"@type\":\"Organization\",\"@id\":\"https:\\\/\\\/www.eldigitaldeasturias.com\\\/noticias\\\/#organization\",\"name\":\"El Digital de Asturias\",\"description\":\"Hemeroteca\",\"url\":\"https:\\\/\\\/www.eldigitaldeasturias.com\\\/noticias\\\/\",\"email\":\"info@eldigitaldeasturias.com\",\"telephone\":\"+34652131393\",\"logo\":{\"@type\":\"ImageObject\",\"url\":\"https:\\\/\\\/www.eldigitaldeasturias.com\\\/noticias\\\/wp-content\\\/uploads\\\/2020\\\/12\\\/EDA.jpg\",\"@id\":\"https:\\\/\\\/www.eldigitaldeasturias.com\\\/noticias\\\/el-ministro-del-interior-anuncia-un-protocolo-policial-para-facilitar-y-agilizar-las-denuncias-de-los-comerciantes\\\/#organizationLogo\"},\"image\":{\"@id\":\"https:\\\/\\\/www.eldigitaldeasturias.com\\\/noticias\\\/el-ministro-del-interior-anuncia-un-protocolo-policial-para-facilitar-y-agilizar-las-denuncias-de-los-comerciantes\\\/#organizationLogo\"},\"sameAs\":[\"https:\\\/\\\/facebook.com\\\/eldigitaldeasturias\",\"https:\\\/\\\/www.youtube.com\\\/channel\\\/UCZP-2wLEB9Rv6erhFmqVnvg\"],\"address\":{\"@id\":\"https:\\\/\\\/www.eldigitaldeasturias.com\\\/noticias\\\/#postaladdress\",\"@type\":\"PostalAddress\",\"streetAddress\":\"san antonio 4\",\"postalCode\":\"33430\",\"addressLocality\":\"Cand\\u00e1s\",\"addressRegion\":\"Asturias\",\"addressCountry\":\"ES\"}},{\"@type\":\"Person\",\"@id\":\"https:\\\/\\\/www.eldigitaldeasturias.com\\\/noticias\\\/author\\\/admin\\\/#author\",\"url\":\"https:\\\/\\\/www.eldigitaldeasturias.com\\\/noticias\\\/author\\\/admin\\\/\",\"name\":\"El Digital de Asturias\",\"image\":{\"@type\":\"ImageObject\",\"@id\":\"https:\\\/\\\/www.eldigitaldeasturias.com\\\/noticias\\\/el-ministro-del-interior-anuncia-un-protocolo-policial-para-facilitar-y-agilizar-las-denuncias-de-los-comerciantes\\\/#authorImage\",\"url\":\"https:\\\/\\\/secure.gravatar.com\\\/avatar\\\/df2aeffc32bcd13f8d26072ef8a91b623d677766deac7f97ca815868cd41bf5e?s=96&d=mm&r=g\",\"width\":96,\"height\":96,\"caption\":\"El Digital de Asturias\"}},{\"@type\":\"WebPage\",\"@id\":\"https:\\\/\\\/www.eldigitaldeasturias.com\\\/noticias\\\/el-ministro-del-interior-anuncia-un-protocolo-policial-para-facilitar-y-agilizar-las-denuncias-de-los-comerciantes\\\/#webpage\",\"url\":\"https:\\\/\\\/www.eldigitaldeasturias.com\\\/noticias\\\/el-ministro-del-interior-anuncia-un-protocolo-policial-para-facilitar-y-agilizar-las-denuncias-de-los-comerciantes\\\/\",\"name\":\"El ministro del Interior anuncia un protocolo policial para facilitar y agilizar las denuncias de los comerciantes - El Digital de Asturias\",\"description\":\"El ministro del Interior, Juan Ignacio Zoido, ha inaugurado la vig\\u00e9sima edici\\u00f3n del Congreso de Prevenci\\u00f3n de P\\u00e9rdida de la Asociaci\\u00f3n Espa\\u00f1ola de Codificaci\\u00f3n Comercial (AECOC), un foro que ha reunido a unos doscientos profesionales del sector para analizar f\\u00f3rmulas con las que frenar las p\\u00e9rdidas econ\\u00f3micas ocasionadas por los hurtos comerciales. \\u200bDurante su intervenci\\u00f3n,\",\"inLanguage\":\"es-ES\",\"isPartOf\":{\"@id\":\"https:\\\/\\\/www.eldigitaldeasturias.com\\\/noticias\\\/#website\"},\"breadcrumb\":{\"@id\":\"https:\\\/\\\/www.eldigitaldeasturias.com\\\/noticias\\\/el-ministro-del-interior-anuncia-un-protocolo-policial-para-facilitar-y-agilizar-las-denuncias-de-los-comerciantes\\\/#breadcrumblist\"},\"author\":{\"@id\":\"https:\\\/\\\/www.eldigitaldeasturias.com\\\/noticias\\\/author\\\/admin\\\/#author\"},\"creator\":{\"@id\":\"https:\\\/\\\/www.eldigitaldeasturias.com\\\/noticias\\\/author\\\/admin\\\/#author\"},\"image\":{\"@type\":\"ImageObject\",\"url\":960083,\"@id\":\"https:\\\/\\\/www.eldigitaldeasturias.com\\\/noticias\\\/el-ministro-del-interior-anuncia-un-protocolo-policial-para-facilitar-y-agilizar-las-denuncias-de-los-comerciantes\\\/#mainImage\"},\"primaryImageOfPage\":{\"@id\":\"https:\\\/\\\/www.eldigitaldeasturias.com\\\/noticias\\\/el-ministro-del-interior-anuncia-un-protocolo-policial-para-facilitar-y-agilizar-las-denuncias-de-los-comerciantes\\\/#mainImage\"},\"datePublished\":\"2017-11-17T00:49:16+01:00\",\"dateModified\":\"2017-11-17T00:49:16+01:00\"},{\"@type\":\"WebSite\",\"@id\":\"https:\\\/\\\/www.eldigitaldeasturias.com\\\/noticias\\\/#website\",\"url\":\"https:\\\/\\\/www.eldigitaldeasturias.com\\\/noticias\\\/\",\"name\":\"El Digital de Asturias - Diario de actualidad y noticias\",\"alternateName\":\"El Digital de Asturias - Diario de actualidad y noticias\",\"description\":\"Hemeroteca\",\"inLanguage\":\"es-ES\",\"publisher\":{\"@id\":\"https:\\\/\\\/www.eldigitaldeasturias.com\\\/noticias\\\/#organization\"}}]}\n\t\t<\/script>\n\t\t<!-- All in One SEO Pro -->\r\n\t\t<title>El ministro del Interior anuncia un protocolo policial para facilitar y agilizar las denuncias de los comerciantes - El Digital de Asturias<\/title>\n\n","aioseo_head_json":{"title":"El ministro del Interior anuncia un protocolo policial para facilitar y agilizar las denuncias de los comerciantes - El Digital de Asturias","description":"El ministro del Interior, Juan Ignacio Zoido, ha inaugurado la vig\u00e9sima edici\u00f3n del Congreso de Prevenci\u00f3n de P\u00e9rdida de la Asociaci\u00f3n Espa\u00f1ola de Codificaci\u00f3n Comercial (AECOC), un foro que ha reunido a unos doscientos profesionales del sector para analizar f\u00f3rmulas con las que frenar las p\u00e9rdidas econ\u00f3micas ocasionadas por los hurtos comerciales. \u200bDurante su intervenci\u00f3n,","canonical_url":"https:\/\/www.eldigitaldeasturias.com\/noticias\/el-ministro-del-interior-anuncia-un-protocolo-policial-para-facilitar-y-agilizar-las-denuncias-de-los-comerciantes\/","robots":"max-image-preview:large","keywords":"actualidad","webmasterTools":{"google-site-verification":"UA-38556648-1","msvalidate.01":"7dfe9f3f1b24437ab69f4f2559babe99","miscellaneous":""},"schema":{"@context":"https:\/\/schema.org","@graph":[{"@type":"BlogPosting","@id":"https:\/\/www.eldigitaldeasturias.com\/noticias\/el-ministro-del-interior-anuncia-un-protocolo-policial-para-facilitar-y-agilizar-las-denuncias-de-los-comerciantes\/#blogposting","name":"El ministro del Interior anuncia un protocolo policial para facilitar y agilizar las denuncias de los comerciantes - El Digital de Asturias","headline":"El ministro del Interior anuncia un protocolo policial para facilitar y agilizar las denuncias de los comerciantes","author":{"@id":"https:\/\/www.eldigitaldeasturias.com\/noticias\/author\/admin\/#author"},"publisher":{"@id":"https:\/\/www.eldigitaldeasturias.com\/noticias\/#organization"},"image":{"@type":"ImageObject","url":960083},"datePublished":"2017-11-17T00:49:16+01:00","dateModified":"2017-11-17T00:49:16+01:00","inLanguage":"es-ES","mainEntityOfPage":{"@id":"https:\/\/www.eldigitaldeasturias.com\/noticias\/el-ministro-del-interior-anuncia-un-protocolo-policial-para-facilitar-y-agilizar-las-denuncias-de-los-comerciantes\/#webpage"},"isPartOf":{"@id":"https:\/\/www.eldigitaldeasturias.com\/noticias\/el-ministro-del-interior-anuncia-un-protocolo-policial-para-facilitar-y-agilizar-las-denuncias-de-los-comerciantes\/#webpage"},"articleSection":"Actualidad"},{"@type":"BreadcrumbList","@id":"https:\/\/www.eldigitaldeasturias.com\/noticias\/el-ministro-del-interior-anuncia-un-protocolo-policial-para-facilitar-y-agilizar-las-denuncias-de-los-comerciantes\/#breadcrumblist","itemListElement":[{"@type":"ListItem","@id":"https:\/\/www.eldigitaldeasturias.com\/noticias#listItem","position":1,"name":"Home","item":"https:\/\/www.eldigitaldeasturias.com\/noticias","nextItem":{"@type":"ListItem","@id":"https:\/\/www.eldigitaldeasturias.com\/noticias\/category\/actualidad\/#listItem","name":"Actualidad"}},{"@type":"ListItem","@id":"https:\/\/www.eldigitaldeasturias.com\/noticias\/category\/actualidad\/#listItem","position":2,"name":"Actualidad","item":"https:\/\/www.eldigitaldeasturias.com\/noticias\/category\/actualidad\/","nextItem":{"@type":"ListItem","@id":"https:\/\/www.eldigitaldeasturias.com\/noticias\/el-ministro-del-interior-anuncia-un-protocolo-policial-para-facilitar-y-agilizar-las-denuncias-de-los-comerciantes\/#listItem","name":"El ministro del Interior anuncia un protocolo policial para facilitar y agilizar las denuncias de los comerciantes"},"previousItem":{"@type":"ListItem","@id":"https:\/\/www.eldigitaldeasturias.com\/noticias#listItem","name":"Home"}},{"@type":"ListItem","@id":"https:\/\/www.eldigitaldeasturias.com\/noticias\/el-ministro-del-interior-anuncia-un-protocolo-policial-para-facilitar-y-agilizar-las-denuncias-de-los-comerciantes\/#listItem","position":3,"name":"El ministro del Interior anuncia un protocolo policial para facilitar y agilizar las denuncias de los comerciantes","previousItem":{"@type":"ListItem","@id":"https:\/\/www.eldigitaldeasturias.com\/noticias\/category\/actualidad\/#listItem","name":"Actualidad"}}]},{"@type":"Organization","@id":"https:\/\/www.eldigitaldeasturias.com\/noticias\/#organization","name":"El Digital de Asturias","description":"Hemeroteca","url":"https:\/\/www.eldigitaldeasturias.com\/noticias\/","email":"info@eldigitaldeasturias.com","telephone":"+34652131393","logo":{"@type":"ImageObject","url":"https:\/\/www.eldigitaldeasturias.com\/noticias\/wp-content\/uploads\/2020\/12\/EDA.jpg","@id":"https:\/\/www.eldigitaldeasturias.com\/noticias\/el-ministro-del-interior-anuncia-un-protocolo-policial-para-facilitar-y-agilizar-las-denuncias-de-los-comerciantes\/#organizationLogo"},"image":{"@id":"https:\/\/www.eldigitaldeasturias.com\/noticias\/el-ministro-del-interior-anuncia-un-protocolo-policial-para-facilitar-y-agilizar-las-denuncias-de-los-comerciantes\/#organizationLogo"},"sameAs":["https:\/\/facebook.com\/eldigitaldeasturias","https:\/\/www.youtube.com\/channel\/UCZP-2wLEB9Rv6erhFmqVnvg"],"address":{"@id":"https:\/\/www.eldigitaldeasturias.com\/noticias\/#postaladdress","@type":"PostalAddress","streetAddress":"san antonio 4","postalCode":"33430","addressLocality":"Cand\u00e1s","addressRegion":"Asturias","addressCountry":"ES"}},{"@type":"Person","@id":"https:\/\/www.eldigitaldeasturias.com\/noticias\/author\/admin\/#author","url":"https:\/\/www.eldigitaldeasturias.com\/noticias\/author\/admin\/","name":"El Digital de Asturias","image":{"@type":"ImageObject","@id":"https:\/\/www.eldigitaldeasturias.com\/noticias\/el-ministro-del-interior-anuncia-un-protocolo-policial-para-facilitar-y-agilizar-las-denuncias-de-los-comerciantes\/#authorImage","url":"https:\/\/secure.gravatar.com\/avatar\/df2aeffc32bcd13f8d26072ef8a91b623d677766deac7f97ca815868cd41bf5e?s=96&d=mm&r=g","width":96,"height":96,"caption":"El Digital de Asturias"}},{"@type":"WebPage","@id":"https:\/\/www.eldigitaldeasturias.com\/noticias\/el-ministro-del-interior-anuncia-un-protocolo-policial-para-facilitar-y-agilizar-las-denuncias-de-los-comerciantes\/#webpage","url":"https:\/\/www.eldigitaldeasturias.com\/noticias\/el-ministro-del-interior-anuncia-un-protocolo-policial-para-facilitar-y-agilizar-las-denuncias-de-los-comerciantes\/","name":"El ministro del Interior anuncia un protocolo policial para facilitar y agilizar las denuncias de los comerciantes - El Digital de Asturias","description":"El ministro del Interior, Juan Ignacio Zoido, ha inaugurado la vig\u00e9sima edici\u00f3n del Congreso de Prevenci\u00f3n de P\u00e9rdida de la Asociaci\u00f3n Espa\u00f1ola de Codificaci\u00f3n Comercial (AECOC), un foro que ha reunido a unos doscientos profesionales del sector para analizar f\u00f3rmulas con las que frenar las p\u00e9rdidas econ\u00f3micas ocasionadas por los hurtos comerciales. \u200bDurante su intervenci\u00f3n,","inLanguage":"es-ES","isPartOf":{"@id":"https:\/\/www.eldigitaldeasturias.com\/noticias\/#website"},"breadcrumb":{"@id":"https:\/\/www.eldigitaldeasturias.com\/noticias\/el-ministro-del-interior-anuncia-un-protocolo-policial-para-facilitar-y-agilizar-las-denuncias-de-los-comerciantes\/#breadcrumblist"},"author":{"@id":"https:\/\/www.eldigitaldeasturias.com\/noticias\/author\/admin\/#author"},"creator":{"@id":"https:\/\/www.eldigitaldeasturias.com\/noticias\/author\/admin\/#author"},"image":{"@type":"ImageObject","url":960083,"@id":"https:\/\/www.eldigitaldeasturias.com\/noticias\/el-ministro-del-interior-anuncia-un-protocolo-policial-para-facilitar-y-agilizar-las-denuncias-de-los-comerciantes\/#mainImage"},"primaryImageOfPage":{"@id":"https:\/\/www.eldigitaldeasturias.com\/noticias\/el-ministro-del-interior-anuncia-un-protocolo-policial-para-facilitar-y-agilizar-las-denuncias-de-los-comerciantes\/#mainImage"},"datePublished":"2017-11-17T00:49:16+01:00","dateModified":"2017-11-17T00:49:16+01:00"},{"@type":"WebSite","@id":"https:\/\/www.eldigitaldeasturias.com\/noticias\/#website","url":"https:\/\/www.eldigitaldeasturias.com\/noticias\/","name":"El Digital de Asturias - Diario de actualidad y noticias","alternateName":"El Digital de Asturias - Diario de actualidad y noticias","description":"Hemeroteca","inLanguage":"es-ES","publisher":{"@id":"https:\/\/www.eldigitaldeasturias.com\/noticias\/#organization"}}]},"og:locale":"es_ES","og:site_name":"El Digital de Asturias","og:type":"article","og:title":"El ministro del Interior anuncia un protocolo policial para facilitar y agilizar las denuncias de los comerciantes - El Digital de Asturias","og:description":"El ministro del Interior, Juan Ignacio Zoido, ha inaugurado la vig\u00e9sima edici\u00f3n del Congreso de Prevenci\u00f3n de P\u00e9rdida de la Asociaci\u00f3n Espa\u00f1ola de Codificaci\u00f3n Comercial (AECOC), un foro que ha reunido a unos doscientos profesionales del sector para analizar f\u00f3rmulas con las que frenar las p\u00e9rdidas econ\u00f3micas ocasionadas por los hurtos comerciales. \u200bDurante su intervenci\u00f3n,","og:url":"https:\/\/www.eldigitaldeasturias.com\/noticias\/el-ministro-del-interior-anuncia-un-protocolo-policial-para-facilitar-y-agilizar-las-denuncias-de-los-comerciantes\/","article:tag":["actualidad"],"article:published_time":"2017-11-17T00:49:16+00:00","article:modified_time":"2017-11-17T00:49:16+00:00","article:publisher":"https:\/\/facebook.com\/eldigitaldeasturias","twitter:card":"summary_large_image","twitter:title":"El ministro del Interior anuncia un protocolo policial para facilitar y agilizar las denuncias de los comerciantes - El Digital de Asturias","twitter:description":"El ministro del Interior, Juan Ignacio Zoido, ha inaugurado la vig\u00e9sima edici\u00f3n del Congreso de Prevenci\u00f3n de P\u00e9rdida de la Asociaci\u00f3n Espa\u00f1ola de Codificaci\u00f3n Comercial (AECOC), un foro que ha reunido a unos doscientos profesionales del sector para analizar f\u00f3rmulas con las que frenar las p\u00e9rdidas econ\u00f3micas ocasionadas por los hurtos comerciales. \u200bDurante su intervenci\u00f3n,","twitter:image":"https:\/\/www.eldigitaldeasturias.com\/noticias\/wp-content\/uploads\/2020\/12\/EDA-1.jpg","twitter:label1":"Escrito por","twitter:data1":"El Digital de Asturias","twitter:label2":"Tiempo de lectura estimado","twitter:data2":"2 minutos"},"aioseo_meta_data":{"post_id":"960082","title":null,"description":null,"keywords":null,"keyphrases":null,"primary_term":null,"canonical_url":null,"og_title":null,"og_description":null,"og_object_type":"default","og_image_type":"default","og_image_url":null,"og_image_width":null,"og_image_height":null,"og_image_custom_url":null,"og_image_custom_fields":null,"og_video":null,"og_custom_url":null,"og_article_section":null,"og_article_tags":null,"twitter_use_og":false,"twitter_card":"default","twitter_image_type":"default","twitter_image_url":null,"twitter_image_custom_url":null,"twitter_image_custom_fields":null,"twitter_title":null,"twitter_description":null,"schema":{"blockGraphs":[],"customGraphs":[],"default":{"data":{"Article":[],"Course":[],"Dataset":[],"FAQPage":[],"Movie":[],"Person":[],"Product":[],"ProductReview":[],"Car":[],"Recipe":[],"Service":[],"SoftwareApplication":[],"WebPage":[]},"graphName":"","isEnabled":true},"graphs":[],"defaultGraph":"","defaultPostTypeGraph":""},"schema_type":null,"schema_type_options":null,"pillar_content":false,"robots_default":true,"robots_noindex":false,"robots_noarchive":false,"robots_nosnippet":false,"robots_nofollow":false,"robots_noimageindex":false,"robots_noodp":false,"robots_notranslate":false,"robots_max_snippet":null,"robots_max_videopreview":null,"robots_max_imagepreview":"large","priority":null,"frequency":null,"local_seo":null,"seo_analyzer_scan_date":"2025-12-07 04:00:13","breadcrumb_settings":null,"limit_modified_date":false,"open_ai":null,"ai":null,"created":"2020-12-21 12:53:08","updated":"2025-12-07 04:00:13","focus_keyword":null,"additional_keywords":null,"truseo_locale":null},"aioseo_breadcrumb":"<div class=\"aioseo-breadcrumbs\"><span class=\"aioseo-breadcrumb\">\n\t<a href=\"https:\/\/www.eldigitaldeasturias.com\/noticias\" title=\"Home\">Home<\/a>\n<\/span><span class=\"aioseo-breadcrumb-separator\">\u2013<\/span><span class=\"aioseo-breadcrumb\">\n\t<a href=\"https:\/\/www.eldigitaldeasturias.com\/noticias\/category\/actualidad\/\" title=\"Actualidad\">Actualidad<\/a>\n<\/span><span class=\"aioseo-breadcrumb-separator\">\u2013<\/span><span class=\"aioseo-breadcrumb\">\n\t<a href=\"https:\/\/www.eldigitaldeasturias.com\/noticias\/el-ministro-del-interior-anuncia-un-protocolo-policial-para-facilitar-y-agilizar-las-denuncias-de-los-comerciantes\/\" title=\"El ministro del Interior anuncia un protocolo policial para facilitar y agilizar las denuncias de los comerciantes\">El ministro del Interior anuncia un protocolo policial para facilitar y agilizar las denuncias de los comerciantes<\/a>\n<\/span><\/div>","aioseo_breadcrumb_json":[{"label":"Home","link":"https:\/\/www.eldigitaldeasturias.com\/noticias"},{"label":"Actualidad","link":"https:\/\/www.eldigitaldeasturias.com\/noticias\/category\/actualidad\/"},{"label":"El ministro del Interior anuncia un protocolo policial para facilitar y agilizar las denuncias de los comerciantes","link":"https:\/\/www.eldigitaldeasturias.com\/noticias\/el-ministro-del-interior-anuncia-un-protocolo-policial-para-facilitar-y-agilizar-las-denuncias-de-los-comerciantes\/"}],"_links":{"self":[{"href":"https:\/\/www.eldigitaldeasturias.com\/noticias\/wp-json\/wp\/v2\/posts\/960082","targetHints":{"allow":["GET"]}}],"collection":[{"href":"https:\/\/www.eldigitaldeasturias.com\/noticias\/wp-json\/wp\/v2\/posts"}],"about":[{"href":"https:\/\/www.eldigitaldeasturias.com\/noticias\/wp-json\/wp\/v2\/types\/post"}],"author":[{"embeddable":true,"href":"https:\/\/www.eldigitaldeasturias.com\/noticias\/wp-json\/wp\/v2\/users\/1"}],"replies":[{"embeddable":true,"href":"https:\/\/www.eldigitaldeasturias.com\/noticias\/wp-json\/wp\/v2\/comments?post=960082"}],"version-history":[{"count":0,"href":"https:\/\/www.eldigitaldeasturias.com\/noticias\/wp-json\/wp\/v2\/posts\/960082\/revisions"}],"wp:attachment":[{"href":"https:\/\/www.eldigitaldeasturias.com\/noticias\/wp-json\/wp\/v2\/media?parent=960082"}],"wp:term":[{"taxonomy":"category","embeddable":true,"href":"https:\/\/www.eldigitaldeasturias.com\/noticias\/wp-json\/wp\/v2\/categories?post=960082"},{"taxonomy":"post_tag","embeddable":true,"href":"https:\/\/www.eldigitaldeasturias.com\/noticias\/wp-json\/wp\/v2\/tags?post=960082"}],"curies":[{"name":"wp","href":"https:\/\/api.w.org\/{rel}","templated":true}]}}