{"id":960073,"date":"2017-11-17T00:38:20","date_gmt":"2017-11-17T00:38:20","guid":{"rendered":"http:\/\/www.eldigitaldeasturias.com\/noticias\/?p=960073"},"modified":"2017-11-17T00:38:20","modified_gmt":"2017-11-17T00:38:20","slug":"la-banda-ancha-llegara-a-las-pequenas-localidades","status":"publish","type":"post","link":"https:\/\/www.eldigitaldeasturias.com\/noticias\/la-banda-ancha-llegara-a-las-pequenas-localidades\/","title":{"rendered":"La banda ancha llegar\u00e1 a las peque\u00f1as localidades"},"content":{"rendered":"<p><img loading=\"lazy\" decoding=\"async\" class=\"alignleft size-medium wp-image-960074\" src=\"https:\/\/www.eldigitaldeasturias.com\/noticias\/wp-content\/uploads\/2017\/11\/23032017_RatonTecladoOrdenador-360x239.jpg\" alt=\"\" width=\"360\" height=\"239\" \/>El Ministerio de Energ\u00eda, Turismo y Agenda Digital, a trav\u00e9s de la entidad p\u00fablica Red.es, ha abierto mediante una resoluci\u00f3n publicada en sede electr\u00f3nica el periodo en el que los operadores de comunicaciones electr\u00f3nicas pueden adherirse al programa Ayudas Banda Ancha 30 Mbps para ofrecer sus servicios.<\/p>\n<p>Los operadores podr\u00e1n sumarse a esta convocatoria hasta el fin del periodo de concesi\u00f3n de las ayudas.<\/p>\n<p>El programa, aprobado por el Consejo de Ministros el pasado 6 de octubre, prev\u00e9 la concesi\u00f3n de ayudas para la contrataci\u00f3n de servicios que faciliten el acceso a Internet de alta velocidad a aquellos ciudadanos, aut\u00f3nomos, empresas y ayuntamientos con menos de 5.000 habitantes, residentes en \u00e1reas que disponen de una cobertura inferior a los 10 Mbits\/s.<\/p>\n<p>En este sentido, el 21 de noviembre se celebrar\u00e1 en la sede de Red.es una jornada dirigida a los operadores interesados en adherirse al programa, donde se les ofrecer\u00e1 informaci\u00f3n detallada para poder realizar el proceso de la forma m\u00e1s sencilla.<\/p>\n<p>La primera convocatoria de estas ayudas, por un importe de cinco millones de euros, ser\u00e1 publicada por Red.es en las pr\u00f3ximas semanas; se lanzar\u00e1n sucesivas ediciones hasta el 31 de diciembre de 2020, lo que contribuir\u00e1 a que Espa\u00f1a cumpla con los objetivos de la Agenda Digital para Europa en el \u00e1mbito de la conectividad. Las ayudas ser\u00e1n cofinanciadas con cargo al Programa Operativo Crecimiento Inteligente de los Fondos Europeos de Desarrollo Regional (FEDER).<\/p>\n<p>Las subvenciones m\u00e1ximas son de 400 euros y cubrir\u00e1n los gastos directamente relacionados con el alta de los usuarios en servicios de acceso a banda ancha fija, a una velocidad m\u00ednima de transmisi\u00f3n de datos de 30 Mbits\/s con independencia de la tecnolog\u00eda empleada.<\/p>\n<p><strong>Neutralidad tecnol\u00f3gica<\/strong><\/p>\n<p>Ayudas Banda Ancha 30 Mbps respeta el principio de neutralidad tecnol\u00f3gica, de manera que no se favorece a ninguna tecnolog\u00eda en particular. Por ello, los potenciales beneficiarios podr\u00e1n contratar las ofertas comerciales de servicios de acceso de banda ancha fija que realicen los operadores de comunicaciones electr\u00f3nicas adheridos, con independencia de la tecnolog\u00eda empleada (red fija, inal\u00e1mbrica o satelital).<\/p>\n<p>Red.es dar\u00e1 publicidad a las ofertas comerciales de los operadores adheridos, de tal forma que el beneficiario pueda tener informaci\u00f3n suficiente para poder contratar el servicio que mejor se adapte a sus necesidades.<\/p>\n","protected":false},"excerpt":{"rendered":"<p>El Ministerio de Energ\u00eda, Turismo y Agenda Digital, a trav\u00e9s de la entidad p\u00fablica Red.es, ha abierto mediante una resoluci\u00f3n publicada en sede electr\u00f3nica el periodo en el que los operadores de comunicaciones electr\u00f3nicas pueden adherirse al programa Ayudas Banda Ancha 30 Mbps para ofrecer sus servicios. Los operadores podr\u00e1n sumarse a esta convocatoria hasta [&hellip;]<\/p>\n","protected":false},"author":1,"featured_media":960074,"comment_status":"closed","ping_status":"closed","sticky":false,"template":"","format":"standard","meta":{"footnotes":""},"categories":[1],"tags":[],"class_list":["post-960073","post","type-post","status-publish","format-standard","has-post-thumbnail","hentry","category-actualidad"],"aioseo_notices":[],"aioseo_head":"\n\t\t<!-- All in One SEO Pro 5.0.1 - aioseo.com -->\n\t<meta name=\"description\" content=\"El Ministerio de Energ\u00eda, Turismo y Agenda Digital, a trav\u00e9s de la entidad p\u00fablica Red.es, ha abierto mediante una resoluci\u00f3n publicada en sede electr\u00f3nica el periodo en el que los operadores de comunicaciones electr\u00f3nicas pueden adherirse al programa Ayudas Banda Ancha 30 Mbps para ofrecer sus servicios. Los operadores podr\u00e1n sumarse a esta convocatoria hasta\" \/>\n\t<meta name=\"robots\" content=\"max-image-preview:large\" \/>\n\t<meta name=\"author\" content=\"El Digital de Asturias\"\/>\n\t<meta name=\"google-site-verification\" content=\"UA-38556648-1\" \/>\n\t<meta name=\"msvalidate.01\" content=\"7dfe9f3f1b24437ab69f4f2559babe99\" \/>\n\t<meta name=\"keywords\" content=\"actualidad\" \/>\n\t<link rel=\"canonical\" href=\"https:\/\/www.eldigitaldeasturias.com\/noticias\/la-banda-ancha-llegara-a-las-pequenas-localidades\/\" \/>\n\t<meta name=\"generator\" content=\"All in One SEO Pro (AIOSEO) 5.0.1\" \/>\n\t\t<meta property=\"og:locale\" content=\"es_ES\" \/>\n\t\t<meta property=\"og:site_name\" content=\"El Digital de Asturias\" \/>\n\t\t<meta property=\"og:type\" content=\"article\" \/>\n\t\t<meta property=\"og:title\" content=\"La banda ancha llegar\u00e1 a las peque\u00f1as localidades - El Digital de Asturias\" \/>\n\t\t<meta property=\"og:description\" content=\"El Ministerio de Energ\u00eda, Turismo y Agenda Digital, a trav\u00e9s de la entidad p\u00fablica Red.es, ha abierto mediante una resoluci\u00f3n publicada en sede electr\u00f3nica el periodo en el que los operadores de comunicaciones electr\u00f3nicas pueden adherirse al programa Ayudas Banda Ancha 30 Mbps para ofrecer sus servicios. Los operadores podr\u00e1n sumarse a esta convocatoria hasta\" \/>\n\t\t<meta property=\"og:url\" content=\"https:\/\/www.eldigitaldeasturias.com\/noticias\/la-banda-ancha-llegara-a-las-pequenas-localidades\/\" \/>\n\t\t<meta property=\"article:tag\" content=\"actualidad\" \/>\n\t\t<meta property=\"article:published_time\" content=\"2017-11-17T00:38:20+00:00\" \/>\n\t\t<meta property=\"article:modified_time\" content=\"2017-11-17T00:38:20+00:00\" \/>\n\t\t<meta property=\"article:publisher\" content=\"https:\/\/facebook.com\/eldigitaldeasturias\" \/>\n\t\t<meta name=\"twitter:card\" content=\"summary_large_image\" \/>\n\t\t<meta name=\"twitter:title\" content=\"La banda ancha llegar\u00e1 a las peque\u00f1as localidades - El Digital de Asturias\" \/>\n\t\t<meta name=\"twitter:description\" content=\"El Ministerio de Energ\u00eda, Turismo y Agenda Digital, a trav\u00e9s de la entidad p\u00fablica Red.es, ha abierto mediante una resoluci\u00f3n publicada en sede electr\u00f3nica el periodo en el que los operadores de comunicaciones electr\u00f3nicas pueden adherirse al programa Ayudas Banda Ancha 30 Mbps para ofrecer sus servicios. Los operadores podr\u00e1n sumarse a esta convocatoria hasta\" \/>\n\t\t<meta name=\"twitter:image\" content=\"https:\/\/www.eldigitaldeasturias.com\/noticias\/wp-content\/uploads\/2020\/12\/EDA-1.jpg\" \/>\n\t\t<meta name=\"twitter:label1\" content=\"Escrito por\" \/>\n\t\t<meta name=\"twitter:data1\" content=\"El Digital de Asturias\" \/>\n\t\t<meta name=\"twitter:label2\" content=\"Tiempo de lectura estimado\" \/>\n\t\t<meta name=\"twitter:data2\" content=\"2 minutos\" \/>\n\t\t<script type=\"application\/ld+json\" class=\"aioseo-schema\">\n\t\t\t{\"@context\":\"https:\\\/\\\/schema.org\",\"@graph\":[{\"@type\":\"BlogPosting\",\"@id\":\"https:\\\/\\\/www.eldigitaldeasturias.com\\\/noticias\\\/la-banda-ancha-llegara-a-las-pequenas-localidades\\\/#blogposting\",\"name\":\"La banda ancha llegar\\u00e1 a las peque\\u00f1as localidades - El Digital de Asturias\",\"headline\":\"La banda ancha llegar\\u00e1 a las peque\\u00f1as localidades\",\"author\":{\"@id\":\"https:\\\/\\\/www.eldigitaldeasturias.com\\\/noticias\\\/author\\\/admin\\\/#author\"},\"publisher\":{\"@id\":\"https:\\\/\\\/www.eldigitaldeasturias.com\\\/noticias\\\/#organization\"},\"image\":{\"@type\":\"ImageObject\",\"url\":960074},\"datePublished\":\"2017-11-17T00:38:20+01:00\",\"dateModified\":\"2017-11-17T00:38:20+01:00\",\"inLanguage\":\"es-ES\",\"mainEntityOfPage\":{\"@id\":\"https:\\\/\\\/www.eldigitaldeasturias.com\\\/noticias\\\/la-banda-ancha-llegara-a-las-pequenas-localidades\\\/#webpage\"},\"isPartOf\":{\"@id\":\"https:\\\/\\\/www.eldigitaldeasturias.com\\\/noticias\\\/la-banda-ancha-llegara-a-las-pequenas-localidades\\\/#webpage\"},\"articleSection\":\"Actualidad\"},{\"@type\":\"BreadcrumbList\",\"@id\":\"https:\\\/\\\/www.eldigitaldeasturias.com\\\/noticias\\\/la-banda-ancha-llegara-a-las-pequenas-localidades\\\/#breadcrumblist\",\"itemListElement\":[{\"@type\":\"ListItem\",\"@id\":\"https:\\\/\\\/www.eldigitaldeasturias.com\\\/noticias#listItem\",\"position\":1,\"name\":\"Home\",\"item\":\"https:\\\/\\\/www.eldigitaldeasturias.com\\\/noticias\",\"nextItem\":{\"@type\":\"ListItem\",\"@id\":\"https:\\\/\\\/www.eldigitaldeasturias.com\\\/noticias\\\/category\\\/actualidad\\\/#listItem\",\"name\":\"Actualidad\"}},{\"@type\":\"ListItem\",\"@id\":\"https:\\\/\\\/www.eldigitaldeasturias.com\\\/noticias\\\/category\\\/actualidad\\\/#listItem\",\"position\":2,\"name\":\"Actualidad\",\"item\":\"https:\\\/\\\/www.eldigitaldeasturias.com\\\/noticias\\\/category\\\/actualidad\\\/\",\"nextItem\":{\"@type\":\"ListItem\",\"@id\":\"https:\\\/\\\/www.eldigitaldeasturias.com\\\/noticias\\\/la-banda-ancha-llegara-a-las-pequenas-localidades\\\/#listItem\",\"name\":\"La banda ancha llegar\\u00e1 a las peque\\u00f1as localidades\"},\"previousItem\":{\"@type\":\"ListItem\",\"@id\":\"https:\\\/\\\/www.eldigitaldeasturias.com\\\/noticias#listItem\",\"name\":\"Home\"}},{\"@type\":\"ListItem\",\"@id\":\"https:\\\/\\\/www.eldigitaldeasturias.com\\\/noticias\\\/la-banda-ancha-llegara-a-las-pequenas-localidades\\\/#listItem\",\"position\":3,\"name\":\"La banda ancha llegar\\u00e1 a las peque\\u00f1as localidades\",\"previousItem\":{\"@type\":\"ListItem\",\"@id\":\"https:\\\/\\\/www.eldigitaldeasturias.com\\\/noticias\\\/category\\\/actualidad\\\/#listItem\",\"name\":\"Actualidad\"}}]},{\"@type\":\"Organization\",\"@id\":\"https:\\\/\\\/www.eldigitaldeasturias.com\\\/noticias\\\/#organization\",\"name\":\"El Digital de Asturias\",\"description\":\"Hemeroteca\",\"url\":\"https:\\\/\\\/www.eldigitaldeasturias.com\\\/noticias\\\/\",\"email\":\"info@eldigitaldeasturias.com\",\"telephone\":\"+34652131393\",\"logo\":{\"@type\":\"ImageObject\",\"url\":\"https:\\\/\\\/www.eldigitaldeasturias.com\\\/noticias\\\/wp-content\\\/uploads\\\/2020\\\/12\\\/EDA.jpg\",\"@id\":\"https:\\\/\\\/www.eldigitaldeasturias.com\\\/noticias\\\/la-banda-ancha-llegara-a-las-pequenas-localidades\\\/#organizationLogo\"},\"image\":{\"@id\":\"https:\\\/\\\/www.eldigitaldeasturias.com\\\/noticias\\\/la-banda-ancha-llegara-a-las-pequenas-localidades\\\/#organizationLogo\"},\"sameAs\":[\"https:\\\/\\\/facebook.com\\\/eldigitaldeasturias\",\"https:\\\/\\\/www.youtube.com\\\/channel\\\/UCZP-2wLEB9Rv6erhFmqVnvg\"],\"address\":{\"@id\":\"https:\\\/\\\/www.eldigitaldeasturias.com\\\/noticias\\\/#postaladdress\",\"@type\":\"PostalAddress\",\"streetAddress\":\"san antonio 4\",\"postalCode\":\"33430\",\"addressLocality\":\"Cand\\u00e1s\",\"addressRegion\":\"Asturias\",\"addressCountry\":\"ES\"}},{\"@type\":\"Person\",\"@id\":\"https:\\\/\\\/www.eldigitaldeasturias.com\\\/noticias\\\/author\\\/admin\\\/#author\",\"url\":\"https:\\\/\\\/www.eldigitaldeasturias.com\\\/noticias\\\/author\\\/admin\\\/\",\"name\":\"El Digital de Asturias\",\"image\":{\"@type\":\"ImageObject\",\"@id\":\"https:\\\/\\\/www.eldigitaldeasturias.com\\\/noticias\\\/la-banda-ancha-llegara-a-las-pequenas-localidades\\\/#authorImage\",\"url\":\"https:\\\/\\\/secure.gravatar.com\\\/avatar\\\/df2aeffc32bcd13f8d26072ef8a91b623d677766deac7f97ca815868cd41bf5e?s=96&d=mm&r=g\",\"width\":96,\"height\":96,\"caption\":\"El Digital de Asturias\"}},{\"@type\":\"WebPage\",\"@id\":\"https:\\\/\\\/www.eldigitaldeasturias.com\\\/noticias\\\/la-banda-ancha-llegara-a-las-pequenas-localidades\\\/#webpage\",\"url\":\"https:\\\/\\\/www.eldigitaldeasturias.com\\\/noticias\\\/la-banda-ancha-llegara-a-las-pequenas-localidades\\\/\",\"name\":\"La banda ancha llegar\\u00e1 a las peque\\u00f1as localidades - El Digital de Asturias\",\"description\":\"El Ministerio de Energ\\u00eda, Turismo y Agenda Digital, a trav\\u00e9s de la entidad p\\u00fablica Red.es, ha abierto mediante una resoluci\\u00f3n publicada en sede electr\\u00f3nica el periodo en el que los operadores de comunicaciones electr\\u00f3nicas pueden adherirse al programa Ayudas Banda Ancha 30 Mbps para ofrecer sus servicios. Los operadores podr\\u00e1n sumarse a esta convocatoria hasta\",\"inLanguage\":\"es-ES\",\"isPartOf\":{\"@id\":\"https:\\\/\\\/www.eldigitaldeasturias.com\\\/noticias\\\/#website\"},\"breadcrumb\":{\"@id\":\"https:\\\/\\\/www.eldigitaldeasturias.com\\\/noticias\\\/la-banda-ancha-llegara-a-las-pequenas-localidades\\\/#breadcrumblist\"},\"author\":{\"@id\":\"https:\\\/\\\/www.eldigitaldeasturias.com\\\/noticias\\\/author\\\/admin\\\/#author\"},\"creator\":{\"@id\":\"https:\\\/\\\/www.eldigitaldeasturias.com\\\/noticias\\\/author\\\/admin\\\/#author\"},\"image\":{\"@type\":\"ImageObject\",\"url\":960074,\"@id\":\"https:\\\/\\\/www.eldigitaldeasturias.com\\\/noticias\\\/la-banda-ancha-llegara-a-las-pequenas-localidades\\\/#mainImage\"},\"primaryImageOfPage\":{\"@id\":\"https:\\\/\\\/www.eldigitaldeasturias.com\\\/noticias\\\/la-banda-ancha-llegara-a-las-pequenas-localidades\\\/#mainImage\"},\"datePublished\":\"2017-11-17T00:38:20+01:00\",\"dateModified\":\"2017-11-17T00:38:20+01:00\"},{\"@type\":\"WebSite\",\"@id\":\"https:\\\/\\\/www.eldigitaldeasturias.com\\\/noticias\\\/#website\",\"url\":\"https:\\\/\\\/www.eldigitaldeasturias.com\\\/noticias\\\/\",\"name\":\"El Digital de Asturias - Diario de actualidad y noticias\",\"alternateName\":\"El Digital de Asturias - Diario de actualidad y noticias\",\"description\":\"Hemeroteca\",\"inLanguage\":\"es-ES\",\"publisher\":{\"@id\":\"https:\\\/\\\/www.eldigitaldeasturias.com\\\/noticias\\\/#organization\"}}]}\n\t\t<\/script>\n\t\t<!-- All in One SEO Pro -->\r\n\t\t<title>La banda ancha llegar\u00e1 a las peque\u00f1as localidades - El Digital de Asturias<\/title>\n\n","aioseo_head_json":{"title":"La banda ancha llegar\u00e1 a las peque\u00f1as localidades - El Digital de Asturias","description":"El Ministerio de Energ\u00eda, Turismo y Agenda Digital, a trav\u00e9s de la entidad p\u00fablica Red.es, ha abierto mediante una resoluci\u00f3n publicada en sede electr\u00f3nica el periodo en el que los operadores de comunicaciones electr\u00f3nicas pueden adherirse al programa Ayudas Banda Ancha 30 Mbps para ofrecer sus servicios. Los operadores podr\u00e1n sumarse a esta convocatoria hasta","canonical_url":"https:\/\/www.eldigitaldeasturias.com\/noticias\/la-banda-ancha-llegara-a-las-pequenas-localidades\/","robots":"max-image-preview:large","keywords":"actualidad","webmasterTools":{"google-site-verification":"UA-38556648-1","msvalidate.01":"7dfe9f3f1b24437ab69f4f2559babe99","miscellaneous":""},"schema":{"@context":"https:\/\/schema.org","@graph":[{"@type":"BlogPosting","@id":"https:\/\/www.eldigitaldeasturias.com\/noticias\/la-banda-ancha-llegara-a-las-pequenas-localidades\/#blogposting","name":"La banda ancha llegar\u00e1 a las peque\u00f1as localidades - El Digital de Asturias","headline":"La banda ancha llegar\u00e1 a las peque\u00f1as localidades","author":{"@id":"https:\/\/www.eldigitaldeasturias.com\/noticias\/author\/admin\/#author"},"publisher":{"@id":"https:\/\/www.eldigitaldeasturias.com\/noticias\/#organization"},"image":{"@type":"ImageObject","url":960074},"datePublished":"2017-11-17T00:38:20+01:00","dateModified":"2017-11-17T00:38:20+01:00","inLanguage":"es-ES","mainEntityOfPage":{"@id":"https:\/\/www.eldigitaldeasturias.com\/noticias\/la-banda-ancha-llegara-a-las-pequenas-localidades\/#webpage"},"isPartOf":{"@id":"https:\/\/www.eldigitaldeasturias.com\/noticias\/la-banda-ancha-llegara-a-las-pequenas-localidades\/#webpage"},"articleSection":"Actualidad"},{"@type":"BreadcrumbList","@id":"https:\/\/www.eldigitaldeasturias.com\/noticias\/la-banda-ancha-llegara-a-las-pequenas-localidades\/#breadcrumblist","itemListElement":[{"@type":"ListItem","@id":"https:\/\/www.eldigitaldeasturias.com\/noticias#listItem","position":1,"name":"Home","item":"https:\/\/www.eldigitaldeasturias.com\/noticias","nextItem":{"@type":"ListItem","@id":"https:\/\/www.eldigitaldeasturias.com\/noticias\/category\/actualidad\/#listItem","name":"Actualidad"}},{"@type":"ListItem","@id":"https:\/\/www.eldigitaldeasturias.com\/noticias\/category\/actualidad\/#listItem","position":2,"name":"Actualidad","item":"https:\/\/www.eldigitaldeasturias.com\/noticias\/category\/actualidad\/","nextItem":{"@type":"ListItem","@id":"https:\/\/www.eldigitaldeasturias.com\/noticias\/la-banda-ancha-llegara-a-las-pequenas-localidades\/#listItem","name":"La banda ancha llegar\u00e1 a las peque\u00f1as localidades"},"previousItem":{"@type":"ListItem","@id":"https:\/\/www.eldigitaldeasturias.com\/noticias#listItem","name":"Home"}},{"@type":"ListItem","@id":"https:\/\/www.eldigitaldeasturias.com\/noticias\/la-banda-ancha-llegara-a-las-pequenas-localidades\/#listItem","position":3,"name":"La banda ancha llegar\u00e1 a las peque\u00f1as localidades","previousItem":{"@type":"ListItem","@id":"https:\/\/www.eldigitaldeasturias.com\/noticias\/category\/actualidad\/#listItem","name":"Actualidad"}}]},{"@type":"Organization","@id":"https:\/\/www.eldigitaldeasturias.com\/noticias\/#organization","name":"El Digital de Asturias","description":"Hemeroteca","url":"https:\/\/www.eldigitaldeasturias.com\/noticias\/","email":"info@eldigitaldeasturias.com","telephone":"+34652131393","logo":{"@type":"ImageObject","url":"https:\/\/www.eldigitaldeasturias.com\/noticias\/wp-content\/uploads\/2020\/12\/EDA.jpg","@id":"https:\/\/www.eldigitaldeasturias.com\/noticias\/la-banda-ancha-llegara-a-las-pequenas-localidades\/#organizationLogo"},"image":{"@id":"https:\/\/www.eldigitaldeasturias.com\/noticias\/la-banda-ancha-llegara-a-las-pequenas-localidades\/#organizationLogo"},"sameAs":["https:\/\/facebook.com\/eldigitaldeasturias","https:\/\/www.youtube.com\/channel\/UCZP-2wLEB9Rv6erhFmqVnvg"],"address":{"@id":"https:\/\/www.eldigitaldeasturias.com\/noticias\/#postaladdress","@type":"PostalAddress","streetAddress":"san antonio 4","postalCode":"33430","addressLocality":"Cand\u00e1s","addressRegion":"Asturias","addressCountry":"ES"}},{"@type":"Person","@id":"https:\/\/www.eldigitaldeasturias.com\/noticias\/author\/admin\/#author","url":"https:\/\/www.eldigitaldeasturias.com\/noticias\/author\/admin\/","name":"El Digital de Asturias","image":{"@type":"ImageObject","@id":"https:\/\/www.eldigitaldeasturias.com\/noticias\/la-banda-ancha-llegara-a-las-pequenas-localidades\/#authorImage","url":"https:\/\/secure.gravatar.com\/avatar\/df2aeffc32bcd13f8d26072ef8a91b623d677766deac7f97ca815868cd41bf5e?s=96&d=mm&r=g","width":96,"height":96,"caption":"El Digital de Asturias"}},{"@type":"WebPage","@id":"https:\/\/www.eldigitaldeasturias.com\/noticias\/la-banda-ancha-llegara-a-las-pequenas-localidades\/#webpage","url":"https:\/\/www.eldigitaldeasturias.com\/noticias\/la-banda-ancha-llegara-a-las-pequenas-localidades\/","name":"La banda ancha llegar\u00e1 a las peque\u00f1as localidades - El Digital de Asturias","description":"El Ministerio de Energ\u00eda, Turismo y Agenda Digital, a trav\u00e9s de la entidad p\u00fablica Red.es, ha abierto mediante una resoluci\u00f3n publicada en sede electr\u00f3nica el periodo en el que los operadores de comunicaciones electr\u00f3nicas pueden adherirse al programa Ayudas Banda Ancha 30 Mbps para ofrecer sus servicios. Los operadores podr\u00e1n sumarse a esta convocatoria hasta","inLanguage":"es-ES","isPartOf":{"@id":"https:\/\/www.eldigitaldeasturias.com\/noticias\/#website"},"breadcrumb":{"@id":"https:\/\/www.eldigitaldeasturias.com\/noticias\/la-banda-ancha-llegara-a-las-pequenas-localidades\/#breadcrumblist"},"author":{"@id":"https:\/\/www.eldigitaldeasturias.com\/noticias\/author\/admin\/#author"},"creator":{"@id":"https:\/\/www.eldigitaldeasturias.com\/noticias\/author\/admin\/#author"},"image":{"@type":"ImageObject","url":960074,"@id":"https:\/\/www.eldigitaldeasturias.com\/noticias\/la-banda-ancha-llegara-a-las-pequenas-localidades\/#mainImage"},"primaryImageOfPage":{"@id":"https:\/\/www.eldigitaldeasturias.com\/noticias\/la-banda-ancha-llegara-a-las-pequenas-localidades\/#mainImage"},"datePublished":"2017-11-17T00:38:20+01:00","dateModified":"2017-11-17T00:38:20+01:00"},{"@type":"WebSite","@id":"https:\/\/www.eldigitaldeasturias.com\/noticias\/#website","url":"https:\/\/www.eldigitaldeasturias.com\/noticias\/","name":"El Digital de Asturias - Diario de actualidad y noticias","alternateName":"El Digital de Asturias - Diario de actualidad y noticias","description":"Hemeroteca","inLanguage":"es-ES","publisher":{"@id":"https:\/\/www.eldigitaldeasturias.com\/noticias\/#organization"}}]},"og:locale":"es_ES","og:site_name":"El Digital de Asturias","og:type":"article","og:title":"La banda ancha llegar\u00e1 a las peque\u00f1as localidades - El Digital de Asturias","og:description":"El Ministerio de Energ\u00eda, Turismo y Agenda Digital, a trav\u00e9s de la entidad p\u00fablica Red.es, ha abierto mediante una resoluci\u00f3n publicada en sede electr\u00f3nica el periodo en el que los operadores de comunicaciones electr\u00f3nicas pueden adherirse al programa Ayudas Banda Ancha 30 Mbps para ofrecer sus servicios. Los operadores podr\u00e1n sumarse a esta convocatoria hasta","og:url":"https:\/\/www.eldigitaldeasturias.com\/noticias\/la-banda-ancha-llegara-a-las-pequenas-localidades\/","article:tag":["actualidad"],"article:published_time":"2017-11-17T00:38:20+00:00","article:modified_time":"2017-11-17T00:38:20+00:00","article:publisher":"https:\/\/facebook.com\/eldigitaldeasturias","twitter:card":"summary_large_image","twitter:title":"La banda ancha llegar\u00e1 a las peque\u00f1as localidades - El Digital de Asturias","twitter:description":"El Ministerio de Energ\u00eda, Turismo y Agenda Digital, a trav\u00e9s de la entidad p\u00fablica Red.es, ha abierto mediante una resoluci\u00f3n publicada en sede electr\u00f3nica el periodo en el que los operadores de comunicaciones electr\u00f3nicas pueden adherirse al programa Ayudas Banda Ancha 30 Mbps para ofrecer sus servicios. Los operadores podr\u00e1n sumarse a esta convocatoria hasta","twitter:image":"https:\/\/www.eldigitaldeasturias.com\/noticias\/wp-content\/uploads\/2020\/12\/EDA-1.jpg","twitter:label1":"Escrito por","twitter:data1":"El Digital de Asturias","twitter:label2":"Tiempo de lectura estimado","twitter:data2":"2 minutos"},"aioseo_meta_data":{"post_id":"960073","title":null,"description":null,"keywords":null,"keyphrases":null,"primary_term":null,"canonical_url":null,"og_title":null,"og_description":null,"og_object_type":"default","og_image_type":"default","og_image_url":null,"og_image_width":null,"og_image_height":null,"og_image_custom_url":null,"og_image_custom_fields":null,"og_video":null,"og_custom_url":null,"og_article_section":null,"og_article_tags":null,"twitter_use_og":false,"twitter_card":"default","twitter_image_type":"default","twitter_image_url":null,"twitter_image_custom_url":null,"twitter_image_custom_fields":null,"twitter_title":null,"twitter_description":null,"schema":{"blockGraphs":[],"customGraphs":[],"default":{"data":{"Article":[],"Course":[],"Dataset":[],"FAQPage":[],"Movie":[],"Person":[],"Product":[],"ProductReview":[],"Car":[],"Recipe":[],"Service":[],"SoftwareApplication":[],"WebPage":[]},"graphName":"","isEnabled":true},"graphs":[],"defaultGraph":"","defaultPostTypeGraph":""},"schema_type":null,"schema_type_options":null,"pillar_content":false,"robots_default":true,"robots_noindex":false,"robots_noarchive":false,"robots_nosnippet":false,"robots_nofollow":false,"robots_noimageindex":false,"robots_noodp":false,"robots_notranslate":false,"robots_max_snippet":null,"robots_max_videopreview":null,"robots_max_imagepreview":"large","priority":null,"frequency":null,"local_seo":null,"seo_analyzer_scan_date":"2025-12-07 03:58:11","breadcrumb_settings":null,"limit_modified_date":false,"open_ai":null,"ai":null,"created":"2020-12-21 12:53:08","updated":"2025-12-07 03:58:11","focus_keyword":null,"additional_keywords":null,"truseo_locale":null},"aioseo_breadcrumb":"<div class=\"aioseo-breadcrumbs\"><span class=\"aioseo-breadcrumb\">\n\t<a href=\"https:\/\/www.eldigitaldeasturias.com\/noticias\" title=\"Home\">Home<\/a>\n<\/span><span class=\"aioseo-breadcrumb-separator\">\u2013<\/span><span class=\"aioseo-breadcrumb\">\n\t<a href=\"https:\/\/www.eldigitaldeasturias.com\/noticias\/category\/actualidad\/\" title=\"Actualidad\">Actualidad<\/a>\n<\/span><span class=\"aioseo-breadcrumb-separator\">\u2013<\/span><span class=\"aioseo-breadcrumb\">\n\t<a href=\"https:\/\/www.eldigitaldeasturias.com\/noticias\/la-banda-ancha-llegara-a-las-pequenas-localidades\/\" title=\"La banda ancha llegar\u00e1 a las peque\u00f1as localidades\">La banda ancha llegar\u00e1 a las peque\u00f1as localidades<\/a>\n<\/span><\/div>","aioseo_breadcrumb_json":[{"label":"Home","link":"https:\/\/www.eldigitaldeasturias.com\/noticias"},{"label":"Actualidad","link":"https:\/\/www.eldigitaldeasturias.com\/noticias\/category\/actualidad\/"},{"label":"La banda ancha llegar\u00e1 a las peque\u00f1as localidades","link":"https:\/\/www.eldigitaldeasturias.com\/noticias\/la-banda-ancha-llegara-a-las-pequenas-localidades\/"}],"_links":{"self":[{"href":"https:\/\/www.eldigitaldeasturias.com\/noticias\/wp-json\/wp\/v2\/posts\/960073","targetHints":{"allow":["GET"]}}],"collection":[{"href":"https:\/\/www.eldigitaldeasturias.com\/noticias\/wp-json\/wp\/v2\/posts"}],"about":[{"href":"https:\/\/www.eldigitaldeasturias.com\/noticias\/wp-json\/wp\/v2\/types\/post"}],"author":[{"embeddable":true,"href":"https:\/\/www.eldigitaldeasturias.com\/noticias\/wp-json\/wp\/v2\/users\/1"}],"replies":[{"embeddable":true,"href":"https:\/\/www.eldigitaldeasturias.com\/noticias\/wp-json\/wp\/v2\/comments?post=960073"}],"version-history":[{"count":0,"href":"https:\/\/www.eldigitaldeasturias.com\/noticias\/wp-json\/wp\/v2\/posts\/960073\/revisions"}],"wp:attachment":[{"href":"https:\/\/www.eldigitaldeasturias.com\/noticias\/wp-json\/wp\/v2\/media?parent=960073"}],"wp:term":[{"taxonomy":"category","embeddable":true,"href":"https:\/\/www.eldigitaldeasturias.com\/noticias\/wp-json\/wp\/v2\/categories?post=960073"},{"taxonomy":"post_tag","embeddable":true,"href":"https:\/\/www.eldigitaldeasturias.com\/noticias\/wp-json\/wp\/v2\/tags?post=960073"}],"curies":[{"name":"wp","href":"https:\/\/api.w.org\/{rel}","templated":true}]}}