{"id":959943,"date":"2017-11-16T00:40:36","date_gmt":"2017-11-16T00:40:36","guid":{"rendered":"http:\/\/www.eldigitaldeasturias.com\/noticias\/?p=959943"},"modified":"2017-11-16T00:40:36","modified_gmt":"2017-11-16T00:40:36","slug":"de-la-serna-defiende-que-se-priorice-por-igual-toda-la-red-basica-de-transportes","status":"publish","type":"post","link":"https:\/\/www.eldigitaldeasturias.com\/noticias\/de-la-serna-defiende-que-se-priorice-por-igual-toda-la-red-basica-de-transportes\/","title":{"rendered":"De la Serna defiende que se priorice por igual toda la Red B\u00e1sica de Transportes"},"content":{"rendered":"<p><img loading=\"lazy\" decoding=\"async\" class=\"alignleft size-medium wp-image-959944\" src=\"https:\/\/www.eldigitaldeasturias.com\/noticias\/wp-content\/uploads\/2017\/11\/151117-Red-360x239.jpg\" alt=\"\" width=\"360\" height=\"239\" \/>El ministro de Fomento, \u00cd\u00f1igo de la Serna, ha defendido en Estrasburgo que se priorice por igual a toda la Red B\u00e1sica de Transportes, que debe estar implementada para el a\u00f1o 2030 y debe contar tambi\u00e9n con el apoyo del sector privado.<\/p>\n<p>Tras participar en la conferencia \u00abInvesting to Connect Europe: the future of the Connecting Europe Facility\u00bb, el titular de Fomento ha abogado por que todos los pa\u00edses de la Uni\u00f3n Europea (UE) cuenten con un porcentaje de subvenci\u00f3n europea mayor que el actual, que visualice el compromiso de la UE para la implementaci\u00f3n de la Red B\u00e1sica en el pr\u00f3ximo Marco Financiero.<\/p>\n<p>Junto a ello, ha insistido en que las subvenciones deben ser el principal instrumento del presupuesto CEF (Mecanismo Conectar Europa) y, como apoyo a las mismas, se sigan explorando otros mecanismos financieros que respondan a las particularidades del transporte y fomenten la inversi\u00f3n privada en el desarrollo de la Red.<\/p>\n<p>Por otro lado, De la Serna ha abierto la posibilidad de que la Uni\u00f3n Europea pueda aportar como m\u00ednimo el 10% del coste de la Red B\u00e1sica. La Comisi\u00f3n Europea ha cuantificado el importe necesario para su desarrollo y estima en 500.000 millones de euros las actuaciones a realizar en el periodo 2021-2030.<\/p>\n<p>En paralelo con la elaboraci\u00f3n del Marco Financiero Plurianual, el ministro -que ha participado en una mesa junto a la comisaria europea de Transportes, Violeta Bulc; y Karima Delli, Petri Sarvamaa e Iskra Mihaylova, del Parlamento Europeo- considera necesario desarrollar los nuevos reglamentos que regulan el FEDER y el CEF.<\/p>\n<p>En relaci\u00f3n con el CEF, el titular de Fomento se ha mostrado satisfecho con el desarrollo que ha tenido en el periodo actual, aunque ha agregado que debe evolucionar en el pr\u00f3ximo, adem\u00e1s de incrementar su dotaci\u00f3n. En este sentido, el Ministerio de Fomento considera que el CEF II debe priorizar la Red B\u00e1sica en su conjunto y no s\u00f3lo los corredores.<\/p>\n<p>Durante su intervenci\u00f3n, De la Serna ha se\u00f1alado que para los proyectos que presentan un an\u00e1lisis coste-beneficio positivo, los instrumentos financieros que ofrezcan garant\u00edas y pr\u00e9stamos competitivos constituyen herramientas esenciales.<\/p>\n<p>Por \u00faltimo, el ministro de Fomento se ha referido al Plan Extraordinario de Inversi\u00f3n en Carreteras (PIC), presentado por el presidente del Gobierno el pasado mes de julio y que se centra en la colaboraci\u00f3n p\u00fablico-privada, y ha insistido en la necesidad de conectar Europa para superar barreras. Asimismo, tambi\u00e9n ha hecho alusi\u00f3n al Plan de Innovaci\u00f3n para el Transporte y las Infraestructuras presentado la pasada semana.<\/p>\n<p><strong>Ayudas a Espa\u00f1a<\/strong><\/p>\n<p>Hasta la fecha, se han repartido cerca del 90% de los cr\u00e9ditos del fondo CEF, habi\u00e9ndose otorgado a Espa\u00f1a 982 millones de euros, un 9,97% del total de las convocatorias generales a las que ha tenido acceso nuestro pa\u00eds.<\/p>\n<p>Con ello, en el actual Marco Financiero Plurianual 2014-2020 las subvenciones otorgadas a Espa\u00f1a o previstas para inversiones en infraestructuras de transporte alcanzan los 2.850 millones de euros.<\/p>\n<p>La Comisi\u00f3n Europea ha estimado que la inversi\u00f3n necesaria para terminar la Red B\u00e1sica en el decenio 2021-2030 asciende a 500.000 millones de euros, de los que 50.000 millones corresponden a Espa\u00f1a.<\/p>\n","protected":false},"excerpt":{"rendered":"<p>El ministro de Fomento, \u00cd\u00f1igo de la Serna, ha defendido en Estrasburgo que se priorice por igual a toda la Red B\u00e1sica de Transportes, que debe estar implementada para el a\u00f1o 2030 y debe contar tambi\u00e9n con el apoyo del sector privado. Tras participar en la conferencia \u00abInvesting to Connect Europe: the future of the [&hellip;]<\/p>\n","protected":false},"author":1,"featured_media":959944,"comment_status":"closed","ping_status":"closed","sticky":false,"template":"","format":"standard","meta":{"footnotes":""},"categories":[1],"tags":[],"class_list":["post-959943","post","type-post","status-publish","format-standard","has-post-thumbnail","hentry","category-actualidad"],"aioseo_notices":[],"aioseo_head":"\n\t\t<!-- All in One SEO Pro 5.0.1 - aioseo.com -->\n\t<meta name=\"description\" content=\"El ministro de Fomento, \u00cd\u00f1igo de la Serna, ha defendido en Estrasburgo que se priorice por igual a toda la Red B\u00e1sica de Transportes, que debe estar implementada para el a\u00f1o 2030 y debe contar tambi\u00e9n con el apoyo del sector privado. Tras participar en la conferencia &quot;Investing to Connect Europe: the future of the\" \/>\n\t<meta name=\"robots\" content=\"max-image-preview:large\" \/>\n\t<meta name=\"author\" content=\"El Digital de Asturias\"\/>\n\t<meta name=\"google-site-verification\" content=\"UA-38556648-1\" \/>\n\t<meta name=\"msvalidate.01\" content=\"7dfe9f3f1b24437ab69f4f2559babe99\" \/>\n\t<meta name=\"keywords\" content=\"actualidad\" \/>\n\t<link rel=\"canonical\" href=\"https:\/\/www.eldigitaldeasturias.com\/noticias\/de-la-serna-defiende-que-se-priorice-por-igual-toda-la-red-basica-de-transportes\/\" \/>\n\t<meta name=\"generator\" content=\"All in One SEO Pro (AIOSEO) 5.0.1\" \/>\n\t\t<meta property=\"og:locale\" content=\"es_ES\" \/>\n\t\t<meta property=\"og:site_name\" content=\"El Digital de Asturias\" \/>\n\t\t<meta property=\"og:type\" content=\"article\" \/>\n\t\t<meta property=\"og:title\" content=\"De la Serna defiende que se priorice por igual toda la Red B\u00e1sica de Transportes - El Digital de Asturias\" \/>\n\t\t<meta property=\"og:description\" content=\"El ministro de Fomento, \u00cd\u00f1igo de la Serna, ha defendido en Estrasburgo que se priorice por igual a toda la Red B\u00e1sica de Transportes, que debe estar implementada para el a\u00f1o 2030 y debe contar tambi\u00e9n con el apoyo del sector privado. Tras participar en la conferencia &quot;Investing to Connect Europe: the future of the\" \/>\n\t\t<meta property=\"og:url\" content=\"https:\/\/www.eldigitaldeasturias.com\/noticias\/de-la-serna-defiende-que-se-priorice-por-igual-toda-la-red-basica-de-transportes\/\" \/>\n\t\t<meta property=\"article:tag\" content=\"actualidad\" \/>\n\t\t<meta property=\"article:published_time\" content=\"2017-11-16T00:40:36+00:00\" \/>\n\t\t<meta property=\"article:modified_time\" content=\"2017-11-16T00:40:36+00:00\" \/>\n\t\t<meta property=\"article:publisher\" content=\"https:\/\/facebook.com\/eldigitaldeasturias\" \/>\n\t\t<meta name=\"twitter:card\" content=\"summary_large_image\" \/>\n\t\t<meta name=\"twitter:title\" content=\"De la Serna defiende que se priorice por igual toda la Red B\u00e1sica de Transportes - El Digital de Asturias\" \/>\n\t\t<meta name=\"twitter:description\" content=\"El ministro de Fomento, \u00cd\u00f1igo de la Serna, ha defendido en Estrasburgo que se priorice por igual a toda la Red B\u00e1sica de Transportes, que debe estar implementada para el a\u00f1o 2030 y debe contar tambi\u00e9n con el apoyo del sector privado. Tras participar en la conferencia &quot;Investing to Connect Europe: the future of the\" \/>\n\t\t<meta name=\"twitter:image\" content=\"https:\/\/www.eldigitaldeasturias.com\/noticias\/wp-content\/uploads\/2020\/12\/EDA-1.jpg\" \/>\n\t\t<meta name=\"twitter:label1\" content=\"Escrito por\" \/>\n\t\t<meta name=\"twitter:data1\" content=\"El Digital de Asturias\" \/>\n\t\t<meta name=\"twitter:label2\" content=\"Tiempo de lectura estimado\" \/>\n\t\t<meta name=\"twitter:data2\" content=\"3 minutos\" \/>\n\t\t<script type=\"application\/ld+json\" class=\"aioseo-schema\">\n\t\t\t{\"@context\":\"https:\\\/\\\/schema.org\",\"@graph\":[{\"@type\":\"BlogPosting\",\"@id\":\"https:\\\/\\\/www.eldigitaldeasturias.com\\\/noticias\\\/de-la-serna-defiende-que-se-priorice-por-igual-toda-la-red-basica-de-transportes\\\/#blogposting\",\"name\":\"De la Serna defiende que se priorice por igual toda la Red B\\u00e1sica de Transportes - El Digital de Asturias\",\"headline\":\"De la Serna defiende que se priorice por igual toda la Red B\\u00e1sica de Transportes\",\"author\":{\"@id\":\"https:\\\/\\\/www.eldigitaldeasturias.com\\\/noticias\\\/author\\\/admin\\\/#author\"},\"publisher\":{\"@id\":\"https:\\\/\\\/www.eldigitaldeasturias.com\\\/noticias\\\/#organization\"},\"image\":{\"@type\":\"ImageObject\",\"url\":959944},\"datePublished\":\"2017-11-16T00:40:36+01:00\",\"dateModified\":\"2017-11-16T00:40:36+01:00\",\"inLanguage\":\"es-ES\",\"mainEntityOfPage\":{\"@id\":\"https:\\\/\\\/www.eldigitaldeasturias.com\\\/noticias\\\/de-la-serna-defiende-que-se-priorice-por-igual-toda-la-red-basica-de-transportes\\\/#webpage\"},\"isPartOf\":{\"@id\":\"https:\\\/\\\/www.eldigitaldeasturias.com\\\/noticias\\\/de-la-serna-defiende-que-se-priorice-por-igual-toda-la-red-basica-de-transportes\\\/#webpage\"},\"articleSection\":\"Actualidad\"},{\"@type\":\"BreadcrumbList\",\"@id\":\"https:\\\/\\\/www.eldigitaldeasturias.com\\\/noticias\\\/de-la-serna-defiende-que-se-priorice-por-igual-toda-la-red-basica-de-transportes\\\/#breadcrumblist\",\"itemListElement\":[{\"@type\":\"ListItem\",\"@id\":\"https:\\\/\\\/www.eldigitaldeasturias.com\\\/noticias#listItem\",\"position\":1,\"name\":\"Home\",\"item\":\"https:\\\/\\\/www.eldigitaldeasturias.com\\\/noticias\",\"nextItem\":{\"@type\":\"ListItem\",\"@id\":\"https:\\\/\\\/www.eldigitaldeasturias.com\\\/noticias\\\/category\\\/actualidad\\\/#listItem\",\"name\":\"Actualidad\"}},{\"@type\":\"ListItem\",\"@id\":\"https:\\\/\\\/www.eldigitaldeasturias.com\\\/noticias\\\/category\\\/actualidad\\\/#listItem\",\"position\":2,\"name\":\"Actualidad\",\"item\":\"https:\\\/\\\/www.eldigitaldeasturias.com\\\/noticias\\\/category\\\/actualidad\\\/\",\"nextItem\":{\"@type\":\"ListItem\",\"@id\":\"https:\\\/\\\/www.eldigitaldeasturias.com\\\/noticias\\\/de-la-serna-defiende-que-se-priorice-por-igual-toda-la-red-basica-de-transportes\\\/#listItem\",\"name\":\"De la Serna defiende que se priorice por igual toda la Red B\\u00e1sica de Transportes\"},\"previousItem\":{\"@type\":\"ListItem\",\"@id\":\"https:\\\/\\\/www.eldigitaldeasturias.com\\\/noticias#listItem\",\"name\":\"Home\"}},{\"@type\":\"ListItem\",\"@id\":\"https:\\\/\\\/www.eldigitaldeasturias.com\\\/noticias\\\/de-la-serna-defiende-que-se-priorice-por-igual-toda-la-red-basica-de-transportes\\\/#listItem\",\"position\":3,\"name\":\"De la Serna defiende que se priorice por igual toda la Red B\\u00e1sica de Transportes\",\"previousItem\":{\"@type\":\"ListItem\",\"@id\":\"https:\\\/\\\/www.eldigitaldeasturias.com\\\/noticias\\\/category\\\/actualidad\\\/#listItem\",\"name\":\"Actualidad\"}}]},{\"@type\":\"Organization\",\"@id\":\"https:\\\/\\\/www.eldigitaldeasturias.com\\\/noticias\\\/#organization\",\"name\":\"El Digital de Asturias\",\"description\":\"Hemeroteca\",\"url\":\"https:\\\/\\\/www.eldigitaldeasturias.com\\\/noticias\\\/\",\"email\":\"info@eldigitaldeasturias.com\",\"telephone\":\"+34652131393\",\"logo\":{\"@type\":\"ImageObject\",\"url\":\"https:\\\/\\\/www.eldigitaldeasturias.com\\\/noticias\\\/wp-content\\\/uploads\\\/2020\\\/12\\\/EDA.jpg\",\"@id\":\"https:\\\/\\\/www.eldigitaldeasturias.com\\\/noticias\\\/de-la-serna-defiende-que-se-priorice-por-igual-toda-la-red-basica-de-transportes\\\/#organizationLogo\"},\"image\":{\"@id\":\"https:\\\/\\\/www.eldigitaldeasturias.com\\\/noticias\\\/de-la-serna-defiende-que-se-priorice-por-igual-toda-la-red-basica-de-transportes\\\/#organizationLogo\"},\"sameAs\":[\"https:\\\/\\\/facebook.com\\\/eldigitaldeasturias\",\"https:\\\/\\\/www.youtube.com\\\/channel\\\/UCZP-2wLEB9Rv6erhFmqVnvg\"],\"address\":{\"@id\":\"https:\\\/\\\/www.eldigitaldeasturias.com\\\/noticias\\\/#postaladdress\",\"@type\":\"PostalAddress\",\"streetAddress\":\"san antonio 4\",\"postalCode\":\"33430\",\"addressLocality\":\"Cand\\u00e1s\",\"addressRegion\":\"Asturias\",\"addressCountry\":\"ES\"}},{\"@type\":\"Person\",\"@id\":\"https:\\\/\\\/www.eldigitaldeasturias.com\\\/noticias\\\/author\\\/admin\\\/#author\",\"url\":\"https:\\\/\\\/www.eldigitaldeasturias.com\\\/noticias\\\/author\\\/admin\\\/\",\"name\":\"El Digital de Asturias\",\"image\":{\"@type\":\"ImageObject\",\"@id\":\"https:\\\/\\\/www.eldigitaldeasturias.com\\\/noticias\\\/de-la-serna-defiende-que-se-priorice-por-igual-toda-la-red-basica-de-transportes\\\/#authorImage\",\"url\":\"https:\\\/\\\/secure.gravatar.com\\\/avatar\\\/df2aeffc32bcd13f8d26072ef8a91b623d677766deac7f97ca815868cd41bf5e?s=96&d=mm&r=g\",\"width\":96,\"height\":96,\"caption\":\"El Digital de Asturias\"}},{\"@type\":\"WebPage\",\"@id\":\"https:\\\/\\\/www.eldigitaldeasturias.com\\\/noticias\\\/de-la-serna-defiende-que-se-priorice-por-igual-toda-la-red-basica-de-transportes\\\/#webpage\",\"url\":\"https:\\\/\\\/www.eldigitaldeasturias.com\\\/noticias\\\/de-la-serna-defiende-que-se-priorice-por-igual-toda-la-red-basica-de-transportes\\\/\",\"name\":\"De la Serna defiende que se priorice por igual toda la Red B\\u00e1sica de Transportes - El Digital de Asturias\",\"description\":\"El ministro de Fomento, \\u00cd\\u00f1igo de la Serna, ha defendido en Estrasburgo que se priorice por igual a toda la Red B\\u00e1sica de Transportes, que debe estar implementada para el a\\u00f1o 2030 y debe contar tambi\\u00e9n con el apoyo del sector privado. Tras participar en la conferencia \\\"Investing to Connect Europe: the future of the\",\"inLanguage\":\"es-ES\",\"isPartOf\":{\"@id\":\"https:\\\/\\\/www.eldigitaldeasturias.com\\\/noticias\\\/#website\"},\"breadcrumb\":{\"@id\":\"https:\\\/\\\/www.eldigitaldeasturias.com\\\/noticias\\\/de-la-serna-defiende-que-se-priorice-por-igual-toda-la-red-basica-de-transportes\\\/#breadcrumblist\"},\"author\":{\"@id\":\"https:\\\/\\\/www.eldigitaldeasturias.com\\\/noticias\\\/author\\\/admin\\\/#author\"},\"creator\":{\"@id\":\"https:\\\/\\\/www.eldigitaldeasturias.com\\\/noticias\\\/author\\\/admin\\\/#author\"},\"image\":{\"@type\":\"ImageObject\",\"url\":959944,\"@id\":\"https:\\\/\\\/www.eldigitaldeasturias.com\\\/noticias\\\/de-la-serna-defiende-que-se-priorice-por-igual-toda-la-red-basica-de-transportes\\\/#mainImage\"},\"primaryImageOfPage\":{\"@id\":\"https:\\\/\\\/www.eldigitaldeasturias.com\\\/noticias\\\/de-la-serna-defiende-que-se-priorice-por-igual-toda-la-red-basica-de-transportes\\\/#mainImage\"},\"datePublished\":\"2017-11-16T00:40:36+01:00\",\"dateModified\":\"2017-11-16T00:40:36+01:00\"},{\"@type\":\"WebSite\",\"@id\":\"https:\\\/\\\/www.eldigitaldeasturias.com\\\/noticias\\\/#website\",\"url\":\"https:\\\/\\\/www.eldigitaldeasturias.com\\\/noticias\\\/\",\"name\":\"El Digital de Asturias - Diario de actualidad y noticias\",\"alternateName\":\"El Digital de Asturias - Diario de actualidad y noticias\",\"description\":\"Hemeroteca\",\"inLanguage\":\"es-ES\",\"publisher\":{\"@id\":\"https:\\\/\\\/www.eldigitaldeasturias.com\\\/noticias\\\/#organization\"}}]}\n\t\t<\/script>\n\t\t<!-- All in One SEO Pro -->\r\n\t\t<title>De la Serna defiende que se priorice por igual toda la Red B\u00e1sica de Transportes - El Digital de Asturias<\/title>\n\n","aioseo_head_json":{"title":"De la Serna defiende que se priorice por igual toda la Red B\u00e1sica de Transportes - El Digital de Asturias","description":"El ministro de Fomento, \u00cd\u00f1igo de la Serna, ha defendido en Estrasburgo que se priorice por igual a toda la Red B\u00e1sica de Transportes, que debe estar implementada para el a\u00f1o 2030 y debe contar tambi\u00e9n con el apoyo del sector privado. Tras participar en la conferencia \"Investing to Connect Europe: the future of the","canonical_url":"https:\/\/www.eldigitaldeasturias.com\/noticias\/de-la-serna-defiende-que-se-priorice-por-igual-toda-la-red-basica-de-transportes\/","robots":"max-image-preview:large","keywords":"actualidad","webmasterTools":{"google-site-verification":"UA-38556648-1","msvalidate.01":"7dfe9f3f1b24437ab69f4f2559babe99","miscellaneous":""},"schema":{"@context":"https:\/\/schema.org","@graph":[{"@type":"BlogPosting","@id":"https:\/\/www.eldigitaldeasturias.com\/noticias\/de-la-serna-defiende-que-se-priorice-por-igual-toda-la-red-basica-de-transportes\/#blogposting","name":"De la Serna defiende que se priorice por igual toda la Red B\u00e1sica de Transportes - El Digital de Asturias","headline":"De la Serna defiende que se priorice por igual toda la Red B\u00e1sica de Transportes","author":{"@id":"https:\/\/www.eldigitaldeasturias.com\/noticias\/author\/admin\/#author"},"publisher":{"@id":"https:\/\/www.eldigitaldeasturias.com\/noticias\/#organization"},"image":{"@type":"ImageObject","url":959944},"datePublished":"2017-11-16T00:40:36+01:00","dateModified":"2017-11-16T00:40:36+01:00","inLanguage":"es-ES","mainEntityOfPage":{"@id":"https:\/\/www.eldigitaldeasturias.com\/noticias\/de-la-serna-defiende-que-se-priorice-por-igual-toda-la-red-basica-de-transportes\/#webpage"},"isPartOf":{"@id":"https:\/\/www.eldigitaldeasturias.com\/noticias\/de-la-serna-defiende-que-se-priorice-por-igual-toda-la-red-basica-de-transportes\/#webpage"},"articleSection":"Actualidad"},{"@type":"BreadcrumbList","@id":"https:\/\/www.eldigitaldeasturias.com\/noticias\/de-la-serna-defiende-que-se-priorice-por-igual-toda-la-red-basica-de-transportes\/#breadcrumblist","itemListElement":[{"@type":"ListItem","@id":"https:\/\/www.eldigitaldeasturias.com\/noticias#listItem","position":1,"name":"Home","item":"https:\/\/www.eldigitaldeasturias.com\/noticias","nextItem":{"@type":"ListItem","@id":"https:\/\/www.eldigitaldeasturias.com\/noticias\/category\/actualidad\/#listItem","name":"Actualidad"}},{"@type":"ListItem","@id":"https:\/\/www.eldigitaldeasturias.com\/noticias\/category\/actualidad\/#listItem","position":2,"name":"Actualidad","item":"https:\/\/www.eldigitaldeasturias.com\/noticias\/category\/actualidad\/","nextItem":{"@type":"ListItem","@id":"https:\/\/www.eldigitaldeasturias.com\/noticias\/de-la-serna-defiende-que-se-priorice-por-igual-toda-la-red-basica-de-transportes\/#listItem","name":"De la Serna defiende que se priorice por igual toda la Red B\u00e1sica de Transportes"},"previousItem":{"@type":"ListItem","@id":"https:\/\/www.eldigitaldeasturias.com\/noticias#listItem","name":"Home"}},{"@type":"ListItem","@id":"https:\/\/www.eldigitaldeasturias.com\/noticias\/de-la-serna-defiende-que-se-priorice-por-igual-toda-la-red-basica-de-transportes\/#listItem","position":3,"name":"De la Serna defiende que se priorice por igual toda la Red B\u00e1sica de Transportes","previousItem":{"@type":"ListItem","@id":"https:\/\/www.eldigitaldeasturias.com\/noticias\/category\/actualidad\/#listItem","name":"Actualidad"}}]},{"@type":"Organization","@id":"https:\/\/www.eldigitaldeasturias.com\/noticias\/#organization","name":"El Digital de Asturias","description":"Hemeroteca","url":"https:\/\/www.eldigitaldeasturias.com\/noticias\/","email":"info@eldigitaldeasturias.com","telephone":"+34652131393","logo":{"@type":"ImageObject","url":"https:\/\/www.eldigitaldeasturias.com\/noticias\/wp-content\/uploads\/2020\/12\/EDA.jpg","@id":"https:\/\/www.eldigitaldeasturias.com\/noticias\/de-la-serna-defiende-que-se-priorice-por-igual-toda-la-red-basica-de-transportes\/#organizationLogo"},"image":{"@id":"https:\/\/www.eldigitaldeasturias.com\/noticias\/de-la-serna-defiende-que-se-priorice-por-igual-toda-la-red-basica-de-transportes\/#organizationLogo"},"sameAs":["https:\/\/facebook.com\/eldigitaldeasturias","https:\/\/www.youtube.com\/channel\/UCZP-2wLEB9Rv6erhFmqVnvg"],"address":{"@id":"https:\/\/www.eldigitaldeasturias.com\/noticias\/#postaladdress","@type":"PostalAddress","streetAddress":"san antonio 4","postalCode":"33430","addressLocality":"Cand\u00e1s","addressRegion":"Asturias","addressCountry":"ES"}},{"@type":"Person","@id":"https:\/\/www.eldigitaldeasturias.com\/noticias\/author\/admin\/#author","url":"https:\/\/www.eldigitaldeasturias.com\/noticias\/author\/admin\/","name":"El Digital de Asturias","image":{"@type":"ImageObject","@id":"https:\/\/www.eldigitaldeasturias.com\/noticias\/de-la-serna-defiende-que-se-priorice-por-igual-toda-la-red-basica-de-transportes\/#authorImage","url":"https:\/\/secure.gravatar.com\/avatar\/df2aeffc32bcd13f8d26072ef8a91b623d677766deac7f97ca815868cd41bf5e?s=96&d=mm&r=g","width":96,"height":96,"caption":"El Digital de Asturias"}},{"@type":"WebPage","@id":"https:\/\/www.eldigitaldeasturias.com\/noticias\/de-la-serna-defiende-que-se-priorice-por-igual-toda-la-red-basica-de-transportes\/#webpage","url":"https:\/\/www.eldigitaldeasturias.com\/noticias\/de-la-serna-defiende-que-se-priorice-por-igual-toda-la-red-basica-de-transportes\/","name":"De la Serna defiende que se priorice por igual toda la Red B\u00e1sica de Transportes - El Digital de Asturias","description":"El ministro de Fomento, \u00cd\u00f1igo de la Serna, ha defendido en Estrasburgo que se priorice por igual a toda la Red B\u00e1sica de Transportes, que debe estar implementada para el a\u00f1o 2030 y debe contar tambi\u00e9n con el apoyo del sector privado. Tras participar en la conferencia \"Investing to Connect Europe: the future of the","inLanguage":"es-ES","isPartOf":{"@id":"https:\/\/www.eldigitaldeasturias.com\/noticias\/#website"},"breadcrumb":{"@id":"https:\/\/www.eldigitaldeasturias.com\/noticias\/de-la-serna-defiende-que-se-priorice-por-igual-toda-la-red-basica-de-transportes\/#breadcrumblist"},"author":{"@id":"https:\/\/www.eldigitaldeasturias.com\/noticias\/author\/admin\/#author"},"creator":{"@id":"https:\/\/www.eldigitaldeasturias.com\/noticias\/author\/admin\/#author"},"image":{"@type":"ImageObject","url":959944,"@id":"https:\/\/www.eldigitaldeasturias.com\/noticias\/de-la-serna-defiende-que-se-priorice-por-igual-toda-la-red-basica-de-transportes\/#mainImage"},"primaryImageOfPage":{"@id":"https:\/\/www.eldigitaldeasturias.com\/noticias\/de-la-serna-defiende-que-se-priorice-por-igual-toda-la-red-basica-de-transportes\/#mainImage"},"datePublished":"2017-11-16T00:40:36+01:00","dateModified":"2017-11-16T00:40:36+01:00"},{"@type":"WebSite","@id":"https:\/\/www.eldigitaldeasturias.com\/noticias\/#website","url":"https:\/\/www.eldigitaldeasturias.com\/noticias\/","name":"El Digital de Asturias - Diario de actualidad y noticias","alternateName":"El Digital de Asturias - Diario de actualidad y noticias","description":"Hemeroteca","inLanguage":"es-ES","publisher":{"@id":"https:\/\/www.eldigitaldeasturias.com\/noticias\/#organization"}}]},"og:locale":"es_ES","og:site_name":"El Digital de Asturias","og:type":"article","og:title":"De la Serna defiende que se priorice por igual toda la Red B\u00e1sica de Transportes - El Digital de Asturias","og:description":"El ministro de Fomento, \u00cd\u00f1igo de la Serna, ha defendido en Estrasburgo que se priorice por igual a toda la Red B\u00e1sica de Transportes, que debe estar implementada para el a\u00f1o 2030 y debe contar tambi\u00e9n con el apoyo del sector privado. Tras participar en la conferencia &quot;Investing to Connect Europe: the future of the","og:url":"https:\/\/www.eldigitaldeasturias.com\/noticias\/de-la-serna-defiende-que-se-priorice-por-igual-toda-la-red-basica-de-transportes\/","article:tag":["actualidad"],"article:published_time":"2017-11-16T00:40:36+00:00","article:modified_time":"2017-11-16T00:40:36+00:00","article:publisher":"https:\/\/facebook.com\/eldigitaldeasturias","twitter:card":"summary_large_image","twitter:title":"De la Serna defiende que se priorice por igual toda la Red B\u00e1sica de Transportes - El Digital de Asturias","twitter:description":"El ministro de Fomento, \u00cd\u00f1igo de la Serna, ha defendido en Estrasburgo que se priorice por igual a toda la Red B\u00e1sica de Transportes, que debe estar implementada para el a\u00f1o 2030 y debe contar tambi\u00e9n con el apoyo del sector privado. Tras participar en la conferencia &quot;Investing to Connect Europe: the future of the","twitter:image":"https:\/\/www.eldigitaldeasturias.com\/noticias\/wp-content\/uploads\/2020\/12\/EDA-1.jpg","twitter:label1":"Escrito por","twitter:data1":"El Digital de Asturias","twitter:label2":"Tiempo de lectura estimado","twitter:data2":"3 minutos"},"aioseo_meta_data":{"post_id":"959943","title":null,"description":null,"keywords":null,"keyphrases":null,"primary_term":null,"canonical_url":null,"og_title":null,"og_description":null,"og_object_type":"default","og_image_type":"default","og_image_url":null,"og_image_width":null,"og_image_height":null,"og_image_custom_url":null,"og_image_custom_fields":null,"og_video":null,"og_custom_url":null,"og_article_section":null,"og_article_tags":null,"twitter_use_og":false,"twitter_card":"default","twitter_image_type":"default","twitter_image_url":null,"twitter_image_custom_url":null,"twitter_image_custom_fields":null,"twitter_title":null,"twitter_description":null,"schema":{"blockGraphs":[],"customGraphs":[],"default":{"data":{"Article":[],"Course":[],"Dataset":[],"FAQPage":[],"Movie":[],"Person":[],"Product":[],"ProductReview":[],"Car":[],"Recipe":[],"Service":[],"SoftwareApplication":[],"WebPage":[]},"graphName":"","isEnabled":true},"graphs":[],"defaultGraph":"","defaultPostTypeGraph":""},"schema_type":null,"schema_type_options":null,"pillar_content":false,"robots_default":true,"robots_noindex":false,"robots_noarchive":false,"robots_nosnippet":false,"robots_nofollow":false,"robots_noimageindex":false,"robots_noodp":false,"robots_notranslate":false,"robots_max_snippet":null,"robots_max_videopreview":null,"robots_max_imagepreview":"large","priority":null,"frequency":null,"local_seo":null,"seo_analyzer_scan_date":"2025-12-07 03:19:29","breadcrumb_settings":null,"limit_modified_date":false,"open_ai":null,"ai":null,"created":"2020-12-21 12:53:18","updated":"2025-12-07 03:19:29","focus_keyword":null,"additional_keywords":null,"truseo_locale":null},"aioseo_breadcrumb":"<div class=\"aioseo-breadcrumbs\"><span class=\"aioseo-breadcrumb\">\n\t<a href=\"https:\/\/www.eldigitaldeasturias.com\/noticias\" title=\"Home\">Home<\/a>\n<\/span><span class=\"aioseo-breadcrumb-separator\">\u2013<\/span><span class=\"aioseo-breadcrumb\">\n\t<a href=\"https:\/\/www.eldigitaldeasturias.com\/noticias\/category\/actualidad\/\" title=\"Actualidad\">Actualidad<\/a>\n<\/span><span class=\"aioseo-breadcrumb-separator\">\u2013<\/span><span class=\"aioseo-breadcrumb\">\n\t<a href=\"https:\/\/www.eldigitaldeasturias.com\/noticias\/de-la-serna-defiende-que-se-priorice-por-igual-toda-la-red-basica-de-transportes\/\" title=\"De la Serna defiende que se priorice por igual toda la Red B\u00e1sica de Transportes\">De la Serna defiende que se priorice por igual toda la Red B\u00e1sica de Transportes<\/a>\n<\/span><\/div>","aioseo_breadcrumb_json":[{"label":"Home","link":"https:\/\/www.eldigitaldeasturias.com\/noticias"},{"label":"Actualidad","link":"https:\/\/www.eldigitaldeasturias.com\/noticias\/category\/actualidad\/"},{"label":"De la Serna defiende que se priorice por igual toda la Red B\u00e1sica de Transportes","link":"https:\/\/www.eldigitaldeasturias.com\/noticias\/de-la-serna-defiende-que-se-priorice-por-igual-toda-la-red-basica-de-transportes\/"}],"_links":{"self":[{"href":"https:\/\/www.eldigitaldeasturias.com\/noticias\/wp-json\/wp\/v2\/posts\/959943","targetHints":{"allow":["GET"]}}],"collection":[{"href":"https:\/\/www.eldigitaldeasturias.com\/noticias\/wp-json\/wp\/v2\/posts"}],"about":[{"href":"https:\/\/www.eldigitaldeasturias.com\/noticias\/wp-json\/wp\/v2\/types\/post"}],"author":[{"embeddable":true,"href":"https:\/\/www.eldigitaldeasturias.com\/noticias\/wp-json\/wp\/v2\/users\/1"}],"replies":[{"embeddable":true,"href":"https:\/\/www.eldigitaldeasturias.com\/noticias\/wp-json\/wp\/v2\/comments?post=959943"}],"version-history":[{"count":0,"href":"https:\/\/www.eldigitaldeasturias.com\/noticias\/wp-json\/wp\/v2\/posts\/959943\/revisions"}],"wp:attachment":[{"href":"https:\/\/www.eldigitaldeasturias.com\/noticias\/wp-json\/wp\/v2\/media?parent=959943"}],"wp:term":[{"taxonomy":"category","embeddable":true,"href":"https:\/\/www.eldigitaldeasturias.com\/noticias\/wp-json\/wp\/v2\/categories?post=959943"},{"taxonomy":"post_tag","embeddable":true,"href":"https:\/\/www.eldigitaldeasturias.com\/noticias\/wp-json\/wp\/v2\/tags?post=959943"}],"curies":[{"name":"wp","href":"https:\/\/api.w.org\/{rel}","templated":true}]}}