{"id":959940,"date":"2017-11-16T00:39:10","date_gmt":"2017-11-16T00:39:10","guid":{"rendered":"http:\/\/www.eldigitaldeasturias.com\/noticias\/?p=959940"},"modified":"2017-11-16T00:39:10","modified_gmt":"2017-11-16T00:39:10","slug":"espana-defendera-la-inclusion-del-ramal-cantabrico-de-carreteras-en-el-corredor-atlantico","status":"publish","type":"post","link":"https:\/\/www.eldigitaldeasturias.com\/noticias\/espana-defendera-la-inclusion-del-ramal-cantabrico-de-carreteras-en-el-corredor-atlantico\/","title":{"rendered":"Espa\u00f1a defender\u00e1 la inclusi\u00f3n del ramal cant\u00e1brico de carreteras en el Corredor Atl\u00e1ntico"},"content":{"rendered":"<p><img loading=\"lazy\" decoding=\"async\" class=\"alignleft size-medium wp-image-959941\" src=\"https:\/\/www.eldigitaldeasturias.com\/noticias\/wp-content\/uploads\/2017\/11\/151117-serna-360x239.jpg\" alt=\"\" width=\"360\" height=\"239\" \/>El ministro de Fomento, \u00cd\u00f1igo de la Serna, se ha reunido en Estrasburgo con el coordinador europeo del Corredor Atl\u00e1ntico, Carlo Secchi, a quien ha adelantado que Espa\u00f1a defender\u00e1 la inclusi\u00f3n del ramal cant\u00e1brico de carreteras dentro del Corredor Atl\u00e1ntico para que tenga mayor prioridad en la recepci\u00f3n de fondos CEF.<\/p>\n<p>El ramal cant\u00e1brico viario -integrado en la autov\u00eda A-8- ya forma parte de la Red B\u00e1sica RTE-T aunque no del Corredor Atl\u00e1ntico. Su posible inclusi\u00f3n se llevar\u00e1 a cabo en el marco de un proceso de di\u00e1logo que comenzar\u00e1 el pr\u00f3ximo a\u00f1o de cara a la revisi\u00f3n del Mecanismo Conectar Europa (CEF), que abarcar\u00e1 el periodo 2021-2027. La incorporaci\u00f3n al Corredor supondr\u00eda tener mayor prioridad a la hora de recibir financiaci\u00f3n europea en \u00e1mbitos como las actuaciones en ITS (Intelligent Transport Systems) e infraestructuras para el suministro de combustibles limpios.<\/p>\n<p>El Reglamento CEF es el que regula c\u00f3mo se asignan los fondos a la Red Transeuropea y las prioridades de su financiaci\u00f3n. El Reglamento vigente abarca el periodo 2014-2020. Hasta la fecha, Espa\u00f1a ha captado casi 1.000 millones de euros en diversos proyectos para una inversi\u00f3n total de 2.700 millones de euros, la mayor\u00eda relacionados con la ejecuci\u00f3n de los Corredores Mediterr\u00e1neo y Atl\u00e1ntico.<\/p>\n<p><strong>Revisi\u00f3n de la Red Transeuropea<\/strong><\/p>\n<p>En cuanto la posible revisi\u00f3n del Corredor Atl\u00e1ntico, en lo referente al modo ferroviario, el coordinador europeo ha reiterado al ministro que la incorporaci\u00f3n de nuevos corredores a la Red B\u00e1sica podr\u00eda llevarse a cabo en la negociaci\u00f3n de la revisi\u00f3n del Reglamento RTE-T prevista para 2023, que culminar\u00e1 en 2027.<\/p>\n<p><strong>Avances en el Corredor Atl\u00e1ntico<\/strong><\/p>\n<p>En cuanto a la ejecuci\u00f3n del Corredor Atl\u00e1ntico, el titular de Fomento ha trasladado al coordinador europeo que Espa\u00f1a est\u00e1 haciendo un gran esfuerzo inversor y para solucionar los problemas t\u00e9cnico-administrativos que exist\u00edan a fin de activar todos los proyectos.<\/p>\n<p>En concreto, De la Serna ha destacado el impulso sin precedentes que se est\u00e1 dando a la nueva conexi\u00f3n ferroviaria con Extremadura para poder finalizar las obras en 2019 y tener totalmente electrificada la l\u00ednea en 2020.<\/p>\n<p>Adem\u00e1s, las obras del tramo Venta de Ba\u00f1os-Burgos finalizar\u00e1n el pr\u00f3ximo a\u00f1o, mientras que el fin de los trabajos entre Burgos y Vitoria est\u00e1 previsto para 2023, en la misma fecha en que concluir\u00e1n los trabajos de la Y Vasca, una vez que se han solucionado todos los problemas t\u00e9cnicos y contractuales.<\/p>\n<p>En cuanto a la conexi\u00f3n con Francia, las obras entre Astigarraga e Ir\u00fan acabar\u00e1n en 2019. Por \u00faltimo, se avanza tambi\u00e9n en la conexi\u00f3n Bobadilla-Algeciras y en la electrificaci\u00f3n del tramo Salamanca-Fuentes de O\u00f1oro.<\/p>\n<p>En definitiva, el ministro ha traslado al coordinador europeo que el desarrollo del Corredor en Espa\u00f1a no tiene ning\u00fan problema en estos momentos ni t\u00e9cnico, ni administrativo, ni financiero y en lo que va de a\u00f1o se han invertido ya en \u00e9l 500 millones de euros m\u00e1s que en 2016. S\u00f3lo el \u00faltimo tramo licitado en el ramal vasco asciende a 192 millones de euros.<\/p>\n<p>El ministro ha trasladado al representante europeo que Espa\u00f1a est\u00e1 dando cumplimiento a los compromisos europeos adquiridos y ha pedido que exista una continuidad de las actuaciones hasta el centro de Europa para hacer realidad el Corredor en toda su extensi\u00f3n.<\/p>\n<p><strong>Autopistas ferroviarias<\/strong><\/p>\n<p>Por otra parte, De la Serna ha informado a Secchi de los progresos en la implantaci\u00f3n de una autopista ferroviaria entre Espa\u00f1a y Francia y se est\u00e1 a la espera de realizar una segunda manifestaci\u00f3n de inter\u00e9s en la que los operadores de servicios puedan presentar sus planes de negocio.<\/p>\n","protected":false},"excerpt":{"rendered":"<p>El ministro de Fomento, \u00cd\u00f1igo de la Serna, se ha reunido en Estrasburgo con el coordinador europeo del Corredor Atl\u00e1ntico, Carlo Secchi, a quien ha adelantado que Espa\u00f1a defender\u00e1 la inclusi\u00f3n del ramal cant\u00e1brico de carreteras dentro del Corredor Atl\u00e1ntico para que tenga mayor prioridad en la recepci\u00f3n de fondos CEF. El ramal cant\u00e1brico viario [&hellip;]<\/p>\n","protected":false},"author":1,"featured_media":959941,"comment_status":"closed","ping_status":"closed","sticky":false,"template":"","format":"standard","meta":{"footnotes":""},"categories":[1],"tags":[],"class_list":["post-959940","post","type-post","status-publish","format-standard","has-post-thumbnail","hentry","category-actualidad"],"aioseo_notices":[],"aioseo_head":"\n\t\t<!-- All in One SEO Pro 5.0.1 - aioseo.com -->\n\t<meta name=\"description\" content=\"El ministro de Fomento, \u00cd\u00f1igo de la Serna, se ha reunido en Estrasburgo con el coordinador europeo del Corredor Atl\u00e1ntico, Carlo Secchi, a quien ha adelantado que Espa\u00f1a defender\u00e1 la inclusi\u00f3n del ramal cant\u00e1brico de carreteras dentro del Corredor Atl\u00e1ntico para que tenga mayor prioridad en la recepci\u00f3n de fondos CEF. El ramal cant\u00e1brico viario\" \/>\n\t<meta name=\"robots\" content=\"max-image-preview:large\" \/>\n\t<meta name=\"author\" content=\"El Digital de Asturias\"\/>\n\t<meta name=\"google-site-verification\" content=\"UA-38556648-1\" \/>\n\t<meta name=\"msvalidate.01\" content=\"7dfe9f3f1b24437ab69f4f2559babe99\" \/>\n\t<meta name=\"keywords\" content=\"actualidad\" \/>\n\t<link rel=\"canonical\" href=\"https:\/\/www.eldigitaldeasturias.com\/noticias\/espana-defendera-la-inclusion-del-ramal-cantabrico-de-carreteras-en-el-corredor-atlantico\/\" \/>\n\t<meta name=\"generator\" content=\"All in One SEO Pro (AIOSEO) 5.0.1\" \/>\n\t\t<meta property=\"og:locale\" content=\"es_ES\" \/>\n\t\t<meta property=\"og:site_name\" content=\"El Digital de Asturias\" \/>\n\t\t<meta property=\"og:type\" content=\"article\" \/>\n\t\t<meta property=\"og:title\" content=\"Espa\u00f1a defender\u00e1 la inclusi\u00f3n del ramal cant\u00e1brico de carreteras en el Corredor Atl\u00e1ntico - El Digital de Asturias\" \/>\n\t\t<meta property=\"og:description\" content=\"El ministro de Fomento, \u00cd\u00f1igo de la Serna, se ha reunido en Estrasburgo con el coordinador europeo del Corredor Atl\u00e1ntico, Carlo Secchi, a quien ha adelantado que Espa\u00f1a defender\u00e1 la inclusi\u00f3n del ramal cant\u00e1brico de carreteras dentro del Corredor Atl\u00e1ntico para que tenga mayor prioridad en la recepci\u00f3n de fondos CEF. El ramal cant\u00e1brico viario\" \/>\n\t\t<meta property=\"og:url\" content=\"https:\/\/www.eldigitaldeasturias.com\/noticias\/espana-defendera-la-inclusion-del-ramal-cantabrico-de-carreteras-en-el-corredor-atlantico\/\" \/>\n\t\t<meta property=\"article:tag\" content=\"actualidad\" \/>\n\t\t<meta property=\"article:published_time\" content=\"2017-11-16T00:39:10+00:00\" \/>\n\t\t<meta property=\"article:modified_time\" content=\"2017-11-16T00:39:10+00:00\" \/>\n\t\t<meta property=\"article:publisher\" content=\"https:\/\/facebook.com\/eldigitaldeasturias\" \/>\n\t\t<meta name=\"twitter:card\" content=\"summary_large_image\" \/>\n\t\t<meta name=\"twitter:title\" content=\"Espa\u00f1a defender\u00e1 la inclusi\u00f3n del ramal cant\u00e1brico de carreteras en el Corredor Atl\u00e1ntico - El Digital de Asturias\" \/>\n\t\t<meta name=\"twitter:description\" content=\"El ministro de Fomento, \u00cd\u00f1igo de la Serna, se ha reunido en Estrasburgo con el coordinador europeo del Corredor Atl\u00e1ntico, Carlo Secchi, a quien ha adelantado que Espa\u00f1a defender\u00e1 la inclusi\u00f3n del ramal cant\u00e1brico de carreteras dentro del Corredor Atl\u00e1ntico para que tenga mayor prioridad en la recepci\u00f3n de fondos CEF. El ramal cant\u00e1brico viario\" \/>\n\t\t<meta name=\"twitter:image\" content=\"https:\/\/www.eldigitaldeasturias.com\/noticias\/wp-content\/uploads\/2020\/12\/EDA-1.jpg\" \/>\n\t\t<meta name=\"twitter:label1\" content=\"Escrito por\" \/>\n\t\t<meta name=\"twitter:data1\" content=\"El Digital de Asturias\" \/>\n\t\t<meta name=\"twitter:label2\" content=\"Tiempo de lectura estimado\" \/>\n\t\t<meta name=\"twitter:data2\" content=\"3 minutos\" \/>\n\t\t<script type=\"application\/ld+json\" class=\"aioseo-schema\">\n\t\t\t{\"@context\":\"https:\\\/\\\/schema.org\",\"@graph\":[{\"@type\":\"BlogPosting\",\"@id\":\"https:\\\/\\\/www.eldigitaldeasturias.com\\\/noticias\\\/espana-defendera-la-inclusion-del-ramal-cantabrico-de-carreteras-en-el-corredor-atlantico\\\/#blogposting\",\"name\":\"Espa\\u00f1a defender\\u00e1 la inclusi\\u00f3n del ramal cant\\u00e1brico de carreteras en el Corredor Atl\\u00e1ntico - El Digital de Asturias\",\"headline\":\"Espa\\u00f1a defender\\u00e1 la inclusi\\u00f3n del ramal cant\\u00e1brico de carreteras en el Corredor Atl\\u00e1ntico\",\"author\":{\"@id\":\"https:\\\/\\\/www.eldigitaldeasturias.com\\\/noticias\\\/author\\\/admin\\\/#author\"},\"publisher\":{\"@id\":\"https:\\\/\\\/www.eldigitaldeasturias.com\\\/noticias\\\/#organization\"},\"image\":{\"@type\":\"ImageObject\",\"url\":959941},\"datePublished\":\"2017-11-16T00:39:10+01:00\",\"dateModified\":\"2017-11-16T00:39:10+01:00\",\"inLanguage\":\"es-ES\",\"mainEntityOfPage\":{\"@id\":\"https:\\\/\\\/www.eldigitaldeasturias.com\\\/noticias\\\/espana-defendera-la-inclusion-del-ramal-cantabrico-de-carreteras-en-el-corredor-atlantico\\\/#webpage\"},\"isPartOf\":{\"@id\":\"https:\\\/\\\/www.eldigitaldeasturias.com\\\/noticias\\\/espana-defendera-la-inclusion-del-ramal-cantabrico-de-carreteras-en-el-corredor-atlantico\\\/#webpage\"},\"articleSection\":\"Actualidad\"},{\"@type\":\"BreadcrumbList\",\"@id\":\"https:\\\/\\\/www.eldigitaldeasturias.com\\\/noticias\\\/espana-defendera-la-inclusion-del-ramal-cantabrico-de-carreteras-en-el-corredor-atlantico\\\/#breadcrumblist\",\"itemListElement\":[{\"@type\":\"ListItem\",\"@id\":\"https:\\\/\\\/www.eldigitaldeasturias.com\\\/noticias#listItem\",\"position\":1,\"name\":\"Home\",\"item\":\"https:\\\/\\\/www.eldigitaldeasturias.com\\\/noticias\",\"nextItem\":{\"@type\":\"ListItem\",\"@id\":\"https:\\\/\\\/www.eldigitaldeasturias.com\\\/noticias\\\/category\\\/actualidad\\\/#listItem\",\"name\":\"Actualidad\"}},{\"@type\":\"ListItem\",\"@id\":\"https:\\\/\\\/www.eldigitaldeasturias.com\\\/noticias\\\/category\\\/actualidad\\\/#listItem\",\"position\":2,\"name\":\"Actualidad\",\"item\":\"https:\\\/\\\/www.eldigitaldeasturias.com\\\/noticias\\\/category\\\/actualidad\\\/\",\"nextItem\":{\"@type\":\"ListItem\",\"@id\":\"https:\\\/\\\/www.eldigitaldeasturias.com\\\/noticias\\\/espana-defendera-la-inclusion-del-ramal-cantabrico-de-carreteras-en-el-corredor-atlantico\\\/#listItem\",\"name\":\"Espa\\u00f1a defender\\u00e1 la inclusi\\u00f3n del ramal cant\\u00e1brico de carreteras en el Corredor Atl\\u00e1ntico\"},\"previousItem\":{\"@type\":\"ListItem\",\"@id\":\"https:\\\/\\\/www.eldigitaldeasturias.com\\\/noticias#listItem\",\"name\":\"Home\"}},{\"@type\":\"ListItem\",\"@id\":\"https:\\\/\\\/www.eldigitaldeasturias.com\\\/noticias\\\/espana-defendera-la-inclusion-del-ramal-cantabrico-de-carreteras-en-el-corredor-atlantico\\\/#listItem\",\"position\":3,\"name\":\"Espa\\u00f1a defender\\u00e1 la inclusi\\u00f3n del ramal cant\\u00e1brico de carreteras en el Corredor Atl\\u00e1ntico\",\"previousItem\":{\"@type\":\"ListItem\",\"@id\":\"https:\\\/\\\/www.eldigitaldeasturias.com\\\/noticias\\\/category\\\/actualidad\\\/#listItem\",\"name\":\"Actualidad\"}}]},{\"@type\":\"Organization\",\"@id\":\"https:\\\/\\\/www.eldigitaldeasturias.com\\\/noticias\\\/#organization\",\"name\":\"El Digital de Asturias\",\"description\":\"Hemeroteca\",\"url\":\"https:\\\/\\\/www.eldigitaldeasturias.com\\\/noticias\\\/\",\"email\":\"info@eldigitaldeasturias.com\",\"telephone\":\"+34652131393\",\"logo\":{\"@type\":\"ImageObject\",\"url\":\"https:\\\/\\\/www.eldigitaldeasturias.com\\\/noticias\\\/wp-content\\\/uploads\\\/2020\\\/12\\\/EDA.jpg\",\"@id\":\"https:\\\/\\\/www.eldigitaldeasturias.com\\\/noticias\\\/espana-defendera-la-inclusion-del-ramal-cantabrico-de-carreteras-en-el-corredor-atlantico\\\/#organizationLogo\"},\"image\":{\"@id\":\"https:\\\/\\\/www.eldigitaldeasturias.com\\\/noticias\\\/espana-defendera-la-inclusion-del-ramal-cantabrico-de-carreteras-en-el-corredor-atlantico\\\/#organizationLogo\"},\"sameAs\":[\"https:\\\/\\\/facebook.com\\\/eldigitaldeasturias\",\"https:\\\/\\\/www.youtube.com\\\/channel\\\/UCZP-2wLEB9Rv6erhFmqVnvg\"],\"address\":{\"@id\":\"https:\\\/\\\/www.eldigitaldeasturias.com\\\/noticias\\\/#postaladdress\",\"@type\":\"PostalAddress\",\"streetAddress\":\"san antonio 4\",\"postalCode\":\"33430\",\"addressLocality\":\"Cand\\u00e1s\",\"addressRegion\":\"Asturias\",\"addressCountry\":\"ES\"}},{\"@type\":\"Person\",\"@id\":\"https:\\\/\\\/www.eldigitaldeasturias.com\\\/noticias\\\/author\\\/admin\\\/#author\",\"url\":\"https:\\\/\\\/www.eldigitaldeasturias.com\\\/noticias\\\/author\\\/admin\\\/\",\"name\":\"El Digital de Asturias\",\"image\":{\"@type\":\"ImageObject\",\"@id\":\"https:\\\/\\\/www.eldigitaldeasturias.com\\\/noticias\\\/espana-defendera-la-inclusion-del-ramal-cantabrico-de-carreteras-en-el-corredor-atlantico\\\/#authorImage\",\"url\":\"https:\\\/\\\/secure.gravatar.com\\\/avatar\\\/df2aeffc32bcd13f8d26072ef8a91b623d677766deac7f97ca815868cd41bf5e?s=96&d=mm&r=g\",\"width\":96,\"height\":96,\"caption\":\"El Digital de Asturias\"}},{\"@type\":\"WebPage\",\"@id\":\"https:\\\/\\\/www.eldigitaldeasturias.com\\\/noticias\\\/espana-defendera-la-inclusion-del-ramal-cantabrico-de-carreteras-en-el-corredor-atlantico\\\/#webpage\",\"url\":\"https:\\\/\\\/www.eldigitaldeasturias.com\\\/noticias\\\/espana-defendera-la-inclusion-del-ramal-cantabrico-de-carreteras-en-el-corredor-atlantico\\\/\",\"name\":\"Espa\\u00f1a defender\\u00e1 la inclusi\\u00f3n del ramal cant\\u00e1brico de carreteras en el Corredor Atl\\u00e1ntico - El Digital de Asturias\",\"description\":\"El ministro de Fomento, \\u00cd\\u00f1igo de la Serna, se ha reunido en Estrasburgo con el coordinador europeo del Corredor Atl\\u00e1ntico, Carlo Secchi, a quien ha adelantado que Espa\\u00f1a defender\\u00e1 la inclusi\\u00f3n del ramal cant\\u00e1brico de carreteras dentro del Corredor Atl\\u00e1ntico para que tenga mayor prioridad en la recepci\\u00f3n de fondos CEF. El ramal cant\\u00e1brico viario\",\"inLanguage\":\"es-ES\",\"isPartOf\":{\"@id\":\"https:\\\/\\\/www.eldigitaldeasturias.com\\\/noticias\\\/#website\"},\"breadcrumb\":{\"@id\":\"https:\\\/\\\/www.eldigitaldeasturias.com\\\/noticias\\\/espana-defendera-la-inclusion-del-ramal-cantabrico-de-carreteras-en-el-corredor-atlantico\\\/#breadcrumblist\"},\"author\":{\"@id\":\"https:\\\/\\\/www.eldigitaldeasturias.com\\\/noticias\\\/author\\\/admin\\\/#author\"},\"creator\":{\"@id\":\"https:\\\/\\\/www.eldigitaldeasturias.com\\\/noticias\\\/author\\\/admin\\\/#author\"},\"image\":{\"@type\":\"ImageObject\",\"url\":959941,\"@id\":\"https:\\\/\\\/www.eldigitaldeasturias.com\\\/noticias\\\/espana-defendera-la-inclusion-del-ramal-cantabrico-de-carreteras-en-el-corredor-atlantico\\\/#mainImage\"},\"primaryImageOfPage\":{\"@id\":\"https:\\\/\\\/www.eldigitaldeasturias.com\\\/noticias\\\/espana-defendera-la-inclusion-del-ramal-cantabrico-de-carreteras-en-el-corredor-atlantico\\\/#mainImage\"},\"datePublished\":\"2017-11-16T00:39:10+01:00\",\"dateModified\":\"2017-11-16T00:39:10+01:00\"},{\"@type\":\"WebSite\",\"@id\":\"https:\\\/\\\/www.eldigitaldeasturias.com\\\/noticias\\\/#website\",\"url\":\"https:\\\/\\\/www.eldigitaldeasturias.com\\\/noticias\\\/\",\"name\":\"El Digital de Asturias - Diario de actualidad y noticias\",\"alternateName\":\"El Digital de Asturias - Diario de actualidad y noticias\",\"description\":\"Hemeroteca\",\"inLanguage\":\"es-ES\",\"publisher\":{\"@id\":\"https:\\\/\\\/www.eldigitaldeasturias.com\\\/noticias\\\/#organization\"}}]}\n\t\t<\/script>\n\t\t<!-- All in One SEO Pro -->\r\n\t\t<title>Espa\u00f1a defender\u00e1 la inclusi\u00f3n del ramal cant\u00e1brico de carreteras en el Corredor Atl\u00e1ntico - El Digital de Asturias<\/title>\n\n","aioseo_head_json":{"title":"Espa\u00f1a defender\u00e1 la inclusi\u00f3n del ramal cant\u00e1brico de carreteras en el Corredor Atl\u00e1ntico - El Digital de Asturias","description":"El ministro de Fomento, \u00cd\u00f1igo de la Serna, se ha reunido en Estrasburgo con el coordinador europeo del Corredor Atl\u00e1ntico, Carlo Secchi, a quien ha adelantado que Espa\u00f1a defender\u00e1 la inclusi\u00f3n del ramal cant\u00e1brico de carreteras dentro del Corredor Atl\u00e1ntico para que tenga mayor prioridad en la recepci\u00f3n de fondos CEF. El ramal cant\u00e1brico viario","canonical_url":"https:\/\/www.eldigitaldeasturias.com\/noticias\/espana-defendera-la-inclusion-del-ramal-cantabrico-de-carreteras-en-el-corredor-atlantico\/","robots":"max-image-preview:large","keywords":"actualidad","webmasterTools":{"google-site-verification":"UA-38556648-1","msvalidate.01":"7dfe9f3f1b24437ab69f4f2559babe99","miscellaneous":""},"schema":{"@context":"https:\/\/schema.org","@graph":[{"@type":"BlogPosting","@id":"https:\/\/www.eldigitaldeasturias.com\/noticias\/espana-defendera-la-inclusion-del-ramal-cantabrico-de-carreteras-en-el-corredor-atlantico\/#blogposting","name":"Espa\u00f1a defender\u00e1 la inclusi\u00f3n del ramal cant\u00e1brico de carreteras en el Corredor Atl\u00e1ntico - El Digital de Asturias","headline":"Espa\u00f1a defender\u00e1 la inclusi\u00f3n del ramal cant\u00e1brico de carreteras en el Corredor Atl\u00e1ntico","author":{"@id":"https:\/\/www.eldigitaldeasturias.com\/noticias\/author\/admin\/#author"},"publisher":{"@id":"https:\/\/www.eldigitaldeasturias.com\/noticias\/#organization"},"image":{"@type":"ImageObject","url":959941},"datePublished":"2017-11-16T00:39:10+01:00","dateModified":"2017-11-16T00:39:10+01:00","inLanguage":"es-ES","mainEntityOfPage":{"@id":"https:\/\/www.eldigitaldeasturias.com\/noticias\/espana-defendera-la-inclusion-del-ramal-cantabrico-de-carreteras-en-el-corredor-atlantico\/#webpage"},"isPartOf":{"@id":"https:\/\/www.eldigitaldeasturias.com\/noticias\/espana-defendera-la-inclusion-del-ramal-cantabrico-de-carreteras-en-el-corredor-atlantico\/#webpage"},"articleSection":"Actualidad"},{"@type":"BreadcrumbList","@id":"https:\/\/www.eldigitaldeasturias.com\/noticias\/espana-defendera-la-inclusion-del-ramal-cantabrico-de-carreteras-en-el-corredor-atlantico\/#breadcrumblist","itemListElement":[{"@type":"ListItem","@id":"https:\/\/www.eldigitaldeasturias.com\/noticias#listItem","position":1,"name":"Home","item":"https:\/\/www.eldigitaldeasturias.com\/noticias","nextItem":{"@type":"ListItem","@id":"https:\/\/www.eldigitaldeasturias.com\/noticias\/category\/actualidad\/#listItem","name":"Actualidad"}},{"@type":"ListItem","@id":"https:\/\/www.eldigitaldeasturias.com\/noticias\/category\/actualidad\/#listItem","position":2,"name":"Actualidad","item":"https:\/\/www.eldigitaldeasturias.com\/noticias\/category\/actualidad\/","nextItem":{"@type":"ListItem","@id":"https:\/\/www.eldigitaldeasturias.com\/noticias\/espana-defendera-la-inclusion-del-ramal-cantabrico-de-carreteras-en-el-corredor-atlantico\/#listItem","name":"Espa\u00f1a defender\u00e1 la inclusi\u00f3n del ramal cant\u00e1brico de carreteras en el Corredor Atl\u00e1ntico"},"previousItem":{"@type":"ListItem","@id":"https:\/\/www.eldigitaldeasturias.com\/noticias#listItem","name":"Home"}},{"@type":"ListItem","@id":"https:\/\/www.eldigitaldeasturias.com\/noticias\/espana-defendera-la-inclusion-del-ramal-cantabrico-de-carreteras-en-el-corredor-atlantico\/#listItem","position":3,"name":"Espa\u00f1a defender\u00e1 la inclusi\u00f3n del ramal cant\u00e1brico de carreteras en el Corredor Atl\u00e1ntico","previousItem":{"@type":"ListItem","@id":"https:\/\/www.eldigitaldeasturias.com\/noticias\/category\/actualidad\/#listItem","name":"Actualidad"}}]},{"@type":"Organization","@id":"https:\/\/www.eldigitaldeasturias.com\/noticias\/#organization","name":"El Digital de Asturias","description":"Hemeroteca","url":"https:\/\/www.eldigitaldeasturias.com\/noticias\/","email":"info@eldigitaldeasturias.com","telephone":"+34652131393","logo":{"@type":"ImageObject","url":"https:\/\/www.eldigitaldeasturias.com\/noticias\/wp-content\/uploads\/2020\/12\/EDA.jpg","@id":"https:\/\/www.eldigitaldeasturias.com\/noticias\/espana-defendera-la-inclusion-del-ramal-cantabrico-de-carreteras-en-el-corredor-atlantico\/#organizationLogo"},"image":{"@id":"https:\/\/www.eldigitaldeasturias.com\/noticias\/espana-defendera-la-inclusion-del-ramal-cantabrico-de-carreteras-en-el-corredor-atlantico\/#organizationLogo"},"sameAs":["https:\/\/facebook.com\/eldigitaldeasturias","https:\/\/www.youtube.com\/channel\/UCZP-2wLEB9Rv6erhFmqVnvg"],"address":{"@id":"https:\/\/www.eldigitaldeasturias.com\/noticias\/#postaladdress","@type":"PostalAddress","streetAddress":"san antonio 4","postalCode":"33430","addressLocality":"Cand\u00e1s","addressRegion":"Asturias","addressCountry":"ES"}},{"@type":"Person","@id":"https:\/\/www.eldigitaldeasturias.com\/noticias\/author\/admin\/#author","url":"https:\/\/www.eldigitaldeasturias.com\/noticias\/author\/admin\/","name":"El Digital de Asturias","image":{"@type":"ImageObject","@id":"https:\/\/www.eldigitaldeasturias.com\/noticias\/espana-defendera-la-inclusion-del-ramal-cantabrico-de-carreteras-en-el-corredor-atlantico\/#authorImage","url":"https:\/\/secure.gravatar.com\/avatar\/df2aeffc32bcd13f8d26072ef8a91b623d677766deac7f97ca815868cd41bf5e?s=96&d=mm&r=g","width":96,"height":96,"caption":"El Digital de Asturias"}},{"@type":"WebPage","@id":"https:\/\/www.eldigitaldeasturias.com\/noticias\/espana-defendera-la-inclusion-del-ramal-cantabrico-de-carreteras-en-el-corredor-atlantico\/#webpage","url":"https:\/\/www.eldigitaldeasturias.com\/noticias\/espana-defendera-la-inclusion-del-ramal-cantabrico-de-carreteras-en-el-corredor-atlantico\/","name":"Espa\u00f1a defender\u00e1 la inclusi\u00f3n del ramal cant\u00e1brico de carreteras en el Corredor Atl\u00e1ntico - El Digital de Asturias","description":"El ministro de Fomento, \u00cd\u00f1igo de la Serna, se ha reunido en Estrasburgo con el coordinador europeo del Corredor Atl\u00e1ntico, Carlo Secchi, a quien ha adelantado que Espa\u00f1a defender\u00e1 la inclusi\u00f3n del ramal cant\u00e1brico de carreteras dentro del Corredor Atl\u00e1ntico para que tenga mayor prioridad en la recepci\u00f3n de fondos CEF. El ramal cant\u00e1brico viario","inLanguage":"es-ES","isPartOf":{"@id":"https:\/\/www.eldigitaldeasturias.com\/noticias\/#website"},"breadcrumb":{"@id":"https:\/\/www.eldigitaldeasturias.com\/noticias\/espana-defendera-la-inclusion-del-ramal-cantabrico-de-carreteras-en-el-corredor-atlantico\/#breadcrumblist"},"author":{"@id":"https:\/\/www.eldigitaldeasturias.com\/noticias\/author\/admin\/#author"},"creator":{"@id":"https:\/\/www.eldigitaldeasturias.com\/noticias\/author\/admin\/#author"},"image":{"@type":"ImageObject","url":959941,"@id":"https:\/\/www.eldigitaldeasturias.com\/noticias\/espana-defendera-la-inclusion-del-ramal-cantabrico-de-carreteras-en-el-corredor-atlantico\/#mainImage"},"primaryImageOfPage":{"@id":"https:\/\/www.eldigitaldeasturias.com\/noticias\/espana-defendera-la-inclusion-del-ramal-cantabrico-de-carreteras-en-el-corredor-atlantico\/#mainImage"},"datePublished":"2017-11-16T00:39:10+01:00","dateModified":"2017-11-16T00:39:10+01:00"},{"@type":"WebSite","@id":"https:\/\/www.eldigitaldeasturias.com\/noticias\/#website","url":"https:\/\/www.eldigitaldeasturias.com\/noticias\/","name":"El Digital de Asturias - Diario de actualidad y noticias","alternateName":"El Digital de Asturias - Diario de actualidad y noticias","description":"Hemeroteca","inLanguage":"es-ES","publisher":{"@id":"https:\/\/www.eldigitaldeasturias.com\/noticias\/#organization"}}]},"og:locale":"es_ES","og:site_name":"El Digital de Asturias","og:type":"article","og:title":"Espa\u00f1a defender\u00e1 la inclusi\u00f3n del ramal cant\u00e1brico de carreteras en el Corredor Atl\u00e1ntico - El Digital de Asturias","og:description":"El ministro de Fomento, \u00cd\u00f1igo de la Serna, se ha reunido en Estrasburgo con el coordinador europeo del Corredor Atl\u00e1ntico, Carlo Secchi, a quien ha adelantado que Espa\u00f1a defender\u00e1 la inclusi\u00f3n del ramal cant\u00e1brico de carreteras dentro del Corredor Atl\u00e1ntico para que tenga mayor prioridad en la recepci\u00f3n de fondos CEF. El ramal cant\u00e1brico viario","og:url":"https:\/\/www.eldigitaldeasturias.com\/noticias\/espana-defendera-la-inclusion-del-ramal-cantabrico-de-carreteras-en-el-corredor-atlantico\/","article:tag":["actualidad"],"article:published_time":"2017-11-16T00:39:10+00:00","article:modified_time":"2017-11-16T00:39:10+00:00","article:publisher":"https:\/\/facebook.com\/eldigitaldeasturias","twitter:card":"summary_large_image","twitter:title":"Espa\u00f1a defender\u00e1 la inclusi\u00f3n del ramal cant\u00e1brico de carreteras en el Corredor Atl\u00e1ntico - El Digital de Asturias","twitter:description":"El ministro de Fomento, \u00cd\u00f1igo de la Serna, se ha reunido en Estrasburgo con el coordinador europeo del Corredor Atl\u00e1ntico, Carlo Secchi, a quien ha adelantado que Espa\u00f1a defender\u00e1 la inclusi\u00f3n del ramal cant\u00e1brico de carreteras dentro del Corredor Atl\u00e1ntico para que tenga mayor prioridad en la recepci\u00f3n de fondos CEF. El ramal cant\u00e1brico viario","twitter:image":"https:\/\/www.eldigitaldeasturias.com\/noticias\/wp-content\/uploads\/2020\/12\/EDA-1.jpg","twitter:label1":"Escrito por","twitter:data1":"El Digital de Asturias","twitter:label2":"Tiempo de lectura estimado","twitter:data2":"3 minutos"},"aioseo_meta_data":{"post_id":"959940","title":null,"description":null,"keywords":null,"keyphrases":null,"primary_term":null,"canonical_url":null,"og_title":null,"og_description":null,"og_object_type":"default","og_image_type":"default","og_image_url":null,"og_image_width":null,"og_image_height":null,"og_image_custom_url":null,"og_image_custom_fields":null,"og_video":null,"og_custom_url":null,"og_article_section":null,"og_article_tags":null,"twitter_use_og":false,"twitter_card":"default","twitter_image_type":"default","twitter_image_url":null,"twitter_image_custom_url":null,"twitter_image_custom_fields":null,"twitter_title":null,"twitter_description":null,"schema":{"blockGraphs":[],"customGraphs":[],"default":{"data":{"Article":[],"Course":[],"Dataset":[],"FAQPage":[],"Movie":[],"Person":[],"Product":[],"ProductReview":[],"Car":[],"Recipe":[],"Service":[],"SoftwareApplication":[],"WebPage":[]},"graphName":"","isEnabled":true},"graphs":[],"defaultGraph":"","defaultPostTypeGraph":""},"schema_type":null,"schema_type_options":null,"pillar_content":false,"robots_default":true,"robots_noindex":false,"robots_noarchive":false,"robots_nosnippet":false,"robots_nofollow":false,"robots_noimageindex":false,"robots_noodp":false,"robots_notranslate":false,"robots_max_snippet":null,"robots_max_videopreview":null,"robots_max_imagepreview":"large","priority":null,"frequency":null,"local_seo":null,"seo_analyzer_scan_date":"2025-12-07 03:19:28","breadcrumb_settings":null,"limit_modified_date":false,"open_ai":null,"ai":null,"created":"2020-12-21 12:53:18","updated":"2025-12-07 03:19:28","focus_keyword":null,"additional_keywords":null,"truseo_locale":null},"aioseo_breadcrumb":"<div class=\"aioseo-breadcrumbs\"><span class=\"aioseo-breadcrumb\">\n\t<a href=\"https:\/\/www.eldigitaldeasturias.com\/noticias\" title=\"Home\">Home<\/a>\n<\/span><span class=\"aioseo-breadcrumb-separator\">\u2013<\/span><span class=\"aioseo-breadcrumb\">\n\t<a href=\"https:\/\/www.eldigitaldeasturias.com\/noticias\/category\/actualidad\/\" title=\"Actualidad\">Actualidad<\/a>\n<\/span><span class=\"aioseo-breadcrumb-separator\">\u2013<\/span><span class=\"aioseo-breadcrumb\">\n\t<a href=\"https:\/\/www.eldigitaldeasturias.com\/noticias\/espana-defendera-la-inclusion-del-ramal-cantabrico-de-carreteras-en-el-corredor-atlantico\/\" title=\"Espa\u00f1a defender\u00e1 la inclusi\u00f3n del ramal cant\u00e1brico de carreteras en el Corredor Atl\u00e1ntico\">Espa\u00f1a defender\u00e1 la inclusi\u00f3n del ramal cant\u00e1brico de carreteras en el Corredor Atl\u00e1ntico<\/a>\n<\/span><\/div>","aioseo_breadcrumb_json":[{"label":"Home","link":"https:\/\/www.eldigitaldeasturias.com\/noticias"},{"label":"Actualidad","link":"https:\/\/www.eldigitaldeasturias.com\/noticias\/category\/actualidad\/"},{"label":"Espa\u00f1a defender\u00e1 la inclusi\u00f3n del ramal cant\u00e1brico de carreteras en el Corredor Atl\u00e1ntico","link":"https:\/\/www.eldigitaldeasturias.com\/noticias\/espana-defendera-la-inclusion-del-ramal-cantabrico-de-carreteras-en-el-corredor-atlantico\/"}],"_links":{"self":[{"href":"https:\/\/www.eldigitaldeasturias.com\/noticias\/wp-json\/wp\/v2\/posts\/959940","targetHints":{"allow":["GET"]}}],"collection":[{"href":"https:\/\/www.eldigitaldeasturias.com\/noticias\/wp-json\/wp\/v2\/posts"}],"about":[{"href":"https:\/\/www.eldigitaldeasturias.com\/noticias\/wp-json\/wp\/v2\/types\/post"}],"author":[{"embeddable":true,"href":"https:\/\/www.eldigitaldeasturias.com\/noticias\/wp-json\/wp\/v2\/users\/1"}],"replies":[{"embeddable":true,"href":"https:\/\/www.eldigitaldeasturias.com\/noticias\/wp-json\/wp\/v2\/comments?post=959940"}],"version-history":[{"count":0,"href":"https:\/\/www.eldigitaldeasturias.com\/noticias\/wp-json\/wp\/v2\/posts\/959940\/revisions"}],"wp:attachment":[{"href":"https:\/\/www.eldigitaldeasturias.com\/noticias\/wp-json\/wp\/v2\/media?parent=959940"}],"wp:term":[{"taxonomy":"category","embeddable":true,"href":"https:\/\/www.eldigitaldeasturias.com\/noticias\/wp-json\/wp\/v2\/categories?post=959940"},{"taxonomy":"post_tag","embeddable":true,"href":"https:\/\/www.eldigitaldeasturias.com\/noticias\/wp-json\/wp\/v2\/tags?post=959940"}],"curies":[{"name":"wp","href":"https:\/\/api.w.org\/{rel}","templated":true}]}}