{"id":959931,"date":"2017-11-15T23:28:47","date_gmt":"2017-11-15T23:28:47","guid":{"rendered":"http:\/\/www.eldigitaldeasturias.com\/noticias\/?p=959931"},"modified":"2017-11-15T23:28:47","modified_gmt":"2017-11-15T23:28:47","slug":"energia-facilita-el-despliegue-de-puntos-de-recarga-de-los-vehiculos-electricos","status":"publish","type":"post","link":"https:\/\/www.eldigitaldeasturias.com\/noticias\/energia-facilita-el-despliegue-de-puntos-de-recarga-de-los-vehiculos-electricos\/","title":{"rendered":"Energ\u00eda facilita el despliegue de puntos de recarga de los veh\u00edculos el\u00e9ctricos"},"content":{"rendered":"<p><img loading=\"lazy\" decoding=\"async\" class=\"alignleft size-medium wp-image-959932\" src=\"https:\/\/www.eldigitaldeasturias.com\/noticias\/wp-content\/uploads\/2017\/11\/CocheElectrico-360x239.jpg\" alt=\"\" width=\"360\" height=\"239\" \/>El Ministerio de Energ\u00eda, Turismo y Agenda Digital (MINETAD) ha remitido a la Comisi\u00f3n Nacional de los Mercados y la Competencia (CNMC) el Real Decreto que simplifica la regulaci\u00f3n del gestor de cargas, que actualmente se encuentra en el Real Decreto 647\/2011, de 9 de mayo, por el que se regula su actividad para la realizaci\u00f3n de servicios de recarga energ\u00e9tica.<\/p>\n<p>\u200bEsta simplificaci\u00f3n pretende remover obst\u00e1culos para facilitar el despliegue \u00e1gil y ordenado de la infraestructura de recarga. La reforma contribuir\u00e1 al despliegue de puntos de recarga asociados a distintas actividades, en particular en el sector servicios y hostelero, cuya actividad principal no sea la de prestaci\u00f3n de servicios de recarga, y donde existe un gran potencial.<\/p>\n<p>La reforma elimina la necesidad de que el objeto social de los estatutos de las empresas deba recoger expresamente la realizaci\u00f3n de la actividad de gestor de cargas, as\u00ed como que las instalaciones de recarga deban estar asociadas a un contrato separado de suministro el\u00e9ctrico. Asimismo, se elimina la obligaci\u00f3n de disponer de una acometida independiente a la del consumidor cuya actividad principal sea otra distinta a la de gestor de cargas, y se suprimen las obligaciones de medida independiente para los puntos de recarga.<\/p>\n<p>Adem\u00e1s, se permite la contrataci\u00f3n de los servicios de una empresa especializada para la gesti\u00f3n de sus obligaciones.<\/p>\n<p>Con todo ello, se facilita que cualquier sociedad mercantil que sea consumidor de energ\u00eda el\u00e9ctrica (hoteles, aparcamientos, centros comerciales, aparcamientos de empresas, etc.) pueda instalar puntos de recarga al eliminar los obst\u00e1culos que pudieran existir.<\/p>\n<p>Adem\u00e1s, la reforma minimiza las cargas administrativas al suprimir las obligaciones de remisi\u00f3n anual de informaci\u00f3n a la Administraci\u00f3n. Por su parte, se mantendr\u00e1 una base de datos georreferenciada y disponible al p\u00fablico con todos los gestores de carga y sus instalaciones, de forma similar a la ya existente en la actualidad con las estaciones de servicio de carburante. As\u00ed, todos los usuarios podr\u00e1n acceder a la informaci\u00f3n relativa a los puntos de recarga y a su ubicaci\u00f3n.<\/p>\n<p>Con esta modificaci\u00f3n, el Gobierno refuerza su pol\u00edtica de apoyo a la movilidad eficiente energ\u00e9ticamente y sostenible. El objetivo final es dar un impulso conjunto al desarrollo de la movilidad alternativa, incentivar la demanda de veh\u00edculos alternativos y las infraestructuras de recarga el\u00e9ctricas como recoge el Plan MOVALT. Las convocatorias de este plan destinar\u00e1n 20 millones de euros para la adquisici\u00f3n de veh\u00edculos alternativos, 15 millones de euros para la instalaci\u00f3n de puntos de recarga de veh\u00edculos el\u00e9ctricos y 15 millones de euros para fomento de la I+D+i en proyectos relacionados con este campo.<\/p>\n","protected":false},"excerpt":{"rendered":"<p>El Ministerio de Energ\u00eda, Turismo y Agenda Digital (MINETAD) ha remitido a la Comisi\u00f3n Nacional de los Mercados y la Competencia (CNMC) el Real Decreto que simplifica la regulaci\u00f3n del gestor de cargas, que actualmente se encuentra en el Real Decreto 647\/2011, de 9 de mayo, por el que se regula su actividad para la [&hellip;]<\/p>\n","protected":false},"author":1,"featured_media":959932,"comment_status":"closed","ping_status":"closed","sticky":false,"template":"","format":"standard","meta":{"footnotes":""},"categories":[1],"tags":[],"class_list":["post-959931","post","type-post","status-publish","format-standard","has-post-thumbnail","hentry","category-actualidad"],"aioseo_notices":[],"aioseo_head":"\n\t\t<!-- All in One SEO Pro 5.0.1 - aioseo.com -->\n\t<meta name=\"description\" content=\"El Ministerio de Energ\u00eda, Turismo y Agenda Digital (MINETAD) ha remitido a la Comisi\u00f3n Nacional de los Mercados y la Competencia (CNMC) el Real Decreto que simplifica la regulaci\u00f3n del gestor de cargas, que actualmente se encuentra en el Real Decreto 647\/2011, de 9 de mayo, por el que se regula su actividad para la\" \/>\n\t<meta name=\"robots\" content=\"max-image-preview:large\" \/>\n\t<meta name=\"author\" content=\"El Digital de Asturias\"\/>\n\t<meta name=\"google-site-verification\" content=\"UA-38556648-1\" \/>\n\t<meta name=\"msvalidate.01\" content=\"7dfe9f3f1b24437ab69f4f2559babe99\" \/>\n\t<meta name=\"keywords\" content=\"actualidad\" \/>\n\t<link rel=\"canonical\" href=\"https:\/\/www.eldigitaldeasturias.com\/noticias\/energia-facilita-el-despliegue-de-puntos-de-recarga-de-los-vehiculos-electricos\/\" \/>\n\t<meta name=\"generator\" content=\"All in One SEO Pro (AIOSEO) 5.0.1\" \/>\n\t\t<meta property=\"og:locale\" content=\"es_ES\" \/>\n\t\t<meta property=\"og:site_name\" content=\"El Digital de Asturias\" \/>\n\t\t<meta property=\"og:type\" content=\"article\" \/>\n\t\t<meta property=\"og:title\" content=\"Energ\u00eda facilita el despliegue de puntos de recarga de los veh\u00edculos el\u00e9ctricos - El Digital de Asturias\" \/>\n\t\t<meta property=\"og:description\" content=\"El Ministerio de Energ\u00eda, Turismo y Agenda Digital (MINETAD) ha remitido a la Comisi\u00f3n Nacional de los Mercados y la Competencia (CNMC) el Real Decreto que simplifica la regulaci\u00f3n del gestor de cargas, que actualmente se encuentra en el Real Decreto 647\/2011, de 9 de mayo, por el que se regula su actividad para la\" \/>\n\t\t<meta property=\"og:url\" content=\"https:\/\/www.eldigitaldeasturias.com\/noticias\/energia-facilita-el-despliegue-de-puntos-de-recarga-de-los-vehiculos-electricos\/\" \/>\n\t\t<meta property=\"article:tag\" content=\"actualidad\" \/>\n\t\t<meta property=\"article:published_time\" content=\"2017-11-15T23:28:47+00:00\" \/>\n\t\t<meta property=\"article:modified_time\" content=\"2017-11-15T23:28:47+00:00\" \/>\n\t\t<meta property=\"article:publisher\" content=\"https:\/\/facebook.com\/eldigitaldeasturias\" \/>\n\t\t<meta name=\"twitter:card\" content=\"summary_large_image\" \/>\n\t\t<meta name=\"twitter:title\" content=\"Energ\u00eda facilita el despliegue de puntos de recarga de los veh\u00edculos el\u00e9ctricos - El Digital de Asturias\" \/>\n\t\t<meta name=\"twitter:description\" content=\"El Ministerio de Energ\u00eda, Turismo y Agenda Digital (MINETAD) ha remitido a la Comisi\u00f3n Nacional de los Mercados y la Competencia (CNMC) el Real Decreto que simplifica la regulaci\u00f3n del gestor de cargas, que actualmente se encuentra en el Real Decreto 647\/2011, de 9 de mayo, por el que se regula su actividad para la\" \/>\n\t\t<meta name=\"twitter:image\" content=\"https:\/\/www.eldigitaldeasturias.com\/noticias\/wp-content\/uploads\/2020\/12\/EDA-1.jpg\" \/>\n\t\t<meta name=\"twitter:label1\" content=\"Escrito por\" \/>\n\t\t<meta name=\"twitter:data1\" content=\"El Digital de Asturias\" \/>\n\t\t<meta name=\"twitter:label2\" content=\"Tiempo de lectura estimado\" \/>\n\t\t<meta name=\"twitter:data2\" content=\"2 minutos\" \/>\n\t\t<script type=\"application\/ld+json\" class=\"aioseo-schema\">\n\t\t\t{\"@context\":\"https:\\\/\\\/schema.org\",\"@graph\":[{\"@type\":\"BlogPosting\",\"@id\":\"https:\\\/\\\/www.eldigitaldeasturias.com\\\/noticias\\\/energia-facilita-el-despliegue-de-puntos-de-recarga-de-los-vehiculos-electricos\\\/#blogposting\",\"name\":\"Energ\\u00eda facilita el despliegue de puntos de recarga de los veh\\u00edculos el\\u00e9ctricos - El Digital de Asturias\",\"headline\":\"Energ\\u00eda facilita el despliegue de puntos de recarga de los veh\\u00edculos el\\u00e9ctricos\",\"author\":{\"@id\":\"https:\\\/\\\/www.eldigitaldeasturias.com\\\/noticias\\\/author\\\/admin\\\/#author\"},\"publisher\":{\"@id\":\"https:\\\/\\\/www.eldigitaldeasturias.com\\\/noticias\\\/#organization\"},\"image\":{\"@type\":\"ImageObject\",\"url\":959932},\"datePublished\":\"2017-11-15T23:28:47+01:00\",\"dateModified\":\"2017-11-15T23:28:47+01:00\",\"inLanguage\":\"es-ES\",\"mainEntityOfPage\":{\"@id\":\"https:\\\/\\\/www.eldigitaldeasturias.com\\\/noticias\\\/energia-facilita-el-despliegue-de-puntos-de-recarga-de-los-vehiculos-electricos\\\/#webpage\"},\"isPartOf\":{\"@id\":\"https:\\\/\\\/www.eldigitaldeasturias.com\\\/noticias\\\/energia-facilita-el-despliegue-de-puntos-de-recarga-de-los-vehiculos-electricos\\\/#webpage\"},\"articleSection\":\"Actualidad\"},{\"@type\":\"BreadcrumbList\",\"@id\":\"https:\\\/\\\/www.eldigitaldeasturias.com\\\/noticias\\\/energia-facilita-el-despliegue-de-puntos-de-recarga-de-los-vehiculos-electricos\\\/#breadcrumblist\",\"itemListElement\":[{\"@type\":\"ListItem\",\"@id\":\"https:\\\/\\\/www.eldigitaldeasturias.com\\\/noticias#listItem\",\"position\":1,\"name\":\"Home\",\"item\":\"https:\\\/\\\/www.eldigitaldeasturias.com\\\/noticias\",\"nextItem\":{\"@type\":\"ListItem\",\"@id\":\"https:\\\/\\\/www.eldigitaldeasturias.com\\\/noticias\\\/category\\\/actualidad\\\/#listItem\",\"name\":\"Actualidad\"}},{\"@type\":\"ListItem\",\"@id\":\"https:\\\/\\\/www.eldigitaldeasturias.com\\\/noticias\\\/category\\\/actualidad\\\/#listItem\",\"position\":2,\"name\":\"Actualidad\",\"item\":\"https:\\\/\\\/www.eldigitaldeasturias.com\\\/noticias\\\/category\\\/actualidad\\\/\",\"nextItem\":{\"@type\":\"ListItem\",\"@id\":\"https:\\\/\\\/www.eldigitaldeasturias.com\\\/noticias\\\/energia-facilita-el-despliegue-de-puntos-de-recarga-de-los-vehiculos-electricos\\\/#listItem\",\"name\":\"Energ\\u00eda facilita el despliegue de puntos de recarga de los veh\\u00edculos el\\u00e9ctricos\"},\"previousItem\":{\"@type\":\"ListItem\",\"@id\":\"https:\\\/\\\/www.eldigitaldeasturias.com\\\/noticias#listItem\",\"name\":\"Home\"}},{\"@type\":\"ListItem\",\"@id\":\"https:\\\/\\\/www.eldigitaldeasturias.com\\\/noticias\\\/energia-facilita-el-despliegue-de-puntos-de-recarga-de-los-vehiculos-electricos\\\/#listItem\",\"position\":3,\"name\":\"Energ\\u00eda facilita el despliegue de puntos de recarga de los veh\\u00edculos el\\u00e9ctricos\",\"previousItem\":{\"@type\":\"ListItem\",\"@id\":\"https:\\\/\\\/www.eldigitaldeasturias.com\\\/noticias\\\/category\\\/actualidad\\\/#listItem\",\"name\":\"Actualidad\"}}]},{\"@type\":\"Organization\",\"@id\":\"https:\\\/\\\/www.eldigitaldeasturias.com\\\/noticias\\\/#organization\",\"name\":\"El Digital de Asturias\",\"description\":\"Hemeroteca\",\"url\":\"https:\\\/\\\/www.eldigitaldeasturias.com\\\/noticias\\\/\",\"email\":\"info@eldigitaldeasturias.com\",\"telephone\":\"+34652131393\",\"logo\":{\"@type\":\"ImageObject\",\"url\":\"https:\\\/\\\/www.eldigitaldeasturias.com\\\/noticias\\\/wp-content\\\/uploads\\\/2020\\\/12\\\/EDA.jpg\",\"@id\":\"https:\\\/\\\/www.eldigitaldeasturias.com\\\/noticias\\\/energia-facilita-el-despliegue-de-puntos-de-recarga-de-los-vehiculos-electricos\\\/#organizationLogo\"},\"image\":{\"@id\":\"https:\\\/\\\/www.eldigitaldeasturias.com\\\/noticias\\\/energia-facilita-el-despliegue-de-puntos-de-recarga-de-los-vehiculos-electricos\\\/#organizationLogo\"},\"sameAs\":[\"https:\\\/\\\/facebook.com\\\/eldigitaldeasturias\",\"https:\\\/\\\/www.youtube.com\\\/channel\\\/UCZP-2wLEB9Rv6erhFmqVnvg\"],\"address\":{\"@id\":\"https:\\\/\\\/www.eldigitaldeasturias.com\\\/noticias\\\/#postaladdress\",\"@type\":\"PostalAddress\",\"streetAddress\":\"san antonio 4\",\"postalCode\":\"33430\",\"addressLocality\":\"Cand\\u00e1s\",\"addressRegion\":\"Asturias\",\"addressCountry\":\"ES\"}},{\"@type\":\"Person\",\"@id\":\"https:\\\/\\\/www.eldigitaldeasturias.com\\\/noticias\\\/author\\\/admin\\\/#author\",\"url\":\"https:\\\/\\\/www.eldigitaldeasturias.com\\\/noticias\\\/author\\\/admin\\\/\",\"name\":\"El Digital de Asturias\",\"image\":{\"@type\":\"ImageObject\",\"@id\":\"https:\\\/\\\/www.eldigitaldeasturias.com\\\/noticias\\\/energia-facilita-el-despliegue-de-puntos-de-recarga-de-los-vehiculos-electricos\\\/#authorImage\",\"url\":\"https:\\\/\\\/secure.gravatar.com\\\/avatar\\\/df2aeffc32bcd13f8d26072ef8a91b623d677766deac7f97ca815868cd41bf5e?s=96&d=mm&r=g\",\"width\":96,\"height\":96,\"caption\":\"El Digital de Asturias\"}},{\"@type\":\"WebPage\",\"@id\":\"https:\\\/\\\/www.eldigitaldeasturias.com\\\/noticias\\\/energia-facilita-el-despliegue-de-puntos-de-recarga-de-los-vehiculos-electricos\\\/#webpage\",\"url\":\"https:\\\/\\\/www.eldigitaldeasturias.com\\\/noticias\\\/energia-facilita-el-despliegue-de-puntos-de-recarga-de-los-vehiculos-electricos\\\/\",\"name\":\"Energ\\u00eda facilita el despliegue de puntos de recarga de los veh\\u00edculos el\\u00e9ctricos - El Digital de Asturias\",\"description\":\"El Ministerio de Energ\\u00eda, Turismo y Agenda Digital (MINETAD) ha remitido a la Comisi\\u00f3n Nacional de los Mercados y la Competencia (CNMC) el Real Decreto que simplifica la regulaci\\u00f3n del gestor de cargas, que actualmente se encuentra en el Real Decreto 647\\\/2011, de 9 de mayo, por el que se regula su actividad para la\",\"inLanguage\":\"es-ES\",\"isPartOf\":{\"@id\":\"https:\\\/\\\/www.eldigitaldeasturias.com\\\/noticias\\\/#website\"},\"breadcrumb\":{\"@id\":\"https:\\\/\\\/www.eldigitaldeasturias.com\\\/noticias\\\/energia-facilita-el-despliegue-de-puntos-de-recarga-de-los-vehiculos-electricos\\\/#breadcrumblist\"},\"author\":{\"@id\":\"https:\\\/\\\/www.eldigitaldeasturias.com\\\/noticias\\\/author\\\/admin\\\/#author\"},\"creator\":{\"@id\":\"https:\\\/\\\/www.eldigitaldeasturias.com\\\/noticias\\\/author\\\/admin\\\/#author\"},\"image\":{\"@type\":\"ImageObject\",\"url\":959932,\"@id\":\"https:\\\/\\\/www.eldigitaldeasturias.com\\\/noticias\\\/energia-facilita-el-despliegue-de-puntos-de-recarga-de-los-vehiculos-electricos\\\/#mainImage\"},\"primaryImageOfPage\":{\"@id\":\"https:\\\/\\\/www.eldigitaldeasturias.com\\\/noticias\\\/energia-facilita-el-despliegue-de-puntos-de-recarga-de-los-vehiculos-electricos\\\/#mainImage\"},\"datePublished\":\"2017-11-15T23:28:47+01:00\",\"dateModified\":\"2017-11-15T23:28:47+01:00\"},{\"@type\":\"WebSite\",\"@id\":\"https:\\\/\\\/www.eldigitaldeasturias.com\\\/noticias\\\/#website\",\"url\":\"https:\\\/\\\/www.eldigitaldeasturias.com\\\/noticias\\\/\",\"name\":\"El Digital de Asturias - Diario de actualidad y noticias\",\"alternateName\":\"El Digital de Asturias - Diario de actualidad y noticias\",\"description\":\"Hemeroteca\",\"inLanguage\":\"es-ES\",\"publisher\":{\"@id\":\"https:\\\/\\\/www.eldigitaldeasturias.com\\\/noticias\\\/#organization\"}}]}\n\t\t<\/script>\n\t\t<!-- All in One SEO Pro -->\r\n\t\t<title>Energ\u00eda facilita el despliegue de puntos de recarga de los veh\u00edculos el\u00e9ctricos - El Digital de Asturias<\/title>\n\n","aioseo_head_json":{"title":"Energ\u00eda facilita el despliegue de puntos de recarga de los veh\u00edculos el\u00e9ctricos - El Digital de Asturias","description":"El Ministerio de Energ\u00eda, Turismo y Agenda Digital (MINETAD) ha remitido a la Comisi\u00f3n Nacional de los Mercados y la Competencia (CNMC) el Real Decreto que simplifica la regulaci\u00f3n del gestor de cargas, que actualmente se encuentra en el Real Decreto 647\/2011, de 9 de mayo, por el que se regula su actividad para la","canonical_url":"https:\/\/www.eldigitaldeasturias.com\/noticias\/energia-facilita-el-despliegue-de-puntos-de-recarga-de-los-vehiculos-electricos\/","robots":"max-image-preview:large","keywords":"actualidad","webmasterTools":{"google-site-verification":"UA-38556648-1","msvalidate.01":"7dfe9f3f1b24437ab69f4f2559babe99","miscellaneous":""},"schema":{"@context":"https:\/\/schema.org","@graph":[{"@type":"BlogPosting","@id":"https:\/\/www.eldigitaldeasturias.com\/noticias\/energia-facilita-el-despliegue-de-puntos-de-recarga-de-los-vehiculos-electricos\/#blogposting","name":"Energ\u00eda facilita el despliegue de puntos de recarga de los veh\u00edculos el\u00e9ctricos - El Digital de Asturias","headline":"Energ\u00eda facilita el despliegue de puntos de recarga de los veh\u00edculos el\u00e9ctricos","author":{"@id":"https:\/\/www.eldigitaldeasturias.com\/noticias\/author\/admin\/#author"},"publisher":{"@id":"https:\/\/www.eldigitaldeasturias.com\/noticias\/#organization"},"image":{"@type":"ImageObject","url":959932},"datePublished":"2017-11-15T23:28:47+01:00","dateModified":"2017-11-15T23:28:47+01:00","inLanguage":"es-ES","mainEntityOfPage":{"@id":"https:\/\/www.eldigitaldeasturias.com\/noticias\/energia-facilita-el-despliegue-de-puntos-de-recarga-de-los-vehiculos-electricos\/#webpage"},"isPartOf":{"@id":"https:\/\/www.eldigitaldeasturias.com\/noticias\/energia-facilita-el-despliegue-de-puntos-de-recarga-de-los-vehiculos-electricos\/#webpage"},"articleSection":"Actualidad"},{"@type":"BreadcrumbList","@id":"https:\/\/www.eldigitaldeasturias.com\/noticias\/energia-facilita-el-despliegue-de-puntos-de-recarga-de-los-vehiculos-electricos\/#breadcrumblist","itemListElement":[{"@type":"ListItem","@id":"https:\/\/www.eldigitaldeasturias.com\/noticias#listItem","position":1,"name":"Home","item":"https:\/\/www.eldigitaldeasturias.com\/noticias","nextItem":{"@type":"ListItem","@id":"https:\/\/www.eldigitaldeasturias.com\/noticias\/category\/actualidad\/#listItem","name":"Actualidad"}},{"@type":"ListItem","@id":"https:\/\/www.eldigitaldeasturias.com\/noticias\/category\/actualidad\/#listItem","position":2,"name":"Actualidad","item":"https:\/\/www.eldigitaldeasturias.com\/noticias\/category\/actualidad\/","nextItem":{"@type":"ListItem","@id":"https:\/\/www.eldigitaldeasturias.com\/noticias\/energia-facilita-el-despliegue-de-puntos-de-recarga-de-los-vehiculos-electricos\/#listItem","name":"Energ\u00eda facilita el despliegue de puntos de recarga de los veh\u00edculos el\u00e9ctricos"},"previousItem":{"@type":"ListItem","@id":"https:\/\/www.eldigitaldeasturias.com\/noticias#listItem","name":"Home"}},{"@type":"ListItem","@id":"https:\/\/www.eldigitaldeasturias.com\/noticias\/energia-facilita-el-despliegue-de-puntos-de-recarga-de-los-vehiculos-electricos\/#listItem","position":3,"name":"Energ\u00eda facilita el despliegue de puntos de recarga de los veh\u00edculos el\u00e9ctricos","previousItem":{"@type":"ListItem","@id":"https:\/\/www.eldigitaldeasturias.com\/noticias\/category\/actualidad\/#listItem","name":"Actualidad"}}]},{"@type":"Organization","@id":"https:\/\/www.eldigitaldeasturias.com\/noticias\/#organization","name":"El Digital de Asturias","description":"Hemeroteca","url":"https:\/\/www.eldigitaldeasturias.com\/noticias\/","email":"info@eldigitaldeasturias.com","telephone":"+34652131393","logo":{"@type":"ImageObject","url":"https:\/\/www.eldigitaldeasturias.com\/noticias\/wp-content\/uploads\/2020\/12\/EDA.jpg","@id":"https:\/\/www.eldigitaldeasturias.com\/noticias\/energia-facilita-el-despliegue-de-puntos-de-recarga-de-los-vehiculos-electricos\/#organizationLogo"},"image":{"@id":"https:\/\/www.eldigitaldeasturias.com\/noticias\/energia-facilita-el-despliegue-de-puntos-de-recarga-de-los-vehiculos-electricos\/#organizationLogo"},"sameAs":["https:\/\/facebook.com\/eldigitaldeasturias","https:\/\/www.youtube.com\/channel\/UCZP-2wLEB9Rv6erhFmqVnvg"],"address":{"@id":"https:\/\/www.eldigitaldeasturias.com\/noticias\/#postaladdress","@type":"PostalAddress","streetAddress":"san antonio 4","postalCode":"33430","addressLocality":"Cand\u00e1s","addressRegion":"Asturias","addressCountry":"ES"}},{"@type":"Person","@id":"https:\/\/www.eldigitaldeasturias.com\/noticias\/author\/admin\/#author","url":"https:\/\/www.eldigitaldeasturias.com\/noticias\/author\/admin\/","name":"El Digital de Asturias","image":{"@type":"ImageObject","@id":"https:\/\/www.eldigitaldeasturias.com\/noticias\/energia-facilita-el-despliegue-de-puntos-de-recarga-de-los-vehiculos-electricos\/#authorImage","url":"https:\/\/secure.gravatar.com\/avatar\/df2aeffc32bcd13f8d26072ef8a91b623d677766deac7f97ca815868cd41bf5e?s=96&d=mm&r=g","width":96,"height":96,"caption":"El Digital de Asturias"}},{"@type":"WebPage","@id":"https:\/\/www.eldigitaldeasturias.com\/noticias\/energia-facilita-el-despliegue-de-puntos-de-recarga-de-los-vehiculos-electricos\/#webpage","url":"https:\/\/www.eldigitaldeasturias.com\/noticias\/energia-facilita-el-despliegue-de-puntos-de-recarga-de-los-vehiculos-electricos\/","name":"Energ\u00eda facilita el despliegue de puntos de recarga de los veh\u00edculos el\u00e9ctricos - El Digital de Asturias","description":"El Ministerio de Energ\u00eda, Turismo y Agenda Digital (MINETAD) ha remitido a la Comisi\u00f3n Nacional de los Mercados y la Competencia (CNMC) el Real Decreto que simplifica la regulaci\u00f3n del gestor de cargas, que actualmente se encuentra en el Real Decreto 647\/2011, de 9 de mayo, por el que se regula su actividad para la","inLanguage":"es-ES","isPartOf":{"@id":"https:\/\/www.eldigitaldeasturias.com\/noticias\/#website"},"breadcrumb":{"@id":"https:\/\/www.eldigitaldeasturias.com\/noticias\/energia-facilita-el-despliegue-de-puntos-de-recarga-de-los-vehiculos-electricos\/#breadcrumblist"},"author":{"@id":"https:\/\/www.eldigitaldeasturias.com\/noticias\/author\/admin\/#author"},"creator":{"@id":"https:\/\/www.eldigitaldeasturias.com\/noticias\/author\/admin\/#author"},"image":{"@type":"ImageObject","url":959932,"@id":"https:\/\/www.eldigitaldeasturias.com\/noticias\/energia-facilita-el-despliegue-de-puntos-de-recarga-de-los-vehiculos-electricos\/#mainImage"},"primaryImageOfPage":{"@id":"https:\/\/www.eldigitaldeasturias.com\/noticias\/energia-facilita-el-despliegue-de-puntos-de-recarga-de-los-vehiculos-electricos\/#mainImage"},"datePublished":"2017-11-15T23:28:47+01:00","dateModified":"2017-11-15T23:28:47+01:00"},{"@type":"WebSite","@id":"https:\/\/www.eldigitaldeasturias.com\/noticias\/#website","url":"https:\/\/www.eldigitaldeasturias.com\/noticias\/","name":"El Digital de Asturias - Diario de actualidad y noticias","alternateName":"El Digital de Asturias - Diario de actualidad y noticias","description":"Hemeroteca","inLanguage":"es-ES","publisher":{"@id":"https:\/\/www.eldigitaldeasturias.com\/noticias\/#organization"}}]},"og:locale":"es_ES","og:site_name":"El Digital de Asturias","og:type":"article","og:title":"Energ\u00eda facilita el despliegue de puntos de recarga de los veh\u00edculos el\u00e9ctricos - El Digital de Asturias","og:description":"El Ministerio de Energ\u00eda, Turismo y Agenda Digital (MINETAD) ha remitido a la Comisi\u00f3n Nacional de los Mercados y la Competencia (CNMC) el Real Decreto que simplifica la regulaci\u00f3n del gestor de cargas, que actualmente se encuentra en el Real Decreto 647\/2011, de 9 de mayo, por el que se regula su actividad para la","og:url":"https:\/\/www.eldigitaldeasturias.com\/noticias\/energia-facilita-el-despliegue-de-puntos-de-recarga-de-los-vehiculos-electricos\/","article:tag":["actualidad"],"article:published_time":"2017-11-15T23:28:47+00:00","article:modified_time":"2017-11-15T23:28:47+00:00","article:publisher":"https:\/\/facebook.com\/eldigitaldeasturias","twitter:card":"summary_large_image","twitter:title":"Energ\u00eda facilita el despliegue de puntos de recarga de los veh\u00edculos el\u00e9ctricos - El Digital de Asturias","twitter:description":"El Ministerio de Energ\u00eda, Turismo y Agenda Digital (MINETAD) ha remitido a la Comisi\u00f3n Nacional de los Mercados y la Competencia (CNMC) el Real Decreto que simplifica la regulaci\u00f3n del gestor de cargas, que actualmente se encuentra en el Real Decreto 647\/2011, de 9 de mayo, por el que se regula su actividad para la","twitter:image":"https:\/\/www.eldigitaldeasturias.com\/noticias\/wp-content\/uploads\/2020\/12\/EDA-1.jpg","twitter:label1":"Escrito por","twitter:data1":"El Digital de Asturias","twitter:label2":"Tiempo de lectura estimado","twitter:data2":"2 minutos"},"aioseo_meta_data":{"post_id":"959931","title":null,"description":null,"keywords":null,"keyphrases":null,"primary_term":null,"canonical_url":null,"og_title":null,"og_description":null,"og_object_type":"default","og_image_type":"default","og_image_url":null,"og_image_width":null,"og_image_height":null,"og_image_custom_url":null,"og_image_custom_fields":null,"og_video":null,"og_custom_url":null,"og_article_section":null,"og_article_tags":null,"twitter_use_og":false,"twitter_card":"default","twitter_image_type":"default","twitter_image_url":null,"twitter_image_custom_url":null,"twitter_image_custom_fields":null,"twitter_title":null,"twitter_description":null,"schema":{"blockGraphs":[],"customGraphs":[],"default":{"data":{"Article":[],"Course":[],"Dataset":[],"FAQPage":[],"Movie":[],"Person":[],"Product":[],"ProductReview":[],"Car":[],"Recipe":[],"Service":[],"SoftwareApplication":[],"WebPage":[]},"graphName":"","isEnabled":true},"graphs":[],"defaultGraph":"","defaultPostTypeGraph":""},"schema_type":null,"schema_type_options":null,"pillar_content":false,"robots_default":true,"robots_noindex":false,"robots_noarchive":false,"robots_nosnippet":false,"robots_nofollow":false,"robots_noimageindex":false,"robots_noodp":false,"robots_notranslate":false,"robots_max_snippet":null,"robots_max_videopreview":null,"robots_max_imagepreview":"large","priority":null,"frequency":null,"local_seo":null,"seo_analyzer_scan_date":"2025-12-07 03:15:55","breadcrumb_settings":null,"limit_modified_date":false,"open_ai":null,"ai":null,"created":"2020-12-21 12:53:18","updated":"2025-12-07 03:15:55","focus_keyword":null,"additional_keywords":null,"truseo_locale":null},"aioseo_breadcrumb":"<div class=\"aioseo-breadcrumbs\"><span class=\"aioseo-breadcrumb\">\n\t<a href=\"https:\/\/www.eldigitaldeasturias.com\/noticias\" title=\"Home\">Home<\/a>\n<\/span><span class=\"aioseo-breadcrumb-separator\">\u2013<\/span><span class=\"aioseo-breadcrumb\">\n\t<a href=\"https:\/\/www.eldigitaldeasturias.com\/noticias\/category\/actualidad\/\" title=\"Actualidad\">Actualidad<\/a>\n<\/span><span class=\"aioseo-breadcrumb-separator\">\u2013<\/span><span class=\"aioseo-breadcrumb\">\n\t<a href=\"https:\/\/www.eldigitaldeasturias.com\/noticias\/energia-facilita-el-despliegue-de-puntos-de-recarga-de-los-vehiculos-electricos\/\" title=\"Energ\u00eda facilita el despliegue de puntos de recarga de los veh\u00edculos el\u00e9ctricos\">Energ\u00eda facilita el despliegue de puntos de recarga de los veh\u00edculos el\u00e9ctricos<\/a>\n<\/span><\/div>","aioseo_breadcrumb_json":[{"label":"Home","link":"https:\/\/www.eldigitaldeasturias.com\/noticias"},{"label":"Actualidad","link":"https:\/\/www.eldigitaldeasturias.com\/noticias\/category\/actualidad\/"},{"label":"Energ\u00eda facilita el despliegue de puntos de recarga de los veh\u00edculos el\u00e9ctricos","link":"https:\/\/www.eldigitaldeasturias.com\/noticias\/energia-facilita-el-despliegue-de-puntos-de-recarga-de-los-vehiculos-electricos\/"}],"_links":{"self":[{"href":"https:\/\/www.eldigitaldeasturias.com\/noticias\/wp-json\/wp\/v2\/posts\/959931","targetHints":{"allow":["GET"]}}],"collection":[{"href":"https:\/\/www.eldigitaldeasturias.com\/noticias\/wp-json\/wp\/v2\/posts"}],"about":[{"href":"https:\/\/www.eldigitaldeasturias.com\/noticias\/wp-json\/wp\/v2\/types\/post"}],"author":[{"embeddable":true,"href":"https:\/\/www.eldigitaldeasturias.com\/noticias\/wp-json\/wp\/v2\/users\/1"}],"replies":[{"embeddable":true,"href":"https:\/\/www.eldigitaldeasturias.com\/noticias\/wp-json\/wp\/v2\/comments?post=959931"}],"version-history":[{"count":0,"href":"https:\/\/www.eldigitaldeasturias.com\/noticias\/wp-json\/wp\/v2\/posts\/959931\/revisions"}],"wp:attachment":[{"href":"https:\/\/www.eldigitaldeasturias.com\/noticias\/wp-json\/wp\/v2\/media?parent=959931"}],"wp:term":[{"taxonomy":"category","embeddable":true,"href":"https:\/\/www.eldigitaldeasturias.com\/noticias\/wp-json\/wp\/v2\/categories?post=959931"},{"taxonomy":"post_tag","embeddable":true,"href":"https:\/\/www.eldigitaldeasturias.com\/noticias\/wp-json\/wp\/v2\/tags?post=959931"}],"curies":[{"name":"wp","href":"https:\/\/api.w.org\/{rel}","templated":true}]}}