{"id":959928,"date":"2017-11-15T23:27:30","date_gmt":"2017-11-15T23:27:30","guid":{"rendered":"http:\/\/www.eldigitaldeasturias.com\/noticias\/?p=959928"},"modified":"2017-11-15T23:27:30","modified_gmt":"2017-11-15T23:27:30","slug":"espana-sera-pais-invitado-de-honor-en-la-feria-del-libro-de-francfort-en-2021","status":"publish","type":"post","link":"https:\/\/www.eldigitaldeasturias.com\/noticias\/espana-sera-pais-invitado-de-honor-en-la-feria-del-libro-de-francfort-en-2021\/","title":{"rendered":"Espa\u00f1a ser\u00e1 Pa\u00eds Invitado de Honor en la Feria del Libro de Fr\u00e1ncfort en 2021"},"content":{"rendered":"<p><img loading=\"lazy\" decoding=\"async\" class=\"alignleft size-medium wp-image-959929\" src=\"https:\/\/www.eldigitaldeasturias.com\/noticias\/wp-content\/uploads\/2017\/11\/151117Vigo-360x239.jpg\" alt=\"\" width=\"360\" height=\"239\" \/>El ministro de Educaci\u00f3n, Cultura y Deporte, \u00cd\u00f1igo M\u00e9ndez de Vigo, y el director de la Feria del Libro de Fr\u00e1ncfort, Juergen Boos, han firmado un Memorando de Entendimiento por el que se formaliza la designaci\u00f3n a Espa\u00f1a como Pa\u00eds Invitado de Honor en la edici\u00f3n de 2021.<\/p>\n<p>La Feria de Fr\u00e1ncfort es considerada la m\u00e1s importante del mundo, como pone de manifiesto que en su edici\u00f3n de 2016 contara con casi 280.000 visitantes procedentes de 125 pa\u00edses, de los cuales 172.296 fueron profesionales del sector. Adem\u00e1s, a las 4.150 actividades programadas se calcula que asistieron 10.000 periodistas procedentes de 75 pa\u00edses que dieron cobertura a las actividades de la Feria, y que estuvieron presentes aproximadamente 2.400 blogueros.<\/p>\n<p>Aprovechando esta fuerte repercusi\u00f3n, Espa\u00f1a propondr\u00e1 realizar una muestra omnicomprensiva de la realidad cultural de nuestro pa\u00eds en todas sus vertientes, mediante un extenso programa de actividades que, si bien tendr\u00e1n por epicentro la ciudad de Fr\u00e1ncfort, se extender\u00e1n por otras ciudades de la geograf\u00eda alemana.<\/p>\n<p>El hilo conductor de la presencia espa\u00f1ola ser\u00e1 mostrar tanto la diversidad como la innovaci\u00f3n en el sector cultural y creativo, no solo en el sector del libro sino en otros sectores como el de los videojuegos, la gastronom\u00eda, las artes esc\u00e9nicas, las artes visuales, el patrimonio cultural, el cine, la televisi\u00f3n, la radio, la m\u00fasica, etc.<\/p>\n<p>Esta iniciativa se enmarca en el Plan de Fomento de la Lectura que la Secretar\u00eda de Estado de Cultura aprob\u00f3 el pasado 3 de mayo con el lema \u00abLeer te da vidas extra\u00bb, as\u00ed como dentro del Plan Cultura 2020, uno de cuyos objetivos generales consiste precisamente en \u00abextender la cultura espa\u00f1ola m\u00e1s all\u00e1 de nuestras fronteras\u00bb.<\/p>\n<p>Al acto de firma ha asistido el secretario de Estado de Cultura, Fernando Benzo, el presidente de la Federaci\u00f3n de Gremios de Editores de Espa\u00f1a, Daniel Fern\u00e1ndez, y representantes de la Feria de Fr\u00e1nckfort.<\/p>\n<p><strong>El libro es la primera industria cultural<\/strong><\/p>\n<p>Con la dedicaci\u00f3n de la edici\u00f3n de 2021 a Espa\u00f1a se rememorar\u00e1 que hace 30 a\u00f1os, en 1991, fue tambi\u00e9n Pa\u00eds Invitado de Honor en esta feria. Desde entonces, el sector del libro espa\u00f1ol ha experimentado una transformaci\u00f3n sin precedentes, siendo uno de los primeros pa\u00edses productores de libros del mundo, con una media anual de 80.000 nuevos t\u00edtulos.<\/p>\n<p>El sector editorial representa uno de los grandes motores econ\u00f3micos del \u00e1mbito cultural espa\u00f1ol. Seg\u00fan el Anuario de Estad\u00edsticas Culturales 2016, publicado por el Ministerio de Educaci\u00f3n, Cultura y Deporte, el sector formado por Libros y prensa aport\u00f3 en 2014 el 0,9% del PIB total y el 34,1% del PIB del conjunto de actividades culturales, datos que convierten al sector editorial en la primera industria cultural de Espa\u00f1a.<\/p>\n<p>Adem\u00e1s, el sector del libro es una importante fuente generadora de empleo. En 2015, en Espa\u00f1a el empleo cultural en su conjunto proporcion\u00f3 515.000 puestos de trabajo, de los cuales 49.500 -el 9,6%- se registraron en el \u00e1mbito de la edici\u00f3n de libros, peri\u00f3dicos y otras actividades editoriales. A esta cifra habr\u00eda que a\u00f1adir el empleo vinculado al resto de actividades asociadas a la cadena del libro.<\/p>\n<p><strong>Espa\u00f1a, uno de los principales mercados europeos del Libro<\/strong><\/p>\n<p>Seg\u00fan los \u00faltimos datos de la International Publishers Association, Espa\u00f1a es uno de los principales mercados europeos, ocupando el cuarto puesto tras Alemania, Reino Unido y Francia.<\/p>\n<p>La vitalidad de la lengua espa\u00f1ola (un idioma compartido por m\u00e1s de 500 millones de hablantes) ha multiplicado las posibilidades de proyecci\u00f3n internacional de una industria que cuenta con 173 filiales en 29 pa\u00edses, muchas de ellas con m\u00e1s de sesenta a\u00f1os de antig\u00fcedad, y que goza de especial prestigio entre sus colegas extranjeros.<\/p>\n","protected":false},"excerpt":{"rendered":"<p>El ministro de Educaci\u00f3n, Cultura y Deporte, \u00cd\u00f1igo M\u00e9ndez de Vigo, y el director de la Feria del Libro de Fr\u00e1ncfort, Juergen Boos, han firmado un Memorando de Entendimiento por el que se formaliza la designaci\u00f3n a Espa\u00f1a como Pa\u00eds Invitado de Honor en la edici\u00f3n de 2021. La Feria de Fr\u00e1ncfort es considerada la [&hellip;]<\/p>\n","protected":false},"author":1,"featured_media":959929,"comment_status":"closed","ping_status":"closed","sticky":false,"template":"","format":"standard","meta":{"footnotes":""},"categories":[1],"tags":[],"class_list":["post-959928","post","type-post","status-publish","format-standard","has-post-thumbnail","hentry","category-actualidad"],"aioseo_notices":[],"aioseo_head":"\n\t\t<!-- All in One SEO Pro 5.0.1 - aioseo.com -->\n\t<meta name=\"description\" content=\"El ministro de Educaci\u00f3n, Cultura y Deporte, \u00cd\u00f1igo M\u00e9ndez de Vigo, y el director de la Feria del Libro de Fr\u00e1ncfort, Juergen Boos, han firmado un Memorando de Entendimiento por el que se formaliza la designaci\u00f3n a Espa\u00f1a como Pa\u00eds Invitado de Honor en la edici\u00f3n de 2021. La Feria de Fr\u00e1ncfort es considerada la\" \/>\n\t<meta name=\"robots\" content=\"max-image-preview:large\" \/>\n\t<meta name=\"author\" content=\"El Digital de Asturias\"\/>\n\t<meta name=\"google-site-verification\" content=\"UA-38556648-1\" \/>\n\t<meta name=\"msvalidate.01\" content=\"7dfe9f3f1b24437ab69f4f2559babe99\" \/>\n\t<meta name=\"keywords\" content=\"actualidad\" \/>\n\t<link rel=\"canonical\" href=\"https:\/\/www.eldigitaldeasturias.com\/noticias\/espana-sera-pais-invitado-de-honor-en-la-feria-del-libro-de-francfort-en-2021\/\" \/>\n\t<meta name=\"generator\" content=\"All in One SEO Pro (AIOSEO) 5.0.1\" \/>\n\t\t<meta property=\"og:locale\" content=\"es_ES\" \/>\n\t\t<meta property=\"og:site_name\" content=\"El Digital de Asturias\" \/>\n\t\t<meta property=\"og:type\" content=\"article\" \/>\n\t\t<meta property=\"og:title\" content=\"Espa\u00f1a ser\u00e1 Pa\u00eds Invitado de Honor en la Feria del Libro de Fr\u00e1ncfort en 2021 - El Digital de Asturias\" \/>\n\t\t<meta property=\"og:description\" content=\"El ministro de Educaci\u00f3n, Cultura y Deporte, \u00cd\u00f1igo M\u00e9ndez de Vigo, y el director de la Feria del Libro de Fr\u00e1ncfort, Juergen Boos, han firmado un Memorando de Entendimiento por el que se formaliza la designaci\u00f3n a Espa\u00f1a como Pa\u00eds Invitado de Honor en la edici\u00f3n de 2021. La Feria de Fr\u00e1ncfort es considerada la\" \/>\n\t\t<meta property=\"og:url\" content=\"https:\/\/www.eldigitaldeasturias.com\/noticias\/espana-sera-pais-invitado-de-honor-en-la-feria-del-libro-de-francfort-en-2021\/\" \/>\n\t\t<meta property=\"article:tag\" content=\"actualidad\" \/>\n\t\t<meta property=\"article:published_time\" content=\"2017-11-15T23:27:30+00:00\" \/>\n\t\t<meta property=\"article:modified_time\" content=\"2017-11-15T23:27:30+00:00\" \/>\n\t\t<meta property=\"article:publisher\" content=\"https:\/\/facebook.com\/eldigitaldeasturias\" \/>\n\t\t<meta name=\"twitter:card\" content=\"summary_large_image\" \/>\n\t\t<meta name=\"twitter:title\" content=\"Espa\u00f1a ser\u00e1 Pa\u00eds Invitado de Honor en la Feria del Libro de Fr\u00e1ncfort en 2021 - El Digital de Asturias\" \/>\n\t\t<meta name=\"twitter:description\" content=\"El ministro de Educaci\u00f3n, Cultura y Deporte, \u00cd\u00f1igo M\u00e9ndez de Vigo, y el director de la Feria del Libro de Fr\u00e1ncfort, Juergen Boos, han firmado un Memorando de Entendimiento por el que se formaliza la designaci\u00f3n a Espa\u00f1a como Pa\u00eds Invitado de Honor en la edici\u00f3n de 2021. La Feria de Fr\u00e1ncfort es considerada la\" \/>\n\t\t<meta name=\"twitter:image\" content=\"https:\/\/www.eldigitaldeasturias.com\/noticias\/wp-content\/uploads\/2020\/12\/EDA-1.jpg\" \/>\n\t\t<meta name=\"twitter:label1\" content=\"Escrito por\" \/>\n\t\t<meta name=\"twitter:data1\" content=\"El Digital de Asturias\" \/>\n\t\t<meta name=\"twitter:label2\" content=\"Tiempo de lectura estimado\" \/>\n\t\t<meta name=\"twitter:data2\" content=\"3 minutos\" \/>\n\t\t<script type=\"application\/ld+json\" class=\"aioseo-schema\">\n\t\t\t{\"@context\":\"https:\\\/\\\/schema.org\",\"@graph\":[{\"@type\":\"BlogPosting\",\"@id\":\"https:\\\/\\\/www.eldigitaldeasturias.com\\\/noticias\\\/espana-sera-pais-invitado-de-honor-en-la-feria-del-libro-de-francfort-en-2021\\\/#blogposting\",\"name\":\"Espa\\u00f1a ser\\u00e1 Pa\\u00eds Invitado de Honor en la Feria del Libro de Fr\\u00e1ncfort en 2021 - El Digital de Asturias\",\"headline\":\"Espa\\u00f1a ser\\u00e1 Pa\\u00eds Invitado de Honor en la Feria del Libro de Fr\\u00e1ncfort en 2021\",\"author\":{\"@id\":\"https:\\\/\\\/www.eldigitaldeasturias.com\\\/noticias\\\/author\\\/admin\\\/#author\"},\"publisher\":{\"@id\":\"https:\\\/\\\/www.eldigitaldeasturias.com\\\/noticias\\\/#organization\"},\"image\":{\"@type\":\"ImageObject\",\"url\":959929},\"datePublished\":\"2017-11-15T23:27:30+01:00\",\"dateModified\":\"2017-11-15T23:27:30+01:00\",\"inLanguage\":\"es-ES\",\"mainEntityOfPage\":{\"@id\":\"https:\\\/\\\/www.eldigitaldeasturias.com\\\/noticias\\\/espana-sera-pais-invitado-de-honor-en-la-feria-del-libro-de-francfort-en-2021\\\/#webpage\"},\"isPartOf\":{\"@id\":\"https:\\\/\\\/www.eldigitaldeasturias.com\\\/noticias\\\/espana-sera-pais-invitado-de-honor-en-la-feria-del-libro-de-francfort-en-2021\\\/#webpage\"},\"articleSection\":\"Actualidad\"},{\"@type\":\"BreadcrumbList\",\"@id\":\"https:\\\/\\\/www.eldigitaldeasturias.com\\\/noticias\\\/espana-sera-pais-invitado-de-honor-en-la-feria-del-libro-de-francfort-en-2021\\\/#breadcrumblist\",\"itemListElement\":[{\"@type\":\"ListItem\",\"@id\":\"https:\\\/\\\/www.eldigitaldeasturias.com\\\/noticias#listItem\",\"position\":1,\"name\":\"Home\",\"item\":\"https:\\\/\\\/www.eldigitaldeasturias.com\\\/noticias\",\"nextItem\":{\"@type\":\"ListItem\",\"@id\":\"https:\\\/\\\/www.eldigitaldeasturias.com\\\/noticias\\\/category\\\/actualidad\\\/#listItem\",\"name\":\"Actualidad\"}},{\"@type\":\"ListItem\",\"@id\":\"https:\\\/\\\/www.eldigitaldeasturias.com\\\/noticias\\\/category\\\/actualidad\\\/#listItem\",\"position\":2,\"name\":\"Actualidad\",\"item\":\"https:\\\/\\\/www.eldigitaldeasturias.com\\\/noticias\\\/category\\\/actualidad\\\/\",\"nextItem\":{\"@type\":\"ListItem\",\"@id\":\"https:\\\/\\\/www.eldigitaldeasturias.com\\\/noticias\\\/espana-sera-pais-invitado-de-honor-en-la-feria-del-libro-de-francfort-en-2021\\\/#listItem\",\"name\":\"Espa\\u00f1a ser\\u00e1 Pa\\u00eds Invitado de Honor en la Feria del Libro de Fr\\u00e1ncfort en 2021\"},\"previousItem\":{\"@type\":\"ListItem\",\"@id\":\"https:\\\/\\\/www.eldigitaldeasturias.com\\\/noticias#listItem\",\"name\":\"Home\"}},{\"@type\":\"ListItem\",\"@id\":\"https:\\\/\\\/www.eldigitaldeasturias.com\\\/noticias\\\/espana-sera-pais-invitado-de-honor-en-la-feria-del-libro-de-francfort-en-2021\\\/#listItem\",\"position\":3,\"name\":\"Espa\\u00f1a ser\\u00e1 Pa\\u00eds Invitado de Honor en la Feria del Libro de Fr\\u00e1ncfort en 2021\",\"previousItem\":{\"@type\":\"ListItem\",\"@id\":\"https:\\\/\\\/www.eldigitaldeasturias.com\\\/noticias\\\/category\\\/actualidad\\\/#listItem\",\"name\":\"Actualidad\"}}]},{\"@type\":\"Organization\",\"@id\":\"https:\\\/\\\/www.eldigitaldeasturias.com\\\/noticias\\\/#organization\",\"name\":\"El Digital de Asturias\",\"description\":\"Hemeroteca\",\"url\":\"https:\\\/\\\/www.eldigitaldeasturias.com\\\/noticias\\\/\",\"email\":\"info@eldigitaldeasturias.com\",\"telephone\":\"+34652131393\",\"logo\":{\"@type\":\"ImageObject\",\"url\":\"https:\\\/\\\/www.eldigitaldeasturias.com\\\/noticias\\\/wp-content\\\/uploads\\\/2020\\\/12\\\/EDA.jpg\",\"@id\":\"https:\\\/\\\/www.eldigitaldeasturias.com\\\/noticias\\\/espana-sera-pais-invitado-de-honor-en-la-feria-del-libro-de-francfort-en-2021\\\/#organizationLogo\"},\"image\":{\"@id\":\"https:\\\/\\\/www.eldigitaldeasturias.com\\\/noticias\\\/espana-sera-pais-invitado-de-honor-en-la-feria-del-libro-de-francfort-en-2021\\\/#organizationLogo\"},\"sameAs\":[\"https:\\\/\\\/facebook.com\\\/eldigitaldeasturias\",\"https:\\\/\\\/www.youtube.com\\\/channel\\\/UCZP-2wLEB9Rv6erhFmqVnvg\"],\"address\":{\"@id\":\"https:\\\/\\\/www.eldigitaldeasturias.com\\\/noticias\\\/#postaladdress\",\"@type\":\"PostalAddress\",\"streetAddress\":\"san antonio 4\",\"postalCode\":\"33430\",\"addressLocality\":\"Cand\\u00e1s\",\"addressRegion\":\"Asturias\",\"addressCountry\":\"ES\"}},{\"@type\":\"Person\",\"@id\":\"https:\\\/\\\/www.eldigitaldeasturias.com\\\/noticias\\\/author\\\/admin\\\/#author\",\"url\":\"https:\\\/\\\/www.eldigitaldeasturias.com\\\/noticias\\\/author\\\/admin\\\/\",\"name\":\"El Digital de Asturias\",\"image\":{\"@type\":\"ImageObject\",\"@id\":\"https:\\\/\\\/www.eldigitaldeasturias.com\\\/noticias\\\/espana-sera-pais-invitado-de-honor-en-la-feria-del-libro-de-francfort-en-2021\\\/#authorImage\",\"url\":\"https:\\\/\\\/secure.gravatar.com\\\/avatar\\\/df2aeffc32bcd13f8d26072ef8a91b623d677766deac7f97ca815868cd41bf5e?s=96&d=mm&r=g\",\"width\":96,\"height\":96,\"caption\":\"El Digital de Asturias\"}},{\"@type\":\"WebPage\",\"@id\":\"https:\\\/\\\/www.eldigitaldeasturias.com\\\/noticias\\\/espana-sera-pais-invitado-de-honor-en-la-feria-del-libro-de-francfort-en-2021\\\/#webpage\",\"url\":\"https:\\\/\\\/www.eldigitaldeasturias.com\\\/noticias\\\/espana-sera-pais-invitado-de-honor-en-la-feria-del-libro-de-francfort-en-2021\\\/\",\"name\":\"Espa\\u00f1a ser\\u00e1 Pa\\u00eds Invitado de Honor en la Feria del Libro de Fr\\u00e1ncfort en 2021 - El Digital de Asturias\",\"description\":\"El ministro de Educaci\\u00f3n, Cultura y Deporte, \\u00cd\\u00f1igo M\\u00e9ndez de Vigo, y el director de la Feria del Libro de Fr\\u00e1ncfort, Juergen Boos, han firmado un Memorando de Entendimiento por el que se formaliza la designaci\\u00f3n a Espa\\u00f1a como Pa\\u00eds Invitado de Honor en la edici\\u00f3n de 2021. La Feria de Fr\\u00e1ncfort es considerada la\",\"inLanguage\":\"es-ES\",\"isPartOf\":{\"@id\":\"https:\\\/\\\/www.eldigitaldeasturias.com\\\/noticias\\\/#website\"},\"breadcrumb\":{\"@id\":\"https:\\\/\\\/www.eldigitaldeasturias.com\\\/noticias\\\/espana-sera-pais-invitado-de-honor-en-la-feria-del-libro-de-francfort-en-2021\\\/#breadcrumblist\"},\"author\":{\"@id\":\"https:\\\/\\\/www.eldigitaldeasturias.com\\\/noticias\\\/author\\\/admin\\\/#author\"},\"creator\":{\"@id\":\"https:\\\/\\\/www.eldigitaldeasturias.com\\\/noticias\\\/author\\\/admin\\\/#author\"},\"image\":{\"@type\":\"ImageObject\",\"url\":959929,\"@id\":\"https:\\\/\\\/www.eldigitaldeasturias.com\\\/noticias\\\/espana-sera-pais-invitado-de-honor-en-la-feria-del-libro-de-francfort-en-2021\\\/#mainImage\"},\"primaryImageOfPage\":{\"@id\":\"https:\\\/\\\/www.eldigitaldeasturias.com\\\/noticias\\\/espana-sera-pais-invitado-de-honor-en-la-feria-del-libro-de-francfort-en-2021\\\/#mainImage\"},\"datePublished\":\"2017-11-15T23:27:30+01:00\",\"dateModified\":\"2017-11-15T23:27:30+01:00\"},{\"@type\":\"WebSite\",\"@id\":\"https:\\\/\\\/www.eldigitaldeasturias.com\\\/noticias\\\/#website\",\"url\":\"https:\\\/\\\/www.eldigitaldeasturias.com\\\/noticias\\\/\",\"name\":\"El Digital de Asturias - Diario de actualidad y noticias\",\"alternateName\":\"El Digital de Asturias - Diario de actualidad y noticias\",\"description\":\"Hemeroteca\",\"inLanguage\":\"es-ES\",\"publisher\":{\"@id\":\"https:\\\/\\\/www.eldigitaldeasturias.com\\\/noticias\\\/#organization\"}}]}\n\t\t<\/script>\n\t\t<!-- All in One SEO Pro -->\r\n\t\t<title>Espa\u00f1a ser\u00e1 Pa\u00eds Invitado de Honor en la Feria del Libro de Fr\u00e1ncfort en 2021 - El Digital de Asturias<\/title>\n\n","aioseo_head_json":{"title":"Espa\u00f1a ser\u00e1 Pa\u00eds Invitado de Honor en la Feria del Libro de Fr\u00e1ncfort en 2021 - El Digital de Asturias","description":"El ministro de Educaci\u00f3n, Cultura y Deporte, \u00cd\u00f1igo M\u00e9ndez de Vigo, y el director de la Feria del Libro de Fr\u00e1ncfort, Juergen Boos, han firmado un Memorando de Entendimiento por el que se formaliza la designaci\u00f3n a Espa\u00f1a como Pa\u00eds Invitado de Honor en la edici\u00f3n de 2021. La Feria de Fr\u00e1ncfort es considerada la","canonical_url":"https:\/\/www.eldigitaldeasturias.com\/noticias\/espana-sera-pais-invitado-de-honor-en-la-feria-del-libro-de-francfort-en-2021\/","robots":"max-image-preview:large","keywords":"actualidad","webmasterTools":{"google-site-verification":"UA-38556648-1","msvalidate.01":"7dfe9f3f1b24437ab69f4f2559babe99","miscellaneous":""},"schema":{"@context":"https:\/\/schema.org","@graph":[{"@type":"BlogPosting","@id":"https:\/\/www.eldigitaldeasturias.com\/noticias\/espana-sera-pais-invitado-de-honor-en-la-feria-del-libro-de-francfort-en-2021\/#blogposting","name":"Espa\u00f1a ser\u00e1 Pa\u00eds Invitado de Honor en la Feria del Libro de Fr\u00e1ncfort en 2021 - El Digital de Asturias","headline":"Espa\u00f1a ser\u00e1 Pa\u00eds Invitado de Honor en la Feria del Libro de Fr\u00e1ncfort en 2021","author":{"@id":"https:\/\/www.eldigitaldeasturias.com\/noticias\/author\/admin\/#author"},"publisher":{"@id":"https:\/\/www.eldigitaldeasturias.com\/noticias\/#organization"},"image":{"@type":"ImageObject","url":959929},"datePublished":"2017-11-15T23:27:30+01:00","dateModified":"2017-11-15T23:27:30+01:00","inLanguage":"es-ES","mainEntityOfPage":{"@id":"https:\/\/www.eldigitaldeasturias.com\/noticias\/espana-sera-pais-invitado-de-honor-en-la-feria-del-libro-de-francfort-en-2021\/#webpage"},"isPartOf":{"@id":"https:\/\/www.eldigitaldeasturias.com\/noticias\/espana-sera-pais-invitado-de-honor-en-la-feria-del-libro-de-francfort-en-2021\/#webpage"},"articleSection":"Actualidad"},{"@type":"BreadcrumbList","@id":"https:\/\/www.eldigitaldeasturias.com\/noticias\/espana-sera-pais-invitado-de-honor-en-la-feria-del-libro-de-francfort-en-2021\/#breadcrumblist","itemListElement":[{"@type":"ListItem","@id":"https:\/\/www.eldigitaldeasturias.com\/noticias#listItem","position":1,"name":"Home","item":"https:\/\/www.eldigitaldeasturias.com\/noticias","nextItem":{"@type":"ListItem","@id":"https:\/\/www.eldigitaldeasturias.com\/noticias\/category\/actualidad\/#listItem","name":"Actualidad"}},{"@type":"ListItem","@id":"https:\/\/www.eldigitaldeasturias.com\/noticias\/category\/actualidad\/#listItem","position":2,"name":"Actualidad","item":"https:\/\/www.eldigitaldeasturias.com\/noticias\/category\/actualidad\/","nextItem":{"@type":"ListItem","@id":"https:\/\/www.eldigitaldeasturias.com\/noticias\/espana-sera-pais-invitado-de-honor-en-la-feria-del-libro-de-francfort-en-2021\/#listItem","name":"Espa\u00f1a ser\u00e1 Pa\u00eds Invitado de Honor en la Feria del Libro de Fr\u00e1ncfort en 2021"},"previousItem":{"@type":"ListItem","@id":"https:\/\/www.eldigitaldeasturias.com\/noticias#listItem","name":"Home"}},{"@type":"ListItem","@id":"https:\/\/www.eldigitaldeasturias.com\/noticias\/espana-sera-pais-invitado-de-honor-en-la-feria-del-libro-de-francfort-en-2021\/#listItem","position":3,"name":"Espa\u00f1a ser\u00e1 Pa\u00eds Invitado de Honor en la Feria del Libro de Fr\u00e1ncfort en 2021","previousItem":{"@type":"ListItem","@id":"https:\/\/www.eldigitaldeasturias.com\/noticias\/category\/actualidad\/#listItem","name":"Actualidad"}}]},{"@type":"Organization","@id":"https:\/\/www.eldigitaldeasturias.com\/noticias\/#organization","name":"El Digital de Asturias","description":"Hemeroteca","url":"https:\/\/www.eldigitaldeasturias.com\/noticias\/","email":"info@eldigitaldeasturias.com","telephone":"+34652131393","logo":{"@type":"ImageObject","url":"https:\/\/www.eldigitaldeasturias.com\/noticias\/wp-content\/uploads\/2020\/12\/EDA.jpg","@id":"https:\/\/www.eldigitaldeasturias.com\/noticias\/espana-sera-pais-invitado-de-honor-en-la-feria-del-libro-de-francfort-en-2021\/#organizationLogo"},"image":{"@id":"https:\/\/www.eldigitaldeasturias.com\/noticias\/espana-sera-pais-invitado-de-honor-en-la-feria-del-libro-de-francfort-en-2021\/#organizationLogo"},"sameAs":["https:\/\/facebook.com\/eldigitaldeasturias","https:\/\/www.youtube.com\/channel\/UCZP-2wLEB9Rv6erhFmqVnvg"],"address":{"@id":"https:\/\/www.eldigitaldeasturias.com\/noticias\/#postaladdress","@type":"PostalAddress","streetAddress":"san antonio 4","postalCode":"33430","addressLocality":"Cand\u00e1s","addressRegion":"Asturias","addressCountry":"ES"}},{"@type":"Person","@id":"https:\/\/www.eldigitaldeasturias.com\/noticias\/author\/admin\/#author","url":"https:\/\/www.eldigitaldeasturias.com\/noticias\/author\/admin\/","name":"El Digital de Asturias","image":{"@type":"ImageObject","@id":"https:\/\/www.eldigitaldeasturias.com\/noticias\/espana-sera-pais-invitado-de-honor-en-la-feria-del-libro-de-francfort-en-2021\/#authorImage","url":"https:\/\/secure.gravatar.com\/avatar\/df2aeffc32bcd13f8d26072ef8a91b623d677766deac7f97ca815868cd41bf5e?s=96&d=mm&r=g","width":96,"height":96,"caption":"El Digital de Asturias"}},{"@type":"WebPage","@id":"https:\/\/www.eldigitaldeasturias.com\/noticias\/espana-sera-pais-invitado-de-honor-en-la-feria-del-libro-de-francfort-en-2021\/#webpage","url":"https:\/\/www.eldigitaldeasturias.com\/noticias\/espana-sera-pais-invitado-de-honor-en-la-feria-del-libro-de-francfort-en-2021\/","name":"Espa\u00f1a ser\u00e1 Pa\u00eds Invitado de Honor en la Feria del Libro de Fr\u00e1ncfort en 2021 - El Digital de Asturias","description":"El ministro de Educaci\u00f3n, Cultura y Deporte, \u00cd\u00f1igo M\u00e9ndez de Vigo, y el director de la Feria del Libro de Fr\u00e1ncfort, Juergen Boos, han firmado un Memorando de Entendimiento por el que se formaliza la designaci\u00f3n a Espa\u00f1a como Pa\u00eds Invitado de Honor en la edici\u00f3n de 2021. La Feria de Fr\u00e1ncfort es considerada la","inLanguage":"es-ES","isPartOf":{"@id":"https:\/\/www.eldigitaldeasturias.com\/noticias\/#website"},"breadcrumb":{"@id":"https:\/\/www.eldigitaldeasturias.com\/noticias\/espana-sera-pais-invitado-de-honor-en-la-feria-del-libro-de-francfort-en-2021\/#breadcrumblist"},"author":{"@id":"https:\/\/www.eldigitaldeasturias.com\/noticias\/author\/admin\/#author"},"creator":{"@id":"https:\/\/www.eldigitaldeasturias.com\/noticias\/author\/admin\/#author"},"image":{"@type":"ImageObject","url":959929,"@id":"https:\/\/www.eldigitaldeasturias.com\/noticias\/espana-sera-pais-invitado-de-honor-en-la-feria-del-libro-de-francfort-en-2021\/#mainImage"},"primaryImageOfPage":{"@id":"https:\/\/www.eldigitaldeasturias.com\/noticias\/espana-sera-pais-invitado-de-honor-en-la-feria-del-libro-de-francfort-en-2021\/#mainImage"},"datePublished":"2017-11-15T23:27:30+01:00","dateModified":"2017-11-15T23:27:30+01:00"},{"@type":"WebSite","@id":"https:\/\/www.eldigitaldeasturias.com\/noticias\/#website","url":"https:\/\/www.eldigitaldeasturias.com\/noticias\/","name":"El Digital de Asturias - Diario de actualidad y noticias","alternateName":"El Digital de Asturias - Diario de actualidad y noticias","description":"Hemeroteca","inLanguage":"es-ES","publisher":{"@id":"https:\/\/www.eldigitaldeasturias.com\/noticias\/#organization"}}]},"og:locale":"es_ES","og:site_name":"El Digital de Asturias","og:type":"article","og:title":"Espa\u00f1a ser\u00e1 Pa\u00eds Invitado de Honor en la Feria del Libro de Fr\u00e1ncfort en 2021 - El Digital de Asturias","og:description":"El ministro de Educaci\u00f3n, Cultura y Deporte, \u00cd\u00f1igo M\u00e9ndez de Vigo, y el director de la Feria del Libro de Fr\u00e1ncfort, Juergen Boos, han firmado un Memorando de Entendimiento por el que se formaliza la designaci\u00f3n a Espa\u00f1a como Pa\u00eds Invitado de Honor en la edici\u00f3n de 2021. La Feria de Fr\u00e1ncfort es considerada la","og:url":"https:\/\/www.eldigitaldeasturias.com\/noticias\/espana-sera-pais-invitado-de-honor-en-la-feria-del-libro-de-francfort-en-2021\/","article:tag":["actualidad"],"article:published_time":"2017-11-15T23:27:30+00:00","article:modified_time":"2017-11-15T23:27:30+00:00","article:publisher":"https:\/\/facebook.com\/eldigitaldeasturias","twitter:card":"summary_large_image","twitter:title":"Espa\u00f1a ser\u00e1 Pa\u00eds Invitado de Honor en la Feria del Libro de Fr\u00e1ncfort en 2021 - El Digital de Asturias","twitter:description":"El ministro de Educaci\u00f3n, Cultura y Deporte, \u00cd\u00f1igo M\u00e9ndez de Vigo, y el director de la Feria del Libro de Fr\u00e1ncfort, Juergen Boos, han firmado un Memorando de Entendimiento por el que se formaliza la designaci\u00f3n a Espa\u00f1a como Pa\u00eds Invitado de Honor en la edici\u00f3n de 2021. La Feria de Fr\u00e1ncfort es considerada la","twitter:image":"https:\/\/www.eldigitaldeasturias.com\/noticias\/wp-content\/uploads\/2020\/12\/EDA-1.jpg","twitter:label1":"Escrito por","twitter:data1":"El Digital de Asturias","twitter:label2":"Tiempo de lectura estimado","twitter:data2":"3 minutos"},"aioseo_meta_data":{"post_id":"959928","title":null,"description":null,"keywords":null,"keyphrases":null,"primary_term":null,"canonical_url":null,"og_title":null,"og_description":null,"og_object_type":"default","og_image_type":"default","og_image_url":null,"og_image_width":null,"og_image_height":null,"og_image_custom_url":null,"og_image_custom_fields":null,"og_video":null,"og_custom_url":null,"og_article_section":null,"og_article_tags":null,"twitter_use_og":false,"twitter_card":"default","twitter_image_type":"default","twitter_image_url":null,"twitter_image_custom_url":null,"twitter_image_custom_fields":null,"twitter_title":null,"twitter_description":null,"schema":{"blockGraphs":[],"customGraphs":[],"default":{"data":{"Article":[],"Course":[],"Dataset":[],"FAQPage":[],"Movie":[],"Person":[],"Product":[],"ProductReview":[],"Car":[],"Recipe":[],"Service":[],"SoftwareApplication":[],"WebPage":[]},"graphName":"","isEnabled":true},"graphs":[],"defaultGraph":"","defaultPostTypeGraph":""},"schema_type":null,"schema_type_options":null,"pillar_content":false,"robots_default":true,"robots_noindex":false,"robots_noarchive":false,"robots_nosnippet":false,"robots_nofollow":false,"robots_noimageindex":false,"robots_noodp":false,"robots_notranslate":false,"robots_max_snippet":null,"robots_max_videopreview":null,"robots_max_imagepreview":"large","priority":null,"frequency":null,"local_seo":null,"seo_analyzer_scan_date":"2025-12-07 03:15:54","breadcrumb_settings":null,"limit_modified_date":false,"open_ai":null,"ai":null,"created":"2020-12-21 12:53:18","updated":"2025-12-07 03:15:54","focus_keyword":null,"additional_keywords":null,"truseo_locale":null},"aioseo_breadcrumb":"<div class=\"aioseo-breadcrumbs\"><span class=\"aioseo-breadcrumb\">\n\t<a href=\"https:\/\/www.eldigitaldeasturias.com\/noticias\" title=\"Home\">Home<\/a>\n<\/span><span class=\"aioseo-breadcrumb-separator\">\u2013<\/span><span class=\"aioseo-breadcrumb\">\n\t<a href=\"https:\/\/www.eldigitaldeasturias.com\/noticias\/category\/actualidad\/\" title=\"Actualidad\">Actualidad<\/a>\n<\/span><span class=\"aioseo-breadcrumb-separator\">\u2013<\/span><span class=\"aioseo-breadcrumb\">\n\t<a href=\"https:\/\/www.eldigitaldeasturias.com\/noticias\/espana-sera-pais-invitado-de-honor-en-la-feria-del-libro-de-francfort-en-2021\/\" title=\"Espa\u00f1a ser\u00e1 Pa\u00eds Invitado de Honor en la Feria del Libro de Fr\u00e1ncfort en 2021\">Espa\u00f1a ser\u00e1 Pa\u00eds Invitado de Honor en la Feria del Libro de Fr\u00e1ncfort en 2021<\/a>\n<\/span><\/div>","aioseo_breadcrumb_json":[{"label":"Home","link":"https:\/\/www.eldigitaldeasturias.com\/noticias"},{"label":"Actualidad","link":"https:\/\/www.eldigitaldeasturias.com\/noticias\/category\/actualidad\/"},{"label":"Espa\u00f1a ser\u00e1 Pa\u00eds Invitado de Honor en la Feria del Libro de Fr\u00e1ncfort en 2021","link":"https:\/\/www.eldigitaldeasturias.com\/noticias\/espana-sera-pais-invitado-de-honor-en-la-feria-del-libro-de-francfort-en-2021\/"}],"_links":{"self":[{"href":"https:\/\/www.eldigitaldeasturias.com\/noticias\/wp-json\/wp\/v2\/posts\/959928","targetHints":{"allow":["GET"]}}],"collection":[{"href":"https:\/\/www.eldigitaldeasturias.com\/noticias\/wp-json\/wp\/v2\/posts"}],"about":[{"href":"https:\/\/www.eldigitaldeasturias.com\/noticias\/wp-json\/wp\/v2\/types\/post"}],"author":[{"embeddable":true,"href":"https:\/\/www.eldigitaldeasturias.com\/noticias\/wp-json\/wp\/v2\/users\/1"}],"replies":[{"embeddable":true,"href":"https:\/\/www.eldigitaldeasturias.com\/noticias\/wp-json\/wp\/v2\/comments?post=959928"}],"version-history":[{"count":0,"href":"https:\/\/www.eldigitaldeasturias.com\/noticias\/wp-json\/wp\/v2\/posts\/959928\/revisions"}],"wp:attachment":[{"href":"https:\/\/www.eldigitaldeasturias.com\/noticias\/wp-json\/wp\/v2\/media?parent=959928"}],"wp:term":[{"taxonomy":"category","embeddable":true,"href":"https:\/\/www.eldigitaldeasturias.com\/noticias\/wp-json\/wp\/v2\/categories?post=959928"},{"taxonomy":"post_tag","embeddable":true,"href":"https:\/\/www.eldigitaldeasturias.com\/noticias\/wp-json\/wp\/v2\/tags?post=959928"}],"curies":[{"name":"wp","href":"https:\/\/api.w.org\/{rel}","templated":true}]}}