{"id":959827,"date":"2017-11-15T11:39:33","date_gmt":"2017-11-15T11:39:33","guid":{"rendered":"http:\/\/www.eldigitaldeasturias.com\/noticias\/?p=959827"},"modified":"2017-11-15T11:39:33","modified_gmt":"2017-11-15T11:39:33","slug":"el-23-de-noviembre-se-constituira-la-mesa-por-la-calidad-en-el-empleo-en-la-hosteleria","status":"publish","type":"post","link":"https:\/\/www.eldigitaldeasturias.com\/noticias\/el-23-de-noviembre-se-constituira-la-mesa-por-la-calidad-en-el-empleo-en-la-hosteleria\/","title":{"rendered":"El 23 de noviembre se constituir\u00e1 la Mesa por la Calidad en el Empleo en la Hosteler\u00eda"},"content":{"rendered":"<p><img loading=\"lazy\" decoding=\"async\" class=\"alignleft size-medium wp-image-776091\" src=\"https:\/\/www.eldigitaldeasturias.com\/noticias\/wp-content\/uploads\/2015\/04\/oviedo-360x260.jpg\" alt=\"\" width=\"360\" height=\"260\" \/>El secretario de Estado de Empleo, Juan Pablo Riesgo, la secretaria confederal de Empleo de CCOO, Dolores Santillana, el responsable de Pol\u00edtica Sindical de UGT, Gonzalo Pino, el director de Relaciones Laborales de CEOE, Jordi Garc\u00eda Vi\u00f1a, y la directora del Departamento Socio-Laboral de CEPYME, Teresa D\u00edaz Ter\u00e1n, se han reunido en la sede del Ministerio para impulsar los trabajos de la Mesa por la Calidad en el Empleo.<\/p>\n<p>La agenda de trabajos de esta Mesa de la mesa de calidad en el empleo hasta final de a\u00f1o fue acordada por la ministra de Empleo y Seguridad Social, F\u00e1tima B\u00e1\u00f1ez, los secretarios generales de CCOO, Unai Sordo, y de UGT, Jos\u00e9 \u00c1lvarez, y los presidentes de CEPYME, Antonio Garamendi, y de CEOE, Juan Rosell, el pasado 19 de septiembre, junto al resto de Mesas del Di\u00e1logo Social, que est\u00e1n desarrollando su actividad en paralelo (Plan de choque por el empleo, Formaci\u00f3n profesional para el Empleo, Pensiones).<\/p>\n<p><strong>Calidad del Empleo en la Hosteler\u00eda<\/strong><\/p>\n<p>Asimismo, se ha indicado que el pr\u00f3ximo 23 de noviembre se constituir\u00e1 la Mesa por la Calidad en el Empleo en la Hosteler\u00eda, que abordar\u00e1 cuestiones como la estabilidad en el empleo, la formaci\u00f3n, la regulaci\u00f3n del tiempo de trabajo y la seguridad y salud laboral en el sector.<\/p>\n","protected":false},"excerpt":{"rendered":"<p>El secretario de Estado de Empleo, Juan Pablo Riesgo, la secretaria confederal de Empleo de CCOO, Dolores Santillana, el responsable de Pol\u00edtica Sindical de UGT, Gonzalo Pino, el director de Relaciones Laborales de CEOE, Jordi Garc\u00eda Vi\u00f1a, y la directora del Departamento Socio-Laboral de CEPYME, Teresa D\u00edaz Ter\u00e1n, se han reunido en la sede del [&hellip;]<\/p>\n","protected":false},"author":1,"featured_media":776091,"comment_status":"closed","ping_status":"closed","sticky":false,"template":"","format":"standard","meta":{"footnotes":""},"categories":[1],"tags":[],"class_list":["post-959827","post","type-post","status-publish","format-standard","has-post-thumbnail","hentry","category-actualidad"],"aioseo_notices":[],"aioseo_head":"\n\t\t<!-- All in One SEO Pro 5.0.1 - aioseo.com -->\n\t<meta name=\"description\" content=\"El secretario de Estado de Empleo, Juan Pablo Riesgo, la secretaria confederal de Empleo de CCOO, Dolores Santillana, el responsable de Pol\u00edtica Sindical de UGT, Gonzalo Pino, el director de Relaciones Laborales de CEOE, Jordi Garc\u00eda Vi\u00f1a, y la directora del Departamento Socio-Laboral de CEPYME, Teresa D\u00edaz Ter\u00e1n, se han reunido en la sede del\" \/>\n\t<meta name=\"robots\" content=\"max-image-preview:large\" \/>\n\t<meta name=\"author\" content=\"El Digital de Asturias\"\/>\n\t<meta name=\"google-site-verification\" content=\"UA-38556648-1\" \/>\n\t<meta name=\"msvalidate.01\" content=\"7dfe9f3f1b24437ab69f4f2559babe99\" \/>\n\t<meta name=\"keywords\" content=\"actualidad\" \/>\n\t<link rel=\"canonical\" href=\"https:\/\/www.eldigitaldeasturias.com\/noticias\/el-23-de-noviembre-se-constituira-la-mesa-por-la-calidad-en-el-empleo-en-la-hosteleria\/\" \/>\n\t<meta name=\"generator\" content=\"All in One SEO Pro (AIOSEO) 5.0.1\" \/>\n\t\t<meta property=\"og:locale\" content=\"es_ES\" \/>\n\t\t<meta property=\"og:site_name\" content=\"El Digital de Asturias\" \/>\n\t\t<meta property=\"og:type\" content=\"article\" \/>\n\t\t<meta property=\"og:title\" content=\"El 23 de noviembre se constituir\u00e1 la Mesa por la Calidad en el Empleo en la Hosteler\u00eda - El Digital de Asturias\" \/>\n\t\t<meta property=\"og:description\" content=\"El secretario de Estado de Empleo, Juan Pablo Riesgo, la secretaria confederal de Empleo de CCOO, Dolores Santillana, el responsable de Pol\u00edtica Sindical de UGT, Gonzalo Pino, el director de Relaciones Laborales de CEOE, Jordi Garc\u00eda Vi\u00f1a, y la directora del Departamento Socio-Laboral de CEPYME, Teresa D\u00edaz Ter\u00e1n, se han reunido en la sede del\" \/>\n\t\t<meta property=\"og:url\" content=\"https:\/\/www.eldigitaldeasturias.com\/noticias\/el-23-de-noviembre-se-constituira-la-mesa-por-la-calidad-en-el-empleo-en-la-hosteleria\/\" \/>\n\t\t<meta property=\"article:tag\" content=\"actualidad\" \/>\n\t\t<meta property=\"article:published_time\" content=\"2017-11-15T11:39:33+00:00\" \/>\n\t\t<meta property=\"article:modified_time\" content=\"2017-11-15T11:39:33+00:00\" \/>\n\t\t<meta property=\"article:publisher\" content=\"https:\/\/facebook.com\/eldigitaldeasturias\" \/>\n\t\t<meta name=\"twitter:card\" content=\"summary_large_image\" \/>\n\t\t<meta name=\"twitter:title\" content=\"El 23 de noviembre se constituir\u00e1 la Mesa por la Calidad en el Empleo en la Hosteler\u00eda - El Digital de Asturias\" \/>\n\t\t<meta name=\"twitter:description\" content=\"El secretario de Estado de Empleo, Juan Pablo Riesgo, la secretaria confederal de Empleo de CCOO, Dolores Santillana, el responsable de Pol\u00edtica Sindical de UGT, Gonzalo Pino, el director de Relaciones Laborales de CEOE, Jordi Garc\u00eda Vi\u00f1a, y la directora del Departamento Socio-Laboral de CEPYME, Teresa D\u00edaz Ter\u00e1n, se han reunido en la sede del\" \/>\n\t\t<meta name=\"twitter:image\" content=\"https:\/\/www.eldigitaldeasturias.com\/noticias\/wp-content\/uploads\/2020\/12\/EDA-1.jpg\" \/>\n\t\t<meta name=\"twitter:label1\" content=\"Escrito por\" \/>\n\t\t<meta name=\"twitter:data1\" content=\"El Digital de Asturias\" \/>\n\t\t<meta name=\"twitter:label2\" content=\"Tiempo de lectura estimado\" \/>\n\t\t<meta name=\"twitter:data2\" content=\"1 minuto\" \/>\n\t\t<script type=\"application\/ld+json\" class=\"aioseo-schema\">\n\t\t\t{\"@context\":\"https:\\\/\\\/schema.org\",\"@graph\":[{\"@type\":\"BlogPosting\",\"@id\":\"https:\\\/\\\/www.eldigitaldeasturias.com\\\/noticias\\\/el-23-de-noviembre-se-constituira-la-mesa-por-la-calidad-en-el-empleo-en-la-hosteleria\\\/#blogposting\",\"name\":\"El 23 de noviembre se constituir\\u00e1 la Mesa por la Calidad en el Empleo en la Hosteler\\u00eda - El Digital de Asturias\",\"headline\":\"El 23 de noviembre se constituir\\u00e1 la Mesa por la Calidad en el Empleo en la Hosteler\\u00eda\",\"author\":{\"@id\":\"https:\\\/\\\/www.eldigitaldeasturias.com\\\/noticias\\\/author\\\/admin\\\/#author\"},\"publisher\":{\"@id\":\"https:\\\/\\\/www.eldigitaldeasturias.com\\\/noticias\\\/#organization\"},\"image\":{\"@type\":\"ImageObject\",\"url\":776091},\"datePublished\":\"2017-11-15T11:39:33+01:00\",\"dateModified\":\"2017-11-15T11:39:33+01:00\",\"inLanguage\":\"es-ES\",\"mainEntityOfPage\":{\"@id\":\"https:\\\/\\\/www.eldigitaldeasturias.com\\\/noticias\\\/el-23-de-noviembre-se-constituira-la-mesa-por-la-calidad-en-el-empleo-en-la-hosteleria\\\/#webpage\"},\"isPartOf\":{\"@id\":\"https:\\\/\\\/www.eldigitaldeasturias.com\\\/noticias\\\/el-23-de-noviembre-se-constituira-la-mesa-por-la-calidad-en-el-empleo-en-la-hosteleria\\\/#webpage\"},\"articleSection\":\"Actualidad\"},{\"@type\":\"BreadcrumbList\",\"@id\":\"https:\\\/\\\/www.eldigitaldeasturias.com\\\/noticias\\\/el-23-de-noviembre-se-constituira-la-mesa-por-la-calidad-en-el-empleo-en-la-hosteleria\\\/#breadcrumblist\",\"itemListElement\":[{\"@type\":\"ListItem\",\"@id\":\"https:\\\/\\\/www.eldigitaldeasturias.com\\\/noticias#listItem\",\"position\":1,\"name\":\"Home\",\"item\":\"https:\\\/\\\/www.eldigitaldeasturias.com\\\/noticias\",\"nextItem\":{\"@type\":\"ListItem\",\"@id\":\"https:\\\/\\\/www.eldigitaldeasturias.com\\\/noticias\\\/category\\\/actualidad\\\/#listItem\",\"name\":\"Actualidad\"}},{\"@type\":\"ListItem\",\"@id\":\"https:\\\/\\\/www.eldigitaldeasturias.com\\\/noticias\\\/category\\\/actualidad\\\/#listItem\",\"position\":2,\"name\":\"Actualidad\",\"item\":\"https:\\\/\\\/www.eldigitaldeasturias.com\\\/noticias\\\/category\\\/actualidad\\\/\",\"nextItem\":{\"@type\":\"ListItem\",\"@id\":\"https:\\\/\\\/www.eldigitaldeasturias.com\\\/noticias\\\/el-23-de-noviembre-se-constituira-la-mesa-por-la-calidad-en-el-empleo-en-la-hosteleria\\\/#listItem\",\"name\":\"El 23 de noviembre se constituir\\u00e1 la Mesa por la Calidad en el Empleo en la Hosteler\\u00eda\"},\"previousItem\":{\"@type\":\"ListItem\",\"@id\":\"https:\\\/\\\/www.eldigitaldeasturias.com\\\/noticias#listItem\",\"name\":\"Home\"}},{\"@type\":\"ListItem\",\"@id\":\"https:\\\/\\\/www.eldigitaldeasturias.com\\\/noticias\\\/el-23-de-noviembre-se-constituira-la-mesa-por-la-calidad-en-el-empleo-en-la-hosteleria\\\/#listItem\",\"position\":3,\"name\":\"El 23 de noviembre se constituir\\u00e1 la Mesa por la Calidad en el Empleo en la Hosteler\\u00eda\",\"previousItem\":{\"@type\":\"ListItem\",\"@id\":\"https:\\\/\\\/www.eldigitaldeasturias.com\\\/noticias\\\/category\\\/actualidad\\\/#listItem\",\"name\":\"Actualidad\"}}]},{\"@type\":\"Organization\",\"@id\":\"https:\\\/\\\/www.eldigitaldeasturias.com\\\/noticias\\\/#organization\",\"name\":\"El Digital de Asturias\",\"description\":\"Hemeroteca\",\"url\":\"https:\\\/\\\/www.eldigitaldeasturias.com\\\/noticias\\\/\",\"email\":\"info@eldigitaldeasturias.com\",\"telephone\":\"+34652131393\",\"logo\":{\"@type\":\"ImageObject\",\"url\":\"https:\\\/\\\/www.eldigitaldeasturias.com\\\/noticias\\\/wp-content\\\/uploads\\\/2020\\\/12\\\/EDA.jpg\",\"@id\":\"https:\\\/\\\/www.eldigitaldeasturias.com\\\/noticias\\\/el-23-de-noviembre-se-constituira-la-mesa-por-la-calidad-en-el-empleo-en-la-hosteleria\\\/#organizationLogo\"},\"image\":{\"@id\":\"https:\\\/\\\/www.eldigitaldeasturias.com\\\/noticias\\\/el-23-de-noviembre-se-constituira-la-mesa-por-la-calidad-en-el-empleo-en-la-hosteleria\\\/#organizationLogo\"},\"sameAs\":[\"https:\\\/\\\/facebook.com\\\/eldigitaldeasturias\",\"https:\\\/\\\/www.youtube.com\\\/channel\\\/UCZP-2wLEB9Rv6erhFmqVnvg\"],\"address\":{\"@id\":\"https:\\\/\\\/www.eldigitaldeasturias.com\\\/noticias\\\/#postaladdress\",\"@type\":\"PostalAddress\",\"streetAddress\":\"san antonio 4\",\"postalCode\":\"33430\",\"addressLocality\":\"Cand\\u00e1s\",\"addressRegion\":\"Asturias\",\"addressCountry\":\"ES\"}},{\"@type\":\"Person\",\"@id\":\"https:\\\/\\\/www.eldigitaldeasturias.com\\\/noticias\\\/author\\\/admin\\\/#author\",\"url\":\"https:\\\/\\\/www.eldigitaldeasturias.com\\\/noticias\\\/author\\\/admin\\\/\",\"name\":\"El Digital de Asturias\",\"image\":{\"@type\":\"ImageObject\",\"@id\":\"https:\\\/\\\/www.eldigitaldeasturias.com\\\/noticias\\\/el-23-de-noviembre-se-constituira-la-mesa-por-la-calidad-en-el-empleo-en-la-hosteleria\\\/#authorImage\",\"url\":\"https:\\\/\\\/secure.gravatar.com\\\/avatar\\\/df2aeffc32bcd13f8d26072ef8a91b623d677766deac7f97ca815868cd41bf5e?s=96&d=mm&r=g\",\"width\":96,\"height\":96,\"caption\":\"El Digital de Asturias\"}},{\"@type\":\"WebPage\",\"@id\":\"https:\\\/\\\/www.eldigitaldeasturias.com\\\/noticias\\\/el-23-de-noviembre-se-constituira-la-mesa-por-la-calidad-en-el-empleo-en-la-hosteleria\\\/#webpage\",\"url\":\"https:\\\/\\\/www.eldigitaldeasturias.com\\\/noticias\\\/el-23-de-noviembre-se-constituira-la-mesa-por-la-calidad-en-el-empleo-en-la-hosteleria\\\/\",\"name\":\"El 23 de noviembre se constituir\\u00e1 la Mesa por la Calidad en el Empleo en la Hosteler\\u00eda - El Digital de Asturias\",\"description\":\"El secretario de Estado de Empleo, Juan Pablo Riesgo, la secretaria confederal de Empleo de CCOO, Dolores Santillana, el responsable de Pol\\u00edtica Sindical de UGT, Gonzalo Pino, el director de Relaciones Laborales de CEOE, Jordi Garc\\u00eda Vi\\u00f1a, y la directora del Departamento Socio-Laboral de CEPYME, Teresa D\\u00edaz Ter\\u00e1n, se han reunido en la sede del\",\"inLanguage\":\"es-ES\",\"isPartOf\":{\"@id\":\"https:\\\/\\\/www.eldigitaldeasturias.com\\\/noticias\\\/#website\"},\"breadcrumb\":{\"@id\":\"https:\\\/\\\/www.eldigitaldeasturias.com\\\/noticias\\\/el-23-de-noviembre-se-constituira-la-mesa-por-la-calidad-en-el-empleo-en-la-hosteleria\\\/#breadcrumblist\"},\"author\":{\"@id\":\"https:\\\/\\\/www.eldigitaldeasturias.com\\\/noticias\\\/author\\\/admin\\\/#author\"},\"creator\":{\"@id\":\"https:\\\/\\\/www.eldigitaldeasturias.com\\\/noticias\\\/author\\\/admin\\\/#author\"},\"image\":{\"@type\":\"ImageObject\",\"url\":776091,\"@id\":\"https:\\\/\\\/www.eldigitaldeasturias.com\\\/noticias\\\/el-23-de-noviembre-se-constituira-la-mesa-por-la-calidad-en-el-empleo-en-la-hosteleria\\\/#mainImage\"},\"primaryImageOfPage\":{\"@id\":\"https:\\\/\\\/www.eldigitaldeasturias.com\\\/noticias\\\/el-23-de-noviembre-se-constituira-la-mesa-por-la-calidad-en-el-empleo-en-la-hosteleria\\\/#mainImage\"},\"datePublished\":\"2017-11-15T11:39:33+01:00\",\"dateModified\":\"2017-11-15T11:39:33+01:00\"},{\"@type\":\"WebSite\",\"@id\":\"https:\\\/\\\/www.eldigitaldeasturias.com\\\/noticias\\\/#website\",\"url\":\"https:\\\/\\\/www.eldigitaldeasturias.com\\\/noticias\\\/\",\"name\":\"El Digital de Asturias - Diario de actualidad y noticias\",\"alternateName\":\"El Digital de Asturias - Diario de actualidad y noticias\",\"description\":\"Hemeroteca\",\"inLanguage\":\"es-ES\",\"publisher\":{\"@id\":\"https:\\\/\\\/www.eldigitaldeasturias.com\\\/noticias\\\/#organization\"}}]}\n\t\t<\/script>\n\t\t<!-- All in One SEO Pro -->\r\n\t\t<title>El 23 de noviembre se constituir\u00e1 la Mesa por la Calidad en el Empleo en la Hosteler\u00eda - El Digital de Asturias<\/title>\n\n","aioseo_head_json":{"title":"El 23 de noviembre se constituir\u00e1 la Mesa por la Calidad en el Empleo en la Hosteler\u00eda - El Digital de Asturias","description":"El secretario de Estado de Empleo, Juan Pablo Riesgo, la secretaria confederal de Empleo de CCOO, Dolores Santillana, el responsable de Pol\u00edtica Sindical de UGT, Gonzalo Pino, el director de Relaciones Laborales de CEOE, Jordi Garc\u00eda Vi\u00f1a, y la directora del Departamento Socio-Laboral de CEPYME, Teresa D\u00edaz Ter\u00e1n, se han reunido en la sede del","canonical_url":"https:\/\/www.eldigitaldeasturias.com\/noticias\/el-23-de-noviembre-se-constituira-la-mesa-por-la-calidad-en-el-empleo-en-la-hosteleria\/","robots":"max-image-preview:large","keywords":"actualidad","webmasterTools":{"google-site-verification":"UA-38556648-1","msvalidate.01":"7dfe9f3f1b24437ab69f4f2559babe99","miscellaneous":""},"schema":{"@context":"https:\/\/schema.org","@graph":[{"@type":"BlogPosting","@id":"https:\/\/www.eldigitaldeasturias.com\/noticias\/el-23-de-noviembre-se-constituira-la-mesa-por-la-calidad-en-el-empleo-en-la-hosteleria\/#blogposting","name":"El 23 de noviembre se constituir\u00e1 la Mesa por la Calidad en el Empleo en la Hosteler\u00eda - El Digital de Asturias","headline":"El 23 de noviembre se constituir\u00e1 la Mesa por la Calidad en el Empleo en la Hosteler\u00eda","author":{"@id":"https:\/\/www.eldigitaldeasturias.com\/noticias\/author\/admin\/#author"},"publisher":{"@id":"https:\/\/www.eldigitaldeasturias.com\/noticias\/#organization"},"image":{"@type":"ImageObject","url":776091},"datePublished":"2017-11-15T11:39:33+01:00","dateModified":"2017-11-15T11:39:33+01:00","inLanguage":"es-ES","mainEntityOfPage":{"@id":"https:\/\/www.eldigitaldeasturias.com\/noticias\/el-23-de-noviembre-se-constituira-la-mesa-por-la-calidad-en-el-empleo-en-la-hosteleria\/#webpage"},"isPartOf":{"@id":"https:\/\/www.eldigitaldeasturias.com\/noticias\/el-23-de-noviembre-se-constituira-la-mesa-por-la-calidad-en-el-empleo-en-la-hosteleria\/#webpage"},"articleSection":"Actualidad"},{"@type":"BreadcrumbList","@id":"https:\/\/www.eldigitaldeasturias.com\/noticias\/el-23-de-noviembre-se-constituira-la-mesa-por-la-calidad-en-el-empleo-en-la-hosteleria\/#breadcrumblist","itemListElement":[{"@type":"ListItem","@id":"https:\/\/www.eldigitaldeasturias.com\/noticias#listItem","position":1,"name":"Home","item":"https:\/\/www.eldigitaldeasturias.com\/noticias","nextItem":{"@type":"ListItem","@id":"https:\/\/www.eldigitaldeasturias.com\/noticias\/category\/actualidad\/#listItem","name":"Actualidad"}},{"@type":"ListItem","@id":"https:\/\/www.eldigitaldeasturias.com\/noticias\/category\/actualidad\/#listItem","position":2,"name":"Actualidad","item":"https:\/\/www.eldigitaldeasturias.com\/noticias\/category\/actualidad\/","nextItem":{"@type":"ListItem","@id":"https:\/\/www.eldigitaldeasturias.com\/noticias\/el-23-de-noviembre-se-constituira-la-mesa-por-la-calidad-en-el-empleo-en-la-hosteleria\/#listItem","name":"El 23 de noviembre se constituir\u00e1 la Mesa por la Calidad en el Empleo en la Hosteler\u00eda"},"previousItem":{"@type":"ListItem","@id":"https:\/\/www.eldigitaldeasturias.com\/noticias#listItem","name":"Home"}},{"@type":"ListItem","@id":"https:\/\/www.eldigitaldeasturias.com\/noticias\/el-23-de-noviembre-se-constituira-la-mesa-por-la-calidad-en-el-empleo-en-la-hosteleria\/#listItem","position":3,"name":"El 23 de noviembre se constituir\u00e1 la Mesa por la Calidad en el Empleo en la Hosteler\u00eda","previousItem":{"@type":"ListItem","@id":"https:\/\/www.eldigitaldeasturias.com\/noticias\/category\/actualidad\/#listItem","name":"Actualidad"}}]},{"@type":"Organization","@id":"https:\/\/www.eldigitaldeasturias.com\/noticias\/#organization","name":"El Digital de Asturias","description":"Hemeroteca","url":"https:\/\/www.eldigitaldeasturias.com\/noticias\/","email":"info@eldigitaldeasturias.com","telephone":"+34652131393","logo":{"@type":"ImageObject","url":"https:\/\/www.eldigitaldeasturias.com\/noticias\/wp-content\/uploads\/2020\/12\/EDA.jpg","@id":"https:\/\/www.eldigitaldeasturias.com\/noticias\/el-23-de-noviembre-se-constituira-la-mesa-por-la-calidad-en-el-empleo-en-la-hosteleria\/#organizationLogo"},"image":{"@id":"https:\/\/www.eldigitaldeasturias.com\/noticias\/el-23-de-noviembre-se-constituira-la-mesa-por-la-calidad-en-el-empleo-en-la-hosteleria\/#organizationLogo"},"sameAs":["https:\/\/facebook.com\/eldigitaldeasturias","https:\/\/www.youtube.com\/channel\/UCZP-2wLEB9Rv6erhFmqVnvg"],"address":{"@id":"https:\/\/www.eldigitaldeasturias.com\/noticias\/#postaladdress","@type":"PostalAddress","streetAddress":"san antonio 4","postalCode":"33430","addressLocality":"Cand\u00e1s","addressRegion":"Asturias","addressCountry":"ES"}},{"@type":"Person","@id":"https:\/\/www.eldigitaldeasturias.com\/noticias\/author\/admin\/#author","url":"https:\/\/www.eldigitaldeasturias.com\/noticias\/author\/admin\/","name":"El Digital de Asturias","image":{"@type":"ImageObject","@id":"https:\/\/www.eldigitaldeasturias.com\/noticias\/el-23-de-noviembre-se-constituira-la-mesa-por-la-calidad-en-el-empleo-en-la-hosteleria\/#authorImage","url":"https:\/\/secure.gravatar.com\/avatar\/df2aeffc32bcd13f8d26072ef8a91b623d677766deac7f97ca815868cd41bf5e?s=96&d=mm&r=g","width":96,"height":96,"caption":"El Digital de Asturias"}},{"@type":"WebPage","@id":"https:\/\/www.eldigitaldeasturias.com\/noticias\/el-23-de-noviembre-se-constituira-la-mesa-por-la-calidad-en-el-empleo-en-la-hosteleria\/#webpage","url":"https:\/\/www.eldigitaldeasturias.com\/noticias\/el-23-de-noviembre-se-constituira-la-mesa-por-la-calidad-en-el-empleo-en-la-hosteleria\/","name":"El 23 de noviembre se constituir\u00e1 la Mesa por la Calidad en el Empleo en la Hosteler\u00eda - El Digital de Asturias","description":"El secretario de Estado de Empleo, Juan Pablo Riesgo, la secretaria confederal de Empleo de CCOO, Dolores Santillana, el responsable de Pol\u00edtica Sindical de UGT, Gonzalo Pino, el director de Relaciones Laborales de CEOE, Jordi Garc\u00eda Vi\u00f1a, y la directora del Departamento Socio-Laboral de CEPYME, Teresa D\u00edaz Ter\u00e1n, se han reunido en la sede del","inLanguage":"es-ES","isPartOf":{"@id":"https:\/\/www.eldigitaldeasturias.com\/noticias\/#website"},"breadcrumb":{"@id":"https:\/\/www.eldigitaldeasturias.com\/noticias\/el-23-de-noviembre-se-constituira-la-mesa-por-la-calidad-en-el-empleo-en-la-hosteleria\/#breadcrumblist"},"author":{"@id":"https:\/\/www.eldigitaldeasturias.com\/noticias\/author\/admin\/#author"},"creator":{"@id":"https:\/\/www.eldigitaldeasturias.com\/noticias\/author\/admin\/#author"},"image":{"@type":"ImageObject","url":776091,"@id":"https:\/\/www.eldigitaldeasturias.com\/noticias\/el-23-de-noviembre-se-constituira-la-mesa-por-la-calidad-en-el-empleo-en-la-hosteleria\/#mainImage"},"primaryImageOfPage":{"@id":"https:\/\/www.eldigitaldeasturias.com\/noticias\/el-23-de-noviembre-se-constituira-la-mesa-por-la-calidad-en-el-empleo-en-la-hosteleria\/#mainImage"},"datePublished":"2017-11-15T11:39:33+01:00","dateModified":"2017-11-15T11:39:33+01:00"},{"@type":"WebSite","@id":"https:\/\/www.eldigitaldeasturias.com\/noticias\/#website","url":"https:\/\/www.eldigitaldeasturias.com\/noticias\/","name":"El Digital de Asturias - Diario de actualidad y noticias","alternateName":"El Digital de Asturias - Diario de actualidad y noticias","description":"Hemeroteca","inLanguage":"es-ES","publisher":{"@id":"https:\/\/www.eldigitaldeasturias.com\/noticias\/#organization"}}]},"og:locale":"es_ES","og:site_name":"El Digital de Asturias","og:type":"article","og:title":"El 23 de noviembre se constituir\u00e1 la Mesa por la Calidad en el Empleo en la Hosteler\u00eda - El Digital de Asturias","og:description":"El secretario de Estado de Empleo, Juan Pablo Riesgo, la secretaria confederal de Empleo de CCOO, Dolores Santillana, el responsable de Pol\u00edtica Sindical de UGT, Gonzalo Pino, el director de Relaciones Laborales de CEOE, Jordi Garc\u00eda Vi\u00f1a, y la directora del Departamento Socio-Laboral de CEPYME, Teresa D\u00edaz Ter\u00e1n, se han reunido en la sede del","og:url":"https:\/\/www.eldigitaldeasturias.com\/noticias\/el-23-de-noviembre-se-constituira-la-mesa-por-la-calidad-en-el-empleo-en-la-hosteleria\/","article:tag":["actualidad"],"article:published_time":"2017-11-15T11:39:33+00:00","article:modified_time":"2017-11-15T11:39:33+00:00","article:publisher":"https:\/\/facebook.com\/eldigitaldeasturias","twitter:card":"summary_large_image","twitter:title":"El 23 de noviembre se constituir\u00e1 la Mesa por la Calidad en el Empleo en la Hosteler\u00eda - El Digital de Asturias","twitter:description":"El secretario de Estado de Empleo, Juan Pablo Riesgo, la secretaria confederal de Empleo de CCOO, Dolores Santillana, el responsable de Pol\u00edtica Sindical de UGT, Gonzalo Pino, el director de Relaciones Laborales de CEOE, Jordi Garc\u00eda Vi\u00f1a, y la directora del Departamento Socio-Laboral de CEPYME, Teresa D\u00edaz Ter\u00e1n, se han reunido en la sede del","twitter:image":"https:\/\/www.eldigitaldeasturias.com\/noticias\/wp-content\/uploads\/2020\/12\/EDA-1.jpg","twitter:label1":"Escrito por","twitter:data1":"El Digital de Asturias","twitter:label2":"Tiempo de lectura estimado","twitter:data2":"1 minuto"},"aioseo_meta_data":{"post_id":"959827","title":null,"description":null,"keywords":null,"keyphrases":null,"primary_term":null,"canonical_url":null,"og_title":null,"og_description":null,"og_object_type":"default","og_image_type":"default","og_image_url":null,"og_image_width":null,"og_image_height":null,"og_image_custom_url":null,"og_image_custom_fields":null,"og_video":null,"og_custom_url":null,"og_article_section":null,"og_article_tags":null,"twitter_use_og":false,"twitter_card":"default","twitter_image_type":"default","twitter_image_url":null,"twitter_image_custom_url":null,"twitter_image_custom_fields":null,"twitter_title":null,"twitter_description":null,"schema":{"blockGraphs":[],"customGraphs":[],"default":{"data":{"Article":[],"Course":[],"Dataset":[],"FAQPage":[],"Movie":[],"Person":[],"Product":[],"ProductReview":[],"Car":[],"Recipe":[],"Service":[],"SoftwareApplication":[],"WebPage":[]},"graphName":"","isEnabled":true},"graphs":[],"defaultGraph":"","defaultPostTypeGraph":""},"schema_type":null,"schema_type_options":null,"pillar_content":false,"robots_default":true,"robots_noindex":false,"robots_noarchive":false,"robots_nosnippet":false,"robots_nofollow":false,"robots_noimageindex":false,"robots_noodp":false,"robots_notranslate":false,"robots_max_snippet":null,"robots_max_videopreview":null,"robots_max_imagepreview":"large","priority":null,"frequency":null,"local_seo":null,"seo_analyzer_scan_date":"2025-12-07 02:41:38","breadcrumb_settings":null,"limit_modified_date":false,"open_ai":null,"ai":null,"created":"2020-12-21 12:53:19","updated":"2025-12-07 02:41:38","focus_keyword":null,"additional_keywords":null,"truseo_locale":null},"aioseo_breadcrumb":"<div class=\"aioseo-breadcrumbs\"><span class=\"aioseo-breadcrumb\">\n\t<a href=\"https:\/\/www.eldigitaldeasturias.com\/noticias\" title=\"Home\">Home<\/a>\n<\/span><span class=\"aioseo-breadcrumb-separator\">\u2013<\/span><span class=\"aioseo-breadcrumb\">\n\t<a href=\"https:\/\/www.eldigitaldeasturias.com\/noticias\/category\/actualidad\/\" title=\"Actualidad\">Actualidad<\/a>\n<\/span><span class=\"aioseo-breadcrumb-separator\">\u2013<\/span><span class=\"aioseo-breadcrumb\">\n\t<a href=\"https:\/\/www.eldigitaldeasturias.com\/noticias\/el-23-de-noviembre-se-constituira-la-mesa-por-la-calidad-en-el-empleo-en-la-hosteleria\/\" title=\"El 23 de noviembre se constituir\u00e1 la Mesa por la Calidad en el Empleo en la Hosteler\u00eda\">El 23 de noviembre se constituir\u00e1 la Mesa por la Calidad en el Empleo en la Hosteler\u00eda<\/a>\n<\/span><\/div>","aioseo_breadcrumb_json":[{"label":"Home","link":"https:\/\/www.eldigitaldeasturias.com\/noticias"},{"label":"Actualidad","link":"https:\/\/www.eldigitaldeasturias.com\/noticias\/category\/actualidad\/"},{"label":"El 23 de noviembre se constituir\u00e1 la Mesa por la Calidad en el Empleo en la Hosteler\u00eda","link":"https:\/\/www.eldigitaldeasturias.com\/noticias\/el-23-de-noviembre-se-constituira-la-mesa-por-la-calidad-en-el-empleo-en-la-hosteleria\/"}],"_links":{"self":[{"href":"https:\/\/www.eldigitaldeasturias.com\/noticias\/wp-json\/wp\/v2\/posts\/959827","targetHints":{"allow":["GET"]}}],"collection":[{"href":"https:\/\/www.eldigitaldeasturias.com\/noticias\/wp-json\/wp\/v2\/posts"}],"about":[{"href":"https:\/\/www.eldigitaldeasturias.com\/noticias\/wp-json\/wp\/v2\/types\/post"}],"author":[{"embeddable":true,"href":"https:\/\/www.eldigitaldeasturias.com\/noticias\/wp-json\/wp\/v2\/users\/1"}],"replies":[{"embeddable":true,"href":"https:\/\/www.eldigitaldeasturias.com\/noticias\/wp-json\/wp\/v2\/comments?post=959827"}],"version-history":[{"count":0,"href":"https:\/\/www.eldigitaldeasturias.com\/noticias\/wp-json\/wp\/v2\/posts\/959827\/revisions"}],"wp:attachment":[{"href":"https:\/\/www.eldigitaldeasturias.com\/noticias\/wp-json\/wp\/v2\/media?parent=959827"}],"wp:term":[{"taxonomy":"category","embeddable":true,"href":"https:\/\/www.eldigitaldeasturias.com\/noticias\/wp-json\/wp\/v2\/categories?post=959827"},{"taxonomy":"post_tag","embeddable":true,"href":"https:\/\/www.eldigitaldeasturias.com\/noticias\/wp-json\/wp\/v2\/tags?post=959827"}],"curies":[{"name":"wp","href":"https:\/\/api.w.org\/{rel}","templated":true}]}}