{"id":959824,"date":"2017-11-15T11:33:55","date_gmt":"2017-11-15T11:33:55","guid":{"rendered":"http:\/\/www.eldigitaldeasturias.com\/noticias\/?p=959824"},"modified":"2017-11-15T11:33:55","modified_gmt":"2017-11-15T11:33:55","slug":"tejerina-ha-participado-en-la-presentacion-de-la-campana-de-marida-mejor-tu-vida-con-vino","status":"publish","type":"post","link":"https:\/\/www.eldigitaldeasturias.com\/noticias\/tejerina-ha-participado-en-la-presentacion-de-la-campana-de-marida-mejor-tu-vida-con-vino\/","title":{"rendered":"Tejerina ha participado en la presentaci\u00f3n de la Campa\u00f1a de \u00abMarida mejor tu vida con vino\u00bb"},"content":{"rendered":"<p><img loading=\"lazy\" decoding=\"async\" class=\"alignleft size-medium wp-image-959825\" src=\"https:\/\/www.eldigitaldeasturias.com\/noticias\/wp-content\/uploads\/2017\/11\/141117-Tejerina-360x239.jpg\" alt=\"\" width=\"360\" height=\"239\" \/>La ministra de Agricultura y Pesca, Alimentaci\u00f3n y Medio Ambiente, Isabel Garc\u00eda Tejerina ha resaltado los avances conseguidos por el sector vitivin\u00edcola espa\u00f1ol, \u00abque hoy en d\u00eda es m\u00e1s competitivo, transparente y sostenible\u00bb. Transparente, ha a\u00f1adido, porque el Ministerio, respondiendo a petici\u00f3n del propio sector, ha puesto en marcha un sistema de informaci\u00f3n del mercado del vino sobre declaraciones mensuales obligatorias de bodegas, el INFOVI, y un registro de operadores, el REOVI.<\/p>\n<p>\u200bLa ministra tambi\u00e9n ha afirmado que es m\u00e1s sostenible gracias al compromiso de las empresas con el Certificado Wineries for Climate Protection (WfCP), que sit\u00faa a algunas de ellas en la avanzadilla de la lucha contra el cambio clim\u00e1tico.<\/p>\n<p><strong>Un sector muy estrat\u00e9gico<\/strong><\/p>\n<p>Garc\u00eda Tejerina, que ha participado en la presentaci\u00f3n de la Campa\u00f1a de Promoci\u00f3n \u00abMarida mejor tu vida con vino\u00bb, de la Interprofesional del Vino de Espa\u00f1a, ha destacado asimismo el car\u00e1cter estrat\u00e9gico del sector vitivin\u00edcola en Espa\u00f1a, no s\u00f3lo por contar con la mayor superficie plantada de vi\u00f1edo en el mundo, con cerca de un mill\u00f3n de hect\u00e1reas, sino tambi\u00e9n por la relevancia del componente socioecon\u00f3mico, ya que las cooperativas, con 200.000 socios viticultores, agrupan casi al 60% de la superficie plantada.<\/p>\n<p>Adem\u00e1s ha ponderado el papel del sector industrial, moderno y potente, formado por m\u00e1s de 4.000 empresas, cuya cifra de ventas netas de producto es superior a 5.800 millones de euros, y su vocaci\u00f3n exportadora, consiguiendo cada a\u00f1o records en valor. As\u00ed, ha explicado la ministra, en los once primeros meses de la campa\u00f1a 2016-2017, se han alcanzado 2.680 millones de euros, casi un 4% m\u00e1s que en el mismo per\u00edodo de la campa\u00f1a anterior.<\/p>\n<p>Unos mercados exteriores en los que destacan los vinos con Denominaciones de Origen, de los que ya hay ya registradas 90 Denominaciones en la Uni\u00f3n Europea, a las que hay que a\u00f1adir 41 Indicaciones Geogr\u00e1ficas Protegidas.<\/p>\n<p>Programa Nacional de Apoyo<\/p>\n<p>En el impulso de estos avances, Garc\u00eda Tejerina ha destacado la importancia del Programa Nacional de Apoyo, establecido por el Gobierno a trav\u00e9s del MAPAMA para el periodo 2014\/2018, que cuenta con una dotaci\u00f3n prevista anual de m\u00e1s de 210 millones de euros por ejercicio, y permite la reestructuraci\u00f3n y reconversi\u00f3n de vi\u00f1edo, y la aplicaci\u00f3n de las medidas de innovaci\u00f3n, promoci\u00f3n e inversiones.<\/p>\n<p>En este marco ha explicado que se han aprobado 1.627 proyectos, con 845 millones de euros de inversi\u00f3n, que han supuesto un incremento de la competitividad de las industrias. Destacan, ha se\u00f1alado la ministra, los Programas de Promoci\u00f3n en Pa\u00edses Terceros, de los que ya se han ejecutado 5.269 desde 2009, con una inversi\u00f3n de m\u00e1s de 600 millones de euros, que han propiciado un mejor conocimiento de nuestros vinos, siendo un factor clave para mejorar la internacionalizaci\u00f3n de las empresas.<\/p>\n<p>Unos resultados que han llevado a la ministra a afirmar que \u00abnuestro vino est\u00e1 de moda, se recomienda en las gu\u00edas especializadas m\u00e1s prestigiosas y triunfa en los grandes concursos mundiales\u00bb.<\/p>\n<p>Garc\u00eda Tejerina ha concluido su intervenci\u00f3n, valorando la Campa\u00f1a de Promoci\u00f3n que inicia la Interprofesional del Vino de Espa\u00f1a, para impulsar un consumo inteligente y moderado de este producto en la poblaci\u00f3n de entre los 25 y 45 a\u00f1os, bajo el t\u00edtulo \u00abMarida mejor tu vida con vino\u00bb.<\/p>\n","protected":false},"excerpt":{"rendered":"<p>La ministra de Agricultura y Pesca, Alimentaci\u00f3n y Medio Ambiente, Isabel Garc\u00eda Tejerina ha resaltado los avances conseguidos por el sector vitivin\u00edcola espa\u00f1ol, \u00abque hoy en d\u00eda es m\u00e1s competitivo, transparente y sostenible\u00bb. Transparente, ha a\u00f1adido, porque el Ministerio, respondiendo a petici\u00f3n del propio sector, ha puesto en marcha un sistema de informaci\u00f3n del mercado [&hellip;]<\/p>\n","protected":false},"author":1,"featured_media":959825,"comment_status":"closed","ping_status":"closed","sticky":false,"template":"","format":"standard","meta":{"footnotes":""},"categories":[1],"tags":[],"class_list":["post-959824","post","type-post","status-publish","format-standard","has-post-thumbnail","hentry","category-actualidad"],"aioseo_notices":[],"aioseo_head":"\n\t\t<!-- All in One SEO Pro 5.0.1 - aioseo.com -->\n\t<meta name=\"description\" content=\"La ministra de Agricultura y Pesca, Alimentaci\u00f3n y Medio Ambiente, Isabel Garc\u00eda Tejerina ha resaltado los avances conseguidos por el sector vitivin\u00edcola espa\u00f1ol, &quot;que hoy en d\u00eda es m\u00e1s competitivo, transparente y sostenible&quot;. Transparente, ha a\u00f1adido, porque el Ministerio, respondiendo a petici\u00f3n del propio sector, ha puesto en marcha un sistema de informaci\u00f3n del mercado\" \/>\n\t<meta name=\"robots\" content=\"max-image-preview:large\" \/>\n\t<meta name=\"author\" content=\"El Digital de Asturias\"\/>\n\t<meta name=\"google-site-verification\" content=\"UA-38556648-1\" \/>\n\t<meta name=\"msvalidate.01\" content=\"7dfe9f3f1b24437ab69f4f2559babe99\" \/>\n\t<meta name=\"keywords\" content=\"actualidad\" \/>\n\t<link rel=\"canonical\" href=\"https:\/\/www.eldigitaldeasturias.com\/noticias\/tejerina-ha-participado-en-la-presentacion-de-la-campana-de-marida-mejor-tu-vida-con-vino\/\" \/>\n\t<meta name=\"generator\" content=\"All in One SEO Pro (AIOSEO) 5.0.1\" \/>\n\t\t<meta property=\"og:locale\" content=\"es_ES\" \/>\n\t\t<meta property=\"og:site_name\" content=\"El Digital de Asturias\" \/>\n\t\t<meta property=\"og:type\" content=\"article\" \/>\n\t\t<meta property=\"og:title\" content=\"Tejerina ha participado en la presentaci\u00f3n de la Campa\u00f1a de \u00abMarida mejor tu vida con vino\u00bb - El Digital de Asturias\" \/>\n\t\t<meta property=\"og:description\" content=\"La ministra de Agricultura y Pesca, Alimentaci\u00f3n y Medio Ambiente, Isabel Garc\u00eda Tejerina ha resaltado los avances conseguidos por el sector vitivin\u00edcola espa\u00f1ol, &quot;que hoy en d\u00eda es m\u00e1s competitivo, transparente y sostenible&quot;. Transparente, ha a\u00f1adido, porque el Ministerio, respondiendo a petici\u00f3n del propio sector, ha puesto en marcha un sistema de informaci\u00f3n del mercado\" \/>\n\t\t<meta property=\"og:url\" content=\"https:\/\/www.eldigitaldeasturias.com\/noticias\/tejerina-ha-participado-en-la-presentacion-de-la-campana-de-marida-mejor-tu-vida-con-vino\/\" \/>\n\t\t<meta property=\"article:tag\" content=\"actualidad\" \/>\n\t\t<meta property=\"article:published_time\" content=\"2017-11-15T11:33:55+00:00\" \/>\n\t\t<meta property=\"article:modified_time\" content=\"2017-11-15T11:33:55+00:00\" \/>\n\t\t<meta property=\"article:publisher\" content=\"https:\/\/facebook.com\/eldigitaldeasturias\" \/>\n\t\t<meta name=\"twitter:card\" content=\"summary_large_image\" \/>\n\t\t<meta name=\"twitter:title\" content=\"Tejerina ha participado en la presentaci\u00f3n de la Campa\u00f1a de \u00abMarida mejor tu vida con vino\u00bb - El Digital de Asturias\" \/>\n\t\t<meta name=\"twitter:description\" content=\"La ministra de Agricultura y Pesca, Alimentaci\u00f3n y Medio Ambiente, Isabel Garc\u00eda Tejerina ha resaltado los avances conseguidos por el sector vitivin\u00edcola espa\u00f1ol, &quot;que hoy en d\u00eda es m\u00e1s competitivo, transparente y sostenible&quot;. Transparente, ha a\u00f1adido, porque el Ministerio, respondiendo a petici\u00f3n del propio sector, ha puesto en marcha un sistema de informaci\u00f3n del mercado\" \/>\n\t\t<meta name=\"twitter:image\" content=\"https:\/\/www.eldigitaldeasturias.com\/noticias\/wp-content\/uploads\/2020\/12\/EDA-1.jpg\" \/>\n\t\t<meta name=\"twitter:label1\" content=\"Escrito por\" \/>\n\t\t<meta name=\"twitter:data1\" content=\"El Digital de Asturias\" \/>\n\t\t<meta name=\"twitter:label2\" content=\"Tiempo de lectura estimado\" \/>\n\t\t<meta name=\"twitter:data2\" content=\"3 minutos\" \/>\n\t\t<script type=\"application\/ld+json\" class=\"aioseo-schema\">\n\t\t\t{\"@context\":\"https:\\\/\\\/schema.org\",\"@graph\":[{\"@type\":\"BlogPosting\",\"@id\":\"https:\\\/\\\/www.eldigitaldeasturias.com\\\/noticias\\\/tejerina-ha-participado-en-la-presentacion-de-la-campana-de-marida-mejor-tu-vida-con-vino\\\/#blogposting\",\"name\":\"Tejerina ha participado en la presentaci\\u00f3n de la Campa\\u00f1a de \\u00abMarida mejor tu vida con vino\\u00bb - El Digital de Asturias\",\"headline\":\"Tejerina ha participado en la presentaci\\u00f3n de la Campa\\u00f1a de \\u00abMarida mejor tu vida con vino\\u00bb\",\"author\":{\"@id\":\"https:\\\/\\\/www.eldigitaldeasturias.com\\\/noticias\\\/author\\\/admin\\\/#author\"},\"publisher\":{\"@id\":\"https:\\\/\\\/www.eldigitaldeasturias.com\\\/noticias\\\/#organization\"},\"image\":{\"@type\":\"ImageObject\",\"url\":959825},\"datePublished\":\"2017-11-15T11:33:55+01:00\",\"dateModified\":\"2017-11-15T11:33:55+01:00\",\"inLanguage\":\"es-ES\",\"mainEntityOfPage\":{\"@id\":\"https:\\\/\\\/www.eldigitaldeasturias.com\\\/noticias\\\/tejerina-ha-participado-en-la-presentacion-de-la-campana-de-marida-mejor-tu-vida-con-vino\\\/#webpage\"},\"isPartOf\":{\"@id\":\"https:\\\/\\\/www.eldigitaldeasturias.com\\\/noticias\\\/tejerina-ha-participado-en-la-presentacion-de-la-campana-de-marida-mejor-tu-vida-con-vino\\\/#webpage\"},\"articleSection\":\"Actualidad\"},{\"@type\":\"BreadcrumbList\",\"@id\":\"https:\\\/\\\/www.eldigitaldeasturias.com\\\/noticias\\\/tejerina-ha-participado-en-la-presentacion-de-la-campana-de-marida-mejor-tu-vida-con-vino\\\/#breadcrumblist\",\"itemListElement\":[{\"@type\":\"ListItem\",\"@id\":\"https:\\\/\\\/www.eldigitaldeasturias.com\\\/noticias#listItem\",\"position\":1,\"name\":\"Home\",\"item\":\"https:\\\/\\\/www.eldigitaldeasturias.com\\\/noticias\",\"nextItem\":{\"@type\":\"ListItem\",\"@id\":\"https:\\\/\\\/www.eldigitaldeasturias.com\\\/noticias\\\/category\\\/actualidad\\\/#listItem\",\"name\":\"Actualidad\"}},{\"@type\":\"ListItem\",\"@id\":\"https:\\\/\\\/www.eldigitaldeasturias.com\\\/noticias\\\/category\\\/actualidad\\\/#listItem\",\"position\":2,\"name\":\"Actualidad\",\"item\":\"https:\\\/\\\/www.eldigitaldeasturias.com\\\/noticias\\\/category\\\/actualidad\\\/\",\"nextItem\":{\"@type\":\"ListItem\",\"@id\":\"https:\\\/\\\/www.eldigitaldeasturias.com\\\/noticias\\\/tejerina-ha-participado-en-la-presentacion-de-la-campana-de-marida-mejor-tu-vida-con-vino\\\/#listItem\",\"name\":\"Tejerina ha participado en la presentaci\\u00f3n de la Campa\\u00f1a de \\u00abMarida mejor tu vida con vino\\u00bb\"},\"previousItem\":{\"@type\":\"ListItem\",\"@id\":\"https:\\\/\\\/www.eldigitaldeasturias.com\\\/noticias#listItem\",\"name\":\"Home\"}},{\"@type\":\"ListItem\",\"@id\":\"https:\\\/\\\/www.eldigitaldeasturias.com\\\/noticias\\\/tejerina-ha-participado-en-la-presentacion-de-la-campana-de-marida-mejor-tu-vida-con-vino\\\/#listItem\",\"position\":3,\"name\":\"Tejerina ha participado en la presentaci\\u00f3n de la Campa\\u00f1a de \\u00abMarida mejor tu vida con vino\\u00bb\",\"previousItem\":{\"@type\":\"ListItem\",\"@id\":\"https:\\\/\\\/www.eldigitaldeasturias.com\\\/noticias\\\/category\\\/actualidad\\\/#listItem\",\"name\":\"Actualidad\"}}]},{\"@type\":\"Organization\",\"@id\":\"https:\\\/\\\/www.eldigitaldeasturias.com\\\/noticias\\\/#organization\",\"name\":\"El Digital de Asturias\",\"description\":\"Hemeroteca\",\"url\":\"https:\\\/\\\/www.eldigitaldeasturias.com\\\/noticias\\\/\",\"email\":\"info@eldigitaldeasturias.com\",\"telephone\":\"+34652131393\",\"logo\":{\"@type\":\"ImageObject\",\"url\":\"https:\\\/\\\/www.eldigitaldeasturias.com\\\/noticias\\\/wp-content\\\/uploads\\\/2020\\\/12\\\/EDA.jpg\",\"@id\":\"https:\\\/\\\/www.eldigitaldeasturias.com\\\/noticias\\\/tejerina-ha-participado-en-la-presentacion-de-la-campana-de-marida-mejor-tu-vida-con-vino\\\/#organizationLogo\"},\"image\":{\"@id\":\"https:\\\/\\\/www.eldigitaldeasturias.com\\\/noticias\\\/tejerina-ha-participado-en-la-presentacion-de-la-campana-de-marida-mejor-tu-vida-con-vino\\\/#organizationLogo\"},\"sameAs\":[\"https:\\\/\\\/facebook.com\\\/eldigitaldeasturias\",\"https:\\\/\\\/www.youtube.com\\\/channel\\\/UCZP-2wLEB9Rv6erhFmqVnvg\"],\"address\":{\"@id\":\"https:\\\/\\\/www.eldigitaldeasturias.com\\\/noticias\\\/#postaladdress\",\"@type\":\"PostalAddress\",\"streetAddress\":\"san antonio 4\",\"postalCode\":\"33430\",\"addressLocality\":\"Cand\\u00e1s\",\"addressRegion\":\"Asturias\",\"addressCountry\":\"ES\"}},{\"@type\":\"Person\",\"@id\":\"https:\\\/\\\/www.eldigitaldeasturias.com\\\/noticias\\\/author\\\/admin\\\/#author\",\"url\":\"https:\\\/\\\/www.eldigitaldeasturias.com\\\/noticias\\\/author\\\/admin\\\/\",\"name\":\"El Digital de Asturias\",\"image\":{\"@type\":\"ImageObject\",\"@id\":\"https:\\\/\\\/www.eldigitaldeasturias.com\\\/noticias\\\/tejerina-ha-participado-en-la-presentacion-de-la-campana-de-marida-mejor-tu-vida-con-vino\\\/#authorImage\",\"url\":\"https:\\\/\\\/secure.gravatar.com\\\/avatar\\\/df2aeffc32bcd13f8d26072ef8a91b623d677766deac7f97ca815868cd41bf5e?s=96&d=mm&r=g\",\"width\":96,\"height\":96,\"caption\":\"El Digital de Asturias\"}},{\"@type\":\"WebPage\",\"@id\":\"https:\\\/\\\/www.eldigitaldeasturias.com\\\/noticias\\\/tejerina-ha-participado-en-la-presentacion-de-la-campana-de-marida-mejor-tu-vida-con-vino\\\/#webpage\",\"url\":\"https:\\\/\\\/www.eldigitaldeasturias.com\\\/noticias\\\/tejerina-ha-participado-en-la-presentacion-de-la-campana-de-marida-mejor-tu-vida-con-vino\\\/\",\"name\":\"Tejerina ha participado en la presentaci\\u00f3n de la Campa\\u00f1a de \\u00abMarida mejor tu vida con vino\\u00bb - El Digital de Asturias\",\"description\":\"La ministra de Agricultura y Pesca, Alimentaci\\u00f3n y Medio Ambiente, Isabel Garc\\u00eda Tejerina ha resaltado los avances conseguidos por el sector vitivin\\u00edcola espa\\u00f1ol, \\\"que hoy en d\\u00eda es m\\u00e1s competitivo, transparente y sostenible\\\". Transparente, ha a\\u00f1adido, porque el Ministerio, respondiendo a petici\\u00f3n del propio sector, ha puesto en marcha un sistema de informaci\\u00f3n del mercado\",\"inLanguage\":\"es-ES\",\"isPartOf\":{\"@id\":\"https:\\\/\\\/www.eldigitaldeasturias.com\\\/noticias\\\/#website\"},\"breadcrumb\":{\"@id\":\"https:\\\/\\\/www.eldigitaldeasturias.com\\\/noticias\\\/tejerina-ha-participado-en-la-presentacion-de-la-campana-de-marida-mejor-tu-vida-con-vino\\\/#breadcrumblist\"},\"author\":{\"@id\":\"https:\\\/\\\/www.eldigitaldeasturias.com\\\/noticias\\\/author\\\/admin\\\/#author\"},\"creator\":{\"@id\":\"https:\\\/\\\/www.eldigitaldeasturias.com\\\/noticias\\\/author\\\/admin\\\/#author\"},\"image\":{\"@type\":\"ImageObject\",\"url\":959825,\"@id\":\"https:\\\/\\\/www.eldigitaldeasturias.com\\\/noticias\\\/tejerina-ha-participado-en-la-presentacion-de-la-campana-de-marida-mejor-tu-vida-con-vino\\\/#mainImage\"},\"primaryImageOfPage\":{\"@id\":\"https:\\\/\\\/www.eldigitaldeasturias.com\\\/noticias\\\/tejerina-ha-participado-en-la-presentacion-de-la-campana-de-marida-mejor-tu-vida-con-vino\\\/#mainImage\"},\"datePublished\":\"2017-11-15T11:33:55+01:00\",\"dateModified\":\"2017-11-15T11:33:55+01:00\"},{\"@type\":\"WebSite\",\"@id\":\"https:\\\/\\\/www.eldigitaldeasturias.com\\\/noticias\\\/#website\",\"url\":\"https:\\\/\\\/www.eldigitaldeasturias.com\\\/noticias\\\/\",\"name\":\"El Digital de Asturias - Diario de actualidad y noticias\",\"alternateName\":\"El Digital de Asturias - Diario de actualidad y noticias\",\"description\":\"Hemeroteca\",\"inLanguage\":\"es-ES\",\"publisher\":{\"@id\":\"https:\\\/\\\/www.eldigitaldeasturias.com\\\/noticias\\\/#organization\"}}]}\n\t\t<\/script>\n\t\t<!-- All in One SEO Pro -->\r\n\t\t<title>Tejerina ha participado en la presentaci\u00f3n de la Campa\u00f1a de \u00abMarida mejor tu vida con vino\u00bb - El Digital de Asturias<\/title>\n\n","aioseo_head_json":{"title":"Tejerina ha participado en la presentaci\u00f3n de la Campa\u00f1a de \u00abMarida mejor tu vida con vino\u00bb - El Digital de Asturias","description":"La ministra de Agricultura y Pesca, Alimentaci\u00f3n y Medio Ambiente, Isabel Garc\u00eda Tejerina ha resaltado los avances conseguidos por el sector vitivin\u00edcola espa\u00f1ol, \"que hoy en d\u00eda es m\u00e1s competitivo, transparente y sostenible\". Transparente, ha a\u00f1adido, porque el Ministerio, respondiendo a petici\u00f3n del propio sector, ha puesto en marcha un sistema de informaci\u00f3n del mercado","canonical_url":"https:\/\/www.eldigitaldeasturias.com\/noticias\/tejerina-ha-participado-en-la-presentacion-de-la-campana-de-marida-mejor-tu-vida-con-vino\/","robots":"max-image-preview:large","keywords":"actualidad","webmasterTools":{"google-site-verification":"UA-38556648-1","msvalidate.01":"7dfe9f3f1b24437ab69f4f2559babe99","miscellaneous":""},"schema":{"@context":"https:\/\/schema.org","@graph":[{"@type":"BlogPosting","@id":"https:\/\/www.eldigitaldeasturias.com\/noticias\/tejerina-ha-participado-en-la-presentacion-de-la-campana-de-marida-mejor-tu-vida-con-vino\/#blogposting","name":"Tejerina ha participado en la presentaci\u00f3n de la Campa\u00f1a de \u00abMarida mejor tu vida con vino\u00bb - El Digital de Asturias","headline":"Tejerina ha participado en la presentaci\u00f3n de la Campa\u00f1a de \u00abMarida mejor tu vida con vino\u00bb","author":{"@id":"https:\/\/www.eldigitaldeasturias.com\/noticias\/author\/admin\/#author"},"publisher":{"@id":"https:\/\/www.eldigitaldeasturias.com\/noticias\/#organization"},"image":{"@type":"ImageObject","url":959825},"datePublished":"2017-11-15T11:33:55+01:00","dateModified":"2017-11-15T11:33:55+01:00","inLanguage":"es-ES","mainEntityOfPage":{"@id":"https:\/\/www.eldigitaldeasturias.com\/noticias\/tejerina-ha-participado-en-la-presentacion-de-la-campana-de-marida-mejor-tu-vida-con-vino\/#webpage"},"isPartOf":{"@id":"https:\/\/www.eldigitaldeasturias.com\/noticias\/tejerina-ha-participado-en-la-presentacion-de-la-campana-de-marida-mejor-tu-vida-con-vino\/#webpage"},"articleSection":"Actualidad"},{"@type":"BreadcrumbList","@id":"https:\/\/www.eldigitaldeasturias.com\/noticias\/tejerina-ha-participado-en-la-presentacion-de-la-campana-de-marida-mejor-tu-vida-con-vino\/#breadcrumblist","itemListElement":[{"@type":"ListItem","@id":"https:\/\/www.eldigitaldeasturias.com\/noticias#listItem","position":1,"name":"Home","item":"https:\/\/www.eldigitaldeasturias.com\/noticias","nextItem":{"@type":"ListItem","@id":"https:\/\/www.eldigitaldeasturias.com\/noticias\/category\/actualidad\/#listItem","name":"Actualidad"}},{"@type":"ListItem","@id":"https:\/\/www.eldigitaldeasturias.com\/noticias\/category\/actualidad\/#listItem","position":2,"name":"Actualidad","item":"https:\/\/www.eldigitaldeasturias.com\/noticias\/category\/actualidad\/","nextItem":{"@type":"ListItem","@id":"https:\/\/www.eldigitaldeasturias.com\/noticias\/tejerina-ha-participado-en-la-presentacion-de-la-campana-de-marida-mejor-tu-vida-con-vino\/#listItem","name":"Tejerina ha participado en la presentaci\u00f3n de la Campa\u00f1a de \u00abMarida mejor tu vida con vino\u00bb"},"previousItem":{"@type":"ListItem","@id":"https:\/\/www.eldigitaldeasturias.com\/noticias#listItem","name":"Home"}},{"@type":"ListItem","@id":"https:\/\/www.eldigitaldeasturias.com\/noticias\/tejerina-ha-participado-en-la-presentacion-de-la-campana-de-marida-mejor-tu-vida-con-vino\/#listItem","position":3,"name":"Tejerina ha participado en la presentaci\u00f3n de la Campa\u00f1a de \u00abMarida mejor tu vida con vino\u00bb","previousItem":{"@type":"ListItem","@id":"https:\/\/www.eldigitaldeasturias.com\/noticias\/category\/actualidad\/#listItem","name":"Actualidad"}}]},{"@type":"Organization","@id":"https:\/\/www.eldigitaldeasturias.com\/noticias\/#organization","name":"El Digital de Asturias","description":"Hemeroteca","url":"https:\/\/www.eldigitaldeasturias.com\/noticias\/","email":"info@eldigitaldeasturias.com","telephone":"+34652131393","logo":{"@type":"ImageObject","url":"https:\/\/www.eldigitaldeasturias.com\/noticias\/wp-content\/uploads\/2020\/12\/EDA.jpg","@id":"https:\/\/www.eldigitaldeasturias.com\/noticias\/tejerina-ha-participado-en-la-presentacion-de-la-campana-de-marida-mejor-tu-vida-con-vino\/#organizationLogo"},"image":{"@id":"https:\/\/www.eldigitaldeasturias.com\/noticias\/tejerina-ha-participado-en-la-presentacion-de-la-campana-de-marida-mejor-tu-vida-con-vino\/#organizationLogo"},"sameAs":["https:\/\/facebook.com\/eldigitaldeasturias","https:\/\/www.youtube.com\/channel\/UCZP-2wLEB9Rv6erhFmqVnvg"],"address":{"@id":"https:\/\/www.eldigitaldeasturias.com\/noticias\/#postaladdress","@type":"PostalAddress","streetAddress":"san antonio 4","postalCode":"33430","addressLocality":"Cand\u00e1s","addressRegion":"Asturias","addressCountry":"ES"}},{"@type":"Person","@id":"https:\/\/www.eldigitaldeasturias.com\/noticias\/author\/admin\/#author","url":"https:\/\/www.eldigitaldeasturias.com\/noticias\/author\/admin\/","name":"El Digital de Asturias","image":{"@type":"ImageObject","@id":"https:\/\/www.eldigitaldeasturias.com\/noticias\/tejerina-ha-participado-en-la-presentacion-de-la-campana-de-marida-mejor-tu-vida-con-vino\/#authorImage","url":"https:\/\/secure.gravatar.com\/avatar\/df2aeffc32bcd13f8d26072ef8a91b623d677766deac7f97ca815868cd41bf5e?s=96&d=mm&r=g","width":96,"height":96,"caption":"El Digital de Asturias"}},{"@type":"WebPage","@id":"https:\/\/www.eldigitaldeasturias.com\/noticias\/tejerina-ha-participado-en-la-presentacion-de-la-campana-de-marida-mejor-tu-vida-con-vino\/#webpage","url":"https:\/\/www.eldigitaldeasturias.com\/noticias\/tejerina-ha-participado-en-la-presentacion-de-la-campana-de-marida-mejor-tu-vida-con-vino\/","name":"Tejerina ha participado en la presentaci\u00f3n de la Campa\u00f1a de \u00abMarida mejor tu vida con vino\u00bb - El Digital de Asturias","description":"La ministra de Agricultura y Pesca, Alimentaci\u00f3n y Medio Ambiente, Isabel Garc\u00eda Tejerina ha resaltado los avances conseguidos por el sector vitivin\u00edcola espa\u00f1ol, \"que hoy en d\u00eda es m\u00e1s competitivo, transparente y sostenible\". Transparente, ha a\u00f1adido, porque el Ministerio, respondiendo a petici\u00f3n del propio sector, ha puesto en marcha un sistema de informaci\u00f3n del mercado","inLanguage":"es-ES","isPartOf":{"@id":"https:\/\/www.eldigitaldeasturias.com\/noticias\/#website"},"breadcrumb":{"@id":"https:\/\/www.eldigitaldeasturias.com\/noticias\/tejerina-ha-participado-en-la-presentacion-de-la-campana-de-marida-mejor-tu-vida-con-vino\/#breadcrumblist"},"author":{"@id":"https:\/\/www.eldigitaldeasturias.com\/noticias\/author\/admin\/#author"},"creator":{"@id":"https:\/\/www.eldigitaldeasturias.com\/noticias\/author\/admin\/#author"},"image":{"@type":"ImageObject","url":959825,"@id":"https:\/\/www.eldigitaldeasturias.com\/noticias\/tejerina-ha-participado-en-la-presentacion-de-la-campana-de-marida-mejor-tu-vida-con-vino\/#mainImage"},"primaryImageOfPage":{"@id":"https:\/\/www.eldigitaldeasturias.com\/noticias\/tejerina-ha-participado-en-la-presentacion-de-la-campana-de-marida-mejor-tu-vida-con-vino\/#mainImage"},"datePublished":"2017-11-15T11:33:55+01:00","dateModified":"2017-11-15T11:33:55+01:00"},{"@type":"WebSite","@id":"https:\/\/www.eldigitaldeasturias.com\/noticias\/#website","url":"https:\/\/www.eldigitaldeasturias.com\/noticias\/","name":"El Digital de Asturias - Diario de actualidad y noticias","alternateName":"El Digital de Asturias - Diario de actualidad y noticias","description":"Hemeroteca","inLanguage":"es-ES","publisher":{"@id":"https:\/\/www.eldigitaldeasturias.com\/noticias\/#organization"}}]},"og:locale":"es_ES","og:site_name":"El Digital de Asturias","og:type":"article","og:title":"Tejerina ha participado en la presentaci\u00f3n de la Campa\u00f1a de \u00abMarida mejor tu vida con vino\u00bb - El Digital de Asturias","og:description":"La ministra de Agricultura y Pesca, Alimentaci\u00f3n y Medio Ambiente, Isabel Garc\u00eda Tejerina ha resaltado los avances conseguidos por el sector vitivin\u00edcola espa\u00f1ol, &quot;que hoy en d\u00eda es m\u00e1s competitivo, transparente y sostenible&quot;. Transparente, ha a\u00f1adido, porque el Ministerio, respondiendo a petici\u00f3n del propio sector, ha puesto en marcha un sistema de informaci\u00f3n del mercado","og:url":"https:\/\/www.eldigitaldeasturias.com\/noticias\/tejerina-ha-participado-en-la-presentacion-de-la-campana-de-marida-mejor-tu-vida-con-vino\/","article:tag":["actualidad"],"article:published_time":"2017-11-15T11:33:55+00:00","article:modified_time":"2017-11-15T11:33:55+00:00","article:publisher":"https:\/\/facebook.com\/eldigitaldeasturias","twitter:card":"summary_large_image","twitter:title":"Tejerina ha participado en la presentaci\u00f3n de la Campa\u00f1a de \u00abMarida mejor tu vida con vino\u00bb - El Digital de Asturias","twitter:description":"La ministra de Agricultura y Pesca, Alimentaci\u00f3n y Medio Ambiente, Isabel Garc\u00eda Tejerina ha resaltado los avances conseguidos por el sector vitivin\u00edcola espa\u00f1ol, &quot;que hoy en d\u00eda es m\u00e1s competitivo, transparente y sostenible&quot;. Transparente, ha a\u00f1adido, porque el Ministerio, respondiendo a petici\u00f3n del propio sector, ha puesto en marcha un sistema de informaci\u00f3n del mercado","twitter:image":"https:\/\/www.eldigitaldeasturias.com\/noticias\/wp-content\/uploads\/2020\/12\/EDA-1.jpg","twitter:label1":"Escrito por","twitter:data1":"El Digital de Asturias","twitter:label2":"Tiempo de lectura estimado","twitter:data2":"3 minutos"},"aioseo_meta_data":{"post_id":"959824","title":null,"description":null,"keywords":null,"keyphrases":null,"primary_term":null,"canonical_url":null,"og_title":null,"og_description":null,"og_object_type":"default","og_image_type":"default","og_image_url":null,"og_image_width":null,"og_image_height":null,"og_image_custom_url":null,"og_image_custom_fields":null,"og_video":null,"og_custom_url":null,"og_article_section":null,"og_article_tags":null,"twitter_use_og":false,"twitter_card":"default","twitter_image_type":"default","twitter_image_url":null,"twitter_image_custom_url":null,"twitter_image_custom_fields":null,"twitter_title":null,"twitter_description":null,"schema":{"blockGraphs":[],"customGraphs":[],"default":{"data":{"Article":[],"Course":[],"Dataset":[],"FAQPage":[],"Movie":[],"Person":[],"Product":[],"ProductReview":[],"Car":[],"Recipe":[],"Service":[],"SoftwareApplication":[],"WebPage":[]},"graphName":"","isEnabled":true},"graphs":[],"defaultGraph":"","defaultPostTypeGraph":""},"schema_type":null,"schema_type_options":null,"pillar_content":false,"robots_default":true,"robots_noindex":false,"robots_noarchive":false,"robots_nosnippet":false,"robots_nofollow":false,"robots_noimageindex":false,"robots_noodp":false,"robots_notranslate":false,"robots_max_snippet":null,"robots_max_videopreview":null,"robots_max_imagepreview":"large","priority":null,"frequency":null,"local_seo":null,"seo_analyzer_scan_date":"2025-12-07 02:41:37","breadcrumb_settings":null,"limit_modified_date":false,"open_ai":null,"ai":null,"created":"2020-12-21 12:53:19","updated":"2025-12-07 02:41:37","focus_keyword":null,"additional_keywords":null,"truseo_locale":null},"aioseo_breadcrumb":"<div class=\"aioseo-breadcrumbs\"><span class=\"aioseo-breadcrumb\">\n\t<a href=\"https:\/\/www.eldigitaldeasturias.com\/noticias\" title=\"Home\">Home<\/a>\n<\/span><span class=\"aioseo-breadcrumb-separator\">\u2013<\/span><span class=\"aioseo-breadcrumb\">\n\t<a href=\"https:\/\/www.eldigitaldeasturias.com\/noticias\/category\/actualidad\/\" title=\"Actualidad\">Actualidad<\/a>\n<\/span><span class=\"aioseo-breadcrumb-separator\">\u2013<\/span><span class=\"aioseo-breadcrumb\">\n\t<a href=\"https:\/\/www.eldigitaldeasturias.com\/noticias\/tejerina-ha-participado-en-la-presentacion-de-la-campana-de-marida-mejor-tu-vida-con-vino\/\" title=\"Tejerina ha participado en la presentaci\u00f3n de la Campa\u00f1a de \u00abMarida mejor tu vida con vino\u00bb\">Tejerina ha participado en la presentaci\u00f3n de la Campa\u00f1a de \u00abMarida mejor tu vida con vino\u00bb<\/a>\n<\/span><\/div>","aioseo_breadcrumb_json":[{"label":"Home","link":"https:\/\/www.eldigitaldeasturias.com\/noticias"},{"label":"Actualidad","link":"https:\/\/www.eldigitaldeasturias.com\/noticias\/category\/actualidad\/"},{"label":"Tejerina ha participado en la presentaci\u00f3n de la Campa\u00f1a de \u00abMarida mejor tu vida con vino\u00bb","link":"https:\/\/www.eldigitaldeasturias.com\/noticias\/tejerina-ha-participado-en-la-presentacion-de-la-campana-de-marida-mejor-tu-vida-con-vino\/"}],"_links":{"self":[{"href":"https:\/\/www.eldigitaldeasturias.com\/noticias\/wp-json\/wp\/v2\/posts\/959824","targetHints":{"allow":["GET"]}}],"collection":[{"href":"https:\/\/www.eldigitaldeasturias.com\/noticias\/wp-json\/wp\/v2\/posts"}],"about":[{"href":"https:\/\/www.eldigitaldeasturias.com\/noticias\/wp-json\/wp\/v2\/types\/post"}],"author":[{"embeddable":true,"href":"https:\/\/www.eldigitaldeasturias.com\/noticias\/wp-json\/wp\/v2\/users\/1"}],"replies":[{"embeddable":true,"href":"https:\/\/www.eldigitaldeasturias.com\/noticias\/wp-json\/wp\/v2\/comments?post=959824"}],"version-history":[{"count":0,"href":"https:\/\/www.eldigitaldeasturias.com\/noticias\/wp-json\/wp\/v2\/posts\/959824\/revisions"}],"wp:attachment":[{"href":"https:\/\/www.eldigitaldeasturias.com\/noticias\/wp-json\/wp\/v2\/media?parent=959824"}],"wp:term":[{"taxonomy":"category","embeddable":true,"href":"https:\/\/www.eldigitaldeasturias.com\/noticias\/wp-json\/wp\/v2\/categories?post=959824"},{"taxonomy":"post_tag","embeddable":true,"href":"https:\/\/www.eldigitaldeasturias.com\/noticias\/wp-json\/wp\/v2\/tags?post=959824"}],"curies":[{"name":"wp","href":"https:\/\/api.w.org\/{rel}","templated":true}]}}