{"id":959821,"date":"2017-11-15T11:31:13","date_gmt":"2017-11-15T11:31:13","guid":{"rendered":"http:\/\/www.eldigitaldeasturias.com\/noticias\/?p=959821"},"modified":"2017-11-15T11:31:13","modified_gmt":"2017-11-15T11:31:13","slug":"dastis-se-reune-con-su-homologo-uzbeko","status":"publish","type":"post","link":"https:\/\/www.eldigitaldeasturias.com\/noticias\/dastis-se-reune-con-su-homologo-uzbeko\/","title":{"rendered":"Dastis se re\u00fane con su hom\u00f3logo uzbeko"},"content":{"rendered":"<p><img loading=\"lazy\" decoding=\"async\" class=\"alignleft size-medium wp-image-959822\" src=\"https:\/\/www.eldigitaldeasturias.com\/noticias\/wp-content\/uploads\/2017\/11\/141117-Dastis-360x239.jpg\" alt=\"\" width=\"360\" height=\"239\" \/>El ministro de Asuntos Exteriores y de Cooperaci\u00f3n, Alfonso Dastis, ha mantenido un encuentro con su hom\u00f3logo uzbeko, Abdulaziz Kamilov. Durante el encuentro, ambos han constatado el buen estado de las relaciones bilaterales, as\u00ed como las importantes posibilidades de expansi\u00f3n en los \u00e1mbitos cultural, pol\u00edtico y, especialmente, econ\u00f3mico.<\/p>\n<p>Los ministros han repasado, en primer lugar, las relaciones UE-Uzbekist\u00e1n, en especial la Estrategia de la UE para Asia Central como excelente oportunidad para incrementar la cooperaci\u00f3n pol\u00edtica, econ\u00f3mica y de seguridad y las aportaciones de Uzbekist\u00e1n al Di\u00e1logo sobre Seguridad con la UE.<\/p>\n<p>Asimismo, el ministro Dastis y el ministro Kamilov han abordado algunos de los temas de la agenda regional como la situaci\u00f3n en Afganist\u00e1n, la evoluci\u00f3n de la Organizaci\u00f3n de Cooperaci\u00f3n de Shangh\u00e1i y la iniciativa de la Nueva Ruta de Seda.<\/p>\n<p>Por otro lado, los ministros pudieron revisar el estado de las relaciones econ\u00f3micas y los sectores que, como las infraestructuras, el transporte, energ\u00eda y agricultura, son susceptibles de ofrecer m\u00e1s oportunidades a las empresas espa\u00f1olas.<\/p>\n<p>Finalmente, se procedi\u00f3 a la firma de un Acuerdo sobre Servicios A\u00e9reos y un Acuerdo sobre transporte internacional por carretera.<\/p>\n","protected":false},"excerpt":{"rendered":"<p>El ministro de Asuntos Exteriores y de Cooperaci\u00f3n, Alfonso Dastis, ha mantenido un encuentro con su hom\u00f3logo uzbeko, Abdulaziz Kamilov. Durante el encuentro, ambos han constatado el buen estado de las relaciones bilaterales, as\u00ed como las importantes posibilidades de expansi\u00f3n en los \u00e1mbitos cultural, pol\u00edtico y, especialmente, econ\u00f3mico. Los ministros han repasado, en primer lugar, [&hellip;]<\/p>\n","protected":false},"author":1,"featured_media":959822,"comment_status":"closed","ping_status":"closed","sticky":false,"template":"","format":"standard","meta":{"footnotes":""},"categories":[1],"tags":[],"class_list":["post-959821","post","type-post","status-publish","format-standard","has-post-thumbnail","hentry","category-actualidad"],"aioseo_notices":[],"aioseo_head":"\n\t\t<!-- All in One SEO Pro 5.0.1 - aioseo.com -->\n\t<meta name=\"description\" content=\"El ministro de Asuntos Exteriores y de Cooperaci\u00f3n, Alfonso Dastis, ha mantenido un encuentro con su hom\u00f3logo uzbeko, Abdulaziz Kamilov. Durante el encuentro, ambos han constatado el buen estado de las relaciones bilaterales, as\u00ed como las importantes posibilidades de expansi\u00f3n en los \u00e1mbitos cultural, pol\u00edtico y, especialmente, econ\u00f3mico. Los ministros han repasado, en primer lugar,\" \/>\n\t<meta name=\"robots\" content=\"max-image-preview:large\" \/>\n\t<meta name=\"author\" content=\"El Digital de Asturias\"\/>\n\t<meta name=\"google-site-verification\" content=\"UA-38556648-1\" \/>\n\t<meta name=\"msvalidate.01\" content=\"7dfe9f3f1b24437ab69f4f2559babe99\" \/>\n\t<meta name=\"keywords\" content=\"actualidad\" \/>\n\t<link rel=\"canonical\" href=\"https:\/\/www.eldigitaldeasturias.com\/noticias\/dastis-se-reune-con-su-homologo-uzbeko\/\" \/>\n\t<meta name=\"generator\" content=\"All in One SEO Pro (AIOSEO) 5.0.1\" \/>\n\t\t<meta property=\"og:locale\" content=\"es_ES\" \/>\n\t\t<meta property=\"og:site_name\" content=\"El Digital de Asturias\" \/>\n\t\t<meta property=\"og:type\" content=\"article\" \/>\n\t\t<meta property=\"og:title\" content=\"Dastis se re\u00fane con su hom\u00f3logo uzbeko - El Digital de Asturias\" \/>\n\t\t<meta property=\"og:description\" content=\"El ministro de Asuntos Exteriores y de Cooperaci\u00f3n, Alfonso Dastis, ha mantenido un encuentro con su hom\u00f3logo uzbeko, Abdulaziz Kamilov. Durante el encuentro, ambos han constatado el buen estado de las relaciones bilaterales, as\u00ed como las importantes posibilidades de expansi\u00f3n en los \u00e1mbitos cultural, pol\u00edtico y, especialmente, econ\u00f3mico. Los ministros han repasado, en primer lugar,\" \/>\n\t\t<meta property=\"og:url\" content=\"https:\/\/www.eldigitaldeasturias.com\/noticias\/dastis-se-reune-con-su-homologo-uzbeko\/\" \/>\n\t\t<meta property=\"article:tag\" content=\"actualidad\" \/>\n\t\t<meta property=\"article:published_time\" content=\"2017-11-15T11:31:13+00:00\" \/>\n\t\t<meta property=\"article:modified_time\" content=\"2017-11-15T11:31:13+00:00\" \/>\n\t\t<meta property=\"article:publisher\" content=\"https:\/\/facebook.com\/eldigitaldeasturias\" \/>\n\t\t<meta name=\"twitter:card\" content=\"summary_large_image\" \/>\n\t\t<meta name=\"twitter:title\" content=\"Dastis se re\u00fane con su hom\u00f3logo uzbeko - El Digital de Asturias\" \/>\n\t\t<meta name=\"twitter:description\" content=\"El ministro de Asuntos Exteriores y de Cooperaci\u00f3n, Alfonso Dastis, ha mantenido un encuentro con su hom\u00f3logo uzbeko, Abdulaziz Kamilov. Durante el encuentro, ambos han constatado el buen estado de las relaciones bilaterales, as\u00ed como las importantes posibilidades de expansi\u00f3n en los \u00e1mbitos cultural, pol\u00edtico y, especialmente, econ\u00f3mico. Los ministros han repasado, en primer lugar,\" \/>\n\t\t<meta name=\"twitter:image\" content=\"https:\/\/www.eldigitaldeasturias.com\/noticias\/wp-content\/uploads\/2020\/12\/EDA-1.jpg\" \/>\n\t\t<meta name=\"twitter:label1\" content=\"Escrito por\" \/>\n\t\t<meta name=\"twitter:data1\" content=\"El Digital de Asturias\" \/>\n\t\t<meta name=\"twitter:label2\" content=\"Tiempo de lectura estimado\" \/>\n\t\t<meta name=\"twitter:data2\" content=\"1 minuto\" \/>\n\t\t<script type=\"application\/ld+json\" class=\"aioseo-schema\">\n\t\t\t{\"@context\":\"https:\\\/\\\/schema.org\",\"@graph\":[{\"@type\":\"BlogPosting\",\"@id\":\"https:\\\/\\\/www.eldigitaldeasturias.com\\\/noticias\\\/dastis-se-reune-con-su-homologo-uzbeko\\\/#blogposting\",\"name\":\"Dastis se re\\u00fane con su hom\\u00f3logo uzbeko - El Digital de Asturias\",\"headline\":\"Dastis se re\\u00fane con su hom\\u00f3logo uzbeko\",\"author\":{\"@id\":\"https:\\\/\\\/www.eldigitaldeasturias.com\\\/noticias\\\/author\\\/admin\\\/#author\"},\"publisher\":{\"@id\":\"https:\\\/\\\/www.eldigitaldeasturias.com\\\/noticias\\\/#organization\"},\"image\":{\"@type\":\"ImageObject\",\"url\":959822},\"datePublished\":\"2017-11-15T11:31:13+01:00\",\"dateModified\":\"2017-11-15T11:31:13+01:00\",\"inLanguage\":\"es-ES\",\"mainEntityOfPage\":{\"@id\":\"https:\\\/\\\/www.eldigitaldeasturias.com\\\/noticias\\\/dastis-se-reune-con-su-homologo-uzbeko\\\/#webpage\"},\"isPartOf\":{\"@id\":\"https:\\\/\\\/www.eldigitaldeasturias.com\\\/noticias\\\/dastis-se-reune-con-su-homologo-uzbeko\\\/#webpage\"},\"articleSection\":\"Actualidad\"},{\"@type\":\"BreadcrumbList\",\"@id\":\"https:\\\/\\\/www.eldigitaldeasturias.com\\\/noticias\\\/dastis-se-reune-con-su-homologo-uzbeko\\\/#breadcrumblist\",\"itemListElement\":[{\"@type\":\"ListItem\",\"@id\":\"https:\\\/\\\/www.eldigitaldeasturias.com\\\/noticias#listItem\",\"position\":1,\"name\":\"Home\",\"item\":\"https:\\\/\\\/www.eldigitaldeasturias.com\\\/noticias\",\"nextItem\":{\"@type\":\"ListItem\",\"@id\":\"https:\\\/\\\/www.eldigitaldeasturias.com\\\/noticias\\\/category\\\/actualidad\\\/#listItem\",\"name\":\"Actualidad\"}},{\"@type\":\"ListItem\",\"@id\":\"https:\\\/\\\/www.eldigitaldeasturias.com\\\/noticias\\\/category\\\/actualidad\\\/#listItem\",\"position\":2,\"name\":\"Actualidad\",\"item\":\"https:\\\/\\\/www.eldigitaldeasturias.com\\\/noticias\\\/category\\\/actualidad\\\/\",\"nextItem\":{\"@type\":\"ListItem\",\"@id\":\"https:\\\/\\\/www.eldigitaldeasturias.com\\\/noticias\\\/dastis-se-reune-con-su-homologo-uzbeko\\\/#listItem\",\"name\":\"Dastis se re\\u00fane con su hom\\u00f3logo uzbeko\"},\"previousItem\":{\"@type\":\"ListItem\",\"@id\":\"https:\\\/\\\/www.eldigitaldeasturias.com\\\/noticias#listItem\",\"name\":\"Home\"}},{\"@type\":\"ListItem\",\"@id\":\"https:\\\/\\\/www.eldigitaldeasturias.com\\\/noticias\\\/dastis-se-reune-con-su-homologo-uzbeko\\\/#listItem\",\"position\":3,\"name\":\"Dastis se re\\u00fane con su hom\\u00f3logo uzbeko\",\"previousItem\":{\"@type\":\"ListItem\",\"@id\":\"https:\\\/\\\/www.eldigitaldeasturias.com\\\/noticias\\\/category\\\/actualidad\\\/#listItem\",\"name\":\"Actualidad\"}}]},{\"@type\":\"Organization\",\"@id\":\"https:\\\/\\\/www.eldigitaldeasturias.com\\\/noticias\\\/#organization\",\"name\":\"El Digital de Asturias\",\"description\":\"Hemeroteca\",\"url\":\"https:\\\/\\\/www.eldigitaldeasturias.com\\\/noticias\\\/\",\"email\":\"info@eldigitaldeasturias.com\",\"telephone\":\"+34652131393\",\"logo\":{\"@type\":\"ImageObject\",\"url\":\"https:\\\/\\\/www.eldigitaldeasturias.com\\\/noticias\\\/wp-content\\\/uploads\\\/2020\\\/12\\\/EDA.jpg\",\"@id\":\"https:\\\/\\\/www.eldigitaldeasturias.com\\\/noticias\\\/dastis-se-reune-con-su-homologo-uzbeko\\\/#organizationLogo\"},\"image\":{\"@id\":\"https:\\\/\\\/www.eldigitaldeasturias.com\\\/noticias\\\/dastis-se-reune-con-su-homologo-uzbeko\\\/#organizationLogo\"},\"sameAs\":[\"https:\\\/\\\/facebook.com\\\/eldigitaldeasturias\",\"https:\\\/\\\/www.youtube.com\\\/channel\\\/UCZP-2wLEB9Rv6erhFmqVnvg\"],\"address\":{\"@id\":\"https:\\\/\\\/www.eldigitaldeasturias.com\\\/noticias\\\/#postaladdress\",\"@type\":\"PostalAddress\",\"streetAddress\":\"san antonio 4\",\"postalCode\":\"33430\",\"addressLocality\":\"Cand\\u00e1s\",\"addressRegion\":\"Asturias\",\"addressCountry\":\"ES\"}},{\"@type\":\"Person\",\"@id\":\"https:\\\/\\\/www.eldigitaldeasturias.com\\\/noticias\\\/author\\\/admin\\\/#author\",\"url\":\"https:\\\/\\\/www.eldigitaldeasturias.com\\\/noticias\\\/author\\\/admin\\\/\",\"name\":\"El Digital de Asturias\",\"image\":{\"@type\":\"ImageObject\",\"@id\":\"https:\\\/\\\/www.eldigitaldeasturias.com\\\/noticias\\\/dastis-se-reune-con-su-homologo-uzbeko\\\/#authorImage\",\"url\":\"https:\\\/\\\/secure.gravatar.com\\\/avatar\\\/df2aeffc32bcd13f8d26072ef8a91b623d677766deac7f97ca815868cd41bf5e?s=96&d=mm&r=g\",\"width\":96,\"height\":96,\"caption\":\"El Digital de Asturias\"}},{\"@type\":\"WebPage\",\"@id\":\"https:\\\/\\\/www.eldigitaldeasturias.com\\\/noticias\\\/dastis-se-reune-con-su-homologo-uzbeko\\\/#webpage\",\"url\":\"https:\\\/\\\/www.eldigitaldeasturias.com\\\/noticias\\\/dastis-se-reune-con-su-homologo-uzbeko\\\/\",\"name\":\"Dastis se re\\u00fane con su hom\\u00f3logo uzbeko - El Digital de Asturias\",\"description\":\"El ministro de Asuntos Exteriores y de Cooperaci\\u00f3n, Alfonso Dastis, ha mantenido un encuentro con su hom\\u00f3logo uzbeko, Abdulaziz Kamilov. Durante el encuentro, ambos han constatado el buen estado de las relaciones bilaterales, as\\u00ed como las importantes posibilidades de expansi\\u00f3n en los \\u00e1mbitos cultural, pol\\u00edtico y, especialmente, econ\\u00f3mico. Los ministros han repasado, en primer lugar,\",\"inLanguage\":\"es-ES\",\"isPartOf\":{\"@id\":\"https:\\\/\\\/www.eldigitaldeasturias.com\\\/noticias\\\/#website\"},\"breadcrumb\":{\"@id\":\"https:\\\/\\\/www.eldigitaldeasturias.com\\\/noticias\\\/dastis-se-reune-con-su-homologo-uzbeko\\\/#breadcrumblist\"},\"author\":{\"@id\":\"https:\\\/\\\/www.eldigitaldeasturias.com\\\/noticias\\\/author\\\/admin\\\/#author\"},\"creator\":{\"@id\":\"https:\\\/\\\/www.eldigitaldeasturias.com\\\/noticias\\\/author\\\/admin\\\/#author\"},\"image\":{\"@type\":\"ImageObject\",\"url\":959822,\"@id\":\"https:\\\/\\\/www.eldigitaldeasturias.com\\\/noticias\\\/dastis-se-reune-con-su-homologo-uzbeko\\\/#mainImage\"},\"primaryImageOfPage\":{\"@id\":\"https:\\\/\\\/www.eldigitaldeasturias.com\\\/noticias\\\/dastis-se-reune-con-su-homologo-uzbeko\\\/#mainImage\"},\"datePublished\":\"2017-11-15T11:31:13+01:00\",\"dateModified\":\"2017-11-15T11:31:13+01:00\"},{\"@type\":\"WebSite\",\"@id\":\"https:\\\/\\\/www.eldigitaldeasturias.com\\\/noticias\\\/#website\",\"url\":\"https:\\\/\\\/www.eldigitaldeasturias.com\\\/noticias\\\/\",\"name\":\"El Digital de Asturias - Diario de actualidad y noticias\",\"alternateName\":\"El Digital de Asturias - Diario de actualidad y noticias\",\"description\":\"Hemeroteca\",\"inLanguage\":\"es-ES\",\"publisher\":{\"@id\":\"https:\\\/\\\/www.eldigitaldeasturias.com\\\/noticias\\\/#organization\"}}]}\n\t\t<\/script>\n\t\t<!-- All in One SEO Pro -->\r\n\t\t<title>Dastis se re\u00fane con su hom\u00f3logo uzbeko - El Digital de Asturias<\/title>\n\n","aioseo_head_json":{"title":"Dastis se re\u00fane con su hom\u00f3logo uzbeko - El Digital de Asturias","description":"El ministro de Asuntos Exteriores y de Cooperaci\u00f3n, Alfonso Dastis, ha mantenido un encuentro con su hom\u00f3logo uzbeko, Abdulaziz Kamilov. Durante el encuentro, ambos han constatado el buen estado de las relaciones bilaterales, as\u00ed como las importantes posibilidades de expansi\u00f3n en los \u00e1mbitos cultural, pol\u00edtico y, especialmente, econ\u00f3mico. Los ministros han repasado, en primer lugar,","canonical_url":"https:\/\/www.eldigitaldeasturias.com\/noticias\/dastis-se-reune-con-su-homologo-uzbeko\/","robots":"max-image-preview:large","keywords":"actualidad","webmasterTools":{"google-site-verification":"UA-38556648-1","msvalidate.01":"7dfe9f3f1b24437ab69f4f2559babe99","miscellaneous":""},"schema":{"@context":"https:\/\/schema.org","@graph":[{"@type":"BlogPosting","@id":"https:\/\/www.eldigitaldeasturias.com\/noticias\/dastis-se-reune-con-su-homologo-uzbeko\/#blogposting","name":"Dastis se re\u00fane con su hom\u00f3logo uzbeko - El Digital de Asturias","headline":"Dastis se re\u00fane con su hom\u00f3logo uzbeko","author":{"@id":"https:\/\/www.eldigitaldeasturias.com\/noticias\/author\/admin\/#author"},"publisher":{"@id":"https:\/\/www.eldigitaldeasturias.com\/noticias\/#organization"},"image":{"@type":"ImageObject","url":959822},"datePublished":"2017-11-15T11:31:13+01:00","dateModified":"2017-11-15T11:31:13+01:00","inLanguage":"es-ES","mainEntityOfPage":{"@id":"https:\/\/www.eldigitaldeasturias.com\/noticias\/dastis-se-reune-con-su-homologo-uzbeko\/#webpage"},"isPartOf":{"@id":"https:\/\/www.eldigitaldeasturias.com\/noticias\/dastis-se-reune-con-su-homologo-uzbeko\/#webpage"},"articleSection":"Actualidad"},{"@type":"BreadcrumbList","@id":"https:\/\/www.eldigitaldeasturias.com\/noticias\/dastis-se-reune-con-su-homologo-uzbeko\/#breadcrumblist","itemListElement":[{"@type":"ListItem","@id":"https:\/\/www.eldigitaldeasturias.com\/noticias#listItem","position":1,"name":"Home","item":"https:\/\/www.eldigitaldeasturias.com\/noticias","nextItem":{"@type":"ListItem","@id":"https:\/\/www.eldigitaldeasturias.com\/noticias\/category\/actualidad\/#listItem","name":"Actualidad"}},{"@type":"ListItem","@id":"https:\/\/www.eldigitaldeasturias.com\/noticias\/category\/actualidad\/#listItem","position":2,"name":"Actualidad","item":"https:\/\/www.eldigitaldeasturias.com\/noticias\/category\/actualidad\/","nextItem":{"@type":"ListItem","@id":"https:\/\/www.eldigitaldeasturias.com\/noticias\/dastis-se-reune-con-su-homologo-uzbeko\/#listItem","name":"Dastis se re\u00fane con su hom\u00f3logo uzbeko"},"previousItem":{"@type":"ListItem","@id":"https:\/\/www.eldigitaldeasturias.com\/noticias#listItem","name":"Home"}},{"@type":"ListItem","@id":"https:\/\/www.eldigitaldeasturias.com\/noticias\/dastis-se-reune-con-su-homologo-uzbeko\/#listItem","position":3,"name":"Dastis se re\u00fane con su hom\u00f3logo uzbeko","previousItem":{"@type":"ListItem","@id":"https:\/\/www.eldigitaldeasturias.com\/noticias\/category\/actualidad\/#listItem","name":"Actualidad"}}]},{"@type":"Organization","@id":"https:\/\/www.eldigitaldeasturias.com\/noticias\/#organization","name":"El Digital de Asturias","description":"Hemeroteca","url":"https:\/\/www.eldigitaldeasturias.com\/noticias\/","email":"info@eldigitaldeasturias.com","telephone":"+34652131393","logo":{"@type":"ImageObject","url":"https:\/\/www.eldigitaldeasturias.com\/noticias\/wp-content\/uploads\/2020\/12\/EDA.jpg","@id":"https:\/\/www.eldigitaldeasturias.com\/noticias\/dastis-se-reune-con-su-homologo-uzbeko\/#organizationLogo"},"image":{"@id":"https:\/\/www.eldigitaldeasturias.com\/noticias\/dastis-se-reune-con-su-homologo-uzbeko\/#organizationLogo"},"sameAs":["https:\/\/facebook.com\/eldigitaldeasturias","https:\/\/www.youtube.com\/channel\/UCZP-2wLEB9Rv6erhFmqVnvg"],"address":{"@id":"https:\/\/www.eldigitaldeasturias.com\/noticias\/#postaladdress","@type":"PostalAddress","streetAddress":"san antonio 4","postalCode":"33430","addressLocality":"Cand\u00e1s","addressRegion":"Asturias","addressCountry":"ES"}},{"@type":"Person","@id":"https:\/\/www.eldigitaldeasturias.com\/noticias\/author\/admin\/#author","url":"https:\/\/www.eldigitaldeasturias.com\/noticias\/author\/admin\/","name":"El Digital de Asturias","image":{"@type":"ImageObject","@id":"https:\/\/www.eldigitaldeasturias.com\/noticias\/dastis-se-reune-con-su-homologo-uzbeko\/#authorImage","url":"https:\/\/secure.gravatar.com\/avatar\/df2aeffc32bcd13f8d26072ef8a91b623d677766deac7f97ca815868cd41bf5e?s=96&d=mm&r=g","width":96,"height":96,"caption":"El Digital de Asturias"}},{"@type":"WebPage","@id":"https:\/\/www.eldigitaldeasturias.com\/noticias\/dastis-se-reune-con-su-homologo-uzbeko\/#webpage","url":"https:\/\/www.eldigitaldeasturias.com\/noticias\/dastis-se-reune-con-su-homologo-uzbeko\/","name":"Dastis se re\u00fane con su hom\u00f3logo uzbeko - El Digital de Asturias","description":"El ministro de Asuntos Exteriores y de Cooperaci\u00f3n, Alfonso Dastis, ha mantenido un encuentro con su hom\u00f3logo uzbeko, Abdulaziz Kamilov. Durante el encuentro, ambos han constatado el buen estado de las relaciones bilaterales, as\u00ed como las importantes posibilidades de expansi\u00f3n en los \u00e1mbitos cultural, pol\u00edtico y, especialmente, econ\u00f3mico. Los ministros han repasado, en primer lugar,","inLanguage":"es-ES","isPartOf":{"@id":"https:\/\/www.eldigitaldeasturias.com\/noticias\/#website"},"breadcrumb":{"@id":"https:\/\/www.eldigitaldeasturias.com\/noticias\/dastis-se-reune-con-su-homologo-uzbeko\/#breadcrumblist"},"author":{"@id":"https:\/\/www.eldigitaldeasturias.com\/noticias\/author\/admin\/#author"},"creator":{"@id":"https:\/\/www.eldigitaldeasturias.com\/noticias\/author\/admin\/#author"},"image":{"@type":"ImageObject","url":959822,"@id":"https:\/\/www.eldigitaldeasturias.com\/noticias\/dastis-se-reune-con-su-homologo-uzbeko\/#mainImage"},"primaryImageOfPage":{"@id":"https:\/\/www.eldigitaldeasturias.com\/noticias\/dastis-se-reune-con-su-homologo-uzbeko\/#mainImage"},"datePublished":"2017-11-15T11:31:13+01:00","dateModified":"2017-11-15T11:31:13+01:00"},{"@type":"WebSite","@id":"https:\/\/www.eldigitaldeasturias.com\/noticias\/#website","url":"https:\/\/www.eldigitaldeasturias.com\/noticias\/","name":"El Digital de Asturias - Diario de actualidad y noticias","alternateName":"El Digital de Asturias - Diario de actualidad y noticias","description":"Hemeroteca","inLanguage":"es-ES","publisher":{"@id":"https:\/\/www.eldigitaldeasturias.com\/noticias\/#organization"}}]},"og:locale":"es_ES","og:site_name":"El Digital de Asturias","og:type":"article","og:title":"Dastis se re\u00fane con su hom\u00f3logo uzbeko - El Digital de Asturias","og:description":"El ministro de Asuntos Exteriores y de Cooperaci\u00f3n, Alfonso Dastis, ha mantenido un encuentro con su hom\u00f3logo uzbeko, Abdulaziz Kamilov. Durante el encuentro, ambos han constatado el buen estado de las relaciones bilaterales, as\u00ed como las importantes posibilidades de expansi\u00f3n en los \u00e1mbitos cultural, pol\u00edtico y, especialmente, econ\u00f3mico. Los ministros han repasado, en primer lugar,","og:url":"https:\/\/www.eldigitaldeasturias.com\/noticias\/dastis-se-reune-con-su-homologo-uzbeko\/","article:tag":["actualidad"],"article:published_time":"2017-11-15T11:31:13+00:00","article:modified_time":"2017-11-15T11:31:13+00:00","article:publisher":"https:\/\/facebook.com\/eldigitaldeasturias","twitter:card":"summary_large_image","twitter:title":"Dastis se re\u00fane con su hom\u00f3logo uzbeko - El Digital de Asturias","twitter:description":"El ministro de Asuntos Exteriores y de Cooperaci\u00f3n, Alfonso Dastis, ha mantenido un encuentro con su hom\u00f3logo uzbeko, Abdulaziz Kamilov. Durante el encuentro, ambos han constatado el buen estado de las relaciones bilaterales, as\u00ed como las importantes posibilidades de expansi\u00f3n en los \u00e1mbitos cultural, pol\u00edtico y, especialmente, econ\u00f3mico. Los ministros han repasado, en primer lugar,","twitter:image":"https:\/\/www.eldigitaldeasturias.com\/noticias\/wp-content\/uploads\/2020\/12\/EDA-1.jpg","twitter:label1":"Escrito por","twitter:data1":"El Digital de Asturias","twitter:label2":"Tiempo de lectura estimado","twitter:data2":"1 minuto"},"aioseo_meta_data":{"post_id":"959821","title":null,"description":null,"keywords":null,"keyphrases":null,"primary_term":null,"canonical_url":null,"og_title":null,"og_description":null,"og_object_type":"default","og_image_type":"default","og_image_url":null,"og_image_width":null,"og_image_height":null,"og_image_custom_url":null,"og_image_custom_fields":null,"og_video":null,"og_custom_url":null,"og_article_section":null,"og_article_tags":null,"twitter_use_og":false,"twitter_card":"default","twitter_image_type":"default","twitter_image_url":null,"twitter_image_custom_url":null,"twitter_image_custom_fields":null,"twitter_title":null,"twitter_description":null,"schema":{"blockGraphs":[],"customGraphs":[],"default":{"data":{"Article":[],"Course":[],"Dataset":[],"FAQPage":[],"Movie":[],"Person":[],"Product":[],"ProductReview":[],"Car":[],"Recipe":[],"Service":[],"SoftwareApplication":[],"WebPage":[]},"graphName":"","isEnabled":true},"graphs":[],"defaultGraph":"","defaultPostTypeGraph":""},"schema_type":null,"schema_type_options":null,"pillar_content":false,"robots_default":true,"robots_noindex":false,"robots_noarchive":false,"robots_nosnippet":false,"robots_nofollow":false,"robots_noimageindex":false,"robots_noodp":false,"robots_notranslate":false,"robots_max_snippet":null,"robots_max_videopreview":null,"robots_max_imagepreview":"large","priority":null,"frequency":null,"local_seo":null,"seo_analyzer_scan_date":"2025-12-07 02:39:24","breadcrumb_settings":null,"limit_modified_date":false,"open_ai":null,"ai":null,"created":"2020-12-21 12:53:19","updated":"2025-12-07 02:39:24","focus_keyword":null,"additional_keywords":null,"truseo_locale":null},"aioseo_breadcrumb":"<div class=\"aioseo-breadcrumbs\"><span class=\"aioseo-breadcrumb\">\n\t<a href=\"https:\/\/www.eldigitaldeasturias.com\/noticias\" title=\"Home\">Home<\/a>\n<\/span><span class=\"aioseo-breadcrumb-separator\">\u2013<\/span><span class=\"aioseo-breadcrumb\">\n\t<a href=\"https:\/\/www.eldigitaldeasturias.com\/noticias\/category\/actualidad\/\" title=\"Actualidad\">Actualidad<\/a>\n<\/span><span class=\"aioseo-breadcrumb-separator\">\u2013<\/span><span class=\"aioseo-breadcrumb\">\n\t<a href=\"https:\/\/www.eldigitaldeasturias.com\/noticias\/dastis-se-reune-con-su-homologo-uzbeko\/\" title=\"Dastis se re\u00fane con su hom\u00f3logo uzbeko\">Dastis se re\u00fane con su hom\u00f3logo uzbeko<\/a>\n<\/span><\/div>","aioseo_breadcrumb_json":[{"label":"Home","link":"https:\/\/www.eldigitaldeasturias.com\/noticias"},{"label":"Actualidad","link":"https:\/\/www.eldigitaldeasturias.com\/noticias\/category\/actualidad\/"},{"label":"Dastis se re\u00fane con su hom\u00f3logo uzbeko","link":"https:\/\/www.eldigitaldeasturias.com\/noticias\/dastis-se-reune-con-su-homologo-uzbeko\/"}],"_links":{"self":[{"href":"https:\/\/www.eldigitaldeasturias.com\/noticias\/wp-json\/wp\/v2\/posts\/959821","targetHints":{"allow":["GET"]}}],"collection":[{"href":"https:\/\/www.eldigitaldeasturias.com\/noticias\/wp-json\/wp\/v2\/posts"}],"about":[{"href":"https:\/\/www.eldigitaldeasturias.com\/noticias\/wp-json\/wp\/v2\/types\/post"}],"author":[{"embeddable":true,"href":"https:\/\/www.eldigitaldeasturias.com\/noticias\/wp-json\/wp\/v2\/users\/1"}],"replies":[{"embeddable":true,"href":"https:\/\/www.eldigitaldeasturias.com\/noticias\/wp-json\/wp\/v2\/comments?post=959821"}],"version-history":[{"count":0,"href":"https:\/\/www.eldigitaldeasturias.com\/noticias\/wp-json\/wp\/v2\/posts\/959821\/revisions"}],"wp:attachment":[{"href":"https:\/\/www.eldigitaldeasturias.com\/noticias\/wp-json\/wp\/v2\/media?parent=959821"}],"wp:term":[{"taxonomy":"category","embeddable":true,"href":"https:\/\/www.eldigitaldeasturias.com\/noticias\/wp-json\/wp\/v2\/categories?post=959821"},{"taxonomy":"post_tag","embeddable":true,"href":"https:\/\/www.eldigitaldeasturias.com\/noticias\/wp-json\/wp\/v2\/tags?post=959821"}],"curies":[{"name":"wp","href":"https:\/\/api.w.org\/{rel}","templated":true}]}}