{"id":959819,"date":"2017-11-15T11:07:12","date_gmt":"2017-11-15T11:07:12","guid":{"rendered":"http:\/\/www.eldigitaldeasturias.com\/noticias\/?p=959819"},"modified":"2017-11-15T11:07:12","modified_gmt":"2017-11-15T11:07:12","slug":"el-congreso-insta-al-gobierno-a-elaborar-un-plan-nacional-de-prevencion-contra-el-suicidio-en-el-plazo-de-seis-meses","status":"publish","type":"post","link":"https:\/\/www.eldigitaldeasturias.com\/noticias\/el-congreso-insta-al-gobierno-a-elaborar-un-plan-nacional-de-prevencion-contra-el-suicidio-en-el-plazo-de-seis-meses\/","title":{"rendered":"El Congreso insta al Gobierno a elaborar un Plan Nacional de Prevenci\u00f3n contra el Suicidio en el plazo de seis meses"},"content":{"rendered":"<p><img loading=\"lazy\" decoding=\"async\" class=\"alignleft size-medium wp-image-791625\" src=\"https:\/\/www.eldigitaldeasturias.com\/noticias\/wp-content\/uploads\/2015\/06\/congreso-360x240.jpg\" alt=\"\" width=\"360\" height=\"240\" \/>La Comisi\u00f3n de Sanidad y Servicios Sociales del Congreso ha aprobado una Proposici\u00f3n No de Ley (PNL) por la que insta al Gobierno de Espa\u00f1a a desarrollar en el plazo de seis meses un Plan Nacional de Prevenci\u00f3n contra el Suicidio. El texto, aprobado por todos los grupos parlamentarios representados en la Comisi\u00f3n, surge de una iniciativa conjunta de Uni\u00f3n del Pueblo Navarro (UPN) y la Asociaci\u00f3n Internacional del Tel\u00e9fono de la Esperanza (ASITES), entidad sin \u00e1nimo de lucro especializada en el tratamiento y la prevenci\u00f3n de conductas suicidas.<\/p>\n<p>Este Plan, realizado en coordinaci\u00f3n con las Comunidades Aut\u00f3nomas, presentar\u00e1 los recursos necesarios e incluir\u00e1 el an\u00e1lisis de las causas determinantes y sociales, con especial incidencia en la poblaci\u00f3n adolescente y en personas mayores, as\u00ed como en las que presentan alg\u00fan trastorno mental. Pretende ser, pues, un proyecto transversal integrado en la nueva Estrategia de Salud Mental que proporcione pautas pr\u00e1cticas de actuaci\u00f3n a educadores, agentes sociales, cuidadores, profesionales sanitarios y familiares.<\/p>\n<p>\u201cEn Espa\u00f1a el suicidio motiva cada a\u00f1o el doble de fallecimientos que los accidentes de tr\u00e1fico, por lo que nos planteamos por qu\u00e9 en nuestro pa\u00eds no se destinan los recursos suficientes para poner en marcha un plan de sensibilizaci\u00f3n y prevenci\u00f3n al estilo de otros que hemos comprobado que repercuten positivamente en toda la sociedad\u201d, argument\u00f3 \u00cd\u00f1igo Alli, diputado del UPN y portavoz del Grupo Mixto en la Comisi\u00f3n. Del mismo modo, expres\u00f3 su malestar por ser esta la segunda vez en cinco a\u00f1os que se eleva al Ejecutivo una iniciativa de estas caracter\u00edsticas: \u201cActualmente no existe ning\u00fan plan coordinado entre el Gobierno central y las Comunidades Aut\u00f3nomas para prestar asistencia psicol\u00f3gica, sanitaria y social a las personas que se plantean acabar con sus vidas. Pero, si tras este trabajo, logramos que aunque sea una sola de esas personas quiera seguir viviendo, todo el esfuerzo que realicemos habr\u00e1 merecido la pena\u201d.<\/p>\n<p>Seg\u00fan las \u00faltimas estad\u00edsticas publicadas por el Instituto Nacional de Estad\u00edstica (INE), relativas al a\u00f1o 2015, en Espa\u00f1a se suicidaron 3602 personas, diez por cada d\u00eda del a\u00f1o, una cifra notablemente superior a los 1880 fallecidos por accidentes de tr\u00e1fico. A nivel mundial, se estima que entorno a un mill\u00f3n de personas deciden poner fin a sus vidas cada a\u00f1o, aunque seg\u00fan las estimaciones de la Organizaci\u00f3n Mundial de la Salud (OMS), habr\u00eda que multiplicar hasta por 20 las cifras oficiales para obtener el n\u00famero total de tentativas.<\/p>\n<p><strong>Un Plan que cuenta con el apoyo un\u00e1nime de los partidos pol\u00edticos<\/strong><\/p>\n<p>La PNL elevada a la Comisi\u00f3n de Sanidad y Servicios Sociales cuenta con el respaldo por unanimidad de todos los grupos parlamentarios. Adem\u00e1s, tanto el Grupo Parlamentario Socialista como Ciudadanos registraron sendas enmiendas con el fin de completar el texto inicialmente propuesto por UPN.<\/p>\n<p>\u201cEl suicidio es un problema de salud p\u00fablica y, aunque los \u00edndices en Espa\u00f1a son algo inferiores a los de otros pa\u00edses de la Uni\u00f3n Europea, no puede continuar siendo un asunto tab\u00fa en nuestra sociedad\u201d, manifest\u00f3 Francisco Igea, diputado de Ciudadanos. En la misma l\u00ednea se posicion\u00f3, Bego\u00f1a Tundidor, del Grupo Socialista, que puso de manifiesto \u201cla necesidad de un plan nacional contra las muertes voluntarias, que permita a cada regi\u00f3n intervenir en funci\u00f3n de las necesidades<\/p>\n<p>y particularidades propias\u201d. La diputada del Grupo Parlamentario de Unidos Podemos Marta Sibina y la popular Mar\u00eda Torres tambi\u00e9n mostraron su apoyo a esta iniciativa.<\/p>\n<p><strong>El trabajo de ASITES en la prevenci\u00f3n de las conductas suicidas<\/strong><\/p>\n<p>La Asociaci\u00f3n Internacional del Tel\u00e9fono de la Esperanza (ASITES), promotora de esta PNL, es una organizaci\u00f3n no gubernamental especializada desde hace m\u00e1s de 45 a\u00f1os en la promoci\u00f3n de la salud emocional y la intervenci\u00f3n en crisis. \u201cBuena parte de nuestro trabajo se traduce en una especial atenci\u00f3n para prevenir las conductas suicidas, por lo que consideramos que impulsar un Plan Nacional como este es casi una obligaci\u00f3n que nace de nuestra identidad social. Por eso, creemos que una iniciativa transversal as\u00ed contribuir\u00e1 tambi\u00e9n a mejorar la calidad de vida de todas las personas supervivientes, esas que han perdido a alguien pr\u00f3ximo a causa de un suicidio\u201d, explica Juan S\u00e1nchez, psic\u00f3logo y presidente de ASITES.<\/p>\n<p>\u201cEn nuestro pa\u00eds necesitamos mirar de frente esta realidad, que podr\u00eda verse como el fracaso de una sociedad\u201d, a\u00f1ade Alfonso Ech\u00e1varri, psic\u00f3logo y director t\u00e9cnico del Tel\u00e9fono de la Esperanza de Navarra. \u201cSin embargo, hemos comprobado c\u00f3mo el esfuerzo conjunto entre profesionales, agentes sociales y Administraciones, con buenos ejemplos ya a nivel auton\u00f3mico, se puede traducir en una disminuci\u00f3n significativa del n\u00famero de suicidios\u201d.<\/p>\n","protected":false},"excerpt":{"rendered":"<p>La Comisi\u00f3n de Sanidad y Servicios Sociales del Congreso ha aprobado una Proposici\u00f3n No de Ley (PNL) por la que insta al Gobierno de Espa\u00f1a a desarrollar en el plazo de seis meses un Plan Nacional de Prevenci\u00f3n contra el Suicidio. El texto, aprobado por todos los grupos parlamentarios representados en la Comisi\u00f3n, surge de [&hellip;]<\/p>\n","protected":false},"author":1,"featured_media":791625,"comment_status":"closed","ping_status":"closed","sticky":false,"template":"","format":"standard","meta":{"footnotes":""},"categories":[1],"tags":[],"class_list":["post-959819","post","type-post","status-publish","format-standard","has-post-thumbnail","hentry","category-actualidad"],"aioseo_notices":[],"aioseo_head":"\n\t\t<!-- All in One SEO Pro 5.0.1 - aioseo.com -->\n\t<meta name=\"description\" content=\"La Comisi\u00f3n de Sanidad y Servicios Sociales del Congreso ha aprobado una Proposici\u00f3n No de Ley (PNL) por la que insta al Gobierno de Espa\u00f1a a desarrollar en el plazo de seis meses un Plan Nacional de Prevenci\u00f3n contra el Suicidio. El texto, aprobado por todos los grupos parlamentarios representados en la Comisi\u00f3n, surge de\" \/>\n\t<meta name=\"robots\" content=\"max-image-preview:large\" \/>\n\t<meta name=\"author\" content=\"El Digital de Asturias\"\/>\n\t<meta name=\"google-site-verification\" content=\"UA-38556648-1\" \/>\n\t<meta name=\"msvalidate.01\" content=\"7dfe9f3f1b24437ab69f4f2559babe99\" \/>\n\t<meta name=\"keywords\" content=\"actualidad\" \/>\n\t<link rel=\"canonical\" href=\"https:\/\/www.eldigitaldeasturias.com\/noticias\/el-congreso-insta-al-gobierno-a-elaborar-un-plan-nacional-de-prevencion-contra-el-suicidio-en-el-plazo-de-seis-meses\/\" \/>\n\t<meta name=\"generator\" content=\"All in One SEO Pro (AIOSEO) 5.0.1\" \/>\n\t\t<meta property=\"og:locale\" content=\"es_ES\" \/>\n\t\t<meta property=\"og:site_name\" content=\"El Digital de Asturias\" \/>\n\t\t<meta property=\"og:type\" content=\"article\" \/>\n\t\t<meta property=\"og:title\" content=\"El Congreso insta al Gobierno a elaborar un Plan Nacional de Prevenci\u00f3n contra el Suicidio en el plazo de seis meses - El Digital de Asturias\" \/>\n\t\t<meta property=\"og:description\" content=\"La Comisi\u00f3n de Sanidad y Servicios Sociales del Congreso ha aprobado una Proposici\u00f3n No de Ley (PNL) por la que insta al Gobierno de Espa\u00f1a a desarrollar en el plazo de seis meses un Plan Nacional de Prevenci\u00f3n contra el Suicidio. El texto, aprobado por todos los grupos parlamentarios representados en la Comisi\u00f3n, surge de\" \/>\n\t\t<meta property=\"og:url\" content=\"https:\/\/www.eldigitaldeasturias.com\/noticias\/el-congreso-insta-al-gobierno-a-elaborar-un-plan-nacional-de-prevencion-contra-el-suicidio-en-el-plazo-de-seis-meses\/\" \/>\n\t\t<meta property=\"article:tag\" content=\"actualidad\" \/>\n\t\t<meta property=\"article:published_time\" content=\"2017-11-15T11:07:12+00:00\" \/>\n\t\t<meta property=\"article:modified_time\" content=\"2017-11-15T11:07:12+00:00\" \/>\n\t\t<meta property=\"article:publisher\" content=\"https:\/\/facebook.com\/eldigitaldeasturias\" \/>\n\t\t<meta name=\"twitter:card\" content=\"summary_large_image\" \/>\n\t\t<meta name=\"twitter:title\" content=\"El Congreso insta al Gobierno a elaborar un Plan Nacional de Prevenci\u00f3n contra el Suicidio en el plazo de seis meses - El Digital de Asturias\" \/>\n\t\t<meta name=\"twitter:description\" content=\"La Comisi\u00f3n de Sanidad y Servicios Sociales del Congreso ha aprobado una Proposici\u00f3n No de Ley (PNL) por la que insta al Gobierno de Espa\u00f1a a desarrollar en el plazo de seis meses un Plan Nacional de Prevenci\u00f3n contra el Suicidio. El texto, aprobado por todos los grupos parlamentarios representados en la Comisi\u00f3n, surge de\" \/>\n\t\t<meta name=\"twitter:image\" content=\"https:\/\/www.eldigitaldeasturias.com\/noticias\/wp-content\/uploads\/2020\/12\/EDA-1.jpg\" \/>\n\t\t<meta name=\"twitter:label1\" content=\"Escrito por\" \/>\n\t\t<meta name=\"twitter:data1\" content=\"El Digital de Asturias\" \/>\n\t\t<meta name=\"twitter:label2\" content=\"Tiempo de lectura estimado\" \/>\n\t\t<meta name=\"twitter:data2\" content=\"4 minutos\" \/>\n\t\t<script type=\"application\/ld+json\" class=\"aioseo-schema\">\n\t\t\t{\"@context\":\"https:\\\/\\\/schema.org\",\"@graph\":[{\"@type\":\"BlogPosting\",\"@id\":\"https:\\\/\\\/www.eldigitaldeasturias.com\\\/noticias\\\/el-congreso-insta-al-gobierno-a-elaborar-un-plan-nacional-de-prevencion-contra-el-suicidio-en-el-plazo-de-seis-meses\\\/#blogposting\",\"name\":\"El Congreso insta al Gobierno a elaborar un Plan Nacional de Prevenci\\u00f3n contra el Suicidio en el plazo de seis meses - El Digital de Asturias\",\"headline\":\"El Congreso insta al Gobierno a elaborar un Plan Nacional de Prevenci\\u00f3n contra el Suicidio en el plazo de seis meses\",\"author\":{\"@id\":\"https:\\\/\\\/www.eldigitaldeasturias.com\\\/noticias\\\/author\\\/admin\\\/#author\"},\"publisher\":{\"@id\":\"https:\\\/\\\/www.eldigitaldeasturias.com\\\/noticias\\\/#organization\"},\"image\":{\"@type\":\"ImageObject\",\"url\":791625},\"datePublished\":\"2017-11-15T11:07:12+01:00\",\"dateModified\":\"2017-11-15T11:07:12+01:00\",\"inLanguage\":\"es-ES\",\"mainEntityOfPage\":{\"@id\":\"https:\\\/\\\/www.eldigitaldeasturias.com\\\/noticias\\\/el-congreso-insta-al-gobierno-a-elaborar-un-plan-nacional-de-prevencion-contra-el-suicidio-en-el-plazo-de-seis-meses\\\/#webpage\"},\"isPartOf\":{\"@id\":\"https:\\\/\\\/www.eldigitaldeasturias.com\\\/noticias\\\/el-congreso-insta-al-gobierno-a-elaborar-un-plan-nacional-de-prevencion-contra-el-suicidio-en-el-plazo-de-seis-meses\\\/#webpage\"},\"articleSection\":\"Actualidad\"},{\"@type\":\"BreadcrumbList\",\"@id\":\"https:\\\/\\\/www.eldigitaldeasturias.com\\\/noticias\\\/el-congreso-insta-al-gobierno-a-elaborar-un-plan-nacional-de-prevencion-contra-el-suicidio-en-el-plazo-de-seis-meses\\\/#breadcrumblist\",\"itemListElement\":[{\"@type\":\"ListItem\",\"@id\":\"https:\\\/\\\/www.eldigitaldeasturias.com\\\/noticias#listItem\",\"position\":1,\"name\":\"Home\",\"item\":\"https:\\\/\\\/www.eldigitaldeasturias.com\\\/noticias\",\"nextItem\":{\"@type\":\"ListItem\",\"@id\":\"https:\\\/\\\/www.eldigitaldeasturias.com\\\/noticias\\\/category\\\/actualidad\\\/#listItem\",\"name\":\"Actualidad\"}},{\"@type\":\"ListItem\",\"@id\":\"https:\\\/\\\/www.eldigitaldeasturias.com\\\/noticias\\\/category\\\/actualidad\\\/#listItem\",\"position\":2,\"name\":\"Actualidad\",\"item\":\"https:\\\/\\\/www.eldigitaldeasturias.com\\\/noticias\\\/category\\\/actualidad\\\/\",\"nextItem\":{\"@type\":\"ListItem\",\"@id\":\"https:\\\/\\\/www.eldigitaldeasturias.com\\\/noticias\\\/el-congreso-insta-al-gobierno-a-elaborar-un-plan-nacional-de-prevencion-contra-el-suicidio-en-el-plazo-de-seis-meses\\\/#listItem\",\"name\":\"El Congreso insta al Gobierno a elaborar un Plan Nacional de Prevenci\\u00f3n contra el Suicidio en el plazo de seis meses\"},\"previousItem\":{\"@type\":\"ListItem\",\"@id\":\"https:\\\/\\\/www.eldigitaldeasturias.com\\\/noticias#listItem\",\"name\":\"Home\"}},{\"@type\":\"ListItem\",\"@id\":\"https:\\\/\\\/www.eldigitaldeasturias.com\\\/noticias\\\/el-congreso-insta-al-gobierno-a-elaborar-un-plan-nacional-de-prevencion-contra-el-suicidio-en-el-plazo-de-seis-meses\\\/#listItem\",\"position\":3,\"name\":\"El Congreso insta al Gobierno a elaborar un Plan Nacional de Prevenci\\u00f3n contra el Suicidio en el plazo de seis meses\",\"previousItem\":{\"@type\":\"ListItem\",\"@id\":\"https:\\\/\\\/www.eldigitaldeasturias.com\\\/noticias\\\/category\\\/actualidad\\\/#listItem\",\"name\":\"Actualidad\"}}]},{\"@type\":\"Organization\",\"@id\":\"https:\\\/\\\/www.eldigitaldeasturias.com\\\/noticias\\\/#organization\",\"name\":\"El Digital de Asturias\",\"description\":\"Hemeroteca\",\"url\":\"https:\\\/\\\/www.eldigitaldeasturias.com\\\/noticias\\\/\",\"email\":\"info@eldigitaldeasturias.com\",\"telephone\":\"+34652131393\",\"logo\":{\"@type\":\"ImageObject\",\"url\":\"https:\\\/\\\/www.eldigitaldeasturias.com\\\/noticias\\\/wp-content\\\/uploads\\\/2020\\\/12\\\/EDA.jpg\",\"@id\":\"https:\\\/\\\/www.eldigitaldeasturias.com\\\/noticias\\\/el-congreso-insta-al-gobierno-a-elaborar-un-plan-nacional-de-prevencion-contra-el-suicidio-en-el-plazo-de-seis-meses\\\/#organizationLogo\"},\"image\":{\"@id\":\"https:\\\/\\\/www.eldigitaldeasturias.com\\\/noticias\\\/el-congreso-insta-al-gobierno-a-elaborar-un-plan-nacional-de-prevencion-contra-el-suicidio-en-el-plazo-de-seis-meses\\\/#organizationLogo\"},\"sameAs\":[\"https:\\\/\\\/facebook.com\\\/eldigitaldeasturias\",\"https:\\\/\\\/www.youtube.com\\\/channel\\\/UCZP-2wLEB9Rv6erhFmqVnvg\"],\"address\":{\"@id\":\"https:\\\/\\\/www.eldigitaldeasturias.com\\\/noticias\\\/#postaladdress\",\"@type\":\"PostalAddress\",\"streetAddress\":\"san antonio 4\",\"postalCode\":\"33430\",\"addressLocality\":\"Cand\\u00e1s\",\"addressRegion\":\"Asturias\",\"addressCountry\":\"ES\"}},{\"@type\":\"Person\",\"@id\":\"https:\\\/\\\/www.eldigitaldeasturias.com\\\/noticias\\\/author\\\/admin\\\/#author\",\"url\":\"https:\\\/\\\/www.eldigitaldeasturias.com\\\/noticias\\\/author\\\/admin\\\/\",\"name\":\"El Digital de Asturias\",\"image\":{\"@type\":\"ImageObject\",\"@id\":\"https:\\\/\\\/www.eldigitaldeasturias.com\\\/noticias\\\/el-congreso-insta-al-gobierno-a-elaborar-un-plan-nacional-de-prevencion-contra-el-suicidio-en-el-plazo-de-seis-meses\\\/#authorImage\",\"url\":\"https:\\\/\\\/secure.gravatar.com\\\/avatar\\\/df2aeffc32bcd13f8d26072ef8a91b623d677766deac7f97ca815868cd41bf5e?s=96&d=mm&r=g\",\"width\":96,\"height\":96,\"caption\":\"El Digital de Asturias\"}},{\"@type\":\"WebPage\",\"@id\":\"https:\\\/\\\/www.eldigitaldeasturias.com\\\/noticias\\\/el-congreso-insta-al-gobierno-a-elaborar-un-plan-nacional-de-prevencion-contra-el-suicidio-en-el-plazo-de-seis-meses\\\/#webpage\",\"url\":\"https:\\\/\\\/www.eldigitaldeasturias.com\\\/noticias\\\/el-congreso-insta-al-gobierno-a-elaborar-un-plan-nacional-de-prevencion-contra-el-suicidio-en-el-plazo-de-seis-meses\\\/\",\"name\":\"El Congreso insta al Gobierno a elaborar un Plan Nacional de Prevenci\\u00f3n contra el Suicidio en el plazo de seis meses - El Digital de Asturias\",\"description\":\"La Comisi\\u00f3n de Sanidad y Servicios Sociales del Congreso ha aprobado una Proposici\\u00f3n No de Ley (PNL) por la que insta al Gobierno de Espa\\u00f1a a desarrollar en el plazo de seis meses un Plan Nacional de Prevenci\\u00f3n contra el Suicidio. El texto, aprobado por todos los grupos parlamentarios representados en la Comisi\\u00f3n, surge de\",\"inLanguage\":\"es-ES\",\"isPartOf\":{\"@id\":\"https:\\\/\\\/www.eldigitaldeasturias.com\\\/noticias\\\/#website\"},\"breadcrumb\":{\"@id\":\"https:\\\/\\\/www.eldigitaldeasturias.com\\\/noticias\\\/el-congreso-insta-al-gobierno-a-elaborar-un-plan-nacional-de-prevencion-contra-el-suicidio-en-el-plazo-de-seis-meses\\\/#breadcrumblist\"},\"author\":{\"@id\":\"https:\\\/\\\/www.eldigitaldeasturias.com\\\/noticias\\\/author\\\/admin\\\/#author\"},\"creator\":{\"@id\":\"https:\\\/\\\/www.eldigitaldeasturias.com\\\/noticias\\\/author\\\/admin\\\/#author\"},\"image\":{\"@type\":\"ImageObject\",\"url\":791625,\"@id\":\"https:\\\/\\\/www.eldigitaldeasturias.com\\\/noticias\\\/el-congreso-insta-al-gobierno-a-elaborar-un-plan-nacional-de-prevencion-contra-el-suicidio-en-el-plazo-de-seis-meses\\\/#mainImage\"},\"primaryImageOfPage\":{\"@id\":\"https:\\\/\\\/www.eldigitaldeasturias.com\\\/noticias\\\/el-congreso-insta-al-gobierno-a-elaborar-un-plan-nacional-de-prevencion-contra-el-suicidio-en-el-plazo-de-seis-meses\\\/#mainImage\"},\"datePublished\":\"2017-11-15T11:07:12+01:00\",\"dateModified\":\"2017-11-15T11:07:12+01:00\"},{\"@type\":\"WebSite\",\"@id\":\"https:\\\/\\\/www.eldigitaldeasturias.com\\\/noticias\\\/#website\",\"url\":\"https:\\\/\\\/www.eldigitaldeasturias.com\\\/noticias\\\/\",\"name\":\"El Digital de Asturias - Diario de actualidad y noticias\",\"alternateName\":\"El Digital de Asturias - Diario de actualidad y noticias\",\"description\":\"Hemeroteca\",\"inLanguage\":\"es-ES\",\"publisher\":{\"@id\":\"https:\\\/\\\/www.eldigitaldeasturias.com\\\/noticias\\\/#organization\"}}]}\n\t\t<\/script>\n\t\t<!-- All in One SEO Pro -->\r\n\t\t<title>El Congreso insta al Gobierno a elaborar un Plan Nacional de Prevenci\u00f3n contra el Suicidio en el plazo de seis meses - El Digital de Asturias<\/title>\n\n","aioseo_head_json":{"title":"El Congreso insta al Gobierno a elaborar un Plan Nacional de Prevenci\u00f3n contra el Suicidio en el plazo de seis meses - El Digital de Asturias","description":"La Comisi\u00f3n de Sanidad y Servicios Sociales del Congreso ha aprobado una Proposici\u00f3n No de Ley (PNL) por la que insta al Gobierno de Espa\u00f1a a desarrollar en el plazo de seis meses un Plan Nacional de Prevenci\u00f3n contra el Suicidio. El texto, aprobado por todos los grupos parlamentarios representados en la Comisi\u00f3n, surge de","canonical_url":"https:\/\/www.eldigitaldeasturias.com\/noticias\/el-congreso-insta-al-gobierno-a-elaborar-un-plan-nacional-de-prevencion-contra-el-suicidio-en-el-plazo-de-seis-meses\/","robots":"max-image-preview:large","keywords":"actualidad","webmasterTools":{"google-site-verification":"UA-38556648-1","msvalidate.01":"7dfe9f3f1b24437ab69f4f2559babe99","miscellaneous":""},"schema":{"@context":"https:\/\/schema.org","@graph":[{"@type":"BlogPosting","@id":"https:\/\/www.eldigitaldeasturias.com\/noticias\/el-congreso-insta-al-gobierno-a-elaborar-un-plan-nacional-de-prevencion-contra-el-suicidio-en-el-plazo-de-seis-meses\/#blogposting","name":"El Congreso insta al Gobierno a elaborar un Plan Nacional de Prevenci\u00f3n contra el Suicidio en el plazo de seis meses - El Digital de Asturias","headline":"El Congreso insta al Gobierno a elaborar un Plan Nacional de Prevenci\u00f3n contra el Suicidio en el plazo de seis meses","author":{"@id":"https:\/\/www.eldigitaldeasturias.com\/noticias\/author\/admin\/#author"},"publisher":{"@id":"https:\/\/www.eldigitaldeasturias.com\/noticias\/#organization"},"image":{"@type":"ImageObject","url":791625},"datePublished":"2017-11-15T11:07:12+01:00","dateModified":"2017-11-15T11:07:12+01:00","inLanguage":"es-ES","mainEntityOfPage":{"@id":"https:\/\/www.eldigitaldeasturias.com\/noticias\/el-congreso-insta-al-gobierno-a-elaborar-un-plan-nacional-de-prevencion-contra-el-suicidio-en-el-plazo-de-seis-meses\/#webpage"},"isPartOf":{"@id":"https:\/\/www.eldigitaldeasturias.com\/noticias\/el-congreso-insta-al-gobierno-a-elaborar-un-plan-nacional-de-prevencion-contra-el-suicidio-en-el-plazo-de-seis-meses\/#webpage"},"articleSection":"Actualidad"},{"@type":"BreadcrumbList","@id":"https:\/\/www.eldigitaldeasturias.com\/noticias\/el-congreso-insta-al-gobierno-a-elaborar-un-plan-nacional-de-prevencion-contra-el-suicidio-en-el-plazo-de-seis-meses\/#breadcrumblist","itemListElement":[{"@type":"ListItem","@id":"https:\/\/www.eldigitaldeasturias.com\/noticias#listItem","position":1,"name":"Home","item":"https:\/\/www.eldigitaldeasturias.com\/noticias","nextItem":{"@type":"ListItem","@id":"https:\/\/www.eldigitaldeasturias.com\/noticias\/category\/actualidad\/#listItem","name":"Actualidad"}},{"@type":"ListItem","@id":"https:\/\/www.eldigitaldeasturias.com\/noticias\/category\/actualidad\/#listItem","position":2,"name":"Actualidad","item":"https:\/\/www.eldigitaldeasturias.com\/noticias\/category\/actualidad\/","nextItem":{"@type":"ListItem","@id":"https:\/\/www.eldigitaldeasturias.com\/noticias\/el-congreso-insta-al-gobierno-a-elaborar-un-plan-nacional-de-prevencion-contra-el-suicidio-en-el-plazo-de-seis-meses\/#listItem","name":"El Congreso insta al Gobierno a elaborar un Plan Nacional de Prevenci\u00f3n contra el Suicidio en el plazo de seis meses"},"previousItem":{"@type":"ListItem","@id":"https:\/\/www.eldigitaldeasturias.com\/noticias#listItem","name":"Home"}},{"@type":"ListItem","@id":"https:\/\/www.eldigitaldeasturias.com\/noticias\/el-congreso-insta-al-gobierno-a-elaborar-un-plan-nacional-de-prevencion-contra-el-suicidio-en-el-plazo-de-seis-meses\/#listItem","position":3,"name":"El Congreso insta al Gobierno a elaborar un Plan Nacional de Prevenci\u00f3n contra el Suicidio en el plazo de seis meses","previousItem":{"@type":"ListItem","@id":"https:\/\/www.eldigitaldeasturias.com\/noticias\/category\/actualidad\/#listItem","name":"Actualidad"}}]},{"@type":"Organization","@id":"https:\/\/www.eldigitaldeasturias.com\/noticias\/#organization","name":"El Digital de Asturias","description":"Hemeroteca","url":"https:\/\/www.eldigitaldeasturias.com\/noticias\/","email":"info@eldigitaldeasturias.com","telephone":"+34652131393","logo":{"@type":"ImageObject","url":"https:\/\/www.eldigitaldeasturias.com\/noticias\/wp-content\/uploads\/2020\/12\/EDA.jpg","@id":"https:\/\/www.eldigitaldeasturias.com\/noticias\/el-congreso-insta-al-gobierno-a-elaborar-un-plan-nacional-de-prevencion-contra-el-suicidio-en-el-plazo-de-seis-meses\/#organizationLogo"},"image":{"@id":"https:\/\/www.eldigitaldeasturias.com\/noticias\/el-congreso-insta-al-gobierno-a-elaborar-un-plan-nacional-de-prevencion-contra-el-suicidio-en-el-plazo-de-seis-meses\/#organizationLogo"},"sameAs":["https:\/\/facebook.com\/eldigitaldeasturias","https:\/\/www.youtube.com\/channel\/UCZP-2wLEB9Rv6erhFmqVnvg"],"address":{"@id":"https:\/\/www.eldigitaldeasturias.com\/noticias\/#postaladdress","@type":"PostalAddress","streetAddress":"san antonio 4","postalCode":"33430","addressLocality":"Cand\u00e1s","addressRegion":"Asturias","addressCountry":"ES"}},{"@type":"Person","@id":"https:\/\/www.eldigitaldeasturias.com\/noticias\/author\/admin\/#author","url":"https:\/\/www.eldigitaldeasturias.com\/noticias\/author\/admin\/","name":"El Digital de Asturias","image":{"@type":"ImageObject","@id":"https:\/\/www.eldigitaldeasturias.com\/noticias\/el-congreso-insta-al-gobierno-a-elaborar-un-plan-nacional-de-prevencion-contra-el-suicidio-en-el-plazo-de-seis-meses\/#authorImage","url":"https:\/\/secure.gravatar.com\/avatar\/df2aeffc32bcd13f8d26072ef8a91b623d677766deac7f97ca815868cd41bf5e?s=96&d=mm&r=g","width":96,"height":96,"caption":"El Digital de Asturias"}},{"@type":"WebPage","@id":"https:\/\/www.eldigitaldeasturias.com\/noticias\/el-congreso-insta-al-gobierno-a-elaborar-un-plan-nacional-de-prevencion-contra-el-suicidio-en-el-plazo-de-seis-meses\/#webpage","url":"https:\/\/www.eldigitaldeasturias.com\/noticias\/el-congreso-insta-al-gobierno-a-elaborar-un-plan-nacional-de-prevencion-contra-el-suicidio-en-el-plazo-de-seis-meses\/","name":"El Congreso insta al Gobierno a elaborar un Plan Nacional de Prevenci\u00f3n contra el Suicidio en el plazo de seis meses - El Digital de Asturias","description":"La Comisi\u00f3n de Sanidad y Servicios Sociales del Congreso ha aprobado una Proposici\u00f3n No de Ley (PNL) por la que insta al Gobierno de Espa\u00f1a a desarrollar en el plazo de seis meses un Plan Nacional de Prevenci\u00f3n contra el Suicidio. El texto, aprobado por todos los grupos parlamentarios representados en la Comisi\u00f3n, surge de","inLanguage":"es-ES","isPartOf":{"@id":"https:\/\/www.eldigitaldeasturias.com\/noticias\/#website"},"breadcrumb":{"@id":"https:\/\/www.eldigitaldeasturias.com\/noticias\/el-congreso-insta-al-gobierno-a-elaborar-un-plan-nacional-de-prevencion-contra-el-suicidio-en-el-plazo-de-seis-meses\/#breadcrumblist"},"author":{"@id":"https:\/\/www.eldigitaldeasturias.com\/noticias\/author\/admin\/#author"},"creator":{"@id":"https:\/\/www.eldigitaldeasturias.com\/noticias\/author\/admin\/#author"},"image":{"@type":"ImageObject","url":791625,"@id":"https:\/\/www.eldigitaldeasturias.com\/noticias\/el-congreso-insta-al-gobierno-a-elaborar-un-plan-nacional-de-prevencion-contra-el-suicidio-en-el-plazo-de-seis-meses\/#mainImage"},"primaryImageOfPage":{"@id":"https:\/\/www.eldigitaldeasturias.com\/noticias\/el-congreso-insta-al-gobierno-a-elaborar-un-plan-nacional-de-prevencion-contra-el-suicidio-en-el-plazo-de-seis-meses\/#mainImage"},"datePublished":"2017-11-15T11:07:12+01:00","dateModified":"2017-11-15T11:07:12+01:00"},{"@type":"WebSite","@id":"https:\/\/www.eldigitaldeasturias.com\/noticias\/#website","url":"https:\/\/www.eldigitaldeasturias.com\/noticias\/","name":"El Digital de Asturias - Diario de actualidad y noticias","alternateName":"El Digital de Asturias - Diario de actualidad y noticias","description":"Hemeroteca","inLanguage":"es-ES","publisher":{"@id":"https:\/\/www.eldigitaldeasturias.com\/noticias\/#organization"}}]},"og:locale":"es_ES","og:site_name":"El Digital de Asturias","og:type":"article","og:title":"El Congreso insta al Gobierno a elaborar un Plan Nacional de Prevenci\u00f3n contra el Suicidio en el plazo de seis meses - El Digital de Asturias","og:description":"La Comisi\u00f3n de Sanidad y Servicios Sociales del Congreso ha aprobado una Proposici\u00f3n No de Ley (PNL) por la que insta al Gobierno de Espa\u00f1a a desarrollar en el plazo de seis meses un Plan Nacional de Prevenci\u00f3n contra el Suicidio. El texto, aprobado por todos los grupos parlamentarios representados en la Comisi\u00f3n, surge de","og:url":"https:\/\/www.eldigitaldeasturias.com\/noticias\/el-congreso-insta-al-gobierno-a-elaborar-un-plan-nacional-de-prevencion-contra-el-suicidio-en-el-plazo-de-seis-meses\/","article:tag":["actualidad"],"article:published_time":"2017-11-15T11:07:12+00:00","article:modified_time":"2017-11-15T11:07:12+00:00","article:publisher":"https:\/\/facebook.com\/eldigitaldeasturias","twitter:card":"summary_large_image","twitter:title":"El Congreso insta al Gobierno a elaborar un Plan Nacional de Prevenci\u00f3n contra el Suicidio en el plazo de seis meses - El Digital de Asturias","twitter:description":"La Comisi\u00f3n de Sanidad y Servicios Sociales del Congreso ha aprobado una Proposici\u00f3n No de Ley (PNL) por la que insta al Gobierno de Espa\u00f1a a desarrollar en el plazo de seis meses un Plan Nacional de Prevenci\u00f3n contra el Suicidio. El texto, aprobado por todos los grupos parlamentarios representados en la Comisi\u00f3n, surge de","twitter:image":"https:\/\/www.eldigitaldeasturias.com\/noticias\/wp-content\/uploads\/2020\/12\/EDA-1.jpg","twitter:label1":"Escrito por","twitter:data1":"El Digital de Asturias","twitter:label2":"Tiempo de lectura estimado","twitter:data2":"4 minutos"},"aioseo_meta_data":{"post_id":"959819","title":null,"description":null,"keywords":null,"keyphrases":null,"primary_term":null,"canonical_url":null,"og_title":null,"og_description":null,"og_object_type":"default","og_image_type":"default","og_image_url":null,"og_image_width":null,"og_image_height":null,"og_image_custom_url":null,"og_image_custom_fields":null,"og_video":null,"og_custom_url":null,"og_article_section":null,"og_article_tags":null,"twitter_use_og":false,"twitter_card":"default","twitter_image_type":"default","twitter_image_url":null,"twitter_image_custom_url":null,"twitter_image_custom_fields":null,"twitter_title":null,"twitter_description":null,"schema":{"blockGraphs":[],"customGraphs":[],"default":{"data":{"Article":[],"Course":[],"Dataset":[],"FAQPage":[],"Movie":[],"Person":[],"Product":[],"ProductReview":[],"Car":[],"Recipe":[],"Service":[],"SoftwareApplication":[],"WebPage":[]},"graphName":"","isEnabled":true},"graphs":[],"defaultGraph":"","defaultPostTypeGraph":""},"schema_type":null,"schema_type_options":null,"pillar_content":false,"robots_default":true,"robots_noindex":false,"robots_noarchive":false,"robots_nosnippet":false,"robots_nofollow":false,"robots_noimageindex":false,"robots_noodp":false,"robots_notranslate":false,"robots_max_snippet":null,"robots_max_videopreview":null,"robots_max_imagepreview":"large","priority":null,"frequency":null,"local_seo":null,"seo_analyzer_scan_date":"2025-12-07 02:39:24","breadcrumb_settings":null,"limit_modified_date":false,"open_ai":null,"ai":null,"created":"2020-12-21 12:53:19","updated":"2025-12-07 02:39:24","focus_keyword":null,"additional_keywords":null,"truseo_locale":null},"aioseo_breadcrumb":"<div class=\"aioseo-breadcrumbs\"><span class=\"aioseo-breadcrumb\">\n\t<a href=\"https:\/\/www.eldigitaldeasturias.com\/noticias\" title=\"Home\">Home<\/a>\n<\/span><span class=\"aioseo-breadcrumb-separator\">\u2013<\/span><span class=\"aioseo-breadcrumb\">\n\t<a href=\"https:\/\/www.eldigitaldeasturias.com\/noticias\/category\/actualidad\/\" title=\"Actualidad\">Actualidad<\/a>\n<\/span><span class=\"aioseo-breadcrumb-separator\">\u2013<\/span><span class=\"aioseo-breadcrumb\">\n\t<a href=\"https:\/\/www.eldigitaldeasturias.com\/noticias\/el-congreso-insta-al-gobierno-a-elaborar-un-plan-nacional-de-prevencion-contra-el-suicidio-en-el-plazo-de-seis-meses\/\" title=\"El Congreso insta al Gobierno a elaborar un Plan Nacional de Prevenci\u00f3n contra el Suicidio en el plazo de seis meses\">El Congreso insta al Gobierno a elaborar un Plan Nacional de Prevenci\u00f3n contra el Suicidio en el plazo de seis meses<\/a>\n<\/span><\/div>","aioseo_breadcrumb_json":[{"label":"Home","link":"https:\/\/www.eldigitaldeasturias.com\/noticias"},{"label":"Actualidad","link":"https:\/\/www.eldigitaldeasturias.com\/noticias\/category\/actualidad\/"},{"label":"El Congreso insta al Gobierno a elaborar un Plan Nacional de Prevenci\u00f3n contra el Suicidio en el plazo de seis meses","link":"https:\/\/www.eldigitaldeasturias.com\/noticias\/el-congreso-insta-al-gobierno-a-elaborar-un-plan-nacional-de-prevencion-contra-el-suicidio-en-el-plazo-de-seis-meses\/"}],"_links":{"self":[{"href":"https:\/\/www.eldigitaldeasturias.com\/noticias\/wp-json\/wp\/v2\/posts\/959819","targetHints":{"allow":["GET"]}}],"collection":[{"href":"https:\/\/www.eldigitaldeasturias.com\/noticias\/wp-json\/wp\/v2\/posts"}],"about":[{"href":"https:\/\/www.eldigitaldeasturias.com\/noticias\/wp-json\/wp\/v2\/types\/post"}],"author":[{"embeddable":true,"href":"https:\/\/www.eldigitaldeasturias.com\/noticias\/wp-json\/wp\/v2\/users\/1"}],"replies":[{"embeddable":true,"href":"https:\/\/www.eldigitaldeasturias.com\/noticias\/wp-json\/wp\/v2\/comments?post=959819"}],"version-history":[{"count":0,"href":"https:\/\/www.eldigitaldeasturias.com\/noticias\/wp-json\/wp\/v2\/posts\/959819\/revisions"}],"wp:attachment":[{"href":"https:\/\/www.eldigitaldeasturias.com\/noticias\/wp-json\/wp\/v2\/media?parent=959819"}],"wp:term":[{"taxonomy":"category","embeddable":true,"href":"https:\/\/www.eldigitaldeasturias.com\/noticias\/wp-json\/wp\/v2\/categories?post=959819"},{"taxonomy":"post_tag","embeddable":true,"href":"https:\/\/www.eldigitaldeasturias.com\/noticias\/wp-json\/wp\/v2\/tags?post=959819"}],"curies":[{"name":"wp","href":"https:\/\/api.w.org\/{rel}","templated":true}]}}