{"id":959747,"date":"2017-11-14T21:10:26","date_gmt":"2017-11-14T21:10:26","guid":{"rendered":"http:\/\/www.eldigitaldeasturias.com\/noticias\/?p=959747"},"modified":"2017-11-14T21:10:26","modified_gmt":"2017-11-14T21:10:26","slug":"la-policia-nacional-dispondra-de-un-puesto-fronterizo-fijo-en-el-puerto-de-sevilla","status":"publish","type":"post","link":"https:\/\/www.eldigitaldeasturias.com\/noticias\/la-policia-nacional-dispondra-de-un-puesto-fronterizo-fijo-en-el-puerto-de-sevilla\/","title":{"rendered":"La Polic\u00eda Nacional dispondr\u00e1 de un puesto fronterizo fijo en el Puerto de Sevilla"},"content":{"rendered":"<p><img loading=\"lazy\" decoding=\"async\" class=\"alignleft size-medium wp-image-959748\" src=\"https:\/\/www.eldigitaldeasturias.com\/noticias\/wp-content\/uploads\/2017\/11\/141117convenio_puerto_Sevilla_1-360x239.jpg\" alt=\"\" width=\"360\" height=\"239\" \/>El ministro del Interior, Juan Ignacio Zoido, y el presidente de la Autoridad Portuaria de Sevilla, Manuel Gracia, han firmado un convenio para ubicar la Unidad policial de control fronterizo en unas instalaciones pertenecientes al puerto hispalense.<\/p>\n<p>El ministro del Interior, Juan Ignacio Zoido, y el presidente de la Autoridad Portuaria de Sevilla, Manuel Gracia, ha firmado un convenio para ubicar la Unidad policial de control fronterizo, dependiente de la Jefatura Superior de Polic\u00eda de Sevilla, en unas instalaciones pertenecientes al Puerto hispalense. De esta forma, la Polic\u00eda Nacional va a desarrollar las funciones de regulaci\u00f3n de entrada y salida del territorio nacional desde un puesto fronterizo fijo, de id\u00e9ntica manera a la que se realiza en un aeropuerto, sin necesidad de tener que desplazarse cada que vez que atraque o parta un barco.<\/p>\n<p>Las instalaciones que van a acoger el puesto fronterizo tienen una superficie de 230 metros cuadrados, distribuidos en dos plantas, y son propiedad de la Autoridad Portuaria, que los cede durante un plazo de cuatro a\u00f1os, prorrogables autom\u00e1ticamente a\u00f1o tras a\u00f1o hasta un m\u00e1ximo de cuatro a\u00f1os m\u00e1s. La Polic\u00eda Nacional comenzar\u00e1 a prestar servicio en este edifico a principios del 2018.<\/p>\n","protected":false},"excerpt":{"rendered":"<p>El ministro del Interior, Juan Ignacio Zoido, y el presidente de la Autoridad Portuaria de Sevilla, Manuel Gracia, han firmado un convenio para ubicar la Unidad policial de control fronterizo en unas instalaciones pertenecientes al puerto hispalense. El ministro del Interior, Juan Ignacio Zoido, y el presidente de la Autoridad Portuaria de Sevilla, Manuel Gracia, [&hellip;]<\/p>\n","protected":false},"author":1,"featured_media":959748,"comment_status":"closed","ping_status":"closed","sticky":false,"template":"","format":"standard","meta":{"footnotes":""},"categories":[1],"tags":[],"class_list":["post-959747","post","type-post","status-publish","format-standard","has-post-thumbnail","hentry","category-actualidad"],"aioseo_notices":[],"aioseo_head":"\n\t\t<!-- All in One SEO Pro 5.0.1 - aioseo.com -->\n\t<meta name=\"description\" content=\"El ministro del Interior, Juan Ignacio Zoido, y el presidente de la Autoridad Portuaria de Sevilla, Manuel Gracia, han firmado un convenio para ubicar la Unidad policial de control fronterizo en unas instalaciones pertenecientes al puerto hispalense. El ministro del Interior, Juan Ignacio Zoido, y el presidente de la Autoridad Portuaria de Sevilla, Manuel Gracia,\" \/>\n\t<meta name=\"robots\" content=\"max-image-preview:large\" \/>\n\t<meta name=\"author\" content=\"El Digital de Asturias\"\/>\n\t<meta name=\"google-site-verification\" content=\"UA-38556648-1\" \/>\n\t<meta name=\"msvalidate.01\" content=\"7dfe9f3f1b24437ab69f4f2559babe99\" \/>\n\t<meta name=\"keywords\" content=\"actualidad\" \/>\n\t<link rel=\"canonical\" href=\"https:\/\/www.eldigitaldeasturias.com\/noticias\/la-policia-nacional-dispondra-de-un-puesto-fronterizo-fijo-en-el-puerto-de-sevilla\/\" \/>\n\t<meta name=\"generator\" content=\"All in One SEO Pro (AIOSEO) 5.0.1\" \/>\n\t\t<meta property=\"og:locale\" content=\"es_ES\" \/>\n\t\t<meta property=\"og:site_name\" content=\"El Digital de Asturias\" \/>\n\t\t<meta property=\"og:type\" content=\"article\" \/>\n\t\t<meta property=\"og:title\" content=\"La Polic\u00eda Nacional dispondr\u00e1 de un puesto fronterizo fijo en el Puerto de Sevilla - El Digital de Asturias\" \/>\n\t\t<meta property=\"og:description\" content=\"El ministro del Interior, Juan Ignacio Zoido, y el presidente de la Autoridad Portuaria de Sevilla, Manuel Gracia, han firmado un convenio para ubicar la Unidad policial de control fronterizo en unas instalaciones pertenecientes al puerto hispalense. El ministro del Interior, Juan Ignacio Zoido, y el presidente de la Autoridad Portuaria de Sevilla, Manuel Gracia,\" \/>\n\t\t<meta property=\"og:url\" content=\"https:\/\/www.eldigitaldeasturias.com\/noticias\/la-policia-nacional-dispondra-de-un-puesto-fronterizo-fijo-en-el-puerto-de-sevilla\/\" \/>\n\t\t<meta property=\"article:tag\" content=\"actualidad\" \/>\n\t\t<meta property=\"article:published_time\" content=\"2017-11-14T21:10:26+00:00\" \/>\n\t\t<meta property=\"article:modified_time\" content=\"2017-11-14T21:10:26+00:00\" \/>\n\t\t<meta property=\"article:publisher\" content=\"https:\/\/facebook.com\/eldigitaldeasturias\" \/>\n\t\t<meta name=\"twitter:card\" content=\"summary_large_image\" \/>\n\t\t<meta name=\"twitter:title\" content=\"La Polic\u00eda Nacional dispondr\u00e1 de un puesto fronterizo fijo en el Puerto de Sevilla - El Digital de Asturias\" \/>\n\t\t<meta name=\"twitter:description\" content=\"El ministro del Interior, Juan Ignacio Zoido, y el presidente de la Autoridad Portuaria de Sevilla, Manuel Gracia, han firmado un convenio para ubicar la Unidad policial de control fronterizo en unas instalaciones pertenecientes al puerto hispalense. El ministro del Interior, Juan Ignacio Zoido, y el presidente de la Autoridad Portuaria de Sevilla, Manuel Gracia,\" \/>\n\t\t<meta name=\"twitter:image\" content=\"https:\/\/www.eldigitaldeasturias.com\/noticias\/wp-content\/uploads\/2020\/12\/EDA-1.jpg\" \/>\n\t\t<meta name=\"twitter:label1\" content=\"Escrito por\" \/>\n\t\t<meta name=\"twitter:data1\" content=\"El Digital de Asturias\" \/>\n\t\t<meta name=\"twitter:label2\" content=\"Tiempo de lectura estimado\" \/>\n\t\t<meta name=\"twitter:data2\" content=\"1 minuto\" \/>\n\t\t<script type=\"application\/ld+json\" class=\"aioseo-schema\">\n\t\t\t{\"@context\":\"https:\\\/\\\/schema.org\",\"@graph\":[{\"@type\":\"BlogPosting\",\"@id\":\"https:\\\/\\\/www.eldigitaldeasturias.com\\\/noticias\\\/la-policia-nacional-dispondra-de-un-puesto-fronterizo-fijo-en-el-puerto-de-sevilla\\\/#blogposting\",\"name\":\"La Polic\\u00eda Nacional dispondr\\u00e1 de un puesto fronterizo fijo en el Puerto de Sevilla - El Digital de Asturias\",\"headline\":\"La Polic\\u00eda Nacional dispondr\\u00e1 de un puesto fronterizo fijo en el Puerto de Sevilla\",\"author\":{\"@id\":\"https:\\\/\\\/www.eldigitaldeasturias.com\\\/noticias\\\/author\\\/admin\\\/#author\"},\"publisher\":{\"@id\":\"https:\\\/\\\/www.eldigitaldeasturias.com\\\/noticias\\\/#organization\"},\"image\":{\"@type\":\"ImageObject\",\"url\":959748},\"datePublished\":\"2017-11-14T21:10:26+01:00\",\"dateModified\":\"2017-11-14T21:10:26+01:00\",\"inLanguage\":\"es-ES\",\"mainEntityOfPage\":{\"@id\":\"https:\\\/\\\/www.eldigitaldeasturias.com\\\/noticias\\\/la-policia-nacional-dispondra-de-un-puesto-fronterizo-fijo-en-el-puerto-de-sevilla\\\/#webpage\"},\"isPartOf\":{\"@id\":\"https:\\\/\\\/www.eldigitaldeasturias.com\\\/noticias\\\/la-policia-nacional-dispondra-de-un-puesto-fronterizo-fijo-en-el-puerto-de-sevilla\\\/#webpage\"},\"articleSection\":\"Actualidad\"},{\"@type\":\"BreadcrumbList\",\"@id\":\"https:\\\/\\\/www.eldigitaldeasturias.com\\\/noticias\\\/la-policia-nacional-dispondra-de-un-puesto-fronterizo-fijo-en-el-puerto-de-sevilla\\\/#breadcrumblist\",\"itemListElement\":[{\"@type\":\"ListItem\",\"@id\":\"https:\\\/\\\/www.eldigitaldeasturias.com\\\/noticias#listItem\",\"position\":1,\"name\":\"Home\",\"item\":\"https:\\\/\\\/www.eldigitaldeasturias.com\\\/noticias\",\"nextItem\":{\"@type\":\"ListItem\",\"@id\":\"https:\\\/\\\/www.eldigitaldeasturias.com\\\/noticias\\\/category\\\/actualidad\\\/#listItem\",\"name\":\"Actualidad\"}},{\"@type\":\"ListItem\",\"@id\":\"https:\\\/\\\/www.eldigitaldeasturias.com\\\/noticias\\\/category\\\/actualidad\\\/#listItem\",\"position\":2,\"name\":\"Actualidad\",\"item\":\"https:\\\/\\\/www.eldigitaldeasturias.com\\\/noticias\\\/category\\\/actualidad\\\/\",\"nextItem\":{\"@type\":\"ListItem\",\"@id\":\"https:\\\/\\\/www.eldigitaldeasturias.com\\\/noticias\\\/la-policia-nacional-dispondra-de-un-puesto-fronterizo-fijo-en-el-puerto-de-sevilla\\\/#listItem\",\"name\":\"La Polic\\u00eda Nacional dispondr\\u00e1 de un puesto fronterizo fijo en el Puerto de Sevilla\"},\"previousItem\":{\"@type\":\"ListItem\",\"@id\":\"https:\\\/\\\/www.eldigitaldeasturias.com\\\/noticias#listItem\",\"name\":\"Home\"}},{\"@type\":\"ListItem\",\"@id\":\"https:\\\/\\\/www.eldigitaldeasturias.com\\\/noticias\\\/la-policia-nacional-dispondra-de-un-puesto-fronterizo-fijo-en-el-puerto-de-sevilla\\\/#listItem\",\"position\":3,\"name\":\"La Polic\\u00eda Nacional dispondr\\u00e1 de un puesto fronterizo fijo en el Puerto de Sevilla\",\"previousItem\":{\"@type\":\"ListItem\",\"@id\":\"https:\\\/\\\/www.eldigitaldeasturias.com\\\/noticias\\\/category\\\/actualidad\\\/#listItem\",\"name\":\"Actualidad\"}}]},{\"@type\":\"Organization\",\"@id\":\"https:\\\/\\\/www.eldigitaldeasturias.com\\\/noticias\\\/#organization\",\"name\":\"El Digital de Asturias\",\"description\":\"Hemeroteca\",\"url\":\"https:\\\/\\\/www.eldigitaldeasturias.com\\\/noticias\\\/\",\"email\":\"info@eldigitaldeasturias.com\",\"telephone\":\"+34652131393\",\"logo\":{\"@type\":\"ImageObject\",\"url\":\"https:\\\/\\\/www.eldigitaldeasturias.com\\\/noticias\\\/wp-content\\\/uploads\\\/2020\\\/12\\\/EDA.jpg\",\"@id\":\"https:\\\/\\\/www.eldigitaldeasturias.com\\\/noticias\\\/la-policia-nacional-dispondra-de-un-puesto-fronterizo-fijo-en-el-puerto-de-sevilla\\\/#organizationLogo\"},\"image\":{\"@id\":\"https:\\\/\\\/www.eldigitaldeasturias.com\\\/noticias\\\/la-policia-nacional-dispondra-de-un-puesto-fronterizo-fijo-en-el-puerto-de-sevilla\\\/#organizationLogo\"},\"sameAs\":[\"https:\\\/\\\/facebook.com\\\/eldigitaldeasturias\",\"https:\\\/\\\/www.youtube.com\\\/channel\\\/UCZP-2wLEB9Rv6erhFmqVnvg\"],\"address\":{\"@id\":\"https:\\\/\\\/www.eldigitaldeasturias.com\\\/noticias\\\/#postaladdress\",\"@type\":\"PostalAddress\",\"streetAddress\":\"san antonio 4\",\"postalCode\":\"33430\",\"addressLocality\":\"Cand\\u00e1s\",\"addressRegion\":\"Asturias\",\"addressCountry\":\"ES\"}},{\"@type\":\"Person\",\"@id\":\"https:\\\/\\\/www.eldigitaldeasturias.com\\\/noticias\\\/author\\\/admin\\\/#author\",\"url\":\"https:\\\/\\\/www.eldigitaldeasturias.com\\\/noticias\\\/author\\\/admin\\\/\",\"name\":\"El Digital de Asturias\",\"image\":{\"@type\":\"ImageObject\",\"@id\":\"https:\\\/\\\/www.eldigitaldeasturias.com\\\/noticias\\\/la-policia-nacional-dispondra-de-un-puesto-fronterizo-fijo-en-el-puerto-de-sevilla\\\/#authorImage\",\"url\":\"https:\\\/\\\/secure.gravatar.com\\\/avatar\\\/df2aeffc32bcd13f8d26072ef8a91b623d677766deac7f97ca815868cd41bf5e?s=96&d=mm&r=g\",\"width\":96,\"height\":96,\"caption\":\"El Digital de Asturias\"}},{\"@type\":\"WebPage\",\"@id\":\"https:\\\/\\\/www.eldigitaldeasturias.com\\\/noticias\\\/la-policia-nacional-dispondra-de-un-puesto-fronterizo-fijo-en-el-puerto-de-sevilla\\\/#webpage\",\"url\":\"https:\\\/\\\/www.eldigitaldeasturias.com\\\/noticias\\\/la-policia-nacional-dispondra-de-un-puesto-fronterizo-fijo-en-el-puerto-de-sevilla\\\/\",\"name\":\"La Polic\\u00eda Nacional dispondr\\u00e1 de un puesto fronterizo fijo en el Puerto de Sevilla - El Digital de Asturias\",\"description\":\"El ministro del Interior, Juan Ignacio Zoido, y el presidente de la Autoridad Portuaria de Sevilla, Manuel Gracia, han firmado un convenio para ubicar la Unidad policial de control fronterizo en unas instalaciones pertenecientes al puerto hispalense. El ministro del Interior, Juan Ignacio Zoido, y el presidente de la Autoridad Portuaria de Sevilla, Manuel Gracia,\",\"inLanguage\":\"es-ES\",\"isPartOf\":{\"@id\":\"https:\\\/\\\/www.eldigitaldeasturias.com\\\/noticias\\\/#website\"},\"breadcrumb\":{\"@id\":\"https:\\\/\\\/www.eldigitaldeasturias.com\\\/noticias\\\/la-policia-nacional-dispondra-de-un-puesto-fronterizo-fijo-en-el-puerto-de-sevilla\\\/#breadcrumblist\"},\"author\":{\"@id\":\"https:\\\/\\\/www.eldigitaldeasturias.com\\\/noticias\\\/author\\\/admin\\\/#author\"},\"creator\":{\"@id\":\"https:\\\/\\\/www.eldigitaldeasturias.com\\\/noticias\\\/author\\\/admin\\\/#author\"},\"image\":{\"@type\":\"ImageObject\",\"url\":959748,\"@id\":\"https:\\\/\\\/www.eldigitaldeasturias.com\\\/noticias\\\/la-policia-nacional-dispondra-de-un-puesto-fronterizo-fijo-en-el-puerto-de-sevilla\\\/#mainImage\"},\"primaryImageOfPage\":{\"@id\":\"https:\\\/\\\/www.eldigitaldeasturias.com\\\/noticias\\\/la-policia-nacional-dispondra-de-un-puesto-fronterizo-fijo-en-el-puerto-de-sevilla\\\/#mainImage\"},\"datePublished\":\"2017-11-14T21:10:26+01:00\",\"dateModified\":\"2017-11-14T21:10:26+01:00\"},{\"@type\":\"WebSite\",\"@id\":\"https:\\\/\\\/www.eldigitaldeasturias.com\\\/noticias\\\/#website\",\"url\":\"https:\\\/\\\/www.eldigitaldeasturias.com\\\/noticias\\\/\",\"name\":\"El Digital de Asturias - Diario de actualidad y noticias\",\"alternateName\":\"El Digital de Asturias - Diario de actualidad y noticias\",\"description\":\"Hemeroteca\",\"inLanguage\":\"es-ES\",\"publisher\":{\"@id\":\"https:\\\/\\\/www.eldigitaldeasturias.com\\\/noticias\\\/#organization\"}}]}\n\t\t<\/script>\n\t\t<!-- All in One SEO Pro -->\r\n\t\t<title>La Polic\u00eda Nacional dispondr\u00e1 de un puesto fronterizo fijo en el Puerto de Sevilla - El Digital de Asturias<\/title>\n\n","aioseo_head_json":{"title":"La Polic\u00eda Nacional dispondr\u00e1 de un puesto fronterizo fijo en el Puerto de Sevilla - El Digital de Asturias","description":"El ministro del Interior, Juan Ignacio Zoido, y el presidente de la Autoridad Portuaria de Sevilla, Manuel Gracia, han firmado un convenio para ubicar la Unidad policial de control fronterizo en unas instalaciones pertenecientes al puerto hispalense. El ministro del Interior, Juan Ignacio Zoido, y el presidente de la Autoridad Portuaria de Sevilla, Manuel Gracia,","canonical_url":"https:\/\/www.eldigitaldeasturias.com\/noticias\/la-policia-nacional-dispondra-de-un-puesto-fronterizo-fijo-en-el-puerto-de-sevilla\/","robots":"max-image-preview:large","keywords":"actualidad","webmasterTools":{"google-site-verification":"UA-38556648-1","msvalidate.01":"7dfe9f3f1b24437ab69f4f2559babe99","miscellaneous":""},"schema":{"@context":"https:\/\/schema.org","@graph":[{"@type":"BlogPosting","@id":"https:\/\/www.eldigitaldeasturias.com\/noticias\/la-policia-nacional-dispondra-de-un-puesto-fronterizo-fijo-en-el-puerto-de-sevilla\/#blogposting","name":"La Polic\u00eda Nacional dispondr\u00e1 de un puesto fronterizo fijo en el Puerto de Sevilla - El Digital de Asturias","headline":"La Polic\u00eda Nacional dispondr\u00e1 de un puesto fronterizo fijo en el Puerto de Sevilla","author":{"@id":"https:\/\/www.eldigitaldeasturias.com\/noticias\/author\/admin\/#author"},"publisher":{"@id":"https:\/\/www.eldigitaldeasturias.com\/noticias\/#organization"},"image":{"@type":"ImageObject","url":959748},"datePublished":"2017-11-14T21:10:26+01:00","dateModified":"2017-11-14T21:10:26+01:00","inLanguage":"es-ES","mainEntityOfPage":{"@id":"https:\/\/www.eldigitaldeasturias.com\/noticias\/la-policia-nacional-dispondra-de-un-puesto-fronterizo-fijo-en-el-puerto-de-sevilla\/#webpage"},"isPartOf":{"@id":"https:\/\/www.eldigitaldeasturias.com\/noticias\/la-policia-nacional-dispondra-de-un-puesto-fronterizo-fijo-en-el-puerto-de-sevilla\/#webpage"},"articleSection":"Actualidad"},{"@type":"BreadcrumbList","@id":"https:\/\/www.eldigitaldeasturias.com\/noticias\/la-policia-nacional-dispondra-de-un-puesto-fronterizo-fijo-en-el-puerto-de-sevilla\/#breadcrumblist","itemListElement":[{"@type":"ListItem","@id":"https:\/\/www.eldigitaldeasturias.com\/noticias#listItem","position":1,"name":"Home","item":"https:\/\/www.eldigitaldeasturias.com\/noticias","nextItem":{"@type":"ListItem","@id":"https:\/\/www.eldigitaldeasturias.com\/noticias\/category\/actualidad\/#listItem","name":"Actualidad"}},{"@type":"ListItem","@id":"https:\/\/www.eldigitaldeasturias.com\/noticias\/category\/actualidad\/#listItem","position":2,"name":"Actualidad","item":"https:\/\/www.eldigitaldeasturias.com\/noticias\/category\/actualidad\/","nextItem":{"@type":"ListItem","@id":"https:\/\/www.eldigitaldeasturias.com\/noticias\/la-policia-nacional-dispondra-de-un-puesto-fronterizo-fijo-en-el-puerto-de-sevilla\/#listItem","name":"La Polic\u00eda Nacional dispondr\u00e1 de un puesto fronterizo fijo en el Puerto de Sevilla"},"previousItem":{"@type":"ListItem","@id":"https:\/\/www.eldigitaldeasturias.com\/noticias#listItem","name":"Home"}},{"@type":"ListItem","@id":"https:\/\/www.eldigitaldeasturias.com\/noticias\/la-policia-nacional-dispondra-de-un-puesto-fronterizo-fijo-en-el-puerto-de-sevilla\/#listItem","position":3,"name":"La Polic\u00eda Nacional dispondr\u00e1 de un puesto fronterizo fijo en el Puerto de Sevilla","previousItem":{"@type":"ListItem","@id":"https:\/\/www.eldigitaldeasturias.com\/noticias\/category\/actualidad\/#listItem","name":"Actualidad"}}]},{"@type":"Organization","@id":"https:\/\/www.eldigitaldeasturias.com\/noticias\/#organization","name":"El Digital de Asturias","description":"Hemeroteca","url":"https:\/\/www.eldigitaldeasturias.com\/noticias\/","email":"info@eldigitaldeasturias.com","telephone":"+34652131393","logo":{"@type":"ImageObject","url":"https:\/\/www.eldigitaldeasturias.com\/noticias\/wp-content\/uploads\/2020\/12\/EDA.jpg","@id":"https:\/\/www.eldigitaldeasturias.com\/noticias\/la-policia-nacional-dispondra-de-un-puesto-fronterizo-fijo-en-el-puerto-de-sevilla\/#organizationLogo"},"image":{"@id":"https:\/\/www.eldigitaldeasturias.com\/noticias\/la-policia-nacional-dispondra-de-un-puesto-fronterizo-fijo-en-el-puerto-de-sevilla\/#organizationLogo"},"sameAs":["https:\/\/facebook.com\/eldigitaldeasturias","https:\/\/www.youtube.com\/channel\/UCZP-2wLEB9Rv6erhFmqVnvg"],"address":{"@id":"https:\/\/www.eldigitaldeasturias.com\/noticias\/#postaladdress","@type":"PostalAddress","streetAddress":"san antonio 4","postalCode":"33430","addressLocality":"Cand\u00e1s","addressRegion":"Asturias","addressCountry":"ES"}},{"@type":"Person","@id":"https:\/\/www.eldigitaldeasturias.com\/noticias\/author\/admin\/#author","url":"https:\/\/www.eldigitaldeasturias.com\/noticias\/author\/admin\/","name":"El Digital de Asturias","image":{"@type":"ImageObject","@id":"https:\/\/www.eldigitaldeasturias.com\/noticias\/la-policia-nacional-dispondra-de-un-puesto-fronterizo-fijo-en-el-puerto-de-sevilla\/#authorImage","url":"https:\/\/secure.gravatar.com\/avatar\/df2aeffc32bcd13f8d26072ef8a91b623d677766deac7f97ca815868cd41bf5e?s=96&d=mm&r=g","width":96,"height":96,"caption":"El Digital de Asturias"}},{"@type":"WebPage","@id":"https:\/\/www.eldigitaldeasturias.com\/noticias\/la-policia-nacional-dispondra-de-un-puesto-fronterizo-fijo-en-el-puerto-de-sevilla\/#webpage","url":"https:\/\/www.eldigitaldeasturias.com\/noticias\/la-policia-nacional-dispondra-de-un-puesto-fronterizo-fijo-en-el-puerto-de-sevilla\/","name":"La Polic\u00eda Nacional dispondr\u00e1 de un puesto fronterizo fijo en el Puerto de Sevilla - El Digital de Asturias","description":"El ministro del Interior, Juan Ignacio Zoido, y el presidente de la Autoridad Portuaria de Sevilla, Manuel Gracia, han firmado un convenio para ubicar la Unidad policial de control fronterizo en unas instalaciones pertenecientes al puerto hispalense. El ministro del Interior, Juan Ignacio Zoido, y el presidente de la Autoridad Portuaria de Sevilla, Manuel Gracia,","inLanguage":"es-ES","isPartOf":{"@id":"https:\/\/www.eldigitaldeasturias.com\/noticias\/#website"},"breadcrumb":{"@id":"https:\/\/www.eldigitaldeasturias.com\/noticias\/la-policia-nacional-dispondra-de-un-puesto-fronterizo-fijo-en-el-puerto-de-sevilla\/#breadcrumblist"},"author":{"@id":"https:\/\/www.eldigitaldeasturias.com\/noticias\/author\/admin\/#author"},"creator":{"@id":"https:\/\/www.eldigitaldeasturias.com\/noticias\/author\/admin\/#author"},"image":{"@type":"ImageObject","url":959748,"@id":"https:\/\/www.eldigitaldeasturias.com\/noticias\/la-policia-nacional-dispondra-de-un-puesto-fronterizo-fijo-en-el-puerto-de-sevilla\/#mainImage"},"primaryImageOfPage":{"@id":"https:\/\/www.eldigitaldeasturias.com\/noticias\/la-policia-nacional-dispondra-de-un-puesto-fronterizo-fijo-en-el-puerto-de-sevilla\/#mainImage"},"datePublished":"2017-11-14T21:10:26+01:00","dateModified":"2017-11-14T21:10:26+01:00"},{"@type":"WebSite","@id":"https:\/\/www.eldigitaldeasturias.com\/noticias\/#website","url":"https:\/\/www.eldigitaldeasturias.com\/noticias\/","name":"El Digital de Asturias - Diario de actualidad y noticias","alternateName":"El Digital de Asturias - Diario de actualidad y noticias","description":"Hemeroteca","inLanguage":"es-ES","publisher":{"@id":"https:\/\/www.eldigitaldeasturias.com\/noticias\/#organization"}}]},"og:locale":"es_ES","og:site_name":"El Digital de Asturias","og:type":"article","og:title":"La Polic\u00eda Nacional dispondr\u00e1 de un puesto fronterizo fijo en el Puerto de Sevilla - El Digital de Asturias","og:description":"El ministro del Interior, Juan Ignacio Zoido, y el presidente de la Autoridad Portuaria de Sevilla, Manuel Gracia, han firmado un convenio para ubicar la Unidad policial de control fronterizo en unas instalaciones pertenecientes al puerto hispalense. El ministro del Interior, Juan Ignacio Zoido, y el presidente de la Autoridad Portuaria de Sevilla, Manuel Gracia,","og:url":"https:\/\/www.eldigitaldeasturias.com\/noticias\/la-policia-nacional-dispondra-de-un-puesto-fronterizo-fijo-en-el-puerto-de-sevilla\/","article:tag":["actualidad"],"article:published_time":"2017-11-14T21:10:26+00:00","article:modified_time":"2017-11-14T21:10:26+00:00","article:publisher":"https:\/\/facebook.com\/eldigitaldeasturias","twitter:card":"summary_large_image","twitter:title":"La Polic\u00eda Nacional dispondr\u00e1 de un puesto fronterizo fijo en el Puerto de Sevilla - El Digital de Asturias","twitter:description":"El ministro del Interior, Juan Ignacio Zoido, y el presidente de la Autoridad Portuaria de Sevilla, Manuel Gracia, han firmado un convenio para ubicar la Unidad policial de control fronterizo en unas instalaciones pertenecientes al puerto hispalense. El ministro del Interior, Juan Ignacio Zoido, y el presidente de la Autoridad Portuaria de Sevilla, Manuel Gracia,","twitter:image":"https:\/\/www.eldigitaldeasturias.com\/noticias\/wp-content\/uploads\/2020\/12\/EDA-1.jpg","twitter:label1":"Escrito por","twitter:data1":"El Digital de Asturias","twitter:label2":"Tiempo de lectura estimado","twitter:data2":"1 minuto"},"aioseo_meta_data":{"post_id":"959747","title":null,"description":null,"keywords":null,"keyphrases":null,"primary_term":null,"canonical_url":null,"og_title":null,"og_description":null,"og_object_type":"default","og_image_type":"default","og_image_url":null,"og_image_width":null,"og_image_height":null,"og_image_custom_url":null,"og_image_custom_fields":null,"og_video":null,"og_custom_url":null,"og_article_section":null,"og_article_tags":null,"twitter_use_og":false,"twitter_card":"default","twitter_image_type":"default","twitter_image_url":null,"twitter_image_custom_url":null,"twitter_image_custom_fields":null,"twitter_title":null,"twitter_description":null,"schema":{"blockGraphs":[],"customGraphs":[],"default":{"data":{"Article":[],"Course":[],"Dataset":[],"FAQPage":[],"Movie":[],"Person":[],"Product":[],"ProductReview":[],"Car":[],"Recipe":[],"Service":[],"SoftwareApplication":[],"WebPage":[]},"graphName":"","isEnabled":true},"graphs":[],"defaultGraph":"","defaultPostTypeGraph":""},"schema_type":null,"schema_type_options":null,"pillar_content":false,"robots_default":true,"robots_noindex":false,"robots_noarchive":false,"robots_nosnippet":false,"robots_nofollow":false,"robots_noimageindex":false,"robots_noodp":false,"robots_notranslate":false,"robots_max_snippet":null,"robots_max_videopreview":null,"robots_max_imagepreview":"large","priority":null,"frequency":null,"local_seo":null,"seo_analyzer_scan_date":"2025-12-07 02:27:03","breadcrumb_settings":null,"limit_modified_date":false,"open_ai":null,"ai":null,"created":"2020-12-21 12:53:19","updated":"2025-12-07 02:27:03","focus_keyword":null,"additional_keywords":null,"truseo_locale":null},"aioseo_breadcrumb":"<div class=\"aioseo-breadcrumbs\"><span class=\"aioseo-breadcrumb\">\n\t<a href=\"https:\/\/www.eldigitaldeasturias.com\/noticias\" title=\"Home\">Home<\/a>\n<\/span><span class=\"aioseo-breadcrumb-separator\">\u2013<\/span><span class=\"aioseo-breadcrumb\">\n\t<a href=\"https:\/\/www.eldigitaldeasturias.com\/noticias\/category\/actualidad\/\" title=\"Actualidad\">Actualidad<\/a>\n<\/span><span class=\"aioseo-breadcrumb-separator\">\u2013<\/span><span class=\"aioseo-breadcrumb\">\n\t<a href=\"https:\/\/www.eldigitaldeasturias.com\/noticias\/la-policia-nacional-dispondra-de-un-puesto-fronterizo-fijo-en-el-puerto-de-sevilla\/\" title=\"La Polic\u00eda Nacional dispondr\u00e1 de un puesto fronterizo fijo en el Puerto de Sevilla\">La Polic\u00eda Nacional dispondr\u00e1 de un puesto fronterizo fijo en el Puerto de Sevilla<\/a>\n<\/span><\/div>","aioseo_breadcrumb_json":[{"label":"Home","link":"https:\/\/www.eldigitaldeasturias.com\/noticias"},{"label":"Actualidad","link":"https:\/\/www.eldigitaldeasturias.com\/noticias\/category\/actualidad\/"},{"label":"La Polic\u00eda Nacional dispondr\u00e1 de un puesto fronterizo fijo en el Puerto de Sevilla","link":"https:\/\/www.eldigitaldeasturias.com\/noticias\/la-policia-nacional-dispondra-de-un-puesto-fronterizo-fijo-en-el-puerto-de-sevilla\/"}],"_links":{"self":[{"href":"https:\/\/www.eldigitaldeasturias.com\/noticias\/wp-json\/wp\/v2\/posts\/959747","targetHints":{"allow":["GET"]}}],"collection":[{"href":"https:\/\/www.eldigitaldeasturias.com\/noticias\/wp-json\/wp\/v2\/posts"}],"about":[{"href":"https:\/\/www.eldigitaldeasturias.com\/noticias\/wp-json\/wp\/v2\/types\/post"}],"author":[{"embeddable":true,"href":"https:\/\/www.eldigitaldeasturias.com\/noticias\/wp-json\/wp\/v2\/users\/1"}],"replies":[{"embeddable":true,"href":"https:\/\/www.eldigitaldeasturias.com\/noticias\/wp-json\/wp\/v2\/comments?post=959747"}],"version-history":[{"count":0,"href":"https:\/\/www.eldigitaldeasturias.com\/noticias\/wp-json\/wp\/v2\/posts\/959747\/revisions"}],"wp:attachment":[{"href":"https:\/\/www.eldigitaldeasturias.com\/noticias\/wp-json\/wp\/v2\/media?parent=959747"}],"wp:term":[{"taxonomy":"category","embeddable":true,"href":"https:\/\/www.eldigitaldeasturias.com\/noticias\/wp-json\/wp\/v2\/categories?post=959747"},{"taxonomy":"post_tag","embeddable":true,"href":"https:\/\/www.eldigitaldeasturias.com\/noticias\/wp-json\/wp\/v2\/tags?post=959747"}],"curies":[{"name":"wp","href":"https:\/\/api.w.org\/{rel}","templated":true}]}}