{"id":959744,"date":"2017-11-14T20:29:40","date_gmt":"2017-11-14T20:29:40","guid":{"rendered":"http:\/\/www.eldigitaldeasturias.com\/noticias\/?p=959744"},"modified":"2017-11-14T20:29:40","modified_gmt":"2017-11-14T20:29:40","slug":"espana-elegida-nuevo-miembro-del-comite-de-patrimonio-mundial-de-la-unesco","status":"publish","type":"post","link":"https:\/\/www.eldigitaldeasturias.com\/noticias\/espana-elegida-nuevo-miembro-del-comite-de-patrimonio-mundial-de-la-unesco\/","title":{"rendered":"Espa\u00f1a, elegida nuevo miembro del Comit\u00e9 de Patrimonio Mundial de la UNESCO"},"content":{"rendered":"<p><img loading=\"lazy\" decoding=\"async\" class=\"alignleft size-medium wp-image-959745\" src=\"https:\/\/www.eldigitaldeasturias.com\/noticias\/wp-content\/uploads\/2017\/11\/021117UNESCO-1-360x239.jpg\" alt=\"\" width=\"360\" height=\"239\" \/>Espa\u00f1a ha sido elegida nuevo miembro del Comit\u00e9 de Patrimonio Mundial de la UNESCO durante la 21\u00aa reuni\u00f3n de la Asamblea General de la Convenci\u00f3n de Patrimonio Mundial que se celebra en Par\u00eds, sede del organismo internacional.<\/p>\n<p>Con esta elecci\u00f3n, en la que ha contado con el mayor n\u00famero de votos, 157 de los 170 pa\u00edses participantes, se ratifica el liderazgo de nuestro pa\u00eds en la gesti\u00f3n de bienes Patrimonio Mundial, contando en la actualidad con 46 bienes inscritos en la Lista de la UNESCO.<\/p>\n<p>El mandato espa\u00f1ol en este Comit\u00e9 de la UNESCO durar\u00e1 4 a\u00f1os, a petici\u00f3n propia para facilitar la rotaci\u00f3n de pa\u00edses, ya que el periodo electo puede alcanzar seis anualidades. En este periodo, nuestro pa\u00eds aportar\u00e1 su experiencia en la gesti\u00f3n del patrimonio para contribuir activamente en la aplicaci\u00f3n de la Convenci\u00f3n de Patrimonio Mundial. Asimismo, favorecer\u00e1 las posibles sinergias con otras Convenciones y figuras de protecci\u00f3n de la UNESCO.<\/p>\n<p>Espa\u00f1a cuenta con excelentes profesionales t\u00e9cnicos, al ser un referente en gesti\u00f3n patrimonial en su \u00e1mbito territorial y a nivel internacional por desarrollar m\u00faltiples programas de cooperaci\u00f3n. A trav\u00e9s de estos programas, la Administraci\u00f3n General del Estado colabora para conservar el patrimonio propio y de otras regiones del mundo, haciendo que el patrimonio juegue un papel activo en la mejora de la calidad de vida de las personas. Por ello, el Estado espa\u00f1ol enviar\u00e1 a las sesiones del Comit\u00e9 una Delegaci\u00f3n integrada por expertos en materia de patrimonio Cultural y Natural y en la aplicaci\u00f3n de la Convenci\u00f3n.<\/p>\n<p>Adem\u00e1s, Espa\u00f1a se ha comprometido a:<\/p>\n<p>Trabajar para una mayor representatividad de bienes y \u00e1reas geogr\u00e1ficas no suficientemente presentes en la Lista de Patrimonio Mundial.<\/p>\n<p>Fortalecer la protecci\u00f3n, conservaci\u00f3n y adecuada gesti\u00f3n de los bienes ya inscritos en la Lista de Patrimonio Mundial.<\/p>\n<p>Estimular la cooperaci\u00f3n internacional y la creaci\u00f3n de redes de bienes Patrimonio Mundial para la difusi\u00f3n de buenas pr\u00e1cticas y el intercambio de informaci\u00f3n.<\/p>\n<p>Colaborar estrechamente con el Centro de Patrimonio Mundial y los organismos consultivos en las iniciativas que lleven a cabo.<\/p>\n<p><strong>21 pa\u00edses en el Comit\u00e9 de Patrimonio Mundial de la UNESCO<\/strong><\/p>\n<p>Desde que ratificara en 1982 la Convenci\u00f3n de Patrimonio Mundial, Espa\u00f1a ha sido miembro del Comit\u00e9 entre los a\u00f1os 1991 y 1997, y de nuevo entre 2005 y 2009, a\u00f1o en el que acogi\u00f3 en Sevilla la celebraci\u00f3n de su 33\u00aa Sesi\u00f3n.<\/p>\n<p>Este Comit\u00e9, compuesto por 21 Estados Parte, elegidos en la Asamblea General de entre los 190 pa\u00edses signatarios, es el \u00f3rgano responsable de la aplicaci\u00f3n de la Convenci\u00f3n sobre la Protecci\u00f3n del Patrimonio Mundial, Cultural y Natural. Su tarea fundamental es examinar el estado de conservaci\u00f3n de los sitios inscritos en la Lista de Patrimonio Mundial, decidir la inscripci\u00f3n o no de nuevos bienes candidatos y la inscripci\u00f3n o retirada de aquellos bienes amenazados en la Lista del Patrimonio Mundial en Peligro. Igualmente el Comit\u00e9 asigna las distintas partidas econ\u00f3micas del Fondo de Patrimonio Mundial seg\u00fan las necesidades.<\/p>\n","protected":false},"excerpt":{"rendered":"<p>Espa\u00f1a ha sido elegida nuevo miembro del Comit\u00e9 de Patrimonio Mundial de la UNESCO durante la 21\u00aa reuni\u00f3n de la Asamblea General de la Convenci\u00f3n de Patrimonio Mundial que se celebra en Par\u00eds, sede del organismo internacional. Con esta elecci\u00f3n, en la que ha contado con el mayor n\u00famero de votos, 157 de los 170 [&hellip;]<\/p>\n","protected":false},"author":1,"featured_media":959745,"comment_status":"closed","ping_status":"closed","sticky":false,"template":"","format":"standard","meta":{"footnotes":""},"categories":[1],"tags":[],"class_list":["post-959744","post","type-post","status-publish","format-standard","has-post-thumbnail","hentry","category-actualidad"],"aioseo_notices":[],"aioseo_head":"\n\t\t<!-- All in One SEO Pro 5.0.1 - aioseo.com -->\n\t<meta name=\"description\" content=\"Espa\u00f1a ha sido elegida nuevo miembro del Comit\u00e9 de Patrimonio Mundial de la UNESCO durante la 21\u00aa reuni\u00f3n de la Asamblea General de la Convenci\u00f3n de Patrimonio Mundial que se celebra en Par\u00eds, sede del organismo internacional. Con esta elecci\u00f3n, en la que ha contado con el mayor n\u00famero de votos, 157 de los 170\" \/>\n\t<meta name=\"robots\" content=\"max-image-preview:large\" \/>\n\t<meta name=\"author\" content=\"El Digital de Asturias\"\/>\n\t<meta name=\"google-site-verification\" content=\"UA-38556648-1\" \/>\n\t<meta name=\"msvalidate.01\" content=\"7dfe9f3f1b24437ab69f4f2559babe99\" \/>\n\t<meta name=\"keywords\" content=\"actualidad\" \/>\n\t<link rel=\"canonical\" href=\"https:\/\/www.eldigitaldeasturias.com\/noticias\/espana-elegida-nuevo-miembro-del-comite-de-patrimonio-mundial-de-la-unesco\/\" \/>\n\t<meta name=\"generator\" content=\"All in One SEO Pro (AIOSEO) 5.0.1\" \/>\n\t\t<meta property=\"og:locale\" content=\"es_ES\" \/>\n\t\t<meta property=\"og:site_name\" content=\"El Digital de Asturias\" \/>\n\t\t<meta property=\"og:type\" content=\"article\" \/>\n\t\t<meta property=\"og:title\" content=\"Espa\u00f1a, elegida nuevo miembro del Comit\u00e9 de Patrimonio Mundial de la UNESCO - El Digital de Asturias\" \/>\n\t\t<meta property=\"og:description\" content=\"Espa\u00f1a ha sido elegida nuevo miembro del Comit\u00e9 de Patrimonio Mundial de la UNESCO durante la 21\u00aa reuni\u00f3n de la Asamblea General de la Convenci\u00f3n de Patrimonio Mundial que se celebra en Par\u00eds, sede del organismo internacional. Con esta elecci\u00f3n, en la que ha contado con el mayor n\u00famero de votos, 157 de los 170\" \/>\n\t\t<meta property=\"og:url\" content=\"https:\/\/www.eldigitaldeasturias.com\/noticias\/espana-elegida-nuevo-miembro-del-comite-de-patrimonio-mundial-de-la-unesco\/\" \/>\n\t\t<meta property=\"article:tag\" content=\"actualidad\" \/>\n\t\t<meta property=\"article:published_time\" content=\"2017-11-14T20:29:40+00:00\" \/>\n\t\t<meta property=\"article:modified_time\" content=\"2017-11-14T20:29:40+00:00\" \/>\n\t\t<meta property=\"article:publisher\" content=\"https:\/\/facebook.com\/eldigitaldeasturias\" \/>\n\t\t<meta name=\"twitter:card\" content=\"summary_large_image\" \/>\n\t\t<meta name=\"twitter:title\" content=\"Espa\u00f1a, elegida nuevo miembro del Comit\u00e9 de Patrimonio Mundial de la UNESCO - El Digital de Asturias\" \/>\n\t\t<meta name=\"twitter:description\" content=\"Espa\u00f1a ha sido elegida nuevo miembro del Comit\u00e9 de Patrimonio Mundial de la UNESCO durante la 21\u00aa reuni\u00f3n de la Asamblea General de la Convenci\u00f3n de Patrimonio Mundial que se celebra en Par\u00eds, sede del organismo internacional. Con esta elecci\u00f3n, en la que ha contado con el mayor n\u00famero de votos, 157 de los 170\" \/>\n\t\t<meta name=\"twitter:image\" content=\"https:\/\/www.eldigitaldeasturias.com\/noticias\/wp-content\/uploads\/2020\/12\/EDA-1.jpg\" \/>\n\t\t<meta name=\"twitter:label1\" content=\"Escrito por\" \/>\n\t\t<meta name=\"twitter:data1\" content=\"El Digital de Asturias\" \/>\n\t\t<meta name=\"twitter:label2\" content=\"Tiempo de lectura estimado\" \/>\n\t\t<meta name=\"twitter:data2\" content=\"3 minutos\" \/>\n\t\t<script type=\"application\/ld+json\" class=\"aioseo-schema\">\n\t\t\t{\"@context\":\"https:\\\/\\\/schema.org\",\"@graph\":[{\"@type\":\"BlogPosting\",\"@id\":\"https:\\\/\\\/www.eldigitaldeasturias.com\\\/noticias\\\/espana-elegida-nuevo-miembro-del-comite-de-patrimonio-mundial-de-la-unesco\\\/#blogposting\",\"name\":\"Espa\\u00f1a, elegida nuevo miembro del Comit\\u00e9 de Patrimonio Mundial de la UNESCO - El Digital de Asturias\",\"headline\":\"Espa\\u00f1a, elegida nuevo miembro del Comit\\u00e9 de Patrimonio Mundial de la UNESCO\",\"author\":{\"@id\":\"https:\\\/\\\/www.eldigitaldeasturias.com\\\/noticias\\\/author\\\/admin\\\/#author\"},\"publisher\":{\"@id\":\"https:\\\/\\\/www.eldigitaldeasturias.com\\\/noticias\\\/#organization\"},\"image\":{\"@type\":\"ImageObject\",\"url\":959745},\"datePublished\":\"2017-11-14T20:29:40+01:00\",\"dateModified\":\"2017-11-14T20:29:40+01:00\",\"inLanguage\":\"es-ES\",\"mainEntityOfPage\":{\"@id\":\"https:\\\/\\\/www.eldigitaldeasturias.com\\\/noticias\\\/espana-elegida-nuevo-miembro-del-comite-de-patrimonio-mundial-de-la-unesco\\\/#webpage\"},\"isPartOf\":{\"@id\":\"https:\\\/\\\/www.eldigitaldeasturias.com\\\/noticias\\\/espana-elegida-nuevo-miembro-del-comite-de-patrimonio-mundial-de-la-unesco\\\/#webpage\"},\"articleSection\":\"Actualidad\"},{\"@type\":\"BreadcrumbList\",\"@id\":\"https:\\\/\\\/www.eldigitaldeasturias.com\\\/noticias\\\/espana-elegida-nuevo-miembro-del-comite-de-patrimonio-mundial-de-la-unesco\\\/#breadcrumblist\",\"itemListElement\":[{\"@type\":\"ListItem\",\"@id\":\"https:\\\/\\\/www.eldigitaldeasturias.com\\\/noticias#listItem\",\"position\":1,\"name\":\"Home\",\"item\":\"https:\\\/\\\/www.eldigitaldeasturias.com\\\/noticias\",\"nextItem\":{\"@type\":\"ListItem\",\"@id\":\"https:\\\/\\\/www.eldigitaldeasturias.com\\\/noticias\\\/category\\\/actualidad\\\/#listItem\",\"name\":\"Actualidad\"}},{\"@type\":\"ListItem\",\"@id\":\"https:\\\/\\\/www.eldigitaldeasturias.com\\\/noticias\\\/category\\\/actualidad\\\/#listItem\",\"position\":2,\"name\":\"Actualidad\",\"item\":\"https:\\\/\\\/www.eldigitaldeasturias.com\\\/noticias\\\/category\\\/actualidad\\\/\",\"nextItem\":{\"@type\":\"ListItem\",\"@id\":\"https:\\\/\\\/www.eldigitaldeasturias.com\\\/noticias\\\/espana-elegida-nuevo-miembro-del-comite-de-patrimonio-mundial-de-la-unesco\\\/#listItem\",\"name\":\"Espa\\u00f1a, elegida nuevo miembro del Comit\\u00e9 de Patrimonio Mundial de la UNESCO\"},\"previousItem\":{\"@type\":\"ListItem\",\"@id\":\"https:\\\/\\\/www.eldigitaldeasturias.com\\\/noticias#listItem\",\"name\":\"Home\"}},{\"@type\":\"ListItem\",\"@id\":\"https:\\\/\\\/www.eldigitaldeasturias.com\\\/noticias\\\/espana-elegida-nuevo-miembro-del-comite-de-patrimonio-mundial-de-la-unesco\\\/#listItem\",\"position\":3,\"name\":\"Espa\\u00f1a, elegida nuevo miembro del Comit\\u00e9 de Patrimonio Mundial de la UNESCO\",\"previousItem\":{\"@type\":\"ListItem\",\"@id\":\"https:\\\/\\\/www.eldigitaldeasturias.com\\\/noticias\\\/category\\\/actualidad\\\/#listItem\",\"name\":\"Actualidad\"}}]},{\"@type\":\"Organization\",\"@id\":\"https:\\\/\\\/www.eldigitaldeasturias.com\\\/noticias\\\/#organization\",\"name\":\"El Digital de Asturias\",\"description\":\"Hemeroteca\",\"url\":\"https:\\\/\\\/www.eldigitaldeasturias.com\\\/noticias\\\/\",\"email\":\"info@eldigitaldeasturias.com\",\"telephone\":\"+34652131393\",\"logo\":{\"@type\":\"ImageObject\",\"url\":\"https:\\\/\\\/www.eldigitaldeasturias.com\\\/noticias\\\/wp-content\\\/uploads\\\/2020\\\/12\\\/EDA.jpg\",\"@id\":\"https:\\\/\\\/www.eldigitaldeasturias.com\\\/noticias\\\/espana-elegida-nuevo-miembro-del-comite-de-patrimonio-mundial-de-la-unesco\\\/#organizationLogo\"},\"image\":{\"@id\":\"https:\\\/\\\/www.eldigitaldeasturias.com\\\/noticias\\\/espana-elegida-nuevo-miembro-del-comite-de-patrimonio-mundial-de-la-unesco\\\/#organizationLogo\"},\"sameAs\":[\"https:\\\/\\\/facebook.com\\\/eldigitaldeasturias\",\"https:\\\/\\\/www.youtube.com\\\/channel\\\/UCZP-2wLEB9Rv6erhFmqVnvg\"],\"address\":{\"@id\":\"https:\\\/\\\/www.eldigitaldeasturias.com\\\/noticias\\\/#postaladdress\",\"@type\":\"PostalAddress\",\"streetAddress\":\"san antonio 4\",\"postalCode\":\"33430\",\"addressLocality\":\"Cand\\u00e1s\",\"addressRegion\":\"Asturias\",\"addressCountry\":\"ES\"}},{\"@type\":\"Person\",\"@id\":\"https:\\\/\\\/www.eldigitaldeasturias.com\\\/noticias\\\/author\\\/admin\\\/#author\",\"url\":\"https:\\\/\\\/www.eldigitaldeasturias.com\\\/noticias\\\/author\\\/admin\\\/\",\"name\":\"El Digital de Asturias\",\"image\":{\"@type\":\"ImageObject\",\"@id\":\"https:\\\/\\\/www.eldigitaldeasturias.com\\\/noticias\\\/espana-elegida-nuevo-miembro-del-comite-de-patrimonio-mundial-de-la-unesco\\\/#authorImage\",\"url\":\"https:\\\/\\\/secure.gravatar.com\\\/avatar\\\/df2aeffc32bcd13f8d26072ef8a91b623d677766deac7f97ca815868cd41bf5e?s=96&d=mm&r=g\",\"width\":96,\"height\":96,\"caption\":\"El Digital de Asturias\"}},{\"@type\":\"WebPage\",\"@id\":\"https:\\\/\\\/www.eldigitaldeasturias.com\\\/noticias\\\/espana-elegida-nuevo-miembro-del-comite-de-patrimonio-mundial-de-la-unesco\\\/#webpage\",\"url\":\"https:\\\/\\\/www.eldigitaldeasturias.com\\\/noticias\\\/espana-elegida-nuevo-miembro-del-comite-de-patrimonio-mundial-de-la-unesco\\\/\",\"name\":\"Espa\\u00f1a, elegida nuevo miembro del Comit\\u00e9 de Patrimonio Mundial de la UNESCO - El Digital de Asturias\",\"description\":\"Espa\\u00f1a ha sido elegida nuevo miembro del Comit\\u00e9 de Patrimonio Mundial de la UNESCO durante la 21\\u00aa reuni\\u00f3n de la Asamblea General de la Convenci\\u00f3n de Patrimonio Mundial que se celebra en Par\\u00eds, sede del organismo internacional. Con esta elecci\\u00f3n, en la que ha contado con el mayor n\\u00famero de votos, 157 de los 170\",\"inLanguage\":\"es-ES\",\"isPartOf\":{\"@id\":\"https:\\\/\\\/www.eldigitaldeasturias.com\\\/noticias\\\/#website\"},\"breadcrumb\":{\"@id\":\"https:\\\/\\\/www.eldigitaldeasturias.com\\\/noticias\\\/espana-elegida-nuevo-miembro-del-comite-de-patrimonio-mundial-de-la-unesco\\\/#breadcrumblist\"},\"author\":{\"@id\":\"https:\\\/\\\/www.eldigitaldeasturias.com\\\/noticias\\\/author\\\/admin\\\/#author\"},\"creator\":{\"@id\":\"https:\\\/\\\/www.eldigitaldeasturias.com\\\/noticias\\\/author\\\/admin\\\/#author\"},\"image\":{\"@type\":\"ImageObject\",\"url\":959745,\"@id\":\"https:\\\/\\\/www.eldigitaldeasturias.com\\\/noticias\\\/espana-elegida-nuevo-miembro-del-comite-de-patrimonio-mundial-de-la-unesco\\\/#mainImage\"},\"primaryImageOfPage\":{\"@id\":\"https:\\\/\\\/www.eldigitaldeasturias.com\\\/noticias\\\/espana-elegida-nuevo-miembro-del-comite-de-patrimonio-mundial-de-la-unesco\\\/#mainImage\"},\"datePublished\":\"2017-11-14T20:29:40+01:00\",\"dateModified\":\"2017-11-14T20:29:40+01:00\"},{\"@type\":\"WebSite\",\"@id\":\"https:\\\/\\\/www.eldigitaldeasturias.com\\\/noticias\\\/#website\",\"url\":\"https:\\\/\\\/www.eldigitaldeasturias.com\\\/noticias\\\/\",\"name\":\"El Digital de Asturias - Diario de actualidad y noticias\",\"alternateName\":\"El Digital de Asturias - Diario de actualidad y noticias\",\"description\":\"Hemeroteca\",\"inLanguage\":\"es-ES\",\"publisher\":{\"@id\":\"https:\\\/\\\/www.eldigitaldeasturias.com\\\/noticias\\\/#organization\"}}]}\n\t\t<\/script>\n\t\t<!-- All in One SEO Pro -->\r\n\t\t<title>Espa\u00f1a, elegida nuevo miembro del Comit\u00e9 de Patrimonio Mundial de la UNESCO - El Digital de Asturias<\/title>\n\n","aioseo_head_json":{"title":"Espa\u00f1a, elegida nuevo miembro del Comit\u00e9 de Patrimonio Mundial de la UNESCO - El Digital de Asturias","description":"Espa\u00f1a ha sido elegida nuevo miembro del Comit\u00e9 de Patrimonio Mundial de la UNESCO durante la 21\u00aa reuni\u00f3n de la Asamblea General de la Convenci\u00f3n de Patrimonio Mundial que se celebra en Par\u00eds, sede del organismo internacional. Con esta elecci\u00f3n, en la que ha contado con el mayor n\u00famero de votos, 157 de los 170","canonical_url":"https:\/\/www.eldigitaldeasturias.com\/noticias\/espana-elegida-nuevo-miembro-del-comite-de-patrimonio-mundial-de-la-unesco\/","robots":"max-image-preview:large","keywords":"actualidad","webmasterTools":{"google-site-verification":"UA-38556648-1","msvalidate.01":"7dfe9f3f1b24437ab69f4f2559babe99","miscellaneous":""},"schema":{"@context":"https:\/\/schema.org","@graph":[{"@type":"BlogPosting","@id":"https:\/\/www.eldigitaldeasturias.com\/noticias\/espana-elegida-nuevo-miembro-del-comite-de-patrimonio-mundial-de-la-unesco\/#blogposting","name":"Espa\u00f1a, elegida nuevo miembro del Comit\u00e9 de Patrimonio Mundial de la UNESCO - El Digital de Asturias","headline":"Espa\u00f1a, elegida nuevo miembro del Comit\u00e9 de Patrimonio Mundial de la UNESCO","author":{"@id":"https:\/\/www.eldigitaldeasturias.com\/noticias\/author\/admin\/#author"},"publisher":{"@id":"https:\/\/www.eldigitaldeasturias.com\/noticias\/#organization"},"image":{"@type":"ImageObject","url":959745},"datePublished":"2017-11-14T20:29:40+01:00","dateModified":"2017-11-14T20:29:40+01:00","inLanguage":"es-ES","mainEntityOfPage":{"@id":"https:\/\/www.eldigitaldeasturias.com\/noticias\/espana-elegida-nuevo-miembro-del-comite-de-patrimonio-mundial-de-la-unesco\/#webpage"},"isPartOf":{"@id":"https:\/\/www.eldigitaldeasturias.com\/noticias\/espana-elegida-nuevo-miembro-del-comite-de-patrimonio-mundial-de-la-unesco\/#webpage"},"articleSection":"Actualidad"},{"@type":"BreadcrumbList","@id":"https:\/\/www.eldigitaldeasturias.com\/noticias\/espana-elegida-nuevo-miembro-del-comite-de-patrimonio-mundial-de-la-unesco\/#breadcrumblist","itemListElement":[{"@type":"ListItem","@id":"https:\/\/www.eldigitaldeasturias.com\/noticias#listItem","position":1,"name":"Home","item":"https:\/\/www.eldigitaldeasturias.com\/noticias","nextItem":{"@type":"ListItem","@id":"https:\/\/www.eldigitaldeasturias.com\/noticias\/category\/actualidad\/#listItem","name":"Actualidad"}},{"@type":"ListItem","@id":"https:\/\/www.eldigitaldeasturias.com\/noticias\/category\/actualidad\/#listItem","position":2,"name":"Actualidad","item":"https:\/\/www.eldigitaldeasturias.com\/noticias\/category\/actualidad\/","nextItem":{"@type":"ListItem","@id":"https:\/\/www.eldigitaldeasturias.com\/noticias\/espana-elegida-nuevo-miembro-del-comite-de-patrimonio-mundial-de-la-unesco\/#listItem","name":"Espa\u00f1a, elegida nuevo miembro del Comit\u00e9 de Patrimonio Mundial de la UNESCO"},"previousItem":{"@type":"ListItem","@id":"https:\/\/www.eldigitaldeasturias.com\/noticias#listItem","name":"Home"}},{"@type":"ListItem","@id":"https:\/\/www.eldigitaldeasturias.com\/noticias\/espana-elegida-nuevo-miembro-del-comite-de-patrimonio-mundial-de-la-unesco\/#listItem","position":3,"name":"Espa\u00f1a, elegida nuevo miembro del Comit\u00e9 de Patrimonio Mundial de la UNESCO","previousItem":{"@type":"ListItem","@id":"https:\/\/www.eldigitaldeasturias.com\/noticias\/category\/actualidad\/#listItem","name":"Actualidad"}}]},{"@type":"Organization","@id":"https:\/\/www.eldigitaldeasturias.com\/noticias\/#organization","name":"El Digital de Asturias","description":"Hemeroteca","url":"https:\/\/www.eldigitaldeasturias.com\/noticias\/","email":"info@eldigitaldeasturias.com","telephone":"+34652131393","logo":{"@type":"ImageObject","url":"https:\/\/www.eldigitaldeasturias.com\/noticias\/wp-content\/uploads\/2020\/12\/EDA.jpg","@id":"https:\/\/www.eldigitaldeasturias.com\/noticias\/espana-elegida-nuevo-miembro-del-comite-de-patrimonio-mundial-de-la-unesco\/#organizationLogo"},"image":{"@id":"https:\/\/www.eldigitaldeasturias.com\/noticias\/espana-elegida-nuevo-miembro-del-comite-de-patrimonio-mundial-de-la-unesco\/#organizationLogo"},"sameAs":["https:\/\/facebook.com\/eldigitaldeasturias","https:\/\/www.youtube.com\/channel\/UCZP-2wLEB9Rv6erhFmqVnvg"],"address":{"@id":"https:\/\/www.eldigitaldeasturias.com\/noticias\/#postaladdress","@type":"PostalAddress","streetAddress":"san antonio 4","postalCode":"33430","addressLocality":"Cand\u00e1s","addressRegion":"Asturias","addressCountry":"ES"}},{"@type":"Person","@id":"https:\/\/www.eldigitaldeasturias.com\/noticias\/author\/admin\/#author","url":"https:\/\/www.eldigitaldeasturias.com\/noticias\/author\/admin\/","name":"El Digital de Asturias","image":{"@type":"ImageObject","@id":"https:\/\/www.eldigitaldeasturias.com\/noticias\/espana-elegida-nuevo-miembro-del-comite-de-patrimonio-mundial-de-la-unesco\/#authorImage","url":"https:\/\/secure.gravatar.com\/avatar\/df2aeffc32bcd13f8d26072ef8a91b623d677766deac7f97ca815868cd41bf5e?s=96&d=mm&r=g","width":96,"height":96,"caption":"El Digital de Asturias"}},{"@type":"WebPage","@id":"https:\/\/www.eldigitaldeasturias.com\/noticias\/espana-elegida-nuevo-miembro-del-comite-de-patrimonio-mundial-de-la-unesco\/#webpage","url":"https:\/\/www.eldigitaldeasturias.com\/noticias\/espana-elegida-nuevo-miembro-del-comite-de-patrimonio-mundial-de-la-unesco\/","name":"Espa\u00f1a, elegida nuevo miembro del Comit\u00e9 de Patrimonio Mundial de la UNESCO - El Digital de Asturias","description":"Espa\u00f1a ha sido elegida nuevo miembro del Comit\u00e9 de Patrimonio Mundial de la UNESCO durante la 21\u00aa reuni\u00f3n de la Asamblea General de la Convenci\u00f3n de Patrimonio Mundial que se celebra en Par\u00eds, sede del organismo internacional. Con esta elecci\u00f3n, en la que ha contado con el mayor n\u00famero de votos, 157 de los 170","inLanguage":"es-ES","isPartOf":{"@id":"https:\/\/www.eldigitaldeasturias.com\/noticias\/#website"},"breadcrumb":{"@id":"https:\/\/www.eldigitaldeasturias.com\/noticias\/espana-elegida-nuevo-miembro-del-comite-de-patrimonio-mundial-de-la-unesco\/#breadcrumblist"},"author":{"@id":"https:\/\/www.eldigitaldeasturias.com\/noticias\/author\/admin\/#author"},"creator":{"@id":"https:\/\/www.eldigitaldeasturias.com\/noticias\/author\/admin\/#author"},"image":{"@type":"ImageObject","url":959745,"@id":"https:\/\/www.eldigitaldeasturias.com\/noticias\/espana-elegida-nuevo-miembro-del-comite-de-patrimonio-mundial-de-la-unesco\/#mainImage"},"primaryImageOfPage":{"@id":"https:\/\/www.eldigitaldeasturias.com\/noticias\/espana-elegida-nuevo-miembro-del-comite-de-patrimonio-mundial-de-la-unesco\/#mainImage"},"datePublished":"2017-11-14T20:29:40+01:00","dateModified":"2017-11-14T20:29:40+01:00"},{"@type":"WebSite","@id":"https:\/\/www.eldigitaldeasturias.com\/noticias\/#website","url":"https:\/\/www.eldigitaldeasturias.com\/noticias\/","name":"El Digital de Asturias - Diario de actualidad y noticias","alternateName":"El Digital de Asturias - Diario de actualidad y noticias","description":"Hemeroteca","inLanguage":"es-ES","publisher":{"@id":"https:\/\/www.eldigitaldeasturias.com\/noticias\/#organization"}}]},"og:locale":"es_ES","og:site_name":"El Digital de Asturias","og:type":"article","og:title":"Espa\u00f1a, elegida nuevo miembro del Comit\u00e9 de Patrimonio Mundial de la UNESCO - El Digital de Asturias","og:description":"Espa\u00f1a ha sido elegida nuevo miembro del Comit\u00e9 de Patrimonio Mundial de la UNESCO durante la 21\u00aa reuni\u00f3n de la Asamblea General de la Convenci\u00f3n de Patrimonio Mundial que se celebra en Par\u00eds, sede del organismo internacional. Con esta elecci\u00f3n, en la que ha contado con el mayor n\u00famero de votos, 157 de los 170","og:url":"https:\/\/www.eldigitaldeasturias.com\/noticias\/espana-elegida-nuevo-miembro-del-comite-de-patrimonio-mundial-de-la-unesco\/","article:tag":["actualidad"],"article:published_time":"2017-11-14T20:29:40+00:00","article:modified_time":"2017-11-14T20:29:40+00:00","article:publisher":"https:\/\/facebook.com\/eldigitaldeasturias","twitter:card":"summary_large_image","twitter:title":"Espa\u00f1a, elegida nuevo miembro del Comit\u00e9 de Patrimonio Mundial de la UNESCO - El Digital de Asturias","twitter:description":"Espa\u00f1a ha sido elegida nuevo miembro del Comit\u00e9 de Patrimonio Mundial de la UNESCO durante la 21\u00aa reuni\u00f3n de la Asamblea General de la Convenci\u00f3n de Patrimonio Mundial que se celebra en Par\u00eds, sede del organismo internacional. Con esta elecci\u00f3n, en la que ha contado con el mayor n\u00famero de votos, 157 de los 170","twitter:image":"https:\/\/www.eldigitaldeasturias.com\/noticias\/wp-content\/uploads\/2020\/12\/EDA-1.jpg","twitter:label1":"Escrito por","twitter:data1":"El Digital de Asturias","twitter:label2":"Tiempo de lectura estimado","twitter:data2":"3 minutos"},"aioseo_meta_data":{"post_id":"959744","title":null,"description":null,"keywords":null,"keyphrases":null,"primary_term":null,"canonical_url":null,"og_title":null,"og_description":null,"og_object_type":"default","og_image_type":"default","og_image_url":null,"og_image_width":null,"og_image_height":null,"og_image_custom_url":null,"og_image_custom_fields":null,"og_video":null,"og_custom_url":null,"og_article_section":null,"og_article_tags":null,"twitter_use_og":false,"twitter_card":"default","twitter_image_type":"default","twitter_image_url":null,"twitter_image_custom_url":null,"twitter_image_custom_fields":null,"twitter_title":null,"twitter_description":null,"schema":{"blockGraphs":[],"customGraphs":[],"default":{"data":{"Article":[],"Course":[],"Dataset":[],"FAQPage":[],"Movie":[],"Person":[],"Product":[],"ProductReview":[],"Car":[],"Recipe":[],"Service":[],"SoftwareApplication":[],"WebPage":[]},"graphName":"","isEnabled":true},"graphs":[],"defaultGraph":"","defaultPostTypeGraph":""},"schema_type":null,"schema_type_options":null,"pillar_content":false,"robots_default":true,"robots_noindex":false,"robots_noarchive":false,"robots_nosnippet":false,"robots_nofollow":false,"robots_noimageindex":false,"robots_noodp":false,"robots_notranslate":false,"robots_max_snippet":null,"robots_max_videopreview":null,"robots_max_imagepreview":"large","priority":null,"frequency":null,"local_seo":null,"seo_analyzer_scan_date":"2025-12-07 02:27:03","breadcrumb_settings":null,"limit_modified_date":false,"open_ai":null,"ai":null,"created":"2020-12-21 12:34:04","updated":"2025-12-07 02:27:03","focus_keyword":null,"additional_keywords":null,"truseo_locale":null},"aioseo_breadcrumb":"<div class=\"aioseo-breadcrumbs\"><span class=\"aioseo-breadcrumb\">\n\t<a href=\"https:\/\/www.eldigitaldeasturias.com\/noticias\" title=\"Home\">Home<\/a>\n<\/span><span class=\"aioseo-breadcrumb-separator\">\u2013<\/span><span class=\"aioseo-breadcrumb\">\n\t<a href=\"https:\/\/www.eldigitaldeasturias.com\/noticias\/category\/actualidad\/\" title=\"Actualidad\">Actualidad<\/a>\n<\/span><span class=\"aioseo-breadcrumb-separator\">\u2013<\/span><span class=\"aioseo-breadcrumb\">\n\t<a href=\"https:\/\/www.eldigitaldeasturias.com\/noticias\/espana-elegida-nuevo-miembro-del-comite-de-patrimonio-mundial-de-la-unesco\/\" title=\"Espa\u00f1a, elegida nuevo miembro del Comit\u00e9 de Patrimonio Mundial de la UNESCO\">Espa\u00f1a, elegida nuevo miembro del Comit\u00e9 de Patrimonio Mundial de la UNESCO<\/a>\n<\/span><\/div>","aioseo_breadcrumb_json":[{"label":"Home","link":"https:\/\/www.eldigitaldeasturias.com\/noticias"},{"label":"Actualidad","link":"https:\/\/www.eldigitaldeasturias.com\/noticias\/category\/actualidad\/"},{"label":"Espa\u00f1a, elegida nuevo miembro del Comit\u00e9 de Patrimonio Mundial de la UNESCO","link":"https:\/\/www.eldigitaldeasturias.com\/noticias\/espana-elegida-nuevo-miembro-del-comite-de-patrimonio-mundial-de-la-unesco\/"}],"_links":{"self":[{"href":"https:\/\/www.eldigitaldeasturias.com\/noticias\/wp-json\/wp\/v2\/posts\/959744","targetHints":{"allow":["GET"]}}],"collection":[{"href":"https:\/\/www.eldigitaldeasturias.com\/noticias\/wp-json\/wp\/v2\/posts"}],"about":[{"href":"https:\/\/www.eldigitaldeasturias.com\/noticias\/wp-json\/wp\/v2\/types\/post"}],"author":[{"embeddable":true,"href":"https:\/\/www.eldigitaldeasturias.com\/noticias\/wp-json\/wp\/v2\/users\/1"}],"replies":[{"embeddable":true,"href":"https:\/\/www.eldigitaldeasturias.com\/noticias\/wp-json\/wp\/v2\/comments?post=959744"}],"version-history":[{"count":0,"href":"https:\/\/www.eldigitaldeasturias.com\/noticias\/wp-json\/wp\/v2\/posts\/959744\/revisions"}],"wp:attachment":[{"href":"https:\/\/www.eldigitaldeasturias.com\/noticias\/wp-json\/wp\/v2\/media?parent=959744"}],"wp:term":[{"taxonomy":"category","embeddable":true,"href":"https:\/\/www.eldigitaldeasturias.com\/noticias\/wp-json\/wp\/v2\/categories?post=959744"},{"taxonomy":"post_tag","embeddable":true,"href":"https:\/\/www.eldigitaldeasturias.com\/noticias\/wp-json\/wp\/v2\/tags?post=959744"}],"curies":[{"name":"wp","href":"https:\/\/api.w.org\/{rel}","templated":true}]}}