{"id":959741,"date":"2017-11-14T19:26:31","date_gmt":"2017-11-14T19:26:31","guid":{"rendered":"http:\/\/www.eldigitaldeasturias.com\/noticias\/?p=959741"},"modified":"2017-11-14T19:26:31","modified_gmt":"2017-11-14T19:26:31","slug":"constituido-el-grupo-de-sabios-sobre-inteligencia-artificial-y-big-data","status":"publish","type":"post","link":"https:\/\/www.eldigitaldeasturias.com\/noticias\/constituido-el-grupo-de-sabios-sobre-inteligencia-artificial-y-big-data\/","title":{"rendered":"Constituido el Grupo de Sabios sobre Inteligencia Artificial y Big Data"},"content":{"rendered":"<p><img loading=\"lazy\" decoding=\"async\" class=\"alignleft size-medium wp-image-959742\" src=\"https:\/\/www.eldigitaldeasturias.com\/noticias\/wp-content\/uploads\/2017\/11\/tecnologia-maext-2-360x239.jpg\" alt=\"\" width=\"360\" height=\"239\" \/>El secretario de Estado para la Sociedad de la Informaci\u00f3n y la Agenda Digital, Jos\u00e9 Mar\u00eda Lassalle, ha presentado el Grupo de Sabios que abordar\u00e1n las implicaciones sociales, jur\u00eddicas y \u00e9ticas de la utilizaci\u00f3n de la Inteligencia Artificial y el Big Data en el sector privado, la administraci\u00f3n p\u00fablica y la sociedad en general.<\/p>\n<p>\u200bEl grupo est\u00e1 compuesto por Elena Alfaro (BBVA), Elena Gil (Telef\u00f3nica), Asunci\u00f3n G\u00f3mez (Universidad Polit\u00e9cnica de Madrid), Lorena Jaume-Palas\u00ed (Universidad de Berl\u00edn y Algorithm Watch), Miguel Luengo-Oroz (Naciones Unidas, UN Global Pulse), Nuria Oliver (Vodafone Institute y Data Pop Alliance), Andr\u00e9s Pedre\u00f1o (Universidad de Alicante), Javier Plaza Penad\u00e9s (Universidad de Valencia) y Eduardo V\u00e1zquez de Castro (UIMP), expertos reconocidos en la materia.<\/p>\n<p>Las conclusiones a las que lleguen los expertos se plasmar\u00e1n en el Libro Blanco sobre la Inteligencia Artificial. Este documento tendr\u00e1 un periodo de elaboraci\u00f3n de seis meses e incluir\u00e1 un diagn\u00f3stico sobre el uso creciente de los datos en las Administraciones P\u00fablicas y las empresas.<\/p>\n<p>Las recomendaciones servir\u00e1n para que el Ejecutivo impulse la elaboraci\u00f3n de un c\u00f3digo \u00e9tico sobre el uso de los datos en las Administraci\u00f3n P\u00fablica, as\u00ed como un c\u00f3digo de buenas pr\u00e1cticas para las empresas en el uso de la Inteligencia Artificial y los datos.<\/p>\n","protected":false},"excerpt":{"rendered":"<p>El secretario de Estado para la Sociedad de la Informaci\u00f3n y la Agenda Digital, Jos\u00e9 Mar\u00eda Lassalle, ha presentado el Grupo de Sabios que abordar\u00e1n las implicaciones sociales, jur\u00eddicas y \u00e9ticas de la utilizaci\u00f3n de la Inteligencia Artificial y el Big Data en el sector privado, la administraci\u00f3n p\u00fablica y la sociedad en general. \u200bEl [&hellip;]<\/p>\n","protected":false},"author":1,"featured_media":959742,"comment_status":"closed","ping_status":"closed","sticky":false,"template":"","format":"standard","meta":{"footnotes":""},"categories":[1],"tags":[],"class_list":["post-959741","post","type-post","status-publish","format-standard","has-post-thumbnail","hentry","category-actualidad"],"aioseo_notices":[],"aioseo_head":"\n\t\t<!-- All in One SEO Pro 5.0.1 - aioseo.com -->\n\t<meta name=\"description\" content=\"El secretario de Estado para la Sociedad de la Informaci\u00f3n y la Agenda Digital, Jos\u00e9 Mar\u00eda Lassalle, ha presentado el Grupo de Sabios que abordar\u00e1n las implicaciones sociales, jur\u00eddicas y \u00e9ticas de la utilizaci\u00f3n de la Inteligencia Artificial y el Big Data en el sector privado, la administraci\u00f3n p\u00fablica y la sociedad en general. \u200bEl\" \/>\n\t<meta name=\"robots\" content=\"max-image-preview:large\" \/>\n\t<meta name=\"author\" content=\"El Digital de Asturias\"\/>\n\t<meta name=\"google-site-verification\" content=\"UA-38556648-1\" \/>\n\t<meta name=\"msvalidate.01\" content=\"7dfe9f3f1b24437ab69f4f2559babe99\" \/>\n\t<meta name=\"keywords\" content=\"actualidad\" \/>\n\t<link rel=\"canonical\" href=\"https:\/\/www.eldigitaldeasturias.com\/noticias\/constituido-el-grupo-de-sabios-sobre-inteligencia-artificial-y-big-data\/\" \/>\n\t<meta name=\"generator\" content=\"All in One SEO Pro (AIOSEO) 5.0.1\" \/>\n\t\t<meta property=\"og:locale\" content=\"es_ES\" \/>\n\t\t<meta property=\"og:site_name\" content=\"El Digital de Asturias\" \/>\n\t\t<meta property=\"og:type\" content=\"article\" \/>\n\t\t<meta property=\"og:title\" content=\"Constituido el Grupo de Sabios sobre Inteligencia Artificial y Big Data - El Digital de Asturias\" \/>\n\t\t<meta property=\"og:description\" content=\"El secretario de Estado para la Sociedad de la Informaci\u00f3n y la Agenda Digital, Jos\u00e9 Mar\u00eda Lassalle, ha presentado el Grupo de Sabios que abordar\u00e1n las implicaciones sociales, jur\u00eddicas y \u00e9ticas de la utilizaci\u00f3n de la Inteligencia Artificial y el Big Data en el sector privado, la administraci\u00f3n p\u00fablica y la sociedad en general. \u200bEl\" \/>\n\t\t<meta property=\"og:url\" content=\"https:\/\/www.eldigitaldeasturias.com\/noticias\/constituido-el-grupo-de-sabios-sobre-inteligencia-artificial-y-big-data\/\" \/>\n\t\t<meta property=\"article:tag\" content=\"actualidad\" \/>\n\t\t<meta property=\"article:published_time\" content=\"2017-11-14T19:26:31+00:00\" \/>\n\t\t<meta property=\"article:modified_time\" content=\"2017-11-14T19:26:31+00:00\" \/>\n\t\t<meta property=\"article:publisher\" content=\"https:\/\/facebook.com\/eldigitaldeasturias\" \/>\n\t\t<meta name=\"twitter:card\" content=\"summary_large_image\" \/>\n\t\t<meta name=\"twitter:title\" content=\"Constituido el Grupo de Sabios sobre Inteligencia Artificial y Big Data - El Digital de Asturias\" \/>\n\t\t<meta name=\"twitter:description\" content=\"El secretario de Estado para la Sociedad de la Informaci\u00f3n y la Agenda Digital, Jos\u00e9 Mar\u00eda Lassalle, ha presentado el Grupo de Sabios que abordar\u00e1n las implicaciones sociales, jur\u00eddicas y \u00e9ticas de la utilizaci\u00f3n de la Inteligencia Artificial y el Big Data en el sector privado, la administraci\u00f3n p\u00fablica y la sociedad en general. \u200bEl\" \/>\n\t\t<meta name=\"twitter:image\" content=\"https:\/\/www.eldigitaldeasturias.com\/noticias\/wp-content\/uploads\/2020\/12\/EDA-1.jpg\" \/>\n\t\t<meta name=\"twitter:label1\" content=\"Escrito por\" \/>\n\t\t<meta name=\"twitter:data1\" content=\"El Digital de Asturias\" \/>\n\t\t<meta name=\"twitter:label2\" content=\"Tiempo de lectura estimado\" \/>\n\t\t<meta name=\"twitter:data2\" content=\"1 minuto\" \/>\n\t\t<script type=\"application\/ld+json\" class=\"aioseo-schema\">\n\t\t\t{\"@context\":\"https:\\\/\\\/schema.org\",\"@graph\":[{\"@type\":\"BlogPosting\",\"@id\":\"https:\\\/\\\/www.eldigitaldeasturias.com\\\/noticias\\\/constituido-el-grupo-de-sabios-sobre-inteligencia-artificial-y-big-data\\\/#blogposting\",\"name\":\"Constituido el Grupo de Sabios sobre Inteligencia Artificial y Big Data - El Digital de Asturias\",\"headline\":\"Constituido el Grupo de Sabios sobre Inteligencia Artificial y Big Data\",\"author\":{\"@id\":\"https:\\\/\\\/www.eldigitaldeasturias.com\\\/noticias\\\/author\\\/admin\\\/#author\"},\"publisher\":{\"@id\":\"https:\\\/\\\/www.eldigitaldeasturias.com\\\/noticias\\\/#organization\"},\"image\":{\"@type\":\"ImageObject\",\"url\":959742},\"datePublished\":\"2017-11-14T19:26:31+01:00\",\"dateModified\":\"2017-11-14T19:26:31+01:00\",\"inLanguage\":\"es-ES\",\"mainEntityOfPage\":{\"@id\":\"https:\\\/\\\/www.eldigitaldeasturias.com\\\/noticias\\\/constituido-el-grupo-de-sabios-sobre-inteligencia-artificial-y-big-data\\\/#webpage\"},\"isPartOf\":{\"@id\":\"https:\\\/\\\/www.eldigitaldeasturias.com\\\/noticias\\\/constituido-el-grupo-de-sabios-sobre-inteligencia-artificial-y-big-data\\\/#webpage\"},\"articleSection\":\"Actualidad\"},{\"@type\":\"BreadcrumbList\",\"@id\":\"https:\\\/\\\/www.eldigitaldeasturias.com\\\/noticias\\\/constituido-el-grupo-de-sabios-sobre-inteligencia-artificial-y-big-data\\\/#breadcrumblist\",\"itemListElement\":[{\"@type\":\"ListItem\",\"@id\":\"https:\\\/\\\/www.eldigitaldeasturias.com\\\/noticias#listItem\",\"position\":1,\"name\":\"Home\",\"item\":\"https:\\\/\\\/www.eldigitaldeasturias.com\\\/noticias\",\"nextItem\":{\"@type\":\"ListItem\",\"@id\":\"https:\\\/\\\/www.eldigitaldeasturias.com\\\/noticias\\\/category\\\/actualidad\\\/#listItem\",\"name\":\"Actualidad\"}},{\"@type\":\"ListItem\",\"@id\":\"https:\\\/\\\/www.eldigitaldeasturias.com\\\/noticias\\\/category\\\/actualidad\\\/#listItem\",\"position\":2,\"name\":\"Actualidad\",\"item\":\"https:\\\/\\\/www.eldigitaldeasturias.com\\\/noticias\\\/category\\\/actualidad\\\/\",\"nextItem\":{\"@type\":\"ListItem\",\"@id\":\"https:\\\/\\\/www.eldigitaldeasturias.com\\\/noticias\\\/constituido-el-grupo-de-sabios-sobre-inteligencia-artificial-y-big-data\\\/#listItem\",\"name\":\"Constituido el Grupo de Sabios sobre Inteligencia Artificial y Big Data\"},\"previousItem\":{\"@type\":\"ListItem\",\"@id\":\"https:\\\/\\\/www.eldigitaldeasturias.com\\\/noticias#listItem\",\"name\":\"Home\"}},{\"@type\":\"ListItem\",\"@id\":\"https:\\\/\\\/www.eldigitaldeasturias.com\\\/noticias\\\/constituido-el-grupo-de-sabios-sobre-inteligencia-artificial-y-big-data\\\/#listItem\",\"position\":3,\"name\":\"Constituido el Grupo de Sabios sobre Inteligencia Artificial y Big Data\",\"previousItem\":{\"@type\":\"ListItem\",\"@id\":\"https:\\\/\\\/www.eldigitaldeasturias.com\\\/noticias\\\/category\\\/actualidad\\\/#listItem\",\"name\":\"Actualidad\"}}]},{\"@type\":\"Organization\",\"@id\":\"https:\\\/\\\/www.eldigitaldeasturias.com\\\/noticias\\\/#organization\",\"name\":\"El Digital de Asturias\",\"description\":\"Hemeroteca\",\"url\":\"https:\\\/\\\/www.eldigitaldeasturias.com\\\/noticias\\\/\",\"email\":\"info@eldigitaldeasturias.com\",\"telephone\":\"+34652131393\",\"logo\":{\"@type\":\"ImageObject\",\"url\":\"https:\\\/\\\/www.eldigitaldeasturias.com\\\/noticias\\\/wp-content\\\/uploads\\\/2020\\\/12\\\/EDA.jpg\",\"@id\":\"https:\\\/\\\/www.eldigitaldeasturias.com\\\/noticias\\\/constituido-el-grupo-de-sabios-sobre-inteligencia-artificial-y-big-data\\\/#organizationLogo\"},\"image\":{\"@id\":\"https:\\\/\\\/www.eldigitaldeasturias.com\\\/noticias\\\/constituido-el-grupo-de-sabios-sobre-inteligencia-artificial-y-big-data\\\/#organizationLogo\"},\"sameAs\":[\"https:\\\/\\\/facebook.com\\\/eldigitaldeasturias\",\"https:\\\/\\\/www.youtube.com\\\/channel\\\/UCZP-2wLEB9Rv6erhFmqVnvg\"],\"address\":{\"@id\":\"https:\\\/\\\/www.eldigitaldeasturias.com\\\/noticias\\\/#postaladdress\",\"@type\":\"PostalAddress\",\"streetAddress\":\"san antonio 4\",\"postalCode\":\"33430\",\"addressLocality\":\"Cand\\u00e1s\",\"addressRegion\":\"Asturias\",\"addressCountry\":\"ES\"}},{\"@type\":\"Person\",\"@id\":\"https:\\\/\\\/www.eldigitaldeasturias.com\\\/noticias\\\/author\\\/admin\\\/#author\",\"url\":\"https:\\\/\\\/www.eldigitaldeasturias.com\\\/noticias\\\/author\\\/admin\\\/\",\"name\":\"El Digital de Asturias\",\"image\":{\"@type\":\"ImageObject\",\"@id\":\"https:\\\/\\\/www.eldigitaldeasturias.com\\\/noticias\\\/constituido-el-grupo-de-sabios-sobre-inteligencia-artificial-y-big-data\\\/#authorImage\",\"url\":\"https:\\\/\\\/secure.gravatar.com\\\/avatar\\\/df2aeffc32bcd13f8d26072ef8a91b623d677766deac7f97ca815868cd41bf5e?s=96&d=mm&r=g\",\"width\":96,\"height\":96,\"caption\":\"El Digital de Asturias\"}},{\"@type\":\"WebPage\",\"@id\":\"https:\\\/\\\/www.eldigitaldeasturias.com\\\/noticias\\\/constituido-el-grupo-de-sabios-sobre-inteligencia-artificial-y-big-data\\\/#webpage\",\"url\":\"https:\\\/\\\/www.eldigitaldeasturias.com\\\/noticias\\\/constituido-el-grupo-de-sabios-sobre-inteligencia-artificial-y-big-data\\\/\",\"name\":\"Constituido el Grupo de Sabios sobre Inteligencia Artificial y Big Data - El Digital de Asturias\",\"description\":\"El secretario de Estado para la Sociedad de la Informaci\\u00f3n y la Agenda Digital, Jos\\u00e9 Mar\\u00eda Lassalle, ha presentado el Grupo de Sabios que abordar\\u00e1n las implicaciones sociales, jur\\u00eddicas y \\u00e9ticas de la utilizaci\\u00f3n de la Inteligencia Artificial y el Big Data en el sector privado, la administraci\\u00f3n p\\u00fablica y la sociedad en general. \\u200bEl\",\"inLanguage\":\"es-ES\",\"isPartOf\":{\"@id\":\"https:\\\/\\\/www.eldigitaldeasturias.com\\\/noticias\\\/#website\"},\"breadcrumb\":{\"@id\":\"https:\\\/\\\/www.eldigitaldeasturias.com\\\/noticias\\\/constituido-el-grupo-de-sabios-sobre-inteligencia-artificial-y-big-data\\\/#breadcrumblist\"},\"author\":{\"@id\":\"https:\\\/\\\/www.eldigitaldeasturias.com\\\/noticias\\\/author\\\/admin\\\/#author\"},\"creator\":{\"@id\":\"https:\\\/\\\/www.eldigitaldeasturias.com\\\/noticias\\\/author\\\/admin\\\/#author\"},\"image\":{\"@type\":\"ImageObject\",\"url\":959742,\"@id\":\"https:\\\/\\\/www.eldigitaldeasturias.com\\\/noticias\\\/constituido-el-grupo-de-sabios-sobre-inteligencia-artificial-y-big-data\\\/#mainImage\"},\"primaryImageOfPage\":{\"@id\":\"https:\\\/\\\/www.eldigitaldeasturias.com\\\/noticias\\\/constituido-el-grupo-de-sabios-sobre-inteligencia-artificial-y-big-data\\\/#mainImage\"},\"datePublished\":\"2017-11-14T19:26:31+01:00\",\"dateModified\":\"2017-11-14T19:26:31+01:00\"},{\"@type\":\"WebSite\",\"@id\":\"https:\\\/\\\/www.eldigitaldeasturias.com\\\/noticias\\\/#website\",\"url\":\"https:\\\/\\\/www.eldigitaldeasturias.com\\\/noticias\\\/\",\"name\":\"El Digital de Asturias - Diario de actualidad y noticias\",\"alternateName\":\"El Digital de Asturias - Diario de actualidad y noticias\",\"description\":\"Hemeroteca\",\"inLanguage\":\"es-ES\",\"publisher\":{\"@id\":\"https:\\\/\\\/www.eldigitaldeasturias.com\\\/noticias\\\/#organization\"}}]}\n\t\t<\/script>\n\t\t<!-- All in One SEO Pro -->\r\n\t\t<title>Constituido el Grupo de Sabios sobre Inteligencia Artificial y Big Data - El Digital de Asturias<\/title>\n\n","aioseo_head_json":{"title":"Constituido el Grupo de Sabios sobre Inteligencia Artificial y Big Data - El Digital de Asturias","description":"El secretario de Estado para la Sociedad de la Informaci\u00f3n y la Agenda Digital, Jos\u00e9 Mar\u00eda Lassalle, ha presentado el Grupo de Sabios que abordar\u00e1n las implicaciones sociales, jur\u00eddicas y \u00e9ticas de la utilizaci\u00f3n de la Inteligencia Artificial y el Big Data en el sector privado, la administraci\u00f3n p\u00fablica y la sociedad en general. \u200bEl","canonical_url":"https:\/\/www.eldigitaldeasturias.com\/noticias\/constituido-el-grupo-de-sabios-sobre-inteligencia-artificial-y-big-data\/","robots":"max-image-preview:large","keywords":"actualidad","webmasterTools":{"google-site-verification":"UA-38556648-1","msvalidate.01":"7dfe9f3f1b24437ab69f4f2559babe99","miscellaneous":""},"schema":{"@context":"https:\/\/schema.org","@graph":[{"@type":"BlogPosting","@id":"https:\/\/www.eldigitaldeasturias.com\/noticias\/constituido-el-grupo-de-sabios-sobre-inteligencia-artificial-y-big-data\/#blogposting","name":"Constituido el Grupo de Sabios sobre Inteligencia Artificial y Big Data - El Digital de Asturias","headline":"Constituido el Grupo de Sabios sobre Inteligencia Artificial y Big Data","author":{"@id":"https:\/\/www.eldigitaldeasturias.com\/noticias\/author\/admin\/#author"},"publisher":{"@id":"https:\/\/www.eldigitaldeasturias.com\/noticias\/#organization"},"image":{"@type":"ImageObject","url":959742},"datePublished":"2017-11-14T19:26:31+01:00","dateModified":"2017-11-14T19:26:31+01:00","inLanguage":"es-ES","mainEntityOfPage":{"@id":"https:\/\/www.eldigitaldeasturias.com\/noticias\/constituido-el-grupo-de-sabios-sobre-inteligencia-artificial-y-big-data\/#webpage"},"isPartOf":{"@id":"https:\/\/www.eldigitaldeasturias.com\/noticias\/constituido-el-grupo-de-sabios-sobre-inteligencia-artificial-y-big-data\/#webpage"},"articleSection":"Actualidad"},{"@type":"BreadcrumbList","@id":"https:\/\/www.eldigitaldeasturias.com\/noticias\/constituido-el-grupo-de-sabios-sobre-inteligencia-artificial-y-big-data\/#breadcrumblist","itemListElement":[{"@type":"ListItem","@id":"https:\/\/www.eldigitaldeasturias.com\/noticias#listItem","position":1,"name":"Home","item":"https:\/\/www.eldigitaldeasturias.com\/noticias","nextItem":{"@type":"ListItem","@id":"https:\/\/www.eldigitaldeasturias.com\/noticias\/category\/actualidad\/#listItem","name":"Actualidad"}},{"@type":"ListItem","@id":"https:\/\/www.eldigitaldeasturias.com\/noticias\/category\/actualidad\/#listItem","position":2,"name":"Actualidad","item":"https:\/\/www.eldigitaldeasturias.com\/noticias\/category\/actualidad\/","nextItem":{"@type":"ListItem","@id":"https:\/\/www.eldigitaldeasturias.com\/noticias\/constituido-el-grupo-de-sabios-sobre-inteligencia-artificial-y-big-data\/#listItem","name":"Constituido el Grupo de Sabios sobre Inteligencia Artificial y Big Data"},"previousItem":{"@type":"ListItem","@id":"https:\/\/www.eldigitaldeasturias.com\/noticias#listItem","name":"Home"}},{"@type":"ListItem","@id":"https:\/\/www.eldigitaldeasturias.com\/noticias\/constituido-el-grupo-de-sabios-sobre-inteligencia-artificial-y-big-data\/#listItem","position":3,"name":"Constituido el Grupo de Sabios sobre Inteligencia Artificial y Big Data","previousItem":{"@type":"ListItem","@id":"https:\/\/www.eldigitaldeasturias.com\/noticias\/category\/actualidad\/#listItem","name":"Actualidad"}}]},{"@type":"Organization","@id":"https:\/\/www.eldigitaldeasturias.com\/noticias\/#organization","name":"El Digital de Asturias","description":"Hemeroteca","url":"https:\/\/www.eldigitaldeasturias.com\/noticias\/","email":"info@eldigitaldeasturias.com","telephone":"+34652131393","logo":{"@type":"ImageObject","url":"https:\/\/www.eldigitaldeasturias.com\/noticias\/wp-content\/uploads\/2020\/12\/EDA.jpg","@id":"https:\/\/www.eldigitaldeasturias.com\/noticias\/constituido-el-grupo-de-sabios-sobre-inteligencia-artificial-y-big-data\/#organizationLogo"},"image":{"@id":"https:\/\/www.eldigitaldeasturias.com\/noticias\/constituido-el-grupo-de-sabios-sobre-inteligencia-artificial-y-big-data\/#organizationLogo"},"sameAs":["https:\/\/facebook.com\/eldigitaldeasturias","https:\/\/www.youtube.com\/channel\/UCZP-2wLEB9Rv6erhFmqVnvg"],"address":{"@id":"https:\/\/www.eldigitaldeasturias.com\/noticias\/#postaladdress","@type":"PostalAddress","streetAddress":"san antonio 4","postalCode":"33430","addressLocality":"Cand\u00e1s","addressRegion":"Asturias","addressCountry":"ES"}},{"@type":"Person","@id":"https:\/\/www.eldigitaldeasturias.com\/noticias\/author\/admin\/#author","url":"https:\/\/www.eldigitaldeasturias.com\/noticias\/author\/admin\/","name":"El Digital de Asturias","image":{"@type":"ImageObject","@id":"https:\/\/www.eldigitaldeasturias.com\/noticias\/constituido-el-grupo-de-sabios-sobre-inteligencia-artificial-y-big-data\/#authorImage","url":"https:\/\/secure.gravatar.com\/avatar\/df2aeffc32bcd13f8d26072ef8a91b623d677766deac7f97ca815868cd41bf5e?s=96&d=mm&r=g","width":96,"height":96,"caption":"El Digital de Asturias"}},{"@type":"WebPage","@id":"https:\/\/www.eldigitaldeasturias.com\/noticias\/constituido-el-grupo-de-sabios-sobre-inteligencia-artificial-y-big-data\/#webpage","url":"https:\/\/www.eldigitaldeasturias.com\/noticias\/constituido-el-grupo-de-sabios-sobre-inteligencia-artificial-y-big-data\/","name":"Constituido el Grupo de Sabios sobre Inteligencia Artificial y Big Data - El Digital de Asturias","description":"El secretario de Estado para la Sociedad de la Informaci\u00f3n y la Agenda Digital, Jos\u00e9 Mar\u00eda Lassalle, ha presentado el Grupo de Sabios que abordar\u00e1n las implicaciones sociales, jur\u00eddicas y \u00e9ticas de la utilizaci\u00f3n de la Inteligencia Artificial y el Big Data en el sector privado, la administraci\u00f3n p\u00fablica y la sociedad en general. \u200bEl","inLanguage":"es-ES","isPartOf":{"@id":"https:\/\/www.eldigitaldeasturias.com\/noticias\/#website"},"breadcrumb":{"@id":"https:\/\/www.eldigitaldeasturias.com\/noticias\/constituido-el-grupo-de-sabios-sobre-inteligencia-artificial-y-big-data\/#breadcrumblist"},"author":{"@id":"https:\/\/www.eldigitaldeasturias.com\/noticias\/author\/admin\/#author"},"creator":{"@id":"https:\/\/www.eldigitaldeasturias.com\/noticias\/author\/admin\/#author"},"image":{"@type":"ImageObject","url":959742,"@id":"https:\/\/www.eldigitaldeasturias.com\/noticias\/constituido-el-grupo-de-sabios-sobre-inteligencia-artificial-y-big-data\/#mainImage"},"primaryImageOfPage":{"@id":"https:\/\/www.eldigitaldeasturias.com\/noticias\/constituido-el-grupo-de-sabios-sobre-inteligencia-artificial-y-big-data\/#mainImage"},"datePublished":"2017-11-14T19:26:31+01:00","dateModified":"2017-11-14T19:26:31+01:00"},{"@type":"WebSite","@id":"https:\/\/www.eldigitaldeasturias.com\/noticias\/#website","url":"https:\/\/www.eldigitaldeasturias.com\/noticias\/","name":"El Digital de Asturias - Diario de actualidad y noticias","alternateName":"El Digital de Asturias - Diario de actualidad y noticias","description":"Hemeroteca","inLanguage":"es-ES","publisher":{"@id":"https:\/\/www.eldigitaldeasturias.com\/noticias\/#organization"}}]},"og:locale":"es_ES","og:site_name":"El Digital de Asturias","og:type":"article","og:title":"Constituido el Grupo de Sabios sobre Inteligencia Artificial y Big Data - El Digital de Asturias","og:description":"El secretario de Estado para la Sociedad de la Informaci\u00f3n y la Agenda Digital, Jos\u00e9 Mar\u00eda Lassalle, ha presentado el Grupo de Sabios que abordar\u00e1n las implicaciones sociales, jur\u00eddicas y \u00e9ticas de la utilizaci\u00f3n de la Inteligencia Artificial y el Big Data en el sector privado, la administraci\u00f3n p\u00fablica y la sociedad en general. \u200bEl","og:url":"https:\/\/www.eldigitaldeasturias.com\/noticias\/constituido-el-grupo-de-sabios-sobre-inteligencia-artificial-y-big-data\/","article:tag":["actualidad"],"article:published_time":"2017-11-14T19:26:31+00:00","article:modified_time":"2017-11-14T19:26:31+00:00","article:publisher":"https:\/\/facebook.com\/eldigitaldeasturias","twitter:card":"summary_large_image","twitter:title":"Constituido el Grupo de Sabios sobre Inteligencia Artificial y Big Data - El Digital de Asturias","twitter:description":"El secretario de Estado para la Sociedad de la Informaci\u00f3n y la Agenda Digital, Jos\u00e9 Mar\u00eda Lassalle, ha presentado el Grupo de Sabios que abordar\u00e1n las implicaciones sociales, jur\u00eddicas y \u00e9ticas de la utilizaci\u00f3n de la Inteligencia Artificial y el Big Data en el sector privado, la administraci\u00f3n p\u00fablica y la sociedad en general. \u200bEl","twitter:image":"https:\/\/www.eldigitaldeasturias.com\/noticias\/wp-content\/uploads\/2020\/12\/EDA-1.jpg","twitter:label1":"Escrito por","twitter:data1":"El Digital de Asturias","twitter:label2":"Tiempo de lectura estimado","twitter:data2":"1 minuto"},"aioseo_meta_data":{"post_id":"959741","title":null,"description":null,"keywords":null,"keyphrases":null,"primary_term":null,"canonical_url":null,"og_title":null,"og_description":null,"og_object_type":"default","og_image_type":"default","og_image_url":null,"og_image_width":null,"og_image_height":null,"og_image_custom_url":null,"og_image_custom_fields":null,"og_video":null,"og_custom_url":null,"og_article_section":null,"og_article_tags":null,"twitter_use_og":false,"twitter_card":"default","twitter_image_type":"default","twitter_image_url":null,"twitter_image_custom_url":null,"twitter_image_custom_fields":null,"twitter_title":null,"twitter_description":null,"schema":{"blockGraphs":[],"customGraphs":[],"default":{"data":{"Article":[],"Course":[],"Dataset":[],"FAQPage":[],"Movie":[],"Person":[],"Product":[],"ProductReview":[],"Car":[],"Recipe":[],"Service":[],"SoftwareApplication":[],"WebPage":[]},"graphName":"","isEnabled":true},"graphs":[],"defaultGraph":"","defaultPostTypeGraph":""},"schema_type":null,"schema_type_options":null,"pillar_content":false,"robots_default":true,"robots_noindex":false,"robots_noarchive":false,"robots_nosnippet":false,"robots_nofollow":false,"robots_noimageindex":false,"robots_noodp":false,"robots_notranslate":false,"robots_max_snippet":null,"robots_max_videopreview":null,"robots_max_imagepreview":"large","priority":null,"frequency":null,"local_seo":null,"seo_analyzer_scan_date":"2025-12-07 02:27:02","breadcrumb_settings":null,"limit_modified_date":false,"open_ai":null,"ai":null,"created":"2020-12-21 12:53:19","updated":"2025-12-07 02:27:02","focus_keyword":null,"additional_keywords":null,"truseo_locale":null},"aioseo_breadcrumb":"<div class=\"aioseo-breadcrumbs\"><span class=\"aioseo-breadcrumb\">\n\t<a href=\"https:\/\/www.eldigitaldeasturias.com\/noticias\" title=\"Home\">Home<\/a>\n<\/span><span class=\"aioseo-breadcrumb-separator\">\u2013<\/span><span class=\"aioseo-breadcrumb\">\n\t<a href=\"https:\/\/www.eldigitaldeasturias.com\/noticias\/category\/actualidad\/\" title=\"Actualidad\">Actualidad<\/a>\n<\/span><span class=\"aioseo-breadcrumb-separator\">\u2013<\/span><span class=\"aioseo-breadcrumb\">\n\t<a href=\"https:\/\/www.eldigitaldeasturias.com\/noticias\/constituido-el-grupo-de-sabios-sobre-inteligencia-artificial-y-big-data\/\" title=\"Constituido el Grupo de Sabios sobre Inteligencia Artificial y Big Data\">Constituido el Grupo de Sabios sobre Inteligencia Artificial y Big Data<\/a>\n<\/span><\/div>","aioseo_breadcrumb_json":[{"label":"Home","link":"https:\/\/www.eldigitaldeasturias.com\/noticias"},{"label":"Actualidad","link":"https:\/\/www.eldigitaldeasturias.com\/noticias\/category\/actualidad\/"},{"label":"Constituido el Grupo de Sabios sobre Inteligencia Artificial y Big Data","link":"https:\/\/www.eldigitaldeasturias.com\/noticias\/constituido-el-grupo-de-sabios-sobre-inteligencia-artificial-y-big-data\/"}],"_links":{"self":[{"href":"https:\/\/www.eldigitaldeasturias.com\/noticias\/wp-json\/wp\/v2\/posts\/959741","targetHints":{"allow":["GET"]}}],"collection":[{"href":"https:\/\/www.eldigitaldeasturias.com\/noticias\/wp-json\/wp\/v2\/posts"}],"about":[{"href":"https:\/\/www.eldigitaldeasturias.com\/noticias\/wp-json\/wp\/v2\/types\/post"}],"author":[{"embeddable":true,"href":"https:\/\/www.eldigitaldeasturias.com\/noticias\/wp-json\/wp\/v2\/users\/1"}],"replies":[{"embeddable":true,"href":"https:\/\/www.eldigitaldeasturias.com\/noticias\/wp-json\/wp\/v2\/comments?post=959741"}],"version-history":[{"count":0,"href":"https:\/\/www.eldigitaldeasturias.com\/noticias\/wp-json\/wp\/v2\/posts\/959741\/revisions"}],"wp:attachment":[{"href":"https:\/\/www.eldigitaldeasturias.com\/noticias\/wp-json\/wp\/v2\/media?parent=959741"}],"wp:term":[{"taxonomy":"category","embeddable":true,"href":"https:\/\/www.eldigitaldeasturias.com\/noticias\/wp-json\/wp\/v2\/categories?post=959741"},{"taxonomy":"post_tag","embeddable":true,"href":"https:\/\/www.eldigitaldeasturias.com\/noticias\/wp-json\/wp\/v2\/tags?post=959741"}],"curies":[{"name":"wp","href":"https:\/\/api.w.org\/{rel}","templated":true}]}}