{"id":959671,"date":"2017-11-13T23:32:58","date_gmt":"2017-11-13T23:32:58","guid":{"rendered":"http:\/\/www.eldigitaldeasturias.com\/noticias\/?p=959671"},"modified":"2017-11-13T23:32:58","modified_gmt":"2017-11-13T23:32:58","slug":"casado-podemos-nacio-para-desestabilizar-el-sistema-a-sueldo-de-potencias-extranjeras","status":"publish","type":"post","link":"https:\/\/www.eldigitaldeasturias.com\/noticias\/casado-podemos-nacio-para-desestabilizar-el-sistema-a-sueldo-de-potencias-extranjeras\/","title":{"rendered":"Casado: \u201cPodemos naci\u00f3 para desestabilizar el sistema a sueldo de potencias extranjeras\u201d"},"content":{"rendered":"<p><img loading=\"lazy\" decoding=\"async\" class=\"alignleft size-medium wp-image-959672\" src=\"https:\/\/www.eldigitaldeasturias.com\/noticias\/wp-content\/uploads\/2017\/11\/20171113__mjm0925-360x163.jpg\" alt=\"\" width=\"360\" height=\"163\" \/>El vicesecretario de Comunicaci\u00f3n del Partido Popular, Pablo Casado, ha asegurado que \u201cPodemos naci\u00f3 para desestabilizar el sistema y la Constituci\u00f3n a sueldo de potencias extranjeras antidemocr\u00e1ticas y ahora pretende romper la unidad de Espa\u00f1a siendo la muleta de los poderes independentistas y secesionistas\u201d. \u201cNi consiguieron romper el sistema democr\u00e1tico constitucional, ni van a conseguir ahora romper la unidad de Espa\u00f1a siendo c\u00f3mplices de los independentistas\u201d, ha a\u00f1adido.<\/p>\n<p>En la rueda de prensa posterior al Comit\u00e9 de Direcci\u00f3n, Pablo Casado ha explicado que Podemos \u201cni est\u00e1 limpio en su financiaci\u00f3n, ni tiene ideas ni proyectos que sirvan para mejorar la vida de la gente y, cuando han gobernado, han convertido los Ayuntamientos y las Comunidades Aut\u00f3nomas en una gran frustraci\u00f3n\u201d. \u201cY, sobre todo, su proyecto rupturista ya no convence ni a los propios, con desbandadas y purgas entre sus propios dirigentes\u201d, ha apuntado.<\/p>\n<p>En su opini\u00f3n, las revelaciones de uno de los antiguos socios Pablo Iglesias en la Comisi\u00f3n de Investigaci\u00f3n de la financiaci\u00f3n de los partidos pol\u00edticos en el Senado demuestran que Podemos fue a las elecciones \u201cdopado\u201d con dinero iran\u00ed con el objetivo de \u201ctumbar\u201d el sistema pol\u00edtico espa\u00f1ol.<\/p>\n<p>Por otro lado, Pablo Casado ha pedido al Ayuntamiento de Madrid que se preocupe de gobernar y no de echar un pulso al Estado\u201d. \u201cEn el Ayuntamiento de Madrid est\u00e1n presentando un presupuesto que va contra la Ley y que no es bueno para los madrile\u00f1os. En Madrid deber\u00edan preocuparse de la gesti\u00f3n de Madrid y no de echar un pulso al Estado\u201d, ha explicado<\/p>\n<p>En su opini\u00f3n, la incapacidad para gobernar es una de las caracter\u00edsticas comunes de los ayuntamientos podemitas. En este sentido, Casado ha recordado como la alcaldesa de Barcelona, Ada Colau, ha anunciado ruptura del acuerdo del Gobierno con el PSC.<\/p>\n<p>\u201cLa se\u00f1ora Colau lleg\u00f3 mintiendo a los desahuciados, diciendo que iba a paralizar los desahucios y no par\u00f3 ni uno; lleg\u00f3 haciendo escraches ante los casas de sus oponentes pol\u00edticos; sigui\u00f3 crispando y arrog\u00e1ndose una representaci\u00f3n de la que carece; y ahora lo que va a hacer es aliarse con los radicales independentistas para seguir quebrando la econom\u00eda y la convivencia\u201d, ha asegurado.<\/p>\n<p><strong>EL PP SE VA A VOLCAR EN LA CAMPA\u00d1A DE CATALU\u00d1A<\/strong><\/p>\n<p>El vicesecretario de Comunicaci\u00f3n ha explicado que el PP est\u00e1 muy orgulloso de la actuaci\u00f3n del Gobierno en la crisis separatista y se va a volcar en la campa\u00f1a electoral del 21-D. \u201cEstamos muy orgullosos de la restauraci\u00f3n de la democracia, los derechos y la libertad en Catalu\u00f1a. Estamos agradecidos de que se convocaran las elecciones auton\u00f3micas el 21-D para devolver la palabra a los ciudadanos\u201d, ha insistido.<\/p>\n<p>De igual manera, Pablo Casado no ha valorado las declaraciones de Puigdemont porque ya \u201cno se representa ni a s\u00ed mismo\u201d. \u201cLa relaci\u00f3n que tiene que empezar a trabajar con su abogado es para la declaraci\u00f3n que tenga que prestar con la Justicia espa\u00f1ola cuando la Justicia belga determine\u201d, ha manifestado.<\/p>\n<p><strong>FINANCIACI\u00d3N AUTON\u00d3MICA<\/strong><\/p>\n<p>Por \u00faltimo, Pablo Casado ha explicado que el PP apoya la reclamaci\u00f3n de un nuevo modelo de financiaci\u00f3n auton\u00f3mica. El responsable popular ha recordado que el modelo en vigor cont\u00f3 con el voto en contra del PP y se negoci\u00f3 \u201ccasi de forma bilateral entre Zapatero y Mas, con nocturnidad y alevos\u00eda, seg\u00fan dicen sus socios\u201d.<\/p>\n<p>En este sentido, ha pedido a los promotores y partidos valencianos convocantes de la manifestaci\u00f3n de este fin de semana para reclamar una mejora de la financiaci\u00f3n que tambi\u00e9n dirigieran su propuesta al resto de los partidos del arco parlamentario con los que habr\u00e1 que hablar para sacar adelante un nuevo modelo. \u201cNos unimos al PP de la Comunidad Valenciana y a los que piden un nuevo modelo, pero no depende solo del PP\u201d, ha advertido.<\/p>\n<p>Con respecto a algunos de los apoyos de esa manifestaci\u00f3n como la CUP, Casado ha alertado que \u201cel pancatalanismo que se empieza a ver es perjudicial\u201d. \u201cSe empieza con queremos un modelo m\u00e1s justo y se acaba en el Espa\u00f1a nos roba o dici\u00e9ndo a los ni\u00f1os como hablar en el recreo. Las experiencias fallidas del caso catal\u00e1n deber\u00edan hacer reflexionar a alg\u00fan partido regionalista. Para los valencianos es una ofensa delimitarlos dentro de los llamados Pa\u00edses Catalanes. Valencia y Baleares son mucho m\u00e1s que un anexo de Catalu\u00f1a\u201d.<\/p>\n<p><strong>PARTICIPAR\u00c1 EN LA COMISI\u00d3N SOBRE EL MODELO TERRITORIAL<\/strong><\/p>\n<p>Por \u00faltimo, el dirigente del PP ha llamado la atenci\u00f3n sobre la comisi\u00f3n de estudio del modelo territorial en el Congreso que comienza esta semana. \u201cEl PP va a participar y pensamos que este modelo auton\u00f3mico nos ha dado los 40 a\u00f1os m\u00e1s pr\u00f3speros de nuestra historia, que es un proyecto que puede mantenerse y que, si se tiene que modificar algo, tiene que ser entre todos y con el mayor consenso posible\u201d, ha se\u00f1alado.<\/p>\n<p>\u201cAlcanzar este modelo territorial fue complejo y para el PP la transferencia de las competencias ha sido positiva, pero a este proyecto de solidaridad que algunos han puesto en riesgo hay que unirle el precepto de lealtad. Tenemos que ser leales, Comunidades con Comunidades, Comunidades con el Estado y Estado con Comunidades\u201d, ha concluido.<\/p>\n","protected":false},"excerpt":{"rendered":"<p>El vicesecretario de Comunicaci\u00f3n del Partido Popular, Pablo Casado, ha asegurado que \u201cPodemos naci\u00f3 para desestabilizar el sistema y la Constituci\u00f3n a sueldo de potencias extranjeras antidemocr\u00e1ticas y ahora pretende romper la unidad de Espa\u00f1a siendo la muleta de los poderes independentistas y secesionistas\u201d. \u201cNi consiguieron romper el sistema democr\u00e1tico constitucional, ni van a conseguir [&hellip;]<\/p>\n","protected":false},"author":1,"featured_media":959672,"comment_status":"closed","ping_status":"closed","sticky":false,"template":"","format":"standard","meta":{"footnotes":""},"categories":[1],"tags":[],"class_list":["post-959671","post","type-post","status-publish","format-standard","has-post-thumbnail","hentry","category-actualidad"],"aioseo_notices":[],"aioseo_head":"\n\t\t<!-- All in One SEO Pro 5.0.1 - aioseo.com -->\n\t<meta name=\"description\" content=\"El vicesecretario de Comunicaci\u00f3n del Partido Popular, Pablo Casado, ha asegurado que \u201cPodemos naci\u00f3 para desestabilizar el sistema y la Constituci\u00f3n a sueldo de potencias extranjeras antidemocr\u00e1ticas y ahora pretende romper la unidad de Espa\u00f1a siendo la muleta de los poderes independentistas y secesionistas\u201d. \u201cNi consiguieron romper el sistema democr\u00e1tico constitucional, ni van a conseguir\" \/>\n\t<meta name=\"robots\" content=\"max-image-preview:large\" \/>\n\t<meta name=\"author\" content=\"El Digital de Asturias\"\/>\n\t<meta name=\"google-site-verification\" content=\"UA-38556648-1\" \/>\n\t<meta name=\"msvalidate.01\" content=\"7dfe9f3f1b24437ab69f4f2559babe99\" \/>\n\t<meta name=\"keywords\" content=\"actualidad\" \/>\n\t<link rel=\"canonical\" href=\"https:\/\/www.eldigitaldeasturias.com\/noticias\/casado-podemos-nacio-para-desestabilizar-el-sistema-a-sueldo-de-potencias-extranjeras\/\" \/>\n\t<meta name=\"generator\" content=\"All in One SEO Pro (AIOSEO) 5.0.1\" \/>\n\t\t<meta property=\"og:locale\" content=\"es_ES\" \/>\n\t\t<meta property=\"og:site_name\" content=\"El Digital de Asturias\" \/>\n\t\t<meta property=\"og:type\" content=\"article\" \/>\n\t\t<meta property=\"og:title\" content=\"Casado: \u201cPodemos naci\u00f3 para desestabilizar el sistema a sueldo de potencias extranjeras\u201d - El Digital de Asturias\" \/>\n\t\t<meta property=\"og:description\" content=\"El vicesecretario de Comunicaci\u00f3n del Partido Popular, Pablo Casado, ha asegurado que \u201cPodemos naci\u00f3 para desestabilizar el sistema y la Constituci\u00f3n a sueldo de potencias extranjeras antidemocr\u00e1ticas y ahora pretende romper la unidad de Espa\u00f1a siendo la muleta de los poderes independentistas y secesionistas\u201d. \u201cNi consiguieron romper el sistema democr\u00e1tico constitucional, ni van a conseguir\" \/>\n\t\t<meta property=\"og:url\" content=\"https:\/\/www.eldigitaldeasturias.com\/noticias\/casado-podemos-nacio-para-desestabilizar-el-sistema-a-sueldo-de-potencias-extranjeras\/\" \/>\n\t\t<meta property=\"article:tag\" content=\"actualidad\" \/>\n\t\t<meta property=\"article:published_time\" content=\"2017-11-13T23:32:58+00:00\" \/>\n\t\t<meta property=\"article:modified_time\" content=\"2017-11-13T23:32:58+00:00\" \/>\n\t\t<meta property=\"article:publisher\" content=\"https:\/\/facebook.com\/eldigitaldeasturias\" \/>\n\t\t<meta name=\"twitter:card\" content=\"summary_large_image\" \/>\n\t\t<meta name=\"twitter:title\" content=\"Casado: \u201cPodemos naci\u00f3 para desestabilizar el sistema a sueldo de potencias extranjeras\u201d - El Digital de Asturias\" \/>\n\t\t<meta name=\"twitter:description\" content=\"El vicesecretario de Comunicaci\u00f3n del Partido Popular, Pablo Casado, ha asegurado que \u201cPodemos naci\u00f3 para desestabilizar el sistema y la Constituci\u00f3n a sueldo de potencias extranjeras antidemocr\u00e1ticas y ahora pretende romper la unidad de Espa\u00f1a siendo la muleta de los poderes independentistas y secesionistas\u201d. \u201cNi consiguieron romper el sistema democr\u00e1tico constitucional, ni van a conseguir\" \/>\n\t\t<meta name=\"twitter:image\" content=\"https:\/\/www.eldigitaldeasturias.com\/noticias\/wp-content\/uploads\/2020\/12\/EDA-1.jpg\" \/>\n\t\t<meta name=\"twitter:label1\" content=\"Escrito por\" \/>\n\t\t<meta name=\"twitter:data1\" content=\"El Digital de Asturias\" \/>\n\t\t<meta name=\"twitter:label2\" content=\"Tiempo de lectura estimado\" \/>\n\t\t<meta name=\"twitter:data2\" content=\"5 minutos\" \/>\n\t\t<script type=\"application\/ld+json\" class=\"aioseo-schema\">\n\t\t\t{\"@context\":\"https:\\\/\\\/schema.org\",\"@graph\":[{\"@type\":\"BlogPosting\",\"@id\":\"https:\\\/\\\/www.eldigitaldeasturias.com\\\/noticias\\\/casado-podemos-nacio-para-desestabilizar-el-sistema-a-sueldo-de-potencias-extranjeras\\\/#blogposting\",\"name\":\"Casado: \\u201cPodemos naci\\u00f3 para desestabilizar el sistema a sueldo de potencias extranjeras\\u201d - El Digital de Asturias\",\"headline\":\"Casado: \\u201cPodemos naci\\u00f3 para desestabilizar el sistema a sueldo de potencias extranjeras\\u201d\",\"author\":{\"@id\":\"https:\\\/\\\/www.eldigitaldeasturias.com\\\/noticias\\\/author\\\/admin\\\/#author\"},\"publisher\":{\"@id\":\"https:\\\/\\\/www.eldigitaldeasturias.com\\\/noticias\\\/#organization\"},\"image\":{\"@type\":\"ImageObject\",\"url\":959672},\"datePublished\":\"2017-11-13T23:32:58+01:00\",\"dateModified\":\"2017-11-13T23:32:58+01:00\",\"inLanguage\":\"es-ES\",\"mainEntityOfPage\":{\"@id\":\"https:\\\/\\\/www.eldigitaldeasturias.com\\\/noticias\\\/casado-podemos-nacio-para-desestabilizar-el-sistema-a-sueldo-de-potencias-extranjeras\\\/#webpage\"},\"isPartOf\":{\"@id\":\"https:\\\/\\\/www.eldigitaldeasturias.com\\\/noticias\\\/casado-podemos-nacio-para-desestabilizar-el-sistema-a-sueldo-de-potencias-extranjeras\\\/#webpage\"},\"articleSection\":\"Actualidad\"},{\"@type\":\"BreadcrumbList\",\"@id\":\"https:\\\/\\\/www.eldigitaldeasturias.com\\\/noticias\\\/casado-podemos-nacio-para-desestabilizar-el-sistema-a-sueldo-de-potencias-extranjeras\\\/#breadcrumblist\",\"itemListElement\":[{\"@type\":\"ListItem\",\"@id\":\"https:\\\/\\\/www.eldigitaldeasturias.com\\\/noticias#listItem\",\"position\":1,\"name\":\"Home\",\"item\":\"https:\\\/\\\/www.eldigitaldeasturias.com\\\/noticias\",\"nextItem\":{\"@type\":\"ListItem\",\"@id\":\"https:\\\/\\\/www.eldigitaldeasturias.com\\\/noticias\\\/category\\\/actualidad\\\/#listItem\",\"name\":\"Actualidad\"}},{\"@type\":\"ListItem\",\"@id\":\"https:\\\/\\\/www.eldigitaldeasturias.com\\\/noticias\\\/category\\\/actualidad\\\/#listItem\",\"position\":2,\"name\":\"Actualidad\",\"item\":\"https:\\\/\\\/www.eldigitaldeasturias.com\\\/noticias\\\/category\\\/actualidad\\\/\",\"nextItem\":{\"@type\":\"ListItem\",\"@id\":\"https:\\\/\\\/www.eldigitaldeasturias.com\\\/noticias\\\/casado-podemos-nacio-para-desestabilizar-el-sistema-a-sueldo-de-potencias-extranjeras\\\/#listItem\",\"name\":\"Casado: \\u201cPodemos naci\\u00f3 para desestabilizar el sistema a sueldo de potencias extranjeras\\u201d\"},\"previousItem\":{\"@type\":\"ListItem\",\"@id\":\"https:\\\/\\\/www.eldigitaldeasturias.com\\\/noticias#listItem\",\"name\":\"Home\"}},{\"@type\":\"ListItem\",\"@id\":\"https:\\\/\\\/www.eldigitaldeasturias.com\\\/noticias\\\/casado-podemos-nacio-para-desestabilizar-el-sistema-a-sueldo-de-potencias-extranjeras\\\/#listItem\",\"position\":3,\"name\":\"Casado: \\u201cPodemos naci\\u00f3 para desestabilizar el sistema a sueldo de potencias extranjeras\\u201d\",\"previousItem\":{\"@type\":\"ListItem\",\"@id\":\"https:\\\/\\\/www.eldigitaldeasturias.com\\\/noticias\\\/category\\\/actualidad\\\/#listItem\",\"name\":\"Actualidad\"}}]},{\"@type\":\"Organization\",\"@id\":\"https:\\\/\\\/www.eldigitaldeasturias.com\\\/noticias\\\/#organization\",\"name\":\"El Digital de Asturias\",\"description\":\"Hemeroteca\",\"url\":\"https:\\\/\\\/www.eldigitaldeasturias.com\\\/noticias\\\/\",\"email\":\"info@eldigitaldeasturias.com\",\"telephone\":\"+34652131393\",\"logo\":{\"@type\":\"ImageObject\",\"url\":\"https:\\\/\\\/www.eldigitaldeasturias.com\\\/noticias\\\/wp-content\\\/uploads\\\/2020\\\/12\\\/EDA.jpg\",\"@id\":\"https:\\\/\\\/www.eldigitaldeasturias.com\\\/noticias\\\/casado-podemos-nacio-para-desestabilizar-el-sistema-a-sueldo-de-potencias-extranjeras\\\/#organizationLogo\"},\"image\":{\"@id\":\"https:\\\/\\\/www.eldigitaldeasturias.com\\\/noticias\\\/casado-podemos-nacio-para-desestabilizar-el-sistema-a-sueldo-de-potencias-extranjeras\\\/#organizationLogo\"},\"sameAs\":[\"https:\\\/\\\/facebook.com\\\/eldigitaldeasturias\",\"https:\\\/\\\/www.youtube.com\\\/channel\\\/UCZP-2wLEB9Rv6erhFmqVnvg\"],\"address\":{\"@id\":\"https:\\\/\\\/www.eldigitaldeasturias.com\\\/noticias\\\/#postaladdress\",\"@type\":\"PostalAddress\",\"streetAddress\":\"san antonio 4\",\"postalCode\":\"33430\",\"addressLocality\":\"Cand\\u00e1s\",\"addressRegion\":\"Asturias\",\"addressCountry\":\"ES\"}},{\"@type\":\"Person\",\"@id\":\"https:\\\/\\\/www.eldigitaldeasturias.com\\\/noticias\\\/author\\\/admin\\\/#author\",\"url\":\"https:\\\/\\\/www.eldigitaldeasturias.com\\\/noticias\\\/author\\\/admin\\\/\",\"name\":\"El Digital de Asturias\",\"image\":{\"@type\":\"ImageObject\",\"@id\":\"https:\\\/\\\/www.eldigitaldeasturias.com\\\/noticias\\\/casado-podemos-nacio-para-desestabilizar-el-sistema-a-sueldo-de-potencias-extranjeras\\\/#authorImage\",\"url\":\"https:\\\/\\\/secure.gravatar.com\\\/avatar\\\/df2aeffc32bcd13f8d26072ef8a91b623d677766deac7f97ca815868cd41bf5e?s=96&d=mm&r=g\",\"width\":96,\"height\":96,\"caption\":\"El Digital de Asturias\"}},{\"@type\":\"WebPage\",\"@id\":\"https:\\\/\\\/www.eldigitaldeasturias.com\\\/noticias\\\/casado-podemos-nacio-para-desestabilizar-el-sistema-a-sueldo-de-potencias-extranjeras\\\/#webpage\",\"url\":\"https:\\\/\\\/www.eldigitaldeasturias.com\\\/noticias\\\/casado-podemos-nacio-para-desestabilizar-el-sistema-a-sueldo-de-potencias-extranjeras\\\/\",\"name\":\"Casado: \\u201cPodemos naci\\u00f3 para desestabilizar el sistema a sueldo de potencias extranjeras\\u201d - El Digital de Asturias\",\"description\":\"El vicesecretario de Comunicaci\\u00f3n del Partido Popular, Pablo Casado, ha asegurado que \\u201cPodemos naci\\u00f3 para desestabilizar el sistema y la Constituci\\u00f3n a sueldo de potencias extranjeras antidemocr\\u00e1ticas y ahora pretende romper la unidad de Espa\\u00f1a siendo la muleta de los poderes independentistas y secesionistas\\u201d. \\u201cNi consiguieron romper el sistema democr\\u00e1tico constitucional, ni van a conseguir\",\"inLanguage\":\"es-ES\",\"isPartOf\":{\"@id\":\"https:\\\/\\\/www.eldigitaldeasturias.com\\\/noticias\\\/#website\"},\"breadcrumb\":{\"@id\":\"https:\\\/\\\/www.eldigitaldeasturias.com\\\/noticias\\\/casado-podemos-nacio-para-desestabilizar-el-sistema-a-sueldo-de-potencias-extranjeras\\\/#breadcrumblist\"},\"author\":{\"@id\":\"https:\\\/\\\/www.eldigitaldeasturias.com\\\/noticias\\\/author\\\/admin\\\/#author\"},\"creator\":{\"@id\":\"https:\\\/\\\/www.eldigitaldeasturias.com\\\/noticias\\\/author\\\/admin\\\/#author\"},\"image\":{\"@type\":\"ImageObject\",\"url\":959672,\"@id\":\"https:\\\/\\\/www.eldigitaldeasturias.com\\\/noticias\\\/casado-podemos-nacio-para-desestabilizar-el-sistema-a-sueldo-de-potencias-extranjeras\\\/#mainImage\"},\"primaryImageOfPage\":{\"@id\":\"https:\\\/\\\/www.eldigitaldeasturias.com\\\/noticias\\\/casado-podemos-nacio-para-desestabilizar-el-sistema-a-sueldo-de-potencias-extranjeras\\\/#mainImage\"},\"datePublished\":\"2017-11-13T23:32:58+01:00\",\"dateModified\":\"2017-11-13T23:32:58+01:00\"},{\"@type\":\"WebSite\",\"@id\":\"https:\\\/\\\/www.eldigitaldeasturias.com\\\/noticias\\\/#website\",\"url\":\"https:\\\/\\\/www.eldigitaldeasturias.com\\\/noticias\\\/\",\"name\":\"El Digital de Asturias - Diario de actualidad y noticias\",\"alternateName\":\"El Digital de Asturias - Diario de actualidad y noticias\",\"description\":\"Hemeroteca\",\"inLanguage\":\"es-ES\",\"publisher\":{\"@id\":\"https:\\\/\\\/www.eldigitaldeasturias.com\\\/noticias\\\/#organization\"}}]}\n\t\t<\/script>\n\t\t<!-- All in One SEO Pro -->\r\n\t\t<title>Casado: \u201cPodemos naci\u00f3 para desestabilizar el sistema a sueldo de potencias extranjeras\u201d - El Digital de Asturias<\/title>\n\n","aioseo_head_json":{"title":"Casado: \u201cPodemos naci\u00f3 para desestabilizar el sistema a sueldo de potencias extranjeras\u201d - El Digital de Asturias","description":"El vicesecretario de Comunicaci\u00f3n del Partido Popular, Pablo Casado, ha asegurado que \u201cPodemos naci\u00f3 para desestabilizar el sistema y la Constituci\u00f3n a sueldo de potencias extranjeras antidemocr\u00e1ticas y ahora pretende romper la unidad de Espa\u00f1a siendo la muleta de los poderes independentistas y secesionistas\u201d. \u201cNi consiguieron romper el sistema democr\u00e1tico constitucional, ni van a conseguir","canonical_url":"https:\/\/www.eldigitaldeasturias.com\/noticias\/casado-podemos-nacio-para-desestabilizar-el-sistema-a-sueldo-de-potencias-extranjeras\/","robots":"max-image-preview:large","keywords":"actualidad","webmasterTools":{"google-site-verification":"UA-38556648-1","msvalidate.01":"7dfe9f3f1b24437ab69f4f2559babe99","miscellaneous":""},"schema":{"@context":"https:\/\/schema.org","@graph":[{"@type":"BlogPosting","@id":"https:\/\/www.eldigitaldeasturias.com\/noticias\/casado-podemos-nacio-para-desestabilizar-el-sistema-a-sueldo-de-potencias-extranjeras\/#blogposting","name":"Casado: \u201cPodemos naci\u00f3 para desestabilizar el sistema a sueldo de potencias extranjeras\u201d - El Digital de Asturias","headline":"Casado: \u201cPodemos naci\u00f3 para desestabilizar el sistema a sueldo de potencias extranjeras\u201d","author":{"@id":"https:\/\/www.eldigitaldeasturias.com\/noticias\/author\/admin\/#author"},"publisher":{"@id":"https:\/\/www.eldigitaldeasturias.com\/noticias\/#organization"},"image":{"@type":"ImageObject","url":959672},"datePublished":"2017-11-13T23:32:58+01:00","dateModified":"2017-11-13T23:32:58+01:00","inLanguage":"es-ES","mainEntityOfPage":{"@id":"https:\/\/www.eldigitaldeasturias.com\/noticias\/casado-podemos-nacio-para-desestabilizar-el-sistema-a-sueldo-de-potencias-extranjeras\/#webpage"},"isPartOf":{"@id":"https:\/\/www.eldigitaldeasturias.com\/noticias\/casado-podemos-nacio-para-desestabilizar-el-sistema-a-sueldo-de-potencias-extranjeras\/#webpage"},"articleSection":"Actualidad"},{"@type":"BreadcrumbList","@id":"https:\/\/www.eldigitaldeasturias.com\/noticias\/casado-podemos-nacio-para-desestabilizar-el-sistema-a-sueldo-de-potencias-extranjeras\/#breadcrumblist","itemListElement":[{"@type":"ListItem","@id":"https:\/\/www.eldigitaldeasturias.com\/noticias#listItem","position":1,"name":"Home","item":"https:\/\/www.eldigitaldeasturias.com\/noticias","nextItem":{"@type":"ListItem","@id":"https:\/\/www.eldigitaldeasturias.com\/noticias\/category\/actualidad\/#listItem","name":"Actualidad"}},{"@type":"ListItem","@id":"https:\/\/www.eldigitaldeasturias.com\/noticias\/category\/actualidad\/#listItem","position":2,"name":"Actualidad","item":"https:\/\/www.eldigitaldeasturias.com\/noticias\/category\/actualidad\/","nextItem":{"@type":"ListItem","@id":"https:\/\/www.eldigitaldeasturias.com\/noticias\/casado-podemos-nacio-para-desestabilizar-el-sistema-a-sueldo-de-potencias-extranjeras\/#listItem","name":"Casado: \u201cPodemos naci\u00f3 para desestabilizar el sistema a sueldo de potencias extranjeras\u201d"},"previousItem":{"@type":"ListItem","@id":"https:\/\/www.eldigitaldeasturias.com\/noticias#listItem","name":"Home"}},{"@type":"ListItem","@id":"https:\/\/www.eldigitaldeasturias.com\/noticias\/casado-podemos-nacio-para-desestabilizar-el-sistema-a-sueldo-de-potencias-extranjeras\/#listItem","position":3,"name":"Casado: \u201cPodemos naci\u00f3 para desestabilizar el sistema a sueldo de potencias extranjeras\u201d","previousItem":{"@type":"ListItem","@id":"https:\/\/www.eldigitaldeasturias.com\/noticias\/category\/actualidad\/#listItem","name":"Actualidad"}}]},{"@type":"Organization","@id":"https:\/\/www.eldigitaldeasturias.com\/noticias\/#organization","name":"El Digital de Asturias","description":"Hemeroteca","url":"https:\/\/www.eldigitaldeasturias.com\/noticias\/","email":"info@eldigitaldeasturias.com","telephone":"+34652131393","logo":{"@type":"ImageObject","url":"https:\/\/www.eldigitaldeasturias.com\/noticias\/wp-content\/uploads\/2020\/12\/EDA.jpg","@id":"https:\/\/www.eldigitaldeasturias.com\/noticias\/casado-podemos-nacio-para-desestabilizar-el-sistema-a-sueldo-de-potencias-extranjeras\/#organizationLogo"},"image":{"@id":"https:\/\/www.eldigitaldeasturias.com\/noticias\/casado-podemos-nacio-para-desestabilizar-el-sistema-a-sueldo-de-potencias-extranjeras\/#organizationLogo"},"sameAs":["https:\/\/facebook.com\/eldigitaldeasturias","https:\/\/www.youtube.com\/channel\/UCZP-2wLEB9Rv6erhFmqVnvg"],"address":{"@id":"https:\/\/www.eldigitaldeasturias.com\/noticias\/#postaladdress","@type":"PostalAddress","streetAddress":"san antonio 4","postalCode":"33430","addressLocality":"Cand\u00e1s","addressRegion":"Asturias","addressCountry":"ES"}},{"@type":"Person","@id":"https:\/\/www.eldigitaldeasturias.com\/noticias\/author\/admin\/#author","url":"https:\/\/www.eldigitaldeasturias.com\/noticias\/author\/admin\/","name":"El Digital de Asturias","image":{"@type":"ImageObject","@id":"https:\/\/www.eldigitaldeasturias.com\/noticias\/casado-podemos-nacio-para-desestabilizar-el-sistema-a-sueldo-de-potencias-extranjeras\/#authorImage","url":"https:\/\/secure.gravatar.com\/avatar\/df2aeffc32bcd13f8d26072ef8a91b623d677766deac7f97ca815868cd41bf5e?s=96&d=mm&r=g","width":96,"height":96,"caption":"El Digital de Asturias"}},{"@type":"WebPage","@id":"https:\/\/www.eldigitaldeasturias.com\/noticias\/casado-podemos-nacio-para-desestabilizar-el-sistema-a-sueldo-de-potencias-extranjeras\/#webpage","url":"https:\/\/www.eldigitaldeasturias.com\/noticias\/casado-podemos-nacio-para-desestabilizar-el-sistema-a-sueldo-de-potencias-extranjeras\/","name":"Casado: \u201cPodemos naci\u00f3 para desestabilizar el sistema a sueldo de potencias extranjeras\u201d - El Digital de Asturias","description":"El vicesecretario de Comunicaci\u00f3n del Partido Popular, Pablo Casado, ha asegurado que \u201cPodemos naci\u00f3 para desestabilizar el sistema y la Constituci\u00f3n a sueldo de potencias extranjeras antidemocr\u00e1ticas y ahora pretende romper la unidad de Espa\u00f1a siendo la muleta de los poderes independentistas y secesionistas\u201d. \u201cNi consiguieron romper el sistema democr\u00e1tico constitucional, ni van a conseguir","inLanguage":"es-ES","isPartOf":{"@id":"https:\/\/www.eldigitaldeasturias.com\/noticias\/#website"},"breadcrumb":{"@id":"https:\/\/www.eldigitaldeasturias.com\/noticias\/casado-podemos-nacio-para-desestabilizar-el-sistema-a-sueldo-de-potencias-extranjeras\/#breadcrumblist"},"author":{"@id":"https:\/\/www.eldigitaldeasturias.com\/noticias\/author\/admin\/#author"},"creator":{"@id":"https:\/\/www.eldigitaldeasturias.com\/noticias\/author\/admin\/#author"},"image":{"@type":"ImageObject","url":959672,"@id":"https:\/\/www.eldigitaldeasturias.com\/noticias\/casado-podemos-nacio-para-desestabilizar-el-sistema-a-sueldo-de-potencias-extranjeras\/#mainImage"},"primaryImageOfPage":{"@id":"https:\/\/www.eldigitaldeasturias.com\/noticias\/casado-podemos-nacio-para-desestabilizar-el-sistema-a-sueldo-de-potencias-extranjeras\/#mainImage"},"datePublished":"2017-11-13T23:32:58+01:00","dateModified":"2017-11-13T23:32:58+01:00"},{"@type":"WebSite","@id":"https:\/\/www.eldigitaldeasturias.com\/noticias\/#website","url":"https:\/\/www.eldigitaldeasturias.com\/noticias\/","name":"El Digital de Asturias - Diario de actualidad y noticias","alternateName":"El Digital de Asturias - Diario de actualidad y noticias","description":"Hemeroteca","inLanguage":"es-ES","publisher":{"@id":"https:\/\/www.eldigitaldeasturias.com\/noticias\/#organization"}}]},"og:locale":"es_ES","og:site_name":"El Digital de Asturias","og:type":"article","og:title":"Casado: \u201cPodemos naci\u00f3 para desestabilizar el sistema a sueldo de potencias extranjeras\u201d - El Digital de Asturias","og:description":"El vicesecretario de Comunicaci\u00f3n del Partido Popular, Pablo Casado, ha asegurado que \u201cPodemos naci\u00f3 para desestabilizar el sistema y la Constituci\u00f3n a sueldo de potencias extranjeras antidemocr\u00e1ticas y ahora pretende romper la unidad de Espa\u00f1a siendo la muleta de los poderes independentistas y secesionistas\u201d. \u201cNi consiguieron romper el sistema democr\u00e1tico constitucional, ni van a conseguir","og:url":"https:\/\/www.eldigitaldeasturias.com\/noticias\/casado-podemos-nacio-para-desestabilizar-el-sistema-a-sueldo-de-potencias-extranjeras\/","article:tag":["actualidad"],"article:published_time":"2017-11-13T23:32:58+00:00","article:modified_time":"2017-11-13T23:32:58+00:00","article:publisher":"https:\/\/facebook.com\/eldigitaldeasturias","twitter:card":"summary_large_image","twitter:title":"Casado: \u201cPodemos naci\u00f3 para desestabilizar el sistema a sueldo de potencias extranjeras\u201d - El Digital de Asturias","twitter:description":"El vicesecretario de Comunicaci\u00f3n del Partido Popular, Pablo Casado, ha asegurado que \u201cPodemos naci\u00f3 para desestabilizar el sistema y la Constituci\u00f3n a sueldo de potencias extranjeras antidemocr\u00e1ticas y ahora pretende romper la unidad de Espa\u00f1a siendo la muleta de los poderes independentistas y secesionistas\u201d. \u201cNi consiguieron romper el sistema democr\u00e1tico constitucional, ni van a conseguir","twitter:image":"https:\/\/www.eldigitaldeasturias.com\/noticias\/wp-content\/uploads\/2020\/12\/EDA-1.jpg","twitter:label1":"Escrito por","twitter:data1":"El Digital de Asturias","twitter:label2":"Tiempo de lectura estimado","twitter:data2":"5 minutos"},"aioseo_meta_data":{"post_id":"959671","title":null,"description":null,"keywords":null,"keyphrases":null,"primary_term":null,"canonical_url":null,"og_title":null,"og_description":null,"og_object_type":"default","og_image_type":"default","og_image_url":null,"og_image_width":null,"og_image_height":null,"og_image_custom_url":null,"og_image_custom_fields":null,"og_video":null,"og_custom_url":null,"og_article_section":null,"og_article_tags":null,"twitter_use_og":false,"twitter_card":"default","twitter_image_type":"default","twitter_image_url":null,"twitter_image_custom_url":null,"twitter_image_custom_fields":null,"twitter_title":null,"twitter_description":null,"schema":{"blockGraphs":[],"customGraphs":[],"default":{"data":{"Article":[],"Course":[],"Dataset":[],"FAQPage":[],"Movie":[],"Person":[],"Product":[],"ProductReview":[],"Car":[],"Recipe":[],"Service":[],"SoftwareApplication":[],"WebPage":[]},"graphName":"","isEnabled":true},"graphs":[],"defaultGraph":"","defaultPostTypeGraph":""},"schema_type":null,"schema_type_options":null,"pillar_content":false,"robots_default":true,"robots_noindex":false,"robots_noarchive":false,"robots_nosnippet":false,"robots_nofollow":false,"robots_noimageindex":false,"robots_noodp":false,"robots_notranslate":false,"robots_max_snippet":null,"robots_max_videopreview":null,"robots_max_imagepreview":"large","priority":null,"frequency":null,"local_seo":null,"seo_analyzer_scan_date":"2025-12-07 02:13:45","breadcrumb_settings":null,"limit_modified_date":false,"open_ai":null,"ai":null,"created":"2020-12-21 12:53:19","updated":"2025-12-07 02:13:45","focus_keyword":null,"additional_keywords":null,"truseo_locale":null},"aioseo_breadcrumb":"<div class=\"aioseo-breadcrumbs\"><span class=\"aioseo-breadcrumb\">\n\t<a href=\"https:\/\/www.eldigitaldeasturias.com\/noticias\" title=\"Home\">Home<\/a>\n<\/span><span class=\"aioseo-breadcrumb-separator\">\u2013<\/span><span class=\"aioseo-breadcrumb\">\n\t<a href=\"https:\/\/www.eldigitaldeasturias.com\/noticias\/category\/actualidad\/\" title=\"Actualidad\">Actualidad<\/a>\n<\/span><span class=\"aioseo-breadcrumb-separator\">\u2013<\/span><span class=\"aioseo-breadcrumb\">\n\t<a href=\"https:\/\/www.eldigitaldeasturias.com\/noticias\/casado-podemos-nacio-para-desestabilizar-el-sistema-a-sueldo-de-potencias-extranjeras\/\" title=\"Casado: \u201cPodemos naci\u00f3 para desestabilizar el sistema a sueldo de potencias extranjeras\u201d\">Casado: \u201cPodemos naci\u00f3 para desestabilizar el sistema a sueldo de potencias extranjeras\u201d<\/a>\n<\/span><\/div>","aioseo_breadcrumb_json":[{"label":"Home","link":"https:\/\/www.eldigitaldeasturias.com\/noticias"},{"label":"Actualidad","link":"https:\/\/www.eldigitaldeasturias.com\/noticias\/category\/actualidad\/"},{"label":"Casado: \u201cPodemos naci\u00f3 para desestabilizar el sistema a sueldo de potencias extranjeras\u201d","link":"https:\/\/www.eldigitaldeasturias.com\/noticias\/casado-podemos-nacio-para-desestabilizar-el-sistema-a-sueldo-de-potencias-extranjeras\/"}],"_links":{"self":[{"href":"https:\/\/www.eldigitaldeasturias.com\/noticias\/wp-json\/wp\/v2\/posts\/959671","targetHints":{"allow":["GET"]}}],"collection":[{"href":"https:\/\/www.eldigitaldeasturias.com\/noticias\/wp-json\/wp\/v2\/posts"}],"about":[{"href":"https:\/\/www.eldigitaldeasturias.com\/noticias\/wp-json\/wp\/v2\/types\/post"}],"author":[{"embeddable":true,"href":"https:\/\/www.eldigitaldeasturias.com\/noticias\/wp-json\/wp\/v2\/users\/1"}],"replies":[{"embeddable":true,"href":"https:\/\/www.eldigitaldeasturias.com\/noticias\/wp-json\/wp\/v2\/comments?post=959671"}],"version-history":[{"count":0,"href":"https:\/\/www.eldigitaldeasturias.com\/noticias\/wp-json\/wp\/v2\/posts\/959671\/revisions"}],"wp:attachment":[{"href":"https:\/\/www.eldigitaldeasturias.com\/noticias\/wp-json\/wp\/v2\/media?parent=959671"}],"wp:term":[{"taxonomy":"category","embeddable":true,"href":"https:\/\/www.eldigitaldeasturias.com\/noticias\/wp-json\/wp\/v2\/categories?post=959671"},{"taxonomy":"post_tag","embeddable":true,"href":"https:\/\/www.eldigitaldeasturias.com\/noticias\/wp-json\/wp\/v2\/tags?post=959671"}],"curies":[{"name":"wp","href":"https:\/\/api.w.org\/{rel}","templated":true}]}}