{"id":959668,"date":"2017-11-13T23:29:22","date_gmt":"2017-11-13T23:29:22","guid":{"rendered":"http:\/\/www.eldigitaldeasturias.com\/noticias\/?p=959668"},"modified":"2017-11-13T23:29:22","modified_gmt":"2017-11-13T23:29:22","slug":"el-gobierno-fija-las-condiciones-de-cierre-de-las-centrales-electricas","status":"publish","type":"post","link":"https:\/\/www.eldigitaldeasturias.com\/noticias\/el-gobierno-fija-las-condiciones-de-cierre-de-las-centrales-electricas\/","title":{"rendered":"El Gobierno fija las condiciones de cierre de las centrales el\u00e9ctricas"},"content":{"rendered":"<p><img loading=\"lazy\" decoding=\"async\" class=\"alignleft size-medium wp-image-959669\" src=\"https:\/\/www.eldigitaldeasturias.com\/noticias\/wp-content\/uploads\/2017\/11\/torres-alta-tension_I-360x239.jpg\" alt=\"\" width=\"360\" height=\"239\" \/>El Ministerio de Energ\u00eda, Turismo y Agenda Digital ha enviado a la Comisi\u00f3n Nacional de los Mercados y la Competencia (CNMC) el Real Decreto que regula el cierre de centrales el\u00e9ctricas en Espa\u00f1a. As\u00ed, el Gobierno contar\u00e1 con una medida regulatoria que asegurar\u00e1 que las decisiones de cierre de centrales son coherentes con los instrumentos de planificaci\u00f3n energ\u00e9tica y, de esta manera, son compatibles con los objetivos en materia de seguridad del suministro, sostenibilidad y precio de la energ\u00eda.<\/p>\n<p>\u200bEl Gobierno ratifica as\u00ed su posici\u00f3n de que las decisiones tomadas por las empresas en el \u00e1mbito energ\u00e9tico deben estar subordinadas al inter\u00e9s general y a la planificaci\u00f3n en esta materia. Esta posici\u00f3n encuentra pleno amparo en los preceptos constitucionales (art\u00edculos 38 y 128) y en la regulaci\u00f3n vigente del sector el\u00e9ctrico.<\/p>\n<p>En concreto, el reglamento tiene como finalidad regular el procedimiento de cierre de las instalaciones de producci\u00f3n de energ\u00eda el\u00e9ctrica. A diferencia del r\u00e9gimen actual, que solo contempla la seguridad del suministro, la autorizaci\u00f3n del Ministerio de Energ\u00eda, Turismo y Agenda Digital \u00fanicamente se conceder\u00e1 tras valorar adicionalmente la coherencia del cierre con el cumplimiento de los objetivos medioambientales y del clima, as\u00ed como la coherencia de los precios y la competencia del mercado el\u00e9ctrico.<\/p>\n<p>De esta forma, se denegar\u00e1 el cierre de una instalaci\u00f3n cuando amenace a la seguridad de suministro el\u00e9ctrico o a la seguridad del abastecimiento de materias primas, as\u00ed como cuando suponga efectos desfavorables en los precios de la electricidad, en la competencia en el mercado el\u00e9ctrico y en el cumplimiento de los objetivos en la planificaci\u00f3n de energ\u00eda y clima vigente.<\/p>\n<p>El reglamento establece como \u00e1mbito de aplicaci\u00f3n las instalaciones de producci\u00f3n de energ\u00eda el\u00e9ctrica de potencia superior a 50 MW, con independencia de su tecnolog\u00eda, por ser aquellas que requieren autorizaci\u00f3n del propio Ministerio para su operaci\u00f3n. Las centrales de menor tama\u00f1o se regir\u00e1n por el marco de autorizaci\u00f3n propio de las Comunidades Aut\u00f3nomas.<\/p>\n<p><strong>Solicitud de cierre<\/strong><\/p>\n<p>Solo el titular de la instalaci\u00f3n podr\u00e1 solicitar la autorizaci\u00f3n administrativa de cierre correspondiente ante la Direcci\u00f3n General de Pol\u00edtica Energ\u00e9tica y Minas. Junto a la solicitud, deber\u00e1 adjuntar varios documentos, como una memoria justificativa en la que se detallen las circunstancias t\u00e9cnicas, econ\u00f3micas, ambientales o de cualquier otra \u00edndole que fundamenten el cierre, informaci\u00f3n t\u00e9cnica de la instalaci\u00f3n y un plan t\u00e9cnico y econ\u00f3mico de desmantelamiento.<\/p>\n<p>Una vez recibida la solicitud, el Ministerio de Energ\u00eda solicitar\u00e1 a REE, Enag\u00e1s, CNMC y otros organismos implicados los correspondientes informes que valorar\u00e1n el eventual cierre.<\/p>\n<p>El Ministerio de Energ\u00eda, Turismo y Agenda Digital, teniendo en cuenta los informes, resolver\u00e1 la autorizaci\u00f3n o denegaci\u00f3n de la solicitud. En caso de denegaci\u00f3n de la solicitud, el titular de la instalaci\u00f3n deber\u00e1 continuar con la actividad por s\u00ed mismo o transmitir la instalaci\u00f3n a un tercero, lo que podr\u00e1 hacer si as\u00ed lo desea mediante una subasta regulada por el Real Decreto. Esta subasta permitir\u00e1 establecer si la instalaci\u00f3n tiene valor econ\u00f3mico para un operador distinto y, siendo este el caso, facilitar su transmisi\u00f3n para que contin\u00fae operando la central.<\/p>\n<p>Adem\u00e1s, si el mecanismo de subasta no permite la transmisi\u00f3n a un tercero, podr\u00eda aprobarse un esquema de compensaci\u00f3n por la continuidad de la actividad. Dicho esquema se dise\u00f1ar\u00e1 para asegurar que se otorga al menor coste posible, y en todo caso, con un coste inferior al beneficio econ\u00f3mico que los consumidores derivar\u00edan de la continuidad de la actividad.<\/p>\n<p><strong>Aplicaci\u00f3n del Real Decreto<\/strong><\/p>\n<p>El Real Decreto ser\u00e1 de aplicaci\u00f3n a todos los cierres que hayan sido solicitados desde la consulta p\u00fablica en esta materia lanzada por el Ministerio de Energ\u00eda en julio de este a\u00f1o y sobre los que a\u00fan no haya reca\u00eddo resoluci\u00f3n administrativa. En l\u00ednea con esto, el Ministerio ha solicitado, en aplicaci\u00f3n del art\u00edculo 20.4 de la Ley 24\/2013 del Sector El\u00e9ctrico, al titular de las centrales de Lada y la Velilla la remisi\u00f3n de la informaci\u00f3n contable de dichas centrales correspondiente a los \u00faltimos tres a\u00f1os.<\/p>\n","protected":false},"excerpt":{"rendered":"<p>El Ministerio de Energ\u00eda, Turismo y Agenda Digital ha enviado a la Comisi\u00f3n Nacional de los Mercados y la Competencia (CNMC) el Real Decreto que regula el cierre de centrales el\u00e9ctricas en Espa\u00f1a. As\u00ed, el Gobierno contar\u00e1 con una medida regulatoria que asegurar\u00e1 que las decisiones de cierre de centrales son coherentes con los instrumentos [&hellip;]<\/p>\n","protected":false},"author":1,"featured_media":959669,"comment_status":"closed","ping_status":"closed","sticky":false,"template":"","format":"standard","meta":{"footnotes":""},"categories":[1],"tags":[],"class_list":["post-959668","post","type-post","status-publish","format-standard","has-post-thumbnail","hentry","category-actualidad"],"aioseo_notices":[],"aioseo_head":"\n\t\t<!-- All in One SEO Pro 5.0.1 - aioseo.com -->\n\t<meta name=\"description\" content=\"El Ministerio de Energ\u00eda, Turismo y Agenda Digital ha enviado a la Comisi\u00f3n Nacional de los Mercados y la Competencia (CNMC) el Real Decreto que regula el cierre de centrales el\u00e9ctricas en Espa\u00f1a. As\u00ed, el Gobierno contar\u00e1 con una medida regulatoria que asegurar\u00e1 que las decisiones de cierre de centrales son coherentes con los instrumentos\" \/>\n\t<meta name=\"robots\" content=\"max-image-preview:large\" \/>\n\t<meta name=\"author\" content=\"El Digital de Asturias\"\/>\n\t<meta name=\"google-site-verification\" content=\"UA-38556648-1\" \/>\n\t<meta name=\"msvalidate.01\" content=\"7dfe9f3f1b24437ab69f4f2559babe99\" \/>\n\t<meta name=\"keywords\" content=\"actualidad\" \/>\n\t<link rel=\"canonical\" href=\"https:\/\/www.eldigitaldeasturias.com\/noticias\/el-gobierno-fija-las-condiciones-de-cierre-de-las-centrales-electricas\/\" \/>\n\t<meta name=\"generator\" content=\"All in One SEO Pro (AIOSEO) 5.0.1\" \/>\n\t\t<meta property=\"og:locale\" content=\"es_ES\" \/>\n\t\t<meta property=\"og:site_name\" content=\"El Digital de Asturias\" \/>\n\t\t<meta property=\"og:type\" content=\"article\" \/>\n\t\t<meta property=\"og:title\" content=\"El Gobierno fija las condiciones de cierre de las centrales el\u00e9ctricas - El Digital de Asturias\" \/>\n\t\t<meta property=\"og:description\" content=\"El Ministerio de Energ\u00eda, Turismo y Agenda Digital ha enviado a la Comisi\u00f3n Nacional de los Mercados y la Competencia (CNMC) el Real Decreto que regula el cierre de centrales el\u00e9ctricas en Espa\u00f1a. As\u00ed, el Gobierno contar\u00e1 con una medida regulatoria que asegurar\u00e1 que las decisiones de cierre de centrales son coherentes con los instrumentos\" \/>\n\t\t<meta property=\"og:url\" content=\"https:\/\/www.eldigitaldeasturias.com\/noticias\/el-gobierno-fija-las-condiciones-de-cierre-de-las-centrales-electricas\/\" \/>\n\t\t<meta property=\"article:tag\" content=\"actualidad\" \/>\n\t\t<meta property=\"article:published_time\" content=\"2017-11-13T23:29:22+00:00\" \/>\n\t\t<meta property=\"article:modified_time\" content=\"2017-11-13T23:29:22+00:00\" \/>\n\t\t<meta property=\"article:publisher\" content=\"https:\/\/facebook.com\/eldigitaldeasturias\" \/>\n\t\t<meta name=\"twitter:card\" content=\"summary_large_image\" \/>\n\t\t<meta name=\"twitter:title\" content=\"El Gobierno fija las condiciones de cierre de las centrales el\u00e9ctricas - El Digital de Asturias\" \/>\n\t\t<meta name=\"twitter:description\" content=\"El Ministerio de Energ\u00eda, Turismo y Agenda Digital ha enviado a la Comisi\u00f3n Nacional de los Mercados y la Competencia (CNMC) el Real Decreto que regula el cierre de centrales el\u00e9ctricas en Espa\u00f1a. As\u00ed, el Gobierno contar\u00e1 con una medida regulatoria que asegurar\u00e1 que las decisiones de cierre de centrales son coherentes con los instrumentos\" \/>\n\t\t<meta name=\"twitter:image\" content=\"https:\/\/www.eldigitaldeasturias.com\/noticias\/wp-content\/uploads\/2020\/12\/EDA-1.jpg\" \/>\n\t\t<meta name=\"twitter:label1\" content=\"Escrito por\" \/>\n\t\t<meta name=\"twitter:data1\" content=\"El Digital de Asturias\" \/>\n\t\t<meta name=\"twitter:label2\" content=\"Tiempo de lectura estimado\" \/>\n\t\t<meta name=\"twitter:data2\" content=\"4 minutos\" \/>\n\t\t<script type=\"application\/ld+json\" class=\"aioseo-schema\">\n\t\t\t{\"@context\":\"https:\\\/\\\/schema.org\",\"@graph\":[{\"@type\":\"BlogPosting\",\"@id\":\"https:\\\/\\\/www.eldigitaldeasturias.com\\\/noticias\\\/el-gobierno-fija-las-condiciones-de-cierre-de-las-centrales-electricas\\\/#blogposting\",\"name\":\"El Gobierno fija las condiciones de cierre de las centrales el\\u00e9ctricas - El Digital de Asturias\",\"headline\":\"El Gobierno fija las condiciones de cierre de las centrales el\\u00e9ctricas\",\"author\":{\"@id\":\"https:\\\/\\\/www.eldigitaldeasturias.com\\\/noticias\\\/author\\\/admin\\\/#author\"},\"publisher\":{\"@id\":\"https:\\\/\\\/www.eldigitaldeasturias.com\\\/noticias\\\/#organization\"},\"image\":{\"@type\":\"ImageObject\",\"url\":959669},\"datePublished\":\"2017-11-13T23:29:22+01:00\",\"dateModified\":\"2017-11-13T23:29:22+01:00\",\"inLanguage\":\"es-ES\",\"mainEntityOfPage\":{\"@id\":\"https:\\\/\\\/www.eldigitaldeasturias.com\\\/noticias\\\/el-gobierno-fija-las-condiciones-de-cierre-de-las-centrales-electricas\\\/#webpage\"},\"isPartOf\":{\"@id\":\"https:\\\/\\\/www.eldigitaldeasturias.com\\\/noticias\\\/el-gobierno-fija-las-condiciones-de-cierre-de-las-centrales-electricas\\\/#webpage\"},\"articleSection\":\"Actualidad\"},{\"@type\":\"BreadcrumbList\",\"@id\":\"https:\\\/\\\/www.eldigitaldeasturias.com\\\/noticias\\\/el-gobierno-fija-las-condiciones-de-cierre-de-las-centrales-electricas\\\/#breadcrumblist\",\"itemListElement\":[{\"@type\":\"ListItem\",\"@id\":\"https:\\\/\\\/www.eldigitaldeasturias.com\\\/noticias#listItem\",\"position\":1,\"name\":\"Home\",\"item\":\"https:\\\/\\\/www.eldigitaldeasturias.com\\\/noticias\",\"nextItem\":{\"@type\":\"ListItem\",\"@id\":\"https:\\\/\\\/www.eldigitaldeasturias.com\\\/noticias\\\/category\\\/actualidad\\\/#listItem\",\"name\":\"Actualidad\"}},{\"@type\":\"ListItem\",\"@id\":\"https:\\\/\\\/www.eldigitaldeasturias.com\\\/noticias\\\/category\\\/actualidad\\\/#listItem\",\"position\":2,\"name\":\"Actualidad\",\"item\":\"https:\\\/\\\/www.eldigitaldeasturias.com\\\/noticias\\\/category\\\/actualidad\\\/\",\"nextItem\":{\"@type\":\"ListItem\",\"@id\":\"https:\\\/\\\/www.eldigitaldeasturias.com\\\/noticias\\\/el-gobierno-fija-las-condiciones-de-cierre-de-las-centrales-electricas\\\/#listItem\",\"name\":\"El Gobierno fija las condiciones de cierre de las centrales el\\u00e9ctricas\"},\"previousItem\":{\"@type\":\"ListItem\",\"@id\":\"https:\\\/\\\/www.eldigitaldeasturias.com\\\/noticias#listItem\",\"name\":\"Home\"}},{\"@type\":\"ListItem\",\"@id\":\"https:\\\/\\\/www.eldigitaldeasturias.com\\\/noticias\\\/el-gobierno-fija-las-condiciones-de-cierre-de-las-centrales-electricas\\\/#listItem\",\"position\":3,\"name\":\"El Gobierno fija las condiciones de cierre de las centrales el\\u00e9ctricas\",\"previousItem\":{\"@type\":\"ListItem\",\"@id\":\"https:\\\/\\\/www.eldigitaldeasturias.com\\\/noticias\\\/category\\\/actualidad\\\/#listItem\",\"name\":\"Actualidad\"}}]},{\"@type\":\"Organization\",\"@id\":\"https:\\\/\\\/www.eldigitaldeasturias.com\\\/noticias\\\/#organization\",\"name\":\"El Digital de Asturias\",\"description\":\"Hemeroteca\",\"url\":\"https:\\\/\\\/www.eldigitaldeasturias.com\\\/noticias\\\/\",\"email\":\"info@eldigitaldeasturias.com\",\"telephone\":\"+34652131393\",\"logo\":{\"@type\":\"ImageObject\",\"url\":\"https:\\\/\\\/www.eldigitaldeasturias.com\\\/noticias\\\/wp-content\\\/uploads\\\/2020\\\/12\\\/EDA.jpg\",\"@id\":\"https:\\\/\\\/www.eldigitaldeasturias.com\\\/noticias\\\/el-gobierno-fija-las-condiciones-de-cierre-de-las-centrales-electricas\\\/#organizationLogo\"},\"image\":{\"@id\":\"https:\\\/\\\/www.eldigitaldeasturias.com\\\/noticias\\\/el-gobierno-fija-las-condiciones-de-cierre-de-las-centrales-electricas\\\/#organizationLogo\"},\"sameAs\":[\"https:\\\/\\\/facebook.com\\\/eldigitaldeasturias\",\"https:\\\/\\\/www.youtube.com\\\/channel\\\/UCZP-2wLEB9Rv6erhFmqVnvg\"],\"address\":{\"@id\":\"https:\\\/\\\/www.eldigitaldeasturias.com\\\/noticias\\\/#postaladdress\",\"@type\":\"PostalAddress\",\"streetAddress\":\"san antonio 4\",\"postalCode\":\"33430\",\"addressLocality\":\"Cand\\u00e1s\",\"addressRegion\":\"Asturias\",\"addressCountry\":\"ES\"}},{\"@type\":\"Person\",\"@id\":\"https:\\\/\\\/www.eldigitaldeasturias.com\\\/noticias\\\/author\\\/admin\\\/#author\",\"url\":\"https:\\\/\\\/www.eldigitaldeasturias.com\\\/noticias\\\/author\\\/admin\\\/\",\"name\":\"El Digital de Asturias\",\"image\":{\"@type\":\"ImageObject\",\"@id\":\"https:\\\/\\\/www.eldigitaldeasturias.com\\\/noticias\\\/el-gobierno-fija-las-condiciones-de-cierre-de-las-centrales-electricas\\\/#authorImage\",\"url\":\"https:\\\/\\\/secure.gravatar.com\\\/avatar\\\/df2aeffc32bcd13f8d26072ef8a91b623d677766deac7f97ca815868cd41bf5e?s=96&d=mm&r=g\",\"width\":96,\"height\":96,\"caption\":\"El Digital de Asturias\"}},{\"@type\":\"WebPage\",\"@id\":\"https:\\\/\\\/www.eldigitaldeasturias.com\\\/noticias\\\/el-gobierno-fija-las-condiciones-de-cierre-de-las-centrales-electricas\\\/#webpage\",\"url\":\"https:\\\/\\\/www.eldigitaldeasturias.com\\\/noticias\\\/el-gobierno-fija-las-condiciones-de-cierre-de-las-centrales-electricas\\\/\",\"name\":\"El Gobierno fija las condiciones de cierre de las centrales el\\u00e9ctricas - El Digital de Asturias\",\"description\":\"El Ministerio de Energ\\u00eda, Turismo y Agenda Digital ha enviado a la Comisi\\u00f3n Nacional de los Mercados y la Competencia (CNMC) el Real Decreto que regula el cierre de centrales el\\u00e9ctricas en Espa\\u00f1a. As\\u00ed, el Gobierno contar\\u00e1 con una medida regulatoria que asegurar\\u00e1 que las decisiones de cierre de centrales son coherentes con los instrumentos\",\"inLanguage\":\"es-ES\",\"isPartOf\":{\"@id\":\"https:\\\/\\\/www.eldigitaldeasturias.com\\\/noticias\\\/#website\"},\"breadcrumb\":{\"@id\":\"https:\\\/\\\/www.eldigitaldeasturias.com\\\/noticias\\\/el-gobierno-fija-las-condiciones-de-cierre-de-las-centrales-electricas\\\/#breadcrumblist\"},\"author\":{\"@id\":\"https:\\\/\\\/www.eldigitaldeasturias.com\\\/noticias\\\/author\\\/admin\\\/#author\"},\"creator\":{\"@id\":\"https:\\\/\\\/www.eldigitaldeasturias.com\\\/noticias\\\/author\\\/admin\\\/#author\"},\"image\":{\"@type\":\"ImageObject\",\"url\":959669,\"@id\":\"https:\\\/\\\/www.eldigitaldeasturias.com\\\/noticias\\\/el-gobierno-fija-las-condiciones-de-cierre-de-las-centrales-electricas\\\/#mainImage\"},\"primaryImageOfPage\":{\"@id\":\"https:\\\/\\\/www.eldigitaldeasturias.com\\\/noticias\\\/el-gobierno-fija-las-condiciones-de-cierre-de-las-centrales-electricas\\\/#mainImage\"},\"datePublished\":\"2017-11-13T23:29:22+01:00\",\"dateModified\":\"2017-11-13T23:29:22+01:00\"},{\"@type\":\"WebSite\",\"@id\":\"https:\\\/\\\/www.eldigitaldeasturias.com\\\/noticias\\\/#website\",\"url\":\"https:\\\/\\\/www.eldigitaldeasturias.com\\\/noticias\\\/\",\"name\":\"El Digital de Asturias - Diario de actualidad y noticias\",\"alternateName\":\"El Digital de Asturias - Diario de actualidad y noticias\",\"description\":\"Hemeroteca\",\"inLanguage\":\"es-ES\",\"publisher\":{\"@id\":\"https:\\\/\\\/www.eldigitaldeasturias.com\\\/noticias\\\/#organization\"}}]}\n\t\t<\/script>\n\t\t<!-- All in One SEO Pro -->\r\n\t\t<title>El Gobierno fija las condiciones de cierre de las centrales el\u00e9ctricas - El Digital de Asturias<\/title>\n\n","aioseo_head_json":{"title":"El Gobierno fija las condiciones de cierre de las centrales el\u00e9ctricas - El Digital de Asturias","description":"El Ministerio de Energ\u00eda, Turismo y Agenda Digital ha enviado a la Comisi\u00f3n Nacional de los Mercados y la Competencia (CNMC) el Real Decreto que regula el cierre de centrales el\u00e9ctricas en Espa\u00f1a. As\u00ed, el Gobierno contar\u00e1 con una medida regulatoria que asegurar\u00e1 que las decisiones de cierre de centrales son coherentes con los instrumentos","canonical_url":"https:\/\/www.eldigitaldeasturias.com\/noticias\/el-gobierno-fija-las-condiciones-de-cierre-de-las-centrales-electricas\/","robots":"max-image-preview:large","keywords":"actualidad","webmasterTools":{"google-site-verification":"UA-38556648-1","msvalidate.01":"7dfe9f3f1b24437ab69f4f2559babe99","miscellaneous":""},"schema":{"@context":"https:\/\/schema.org","@graph":[{"@type":"BlogPosting","@id":"https:\/\/www.eldigitaldeasturias.com\/noticias\/el-gobierno-fija-las-condiciones-de-cierre-de-las-centrales-electricas\/#blogposting","name":"El Gobierno fija las condiciones de cierre de las centrales el\u00e9ctricas - El Digital de Asturias","headline":"El Gobierno fija las condiciones de cierre de las centrales el\u00e9ctricas","author":{"@id":"https:\/\/www.eldigitaldeasturias.com\/noticias\/author\/admin\/#author"},"publisher":{"@id":"https:\/\/www.eldigitaldeasturias.com\/noticias\/#organization"},"image":{"@type":"ImageObject","url":959669},"datePublished":"2017-11-13T23:29:22+01:00","dateModified":"2017-11-13T23:29:22+01:00","inLanguage":"es-ES","mainEntityOfPage":{"@id":"https:\/\/www.eldigitaldeasturias.com\/noticias\/el-gobierno-fija-las-condiciones-de-cierre-de-las-centrales-electricas\/#webpage"},"isPartOf":{"@id":"https:\/\/www.eldigitaldeasturias.com\/noticias\/el-gobierno-fija-las-condiciones-de-cierre-de-las-centrales-electricas\/#webpage"},"articleSection":"Actualidad"},{"@type":"BreadcrumbList","@id":"https:\/\/www.eldigitaldeasturias.com\/noticias\/el-gobierno-fija-las-condiciones-de-cierre-de-las-centrales-electricas\/#breadcrumblist","itemListElement":[{"@type":"ListItem","@id":"https:\/\/www.eldigitaldeasturias.com\/noticias#listItem","position":1,"name":"Home","item":"https:\/\/www.eldigitaldeasturias.com\/noticias","nextItem":{"@type":"ListItem","@id":"https:\/\/www.eldigitaldeasturias.com\/noticias\/category\/actualidad\/#listItem","name":"Actualidad"}},{"@type":"ListItem","@id":"https:\/\/www.eldigitaldeasturias.com\/noticias\/category\/actualidad\/#listItem","position":2,"name":"Actualidad","item":"https:\/\/www.eldigitaldeasturias.com\/noticias\/category\/actualidad\/","nextItem":{"@type":"ListItem","@id":"https:\/\/www.eldigitaldeasturias.com\/noticias\/el-gobierno-fija-las-condiciones-de-cierre-de-las-centrales-electricas\/#listItem","name":"El Gobierno fija las condiciones de cierre de las centrales el\u00e9ctricas"},"previousItem":{"@type":"ListItem","@id":"https:\/\/www.eldigitaldeasturias.com\/noticias#listItem","name":"Home"}},{"@type":"ListItem","@id":"https:\/\/www.eldigitaldeasturias.com\/noticias\/el-gobierno-fija-las-condiciones-de-cierre-de-las-centrales-electricas\/#listItem","position":3,"name":"El Gobierno fija las condiciones de cierre de las centrales el\u00e9ctricas","previousItem":{"@type":"ListItem","@id":"https:\/\/www.eldigitaldeasturias.com\/noticias\/category\/actualidad\/#listItem","name":"Actualidad"}}]},{"@type":"Organization","@id":"https:\/\/www.eldigitaldeasturias.com\/noticias\/#organization","name":"El Digital de Asturias","description":"Hemeroteca","url":"https:\/\/www.eldigitaldeasturias.com\/noticias\/","email":"info@eldigitaldeasturias.com","telephone":"+34652131393","logo":{"@type":"ImageObject","url":"https:\/\/www.eldigitaldeasturias.com\/noticias\/wp-content\/uploads\/2020\/12\/EDA.jpg","@id":"https:\/\/www.eldigitaldeasturias.com\/noticias\/el-gobierno-fija-las-condiciones-de-cierre-de-las-centrales-electricas\/#organizationLogo"},"image":{"@id":"https:\/\/www.eldigitaldeasturias.com\/noticias\/el-gobierno-fija-las-condiciones-de-cierre-de-las-centrales-electricas\/#organizationLogo"},"sameAs":["https:\/\/facebook.com\/eldigitaldeasturias","https:\/\/www.youtube.com\/channel\/UCZP-2wLEB9Rv6erhFmqVnvg"],"address":{"@id":"https:\/\/www.eldigitaldeasturias.com\/noticias\/#postaladdress","@type":"PostalAddress","streetAddress":"san antonio 4","postalCode":"33430","addressLocality":"Cand\u00e1s","addressRegion":"Asturias","addressCountry":"ES"}},{"@type":"Person","@id":"https:\/\/www.eldigitaldeasturias.com\/noticias\/author\/admin\/#author","url":"https:\/\/www.eldigitaldeasturias.com\/noticias\/author\/admin\/","name":"El Digital de Asturias","image":{"@type":"ImageObject","@id":"https:\/\/www.eldigitaldeasturias.com\/noticias\/el-gobierno-fija-las-condiciones-de-cierre-de-las-centrales-electricas\/#authorImage","url":"https:\/\/secure.gravatar.com\/avatar\/df2aeffc32bcd13f8d26072ef8a91b623d677766deac7f97ca815868cd41bf5e?s=96&d=mm&r=g","width":96,"height":96,"caption":"El Digital de Asturias"}},{"@type":"WebPage","@id":"https:\/\/www.eldigitaldeasturias.com\/noticias\/el-gobierno-fija-las-condiciones-de-cierre-de-las-centrales-electricas\/#webpage","url":"https:\/\/www.eldigitaldeasturias.com\/noticias\/el-gobierno-fija-las-condiciones-de-cierre-de-las-centrales-electricas\/","name":"El Gobierno fija las condiciones de cierre de las centrales el\u00e9ctricas - El Digital de Asturias","description":"El Ministerio de Energ\u00eda, Turismo y Agenda Digital ha enviado a la Comisi\u00f3n Nacional de los Mercados y la Competencia (CNMC) el Real Decreto que regula el cierre de centrales el\u00e9ctricas en Espa\u00f1a. As\u00ed, el Gobierno contar\u00e1 con una medida regulatoria que asegurar\u00e1 que las decisiones de cierre de centrales son coherentes con los instrumentos","inLanguage":"es-ES","isPartOf":{"@id":"https:\/\/www.eldigitaldeasturias.com\/noticias\/#website"},"breadcrumb":{"@id":"https:\/\/www.eldigitaldeasturias.com\/noticias\/el-gobierno-fija-las-condiciones-de-cierre-de-las-centrales-electricas\/#breadcrumblist"},"author":{"@id":"https:\/\/www.eldigitaldeasturias.com\/noticias\/author\/admin\/#author"},"creator":{"@id":"https:\/\/www.eldigitaldeasturias.com\/noticias\/author\/admin\/#author"},"image":{"@type":"ImageObject","url":959669,"@id":"https:\/\/www.eldigitaldeasturias.com\/noticias\/el-gobierno-fija-las-condiciones-de-cierre-de-las-centrales-electricas\/#mainImage"},"primaryImageOfPage":{"@id":"https:\/\/www.eldigitaldeasturias.com\/noticias\/el-gobierno-fija-las-condiciones-de-cierre-de-las-centrales-electricas\/#mainImage"},"datePublished":"2017-11-13T23:29:22+01:00","dateModified":"2017-11-13T23:29:22+01:00"},{"@type":"WebSite","@id":"https:\/\/www.eldigitaldeasturias.com\/noticias\/#website","url":"https:\/\/www.eldigitaldeasturias.com\/noticias\/","name":"El Digital de Asturias - Diario de actualidad y noticias","alternateName":"El Digital de Asturias - Diario de actualidad y noticias","description":"Hemeroteca","inLanguage":"es-ES","publisher":{"@id":"https:\/\/www.eldigitaldeasturias.com\/noticias\/#organization"}}]},"og:locale":"es_ES","og:site_name":"El Digital de Asturias","og:type":"article","og:title":"El Gobierno fija las condiciones de cierre de las centrales el\u00e9ctricas - El Digital de Asturias","og:description":"El Ministerio de Energ\u00eda, Turismo y Agenda Digital ha enviado a la Comisi\u00f3n Nacional de los Mercados y la Competencia (CNMC) el Real Decreto que regula el cierre de centrales el\u00e9ctricas en Espa\u00f1a. As\u00ed, el Gobierno contar\u00e1 con una medida regulatoria que asegurar\u00e1 que las decisiones de cierre de centrales son coherentes con los instrumentos","og:url":"https:\/\/www.eldigitaldeasturias.com\/noticias\/el-gobierno-fija-las-condiciones-de-cierre-de-las-centrales-electricas\/","article:tag":["actualidad"],"article:published_time":"2017-11-13T23:29:22+00:00","article:modified_time":"2017-11-13T23:29:22+00:00","article:publisher":"https:\/\/facebook.com\/eldigitaldeasturias","twitter:card":"summary_large_image","twitter:title":"El Gobierno fija las condiciones de cierre de las centrales el\u00e9ctricas - El Digital de Asturias","twitter:description":"El Ministerio de Energ\u00eda, Turismo y Agenda Digital ha enviado a la Comisi\u00f3n Nacional de los Mercados y la Competencia (CNMC) el Real Decreto que regula el cierre de centrales el\u00e9ctricas en Espa\u00f1a. As\u00ed, el Gobierno contar\u00e1 con una medida regulatoria que asegurar\u00e1 que las decisiones de cierre de centrales son coherentes con los instrumentos","twitter:image":"https:\/\/www.eldigitaldeasturias.com\/noticias\/wp-content\/uploads\/2020\/12\/EDA-1.jpg","twitter:label1":"Escrito por","twitter:data1":"El Digital de Asturias","twitter:label2":"Tiempo de lectura estimado","twitter:data2":"4 minutos"},"aioseo_meta_data":{"post_id":"959668","title":null,"description":null,"keywords":null,"keyphrases":null,"primary_term":null,"canonical_url":null,"og_title":null,"og_description":null,"og_object_type":"default","og_image_type":"default","og_image_url":null,"og_image_width":null,"og_image_height":null,"og_image_custom_url":null,"og_image_custom_fields":null,"og_video":null,"og_custom_url":null,"og_article_section":null,"og_article_tags":null,"twitter_use_og":false,"twitter_card":"default","twitter_image_type":"default","twitter_image_url":null,"twitter_image_custom_url":null,"twitter_image_custom_fields":null,"twitter_title":null,"twitter_description":null,"schema":{"blockGraphs":[],"customGraphs":[],"default":{"data":{"Article":[],"Course":[],"Dataset":[],"FAQPage":[],"Movie":[],"Person":[],"Product":[],"ProductReview":[],"Car":[],"Recipe":[],"Service":[],"SoftwareApplication":[],"WebPage":[]},"graphName":"","isEnabled":true},"graphs":[],"defaultGraph":"","defaultPostTypeGraph":""},"schema_type":null,"schema_type_options":null,"pillar_content":false,"robots_default":true,"robots_noindex":false,"robots_noarchive":false,"robots_nosnippet":false,"robots_nofollow":false,"robots_noimageindex":false,"robots_noodp":false,"robots_notranslate":false,"robots_max_snippet":null,"robots_max_videopreview":null,"robots_max_imagepreview":"large","priority":null,"frequency":null,"local_seo":null,"seo_analyzer_scan_date":"2025-12-07 02:11:13","breadcrumb_settings":null,"limit_modified_date":false,"open_ai":null,"ai":null,"created":"2020-12-21 12:53:19","updated":"2025-12-07 02:11:13","focus_keyword":null,"additional_keywords":null,"truseo_locale":null},"aioseo_breadcrumb":"<div class=\"aioseo-breadcrumbs\"><span class=\"aioseo-breadcrumb\">\n\t<a href=\"https:\/\/www.eldigitaldeasturias.com\/noticias\" title=\"Home\">Home<\/a>\n<\/span><span class=\"aioseo-breadcrumb-separator\">\u2013<\/span><span class=\"aioseo-breadcrumb\">\n\t<a href=\"https:\/\/www.eldigitaldeasturias.com\/noticias\/category\/actualidad\/\" title=\"Actualidad\">Actualidad<\/a>\n<\/span><span class=\"aioseo-breadcrumb-separator\">\u2013<\/span><span class=\"aioseo-breadcrumb\">\n\t<a href=\"https:\/\/www.eldigitaldeasturias.com\/noticias\/el-gobierno-fija-las-condiciones-de-cierre-de-las-centrales-electricas\/\" title=\"El Gobierno fija las condiciones de cierre de las centrales el\u00e9ctricas\">El Gobierno fija las condiciones de cierre de las centrales el\u00e9ctricas<\/a>\n<\/span><\/div>","aioseo_breadcrumb_json":[{"label":"Home","link":"https:\/\/www.eldigitaldeasturias.com\/noticias"},{"label":"Actualidad","link":"https:\/\/www.eldigitaldeasturias.com\/noticias\/category\/actualidad\/"},{"label":"El Gobierno fija las condiciones de cierre de las centrales el\u00e9ctricas","link":"https:\/\/www.eldigitaldeasturias.com\/noticias\/el-gobierno-fija-las-condiciones-de-cierre-de-las-centrales-electricas\/"}],"_links":{"self":[{"href":"https:\/\/www.eldigitaldeasturias.com\/noticias\/wp-json\/wp\/v2\/posts\/959668","targetHints":{"allow":["GET"]}}],"collection":[{"href":"https:\/\/www.eldigitaldeasturias.com\/noticias\/wp-json\/wp\/v2\/posts"}],"about":[{"href":"https:\/\/www.eldigitaldeasturias.com\/noticias\/wp-json\/wp\/v2\/types\/post"}],"author":[{"embeddable":true,"href":"https:\/\/www.eldigitaldeasturias.com\/noticias\/wp-json\/wp\/v2\/users\/1"}],"replies":[{"embeddable":true,"href":"https:\/\/www.eldigitaldeasturias.com\/noticias\/wp-json\/wp\/v2\/comments?post=959668"}],"version-history":[{"count":0,"href":"https:\/\/www.eldigitaldeasturias.com\/noticias\/wp-json\/wp\/v2\/posts\/959668\/revisions"}],"wp:attachment":[{"href":"https:\/\/www.eldigitaldeasturias.com\/noticias\/wp-json\/wp\/v2\/media?parent=959668"}],"wp:term":[{"taxonomy":"category","embeddable":true,"href":"https:\/\/www.eldigitaldeasturias.com\/noticias\/wp-json\/wp\/v2\/categories?post=959668"},{"taxonomy":"post_tag","embeddable":true,"href":"https:\/\/www.eldigitaldeasturias.com\/noticias\/wp-json\/wp\/v2\/tags?post=959668"}],"curies":[{"name":"wp","href":"https:\/\/api.w.org\/{rel}","templated":true}]}}