{"id":959573,"date":"2017-11-13T16:14:00","date_gmt":"2017-11-13T16:14:00","guid":{"rendered":"http:\/\/www.eldigitaldeasturias.com\/noticias\/?p=959573"},"modified":"2017-11-13T16:14:00","modified_gmt":"2017-11-13T16:14:00","slug":"espana-y-la-pesco","status":"publish","type":"post","link":"https:\/\/www.eldigitaldeasturias.com\/noticias\/espana-y-la-pesco\/","title":{"rendered":"Espa\u00f1a y la PESCO"},"content":{"rendered":"<p><img loading=\"lazy\" decoding=\"async\" class=\"alignleft size-medium wp-image-959574\" src=\"https:\/\/www.eldigitaldeasturias.com\/noticias\/wp-content\/uploads\/2017\/11\/131117-cospedal-360x239.jpg\" alt=\"\" width=\"360\" height=\"239\" \/>La ministra de Defensa, Mar\u00eda Dolores de Cospedal, ha asistido en Bruselas a la firma del protocolo de adhesi\u00f3n de Espa\u00f1a a la Cooperaci\u00f3n Estructurada Permanente (PESCO, por sus siglas en ingl\u00e9s), iniciativa a la que se han sumado otros 22 pa\u00edses de la Uni\u00f3n Europea. En este acto, Cospedal ha afirmo que este a\u00f1o ha sido \u00abfruct\u00edfero en Europa\u00bb en materia de Seguridad.<\/p>\n<p>La ministra ha destacado los pasos hacia la integraci\u00f3n europea en materia de Defensa que se han dado este a\u00f1o: \u00abTambi\u00e9n se han acordado la capacidad permanente de planeamiento y conducci\u00f3n en el \u00e1mbito militar, que hace que la pol\u00edtica de Defensa tenga un seguimiento en el tiempo\u00bb, el Fondo Europeo de Defensa y un Plan Especial de Acci\u00f3n en este \u00e1mbito.<\/p>\n<p>Cospedal ha subrayado que la cooperaci\u00f3n entre Uni\u00f3n Europea y la OTAN tambi\u00e9n est\u00e1n siendo objeto de estas reuniones. \u00abEn el pasado se hab\u00edan producido muchas reticencias en este sentido, pues algunos lo consideraban duplicar esfuerzos, pero no se trata de duplicar, sino de que aprovechemos nuestras capacidades para trabajar juntos en las pol\u00edticas que m\u00e1s importan a los ciudadanos europeos. A partir de ahora, las limitaciones que nos encontr\u00e1bamos en el \u00e1mbito europeo de Defensa ya no las vamos a tener. Este paso es trascendental\u00bb.<\/p>\n<p>\u00abEspa\u00f1a, junto con Francia, Alemania e Italia, ha sido una de las grandes impulsoras de la PESCO\u00bb, destac\u00f3 la ministra, que ha reconocido la labor de Federica Mogherini, la Alta Representante de la Uni\u00f3n Europea para Asuntos Exteriores y Pol\u00edtica de Seguridad, \u00abcuyo papel ha sido determinante\u00bb.<\/p>\n<p>La ministra ha afirmado, asimismo, que \u00abla PESCO no va a englobar un n\u00famero limitado de proyectos, sino tendr\u00e1 un car\u00e1cter inclusivo, es decir, los pa\u00edses podr\u00e1n irse sumando a proyectos concretos\u00bb, y que \u00abtendr\u00e1 un \u00e1mbito muy abierto, para que todas las iniciativas que sean necesarias se puedan incorporar\u00bb.<\/p>\n<p><strong>Espa\u00f1a y la PESCO<\/strong><\/p>\n<p>Los principales compromisos que asume Espa\u00f1a al incorporarse a la PESCO son:<\/p>\n<p>Aumentar regularmente los presupuestos de defensa en t\u00e9rminos reales para alcanzar los objetivos acordados.<\/p>\n<p>Aumento sucesivo a medio plazo del gasto de inversi\u00f3n en defensa hasta el 20% de su gasto total en defensa.(objetivo de referencia colectivo).<\/p>\n<p>Incrementar los proyectos de capacidades estrat\u00e9gicas de Defensa conjuntos y \u00abcolaborativos\u00bb.<\/p>\n<p>Aumentar la proporci\u00f3n de los gastos dedicados a la investigaci\u00f3n y la tecnolog\u00eda en materia de defensa para aproximarlos al 2% del gasto total en defensa (objetivo de referencia colectivo).<\/p>\n<p>Establecimiento de una revisi\u00f3n peri\u00f3dica de estos compromisos.<\/p>\n<p>Desempe\u00f1ar un papel sustancial en el desarrollo de capacidades dentro de la UE, incluso en el marco de la Revisi\u00f3n Anual Coordinada de la Defensa (CARD), con el fin de garantizar la disponibilidad de las capacidades necesarias para alcanzar el nivel de ambici\u00f3n europeo.<\/p>\n","protected":false},"excerpt":{"rendered":"<p>La ministra de Defensa, Mar\u00eda Dolores de Cospedal, ha asistido en Bruselas a la firma del protocolo de adhesi\u00f3n de Espa\u00f1a a la Cooperaci\u00f3n Estructurada Permanente (PESCO, por sus siglas en ingl\u00e9s), iniciativa a la que se han sumado otros 22 pa\u00edses de la Uni\u00f3n Europea. En este acto, Cospedal ha afirmo que este a\u00f1o [&hellip;]<\/p>\n","protected":false},"author":1,"featured_media":959574,"comment_status":"closed","ping_status":"closed","sticky":false,"template":"","format":"standard","meta":{"footnotes":""},"categories":[1],"tags":[],"class_list":["post-959573","post","type-post","status-publish","format-standard","has-post-thumbnail","hentry","category-actualidad"],"aioseo_notices":[],"aioseo_head":"\n\t\t<!-- All in One SEO Pro 5.0.1 - aioseo.com -->\n\t<meta name=\"description\" content=\"La ministra de Defensa, Mar\u00eda Dolores de Cospedal, ha asistido en Bruselas a la firma del protocolo de adhesi\u00f3n de Espa\u00f1a a la Cooperaci\u00f3n Estructurada Permanente (PESCO, por sus siglas en ingl\u00e9s), iniciativa a la que se han sumado otros 22 pa\u00edses de la Uni\u00f3n Europea. En este acto, Cospedal ha afirmo que este a\u00f1o\" \/>\n\t<meta name=\"robots\" content=\"max-image-preview:large\" \/>\n\t<meta name=\"author\" content=\"El Digital de Asturias\"\/>\n\t<meta name=\"google-site-verification\" content=\"UA-38556648-1\" \/>\n\t<meta name=\"msvalidate.01\" content=\"7dfe9f3f1b24437ab69f4f2559babe99\" \/>\n\t<meta name=\"keywords\" content=\"actualidad\" \/>\n\t<link rel=\"canonical\" href=\"https:\/\/www.eldigitaldeasturias.com\/noticias\/espana-y-la-pesco\/\" \/>\n\t<meta name=\"generator\" content=\"All in One SEO Pro (AIOSEO) 5.0.1\" \/>\n\t\t<meta property=\"og:locale\" content=\"es_ES\" \/>\n\t\t<meta property=\"og:site_name\" content=\"El Digital de Asturias\" \/>\n\t\t<meta property=\"og:type\" content=\"article\" \/>\n\t\t<meta property=\"og:title\" content=\"Espa\u00f1a y la PESCO - El Digital de Asturias\" \/>\n\t\t<meta property=\"og:description\" content=\"La ministra de Defensa, Mar\u00eda Dolores de Cospedal, ha asistido en Bruselas a la firma del protocolo de adhesi\u00f3n de Espa\u00f1a a la Cooperaci\u00f3n Estructurada Permanente (PESCO, por sus siglas en ingl\u00e9s), iniciativa a la que se han sumado otros 22 pa\u00edses de la Uni\u00f3n Europea. En este acto, Cospedal ha afirmo que este a\u00f1o\" \/>\n\t\t<meta property=\"og:url\" content=\"https:\/\/www.eldigitaldeasturias.com\/noticias\/espana-y-la-pesco\/\" \/>\n\t\t<meta property=\"article:tag\" content=\"actualidad\" \/>\n\t\t<meta property=\"article:published_time\" content=\"2017-11-13T16:14:00+00:00\" \/>\n\t\t<meta property=\"article:modified_time\" content=\"2017-11-13T16:14:00+00:00\" \/>\n\t\t<meta property=\"article:publisher\" content=\"https:\/\/facebook.com\/eldigitaldeasturias\" \/>\n\t\t<meta name=\"twitter:card\" content=\"summary_large_image\" \/>\n\t\t<meta name=\"twitter:title\" content=\"Espa\u00f1a y la PESCO - El Digital de Asturias\" \/>\n\t\t<meta name=\"twitter:description\" content=\"La ministra de Defensa, Mar\u00eda Dolores de Cospedal, ha asistido en Bruselas a la firma del protocolo de adhesi\u00f3n de Espa\u00f1a a la Cooperaci\u00f3n Estructurada Permanente (PESCO, por sus siglas en ingl\u00e9s), iniciativa a la que se han sumado otros 22 pa\u00edses de la Uni\u00f3n Europea. En este acto, Cospedal ha afirmo que este a\u00f1o\" \/>\n\t\t<meta name=\"twitter:image\" content=\"https:\/\/www.eldigitaldeasturias.com\/noticias\/wp-content\/uploads\/2020\/12\/EDA-1.jpg\" \/>\n\t\t<meta name=\"twitter:label1\" content=\"Escrito por\" \/>\n\t\t<meta name=\"twitter:data1\" content=\"El Digital de Asturias\" \/>\n\t\t<meta name=\"twitter:label2\" content=\"Tiempo de lectura estimado\" \/>\n\t\t<meta name=\"twitter:data2\" content=\"2 minutos\" \/>\n\t\t<script type=\"application\/ld+json\" class=\"aioseo-schema\">\n\t\t\t{\"@context\":\"https:\\\/\\\/schema.org\",\"@graph\":[{\"@type\":\"BlogPosting\",\"@id\":\"https:\\\/\\\/www.eldigitaldeasturias.com\\\/noticias\\\/espana-y-la-pesco\\\/#blogposting\",\"name\":\"Espa\\u00f1a y la PESCO - El Digital de Asturias\",\"headline\":\"Espa\\u00f1a y la PESCO\",\"author\":{\"@id\":\"https:\\\/\\\/www.eldigitaldeasturias.com\\\/noticias\\\/author\\\/admin\\\/#author\"},\"publisher\":{\"@id\":\"https:\\\/\\\/www.eldigitaldeasturias.com\\\/noticias\\\/#organization\"},\"image\":{\"@type\":\"ImageObject\",\"url\":959574},\"datePublished\":\"2017-11-13T16:14:00+01:00\",\"dateModified\":\"2017-11-13T16:14:00+01:00\",\"inLanguage\":\"es-ES\",\"mainEntityOfPage\":{\"@id\":\"https:\\\/\\\/www.eldigitaldeasturias.com\\\/noticias\\\/espana-y-la-pesco\\\/#webpage\"},\"isPartOf\":{\"@id\":\"https:\\\/\\\/www.eldigitaldeasturias.com\\\/noticias\\\/espana-y-la-pesco\\\/#webpage\"},\"articleSection\":\"Actualidad\"},{\"@type\":\"BreadcrumbList\",\"@id\":\"https:\\\/\\\/www.eldigitaldeasturias.com\\\/noticias\\\/espana-y-la-pesco\\\/#breadcrumblist\",\"itemListElement\":[{\"@type\":\"ListItem\",\"@id\":\"https:\\\/\\\/www.eldigitaldeasturias.com\\\/noticias#listItem\",\"position\":1,\"name\":\"Home\",\"item\":\"https:\\\/\\\/www.eldigitaldeasturias.com\\\/noticias\",\"nextItem\":{\"@type\":\"ListItem\",\"@id\":\"https:\\\/\\\/www.eldigitaldeasturias.com\\\/noticias\\\/category\\\/actualidad\\\/#listItem\",\"name\":\"Actualidad\"}},{\"@type\":\"ListItem\",\"@id\":\"https:\\\/\\\/www.eldigitaldeasturias.com\\\/noticias\\\/category\\\/actualidad\\\/#listItem\",\"position\":2,\"name\":\"Actualidad\",\"item\":\"https:\\\/\\\/www.eldigitaldeasturias.com\\\/noticias\\\/category\\\/actualidad\\\/\",\"nextItem\":{\"@type\":\"ListItem\",\"@id\":\"https:\\\/\\\/www.eldigitaldeasturias.com\\\/noticias\\\/espana-y-la-pesco\\\/#listItem\",\"name\":\"Espa\\u00f1a y la PESCO\"},\"previousItem\":{\"@type\":\"ListItem\",\"@id\":\"https:\\\/\\\/www.eldigitaldeasturias.com\\\/noticias#listItem\",\"name\":\"Home\"}},{\"@type\":\"ListItem\",\"@id\":\"https:\\\/\\\/www.eldigitaldeasturias.com\\\/noticias\\\/espana-y-la-pesco\\\/#listItem\",\"position\":3,\"name\":\"Espa\\u00f1a y la PESCO\",\"previousItem\":{\"@type\":\"ListItem\",\"@id\":\"https:\\\/\\\/www.eldigitaldeasturias.com\\\/noticias\\\/category\\\/actualidad\\\/#listItem\",\"name\":\"Actualidad\"}}]},{\"@type\":\"Organization\",\"@id\":\"https:\\\/\\\/www.eldigitaldeasturias.com\\\/noticias\\\/#organization\",\"name\":\"El Digital de Asturias\",\"description\":\"Hemeroteca\",\"url\":\"https:\\\/\\\/www.eldigitaldeasturias.com\\\/noticias\\\/\",\"email\":\"info@eldigitaldeasturias.com\",\"telephone\":\"+34652131393\",\"logo\":{\"@type\":\"ImageObject\",\"url\":\"https:\\\/\\\/www.eldigitaldeasturias.com\\\/noticias\\\/wp-content\\\/uploads\\\/2020\\\/12\\\/EDA.jpg\",\"@id\":\"https:\\\/\\\/www.eldigitaldeasturias.com\\\/noticias\\\/espana-y-la-pesco\\\/#organizationLogo\"},\"image\":{\"@id\":\"https:\\\/\\\/www.eldigitaldeasturias.com\\\/noticias\\\/espana-y-la-pesco\\\/#organizationLogo\"},\"sameAs\":[\"https:\\\/\\\/facebook.com\\\/eldigitaldeasturias\",\"https:\\\/\\\/www.youtube.com\\\/channel\\\/UCZP-2wLEB9Rv6erhFmqVnvg\"],\"address\":{\"@id\":\"https:\\\/\\\/www.eldigitaldeasturias.com\\\/noticias\\\/#postaladdress\",\"@type\":\"PostalAddress\",\"streetAddress\":\"san antonio 4\",\"postalCode\":\"33430\",\"addressLocality\":\"Cand\\u00e1s\",\"addressRegion\":\"Asturias\",\"addressCountry\":\"ES\"}},{\"@type\":\"Person\",\"@id\":\"https:\\\/\\\/www.eldigitaldeasturias.com\\\/noticias\\\/author\\\/admin\\\/#author\",\"url\":\"https:\\\/\\\/www.eldigitaldeasturias.com\\\/noticias\\\/author\\\/admin\\\/\",\"name\":\"El Digital de Asturias\",\"image\":{\"@type\":\"ImageObject\",\"@id\":\"https:\\\/\\\/www.eldigitaldeasturias.com\\\/noticias\\\/espana-y-la-pesco\\\/#authorImage\",\"url\":\"https:\\\/\\\/secure.gravatar.com\\\/avatar\\\/df2aeffc32bcd13f8d26072ef8a91b623d677766deac7f97ca815868cd41bf5e?s=96&d=mm&r=g\",\"width\":96,\"height\":96,\"caption\":\"El Digital de Asturias\"}},{\"@type\":\"WebPage\",\"@id\":\"https:\\\/\\\/www.eldigitaldeasturias.com\\\/noticias\\\/espana-y-la-pesco\\\/#webpage\",\"url\":\"https:\\\/\\\/www.eldigitaldeasturias.com\\\/noticias\\\/espana-y-la-pesco\\\/\",\"name\":\"Espa\\u00f1a y la PESCO - El Digital de Asturias\",\"description\":\"La ministra de Defensa, Mar\\u00eda Dolores de Cospedal, ha asistido en Bruselas a la firma del protocolo de adhesi\\u00f3n de Espa\\u00f1a a la Cooperaci\\u00f3n Estructurada Permanente (PESCO, por sus siglas en ingl\\u00e9s), iniciativa a la que se han sumado otros 22 pa\\u00edses de la Uni\\u00f3n Europea. En este acto, Cospedal ha afirmo que este a\\u00f1o\",\"inLanguage\":\"es-ES\",\"isPartOf\":{\"@id\":\"https:\\\/\\\/www.eldigitaldeasturias.com\\\/noticias\\\/#website\"},\"breadcrumb\":{\"@id\":\"https:\\\/\\\/www.eldigitaldeasturias.com\\\/noticias\\\/espana-y-la-pesco\\\/#breadcrumblist\"},\"author\":{\"@id\":\"https:\\\/\\\/www.eldigitaldeasturias.com\\\/noticias\\\/author\\\/admin\\\/#author\"},\"creator\":{\"@id\":\"https:\\\/\\\/www.eldigitaldeasturias.com\\\/noticias\\\/author\\\/admin\\\/#author\"},\"image\":{\"@type\":\"ImageObject\",\"url\":959574,\"@id\":\"https:\\\/\\\/www.eldigitaldeasturias.com\\\/noticias\\\/espana-y-la-pesco\\\/#mainImage\"},\"primaryImageOfPage\":{\"@id\":\"https:\\\/\\\/www.eldigitaldeasturias.com\\\/noticias\\\/espana-y-la-pesco\\\/#mainImage\"},\"datePublished\":\"2017-11-13T16:14:00+01:00\",\"dateModified\":\"2017-11-13T16:14:00+01:00\"},{\"@type\":\"WebSite\",\"@id\":\"https:\\\/\\\/www.eldigitaldeasturias.com\\\/noticias\\\/#website\",\"url\":\"https:\\\/\\\/www.eldigitaldeasturias.com\\\/noticias\\\/\",\"name\":\"El Digital de Asturias - Diario de actualidad y noticias\",\"alternateName\":\"El Digital de Asturias - Diario de actualidad y noticias\",\"description\":\"Hemeroteca\",\"inLanguage\":\"es-ES\",\"publisher\":{\"@id\":\"https:\\\/\\\/www.eldigitaldeasturias.com\\\/noticias\\\/#organization\"}}]}\n\t\t<\/script>\n\t\t<!-- All in One SEO Pro -->\r\n\t\t<title>Espa\u00f1a y la PESCO - El Digital de Asturias<\/title>\n\n","aioseo_head_json":{"title":"Espa\u00f1a y la PESCO - El Digital de Asturias","description":"La ministra de Defensa, Mar\u00eda Dolores de Cospedal, ha asistido en Bruselas a la firma del protocolo de adhesi\u00f3n de Espa\u00f1a a la Cooperaci\u00f3n Estructurada Permanente (PESCO, por sus siglas en ingl\u00e9s), iniciativa a la que se han sumado otros 22 pa\u00edses de la Uni\u00f3n Europea. En este acto, Cospedal ha afirmo que este a\u00f1o","canonical_url":"https:\/\/www.eldigitaldeasturias.com\/noticias\/espana-y-la-pesco\/","robots":"max-image-preview:large","keywords":"actualidad","webmasterTools":{"google-site-verification":"UA-38556648-1","msvalidate.01":"7dfe9f3f1b24437ab69f4f2559babe99","miscellaneous":""},"schema":{"@context":"https:\/\/schema.org","@graph":[{"@type":"BlogPosting","@id":"https:\/\/www.eldigitaldeasturias.com\/noticias\/espana-y-la-pesco\/#blogposting","name":"Espa\u00f1a y la PESCO - El Digital de Asturias","headline":"Espa\u00f1a y la PESCO","author":{"@id":"https:\/\/www.eldigitaldeasturias.com\/noticias\/author\/admin\/#author"},"publisher":{"@id":"https:\/\/www.eldigitaldeasturias.com\/noticias\/#organization"},"image":{"@type":"ImageObject","url":959574},"datePublished":"2017-11-13T16:14:00+01:00","dateModified":"2017-11-13T16:14:00+01:00","inLanguage":"es-ES","mainEntityOfPage":{"@id":"https:\/\/www.eldigitaldeasturias.com\/noticias\/espana-y-la-pesco\/#webpage"},"isPartOf":{"@id":"https:\/\/www.eldigitaldeasturias.com\/noticias\/espana-y-la-pesco\/#webpage"},"articleSection":"Actualidad"},{"@type":"BreadcrumbList","@id":"https:\/\/www.eldigitaldeasturias.com\/noticias\/espana-y-la-pesco\/#breadcrumblist","itemListElement":[{"@type":"ListItem","@id":"https:\/\/www.eldigitaldeasturias.com\/noticias#listItem","position":1,"name":"Home","item":"https:\/\/www.eldigitaldeasturias.com\/noticias","nextItem":{"@type":"ListItem","@id":"https:\/\/www.eldigitaldeasturias.com\/noticias\/category\/actualidad\/#listItem","name":"Actualidad"}},{"@type":"ListItem","@id":"https:\/\/www.eldigitaldeasturias.com\/noticias\/category\/actualidad\/#listItem","position":2,"name":"Actualidad","item":"https:\/\/www.eldigitaldeasturias.com\/noticias\/category\/actualidad\/","nextItem":{"@type":"ListItem","@id":"https:\/\/www.eldigitaldeasturias.com\/noticias\/espana-y-la-pesco\/#listItem","name":"Espa\u00f1a y la PESCO"},"previousItem":{"@type":"ListItem","@id":"https:\/\/www.eldigitaldeasturias.com\/noticias#listItem","name":"Home"}},{"@type":"ListItem","@id":"https:\/\/www.eldigitaldeasturias.com\/noticias\/espana-y-la-pesco\/#listItem","position":3,"name":"Espa\u00f1a y la PESCO","previousItem":{"@type":"ListItem","@id":"https:\/\/www.eldigitaldeasturias.com\/noticias\/category\/actualidad\/#listItem","name":"Actualidad"}}]},{"@type":"Organization","@id":"https:\/\/www.eldigitaldeasturias.com\/noticias\/#organization","name":"El Digital de Asturias","description":"Hemeroteca","url":"https:\/\/www.eldigitaldeasturias.com\/noticias\/","email":"info@eldigitaldeasturias.com","telephone":"+34652131393","logo":{"@type":"ImageObject","url":"https:\/\/www.eldigitaldeasturias.com\/noticias\/wp-content\/uploads\/2020\/12\/EDA.jpg","@id":"https:\/\/www.eldigitaldeasturias.com\/noticias\/espana-y-la-pesco\/#organizationLogo"},"image":{"@id":"https:\/\/www.eldigitaldeasturias.com\/noticias\/espana-y-la-pesco\/#organizationLogo"},"sameAs":["https:\/\/facebook.com\/eldigitaldeasturias","https:\/\/www.youtube.com\/channel\/UCZP-2wLEB9Rv6erhFmqVnvg"],"address":{"@id":"https:\/\/www.eldigitaldeasturias.com\/noticias\/#postaladdress","@type":"PostalAddress","streetAddress":"san antonio 4","postalCode":"33430","addressLocality":"Cand\u00e1s","addressRegion":"Asturias","addressCountry":"ES"}},{"@type":"Person","@id":"https:\/\/www.eldigitaldeasturias.com\/noticias\/author\/admin\/#author","url":"https:\/\/www.eldigitaldeasturias.com\/noticias\/author\/admin\/","name":"El Digital de Asturias","image":{"@type":"ImageObject","@id":"https:\/\/www.eldigitaldeasturias.com\/noticias\/espana-y-la-pesco\/#authorImage","url":"https:\/\/secure.gravatar.com\/avatar\/df2aeffc32bcd13f8d26072ef8a91b623d677766deac7f97ca815868cd41bf5e?s=96&d=mm&r=g","width":96,"height":96,"caption":"El Digital de Asturias"}},{"@type":"WebPage","@id":"https:\/\/www.eldigitaldeasturias.com\/noticias\/espana-y-la-pesco\/#webpage","url":"https:\/\/www.eldigitaldeasturias.com\/noticias\/espana-y-la-pesco\/","name":"Espa\u00f1a y la PESCO - El Digital de Asturias","description":"La ministra de Defensa, Mar\u00eda Dolores de Cospedal, ha asistido en Bruselas a la firma del protocolo de adhesi\u00f3n de Espa\u00f1a a la Cooperaci\u00f3n Estructurada Permanente (PESCO, por sus siglas en ingl\u00e9s), iniciativa a la que se han sumado otros 22 pa\u00edses de la Uni\u00f3n Europea. En este acto, Cospedal ha afirmo que este a\u00f1o","inLanguage":"es-ES","isPartOf":{"@id":"https:\/\/www.eldigitaldeasturias.com\/noticias\/#website"},"breadcrumb":{"@id":"https:\/\/www.eldigitaldeasturias.com\/noticias\/espana-y-la-pesco\/#breadcrumblist"},"author":{"@id":"https:\/\/www.eldigitaldeasturias.com\/noticias\/author\/admin\/#author"},"creator":{"@id":"https:\/\/www.eldigitaldeasturias.com\/noticias\/author\/admin\/#author"},"image":{"@type":"ImageObject","url":959574,"@id":"https:\/\/www.eldigitaldeasturias.com\/noticias\/espana-y-la-pesco\/#mainImage"},"primaryImageOfPage":{"@id":"https:\/\/www.eldigitaldeasturias.com\/noticias\/espana-y-la-pesco\/#mainImage"},"datePublished":"2017-11-13T16:14:00+01:00","dateModified":"2017-11-13T16:14:00+01:00"},{"@type":"WebSite","@id":"https:\/\/www.eldigitaldeasturias.com\/noticias\/#website","url":"https:\/\/www.eldigitaldeasturias.com\/noticias\/","name":"El Digital de Asturias - Diario de actualidad y noticias","alternateName":"El Digital de Asturias - Diario de actualidad y noticias","description":"Hemeroteca","inLanguage":"es-ES","publisher":{"@id":"https:\/\/www.eldigitaldeasturias.com\/noticias\/#organization"}}]},"og:locale":"es_ES","og:site_name":"El Digital de Asturias","og:type":"article","og:title":"Espa\u00f1a y la PESCO - El Digital de Asturias","og:description":"La ministra de Defensa, Mar\u00eda Dolores de Cospedal, ha asistido en Bruselas a la firma del protocolo de adhesi\u00f3n de Espa\u00f1a a la Cooperaci\u00f3n Estructurada Permanente (PESCO, por sus siglas en ingl\u00e9s), iniciativa a la que se han sumado otros 22 pa\u00edses de la Uni\u00f3n Europea. En este acto, Cospedal ha afirmo que este a\u00f1o","og:url":"https:\/\/www.eldigitaldeasturias.com\/noticias\/espana-y-la-pesco\/","article:tag":["actualidad"],"article:published_time":"2017-11-13T16:14:00+00:00","article:modified_time":"2017-11-13T16:14:00+00:00","article:publisher":"https:\/\/facebook.com\/eldigitaldeasturias","twitter:card":"summary_large_image","twitter:title":"Espa\u00f1a y la PESCO - El Digital de Asturias","twitter:description":"La ministra de Defensa, Mar\u00eda Dolores de Cospedal, ha asistido en Bruselas a la firma del protocolo de adhesi\u00f3n de Espa\u00f1a a la Cooperaci\u00f3n Estructurada Permanente (PESCO, por sus siglas en ingl\u00e9s), iniciativa a la que se han sumado otros 22 pa\u00edses de la Uni\u00f3n Europea. En este acto, Cospedal ha afirmo que este a\u00f1o","twitter:image":"https:\/\/www.eldigitaldeasturias.com\/noticias\/wp-content\/uploads\/2020\/12\/EDA-1.jpg","twitter:label1":"Escrito por","twitter:data1":"El Digital de Asturias","twitter:label2":"Tiempo de lectura estimado","twitter:data2":"2 minutos"},"aioseo_meta_data":{"post_id":"959573","title":null,"description":null,"keywords":null,"keyphrases":null,"primary_term":null,"canonical_url":null,"og_title":null,"og_description":null,"og_object_type":"default","og_image_type":"default","og_image_url":null,"og_image_width":null,"og_image_height":null,"og_image_custom_url":null,"og_image_custom_fields":null,"og_video":null,"og_custom_url":null,"og_article_section":null,"og_article_tags":null,"twitter_use_og":false,"twitter_card":"default","twitter_image_type":"default","twitter_image_url":null,"twitter_image_custom_url":null,"twitter_image_custom_fields":null,"twitter_title":null,"twitter_description":null,"schema":{"blockGraphs":[],"customGraphs":[],"default":{"data":{"Article":[],"Course":[],"Dataset":[],"FAQPage":[],"Movie":[],"Person":[],"Product":[],"ProductReview":[],"Car":[],"Recipe":[],"Service":[],"SoftwareApplication":[],"WebPage":[]},"graphName":"","isEnabled":true},"graphs":[],"defaultGraph":"","defaultPostTypeGraph":""},"schema_type":null,"schema_type_options":null,"pillar_content":false,"robots_default":true,"robots_noindex":false,"robots_noarchive":false,"robots_nosnippet":false,"robots_nofollow":false,"robots_noimageindex":false,"robots_noodp":false,"robots_notranslate":false,"robots_max_snippet":null,"robots_max_videopreview":null,"robots_max_imagepreview":"large","priority":null,"frequency":null,"local_seo":null,"seo_analyzer_scan_date":"2025-12-07 01:52:16","breadcrumb_settings":null,"limit_modified_date":false,"open_ai":null,"ai":null,"created":"2020-12-21 12:53:33","updated":"2025-12-07 01:52:16","focus_keyword":null,"additional_keywords":null,"truseo_locale":null},"aioseo_breadcrumb":"<div class=\"aioseo-breadcrumbs\"><span class=\"aioseo-breadcrumb\">\n\t<a href=\"https:\/\/www.eldigitaldeasturias.com\/noticias\" title=\"Home\">Home<\/a>\n<\/span><span class=\"aioseo-breadcrumb-separator\">\u2013<\/span><span class=\"aioseo-breadcrumb\">\n\t<a href=\"https:\/\/www.eldigitaldeasturias.com\/noticias\/category\/actualidad\/\" title=\"Actualidad\">Actualidad<\/a>\n<\/span><span class=\"aioseo-breadcrumb-separator\">\u2013<\/span><span class=\"aioseo-breadcrumb\">\n\t<a href=\"https:\/\/www.eldigitaldeasturias.com\/noticias\/espana-y-la-pesco\/\" title=\"Espa\u00f1a y la PESCO\">Espa\u00f1a y la PESCO<\/a>\n<\/span><\/div>","aioseo_breadcrumb_json":[{"label":"Home","link":"https:\/\/www.eldigitaldeasturias.com\/noticias"},{"label":"Actualidad","link":"https:\/\/www.eldigitaldeasturias.com\/noticias\/category\/actualidad\/"},{"label":"Espa\u00f1a y la PESCO","link":"https:\/\/www.eldigitaldeasturias.com\/noticias\/espana-y-la-pesco\/"}],"_links":{"self":[{"href":"https:\/\/www.eldigitaldeasturias.com\/noticias\/wp-json\/wp\/v2\/posts\/959573","targetHints":{"allow":["GET"]}}],"collection":[{"href":"https:\/\/www.eldigitaldeasturias.com\/noticias\/wp-json\/wp\/v2\/posts"}],"about":[{"href":"https:\/\/www.eldigitaldeasturias.com\/noticias\/wp-json\/wp\/v2\/types\/post"}],"author":[{"embeddable":true,"href":"https:\/\/www.eldigitaldeasturias.com\/noticias\/wp-json\/wp\/v2\/users\/1"}],"replies":[{"embeddable":true,"href":"https:\/\/www.eldigitaldeasturias.com\/noticias\/wp-json\/wp\/v2\/comments?post=959573"}],"version-history":[{"count":0,"href":"https:\/\/www.eldigitaldeasturias.com\/noticias\/wp-json\/wp\/v2\/posts\/959573\/revisions"}],"wp:attachment":[{"href":"https:\/\/www.eldigitaldeasturias.com\/noticias\/wp-json\/wp\/v2\/media?parent=959573"}],"wp:term":[{"taxonomy":"category","embeddable":true,"href":"https:\/\/www.eldigitaldeasturias.com\/noticias\/wp-json\/wp\/v2\/categories?post=959573"},{"taxonomy":"post_tag","embeddable":true,"href":"https:\/\/www.eldigitaldeasturias.com\/noticias\/wp-json\/wp\/v2\/tags?post=959573"}],"curies":[{"name":"wp","href":"https:\/\/api.w.org\/{rel}","templated":true}]}}