{"id":959540,"date":"2017-11-12T22:11:07","date_gmt":"2017-11-12T22:11:07","guid":{"rendered":"http:\/\/www.eldigitaldeasturias.com\/noticias\/?p=959540"},"modified":"2017-11-12T22:11:07","modified_gmt":"2017-11-12T22:11:07","slug":"rajoy-en-barcelona-juntos-somos-mas-mas-fuertes-mas-prosperos-y-mejores","status":"publish","type":"post","link":"https:\/\/www.eldigitaldeasturias.com\/noticias\/rajoy-en-barcelona-juntos-somos-mas-mas-fuertes-mas-prosperos-y-mejores\/","title":{"rendered":"Rajoy en Barcelona: \u201cJuntos somos m\u00e1s, m\u00e1s fuertes, m\u00e1s pr\u00f3speros y mejores\u201d"},"content":{"rendered":"<p><img loading=\"lazy\" decoding=\"async\" class=\"alignleft size-medium wp-image-959541\" src=\"https:\/\/www.eldigitaldeasturias.com\/noticias\/wp-content\/uploads\/2017\/11\/PP21d-360x220.jpg\" alt=\"\" width=\"360\" height=\"220\" \/>El presidente del Gobierno y del Partido Popular, Mariano Rajoy, ha clausurado hoy el acto de presentaci\u00f3n de las candidaturas del PP de Catalu\u00f1a para las elecciones auton\u00f3micas.<\/p>\n<p>Durante su intervenci\u00f3n, Mariano Rajoy ha deseado que las elecciones del pr\u00f3ximo 21 de diciembre devuelvan la tranquilidad a Catalu\u00f1a.<\/p>\n<p>\u00abQueremos recuperar la Catalu\u00f1a de todos con democracia y con libertad, y podremos conseguirlo si la mayoria silenciosa convierte su voz en voto. Esa mayor\u00eda silencosa o silenciada ha salido a la calle en las \u00faltimas semanas y ha demostrado al mundo su af\u00e1n de concordia y de cohesi\u00f3n. Una Catalu\u00f1a que ahora despierta y se muestra plural y diversa. Ahora es necesario que esa voz democr\u00e1tica y serena acuda a la cita con las urnas para llenarlas de votos por la convivencia y la tranquilidad, de votos para una catalu\u00f1a en Espa\u00f1a y en Europa.\u00bb<\/p>\n<p>Tras afirmar que las urnas del 21D ser\u00e1n plenamente democr\u00e1ticas y tendr\u00e1n garant\u00edas, Rajoy ha recordado a los independentistas que \u00aben Espa\u00f1a se puede defender cualquier idea porque esto es una democracia\u00bb, aclarando que \u00abse puede ser incluso independentista, pero los independentistas tambi\u00e9n est\u00e1n sometidos a la ley como estamos todos los dem\u00e1s\u00bb.<\/p>\n<p>El l\u00edder popular ha realizado un llamamiento a los consumidores que compran y consumen productos catalanes pidiendo que no dejen de hacerlo nunca, y resaltando la urgencia de abrir una nueva etapa \u00abpara que los catalanes no tengan que abonar la factura despu\u00e9s de haber padecido la fractura\u00bb.<\/p>\n<p>Para terminar, el presidente del PP ha lanzado un mensaje de unidad: \u00abes tiempo de recuperar afectos y de dejar muy claro que juntos somos m\u00e1s, m\u00e1s fuertes, m\u00e1s pr\u00f3speros y mejores\u00bb.<\/p>\n","protected":false},"excerpt":{"rendered":"<p>El presidente del Gobierno y del Partido Popular, Mariano Rajoy, ha clausurado hoy el acto de presentaci\u00f3n de las candidaturas del PP de Catalu\u00f1a para las elecciones auton\u00f3micas. Durante su intervenci\u00f3n, Mariano Rajoy ha deseado que las elecciones del pr\u00f3ximo 21 de diciembre devuelvan la tranquilidad a Catalu\u00f1a. \u00abQueremos recuperar la Catalu\u00f1a de todos con [&hellip;]<\/p>\n","protected":false},"author":1,"featured_media":959541,"comment_status":"closed","ping_status":"closed","sticky":false,"template":"","format":"standard","meta":{"footnotes":""},"categories":[1],"tags":[],"class_list":["post-959540","post","type-post","status-publish","format-standard","has-post-thumbnail","hentry","category-actualidad"],"aioseo_notices":[],"aioseo_head":"\n\t\t<!-- All in One SEO Pro 5.0.1 - aioseo.com -->\n\t<meta name=\"description\" content=\"El presidente del Gobierno y del Partido Popular, Mariano Rajoy, ha clausurado hoy el acto de presentaci\u00f3n de las candidaturas del PP de Catalu\u00f1a para las elecciones auton\u00f3micas. Durante su intervenci\u00f3n, Mariano Rajoy ha deseado que las elecciones del pr\u00f3ximo 21 de diciembre devuelvan la tranquilidad a Catalu\u00f1a. &quot;Queremos recuperar la Catalu\u00f1a de todos con\" \/>\n\t<meta name=\"robots\" content=\"max-image-preview:large\" \/>\n\t<meta name=\"author\" content=\"El Digital de Asturias\"\/>\n\t<meta name=\"google-site-verification\" content=\"UA-38556648-1\" \/>\n\t<meta name=\"msvalidate.01\" content=\"7dfe9f3f1b24437ab69f4f2559babe99\" \/>\n\t<meta name=\"keywords\" content=\"actualidad\" \/>\n\t<link rel=\"canonical\" href=\"https:\/\/www.eldigitaldeasturias.com\/noticias\/rajoy-en-barcelona-juntos-somos-mas-mas-fuertes-mas-prosperos-y-mejores\/\" \/>\n\t<meta name=\"generator\" content=\"All in One SEO Pro (AIOSEO) 5.0.1\" \/>\n\t\t<meta property=\"og:locale\" content=\"es_ES\" \/>\n\t\t<meta property=\"og:site_name\" content=\"El Digital de Asturias\" \/>\n\t\t<meta property=\"og:type\" content=\"article\" \/>\n\t\t<meta property=\"og:title\" content=\"Rajoy en Barcelona: \u201cJuntos somos m\u00e1s, m\u00e1s fuertes, m\u00e1s pr\u00f3speros y mejores\u201d - El Digital de Asturias\" \/>\n\t\t<meta property=\"og:description\" content=\"El presidente del Gobierno y del Partido Popular, Mariano Rajoy, ha clausurado hoy el acto de presentaci\u00f3n de las candidaturas del PP de Catalu\u00f1a para las elecciones auton\u00f3micas. Durante su intervenci\u00f3n, Mariano Rajoy ha deseado que las elecciones del pr\u00f3ximo 21 de diciembre devuelvan la tranquilidad a Catalu\u00f1a. &quot;Queremos recuperar la Catalu\u00f1a de todos con\" \/>\n\t\t<meta property=\"og:url\" content=\"https:\/\/www.eldigitaldeasturias.com\/noticias\/rajoy-en-barcelona-juntos-somos-mas-mas-fuertes-mas-prosperos-y-mejores\/\" \/>\n\t\t<meta property=\"article:tag\" content=\"actualidad\" \/>\n\t\t<meta property=\"article:published_time\" content=\"2017-11-12T22:11:07+00:00\" \/>\n\t\t<meta property=\"article:modified_time\" content=\"2017-11-12T22:11:07+00:00\" \/>\n\t\t<meta property=\"article:publisher\" content=\"https:\/\/facebook.com\/eldigitaldeasturias\" \/>\n\t\t<meta name=\"twitter:card\" content=\"summary_large_image\" \/>\n\t\t<meta name=\"twitter:title\" content=\"Rajoy en Barcelona: \u201cJuntos somos m\u00e1s, m\u00e1s fuertes, m\u00e1s pr\u00f3speros y mejores\u201d - El Digital de Asturias\" \/>\n\t\t<meta name=\"twitter:description\" content=\"El presidente del Gobierno y del Partido Popular, Mariano Rajoy, ha clausurado hoy el acto de presentaci\u00f3n de las candidaturas del PP de Catalu\u00f1a para las elecciones auton\u00f3micas. Durante su intervenci\u00f3n, Mariano Rajoy ha deseado que las elecciones del pr\u00f3ximo 21 de diciembre devuelvan la tranquilidad a Catalu\u00f1a. &quot;Queremos recuperar la Catalu\u00f1a de todos con\" \/>\n\t\t<meta name=\"twitter:image\" content=\"https:\/\/www.eldigitaldeasturias.com\/noticias\/wp-content\/uploads\/2020\/12\/EDA-1.jpg\" \/>\n\t\t<meta name=\"twitter:label1\" content=\"Escrito por\" \/>\n\t\t<meta name=\"twitter:data1\" content=\"El Digital de Asturias\" \/>\n\t\t<meta name=\"twitter:label2\" content=\"Tiempo de lectura estimado\" \/>\n\t\t<meta name=\"twitter:data2\" content=\"2 minutos\" \/>\n\t\t<script type=\"application\/ld+json\" class=\"aioseo-schema\">\n\t\t\t{\"@context\":\"https:\\\/\\\/schema.org\",\"@graph\":[{\"@type\":\"BlogPosting\",\"@id\":\"https:\\\/\\\/www.eldigitaldeasturias.com\\\/noticias\\\/rajoy-en-barcelona-juntos-somos-mas-mas-fuertes-mas-prosperos-y-mejores\\\/#blogposting\",\"name\":\"Rajoy en Barcelona: \\u201cJuntos somos m\\u00e1s, m\\u00e1s fuertes, m\\u00e1s pr\\u00f3speros y mejores\\u201d - El Digital de Asturias\",\"headline\":\"Rajoy en Barcelona: \\u201cJuntos somos m\\u00e1s, m\\u00e1s fuertes, m\\u00e1s pr\\u00f3speros y mejores\\u201d\",\"author\":{\"@id\":\"https:\\\/\\\/www.eldigitaldeasturias.com\\\/noticias\\\/author\\\/admin\\\/#author\"},\"publisher\":{\"@id\":\"https:\\\/\\\/www.eldigitaldeasturias.com\\\/noticias\\\/#organization\"},\"image\":{\"@type\":\"ImageObject\",\"url\":959541},\"datePublished\":\"2017-11-12T22:11:07+01:00\",\"dateModified\":\"2017-11-12T22:11:07+01:00\",\"inLanguage\":\"es-ES\",\"mainEntityOfPage\":{\"@id\":\"https:\\\/\\\/www.eldigitaldeasturias.com\\\/noticias\\\/rajoy-en-barcelona-juntos-somos-mas-mas-fuertes-mas-prosperos-y-mejores\\\/#webpage\"},\"isPartOf\":{\"@id\":\"https:\\\/\\\/www.eldigitaldeasturias.com\\\/noticias\\\/rajoy-en-barcelona-juntos-somos-mas-mas-fuertes-mas-prosperos-y-mejores\\\/#webpage\"},\"articleSection\":\"Actualidad\"},{\"@type\":\"BreadcrumbList\",\"@id\":\"https:\\\/\\\/www.eldigitaldeasturias.com\\\/noticias\\\/rajoy-en-barcelona-juntos-somos-mas-mas-fuertes-mas-prosperos-y-mejores\\\/#breadcrumblist\",\"itemListElement\":[{\"@type\":\"ListItem\",\"@id\":\"https:\\\/\\\/www.eldigitaldeasturias.com\\\/noticias#listItem\",\"position\":1,\"name\":\"Home\",\"item\":\"https:\\\/\\\/www.eldigitaldeasturias.com\\\/noticias\",\"nextItem\":{\"@type\":\"ListItem\",\"@id\":\"https:\\\/\\\/www.eldigitaldeasturias.com\\\/noticias\\\/category\\\/actualidad\\\/#listItem\",\"name\":\"Actualidad\"}},{\"@type\":\"ListItem\",\"@id\":\"https:\\\/\\\/www.eldigitaldeasturias.com\\\/noticias\\\/category\\\/actualidad\\\/#listItem\",\"position\":2,\"name\":\"Actualidad\",\"item\":\"https:\\\/\\\/www.eldigitaldeasturias.com\\\/noticias\\\/category\\\/actualidad\\\/\",\"nextItem\":{\"@type\":\"ListItem\",\"@id\":\"https:\\\/\\\/www.eldigitaldeasturias.com\\\/noticias\\\/rajoy-en-barcelona-juntos-somos-mas-mas-fuertes-mas-prosperos-y-mejores\\\/#listItem\",\"name\":\"Rajoy en Barcelona: \\u201cJuntos somos m\\u00e1s, m\\u00e1s fuertes, m\\u00e1s pr\\u00f3speros y mejores\\u201d\"},\"previousItem\":{\"@type\":\"ListItem\",\"@id\":\"https:\\\/\\\/www.eldigitaldeasturias.com\\\/noticias#listItem\",\"name\":\"Home\"}},{\"@type\":\"ListItem\",\"@id\":\"https:\\\/\\\/www.eldigitaldeasturias.com\\\/noticias\\\/rajoy-en-barcelona-juntos-somos-mas-mas-fuertes-mas-prosperos-y-mejores\\\/#listItem\",\"position\":3,\"name\":\"Rajoy en Barcelona: \\u201cJuntos somos m\\u00e1s, m\\u00e1s fuertes, m\\u00e1s pr\\u00f3speros y mejores\\u201d\",\"previousItem\":{\"@type\":\"ListItem\",\"@id\":\"https:\\\/\\\/www.eldigitaldeasturias.com\\\/noticias\\\/category\\\/actualidad\\\/#listItem\",\"name\":\"Actualidad\"}}]},{\"@type\":\"Organization\",\"@id\":\"https:\\\/\\\/www.eldigitaldeasturias.com\\\/noticias\\\/#organization\",\"name\":\"El Digital de Asturias\",\"description\":\"Hemeroteca\",\"url\":\"https:\\\/\\\/www.eldigitaldeasturias.com\\\/noticias\\\/\",\"email\":\"info@eldigitaldeasturias.com\",\"telephone\":\"+34652131393\",\"logo\":{\"@type\":\"ImageObject\",\"url\":\"https:\\\/\\\/www.eldigitaldeasturias.com\\\/noticias\\\/wp-content\\\/uploads\\\/2020\\\/12\\\/EDA.jpg\",\"@id\":\"https:\\\/\\\/www.eldigitaldeasturias.com\\\/noticias\\\/rajoy-en-barcelona-juntos-somos-mas-mas-fuertes-mas-prosperos-y-mejores\\\/#organizationLogo\"},\"image\":{\"@id\":\"https:\\\/\\\/www.eldigitaldeasturias.com\\\/noticias\\\/rajoy-en-barcelona-juntos-somos-mas-mas-fuertes-mas-prosperos-y-mejores\\\/#organizationLogo\"},\"sameAs\":[\"https:\\\/\\\/facebook.com\\\/eldigitaldeasturias\",\"https:\\\/\\\/www.youtube.com\\\/channel\\\/UCZP-2wLEB9Rv6erhFmqVnvg\"],\"address\":{\"@id\":\"https:\\\/\\\/www.eldigitaldeasturias.com\\\/noticias\\\/#postaladdress\",\"@type\":\"PostalAddress\",\"streetAddress\":\"san antonio 4\",\"postalCode\":\"33430\",\"addressLocality\":\"Cand\\u00e1s\",\"addressRegion\":\"Asturias\",\"addressCountry\":\"ES\"}},{\"@type\":\"Person\",\"@id\":\"https:\\\/\\\/www.eldigitaldeasturias.com\\\/noticias\\\/author\\\/admin\\\/#author\",\"url\":\"https:\\\/\\\/www.eldigitaldeasturias.com\\\/noticias\\\/author\\\/admin\\\/\",\"name\":\"El Digital de Asturias\",\"image\":{\"@type\":\"ImageObject\",\"@id\":\"https:\\\/\\\/www.eldigitaldeasturias.com\\\/noticias\\\/rajoy-en-barcelona-juntos-somos-mas-mas-fuertes-mas-prosperos-y-mejores\\\/#authorImage\",\"url\":\"https:\\\/\\\/secure.gravatar.com\\\/avatar\\\/df2aeffc32bcd13f8d26072ef8a91b623d677766deac7f97ca815868cd41bf5e?s=96&d=mm&r=g\",\"width\":96,\"height\":96,\"caption\":\"El Digital de Asturias\"}},{\"@type\":\"WebPage\",\"@id\":\"https:\\\/\\\/www.eldigitaldeasturias.com\\\/noticias\\\/rajoy-en-barcelona-juntos-somos-mas-mas-fuertes-mas-prosperos-y-mejores\\\/#webpage\",\"url\":\"https:\\\/\\\/www.eldigitaldeasturias.com\\\/noticias\\\/rajoy-en-barcelona-juntos-somos-mas-mas-fuertes-mas-prosperos-y-mejores\\\/\",\"name\":\"Rajoy en Barcelona: \\u201cJuntos somos m\\u00e1s, m\\u00e1s fuertes, m\\u00e1s pr\\u00f3speros y mejores\\u201d - El Digital de Asturias\",\"description\":\"El presidente del Gobierno y del Partido Popular, Mariano Rajoy, ha clausurado hoy el acto de presentaci\\u00f3n de las candidaturas del PP de Catalu\\u00f1a para las elecciones auton\\u00f3micas. Durante su intervenci\\u00f3n, Mariano Rajoy ha deseado que las elecciones del pr\\u00f3ximo 21 de diciembre devuelvan la tranquilidad a Catalu\\u00f1a. \\\"Queremos recuperar la Catalu\\u00f1a de todos con\",\"inLanguage\":\"es-ES\",\"isPartOf\":{\"@id\":\"https:\\\/\\\/www.eldigitaldeasturias.com\\\/noticias\\\/#website\"},\"breadcrumb\":{\"@id\":\"https:\\\/\\\/www.eldigitaldeasturias.com\\\/noticias\\\/rajoy-en-barcelona-juntos-somos-mas-mas-fuertes-mas-prosperos-y-mejores\\\/#breadcrumblist\"},\"author\":{\"@id\":\"https:\\\/\\\/www.eldigitaldeasturias.com\\\/noticias\\\/author\\\/admin\\\/#author\"},\"creator\":{\"@id\":\"https:\\\/\\\/www.eldigitaldeasturias.com\\\/noticias\\\/author\\\/admin\\\/#author\"},\"image\":{\"@type\":\"ImageObject\",\"url\":959541,\"@id\":\"https:\\\/\\\/www.eldigitaldeasturias.com\\\/noticias\\\/rajoy-en-barcelona-juntos-somos-mas-mas-fuertes-mas-prosperos-y-mejores\\\/#mainImage\"},\"primaryImageOfPage\":{\"@id\":\"https:\\\/\\\/www.eldigitaldeasturias.com\\\/noticias\\\/rajoy-en-barcelona-juntos-somos-mas-mas-fuertes-mas-prosperos-y-mejores\\\/#mainImage\"},\"datePublished\":\"2017-11-12T22:11:07+01:00\",\"dateModified\":\"2017-11-12T22:11:07+01:00\"},{\"@type\":\"WebSite\",\"@id\":\"https:\\\/\\\/www.eldigitaldeasturias.com\\\/noticias\\\/#website\",\"url\":\"https:\\\/\\\/www.eldigitaldeasturias.com\\\/noticias\\\/\",\"name\":\"El Digital de Asturias - Diario de actualidad y noticias\",\"alternateName\":\"El Digital de Asturias - Diario de actualidad y noticias\",\"description\":\"Hemeroteca\",\"inLanguage\":\"es-ES\",\"publisher\":{\"@id\":\"https:\\\/\\\/www.eldigitaldeasturias.com\\\/noticias\\\/#organization\"}}]}\n\t\t<\/script>\n\t\t<!-- All in One SEO Pro -->\r\n\t\t<title>Rajoy en Barcelona: \u201cJuntos somos m\u00e1s, m\u00e1s fuertes, m\u00e1s pr\u00f3speros y mejores\u201d - El Digital de Asturias<\/title>\n\n","aioseo_head_json":{"title":"Rajoy en Barcelona: \u201cJuntos somos m\u00e1s, m\u00e1s fuertes, m\u00e1s pr\u00f3speros y mejores\u201d - El Digital de Asturias","description":"El presidente del Gobierno y del Partido Popular, Mariano Rajoy, ha clausurado hoy el acto de presentaci\u00f3n de las candidaturas del PP de Catalu\u00f1a para las elecciones auton\u00f3micas. Durante su intervenci\u00f3n, Mariano Rajoy ha deseado que las elecciones del pr\u00f3ximo 21 de diciembre devuelvan la tranquilidad a Catalu\u00f1a. \"Queremos recuperar la Catalu\u00f1a de todos con","canonical_url":"https:\/\/www.eldigitaldeasturias.com\/noticias\/rajoy-en-barcelona-juntos-somos-mas-mas-fuertes-mas-prosperos-y-mejores\/","robots":"max-image-preview:large","keywords":"actualidad","webmasterTools":{"google-site-verification":"UA-38556648-1","msvalidate.01":"7dfe9f3f1b24437ab69f4f2559babe99","miscellaneous":""},"schema":{"@context":"https:\/\/schema.org","@graph":[{"@type":"BlogPosting","@id":"https:\/\/www.eldigitaldeasturias.com\/noticias\/rajoy-en-barcelona-juntos-somos-mas-mas-fuertes-mas-prosperos-y-mejores\/#blogposting","name":"Rajoy en Barcelona: \u201cJuntos somos m\u00e1s, m\u00e1s fuertes, m\u00e1s pr\u00f3speros y mejores\u201d - El Digital de Asturias","headline":"Rajoy en Barcelona: \u201cJuntos somos m\u00e1s, m\u00e1s fuertes, m\u00e1s pr\u00f3speros y mejores\u201d","author":{"@id":"https:\/\/www.eldigitaldeasturias.com\/noticias\/author\/admin\/#author"},"publisher":{"@id":"https:\/\/www.eldigitaldeasturias.com\/noticias\/#organization"},"image":{"@type":"ImageObject","url":959541},"datePublished":"2017-11-12T22:11:07+01:00","dateModified":"2017-11-12T22:11:07+01:00","inLanguage":"es-ES","mainEntityOfPage":{"@id":"https:\/\/www.eldigitaldeasturias.com\/noticias\/rajoy-en-barcelona-juntos-somos-mas-mas-fuertes-mas-prosperos-y-mejores\/#webpage"},"isPartOf":{"@id":"https:\/\/www.eldigitaldeasturias.com\/noticias\/rajoy-en-barcelona-juntos-somos-mas-mas-fuertes-mas-prosperos-y-mejores\/#webpage"},"articleSection":"Actualidad"},{"@type":"BreadcrumbList","@id":"https:\/\/www.eldigitaldeasturias.com\/noticias\/rajoy-en-barcelona-juntos-somos-mas-mas-fuertes-mas-prosperos-y-mejores\/#breadcrumblist","itemListElement":[{"@type":"ListItem","@id":"https:\/\/www.eldigitaldeasturias.com\/noticias#listItem","position":1,"name":"Home","item":"https:\/\/www.eldigitaldeasturias.com\/noticias","nextItem":{"@type":"ListItem","@id":"https:\/\/www.eldigitaldeasturias.com\/noticias\/category\/actualidad\/#listItem","name":"Actualidad"}},{"@type":"ListItem","@id":"https:\/\/www.eldigitaldeasturias.com\/noticias\/category\/actualidad\/#listItem","position":2,"name":"Actualidad","item":"https:\/\/www.eldigitaldeasturias.com\/noticias\/category\/actualidad\/","nextItem":{"@type":"ListItem","@id":"https:\/\/www.eldigitaldeasturias.com\/noticias\/rajoy-en-barcelona-juntos-somos-mas-mas-fuertes-mas-prosperos-y-mejores\/#listItem","name":"Rajoy en Barcelona: \u201cJuntos somos m\u00e1s, m\u00e1s fuertes, m\u00e1s pr\u00f3speros y mejores\u201d"},"previousItem":{"@type":"ListItem","@id":"https:\/\/www.eldigitaldeasturias.com\/noticias#listItem","name":"Home"}},{"@type":"ListItem","@id":"https:\/\/www.eldigitaldeasturias.com\/noticias\/rajoy-en-barcelona-juntos-somos-mas-mas-fuertes-mas-prosperos-y-mejores\/#listItem","position":3,"name":"Rajoy en Barcelona: \u201cJuntos somos m\u00e1s, m\u00e1s fuertes, m\u00e1s pr\u00f3speros y mejores\u201d","previousItem":{"@type":"ListItem","@id":"https:\/\/www.eldigitaldeasturias.com\/noticias\/category\/actualidad\/#listItem","name":"Actualidad"}}]},{"@type":"Organization","@id":"https:\/\/www.eldigitaldeasturias.com\/noticias\/#organization","name":"El Digital de Asturias","description":"Hemeroteca","url":"https:\/\/www.eldigitaldeasturias.com\/noticias\/","email":"info@eldigitaldeasturias.com","telephone":"+34652131393","logo":{"@type":"ImageObject","url":"https:\/\/www.eldigitaldeasturias.com\/noticias\/wp-content\/uploads\/2020\/12\/EDA.jpg","@id":"https:\/\/www.eldigitaldeasturias.com\/noticias\/rajoy-en-barcelona-juntos-somos-mas-mas-fuertes-mas-prosperos-y-mejores\/#organizationLogo"},"image":{"@id":"https:\/\/www.eldigitaldeasturias.com\/noticias\/rajoy-en-barcelona-juntos-somos-mas-mas-fuertes-mas-prosperos-y-mejores\/#organizationLogo"},"sameAs":["https:\/\/facebook.com\/eldigitaldeasturias","https:\/\/www.youtube.com\/channel\/UCZP-2wLEB9Rv6erhFmqVnvg"],"address":{"@id":"https:\/\/www.eldigitaldeasturias.com\/noticias\/#postaladdress","@type":"PostalAddress","streetAddress":"san antonio 4","postalCode":"33430","addressLocality":"Cand\u00e1s","addressRegion":"Asturias","addressCountry":"ES"}},{"@type":"Person","@id":"https:\/\/www.eldigitaldeasturias.com\/noticias\/author\/admin\/#author","url":"https:\/\/www.eldigitaldeasturias.com\/noticias\/author\/admin\/","name":"El Digital de Asturias","image":{"@type":"ImageObject","@id":"https:\/\/www.eldigitaldeasturias.com\/noticias\/rajoy-en-barcelona-juntos-somos-mas-mas-fuertes-mas-prosperos-y-mejores\/#authorImage","url":"https:\/\/secure.gravatar.com\/avatar\/df2aeffc32bcd13f8d26072ef8a91b623d677766deac7f97ca815868cd41bf5e?s=96&d=mm&r=g","width":96,"height":96,"caption":"El Digital de Asturias"}},{"@type":"WebPage","@id":"https:\/\/www.eldigitaldeasturias.com\/noticias\/rajoy-en-barcelona-juntos-somos-mas-mas-fuertes-mas-prosperos-y-mejores\/#webpage","url":"https:\/\/www.eldigitaldeasturias.com\/noticias\/rajoy-en-barcelona-juntos-somos-mas-mas-fuertes-mas-prosperos-y-mejores\/","name":"Rajoy en Barcelona: \u201cJuntos somos m\u00e1s, m\u00e1s fuertes, m\u00e1s pr\u00f3speros y mejores\u201d - El Digital de Asturias","description":"El presidente del Gobierno y del Partido Popular, Mariano Rajoy, ha clausurado hoy el acto de presentaci\u00f3n de las candidaturas del PP de Catalu\u00f1a para las elecciones auton\u00f3micas. Durante su intervenci\u00f3n, Mariano Rajoy ha deseado que las elecciones del pr\u00f3ximo 21 de diciembre devuelvan la tranquilidad a Catalu\u00f1a. \"Queremos recuperar la Catalu\u00f1a de todos con","inLanguage":"es-ES","isPartOf":{"@id":"https:\/\/www.eldigitaldeasturias.com\/noticias\/#website"},"breadcrumb":{"@id":"https:\/\/www.eldigitaldeasturias.com\/noticias\/rajoy-en-barcelona-juntos-somos-mas-mas-fuertes-mas-prosperos-y-mejores\/#breadcrumblist"},"author":{"@id":"https:\/\/www.eldigitaldeasturias.com\/noticias\/author\/admin\/#author"},"creator":{"@id":"https:\/\/www.eldigitaldeasturias.com\/noticias\/author\/admin\/#author"},"image":{"@type":"ImageObject","url":959541,"@id":"https:\/\/www.eldigitaldeasturias.com\/noticias\/rajoy-en-barcelona-juntos-somos-mas-mas-fuertes-mas-prosperos-y-mejores\/#mainImage"},"primaryImageOfPage":{"@id":"https:\/\/www.eldigitaldeasturias.com\/noticias\/rajoy-en-barcelona-juntos-somos-mas-mas-fuertes-mas-prosperos-y-mejores\/#mainImage"},"datePublished":"2017-11-12T22:11:07+01:00","dateModified":"2017-11-12T22:11:07+01:00"},{"@type":"WebSite","@id":"https:\/\/www.eldigitaldeasturias.com\/noticias\/#website","url":"https:\/\/www.eldigitaldeasturias.com\/noticias\/","name":"El Digital de Asturias - Diario de actualidad y noticias","alternateName":"El Digital de Asturias - Diario de actualidad y noticias","description":"Hemeroteca","inLanguage":"es-ES","publisher":{"@id":"https:\/\/www.eldigitaldeasturias.com\/noticias\/#organization"}}]},"og:locale":"es_ES","og:site_name":"El Digital de Asturias","og:type":"article","og:title":"Rajoy en Barcelona: \u201cJuntos somos m\u00e1s, m\u00e1s fuertes, m\u00e1s pr\u00f3speros y mejores\u201d - El Digital de Asturias","og:description":"El presidente del Gobierno y del Partido Popular, Mariano Rajoy, ha clausurado hoy el acto de presentaci\u00f3n de las candidaturas del PP de Catalu\u00f1a para las elecciones auton\u00f3micas. Durante su intervenci\u00f3n, Mariano Rajoy ha deseado que las elecciones del pr\u00f3ximo 21 de diciembre devuelvan la tranquilidad a Catalu\u00f1a. &quot;Queremos recuperar la Catalu\u00f1a de todos con","og:url":"https:\/\/www.eldigitaldeasturias.com\/noticias\/rajoy-en-barcelona-juntos-somos-mas-mas-fuertes-mas-prosperos-y-mejores\/","article:tag":["actualidad"],"article:published_time":"2017-11-12T22:11:07+00:00","article:modified_time":"2017-11-12T22:11:07+00:00","article:publisher":"https:\/\/facebook.com\/eldigitaldeasturias","twitter:card":"summary_large_image","twitter:title":"Rajoy en Barcelona: \u201cJuntos somos m\u00e1s, m\u00e1s fuertes, m\u00e1s pr\u00f3speros y mejores\u201d - El Digital de Asturias","twitter:description":"El presidente del Gobierno y del Partido Popular, Mariano Rajoy, ha clausurado hoy el acto de presentaci\u00f3n de las candidaturas del PP de Catalu\u00f1a para las elecciones auton\u00f3micas. Durante su intervenci\u00f3n, Mariano Rajoy ha deseado que las elecciones del pr\u00f3ximo 21 de diciembre devuelvan la tranquilidad a Catalu\u00f1a. &quot;Queremos recuperar la Catalu\u00f1a de todos con","twitter:image":"https:\/\/www.eldigitaldeasturias.com\/noticias\/wp-content\/uploads\/2020\/12\/EDA-1.jpg","twitter:label1":"Escrito por","twitter:data1":"El Digital de Asturias","twitter:label2":"Tiempo de lectura estimado","twitter:data2":"2 minutos"},"aioseo_meta_data":{"post_id":"959540","title":null,"description":null,"keywords":null,"keyphrases":null,"primary_term":null,"canonical_url":null,"og_title":null,"og_description":null,"og_object_type":"default","og_image_type":"default","og_image_url":null,"og_image_width":null,"og_image_height":null,"og_image_custom_url":null,"og_image_custom_fields":null,"og_video":null,"og_custom_url":null,"og_article_section":null,"og_article_tags":null,"twitter_use_og":false,"twitter_card":"default","twitter_image_type":"default","twitter_image_url":null,"twitter_image_custom_url":null,"twitter_image_custom_fields":null,"twitter_title":null,"twitter_description":null,"schema":{"blockGraphs":[],"customGraphs":[],"default":{"data":{"Article":[],"Course":[],"Dataset":[],"FAQPage":[],"Movie":[],"Person":[],"Product":[],"ProductReview":[],"Car":[],"Recipe":[],"Service":[],"SoftwareApplication":[],"WebPage":[]},"graphName":"","isEnabled":true},"graphs":[],"defaultGraph":"","defaultPostTypeGraph":""},"schema_type":null,"schema_type_options":null,"pillar_content":false,"robots_default":true,"robots_noindex":false,"robots_noarchive":false,"robots_nosnippet":false,"robots_nofollow":false,"robots_noimageindex":false,"robots_noodp":false,"robots_notranslate":false,"robots_max_snippet":null,"robots_max_videopreview":null,"robots_max_imagepreview":"large","priority":null,"frequency":null,"local_seo":null,"seo_analyzer_scan_date":"2025-12-07 01:44:30","breadcrumb_settings":null,"limit_modified_date":false,"open_ai":null,"ai":null,"created":"2020-12-21 12:53:34","updated":"2025-12-07 01:44:30","focus_keyword":null,"additional_keywords":null,"truseo_locale":null},"aioseo_breadcrumb":"<div class=\"aioseo-breadcrumbs\"><span class=\"aioseo-breadcrumb\">\n\t<a href=\"https:\/\/www.eldigitaldeasturias.com\/noticias\" title=\"Home\">Home<\/a>\n<\/span><span class=\"aioseo-breadcrumb-separator\">\u2013<\/span><span class=\"aioseo-breadcrumb\">\n\t<a href=\"https:\/\/www.eldigitaldeasturias.com\/noticias\/category\/actualidad\/\" title=\"Actualidad\">Actualidad<\/a>\n<\/span><span class=\"aioseo-breadcrumb-separator\">\u2013<\/span><span class=\"aioseo-breadcrumb\">\n\t<a href=\"https:\/\/www.eldigitaldeasturias.com\/noticias\/rajoy-en-barcelona-juntos-somos-mas-mas-fuertes-mas-prosperos-y-mejores\/\" title=\"Rajoy en Barcelona: \u201cJuntos somos m\u00e1s, m\u00e1s fuertes, m\u00e1s pr\u00f3speros y mejores\u201d\">Rajoy en Barcelona: \u201cJuntos somos m\u00e1s, m\u00e1s fuertes, m\u00e1s pr\u00f3speros y mejores\u201d<\/a>\n<\/span><\/div>","aioseo_breadcrumb_json":[{"label":"Home","link":"https:\/\/www.eldigitaldeasturias.com\/noticias"},{"label":"Actualidad","link":"https:\/\/www.eldigitaldeasturias.com\/noticias\/category\/actualidad\/"},{"label":"Rajoy en Barcelona: \u201cJuntos somos m\u00e1s, m\u00e1s fuertes, m\u00e1s pr\u00f3speros y mejores\u201d","link":"https:\/\/www.eldigitaldeasturias.com\/noticias\/rajoy-en-barcelona-juntos-somos-mas-mas-fuertes-mas-prosperos-y-mejores\/"}],"_links":{"self":[{"href":"https:\/\/www.eldigitaldeasturias.com\/noticias\/wp-json\/wp\/v2\/posts\/959540","targetHints":{"allow":["GET"]}}],"collection":[{"href":"https:\/\/www.eldigitaldeasturias.com\/noticias\/wp-json\/wp\/v2\/posts"}],"about":[{"href":"https:\/\/www.eldigitaldeasturias.com\/noticias\/wp-json\/wp\/v2\/types\/post"}],"author":[{"embeddable":true,"href":"https:\/\/www.eldigitaldeasturias.com\/noticias\/wp-json\/wp\/v2\/users\/1"}],"replies":[{"embeddable":true,"href":"https:\/\/www.eldigitaldeasturias.com\/noticias\/wp-json\/wp\/v2\/comments?post=959540"}],"version-history":[{"count":0,"href":"https:\/\/www.eldigitaldeasturias.com\/noticias\/wp-json\/wp\/v2\/posts\/959540\/revisions"}],"wp:attachment":[{"href":"https:\/\/www.eldigitaldeasturias.com\/noticias\/wp-json\/wp\/v2\/media?parent=959540"}],"wp:term":[{"taxonomy":"category","embeddable":true,"href":"https:\/\/www.eldigitaldeasturias.com\/noticias\/wp-json\/wp\/v2\/categories?post=959540"},{"taxonomy":"post_tag","embeddable":true,"href":"https:\/\/www.eldigitaldeasturias.com\/noticias\/wp-json\/wp\/v2\/tags?post=959540"}],"curies":[{"name":"wp","href":"https:\/\/api.w.org\/{rel}","templated":true}]}}