{"id":959396,"date":"2017-11-11T17:47:35","date_gmt":"2017-11-11T17:47:35","guid":{"rendered":"http:\/\/www.eldigitaldeasturias.com\/noticias\/?p=959396"},"modified":"2017-11-11T17:47:35","modified_gmt":"2017-11-11T17:47:35","slug":"el-gobierno-valora-positivamente-que-forcadell-se-haya-retractado-ante-el-juez","status":"publish","type":"post","link":"https:\/\/www.eldigitaldeasturias.com\/noticias\/el-gobierno-valora-positivamente-que-forcadell-se-haya-retractado-ante-el-juez\/","title":{"rendered":"El Gobierno valora positivamente que Forcadell se haya retractado ante el juez"},"content":{"rendered":"<p><img loading=\"lazy\" decoding=\"async\" class=\"alignleft size-medium wp-image-959397\" src=\"https:\/\/www.eldigitaldeasturias.com\/noticias\/wp-content\/uploads\/2017\/11\/101117_07Consejo-360x239.jpg\" alt=\"\" width=\"360\" height=\"239\" \/>La ministra de Defensa ha explicado que el Gobierno tiene contrastado que muchos mensajes a trav\u00e9s de las redes sociales vienen de territorio ruso, pero no hay constancia de que provengan del Gobierno ruso. Se est\u00e1n investigando los or\u00edgenes \u00abm\u00e1s all\u00e1 del territorio de donde vengan\u00bb, ha dicho.<\/p>\n<p>Por su parte, el portavoz ha a\u00f1adido que la respuesta que se d\u00e9 a estas posibles injerencias debe ser europea y por ello esta cuesti\u00f3n estar\u00e1 presente el pr\u00f3ximo lunes en Consejo de Ministros de Asuntos Exteriores de la Uni\u00f3n Europea.<\/p>\n<p>Sobre la valoraci\u00f3n de las <strong>declaraciones de Carme Forcadell ante el juez, en las que se retracta de su actuaci\u00f3n<\/strong>, M\u00e9ndez de Vigo ha manifestado \u00abque la vuelta al orden constitucional empieza a ser una realidad\u00bb en Catalu\u00f1a tras la aplicaci\u00f3n del art\u00edculo 155, que era el objetivo que persegu\u00eda el Gobierno al ponerlo en marcha.<\/p>\n<p>En relaci\u00f3n con el seguimiento de la huelga convocada esta semana en Catalu\u00f1a, el portavoz ha subrayado que tuvo \u00abmuy poco seguimiento\u00bb y ha considerado \u00abdeleznable\u00bb la utilizaci\u00f3n de ni\u00f1os para impedir el paso de coches en la autopista, algo que el Ejecutivo va a investigar.<\/p>\n<p>En cuanto a si se da por perdida la candidatura de Barcelona como sede de la Agencia Europea del Medicamento, el portavoz ha se\u00f1alado que el Gobierno \u00abva a batirse hasta el final\u00bb para conseguirla, es un empe\u00f1o de las instituciones catalanas y \u00abmuy especialmente de la ministra de Sanidad\u00bb, Dolors Montserrat. Tambi\u00e9n ha dicho que el Ejecutivo ha hablado con los organizadores del Mobile World Congress para que este \u00abimportant\u00edsimo\u00bb congreso se siga celebrando en Barcelona.<\/p>\n","protected":false},"excerpt":{"rendered":"<p>La ministra de Defensa ha explicado que el Gobierno tiene contrastado que muchos mensajes a trav\u00e9s de las redes sociales vienen de territorio ruso, pero no hay constancia de que provengan del Gobierno ruso. Se est\u00e1n investigando los or\u00edgenes \u00abm\u00e1s all\u00e1 del territorio de donde vengan\u00bb, ha dicho. Por su parte, el portavoz ha a\u00f1adido [&hellip;]<\/p>\n","protected":false},"author":1,"featured_media":959397,"comment_status":"closed","ping_status":"closed","sticky":false,"template":"","format":"standard","meta":{"footnotes":""},"categories":[1],"tags":[],"class_list":["post-959396","post","type-post","status-publish","format-standard","has-post-thumbnail","hentry","category-actualidad"],"aioseo_notices":[],"aioseo_head":"\n\t\t<!-- All in One SEO Pro 5.0.1 - aioseo.com -->\n\t<meta name=\"description\" content=\"La ministra de Defensa ha explicado que el Gobierno tiene contrastado que muchos mensajes a trav\u00e9s de las redes sociales vienen de territorio ruso, pero no hay constancia de que provengan del Gobierno ruso. Se est\u00e1n investigando los or\u00edgenes &quot;m\u00e1s all\u00e1 del territorio de donde vengan&quot;, ha dicho. Por su parte, el portavoz ha a\u00f1adido\" \/>\n\t<meta name=\"robots\" content=\"max-image-preview:large\" \/>\n\t<meta name=\"author\" content=\"El Digital de Asturias\"\/>\n\t<meta name=\"google-site-verification\" content=\"UA-38556648-1\" \/>\n\t<meta name=\"msvalidate.01\" content=\"7dfe9f3f1b24437ab69f4f2559babe99\" \/>\n\t<meta name=\"keywords\" content=\"actualidad\" \/>\n\t<link rel=\"canonical\" href=\"https:\/\/www.eldigitaldeasturias.com\/noticias\/el-gobierno-valora-positivamente-que-forcadell-se-haya-retractado-ante-el-juez\/\" \/>\n\t<meta name=\"generator\" content=\"All in One SEO Pro (AIOSEO) 5.0.1\" \/>\n\t\t<meta property=\"og:locale\" content=\"es_ES\" \/>\n\t\t<meta property=\"og:site_name\" content=\"El Digital de Asturias\" \/>\n\t\t<meta property=\"og:type\" content=\"article\" \/>\n\t\t<meta property=\"og:title\" content=\"El Gobierno valora positivamente que Forcadell se haya retractado ante el juez - El Digital de Asturias\" \/>\n\t\t<meta property=\"og:description\" content=\"La ministra de Defensa ha explicado que el Gobierno tiene contrastado que muchos mensajes a trav\u00e9s de las redes sociales vienen de territorio ruso, pero no hay constancia de que provengan del Gobierno ruso. Se est\u00e1n investigando los or\u00edgenes &quot;m\u00e1s all\u00e1 del territorio de donde vengan&quot;, ha dicho. Por su parte, el portavoz ha a\u00f1adido\" \/>\n\t\t<meta property=\"og:url\" content=\"https:\/\/www.eldigitaldeasturias.com\/noticias\/el-gobierno-valora-positivamente-que-forcadell-se-haya-retractado-ante-el-juez\/\" \/>\n\t\t<meta property=\"article:tag\" content=\"actualidad\" \/>\n\t\t<meta property=\"article:published_time\" content=\"2017-11-11T17:47:35+00:00\" \/>\n\t\t<meta property=\"article:modified_time\" content=\"2017-11-11T17:47:35+00:00\" \/>\n\t\t<meta property=\"article:publisher\" content=\"https:\/\/facebook.com\/eldigitaldeasturias\" \/>\n\t\t<meta name=\"twitter:card\" content=\"summary_large_image\" \/>\n\t\t<meta name=\"twitter:title\" content=\"El Gobierno valora positivamente que Forcadell se haya retractado ante el juez - El Digital de Asturias\" \/>\n\t\t<meta name=\"twitter:description\" content=\"La ministra de Defensa ha explicado que el Gobierno tiene contrastado que muchos mensajes a trav\u00e9s de las redes sociales vienen de territorio ruso, pero no hay constancia de que provengan del Gobierno ruso. Se est\u00e1n investigando los or\u00edgenes &quot;m\u00e1s all\u00e1 del territorio de donde vengan&quot;, ha dicho. Por su parte, el portavoz ha a\u00f1adido\" \/>\n\t\t<meta name=\"twitter:image\" content=\"https:\/\/www.eldigitaldeasturias.com\/noticias\/wp-content\/uploads\/2020\/12\/EDA-1.jpg\" \/>\n\t\t<meta name=\"twitter:label1\" content=\"Escrito por\" \/>\n\t\t<meta name=\"twitter:data1\" content=\"El Digital de Asturias\" \/>\n\t\t<meta name=\"twitter:label2\" content=\"Tiempo de lectura estimado\" \/>\n\t\t<meta name=\"twitter:data2\" content=\"1 minuto\" \/>\n\t\t<script type=\"application\/ld+json\" class=\"aioseo-schema\">\n\t\t\t{\"@context\":\"https:\\\/\\\/schema.org\",\"@graph\":[{\"@type\":\"BlogPosting\",\"@id\":\"https:\\\/\\\/www.eldigitaldeasturias.com\\\/noticias\\\/el-gobierno-valora-positivamente-que-forcadell-se-haya-retractado-ante-el-juez\\\/#blogposting\",\"name\":\"El Gobierno valora positivamente que Forcadell se haya retractado ante el juez - El Digital de Asturias\",\"headline\":\"El Gobierno valora positivamente que Forcadell se haya retractado ante el juez\",\"author\":{\"@id\":\"https:\\\/\\\/www.eldigitaldeasturias.com\\\/noticias\\\/author\\\/admin\\\/#author\"},\"publisher\":{\"@id\":\"https:\\\/\\\/www.eldigitaldeasturias.com\\\/noticias\\\/#organization\"},\"image\":{\"@type\":\"ImageObject\",\"url\":959397},\"datePublished\":\"2017-11-11T17:47:35+01:00\",\"dateModified\":\"2017-11-11T17:47:35+01:00\",\"inLanguage\":\"es-ES\",\"mainEntityOfPage\":{\"@id\":\"https:\\\/\\\/www.eldigitaldeasturias.com\\\/noticias\\\/el-gobierno-valora-positivamente-que-forcadell-se-haya-retractado-ante-el-juez\\\/#webpage\"},\"isPartOf\":{\"@id\":\"https:\\\/\\\/www.eldigitaldeasturias.com\\\/noticias\\\/el-gobierno-valora-positivamente-que-forcadell-se-haya-retractado-ante-el-juez\\\/#webpage\"},\"articleSection\":\"Actualidad\"},{\"@type\":\"BreadcrumbList\",\"@id\":\"https:\\\/\\\/www.eldigitaldeasturias.com\\\/noticias\\\/el-gobierno-valora-positivamente-que-forcadell-se-haya-retractado-ante-el-juez\\\/#breadcrumblist\",\"itemListElement\":[{\"@type\":\"ListItem\",\"@id\":\"https:\\\/\\\/www.eldigitaldeasturias.com\\\/noticias#listItem\",\"position\":1,\"name\":\"Home\",\"item\":\"https:\\\/\\\/www.eldigitaldeasturias.com\\\/noticias\",\"nextItem\":{\"@type\":\"ListItem\",\"@id\":\"https:\\\/\\\/www.eldigitaldeasturias.com\\\/noticias\\\/category\\\/actualidad\\\/#listItem\",\"name\":\"Actualidad\"}},{\"@type\":\"ListItem\",\"@id\":\"https:\\\/\\\/www.eldigitaldeasturias.com\\\/noticias\\\/category\\\/actualidad\\\/#listItem\",\"position\":2,\"name\":\"Actualidad\",\"item\":\"https:\\\/\\\/www.eldigitaldeasturias.com\\\/noticias\\\/category\\\/actualidad\\\/\",\"nextItem\":{\"@type\":\"ListItem\",\"@id\":\"https:\\\/\\\/www.eldigitaldeasturias.com\\\/noticias\\\/el-gobierno-valora-positivamente-que-forcadell-se-haya-retractado-ante-el-juez\\\/#listItem\",\"name\":\"El Gobierno valora positivamente que Forcadell se haya retractado ante el juez\"},\"previousItem\":{\"@type\":\"ListItem\",\"@id\":\"https:\\\/\\\/www.eldigitaldeasturias.com\\\/noticias#listItem\",\"name\":\"Home\"}},{\"@type\":\"ListItem\",\"@id\":\"https:\\\/\\\/www.eldigitaldeasturias.com\\\/noticias\\\/el-gobierno-valora-positivamente-que-forcadell-se-haya-retractado-ante-el-juez\\\/#listItem\",\"position\":3,\"name\":\"El Gobierno valora positivamente que Forcadell se haya retractado ante el juez\",\"previousItem\":{\"@type\":\"ListItem\",\"@id\":\"https:\\\/\\\/www.eldigitaldeasturias.com\\\/noticias\\\/category\\\/actualidad\\\/#listItem\",\"name\":\"Actualidad\"}}]},{\"@type\":\"Organization\",\"@id\":\"https:\\\/\\\/www.eldigitaldeasturias.com\\\/noticias\\\/#organization\",\"name\":\"El Digital de Asturias\",\"description\":\"Hemeroteca\",\"url\":\"https:\\\/\\\/www.eldigitaldeasturias.com\\\/noticias\\\/\",\"email\":\"info@eldigitaldeasturias.com\",\"telephone\":\"+34652131393\",\"logo\":{\"@type\":\"ImageObject\",\"url\":\"https:\\\/\\\/www.eldigitaldeasturias.com\\\/noticias\\\/wp-content\\\/uploads\\\/2020\\\/12\\\/EDA.jpg\",\"@id\":\"https:\\\/\\\/www.eldigitaldeasturias.com\\\/noticias\\\/el-gobierno-valora-positivamente-que-forcadell-se-haya-retractado-ante-el-juez\\\/#organizationLogo\"},\"image\":{\"@id\":\"https:\\\/\\\/www.eldigitaldeasturias.com\\\/noticias\\\/el-gobierno-valora-positivamente-que-forcadell-se-haya-retractado-ante-el-juez\\\/#organizationLogo\"},\"sameAs\":[\"https:\\\/\\\/facebook.com\\\/eldigitaldeasturias\",\"https:\\\/\\\/www.youtube.com\\\/channel\\\/UCZP-2wLEB9Rv6erhFmqVnvg\"],\"address\":{\"@id\":\"https:\\\/\\\/www.eldigitaldeasturias.com\\\/noticias\\\/#postaladdress\",\"@type\":\"PostalAddress\",\"streetAddress\":\"san antonio 4\",\"postalCode\":\"33430\",\"addressLocality\":\"Cand\\u00e1s\",\"addressRegion\":\"Asturias\",\"addressCountry\":\"ES\"}},{\"@type\":\"Person\",\"@id\":\"https:\\\/\\\/www.eldigitaldeasturias.com\\\/noticias\\\/author\\\/admin\\\/#author\",\"url\":\"https:\\\/\\\/www.eldigitaldeasturias.com\\\/noticias\\\/author\\\/admin\\\/\",\"name\":\"El Digital de Asturias\",\"image\":{\"@type\":\"ImageObject\",\"@id\":\"https:\\\/\\\/www.eldigitaldeasturias.com\\\/noticias\\\/el-gobierno-valora-positivamente-que-forcadell-se-haya-retractado-ante-el-juez\\\/#authorImage\",\"url\":\"https:\\\/\\\/secure.gravatar.com\\\/avatar\\\/df2aeffc32bcd13f8d26072ef8a91b623d677766deac7f97ca815868cd41bf5e?s=96&d=mm&r=g\",\"width\":96,\"height\":96,\"caption\":\"El Digital de Asturias\"}},{\"@type\":\"WebPage\",\"@id\":\"https:\\\/\\\/www.eldigitaldeasturias.com\\\/noticias\\\/el-gobierno-valora-positivamente-que-forcadell-se-haya-retractado-ante-el-juez\\\/#webpage\",\"url\":\"https:\\\/\\\/www.eldigitaldeasturias.com\\\/noticias\\\/el-gobierno-valora-positivamente-que-forcadell-se-haya-retractado-ante-el-juez\\\/\",\"name\":\"El Gobierno valora positivamente que Forcadell se haya retractado ante el juez - El Digital de Asturias\",\"description\":\"La ministra de Defensa ha explicado que el Gobierno tiene contrastado que muchos mensajes a trav\\u00e9s de las redes sociales vienen de territorio ruso, pero no hay constancia de que provengan del Gobierno ruso. Se est\\u00e1n investigando los or\\u00edgenes \\\"m\\u00e1s all\\u00e1 del territorio de donde vengan\\\", ha dicho. Por su parte, el portavoz ha a\\u00f1adido\",\"inLanguage\":\"es-ES\",\"isPartOf\":{\"@id\":\"https:\\\/\\\/www.eldigitaldeasturias.com\\\/noticias\\\/#website\"},\"breadcrumb\":{\"@id\":\"https:\\\/\\\/www.eldigitaldeasturias.com\\\/noticias\\\/el-gobierno-valora-positivamente-que-forcadell-se-haya-retractado-ante-el-juez\\\/#breadcrumblist\"},\"author\":{\"@id\":\"https:\\\/\\\/www.eldigitaldeasturias.com\\\/noticias\\\/author\\\/admin\\\/#author\"},\"creator\":{\"@id\":\"https:\\\/\\\/www.eldigitaldeasturias.com\\\/noticias\\\/author\\\/admin\\\/#author\"},\"image\":{\"@type\":\"ImageObject\",\"url\":959397,\"@id\":\"https:\\\/\\\/www.eldigitaldeasturias.com\\\/noticias\\\/el-gobierno-valora-positivamente-que-forcadell-se-haya-retractado-ante-el-juez\\\/#mainImage\"},\"primaryImageOfPage\":{\"@id\":\"https:\\\/\\\/www.eldigitaldeasturias.com\\\/noticias\\\/el-gobierno-valora-positivamente-que-forcadell-se-haya-retractado-ante-el-juez\\\/#mainImage\"},\"datePublished\":\"2017-11-11T17:47:35+01:00\",\"dateModified\":\"2017-11-11T17:47:35+01:00\"},{\"@type\":\"WebSite\",\"@id\":\"https:\\\/\\\/www.eldigitaldeasturias.com\\\/noticias\\\/#website\",\"url\":\"https:\\\/\\\/www.eldigitaldeasturias.com\\\/noticias\\\/\",\"name\":\"El Digital de Asturias - Diario de actualidad y noticias\",\"alternateName\":\"El Digital de Asturias - Diario de actualidad y noticias\",\"description\":\"Hemeroteca\",\"inLanguage\":\"es-ES\",\"publisher\":{\"@id\":\"https:\\\/\\\/www.eldigitaldeasturias.com\\\/noticias\\\/#organization\"}}]}\n\t\t<\/script>\n\t\t<!-- All in One SEO Pro -->\r\n\t\t<title>El Gobierno valora positivamente que Forcadell se haya retractado ante el juez - El Digital de Asturias<\/title>\n\n","aioseo_head_json":{"title":"El Gobierno valora positivamente que Forcadell se haya retractado ante el juez - El Digital de Asturias","description":"La ministra de Defensa ha explicado que el Gobierno tiene contrastado que muchos mensajes a trav\u00e9s de las redes sociales vienen de territorio ruso, pero no hay constancia de que provengan del Gobierno ruso. Se est\u00e1n investigando los or\u00edgenes \"m\u00e1s all\u00e1 del territorio de donde vengan\", ha dicho. Por su parte, el portavoz ha a\u00f1adido","canonical_url":"https:\/\/www.eldigitaldeasturias.com\/noticias\/el-gobierno-valora-positivamente-que-forcadell-se-haya-retractado-ante-el-juez\/","robots":"max-image-preview:large","keywords":"actualidad","webmasterTools":{"google-site-verification":"UA-38556648-1","msvalidate.01":"7dfe9f3f1b24437ab69f4f2559babe99","miscellaneous":""},"schema":{"@context":"https:\/\/schema.org","@graph":[{"@type":"BlogPosting","@id":"https:\/\/www.eldigitaldeasturias.com\/noticias\/el-gobierno-valora-positivamente-que-forcadell-se-haya-retractado-ante-el-juez\/#blogposting","name":"El Gobierno valora positivamente que Forcadell se haya retractado ante el juez - El Digital de Asturias","headline":"El Gobierno valora positivamente que Forcadell se haya retractado ante el juez","author":{"@id":"https:\/\/www.eldigitaldeasturias.com\/noticias\/author\/admin\/#author"},"publisher":{"@id":"https:\/\/www.eldigitaldeasturias.com\/noticias\/#organization"},"image":{"@type":"ImageObject","url":959397},"datePublished":"2017-11-11T17:47:35+01:00","dateModified":"2017-11-11T17:47:35+01:00","inLanguage":"es-ES","mainEntityOfPage":{"@id":"https:\/\/www.eldigitaldeasturias.com\/noticias\/el-gobierno-valora-positivamente-que-forcadell-se-haya-retractado-ante-el-juez\/#webpage"},"isPartOf":{"@id":"https:\/\/www.eldigitaldeasturias.com\/noticias\/el-gobierno-valora-positivamente-que-forcadell-se-haya-retractado-ante-el-juez\/#webpage"},"articleSection":"Actualidad"},{"@type":"BreadcrumbList","@id":"https:\/\/www.eldigitaldeasturias.com\/noticias\/el-gobierno-valora-positivamente-que-forcadell-se-haya-retractado-ante-el-juez\/#breadcrumblist","itemListElement":[{"@type":"ListItem","@id":"https:\/\/www.eldigitaldeasturias.com\/noticias#listItem","position":1,"name":"Home","item":"https:\/\/www.eldigitaldeasturias.com\/noticias","nextItem":{"@type":"ListItem","@id":"https:\/\/www.eldigitaldeasturias.com\/noticias\/category\/actualidad\/#listItem","name":"Actualidad"}},{"@type":"ListItem","@id":"https:\/\/www.eldigitaldeasturias.com\/noticias\/category\/actualidad\/#listItem","position":2,"name":"Actualidad","item":"https:\/\/www.eldigitaldeasturias.com\/noticias\/category\/actualidad\/","nextItem":{"@type":"ListItem","@id":"https:\/\/www.eldigitaldeasturias.com\/noticias\/el-gobierno-valora-positivamente-que-forcadell-se-haya-retractado-ante-el-juez\/#listItem","name":"El Gobierno valora positivamente que Forcadell se haya retractado ante el juez"},"previousItem":{"@type":"ListItem","@id":"https:\/\/www.eldigitaldeasturias.com\/noticias#listItem","name":"Home"}},{"@type":"ListItem","@id":"https:\/\/www.eldigitaldeasturias.com\/noticias\/el-gobierno-valora-positivamente-que-forcadell-se-haya-retractado-ante-el-juez\/#listItem","position":3,"name":"El Gobierno valora positivamente que Forcadell se haya retractado ante el juez","previousItem":{"@type":"ListItem","@id":"https:\/\/www.eldigitaldeasturias.com\/noticias\/category\/actualidad\/#listItem","name":"Actualidad"}}]},{"@type":"Organization","@id":"https:\/\/www.eldigitaldeasturias.com\/noticias\/#organization","name":"El Digital de Asturias","description":"Hemeroteca","url":"https:\/\/www.eldigitaldeasturias.com\/noticias\/","email":"info@eldigitaldeasturias.com","telephone":"+34652131393","logo":{"@type":"ImageObject","url":"https:\/\/www.eldigitaldeasturias.com\/noticias\/wp-content\/uploads\/2020\/12\/EDA.jpg","@id":"https:\/\/www.eldigitaldeasturias.com\/noticias\/el-gobierno-valora-positivamente-que-forcadell-se-haya-retractado-ante-el-juez\/#organizationLogo"},"image":{"@id":"https:\/\/www.eldigitaldeasturias.com\/noticias\/el-gobierno-valora-positivamente-que-forcadell-se-haya-retractado-ante-el-juez\/#organizationLogo"},"sameAs":["https:\/\/facebook.com\/eldigitaldeasturias","https:\/\/www.youtube.com\/channel\/UCZP-2wLEB9Rv6erhFmqVnvg"],"address":{"@id":"https:\/\/www.eldigitaldeasturias.com\/noticias\/#postaladdress","@type":"PostalAddress","streetAddress":"san antonio 4","postalCode":"33430","addressLocality":"Cand\u00e1s","addressRegion":"Asturias","addressCountry":"ES"}},{"@type":"Person","@id":"https:\/\/www.eldigitaldeasturias.com\/noticias\/author\/admin\/#author","url":"https:\/\/www.eldigitaldeasturias.com\/noticias\/author\/admin\/","name":"El Digital de Asturias","image":{"@type":"ImageObject","@id":"https:\/\/www.eldigitaldeasturias.com\/noticias\/el-gobierno-valora-positivamente-que-forcadell-se-haya-retractado-ante-el-juez\/#authorImage","url":"https:\/\/secure.gravatar.com\/avatar\/df2aeffc32bcd13f8d26072ef8a91b623d677766deac7f97ca815868cd41bf5e?s=96&d=mm&r=g","width":96,"height":96,"caption":"El Digital de Asturias"}},{"@type":"WebPage","@id":"https:\/\/www.eldigitaldeasturias.com\/noticias\/el-gobierno-valora-positivamente-que-forcadell-se-haya-retractado-ante-el-juez\/#webpage","url":"https:\/\/www.eldigitaldeasturias.com\/noticias\/el-gobierno-valora-positivamente-que-forcadell-se-haya-retractado-ante-el-juez\/","name":"El Gobierno valora positivamente que Forcadell se haya retractado ante el juez - El Digital de Asturias","description":"La ministra de Defensa ha explicado que el Gobierno tiene contrastado que muchos mensajes a trav\u00e9s de las redes sociales vienen de territorio ruso, pero no hay constancia de que provengan del Gobierno ruso. Se est\u00e1n investigando los or\u00edgenes \"m\u00e1s all\u00e1 del territorio de donde vengan\", ha dicho. Por su parte, el portavoz ha a\u00f1adido","inLanguage":"es-ES","isPartOf":{"@id":"https:\/\/www.eldigitaldeasturias.com\/noticias\/#website"},"breadcrumb":{"@id":"https:\/\/www.eldigitaldeasturias.com\/noticias\/el-gobierno-valora-positivamente-que-forcadell-se-haya-retractado-ante-el-juez\/#breadcrumblist"},"author":{"@id":"https:\/\/www.eldigitaldeasturias.com\/noticias\/author\/admin\/#author"},"creator":{"@id":"https:\/\/www.eldigitaldeasturias.com\/noticias\/author\/admin\/#author"},"image":{"@type":"ImageObject","url":959397,"@id":"https:\/\/www.eldigitaldeasturias.com\/noticias\/el-gobierno-valora-positivamente-que-forcadell-se-haya-retractado-ante-el-juez\/#mainImage"},"primaryImageOfPage":{"@id":"https:\/\/www.eldigitaldeasturias.com\/noticias\/el-gobierno-valora-positivamente-que-forcadell-se-haya-retractado-ante-el-juez\/#mainImage"},"datePublished":"2017-11-11T17:47:35+01:00","dateModified":"2017-11-11T17:47:35+01:00"},{"@type":"WebSite","@id":"https:\/\/www.eldigitaldeasturias.com\/noticias\/#website","url":"https:\/\/www.eldigitaldeasturias.com\/noticias\/","name":"El Digital de Asturias - Diario de actualidad y noticias","alternateName":"El Digital de Asturias - Diario de actualidad y noticias","description":"Hemeroteca","inLanguage":"es-ES","publisher":{"@id":"https:\/\/www.eldigitaldeasturias.com\/noticias\/#organization"}}]},"og:locale":"es_ES","og:site_name":"El Digital de Asturias","og:type":"article","og:title":"El Gobierno valora positivamente que Forcadell se haya retractado ante el juez - El Digital de Asturias","og:description":"La ministra de Defensa ha explicado que el Gobierno tiene contrastado que muchos mensajes a trav\u00e9s de las redes sociales vienen de territorio ruso, pero no hay constancia de que provengan del Gobierno ruso. Se est\u00e1n investigando los or\u00edgenes &quot;m\u00e1s all\u00e1 del territorio de donde vengan&quot;, ha dicho. Por su parte, el portavoz ha a\u00f1adido","og:url":"https:\/\/www.eldigitaldeasturias.com\/noticias\/el-gobierno-valora-positivamente-que-forcadell-se-haya-retractado-ante-el-juez\/","article:tag":["actualidad"],"article:published_time":"2017-11-11T17:47:35+00:00","article:modified_time":"2017-11-11T17:47:35+00:00","article:publisher":"https:\/\/facebook.com\/eldigitaldeasturias","twitter:card":"summary_large_image","twitter:title":"El Gobierno valora positivamente que Forcadell se haya retractado ante el juez - El Digital de Asturias","twitter:description":"La ministra de Defensa ha explicado que el Gobierno tiene contrastado que muchos mensajes a trav\u00e9s de las redes sociales vienen de territorio ruso, pero no hay constancia de que provengan del Gobierno ruso. Se est\u00e1n investigando los or\u00edgenes &quot;m\u00e1s all\u00e1 del territorio de donde vengan&quot;, ha dicho. Por su parte, el portavoz ha a\u00f1adido","twitter:image":"https:\/\/www.eldigitaldeasturias.com\/noticias\/wp-content\/uploads\/2020\/12\/EDA-1.jpg","twitter:label1":"Escrito por","twitter:data1":"El Digital de Asturias","twitter:label2":"Tiempo de lectura estimado","twitter:data2":"1 minuto"},"aioseo_meta_data":{"post_id":"959396","title":null,"description":null,"keywords":null,"keyphrases":null,"primary_term":null,"canonical_url":null,"og_title":null,"og_description":null,"og_object_type":"default","og_image_type":"default","og_image_url":null,"og_image_width":null,"og_image_height":null,"og_image_custom_url":null,"og_image_custom_fields":null,"og_video":null,"og_custom_url":null,"og_article_section":null,"og_article_tags":null,"twitter_use_og":false,"twitter_card":"default","twitter_image_type":"default","twitter_image_url":null,"twitter_image_custom_url":null,"twitter_image_custom_fields":null,"twitter_title":null,"twitter_description":null,"schema":{"blockGraphs":[],"customGraphs":[],"default":{"data":{"Article":[],"Course":[],"Dataset":[],"FAQPage":[],"Movie":[],"Person":[],"Product":[],"ProductReview":[],"Car":[],"Recipe":[],"Service":[],"SoftwareApplication":[],"WebPage":[]},"graphName":"","isEnabled":true},"graphs":[],"defaultGraph":"","defaultPostTypeGraph":""},"schema_type":null,"schema_type_options":null,"pillar_content":false,"robots_default":true,"robots_noindex":false,"robots_noarchive":false,"robots_nosnippet":false,"robots_nofollow":false,"robots_noimageindex":false,"robots_noodp":false,"robots_notranslate":false,"robots_max_snippet":null,"robots_max_videopreview":null,"robots_max_imagepreview":"large","priority":null,"frequency":null,"local_seo":null,"seo_analyzer_scan_date":"2025-12-07 01:12:11","breadcrumb_settings":null,"limit_modified_date":false,"open_ai":null,"ai":null,"created":"2020-12-21 12:53:35","updated":"2025-12-07 01:12:11","focus_keyword":null,"additional_keywords":null,"truseo_locale":null},"aioseo_breadcrumb":"<div class=\"aioseo-breadcrumbs\"><span class=\"aioseo-breadcrumb\">\n\t<a href=\"https:\/\/www.eldigitaldeasturias.com\/noticias\" title=\"Home\">Home<\/a>\n<\/span><span class=\"aioseo-breadcrumb-separator\">\u2013<\/span><span class=\"aioseo-breadcrumb\">\n\t<a href=\"https:\/\/www.eldigitaldeasturias.com\/noticias\/category\/actualidad\/\" title=\"Actualidad\">Actualidad<\/a>\n<\/span><span class=\"aioseo-breadcrumb-separator\">\u2013<\/span><span class=\"aioseo-breadcrumb\">\n\t<a href=\"https:\/\/www.eldigitaldeasturias.com\/noticias\/el-gobierno-valora-positivamente-que-forcadell-se-haya-retractado-ante-el-juez\/\" title=\"El Gobierno valora positivamente que Forcadell se haya retractado ante el juez\">El Gobierno valora positivamente que Forcadell se haya retractado ante el juez<\/a>\n<\/span><\/div>","aioseo_breadcrumb_json":[{"label":"Home","link":"https:\/\/www.eldigitaldeasturias.com\/noticias"},{"label":"Actualidad","link":"https:\/\/www.eldigitaldeasturias.com\/noticias\/category\/actualidad\/"},{"label":"El Gobierno valora positivamente que Forcadell se haya retractado ante el juez","link":"https:\/\/www.eldigitaldeasturias.com\/noticias\/el-gobierno-valora-positivamente-que-forcadell-se-haya-retractado-ante-el-juez\/"}],"_links":{"self":[{"href":"https:\/\/www.eldigitaldeasturias.com\/noticias\/wp-json\/wp\/v2\/posts\/959396","targetHints":{"allow":["GET"]}}],"collection":[{"href":"https:\/\/www.eldigitaldeasturias.com\/noticias\/wp-json\/wp\/v2\/posts"}],"about":[{"href":"https:\/\/www.eldigitaldeasturias.com\/noticias\/wp-json\/wp\/v2\/types\/post"}],"author":[{"embeddable":true,"href":"https:\/\/www.eldigitaldeasturias.com\/noticias\/wp-json\/wp\/v2\/users\/1"}],"replies":[{"embeddable":true,"href":"https:\/\/www.eldigitaldeasturias.com\/noticias\/wp-json\/wp\/v2\/comments?post=959396"}],"version-history":[{"count":0,"href":"https:\/\/www.eldigitaldeasturias.com\/noticias\/wp-json\/wp\/v2\/posts\/959396\/revisions"}],"wp:attachment":[{"href":"https:\/\/www.eldigitaldeasturias.com\/noticias\/wp-json\/wp\/v2\/media?parent=959396"}],"wp:term":[{"taxonomy":"category","embeddable":true,"href":"https:\/\/www.eldigitaldeasturias.com\/noticias\/wp-json\/wp\/v2\/categories?post=959396"},{"taxonomy":"post_tag","embeddable":true,"href":"https:\/\/www.eldigitaldeasturias.com\/noticias\/wp-json\/wp\/v2\/tags?post=959396"}],"curies":[{"name":"wp","href":"https:\/\/api.w.org\/{rel}","templated":true}]}}