{"id":959394,"date":"2017-11-11T17:42:20","date_gmt":"2017-11-11T17:42:20","guid":{"rendered":"http:\/\/www.eldigitaldeasturias.com\/noticias\/?p=959394"},"modified":"2017-11-11T17:42:20","modified_gmt":"2017-11-11T17:42:20","slug":"mendez-de-vigo-la-economia-catalana-se-ha-resentido-en-las-ultimas-semanas","status":"publish","type":"post","link":"https:\/\/www.eldigitaldeasturias.com\/noticias\/mendez-de-vigo-la-economia-catalana-se-ha-resentido-en-las-ultimas-semanas\/","title":{"rendered":"M\u00e9ndez de Vigo: \u201cLa econom\u00eda catalana se ha resentido en las \u00faltimas semanas\u201d"},"content":{"rendered":"<p><img loading=\"lazy\" decoding=\"async\" class=\"alignleft size-medium wp-image-949526\" src=\"https:\/\/www.eldigitaldeasturias.com\/noticias\/wp-content\/uploads\/2017\/08\/comercio1-360x240.jpg\" alt=\"\" width=\"360\" height=\"240\" \/>En su habitual balance de la actualidad, \u00cd\u00f1igo M\u00e9ndez de Vigo se ha referido a las \u00faltimas previsiones de crecimiento de la Comisi\u00f3n Europea para Espa\u00f1a, que se sit\u00faan en el 3,1% en 2017 y del 2,5% en 2018. En su opini\u00f3n, lo m\u00e1s importante \u00abes que Espa\u00f1a va a cumplir con el objetivo de d\u00e9ficit del 3,1% acordado con la Uni\u00f3n Europea.<\/p>\n<p>El ministro ha explicado que el Gobierno ha hecho una previsiones para el a\u00f1o que viene que son \u00abincluso m\u00e1s prudentes\u00bb que las de la Comisi\u00f3n, dado que \u00abel factor de la inestabilidad en Catalu\u00f1a puede tener un efecto sobre el crecimiento\u00bb.<\/p>\n<p>El impacto, seg\u00fan ha anticipado M\u00e9ndez de Vigo, podr\u00eda ser en torno a medio punto, lo que implica 5.000 millones de euros: \u00abFrente al 2,5% de crecimiento de la Comisi\u00f3n Europea para el a\u00f1o 2018, el Gobierno estableci\u00f3 el 2,3%. Est\u00e1 claro que ese elemento de incertidumbre es el que lastra el posible crecimiento en Espa\u00f1a; si se disipara, como el Gobierno espera que se disipe el pr\u00f3ximo 21 de diciembre, la econom\u00eda espa\u00f1ola va a continuar con un ritmo de crecimiento fuerte y equilibrado, con una correcci\u00f3n muy importante de sus cuentas p\u00fablicas y una creaci\u00f3n de empleo intensa\u00bb.<\/p>\n<p>Por otra parte, el portavoz del Ejecutivo ha apuntado que la confianza del consumidor cay\u00f3 3,6 puntos en octubre y que una encuesta de un peri\u00f3dico catal\u00e1n refleja que m\u00e1s del 67% de los ciudadanos de Catalu\u00f1a cree que la econom\u00eda catalana se ha resentido en las \u00faltimas semanas tras \u00abla pretendida declaraci\u00f3n de independencia\u00bb.<\/p>\n","protected":false},"excerpt":{"rendered":"<p>En su habitual balance de la actualidad, \u00cd\u00f1igo M\u00e9ndez de Vigo se ha referido a las \u00faltimas previsiones de crecimiento de la Comisi\u00f3n Europea para Espa\u00f1a, que se sit\u00faan en el 3,1% en 2017 y del 2,5% en 2018. En su opini\u00f3n, lo m\u00e1s importante \u00abes que Espa\u00f1a va a cumplir con el objetivo de [&hellip;]<\/p>\n","protected":false},"author":1,"featured_media":949526,"comment_status":"closed","ping_status":"closed","sticky":false,"template":"","format":"standard","meta":{"footnotes":""},"categories":[1],"tags":[],"class_list":["post-959394","post","type-post","status-publish","format-standard","has-post-thumbnail","hentry","category-actualidad"],"aioseo_notices":[],"aioseo_head":"\n\t\t<!-- All in One SEO Pro 5.0.1 - aioseo.com -->\n\t<meta name=\"description\" content=\"En su habitual balance de la actualidad, \u00cd\u00f1igo M\u00e9ndez de Vigo se ha referido a las \u00faltimas previsiones de crecimiento de la Comisi\u00f3n Europea para Espa\u00f1a, que se sit\u00faan en el 3,1% en 2017 y del 2,5% en 2018. En su opini\u00f3n, lo m\u00e1s importante &quot;es que Espa\u00f1a va a cumplir con el objetivo de\" \/>\n\t<meta name=\"robots\" content=\"max-image-preview:large\" \/>\n\t<meta name=\"author\" content=\"El Digital de Asturias\"\/>\n\t<meta name=\"google-site-verification\" content=\"UA-38556648-1\" \/>\n\t<meta name=\"msvalidate.01\" content=\"7dfe9f3f1b24437ab69f4f2559babe99\" \/>\n\t<meta name=\"keywords\" content=\"actualidad\" \/>\n\t<link rel=\"canonical\" href=\"https:\/\/www.eldigitaldeasturias.com\/noticias\/mendez-de-vigo-la-economia-catalana-se-ha-resentido-en-las-ultimas-semanas\/\" \/>\n\t<meta name=\"generator\" content=\"All in One SEO Pro (AIOSEO) 5.0.1\" \/>\n\t\t<meta property=\"og:locale\" content=\"es_ES\" \/>\n\t\t<meta property=\"og:site_name\" content=\"El Digital de Asturias\" \/>\n\t\t<meta property=\"og:type\" content=\"article\" \/>\n\t\t<meta property=\"og:title\" content=\"M\u00e9ndez de Vigo: \u201cLa econom\u00eda catalana se ha resentido en las \u00faltimas semanas\u201d - El Digital de Asturias\" \/>\n\t\t<meta property=\"og:description\" content=\"En su habitual balance de la actualidad, \u00cd\u00f1igo M\u00e9ndez de Vigo se ha referido a las \u00faltimas previsiones de crecimiento de la Comisi\u00f3n Europea para Espa\u00f1a, que se sit\u00faan en el 3,1% en 2017 y del 2,5% en 2018. En su opini\u00f3n, lo m\u00e1s importante &quot;es que Espa\u00f1a va a cumplir con el objetivo de\" \/>\n\t\t<meta property=\"og:url\" content=\"https:\/\/www.eldigitaldeasturias.com\/noticias\/mendez-de-vigo-la-economia-catalana-se-ha-resentido-en-las-ultimas-semanas\/\" \/>\n\t\t<meta property=\"article:tag\" content=\"actualidad\" \/>\n\t\t<meta property=\"article:published_time\" content=\"2017-11-11T17:42:20+00:00\" \/>\n\t\t<meta property=\"article:modified_time\" content=\"2017-11-11T17:42:20+00:00\" \/>\n\t\t<meta property=\"article:publisher\" content=\"https:\/\/facebook.com\/eldigitaldeasturias\" \/>\n\t\t<meta name=\"twitter:card\" content=\"summary_large_image\" \/>\n\t\t<meta name=\"twitter:title\" content=\"M\u00e9ndez de Vigo: \u201cLa econom\u00eda catalana se ha resentido en las \u00faltimas semanas\u201d - El Digital de Asturias\" \/>\n\t\t<meta name=\"twitter:description\" content=\"En su habitual balance de la actualidad, \u00cd\u00f1igo M\u00e9ndez de Vigo se ha referido a las \u00faltimas previsiones de crecimiento de la Comisi\u00f3n Europea para Espa\u00f1a, que se sit\u00faan en el 3,1% en 2017 y del 2,5% en 2018. En su opini\u00f3n, lo m\u00e1s importante &quot;es que Espa\u00f1a va a cumplir con el objetivo de\" \/>\n\t\t<meta name=\"twitter:image\" content=\"https:\/\/www.eldigitaldeasturias.com\/noticias\/wp-content\/uploads\/2020\/12\/EDA-1.jpg\" \/>\n\t\t<meta name=\"twitter:label1\" content=\"Escrito por\" \/>\n\t\t<meta name=\"twitter:data1\" content=\"El Digital de Asturias\" \/>\n\t\t<meta name=\"twitter:label2\" content=\"Tiempo de lectura estimado\" \/>\n\t\t<meta name=\"twitter:data2\" content=\"1 minuto\" \/>\n\t\t<script type=\"application\/ld+json\" class=\"aioseo-schema\">\n\t\t\t{\"@context\":\"https:\\\/\\\/schema.org\",\"@graph\":[{\"@type\":\"BlogPosting\",\"@id\":\"https:\\\/\\\/www.eldigitaldeasturias.com\\\/noticias\\\/mendez-de-vigo-la-economia-catalana-se-ha-resentido-en-las-ultimas-semanas\\\/#blogposting\",\"name\":\"M\\u00e9ndez de Vigo: \\u201cLa econom\\u00eda catalana se ha resentido en las \\u00faltimas semanas\\u201d - El Digital de Asturias\",\"headline\":\"M\\u00e9ndez de Vigo: \\u201cLa econom\\u00eda catalana se ha resentido en las \\u00faltimas semanas\\u201d\",\"author\":{\"@id\":\"https:\\\/\\\/www.eldigitaldeasturias.com\\\/noticias\\\/author\\\/admin\\\/#author\"},\"publisher\":{\"@id\":\"https:\\\/\\\/www.eldigitaldeasturias.com\\\/noticias\\\/#organization\"},\"image\":{\"@type\":\"ImageObject\",\"url\":949526},\"datePublished\":\"2017-11-11T17:42:20+01:00\",\"dateModified\":\"2017-11-11T17:42:20+01:00\",\"inLanguage\":\"es-ES\",\"mainEntityOfPage\":{\"@id\":\"https:\\\/\\\/www.eldigitaldeasturias.com\\\/noticias\\\/mendez-de-vigo-la-economia-catalana-se-ha-resentido-en-las-ultimas-semanas\\\/#webpage\"},\"isPartOf\":{\"@id\":\"https:\\\/\\\/www.eldigitaldeasturias.com\\\/noticias\\\/mendez-de-vigo-la-economia-catalana-se-ha-resentido-en-las-ultimas-semanas\\\/#webpage\"},\"articleSection\":\"Actualidad\"},{\"@type\":\"BreadcrumbList\",\"@id\":\"https:\\\/\\\/www.eldigitaldeasturias.com\\\/noticias\\\/mendez-de-vigo-la-economia-catalana-se-ha-resentido-en-las-ultimas-semanas\\\/#breadcrumblist\",\"itemListElement\":[{\"@type\":\"ListItem\",\"@id\":\"https:\\\/\\\/www.eldigitaldeasturias.com\\\/noticias#listItem\",\"position\":1,\"name\":\"Home\",\"item\":\"https:\\\/\\\/www.eldigitaldeasturias.com\\\/noticias\",\"nextItem\":{\"@type\":\"ListItem\",\"@id\":\"https:\\\/\\\/www.eldigitaldeasturias.com\\\/noticias\\\/category\\\/actualidad\\\/#listItem\",\"name\":\"Actualidad\"}},{\"@type\":\"ListItem\",\"@id\":\"https:\\\/\\\/www.eldigitaldeasturias.com\\\/noticias\\\/category\\\/actualidad\\\/#listItem\",\"position\":2,\"name\":\"Actualidad\",\"item\":\"https:\\\/\\\/www.eldigitaldeasturias.com\\\/noticias\\\/category\\\/actualidad\\\/\",\"nextItem\":{\"@type\":\"ListItem\",\"@id\":\"https:\\\/\\\/www.eldigitaldeasturias.com\\\/noticias\\\/mendez-de-vigo-la-economia-catalana-se-ha-resentido-en-las-ultimas-semanas\\\/#listItem\",\"name\":\"M\\u00e9ndez de Vigo: \\u201cLa econom\\u00eda catalana se ha resentido en las \\u00faltimas semanas\\u201d\"},\"previousItem\":{\"@type\":\"ListItem\",\"@id\":\"https:\\\/\\\/www.eldigitaldeasturias.com\\\/noticias#listItem\",\"name\":\"Home\"}},{\"@type\":\"ListItem\",\"@id\":\"https:\\\/\\\/www.eldigitaldeasturias.com\\\/noticias\\\/mendez-de-vigo-la-economia-catalana-se-ha-resentido-en-las-ultimas-semanas\\\/#listItem\",\"position\":3,\"name\":\"M\\u00e9ndez de Vigo: \\u201cLa econom\\u00eda catalana se ha resentido en las \\u00faltimas semanas\\u201d\",\"previousItem\":{\"@type\":\"ListItem\",\"@id\":\"https:\\\/\\\/www.eldigitaldeasturias.com\\\/noticias\\\/category\\\/actualidad\\\/#listItem\",\"name\":\"Actualidad\"}}]},{\"@type\":\"Organization\",\"@id\":\"https:\\\/\\\/www.eldigitaldeasturias.com\\\/noticias\\\/#organization\",\"name\":\"El Digital de Asturias\",\"description\":\"Hemeroteca\",\"url\":\"https:\\\/\\\/www.eldigitaldeasturias.com\\\/noticias\\\/\",\"email\":\"info@eldigitaldeasturias.com\",\"telephone\":\"+34652131393\",\"logo\":{\"@type\":\"ImageObject\",\"url\":\"https:\\\/\\\/www.eldigitaldeasturias.com\\\/noticias\\\/wp-content\\\/uploads\\\/2020\\\/12\\\/EDA.jpg\",\"@id\":\"https:\\\/\\\/www.eldigitaldeasturias.com\\\/noticias\\\/mendez-de-vigo-la-economia-catalana-se-ha-resentido-en-las-ultimas-semanas\\\/#organizationLogo\"},\"image\":{\"@id\":\"https:\\\/\\\/www.eldigitaldeasturias.com\\\/noticias\\\/mendez-de-vigo-la-economia-catalana-se-ha-resentido-en-las-ultimas-semanas\\\/#organizationLogo\"},\"sameAs\":[\"https:\\\/\\\/facebook.com\\\/eldigitaldeasturias\",\"https:\\\/\\\/www.youtube.com\\\/channel\\\/UCZP-2wLEB9Rv6erhFmqVnvg\"],\"address\":{\"@id\":\"https:\\\/\\\/www.eldigitaldeasturias.com\\\/noticias\\\/#postaladdress\",\"@type\":\"PostalAddress\",\"streetAddress\":\"san antonio 4\",\"postalCode\":\"33430\",\"addressLocality\":\"Cand\\u00e1s\",\"addressRegion\":\"Asturias\",\"addressCountry\":\"ES\"}},{\"@type\":\"Person\",\"@id\":\"https:\\\/\\\/www.eldigitaldeasturias.com\\\/noticias\\\/author\\\/admin\\\/#author\",\"url\":\"https:\\\/\\\/www.eldigitaldeasturias.com\\\/noticias\\\/author\\\/admin\\\/\",\"name\":\"El Digital de Asturias\",\"image\":{\"@type\":\"ImageObject\",\"@id\":\"https:\\\/\\\/www.eldigitaldeasturias.com\\\/noticias\\\/mendez-de-vigo-la-economia-catalana-se-ha-resentido-en-las-ultimas-semanas\\\/#authorImage\",\"url\":\"https:\\\/\\\/secure.gravatar.com\\\/avatar\\\/df2aeffc32bcd13f8d26072ef8a91b623d677766deac7f97ca815868cd41bf5e?s=96&d=mm&r=g\",\"width\":96,\"height\":96,\"caption\":\"El Digital de Asturias\"}},{\"@type\":\"WebPage\",\"@id\":\"https:\\\/\\\/www.eldigitaldeasturias.com\\\/noticias\\\/mendez-de-vigo-la-economia-catalana-se-ha-resentido-en-las-ultimas-semanas\\\/#webpage\",\"url\":\"https:\\\/\\\/www.eldigitaldeasturias.com\\\/noticias\\\/mendez-de-vigo-la-economia-catalana-se-ha-resentido-en-las-ultimas-semanas\\\/\",\"name\":\"M\\u00e9ndez de Vigo: \\u201cLa econom\\u00eda catalana se ha resentido en las \\u00faltimas semanas\\u201d - El Digital de Asturias\",\"description\":\"En su habitual balance de la actualidad, \\u00cd\\u00f1igo M\\u00e9ndez de Vigo se ha referido a las \\u00faltimas previsiones de crecimiento de la Comisi\\u00f3n Europea para Espa\\u00f1a, que se sit\\u00faan en el 3,1% en 2017 y del 2,5% en 2018. En su opini\\u00f3n, lo m\\u00e1s importante \\\"es que Espa\\u00f1a va a cumplir con el objetivo de\",\"inLanguage\":\"es-ES\",\"isPartOf\":{\"@id\":\"https:\\\/\\\/www.eldigitaldeasturias.com\\\/noticias\\\/#website\"},\"breadcrumb\":{\"@id\":\"https:\\\/\\\/www.eldigitaldeasturias.com\\\/noticias\\\/mendez-de-vigo-la-economia-catalana-se-ha-resentido-en-las-ultimas-semanas\\\/#breadcrumblist\"},\"author\":{\"@id\":\"https:\\\/\\\/www.eldigitaldeasturias.com\\\/noticias\\\/author\\\/admin\\\/#author\"},\"creator\":{\"@id\":\"https:\\\/\\\/www.eldigitaldeasturias.com\\\/noticias\\\/author\\\/admin\\\/#author\"},\"image\":{\"@type\":\"ImageObject\",\"url\":949526,\"@id\":\"https:\\\/\\\/www.eldigitaldeasturias.com\\\/noticias\\\/mendez-de-vigo-la-economia-catalana-se-ha-resentido-en-las-ultimas-semanas\\\/#mainImage\"},\"primaryImageOfPage\":{\"@id\":\"https:\\\/\\\/www.eldigitaldeasturias.com\\\/noticias\\\/mendez-de-vigo-la-economia-catalana-se-ha-resentido-en-las-ultimas-semanas\\\/#mainImage\"},\"datePublished\":\"2017-11-11T17:42:20+01:00\",\"dateModified\":\"2017-11-11T17:42:20+01:00\"},{\"@type\":\"WebSite\",\"@id\":\"https:\\\/\\\/www.eldigitaldeasturias.com\\\/noticias\\\/#website\",\"url\":\"https:\\\/\\\/www.eldigitaldeasturias.com\\\/noticias\\\/\",\"name\":\"El Digital de Asturias - Diario de actualidad y noticias\",\"alternateName\":\"El Digital de Asturias - Diario de actualidad y noticias\",\"description\":\"Hemeroteca\",\"inLanguage\":\"es-ES\",\"publisher\":{\"@id\":\"https:\\\/\\\/www.eldigitaldeasturias.com\\\/noticias\\\/#organization\"}}]}\n\t\t<\/script>\n\t\t<!-- All in One SEO Pro -->\r\n\t\t<title>M\u00e9ndez de Vigo: \u201cLa econom\u00eda catalana se ha resentido en las \u00faltimas semanas\u201d - El Digital de Asturias<\/title>\n\n","aioseo_head_json":{"title":"M\u00e9ndez de Vigo: \u201cLa econom\u00eda catalana se ha resentido en las \u00faltimas semanas\u201d - El Digital de Asturias","description":"En su habitual balance de la actualidad, \u00cd\u00f1igo M\u00e9ndez de Vigo se ha referido a las \u00faltimas previsiones de crecimiento de la Comisi\u00f3n Europea para Espa\u00f1a, que se sit\u00faan en el 3,1% en 2017 y del 2,5% en 2018. En su opini\u00f3n, lo m\u00e1s importante \"es que Espa\u00f1a va a cumplir con el objetivo de","canonical_url":"https:\/\/www.eldigitaldeasturias.com\/noticias\/mendez-de-vigo-la-economia-catalana-se-ha-resentido-en-las-ultimas-semanas\/","robots":"max-image-preview:large","keywords":"actualidad","webmasterTools":{"google-site-verification":"UA-38556648-1","msvalidate.01":"7dfe9f3f1b24437ab69f4f2559babe99","miscellaneous":""},"schema":{"@context":"https:\/\/schema.org","@graph":[{"@type":"BlogPosting","@id":"https:\/\/www.eldigitaldeasturias.com\/noticias\/mendez-de-vigo-la-economia-catalana-se-ha-resentido-en-las-ultimas-semanas\/#blogposting","name":"M\u00e9ndez de Vigo: \u201cLa econom\u00eda catalana se ha resentido en las \u00faltimas semanas\u201d - El Digital de Asturias","headline":"M\u00e9ndez de Vigo: \u201cLa econom\u00eda catalana se ha resentido en las \u00faltimas semanas\u201d","author":{"@id":"https:\/\/www.eldigitaldeasturias.com\/noticias\/author\/admin\/#author"},"publisher":{"@id":"https:\/\/www.eldigitaldeasturias.com\/noticias\/#organization"},"image":{"@type":"ImageObject","url":949526},"datePublished":"2017-11-11T17:42:20+01:00","dateModified":"2017-11-11T17:42:20+01:00","inLanguage":"es-ES","mainEntityOfPage":{"@id":"https:\/\/www.eldigitaldeasturias.com\/noticias\/mendez-de-vigo-la-economia-catalana-se-ha-resentido-en-las-ultimas-semanas\/#webpage"},"isPartOf":{"@id":"https:\/\/www.eldigitaldeasturias.com\/noticias\/mendez-de-vigo-la-economia-catalana-se-ha-resentido-en-las-ultimas-semanas\/#webpage"},"articleSection":"Actualidad"},{"@type":"BreadcrumbList","@id":"https:\/\/www.eldigitaldeasturias.com\/noticias\/mendez-de-vigo-la-economia-catalana-se-ha-resentido-en-las-ultimas-semanas\/#breadcrumblist","itemListElement":[{"@type":"ListItem","@id":"https:\/\/www.eldigitaldeasturias.com\/noticias#listItem","position":1,"name":"Home","item":"https:\/\/www.eldigitaldeasturias.com\/noticias","nextItem":{"@type":"ListItem","@id":"https:\/\/www.eldigitaldeasturias.com\/noticias\/category\/actualidad\/#listItem","name":"Actualidad"}},{"@type":"ListItem","@id":"https:\/\/www.eldigitaldeasturias.com\/noticias\/category\/actualidad\/#listItem","position":2,"name":"Actualidad","item":"https:\/\/www.eldigitaldeasturias.com\/noticias\/category\/actualidad\/","nextItem":{"@type":"ListItem","@id":"https:\/\/www.eldigitaldeasturias.com\/noticias\/mendez-de-vigo-la-economia-catalana-se-ha-resentido-en-las-ultimas-semanas\/#listItem","name":"M\u00e9ndez de Vigo: \u201cLa econom\u00eda catalana se ha resentido en las \u00faltimas semanas\u201d"},"previousItem":{"@type":"ListItem","@id":"https:\/\/www.eldigitaldeasturias.com\/noticias#listItem","name":"Home"}},{"@type":"ListItem","@id":"https:\/\/www.eldigitaldeasturias.com\/noticias\/mendez-de-vigo-la-economia-catalana-se-ha-resentido-en-las-ultimas-semanas\/#listItem","position":3,"name":"M\u00e9ndez de Vigo: \u201cLa econom\u00eda catalana se ha resentido en las \u00faltimas semanas\u201d","previousItem":{"@type":"ListItem","@id":"https:\/\/www.eldigitaldeasturias.com\/noticias\/category\/actualidad\/#listItem","name":"Actualidad"}}]},{"@type":"Organization","@id":"https:\/\/www.eldigitaldeasturias.com\/noticias\/#organization","name":"El Digital de Asturias","description":"Hemeroteca","url":"https:\/\/www.eldigitaldeasturias.com\/noticias\/","email":"info@eldigitaldeasturias.com","telephone":"+34652131393","logo":{"@type":"ImageObject","url":"https:\/\/www.eldigitaldeasturias.com\/noticias\/wp-content\/uploads\/2020\/12\/EDA.jpg","@id":"https:\/\/www.eldigitaldeasturias.com\/noticias\/mendez-de-vigo-la-economia-catalana-se-ha-resentido-en-las-ultimas-semanas\/#organizationLogo"},"image":{"@id":"https:\/\/www.eldigitaldeasturias.com\/noticias\/mendez-de-vigo-la-economia-catalana-se-ha-resentido-en-las-ultimas-semanas\/#organizationLogo"},"sameAs":["https:\/\/facebook.com\/eldigitaldeasturias","https:\/\/www.youtube.com\/channel\/UCZP-2wLEB9Rv6erhFmqVnvg"],"address":{"@id":"https:\/\/www.eldigitaldeasturias.com\/noticias\/#postaladdress","@type":"PostalAddress","streetAddress":"san antonio 4","postalCode":"33430","addressLocality":"Cand\u00e1s","addressRegion":"Asturias","addressCountry":"ES"}},{"@type":"Person","@id":"https:\/\/www.eldigitaldeasturias.com\/noticias\/author\/admin\/#author","url":"https:\/\/www.eldigitaldeasturias.com\/noticias\/author\/admin\/","name":"El Digital de Asturias","image":{"@type":"ImageObject","@id":"https:\/\/www.eldigitaldeasturias.com\/noticias\/mendez-de-vigo-la-economia-catalana-se-ha-resentido-en-las-ultimas-semanas\/#authorImage","url":"https:\/\/secure.gravatar.com\/avatar\/df2aeffc32bcd13f8d26072ef8a91b623d677766deac7f97ca815868cd41bf5e?s=96&d=mm&r=g","width":96,"height":96,"caption":"El Digital de Asturias"}},{"@type":"WebPage","@id":"https:\/\/www.eldigitaldeasturias.com\/noticias\/mendez-de-vigo-la-economia-catalana-se-ha-resentido-en-las-ultimas-semanas\/#webpage","url":"https:\/\/www.eldigitaldeasturias.com\/noticias\/mendez-de-vigo-la-economia-catalana-se-ha-resentido-en-las-ultimas-semanas\/","name":"M\u00e9ndez de Vigo: \u201cLa econom\u00eda catalana se ha resentido en las \u00faltimas semanas\u201d - El Digital de Asturias","description":"En su habitual balance de la actualidad, \u00cd\u00f1igo M\u00e9ndez de Vigo se ha referido a las \u00faltimas previsiones de crecimiento de la Comisi\u00f3n Europea para Espa\u00f1a, que se sit\u00faan en el 3,1% en 2017 y del 2,5% en 2018. En su opini\u00f3n, lo m\u00e1s importante \"es que Espa\u00f1a va a cumplir con el objetivo de","inLanguage":"es-ES","isPartOf":{"@id":"https:\/\/www.eldigitaldeasturias.com\/noticias\/#website"},"breadcrumb":{"@id":"https:\/\/www.eldigitaldeasturias.com\/noticias\/mendez-de-vigo-la-economia-catalana-se-ha-resentido-en-las-ultimas-semanas\/#breadcrumblist"},"author":{"@id":"https:\/\/www.eldigitaldeasturias.com\/noticias\/author\/admin\/#author"},"creator":{"@id":"https:\/\/www.eldigitaldeasturias.com\/noticias\/author\/admin\/#author"},"image":{"@type":"ImageObject","url":949526,"@id":"https:\/\/www.eldigitaldeasturias.com\/noticias\/mendez-de-vigo-la-economia-catalana-se-ha-resentido-en-las-ultimas-semanas\/#mainImage"},"primaryImageOfPage":{"@id":"https:\/\/www.eldigitaldeasturias.com\/noticias\/mendez-de-vigo-la-economia-catalana-se-ha-resentido-en-las-ultimas-semanas\/#mainImage"},"datePublished":"2017-11-11T17:42:20+01:00","dateModified":"2017-11-11T17:42:20+01:00"},{"@type":"WebSite","@id":"https:\/\/www.eldigitaldeasturias.com\/noticias\/#website","url":"https:\/\/www.eldigitaldeasturias.com\/noticias\/","name":"El Digital de Asturias - Diario de actualidad y noticias","alternateName":"El Digital de Asturias - Diario de actualidad y noticias","description":"Hemeroteca","inLanguage":"es-ES","publisher":{"@id":"https:\/\/www.eldigitaldeasturias.com\/noticias\/#organization"}}]},"og:locale":"es_ES","og:site_name":"El Digital de Asturias","og:type":"article","og:title":"M\u00e9ndez de Vigo: \u201cLa econom\u00eda catalana se ha resentido en las \u00faltimas semanas\u201d - El Digital de Asturias","og:description":"En su habitual balance de la actualidad, \u00cd\u00f1igo M\u00e9ndez de Vigo se ha referido a las \u00faltimas previsiones de crecimiento de la Comisi\u00f3n Europea para Espa\u00f1a, que se sit\u00faan en el 3,1% en 2017 y del 2,5% en 2018. En su opini\u00f3n, lo m\u00e1s importante &quot;es que Espa\u00f1a va a cumplir con el objetivo de","og:url":"https:\/\/www.eldigitaldeasturias.com\/noticias\/mendez-de-vigo-la-economia-catalana-se-ha-resentido-en-las-ultimas-semanas\/","article:tag":["actualidad"],"article:published_time":"2017-11-11T17:42:20+00:00","article:modified_time":"2017-11-11T17:42:20+00:00","article:publisher":"https:\/\/facebook.com\/eldigitaldeasturias","twitter:card":"summary_large_image","twitter:title":"M\u00e9ndez de Vigo: \u201cLa econom\u00eda catalana se ha resentido en las \u00faltimas semanas\u201d - El Digital de Asturias","twitter:description":"En su habitual balance de la actualidad, \u00cd\u00f1igo M\u00e9ndez de Vigo se ha referido a las \u00faltimas previsiones de crecimiento de la Comisi\u00f3n Europea para Espa\u00f1a, que se sit\u00faan en el 3,1% en 2017 y del 2,5% en 2018. En su opini\u00f3n, lo m\u00e1s importante &quot;es que Espa\u00f1a va a cumplir con el objetivo de","twitter:image":"https:\/\/www.eldigitaldeasturias.com\/noticias\/wp-content\/uploads\/2020\/12\/EDA-1.jpg","twitter:label1":"Escrito por","twitter:data1":"El Digital de Asturias","twitter:label2":"Tiempo de lectura estimado","twitter:data2":"1 minuto"},"aioseo_meta_data":{"post_id":"959394","title":null,"description":null,"keywords":null,"keyphrases":null,"primary_term":null,"canonical_url":null,"og_title":null,"og_description":null,"og_object_type":"default","og_image_type":"default","og_image_url":null,"og_image_width":null,"og_image_height":null,"og_image_custom_url":null,"og_image_custom_fields":null,"og_video":null,"og_custom_url":null,"og_article_section":null,"og_article_tags":null,"twitter_use_og":false,"twitter_card":"default","twitter_image_type":"default","twitter_image_url":null,"twitter_image_custom_url":null,"twitter_image_custom_fields":null,"twitter_title":null,"twitter_description":null,"schema":{"blockGraphs":[],"customGraphs":[],"default":{"data":{"Article":[],"Course":[],"Dataset":[],"FAQPage":[],"Movie":[],"Person":[],"Product":[],"ProductReview":[],"Car":[],"Recipe":[],"Service":[],"SoftwareApplication":[],"WebPage":[]},"graphName":"","isEnabled":true},"graphs":[],"defaultGraph":"","defaultPostTypeGraph":""},"schema_type":null,"schema_type_options":null,"pillar_content":false,"robots_default":true,"robots_noindex":false,"robots_noarchive":false,"robots_nosnippet":false,"robots_nofollow":false,"robots_noimageindex":false,"robots_noodp":false,"robots_notranslate":false,"robots_max_snippet":null,"robots_max_videopreview":null,"robots_max_imagepreview":"large","priority":null,"frequency":null,"local_seo":null,"seo_analyzer_scan_date":"2025-12-07 01:10:08","breadcrumb_settings":null,"limit_modified_date":false,"open_ai":null,"ai":null,"created":"2020-12-21 12:53:35","updated":"2025-12-07 01:10:08","focus_keyword":null,"additional_keywords":null,"truseo_locale":null},"aioseo_breadcrumb":"<div class=\"aioseo-breadcrumbs\"><span class=\"aioseo-breadcrumb\">\n\t<a href=\"https:\/\/www.eldigitaldeasturias.com\/noticias\" title=\"Home\">Home<\/a>\n<\/span><span class=\"aioseo-breadcrumb-separator\">\u2013<\/span><span class=\"aioseo-breadcrumb\">\n\t<a href=\"https:\/\/www.eldigitaldeasturias.com\/noticias\/category\/actualidad\/\" title=\"Actualidad\">Actualidad<\/a>\n<\/span><span class=\"aioseo-breadcrumb-separator\">\u2013<\/span><span class=\"aioseo-breadcrumb\">\n\t<a href=\"https:\/\/www.eldigitaldeasturias.com\/noticias\/mendez-de-vigo-la-economia-catalana-se-ha-resentido-en-las-ultimas-semanas\/\" title=\"M\u00e9ndez de Vigo: \u201cLa econom\u00eda catalana se ha resentido en las \u00faltimas semanas\u201d\">M\u00e9ndez de Vigo: \u201cLa econom\u00eda catalana se ha resentido en las \u00faltimas semanas\u201d<\/a>\n<\/span><\/div>","aioseo_breadcrumb_json":[{"label":"Home","link":"https:\/\/www.eldigitaldeasturias.com\/noticias"},{"label":"Actualidad","link":"https:\/\/www.eldigitaldeasturias.com\/noticias\/category\/actualidad\/"},{"label":"M\u00e9ndez de Vigo: \u201cLa econom\u00eda catalana se ha resentido en las \u00faltimas semanas\u201d","link":"https:\/\/www.eldigitaldeasturias.com\/noticias\/mendez-de-vigo-la-economia-catalana-se-ha-resentido-en-las-ultimas-semanas\/"}],"_links":{"self":[{"href":"https:\/\/www.eldigitaldeasturias.com\/noticias\/wp-json\/wp\/v2\/posts\/959394","targetHints":{"allow":["GET"]}}],"collection":[{"href":"https:\/\/www.eldigitaldeasturias.com\/noticias\/wp-json\/wp\/v2\/posts"}],"about":[{"href":"https:\/\/www.eldigitaldeasturias.com\/noticias\/wp-json\/wp\/v2\/types\/post"}],"author":[{"embeddable":true,"href":"https:\/\/www.eldigitaldeasturias.com\/noticias\/wp-json\/wp\/v2\/users\/1"}],"replies":[{"embeddable":true,"href":"https:\/\/www.eldigitaldeasturias.com\/noticias\/wp-json\/wp\/v2\/comments?post=959394"}],"version-history":[{"count":0,"href":"https:\/\/www.eldigitaldeasturias.com\/noticias\/wp-json\/wp\/v2\/posts\/959394\/revisions"}],"wp:attachment":[{"href":"https:\/\/www.eldigitaldeasturias.com\/noticias\/wp-json\/wp\/v2\/media?parent=959394"}],"wp:term":[{"taxonomy":"category","embeddable":true,"href":"https:\/\/www.eldigitaldeasturias.com\/noticias\/wp-json\/wp\/v2\/categories?post=959394"},{"taxonomy":"post_tag","embeddable":true,"href":"https:\/\/www.eldigitaldeasturias.com\/noticias\/wp-json\/wp\/v2\/tags?post=959394"}],"curies":[{"name":"wp","href":"https:\/\/api.w.org\/{rel}","templated":true}]}}