{"id":959391,"date":"2017-11-11T17:38:16","date_gmt":"2017-11-11T17:38:16","guid":{"rendered":"http:\/\/www.eldigitaldeasturias.com\/noticias\/?p=959391"},"modified":"2017-11-11T17:38:16","modified_gmt":"2017-11-11T17:38:16","slug":"el-gobierno-defiende-las-corridas-de-toros-en-baleares","status":"publish","type":"post","link":"https:\/\/www.eldigitaldeasturias.com\/noticias\/el-gobierno-defiende-las-corridas-de-toros-en-baleares\/","title":{"rendered":"El Gobierno defiende las corridas de toros en Baleares"},"content":{"rendered":"<p><img loading=\"lazy\" decoding=\"async\" class=\"alignleft size-medium wp-image-959392\" src=\"https:\/\/www.eldigitaldeasturias.com\/noticias\/wp-content\/uploads\/2017\/11\/bull-races-1949977_960_720-360x239.jpg\" alt=\"\" width=\"360\" height=\"239\" \/>El Consejo de Ministros ha acordado solicitar al presidente del Gobierno la interposici\u00f3n de un recurso de inconstitucionalidad contra la Ley 9\/2017, del Gobierno de las Illes Balears, de regulaci\u00f3n de las corridas de toros y de protecci\u00f3n de los animales.<\/p>\n<p>El portavoz del Gobierno ha argumentado que el Estatuto de esa comunidad aut\u00f3noma \u00abno tiene competencias espec\u00edficas para protecci\u00f3n de animales\u00bb y, adem\u00e1s, la regulaci\u00f3n del Parlamento balear incumple los preceptos de las leyes estatales referidas al patrimonio inmaterial y a la tauromaquia.<\/p>\n","protected":false},"excerpt":{"rendered":"<p>El Consejo de Ministros ha acordado solicitar al presidente del Gobierno la interposici\u00f3n de un recurso de inconstitucionalidad contra la Ley 9\/2017, del Gobierno de las Illes Balears, de regulaci\u00f3n de las corridas de toros y de protecci\u00f3n de los animales. El portavoz del Gobierno ha argumentado que el Estatuto de esa comunidad aut\u00f3noma \u00abno [&hellip;]<\/p>\n","protected":false},"author":1,"featured_media":959392,"comment_status":"closed","ping_status":"closed","sticky":false,"template":"","format":"standard","meta":{"footnotes":""},"categories":[1],"tags":[],"class_list":["post-959391","post","type-post","status-publish","format-standard","has-post-thumbnail","hentry","category-actualidad"],"aioseo_notices":[],"aioseo_head":"\n\t\t<!-- All in One SEO Pro 5.0.1 - aioseo.com -->\n\t<meta name=\"description\" content=\"El Consejo de Ministros ha acordado solicitar al presidente del Gobierno la interposici\u00f3n de un recurso de inconstitucionalidad contra la Ley 9\/2017, del Gobierno de las Illes Balears, de regulaci\u00f3n de las corridas de toros y de protecci\u00f3n de los animales. El portavoz del Gobierno ha argumentado que el Estatuto de esa comunidad aut\u00f3noma &quot;no\" \/>\n\t<meta name=\"robots\" content=\"max-image-preview:large\" \/>\n\t<meta name=\"author\" content=\"El Digital de Asturias\"\/>\n\t<meta name=\"google-site-verification\" content=\"UA-38556648-1\" \/>\n\t<meta name=\"msvalidate.01\" content=\"7dfe9f3f1b24437ab69f4f2559babe99\" \/>\n\t<meta name=\"keywords\" content=\"actualidad\" \/>\n\t<link rel=\"canonical\" href=\"https:\/\/www.eldigitaldeasturias.com\/noticias\/el-gobierno-defiende-las-corridas-de-toros-en-baleares\/\" \/>\n\t<meta name=\"generator\" content=\"All in One SEO Pro (AIOSEO) 5.0.1\" \/>\n\t\t<meta property=\"og:locale\" content=\"es_ES\" \/>\n\t\t<meta property=\"og:site_name\" content=\"El Digital de Asturias\" \/>\n\t\t<meta property=\"og:type\" content=\"article\" \/>\n\t\t<meta property=\"og:title\" content=\"El Gobierno defiende las corridas de toros en Baleares - El Digital de Asturias\" \/>\n\t\t<meta property=\"og:description\" content=\"El Consejo de Ministros ha acordado solicitar al presidente del Gobierno la interposici\u00f3n de un recurso de inconstitucionalidad contra la Ley 9\/2017, del Gobierno de las Illes Balears, de regulaci\u00f3n de las corridas de toros y de protecci\u00f3n de los animales. El portavoz del Gobierno ha argumentado que el Estatuto de esa comunidad aut\u00f3noma &quot;no\" \/>\n\t\t<meta property=\"og:url\" content=\"https:\/\/www.eldigitaldeasturias.com\/noticias\/el-gobierno-defiende-las-corridas-de-toros-en-baleares\/\" \/>\n\t\t<meta property=\"article:tag\" content=\"actualidad\" \/>\n\t\t<meta property=\"article:published_time\" content=\"2017-11-11T17:38:16+00:00\" \/>\n\t\t<meta property=\"article:modified_time\" content=\"2017-11-11T17:38:16+00:00\" \/>\n\t\t<meta property=\"article:publisher\" content=\"https:\/\/facebook.com\/eldigitaldeasturias\" \/>\n\t\t<meta name=\"twitter:card\" content=\"summary_large_image\" \/>\n\t\t<meta name=\"twitter:title\" content=\"El Gobierno defiende las corridas de toros en Baleares - El Digital de Asturias\" \/>\n\t\t<meta name=\"twitter:description\" content=\"El Consejo de Ministros ha acordado solicitar al presidente del Gobierno la interposici\u00f3n de un recurso de inconstitucionalidad contra la Ley 9\/2017, del Gobierno de las Illes Balears, de regulaci\u00f3n de las corridas de toros y de protecci\u00f3n de los animales. El portavoz del Gobierno ha argumentado que el Estatuto de esa comunidad aut\u00f3noma &quot;no\" \/>\n\t\t<meta name=\"twitter:image\" content=\"https:\/\/www.eldigitaldeasturias.com\/noticias\/wp-content\/uploads\/2020\/12\/EDA-1.jpg\" \/>\n\t\t<meta name=\"twitter:label1\" content=\"Escrito por\" \/>\n\t\t<meta name=\"twitter:data1\" content=\"El Digital de Asturias\" \/>\n\t\t<script type=\"application\/ld+json\" class=\"aioseo-schema\">\n\t\t\t{\"@context\":\"https:\\\/\\\/schema.org\",\"@graph\":[{\"@type\":\"BlogPosting\",\"@id\":\"https:\\\/\\\/www.eldigitaldeasturias.com\\\/noticias\\\/el-gobierno-defiende-las-corridas-de-toros-en-baleares\\\/#blogposting\",\"name\":\"El Gobierno defiende las corridas de toros en Baleares - El Digital de Asturias\",\"headline\":\"El Gobierno defiende las corridas de toros en Baleares\",\"author\":{\"@id\":\"https:\\\/\\\/www.eldigitaldeasturias.com\\\/noticias\\\/author\\\/admin\\\/#author\"},\"publisher\":{\"@id\":\"https:\\\/\\\/www.eldigitaldeasturias.com\\\/noticias\\\/#organization\"},\"image\":{\"@type\":\"ImageObject\",\"url\":959392},\"datePublished\":\"2017-11-11T17:38:16+01:00\",\"dateModified\":\"2017-11-11T17:38:16+01:00\",\"inLanguage\":\"es-ES\",\"mainEntityOfPage\":{\"@id\":\"https:\\\/\\\/www.eldigitaldeasturias.com\\\/noticias\\\/el-gobierno-defiende-las-corridas-de-toros-en-baleares\\\/#webpage\"},\"isPartOf\":{\"@id\":\"https:\\\/\\\/www.eldigitaldeasturias.com\\\/noticias\\\/el-gobierno-defiende-las-corridas-de-toros-en-baleares\\\/#webpage\"},\"articleSection\":\"Actualidad\"},{\"@type\":\"BreadcrumbList\",\"@id\":\"https:\\\/\\\/www.eldigitaldeasturias.com\\\/noticias\\\/el-gobierno-defiende-las-corridas-de-toros-en-baleares\\\/#breadcrumblist\",\"itemListElement\":[{\"@type\":\"ListItem\",\"@id\":\"https:\\\/\\\/www.eldigitaldeasturias.com\\\/noticias#listItem\",\"position\":1,\"name\":\"Home\",\"item\":\"https:\\\/\\\/www.eldigitaldeasturias.com\\\/noticias\",\"nextItem\":{\"@type\":\"ListItem\",\"@id\":\"https:\\\/\\\/www.eldigitaldeasturias.com\\\/noticias\\\/category\\\/actualidad\\\/#listItem\",\"name\":\"Actualidad\"}},{\"@type\":\"ListItem\",\"@id\":\"https:\\\/\\\/www.eldigitaldeasturias.com\\\/noticias\\\/category\\\/actualidad\\\/#listItem\",\"position\":2,\"name\":\"Actualidad\",\"item\":\"https:\\\/\\\/www.eldigitaldeasturias.com\\\/noticias\\\/category\\\/actualidad\\\/\",\"nextItem\":{\"@type\":\"ListItem\",\"@id\":\"https:\\\/\\\/www.eldigitaldeasturias.com\\\/noticias\\\/el-gobierno-defiende-las-corridas-de-toros-en-baleares\\\/#listItem\",\"name\":\"El Gobierno defiende las corridas de toros en Baleares\"},\"previousItem\":{\"@type\":\"ListItem\",\"@id\":\"https:\\\/\\\/www.eldigitaldeasturias.com\\\/noticias#listItem\",\"name\":\"Home\"}},{\"@type\":\"ListItem\",\"@id\":\"https:\\\/\\\/www.eldigitaldeasturias.com\\\/noticias\\\/el-gobierno-defiende-las-corridas-de-toros-en-baleares\\\/#listItem\",\"position\":3,\"name\":\"El Gobierno defiende las corridas de toros en Baleares\",\"previousItem\":{\"@type\":\"ListItem\",\"@id\":\"https:\\\/\\\/www.eldigitaldeasturias.com\\\/noticias\\\/category\\\/actualidad\\\/#listItem\",\"name\":\"Actualidad\"}}]},{\"@type\":\"Organization\",\"@id\":\"https:\\\/\\\/www.eldigitaldeasturias.com\\\/noticias\\\/#organization\",\"name\":\"El Digital de Asturias\",\"description\":\"Hemeroteca\",\"url\":\"https:\\\/\\\/www.eldigitaldeasturias.com\\\/noticias\\\/\",\"email\":\"info@eldigitaldeasturias.com\",\"telephone\":\"+34652131393\",\"logo\":{\"@type\":\"ImageObject\",\"url\":\"https:\\\/\\\/www.eldigitaldeasturias.com\\\/noticias\\\/wp-content\\\/uploads\\\/2020\\\/12\\\/EDA.jpg\",\"@id\":\"https:\\\/\\\/www.eldigitaldeasturias.com\\\/noticias\\\/el-gobierno-defiende-las-corridas-de-toros-en-baleares\\\/#organizationLogo\"},\"image\":{\"@id\":\"https:\\\/\\\/www.eldigitaldeasturias.com\\\/noticias\\\/el-gobierno-defiende-las-corridas-de-toros-en-baleares\\\/#organizationLogo\"},\"sameAs\":[\"https:\\\/\\\/facebook.com\\\/eldigitaldeasturias\",\"https:\\\/\\\/www.youtube.com\\\/channel\\\/UCZP-2wLEB9Rv6erhFmqVnvg\"],\"address\":{\"@id\":\"https:\\\/\\\/www.eldigitaldeasturias.com\\\/noticias\\\/#postaladdress\",\"@type\":\"PostalAddress\",\"streetAddress\":\"san antonio 4\",\"postalCode\":\"33430\",\"addressLocality\":\"Cand\\u00e1s\",\"addressRegion\":\"Asturias\",\"addressCountry\":\"ES\"}},{\"@type\":\"Person\",\"@id\":\"https:\\\/\\\/www.eldigitaldeasturias.com\\\/noticias\\\/author\\\/admin\\\/#author\",\"url\":\"https:\\\/\\\/www.eldigitaldeasturias.com\\\/noticias\\\/author\\\/admin\\\/\",\"name\":\"El Digital de Asturias\",\"image\":{\"@type\":\"ImageObject\",\"@id\":\"https:\\\/\\\/www.eldigitaldeasturias.com\\\/noticias\\\/el-gobierno-defiende-las-corridas-de-toros-en-baleares\\\/#authorImage\",\"url\":\"https:\\\/\\\/secure.gravatar.com\\\/avatar\\\/df2aeffc32bcd13f8d26072ef8a91b623d677766deac7f97ca815868cd41bf5e?s=96&d=mm&r=g\",\"width\":96,\"height\":96,\"caption\":\"El Digital de Asturias\"}},{\"@type\":\"WebPage\",\"@id\":\"https:\\\/\\\/www.eldigitaldeasturias.com\\\/noticias\\\/el-gobierno-defiende-las-corridas-de-toros-en-baleares\\\/#webpage\",\"url\":\"https:\\\/\\\/www.eldigitaldeasturias.com\\\/noticias\\\/el-gobierno-defiende-las-corridas-de-toros-en-baleares\\\/\",\"name\":\"El Gobierno defiende las corridas de toros en Baleares - El Digital de Asturias\",\"description\":\"El Consejo de Ministros ha acordado solicitar al presidente del Gobierno la interposici\\u00f3n de un recurso de inconstitucionalidad contra la Ley 9\\\/2017, del Gobierno de las Illes Balears, de regulaci\\u00f3n de las corridas de toros y de protecci\\u00f3n de los animales. El portavoz del Gobierno ha argumentado que el Estatuto de esa comunidad aut\\u00f3noma \\\"no\",\"inLanguage\":\"es-ES\",\"isPartOf\":{\"@id\":\"https:\\\/\\\/www.eldigitaldeasturias.com\\\/noticias\\\/#website\"},\"breadcrumb\":{\"@id\":\"https:\\\/\\\/www.eldigitaldeasturias.com\\\/noticias\\\/el-gobierno-defiende-las-corridas-de-toros-en-baleares\\\/#breadcrumblist\"},\"author\":{\"@id\":\"https:\\\/\\\/www.eldigitaldeasturias.com\\\/noticias\\\/author\\\/admin\\\/#author\"},\"creator\":{\"@id\":\"https:\\\/\\\/www.eldigitaldeasturias.com\\\/noticias\\\/author\\\/admin\\\/#author\"},\"image\":{\"@type\":\"ImageObject\",\"url\":959392,\"@id\":\"https:\\\/\\\/www.eldigitaldeasturias.com\\\/noticias\\\/el-gobierno-defiende-las-corridas-de-toros-en-baleares\\\/#mainImage\"},\"primaryImageOfPage\":{\"@id\":\"https:\\\/\\\/www.eldigitaldeasturias.com\\\/noticias\\\/el-gobierno-defiende-las-corridas-de-toros-en-baleares\\\/#mainImage\"},\"datePublished\":\"2017-11-11T17:38:16+01:00\",\"dateModified\":\"2017-11-11T17:38:16+01:00\"},{\"@type\":\"WebSite\",\"@id\":\"https:\\\/\\\/www.eldigitaldeasturias.com\\\/noticias\\\/#website\",\"url\":\"https:\\\/\\\/www.eldigitaldeasturias.com\\\/noticias\\\/\",\"name\":\"El Digital de Asturias - Diario de actualidad y noticias\",\"alternateName\":\"El Digital de Asturias - Diario de actualidad y noticias\",\"description\":\"Hemeroteca\",\"inLanguage\":\"es-ES\",\"publisher\":{\"@id\":\"https:\\\/\\\/www.eldigitaldeasturias.com\\\/noticias\\\/#organization\"}}]}\n\t\t<\/script>\n\t\t<!-- All in One SEO Pro -->\r\n\t\t<title>El Gobierno defiende las corridas de toros en Baleares - El Digital de Asturias<\/title>\n\n","aioseo_head_json":{"title":"El Gobierno defiende las corridas de toros en Baleares - El Digital de Asturias","description":"El Consejo de Ministros ha acordado solicitar al presidente del Gobierno la interposici\u00f3n de un recurso de inconstitucionalidad contra la Ley 9\/2017, del Gobierno de las Illes Balears, de regulaci\u00f3n de las corridas de toros y de protecci\u00f3n de los animales. El portavoz del Gobierno ha argumentado que el Estatuto de esa comunidad aut\u00f3noma \"no","canonical_url":"https:\/\/www.eldigitaldeasturias.com\/noticias\/el-gobierno-defiende-las-corridas-de-toros-en-baleares\/","robots":"max-image-preview:large","keywords":"actualidad","webmasterTools":{"google-site-verification":"UA-38556648-1","msvalidate.01":"7dfe9f3f1b24437ab69f4f2559babe99","miscellaneous":""},"schema":{"@context":"https:\/\/schema.org","@graph":[{"@type":"BlogPosting","@id":"https:\/\/www.eldigitaldeasturias.com\/noticias\/el-gobierno-defiende-las-corridas-de-toros-en-baleares\/#blogposting","name":"El Gobierno defiende las corridas de toros en Baleares - El Digital de Asturias","headline":"El Gobierno defiende las corridas de toros en Baleares","author":{"@id":"https:\/\/www.eldigitaldeasturias.com\/noticias\/author\/admin\/#author"},"publisher":{"@id":"https:\/\/www.eldigitaldeasturias.com\/noticias\/#organization"},"image":{"@type":"ImageObject","url":959392},"datePublished":"2017-11-11T17:38:16+01:00","dateModified":"2017-11-11T17:38:16+01:00","inLanguage":"es-ES","mainEntityOfPage":{"@id":"https:\/\/www.eldigitaldeasturias.com\/noticias\/el-gobierno-defiende-las-corridas-de-toros-en-baleares\/#webpage"},"isPartOf":{"@id":"https:\/\/www.eldigitaldeasturias.com\/noticias\/el-gobierno-defiende-las-corridas-de-toros-en-baleares\/#webpage"},"articleSection":"Actualidad"},{"@type":"BreadcrumbList","@id":"https:\/\/www.eldigitaldeasturias.com\/noticias\/el-gobierno-defiende-las-corridas-de-toros-en-baleares\/#breadcrumblist","itemListElement":[{"@type":"ListItem","@id":"https:\/\/www.eldigitaldeasturias.com\/noticias#listItem","position":1,"name":"Home","item":"https:\/\/www.eldigitaldeasturias.com\/noticias","nextItem":{"@type":"ListItem","@id":"https:\/\/www.eldigitaldeasturias.com\/noticias\/category\/actualidad\/#listItem","name":"Actualidad"}},{"@type":"ListItem","@id":"https:\/\/www.eldigitaldeasturias.com\/noticias\/category\/actualidad\/#listItem","position":2,"name":"Actualidad","item":"https:\/\/www.eldigitaldeasturias.com\/noticias\/category\/actualidad\/","nextItem":{"@type":"ListItem","@id":"https:\/\/www.eldigitaldeasturias.com\/noticias\/el-gobierno-defiende-las-corridas-de-toros-en-baleares\/#listItem","name":"El Gobierno defiende las corridas de toros en Baleares"},"previousItem":{"@type":"ListItem","@id":"https:\/\/www.eldigitaldeasturias.com\/noticias#listItem","name":"Home"}},{"@type":"ListItem","@id":"https:\/\/www.eldigitaldeasturias.com\/noticias\/el-gobierno-defiende-las-corridas-de-toros-en-baleares\/#listItem","position":3,"name":"El Gobierno defiende las corridas de toros en Baleares","previousItem":{"@type":"ListItem","@id":"https:\/\/www.eldigitaldeasturias.com\/noticias\/category\/actualidad\/#listItem","name":"Actualidad"}}]},{"@type":"Organization","@id":"https:\/\/www.eldigitaldeasturias.com\/noticias\/#organization","name":"El Digital de Asturias","description":"Hemeroteca","url":"https:\/\/www.eldigitaldeasturias.com\/noticias\/","email":"info@eldigitaldeasturias.com","telephone":"+34652131393","logo":{"@type":"ImageObject","url":"https:\/\/www.eldigitaldeasturias.com\/noticias\/wp-content\/uploads\/2020\/12\/EDA.jpg","@id":"https:\/\/www.eldigitaldeasturias.com\/noticias\/el-gobierno-defiende-las-corridas-de-toros-en-baleares\/#organizationLogo"},"image":{"@id":"https:\/\/www.eldigitaldeasturias.com\/noticias\/el-gobierno-defiende-las-corridas-de-toros-en-baleares\/#organizationLogo"},"sameAs":["https:\/\/facebook.com\/eldigitaldeasturias","https:\/\/www.youtube.com\/channel\/UCZP-2wLEB9Rv6erhFmqVnvg"],"address":{"@id":"https:\/\/www.eldigitaldeasturias.com\/noticias\/#postaladdress","@type":"PostalAddress","streetAddress":"san antonio 4","postalCode":"33430","addressLocality":"Cand\u00e1s","addressRegion":"Asturias","addressCountry":"ES"}},{"@type":"Person","@id":"https:\/\/www.eldigitaldeasturias.com\/noticias\/author\/admin\/#author","url":"https:\/\/www.eldigitaldeasturias.com\/noticias\/author\/admin\/","name":"El Digital de Asturias","image":{"@type":"ImageObject","@id":"https:\/\/www.eldigitaldeasturias.com\/noticias\/el-gobierno-defiende-las-corridas-de-toros-en-baleares\/#authorImage","url":"https:\/\/secure.gravatar.com\/avatar\/df2aeffc32bcd13f8d26072ef8a91b623d677766deac7f97ca815868cd41bf5e?s=96&d=mm&r=g","width":96,"height":96,"caption":"El Digital de Asturias"}},{"@type":"WebPage","@id":"https:\/\/www.eldigitaldeasturias.com\/noticias\/el-gobierno-defiende-las-corridas-de-toros-en-baleares\/#webpage","url":"https:\/\/www.eldigitaldeasturias.com\/noticias\/el-gobierno-defiende-las-corridas-de-toros-en-baleares\/","name":"El Gobierno defiende las corridas de toros en Baleares - El Digital de Asturias","description":"El Consejo de Ministros ha acordado solicitar al presidente del Gobierno la interposici\u00f3n de un recurso de inconstitucionalidad contra la Ley 9\/2017, del Gobierno de las Illes Balears, de regulaci\u00f3n de las corridas de toros y de protecci\u00f3n de los animales. El portavoz del Gobierno ha argumentado que el Estatuto de esa comunidad aut\u00f3noma \"no","inLanguage":"es-ES","isPartOf":{"@id":"https:\/\/www.eldigitaldeasturias.com\/noticias\/#website"},"breadcrumb":{"@id":"https:\/\/www.eldigitaldeasturias.com\/noticias\/el-gobierno-defiende-las-corridas-de-toros-en-baleares\/#breadcrumblist"},"author":{"@id":"https:\/\/www.eldigitaldeasturias.com\/noticias\/author\/admin\/#author"},"creator":{"@id":"https:\/\/www.eldigitaldeasturias.com\/noticias\/author\/admin\/#author"},"image":{"@type":"ImageObject","url":959392,"@id":"https:\/\/www.eldigitaldeasturias.com\/noticias\/el-gobierno-defiende-las-corridas-de-toros-en-baleares\/#mainImage"},"primaryImageOfPage":{"@id":"https:\/\/www.eldigitaldeasturias.com\/noticias\/el-gobierno-defiende-las-corridas-de-toros-en-baleares\/#mainImage"},"datePublished":"2017-11-11T17:38:16+01:00","dateModified":"2017-11-11T17:38:16+01:00"},{"@type":"WebSite","@id":"https:\/\/www.eldigitaldeasturias.com\/noticias\/#website","url":"https:\/\/www.eldigitaldeasturias.com\/noticias\/","name":"El Digital de Asturias - Diario de actualidad y noticias","alternateName":"El Digital de Asturias - Diario de actualidad y noticias","description":"Hemeroteca","inLanguage":"es-ES","publisher":{"@id":"https:\/\/www.eldigitaldeasturias.com\/noticias\/#organization"}}]},"og:locale":"es_ES","og:site_name":"El Digital de Asturias","og:type":"article","og:title":"El Gobierno defiende las corridas de toros en Baleares - El Digital de Asturias","og:description":"El Consejo de Ministros ha acordado solicitar al presidente del Gobierno la interposici\u00f3n de un recurso de inconstitucionalidad contra la Ley 9\/2017, del Gobierno de las Illes Balears, de regulaci\u00f3n de las corridas de toros y de protecci\u00f3n de los animales. El portavoz del Gobierno ha argumentado que el Estatuto de esa comunidad aut\u00f3noma &quot;no","og:url":"https:\/\/www.eldigitaldeasturias.com\/noticias\/el-gobierno-defiende-las-corridas-de-toros-en-baleares\/","article:tag":["actualidad"],"article:published_time":"2017-11-11T17:38:16+00:00","article:modified_time":"2017-11-11T17:38:16+00:00","article:publisher":"https:\/\/facebook.com\/eldigitaldeasturias","twitter:card":"summary_large_image","twitter:title":"El Gobierno defiende las corridas de toros en Baleares - El Digital de Asturias","twitter:description":"El Consejo de Ministros ha acordado solicitar al presidente del Gobierno la interposici\u00f3n de un recurso de inconstitucionalidad contra la Ley 9\/2017, del Gobierno de las Illes Balears, de regulaci\u00f3n de las corridas de toros y de protecci\u00f3n de los animales. El portavoz del Gobierno ha argumentado que el Estatuto de esa comunidad aut\u00f3noma &quot;no","twitter:image":"https:\/\/www.eldigitaldeasturias.com\/noticias\/wp-content\/uploads\/2020\/12\/EDA-1.jpg","twitter:label1":"Escrito por","twitter:data1":"El Digital de Asturias"},"aioseo_meta_data":{"post_id":"959391","title":null,"description":null,"keywords":null,"keyphrases":null,"primary_term":null,"canonical_url":null,"og_title":null,"og_description":null,"og_object_type":"default","og_image_type":"default","og_image_url":null,"og_image_width":null,"og_image_height":null,"og_image_custom_url":null,"og_image_custom_fields":null,"og_video":null,"og_custom_url":null,"og_article_section":null,"og_article_tags":null,"twitter_use_og":false,"twitter_card":"default","twitter_image_type":"default","twitter_image_url":null,"twitter_image_custom_url":null,"twitter_image_custom_fields":null,"twitter_title":null,"twitter_description":null,"schema":{"blockGraphs":[],"customGraphs":[],"default":{"data":{"Article":[],"Course":[],"Dataset":[],"FAQPage":[],"Movie":[],"Person":[],"Product":[],"ProductReview":[],"Car":[],"Recipe":[],"Service":[],"SoftwareApplication":[],"WebPage":[]},"graphName":"","isEnabled":true},"graphs":[],"defaultGraph":"","defaultPostTypeGraph":""},"schema_type":null,"schema_type_options":null,"pillar_content":false,"robots_default":true,"robots_noindex":false,"robots_noarchive":false,"robots_nosnippet":false,"robots_nofollow":false,"robots_noimageindex":false,"robots_noodp":false,"robots_notranslate":false,"robots_max_snippet":null,"robots_max_videopreview":null,"robots_max_imagepreview":"large","priority":null,"frequency":null,"local_seo":null,"seo_analyzer_scan_date":"2025-12-07 01:10:08","breadcrumb_settings":null,"limit_modified_date":false,"open_ai":null,"ai":null,"created":"2020-12-21 12:53:35","updated":"2025-12-07 01:10:08","focus_keyword":null,"additional_keywords":null,"truseo_locale":null},"aioseo_breadcrumb":"<div class=\"aioseo-breadcrumbs\"><span class=\"aioseo-breadcrumb\">\n\t<a href=\"https:\/\/www.eldigitaldeasturias.com\/noticias\" title=\"Home\">Home<\/a>\n<\/span><span class=\"aioseo-breadcrumb-separator\">\u2013<\/span><span class=\"aioseo-breadcrumb\">\n\t<a href=\"https:\/\/www.eldigitaldeasturias.com\/noticias\/category\/actualidad\/\" title=\"Actualidad\">Actualidad<\/a>\n<\/span><span class=\"aioseo-breadcrumb-separator\">\u2013<\/span><span class=\"aioseo-breadcrumb\">\n\t<a href=\"https:\/\/www.eldigitaldeasturias.com\/noticias\/el-gobierno-defiende-las-corridas-de-toros-en-baleares\/\" title=\"El Gobierno defiende las corridas de toros en Baleares\">El Gobierno defiende las corridas de toros en Baleares<\/a>\n<\/span><\/div>","aioseo_breadcrumb_json":[{"label":"Home","link":"https:\/\/www.eldigitaldeasturias.com\/noticias"},{"label":"Actualidad","link":"https:\/\/www.eldigitaldeasturias.com\/noticias\/category\/actualidad\/"},{"label":"El Gobierno defiende las corridas de toros en Baleares","link":"https:\/\/www.eldigitaldeasturias.com\/noticias\/el-gobierno-defiende-las-corridas-de-toros-en-baleares\/"}],"_links":{"self":[{"href":"https:\/\/www.eldigitaldeasturias.com\/noticias\/wp-json\/wp\/v2\/posts\/959391","targetHints":{"allow":["GET"]}}],"collection":[{"href":"https:\/\/www.eldigitaldeasturias.com\/noticias\/wp-json\/wp\/v2\/posts"}],"about":[{"href":"https:\/\/www.eldigitaldeasturias.com\/noticias\/wp-json\/wp\/v2\/types\/post"}],"author":[{"embeddable":true,"href":"https:\/\/www.eldigitaldeasturias.com\/noticias\/wp-json\/wp\/v2\/users\/1"}],"replies":[{"embeddable":true,"href":"https:\/\/www.eldigitaldeasturias.com\/noticias\/wp-json\/wp\/v2\/comments?post=959391"}],"version-history":[{"count":0,"href":"https:\/\/www.eldigitaldeasturias.com\/noticias\/wp-json\/wp\/v2\/posts\/959391\/revisions"}],"wp:attachment":[{"href":"https:\/\/www.eldigitaldeasturias.com\/noticias\/wp-json\/wp\/v2\/media?parent=959391"}],"wp:term":[{"taxonomy":"category","embeddable":true,"href":"https:\/\/www.eldigitaldeasturias.com\/noticias\/wp-json\/wp\/v2\/categories?post=959391"},{"taxonomy":"post_tag","embeddable":true,"href":"https:\/\/www.eldigitaldeasturias.com\/noticias\/wp-json\/wp\/v2\/tags?post=959391"}],"curies":[{"name":"wp","href":"https:\/\/api.w.org\/{rel}","templated":true}]}}