{"id":959341,"date":"2017-11-11T00:12:16","date_gmt":"2017-11-11T00:12:16","guid":{"rendered":"http:\/\/www.eldigitaldeasturias.com\/noticias\/?p=959341"},"modified":"2017-11-11T00:12:16","modified_gmt":"2017-11-11T00:12:16","slug":"albert-rivera-cataluna-se-merece-un-gobierno-sensato","status":"publish","type":"post","link":"https:\/\/www.eldigitaldeasturias.com\/noticias\/albert-rivera-cataluna-se-merece-un-gobierno-sensato\/","title":{"rendered":"Albert Rivera: \u201cCatalu\u00f1a se merece un gobierno sensato\u00bb"},"content":{"rendered":"<p><img loading=\"lazy\" decoding=\"async\" class=\"alignleft size-medium wp-image-957970\" src=\"https:\/\/www.eldigitaldeasturias.com\/noticias\/wp-content\/uploads\/2017\/10\/Rivera2-360x240.jpg\" alt=\"\" width=\"360\" height=\"240\" \/>El presidente de Ciudadanos (Cs), Albert Rivera, ha advertido que \u201cForcadell ha dicho la verdad ante el juez para evitar la c\u00e1rcel mientras llevan a\u00f1os mintiendo a todos los catalanes\u201d, en relaci\u00f3n a la declaraci\u00f3n de la presidenta del Parlamento de Catalu\u00f1a ante el Tribunal Supremo.<\/p>\n<p>\u201cLes dijeron a los catalanes que si votaban el 1-O tendr\u00edan la republica catalana, y ayer Forcadell admiti\u00f3 que mintieron. Es un punto de inflexi\u00f3n porque han reconocido la verdad en vez de seguir con su \u2018matrix\u2019 paralelo\u201d, ha rese\u00f1ado Rivera.<\/p>\n<p>El l\u00edder de la formaci\u00f3n liberal, en una entrevista esta ma\u00f1ana en el programa \u2018Las ma\u00f1anas de RNE\u2019, ha afirmado que \u201cCatalu\u00f1a se merece un gobierno sensato y Arrimadas ser\u00eda la mejor presidenta para todos los catalanes\u201d, y ha avisado que \u201csi la noche electoral hay un esca\u00f1o m\u00e1s de partidos que respetamos las leyes, la historia no nos perdonar\u00eda otra cosa que no fuese sumar\u201d.<\/p>\n<p>En relaci\u00f3n a la situaci\u00f3n del resto de formaciones catalanas, Rivera ha criticado que \u201cla del PDeCAT es la lista del fracaso y del 3%, veremos en las urnas el coste que tiene la huida hacia delante de Puigdemont\u201d. \u201cEl PSC vuelve a hacer de PSC incorporando a Espadaler en sus listas. Es un partido nacionalista de facto del que no me extra\u00f1ar\u00eda que su objetivo sea otro tripartito con los nacionalistas\u201d. Sobre ERC, el presidente de Cs ha puesto en duda su legitimidad con un Junqueras \u201cque quiere ser presidente sin cumplir las leyes ni respetar la Constituci\u00f3n\u201d.<\/p>\n<p>\u201cLos que han sido parte del problema hasta ahora no pueden ser parte de la soluci\u00f3n\u201d, ha censurado Albert Rivera.<\/p>\n","protected":false},"excerpt":{"rendered":"<p>El presidente de Ciudadanos (Cs), Albert Rivera, ha advertido que \u201cForcadell ha dicho la verdad ante el juez para evitar la c\u00e1rcel mientras llevan a\u00f1os mintiendo a todos los catalanes\u201d, en relaci\u00f3n a la declaraci\u00f3n de la presidenta del Parlamento de Catalu\u00f1a ante el Tribunal Supremo. \u201cLes dijeron a los catalanes que si votaban el [&hellip;]<\/p>\n","protected":false},"author":1,"featured_media":957970,"comment_status":"closed","ping_status":"closed","sticky":false,"template":"","format":"standard","meta":{"footnotes":""},"categories":[1],"tags":[],"class_list":["post-959341","post","type-post","status-publish","format-standard","has-post-thumbnail","hentry","category-actualidad"],"aioseo_notices":[],"aioseo_head":"\n\t\t<!-- All in One SEO Pro 5.0.1 - aioseo.com -->\n\t<meta name=\"description\" content=\"El presidente de Ciudadanos (Cs), Albert Rivera, ha advertido que \u201cForcadell ha dicho la verdad ante el juez para evitar la c\u00e1rcel mientras llevan a\u00f1os mintiendo a todos los catalanes\u201d, en relaci\u00f3n a la declaraci\u00f3n de la presidenta del Parlamento de Catalu\u00f1a ante el Tribunal Supremo. \u201cLes dijeron a los catalanes que si votaban el\" \/>\n\t<meta name=\"robots\" content=\"max-image-preview:large\" \/>\n\t<meta name=\"author\" content=\"El Digital de Asturias\"\/>\n\t<meta name=\"google-site-verification\" content=\"UA-38556648-1\" \/>\n\t<meta name=\"msvalidate.01\" content=\"7dfe9f3f1b24437ab69f4f2559babe99\" \/>\n\t<meta name=\"keywords\" content=\"actualidad\" \/>\n\t<link rel=\"canonical\" href=\"https:\/\/www.eldigitaldeasturias.com\/noticias\/albert-rivera-cataluna-se-merece-un-gobierno-sensato\/\" \/>\n\t<meta name=\"generator\" content=\"All in One SEO Pro (AIOSEO) 5.0.1\" \/>\n\t\t<meta property=\"og:locale\" content=\"es_ES\" \/>\n\t\t<meta property=\"og:site_name\" content=\"El Digital de Asturias\" \/>\n\t\t<meta property=\"og:type\" content=\"article\" \/>\n\t\t<meta property=\"og:title\" content=\"Albert Rivera: \u201cCatalu\u00f1a se merece un gobierno sensato\u00bb - El Digital de Asturias\" \/>\n\t\t<meta property=\"og:description\" content=\"El presidente de Ciudadanos (Cs), Albert Rivera, ha advertido que \u201cForcadell ha dicho la verdad ante el juez para evitar la c\u00e1rcel mientras llevan a\u00f1os mintiendo a todos los catalanes\u201d, en relaci\u00f3n a la declaraci\u00f3n de la presidenta del Parlamento de Catalu\u00f1a ante el Tribunal Supremo. \u201cLes dijeron a los catalanes que si votaban el\" \/>\n\t\t<meta property=\"og:url\" content=\"https:\/\/www.eldigitaldeasturias.com\/noticias\/albert-rivera-cataluna-se-merece-un-gobierno-sensato\/\" \/>\n\t\t<meta property=\"article:tag\" content=\"actualidad\" \/>\n\t\t<meta property=\"article:published_time\" content=\"2017-11-11T00:12:16+00:00\" \/>\n\t\t<meta property=\"article:modified_time\" content=\"2017-11-11T00:12:16+00:00\" \/>\n\t\t<meta property=\"article:publisher\" content=\"https:\/\/facebook.com\/eldigitaldeasturias\" \/>\n\t\t<meta name=\"twitter:card\" content=\"summary_large_image\" \/>\n\t\t<meta name=\"twitter:title\" content=\"Albert Rivera: \u201cCatalu\u00f1a se merece un gobierno sensato\u00bb - El Digital de Asturias\" \/>\n\t\t<meta name=\"twitter:description\" content=\"El presidente de Ciudadanos (Cs), Albert Rivera, ha advertido que \u201cForcadell ha dicho la verdad ante el juez para evitar la c\u00e1rcel mientras llevan a\u00f1os mintiendo a todos los catalanes\u201d, en relaci\u00f3n a la declaraci\u00f3n de la presidenta del Parlamento de Catalu\u00f1a ante el Tribunal Supremo. \u201cLes dijeron a los catalanes que si votaban el\" \/>\n\t\t<meta name=\"twitter:image\" content=\"https:\/\/www.eldigitaldeasturias.com\/noticias\/wp-content\/uploads\/2020\/12\/EDA-1.jpg\" \/>\n\t\t<meta name=\"twitter:label1\" content=\"Escrito por\" \/>\n\t\t<meta name=\"twitter:data1\" content=\"El Digital de Asturias\" \/>\n\t\t<meta name=\"twitter:label2\" content=\"Tiempo de lectura estimado\" \/>\n\t\t<meta name=\"twitter:data2\" content=\"1 minuto\" \/>\n\t\t<script type=\"application\/ld+json\" class=\"aioseo-schema\">\n\t\t\t{\"@context\":\"https:\\\/\\\/schema.org\",\"@graph\":[{\"@type\":\"BlogPosting\",\"@id\":\"https:\\\/\\\/www.eldigitaldeasturias.com\\\/noticias\\\/albert-rivera-cataluna-se-merece-un-gobierno-sensato\\\/#blogposting\",\"name\":\"Albert Rivera: \\u201cCatalu\\u00f1a se merece un gobierno sensato\\u00bb - El Digital de Asturias\",\"headline\":\"Albert Rivera: \\u201cCatalu\\u00f1a se merece un gobierno sensato\\u00bb\",\"author\":{\"@id\":\"https:\\\/\\\/www.eldigitaldeasturias.com\\\/noticias\\\/author\\\/admin\\\/#author\"},\"publisher\":{\"@id\":\"https:\\\/\\\/www.eldigitaldeasturias.com\\\/noticias\\\/#organization\"},\"image\":{\"@type\":\"ImageObject\",\"url\":957970},\"datePublished\":\"2017-11-11T00:12:16+01:00\",\"dateModified\":\"2017-11-11T00:12:16+01:00\",\"inLanguage\":\"es-ES\",\"mainEntityOfPage\":{\"@id\":\"https:\\\/\\\/www.eldigitaldeasturias.com\\\/noticias\\\/albert-rivera-cataluna-se-merece-un-gobierno-sensato\\\/#webpage\"},\"isPartOf\":{\"@id\":\"https:\\\/\\\/www.eldigitaldeasturias.com\\\/noticias\\\/albert-rivera-cataluna-se-merece-un-gobierno-sensato\\\/#webpage\"},\"articleSection\":\"Actualidad\"},{\"@type\":\"BreadcrumbList\",\"@id\":\"https:\\\/\\\/www.eldigitaldeasturias.com\\\/noticias\\\/albert-rivera-cataluna-se-merece-un-gobierno-sensato\\\/#breadcrumblist\",\"itemListElement\":[{\"@type\":\"ListItem\",\"@id\":\"https:\\\/\\\/www.eldigitaldeasturias.com\\\/noticias#listItem\",\"position\":1,\"name\":\"Home\",\"item\":\"https:\\\/\\\/www.eldigitaldeasturias.com\\\/noticias\",\"nextItem\":{\"@type\":\"ListItem\",\"@id\":\"https:\\\/\\\/www.eldigitaldeasturias.com\\\/noticias\\\/category\\\/actualidad\\\/#listItem\",\"name\":\"Actualidad\"}},{\"@type\":\"ListItem\",\"@id\":\"https:\\\/\\\/www.eldigitaldeasturias.com\\\/noticias\\\/category\\\/actualidad\\\/#listItem\",\"position\":2,\"name\":\"Actualidad\",\"item\":\"https:\\\/\\\/www.eldigitaldeasturias.com\\\/noticias\\\/category\\\/actualidad\\\/\",\"nextItem\":{\"@type\":\"ListItem\",\"@id\":\"https:\\\/\\\/www.eldigitaldeasturias.com\\\/noticias\\\/albert-rivera-cataluna-se-merece-un-gobierno-sensato\\\/#listItem\",\"name\":\"Albert Rivera: \\u201cCatalu\\u00f1a se merece un gobierno sensato\\u00bb\"},\"previousItem\":{\"@type\":\"ListItem\",\"@id\":\"https:\\\/\\\/www.eldigitaldeasturias.com\\\/noticias#listItem\",\"name\":\"Home\"}},{\"@type\":\"ListItem\",\"@id\":\"https:\\\/\\\/www.eldigitaldeasturias.com\\\/noticias\\\/albert-rivera-cataluna-se-merece-un-gobierno-sensato\\\/#listItem\",\"position\":3,\"name\":\"Albert Rivera: \\u201cCatalu\\u00f1a se merece un gobierno sensato\\u00bb\",\"previousItem\":{\"@type\":\"ListItem\",\"@id\":\"https:\\\/\\\/www.eldigitaldeasturias.com\\\/noticias\\\/category\\\/actualidad\\\/#listItem\",\"name\":\"Actualidad\"}}]},{\"@type\":\"Organization\",\"@id\":\"https:\\\/\\\/www.eldigitaldeasturias.com\\\/noticias\\\/#organization\",\"name\":\"El Digital de Asturias\",\"description\":\"Hemeroteca\",\"url\":\"https:\\\/\\\/www.eldigitaldeasturias.com\\\/noticias\\\/\",\"email\":\"info@eldigitaldeasturias.com\",\"telephone\":\"+34652131393\",\"logo\":{\"@type\":\"ImageObject\",\"url\":\"https:\\\/\\\/www.eldigitaldeasturias.com\\\/noticias\\\/wp-content\\\/uploads\\\/2020\\\/12\\\/EDA.jpg\",\"@id\":\"https:\\\/\\\/www.eldigitaldeasturias.com\\\/noticias\\\/albert-rivera-cataluna-se-merece-un-gobierno-sensato\\\/#organizationLogo\"},\"image\":{\"@id\":\"https:\\\/\\\/www.eldigitaldeasturias.com\\\/noticias\\\/albert-rivera-cataluna-se-merece-un-gobierno-sensato\\\/#organizationLogo\"},\"sameAs\":[\"https:\\\/\\\/facebook.com\\\/eldigitaldeasturias\",\"https:\\\/\\\/www.youtube.com\\\/channel\\\/UCZP-2wLEB9Rv6erhFmqVnvg\"],\"address\":{\"@id\":\"https:\\\/\\\/www.eldigitaldeasturias.com\\\/noticias\\\/#postaladdress\",\"@type\":\"PostalAddress\",\"streetAddress\":\"san antonio 4\",\"postalCode\":\"33430\",\"addressLocality\":\"Cand\\u00e1s\",\"addressRegion\":\"Asturias\",\"addressCountry\":\"ES\"}},{\"@type\":\"Person\",\"@id\":\"https:\\\/\\\/www.eldigitaldeasturias.com\\\/noticias\\\/author\\\/admin\\\/#author\",\"url\":\"https:\\\/\\\/www.eldigitaldeasturias.com\\\/noticias\\\/author\\\/admin\\\/\",\"name\":\"El Digital de Asturias\",\"image\":{\"@type\":\"ImageObject\",\"@id\":\"https:\\\/\\\/www.eldigitaldeasturias.com\\\/noticias\\\/albert-rivera-cataluna-se-merece-un-gobierno-sensato\\\/#authorImage\",\"url\":\"https:\\\/\\\/secure.gravatar.com\\\/avatar\\\/df2aeffc32bcd13f8d26072ef8a91b623d677766deac7f97ca815868cd41bf5e?s=96&d=mm&r=g\",\"width\":96,\"height\":96,\"caption\":\"El Digital de Asturias\"}},{\"@type\":\"WebPage\",\"@id\":\"https:\\\/\\\/www.eldigitaldeasturias.com\\\/noticias\\\/albert-rivera-cataluna-se-merece-un-gobierno-sensato\\\/#webpage\",\"url\":\"https:\\\/\\\/www.eldigitaldeasturias.com\\\/noticias\\\/albert-rivera-cataluna-se-merece-un-gobierno-sensato\\\/\",\"name\":\"Albert Rivera: \\u201cCatalu\\u00f1a se merece un gobierno sensato\\u00bb - El Digital de Asturias\",\"description\":\"El presidente de Ciudadanos (Cs), Albert Rivera, ha advertido que \\u201cForcadell ha dicho la verdad ante el juez para evitar la c\\u00e1rcel mientras llevan a\\u00f1os mintiendo a todos los catalanes\\u201d, en relaci\\u00f3n a la declaraci\\u00f3n de la presidenta del Parlamento de Catalu\\u00f1a ante el Tribunal Supremo. \\u201cLes dijeron a los catalanes que si votaban el\",\"inLanguage\":\"es-ES\",\"isPartOf\":{\"@id\":\"https:\\\/\\\/www.eldigitaldeasturias.com\\\/noticias\\\/#website\"},\"breadcrumb\":{\"@id\":\"https:\\\/\\\/www.eldigitaldeasturias.com\\\/noticias\\\/albert-rivera-cataluna-se-merece-un-gobierno-sensato\\\/#breadcrumblist\"},\"author\":{\"@id\":\"https:\\\/\\\/www.eldigitaldeasturias.com\\\/noticias\\\/author\\\/admin\\\/#author\"},\"creator\":{\"@id\":\"https:\\\/\\\/www.eldigitaldeasturias.com\\\/noticias\\\/author\\\/admin\\\/#author\"},\"image\":{\"@type\":\"ImageObject\",\"url\":957970,\"@id\":\"https:\\\/\\\/www.eldigitaldeasturias.com\\\/noticias\\\/albert-rivera-cataluna-se-merece-un-gobierno-sensato\\\/#mainImage\"},\"primaryImageOfPage\":{\"@id\":\"https:\\\/\\\/www.eldigitaldeasturias.com\\\/noticias\\\/albert-rivera-cataluna-se-merece-un-gobierno-sensato\\\/#mainImage\"},\"datePublished\":\"2017-11-11T00:12:16+01:00\",\"dateModified\":\"2017-11-11T00:12:16+01:00\"},{\"@type\":\"WebSite\",\"@id\":\"https:\\\/\\\/www.eldigitaldeasturias.com\\\/noticias\\\/#website\",\"url\":\"https:\\\/\\\/www.eldigitaldeasturias.com\\\/noticias\\\/\",\"name\":\"El Digital de Asturias - Diario de actualidad y noticias\",\"alternateName\":\"El Digital de Asturias - Diario de actualidad y noticias\",\"description\":\"Hemeroteca\",\"inLanguage\":\"es-ES\",\"publisher\":{\"@id\":\"https:\\\/\\\/www.eldigitaldeasturias.com\\\/noticias\\\/#organization\"}}]}\n\t\t<\/script>\n\t\t<!-- All in One SEO Pro -->\r\n\t\t<title>Albert Rivera: \u201cCatalu\u00f1a se merece un gobierno sensato\u00bb - El Digital de Asturias<\/title>\n\n","aioseo_head_json":{"title":"Albert Rivera: \u201cCatalu\u00f1a se merece un gobierno sensato\u00bb - El Digital de Asturias","description":"El presidente de Ciudadanos (Cs), Albert Rivera, ha advertido que \u201cForcadell ha dicho la verdad ante el juez para evitar la c\u00e1rcel mientras llevan a\u00f1os mintiendo a todos los catalanes\u201d, en relaci\u00f3n a la declaraci\u00f3n de la presidenta del Parlamento de Catalu\u00f1a ante el Tribunal Supremo. \u201cLes dijeron a los catalanes que si votaban el","canonical_url":"https:\/\/www.eldigitaldeasturias.com\/noticias\/albert-rivera-cataluna-se-merece-un-gobierno-sensato\/","robots":"max-image-preview:large","keywords":"actualidad","webmasterTools":{"google-site-verification":"UA-38556648-1","msvalidate.01":"7dfe9f3f1b24437ab69f4f2559babe99","miscellaneous":""},"schema":{"@context":"https:\/\/schema.org","@graph":[{"@type":"BlogPosting","@id":"https:\/\/www.eldigitaldeasturias.com\/noticias\/albert-rivera-cataluna-se-merece-un-gobierno-sensato\/#blogposting","name":"Albert Rivera: \u201cCatalu\u00f1a se merece un gobierno sensato\u00bb - El Digital de Asturias","headline":"Albert Rivera: \u201cCatalu\u00f1a se merece un gobierno sensato\u00bb","author":{"@id":"https:\/\/www.eldigitaldeasturias.com\/noticias\/author\/admin\/#author"},"publisher":{"@id":"https:\/\/www.eldigitaldeasturias.com\/noticias\/#organization"},"image":{"@type":"ImageObject","url":957970},"datePublished":"2017-11-11T00:12:16+01:00","dateModified":"2017-11-11T00:12:16+01:00","inLanguage":"es-ES","mainEntityOfPage":{"@id":"https:\/\/www.eldigitaldeasturias.com\/noticias\/albert-rivera-cataluna-se-merece-un-gobierno-sensato\/#webpage"},"isPartOf":{"@id":"https:\/\/www.eldigitaldeasturias.com\/noticias\/albert-rivera-cataluna-se-merece-un-gobierno-sensato\/#webpage"},"articleSection":"Actualidad"},{"@type":"BreadcrumbList","@id":"https:\/\/www.eldigitaldeasturias.com\/noticias\/albert-rivera-cataluna-se-merece-un-gobierno-sensato\/#breadcrumblist","itemListElement":[{"@type":"ListItem","@id":"https:\/\/www.eldigitaldeasturias.com\/noticias#listItem","position":1,"name":"Home","item":"https:\/\/www.eldigitaldeasturias.com\/noticias","nextItem":{"@type":"ListItem","@id":"https:\/\/www.eldigitaldeasturias.com\/noticias\/category\/actualidad\/#listItem","name":"Actualidad"}},{"@type":"ListItem","@id":"https:\/\/www.eldigitaldeasturias.com\/noticias\/category\/actualidad\/#listItem","position":2,"name":"Actualidad","item":"https:\/\/www.eldigitaldeasturias.com\/noticias\/category\/actualidad\/","nextItem":{"@type":"ListItem","@id":"https:\/\/www.eldigitaldeasturias.com\/noticias\/albert-rivera-cataluna-se-merece-un-gobierno-sensato\/#listItem","name":"Albert Rivera: \u201cCatalu\u00f1a se merece un gobierno sensato\u00bb"},"previousItem":{"@type":"ListItem","@id":"https:\/\/www.eldigitaldeasturias.com\/noticias#listItem","name":"Home"}},{"@type":"ListItem","@id":"https:\/\/www.eldigitaldeasturias.com\/noticias\/albert-rivera-cataluna-se-merece-un-gobierno-sensato\/#listItem","position":3,"name":"Albert Rivera: \u201cCatalu\u00f1a se merece un gobierno sensato\u00bb","previousItem":{"@type":"ListItem","@id":"https:\/\/www.eldigitaldeasturias.com\/noticias\/category\/actualidad\/#listItem","name":"Actualidad"}}]},{"@type":"Organization","@id":"https:\/\/www.eldigitaldeasturias.com\/noticias\/#organization","name":"El Digital de Asturias","description":"Hemeroteca","url":"https:\/\/www.eldigitaldeasturias.com\/noticias\/","email":"info@eldigitaldeasturias.com","telephone":"+34652131393","logo":{"@type":"ImageObject","url":"https:\/\/www.eldigitaldeasturias.com\/noticias\/wp-content\/uploads\/2020\/12\/EDA.jpg","@id":"https:\/\/www.eldigitaldeasturias.com\/noticias\/albert-rivera-cataluna-se-merece-un-gobierno-sensato\/#organizationLogo"},"image":{"@id":"https:\/\/www.eldigitaldeasturias.com\/noticias\/albert-rivera-cataluna-se-merece-un-gobierno-sensato\/#organizationLogo"},"sameAs":["https:\/\/facebook.com\/eldigitaldeasturias","https:\/\/www.youtube.com\/channel\/UCZP-2wLEB9Rv6erhFmqVnvg"],"address":{"@id":"https:\/\/www.eldigitaldeasturias.com\/noticias\/#postaladdress","@type":"PostalAddress","streetAddress":"san antonio 4","postalCode":"33430","addressLocality":"Cand\u00e1s","addressRegion":"Asturias","addressCountry":"ES"}},{"@type":"Person","@id":"https:\/\/www.eldigitaldeasturias.com\/noticias\/author\/admin\/#author","url":"https:\/\/www.eldigitaldeasturias.com\/noticias\/author\/admin\/","name":"El Digital de Asturias","image":{"@type":"ImageObject","@id":"https:\/\/www.eldigitaldeasturias.com\/noticias\/albert-rivera-cataluna-se-merece-un-gobierno-sensato\/#authorImage","url":"https:\/\/secure.gravatar.com\/avatar\/df2aeffc32bcd13f8d26072ef8a91b623d677766deac7f97ca815868cd41bf5e?s=96&d=mm&r=g","width":96,"height":96,"caption":"El Digital de Asturias"}},{"@type":"WebPage","@id":"https:\/\/www.eldigitaldeasturias.com\/noticias\/albert-rivera-cataluna-se-merece-un-gobierno-sensato\/#webpage","url":"https:\/\/www.eldigitaldeasturias.com\/noticias\/albert-rivera-cataluna-se-merece-un-gobierno-sensato\/","name":"Albert Rivera: \u201cCatalu\u00f1a se merece un gobierno sensato\u00bb - El Digital de Asturias","description":"El presidente de Ciudadanos (Cs), Albert Rivera, ha advertido que \u201cForcadell ha dicho la verdad ante el juez para evitar la c\u00e1rcel mientras llevan a\u00f1os mintiendo a todos los catalanes\u201d, en relaci\u00f3n a la declaraci\u00f3n de la presidenta del Parlamento de Catalu\u00f1a ante el Tribunal Supremo. \u201cLes dijeron a los catalanes que si votaban el","inLanguage":"es-ES","isPartOf":{"@id":"https:\/\/www.eldigitaldeasturias.com\/noticias\/#website"},"breadcrumb":{"@id":"https:\/\/www.eldigitaldeasturias.com\/noticias\/albert-rivera-cataluna-se-merece-un-gobierno-sensato\/#breadcrumblist"},"author":{"@id":"https:\/\/www.eldigitaldeasturias.com\/noticias\/author\/admin\/#author"},"creator":{"@id":"https:\/\/www.eldigitaldeasturias.com\/noticias\/author\/admin\/#author"},"image":{"@type":"ImageObject","url":957970,"@id":"https:\/\/www.eldigitaldeasturias.com\/noticias\/albert-rivera-cataluna-se-merece-un-gobierno-sensato\/#mainImage"},"primaryImageOfPage":{"@id":"https:\/\/www.eldigitaldeasturias.com\/noticias\/albert-rivera-cataluna-se-merece-un-gobierno-sensato\/#mainImage"},"datePublished":"2017-11-11T00:12:16+01:00","dateModified":"2017-11-11T00:12:16+01:00"},{"@type":"WebSite","@id":"https:\/\/www.eldigitaldeasturias.com\/noticias\/#website","url":"https:\/\/www.eldigitaldeasturias.com\/noticias\/","name":"El Digital de Asturias - Diario de actualidad y noticias","alternateName":"El Digital de Asturias - Diario de actualidad y noticias","description":"Hemeroteca","inLanguage":"es-ES","publisher":{"@id":"https:\/\/www.eldigitaldeasturias.com\/noticias\/#organization"}}]},"og:locale":"es_ES","og:site_name":"El Digital de Asturias","og:type":"article","og:title":"Albert Rivera: \u201cCatalu\u00f1a se merece un gobierno sensato\u00bb - El Digital de Asturias","og:description":"El presidente de Ciudadanos (Cs), Albert Rivera, ha advertido que \u201cForcadell ha dicho la verdad ante el juez para evitar la c\u00e1rcel mientras llevan a\u00f1os mintiendo a todos los catalanes\u201d, en relaci\u00f3n a la declaraci\u00f3n de la presidenta del Parlamento de Catalu\u00f1a ante el Tribunal Supremo. \u201cLes dijeron a los catalanes que si votaban el","og:url":"https:\/\/www.eldigitaldeasturias.com\/noticias\/albert-rivera-cataluna-se-merece-un-gobierno-sensato\/","article:tag":["actualidad"],"article:published_time":"2017-11-11T00:12:16+00:00","article:modified_time":"2017-11-11T00:12:16+00:00","article:publisher":"https:\/\/facebook.com\/eldigitaldeasturias","twitter:card":"summary_large_image","twitter:title":"Albert Rivera: \u201cCatalu\u00f1a se merece un gobierno sensato\u00bb - El Digital de Asturias","twitter:description":"El presidente de Ciudadanos (Cs), Albert Rivera, ha advertido que \u201cForcadell ha dicho la verdad ante el juez para evitar la c\u00e1rcel mientras llevan a\u00f1os mintiendo a todos los catalanes\u201d, en relaci\u00f3n a la declaraci\u00f3n de la presidenta del Parlamento de Catalu\u00f1a ante el Tribunal Supremo. \u201cLes dijeron a los catalanes que si votaban el","twitter:image":"https:\/\/www.eldigitaldeasturias.com\/noticias\/wp-content\/uploads\/2020\/12\/EDA-1.jpg","twitter:label1":"Escrito por","twitter:data1":"El Digital de Asturias","twitter:label2":"Tiempo de lectura estimado","twitter:data2":"1 minuto"},"aioseo_meta_data":{"post_id":"959341","title":null,"description":null,"keywords":null,"keyphrases":null,"primary_term":null,"canonical_url":null,"og_title":null,"og_description":null,"og_object_type":"default","og_image_type":"default","og_image_url":null,"og_image_width":null,"og_image_height":null,"og_image_custom_url":null,"og_image_custom_fields":null,"og_video":null,"og_custom_url":null,"og_article_section":null,"og_article_tags":null,"twitter_use_og":false,"twitter_card":"default","twitter_image_type":"default","twitter_image_url":null,"twitter_image_custom_url":null,"twitter_image_custom_fields":null,"twitter_title":null,"twitter_description":null,"schema":{"blockGraphs":[],"customGraphs":[],"default":{"data":{"Article":[],"Course":[],"Dataset":[],"FAQPage":[],"Movie":[],"Person":[],"Product":[],"ProductReview":[],"Car":[],"Recipe":[],"Service":[],"SoftwareApplication":[],"WebPage":[]},"graphName":"","isEnabled":true},"graphs":[],"defaultGraph":"","defaultPostTypeGraph":""},"schema_type":null,"schema_type_options":null,"pillar_content":false,"robots_default":true,"robots_noindex":false,"robots_noarchive":false,"robots_nosnippet":false,"robots_nofollow":false,"robots_noimageindex":false,"robots_noodp":false,"robots_notranslate":false,"robots_max_snippet":null,"robots_max_videopreview":null,"robots_max_imagepreview":"large","priority":null,"frequency":null,"local_seo":null,"seo_analyzer_scan_date":"2025-12-07 00:59:03","breadcrumb_settings":null,"limit_modified_date":false,"open_ai":null,"ai":null,"created":"2020-12-21 12:53:36","updated":"2025-12-07 00:59:03","focus_keyword":null,"additional_keywords":null,"truseo_locale":null},"aioseo_breadcrumb":"<div class=\"aioseo-breadcrumbs\"><span class=\"aioseo-breadcrumb\">\n\t<a href=\"https:\/\/www.eldigitaldeasturias.com\/noticias\" title=\"Home\">Home<\/a>\n<\/span><span class=\"aioseo-breadcrumb-separator\">\u2013<\/span><span class=\"aioseo-breadcrumb\">\n\t<a href=\"https:\/\/www.eldigitaldeasturias.com\/noticias\/category\/actualidad\/\" title=\"Actualidad\">Actualidad<\/a>\n<\/span><span class=\"aioseo-breadcrumb-separator\">\u2013<\/span><span class=\"aioseo-breadcrumb\">\n\t<a href=\"https:\/\/www.eldigitaldeasturias.com\/noticias\/albert-rivera-cataluna-se-merece-un-gobierno-sensato\/\" title=\"Albert Rivera: \u201cCatalu\u00f1a se merece un gobierno sensato\u00bb\">Albert Rivera: \u201cCatalu\u00f1a se merece un gobierno sensato\u00bb<\/a>\n<\/span><\/div>","aioseo_breadcrumb_json":[{"label":"Home","link":"https:\/\/www.eldigitaldeasturias.com\/noticias"},{"label":"Actualidad","link":"https:\/\/www.eldigitaldeasturias.com\/noticias\/category\/actualidad\/"},{"label":"Albert Rivera: \u201cCatalu\u00f1a se merece un gobierno sensato\u00bb","link":"https:\/\/www.eldigitaldeasturias.com\/noticias\/albert-rivera-cataluna-se-merece-un-gobierno-sensato\/"}],"_links":{"self":[{"href":"https:\/\/www.eldigitaldeasturias.com\/noticias\/wp-json\/wp\/v2\/posts\/959341","targetHints":{"allow":["GET"]}}],"collection":[{"href":"https:\/\/www.eldigitaldeasturias.com\/noticias\/wp-json\/wp\/v2\/posts"}],"about":[{"href":"https:\/\/www.eldigitaldeasturias.com\/noticias\/wp-json\/wp\/v2\/types\/post"}],"author":[{"embeddable":true,"href":"https:\/\/www.eldigitaldeasturias.com\/noticias\/wp-json\/wp\/v2\/users\/1"}],"replies":[{"embeddable":true,"href":"https:\/\/www.eldigitaldeasturias.com\/noticias\/wp-json\/wp\/v2\/comments?post=959341"}],"version-history":[{"count":0,"href":"https:\/\/www.eldigitaldeasturias.com\/noticias\/wp-json\/wp\/v2\/posts\/959341\/revisions"}],"wp:attachment":[{"href":"https:\/\/www.eldigitaldeasturias.com\/noticias\/wp-json\/wp\/v2\/media?parent=959341"}],"wp:term":[{"taxonomy":"category","embeddable":true,"href":"https:\/\/www.eldigitaldeasturias.com\/noticias\/wp-json\/wp\/v2\/categories?post=959341"},{"taxonomy":"post_tag","embeddable":true,"href":"https:\/\/www.eldigitaldeasturias.com\/noticias\/wp-json\/wp\/v2\/tags?post=959341"}],"curies":[{"name":"wp","href":"https:\/\/api.w.org\/{rel}","templated":true}]}}