{"id":959339,"date":"2017-11-11T00:08:17","date_gmt":"2017-11-11T00:08:17","guid":{"rendered":"http:\/\/www.eldigitaldeasturias.com\/noticias\/?p=959339"},"modified":"2017-11-11T00:08:17","modified_gmt":"2017-11-11T00:08:17","slug":"desciende-el-abandono-escolar-en-espana","status":"publish","type":"post","link":"https:\/\/www.eldigitaldeasturias.com\/noticias\/desciende-el-abandono-escolar-en-espana\/","title":{"rendered":"Desciende el abandono escolar en Espa\u00f1a"},"content":{"rendered":"<p><img loading=\"lazy\" decoding=\"async\" class=\"alignleft size-medium wp-image-959314\" src=\"https:\/\/www.eldigitaldeasturias.com\/noticias\/wp-content\/uploads\/2017\/11\/oposici\u00f3n-360x239.jpg\" alt=\"\" width=\"360\" height=\"239\" \/>La Comisi\u00f3n Europea ha presentado el informe Monitor Report 2017, una publicaci\u00f3n anual que recoge la evoluci\u00f3n de la educaci\u00f3n y la formaci\u00f3n en los 28 pa\u00edses de la Uni\u00f3n Europea, haciendo hincapi\u00e9 en la evoluci\u00f3n de las principales medidas pol\u00edticas recientes y en curso en cada Estado miembro desde mediados de 2016.<\/p>\n<p>El informe aplaude las pol\u00edticas espa\u00f1olas para reducir la tasa de abandono escolar temprano de la educaci\u00f3n y la formaci\u00f3n \u00abde manera significativa\u00bb, destacando el progreso espa\u00f1ol en los \u00faltimos 8 a\u00f1os hasta situar a finales de 2016 esta tasa en el 19%. (Actualmente se sit\u00faa en el 18,2%). \u00abEspa\u00f1a se acerca a su objetivo de Espa\u00f1a para la Europa 2020 del 15%\u00bb, dice el informe.<\/p>\n<p>Seg\u00fan el Monitor Report 2017, el ejecutivo espa\u00f1ol est\u00e1 haciendo un esfuerzo en este sentido, mencionando entre las medidas m\u00e1s recientes la puesta en marcha de un Programa de Cooperaci\u00f3n Territorial dotado con 13,5 millones de euros encaminado a apoyar medidas espec\u00edficas de ayuda al aprendizaje.<\/p>\n<p>\u00abSe trata de un Programa -sigue diciendo- en el que las regiones pueden recibir financiaci\u00f3n para la aplicaci\u00f3n de medidas destinadas a prevenir el abandono escolar prematuro, para medidas de orientaci\u00f3n y seguimiento, as\u00ed como para elaborar planes para los j\u00f3venes que abandonan el sistema escolar\u00bb.<\/p>\n<p>En el estudio se destaca que el Programa tambi\u00e9n financia medidas dirigidas a alumnos con un gran potencial. \u00abComo parte del plan, el Ministerio de Educaci\u00f3n, Cultura y Deporte ha creado una serie de plataformas de colaboraci\u00f3n en l\u00ednea en las que las administraciones regionales pueden compartir experiencias y aprender unas de otras\u00bb.<\/p>\n<p>Buen trabajo para prevenir la violencia en las aulas<\/p>\n<p>Monitor Report 2017 considera \u00abmuy significativo\u00bb el trabajo que est\u00e1 haciendo el Gobierno de Espa\u00f1a en la lucha contra el acoso escolar en las aulas.<\/p>\n<p>Se subraya \u00abel esfuerzo\u00bb para promover los valores de la ciudadan\u00eda en las escuelas, y se destaca el Programa de Cooperaci\u00f3n Territorial puesto en marcha en octubre de 2015 entre el Ministerio de Educaci\u00f3n, Cultura y Deporte y los Gobiernos regionales. \u00abUn plan que tiene una dotaci\u00f3n de 1,5 millones de euros y que est\u00e1 destinado a promover el bienestar y evitar el acoso y la violencia en las escuelas\u00bb.<\/p>\n<p>Adem\u00e1s, la Comisi\u00f3n Europea se hace eco del Plan Estrat\u00e9gico de Convivencia Escolar presentado por el Ministerio \u00abque propone, entre otras cosas: un servicio telef\u00f3nico de ayuda veinticuatro horas, siete d\u00edas a la semana y una aplicaci\u00f3n espec\u00edfica para tel\u00e9fonos inteligentes; gu\u00edas y folletos para v\u00edctimas, padres y profesores; cursos de formaci\u00f3n para profesores y una red de escuelas libres de acoso para intercambiar experiencias y recursos\u00bb.<\/p>\n","protected":false},"excerpt":{"rendered":"<p>La Comisi\u00f3n Europea ha presentado el informe Monitor Report 2017, una publicaci\u00f3n anual que recoge la evoluci\u00f3n de la educaci\u00f3n y la formaci\u00f3n en los 28 pa\u00edses de la Uni\u00f3n Europea, haciendo hincapi\u00e9 en la evoluci\u00f3n de las principales medidas pol\u00edticas recientes y en curso en cada Estado miembro desde mediados de 2016. El informe [&hellip;]<\/p>\n","protected":false},"author":1,"featured_media":959314,"comment_status":"closed","ping_status":"closed","sticky":false,"template":"","format":"standard","meta":{"footnotes":""},"categories":[1],"tags":[],"class_list":["post-959339","post","type-post","status-publish","format-standard","has-post-thumbnail","hentry","category-actualidad"],"aioseo_notices":[],"aioseo_head":"\n\t\t<!-- All in One SEO Pro 5.0.1 - aioseo.com -->\n\t<meta name=\"description\" content=\"La Comisi\u00f3n Europea ha presentado el informe Monitor Report 2017, una publicaci\u00f3n anual que recoge la evoluci\u00f3n de la educaci\u00f3n y la formaci\u00f3n en los 28 pa\u00edses de la Uni\u00f3n Europea, haciendo hincapi\u00e9 en la evoluci\u00f3n de las principales medidas pol\u00edticas recientes y en curso en cada Estado miembro desde mediados de 2016. El informe\" \/>\n\t<meta name=\"robots\" content=\"max-image-preview:large\" \/>\n\t<meta name=\"author\" content=\"El Digital de Asturias\"\/>\n\t<meta name=\"google-site-verification\" content=\"UA-38556648-1\" \/>\n\t<meta name=\"msvalidate.01\" content=\"7dfe9f3f1b24437ab69f4f2559babe99\" \/>\n\t<meta name=\"keywords\" content=\"actualidad\" \/>\n\t<link rel=\"canonical\" href=\"https:\/\/www.eldigitaldeasturias.com\/noticias\/desciende-el-abandono-escolar-en-espana\/\" \/>\n\t<meta name=\"generator\" content=\"All in One SEO Pro (AIOSEO) 5.0.1\" \/>\n\t\t<meta property=\"og:locale\" content=\"es_ES\" \/>\n\t\t<meta property=\"og:site_name\" content=\"El Digital de Asturias\" \/>\n\t\t<meta property=\"og:type\" content=\"article\" \/>\n\t\t<meta property=\"og:title\" content=\"Desciende el abandono escolar en Espa\u00f1a - El Digital de Asturias\" \/>\n\t\t<meta property=\"og:description\" content=\"La Comisi\u00f3n Europea ha presentado el informe Monitor Report 2017, una publicaci\u00f3n anual que recoge la evoluci\u00f3n de la educaci\u00f3n y la formaci\u00f3n en los 28 pa\u00edses de la Uni\u00f3n Europea, haciendo hincapi\u00e9 en la evoluci\u00f3n de las principales medidas pol\u00edticas recientes y en curso en cada Estado miembro desde mediados de 2016. El informe\" \/>\n\t\t<meta property=\"og:url\" content=\"https:\/\/www.eldigitaldeasturias.com\/noticias\/desciende-el-abandono-escolar-en-espana\/\" \/>\n\t\t<meta property=\"article:tag\" content=\"actualidad\" \/>\n\t\t<meta property=\"article:published_time\" content=\"2017-11-11T00:08:17+00:00\" \/>\n\t\t<meta property=\"article:modified_time\" content=\"2017-11-11T00:08:17+00:00\" \/>\n\t\t<meta property=\"article:publisher\" content=\"https:\/\/facebook.com\/eldigitaldeasturias\" \/>\n\t\t<meta name=\"twitter:card\" content=\"summary_large_image\" \/>\n\t\t<meta name=\"twitter:title\" content=\"Desciende el abandono escolar en Espa\u00f1a - El Digital de Asturias\" \/>\n\t\t<meta name=\"twitter:description\" content=\"La Comisi\u00f3n Europea ha presentado el informe Monitor Report 2017, una publicaci\u00f3n anual que recoge la evoluci\u00f3n de la educaci\u00f3n y la formaci\u00f3n en los 28 pa\u00edses de la Uni\u00f3n Europea, haciendo hincapi\u00e9 en la evoluci\u00f3n de las principales medidas pol\u00edticas recientes y en curso en cada Estado miembro desde mediados de 2016. El informe\" \/>\n\t\t<meta name=\"twitter:image\" content=\"https:\/\/www.eldigitaldeasturias.com\/noticias\/wp-content\/uploads\/2020\/12\/EDA-1.jpg\" \/>\n\t\t<meta name=\"twitter:label1\" content=\"Escrito por\" \/>\n\t\t<meta name=\"twitter:data1\" content=\"El Digital de Asturias\" \/>\n\t\t<meta name=\"twitter:label2\" content=\"Tiempo de lectura estimado\" \/>\n\t\t<meta name=\"twitter:data2\" content=\"2 minutos\" \/>\n\t\t<script type=\"application\/ld+json\" class=\"aioseo-schema\">\n\t\t\t{\"@context\":\"https:\\\/\\\/schema.org\",\"@graph\":[{\"@type\":\"BlogPosting\",\"@id\":\"https:\\\/\\\/www.eldigitaldeasturias.com\\\/noticias\\\/desciende-el-abandono-escolar-en-espana\\\/#blogposting\",\"name\":\"Desciende el abandono escolar en Espa\\u00f1a - El Digital de Asturias\",\"headline\":\"Desciende el abandono escolar en Espa\\u00f1a\",\"author\":{\"@id\":\"https:\\\/\\\/www.eldigitaldeasturias.com\\\/noticias\\\/author\\\/admin\\\/#author\"},\"publisher\":{\"@id\":\"https:\\\/\\\/www.eldigitaldeasturias.com\\\/noticias\\\/#organization\"},\"image\":{\"@type\":\"ImageObject\",\"url\":959314},\"datePublished\":\"2017-11-11T00:08:17+01:00\",\"dateModified\":\"2017-11-11T00:08:17+01:00\",\"inLanguage\":\"es-ES\",\"mainEntityOfPage\":{\"@id\":\"https:\\\/\\\/www.eldigitaldeasturias.com\\\/noticias\\\/desciende-el-abandono-escolar-en-espana\\\/#webpage\"},\"isPartOf\":{\"@id\":\"https:\\\/\\\/www.eldigitaldeasturias.com\\\/noticias\\\/desciende-el-abandono-escolar-en-espana\\\/#webpage\"},\"articleSection\":\"Actualidad\"},{\"@type\":\"BreadcrumbList\",\"@id\":\"https:\\\/\\\/www.eldigitaldeasturias.com\\\/noticias\\\/desciende-el-abandono-escolar-en-espana\\\/#breadcrumblist\",\"itemListElement\":[{\"@type\":\"ListItem\",\"@id\":\"https:\\\/\\\/www.eldigitaldeasturias.com\\\/noticias#listItem\",\"position\":1,\"name\":\"Home\",\"item\":\"https:\\\/\\\/www.eldigitaldeasturias.com\\\/noticias\",\"nextItem\":{\"@type\":\"ListItem\",\"@id\":\"https:\\\/\\\/www.eldigitaldeasturias.com\\\/noticias\\\/category\\\/actualidad\\\/#listItem\",\"name\":\"Actualidad\"}},{\"@type\":\"ListItem\",\"@id\":\"https:\\\/\\\/www.eldigitaldeasturias.com\\\/noticias\\\/category\\\/actualidad\\\/#listItem\",\"position\":2,\"name\":\"Actualidad\",\"item\":\"https:\\\/\\\/www.eldigitaldeasturias.com\\\/noticias\\\/category\\\/actualidad\\\/\",\"nextItem\":{\"@type\":\"ListItem\",\"@id\":\"https:\\\/\\\/www.eldigitaldeasturias.com\\\/noticias\\\/desciende-el-abandono-escolar-en-espana\\\/#listItem\",\"name\":\"Desciende el abandono escolar en Espa\\u00f1a\"},\"previousItem\":{\"@type\":\"ListItem\",\"@id\":\"https:\\\/\\\/www.eldigitaldeasturias.com\\\/noticias#listItem\",\"name\":\"Home\"}},{\"@type\":\"ListItem\",\"@id\":\"https:\\\/\\\/www.eldigitaldeasturias.com\\\/noticias\\\/desciende-el-abandono-escolar-en-espana\\\/#listItem\",\"position\":3,\"name\":\"Desciende el abandono escolar en Espa\\u00f1a\",\"previousItem\":{\"@type\":\"ListItem\",\"@id\":\"https:\\\/\\\/www.eldigitaldeasturias.com\\\/noticias\\\/category\\\/actualidad\\\/#listItem\",\"name\":\"Actualidad\"}}]},{\"@type\":\"Organization\",\"@id\":\"https:\\\/\\\/www.eldigitaldeasturias.com\\\/noticias\\\/#organization\",\"name\":\"El Digital de Asturias\",\"description\":\"Hemeroteca\",\"url\":\"https:\\\/\\\/www.eldigitaldeasturias.com\\\/noticias\\\/\",\"email\":\"info@eldigitaldeasturias.com\",\"telephone\":\"+34652131393\",\"logo\":{\"@type\":\"ImageObject\",\"url\":\"https:\\\/\\\/www.eldigitaldeasturias.com\\\/noticias\\\/wp-content\\\/uploads\\\/2020\\\/12\\\/EDA.jpg\",\"@id\":\"https:\\\/\\\/www.eldigitaldeasturias.com\\\/noticias\\\/desciende-el-abandono-escolar-en-espana\\\/#organizationLogo\"},\"image\":{\"@id\":\"https:\\\/\\\/www.eldigitaldeasturias.com\\\/noticias\\\/desciende-el-abandono-escolar-en-espana\\\/#organizationLogo\"},\"sameAs\":[\"https:\\\/\\\/facebook.com\\\/eldigitaldeasturias\",\"https:\\\/\\\/www.youtube.com\\\/channel\\\/UCZP-2wLEB9Rv6erhFmqVnvg\"],\"address\":{\"@id\":\"https:\\\/\\\/www.eldigitaldeasturias.com\\\/noticias\\\/#postaladdress\",\"@type\":\"PostalAddress\",\"streetAddress\":\"san antonio 4\",\"postalCode\":\"33430\",\"addressLocality\":\"Cand\\u00e1s\",\"addressRegion\":\"Asturias\",\"addressCountry\":\"ES\"}},{\"@type\":\"Person\",\"@id\":\"https:\\\/\\\/www.eldigitaldeasturias.com\\\/noticias\\\/author\\\/admin\\\/#author\",\"url\":\"https:\\\/\\\/www.eldigitaldeasturias.com\\\/noticias\\\/author\\\/admin\\\/\",\"name\":\"El Digital de Asturias\",\"image\":{\"@type\":\"ImageObject\",\"@id\":\"https:\\\/\\\/www.eldigitaldeasturias.com\\\/noticias\\\/desciende-el-abandono-escolar-en-espana\\\/#authorImage\",\"url\":\"https:\\\/\\\/secure.gravatar.com\\\/avatar\\\/df2aeffc32bcd13f8d26072ef8a91b623d677766deac7f97ca815868cd41bf5e?s=96&d=mm&r=g\",\"width\":96,\"height\":96,\"caption\":\"El Digital de Asturias\"}},{\"@type\":\"WebPage\",\"@id\":\"https:\\\/\\\/www.eldigitaldeasturias.com\\\/noticias\\\/desciende-el-abandono-escolar-en-espana\\\/#webpage\",\"url\":\"https:\\\/\\\/www.eldigitaldeasturias.com\\\/noticias\\\/desciende-el-abandono-escolar-en-espana\\\/\",\"name\":\"Desciende el abandono escolar en Espa\\u00f1a - El Digital de Asturias\",\"description\":\"La Comisi\\u00f3n Europea ha presentado el informe Monitor Report 2017, una publicaci\\u00f3n anual que recoge la evoluci\\u00f3n de la educaci\\u00f3n y la formaci\\u00f3n en los 28 pa\\u00edses de la Uni\\u00f3n Europea, haciendo hincapi\\u00e9 en la evoluci\\u00f3n de las principales medidas pol\\u00edticas recientes y en curso en cada Estado miembro desde mediados de 2016. El informe\",\"inLanguage\":\"es-ES\",\"isPartOf\":{\"@id\":\"https:\\\/\\\/www.eldigitaldeasturias.com\\\/noticias\\\/#website\"},\"breadcrumb\":{\"@id\":\"https:\\\/\\\/www.eldigitaldeasturias.com\\\/noticias\\\/desciende-el-abandono-escolar-en-espana\\\/#breadcrumblist\"},\"author\":{\"@id\":\"https:\\\/\\\/www.eldigitaldeasturias.com\\\/noticias\\\/author\\\/admin\\\/#author\"},\"creator\":{\"@id\":\"https:\\\/\\\/www.eldigitaldeasturias.com\\\/noticias\\\/author\\\/admin\\\/#author\"},\"image\":{\"@type\":\"ImageObject\",\"url\":959314,\"@id\":\"https:\\\/\\\/www.eldigitaldeasturias.com\\\/noticias\\\/desciende-el-abandono-escolar-en-espana\\\/#mainImage\"},\"primaryImageOfPage\":{\"@id\":\"https:\\\/\\\/www.eldigitaldeasturias.com\\\/noticias\\\/desciende-el-abandono-escolar-en-espana\\\/#mainImage\"},\"datePublished\":\"2017-11-11T00:08:17+01:00\",\"dateModified\":\"2017-11-11T00:08:17+01:00\"},{\"@type\":\"WebSite\",\"@id\":\"https:\\\/\\\/www.eldigitaldeasturias.com\\\/noticias\\\/#website\",\"url\":\"https:\\\/\\\/www.eldigitaldeasturias.com\\\/noticias\\\/\",\"name\":\"El Digital de Asturias - Diario de actualidad y noticias\",\"alternateName\":\"El Digital de Asturias - Diario de actualidad y noticias\",\"description\":\"Hemeroteca\",\"inLanguage\":\"es-ES\",\"publisher\":{\"@id\":\"https:\\\/\\\/www.eldigitaldeasturias.com\\\/noticias\\\/#organization\"}}]}\n\t\t<\/script>\n\t\t<!-- All in One SEO Pro -->\r\n\t\t<title>Desciende el abandono escolar en Espa\u00f1a - El Digital de Asturias<\/title>\n\n","aioseo_head_json":{"title":"Desciende el abandono escolar en Espa\u00f1a - El Digital de Asturias","description":"La Comisi\u00f3n Europea ha presentado el informe Monitor Report 2017, una publicaci\u00f3n anual que recoge la evoluci\u00f3n de la educaci\u00f3n y la formaci\u00f3n en los 28 pa\u00edses de la Uni\u00f3n Europea, haciendo hincapi\u00e9 en la evoluci\u00f3n de las principales medidas pol\u00edticas recientes y en curso en cada Estado miembro desde mediados de 2016. El informe","canonical_url":"https:\/\/www.eldigitaldeasturias.com\/noticias\/desciende-el-abandono-escolar-en-espana\/","robots":"max-image-preview:large","keywords":"actualidad","webmasterTools":{"google-site-verification":"UA-38556648-1","msvalidate.01":"7dfe9f3f1b24437ab69f4f2559babe99","miscellaneous":""},"schema":{"@context":"https:\/\/schema.org","@graph":[{"@type":"BlogPosting","@id":"https:\/\/www.eldigitaldeasturias.com\/noticias\/desciende-el-abandono-escolar-en-espana\/#blogposting","name":"Desciende el abandono escolar en Espa\u00f1a - El Digital de Asturias","headline":"Desciende el abandono escolar en Espa\u00f1a","author":{"@id":"https:\/\/www.eldigitaldeasturias.com\/noticias\/author\/admin\/#author"},"publisher":{"@id":"https:\/\/www.eldigitaldeasturias.com\/noticias\/#organization"},"image":{"@type":"ImageObject","url":959314},"datePublished":"2017-11-11T00:08:17+01:00","dateModified":"2017-11-11T00:08:17+01:00","inLanguage":"es-ES","mainEntityOfPage":{"@id":"https:\/\/www.eldigitaldeasturias.com\/noticias\/desciende-el-abandono-escolar-en-espana\/#webpage"},"isPartOf":{"@id":"https:\/\/www.eldigitaldeasturias.com\/noticias\/desciende-el-abandono-escolar-en-espana\/#webpage"},"articleSection":"Actualidad"},{"@type":"BreadcrumbList","@id":"https:\/\/www.eldigitaldeasturias.com\/noticias\/desciende-el-abandono-escolar-en-espana\/#breadcrumblist","itemListElement":[{"@type":"ListItem","@id":"https:\/\/www.eldigitaldeasturias.com\/noticias#listItem","position":1,"name":"Home","item":"https:\/\/www.eldigitaldeasturias.com\/noticias","nextItem":{"@type":"ListItem","@id":"https:\/\/www.eldigitaldeasturias.com\/noticias\/category\/actualidad\/#listItem","name":"Actualidad"}},{"@type":"ListItem","@id":"https:\/\/www.eldigitaldeasturias.com\/noticias\/category\/actualidad\/#listItem","position":2,"name":"Actualidad","item":"https:\/\/www.eldigitaldeasturias.com\/noticias\/category\/actualidad\/","nextItem":{"@type":"ListItem","@id":"https:\/\/www.eldigitaldeasturias.com\/noticias\/desciende-el-abandono-escolar-en-espana\/#listItem","name":"Desciende el abandono escolar en Espa\u00f1a"},"previousItem":{"@type":"ListItem","@id":"https:\/\/www.eldigitaldeasturias.com\/noticias#listItem","name":"Home"}},{"@type":"ListItem","@id":"https:\/\/www.eldigitaldeasturias.com\/noticias\/desciende-el-abandono-escolar-en-espana\/#listItem","position":3,"name":"Desciende el abandono escolar en Espa\u00f1a","previousItem":{"@type":"ListItem","@id":"https:\/\/www.eldigitaldeasturias.com\/noticias\/category\/actualidad\/#listItem","name":"Actualidad"}}]},{"@type":"Organization","@id":"https:\/\/www.eldigitaldeasturias.com\/noticias\/#organization","name":"El Digital de Asturias","description":"Hemeroteca","url":"https:\/\/www.eldigitaldeasturias.com\/noticias\/","email":"info@eldigitaldeasturias.com","telephone":"+34652131393","logo":{"@type":"ImageObject","url":"https:\/\/www.eldigitaldeasturias.com\/noticias\/wp-content\/uploads\/2020\/12\/EDA.jpg","@id":"https:\/\/www.eldigitaldeasturias.com\/noticias\/desciende-el-abandono-escolar-en-espana\/#organizationLogo"},"image":{"@id":"https:\/\/www.eldigitaldeasturias.com\/noticias\/desciende-el-abandono-escolar-en-espana\/#organizationLogo"},"sameAs":["https:\/\/facebook.com\/eldigitaldeasturias","https:\/\/www.youtube.com\/channel\/UCZP-2wLEB9Rv6erhFmqVnvg"],"address":{"@id":"https:\/\/www.eldigitaldeasturias.com\/noticias\/#postaladdress","@type":"PostalAddress","streetAddress":"san antonio 4","postalCode":"33430","addressLocality":"Cand\u00e1s","addressRegion":"Asturias","addressCountry":"ES"}},{"@type":"Person","@id":"https:\/\/www.eldigitaldeasturias.com\/noticias\/author\/admin\/#author","url":"https:\/\/www.eldigitaldeasturias.com\/noticias\/author\/admin\/","name":"El Digital de Asturias","image":{"@type":"ImageObject","@id":"https:\/\/www.eldigitaldeasturias.com\/noticias\/desciende-el-abandono-escolar-en-espana\/#authorImage","url":"https:\/\/secure.gravatar.com\/avatar\/df2aeffc32bcd13f8d26072ef8a91b623d677766deac7f97ca815868cd41bf5e?s=96&d=mm&r=g","width":96,"height":96,"caption":"El Digital de Asturias"}},{"@type":"WebPage","@id":"https:\/\/www.eldigitaldeasturias.com\/noticias\/desciende-el-abandono-escolar-en-espana\/#webpage","url":"https:\/\/www.eldigitaldeasturias.com\/noticias\/desciende-el-abandono-escolar-en-espana\/","name":"Desciende el abandono escolar en Espa\u00f1a - El Digital de Asturias","description":"La Comisi\u00f3n Europea ha presentado el informe Monitor Report 2017, una publicaci\u00f3n anual que recoge la evoluci\u00f3n de la educaci\u00f3n y la formaci\u00f3n en los 28 pa\u00edses de la Uni\u00f3n Europea, haciendo hincapi\u00e9 en la evoluci\u00f3n de las principales medidas pol\u00edticas recientes y en curso en cada Estado miembro desde mediados de 2016. El informe","inLanguage":"es-ES","isPartOf":{"@id":"https:\/\/www.eldigitaldeasturias.com\/noticias\/#website"},"breadcrumb":{"@id":"https:\/\/www.eldigitaldeasturias.com\/noticias\/desciende-el-abandono-escolar-en-espana\/#breadcrumblist"},"author":{"@id":"https:\/\/www.eldigitaldeasturias.com\/noticias\/author\/admin\/#author"},"creator":{"@id":"https:\/\/www.eldigitaldeasturias.com\/noticias\/author\/admin\/#author"},"image":{"@type":"ImageObject","url":959314,"@id":"https:\/\/www.eldigitaldeasturias.com\/noticias\/desciende-el-abandono-escolar-en-espana\/#mainImage"},"primaryImageOfPage":{"@id":"https:\/\/www.eldigitaldeasturias.com\/noticias\/desciende-el-abandono-escolar-en-espana\/#mainImage"},"datePublished":"2017-11-11T00:08:17+01:00","dateModified":"2017-11-11T00:08:17+01:00"},{"@type":"WebSite","@id":"https:\/\/www.eldigitaldeasturias.com\/noticias\/#website","url":"https:\/\/www.eldigitaldeasturias.com\/noticias\/","name":"El Digital de Asturias - Diario de actualidad y noticias","alternateName":"El Digital de Asturias - Diario de actualidad y noticias","description":"Hemeroteca","inLanguage":"es-ES","publisher":{"@id":"https:\/\/www.eldigitaldeasturias.com\/noticias\/#organization"}}]},"og:locale":"es_ES","og:site_name":"El Digital de Asturias","og:type":"article","og:title":"Desciende el abandono escolar en Espa\u00f1a - El Digital de Asturias","og:description":"La Comisi\u00f3n Europea ha presentado el informe Monitor Report 2017, una publicaci\u00f3n anual que recoge la evoluci\u00f3n de la educaci\u00f3n y la formaci\u00f3n en los 28 pa\u00edses de la Uni\u00f3n Europea, haciendo hincapi\u00e9 en la evoluci\u00f3n de las principales medidas pol\u00edticas recientes y en curso en cada Estado miembro desde mediados de 2016. El informe","og:url":"https:\/\/www.eldigitaldeasturias.com\/noticias\/desciende-el-abandono-escolar-en-espana\/","article:tag":["actualidad"],"article:published_time":"2017-11-11T00:08:17+00:00","article:modified_time":"2017-11-11T00:08:17+00:00","article:publisher":"https:\/\/facebook.com\/eldigitaldeasturias","twitter:card":"summary_large_image","twitter:title":"Desciende el abandono escolar en Espa\u00f1a - El Digital de Asturias","twitter:description":"La Comisi\u00f3n Europea ha presentado el informe Monitor Report 2017, una publicaci\u00f3n anual que recoge la evoluci\u00f3n de la educaci\u00f3n y la formaci\u00f3n en los 28 pa\u00edses de la Uni\u00f3n Europea, haciendo hincapi\u00e9 en la evoluci\u00f3n de las principales medidas pol\u00edticas recientes y en curso en cada Estado miembro desde mediados de 2016. El informe","twitter:image":"https:\/\/www.eldigitaldeasturias.com\/noticias\/wp-content\/uploads\/2020\/12\/EDA-1.jpg","twitter:label1":"Escrito por","twitter:data1":"El Digital de Asturias","twitter:label2":"Tiempo de lectura estimado","twitter:data2":"2 minutos"},"aioseo_meta_data":{"post_id":"959339","title":null,"description":null,"keywords":null,"keyphrases":null,"primary_term":null,"canonical_url":null,"og_title":null,"og_description":null,"og_object_type":"default","og_image_type":"default","og_image_url":null,"og_image_width":null,"og_image_height":null,"og_image_custom_url":null,"og_image_custom_fields":null,"og_video":null,"og_custom_url":null,"og_article_section":null,"og_article_tags":null,"twitter_use_og":false,"twitter_card":"default","twitter_image_type":"default","twitter_image_url":null,"twitter_image_custom_url":null,"twitter_image_custom_fields":null,"twitter_title":null,"twitter_description":null,"schema":{"blockGraphs":[],"customGraphs":[],"default":{"data":{"Article":[],"Course":[],"Dataset":[],"FAQPage":[],"Movie":[],"Person":[],"Product":[],"ProductReview":[],"Car":[],"Recipe":[],"Service":[],"SoftwareApplication":[],"WebPage":[]},"graphName":"","isEnabled":true},"graphs":[],"defaultGraph":"","defaultPostTypeGraph":""},"schema_type":null,"schema_type_options":null,"pillar_content":false,"robots_default":true,"robots_noindex":false,"robots_noarchive":false,"robots_nosnippet":false,"robots_nofollow":false,"robots_noimageindex":false,"robots_noodp":false,"robots_notranslate":false,"robots_max_snippet":null,"robots_max_videopreview":null,"robots_max_imagepreview":"large","priority":null,"frequency":null,"local_seo":null,"seo_analyzer_scan_date":"2025-12-07 00:51:50","breadcrumb_settings":null,"limit_modified_date":false,"open_ai":null,"ai":null,"created":"2020-12-21 12:53:36","updated":"2025-12-07 00:51:50","focus_keyword":null,"additional_keywords":null,"truseo_locale":null},"aioseo_breadcrumb":"<div class=\"aioseo-breadcrumbs\"><span class=\"aioseo-breadcrumb\">\n\t<a href=\"https:\/\/www.eldigitaldeasturias.com\/noticias\" title=\"Home\">Home<\/a>\n<\/span><span class=\"aioseo-breadcrumb-separator\">\u2013<\/span><span class=\"aioseo-breadcrumb\">\n\t<a href=\"https:\/\/www.eldigitaldeasturias.com\/noticias\/category\/actualidad\/\" title=\"Actualidad\">Actualidad<\/a>\n<\/span><span class=\"aioseo-breadcrumb-separator\">\u2013<\/span><span class=\"aioseo-breadcrumb\">\n\t<a href=\"https:\/\/www.eldigitaldeasturias.com\/noticias\/desciende-el-abandono-escolar-en-espana\/\" title=\"Desciende el abandono escolar en Espa\u00f1a\">Desciende el abandono escolar en Espa\u00f1a<\/a>\n<\/span><\/div>","aioseo_breadcrumb_json":[{"label":"Home","link":"https:\/\/www.eldigitaldeasturias.com\/noticias"},{"label":"Actualidad","link":"https:\/\/www.eldigitaldeasturias.com\/noticias\/category\/actualidad\/"},{"label":"Desciende el abandono escolar en Espa\u00f1a","link":"https:\/\/www.eldigitaldeasturias.com\/noticias\/desciende-el-abandono-escolar-en-espana\/"}],"_links":{"self":[{"href":"https:\/\/www.eldigitaldeasturias.com\/noticias\/wp-json\/wp\/v2\/posts\/959339","targetHints":{"allow":["GET"]}}],"collection":[{"href":"https:\/\/www.eldigitaldeasturias.com\/noticias\/wp-json\/wp\/v2\/posts"}],"about":[{"href":"https:\/\/www.eldigitaldeasturias.com\/noticias\/wp-json\/wp\/v2\/types\/post"}],"author":[{"embeddable":true,"href":"https:\/\/www.eldigitaldeasturias.com\/noticias\/wp-json\/wp\/v2\/users\/1"}],"replies":[{"embeddable":true,"href":"https:\/\/www.eldigitaldeasturias.com\/noticias\/wp-json\/wp\/v2\/comments?post=959339"}],"version-history":[{"count":0,"href":"https:\/\/www.eldigitaldeasturias.com\/noticias\/wp-json\/wp\/v2\/posts\/959339\/revisions"}],"wp:attachment":[{"href":"https:\/\/www.eldigitaldeasturias.com\/noticias\/wp-json\/wp\/v2\/media?parent=959339"}],"wp:term":[{"taxonomy":"category","embeddable":true,"href":"https:\/\/www.eldigitaldeasturias.com\/noticias\/wp-json\/wp\/v2\/categories?post=959339"},{"taxonomy":"post_tag","embeddable":true,"href":"https:\/\/www.eldigitaldeasturias.com\/noticias\/wp-json\/wp\/v2\/tags?post=959339"}],"curies":[{"name":"wp","href":"https:\/\/api.w.org\/{rel}","templated":true}]}}