{"id":959336,"date":"2017-11-11T00:06:49","date_gmt":"2017-11-11T00:06:49","guid":{"rendered":"http:\/\/www.eldigitaldeasturias.com\/noticias\/?p=959336"},"modified":"2017-11-11T00:06:49","modified_gmt":"2017-11-11T00:06:49","slug":"cospedal-destaca-los-avances-en-la-modernizacion-de-la-otan","status":"publish","type":"post","link":"https:\/\/www.eldigitaldeasturias.com\/noticias\/cospedal-destaca-los-avances-en-la-modernizacion-de-la-otan\/","title":{"rendered":"Cospedal destaca los avances en la modernizaci\u00f3n de la OTAN"},"content":{"rendered":"<p><img loading=\"lazy\" decoding=\"async\" class=\"alignleft size-medium wp-image-959337\" src=\"https:\/\/www.eldigitaldeasturias.com\/noticias\/wp-content\/uploads\/2017\/11\/04072017_CospedalArchivo-360x239.jpg\" alt=\"\" width=\"360\" height=\"239\" \/>La ministra Mar\u00eda Dolores de Cospedal destac\u00f3 esta tarde en conferencia de prensa c\u00f3mo la reuni\u00f3n de ministros de Defensa de la Alianza Atl\u00e1ntica, en la que participa desde ayer en Bruselas, \u00abha permitido avanzar en resultados y aspectos concretos\u00bb.<\/p>\n<p>En referencia a sus principales propuestas, Cospedal destac\u00f3 como \u00ablas autoridades espa\u00f1olas ten\u00edamos especial inter\u00e9s en mantener y mejorar la utilidad y entidad del CAOC (Centro de Operaciones A\u00e9reas Combinadas) de Torrej\u00f3n\u00bb, dentro de la reorganizaci\u00f3n de gran calado que se va a producir en la estructura interna de OTAN. \u00abMe siento optimista -se\u00f1al\u00f3 la ministra al respecto-, porque las funciones de este centro se van a mantener y es posible que se refuercen\u00bb.<\/p>\n<p><strong>Mediterr\u00e1neo<\/strong><\/p>\n<p>La titular del departamento tambi\u00e9n se refiri\u00f3 a una segunda propuesta espa\u00f1ola: \u00abseguir avanzando en la modernizaci\u00f3n de la OTAN con una visi\u00f3n equilibrada que focalice su atenci\u00f3n, tanto en la disuasi\u00f3n y defensa c\u00f3mo en la proyecci\u00f3n de estabilizaci\u00f3n en nuestro entorno\u00bb.<\/p>\n<p>\u00abHemos conseguido introducir una recomendaci\u00f3n para que las principales tareas que est\u00e9n relacionadas con el flanco sur, que funcionan en la actualidad de una manera un tanto dispersa, sean objeto de un trato paralelo y coherente, que pueda plasmarse en el futuro en una estrategia combinada para el sur\u00bb, indic\u00f3.<\/p>\n<p>Mar\u00eda Dolores de Cospedal destac\u00f3 igualmente la calidad y cantidad de la aportaci\u00f3n de la Armada a la OTAN, y resalt\u00f3 como \u00abEspa\u00f1a ha coordinado con \u00e9xito un grupo de diez naciones para poner sobre la mesa la necesidad de dar un seguimiento estrat\u00e9gico al Mediterr\u00e1neo\u00bb.<\/p>\n<p><strong>Afganist\u00e1n y Letonia<\/strong><\/p>\n<p>En la reuni\u00f3n del Consejo del Atl\u00e1ntico Norte celebrada hoy tambi\u00e9n ha sido tratado el futuro de la misi\u00f3n &#8216;Resolute Support&#8217; de la OTAN en Afganist\u00e1n, y el aumento de efectivos solicitado a los estados miembros por la Alianza<\/p>\n<p>La ministra ha subrayado el compromiso adquirido por Espa\u00f1a con los esfuerzos de la Alianza para garantizar la estabilidad en aquel pa\u00eds y la lucha internacional contra el terrorismo. He confirmado \u00abun aumento la presencia espa\u00f1ola en Kabull con un refuerzo moderado, de unos 30 efectivos, en el \u00e1mbito de adiestramiento de capacidades concretas, especialmente en operaciones especiales\u00bb.<\/p>\n<p>En referencia a la reuni\u00f3n mantenida ayer tarde entre las naciones participantes en el batall\u00f3n de presencia avanzada en Letonia, la ministra destac\u00f3 como \u00abEspa\u00f1a aporta algunos de los mejores elementos de que dispone su Ejercito a esta misi\u00f3n\u00bb.<\/p>\n<p>\u00abCon ello -a\u00f1adi\u00f3 Cospedal- estamos mandando un mensaje muy claro y n\u00edtido de la solidaridad de Espa\u00f1a con la defensa de nuestros aliados del este. He transmitido a mis colegas mi convencimiento de que las medidas de disuasi\u00f3n y defensa que hemos aprobado estas contribuyendo a crear un espacio de defensa europeo m\u00e1s seguro\u00bb.<\/p>\n<p><strong>Reuni\u00f3n con sus hom\u00f3logos<\/strong><\/p>\n<p>Al margen de la reuni\u00f3n ministerial, Cospedal ha mantenido a primera hora de la ma\u00f1ana un encuentro bilateral con el nuevo ministro de defensa brit\u00e1nico, Gavin Williamson, que accedi\u00f3 a dicho cargo el pasado 2 de noviembre.<\/p>\n<p>Posteriormente, la ministra de Defensa ha mantenido un almuerzo de trabajo con sus hom\u00f3logas de Alemania, Ursula von der Leyen; Francia, Florence Parly; e, Italia, Roberta Pinotti, en la que profundizaron sobre la Cooperaci\u00f3n Estructurada Permanente y la construcci\u00f3n de capacidades en apoyo de la seguridad y desarrollo.<\/p>\n","protected":false},"excerpt":{"rendered":"<p>La ministra Mar\u00eda Dolores de Cospedal destac\u00f3 esta tarde en conferencia de prensa c\u00f3mo la reuni\u00f3n de ministros de Defensa de la Alianza Atl\u00e1ntica, en la que participa desde ayer en Bruselas, \u00abha permitido avanzar en resultados y aspectos concretos\u00bb. En referencia a sus principales propuestas, Cospedal destac\u00f3 como \u00ablas autoridades espa\u00f1olas ten\u00edamos especial inter\u00e9s [&hellip;]<\/p>\n","protected":false},"author":1,"featured_media":959337,"comment_status":"closed","ping_status":"closed","sticky":false,"template":"","format":"standard","meta":{"footnotes":""},"categories":[1],"tags":[],"class_list":["post-959336","post","type-post","status-publish","format-standard","has-post-thumbnail","hentry","category-actualidad"],"aioseo_notices":[],"aioseo_head":"\n\t\t<!-- All in One SEO Pro 5.0.1 - aioseo.com -->\n\t<meta name=\"description\" content=\"La ministra Mar\u00eda Dolores de Cospedal destac\u00f3 esta tarde en conferencia de prensa c\u00f3mo la reuni\u00f3n de ministros de Defensa de la Alianza Atl\u00e1ntica, en la que participa desde ayer en Bruselas, &quot;ha permitido avanzar en resultados y aspectos concretos&quot;. En referencia a sus principales propuestas, Cospedal destac\u00f3 como &quot;las autoridades espa\u00f1olas ten\u00edamos especial inter\u00e9s\" \/>\n\t<meta name=\"robots\" content=\"max-image-preview:large\" \/>\n\t<meta name=\"author\" content=\"El Digital de Asturias\"\/>\n\t<meta name=\"google-site-verification\" content=\"UA-38556648-1\" \/>\n\t<meta name=\"msvalidate.01\" content=\"7dfe9f3f1b24437ab69f4f2559babe99\" \/>\n\t<meta name=\"keywords\" content=\"actualidad\" \/>\n\t<link rel=\"canonical\" href=\"https:\/\/www.eldigitaldeasturias.com\/noticias\/cospedal-destaca-los-avances-en-la-modernizacion-de-la-otan\/\" \/>\n\t<meta name=\"generator\" content=\"All in One SEO Pro (AIOSEO) 5.0.1\" \/>\n\t\t<meta property=\"og:locale\" content=\"es_ES\" \/>\n\t\t<meta property=\"og:site_name\" content=\"El Digital de Asturias\" \/>\n\t\t<meta property=\"og:type\" content=\"article\" \/>\n\t\t<meta property=\"og:title\" content=\"Cospedal destaca los avances en la modernizaci\u00f3n de la OTAN - El Digital de Asturias\" \/>\n\t\t<meta property=\"og:description\" content=\"La ministra Mar\u00eda Dolores de Cospedal destac\u00f3 esta tarde en conferencia de prensa c\u00f3mo la reuni\u00f3n de ministros de Defensa de la Alianza Atl\u00e1ntica, en la que participa desde ayer en Bruselas, &quot;ha permitido avanzar en resultados y aspectos concretos&quot;. En referencia a sus principales propuestas, Cospedal destac\u00f3 como &quot;las autoridades espa\u00f1olas ten\u00edamos especial inter\u00e9s\" \/>\n\t\t<meta property=\"og:url\" content=\"https:\/\/www.eldigitaldeasturias.com\/noticias\/cospedal-destaca-los-avances-en-la-modernizacion-de-la-otan\/\" \/>\n\t\t<meta property=\"article:tag\" content=\"actualidad\" \/>\n\t\t<meta property=\"article:published_time\" content=\"2017-11-11T00:06:49+00:00\" \/>\n\t\t<meta property=\"article:modified_time\" content=\"2017-11-11T00:06:49+00:00\" \/>\n\t\t<meta property=\"article:publisher\" content=\"https:\/\/facebook.com\/eldigitaldeasturias\" \/>\n\t\t<meta name=\"twitter:card\" content=\"summary_large_image\" \/>\n\t\t<meta name=\"twitter:title\" content=\"Cospedal destaca los avances en la modernizaci\u00f3n de la OTAN - El Digital de Asturias\" \/>\n\t\t<meta name=\"twitter:description\" content=\"La ministra Mar\u00eda Dolores de Cospedal destac\u00f3 esta tarde en conferencia de prensa c\u00f3mo la reuni\u00f3n de ministros de Defensa de la Alianza Atl\u00e1ntica, en la que participa desde ayer en Bruselas, &quot;ha permitido avanzar en resultados y aspectos concretos&quot;. En referencia a sus principales propuestas, Cospedal destac\u00f3 como &quot;las autoridades espa\u00f1olas ten\u00edamos especial inter\u00e9s\" \/>\n\t\t<meta name=\"twitter:image\" content=\"https:\/\/www.eldigitaldeasturias.com\/noticias\/wp-content\/uploads\/2020\/12\/EDA-1.jpg\" \/>\n\t\t<meta name=\"twitter:label1\" content=\"Escrito por\" \/>\n\t\t<meta name=\"twitter:data1\" content=\"El Digital de Asturias\" \/>\n\t\t<meta name=\"twitter:label2\" content=\"Tiempo de lectura estimado\" \/>\n\t\t<meta name=\"twitter:data2\" content=\"3 minutos\" \/>\n\t\t<script type=\"application\/ld+json\" class=\"aioseo-schema\">\n\t\t\t{\"@context\":\"https:\\\/\\\/schema.org\",\"@graph\":[{\"@type\":\"BlogPosting\",\"@id\":\"https:\\\/\\\/www.eldigitaldeasturias.com\\\/noticias\\\/cospedal-destaca-los-avances-en-la-modernizacion-de-la-otan\\\/#blogposting\",\"name\":\"Cospedal destaca los avances en la modernizaci\\u00f3n de la OTAN - El Digital de Asturias\",\"headline\":\"Cospedal destaca los avances en la modernizaci\\u00f3n de la OTAN\",\"author\":{\"@id\":\"https:\\\/\\\/www.eldigitaldeasturias.com\\\/noticias\\\/author\\\/admin\\\/#author\"},\"publisher\":{\"@id\":\"https:\\\/\\\/www.eldigitaldeasturias.com\\\/noticias\\\/#organization\"},\"image\":{\"@type\":\"ImageObject\",\"url\":959337},\"datePublished\":\"2017-11-11T00:06:49+01:00\",\"dateModified\":\"2017-11-11T00:06:49+01:00\",\"inLanguage\":\"es-ES\",\"mainEntityOfPage\":{\"@id\":\"https:\\\/\\\/www.eldigitaldeasturias.com\\\/noticias\\\/cospedal-destaca-los-avances-en-la-modernizacion-de-la-otan\\\/#webpage\"},\"isPartOf\":{\"@id\":\"https:\\\/\\\/www.eldigitaldeasturias.com\\\/noticias\\\/cospedal-destaca-los-avances-en-la-modernizacion-de-la-otan\\\/#webpage\"},\"articleSection\":\"Actualidad\"},{\"@type\":\"BreadcrumbList\",\"@id\":\"https:\\\/\\\/www.eldigitaldeasturias.com\\\/noticias\\\/cospedal-destaca-los-avances-en-la-modernizacion-de-la-otan\\\/#breadcrumblist\",\"itemListElement\":[{\"@type\":\"ListItem\",\"@id\":\"https:\\\/\\\/www.eldigitaldeasturias.com\\\/noticias#listItem\",\"position\":1,\"name\":\"Home\",\"item\":\"https:\\\/\\\/www.eldigitaldeasturias.com\\\/noticias\",\"nextItem\":{\"@type\":\"ListItem\",\"@id\":\"https:\\\/\\\/www.eldigitaldeasturias.com\\\/noticias\\\/category\\\/actualidad\\\/#listItem\",\"name\":\"Actualidad\"}},{\"@type\":\"ListItem\",\"@id\":\"https:\\\/\\\/www.eldigitaldeasturias.com\\\/noticias\\\/category\\\/actualidad\\\/#listItem\",\"position\":2,\"name\":\"Actualidad\",\"item\":\"https:\\\/\\\/www.eldigitaldeasturias.com\\\/noticias\\\/category\\\/actualidad\\\/\",\"nextItem\":{\"@type\":\"ListItem\",\"@id\":\"https:\\\/\\\/www.eldigitaldeasturias.com\\\/noticias\\\/cospedal-destaca-los-avances-en-la-modernizacion-de-la-otan\\\/#listItem\",\"name\":\"Cospedal destaca los avances en la modernizaci\\u00f3n de la OTAN\"},\"previousItem\":{\"@type\":\"ListItem\",\"@id\":\"https:\\\/\\\/www.eldigitaldeasturias.com\\\/noticias#listItem\",\"name\":\"Home\"}},{\"@type\":\"ListItem\",\"@id\":\"https:\\\/\\\/www.eldigitaldeasturias.com\\\/noticias\\\/cospedal-destaca-los-avances-en-la-modernizacion-de-la-otan\\\/#listItem\",\"position\":3,\"name\":\"Cospedal destaca los avances en la modernizaci\\u00f3n de la OTAN\",\"previousItem\":{\"@type\":\"ListItem\",\"@id\":\"https:\\\/\\\/www.eldigitaldeasturias.com\\\/noticias\\\/category\\\/actualidad\\\/#listItem\",\"name\":\"Actualidad\"}}]},{\"@type\":\"Organization\",\"@id\":\"https:\\\/\\\/www.eldigitaldeasturias.com\\\/noticias\\\/#organization\",\"name\":\"El Digital de Asturias\",\"description\":\"Hemeroteca\",\"url\":\"https:\\\/\\\/www.eldigitaldeasturias.com\\\/noticias\\\/\",\"email\":\"info@eldigitaldeasturias.com\",\"telephone\":\"+34652131393\",\"logo\":{\"@type\":\"ImageObject\",\"url\":\"https:\\\/\\\/www.eldigitaldeasturias.com\\\/noticias\\\/wp-content\\\/uploads\\\/2020\\\/12\\\/EDA.jpg\",\"@id\":\"https:\\\/\\\/www.eldigitaldeasturias.com\\\/noticias\\\/cospedal-destaca-los-avances-en-la-modernizacion-de-la-otan\\\/#organizationLogo\"},\"image\":{\"@id\":\"https:\\\/\\\/www.eldigitaldeasturias.com\\\/noticias\\\/cospedal-destaca-los-avances-en-la-modernizacion-de-la-otan\\\/#organizationLogo\"},\"sameAs\":[\"https:\\\/\\\/facebook.com\\\/eldigitaldeasturias\",\"https:\\\/\\\/www.youtube.com\\\/channel\\\/UCZP-2wLEB9Rv6erhFmqVnvg\"],\"address\":{\"@id\":\"https:\\\/\\\/www.eldigitaldeasturias.com\\\/noticias\\\/#postaladdress\",\"@type\":\"PostalAddress\",\"streetAddress\":\"san antonio 4\",\"postalCode\":\"33430\",\"addressLocality\":\"Cand\\u00e1s\",\"addressRegion\":\"Asturias\",\"addressCountry\":\"ES\"}},{\"@type\":\"Person\",\"@id\":\"https:\\\/\\\/www.eldigitaldeasturias.com\\\/noticias\\\/author\\\/admin\\\/#author\",\"url\":\"https:\\\/\\\/www.eldigitaldeasturias.com\\\/noticias\\\/author\\\/admin\\\/\",\"name\":\"El Digital de Asturias\",\"image\":{\"@type\":\"ImageObject\",\"@id\":\"https:\\\/\\\/www.eldigitaldeasturias.com\\\/noticias\\\/cospedal-destaca-los-avances-en-la-modernizacion-de-la-otan\\\/#authorImage\",\"url\":\"https:\\\/\\\/secure.gravatar.com\\\/avatar\\\/df2aeffc32bcd13f8d26072ef8a91b623d677766deac7f97ca815868cd41bf5e?s=96&d=mm&r=g\",\"width\":96,\"height\":96,\"caption\":\"El Digital de Asturias\"}},{\"@type\":\"WebPage\",\"@id\":\"https:\\\/\\\/www.eldigitaldeasturias.com\\\/noticias\\\/cospedal-destaca-los-avances-en-la-modernizacion-de-la-otan\\\/#webpage\",\"url\":\"https:\\\/\\\/www.eldigitaldeasturias.com\\\/noticias\\\/cospedal-destaca-los-avances-en-la-modernizacion-de-la-otan\\\/\",\"name\":\"Cospedal destaca los avances en la modernizaci\\u00f3n de la OTAN - El Digital de Asturias\",\"description\":\"La ministra Mar\\u00eda Dolores de Cospedal destac\\u00f3 esta tarde en conferencia de prensa c\\u00f3mo la reuni\\u00f3n de ministros de Defensa de la Alianza Atl\\u00e1ntica, en la que participa desde ayer en Bruselas, \\\"ha permitido avanzar en resultados y aspectos concretos\\\". En referencia a sus principales propuestas, Cospedal destac\\u00f3 como \\\"las autoridades espa\\u00f1olas ten\\u00edamos especial inter\\u00e9s\",\"inLanguage\":\"es-ES\",\"isPartOf\":{\"@id\":\"https:\\\/\\\/www.eldigitaldeasturias.com\\\/noticias\\\/#website\"},\"breadcrumb\":{\"@id\":\"https:\\\/\\\/www.eldigitaldeasturias.com\\\/noticias\\\/cospedal-destaca-los-avances-en-la-modernizacion-de-la-otan\\\/#breadcrumblist\"},\"author\":{\"@id\":\"https:\\\/\\\/www.eldigitaldeasturias.com\\\/noticias\\\/author\\\/admin\\\/#author\"},\"creator\":{\"@id\":\"https:\\\/\\\/www.eldigitaldeasturias.com\\\/noticias\\\/author\\\/admin\\\/#author\"},\"image\":{\"@type\":\"ImageObject\",\"url\":959337,\"@id\":\"https:\\\/\\\/www.eldigitaldeasturias.com\\\/noticias\\\/cospedal-destaca-los-avances-en-la-modernizacion-de-la-otan\\\/#mainImage\"},\"primaryImageOfPage\":{\"@id\":\"https:\\\/\\\/www.eldigitaldeasturias.com\\\/noticias\\\/cospedal-destaca-los-avances-en-la-modernizacion-de-la-otan\\\/#mainImage\"},\"datePublished\":\"2017-11-11T00:06:49+01:00\",\"dateModified\":\"2017-11-11T00:06:49+01:00\"},{\"@type\":\"WebSite\",\"@id\":\"https:\\\/\\\/www.eldigitaldeasturias.com\\\/noticias\\\/#website\",\"url\":\"https:\\\/\\\/www.eldigitaldeasturias.com\\\/noticias\\\/\",\"name\":\"El Digital de Asturias - Diario de actualidad y noticias\",\"alternateName\":\"El Digital de Asturias - Diario de actualidad y noticias\",\"description\":\"Hemeroteca\",\"inLanguage\":\"es-ES\",\"publisher\":{\"@id\":\"https:\\\/\\\/www.eldigitaldeasturias.com\\\/noticias\\\/#organization\"}}]}\n\t\t<\/script>\n\t\t<!-- All in One SEO Pro -->\r\n\t\t<title>Cospedal destaca los avances en la modernizaci\u00f3n de la OTAN - El Digital de Asturias<\/title>\n\n","aioseo_head_json":{"title":"Cospedal destaca los avances en la modernizaci\u00f3n de la OTAN - El Digital de Asturias","description":"La ministra Mar\u00eda Dolores de Cospedal destac\u00f3 esta tarde en conferencia de prensa c\u00f3mo la reuni\u00f3n de ministros de Defensa de la Alianza Atl\u00e1ntica, en la que participa desde ayer en Bruselas, \"ha permitido avanzar en resultados y aspectos concretos\". En referencia a sus principales propuestas, Cospedal destac\u00f3 como \"las autoridades espa\u00f1olas ten\u00edamos especial inter\u00e9s","canonical_url":"https:\/\/www.eldigitaldeasturias.com\/noticias\/cospedal-destaca-los-avances-en-la-modernizacion-de-la-otan\/","robots":"max-image-preview:large","keywords":"actualidad","webmasterTools":{"google-site-verification":"UA-38556648-1","msvalidate.01":"7dfe9f3f1b24437ab69f4f2559babe99","miscellaneous":""},"schema":{"@context":"https:\/\/schema.org","@graph":[{"@type":"BlogPosting","@id":"https:\/\/www.eldigitaldeasturias.com\/noticias\/cospedal-destaca-los-avances-en-la-modernizacion-de-la-otan\/#blogposting","name":"Cospedal destaca los avances en la modernizaci\u00f3n de la OTAN - El Digital de Asturias","headline":"Cospedal destaca los avances en la modernizaci\u00f3n de la OTAN","author":{"@id":"https:\/\/www.eldigitaldeasturias.com\/noticias\/author\/admin\/#author"},"publisher":{"@id":"https:\/\/www.eldigitaldeasturias.com\/noticias\/#organization"},"image":{"@type":"ImageObject","url":959337},"datePublished":"2017-11-11T00:06:49+01:00","dateModified":"2017-11-11T00:06:49+01:00","inLanguage":"es-ES","mainEntityOfPage":{"@id":"https:\/\/www.eldigitaldeasturias.com\/noticias\/cospedal-destaca-los-avances-en-la-modernizacion-de-la-otan\/#webpage"},"isPartOf":{"@id":"https:\/\/www.eldigitaldeasturias.com\/noticias\/cospedal-destaca-los-avances-en-la-modernizacion-de-la-otan\/#webpage"},"articleSection":"Actualidad"},{"@type":"BreadcrumbList","@id":"https:\/\/www.eldigitaldeasturias.com\/noticias\/cospedal-destaca-los-avances-en-la-modernizacion-de-la-otan\/#breadcrumblist","itemListElement":[{"@type":"ListItem","@id":"https:\/\/www.eldigitaldeasturias.com\/noticias#listItem","position":1,"name":"Home","item":"https:\/\/www.eldigitaldeasturias.com\/noticias","nextItem":{"@type":"ListItem","@id":"https:\/\/www.eldigitaldeasturias.com\/noticias\/category\/actualidad\/#listItem","name":"Actualidad"}},{"@type":"ListItem","@id":"https:\/\/www.eldigitaldeasturias.com\/noticias\/category\/actualidad\/#listItem","position":2,"name":"Actualidad","item":"https:\/\/www.eldigitaldeasturias.com\/noticias\/category\/actualidad\/","nextItem":{"@type":"ListItem","@id":"https:\/\/www.eldigitaldeasturias.com\/noticias\/cospedal-destaca-los-avances-en-la-modernizacion-de-la-otan\/#listItem","name":"Cospedal destaca los avances en la modernizaci\u00f3n de la OTAN"},"previousItem":{"@type":"ListItem","@id":"https:\/\/www.eldigitaldeasturias.com\/noticias#listItem","name":"Home"}},{"@type":"ListItem","@id":"https:\/\/www.eldigitaldeasturias.com\/noticias\/cospedal-destaca-los-avances-en-la-modernizacion-de-la-otan\/#listItem","position":3,"name":"Cospedal destaca los avances en la modernizaci\u00f3n de la OTAN","previousItem":{"@type":"ListItem","@id":"https:\/\/www.eldigitaldeasturias.com\/noticias\/category\/actualidad\/#listItem","name":"Actualidad"}}]},{"@type":"Organization","@id":"https:\/\/www.eldigitaldeasturias.com\/noticias\/#organization","name":"El Digital de Asturias","description":"Hemeroteca","url":"https:\/\/www.eldigitaldeasturias.com\/noticias\/","email":"info@eldigitaldeasturias.com","telephone":"+34652131393","logo":{"@type":"ImageObject","url":"https:\/\/www.eldigitaldeasturias.com\/noticias\/wp-content\/uploads\/2020\/12\/EDA.jpg","@id":"https:\/\/www.eldigitaldeasturias.com\/noticias\/cospedal-destaca-los-avances-en-la-modernizacion-de-la-otan\/#organizationLogo"},"image":{"@id":"https:\/\/www.eldigitaldeasturias.com\/noticias\/cospedal-destaca-los-avances-en-la-modernizacion-de-la-otan\/#organizationLogo"},"sameAs":["https:\/\/facebook.com\/eldigitaldeasturias","https:\/\/www.youtube.com\/channel\/UCZP-2wLEB9Rv6erhFmqVnvg"],"address":{"@id":"https:\/\/www.eldigitaldeasturias.com\/noticias\/#postaladdress","@type":"PostalAddress","streetAddress":"san antonio 4","postalCode":"33430","addressLocality":"Cand\u00e1s","addressRegion":"Asturias","addressCountry":"ES"}},{"@type":"Person","@id":"https:\/\/www.eldigitaldeasturias.com\/noticias\/author\/admin\/#author","url":"https:\/\/www.eldigitaldeasturias.com\/noticias\/author\/admin\/","name":"El Digital de Asturias","image":{"@type":"ImageObject","@id":"https:\/\/www.eldigitaldeasturias.com\/noticias\/cospedal-destaca-los-avances-en-la-modernizacion-de-la-otan\/#authorImage","url":"https:\/\/secure.gravatar.com\/avatar\/df2aeffc32bcd13f8d26072ef8a91b623d677766deac7f97ca815868cd41bf5e?s=96&d=mm&r=g","width":96,"height":96,"caption":"El Digital de Asturias"}},{"@type":"WebPage","@id":"https:\/\/www.eldigitaldeasturias.com\/noticias\/cospedal-destaca-los-avances-en-la-modernizacion-de-la-otan\/#webpage","url":"https:\/\/www.eldigitaldeasturias.com\/noticias\/cospedal-destaca-los-avances-en-la-modernizacion-de-la-otan\/","name":"Cospedal destaca los avances en la modernizaci\u00f3n de la OTAN - El Digital de Asturias","description":"La ministra Mar\u00eda Dolores de Cospedal destac\u00f3 esta tarde en conferencia de prensa c\u00f3mo la reuni\u00f3n de ministros de Defensa de la Alianza Atl\u00e1ntica, en la que participa desde ayer en Bruselas, \"ha permitido avanzar en resultados y aspectos concretos\". En referencia a sus principales propuestas, Cospedal destac\u00f3 como \"las autoridades espa\u00f1olas ten\u00edamos especial inter\u00e9s","inLanguage":"es-ES","isPartOf":{"@id":"https:\/\/www.eldigitaldeasturias.com\/noticias\/#website"},"breadcrumb":{"@id":"https:\/\/www.eldigitaldeasturias.com\/noticias\/cospedal-destaca-los-avances-en-la-modernizacion-de-la-otan\/#breadcrumblist"},"author":{"@id":"https:\/\/www.eldigitaldeasturias.com\/noticias\/author\/admin\/#author"},"creator":{"@id":"https:\/\/www.eldigitaldeasturias.com\/noticias\/author\/admin\/#author"},"image":{"@type":"ImageObject","url":959337,"@id":"https:\/\/www.eldigitaldeasturias.com\/noticias\/cospedal-destaca-los-avances-en-la-modernizacion-de-la-otan\/#mainImage"},"primaryImageOfPage":{"@id":"https:\/\/www.eldigitaldeasturias.com\/noticias\/cospedal-destaca-los-avances-en-la-modernizacion-de-la-otan\/#mainImage"},"datePublished":"2017-11-11T00:06:49+01:00","dateModified":"2017-11-11T00:06:49+01:00"},{"@type":"WebSite","@id":"https:\/\/www.eldigitaldeasturias.com\/noticias\/#website","url":"https:\/\/www.eldigitaldeasturias.com\/noticias\/","name":"El Digital de Asturias - Diario de actualidad y noticias","alternateName":"El Digital de Asturias - Diario de actualidad y noticias","description":"Hemeroteca","inLanguage":"es-ES","publisher":{"@id":"https:\/\/www.eldigitaldeasturias.com\/noticias\/#organization"}}]},"og:locale":"es_ES","og:site_name":"El Digital de Asturias","og:type":"article","og:title":"Cospedal destaca los avances en la modernizaci\u00f3n de la OTAN - El Digital de Asturias","og:description":"La ministra Mar\u00eda Dolores de Cospedal destac\u00f3 esta tarde en conferencia de prensa c\u00f3mo la reuni\u00f3n de ministros de Defensa de la Alianza Atl\u00e1ntica, en la que participa desde ayer en Bruselas, &quot;ha permitido avanzar en resultados y aspectos concretos&quot;. En referencia a sus principales propuestas, Cospedal destac\u00f3 como &quot;las autoridades espa\u00f1olas ten\u00edamos especial inter\u00e9s","og:url":"https:\/\/www.eldigitaldeasturias.com\/noticias\/cospedal-destaca-los-avances-en-la-modernizacion-de-la-otan\/","article:tag":["actualidad"],"article:published_time":"2017-11-11T00:06:49+00:00","article:modified_time":"2017-11-11T00:06:49+00:00","article:publisher":"https:\/\/facebook.com\/eldigitaldeasturias","twitter:card":"summary_large_image","twitter:title":"Cospedal destaca los avances en la modernizaci\u00f3n de la OTAN - El Digital de Asturias","twitter:description":"La ministra Mar\u00eda Dolores de Cospedal destac\u00f3 esta tarde en conferencia de prensa c\u00f3mo la reuni\u00f3n de ministros de Defensa de la Alianza Atl\u00e1ntica, en la que participa desde ayer en Bruselas, &quot;ha permitido avanzar en resultados y aspectos concretos&quot;. En referencia a sus principales propuestas, Cospedal destac\u00f3 como &quot;las autoridades espa\u00f1olas ten\u00edamos especial inter\u00e9s","twitter:image":"https:\/\/www.eldigitaldeasturias.com\/noticias\/wp-content\/uploads\/2020\/12\/EDA-1.jpg","twitter:label1":"Escrito por","twitter:data1":"El Digital de Asturias","twitter:label2":"Tiempo de lectura estimado","twitter:data2":"3 minutos"},"aioseo_meta_data":{"post_id":"959336","title":null,"description":null,"keywords":null,"keyphrases":null,"primary_term":null,"canonical_url":null,"og_title":null,"og_description":null,"og_object_type":"default","og_image_type":"default","og_image_url":null,"og_image_width":null,"og_image_height":null,"og_image_custom_url":null,"og_image_custom_fields":null,"og_video":null,"og_custom_url":null,"og_article_section":null,"og_article_tags":null,"twitter_use_og":false,"twitter_card":"default","twitter_image_type":"default","twitter_image_url":null,"twitter_image_custom_url":null,"twitter_image_custom_fields":null,"twitter_title":null,"twitter_description":null,"schema":{"blockGraphs":[],"customGraphs":[],"default":{"data":{"Article":[],"Course":[],"Dataset":[],"FAQPage":[],"Movie":[],"Person":[],"Product":[],"ProductReview":[],"Car":[],"Recipe":[],"Service":[],"SoftwareApplication":[],"WebPage":[]},"graphName":"","isEnabled":true},"graphs":[],"defaultGraph":"","defaultPostTypeGraph":""},"schema_type":null,"schema_type_options":null,"pillar_content":false,"robots_default":true,"robots_noindex":false,"robots_noarchive":false,"robots_nosnippet":false,"robots_nofollow":false,"robots_noimageindex":false,"robots_noodp":false,"robots_notranslate":false,"robots_max_snippet":null,"robots_max_videopreview":null,"robots_max_imagepreview":"large","priority":null,"frequency":null,"local_seo":null,"seo_analyzer_scan_date":"2025-12-07 00:51:49","breadcrumb_settings":null,"limit_modified_date":false,"open_ai":null,"ai":null,"created":"2020-12-21 12:53:36","updated":"2025-12-07 00:51:49","focus_keyword":null,"additional_keywords":null,"truseo_locale":null},"aioseo_breadcrumb":"<div class=\"aioseo-breadcrumbs\"><span class=\"aioseo-breadcrumb\">\n\t<a href=\"https:\/\/www.eldigitaldeasturias.com\/noticias\" title=\"Home\">Home<\/a>\n<\/span><span class=\"aioseo-breadcrumb-separator\">\u2013<\/span><span class=\"aioseo-breadcrumb\">\n\t<a href=\"https:\/\/www.eldigitaldeasturias.com\/noticias\/category\/actualidad\/\" title=\"Actualidad\">Actualidad<\/a>\n<\/span><span class=\"aioseo-breadcrumb-separator\">\u2013<\/span><span class=\"aioseo-breadcrumb\">\n\t<a href=\"https:\/\/www.eldigitaldeasturias.com\/noticias\/cospedal-destaca-los-avances-en-la-modernizacion-de-la-otan\/\" title=\"Cospedal destaca los avances en la modernizaci\u00f3n de la OTAN\">Cospedal destaca los avances en la modernizaci\u00f3n de la OTAN<\/a>\n<\/span><\/div>","aioseo_breadcrumb_json":[{"label":"Home","link":"https:\/\/www.eldigitaldeasturias.com\/noticias"},{"label":"Actualidad","link":"https:\/\/www.eldigitaldeasturias.com\/noticias\/category\/actualidad\/"},{"label":"Cospedal destaca los avances en la modernizaci\u00f3n de la OTAN","link":"https:\/\/www.eldigitaldeasturias.com\/noticias\/cospedal-destaca-los-avances-en-la-modernizacion-de-la-otan\/"}],"_links":{"self":[{"href":"https:\/\/www.eldigitaldeasturias.com\/noticias\/wp-json\/wp\/v2\/posts\/959336","targetHints":{"allow":["GET"]}}],"collection":[{"href":"https:\/\/www.eldigitaldeasturias.com\/noticias\/wp-json\/wp\/v2\/posts"}],"about":[{"href":"https:\/\/www.eldigitaldeasturias.com\/noticias\/wp-json\/wp\/v2\/types\/post"}],"author":[{"embeddable":true,"href":"https:\/\/www.eldigitaldeasturias.com\/noticias\/wp-json\/wp\/v2\/users\/1"}],"replies":[{"embeddable":true,"href":"https:\/\/www.eldigitaldeasturias.com\/noticias\/wp-json\/wp\/v2\/comments?post=959336"}],"version-history":[{"count":0,"href":"https:\/\/www.eldigitaldeasturias.com\/noticias\/wp-json\/wp\/v2\/posts\/959336\/revisions"}],"wp:attachment":[{"href":"https:\/\/www.eldigitaldeasturias.com\/noticias\/wp-json\/wp\/v2\/media?parent=959336"}],"wp:term":[{"taxonomy":"category","embeddable":true,"href":"https:\/\/www.eldigitaldeasturias.com\/noticias\/wp-json\/wp\/v2\/categories?post=959336"},{"taxonomy":"post_tag","embeddable":true,"href":"https:\/\/www.eldigitaldeasturias.com\/noticias\/wp-json\/wp\/v2\/tags?post=959336"}],"curies":[{"name":"wp","href":"https:\/\/api.w.org\/{rel}","templated":true}]}}