{"id":959331,"date":"2017-11-10T23:59:12","date_gmt":"2017-11-10T23:59:12","guid":{"rendered":"http:\/\/www.eldigitaldeasturias.com\/noticias\/?p=959331"},"modified":"2017-11-10T23:59:12","modified_gmt":"2017-11-10T23:59:12","slug":"pablo-casado-puigdemont-ha-llevado-a-toda-su-tierra-a-un-callejon-sin-salida","status":"publish","type":"post","link":"https:\/\/www.eldigitaldeasturias.com\/noticias\/pablo-casado-puigdemont-ha-llevado-a-toda-su-tierra-a-un-callejon-sin-salida\/","title":{"rendered":"Pablo Casado: \u201cPuigdemont ha llevado a toda su tierra a un callej\u00f3n sin salida\u201d"},"content":{"rendered":"<p><img loading=\"lazy\" decoding=\"async\" class=\"alignleft size-medium wp-image-959332\" src=\"https:\/\/www.eldigitaldeasturias.com\/noticias\/wp-content\/uploads\/2017\/11\/20171023__mjl9178-360x163.jpg\" alt=\"\" width=\"360\" height=\"163\" \/>El vicesecretario de Comunicaci\u00f3n del Partido Popular, Pablo Casado, se ha mostrado confiado en que, tras las elecciones del 21 de diciembre en Catalu\u00f1a, \u201clas cifras nos sumen para poder hacer un gobierno hist\u00f3rico constitucionalista en Catalu\u00f1a\u201d. \u201cQuiero apelar incluso a los que votaron a los indepedentistas las \u00faltimas elecciones, porque es m\u00e1s lo que nos une que lo que nos separa\u201d, ha a\u00f1adido Casado, quien ha instado a \u00e9stos a pensar en un futuro mejor para sus hijos en una Catalu\u00f1a dentro de una Espa\u00f1a plural.<\/p>\n<p>En declaraciones a los medios de comunicaci\u00f3n antes de participar en el Congreso \u201c40 a\u00f1os de autogobierno en Valencia\u201d, el dirigente popular ha recordado que anteriormente hubo tripartitos al frente de la Generalitat, pero que los lider\u00f3 la izquierda pactando con partidos que defend\u00edan la indepedencia.<\/p>\n<p>\u201cLos constitucionalistas tenemos que hacer un frente com\u00fan despu\u00e9s de las elecciones e intentar sumar todos los apoyos suficientes para que haya un punto de inflexi\u00f3n hist\u00f3rico, que es que no gobierne en Catalu\u00f1a un proyecto separatista o independentista\u201d, ha subrayado Casado, quien ha enfatizado que \u201csi algo bueno nos ha tra\u00eddo este desaf\u00edo secesionista, es que todos los dem\u00f3cratas tenemos que ir juntos\u201d.<\/p>\n<p>Por otro lado, el vicesecretario de Comunicaci\u00f3n del PP ha querido hablar \u201cde futuro\u201d porque -\u201cahora que el Gobierno de Espa\u00f1a ha devuelto la voz a los catalanes con unas elecciones que otros no tuvieron el coraje de convocar\u201d- es el momento de hablar de \u201cpensiones, educaci\u00f3n, empleo, sanidad, de c\u00f3mo tienen que volver las empresas que se han marchado o c\u00f3mo tiene que desaparecer la fractura social\u201d.<\/p>\n<p><strong>PUIGDEMONT, COLGANDO DE LA BROCHA<\/strong><\/p>\n<p>Preguntado por la declaraci\u00f3n de Carmen Forcadell en el Tribunal Supremo, Pablo Casado ha afirmado que \u201csus propios compa\u00f1eros est\u00e1n dejando a Puigdemont colgado de la brocha\u201d y que \u00e9stos terminar\u00e1n \u201cech\u00e1ndole en cara\u201d que se haya marchado a Bruselas, situaci\u00f3n que ha provocado que algunos entraran en prisi\u00f3n ante el riesgo de fuga.<\/p>\n<p>\u201cPensamos que hay alg\u00fan independentista que por fin se ha ca\u00eddo del caballo y, para ese viaje, no hac\u00edan falta alforjas. Es positivo que reconozcan que todo este proceso no conduce a nada\u201d, \u201cpero entristece mucho ver el empobrecimiento, la fractura social y la crispaci\u00f3n pol\u00edtica que ha producido este proceso\u201d, ha destacado.<\/p>\n<p>Por \u00faltimo, el vicesecretario del PP ha reprochado al ex president de la Generalitat que haya llevado \u201ca toda su tierra a un callej\u00f3n sin salida\u201d y le ha instado a que acate la euroorden.<\/p>\n","protected":false},"excerpt":{"rendered":"<p>El vicesecretario de Comunicaci\u00f3n del Partido Popular, Pablo Casado, se ha mostrado confiado en que, tras las elecciones del 21 de diciembre en Catalu\u00f1a, \u201clas cifras nos sumen para poder hacer un gobierno hist\u00f3rico constitucionalista en Catalu\u00f1a\u201d. \u201cQuiero apelar incluso a los que votaron a los indepedentistas las \u00faltimas elecciones, porque es m\u00e1s lo que [&hellip;]<\/p>\n","protected":false},"author":1,"featured_media":959332,"comment_status":"closed","ping_status":"closed","sticky":false,"template":"","format":"standard","meta":{"footnotes":""},"categories":[1],"tags":[],"class_list":["post-959331","post","type-post","status-publish","format-standard","has-post-thumbnail","hentry","category-actualidad"],"aioseo_notices":[],"aioseo_head":"\n\t\t<!-- All in One SEO Pro 5.0.1 - aioseo.com -->\n\t<meta name=\"description\" content=\"El vicesecretario de Comunicaci\u00f3n del Partido Popular, Pablo Casado, se ha mostrado confiado en que, tras las elecciones del 21 de diciembre en Catalu\u00f1a, \u201clas cifras nos sumen para poder hacer un gobierno hist\u00f3rico constitucionalista en Catalu\u00f1a\u201d. \u201cQuiero apelar incluso a los que votaron a los indepedentistas las \u00faltimas elecciones, porque es m\u00e1s lo que\" \/>\n\t<meta name=\"robots\" content=\"max-image-preview:large\" \/>\n\t<meta name=\"author\" content=\"El Digital de Asturias\"\/>\n\t<meta name=\"google-site-verification\" content=\"UA-38556648-1\" \/>\n\t<meta name=\"msvalidate.01\" content=\"7dfe9f3f1b24437ab69f4f2559babe99\" \/>\n\t<meta name=\"keywords\" content=\"actualidad\" \/>\n\t<link rel=\"canonical\" href=\"https:\/\/www.eldigitaldeasturias.com\/noticias\/pablo-casado-puigdemont-ha-llevado-a-toda-su-tierra-a-un-callejon-sin-salida\/\" \/>\n\t<meta name=\"generator\" content=\"All in One SEO Pro (AIOSEO) 5.0.1\" \/>\n\t\t<meta property=\"og:locale\" content=\"es_ES\" \/>\n\t\t<meta property=\"og:site_name\" content=\"El Digital de Asturias\" \/>\n\t\t<meta property=\"og:type\" content=\"article\" \/>\n\t\t<meta property=\"og:title\" content=\"Pablo Casado: \u201cPuigdemont ha llevado a toda su tierra a un callej\u00f3n sin salida\u201d - El Digital de Asturias\" \/>\n\t\t<meta property=\"og:description\" content=\"El vicesecretario de Comunicaci\u00f3n del Partido Popular, Pablo Casado, se ha mostrado confiado en que, tras las elecciones del 21 de diciembre en Catalu\u00f1a, \u201clas cifras nos sumen para poder hacer un gobierno hist\u00f3rico constitucionalista en Catalu\u00f1a\u201d. \u201cQuiero apelar incluso a los que votaron a los indepedentistas las \u00faltimas elecciones, porque es m\u00e1s lo que\" \/>\n\t\t<meta property=\"og:url\" content=\"https:\/\/www.eldigitaldeasturias.com\/noticias\/pablo-casado-puigdemont-ha-llevado-a-toda-su-tierra-a-un-callejon-sin-salida\/\" \/>\n\t\t<meta property=\"article:tag\" content=\"actualidad\" \/>\n\t\t<meta property=\"article:published_time\" content=\"2017-11-10T23:59:12+00:00\" \/>\n\t\t<meta property=\"article:modified_time\" content=\"2017-11-10T23:59:12+00:00\" \/>\n\t\t<meta property=\"article:publisher\" content=\"https:\/\/facebook.com\/eldigitaldeasturias\" \/>\n\t\t<meta name=\"twitter:card\" content=\"summary_large_image\" \/>\n\t\t<meta name=\"twitter:title\" content=\"Pablo Casado: \u201cPuigdemont ha llevado a toda su tierra a un callej\u00f3n sin salida\u201d - El Digital de Asturias\" \/>\n\t\t<meta name=\"twitter:description\" content=\"El vicesecretario de Comunicaci\u00f3n del Partido Popular, Pablo Casado, se ha mostrado confiado en que, tras las elecciones del 21 de diciembre en Catalu\u00f1a, \u201clas cifras nos sumen para poder hacer un gobierno hist\u00f3rico constitucionalista en Catalu\u00f1a\u201d. \u201cQuiero apelar incluso a los que votaron a los indepedentistas las \u00faltimas elecciones, porque es m\u00e1s lo que\" \/>\n\t\t<meta name=\"twitter:image\" content=\"https:\/\/www.eldigitaldeasturias.com\/noticias\/wp-content\/uploads\/2020\/12\/EDA-1.jpg\" \/>\n\t\t<meta name=\"twitter:label1\" content=\"Escrito por\" \/>\n\t\t<meta name=\"twitter:data1\" content=\"El Digital de Asturias\" \/>\n\t\t<meta name=\"twitter:label2\" content=\"Tiempo de lectura estimado\" \/>\n\t\t<meta name=\"twitter:data2\" content=\"2 minutos\" \/>\n\t\t<script type=\"application\/ld+json\" class=\"aioseo-schema\">\n\t\t\t{\"@context\":\"https:\\\/\\\/schema.org\",\"@graph\":[{\"@type\":\"BlogPosting\",\"@id\":\"https:\\\/\\\/www.eldigitaldeasturias.com\\\/noticias\\\/pablo-casado-puigdemont-ha-llevado-a-toda-su-tierra-a-un-callejon-sin-salida\\\/#blogposting\",\"name\":\"Pablo Casado: \\u201cPuigdemont ha llevado a toda su tierra a un callej\\u00f3n sin salida\\u201d - El Digital de Asturias\",\"headline\":\"Pablo Casado: \\u201cPuigdemont ha llevado a toda su tierra a un callej\\u00f3n sin salida\\u201d\",\"author\":{\"@id\":\"https:\\\/\\\/www.eldigitaldeasturias.com\\\/noticias\\\/author\\\/admin\\\/#author\"},\"publisher\":{\"@id\":\"https:\\\/\\\/www.eldigitaldeasturias.com\\\/noticias\\\/#organization\"},\"image\":{\"@type\":\"ImageObject\",\"url\":959332},\"datePublished\":\"2017-11-10T23:59:12+01:00\",\"dateModified\":\"2017-11-10T23:59:12+01:00\",\"inLanguage\":\"es-ES\",\"mainEntityOfPage\":{\"@id\":\"https:\\\/\\\/www.eldigitaldeasturias.com\\\/noticias\\\/pablo-casado-puigdemont-ha-llevado-a-toda-su-tierra-a-un-callejon-sin-salida\\\/#webpage\"},\"isPartOf\":{\"@id\":\"https:\\\/\\\/www.eldigitaldeasturias.com\\\/noticias\\\/pablo-casado-puigdemont-ha-llevado-a-toda-su-tierra-a-un-callejon-sin-salida\\\/#webpage\"},\"articleSection\":\"Actualidad\"},{\"@type\":\"BreadcrumbList\",\"@id\":\"https:\\\/\\\/www.eldigitaldeasturias.com\\\/noticias\\\/pablo-casado-puigdemont-ha-llevado-a-toda-su-tierra-a-un-callejon-sin-salida\\\/#breadcrumblist\",\"itemListElement\":[{\"@type\":\"ListItem\",\"@id\":\"https:\\\/\\\/www.eldigitaldeasturias.com\\\/noticias#listItem\",\"position\":1,\"name\":\"Home\",\"item\":\"https:\\\/\\\/www.eldigitaldeasturias.com\\\/noticias\",\"nextItem\":{\"@type\":\"ListItem\",\"@id\":\"https:\\\/\\\/www.eldigitaldeasturias.com\\\/noticias\\\/category\\\/actualidad\\\/#listItem\",\"name\":\"Actualidad\"}},{\"@type\":\"ListItem\",\"@id\":\"https:\\\/\\\/www.eldigitaldeasturias.com\\\/noticias\\\/category\\\/actualidad\\\/#listItem\",\"position\":2,\"name\":\"Actualidad\",\"item\":\"https:\\\/\\\/www.eldigitaldeasturias.com\\\/noticias\\\/category\\\/actualidad\\\/\",\"nextItem\":{\"@type\":\"ListItem\",\"@id\":\"https:\\\/\\\/www.eldigitaldeasturias.com\\\/noticias\\\/pablo-casado-puigdemont-ha-llevado-a-toda-su-tierra-a-un-callejon-sin-salida\\\/#listItem\",\"name\":\"Pablo Casado: \\u201cPuigdemont ha llevado a toda su tierra a un callej\\u00f3n sin salida\\u201d\"},\"previousItem\":{\"@type\":\"ListItem\",\"@id\":\"https:\\\/\\\/www.eldigitaldeasturias.com\\\/noticias#listItem\",\"name\":\"Home\"}},{\"@type\":\"ListItem\",\"@id\":\"https:\\\/\\\/www.eldigitaldeasturias.com\\\/noticias\\\/pablo-casado-puigdemont-ha-llevado-a-toda-su-tierra-a-un-callejon-sin-salida\\\/#listItem\",\"position\":3,\"name\":\"Pablo Casado: \\u201cPuigdemont ha llevado a toda su tierra a un callej\\u00f3n sin salida\\u201d\",\"previousItem\":{\"@type\":\"ListItem\",\"@id\":\"https:\\\/\\\/www.eldigitaldeasturias.com\\\/noticias\\\/category\\\/actualidad\\\/#listItem\",\"name\":\"Actualidad\"}}]},{\"@type\":\"Organization\",\"@id\":\"https:\\\/\\\/www.eldigitaldeasturias.com\\\/noticias\\\/#organization\",\"name\":\"El Digital de Asturias\",\"description\":\"Hemeroteca\",\"url\":\"https:\\\/\\\/www.eldigitaldeasturias.com\\\/noticias\\\/\",\"email\":\"info@eldigitaldeasturias.com\",\"telephone\":\"+34652131393\",\"logo\":{\"@type\":\"ImageObject\",\"url\":\"https:\\\/\\\/www.eldigitaldeasturias.com\\\/noticias\\\/wp-content\\\/uploads\\\/2020\\\/12\\\/EDA.jpg\",\"@id\":\"https:\\\/\\\/www.eldigitaldeasturias.com\\\/noticias\\\/pablo-casado-puigdemont-ha-llevado-a-toda-su-tierra-a-un-callejon-sin-salida\\\/#organizationLogo\"},\"image\":{\"@id\":\"https:\\\/\\\/www.eldigitaldeasturias.com\\\/noticias\\\/pablo-casado-puigdemont-ha-llevado-a-toda-su-tierra-a-un-callejon-sin-salida\\\/#organizationLogo\"},\"sameAs\":[\"https:\\\/\\\/facebook.com\\\/eldigitaldeasturias\",\"https:\\\/\\\/www.youtube.com\\\/channel\\\/UCZP-2wLEB9Rv6erhFmqVnvg\"],\"address\":{\"@id\":\"https:\\\/\\\/www.eldigitaldeasturias.com\\\/noticias\\\/#postaladdress\",\"@type\":\"PostalAddress\",\"streetAddress\":\"san antonio 4\",\"postalCode\":\"33430\",\"addressLocality\":\"Cand\\u00e1s\",\"addressRegion\":\"Asturias\",\"addressCountry\":\"ES\"}},{\"@type\":\"Person\",\"@id\":\"https:\\\/\\\/www.eldigitaldeasturias.com\\\/noticias\\\/author\\\/admin\\\/#author\",\"url\":\"https:\\\/\\\/www.eldigitaldeasturias.com\\\/noticias\\\/author\\\/admin\\\/\",\"name\":\"El Digital de Asturias\",\"image\":{\"@type\":\"ImageObject\",\"@id\":\"https:\\\/\\\/www.eldigitaldeasturias.com\\\/noticias\\\/pablo-casado-puigdemont-ha-llevado-a-toda-su-tierra-a-un-callejon-sin-salida\\\/#authorImage\",\"url\":\"https:\\\/\\\/secure.gravatar.com\\\/avatar\\\/df2aeffc32bcd13f8d26072ef8a91b623d677766deac7f97ca815868cd41bf5e?s=96&d=mm&r=g\",\"width\":96,\"height\":96,\"caption\":\"El Digital de Asturias\"}},{\"@type\":\"WebPage\",\"@id\":\"https:\\\/\\\/www.eldigitaldeasturias.com\\\/noticias\\\/pablo-casado-puigdemont-ha-llevado-a-toda-su-tierra-a-un-callejon-sin-salida\\\/#webpage\",\"url\":\"https:\\\/\\\/www.eldigitaldeasturias.com\\\/noticias\\\/pablo-casado-puigdemont-ha-llevado-a-toda-su-tierra-a-un-callejon-sin-salida\\\/\",\"name\":\"Pablo Casado: \\u201cPuigdemont ha llevado a toda su tierra a un callej\\u00f3n sin salida\\u201d - El Digital de Asturias\",\"description\":\"El vicesecretario de Comunicaci\\u00f3n del Partido Popular, Pablo Casado, se ha mostrado confiado en que, tras las elecciones del 21 de diciembre en Catalu\\u00f1a, \\u201clas cifras nos sumen para poder hacer un gobierno hist\\u00f3rico constitucionalista en Catalu\\u00f1a\\u201d. \\u201cQuiero apelar incluso a los que votaron a los indepedentistas las \\u00faltimas elecciones, porque es m\\u00e1s lo que\",\"inLanguage\":\"es-ES\",\"isPartOf\":{\"@id\":\"https:\\\/\\\/www.eldigitaldeasturias.com\\\/noticias\\\/#website\"},\"breadcrumb\":{\"@id\":\"https:\\\/\\\/www.eldigitaldeasturias.com\\\/noticias\\\/pablo-casado-puigdemont-ha-llevado-a-toda-su-tierra-a-un-callejon-sin-salida\\\/#breadcrumblist\"},\"author\":{\"@id\":\"https:\\\/\\\/www.eldigitaldeasturias.com\\\/noticias\\\/author\\\/admin\\\/#author\"},\"creator\":{\"@id\":\"https:\\\/\\\/www.eldigitaldeasturias.com\\\/noticias\\\/author\\\/admin\\\/#author\"},\"image\":{\"@type\":\"ImageObject\",\"url\":959332,\"@id\":\"https:\\\/\\\/www.eldigitaldeasturias.com\\\/noticias\\\/pablo-casado-puigdemont-ha-llevado-a-toda-su-tierra-a-un-callejon-sin-salida\\\/#mainImage\"},\"primaryImageOfPage\":{\"@id\":\"https:\\\/\\\/www.eldigitaldeasturias.com\\\/noticias\\\/pablo-casado-puigdemont-ha-llevado-a-toda-su-tierra-a-un-callejon-sin-salida\\\/#mainImage\"},\"datePublished\":\"2017-11-10T23:59:12+01:00\",\"dateModified\":\"2017-11-10T23:59:12+01:00\"},{\"@type\":\"WebSite\",\"@id\":\"https:\\\/\\\/www.eldigitaldeasturias.com\\\/noticias\\\/#website\",\"url\":\"https:\\\/\\\/www.eldigitaldeasturias.com\\\/noticias\\\/\",\"name\":\"El Digital de Asturias - Diario de actualidad y noticias\",\"alternateName\":\"El Digital de Asturias - Diario de actualidad y noticias\",\"description\":\"Hemeroteca\",\"inLanguage\":\"es-ES\",\"publisher\":{\"@id\":\"https:\\\/\\\/www.eldigitaldeasturias.com\\\/noticias\\\/#organization\"}}]}\n\t\t<\/script>\n\t\t<!-- All in One SEO Pro -->\r\n\t\t<title>Pablo Casado: \u201cPuigdemont ha llevado a toda su tierra a un callej\u00f3n sin salida\u201d - El Digital de Asturias<\/title>\n\n","aioseo_head_json":{"title":"Pablo Casado: \u201cPuigdemont ha llevado a toda su tierra a un callej\u00f3n sin salida\u201d - El Digital de Asturias","description":"El vicesecretario de Comunicaci\u00f3n del Partido Popular, Pablo Casado, se ha mostrado confiado en que, tras las elecciones del 21 de diciembre en Catalu\u00f1a, \u201clas cifras nos sumen para poder hacer un gobierno hist\u00f3rico constitucionalista en Catalu\u00f1a\u201d. \u201cQuiero apelar incluso a los que votaron a los indepedentistas las \u00faltimas elecciones, porque es m\u00e1s lo que","canonical_url":"https:\/\/www.eldigitaldeasturias.com\/noticias\/pablo-casado-puigdemont-ha-llevado-a-toda-su-tierra-a-un-callejon-sin-salida\/","robots":"max-image-preview:large","keywords":"actualidad","webmasterTools":{"google-site-verification":"UA-38556648-1","msvalidate.01":"7dfe9f3f1b24437ab69f4f2559babe99","miscellaneous":""},"schema":{"@context":"https:\/\/schema.org","@graph":[{"@type":"BlogPosting","@id":"https:\/\/www.eldigitaldeasturias.com\/noticias\/pablo-casado-puigdemont-ha-llevado-a-toda-su-tierra-a-un-callejon-sin-salida\/#blogposting","name":"Pablo Casado: \u201cPuigdemont ha llevado a toda su tierra a un callej\u00f3n sin salida\u201d - El Digital de Asturias","headline":"Pablo Casado: \u201cPuigdemont ha llevado a toda su tierra a un callej\u00f3n sin salida\u201d","author":{"@id":"https:\/\/www.eldigitaldeasturias.com\/noticias\/author\/admin\/#author"},"publisher":{"@id":"https:\/\/www.eldigitaldeasturias.com\/noticias\/#organization"},"image":{"@type":"ImageObject","url":959332},"datePublished":"2017-11-10T23:59:12+01:00","dateModified":"2017-11-10T23:59:12+01:00","inLanguage":"es-ES","mainEntityOfPage":{"@id":"https:\/\/www.eldigitaldeasturias.com\/noticias\/pablo-casado-puigdemont-ha-llevado-a-toda-su-tierra-a-un-callejon-sin-salida\/#webpage"},"isPartOf":{"@id":"https:\/\/www.eldigitaldeasturias.com\/noticias\/pablo-casado-puigdemont-ha-llevado-a-toda-su-tierra-a-un-callejon-sin-salida\/#webpage"},"articleSection":"Actualidad"},{"@type":"BreadcrumbList","@id":"https:\/\/www.eldigitaldeasturias.com\/noticias\/pablo-casado-puigdemont-ha-llevado-a-toda-su-tierra-a-un-callejon-sin-salida\/#breadcrumblist","itemListElement":[{"@type":"ListItem","@id":"https:\/\/www.eldigitaldeasturias.com\/noticias#listItem","position":1,"name":"Home","item":"https:\/\/www.eldigitaldeasturias.com\/noticias","nextItem":{"@type":"ListItem","@id":"https:\/\/www.eldigitaldeasturias.com\/noticias\/category\/actualidad\/#listItem","name":"Actualidad"}},{"@type":"ListItem","@id":"https:\/\/www.eldigitaldeasturias.com\/noticias\/category\/actualidad\/#listItem","position":2,"name":"Actualidad","item":"https:\/\/www.eldigitaldeasturias.com\/noticias\/category\/actualidad\/","nextItem":{"@type":"ListItem","@id":"https:\/\/www.eldigitaldeasturias.com\/noticias\/pablo-casado-puigdemont-ha-llevado-a-toda-su-tierra-a-un-callejon-sin-salida\/#listItem","name":"Pablo Casado: \u201cPuigdemont ha llevado a toda su tierra a un callej\u00f3n sin salida\u201d"},"previousItem":{"@type":"ListItem","@id":"https:\/\/www.eldigitaldeasturias.com\/noticias#listItem","name":"Home"}},{"@type":"ListItem","@id":"https:\/\/www.eldigitaldeasturias.com\/noticias\/pablo-casado-puigdemont-ha-llevado-a-toda-su-tierra-a-un-callejon-sin-salida\/#listItem","position":3,"name":"Pablo Casado: \u201cPuigdemont ha llevado a toda su tierra a un callej\u00f3n sin salida\u201d","previousItem":{"@type":"ListItem","@id":"https:\/\/www.eldigitaldeasturias.com\/noticias\/category\/actualidad\/#listItem","name":"Actualidad"}}]},{"@type":"Organization","@id":"https:\/\/www.eldigitaldeasturias.com\/noticias\/#organization","name":"El Digital de Asturias","description":"Hemeroteca","url":"https:\/\/www.eldigitaldeasturias.com\/noticias\/","email":"info@eldigitaldeasturias.com","telephone":"+34652131393","logo":{"@type":"ImageObject","url":"https:\/\/www.eldigitaldeasturias.com\/noticias\/wp-content\/uploads\/2020\/12\/EDA.jpg","@id":"https:\/\/www.eldigitaldeasturias.com\/noticias\/pablo-casado-puigdemont-ha-llevado-a-toda-su-tierra-a-un-callejon-sin-salida\/#organizationLogo"},"image":{"@id":"https:\/\/www.eldigitaldeasturias.com\/noticias\/pablo-casado-puigdemont-ha-llevado-a-toda-su-tierra-a-un-callejon-sin-salida\/#organizationLogo"},"sameAs":["https:\/\/facebook.com\/eldigitaldeasturias","https:\/\/www.youtube.com\/channel\/UCZP-2wLEB9Rv6erhFmqVnvg"],"address":{"@id":"https:\/\/www.eldigitaldeasturias.com\/noticias\/#postaladdress","@type":"PostalAddress","streetAddress":"san antonio 4","postalCode":"33430","addressLocality":"Cand\u00e1s","addressRegion":"Asturias","addressCountry":"ES"}},{"@type":"Person","@id":"https:\/\/www.eldigitaldeasturias.com\/noticias\/author\/admin\/#author","url":"https:\/\/www.eldigitaldeasturias.com\/noticias\/author\/admin\/","name":"El Digital de Asturias","image":{"@type":"ImageObject","@id":"https:\/\/www.eldigitaldeasturias.com\/noticias\/pablo-casado-puigdemont-ha-llevado-a-toda-su-tierra-a-un-callejon-sin-salida\/#authorImage","url":"https:\/\/secure.gravatar.com\/avatar\/df2aeffc32bcd13f8d26072ef8a91b623d677766deac7f97ca815868cd41bf5e?s=96&d=mm&r=g","width":96,"height":96,"caption":"El Digital de Asturias"}},{"@type":"WebPage","@id":"https:\/\/www.eldigitaldeasturias.com\/noticias\/pablo-casado-puigdemont-ha-llevado-a-toda-su-tierra-a-un-callejon-sin-salida\/#webpage","url":"https:\/\/www.eldigitaldeasturias.com\/noticias\/pablo-casado-puigdemont-ha-llevado-a-toda-su-tierra-a-un-callejon-sin-salida\/","name":"Pablo Casado: \u201cPuigdemont ha llevado a toda su tierra a un callej\u00f3n sin salida\u201d - El Digital de Asturias","description":"El vicesecretario de Comunicaci\u00f3n del Partido Popular, Pablo Casado, se ha mostrado confiado en que, tras las elecciones del 21 de diciembre en Catalu\u00f1a, \u201clas cifras nos sumen para poder hacer un gobierno hist\u00f3rico constitucionalista en Catalu\u00f1a\u201d. \u201cQuiero apelar incluso a los que votaron a los indepedentistas las \u00faltimas elecciones, porque es m\u00e1s lo que","inLanguage":"es-ES","isPartOf":{"@id":"https:\/\/www.eldigitaldeasturias.com\/noticias\/#website"},"breadcrumb":{"@id":"https:\/\/www.eldigitaldeasturias.com\/noticias\/pablo-casado-puigdemont-ha-llevado-a-toda-su-tierra-a-un-callejon-sin-salida\/#breadcrumblist"},"author":{"@id":"https:\/\/www.eldigitaldeasturias.com\/noticias\/author\/admin\/#author"},"creator":{"@id":"https:\/\/www.eldigitaldeasturias.com\/noticias\/author\/admin\/#author"},"image":{"@type":"ImageObject","url":959332,"@id":"https:\/\/www.eldigitaldeasturias.com\/noticias\/pablo-casado-puigdemont-ha-llevado-a-toda-su-tierra-a-un-callejon-sin-salida\/#mainImage"},"primaryImageOfPage":{"@id":"https:\/\/www.eldigitaldeasturias.com\/noticias\/pablo-casado-puigdemont-ha-llevado-a-toda-su-tierra-a-un-callejon-sin-salida\/#mainImage"},"datePublished":"2017-11-10T23:59:12+01:00","dateModified":"2017-11-10T23:59:12+01:00"},{"@type":"WebSite","@id":"https:\/\/www.eldigitaldeasturias.com\/noticias\/#website","url":"https:\/\/www.eldigitaldeasturias.com\/noticias\/","name":"El Digital de Asturias - Diario de actualidad y noticias","alternateName":"El Digital de Asturias - Diario de actualidad y noticias","description":"Hemeroteca","inLanguage":"es-ES","publisher":{"@id":"https:\/\/www.eldigitaldeasturias.com\/noticias\/#organization"}}]},"og:locale":"es_ES","og:site_name":"El Digital de Asturias","og:type":"article","og:title":"Pablo Casado: \u201cPuigdemont ha llevado a toda su tierra a un callej\u00f3n sin salida\u201d - El Digital de Asturias","og:description":"El vicesecretario de Comunicaci\u00f3n del Partido Popular, Pablo Casado, se ha mostrado confiado en que, tras las elecciones del 21 de diciembre en Catalu\u00f1a, \u201clas cifras nos sumen para poder hacer un gobierno hist\u00f3rico constitucionalista en Catalu\u00f1a\u201d. \u201cQuiero apelar incluso a los que votaron a los indepedentistas las \u00faltimas elecciones, porque es m\u00e1s lo que","og:url":"https:\/\/www.eldigitaldeasturias.com\/noticias\/pablo-casado-puigdemont-ha-llevado-a-toda-su-tierra-a-un-callejon-sin-salida\/","article:tag":["actualidad"],"article:published_time":"2017-11-10T23:59:12+00:00","article:modified_time":"2017-11-10T23:59:12+00:00","article:publisher":"https:\/\/facebook.com\/eldigitaldeasturias","twitter:card":"summary_large_image","twitter:title":"Pablo Casado: \u201cPuigdemont ha llevado a toda su tierra a un callej\u00f3n sin salida\u201d - El Digital de Asturias","twitter:description":"El vicesecretario de Comunicaci\u00f3n del Partido Popular, Pablo Casado, se ha mostrado confiado en que, tras las elecciones del 21 de diciembre en Catalu\u00f1a, \u201clas cifras nos sumen para poder hacer un gobierno hist\u00f3rico constitucionalista en Catalu\u00f1a\u201d. \u201cQuiero apelar incluso a los que votaron a los indepedentistas las \u00faltimas elecciones, porque es m\u00e1s lo que","twitter:image":"https:\/\/www.eldigitaldeasturias.com\/noticias\/wp-content\/uploads\/2020\/12\/EDA-1.jpg","twitter:label1":"Escrito por","twitter:data1":"El Digital de Asturias","twitter:label2":"Tiempo de lectura estimado","twitter:data2":"2 minutos"},"aioseo_meta_data":{"post_id":"959331","title":null,"description":null,"keywords":null,"keyphrases":null,"primary_term":null,"canonical_url":null,"og_title":null,"og_description":null,"og_object_type":"default","og_image_type":"default","og_image_url":null,"og_image_width":null,"og_image_height":null,"og_image_custom_url":null,"og_image_custom_fields":null,"og_video":null,"og_custom_url":null,"og_article_section":null,"og_article_tags":null,"twitter_use_og":false,"twitter_card":"default","twitter_image_type":"default","twitter_image_url":null,"twitter_image_custom_url":null,"twitter_image_custom_fields":null,"twitter_title":null,"twitter_description":null,"schema":{"blockGraphs":[],"customGraphs":[],"default":{"data":{"Article":[],"Course":[],"Dataset":[],"FAQPage":[],"Movie":[],"Person":[],"Product":[],"ProductReview":[],"Car":[],"Recipe":[],"Service":[],"SoftwareApplication":[],"WebPage":[]},"graphName":"","isEnabled":true},"graphs":[],"defaultGraph":"","defaultPostTypeGraph":""},"schema_type":null,"schema_type_options":null,"pillar_content":false,"robots_default":true,"robots_noindex":false,"robots_noarchive":false,"robots_nosnippet":false,"robots_nofollow":false,"robots_noimageindex":false,"robots_noodp":false,"robots_notranslate":false,"robots_max_snippet":null,"robots_max_videopreview":null,"robots_max_imagepreview":"large","priority":null,"frequency":null,"local_seo":null,"seo_analyzer_scan_date":"2025-12-07 00:51:48","breadcrumb_settings":null,"limit_modified_date":false,"open_ai":null,"ai":null,"created":"2020-12-21 12:53:36","updated":"2025-12-07 00:51:48","focus_keyword":null,"additional_keywords":null,"truseo_locale":null},"aioseo_breadcrumb":"<div class=\"aioseo-breadcrumbs\"><span class=\"aioseo-breadcrumb\">\n\t<a href=\"https:\/\/www.eldigitaldeasturias.com\/noticias\" title=\"Home\">Home<\/a>\n<\/span><span class=\"aioseo-breadcrumb-separator\">\u2013<\/span><span class=\"aioseo-breadcrumb\">\n\t<a href=\"https:\/\/www.eldigitaldeasturias.com\/noticias\/category\/actualidad\/\" title=\"Actualidad\">Actualidad<\/a>\n<\/span><span class=\"aioseo-breadcrumb-separator\">\u2013<\/span><span class=\"aioseo-breadcrumb\">\n\t<a href=\"https:\/\/www.eldigitaldeasturias.com\/noticias\/pablo-casado-puigdemont-ha-llevado-a-toda-su-tierra-a-un-callejon-sin-salida\/\" title=\"Pablo Casado: \u201cPuigdemont ha llevado a toda su tierra a un callej\u00f3n sin salida\u201d\">Pablo Casado: \u201cPuigdemont ha llevado a toda su tierra a un callej\u00f3n sin salida\u201d<\/a>\n<\/span><\/div>","aioseo_breadcrumb_json":[{"label":"Home","link":"https:\/\/www.eldigitaldeasturias.com\/noticias"},{"label":"Actualidad","link":"https:\/\/www.eldigitaldeasturias.com\/noticias\/category\/actualidad\/"},{"label":"Pablo Casado: \u201cPuigdemont ha llevado a toda su tierra a un callej\u00f3n sin salida\u201d","link":"https:\/\/www.eldigitaldeasturias.com\/noticias\/pablo-casado-puigdemont-ha-llevado-a-toda-su-tierra-a-un-callejon-sin-salida\/"}],"_links":{"self":[{"href":"https:\/\/www.eldigitaldeasturias.com\/noticias\/wp-json\/wp\/v2\/posts\/959331","targetHints":{"allow":["GET"]}}],"collection":[{"href":"https:\/\/www.eldigitaldeasturias.com\/noticias\/wp-json\/wp\/v2\/posts"}],"about":[{"href":"https:\/\/www.eldigitaldeasturias.com\/noticias\/wp-json\/wp\/v2\/types\/post"}],"author":[{"embeddable":true,"href":"https:\/\/www.eldigitaldeasturias.com\/noticias\/wp-json\/wp\/v2\/users\/1"}],"replies":[{"embeddable":true,"href":"https:\/\/www.eldigitaldeasturias.com\/noticias\/wp-json\/wp\/v2\/comments?post=959331"}],"version-history":[{"count":0,"href":"https:\/\/www.eldigitaldeasturias.com\/noticias\/wp-json\/wp\/v2\/posts\/959331\/revisions"}],"wp:attachment":[{"href":"https:\/\/www.eldigitaldeasturias.com\/noticias\/wp-json\/wp\/v2\/media?parent=959331"}],"wp:term":[{"taxonomy":"category","embeddable":true,"href":"https:\/\/www.eldigitaldeasturias.com\/noticias\/wp-json\/wp\/v2\/categories?post=959331"},{"taxonomy":"post_tag","embeddable":true,"href":"https:\/\/www.eldigitaldeasturias.com\/noticias\/wp-json\/wp\/v2\/tags?post=959331"}],"curies":[{"name":"wp","href":"https:\/\/api.w.org\/{rel}","templated":true}]}}