{"id":959323,"date":"2017-11-10T23:20:56","date_gmt":"2017-11-10T23:20:56","guid":{"rendered":"http:\/\/www.eldigitaldeasturias.com\/noticias\/?p=959323"},"modified":"2017-11-10T23:20:56","modified_gmt":"2017-11-10T23:20:56","slug":"el-pp-prepara-las-elecciones-europeas-de-2019","status":"publish","type":"post","link":"https:\/\/www.eldigitaldeasturias.com\/noticias\/el-pp-prepara-las-elecciones-europeas-de-2019\/","title":{"rendered":"El PP prepara las elecciones europeas de 2019"},"content":{"rendered":"<p><img loading=\"lazy\" decoding=\"async\" class=\"alignleft size-medium wp-image-959324\" src=\"https:\/\/www.eldigitaldeasturias.com\/noticias\/wp-content\/uploads\/2017\/11\/epp-360x163.jpg\" alt=\"\" width=\"360\" height=\"163\" \/>Los eurodiputados del PP Esteban Gonz\u00e1lez Pons, Antonio L\u00f3pez-Ist\u00fariz y Ram\u00f3n Luis Valc\u00e1rcel han participado en los \u00faltimos tres d\u00edas en una reuni\u00f3n de la presidencia del Grupo del Partido Popular Europeo (PPE) en el Parlamento Europeo para comenzar a preparar la estrategia ante la pr\u00f3ximas elecciones europeas que se celebrar\u00e1n a mediados de 2019.<\/p>\n<p>Gonz\u00e1lez Pons (portavoz del PP en el Parlamento Europeo y vicepresidente primero del Grupo PPE), L\u00f3pez-Ist\u00fariz (Secretario General del Partido Popular Europeo) y Valc\u00e1rcel (Vicepresidente del Parlamento Europeo) han debatido, en la reuni\u00f3n celebrada en Braga (Portugal), con destacados dirigentes del Grupo PPE y del Partido Popular Europeo los principales asuntos de la agenda europea para los pr\u00f3ximos meses, que previsiblemente ser\u00e1n los ejes de la campa\u00f1a de las elecciones de 2019.<\/p>\n<p>El eurodiputado del PP y Secretario General del Partido Popular Europeo, Antonio L\u00f3pez-Ist\u00fariz, ha destacado que \u201cel PPE est\u00e1 unido y coordinado, a diferencia de otros partidos, para ofrecer a los ciudadanos europeos soluciones pr\u00e1cticas y reales a sus principales preocupaciones, y no recetas irreales como otros partidos de la izquierda o de corte populista\u201d.<\/p>\n<p>\u201cEl empleo, la lucha contra el terrorismo, la gesti\u00f3n de la inmigraci\u00f3n, y la unidad de los estados miembros de la UE ser\u00e1n sin duda asuntos muy presentes en la agenda del PPE para las pr\u00f3ximas elecciones europeas\u201d, ha a\u00f1adido L\u00f3pez-Ist\u00fariz.<\/p>\n<p>L\u00f3pez-Ist\u00fariz tambi\u00e9n ha se\u00f1alado que el PPE y el Grupo PPE ya est\u00e1n trabajando en la elecci\u00f3n de su candidato a presidir la Comisi\u00f3n Europea a partir de finales de 2019. Desde las elecciones europeas de 2014, el candidato del partido que gana estas elecciones al Parlamento Europeo es elegido presidente de la Comisi\u00f3n Europea, como ocurri\u00f3 en aquella ocasi\u00f3n con Jean-Claude Juncker, actual presidente de la Comisi\u00f3n Europea.<\/p>\n","protected":false},"excerpt":{"rendered":"<p>Los eurodiputados del PP Esteban Gonz\u00e1lez Pons, Antonio L\u00f3pez-Ist\u00fariz y Ram\u00f3n Luis Valc\u00e1rcel han participado en los \u00faltimos tres d\u00edas en una reuni\u00f3n de la presidencia del Grupo del Partido Popular Europeo (PPE) en el Parlamento Europeo para comenzar a preparar la estrategia ante la pr\u00f3ximas elecciones europeas que se celebrar\u00e1n a mediados de 2019. [&hellip;]<\/p>\n","protected":false},"author":1,"featured_media":959324,"comment_status":"closed","ping_status":"closed","sticky":false,"template":"","format":"standard","meta":{"footnotes":""},"categories":[1],"tags":[],"class_list":["post-959323","post","type-post","status-publish","format-standard","has-post-thumbnail","hentry","category-actualidad"],"aioseo_notices":[],"aioseo_head":"\n\t\t<!-- All in One SEO Pro 5.0.1 - aioseo.com -->\n\t<meta name=\"description\" content=\"Los eurodiputados del PP Esteban Gonz\u00e1lez Pons, Antonio L\u00f3pez-Ist\u00fariz y Ram\u00f3n Luis Valc\u00e1rcel han participado en los \u00faltimos tres d\u00edas en una reuni\u00f3n de la presidencia del Grupo del Partido Popular Europeo (PPE) en el Parlamento Europeo para comenzar a preparar la estrategia ante la pr\u00f3ximas elecciones europeas que se celebrar\u00e1n a mediados de 2019.\" \/>\n\t<meta name=\"robots\" content=\"max-image-preview:large\" \/>\n\t<meta name=\"author\" content=\"El Digital de Asturias\"\/>\n\t<meta name=\"google-site-verification\" content=\"UA-38556648-1\" \/>\n\t<meta name=\"msvalidate.01\" content=\"7dfe9f3f1b24437ab69f4f2559babe99\" \/>\n\t<meta name=\"keywords\" content=\"actualidad\" \/>\n\t<link rel=\"canonical\" href=\"https:\/\/www.eldigitaldeasturias.com\/noticias\/el-pp-prepara-las-elecciones-europeas-de-2019\/\" \/>\n\t<meta name=\"generator\" content=\"All in One SEO Pro (AIOSEO) 5.0.1\" \/>\n\t\t<meta property=\"og:locale\" content=\"es_ES\" \/>\n\t\t<meta property=\"og:site_name\" content=\"El Digital de Asturias\" \/>\n\t\t<meta property=\"og:type\" content=\"article\" \/>\n\t\t<meta property=\"og:title\" content=\"El PP prepara las elecciones europeas de 2019 - El Digital de Asturias\" \/>\n\t\t<meta property=\"og:description\" content=\"Los eurodiputados del PP Esteban Gonz\u00e1lez Pons, Antonio L\u00f3pez-Ist\u00fariz y Ram\u00f3n Luis Valc\u00e1rcel han participado en los \u00faltimos tres d\u00edas en una reuni\u00f3n de la presidencia del Grupo del Partido Popular Europeo (PPE) en el Parlamento Europeo para comenzar a preparar la estrategia ante la pr\u00f3ximas elecciones europeas que se celebrar\u00e1n a mediados de 2019.\" \/>\n\t\t<meta property=\"og:url\" content=\"https:\/\/www.eldigitaldeasturias.com\/noticias\/el-pp-prepara-las-elecciones-europeas-de-2019\/\" \/>\n\t\t<meta property=\"article:tag\" content=\"actualidad\" \/>\n\t\t<meta property=\"article:published_time\" content=\"2017-11-10T23:20:56+00:00\" \/>\n\t\t<meta property=\"article:modified_time\" content=\"2017-11-10T23:20:56+00:00\" \/>\n\t\t<meta property=\"article:publisher\" content=\"https:\/\/facebook.com\/eldigitaldeasturias\" \/>\n\t\t<meta name=\"twitter:card\" content=\"summary_large_image\" \/>\n\t\t<meta name=\"twitter:title\" content=\"El PP prepara las elecciones europeas de 2019 - El Digital de Asturias\" \/>\n\t\t<meta name=\"twitter:description\" content=\"Los eurodiputados del PP Esteban Gonz\u00e1lez Pons, Antonio L\u00f3pez-Ist\u00fariz y Ram\u00f3n Luis Valc\u00e1rcel han participado en los \u00faltimos tres d\u00edas en una reuni\u00f3n de la presidencia del Grupo del Partido Popular Europeo (PPE) en el Parlamento Europeo para comenzar a preparar la estrategia ante la pr\u00f3ximas elecciones europeas que se celebrar\u00e1n a mediados de 2019.\" \/>\n\t\t<meta name=\"twitter:image\" content=\"https:\/\/www.eldigitaldeasturias.com\/noticias\/wp-content\/uploads\/2020\/12\/EDA-1.jpg\" \/>\n\t\t<meta name=\"twitter:label1\" content=\"Escrito por\" \/>\n\t\t<meta name=\"twitter:data1\" content=\"El Digital de Asturias\" \/>\n\t\t<meta name=\"twitter:label2\" content=\"Tiempo de lectura estimado\" \/>\n\t\t<meta name=\"twitter:data2\" content=\"2 minutos\" \/>\n\t\t<script type=\"application\/ld+json\" class=\"aioseo-schema\">\n\t\t\t{\"@context\":\"https:\\\/\\\/schema.org\",\"@graph\":[{\"@type\":\"BlogPosting\",\"@id\":\"https:\\\/\\\/www.eldigitaldeasturias.com\\\/noticias\\\/el-pp-prepara-las-elecciones-europeas-de-2019\\\/#blogposting\",\"name\":\"El PP prepara las elecciones europeas de 2019 - El Digital de Asturias\",\"headline\":\"El PP prepara las elecciones europeas de 2019\",\"author\":{\"@id\":\"https:\\\/\\\/www.eldigitaldeasturias.com\\\/noticias\\\/author\\\/admin\\\/#author\"},\"publisher\":{\"@id\":\"https:\\\/\\\/www.eldigitaldeasturias.com\\\/noticias\\\/#organization\"},\"image\":{\"@type\":\"ImageObject\",\"url\":959324},\"datePublished\":\"2017-11-10T23:20:56+01:00\",\"dateModified\":\"2017-11-10T23:20:56+01:00\",\"inLanguage\":\"es-ES\",\"mainEntityOfPage\":{\"@id\":\"https:\\\/\\\/www.eldigitaldeasturias.com\\\/noticias\\\/el-pp-prepara-las-elecciones-europeas-de-2019\\\/#webpage\"},\"isPartOf\":{\"@id\":\"https:\\\/\\\/www.eldigitaldeasturias.com\\\/noticias\\\/el-pp-prepara-las-elecciones-europeas-de-2019\\\/#webpage\"},\"articleSection\":\"Actualidad\"},{\"@type\":\"BreadcrumbList\",\"@id\":\"https:\\\/\\\/www.eldigitaldeasturias.com\\\/noticias\\\/el-pp-prepara-las-elecciones-europeas-de-2019\\\/#breadcrumblist\",\"itemListElement\":[{\"@type\":\"ListItem\",\"@id\":\"https:\\\/\\\/www.eldigitaldeasturias.com\\\/noticias#listItem\",\"position\":1,\"name\":\"Home\",\"item\":\"https:\\\/\\\/www.eldigitaldeasturias.com\\\/noticias\",\"nextItem\":{\"@type\":\"ListItem\",\"@id\":\"https:\\\/\\\/www.eldigitaldeasturias.com\\\/noticias\\\/category\\\/actualidad\\\/#listItem\",\"name\":\"Actualidad\"}},{\"@type\":\"ListItem\",\"@id\":\"https:\\\/\\\/www.eldigitaldeasturias.com\\\/noticias\\\/category\\\/actualidad\\\/#listItem\",\"position\":2,\"name\":\"Actualidad\",\"item\":\"https:\\\/\\\/www.eldigitaldeasturias.com\\\/noticias\\\/category\\\/actualidad\\\/\",\"nextItem\":{\"@type\":\"ListItem\",\"@id\":\"https:\\\/\\\/www.eldigitaldeasturias.com\\\/noticias\\\/el-pp-prepara-las-elecciones-europeas-de-2019\\\/#listItem\",\"name\":\"El PP prepara las elecciones europeas de 2019\"},\"previousItem\":{\"@type\":\"ListItem\",\"@id\":\"https:\\\/\\\/www.eldigitaldeasturias.com\\\/noticias#listItem\",\"name\":\"Home\"}},{\"@type\":\"ListItem\",\"@id\":\"https:\\\/\\\/www.eldigitaldeasturias.com\\\/noticias\\\/el-pp-prepara-las-elecciones-europeas-de-2019\\\/#listItem\",\"position\":3,\"name\":\"El PP prepara las elecciones europeas de 2019\",\"previousItem\":{\"@type\":\"ListItem\",\"@id\":\"https:\\\/\\\/www.eldigitaldeasturias.com\\\/noticias\\\/category\\\/actualidad\\\/#listItem\",\"name\":\"Actualidad\"}}]},{\"@type\":\"Organization\",\"@id\":\"https:\\\/\\\/www.eldigitaldeasturias.com\\\/noticias\\\/#organization\",\"name\":\"El Digital de Asturias\",\"description\":\"Hemeroteca\",\"url\":\"https:\\\/\\\/www.eldigitaldeasturias.com\\\/noticias\\\/\",\"email\":\"info@eldigitaldeasturias.com\",\"telephone\":\"+34652131393\",\"logo\":{\"@type\":\"ImageObject\",\"url\":\"https:\\\/\\\/www.eldigitaldeasturias.com\\\/noticias\\\/wp-content\\\/uploads\\\/2020\\\/12\\\/EDA.jpg\",\"@id\":\"https:\\\/\\\/www.eldigitaldeasturias.com\\\/noticias\\\/el-pp-prepara-las-elecciones-europeas-de-2019\\\/#organizationLogo\"},\"image\":{\"@id\":\"https:\\\/\\\/www.eldigitaldeasturias.com\\\/noticias\\\/el-pp-prepara-las-elecciones-europeas-de-2019\\\/#organizationLogo\"},\"sameAs\":[\"https:\\\/\\\/facebook.com\\\/eldigitaldeasturias\",\"https:\\\/\\\/www.youtube.com\\\/channel\\\/UCZP-2wLEB9Rv6erhFmqVnvg\"],\"address\":{\"@id\":\"https:\\\/\\\/www.eldigitaldeasturias.com\\\/noticias\\\/#postaladdress\",\"@type\":\"PostalAddress\",\"streetAddress\":\"san antonio 4\",\"postalCode\":\"33430\",\"addressLocality\":\"Cand\\u00e1s\",\"addressRegion\":\"Asturias\",\"addressCountry\":\"ES\"}},{\"@type\":\"Person\",\"@id\":\"https:\\\/\\\/www.eldigitaldeasturias.com\\\/noticias\\\/author\\\/admin\\\/#author\",\"url\":\"https:\\\/\\\/www.eldigitaldeasturias.com\\\/noticias\\\/author\\\/admin\\\/\",\"name\":\"El Digital de Asturias\",\"image\":{\"@type\":\"ImageObject\",\"@id\":\"https:\\\/\\\/www.eldigitaldeasturias.com\\\/noticias\\\/el-pp-prepara-las-elecciones-europeas-de-2019\\\/#authorImage\",\"url\":\"https:\\\/\\\/secure.gravatar.com\\\/avatar\\\/df2aeffc32bcd13f8d26072ef8a91b623d677766deac7f97ca815868cd41bf5e?s=96&d=mm&r=g\",\"width\":96,\"height\":96,\"caption\":\"El Digital de Asturias\"}},{\"@type\":\"WebPage\",\"@id\":\"https:\\\/\\\/www.eldigitaldeasturias.com\\\/noticias\\\/el-pp-prepara-las-elecciones-europeas-de-2019\\\/#webpage\",\"url\":\"https:\\\/\\\/www.eldigitaldeasturias.com\\\/noticias\\\/el-pp-prepara-las-elecciones-europeas-de-2019\\\/\",\"name\":\"El PP prepara las elecciones europeas de 2019 - El Digital de Asturias\",\"description\":\"Los eurodiputados del PP Esteban Gonz\\u00e1lez Pons, Antonio L\\u00f3pez-Ist\\u00fariz y Ram\\u00f3n Luis Valc\\u00e1rcel han participado en los \\u00faltimos tres d\\u00edas en una reuni\\u00f3n de la presidencia del Grupo del Partido Popular Europeo (PPE) en el Parlamento Europeo para comenzar a preparar la estrategia ante la pr\\u00f3ximas elecciones europeas que se celebrar\\u00e1n a mediados de 2019.\",\"inLanguage\":\"es-ES\",\"isPartOf\":{\"@id\":\"https:\\\/\\\/www.eldigitaldeasturias.com\\\/noticias\\\/#website\"},\"breadcrumb\":{\"@id\":\"https:\\\/\\\/www.eldigitaldeasturias.com\\\/noticias\\\/el-pp-prepara-las-elecciones-europeas-de-2019\\\/#breadcrumblist\"},\"author\":{\"@id\":\"https:\\\/\\\/www.eldigitaldeasturias.com\\\/noticias\\\/author\\\/admin\\\/#author\"},\"creator\":{\"@id\":\"https:\\\/\\\/www.eldigitaldeasturias.com\\\/noticias\\\/author\\\/admin\\\/#author\"},\"image\":{\"@type\":\"ImageObject\",\"url\":959324,\"@id\":\"https:\\\/\\\/www.eldigitaldeasturias.com\\\/noticias\\\/el-pp-prepara-las-elecciones-europeas-de-2019\\\/#mainImage\"},\"primaryImageOfPage\":{\"@id\":\"https:\\\/\\\/www.eldigitaldeasturias.com\\\/noticias\\\/el-pp-prepara-las-elecciones-europeas-de-2019\\\/#mainImage\"},\"datePublished\":\"2017-11-10T23:20:56+01:00\",\"dateModified\":\"2017-11-10T23:20:56+01:00\"},{\"@type\":\"WebSite\",\"@id\":\"https:\\\/\\\/www.eldigitaldeasturias.com\\\/noticias\\\/#website\",\"url\":\"https:\\\/\\\/www.eldigitaldeasturias.com\\\/noticias\\\/\",\"name\":\"El Digital de Asturias - Diario de actualidad y noticias\",\"alternateName\":\"El Digital de Asturias - Diario de actualidad y noticias\",\"description\":\"Hemeroteca\",\"inLanguage\":\"es-ES\",\"publisher\":{\"@id\":\"https:\\\/\\\/www.eldigitaldeasturias.com\\\/noticias\\\/#organization\"}}]}\n\t\t<\/script>\n\t\t<!-- All in One SEO Pro -->\r\n\t\t<title>El PP prepara las elecciones europeas de 2019 - El Digital de Asturias<\/title>\n\n","aioseo_head_json":{"title":"El PP prepara las elecciones europeas de 2019 - El Digital de Asturias","description":"Los eurodiputados del PP Esteban Gonz\u00e1lez Pons, Antonio L\u00f3pez-Ist\u00fariz y Ram\u00f3n Luis Valc\u00e1rcel han participado en los \u00faltimos tres d\u00edas en una reuni\u00f3n de la presidencia del Grupo del Partido Popular Europeo (PPE) en el Parlamento Europeo para comenzar a preparar la estrategia ante la pr\u00f3ximas elecciones europeas que se celebrar\u00e1n a mediados de 2019.","canonical_url":"https:\/\/www.eldigitaldeasturias.com\/noticias\/el-pp-prepara-las-elecciones-europeas-de-2019\/","robots":"max-image-preview:large","keywords":"actualidad","webmasterTools":{"google-site-verification":"UA-38556648-1","msvalidate.01":"7dfe9f3f1b24437ab69f4f2559babe99","miscellaneous":""},"schema":{"@context":"https:\/\/schema.org","@graph":[{"@type":"BlogPosting","@id":"https:\/\/www.eldigitaldeasturias.com\/noticias\/el-pp-prepara-las-elecciones-europeas-de-2019\/#blogposting","name":"El PP prepara las elecciones europeas de 2019 - El Digital de Asturias","headline":"El PP prepara las elecciones europeas de 2019","author":{"@id":"https:\/\/www.eldigitaldeasturias.com\/noticias\/author\/admin\/#author"},"publisher":{"@id":"https:\/\/www.eldigitaldeasturias.com\/noticias\/#organization"},"image":{"@type":"ImageObject","url":959324},"datePublished":"2017-11-10T23:20:56+01:00","dateModified":"2017-11-10T23:20:56+01:00","inLanguage":"es-ES","mainEntityOfPage":{"@id":"https:\/\/www.eldigitaldeasturias.com\/noticias\/el-pp-prepara-las-elecciones-europeas-de-2019\/#webpage"},"isPartOf":{"@id":"https:\/\/www.eldigitaldeasturias.com\/noticias\/el-pp-prepara-las-elecciones-europeas-de-2019\/#webpage"},"articleSection":"Actualidad"},{"@type":"BreadcrumbList","@id":"https:\/\/www.eldigitaldeasturias.com\/noticias\/el-pp-prepara-las-elecciones-europeas-de-2019\/#breadcrumblist","itemListElement":[{"@type":"ListItem","@id":"https:\/\/www.eldigitaldeasturias.com\/noticias#listItem","position":1,"name":"Home","item":"https:\/\/www.eldigitaldeasturias.com\/noticias","nextItem":{"@type":"ListItem","@id":"https:\/\/www.eldigitaldeasturias.com\/noticias\/category\/actualidad\/#listItem","name":"Actualidad"}},{"@type":"ListItem","@id":"https:\/\/www.eldigitaldeasturias.com\/noticias\/category\/actualidad\/#listItem","position":2,"name":"Actualidad","item":"https:\/\/www.eldigitaldeasturias.com\/noticias\/category\/actualidad\/","nextItem":{"@type":"ListItem","@id":"https:\/\/www.eldigitaldeasturias.com\/noticias\/el-pp-prepara-las-elecciones-europeas-de-2019\/#listItem","name":"El PP prepara las elecciones europeas de 2019"},"previousItem":{"@type":"ListItem","@id":"https:\/\/www.eldigitaldeasturias.com\/noticias#listItem","name":"Home"}},{"@type":"ListItem","@id":"https:\/\/www.eldigitaldeasturias.com\/noticias\/el-pp-prepara-las-elecciones-europeas-de-2019\/#listItem","position":3,"name":"El PP prepara las elecciones europeas de 2019","previousItem":{"@type":"ListItem","@id":"https:\/\/www.eldigitaldeasturias.com\/noticias\/category\/actualidad\/#listItem","name":"Actualidad"}}]},{"@type":"Organization","@id":"https:\/\/www.eldigitaldeasturias.com\/noticias\/#organization","name":"El Digital de Asturias","description":"Hemeroteca","url":"https:\/\/www.eldigitaldeasturias.com\/noticias\/","email":"info@eldigitaldeasturias.com","telephone":"+34652131393","logo":{"@type":"ImageObject","url":"https:\/\/www.eldigitaldeasturias.com\/noticias\/wp-content\/uploads\/2020\/12\/EDA.jpg","@id":"https:\/\/www.eldigitaldeasturias.com\/noticias\/el-pp-prepara-las-elecciones-europeas-de-2019\/#organizationLogo"},"image":{"@id":"https:\/\/www.eldigitaldeasturias.com\/noticias\/el-pp-prepara-las-elecciones-europeas-de-2019\/#organizationLogo"},"sameAs":["https:\/\/facebook.com\/eldigitaldeasturias","https:\/\/www.youtube.com\/channel\/UCZP-2wLEB9Rv6erhFmqVnvg"],"address":{"@id":"https:\/\/www.eldigitaldeasturias.com\/noticias\/#postaladdress","@type":"PostalAddress","streetAddress":"san antonio 4","postalCode":"33430","addressLocality":"Cand\u00e1s","addressRegion":"Asturias","addressCountry":"ES"}},{"@type":"Person","@id":"https:\/\/www.eldigitaldeasturias.com\/noticias\/author\/admin\/#author","url":"https:\/\/www.eldigitaldeasturias.com\/noticias\/author\/admin\/","name":"El Digital de Asturias","image":{"@type":"ImageObject","@id":"https:\/\/www.eldigitaldeasturias.com\/noticias\/el-pp-prepara-las-elecciones-europeas-de-2019\/#authorImage","url":"https:\/\/secure.gravatar.com\/avatar\/df2aeffc32bcd13f8d26072ef8a91b623d677766deac7f97ca815868cd41bf5e?s=96&d=mm&r=g","width":96,"height":96,"caption":"El Digital de Asturias"}},{"@type":"WebPage","@id":"https:\/\/www.eldigitaldeasturias.com\/noticias\/el-pp-prepara-las-elecciones-europeas-de-2019\/#webpage","url":"https:\/\/www.eldigitaldeasturias.com\/noticias\/el-pp-prepara-las-elecciones-europeas-de-2019\/","name":"El PP prepara las elecciones europeas de 2019 - El Digital de Asturias","description":"Los eurodiputados del PP Esteban Gonz\u00e1lez Pons, Antonio L\u00f3pez-Ist\u00fariz y Ram\u00f3n Luis Valc\u00e1rcel han participado en los \u00faltimos tres d\u00edas en una reuni\u00f3n de la presidencia del Grupo del Partido Popular Europeo (PPE) en el Parlamento Europeo para comenzar a preparar la estrategia ante la pr\u00f3ximas elecciones europeas que se celebrar\u00e1n a mediados de 2019.","inLanguage":"es-ES","isPartOf":{"@id":"https:\/\/www.eldigitaldeasturias.com\/noticias\/#website"},"breadcrumb":{"@id":"https:\/\/www.eldigitaldeasturias.com\/noticias\/el-pp-prepara-las-elecciones-europeas-de-2019\/#breadcrumblist"},"author":{"@id":"https:\/\/www.eldigitaldeasturias.com\/noticias\/author\/admin\/#author"},"creator":{"@id":"https:\/\/www.eldigitaldeasturias.com\/noticias\/author\/admin\/#author"},"image":{"@type":"ImageObject","url":959324,"@id":"https:\/\/www.eldigitaldeasturias.com\/noticias\/el-pp-prepara-las-elecciones-europeas-de-2019\/#mainImage"},"primaryImageOfPage":{"@id":"https:\/\/www.eldigitaldeasturias.com\/noticias\/el-pp-prepara-las-elecciones-europeas-de-2019\/#mainImage"},"datePublished":"2017-11-10T23:20:56+01:00","dateModified":"2017-11-10T23:20:56+01:00"},{"@type":"WebSite","@id":"https:\/\/www.eldigitaldeasturias.com\/noticias\/#website","url":"https:\/\/www.eldigitaldeasturias.com\/noticias\/","name":"El Digital de Asturias - Diario de actualidad y noticias","alternateName":"El Digital de Asturias - Diario de actualidad y noticias","description":"Hemeroteca","inLanguage":"es-ES","publisher":{"@id":"https:\/\/www.eldigitaldeasturias.com\/noticias\/#organization"}}]},"og:locale":"es_ES","og:site_name":"El Digital de Asturias","og:type":"article","og:title":"El PP prepara las elecciones europeas de 2019 - El Digital de Asturias","og:description":"Los eurodiputados del PP Esteban Gonz\u00e1lez Pons, Antonio L\u00f3pez-Ist\u00fariz y Ram\u00f3n Luis Valc\u00e1rcel han participado en los \u00faltimos tres d\u00edas en una reuni\u00f3n de la presidencia del Grupo del Partido Popular Europeo (PPE) en el Parlamento Europeo para comenzar a preparar la estrategia ante la pr\u00f3ximas elecciones europeas que se celebrar\u00e1n a mediados de 2019.","og:url":"https:\/\/www.eldigitaldeasturias.com\/noticias\/el-pp-prepara-las-elecciones-europeas-de-2019\/","article:tag":["actualidad"],"article:published_time":"2017-11-10T23:20:56+00:00","article:modified_time":"2017-11-10T23:20:56+00:00","article:publisher":"https:\/\/facebook.com\/eldigitaldeasturias","twitter:card":"summary_large_image","twitter:title":"El PP prepara las elecciones europeas de 2019 - El Digital de Asturias","twitter:description":"Los eurodiputados del PP Esteban Gonz\u00e1lez Pons, Antonio L\u00f3pez-Ist\u00fariz y Ram\u00f3n Luis Valc\u00e1rcel han participado en los \u00faltimos tres d\u00edas en una reuni\u00f3n de la presidencia del Grupo del Partido Popular Europeo (PPE) en el Parlamento Europeo para comenzar a preparar la estrategia ante la pr\u00f3ximas elecciones europeas que se celebrar\u00e1n a mediados de 2019.","twitter:image":"https:\/\/www.eldigitaldeasturias.com\/noticias\/wp-content\/uploads\/2020\/12\/EDA-1.jpg","twitter:label1":"Escrito por","twitter:data1":"El Digital de Asturias","twitter:label2":"Tiempo de lectura estimado","twitter:data2":"2 minutos"},"aioseo_meta_data":{"post_id":"959323","title":null,"description":null,"keywords":null,"keyphrases":null,"primary_term":null,"canonical_url":null,"og_title":null,"og_description":null,"og_object_type":"default","og_image_type":"default","og_image_url":null,"og_image_width":null,"og_image_height":null,"og_image_custom_url":null,"og_image_custom_fields":null,"og_video":null,"og_custom_url":null,"og_article_section":null,"og_article_tags":null,"twitter_use_og":false,"twitter_card":"default","twitter_image_type":"default","twitter_image_url":null,"twitter_image_custom_url":null,"twitter_image_custom_fields":null,"twitter_title":null,"twitter_description":null,"schema":{"blockGraphs":[],"customGraphs":[],"default":{"data":{"Article":[],"Course":[],"Dataset":[],"FAQPage":[],"Movie":[],"Person":[],"Product":[],"ProductReview":[],"Car":[],"Recipe":[],"Service":[],"SoftwareApplication":[],"WebPage":[]},"graphName":"","isEnabled":true},"graphs":[],"defaultGraph":"","defaultPostTypeGraph":""},"schema_type":null,"schema_type_options":null,"pillar_content":false,"robots_default":true,"robots_noindex":false,"robots_noarchive":false,"robots_nosnippet":false,"robots_nofollow":false,"robots_noimageindex":false,"robots_noodp":false,"robots_notranslate":false,"robots_max_snippet":null,"robots_max_videopreview":null,"robots_max_imagepreview":"large","priority":null,"frequency":null,"local_seo":null,"seo_analyzer_scan_date":"2025-12-07 00:46:06","breadcrumb_settings":null,"limit_modified_date":false,"open_ai":null,"ai":null,"created":"2020-12-21 12:53:36","updated":"2025-12-07 00:46:06","focus_keyword":null,"additional_keywords":null,"truseo_locale":null},"aioseo_breadcrumb":"<div class=\"aioseo-breadcrumbs\"><span class=\"aioseo-breadcrumb\">\n\t<a href=\"https:\/\/www.eldigitaldeasturias.com\/noticias\" title=\"Home\">Home<\/a>\n<\/span><span class=\"aioseo-breadcrumb-separator\">\u2013<\/span><span class=\"aioseo-breadcrumb\">\n\t<a href=\"https:\/\/www.eldigitaldeasturias.com\/noticias\/category\/actualidad\/\" title=\"Actualidad\">Actualidad<\/a>\n<\/span><span class=\"aioseo-breadcrumb-separator\">\u2013<\/span><span class=\"aioseo-breadcrumb\">\n\t<a href=\"https:\/\/www.eldigitaldeasturias.com\/noticias\/el-pp-prepara-las-elecciones-europeas-de-2019\/\" title=\"El PP prepara las elecciones europeas de 2019\">El PP prepara las elecciones europeas de 2019<\/a>\n<\/span><\/div>","aioseo_breadcrumb_json":[{"label":"Home","link":"https:\/\/www.eldigitaldeasturias.com\/noticias"},{"label":"Actualidad","link":"https:\/\/www.eldigitaldeasturias.com\/noticias\/category\/actualidad\/"},{"label":"El PP prepara las elecciones europeas de 2019","link":"https:\/\/www.eldigitaldeasturias.com\/noticias\/el-pp-prepara-las-elecciones-europeas-de-2019\/"}],"_links":{"self":[{"href":"https:\/\/www.eldigitaldeasturias.com\/noticias\/wp-json\/wp\/v2\/posts\/959323","targetHints":{"allow":["GET"]}}],"collection":[{"href":"https:\/\/www.eldigitaldeasturias.com\/noticias\/wp-json\/wp\/v2\/posts"}],"about":[{"href":"https:\/\/www.eldigitaldeasturias.com\/noticias\/wp-json\/wp\/v2\/types\/post"}],"author":[{"embeddable":true,"href":"https:\/\/www.eldigitaldeasturias.com\/noticias\/wp-json\/wp\/v2\/users\/1"}],"replies":[{"embeddable":true,"href":"https:\/\/www.eldigitaldeasturias.com\/noticias\/wp-json\/wp\/v2\/comments?post=959323"}],"version-history":[{"count":0,"href":"https:\/\/www.eldigitaldeasturias.com\/noticias\/wp-json\/wp\/v2\/posts\/959323\/revisions"}],"wp:attachment":[{"href":"https:\/\/www.eldigitaldeasturias.com\/noticias\/wp-json\/wp\/v2\/media?parent=959323"}],"wp:term":[{"taxonomy":"category","embeddable":true,"href":"https:\/\/www.eldigitaldeasturias.com\/noticias\/wp-json\/wp\/v2\/categories?post=959323"},{"taxonomy":"post_tag","embeddable":true,"href":"https:\/\/www.eldigitaldeasturias.com\/noticias\/wp-json\/wp\/v2\/tags?post=959323"}],"curies":[{"name":"wp","href":"https:\/\/api.w.org\/{rel}","templated":true}]}}