{"id":959318,"date":"2017-11-10T23:08:09","date_gmt":"2017-11-10T23:08:09","guid":{"rendered":"http:\/\/www.eldigitaldeasturias.com\/noticias\/?p=959318"},"modified":"2017-11-10T23:08:09","modified_gmt":"2017-11-10T23:08:09","slug":"la-competitividad-precio-de-la-economia-frente-a-la-ue-modera-su-caida-en-el-tercer-trimestre","status":"publish","type":"post","link":"https:\/\/www.eldigitaldeasturias.com\/noticias\/la-competitividad-precio-de-la-economia-frente-a-la-ue-modera-su-caida-en-el-tercer-trimestre\/","title":{"rendered":"La competitividad precio de la econom\u00eda frente a la UE modera su ca\u00edda en el tercer trimestre"},"content":{"rendered":"<p><img loading=\"lazy\" decoding=\"async\" class=\"alignleft size-medium wp-image-822740\" src=\"https:\/\/www.eldigitaldeasturias.com\/noticias\/wp-content\/uploads\/2015\/11\/euros-360x241.jpg\" alt=\"\" width=\"360\" height=\"241\" \/>La competitividad precio de la econom\u00eda espa\u00f1ola frente a la UE moder\u00f3 su ca\u00edda en el tercer trimestre del a\u00f1o, como consecuencia tanto de la contenida apreciaci\u00f3n del euro como del mantenimiento de un diferencial positivo de crecimiento de los precios, seg\u00fan refleja el \u00cdndice de Tendencia de la Competitividad (ITC) calculado con el \u00cdndice de Precios de Consumo (IPC).<\/p>\n<p>\u200bEn relaci\u00f3n con la OCDE, la apreciaci\u00f3n del euro frente a las principales monedas de esta zona produjo un incremento del ITC del 2,7%.<\/p>\n<p>El ITC mide la competitividad de las exportaciones mediante el tipo de cambio y de los precios. Aunque el IPC es la referencia de precios m\u00e1s com\u00fan, muchos de los productos y servicios que recoge o no son exportables o su peso en las exportaciones es muy residual. Por ello se usan tambi\u00e9n los \u00cdndices de Valor Unitario (IVUs), que computan solo precios de productos y servicios exportados, ponderados por su peso en el conjunto de las exportaciones.<\/p>\n<p>El c\u00e1lculo de los IVUs se demora m\u00e1s y por ello se ofrecen datos del trimestre anterior. Se incorpora ahora la informaci\u00f3n sobre los \u00edndices medidos con Costes Laborales Unitarios (CLUs), indicador que permite analizar la evoluci\u00f3n de la competitividad coste de la econom\u00eda y que tambi\u00e9n se presenta con un trimestre de retraso respecto a la informaci\u00f3n publicada para el IPC. Incrementos en el \u00cdndice reflejan p\u00e9rdidas de competitividad y viceversa.<\/p>\n<p><strong>ITC calculado con IPC<\/strong><\/p>\n<p>Los datos del tercer trimestre de 2017 reflejan que la competitividad- precio de Espa\u00f1a frente a la zona euro empeor\u00f3 ligeramente, puesto que el ITC subi\u00f3 un 0,3%.<\/p>\n<p>El aumento del ITC fue inferior al del segundo trimestre (0,6%) y se debe a que el incremento de los precios en media de los pa\u00edses de la eurozona ha sido algo inferior al registrado por Espa\u00f1a. Este aumento del IPCA por encima del de nuestros socios es coherente con el escenario de mayor crecimiento de la econom\u00eda espa\u00f1ola.<\/p>\n<p>Tambi\u00e9n se perdi\u00f3 competitividad frente a los pa\u00edses de la UE que no forman parte del euro, al registrar el ITC un crecimiento interanual del 0,8%. Esta evoluci\u00f3n se justifica por la apreciaci\u00f3n del euro frente a la media de las monedas de estos pa\u00edses (1,2%), fundamentalmente por la depreciaci\u00f3n de la libra brit\u00e1nica, en tanto que el \u00edndice de precios relativos descendi\u00f3 un 0,3%.<br \/>\nEl comportamiento del ITC frente al conjunto de la UE muestra un deterioro de la competitividad del 0,5%, debido tanto al ligero aumento del \u00edndice de precios relativos como al del \u00edndice de tipos de cambio.<\/p>\n<p>Frente a la OCDE, el ITC subi\u00f3 un 2,7%, que se fundamenta en la apreciaci\u00f3n del euro en un 2,8% (sobre todo frente al d\u00f3lar y el franco suizo), puesto que el \u00edndice de precios relativos apenas vari\u00f3.<\/p>\n<p>En relaci\u00f3n con los BRICS (Brasil, Rusia, India, China y Sud\u00e1frica), el ITC aument\u00f3 un 3,3% interanual en el tercer trimestre. El deterioro de la competitividad frente a esta zona se debi\u00f3 sobre todo al aumento del tipo de cambio en un 3,4%, ya que el \u00edndice de precios s\u00f3lo disminuy\u00f3 un 0,1%.<\/p>\n<p>En el acumulado enero-septiembre el ITC frente a la UE refleja p\u00e9rdidas de competitividad superiores a las del tercer trimestre, por los mayores crecimientos del ITC en la primera mitad del a\u00f1o. Frente a la OCDE, los datos de los nueve primeros meses del a\u00f1o muestran p\u00e9rdidas de competitividad inferiores a las del tercer trimestre. En relaci\u00f3n a los BRICS, el ITC calculado con IPCs reflej\u00f3 una mejora de competitividad del 1% en los tres primeros trimestres de 2017.<\/p>\n<p><strong>ITC calculado con IVUs<\/strong><\/p>\n<p>En el segundo trimestre de 2017, el ITC medido con IVUs mejor\u00f3 frente a los pa\u00edses de la UEM-19, con un descenso del 0,5%, porque el aumento de los precios de exportaci\u00f3n espa\u00f1oles fue inferior al de la media de la zona. Sin embargo, el indicador empeor\u00f3 frente a los pa\u00edses de la UE no pertenecientes a la zona euro (2,3%), por el aumento del \u00edndice de tipos de cambio. En la UE-28, la p\u00e9rdida de competitividad fue del 0,2%, porque la apreciaci\u00f3n de la moneda fue parcialmente compensada por el menor crecimiento de los precios de exportaci\u00f3n.<\/p>\n<p>Frente a los pa\u00edses de la OCDE, el ITC muestra una ganancia de competitividad del 0,3%, debido fundamentalmente al descenso del \u00edndice de precios relativos, que compens\u00f3 la apreciaci\u00f3n del euro frente a la cesta de monedas de la zona. Esta ganancia de competitividad fue mayor frente a los pa\u00edses de la OCDE que no son parte de la UE-28.<\/p>\n<p>En el primer semestre del a\u00f1o, la ganancia de competitividad que muestra el ITC medido con IVUs fue del 0,5% frente a la OCDE.<\/p>\n<p><strong>ITC calculado con CLUs<\/strong><\/p>\n<p>El ITC calculado con CLUs disminuy\u00f3 un 1,7% en el segundo trimestre de 2017, lo que supone una vuelta al escenario de mejora de la competitividad coste, despu\u00e9s del ligero empeoramiento del trimestre anterior. La causa de esta ganancia de competitividad fue el comportamiento del \u00edndice de costes laborales unitarios, que se aminor\u00f3 un 2,4%, frente al incremento del 0,7% del \u00edndice de tipos de cambio.<\/p>\n<p>Esta mejora de la competitividad fue superior respecto a la UEM-19, mientras que la apreciaci\u00f3n del euro hizo que la reducci\u00f3n del ITC frente a los pa\u00edses europeos no pertenecientes a la UEM-19 fuera de tan s\u00f3lo el 0,5%.<\/p>\n<p>En el per\u00edodo acumulado enero-junio, la ganancia de competitividad reflejada por el ITC medido con CLUs fue del 0,8% para el conjunto de la UE-28 y algo superior para la UEM-19. Sin embargo, la fuerte apreciaci\u00f3n del euro ha dado lugar a una p\u00e9rdida de competitividad del 0,5% frente a los pa\u00edses europeos no pertenecientes a la UEM-19.<\/p>\n","protected":false},"excerpt":{"rendered":"<p>La competitividad precio de la econom\u00eda espa\u00f1ola frente a la UE moder\u00f3 su ca\u00edda en el tercer trimestre del a\u00f1o, como consecuencia tanto de la contenida apreciaci\u00f3n del euro como del mantenimiento de un diferencial positivo de crecimiento de los precios, seg\u00fan refleja el \u00cdndice de Tendencia de la Competitividad (ITC) calculado con el \u00cdndice [&hellip;]<\/p>\n","protected":false},"author":1,"featured_media":822740,"comment_status":"closed","ping_status":"closed","sticky":false,"template":"","format":"standard","meta":{"footnotes":""},"categories":[1],"tags":[],"class_list":["post-959318","post","type-post","status-publish","format-standard","has-post-thumbnail","hentry","category-actualidad"],"aioseo_notices":[],"aioseo_head":"\n\t\t<!-- All in One SEO Pro 5.0.1 - aioseo.com -->\n\t<meta name=\"description\" content=\"La competitividad precio de la econom\u00eda espa\u00f1ola frente a la UE moder\u00f3 su ca\u00edda en el tercer trimestre del a\u00f1o, como consecuencia tanto de la contenida apreciaci\u00f3n del euro como del mantenimiento de un diferencial positivo de crecimiento de los precios, seg\u00fan refleja el \u00cdndice de Tendencia de la Competitividad (ITC) calculado con el \u00cdndice\" \/>\n\t<meta name=\"robots\" content=\"max-image-preview:large\" \/>\n\t<meta name=\"author\" content=\"El Digital de Asturias\"\/>\n\t<meta name=\"google-site-verification\" content=\"UA-38556648-1\" \/>\n\t<meta name=\"msvalidate.01\" content=\"7dfe9f3f1b24437ab69f4f2559babe99\" \/>\n\t<meta name=\"keywords\" content=\"actualidad\" \/>\n\t<link rel=\"canonical\" href=\"https:\/\/www.eldigitaldeasturias.com\/noticias\/la-competitividad-precio-de-la-economia-frente-a-la-ue-modera-su-caida-en-el-tercer-trimestre\/\" \/>\n\t<meta name=\"generator\" content=\"All in One SEO Pro (AIOSEO) 5.0.1\" \/>\n\t\t<meta property=\"og:locale\" content=\"es_ES\" \/>\n\t\t<meta property=\"og:site_name\" content=\"El Digital de Asturias\" \/>\n\t\t<meta property=\"og:type\" content=\"article\" \/>\n\t\t<meta property=\"og:title\" content=\"La competitividad precio de la econom\u00eda frente a la UE modera su ca\u00edda en el tercer trimestre - El Digital de Asturias\" \/>\n\t\t<meta property=\"og:description\" content=\"La competitividad precio de la econom\u00eda espa\u00f1ola frente a la UE moder\u00f3 su ca\u00edda en el tercer trimestre del a\u00f1o, como consecuencia tanto de la contenida apreciaci\u00f3n del euro como del mantenimiento de un diferencial positivo de crecimiento de los precios, seg\u00fan refleja el \u00cdndice de Tendencia de la Competitividad (ITC) calculado con el \u00cdndice\" \/>\n\t\t<meta property=\"og:url\" content=\"https:\/\/www.eldigitaldeasturias.com\/noticias\/la-competitividad-precio-de-la-economia-frente-a-la-ue-modera-su-caida-en-el-tercer-trimestre\/\" \/>\n\t\t<meta property=\"article:tag\" content=\"actualidad\" \/>\n\t\t<meta property=\"article:published_time\" content=\"2017-11-10T23:08:09+00:00\" \/>\n\t\t<meta property=\"article:modified_time\" content=\"2017-11-10T23:08:09+00:00\" \/>\n\t\t<meta property=\"article:publisher\" content=\"https:\/\/facebook.com\/eldigitaldeasturias\" \/>\n\t\t<meta name=\"twitter:card\" content=\"summary_large_image\" \/>\n\t\t<meta name=\"twitter:title\" content=\"La competitividad precio de la econom\u00eda frente a la UE modera su ca\u00edda en el tercer trimestre - El Digital de Asturias\" \/>\n\t\t<meta name=\"twitter:description\" content=\"La competitividad precio de la econom\u00eda espa\u00f1ola frente a la UE moder\u00f3 su ca\u00edda en el tercer trimestre del a\u00f1o, como consecuencia tanto de la contenida apreciaci\u00f3n del euro como del mantenimiento de un diferencial positivo de crecimiento de los precios, seg\u00fan refleja el \u00cdndice de Tendencia de la Competitividad (ITC) calculado con el \u00cdndice\" \/>\n\t\t<meta name=\"twitter:image\" content=\"https:\/\/www.eldigitaldeasturias.com\/noticias\/wp-content\/uploads\/2020\/12\/EDA-1.jpg\" \/>\n\t\t<meta name=\"twitter:label1\" content=\"Escrito por\" \/>\n\t\t<meta name=\"twitter:data1\" content=\"El Digital de Asturias\" \/>\n\t\t<meta name=\"twitter:label2\" content=\"Tiempo de lectura estimado\" \/>\n\t\t<meta name=\"twitter:data2\" content=\"5 minutos\" \/>\n\t\t<script type=\"application\/ld+json\" class=\"aioseo-schema\">\n\t\t\t{\"@context\":\"https:\\\/\\\/schema.org\",\"@graph\":[{\"@type\":\"BlogPosting\",\"@id\":\"https:\\\/\\\/www.eldigitaldeasturias.com\\\/noticias\\\/la-competitividad-precio-de-la-economia-frente-a-la-ue-modera-su-caida-en-el-tercer-trimestre\\\/#blogposting\",\"name\":\"La competitividad precio de la econom\\u00eda frente a la UE modera su ca\\u00edda en el tercer trimestre - El Digital de Asturias\",\"headline\":\"La competitividad precio de la econom\\u00eda frente a la UE modera su ca\\u00edda en el tercer trimestre\",\"author\":{\"@id\":\"https:\\\/\\\/www.eldigitaldeasturias.com\\\/noticias\\\/author\\\/admin\\\/#author\"},\"publisher\":{\"@id\":\"https:\\\/\\\/www.eldigitaldeasturias.com\\\/noticias\\\/#organization\"},\"image\":{\"@type\":\"ImageObject\",\"url\":822740},\"datePublished\":\"2017-11-10T23:08:09+01:00\",\"dateModified\":\"2017-11-10T23:08:09+01:00\",\"inLanguage\":\"es-ES\",\"mainEntityOfPage\":{\"@id\":\"https:\\\/\\\/www.eldigitaldeasturias.com\\\/noticias\\\/la-competitividad-precio-de-la-economia-frente-a-la-ue-modera-su-caida-en-el-tercer-trimestre\\\/#webpage\"},\"isPartOf\":{\"@id\":\"https:\\\/\\\/www.eldigitaldeasturias.com\\\/noticias\\\/la-competitividad-precio-de-la-economia-frente-a-la-ue-modera-su-caida-en-el-tercer-trimestre\\\/#webpage\"},\"articleSection\":\"Actualidad\"},{\"@type\":\"BreadcrumbList\",\"@id\":\"https:\\\/\\\/www.eldigitaldeasturias.com\\\/noticias\\\/la-competitividad-precio-de-la-economia-frente-a-la-ue-modera-su-caida-en-el-tercer-trimestre\\\/#breadcrumblist\",\"itemListElement\":[{\"@type\":\"ListItem\",\"@id\":\"https:\\\/\\\/www.eldigitaldeasturias.com\\\/noticias#listItem\",\"position\":1,\"name\":\"Home\",\"item\":\"https:\\\/\\\/www.eldigitaldeasturias.com\\\/noticias\",\"nextItem\":{\"@type\":\"ListItem\",\"@id\":\"https:\\\/\\\/www.eldigitaldeasturias.com\\\/noticias\\\/category\\\/actualidad\\\/#listItem\",\"name\":\"Actualidad\"}},{\"@type\":\"ListItem\",\"@id\":\"https:\\\/\\\/www.eldigitaldeasturias.com\\\/noticias\\\/category\\\/actualidad\\\/#listItem\",\"position\":2,\"name\":\"Actualidad\",\"item\":\"https:\\\/\\\/www.eldigitaldeasturias.com\\\/noticias\\\/category\\\/actualidad\\\/\",\"nextItem\":{\"@type\":\"ListItem\",\"@id\":\"https:\\\/\\\/www.eldigitaldeasturias.com\\\/noticias\\\/la-competitividad-precio-de-la-economia-frente-a-la-ue-modera-su-caida-en-el-tercer-trimestre\\\/#listItem\",\"name\":\"La competitividad precio de la econom\\u00eda frente a la UE modera su ca\\u00edda en el tercer trimestre\"},\"previousItem\":{\"@type\":\"ListItem\",\"@id\":\"https:\\\/\\\/www.eldigitaldeasturias.com\\\/noticias#listItem\",\"name\":\"Home\"}},{\"@type\":\"ListItem\",\"@id\":\"https:\\\/\\\/www.eldigitaldeasturias.com\\\/noticias\\\/la-competitividad-precio-de-la-economia-frente-a-la-ue-modera-su-caida-en-el-tercer-trimestre\\\/#listItem\",\"position\":3,\"name\":\"La competitividad precio de la econom\\u00eda frente a la UE modera su ca\\u00edda en el tercer trimestre\",\"previousItem\":{\"@type\":\"ListItem\",\"@id\":\"https:\\\/\\\/www.eldigitaldeasturias.com\\\/noticias\\\/category\\\/actualidad\\\/#listItem\",\"name\":\"Actualidad\"}}]},{\"@type\":\"Organization\",\"@id\":\"https:\\\/\\\/www.eldigitaldeasturias.com\\\/noticias\\\/#organization\",\"name\":\"El Digital de Asturias\",\"description\":\"Hemeroteca\",\"url\":\"https:\\\/\\\/www.eldigitaldeasturias.com\\\/noticias\\\/\",\"email\":\"info@eldigitaldeasturias.com\",\"telephone\":\"+34652131393\",\"logo\":{\"@type\":\"ImageObject\",\"url\":\"https:\\\/\\\/www.eldigitaldeasturias.com\\\/noticias\\\/wp-content\\\/uploads\\\/2020\\\/12\\\/EDA.jpg\",\"@id\":\"https:\\\/\\\/www.eldigitaldeasturias.com\\\/noticias\\\/la-competitividad-precio-de-la-economia-frente-a-la-ue-modera-su-caida-en-el-tercer-trimestre\\\/#organizationLogo\"},\"image\":{\"@id\":\"https:\\\/\\\/www.eldigitaldeasturias.com\\\/noticias\\\/la-competitividad-precio-de-la-economia-frente-a-la-ue-modera-su-caida-en-el-tercer-trimestre\\\/#organizationLogo\"},\"sameAs\":[\"https:\\\/\\\/facebook.com\\\/eldigitaldeasturias\",\"https:\\\/\\\/www.youtube.com\\\/channel\\\/UCZP-2wLEB9Rv6erhFmqVnvg\"],\"address\":{\"@id\":\"https:\\\/\\\/www.eldigitaldeasturias.com\\\/noticias\\\/#postaladdress\",\"@type\":\"PostalAddress\",\"streetAddress\":\"san antonio 4\",\"postalCode\":\"33430\",\"addressLocality\":\"Cand\\u00e1s\",\"addressRegion\":\"Asturias\",\"addressCountry\":\"ES\"}},{\"@type\":\"Person\",\"@id\":\"https:\\\/\\\/www.eldigitaldeasturias.com\\\/noticias\\\/author\\\/admin\\\/#author\",\"url\":\"https:\\\/\\\/www.eldigitaldeasturias.com\\\/noticias\\\/author\\\/admin\\\/\",\"name\":\"El Digital de Asturias\",\"image\":{\"@type\":\"ImageObject\",\"@id\":\"https:\\\/\\\/www.eldigitaldeasturias.com\\\/noticias\\\/la-competitividad-precio-de-la-economia-frente-a-la-ue-modera-su-caida-en-el-tercer-trimestre\\\/#authorImage\",\"url\":\"https:\\\/\\\/secure.gravatar.com\\\/avatar\\\/df2aeffc32bcd13f8d26072ef8a91b623d677766deac7f97ca815868cd41bf5e?s=96&d=mm&r=g\",\"width\":96,\"height\":96,\"caption\":\"El Digital de Asturias\"}},{\"@type\":\"WebPage\",\"@id\":\"https:\\\/\\\/www.eldigitaldeasturias.com\\\/noticias\\\/la-competitividad-precio-de-la-economia-frente-a-la-ue-modera-su-caida-en-el-tercer-trimestre\\\/#webpage\",\"url\":\"https:\\\/\\\/www.eldigitaldeasturias.com\\\/noticias\\\/la-competitividad-precio-de-la-economia-frente-a-la-ue-modera-su-caida-en-el-tercer-trimestre\\\/\",\"name\":\"La competitividad precio de la econom\\u00eda frente a la UE modera su ca\\u00edda en el tercer trimestre - El Digital de Asturias\",\"description\":\"La competitividad precio de la econom\\u00eda espa\\u00f1ola frente a la UE moder\\u00f3 su ca\\u00edda en el tercer trimestre del a\\u00f1o, como consecuencia tanto de la contenida apreciaci\\u00f3n del euro como del mantenimiento de un diferencial positivo de crecimiento de los precios, seg\\u00fan refleja el \\u00cdndice de Tendencia de la Competitividad (ITC) calculado con el \\u00cdndice\",\"inLanguage\":\"es-ES\",\"isPartOf\":{\"@id\":\"https:\\\/\\\/www.eldigitaldeasturias.com\\\/noticias\\\/#website\"},\"breadcrumb\":{\"@id\":\"https:\\\/\\\/www.eldigitaldeasturias.com\\\/noticias\\\/la-competitividad-precio-de-la-economia-frente-a-la-ue-modera-su-caida-en-el-tercer-trimestre\\\/#breadcrumblist\"},\"author\":{\"@id\":\"https:\\\/\\\/www.eldigitaldeasturias.com\\\/noticias\\\/author\\\/admin\\\/#author\"},\"creator\":{\"@id\":\"https:\\\/\\\/www.eldigitaldeasturias.com\\\/noticias\\\/author\\\/admin\\\/#author\"},\"image\":{\"@type\":\"ImageObject\",\"url\":822740,\"@id\":\"https:\\\/\\\/www.eldigitaldeasturias.com\\\/noticias\\\/la-competitividad-precio-de-la-economia-frente-a-la-ue-modera-su-caida-en-el-tercer-trimestre\\\/#mainImage\"},\"primaryImageOfPage\":{\"@id\":\"https:\\\/\\\/www.eldigitaldeasturias.com\\\/noticias\\\/la-competitividad-precio-de-la-economia-frente-a-la-ue-modera-su-caida-en-el-tercer-trimestre\\\/#mainImage\"},\"datePublished\":\"2017-11-10T23:08:09+01:00\",\"dateModified\":\"2017-11-10T23:08:09+01:00\"},{\"@type\":\"WebSite\",\"@id\":\"https:\\\/\\\/www.eldigitaldeasturias.com\\\/noticias\\\/#website\",\"url\":\"https:\\\/\\\/www.eldigitaldeasturias.com\\\/noticias\\\/\",\"name\":\"El Digital de Asturias - Diario de actualidad y noticias\",\"alternateName\":\"El Digital de Asturias - Diario de actualidad y noticias\",\"description\":\"Hemeroteca\",\"inLanguage\":\"es-ES\",\"publisher\":{\"@id\":\"https:\\\/\\\/www.eldigitaldeasturias.com\\\/noticias\\\/#organization\"}}]}\n\t\t<\/script>\n\t\t<!-- All in One SEO Pro -->\r\n\t\t<title>La competitividad precio de la econom\u00eda frente a la UE modera su ca\u00edda en el tercer trimestre - El Digital de Asturias<\/title>\n\n","aioseo_head_json":{"title":"La competitividad precio de la econom\u00eda frente a la UE modera su ca\u00edda en el tercer trimestre - El Digital de Asturias","description":"La competitividad precio de la econom\u00eda espa\u00f1ola frente a la UE moder\u00f3 su ca\u00edda en el tercer trimestre del a\u00f1o, como consecuencia tanto de la contenida apreciaci\u00f3n del euro como del mantenimiento de un diferencial positivo de crecimiento de los precios, seg\u00fan refleja el \u00cdndice de Tendencia de la Competitividad (ITC) calculado con el \u00cdndice","canonical_url":"https:\/\/www.eldigitaldeasturias.com\/noticias\/la-competitividad-precio-de-la-economia-frente-a-la-ue-modera-su-caida-en-el-tercer-trimestre\/","robots":"max-image-preview:large","keywords":"actualidad","webmasterTools":{"google-site-verification":"UA-38556648-1","msvalidate.01":"7dfe9f3f1b24437ab69f4f2559babe99","miscellaneous":""},"schema":{"@context":"https:\/\/schema.org","@graph":[{"@type":"BlogPosting","@id":"https:\/\/www.eldigitaldeasturias.com\/noticias\/la-competitividad-precio-de-la-economia-frente-a-la-ue-modera-su-caida-en-el-tercer-trimestre\/#blogposting","name":"La competitividad precio de la econom\u00eda frente a la UE modera su ca\u00edda en el tercer trimestre - El Digital de Asturias","headline":"La competitividad precio de la econom\u00eda frente a la UE modera su ca\u00edda en el tercer trimestre","author":{"@id":"https:\/\/www.eldigitaldeasturias.com\/noticias\/author\/admin\/#author"},"publisher":{"@id":"https:\/\/www.eldigitaldeasturias.com\/noticias\/#organization"},"image":{"@type":"ImageObject","url":822740},"datePublished":"2017-11-10T23:08:09+01:00","dateModified":"2017-11-10T23:08:09+01:00","inLanguage":"es-ES","mainEntityOfPage":{"@id":"https:\/\/www.eldigitaldeasturias.com\/noticias\/la-competitividad-precio-de-la-economia-frente-a-la-ue-modera-su-caida-en-el-tercer-trimestre\/#webpage"},"isPartOf":{"@id":"https:\/\/www.eldigitaldeasturias.com\/noticias\/la-competitividad-precio-de-la-economia-frente-a-la-ue-modera-su-caida-en-el-tercer-trimestre\/#webpage"},"articleSection":"Actualidad"},{"@type":"BreadcrumbList","@id":"https:\/\/www.eldigitaldeasturias.com\/noticias\/la-competitividad-precio-de-la-economia-frente-a-la-ue-modera-su-caida-en-el-tercer-trimestre\/#breadcrumblist","itemListElement":[{"@type":"ListItem","@id":"https:\/\/www.eldigitaldeasturias.com\/noticias#listItem","position":1,"name":"Home","item":"https:\/\/www.eldigitaldeasturias.com\/noticias","nextItem":{"@type":"ListItem","@id":"https:\/\/www.eldigitaldeasturias.com\/noticias\/category\/actualidad\/#listItem","name":"Actualidad"}},{"@type":"ListItem","@id":"https:\/\/www.eldigitaldeasturias.com\/noticias\/category\/actualidad\/#listItem","position":2,"name":"Actualidad","item":"https:\/\/www.eldigitaldeasturias.com\/noticias\/category\/actualidad\/","nextItem":{"@type":"ListItem","@id":"https:\/\/www.eldigitaldeasturias.com\/noticias\/la-competitividad-precio-de-la-economia-frente-a-la-ue-modera-su-caida-en-el-tercer-trimestre\/#listItem","name":"La competitividad precio de la econom\u00eda frente a la UE modera su ca\u00edda en el tercer trimestre"},"previousItem":{"@type":"ListItem","@id":"https:\/\/www.eldigitaldeasturias.com\/noticias#listItem","name":"Home"}},{"@type":"ListItem","@id":"https:\/\/www.eldigitaldeasturias.com\/noticias\/la-competitividad-precio-de-la-economia-frente-a-la-ue-modera-su-caida-en-el-tercer-trimestre\/#listItem","position":3,"name":"La competitividad precio de la econom\u00eda frente a la UE modera su ca\u00edda en el tercer trimestre","previousItem":{"@type":"ListItem","@id":"https:\/\/www.eldigitaldeasturias.com\/noticias\/category\/actualidad\/#listItem","name":"Actualidad"}}]},{"@type":"Organization","@id":"https:\/\/www.eldigitaldeasturias.com\/noticias\/#organization","name":"El Digital de Asturias","description":"Hemeroteca","url":"https:\/\/www.eldigitaldeasturias.com\/noticias\/","email":"info@eldigitaldeasturias.com","telephone":"+34652131393","logo":{"@type":"ImageObject","url":"https:\/\/www.eldigitaldeasturias.com\/noticias\/wp-content\/uploads\/2020\/12\/EDA.jpg","@id":"https:\/\/www.eldigitaldeasturias.com\/noticias\/la-competitividad-precio-de-la-economia-frente-a-la-ue-modera-su-caida-en-el-tercer-trimestre\/#organizationLogo"},"image":{"@id":"https:\/\/www.eldigitaldeasturias.com\/noticias\/la-competitividad-precio-de-la-economia-frente-a-la-ue-modera-su-caida-en-el-tercer-trimestre\/#organizationLogo"},"sameAs":["https:\/\/facebook.com\/eldigitaldeasturias","https:\/\/www.youtube.com\/channel\/UCZP-2wLEB9Rv6erhFmqVnvg"],"address":{"@id":"https:\/\/www.eldigitaldeasturias.com\/noticias\/#postaladdress","@type":"PostalAddress","streetAddress":"san antonio 4","postalCode":"33430","addressLocality":"Cand\u00e1s","addressRegion":"Asturias","addressCountry":"ES"}},{"@type":"Person","@id":"https:\/\/www.eldigitaldeasturias.com\/noticias\/author\/admin\/#author","url":"https:\/\/www.eldigitaldeasturias.com\/noticias\/author\/admin\/","name":"El Digital de Asturias","image":{"@type":"ImageObject","@id":"https:\/\/www.eldigitaldeasturias.com\/noticias\/la-competitividad-precio-de-la-economia-frente-a-la-ue-modera-su-caida-en-el-tercer-trimestre\/#authorImage","url":"https:\/\/secure.gravatar.com\/avatar\/df2aeffc32bcd13f8d26072ef8a91b623d677766deac7f97ca815868cd41bf5e?s=96&d=mm&r=g","width":96,"height":96,"caption":"El Digital de Asturias"}},{"@type":"WebPage","@id":"https:\/\/www.eldigitaldeasturias.com\/noticias\/la-competitividad-precio-de-la-economia-frente-a-la-ue-modera-su-caida-en-el-tercer-trimestre\/#webpage","url":"https:\/\/www.eldigitaldeasturias.com\/noticias\/la-competitividad-precio-de-la-economia-frente-a-la-ue-modera-su-caida-en-el-tercer-trimestre\/","name":"La competitividad precio de la econom\u00eda frente a la UE modera su ca\u00edda en el tercer trimestre - El Digital de Asturias","description":"La competitividad precio de la econom\u00eda espa\u00f1ola frente a la UE moder\u00f3 su ca\u00edda en el tercer trimestre del a\u00f1o, como consecuencia tanto de la contenida apreciaci\u00f3n del euro como del mantenimiento de un diferencial positivo de crecimiento de los precios, seg\u00fan refleja el \u00cdndice de Tendencia de la Competitividad (ITC) calculado con el \u00cdndice","inLanguage":"es-ES","isPartOf":{"@id":"https:\/\/www.eldigitaldeasturias.com\/noticias\/#website"},"breadcrumb":{"@id":"https:\/\/www.eldigitaldeasturias.com\/noticias\/la-competitividad-precio-de-la-economia-frente-a-la-ue-modera-su-caida-en-el-tercer-trimestre\/#breadcrumblist"},"author":{"@id":"https:\/\/www.eldigitaldeasturias.com\/noticias\/author\/admin\/#author"},"creator":{"@id":"https:\/\/www.eldigitaldeasturias.com\/noticias\/author\/admin\/#author"},"image":{"@type":"ImageObject","url":822740,"@id":"https:\/\/www.eldigitaldeasturias.com\/noticias\/la-competitividad-precio-de-la-economia-frente-a-la-ue-modera-su-caida-en-el-tercer-trimestre\/#mainImage"},"primaryImageOfPage":{"@id":"https:\/\/www.eldigitaldeasturias.com\/noticias\/la-competitividad-precio-de-la-economia-frente-a-la-ue-modera-su-caida-en-el-tercer-trimestre\/#mainImage"},"datePublished":"2017-11-10T23:08:09+01:00","dateModified":"2017-11-10T23:08:09+01:00"},{"@type":"WebSite","@id":"https:\/\/www.eldigitaldeasturias.com\/noticias\/#website","url":"https:\/\/www.eldigitaldeasturias.com\/noticias\/","name":"El Digital de Asturias - Diario de actualidad y noticias","alternateName":"El Digital de Asturias - Diario de actualidad y noticias","description":"Hemeroteca","inLanguage":"es-ES","publisher":{"@id":"https:\/\/www.eldigitaldeasturias.com\/noticias\/#organization"}}]},"og:locale":"es_ES","og:site_name":"El Digital de Asturias","og:type":"article","og:title":"La competitividad precio de la econom\u00eda frente a la UE modera su ca\u00edda en el tercer trimestre - El Digital de Asturias","og:description":"La competitividad precio de la econom\u00eda espa\u00f1ola frente a la UE moder\u00f3 su ca\u00edda en el tercer trimestre del a\u00f1o, como consecuencia tanto de la contenida apreciaci\u00f3n del euro como del mantenimiento de un diferencial positivo de crecimiento de los precios, seg\u00fan refleja el \u00cdndice de Tendencia de la Competitividad (ITC) calculado con el \u00cdndice","og:url":"https:\/\/www.eldigitaldeasturias.com\/noticias\/la-competitividad-precio-de-la-economia-frente-a-la-ue-modera-su-caida-en-el-tercer-trimestre\/","article:tag":["actualidad"],"article:published_time":"2017-11-10T23:08:09+00:00","article:modified_time":"2017-11-10T23:08:09+00:00","article:publisher":"https:\/\/facebook.com\/eldigitaldeasturias","twitter:card":"summary_large_image","twitter:title":"La competitividad precio de la econom\u00eda frente a la UE modera su ca\u00edda en el tercer trimestre - El Digital de Asturias","twitter:description":"La competitividad precio de la econom\u00eda espa\u00f1ola frente a la UE moder\u00f3 su ca\u00edda en el tercer trimestre del a\u00f1o, como consecuencia tanto de la contenida apreciaci\u00f3n del euro como del mantenimiento de un diferencial positivo de crecimiento de los precios, seg\u00fan refleja el \u00cdndice de Tendencia de la Competitividad (ITC) calculado con el \u00cdndice","twitter:image":"https:\/\/www.eldigitaldeasturias.com\/noticias\/wp-content\/uploads\/2020\/12\/EDA-1.jpg","twitter:label1":"Escrito por","twitter:data1":"El Digital de Asturias","twitter:label2":"Tiempo de lectura estimado","twitter:data2":"5 minutos"},"aioseo_meta_data":{"post_id":"959318","title":null,"description":null,"keywords":null,"keyphrases":null,"primary_term":null,"canonical_url":null,"og_title":null,"og_description":null,"og_object_type":"default","og_image_type":"default","og_image_url":null,"og_image_width":null,"og_image_height":null,"og_image_custom_url":null,"og_image_custom_fields":null,"og_video":null,"og_custom_url":null,"og_article_section":null,"og_article_tags":null,"twitter_use_og":false,"twitter_card":"default","twitter_image_type":"default","twitter_image_url":null,"twitter_image_custom_url":null,"twitter_image_custom_fields":null,"twitter_title":null,"twitter_description":null,"schema":{"blockGraphs":[],"customGraphs":[],"default":{"data":{"Article":[],"Course":[],"Dataset":[],"FAQPage":[],"Movie":[],"Person":[],"Product":[],"ProductReview":[],"Car":[],"Recipe":[],"Service":[],"SoftwareApplication":[],"WebPage":[]},"graphName":"","isEnabled":true},"graphs":[],"defaultGraph":"","defaultPostTypeGraph":""},"schema_type":null,"schema_type_options":null,"pillar_content":false,"robots_default":true,"robots_noindex":false,"robots_noarchive":false,"robots_nosnippet":false,"robots_nofollow":false,"robots_noimageindex":false,"robots_noodp":false,"robots_notranslate":false,"robots_max_snippet":null,"robots_max_videopreview":null,"robots_max_imagepreview":"large","priority":null,"frequency":null,"local_seo":null,"seo_analyzer_scan_date":"2025-12-07 00:44:10","breadcrumb_settings":null,"limit_modified_date":false,"open_ai":null,"ai":null,"created":"2020-12-21 12:53:36","updated":"2025-12-07 00:44:10","focus_keyword":null,"additional_keywords":null,"truseo_locale":null},"aioseo_breadcrumb":"<div class=\"aioseo-breadcrumbs\"><span class=\"aioseo-breadcrumb\">\n\t<a href=\"https:\/\/www.eldigitaldeasturias.com\/noticias\" title=\"Home\">Home<\/a>\n<\/span><span class=\"aioseo-breadcrumb-separator\">\u2013<\/span><span class=\"aioseo-breadcrumb\">\n\t<a href=\"https:\/\/www.eldigitaldeasturias.com\/noticias\/category\/actualidad\/\" title=\"Actualidad\">Actualidad<\/a>\n<\/span><span class=\"aioseo-breadcrumb-separator\">\u2013<\/span><span class=\"aioseo-breadcrumb\">\n\t<a href=\"https:\/\/www.eldigitaldeasturias.com\/noticias\/la-competitividad-precio-de-la-economia-frente-a-la-ue-modera-su-caida-en-el-tercer-trimestre\/\" title=\"La competitividad precio de la econom\u00eda frente a la UE modera su ca\u00edda en el tercer trimestre\">La competitividad precio de la econom\u00eda frente a la UE modera su ca\u00edda en el tercer trimestre<\/a>\n<\/span><\/div>","aioseo_breadcrumb_json":[{"label":"Home","link":"https:\/\/www.eldigitaldeasturias.com\/noticias"},{"label":"Actualidad","link":"https:\/\/www.eldigitaldeasturias.com\/noticias\/category\/actualidad\/"},{"label":"La competitividad precio de la econom\u00eda frente a la UE modera su ca\u00edda en el tercer trimestre","link":"https:\/\/www.eldigitaldeasturias.com\/noticias\/la-competitividad-precio-de-la-economia-frente-a-la-ue-modera-su-caida-en-el-tercer-trimestre\/"}],"_links":{"self":[{"href":"https:\/\/www.eldigitaldeasturias.com\/noticias\/wp-json\/wp\/v2\/posts\/959318","targetHints":{"allow":["GET"]}}],"collection":[{"href":"https:\/\/www.eldigitaldeasturias.com\/noticias\/wp-json\/wp\/v2\/posts"}],"about":[{"href":"https:\/\/www.eldigitaldeasturias.com\/noticias\/wp-json\/wp\/v2\/types\/post"}],"author":[{"embeddable":true,"href":"https:\/\/www.eldigitaldeasturias.com\/noticias\/wp-json\/wp\/v2\/users\/1"}],"replies":[{"embeddable":true,"href":"https:\/\/www.eldigitaldeasturias.com\/noticias\/wp-json\/wp\/v2\/comments?post=959318"}],"version-history":[{"count":0,"href":"https:\/\/www.eldigitaldeasturias.com\/noticias\/wp-json\/wp\/v2\/posts\/959318\/revisions"}],"wp:attachment":[{"href":"https:\/\/www.eldigitaldeasturias.com\/noticias\/wp-json\/wp\/v2\/media?parent=959318"}],"wp:term":[{"taxonomy":"category","embeddable":true,"href":"https:\/\/www.eldigitaldeasturias.com\/noticias\/wp-json\/wp\/v2\/categories?post=959318"},{"taxonomy":"post_tag","embeddable":true,"href":"https:\/\/www.eldigitaldeasturias.com\/noticias\/wp-json\/wp\/v2\/tags?post=959318"}],"curies":[{"name":"wp","href":"https:\/\/api.w.org\/{rel}","templated":true}]}}