{"id":959312,"date":"2017-11-10T22:53:29","date_gmt":"2017-11-10T22:53:29","guid":{"rendered":"http:\/\/www.eldigitaldeasturias.com\/noticias\/?p=959312"},"modified":"2017-11-10T22:53:29","modified_gmt":"2017-11-10T22:53:29","slug":"el-21-de-diciembre-sera-no-lectivo-en-los-centros-docentes-de-cataluna","status":"publish","type":"post","link":"https:\/\/www.eldigitaldeasturias.com\/noticias\/el-21-de-diciembre-sera-no-lectivo-en-los-centros-docentes-de-cataluna\/","title":{"rendered":"El 21 de diciembre ser\u00e1 no lectivo en los centros docentes de Catalu\u00f1a"},"content":{"rendered":"<p><img loading=\"lazy\" decoding=\"async\" class=\"alignleft size-medium wp-image-959314\" src=\"https:\/\/www.eldigitaldeasturias.com\/noticias\/wp-content\/uploads\/2017\/11\/oposici\u00f3n-360x239.jpg\" alt=\"\" width=\"360\" height=\"239\" \/>El pr\u00f3ximo 21 de diciembre ser\u00e1 d\u00eda no lectivo en Catalu\u00f1a, es decir, los centros escolares de esa Comunidad Aut\u00f3noma no impartir\u00e1n clase, debido a la convocatoria de elecciones auton\u00f3micas fechadas para ese d\u00eda, de conformidad con la normativa vigente en materia electoral.<\/p>\n<p>As\u00ed se establece haciendo referencia al art\u00edculo 13.6 del Real Decreto 605\/1999 que dice que \u00aben el supuesto de que el d\u00eda fijado en los correspondientes Decretos de convocatoria para la celebraci\u00f3n de las elecciones no sea festivo, se considerar\u00e1 inh\u00e1bil a efectos escolares en el territorio correspondiente\u00bb.<\/p>\n<p>El d\u00eda siguiente, 22 de diciembre, viernes, ser\u00e1 d\u00eda lectivo, es decir, los centros escolares de Catalu\u00f1a impartir\u00e1n de nuevo clases con la habitual normalidad, tal y como marca el calendario escolar de Catalu\u00f1a para el curso 2017-2018.<\/p>\n","protected":false},"excerpt":{"rendered":"<p>El pr\u00f3ximo 21 de diciembre ser\u00e1 d\u00eda no lectivo en Catalu\u00f1a, es decir, los centros escolares de esa Comunidad Aut\u00f3noma no impartir\u00e1n clase, debido a la convocatoria de elecciones auton\u00f3micas fechadas para ese d\u00eda, de conformidad con la normativa vigente en materia electoral. As\u00ed se establece haciendo referencia al art\u00edculo 13.6 del Real Decreto 605\/1999 [&hellip;]<\/p>\n","protected":false},"author":1,"featured_media":959314,"comment_status":"closed","ping_status":"closed","sticky":false,"template":"","format":"standard","meta":{"footnotes":""},"categories":[1],"tags":[],"class_list":["post-959312","post","type-post","status-publish","format-standard","has-post-thumbnail","hentry","category-actualidad"],"aioseo_notices":[],"aioseo_head":"\n\t\t<!-- All in One SEO Pro 5.0.1 - aioseo.com -->\n\t<meta name=\"description\" content=\"El pr\u00f3ximo 21 de diciembre ser\u00e1 d\u00eda no lectivo en Catalu\u00f1a, es decir, los centros escolares de esa Comunidad Aut\u00f3noma no impartir\u00e1n clase, debido a la convocatoria de elecciones auton\u00f3micas fechadas para ese d\u00eda, de conformidad con la normativa vigente en materia electoral. As\u00ed se establece haciendo referencia al art\u00edculo 13.6 del Real Decreto 605\/1999\" \/>\n\t<meta name=\"robots\" content=\"max-image-preview:large\" \/>\n\t<meta name=\"author\" content=\"El Digital de Asturias\"\/>\n\t<meta name=\"google-site-verification\" content=\"UA-38556648-1\" \/>\n\t<meta name=\"msvalidate.01\" content=\"7dfe9f3f1b24437ab69f4f2559babe99\" \/>\n\t<meta name=\"keywords\" content=\"actualidad\" \/>\n\t<link rel=\"canonical\" href=\"https:\/\/www.eldigitaldeasturias.com\/noticias\/el-21-de-diciembre-sera-no-lectivo-en-los-centros-docentes-de-cataluna\/\" \/>\n\t<meta name=\"generator\" content=\"All in One SEO Pro (AIOSEO) 5.0.1\" \/>\n\t\t<meta property=\"og:locale\" content=\"es_ES\" \/>\n\t\t<meta property=\"og:site_name\" content=\"El Digital de Asturias\" \/>\n\t\t<meta property=\"og:type\" content=\"article\" \/>\n\t\t<meta property=\"og:title\" content=\"El 21 de diciembre ser\u00e1 no lectivo en los centros docentes de Catalu\u00f1a - El Digital de Asturias\" \/>\n\t\t<meta property=\"og:description\" content=\"El pr\u00f3ximo 21 de diciembre ser\u00e1 d\u00eda no lectivo en Catalu\u00f1a, es decir, los centros escolares de esa Comunidad Aut\u00f3noma no impartir\u00e1n clase, debido a la convocatoria de elecciones auton\u00f3micas fechadas para ese d\u00eda, de conformidad con la normativa vigente en materia electoral. As\u00ed se establece haciendo referencia al art\u00edculo 13.6 del Real Decreto 605\/1999\" \/>\n\t\t<meta property=\"og:url\" content=\"https:\/\/www.eldigitaldeasturias.com\/noticias\/el-21-de-diciembre-sera-no-lectivo-en-los-centros-docentes-de-cataluna\/\" \/>\n\t\t<meta property=\"article:tag\" content=\"actualidad\" \/>\n\t\t<meta property=\"article:published_time\" content=\"2017-11-10T22:53:29+00:00\" \/>\n\t\t<meta property=\"article:modified_time\" content=\"2017-11-10T22:53:29+00:00\" \/>\n\t\t<meta property=\"article:publisher\" content=\"https:\/\/facebook.com\/eldigitaldeasturias\" \/>\n\t\t<meta name=\"twitter:card\" content=\"summary_large_image\" \/>\n\t\t<meta name=\"twitter:title\" content=\"El 21 de diciembre ser\u00e1 no lectivo en los centros docentes de Catalu\u00f1a - El Digital de Asturias\" \/>\n\t\t<meta name=\"twitter:description\" content=\"El pr\u00f3ximo 21 de diciembre ser\u00e1 d\u00eda no lectivo en Catalu\u00f1a, es decir, los centros escolares de esa Comunidad Aut\u00f3noma no impartir\u00e1n clase, debido a la convocatoria de elecciones auton\u00f3micas fechadas para ese d\u00eda, de conformidad con la normativa vigente en materia electoral. As\u00ed se establece haciendo referencia al art\u00edculo 13.6 del Real Decreto 605\/1999\" \/>\n\t\t<meta name=\"twitter:image\" content=\"https:\/\/www.eldigitaldeasturias.com\/noticias\/wp-content\/uploads\/2020\/12\/EDA-1.jpg\" \/>\n\t\t<meta name=\"twitter:label1\" content=\"Escrito por\" \/>\n\t\t<meta name=\"twitter:data1\" content=\"El Digital de Asturias\" \/>\n\t\t<meta name=\"twitter:label2\" content=\"Tiempo de lectura estimado\" \/>\n\t\t<meta name=\"twitter:data2\" content=\"1 minuto\" \/>\n\t\t<script type=\"application\/ld+json\" class=\"aioseo-schema\">\n\t\t\t{\"@context\":\"https:\\\/\\\/schema.org\",\"@graph\":[{\"@type\":\"BlogPosting\",\"@id\":\"https:\\\/\\\/www.eldigitaldeasturias.com\\\/noticias\\\/el-21-de-diciembre-sera-no-lectivo-en-los-centros-docentes-de-cataluna\\\/#blogposting\",\"name\":\"El 21 de diciembre ser\\u00e1 no lectivo en los centros docentes de Catalu\\u00f1a - El Digital de Asturias\",\"headline\":\"El 21 de diciembre ser\\u00e1 no lectivo en los centros docentes de Catalu\\u00f1a\",\"author\":{\"@id\":\"https:\\\/\\\/www.eldigitaldeasturias.com\\\/noticias\\\/author\\\/admin\\\/#author\"},\"publisher\":{\"@id\":\"https:\\\/\\\/www.eldigitaldeasturias.com\\\/noticias\\\/#organization\"},\"image\":{\"@type\":\"ImageObject\",\"url\":959314},\"datePublished\":\"2017-11-10T22:53:29+01:00\",\"dateModified\":\"2017-11-10T22:53:29+01:00\",\"inLanguage\":\"es-ES\",\"mainEntityOfPage\":{\"@id\":\"https:\\\/\\\/www.eldigitaldeasturias.com\\\/noticias\\\/el-21-de-diciembre-sera-no-lectivo-en-los-centros-docentes-de-cataluna\\\/#webpage\"},\"isPartOf\":{\"@id\":\"https:\\\/\\\/www.eldigitaldeasturias.com\\\/noticias\\\/el-21-de-diciembre-sera-no-lectivo-en-los-centros-docentes-de-cataluna\\\/#webpage\"},\"articleSection\":\"Actualidad\"},{\"@type\":\"BreadcrumbList\",\"@id\":\"https:\\\/\\\/www.eldigitaldeasturias.com\\\/noticias\\\/el-21-de-diciembre-sera-no-lectivo-en-los-centros-docentes-de-cataluna\\\/#breadcrumblist\",\"itemListElement\":[{\"@type\":\"ListItem\",\"@id\":\"https:\\\/\\\/www.eldigitaldeasturias.com\\\/noticias#listItem\",\"position\":1,\"name\":\"Home\",\"item\":\"https:\\\/\\\/www.eldigitaldeasturias.com\\\/noticias\",\"nextItem\":{\"@type\":\"ListItem\",\"@id\":\"https:\\\/\\\/www.eldigitaldeasturias.com\\\/noticias\\\/category\\\/actualidad\\\/#listItem\",\"name\":\"Actualidad\"}},{\"@type\":\"ListItem\",\"@id\":\"https:\\\/\\\/www.eldigitaldeasturias.com\\\/noticias\\\/category\\\/actualidad\\\/#listItem\",\"position\":2,\"name\":\"Actualidad\",\"item\":\"https:\\\/\\\/www.eldigitaldeasturias.com\\\/noticias\\\/category\\\/actualidad\\\/\",\"nextItem\":{\"@type\":\"ListItem\",\"@id\":\"https:\\\/\\\/www.eldigitaldeasturias.com\\\/noticias\\\/el-21-de-diciembre-sera-no-lectivo-en-los-centros-docentes-de-cataluna\\\/#listItem\",\"name\":\"El 21 de diciembre ser\\u00e1 no lectivo en los centros docentes de Catalu\\u00f1a\"},\"previousItem\":{\"@type\":\"ListItem\",\"@id\":\"https:\\\/\\\/www.eldigitaldeasturias.com\\\/noticias#listItem\",\"name\":\"Home\"}},{\"@type\":\"ListItem\",\"@id\":\"https:\\\/\\\/www.eldigitaldeasturias.com\\\/noticias\\\/el-21-de-diciembre-sera-no-lectivo-en-los-centros-docentes-de-cataluna\\\/#listItem\",\"position\":3,\"name\":\"El 21 de diciembre ser\\u00e1 no lectivo en los centros docentes de Catalu\\u00f1a\",\"previousItem\":{\"@type\":\"ListItem\",\"@id\":\"https:\\\/\\\/www.eldigitaldeasturias.com\\\/noticias\\\/category\\\/actualidad\\\/#listItem\",\"name\":\"Actualidad\"}}]},{\"@type\":\"Organization\",\"@id\":\"https:\\\/\\\/www.eldigitaldeasturias.com\\\/noticias\\\/#organization\",\"name\":\"El Digital de Asturias\",\"description\":\"Hemeroteca\",\"url\":\"https:\\\/\\\/www.eldigitaldeasturias.com\\\/noticias\\\/\",\"email\":\"info@eldigitaldeasturias.com\",\"telephone\":\"+34652131393\",\"logo\":{\"@type\":\"ImageObject\",\"url\":\"https:\\\/\\\/www.eldigitaldeasturias.com\\\/noticias\\\/wp-content\\\/uploads\\\/2020\\\/12\\\/EDA.jpg\",\"@id\":\"https:\\\/\\\/www.eldigitaldeasturias.com\\\/noticias\\\/el-21-de-diciembre-sera-no-lectivo-en-los-centros-docentes-de-cataluna\\\/#organizationLogo\"},\"image\":{\"@id\":\"https:\\\/\\\/www.eldigitaldeasturias.com\\\/noticias\\\/el-21-de-diciembre-sera-no-lectivo-en-los-centros-docentes-de-cataluna\\\/#organizationLogo\"},\"sameAs\":[\"https:\\\/\\\/facebook.com\\\/eldigitaldeasturias\",\"https:\\\/\\\/www.youtube.com\\\/channel\\\/UCZP-2wLEB9Rv6erhFmqVnvg\"],\"address\":{\"@id\":\"https:\\\/\\\/www.eldigitaldeasturias.com\\\/noticias\\\/#postaladdress\",\"@type\":\"PostalAddress\",\"streetAddress\":\"san antonio 4\",\"postalCode\":\"33430\",\"addressLocality\":\"Cand\\u00e1s\",\"addressRegion\":\"Asturias\",\"addressCountry\":\"ES\"}},{\"@type\":\"Person\",\"@id\":\"https:\\\/\\\/www.eldigitaldeasturias.com\\\/noticias\\\/author\\\/admin\\\/#author\",\"url\":\"https:\\\/\\\/www.eldigitaldeasturias.com\\\/noticias\\\/author\\\/admin\\\/\",\"name\":\"El Digital de Asturias\",\"image\":{\"@type\":\"ImageObject\",\"@id\":\"https:\\\/\\\/www.eldigitaldeasturias.com\\\/noticias\\\/el-21-de-diciembre-sera-no-lectivo-en-los-centros-docentes-de-cataluna\\\/#authorImage\",\"url\":\"https:\\\/\\\/secure.gravatar.com\\\/avatar\\\/df2aeffc32bcd13f8d26072ef8a91b623d677766deac7f97ca815868cd41bf5e?s=96&d=mm&r=g\",\"width\":96,\"height\":96,\"caption\":\"El Digital de Asturias\"}},{\"@type\":\"WebPage\",\"@id\":\"https:\\\/\\\/www.eldigitaldeasturias.com\\\/noticias\\\/el-21-de-diciembre-sera-no-lectivo-en-los-centros-docentes-de-cataluna\\\/#webpage\",\"url\":\"https:\\\/\\\/www.eldigitaldeasturias.com\\\/noticias\\\/el-21-de-diciembre-sera-no-lectivo-en-los-centros-docentes-de-cataluna\\\/\",\"name\":\"El 21 de diciembre ser\\u00e1 no lectivo en los centros docentes de Catalu\\u00f1a - El Digital de Asturias\",\"description\":\"El pr\\u00f3ximo 21 de diciembre ser\\u00e1 d\\u00eda no lectivo en Catalu\\u00f1a, es decir, los centros escolares de esa Comunidad Aut\\u00f3noma no impartir\\u00e1n clase, debido a la convocatoria de elecciones auton\\u00f3micas fechadas para ese d\\u00eda, de conformidad con la normativa vigente en materia electoral. As\\u00ed se establece haciendo referencia al art\\u00edculo 13.6 del Real Decreto 605\\\/1999\",\"inLanguage\":\"es-ES\",\"isPartOf\":{\"@id\":\"https:\\\/\\\/www.eldigitaldeasturias.com\\\/noticias\\\/#website\"},\"breadcrumb\":{\"@id\":\"https:\\\/\\\/www.eldigitaldeasturias.com\\\/noticias\\\/el-21-de-diciembre-sera-no-lectivo-en-los-centros-docentes-de-cataluna\\\/#breadcrumblist\"},\"author\":{\"@id\":\"https:\\\/\\\/www.eldigitaldeasturias.com\\\/noticias\\\/author\\\/admin\\\/#author\"},\"creator\":{\"@id\":\"https:\\\/\\\/www.eldigitaldeasturias.com\\\/noticias\\\/author\\\/admin\\\/#author\"},\"image\":{\"@type\":\"ImageObject\",\"url\":959314,\"@id\":\"https:\\\/\\\/www.eldigitaldeasturias.com\\\/noticias\\\/el-21-de-diciembre-sera-no-lectivo-en-los-centros-docentes-de-cataluna\\\/#mainImage\"},\"primaryImageOfPage\":{\"@id\":\"https:\\\/\\\/www.eldigitaldeasturias.com\\\/noticias\\\/el-21-de-diciembre-sera-no-lectivo-en-los-centros-docentes-de-cataluna\\\/#mainImage\"},\"datePublished\":\"2017-11-10T22:53:29+01:00\",\"dateModified\":\"2017-11-10T22:53:29+01:00\"},{\"@type\":\"WebSite\",\"@id\":\"https:\\\/\\\/www.eldigitaldeasturias.com\\\/noticias\\\/#website\",\"url\":\"https:\\\/\\\/www.eldigitaldeasturias.com\\\/noticias\\\/\",\"name\":\"El Digital de Asturias - Diario de actualidad y noticias\",\"alternateName\":\"El Digital de Asturias - Diario de actualidad y noticias\",\"description\":\"Hemeroteca\",\"inLanguage\":\"es-ES\",\"publisher\":{\"@id\":\"https:\\\/\\\/www.eldigitaldeasturias.com\\\/noticias\\\/#organization\"}}]}\n\t\t<\/script>\n\t\t<!-- All in One SEO Pro -->\r\n\t\t<title>El 21 de diciembre ser\u00e1 no lectivo en los centros docentes de Catalu\u00f1a - El Digital de Asturias<\/title>\n\n","aioseo_head_json":{"title":"El 21 de diciembre ser\u00e1 no lectivo en los centros docentes de Catalu\u00f1a - El Digital de Asturias","description":"El pr\u00f3ximo 21 de diciembre ser\u00e1 d\u00eda no lectivo en Catalu\u00f1a, es decir, los centros escolares de esa Comunidad Aut\u00f3noma no impartir\u00e1n clase, debido a la convocatoria de elecciones auton\u00f3micas fechadas para ese d\u00eda, de conformidad con la normativa vigente en materia electoral. As\u00ed se establece haciendo referencia al art\u00edculo 13.6 del Real Decreto 605\/1999","canonical_url":"https:\/\/www.eldigitaldeasturias.com\/noticias\/el-21-de-diciembre-sera-no-lectivo-en-los-centros-docentes-de-cataluna\/","robots":"max-image-preview:large","keywords":"actualidad","webmasterTools":{"google-site-verification":"UA-38556648-1","msvalidate.01":"7dfe9f3f1b24437ab69f4f2559babe99","miscellaneous":""},"schema":{"@context":"https:\/\/schema.org","@graph":[{"@type":"BlogPosting","@id":"https:\/\/www.eldigitaldeasturias.com\/noticias\/el-21-de-diciembre-sera-no-lectivo-en-los-centros-docentes-de-cataluna\/#blogposting","name":"El 21 de diciembre ser\u00e1 no lectivo en los centros docentes de Catalu\u00f1a - El Digital de Asturias","headline":"El 21 de diciembre ser\u00e1 no lectivo en los centros docentes de Catalu\u00f1a","author":{"@id":"https:\/\/www.eldigitaldeasturias.com\/noticias\/author\/admin\/#author"},"publisher":{"@id":"https:\/\/www.eldigitaldeasturias.com\/noticias\/#organization"},"image":{"@type":"ImageObject","url":959314},"datePublished":"2017-11-10T22:53:29+01:00","dateModified":"2017-11-10T22:53:29+01:00","inLanguage":"es-ES","mainEntityOfPage":{"@id":"https:\/\/www.eldigitaldeasturias.com\/noticias\/el-21-de-diciembre-sera-no-lectivo-en-los-centros-docentes-de-cataluna\/#webpage"},"isPartOf":{"@id":"https:\/\/www.eldigitaldeasturias.com\/noticias\/el-21-de-diciembre-sera-no-lectivo-en-los-centros-docentes-de-cataluna\/#webpage"},"articleSection":"Actualidad"},{"@type":"BreadcrumbList","@id":"https:\/\/www.eldigitaldeasturias.com\/noticias\/el-21-de-diciembre-sera-no-lectivo-en-los-centros-docentes-de-cataluna\/#breadcrumblist","itemListElement":[{"@type":"ListItem","@id":"https:\/\/www.eldigitaldeasturias.com\/noticias#listItem","position":1,"name":"Home","item":"https:\/\/www.eldigitaldeasturias.com\/noticias","nextItem":{"@type":"ListItem","@id":"https:\/\/www.eldigitaldeasturias.com\/noticias\/category\/actualidad\/#listItem","name":"Actualidad"}},{"@type":"ListItem","@id":"https:\/\/www.eldigitaldeasturias.com\/noticias\/category\/actualidad\/#listItem","position":2,"name":"Actualidad","item":"https:\/\/www.eldigitaldeasturias.com\/noticias\/category\/actualidad\/","nextItem":{"@type":"ListItem","@id":"https:\/\/www.eldigitaldeasturias.com\/noticias\/el-21-de-diciembre-sera-no-lectivo-en-los-centros-docentes-de-cataluna\/#listItem","name":"El 21 de diciembre ser\u00e1 no lectivo en los centros docentes de Catalu\u00f1a"},"previousItem":{"@type":"ListItem","@id":"https:\/\/www.eldigitaldeasturias.com\/noticias#listItem","name":"Home"}},{"@type":"ListItem","@id":"https:\/\/www.eldigitaldeasturias.com\/noticias\/el-21-de-diciembre-sera-no-lectivo-en-los-centros-docentes-de-cataluna\/#listItem","position":3,"name":"El 21 de diciembre ser\u00e1 no lectivo en los centros docentes de Catalu\u00f1a","previousItem":{"@type":"ListItem","@id":"https:\/\/www.eldigitaldeasturias.com\/noticias\/category\/actualidad\/#listItem","name":"Actualidad"}}]},{"@type":"Organization","@id":"https:\/\/www.eldigitaldeasturias.com\/noticias\/#organization","name":"El Digital de Asturias","description":"Hemeroteca","url":"https:\/\/www.eldigitaldeasturias.com\/noticias\/","email":"info@eldigitaldeasturias.com","telephone":"+34652131393","logo":{"@type":"ImageObject","url":"https:\/\/www.eldigitaldeasturias.com\/noticias\/wp-content\/uploads\/2020\/12\/EDA.jpg","@id":"https:\/\/www.eldigitaldeasturias.com\/noticias\/el-21-de-diciembre-sera-no-lectivo-en-los-centros-docentes-de-cataluna\/#organizationLogo"},"image":{"@id":"https:\/\/www.eldigitaldeasturias.com\/noticias\/el-21-de-diciembre-sera-no-lectivo-en-los-centros-docentes-de-cataluna\/#organizationLogo"},"sameAs":["https:\/\/facebook.com\/eldigitaldeasturias","https:\/\/www.youtube.com\/channel\/UCZP-2wLEB9Rv6erhFmqVnvg"],"address":{"@id":"https:\/\/www.eldigitaldeasturias.com\/noticias\/#postaladdress","@type":"PostalAddress","streetAddress":"san antonio 4","postalCode":"33430","addressLocality":"Cand\u00e1s","addressRegion":"Asturias","addressCountry":"ES"}},{"@type":"Person","@id":"https:\/\/www.eldigitaldeasturias.com\/noticias\/author\/admin\/#author","url":"https:\/\/www.eldigitaldeasturias.com\/noticias\/author\/admin\/","name":"El Digital de Asturias","image":{"@type":"ImageObject","@id":"https:\/\/www.eldigitaldeasturias.com\/noticias\/el-21-de-diciembre-sera-no-lectivo-en-los-centros-docentes-de-cataluna\/#authorImage","url":"https:\/\/secure.gravatar.com\/avatar\/df2aeffc32bcd13f8d26072ef8a91b623d677766deac7f97ca815868cd41bf5e?s=96&d=mm&r=g","width":96,"height":96,"caption":"El Digital de Asturias"}},{"@type":"WebPage","@id":"https:\/\/www.eldigitaldeasturias.com\/noticias\/el-21-de-diciembre-sera-no-lectivo-en-los-centros-docentes-de-cataluna\/#webpage","url":"https:\/\/www.eldigitaldeasturias.com\/noticias\/el-21-de-diciembre-sera-no-lectivo-en-los-centros-docentes-de-cataluna\/","name":"El 21 de diciembre ser\u00e1 no lectivo en los centros docentes de Catalu\u00f1a - El Digital de Asturias","description":"El pr\u00f3ximo 21 de diciembre ser\u00e1 d\u00eda no lectivo en Catalu\u00f1a, es decir, los centros escolares de esa Comunidad Aut\u00f3noma no impartir\u00e1n clase, debido a la convocatoria de elecciones auton\u00f3micas fechadas para ese d\u00eda, de conformidad con la normativa vigente en materia electoral. As\u00ed se establece haciendo referencia al art\u00edculo 13.6 del Real Decreto 605\/1999","inLanguage":"es-ES","isPartOf":{"@id":"https:\/\/www.eldigitaldeasturias.com\/noticias\/#website"},"breadcrumb":{"@id":"https:\/\/www.eldigitaldeasturias.com\/noticias\/el-21-de-diciembre-sera-no-lectivo-en-los-centros-docentes-de-cataluna\/#breadcrumblist"},"author":{"@id":"https:\/\/www.eldigitaldeasturias.com\/noticias\/author\/admin\/#author"},"creator":{"@id":"https:\/\/www.eldigitaldeasturias.com\/noticias\/author\/admin\/#author"},"image":{"@type":"ImageObject","url":959314,"@id":"https:\/\/www.eldigitaldeasturias.com\/noticias\/el-21-de-diciembre-sera-no-lectivo-en-los-centros-docentes-de-cataluna\/#mainImage"},"primaryImageOfPage":{"@id":"https:\/\/www.eldigitaldeasturias.com\/noticias\/el-21-de-diciembre-sera-no-lectivo-en-los-centros-docentes-de-cataluna\/#mainImage"},"datePublished":"2017-11-10T22:53:29+01:00","dateModified":"2017-11-10T22:53:29+01:00"},{"@type":"WebSite","@id":"https:\/\/www.eldigitaldeasturias.com\/noticias\/#website","url":"https:\/\/www.eldigitaldeasturias.com\/noticias\/","name":"El Digital de Asturias - Diario de actualidad y noticias","alternateName":"El Digital de Asturias - Diario de actualidad y noticias","description":"Hemeroteca","inLanguage":"es-ES","publisher":{"@id":"https:\/\/www.eldigitaldeasturias.com\/noticias\/#organization"}}]},"og:locale":"es_ES","og:site_name":"El Digital de Asturias","og:type":"article","og:title":"El 21 de diciembre ser\u00e1 no lectivo en los centros docentes de Catalu\u00f1a - El Digital de Asturias","og:description":"El pr\u00f3ximo 21 de diciembre ser\u00e1 d\u00eda no lectivo en Catalu\u00f1a, es decir, los centros escolares de esa Comunidad Aut\u00f3noma no impartir\u00e1n clase, debido a la convocatoria de elecciones auton\u00f3micas fechadas para ese d\u00eda, de conformidad con la normativa vigente en materia electoral. As\u00ed se establece haciendo referencia al art\u00edculo 13.6 del Real Decreto 605\/1999","og:url":"https:\/\/www.eldigitaldeasturias.com\/noticias\/el-21-de-diciembre-sera-no-lectivo-en-los-centros-docentes-de-cataluna\/","article:tag":["actualidad"],"article:published_time":"2017-11-10T22:53:29+00:00","article:modified_time":"2017-11-10T22:53:29+00:00","article:publisher":"https:\/\/facebook.com\/eldigitaldeasturias","twitter:card":"summary_large_image","twitter:title":"El 21 de diciembre ser\u00e1 no lectivo en los centros docentes de Catalu\u00f1a - El Digital de Asturias","twitter:description":"El pr\u00f3ximo 21 de diciembre ser\u00e1 d\u00eda no lectivo en Catalu\u00f1a, es decir, los centros escolares de esa Comunidad Aut\u00f3noma no impartir\u00e1n clase, debido a la convocatoria de elecciones auton\u00f3micas fechadas para ese d\u00eda, de conformidad con la normativa vigente en materia electoral. As\u00ed se establece haciendo referencia al art\u00edculo 13.6 del Real Decreto 605\/1999","twitter:image":"https:\/\/www.eldigitaldeasturias.com\/noticias\/wp-content\/uploads\/2020\/12\/EDA-1.jpg","twitter:label1":"Escrito por","twitter:data1":"El Digital de Asturias","twitter:label2":"Tiempo de lectura estimado","twitter:data2":"1 minuto"},"aioseo_meta_data":{"post_id":"959312","title":null,"description":null,"keywords":null,"keyphrases":null,"primary_term":null,"canonical_url":null,"og_title":null,"og_description":null,"og_object_type":"default","og_image_type":"default","og_image_url":null,"og_image_width":null,"og_image_height":null,"og_image_custom_url":null,"og_image_custom_fields":null,"og_video":null,"og_custom_url":null,"og_article_section":null,"og_article_tags":null,"twitter_use_og":false,"twitter_card":"default","twitter_image_type":"default","twitter_image_url":null,"twitter_image_custom_url":null,"twitter_image_custom_fields":null,"twitter_title":null,"twitter_description":null,"schema":{"blockGraphs":[],"customGraphs":[],"default":{"data":{"Article":[],"Course":[],"Dataset":[],"FAQPage":[],"Movie":[],"Person":[],"Product":[],"ProductReview":[],"Car":[],"Recipe":[],"Service":[],"SoftwareApplication":[],"WebPage":[]},"graphName":"","isEnabled":true},"graphs":[],"defaultGraph":"","defaultPostTypeGraph":""},"schema_type":null,"schema_type_options":null,"pillar_content":false,"robots_default":true,"robots_noindex":false,"robots_noarchive":false,"robots_nosnippet":false,"robots_nofollow":false,"robots_noimageindex":false,"robots_noodp":false,"robots_notranslate":false,"robots_max_snippet":null,"robots_max_videopreview":null,"robots_max_imagepreview":"large","priority":null,"frequency":null,"local_seo":null,"seo_analyzer_scan_date":"2025-12-07 00:44:07","breadcrumb_settings":null,"limit_modified_date":false,"open_ai":null,"ai":null,"created":"2020-12-21 12:53:36","updated":"2025-12-07 00:44:07","focus_keyword":null,"additional_keywords":null,"truseo_locale":null},"aioseo_breadcrumb":"<div class=\"aioseo-breadcrumbs\"><span class=\"aioseo-breadcrumb\">\n\t<a href=\"https:\/\/www.eldigitaldeasturias.com\/noticias\" title=\"Home\">Home<\/a>\n<\/span><span class=\"aioseo-breadcrumb-separator\">\u2013<\/span><span class=\"aioseo-breadcrumb\">\n\t<a href=\"https:\/\/www.eldigitaldeasturias.com\/noticias\/category\/actualidad\/\" title=\"Actualidad\">Actualidad<\/a>\n<\/span><span class=\"aioseo-breadcrumb-separator\">\u2013<\/span><span class=\"aioseo-breadcrumb\">\n\t<a href=\"https:\/\/www.eldigitaldeasturias.com\/noticias\/el-21-de-diciembre-sera-no-lectivo-en-los-centros-docentes-de-cataluna\/\" title=\"El 21 de diciembre ser\u00e1 no lectivo en los centros docentes de Catalu\u00f1a\">El 21 de diciembre ser\u00e1 no lectivo en los centros docentes de Catalu\u00f1a<\/a>\n<\/span><\/div>","aioseo_breadcrumb_json":[{"label":"Home","link":"https:\/\/www.eldigitaldeasturias.com\/noticias"},{"label":"Actualidad","link":"https:\/\/www.eldigitaldeasturias.com\/noticias\/category\/actualidad\/"},{"label":"El 21 de diciembre ser\u00e1 no lectivo en los centros docentes de Catalu\u00f1a","link":"https:\/\/www.eldigitaldeasturias.com\/noticias\/el-21-de-diciembre-sera-no-lectivo-en-los-centros-docentes-de-cataluna\/"}],"_links":{"self":[{"href":"https:\/\/www.eldigitaldeasturias.com\/noticias\/wp-json\/wp\/v2\/posts\/959312","targetHints":{"allow":["GET"]}}],"collection":[{"href":"https:\/\/www.eldigitaldeasturias.com\/noticias\/wp-json\/wp\/v2\/posts"}],"about":[{"href":"https:\/\/www.eldigitaldeasturias.com\/noticias\/wp-json\/wp\/v2\/types\/post"}],"author":[{"embeddable":true,"href":"https:\/\/www.eldigitaldeasturias.com\/noticias\/wp-json\/wp\/v2\/users\/1"}],"replies":[{"embeddable":true,"href":"https:\/\/www.eldigitaldeasturias.com\/noticias\/wp-json\/wp\/v2\/comments?post=959312"}],"version-history":[{"count":0,"href":"https:\/\/www.eldigitaldeasturias.com\/noticias\/wp-json\/wp\/v2\/posts\/959312\/revisions"}],"wp:attachment":[{"href":"https:\/\/www.eldigitaldeasturias.com\/noticias\/wp-json\/wp\/v2\/media?parent=959312"}],"wp:term":[{"taxonomy":"category","embeddable":true,"href":"https:\/\/www.eldigitaldeasturias.com\/noticias\/wp-json\/wp\/v2\/categories?post=959312"},{"taxonomy":"post_tag","embeddable":true,"href":"https:\/\/www.eldigitaldeasturias.com\/noticias\/wp-json\/wp\/v2\/tags?post=959312"}],"curies":[{"name":"wp","href":"https:\/\/api.w.org\/{rel}","templated":true}]}}