{"id":959172,"date":"2017-11-09T20:52:12","date_gmt":"2017-11-09T20:52:12","guid":{"rendered":"http:\/\/www.eldigitaldeasturias.com\/noticias\/?p=959172"},"modified":"2017-11-09T20:52:12","modified_gmt":"2017-11-09T20:52:12","slug":"susana-diaz-reivindica-una-europa-fuerte-unida-y-centrada-en-las-personas","status":"publish","type":"post","link":"https:\/\/www.eldigitaldeasturias.com\/noticias\/susana-diaz-reivindica-una-europa-fuerte-unida-y-centrada-en-las-personas\/","title":{"rendered":"Susana D\u00edaz reivindica una Europa fuerte, unida y centrada en las personas"},"content":{"rendered":"<p><img loading=\"lazy\" decoding=\"async\" class=\"alignleft size-medium wp-image-952192\" src=\"https:\/\/www.eldigitaldeasturias.com\/noticias\/wp-content\/uploads\/2017\/09\/Susana-360x221.jpg\" alt=\"\" width=\"360\" height=\"221\" \/>La presidenta de la Junta, Susana D\u00edaz, ha reivindicado la necesidad de que las instituciones europeas pongan en marcha \u00abmedidas y pol\u00edticas que consoliden los valores de paz, justicia, igualdad y solidaridad que forjaron la Uni\u00f3n Europea\u00bb. Durante la inauguraci\u00f3n en el Parlamento andaluz de la Asamblea Plenaria de la Conferencia de Asambleas Legislativas Regionales de la Uni\u00f3n Europea (CALRE), la presidenta andaluza ha abogado porque \u00abEuropa sea cada d\u00eda m\u00e1s fuerte y al mismo tiempo ofrezca m\u00e1s oportunidades\u00bb desde el convencimiento de que \u00abunidos no solo somos m\u00e1s, sino mejores\u00bb.<\/p>\n<p>D\u00edaz ha evidenciado el desaf\u00edo que suponen en la actualidad los partidos independentistas y su \u00abpulso a nuestra democracia, a nuestro Estado de Derecho y a nuestra Constituci\u00f3n\u00bb, a la que ha calificado de \u00abviga maestra sobre la que hemos podido edificar nuestros mejores a\u00f1os en t\u00e9rminos de convivencia, solidaridad y prosperidad\u00bb. En un momento dif\u00edcil como el actual, ha planteado, \u00abtenemos que ser firmes y leales en nuestro compromiso con ley, la Constituci\u00f3n y el respeto escrupuloso a las reglas de la democracia, porque ello va a permitir que podamos convivir en paz y encarar el futuro con mejores garant\u00edas\u00bb.<\/p>\n<p>La presidenta andaluza ha recordado que es el Estado de Derecho el que \u00abnos protege y nos da confianza\u00bb, algo que permite a la democracia \u00abestar a la altura de lo que en estos momentos necesita nuestro pa\u00eds para recuperar cuanto antes la legalidad y la normalidad en Catalu\u00f1a\u00bb. Susana D\u00edaz ha reafirmado el apoyo y respeto del Gobierno andaluz hacia el orden constitucional y ha revindicado el papel de Andaluc\u00eda en el equilibrio del Estado \u00abcomo garant\u00eda de igualdad en el respeto a la diversidad\u00bb.<\/p>\n<p>En este marco, los parlamentos y asambleas legislativas son el \u00abespacio adecuado para proponer las bases firmes de una Europa cada vez m\u00e1s fuerte y a la vez m\u00e1s justa y solidaria\u00bb. Esta es, para D\u00edaz, \u00abla mejor receta frente a los que infringuen la ley, los que quieren erosionar nuestro sistema democr\u00e1tico, contra los antieuropeos, populistas, extremistas y los xen\u00f3fobos que no creen en Europa y la entienden como un problema\u00bb.<\/p>\n<p>La cita plenaria tiene previsto aprobar la &#8216;Declaraci\u00f3n de Sevilla&#8217;, un documento con el que se pretende \u00abreinvindicar el verdadero protagonismo de las asambleas y parlamentos regionales dentro de la arquitectura institucional europea\u00bb y que recoja el esp\u00edritu de encuentro que dio origen a esta asociaci\u00f3n hace 20 a\u00f1os. Para D\u00edaz, ante los retos y amenazas actuales \u00abtenemos que responder con solvencia y decisi\u00f3n, creyendo en Europa y en que nos ir\u00e1 mejor en la medida en que nos mantengamos unidos y busquemos lo mejor para todos\u00bb.<\/p>\n<p>En este sentido, la presidenta ha se\u00f1alado que hay que trabajar \u00abpara cimentar definitivamente una Europa para las personas, libre y democr\u00e1tica, que garantice la independencia de los poderes y el estado de derecho\u00bb; una \u00abEuropa de las oportunidades, del empleo joven, de la solidaridad, una Europa humanitaria en la que todos tengamos claro que quien infringue la ley tarde o temprano tiene que responder ante ella\u00bb.<\/p>\n<p>La presidenta andaluza ha subrayado la urgencia de \u00abdar un golpe de tim\u00f3n que nos devuelva la Europa de las personas y de la confraternidad entre los pueblos\u00bb as\u00ed como de ofrecer \u00abuna respuesta global a los problemas y desaf\u00edos a los que se enfrenta\u00bb. Todo ello, ha dicho, \u00abcon unidad, con responsabilidad, llegando a acuerdos y consensos, apostando por la cohesi\u00f3n social y territorial, apostando por la igualdad de oportunidades, por la creaci\u00f3n de empleo y unos mejores servicios sociales\u00bb. Susana D\u00edaz ha recordado que los ciudadanos exigen hoy agilidad en las decisiones, eficiencia, participaci\u00f3n y transparencia a sus instituciones y por tanto ha demandado una nueva gobernanza europea \u00abm\u00e1s cercana y \u00fatil\u00bb a la ciudadan\u00eda.<\/p>\n<p><strong>Asamblea Plenaria CALRE<\/strong><\/p>\n<p>La Asamblea Plenaria de CALRE re\u00fane en Sevilla a 150 representantes parlamentarios, coincidiendo con el 60 aniversario de los Tratados de Roma. Adem\u00e1s de la &#8216;Declaraci\u00f3n de Sevilla&#8217;, debatir\u00e1n estos d\u00edas dos resoluciones sobre el futuro de Europa y subsidiariedad. Asimismo se elegir\u00e1 al Parlamento que ostentar\u00e1 la Presidencia de CALRE en 2018, as\u00ed como a los coordinadores de los grupos de trabajo para el pr\u00f3ximo a\u00f1o.<\/p>\n<p>La Conferencia est\u00e1 integrada por 74 asambleas regionales de ocho pa\u00edses de la Uni\u00f3n Europea: Alemania, Austria, B\u00e9lgica, Espa\u00f1a, Finlandia, Italia, Portugal y Reino Unido. Desde la Declaraci\u00f3n fundacional de Oviedo en 1997, tiene como objetivo profundizar en los principios democr\u00e1ticos y participativos dentro del marco de la Uni\u00f3n Europea; defender los valores y principios de la democracia regional, y reforzar los lazos entre las Asambleas Legislativas Regionales.<\/p>\n<p>La CALRE contribuye a la participaci\u00f3n democr\u00e1tica de las Asambleas Legislativas Regionales mediante el fortalecimiento de las relaciones entre las asambleas regionales y, en particular, mediante el intercambio de buenas pr\u00e1cticas. Antes de asumir la Presidencia para 2017, el Parlamento de Andaluc\u00eda coordin\u00f3 el Grupo de Trabajo sobre e-Democracia durante tres ediciones (2013-2015).<\/p>\n","protected":false},"excerpt":{"rendered":"<p>La presidenta de la Junta, Susana D\u00edaz, ha reivindicado la necesidad de que las instituciones europeas pongan en marcha \u00abmedidas y pol\u00edticas que consoliden los valores de paz, justicia, igualdad y solidaridad que forjaron la Uni\u00f3n Europea\u00bb. Durante la inauguraci\u00f3n en el Parlamento andaluz de la Asamblea Plenaria de la Conferencia de Asambleas Legislativas Regionales [&hellip;]<\/p>\n","protected":false},"author":1,"featured_media":952192,"comment_status":"closed","ping_status":"closed","sticky":false,"template":"","format":"standard","meta":{"footnotes":""},"categories":[1],"tags":[],"class_list":["post-959172","post","type-post","status-publish","format-standard","has-post-thumbnail","hentry","category-actualidad"],"aioseo_notices":[],"aioseo_head":"\n\t\t<!-- All in One SEO Pro 5.0.1 - aioseo.com -->\n\t<meta name=\"description\" content=\"La presidenta de la Junta, Susana D\u00edaz, ha reivindicado la necesidad de que las instituciones europeas pongan en marcha &quot;medidas y pol\u00edticas que consoliden los valores de paz, justicia, igualdad y solidaridad que forjaron la Uni\u00f3n Europea&quot;. Durante la inauguraci\u00f3n en el Parlamento andaluz de la Asamblea Plenaria de la Conferencia de Asambleas Legislativas Regionales\" \/>\n\t<meta name=\"robots\" content=\"max-image-preview:large\" \/>\n\t<meta name=\"author\" content=\"El Digital de Asturias\"\/>\n\t<meta name=\"google-site-verification\" content=\"UA-38556648-1\" \/>\n\t<meta name=\"msvalidate.01\" content=\"7dfe9f3f1b24437ab69f4f2559babe99\" \/>\n\t<meta name=\"keywords\" content=\"actualidad\" \/>\n\t<link rel=\"canonical\" href=\"https:\/\/www.eldigitaldeasturias.com\/noticias\/susana-diaz-reivindica-una-europa-fuerte-unida-y-centrada-en-las-personas\/\" \/>\n\t<meta name=\"generator\" content=\"All in One SEO Pro (AIOSEO) 5.0.1\" \/>\n\t\t<meta property=\"og:locale\" content=\"es_ES\" \/>\n\t\t<meta property=\"og:site_name\" content=\"El Digital de Asturias\" \/>\n\t\t<meta property=\"og:type\" content=\"article\" \/>\n\t\t<meta property=\"og:title\" content=\"Susana D\u00edaz reivindica una Europa fuerte, unida y centrada en las personas - El Digital de Asturias\" \/>\n\t\t<meta property=\"og:description\" content=\"La presidenta de la Junta, Susana D\u00edaz, ha reivindicado la necesidad de que las instituciones europeas pongan en marcha &quot;medidas y pol\u00edticas que consoliden los valores de paz, justicia, igualdad y solidaridad que forjaron la Uni\u00f3n Europea&quot;. Durante la inauguraci\u00f3n en el Parlamento andaluz de la Asamblea Plenaria de la Conferencia de Asambleas Legislativas Regionales\" \/>\n\t\t<meta property=\"og:url\" content=\"https:\/\/www.eldigitaldeasturias.com\/noticias\/susana-diaz-reivindica-una-europa-fuerte-unida-y-centrada-en-las-personas\/\" \/>\n\t\t<meta property=\"article:tag\" content=\"actualidad\" \/>\n\t\t<meta property=\"article:published_time\" content=\"2017-11-09T20:52:12+00:00\" \/>\n\t\t<meta property=\"article:modified_time\" content=\"2017-11-09T20:52:12+00:00\" \/>\n\t\t<meta property=\"article:publisher\" content=\"https:\/\/facebook.com\/eldigitaldeasturias\" \/>\n\t\t<meta name=\"twitter:card\" content=\"summary_large_image\" \/>\n\t\t<meta name=\"twitter:title\" content=\"Susana D\u00edaz reivindica una Europa fuerte, unida y centrada en las personas - El Digital de Asturias\" \/>\n\t\t<meta name=\"twitter:description\" content=\"La presidenta de la Junta, Susana D\u00edaz, ha reivindicado la necesidad de que las instituciones europeas pongan en marcha &quot;medidas y pol\u00edticas que consoliden los valores de paz, justicia, igualdad y solidaridad que forjaron la Uni\u00f3n Europea&quot;. Durante la inauguraci\u00f3n en el Parlamento andaluz de la Asamblea Plenaria de la Conferencia de Asambleas Legislativas Regionales\" \/>\n\t\t<meta name=\"twitter:image\" content=\"https:\/\/www.eldigitaldeasturias.com\/noticias\/wp-content\/uploads\/2020\/12\/EDA-1.jpg\" \/>\n\t\t<meta name=\"twitter:label1\" content=\"Escrito por\" \/>\n\t\t<meta name=\"twitter:data1\" content=\"El Digital de Asturias\" \/>\n\t\t<meta name=\"twitter:label2\" content=\"Tiempo de lectura estimado\" \/>\n\t\t<meta name=\"twitter:data2\" content=\"4 minutos\" \/>\n\t\t<script type=\"application\/ld+json\" class=\"aioseo-schema\">\n\t\t\t{\"@context\":\"https:\\\/\\\/schema.org\",\"@graph\":[{\"@type\":\"BlogPosting\",\"@id\":\"https:\\\/\\\/www.eldigitaldeasturias.com\\\/noticias\\\/susana-diaz-reivindica-una-europa-fuerte-unida-y-centrada-en-las-personas\\\/#blogposting\",\"name\":\"Susana D\\u00edaz reivindica una Europa fuerte, unida y centrada en las personas - El Digital de Asturias\",\"headline\":\"Susana D\\u00edaz reivindica una Europa fuerte, unida y centrada en las personas\",\"author\":{\"@id\":\"https:\\\/\\\/www.eldigitaldeasturias.com\\\/noticias\\\/author\\\/admin\\\/#author\"},\"publisher\":{\"@id\":\"https:\\\/\\\/www.eldigitaldeasturias.com\\\/noticias\\\/#organization\"},\"image\":{\"@type\":\"ImageObject\",\"url\":952192},\"datePublished\":\"2017-11-09T20:52:12+01:00\",\"dateModified\":\"2017-11-09T20:52:12+01:00\",\"inLanguage\":\"es-ES\",\"mainEntityOfPage\":{\"@id\":\"https:\\\/\\\/www.eldigitaldeasturias.com\\\/noticias\\\/susana-diaz-reivindica-una-europa-fuerte-unida-y-centrada-en-las-personas\\\/#webpage\"},\"isPartOf\":{\"@id\":\"https:\\\/\\\/www.eldigitaldeasturias.com\\\/noticias\\\/susana-diaz-reivindica-una-europa-fuerte-unida-y-centrada-en-las-personas\\\/#webpage\"},\"articleSection\":\"Actualidad\"},{\"@type\":\"BreadcrumbList\",\"@id\":\"https:\\\/\\\/www.eldigitaldeasturias.com\\\/noticias\\\/susana-diaz-reivindica-una-europa-fuerte-unida-y-centrada-en-las-personas\\\/#breadcrumblist\",\"itemListElement\":[{\"@type\":\"ListItem\",\"@id\":\"https:\\\/\\\/www.eldigitaldeasturias.com\\\/noticias#listItem\",\"position\":1,\"name\":\"Home\",\"item\":\"https:\\\/\\\/www.eldigitaldeasturias.com\\\/noticias\",\"nextItem\":{\"@type\":\"ListItem\",\"@id\":\"https:\\\/\\\/www.eldigitaldeasturias.com\\\/noticias\\\/category\\\/actualidad\\\/#listItem\",\"name\":\"Actualidad\"}},{\"@type\":\"ListItem\",\"@id\":\"https:\\\/\\\/www.eldigitaldeasturias.com\\\/noticias\\\/category\\\/actualidad\\\/#listItem\",\"position\":2,\"name\":\"Actualidad\",\"item\":\"https:\\\/\\\/www.eldigitaldeasturias.com\\\/noticias\\\/category\\\/actualidad\\\/\",\"nextItem\":{\"@type\":\"ListItem\",\"@id\":\"https:\\\/\\\/www.eldigitaldeasturias.com\\\/noticias\\\/susana-diaz-reivindica-una-europa-fuerte-unida-y-centrada-en-las-personas\\\/#listItem\",\"name\":\"Susana D\\u00edaz reivindica una Europa fuerte, unida y centrada en las personas\"},\"previousItem\":{\"@type\":\"ListItem\",\"@id\":\"https:\\\/\\\/www.eldigitaldeasturias.com\\\/noticias#listItem\",\"name\":\"Home\"}},{\"@type\":\"ListItem\",\"@id\":\"https:\\\/\\\/www.eldigitaldeasturias.com\\\/noticias\\\/susana-diaz-reivindica-una-europa-fuerte-unida-y-centrada-en-las-personas\\\/#listItem\",\"position\":3,\"name\":\"Susana D\\u00edaz reivindica una Europa fuerte, unida y centrada en las personas\",\"previousItem\":{\"@type\":\"ListItem\",\"@id\":\"https:\\\/\\\/www.eldigitaldeasturias.com\\\/noticias\\\/category\\\/actualidad\\\/#listItem\",\"name\":\"Actualidad\"}}]},{\"@type\":\"Organization\",\"@id\":\"https:\\\/\\\/www.eldigitaldeasturias.com\\\/noticias\\\/#organization\",\"name\":\"El Digital de Asturias\",\"description\":\"Hemeroteca\",\"url\":\"https:\\\/\\\/www.eldigitaldeasturias.com\\\/noticias\\\/\",\"email\":\"info@eldigitaldeasturias.com\",\"telephone\":\"+34652131393\",\"logo\":{\"@type\":\"ImageObject\",\"url\":\"https:\\\/\\\/www.eldigitaldeasturias.com\\\/noticias\\\/wp-content\\\/uploads\\\/2020\\\/12\\\/EDA.jpg\",\"@id\":\"https:\\\/\\\/www.eldigitaldeasturias.com\\\/noticias\\\/susana-diaz-reivindica-una-europa-fuerte-unida-y-centrada-en-las-personas\\\/#organizationLogo\"},\"image\":{\"@id\":\"https:\\\/\\\/www.eldigitaldeasturias.com\\\/noticias\\\/susana-diaz-reivindica-una-europa-fuerte-unida-y-centrada-en-las-personas\\\/#organizationLogo\"},\"sameAs\":[\"https:\\\/\\\/facebook.com\\\/eldigitaldeasturias\",\"https:\\\/\\\/www.youtube.com\\\/channel\\\/UCZP-2wLEB9Rv6erhFmqVnvg\"],\"address\":{\"@id\":\"https:\\\/\\\/www.eldigitaldeasturias.com\\\/noticias\\\/#postaladdress\",\"@type\":\"PostalAddress\",\"streetAddress\":\"san antonio 4\",\"postalCode\":\"33430\",\"addressLocality\":\"Cand\\u00e1s\",\"addressRegion\":\"Asturias\",\"addressCountry\":\"ES\"}},{\"@type\":\"Person\",\"@id\":\"https:\\\/\\\/www.eldigitaldeasturias.com\\\/noticias\\\/author\\\/admin\\\/#author\",\"url\":\"https:\\\/\\\/www.eldigitaldeasturias.com\\\/noticias\\\/author\\\/admin\\\/\",\"name\":\"El Digital de Asturias\",\"image\":{\"@type\":\"ImageObject\",\"@id\":\"https:\\\/\\\/www.eldigitaldeasturias.com\\\/noticias\\\/susana-diaz-reivindica-una-europa-fuerte-unida-y-centrada-en-las-personas\\\/#authorImage\",\"url\":\"https:\\\/\\\/secure.gravatar.com\\\/avatar\\\/df2aeffc32bcd13f8d26072ef8a91b623d677766deac7f97ca815868cd41bf5e?s=96&d=mm&r=g\",\"width\":96,\"height\":96,\"caption\":\"El Digital de Asturias\"}},{\"@type\":\"WebPage\",\"@id\":\"https:\\\/\\\/www.eldigitaldeasturias.com\\\/noticias\\\/susana-diaz-reivindica-una-europa-fuerte-unida-y-centrada-en-las-personas\\\/#webpage\",\"url\":\"https:\\\/\\\/www.eldigitaldeasturias.com\\\/noticias\\\/susana-diaz-reivindica-una-europa-fuerte-unida-y-centrada-en-las-personas\\\/\",\"name\":\"Susana D\\u00edaz reivindica una Europa fuerte, unida y centrada en las personas - El Digital de Asturias\",\"description\":\"La presidenta de la Junta, Susana D\\u00edaz, ha reivindicado la necesidad de que las instituciones europeas pongan en marcha \\\"medidas y pol\\u00edticas que consoliden los valores de paz, justicia, igualdad y solidaridad que forjaron la Uni\\u00f3n Europea\\\". Durante la inauguraci\\u00f3n en el Parlamento andaluz de la Asamblea Plenaria de la Conferencia de Asambleas Legislativas Regionales\",\"inLanguage\":\"es-ES\",\"isPartOf\":{\"@id\":\"https:\\\/\\\/www.eldigitaldeasturias.com\\\/noticias\\\/#website\"},\"breadcrumb\":{\"@id\":\"https:\\\/\\\/www.eldigitaldeasturias.com\\\/noticias\\\/susana-diaz-reivindica-una-europa-fuerte-unida-y-centrada-en-las-personas\\\/#breadcrumblist\"},\"author\":{\"@id\":\"https:\\\/\\\/www.eldigitaldeasturias.com\\\/noticias\\\/author\\\/admin\\\/#author\"},\"creator\":{\"@id\":\"https:\\\/\\\/www.eldigitaldeasturias.com\\\/noticias\\\/author\\\/admin\\\/#author\"},\"image\":{\"@type\":\"ImageObject\",\"url\":952192,\"@id\":\"https:\\\/\\\/www.eldigitaldeasturias.com\\\/noticias\\\/susana-diaz-reivindica-una-europa-fuerte-unida-y-centrada-en-las-personas\\\/#mainImage\"},\"primaryImageOfPage\":{\"@id\":\"https:\\\/\\\/www.eldigitaldeasturias.com\\\/noticias\\\/susana-diaz-reivindica-una-europa-fuerte-unida-y-centrada-en-las-personas\\\/#mainImage\"},\"datePublished\":\"2017-11-09T20:52:12+01:00\",\"dateModified\":\"2017-11-09T20:52:12+01:00\"},{\"@type\":\"WebSite\",\"@id\":\"https:\\\/\\\/www.eldigitaldeasturias.com\\\/noticias\\\/#website\",\"url\":\"https:\\\/\\\/www.eldigitaldeasturias.com\\\/noticias\\\/\",\"name\":\"El Digital de Asturias - Diario de actualidad y noticias\",\"alternateName\":\"El Digital de Asturias - Diario de actualidad y noticias\",\"description\":\"Hemeroteca\",\"inLanguage\":\"es-ES\",\"publisher\":{\"@id\":\"https:\\\/\\\/www.eldigitaldeasturias.com\\\/noticias\\\/#organization\"}}]}\n\t\t<\/script>\n\t\t<!-- All in One SEO Pro -->\r\n\t\t<title>Susana D\u00edaz reivindica una Europa fuerte, unida y centrada en las personas - El Digital de Asturias<\/title>\n\n","aioseo_head_json":{"title":"Susana D\u00edaz reivindica una Europa fuerte, unida y centrada en las personas - El Digital de Asturias","description":"La presidenta de la Junta, Susana D\u00edaz, ha reivindicado la necesidad de que las instituciones europeas pongan en marcha \"medidas y pol\u00edticas que consoliden los valores de paz, justicia, igualdad y solidaridad que forjaron la Uni\u00f3n Europea\". Durante la inauguraci\u00f3n en el Parlamento andaluz de la Asamblea Plenaria de la Conferencia de Asambleas Legislativas Regionales","canonical_url":"https:\/\/www.eldigitaldeasturias.com\/noticias\/susana-diaz-reivindica-una-europa-fuerte-unida-y-centrada-en-las-personas\/","robots":"max-image-preview:large","keywords":"actualidad","webmasterTools":{"google-site-verification":"UA-38556648-1","msvalidate.01":"7dfe9f3f1b24437ab69f4f2559babe99","miscellaneous":""},"schema":{"@context":"https:\/\/schema.org","@graph":[{"@type":"BlogPosting","@id":"https:\/\/www.eldigitaldeasturias.com\/noticias\/susana-diaz-reivindica-una-europa-fuerte-unida-y-centrada-en-las-personas\/#blogposting","name":"Susana D\u00edaz reivindica una Europa fuerte, unida y centrada en las personas - El Digital de Asturias","headline":"Susana D\u00edaz reivindica una Europa fuerte, unida y centrada en las personas","author":{"@id":"https:\/\/www.eldigitaldeasturias.com\/noticias\/author\/admin\/#author"},"publisher":{"@id":"https:\/\/www.eldigitaldeasturias.com\/noticias\/#organization"},"image":{"@type":"ImageObject","url":952192},"datePublished":"2017-11-09T20:52:12+01:00","dateModified":"2017-11-09T20:52:12+01:00","inLanguage":"es-ES","mainEntityOfPage":{"@id":"https:\/\/www.eldigitaldeasturias.com\/noticias\/susana-diaz-reivindica-una-europa-fuerte-unida-y-centrada-en-las-personas\/#webpage"},"isPartOf":{"@id":"https:\/\/www.eldigitaldeasturias.com\/noticias\/susana-diaz-reivindica-una-europa-fuerte-unida-y-centrada-en-las-personas\/#webpage"},"articleSection":"Actualidad"},{"@type":"BreadcrumbList","@id":"https:\/\/www.eldigitaldeasturias.com\/noticias\/susana-diaz-reivindica-una-europa-fuerte-unida-y-centrada-en-las-personas\/#breadcrumblist","itemListElement":[{"@type":"ListItem","@id":"https:\/\/www.eldigitaldeasturias.com\/noticias#listItem","position":1,"name":"Home","item":"https:\/\/www.eldigitaldeasturias.com\/noticias","nextItem":{"@type":"ListItem","@id":"https:\/\/www.eldigitaldeasturias.com\/noticias\/category\/actualidad\/#listItem","name":"Actualidad"}},{"@type":"ListItem","@id":"https:\/\/www.eldigitaldeasturias.com\/noticias\/category\/actualidad\/#listItem","position":2,"name":"Actualidad","item":"https:\/\/www.eldigitaldeasturias.com\/noticias\/category\/actualidad\/","nextItem":{"@type":"ListItem","@id":"https:\/\/www.eldigitaldeasturias.com\/noticias\/susana-diaz-reivindica-una-europa-fuerte-unida-y-centrada-en-las-personas\/#listItem","name":"Susana D\u00edaz reivindica una Europa fuerte, unida y centrada en las personas"},"previousItem":{"@type":"ListItem","@id":"https:\/\/www.eldigitaldeasturias.com\/noticias#listItem","name":"Home"}},{"@type":"ListItem","@id":"https:\/\/www.eldigitaldeasturias.com\/noticias\/susana-diaz-reivindica-una-europa-fuerte-unida-y-centrada-en-las-personas\/#listItem","position":3,"name":"Susana D\u00edaz reivindica una Europa fuerte, unida y centrada en las personas","previousItem":{"@type":"ListItem","@id":"https:\/\/www.eldigitaldeasturias.com\/noticias\/category\/actualidad\/#listItem","name":"Actualidad"}}]},{"@type":"Organization","@id":"https:\/\/www.eldigitaldeasturias.com\/noticias\/#organization","name":"El Digital de Asturias","description":"Hemeroteca","url":"https:\/\/www.eldigitaldeasturias.com\/noticias\/","email":"info@eldigitaldeasturias.com","telephone":"+34652131393","logo":{"@type":"ImageObject","url":"https:\/\/www.eldigitaldeasturias.com\/noticias\/wp-content\/uploads\/2020\/12\/EDA.jpg","@id":"https:\/\/www.eldigitaldeasturias.com\/noticias\/susana-diaz-reivindica-una-europa-fuerte-unida-y-centrada-en-las-personas\/#organizationLogo"},"image":{"@id":"https:\/\/www.eldigitaldeasturias.com\/noticias\/susana-diaz-reivindica-una-europa-fuerte-unida-y-centrada-en-las-personas\/#organizationLogo"},"sameAs":["https:\/\/facebook.com\/eldigitaldeasturias","https:\/\/www.youtube.com\/channel\/UCZP-2wLEB9Rv6erhFmqVnvg"],"address":{"@id":"https:\/\/www.eldigitaldeasturias.com\/noticias\/#postaladdress","@type":"PostalAddress","streetAddress":"san antonio 4","postalCode":"33430","addressLocality":"Cand\u00e1s","addressRegion":"Asturias","addressCountry":"ES"}},{"@type":"Person","@id":"https:\/\/www.eldigitaldeasturias.com\/noticias\/author\/admin\/#author","url":"https:\/\/www.eldigitaldeasturias.com\/noticias\/author\/admin\/","name":"El Digital de Asturias","image":{"@type":"ImageObject","@id":"https:\/\/www.eldigitaldeasturias.com\/noticias\/susana-diaz-reivindica-una-europa-fuerte-unida-y-centrada-en-las-personas\/#authorImage","url":"https:\/\/secure.gravatar.com\/avatar\/df2aeffc32bcd13f8d26072ef8a91b623d677766deac7f97ca815868cd41bf5e?s=96&d=mm&r=g","width":96,"height":96,"caption":"El Digital de Asturias"}},{"@type":"WebPage","@id":"https:\/\/www.eldigitaldeasturias.com\/noticias\/susana-diaz-reivindica-una-europa-fuerte-unida-y-centrada-en-las-personas\/#webpage","url":"https:\/\/www.eldigitaldeasturias.com\/noticias\/susana-diaz-reivindica-una-europa-fuerte-unida-y-centrada-en-las-personas\/","name":"Susana D\u00edaz reivindica una Europa fuerte, unida y centrada en las personas - El Digital de Asturias","description":"La presidenta de la Junta, Susana D\u00edaz, ha reivindicado la necesidad de que las instituciones europeas pongan en marcha \"medidas y pol\u00edticas que consoliden los valores de paz, justicia, igualdad y solidaridad que forjaron la Uni\u00f3n Europea\". Durante la inauguraci\u00f3n en el Parlamento andaluz de la Asamblea Plenaria de la Conferencia de Asambleas Legislativas Regionales","inLanguage":"es-ES","isPartOf":{"@id":"https:\/\/www.eldigitaldeasturias.com\/noticias\/#website"},"breadcrumb":{"@id":"https:\/\/www.eldigitaldeasturias.com\/noticias\/susana-diaz-reivindica-una-europa-fuerte-unida-y-centrada-en-las-personas\/#breadcrumblist"},"author":{"@id":"https:\/\/www.eldigitaldeasturias.com\/noticias\/author\/admin\/#author"},"creator":{"@id":"https:\/\/www.eldigitaldeasturias.com\/noticias\/author\/admin\/#author"},"image":{"@type":"ImageObject","url":952192,"@id":"https:\/\/www.eldigitaldeasturias.com\/noticias\/susana-diaz-reivindica-una-europa-fuerte-unida-y-centrada-en-las-personas\/#mainImage"},"primaryImageOfPage":{"@id":"https:\/\/www.eldigitaldeasturias.com\/noticias\/susana-diaz-reivindica-una-europa-fuerte-unida-y-centrada-en-las-personas\/#mainImage"},"datePublished":"2017-11-09T20:52:12+01:00","dateModified":"2017-11-09T20:52:12+01:00"},{"@type":"WebSite","@id":"https:\/\/www.eldigitaldeasturias.com\/noticias\/#website","url":"https:\/\/www.eldigitaldeasturias.com\/noticias\/","name":"El Digital de Asturias - Diario de actualidad y noticias","alternateName":"El Digital de Asturias - Diario de actualidad y noticias","description":"Hemeroteca","inLanguage":"es-ES","publisher":{"@id":"https:\/\/www.eldigitaldeasturias.com\/noticias\/#organization"}}]},"og:locale":"es_ES","og:site_name":"El Digital de Asturias","og:type":"article","og:title":"Susana D\u00edaz reivindica una Europa fuerte, unida y centrada en las personas - El Digital de Asturias","og:description":"La presidenta de la Junta, Susana D\u00edaz, ha reivindicado la necesidad de que las instituciones europeas pongan en marcha &quot;medidas y pol\u00edticas que consoliden los valores de paz, justicia, igualdad y solidaridad que forjaron la Uni\u00f3n Europea&quot;. Durante la inauguraci\u00f3n en el Parlamento andaluz de la Asamblea Plenaria de la Conferencia de Asambleas Legislativas Regionales","og:url":"https:\/\/www.eldigitaldeasturias.com\/noticias\/susana-diaz-reivindica-una-europa-fuerte-unida-y-centrada-en-las-personas\/","article:tag":["actualidad"],"article:published_time":"2017-11-09T20:52:12+00:00","article:modified_time":"2017-11-09T20:52:12+00:00","article:publisher":"https:\/\/facebook.com\/eldigitaldeasturias","twitter:card":"summary_large_image","twitter:title":"Susana D\u00edaz reivindica una Europa fuerte, unida y centrada en las personas - El Digital de Asturias","twitter:description":"La presidenta de la Junta, Susana D\u00edaz, ha reivindicado la necesidad de que las instituciones europeas pongan en marcha &quot;medidas y pol\u00edticas que consoliden los valores de paz, justicia, igualdad y solidaridad que forjaron la Uni\u00f3n Europea&quot;. Durante la inauguraci\u00f3n en el Parlamento andaluz de la Asamblea Plenaria de la Conferencia de Asambleas Legislativas Regionales","twitter:image":"https:\/\/www.eldigitaldeasturias.com\/noticias\/wp-content\/uploads\/2020\/12\/EDA-1.jpg","twitter:label1":"Escrito por","twitter:data1":"El Digital de Asturias","twitter:label2":"Tiempo de lectura estimado","twitter:data2":"4 minutos"},"aioseo_meta_data":{"post_id":"959172","title":null,"description":null,"keywords":null,"keyphrases":null,"primary_term":null,"canonical_url":null,"og_title":null,"og_description":null,"og_object_type":"default","og_image_type":"default","og_image_url":null,"og_image_width":null,"og_image_height":null,"og_image_custom_url":null,"og_image_custom_fields":null,"og_video":null,"og_custom_url":null,"og_article_section":null,"og_article_tags":null,"twitter_use_og":false,"twitter_card":"default","twitter_image_type":"default","twitter_image_url":null,"twitter_image_custom_url":null,"twitter_image_custom_fields":null,"twitter_title":null,"twitter_description":null,"schema":{"blockGraphs":[],"customGraphs":[],"default":{"data":{"Article":[],"Course":[],"Dataset":[],"FAQPage":[],"Movie":[],"Person":[],"Product":[],"ProductReview":[],"Car":[],"Recipe":[],"Service":[],"SoftwareApplication":[],"WebPage":[]},"graphName":"","isEnabled":true},"graphs":[],"defaultGraph":"","defaultPostTypeGraph":""},"schema_type":null,"schema_type_options":null,"pillar_content":false,"robots_default":true,"robots_noindex":false,"robots_noarchive":false,"robots_nosnippet":false,"robots_nofollow":false,"robots_noimageindex":false,"robots_noodp":false,"robots_notranslate":false,"robots_max_snippet":null,"robots_max_videopreview":null,"robots_max_imagepreview":"large","priority":null,"frequency":null,"local_seo":null,"seo_analyzer_scan_date":"2025-12-07 00:12:11","breadcrumb_settings":null,"limit_modified_date":false,"open_ai":null,"ai":null,"created":"2020-12-21 12:53:47","updated":"2025-12-07 00:12:11","focus_keyword":null,"additional_keywords":null,"truseo_locale":null},"aioseo_breadcrumb":"<div class=\"aioseo-breadcrumbs\"><span class=\"aioseo-breadcrumb\">\n\t<a href=\"https:\/\/www.eldigitaldeasturias.com\/noticias\" title=\"Home\">Home<\/a>\n<\/span><span class=\"aioseo-breadcrumb-separator\">\u2013<\/span><span class=\"aioseo-breadcrumb\">\n\t<a href=\"https:\/\/www.eldigitaldeasturias.com\/noticias\/category\/actualidad\/\" title=\"Actualidad\">Actualidad<\/a>\n<\/span><span class=\"aioseo-breadcrumb-separator\">\u2013<\/span><span class=\"aioseo-breadcrumb\">\n\t<a href=\"https:\/\/www.eldigitaldeasturias.com\/noticias\/susana-diaz-reivindica-una-europa-fuerte-unida-y-centrada-en-las-personas\/\" title=\"Susana D\u00edaz reivindica una Europa fuerte, unida y centrada en las personas\">Susana D\u00edaz reivindica una Europa fuerte, unida y centrada en las personas<\/a>\n<\/span><\/div>","aioseo_breadcrumb_json":[{"label":"Home","link":"https:\/\/www.eldigitaldeasturias.com\/noticias"},{"label":"Actualidad","link":"https:\/\/www.eldigitaldeasturias.com\/noticias\/category\/actualidad\/"},{"label":"Susana D\u00edaz reivindica una Europa fuerte, unida y centrada en las personas","link":"https:\/\/www.eldigitaldeasturias.com\/noticias\/susana-diaz-reivindica-una-europa-fuerte-unida-y-centrada-en-las-personas\/"}],"_links":{"self":[{"href":"https:\/\/www.eldigitaldeasturias.com\/noticias\/wp-json\/wp\/v2\/posts\/959172","targetHints":{"allow":["GET"]}}],"collection":[{"href":"https:\/\/www.eldigitaldeasturias.com\/noticias\/wp-json\/wp\/v2\/posts"}],"about":[{"href":"https:\/\/www.eldigitaldeasturias.com\/noticias\/wp-json\/wp\/v2\/types\/post"}],"author":[{"embeddable":true,"href":"https:\/\/www.eldigitaldeasturias.com\/noticias\/wp-json\/wp\/v2\/users\/1"}],"replies":[{"embeddable":true,"href":"https:\/\/www.eldigitaldeasturias.com\/noticias\/wp-json\/wp\/v2\/comments?post=959172"}],"version-history":[{"count":0,"href":"https:\/\/www.eldigitaldeasturias.com\/noticias\/wp-json\/wp\/v2\/posts\/959172\/revisions"}],"wp:attachment":[{"href":"https:\/\/www.eldigitaldeasturias.com\/noticias\/wp-json\/wp\/v2\/media?parent=959172"}],"wp:term":[{"taxonomy":"category","embeddable":true,"href":"https:\/\/www.eldigitaldeasturias.com\/noticias\/wp-json\/wp\/v2\/categories?post=959172"},{"taxonomy":"post_tag","embeddable":true,"href":"https:\/\/www.eldigitaldeasturias.com\/noticias\/wp-json\/wp\/v2\/tags?post=959172"}],"curies":[{"name":"wp","href":"https:\/\/api.w.org\/{rel}","templated":true}]}}