{"id":959062,"date":"2017-11-08T21:58:58","date_gmt":"2017-11-08T21:58:58","guid":{"rendered":"http:\/\/www.eldigitaldeasturias.com\/noticias\/?p=959062"},"modified":"2017-11-08T21:58:58","modified_gmt":"2017-11-08T21:58:58","slug":"susana-diaz-ha-recibido-al-premio-nobel-de-la-paz-kailash-satyarthi","status":"publish","type":"post","link":"https:\/\/www.eldigitaldeasturias.com\/noticias\/susana-diaz-ha-recibido-al-premio-nobel-de-la-paz-kailash-satyarthi\/","title":{"rendered":"Susana D\u00edaz ha recibido al premio Nobel de la Paz Kailash Satyarthi"},"content":{"rendered":"<p><img loading=\"lazy\" decoding=\"async\" class=\"alignleft size-medium wp-image-959063\" src=\"https:\/\/www.eldigitaldeasturias.com\/noticias\/wp-content\/uploads\/2017\/11\/1510148977421Diaz-360x211.jpg\" alt=\"\" width=\"360\" height=\"211\" \/>La presidenta de la Junta, Susana D\u00edaz, ha recibido al activista indio Kailash Satyarthi, premio Nobel de la Paz 2014 y presidente honorario de la Marcha Global contra el Trabajo Infantil, uno de los mayores movimientos sociales del mundo surgido en 1989 para presionar a gobiernos, empresarios e importadores para acabar con pr\u00e1cticas laborales ilegales e inmorales.<\/p>\n<p>Durante la audiencia, que ha tenido lugar en San Telmo, han abordado asuntos como la abolici\u00f3n de la explotaci\u00f3n de los menores y la defensa de la educaci\u00f3n como base futura de la humanidad. Satyarthi ha logrado mejorar las condiciones de vida de miles de ni\u00f1os con la fundaci\u00f3n de la Coalici\u00f3n del Sur de Asia contra la Esclavitud Infantil y el Movimiento Salvar a la Infancia.<\/p>\n","protected":false},"excerpt":{"rendered":"<p>La presidenta de la Junta, Susana D\u00edaz, ha recibido al activista indio Kailash Satyarthi, premio Nobel de la Paz 2014 y presidente honorario de la Marcha Global contra el Trabajo Infantil, uno de los mayores movimientos sociales del mundo surgido en 1989 para presionar a gobiernos, empresarios e importadores para acabar con pr\u00e1cticas laborales ilegales [&hellip;]<\/p>\n","protected":false},"author":1,"featured_media":959063,"comment_status":"closed","ping_status":"closed","sticky":false,"template":"","format":"standard","meta":{"footnotes":""},"categories":[1],"tags":[],"class_list":["post-959062","post","type-post","status-publish","format-standard","has-post-thumbnail","hentry","category-actualidad"],"aioseo_notices":[],"aioseo_head":"\n\t\t<!-- All in One SEO Pro 5.0.1 - aioseo.com -->\n\t<meta name=\"description\" content=\"La presidenta de la Junta, Susana D\u00edaz, ha recibido al activista indio Kailash Satyarthi, premio Nobel de la Paz 2014 y presidente honorario de la Marcha Global contra el Trabajo Infantil, uno de los mayores movimientos sociales del mundo surgido en 1989 para presionar a gobiernos, empresarios e importadores para acabar con pr\u00e1cticas laborales ilegales\" \/>\n\t<meta name=\"robots\" content=\"max-image-preview:large\" \/>\n\t<meta name=\"author\" content=\"El Digital de Asturias\"\/>\n\t<meta name=\"google-site-verification\" content=\"UA-38556648-1\" \/>\n\t<meta name=\"msvalidate.01\" content=\"7dfe9f3f1b24437ab69f4f2559babe99\" \/>\n\t<meta name=\"keywords\" content=\"actualidad\" \/>\n\t<link rel=\"canonical\" href=\"https:\/\/www.eldigitaldeasturias.com\/noticias\/susana-diaz-ha-recibido-al-premio-nobel-de-la-paz-kailash-satyarthi\/\" \/>\n\t<meta name=\"generator\" content=\"All in One SEO Pro (AIOSEO) 5.0.1\" \/>\n\t\t<meta property=\"og:locale\" content=\"es_ES\" \/>\n\t\t<meta property=\"og:site_name\" content=\"El Digital de Asturias\" \/>\n\t\t<meta property=\"og:type\" content=\"article\" \/>\n\t\t<meta property=\"og:title\" content=\"Susana D\u00edaz ha recibido al premio Nobel de la Paz Kailash Satyarthi - El Digital de Asturias\" \/>\n\t\t<meta property=\"og:description\" content=\"La presidenta de la Junta, Susana D\u00edaz, ha recibido al activista indio Kailash Satyarthi, premio Nobel de la Paz 2014 y presidente honorario de la Marcha Global contra el Trabajo Infantil, uno de los mayores movimientos sociales del mundo surgido en 1989 para presionar a gobiernos, empresarios e importadores para acabar con pr\u00e1cticas laborales ilegales\" \/>\n\t\t<meta property=\"og:url\" content=\"https:\/\/www.eldigitaldeasturias.com\/noticias\/susana-diaz-ha-recibido-al-premio-nobel-de-la-paz-kailash-satyarthi\/\" \/>\n\t\t<meta property=\"article:tag\" content=\"actualidad\" \/>\n\t\t<meta property=\"article:published_time\" content=\"2017-11-08T21:58:58+00:00\" \/>\n\t\t<meta property=\"article:modified_time\" content=\"2017-11-08T21:58:58+00:00\" \/>\n\t\t<meta property=\"article:publisher\" content=\"https:\/\/facebook.com\/eldigitaldeasturias\" \/>\n\t\t<meta name=\"twitter:card\" content=\"summary_large_image\" \/>\n\t\t<meta name=\"twitter:title\" content=\"Susana D\u00edaz ha recibido al premio Nobel de la Paz Kailash Satyarthi - El Digital de Asturias\" \/>\n\t\t<meta name=\"twitter:description\" content=\"La presidenta de la Junta, Susana D\u00edaz, ha recibido al activista indio Kailash Satyarthi, premio Nobel de la Paz 2014 y presidente honorario de la Marcha Global contra el Trabajo Infantil, uno de los mayores movimientos sociales del mundo surgido en 1989 para presionar a gobiernos, empresarios e importadores para acabar con pr\u00e1cticas laborales ilegales\" \/>\n\t\t<meta name=\"twitter:image\" content=\"https:\/\/www.eldigitaldeasturias.com\/noticias\/wp-content\/uploads\/2020\/12\/EDA-1.jpg\" \/>\n\t\t<meta name=\"twitter:label1\" content=\"Escrito por\" \/>\n\t\t<meta name=\"twitter:data1\" content=\"El Digital de Asturias\" \/>\n\t\t<meta name=\"twitter:label2\" content=\"Tiempo de lectura estimado\" \/>\n\t\t<meta name=\"twitter:data2\" content=\"1 minuto\" \/>\n\t\t<script type=\"application\/ld+json\" class=\"aioseo-schema\">\n\t\t\t{\"@context\":\"https:\\\/\\\/schema.org\",\"@graph\":[{\"@type\":\"BlogPosting\",\"@id\":\"https:\\\/\\\/www.eldigitaldeasturias.com\\\/noticias\\\/susana-diaz-ha-recibido-al-premio-nobel-de-la-paz-kailash-satyarthi\\\/#blogposting\",\"name\":\"Susana D\\u00edaz ha recibido al premio Nobel de la Paz Kailash Satyarthi - El Digital de Asturias\",\"headline\":\"Susana D\\u00edaz ha recibido al premio Nobel de la Paz Kailash Satyarthi\",\"author\":{\"@id\":\"https:\\\/\\\/www.eldigitaldeasturias.com\\\/noticias\\\/author\\\/admin\\\/#author\"},\"publisher\":{\"@id\":\"https:\\\/\\\/www.eldigitaldeasturias.com\\\/noticias\\\/#organization\"},\"image\":{\"@type\":\"ImageObject\",\"url\":959063},\"datePublished\":\"2017-11-08T21:58:58+01:00\",\"dateModified\":\"2017-11-08T21:58:58+01:00\",\"inLanguage\":\"es-ES\",\"mainEntityOfPage\":{\"@id\":\"https:\\\/\\\/www.eldigitaldeasturias.com\\\/noticias\\\/susana-diaz-ha-recibido-al-premio-nobel-de-la-paz-kailash-satyarthi\\\/#webpage\"},\"isPartOf\":{\"@id\":\"https:\\\/\\\/www.eldigitaldeasturias.com\\\/noticias\\\/susana-diaz-ha-recibido-al-premio-nobel-de-la-paz-kailash-satyarthi\\\/#webpage\"},\"articleSection\":\"Actualidad\"},{\"@type\":\"BreadcrumbList\",\"@id\":\"https:\\\/\\\/www.eldigitaldeasturias.com\\\/noticias\\\/susana-diaz-ha-recibido-al-premio-nobel-de-la-paz-kailash-satyarthi\\\/#breadcrumblist\",\"itemListElement\":[{\"@type\":\"ListItem\",\"@id\":\"https:\\\/\\\/www.eldigitaldeasturias.com\\\/noticias#listItem\",\"position\":1,\"name\":\"Home\",\"item\":\"https:\\\/\\\/www.eldigitaldeasturias.com\\\/noticias\",\"nextItem\":{\"@type\":\"ListItem\",\"@id\":\"https:\\\/\\\/www.eldigitaldeasturias.com\\\/noticias\\\/category\\\/actualidad\\\/#listItem\",\"name\":\"Actualidad\"}},{\"@type\":\"ListItem\",\"@id\":\"https:\\\/\\\/www.eldigitaldeasturias.com\\\/noticias\\\/category\\\/actualidad\\\/#listItem\",\"position\":2,\"name\":\"Actualidad\",\"item\":\"https:\\\/\\\/www.eldigitaldeasturias.com\\\/noticias\\\/category\\\/actualidad\\\/\",\"nextItem\":{\"@type\":\"ListItem\",\"@id\":\"https:\\\/\\\/www.eldigitaldeasturias.com\\\/noticias\\\/susana-diaz-ha-recibido-al-premio-nobel-de-la-paz-kailash-satyarthi\\\/#listItem\",\"name\":\"Susana D\\u00edaz ha recibido al premio Nobel de la Paz Kailash Satyarthi\"},\"previousItem\":{\"@type\":\"ListItem\",\"@id\":\"https:\\\/\\\/www.eldigitaldeasturias.com\\\/noticias#listItem\",\"name\":\"Home\"}},{\"@type\":\"ListItem\",\"@id\":\"https:\\\/\\\/www.eldigitaldeasturias.com\\\/noticias\\\/susana-diaz-ha-recibido-al-premio-nobel-de-la-paz-kailash-satyarthi\\\/#listItem\",\"position\":3,\"name\":\"Susana D\\u00edaz ha recibido al premio Nobel de la Paz Kailash Satyarthi\",\"previousItem\":{\"@type\":\"ListItem\",\"@id\":\"https:\\\/\\\/www.eldigitaldeasturias.com\\\/noticias\\\/category\\\/actualidad\\\/#listItem\",\"name\":\"Actualidad\"}}]},{\"@type\":\"Organization\",\"@id\":\"https:\\\/\\\/www.eldigitaldeasturias.com\\\/noticias\\\/#organization\",\"name\":\"El Digital de Asturias\",\"description\":\"Hemeroteca\",\"url\":\"https:\\\/\\\/www.eldigitaldeasturias.com\\\/noticias\\\/\",\"email\":\"info@eldigitaldeasturias.com\",\"telephone\":\"+34652131393\",\"logo\":{\"@type\":\"ImageObject\",\"url\":\"https:\\\/\\\/www.eldigitaldeasturias.com\\\/noticias\\\/wp-content\\\/uploads\\\/2020\\\/12\\\/EDA.jpg\",\"@id\":\"https:\\\/\\\/www.eldigitaldeasturias.com\\\/noticias\\\/susana-diaz-ha-recibido-al-premio-nobel-de-la-paz-kailash-satyarthi\\\/#organizationLogo\"},\"image\":{\"@id\":\"https:\\\/\\\/www.eldigitaldeasturias.com\\\/noticias\\\/susana-diaz-ha-recibido-al-premio-nobel-de-la-paz-kailash-satyarthi\\\/#organizationLogo\"},\"sameAs\":[\"https:\\\/\\\/facebook.com\\\/eldigitaldeasturias\",\"https:\\\/\\\/www.youtube.com\\\/channel\\\/UCZP-2wLEB9Rv6erhFmqVnvg\"],\"address\":{\"@id\":\"https:\\\/\\\/www.eldigitaldeasturias.com\\\/noticias\\\/#postaladdress\",\"@type\":\"PostalAddress\",\"streetAddress\":\"san antonio 4\",\"postalCode\":\"33430\",\"addressLocality\":\"Cand\\u00e1s\",\"addressRegion\":\"Asturias\",\"addressCountry\":\"ES\"}},{\"@type\":\"Person\",\"@id\":\"https:\\\/\\\/www.eldigitaldeasturias.com\\\/noticias\\\/author\\\/admin\\\/#author\",\"url\":\"https:\\\/\\\/www.eldigitaldeasturias.com\\\/noticias\\\/author\\\/admin\\\/\",\"name\":\"El Digital de Asturias\",\"image\":{\"@type\":\"ImageObject\",\"@id\":\"https:\\\/\\\/www.eldigitaldeasturias.com\\\/noticias\\\/susana-diaz-ha-recibido-al-premio-nobel-de-la-paz-kailash-satyarthi\\\/#authorImage\",\"url\":\"https:\\\/\\\/secure.gravatar.com\\\/avatar\\\/df2aeffc32bcd13f8d26072ef8a91b623d677766deac7f97ca815868cd41bf5e?s=96&d=mm&r=g\",\"width\":96,\"height\":96,\"caption\":\"El Digital de Asturias\"}},{\"@type\":\"WebPage\",\"@id\":\"https:\\\/\\\/www.eldigitaldeasturias.com\\\/noticias\\\/susana-diaz-ha-recibido-al-premio-nobel-de-la-paz-kailash-satyarthi\\\/#webpage\",\"url\":\"https:\\\/\\\/www.eldigitaldeasturias.com\\\/noticias\\\/susana-diaz-ha-recibido-al-premio-nobel-de-la-paz-kailash-satyarthi\\\/\",\"name\":\"Susana D\\u00edaz ha recibido al premio Nobel de la Paz Kailash Satyarthi - El Digital de Asturias\",\"description\":\"La presidenta de la Junta, Susana D\\u00edaz, ha recibido al activista indio Kailash Satyarthi, premio Nobel de la Paz 2014 y presidente honorario de la Marcha Global contra el Trabajo Infantil, uno de los mayores movimientos sociales del mundo surgido en 1989 para presionar a gobiernos, empresarios e importadores para acabar con pr\\u00e1cticas laborales ilegales\",\"inLanguage\":\"es-ES\",\"isPartOf\":{\"@id\":\"https:\\\/\\\/www.eldigitaldeasturias.com\\\/noticias\\\/#website\"},\"breadcrumb\":{\"@id\":\"https:\\\/\\\/www.eldigitaldeasturias.com\\\/noticias\\\/susana-diaz-ha-recibido-al-premio-nobel-de-la-paz-kailash-satyarthi\\\/#breadcrumblist\"},\"author\":{\"@id\":\"https:\\\/\\\/www.eldigitaldeasturias.com\\\/noticias\\\/author\\\/admin\\\/#author\"},\"creator\":{\"@id\":\"https:\\\/\\\/www.eldigitaldeasturias.com\\\/noticias\\\/author\\\/admin\\\/#author\"},\"image\":{\"@type\":\"ImageObject\",\"url\":959063,\"@id\":\"https:\\\/\\\/www.eldigitaldeasturias.com\\\/noticias\\\/susana-diaz-ha-recibido-al-premio-nobel-de-la-paz-kailash-satyarthi\\\/#mainImage\"},\"primaryImageOfPage\":{\"@id\":\"https:\\\/\\\/www.eldigitaldeasturias.com\\\/noticias\\\/susana-diaz-ha-recibido-al-premio-nobel-de-la-paz-kailash-satyarthi\\\/#mainImage\"},\"datePublished\":\"2017-11-08T21:58:58+01:00\",\"dateModified\":\"2017-11-08T21:58:58+01:00\"},{\"@type\":\"WebSite\",\"@id\":\"https:\\\/\\\/www.eldigitaldeasturias.com\\\/noticias\\\/#website\",\"url\":\"https:\\\/\\\/www.eldigitaldeasturias.com\\\/noticias\\\/\",\"name\":\"El Digital de Asturias - Diario de actualidad y noticias\",\"alternateName\":\"El Digital de Asturias - Diario de actualidad y noticias\",\"description\":\"Hemeroteca\",\"inLanguage\":\"es-ES\",\"publisher\":{\"@id\":\"https:\\\/\\\/www.eldigitaldeasturias.com\\\/noticias\\\/#organization\"}}]}\n\t\t<\/script>\n\t\t<!-- All in One SEO Pro -->\r\n\t\t<title>Susana D\u00edaz ha recibido al premio Nobel de la Paz Kailash Satyarthi - El Digital de Asturias<\/title>\n\n","aioseo_head_json":{"title":"Susana D\u00edaz ha recibido al premio Nobel de la Paz Kailash Satyarthi - El Digital de Asturias","description":"La presidenta de la Junta, Susana D\u00edaz, ha recibido al activista indio Kailash Satyarthi, premio Nobel de la Paz 2014 y presidente honorario de la Marcha Global contra el Trabajo Infantil, uno de los mayores movimientos sociales del mundo surgido en 1989 para presionar a gobiernos, empresarios e importadores para acabar con pr\u00e1cticas laborales ilegales","canonical_url":"https:\/\/www.eldigitaldeasturias.com\/noticias\/susana-diaz-ha-recibido-al-premio-nobel-de-la-paz-kailash-satyarthi\/","robots":"max-image-preview:large","keywords":"actualidad","webmasterTools":{"google-site-verification":"UA-38556648-1","msvalidate.01":"7dfe9f3f1b24437ab69f4f2559babe99","miscellaneous":""},"schema":{"@context":"https:\/\/schema.org","@graph":[{"@type":"BlogPosting","@id":"https:\/\/www.eldigitaldeasturias.com\/noticias\/susana-diaz-ha-recibido-al-premio-nobel-de-la-paz-kailash-satyarthi\/#blogposting","name":"Susana D\u00edaz ha recibido al premio Nobel de la Paz Kailash Satyarthi - El Digital de Asturias","headline":"Susana D\u00edaz ha recibido al premio Nobel de la Paz Kailash Satyarthi","author":{"@id":"https:\/\/www.eldigitaldeasturias.com\/noticias\/author\/admin\/#author"},"publisher":{"@id":"https:\/\/www.eldigitaldeasturias.com\/noticias\/#organization"},"image":{"@type":"ImageObject","url":959063},"datePublished":"2017-11-08T21:58:58+01:00","dateModified":"2017-11-08T21:58:58+01:00","inLanguage":"es-ES","mainEntityOfPage":{"@id":"https:\/\/www.eldigitaldeasturias.com\/noticias\/susana-diaz-ha-recibido-al-premio-nobel-de-la-paz-kailash-satyarthi\/#webpage"},"isPartOf":{"@id":"https:\/\/www.eldigitaldeasturias.com\/noticias\/susana-diaz-ha-recibido-al-premio-nobel-de-la-paz-kailash-satyarthi\/#webpage"},"articleSection":"Actualidad"},{"@type":"BreadcrumbList","@id":"https:\/\/www.eldigitaldeasturias.com\/noticias\/susana-diaz-ha-recibido-al-premio-nobel-de-la-paz-kailash-satyarthi\/#breadcrumblist","itemListElement":[{"@type":"ListItem","@id":"https:\/\/www.eldigitaldeasturias.com\/noticias#listItem","position":1,"name":"Home","item":"https:\/\/www.eldigitaldeasturias.com\/noticias","nextItem":{"@type":"ListItem","@id":"https:\/\/www.eldigitaldeasturias.com\/noticias\/category\/actualidad\/#listItem","name":"Actualidad"}},{"@type":"ListItem","@id":"https:\/\/www.eldigitaldeasturias.com\/noticias\/category\/actualidad\/#listItem","position":2,"name":"Actualidad","item":"https:\/\/www.eldigitaldeasturias.com\/noticias\/category\/actualidad\/","nextItem":{"@type":"ListItem","@id":"https:\/\/www.eldigitaldeasturias.com\/noticias\/susana-diaz-ha-recibido-al-premio-nobel-de-la-paz-kailash-satyarthi\/#listItem","name":"Susana D\u00edaz ha recibido al premio Nobel de la Paz Kailash Satyarthi"},"previousItem":{"@type":"ListItem","@id":"https:\/\/www.eldigitaldeasturias.com\/noticias#listItem","name":"Home"}},{"@type":"ListItem","@id":"https:\/\/www.eldigitaldeasturias.com\/noticias\/susana-diaz-ha-recibido-al-premio-nobel-de-la-paz-kailash-satyarthi\/#listItem","position":3,"name":"Susana D\u00edaz ha recibido al premio Nobel de la Paz Kailash Satyarthi","previousItem":{"@type":"ListItem","@id":"https:\/\/www.eldigitaldeasturias.com\/noticias\/category\/actualidad\/#listItem","name":"Actualidad"}}]},{"@type":"Organization","@id":"https:\/\/www.eldigitaldeasturias.com\/noticias\/#organization","name":"El Digital de Asturias","description":"Hemeroteca","url":"https:\/\/www.eldigitaldeasturias.com\/noticias\/","email":"info@eldigitaldeasturias.com","telephone":"+34652131393","logo":{"@type":"ImageObject","url":"https:\/\/www.eldigitaldeasturias.com\/noticias\/wp-content\/uploads\/2020\/12\/EDA.jpg","@id":"https:\/\/www.eldigitaldeasturias.com\/noticias\/susana-diaz-ha-recibido-al-premio-nobel-de-la-paz-kailash-satyarthi\/#organizationLogo"},"image":{"@id":"https:\/\/www.eldigitaldeasturias.com\/noticias\/susana-diaz-ha-recibido-al-premio-nobel-de-la-paz-kailash-satyarthi\/#organizationLogo"},"sameAs":["https:\/\/facebook.com\/eldigitaldeasturias","https:\/\/www.youtube.com\/channel\/UCZP-2wLEB9Rv6erhFmqVnvg"],"address":{"@id":"https:\/\/www.eldigitaldeasturias.com\/noticias\/#postaladdress","@type":"PostalAddress","streetAddress":"san antonio 4","postalCode":"33430","addressLocality":"Cand\u00e1s","addressRegion":"Asturias","addressCountry":"ES"}},{"@type":"Person","@id":"https:\/\/www.eldigitaldeasturias.com\/noticias\/author\/admin\/#author","url":"https:\/\/www.eldigitaldeasturias.com\/noticias\/author\/admin\/","name":"El Digital de Asturias","image":{"@type":"ImageObject","@id":"https:\/\/www.eldigitaldeasturias.com\/noticias\/susana-diaz-ha-recibido-al-premio-nobel-de-la-paz-kailash-satyarthi\/#authorImage","url":"https:\/\/secure.gravatar.com\/avatar\/df2aeffc32bcd13f8d26072ef8a91b623d677766deac7f97ca815868cd41bf5e?s=96&d=mm&r=g","width":96,"height":96,"caption":"El Digital de Asturias"}},{"@type":"WebPage","@id":"https:\/\/www.eldigitaldeasturias.com\/noticias\/susana-diaz-ha-recibido-al-premio-nobel-de-la-paz-kailash-satyarthi\/#webpage","url":"https:\/\/www.eldigitaldeasturias.com\/noticias\/susana-diaz-ha-recibido-al-premio-nobel-de-la-paz-kailash-satyarthi\/","name":"Susana D\u00edaz ha recibido al premio Nobel de la Paz Kailash Satyarthi - El Digital de Asturias","description":"La presidenta de la Junta, Susana D\u00edaz, ha recibido al activista indio Kailash Satyarthi, premio Nobel de la Paz 2014 y presidente honorario de la Marcha Global contra el Trabajo Infantil, uno de los mayores movimientos sociales del mundo surgido en 1989 para presionar a gobiernos, empresarios e importadores para acabar con pr\u00e1cticas laborales ilegales","inLanguage":"es-ES","isPartOf":{"@id":"https:\/\/www.eldigitaldeasturias.com\/noticias\/#website"},"breadcrumb":{"@id":"https:\/\/www.eldigitaldeasturias.com\/noticias\/susana-diaz-ha-recibido-al-premio-nobel-de-la-paz-kailash-satyarthi\/#breadcrumblist"},"author":{"@id":"https:\/\/www.eldigitaldeasturias.com\/noticias\/author\/admin\/#author"},"creator":{"@id":"https:\/\/www.eldigitaldeasturias.com\/noticias\/author\/admin\/#author"},"image":{"@type":"ImageObject","url":959063,"@id":"https:\/\/www.eldigitaldeasturias.com\/noticias\/susana-diaz-ha-recibido-al-premio-nobel-de-la-paz-kailash-satyarthi\/#mainImage"},"primaryImageOfPage":{"@id":"https:\/\/www.eldigitaldeasturias.com\/noticias\/susana-diaz-ha-recibido-al-premio-nobel-de-la-paz-kailash-satyarthi\/#mainImage"},"datePublished":"2017-11-08T21:58:58+01:00","dateModified":"2017-11-08T21:58:58+01:00"},{"@type":"WebSite","@id":"https:\/\/www.eldigitaldeasturias.com\/noticias\/#website","url":"https:\/\/www.eldigitaldeasturias.com\/noticias\/","name":"El Digital de Asturias - Diario de actualidad y noticias","alternateName":"El Digital de Asturias - Diario de actualidad y noticias","description":"Hemeroteca","inLanguage":"es-ES","publisher":{"@id":"https:\/\/www.eldigitaldeasturias.com\/noticias\/#organization"}}]},"og:locale":"es_ES","og:site_name":"El Digital de Asturias","og:type":"article","og:title":"Susana D\u00edaz ha recibido al premio Nobel de la Paz Kailash Satyarthi - El Digital de Asturias","og:description":"La presidenta de la Junta, Susana D\u00edaz, ha recibido al activista indio Kailash Satyarthi, premio Nobel de la Paz 2014 y presidente honorario de la Marcha Global contra el Trabajo Infantil, uno de los mayores movimientos sociales del mundo surgido en 1989 para presionar a gobiernos, empresarios e importadores para acabar con pr\u00e1cticas laborales ilegales","og:url":"https:\/\/www.eldigitaldeasturias.com\/noticias\/susana-diaz-ha-recibido-al-premio-nobel-de-la-paz-kailash-satyarthi\/","article:tag":["actualidad"],"article:published_time":"2017-11-08T21:58:58+00:00","article:modified_time":"2017-11-08T21:58:58+00:00","article:publisher":"https:\/\/facebook.com\/eldigitaldeasturias","twitter:card":"summary_large_image","twitter:title":"Susana D\u00edaz ha recibido al premio Nobel de la Paz Kailash Satyarthi - El Digital de Asturias","twitter:description":"La presidenta de la Junta, Susana D\u00edaz, ha recibido al activista indio Kailash Satyarthi, premio Nobel de la Paz 2014 y presidente honorario de la Marcha Global contra el Trabajo Infantil, uno de los mayores movimientos sociales del mundo surgido en 1989 para presionar a gobiernos, empresarios e importadores para acabar con pr\u00e1cticas laborales ilegales","twitter:image":"https:\/\/www.eldigitaldeasturias.com\/noticias\/wp-content\/uploads\/2020\/12\/EDA-1.jpg","twitter:label1":"Escrito por","twitter:data1":"El Digital de Asturias","twitter:label2":"Tiempo de lectura estimado","twitter:data2":"1 minuto"},"aioseo_meta_data":{"post_id":"959062","title":null,"description":null,"keywords":null,"keyphrases":null,"primary_term":null,"canonical_url":null,"og_title":null,"og_description":null,"og_object_type":"default","og_image_type":"default","og_image_url":null,"og_image_width":null,"og_image_height":null,"og_image_custom_url":null,"og_image_custom_fields":null,"og_video":null,"og_custom_url":null,"og_article_section":null,"og_article_tags":null,"twitter_use_og":false,"twitter_card":"default","twitter_image_type":"default","twitter_image_url":null,"twitter_image_custom_url":null,"twitter_image_custom_fields":null,"twitter_title":null,"twitter_description":null,"schema":{"blockGraphs":[],"customGraphs":[],"default":{"data":{"Article":[],"Course":[],"Dataset":[],"FAQPage":[],"Movie":[],"Person":[],"Product":[],"ProductReview":[],"Car":[],"Recipe":[],"Service":[],"SoftwareApplication":[],"WebPage":[]},"graphName":"","isEnabled":true},"graphs":[],"defaultGraph":"","defaultPostTypeGraph":""},"schema_type":null,"schema_type_options":null,"pillar_content":false,"robots_default":true,"robots_noindex":false,"robots_noarchive":false,"robots_nosnippet":false,"robots_nofollow":false,"robots_noimageindex":false,"robots_noodp":false,"robots_notranslate":false,"robots_max_snippet":null,"robots_max_videopreview":null,"robots_max_imagepreview":"large","priority":null,"frequency":null,"local_seo":null,"seo_analyzer_scan_date":"2025-12-06 23:44:08","breadcrumb_settings":null,"limit_modified_date":false,"open_ai":null,"ai":null,"created":"2020-12-21 12:53:51","updated":"2025-12-06 23:44:08","focus_keyword":null,"additional_keywords":null,"truseo_locale":null},"aioseo_breadcrumb":"<div class=\"aioseo-breadcrumbs\"><span class=\"aioseo-breadcrumb\">\n\t<a href=\"https:\/\/www.eldigitaldeasturias.com\/noticias\" title=\"Home\">Home<\/a>\n<\/span><span class=\"aioseo-breadcrumb-separator\">\u2013<\/span><span class=\"aioseo-breadcrumb\">\n\t<a href=\"https:\/\/www.eldigitaldeasturias.com\/noticias\/category\/actualidad\/\" title=\"Actualidad\">Actualidad<\/a>\n<\/span><span class=\"aioseo-breadcrumb-separator\">\u2013<\/span><span class=\"aioseo-breadcrumb\">\n\t<a href=\"https:\/\/www.eldigitaldeasturias.com\/noticias\/susana-diaz-ha-recibido-al-premio-nobel-de-la-paz-kailash-satyarthi\/\" title=\"Susana D\u00edaz ha recibido al premio Nobel de la Paz Kailash Satyarthi\">Susana D\u00edaz ha recibido al premio Nobel de la Paz Kailash Satyarthi<\/a>\n<\/span><\/div>","aioseo_breadcrumb_json":[{"label":"Home","link":"https:\/\/www.eldigitaldeasturias.com\/noticias"},{"label":"Actualidad","link":"https:\/\/www.eldigitaldeasturias.com\/noticias\/category\/actualidad\/"},{"label":"Susana D\u00edaz ha recibido al premio Nobel de la Paz Kailash Satyarthi","link":"https:\/\/www.eldigitaldeasturias.com\/noticias\/susana-diaz-ha-recibido-al-premio-nobel-de-la-paz-kailash-satyarthi\/"}],"_links":{"self":[{"href":"https:\/\/www.eldigitaldeasturias.com\/noticias\/wp-json\/wp\/v2\/posts\/959062","targetHints":{"allow":["GET"]}}],"collection":[{"href":"https:\/\/www.eldigitaldeasturias.com\/noticias\/wp-json\/wp\/v2\/posts"}],"about":[{"href":"https:\/\/www.eldigitaldeasturias.com\/noticias\/wp-json\/wp\/v2\/types\/post"}],"author":[{"embeddable":true,"href":"https:\/\/www.eldigitaldeasturias.com\/noticias\/wp-json\/wp\/v2\/users\/1"}],"replies":[{"embeddable":true,"href":"https:\/\/www.eldigitaldeasturias.com\/noticias\/wp-json\/wp\/v2\/comments?post=959062"}],"version-history":[{"count":0,"href":"https:\/\/www.eldigitaldeasturias.com\/noticias\/wp-json\/wp\/v2\/posts\/959062\/revisions"}],"wp:attachment":[{"href":"https:\/\/www.eldigitaldeasturias.com\/noticias\/wp-json\/wp\/v2\/media?parent=959062"}],"wp:term":[{"taxonomy":"category","embeddable":true,"href":"https:\/\/www.eldigitaldeasturias.com\/noticias\/wp-json\/wp\/v2\/categories?post=959062"},{"taxonomy":"post_tag","embeddable":true,"href":"https:\/\/www.eldigitaldeasturias.com\/noticias\/wp-json\/wp\/v2\/tags?post=959062"}],"curies":[{"name":"wp","href":"https:\/\/api.w.org\/{rel}","templated":true}]}}