{"id":958965,"date":"2017-11-08T02:56:43","date_gmt":"2017-11-08T02:56:43","guid":{"rendered":"http:\/\/www.eldigitaldeasturias.com\/noticias\/?p=958965"},"modified":"2017-11-08T02:56:43","modified_gmt":"2017-11-08T02:56:43","slug":"el-gobierno-aprueba-el-proyecto-de-ley-de-credito-inmobiliario","status":"publish","type":"post","link":"https:\/\/www.eldigitaldeasturias.com\/noticias\/el-gobierno-aprueba-el-proyecto-de-ley-de-credito-inmobiliario\/","title":{"rendered":"El Gobierno aprueba el Proyecto de Ley de Cr\u00e9dito Inmobiliario"},"content":{"rendered":"<p><img loading=\"lazy\" decoding=\"async\" class=\"alignleft size-medium wp-image-729640\" src=\"https:\/\/www.eldigitaldeasturias.com\/noticias\/wp-content\/uploads\/2014\/12\/pisos1-360x257.jpg\" alt=\"\" width=\"360\" height=\"257\" \/>\u200bEl Ejecutivo ha aprobado <strong>el Proyecto de Ley de Cr\u00e9dito Inmobiliario<\/strong>, que traspone una Directiva europea y busca incrementar la transparencia del contrato de hipoteca, seg\u00fan ha explicado el ministro de Econom\u00eda, Industria y Competitividad, Luis de Guindos.<\/p>\n<p>En lo relativo a la trasposici\u00f3n, De Guindos ha asegurado que en la norma se ha optado siempre por las alternativas m\u00e1s favorables al deudor hipotecario. As\u00ed, se abaratan las comisiones por la amortizaci\u00f3n anticipada de los pr\u00e9stamos a tipo variable, hasta anularse a partir de los cinco a\u00f1os de vigencia de la hipoteca; para los pr\u00e9stamos a tipo fijo, se establece una comisi\u00f3n m\u00e1xima, frente a la situaci\u00f3n actual en la que se aplican hasta dos comisiones, una de las cuales no tiene ning\u00fan tipo de l\u00edmite.<\/p>\n<p>Adem\u00e1s, se establece el derecho del consumidor a cambiar un cr\u00e9dito en moneda extranjera a la divisa nacional o a cualquier otra; se proh\u00edben las ventas vinculadas -que obligan al consumidor a aceptar una serie de productos financieros como condici\u00f3n para obtener la hipoteca-, y se regula el r\u00e9gimen jur\u00eddico de los intermediarios de cr\u00e9dito inmobiliario.<\/p>\n<p>El ministro de Econom\u00eda ha se\u00f1alado que el texto no se limita a trasponer la Directiva comunitaria, sino que tambi\u00e9n responde a las sentencias judiciales que han puesto de manifiesto la necesidad de una mayor transparencia en la regulaci\u00f3n hipotecaria.<\/p>\n<p>En este sentido, la norma facilita la conversi\u00f3n de las hipotecas de tipo variable a fijo, tanto para las nuevas como para las que ya est\u00e1n en vigor. <strong>Las comisiones por realizar ese cambio se suprimen a partir del tercer a\u00f1o<\/strong> y se rebajan los gastos de notar\u00eda y registro.<\/p>\n","protected":false},"excerpt":{"rendered":"<p>\u200bEl Ejecutivo ha aprobado el Proyecto de Ley de Cr\u00e9dito Inmobiliario, que traspone una Directiva europea y busca incrementar la transparencia del contrato de hipoteca, seg\u00fan ha explicado el ministro de Econom\u00eda, Industria y Competitividad, Luis de Guindos. En lo relativo a la trasposici\u00f3n, De Guindos ha asegurado que en la norma se ha optado [&hellip;]<\/p>\n","protected":false},"author":1,"featured_media":729640,"comment_status":"closed","ping_status":"closed","sticky":false,"template":"","format":"standard","meta":{"footnotes":""},"categories":[1],"tags":[],"class_list":["post-958965","post","type-post","status-publish","format-standard","has-post-thumbnail","hentry","category-actualidad"],"aioseo_notices":[],"aioseo_head":"\n\t\t<!-- All in One SEO Pro 5.0.1 - aioseo.com -->\n\t<meta name=\"description\" content=\"\u200bEl Ejecutivo ha aprobado el Proyecto de Ley de Cr\u00e9dito Inmobiliario, que traspone una Directiva europea y busca incrementar la transparencia del contrato de hipoteca, seg\u00fan ha explicado el ministro de Econom\u00eda, Industria y Competitividad, Luis de Guindos. En lo relativo a la trasposici\u00f3n, De Guindos ha asegurado que en la norma se ha optado\" \/>\n\t<meta name=\"robots\" content=\"max-image-preview:large\" \/>\n\t<meta name=\"author\" content=\"El Digital de Asturias\"\/>\n\t<meta name=\"google-site-verification\" content=\"UA-38556648-1\" \/>\n\t<meta name=\"msvalidate.01\" content=\"7dfe9f3f1b24437ab69f4f2559babe99\" \/>\n\t<meta name=\"keywords\" content=\"actualidad\" \/>\n\t<link rel=\"canonical\" href=\"https:\/\/www.eldigitaldeasturias.com\/noticias\/el-gobierno-aprueba-el-proyecto-de-ley-de-credito-inmobiliario\/\" \/>\n\t<meta name=\"generator\" content=\"All in One SEO Pro (AIOSEO) 5.0.1\" \/>\n\t\t<meta property=\"og:locale\" content=\"es_ES\" \/>\n\t\t<meta property=\"og:site_name\" content=\"El Digital de Asturias\" \/>\n\t\t<meta property=\"og:type\" content=\"article\" \/>\n\t\t<meta property=\"og:title\" content=\"El Gobierno aprueba el Proyecto de Ley de Cr\u00e9dito Inmobiliario - El Digital de Asturias\" \/>\n\t\t<meta property=\"og:description\" content=\"\u200bEl Ejecutivo ha aprobado el Proyecto de Ley de Cr\u00e9dito Inmobiliario, que traspone una Directiva europea y busca incrementar la transparencia del contrato de hipoteca, seg\u00fan ha explicado el ministro de Econom\u00eda, Industria y Competitividad, Luis de Guindos. En lo relativo a la trasposici\u00f3n, De Guindos ha asegurado que en la norma se ha optado\" \/>\n\t\t<meta property=\"og:url\" content=\"https:\/\/www.eldigitaldeasturias.com\/noticias\/el-gobierno-aprueba-el-proyecto-de-ley-de-credito-inmobiliario\/\" \/>\n\t\t<meta property=\"article:tag\" content=\"actualidad\" \/>\n\t\t<meta property=\"article:published_time\" content=\"2017-11-08T02:56:43+00:00\" \/>\n\t\t<meta property=\"article:modified_time\" content=\"2017-11-08T02:56:43+00:00\" \/>\n\t\t<meta property=\"article:publisher\" content=\"https:\/\/facebook.com\/eldigitaldeasturias\" \/>\n\t\t<meta name=\"twitter:card\" content=\"summary_large_image\" \/>\n\t\t<meta name=\"twitter:title\" content=\"El Gobierno aprueba el Proyecto de Ley de Cr\u00e9dito Inmobiliario - El Digital de Asturias\" \/>\n\t\t<meta name=\"twitter:description\" content=\"\u200bEl Ejecutivo ha aprobado el Proyecto de Ley de Cr\u00e9dito Inmobiliario, que traspone una Directiva europea y busca incrementar la transparencia del contrato de hipoteca, seg\u00fan ha explicado el ministro de Econom\u00eda, Industria y Competitividad, Luis de Guindos. En lo relativo a la trasposici\u00f3n, De Guindos ha asegurado que en la norma se ha optado\" \/>\n\t\t<meta name=\"twitter:image\" content=\"https:\/\/www.eldigitaldeasturias.com\/noticias\/wp-content\/uploads\/2020\/12\/EDA-1.jpg\" \/>\n\t\t<meta name=\"twitter:label1\" content=\"Escrito por\" \/>\n\t\t<meta name=\"twitter:data1\" content=\"El Digital de Asturias\" \/>\n\t\t<meta name=\"twitter:label2\" content=\"Tiempo de lectura estimado\" \/>\n\t\t<meta name=\"twitter:data2\" content=\"2 minutos\" \/>\n\t\t<script type=\"application\/ld+json\" class=\"aioseo-schema\">\n\t\t\t{\"@context\":\"https:\\\/\\\/schema.org\",\"@graph\":[{\"@type\":\"BlogPosting\",\"@id\":\"https:\\\/\\\/www.eldigitaldeasturias.com\\\/noticias\\\/el-gobierno-aprueba-el-proyecto-de-ley-de-credito-inmobiliario\\\/#blogposting\",\"name\":\"El Gobierno aprueba el Proyecto de Ley de Cr\\u00e9dito Inmobiliario - El Digital de Asturias\",\"headline\":\"El Gobierno aprueba el Proyecto de Ley de Cr\\u00e9dito Inmobiliario\",\"author\":{\"@id\":\"https:\\\/\\\/www.eldigitaldeasturias.com\\\/noticias\\\/author\\\/admin\\\/#author\"},\"publisher\":{\"@id\":\"https:\\\/\\\/www.eldigitaldeasturias.com\\\/noticias\\\/#organization\"},\"image\":{\"@type\":\"ImageObject\",\"url\":729640},\"datePublished\":\"2017-11-08T02:56:43+01:00\",\"dateModified\":\"2017-11-08T02:56:43+01:00\",\"inLanguage\":\"es-ES\",\"mainEntityOfPage\":{\"@id\":\"https:\\\/\\\/www.eldigitaldeasturias.com\\\/noticias\\\/el-gobierno-aprueba-el-proyecto-de-ley-de-credito-inmobiliario\\\/#webpage\"},\"isPartOf\":{\"@id\":\"https:\\\/\\\/www.eldigitaldeasturias.com\\\/noticias\\\/el-gobierno-aprueba-el-proyecto-de-ley-de-credito-inmobiliario\\\/#webpage\"},\"articleSection\":\"Actualidad\"},{\"@type\":\"BreadcrumbList\",\"@id\":\"https:\\\/\\\/www.eldigitaldeasturias.com\\\/noticias\\\/el-gobierno-aprueba-el-proyecto-de-ley-de-credito-inmobiliario\\\/#breadcrumblist\",\"itemListElement\":[{\"@type\":\"ListItem\",\"@id\":\"https:\\\/\\\/www.eldigitaldeasturias.com\\\/noticias#listItem\",\"position\":1,\"name\":\"Home\",\"item\":\"https:\\\/\\\/www.eldigitaldeasturias.com\\\/noticias\",\"nextItem\":{\"@type\":\"ListItem\",\"@id\":\"https:\\\/\\\/www.eldigitaldeasturias.com\\\/noticias\\\/category\\\/actualidad\\\/#listItem\",\"name\":\"Actualidad\"}},{\"@type\":\"ListItem\",\"@id\":\"https:\\\/\\\/www.eldigitaldeasturias.com\\\/noticias\\\/category\\\/actualidad\\\/#listItem\",\"position\":2,\"name\":\"Actualidad\",\"item\":\"https:\\\/\\\/www.eldigitaldeasturias.com\\\/noticias\\\/category\\\/actualidad\\\/\",\"nextItem\":{\"@type\":\"ListItem\",\"@id\":\"https:\\\/\\\/www.eldigitaldeasturias.com\\\/noticias\\\/el-gobierno-aprueba-el-proyecto-de-ley-de-credito-inmobiliario\\\/#listItem\",\"name\":\"El Gobierno aprueba el Proyecto de Ley de Cr\\u00e9dito Inmobiliario\"},\"previousItem\":{\"@type\":\"ListItem\",\"@id\":\"https:\\\/\\\/www.eldigitaldeasturias.com\\\/noticias#listItem\",\"name\":\"Home\"}},{\"@type\":\"ListItem\",\"@id\":\"https:\\\/\\\/www.eldigitaldeasturias.com\\\/noticias\\\/el-gobierno-aprueba-el-proyecto-de-ley-de-credito-inmobiliario\\\/#listItem\",\"position\":3,\"name\":\"El Gobierno aprueba el Proyecto de Ley de Cr\\u00e9dito Inmobiliario\",\"previousItem\":{\"@type\":\"ListItem\",\"@id\":\"https:\\\/\\\/www.eldigitaldeasturias.com\\\/noticias\\\/category\\\/actualidad\\\/#listItem\",\"name\":\"Actualidad\"}}]},{\"@type\":\"Organization\",\"@id\":\"https:\\\/\\\/www.eldigitaldeasturias.com\\\/noticias\\\/#organization\",\"name\":\"El Digital de Asturias\",\"description\":\"Hemeroteca\",\"url\":\"https:\\\/\\\/www.eldigitaldeasturias.com\\\/noticias\\\/\",\"email\":\"info@eldigitaldeasturias.com\",\"telephone\":\"+34652131393\",\"logo\":{\"@type\":\"ImageObject\",\"url\":\"https:\\\/\\\/www.eldigitaldeasturias.com\\\/noticias\\\/wp-content\\\/uploads\\\/2020\\\/12\\\/EDA.jpg\",\"@id\":\"https:\\\/\\\/www.eldigitaldeasturias.com\\\/noticias\\\/el-gobierno-aprueba-el-proyecto-de-ley-de-credito-inmobiliario\\\/#organizationLogo\"},\"image\":{\"@id\":\"https:\\\/\\\/www.eldigitaldeasturias.com\\\/noticias\\\/el-gobierno-aprueba-el-proyecto-de-ley-de-credito-inmobiliario\\\/#organizationLogo\"},\"sameAs\":[\"https:\\\/\\\/facebook.com\\\/eldigitaldeasturias\",\"https:\\\/\\\/www.youtube.com\\\/channel\\\/UCZP-2wLEB9Rv6erhFmqVnvg\"],\"address\":{\"@id\":\"https:\\\/\\\/www.eldigitaldeasturias.com\\\/noticias\\\/#postaladdress\",\"@type\":\"PostalAddress\",\"streetAddress\":\"san antonio 4\",\"postalCode\":\"33430\",\"addressLocality\":\"Cand\\u00e1s\",\"addressRegion\":\"Asturias\",\"addressCountry\":\"ES\"}},{\"@type\":\"Person\",\"@id\":\"https:\\\/\\\/www.eldigitaldeasturias.com\\\/noticias\\\/author\\\/admin\\\/#author\",\"url\":\"https:\\\/\\\/www.eldigitaldeasturias.com\\\/noticias\\\/author\\\/admin\\\/\",\"name\":\"El Digital de Asturias\",\"image\":{\"@type\":\"ImageObject\",\"@id\":\"https:\\\/\\\/www.eldigitaldeasturias.com\\\/noticias\\\/el-gobierno-aprueba-el-proyecto-de-ley-de-credito-inmobiliario\\\/#authorImage\",\"url\":\"https:\\\/\\\/secure.gravatar.com\\\/avatar\\\/df2aeffc32bcd13f8d26072ef8a91b623d677766deac7f97ca815868cd41bf5e?s=96&d=mm&r=g\",\"width\":96,\"height\":96,\"caption\":\"El Digital de Asturias\"}},{\"@type\":\"WebPage\",\"@id\":\"https:\\\/\\\/www.eldigitaldeasturias.com\\\/noticias\\\/el-gobierno-aprueba-el-proyecto-de-ley-de-credito-inmobiliario\\\/#webpage\",\"url\":\"https:\\\/\\\/www.eldigitaldeasturias.com\\\/noticias\\\/el-gobierno-aprueba-el-proyecto-de-ley-de-credito-inmobiliario\\\/\",\"name\":\"El Gobierno aprueba el Proyecto de Ley de Cr\\u00e9dito Inmobiliario - El Digital de Asturias\",\"description\":\"\\u200bEl Ejecutivo ha aprobado el Proyecto de Ley de Cr\\u00e9dito Inmobiliario, que traspone una Directiva europea y busca incrementar la transparencia del contrato de hipoteca, seg\\u00fan ha explicado el ministro de Econom\\u00eda, Industria y Competitividad, Luis de Guindos. En lo relativo a la trasposici\\u00f3n, De Guindos ha asegurado que en la norma se ha optado\",\"inLanguage\":\"es-ES\",\"isPartOf\":{\"@id\":\"https:\\\/\\\/www.eldigitaldeasturias.com\\\/noticias\\\/#website\"},\"breadcrumb\":{\"@id\":\"https:\\\/\\\/www.eldigitaldeasturias.com\\\/noticias\\\/el-gobierno-aprueba-el-proyecto-de-ley-de-credito-inmobiliario\\\/#breadcrumblist\"},\"author\":{\"@id\":\"https:\\\/\\\/www.eldigitaldeasturias.com\\\/noticias\\\/author\\\/admin\\\/#author\"},\"creator\":{\"@id\":\"https:\\\/\\\/www.eldigitaldeasturias.com\\\/noticias\\\/author\\\/admin\\\/#author\"},\"image\":{\"@type\":\"ImageObject\",\"url\":729640,\"@id\":\"https:\\\/\\\/www.eldigitaldeasturias.com\\\/noticias\\\/el-gobierno-aprueba-el-proyecto-de-ley-de-credito-inmobiliario\\\/#mainImage\"},\"primaryImageOfPage\":{\"@id\":\"https:\\\/\\\/www.eldigitaldeasturias.com\\\/noticias\\\/el-gobierno-aprueba-el-proyecto-de-ley-de-credito-inmobiliario\\\/#mainImage\"},\"datePublished\":\"2017-11-08T02:56:43+01:00\",\"dateModified\":\"2017-11-08T02:56:43+01:00\"},{\"@type\":\"WebSite\",\"@id\":\"https:\\\/\\\/www.eldigitaldeasturias.com\\\/noticias\\\/#website\",\"url\":\"https:\\\/\\\/www.eldigitaldeasturias.com\\\/noticias\\\/\",\"name\":\"El Digital de Asturias - Diario de actualidad y noticias\",\"alternateName\":\"El Digital de Asturias - Diario de actualidad y noticias\",\"description\":\"Hemeroteca\",\"inLanguage\":\"es-ES\",\"publisher\":{\"@id\":\"https:\\\/\\\/www.eldigitaldeasturias.com\\\/noticias\\\/#organization\"}}]}\n\t\t<\/script>\n\t\t<!-- All in One SEO Pro -->\r\n\t\t<title>El Gobierno aprueba el Proyecto de Ley de Cr\u00e9dito Inmobiliario - El Digital de Asturias<\/title>\n\n","aioseo_head_json":{"title":"El Gobierno aprueba el Proyecto de Ley de Cr\u00e9dito Inmobiliario - El Digital de Asturias","description":"\u200bEl Ejecutivo ha aprobado el Proyecto de Ley de Cr\u00e9dito Inmobiliario, que traspone una Directiva europea y busca incrementar la transparencia del contrato de hipoteca, seg\u00fan ha explicado el ministro de Econom\u00eda, Industria y Competitividad, Luis de Guindos. En lo relativo a la trasposici\u00f3n, De Guindos ha asegurado que en la norma se ha optado","canonical_url":"https:\/\/www.eldigitaldeasturias.com\/noticias\/el-gobierno-aprueba-el-proyecto-de-ley-de-credito-inmobiliario\/","robots":"max-image-preview:large","keywords":"actualidad","webmasterTools":{"google-site-verification":"UA-38556648-1","msvalidate.01":"7dfe9f3f1b24437ab69f4f2559babe99","miscellaneous":""},"schema":{"@context":"https:\/\/schema.org","@graph":[{"@type":"BlogPosting","@id":"https:\/\/www.eldigitaldeasturias.com\/noticias\/el-gobierno-aprueba-el-proyecto-de-ley-de-credito-inmobiliario\/#blogposting","name":"El Gobierno aprueba el Proyecto de Ley de Cr\u00e9dito Inmobiliario - El Digital de Asturias","headline":"El Gobierno aprueba el Proyecto de Ley de Cr\u00e9dito Inmobiliario","author":{"@id":"https:\/\/www.eldigitaldeasturias.com\/noticias\/author\/admin\/#author"},"publisher":{"@id":"https:\/\/www.eldigitaldeasturias.com\/noticias\/#organization"},"image":{"@type":"ImageObject","url":729640},"datePublished":"2017-11-08T02:56:43+01:00","dateModified":"2017-11-08T02:56:43+01:00","inLanguage":"es-ES","mainEntityOfPage":{"@id":"https:\/\/www.eldigitaldeasturias.com\/noticias\/el-gobierno-aprueba-el-proyecto-de-ley-de-credito-inmobiliario\/#webpage"},"isPartOf":{"@id":"https:\/\/www.eldigitaldeasturias.com\/noticias\/el-gobierno-aprueba-el-proyecto-de-ley-de-credito-inmobiliario\/#webpage"},"articleSection":"Actualidad"},{"@type":"BreadcrumbList","@id":"https:\/\/www.eldigitaldeasturias.com\/noticias\/el-gobierno-aprueba-el-proyecto-de-ley-de-credito-inmobiliario\/#breadcrumblist","itemListElement":[{"@type":"ListItem","@id":"https:\/\/www.eldigitaldeasturias.com\/noticias#listItem","position":1,"name":"Home","item":"https:\/\/www.eldigitaldeasturias.com\/noticias","nextItem":{"@type":"ListItem","@id":"https:\/\/www.eldigitaldeasturias.com\/noticias\/category\/actualidad\/#listItem","name":"Actualidad"}},{"@type":"ListItem","@id":"https:\/\/www.eldigitaldeasturias.com\/noticias\/category\/actualidad\/#listItem","position":2,"name":"Actualidad","item":"https:\/\/www.eldigitaldeasturias.com\/noticias\/category\/actualidad\/","nextItem":{"@type":"ListItem","@id":"https:\/\/www.eldigitaldeasturias.com\/noticias\/el-gobierno-aprueba-el-proyecto-de-ley-de-credito-inmobiliario\/#listItem","name":"El Gobierno aprueba el Proyecto de Ley de Cr\u00e9dito Inmobiliario"},"previousItem":{"@type":"ListItem","@id":"https:\/\/www.eldigitaldeasturias.com\/noticias#listItem","name":"Home"}},{"@type":"ListItem","@id":"https:\/\/www.eldigitaldeasturias.com\/noticias\/el-gobierno-aprueba-el-proyecto-de-ley-de-credito-inmobiliario\/#listItem","position":3,"name":"El Gobierno aprueba el Proyecto de Ley de Cr\u00e9dito Inmobiliario","previousItem":{"@type":"ListItem","@id":"https:\/\/www.eldigitaldeasturias.com\/noticias\/category\/actualidad\/#listItem","name":"Actualidad"}}]},{"@type":"Organization","@id":"https:\/\/www.eldigitaldeasturias.com\/noticias\/#organization","name":"El Digital de Asturias","description":"Hemeroteca","url":"https:\/\/www.eldigitaldeasturias.com\/noticias\/","email":"info@eldigitaldeasturias.com","telephone":"+34652131393","logo":{"@type":"ImageObject","url":"https:\/\/www.eldigitaldeasturias.com\/noticias\/wp-content\/uploads\/2020\/12\/EDA.jpg","@id":"https:\/\/www.eldigitaldeasturias.com\/noticias\/el-gobierno-aprueba-el-proyecto-de-ley-de-credito-inmobiliario\/#organizationLogo"},"image":{"@id":"https:\/\/www.eldigitaldeasturias.com\/noticias\/el-gobierno-aprueba-el-proyecto-de-ley-de-credito-inmobiliario\/#organizationLogo"},"sameAs":["https:\/\/facebook.com\/eldigitaldeasturias","https:\/\/www.youtube.com\/channel\/UCZP-2wLEB9Rv6erhFmqVnvg"],"address":{"@id":"https:\/\/www.eldigitaldeasturias.com\/noticias\/#postaladdress","@type":"PostalAddress","streetAddress":"san antonio 4","postalCode":"33430","addressLocality":"Cand\u00e1s","addressRegion":"Asturias","addressCountry":"ES"}},{"@type":"Person","@id":"https:\/\/www.eldigitaldeasturias.com\/noticias\/author\/admin\/#author","url":"https:\/\/www.eldigitaldeasturias.com\/noticias\/author\/admin\/","name":"El Digital de Asturias","image":{"@type":"ImageObject","@id":"https:\/\/www.eldigitaldeasturias.com\/noticias\/el-gobierno-aprueba-el-proyecto-de-ley-de-credito-inmobiliario\/#authorImage","url":"https:\/\/secure.gravatar.com\/avatar\/df2aeffc32bcd13f8d26072ef8a91b623d677766deac7f97ca815868cd41bf5e?s=96&d=mm&r=g","width":96,"height":96,"caption":"El Digital de Asturias"}},{"@type":"WebPage","@id":"https:\/\/www.eldigitaldeasturias.com\/noticias\/el-gobierno-aprueba-el-proyecto-de-ley-de-credito-inmobiliario\/#webpage","url":"https:\/\/www.eldigitaldeasturias.com\/noticias\/el-gobierno-aprueba-el-proyecto-de-ley-de-credito-inmobiliario\/","name":"El Gobierno aprueba el Proyecto de Ley de Cr\u00e9dito Inmobiliario - El Digital de Asturias","description":"\u200bEl Ejecutivo ha aprobado el Proyecto de Ley de Cr\u00e9dito Inmobiliario, que traspone una Directiva europea y busca incrementar la transparencia del contrato de hipoteca, seg\u00fan ha explicado el ministro de Econom\u00eda, Industria y Competitividad, Luis de Guindos. En lo relativo a la trasposici\u00f3n, De Guindos ha asegurado que en la norma se ha optado","inLanguage":"es-ES","isPartOf":{"@id":"https:\/\/www.eldigitaldeasturias.com\/noticias\/#website"},"breadcrumb":{"@id":"https:\/\/www.eldigitaldeasturias.com\/noticias\/el-gobierno-aprueba-el-proyecto-de-ley-de-credito-inmobiliario\/#breadcrumblist"},"author":{"@id":"https:\/\/www.eldigitaldeasturias.com\/noticias\/author\/admin\/#author"},"creator":{"@id":"https:\/\/www.eldigitaldeasturias.com\/noticias\/author\/admin\/#author"},"image":{"@type":"ImageObject","url":729640,"@id":"https:\/\/www.eldigitaldeasturias.com\/noticias\/el-gobierno-aprueba-el-proyecto-de-ley-de-credito-inmobiliario\/#mainImage"},"primaryImageOfPage":{"@id":"https:\/\/www.eldigitaldeasturias.com\/noticias\/el-gobierno-aprueba-el-proyecto-de-ley-de-credito-inmobiliario\/#mainImage"},"datePublished":"2017-11-08T02:56:43+01:00","dateModified":"2017-11-08T02:56:43+01:00"},{"@type":"WebSite","@id":"https:\/\/www.eldigitaldeasturias.com\/noticias\/#website","url":"https:\/\/www.eldigitaldeasturias.com\/noticias\/","name":"El Digital de Asturias - Diario de actualidad y noticias","alternateName":"El Digital de Asturias - Diario de actualidad y noticias","description":"Hemeroteca","inLanguage":"es-ES","publisher":{"@id":"https:\/\/www.eldigitaldeasturias.com\/noticias\/#organization"}}]},"og:locale":"es_ES","og:site_name":"El Digital de Asturias","og:type":"article","og:title":"El Gobierno aprueba el Proyecto de Ley de Cr\u00e9dito Inmobiliario - El Digital de Asturias","og:description":"\u200bEl Ejecutivo ha aprobado el Proyecto de Ley de Cr\u00e9dito Inmobiliario, que traspone una Directiva europea y busca incrementar la transparencia del contrato de hipoteca, seg\u00fan ha explicado el ministro de Econom\u00eda, Industria y Competitividad, Luis de Guindos. En lo relativo a la trasposici\u00f3n, De Guindos ha asegurado que en la norma se ha optado","og:url":"https:\/\/www.eldigitaldeasturias.com\/noticias\/el-gobierno-aprueba-el-proyecto-de-ley-de-credito-inmobiliario\/","article:tag":["actualidad"],"article:published_time":"2017-11-08T02:56:43+00:00","article:modified_time":"2017-11-08T02:56:43+00:00","article:publisher":"https:\/\/facebook.com\/eldigitaldeasturias","twitter:card":"summary_large_image","twitter:title":"El Gobierno aprueba el Proyecto de Ley de Cr\u00e9dito Inmobiliario - El Digital de Asturias","twitter:description":"\u200bEl Ejecutivo ha aprobado el Proyecto de Ley de Cr\u00e9dito Inmobiliario, que traspone una Directiva europea y busca incrementar la transparencia del contrato de hipoteca, seg\u00fan ha explicado el ministro de Econom\u00eda, Industria y Competitividad, Luis de Guindos. En lo relativo a la trasposici\u00f3n, De Guindos ha asegurado que en la norma se ha optado","twitter:image":"https:\/\/www.eldigitaldeasturias.com\/noticias\/wp-content\/uploads\/2020\/12\/EDA-1.jpg","twitter:label1":"Escrito por","twitter:data1":"El Digital de Asturias","twitter:label2":"Tiempo de lectura estimado","twitter:data2":"2 minutos"},"aioseo_meta_data":{"post_id":"958965","title":null,"description":null,"keywords":null,"keyphrases":null,"primary_term":null,"canonical_url":null,"og_title":null,"og_description":null,"og_object_type":"default","og_image_type":"default","og_image_url":null,"og_image_width":null,"og_image_height":null,"og_image_custom_url":null,"og_image_custom_fields":null,"og_video":null,"og_custom_url":null,"og_article_section":null,"og_article_tags":null,"twitter_use_og":false,"twitter_card":"default","twitter_image_type":"default","twitter_image_url":null,"twitter_image_custom_url":null,"twitter_image_custom_fields":null,"twitter_title":null,"twitter_description":null,"schema":{"blockGraphs":[],"customGraphs":[],"default":{"data":{"Article":[],"Course":[],"Dataset":[],"FAQPage":[],"Movie":[],"Person":[],"Product":[],"ProductReview":[],"Car":[],"Recipe":[],"Service":[],"SoftwareApplication":[],"WebPage":[]},"graphName":"","isEnabled":true},"graphs":[],"defaultGraph":"","defaultPostTypeGraph":""},"schema_type":null,"schema_type_options":null,"pillar_content":false,"robots_default":true,"robots_noindex":false,"robots_noarchive":false,"robots_nosnippet":false,"robots_nofollow":false,"robots_noimageindex":false,"robots_noodp":false,"robots_notranslate":false,"robots_max_snippet":null,"robots_max_videopreview":null,"robots_max_imagepreview":"large","priority":null,"frequency":null,"local_seo":null,"seo_analyzer_scan_date":"2025-12-06 23:22:38","breadcrumb_settings":null,"limit_modified_date":false,"open_ai":null,"ai":null,"created":"2020-12-21 12:53:52","updated":"2025-12-06 23:22:38","focus_keyword":null,"additional_keywords":null,"truseo_locale":null},"aioseo_breadcrumb":"<div class=\"aioseo-breadcrumbs\"><span class=\"aioseo-breadcrumb\">\n\t<a href=\"https:\/\/www.eldigitaldeasturias.com\/noticias\" title=\"Home\">Home<\/a>\n<\/span><span class=\"aioseo-breadcrumb-separator\">\u2013<\/span><span class=\"aioseo-breadcrumb\">\n\t<a href=\"https:\/\/www.eldigitaldeasturias.com\/noticias\/category\/actualidad\/\" title=\"Actualidad\">Actualidad<\/a>\n<\/span><span class=\"aioseo-breadcrumb-separator\">\u2013<\/span><span class=\"aioseo-breadcrumb\">\n\t<a href=\"https:\/\/www.eldigitaldeasturias.com\/noticias\/el-gobierno-aprueba-el-proyecto-de-ley-de-credito-inmobiliario\/\" title=\"El Gobierno aprueba el Proyecto de Ley de Cr\u00e9dito Inmobiliario\">El Gobierno aprueba el Proyecto de Ley de Cr\u00e9dito Inmobiliario<\/a>\n<\/span><\/div>","aioseo_breadcrumb_json":[{"label":"Home","link":"https:\/\/www.eldigitaldeasturias.com\/noticias"},{"label":"Actualidad","link":"https:\/\/www.eldigitaldeasturias.com\/noticias\/category\/actualidad\/"},{"label":"El Gobierno aprueba el Proyecto de Ley de Cr\u00e9dito Inmobiliario","link":"https:\/\/www.eldigitaldeasturias.com\/noticias\/el-gobierno-aprueba-el-proyecto-de-ley-de-credito-inmobiliario\/"}],"_links":{"self":[{"href":"https:\/\/www.eldigitaldeasturias.com\/noticias\/wp-json\/wp\/v2\/posts\/958965","targetHints":{"allow":["GET"]}}],"collection":[{"href":"https:\/\/www.eldigitaldeasturias.com\/noticias\/wp-json\/wp\/v2\/posts"}],"about":[{"href":"https:\/\/www.eldigitaldeasturias.com\/noticias\/wp-json\/wp\/v2\/types\/post"}],"author":[{"embeddable":true,"href":"https:\/\/www.eldigitaldeasturias.com\/noticias\/wp-json\/wp\/v2\/users\/1"}],"replies":[{"embeddable":true,"href":"https:\/\/www.eldigitaldeasturias.com\/noticias\/wp-json\/wp\/v2\/comments?post=958965"}],"version-history":[{"count":0,"href":"https:\/\/www.eldigitaldeasturias.com\/noticias\/wp-json\/wp\/v2\/posts\/958965\/revisions"}],"wp:attachment":[{"href":"https:\/\/www.eldigitaldeasturias.com\/noticias\/wp-json\/wp\/v2\/media?parent=958965"}],"wp:term":[{"taxonomy":"category","embeddable":true,"href":"https:\/\/www.eldigitaldeasturias.com\/noticias\/wp-json\/wp\/v2\/categories?post=958965"},{"taxonomy":"post_tag","embeddable":true,"href":"https:\/\/www.eldigitaldeasturias.com\/noticias\/wp-json\/wp\/v2\/tags?post=958965"}],"curies":[{"name":"wp","href":"https:\/\/api.w.org\/{rel}","templated":true}]}}