{"id":958780,"date":"2017-11-06T13:57:29","date_gmt":"2017-11-06T13:57:29","guid":{"rendered":"http:\/\/www.eldigitaldeasturias.com\/noticias\/?p=958780"},"modified":"2017-11-06T13:57:29","modified_gmt":"2017-11-06T13:57:29","slug":"sudan-del-sur-la-epoca-de-cosecha-apenas-da-respiro-a-la-crisis-alimentaria","status":"publish","type":"post","link":"https:\/\/www.eldigitaldeasturias.com\/noticias\/sudan-del-sur-la-epoca-de-cosecha-apenas-da-respiro-a-la-crisis-alimentaria\/","title":{"rendered":"Sud\u00e1n del Sur: la \u00e9poca de cosecha apenas da respiro a la crisis alimentaria"},"content":{"rendered":"<p><img loading=\"lazy\" decoding=\"async\" class=\"alignleft size-medium wp-image-958781\" src=\"https:\/\/www.eldigitaldeasturias.com\/noticias\/wp-content\/uploads\/2017\/11\/drought-780088_960_720-360x239.jpg\" alt=\"\" width=\"360\" height=\"239\" \/>La temporada de cosecha en Sud\u00e1n del Sur no terminar\u00e1 con la crisis alimentaria mientras contin\u00fae el conflicto en el pa\u00eds y la hiperinflaci\u00f3n deje los alimentos fuera del alcance de muchos. As\u00ed lo revela la Fase de Clasificaci\u00f3n de Seguridad Alimentaria Integrada (IPC por sus siglas en ingl\u00e9s) lanzada hoy por el gobierno de Sud\u00e1n del Sur, la Organizaci\u00f3n de Naciones Unidas para la Alimentaci\u00f3n y la Agricultura (FAO), el Fondo de Naciones Unidas para la Infancia (UNICEF), el Programa Mundial de Alimentos (PMA) y otros aliados humanitarios.<\/p>\n<p>Es probable que el n\u00famero de personas en situaci\u00f3n de inseguridad alimentaria grave descienda a 4,8 millones entre octubre y diciembre, frente a los 6 millones de junio. Sin embargo, estos 4,8 millones de personas son 1,4 millones m\u00e1s que el mismo periodo del a\u00f1o pasado, y gran parte de este aumento se ha dado en la categor\u00eda de emergencia (fase 4 \u2013de 5- en la escala del IPC).<\/p>\n<p>\u201cLa \u00e9poca de cosecha no ha tra\u00eddo demasiado alivio a los millones de personas en Sud\u00e1n del Sur que no tienen alimentos suficientes. El cintur\u00f3n verde del pa\u00eds ha sido devastado por los combates, y encontrar una soluci\u00f3n pac\u00edfica a esta tragedia creada por el hombre deber\u00eda ser prioritario. Si no, esta situaci\u00f3n ser\u00e1 incluso peor el a\u00f1o que viene\u201d, asegura Serge Tissot, representante de la FAO en Sud\u00e1n del Sur.<\/p>\n<p>Se prev\u00e9 que la situaci\u00f3n de inseguridad alimentaria empeore a comienzos de 2018, y que el periodo de escasez \u2013cuando normalmente los hogares se quedan sin alimentos antes de la siguiente cosecha- empiece tres meses antes de lo normal. Mucha gente tiene muy pocos medios para afrontar el periodo de escasez, y se espera que la situaci\u00f3n sea cada vez m\u00e1s inestable.<\/p>\n<p>\u201cUna respuesta humanitaria contribuy\u00f3 a detener la hambruna en algunas partes del pa\u00eds este a\u00f1o. Pero incluso en el periodo de cosecha, millones de personas necesitan ayuda de manera sostenida para sobrevivir\u201d, explica Adnan Khan, representante del PMA en Sud\u00e1n del Sur. \u201cEs estremecedor ver que, en el peor de los escenarios, se podr\u00edan producir situaciones similares en muchos lugares durante el periodo de escasez en 2018\u201d.<\/p>\n<p>Los equipos que han realizado el an\u00e1lisis han identificado dos condados \u2013Wau y Ayod-, donde 25.000 personas se enfrentan a un estado catastr\u00f3fico seg\u00fan la escala del IPC. Preocupa especialmente en Gran Baggari, subdistrito del antiguo Wau, donde al menos el 15% de la poblaci\u00f3n afronta una situaci\u00f3n similar a la de hambruna debido a que la inseguridad ha limitado seriamente las actividades de subsistencia y la ayuda humanitaria.<\/p>\n<p>Se necesita urgentemente un corredor de ayuda humanitaria entre Wau y la zona de Gran Baggari para que las agencias puedan proporcionar una atenci\u00f3n integral.<\/p>\n<p><strong>Niveles cr\u00edticos de desnutrici\u00f3n<\/strong><\/p>\n<p>La desnutrici\u00f3n tambi\u00e9n ha empeorado respecto al mismo periodo del a\u00f1o pasado. Las encuestas muestran que las tasas de desnutrici\u00f3n en la mayor\u00eda de comunidades est\u00e1n por encima del umbral de emergencia, que la OMS establece en el 15%. M\u00e1s del 30% de la poblaci\u00f3n sufre desnutrici\u00f3n en varios condados.<\/p>\n<p>M\u00e1s de 1,1 millones de ni\u00f1os menores de cinco a\u00f1os podr\u00edan sufrir desnutrici\u00f3n en 2018, incluidos 300.000 gravemente desnutridos y en alto riesgo de morir.<\/p>\n<p>\u201cDemasiados ni\u00f1os pasan hambre en Sud\u00e1n del Sur. M\u00e1s de uno de cada cinco ni\u00f1os que luchan por poder alimentarse tienen menos de cinco a\u00f1os\u201d, lamenta Mahimbo Mdoe, representante de UNICEF en Sud\u00e1n del Sur. \u201cEsto ha creado una crisis de desnutrici\u00f3n que est\u00e1 poniendo muchas vidas en riesgo\u201d.<\/p>\n<p><strong>Aumento del precio de los alimentos<\/strong><\/p>\n<p>La inseguridad sigue dificultando la producci\u00f3n alimentaria y perjudicando a los mercados. Esto, unido a una crisis econ\u00f3mica, ha llevado a precios extremadamente altos. B\u00e1sicos como el sorgo, ma\u00edz o la harina de trigo han aumentado su precio hasta un 281% m\u00e1s que el a\u00f1o pasado, y lleg\u00f3 a ser hasta un 560% m\u00e1s alto en mayo, en el pico del periodo de escasez.<\/p>\n<p>En Juba, un saco de 100 kilos de sorgo cuesta 11.285 libras sur sudanesas, frente a las 4.314 de hace un a\u00f1o; esto va mucho m\u00e1s all\u00e1 de lo que la mayor\u00eda de las familias se pueden permitir.<\/p>\n<p>Millones de personas dependen de la ayuda humanitaria para sobrevivir en Sud\u00e1n del Sur, pero si las condiciones de seguridad amenazan a\u00fan m\u00e1s las operaciones de las organizaciones, la situaci\u00f3n empeorar\u00e1 r\u00e1pidamente.<\/p>\n<p>El informe alerta de que el conflicto permanente, unido a las limitaciones de acceso a la ayuda y a una inestabilidad econ\u00f3mica, derivar\u00e1 en un deterioro de la ya desesperada situaci\u00f3n en muchos lugares de Sud\u00e1n del Sur durante 2018.<\/p>\n<p>Respuesta r\u00e1pida<\/p>\n<p>Los equipos humanitarios se enfrentan a unos retos log\u00edsticos y de seguridad enormes para llegar a las comunidades que lo necesitan.<\/p>\n<p>La FAO ha proporcionado kits de pesca, de cosechas y de cultivo de verduras a m\u00e1s de 4,2 millones de personas, muchas de ellas en zonas en conflicto o dif\u00edciles de alcanzar, para ayudarles a cultivar o cazar su propio alimento. Adem\u00e1s ha vacunado a m\u00e1s de 4,8 millones de animales para protegerlos, ya que son el medio de subsistencia de las familias vulnerables.<\/p>\n<p>UNICEF y sus aliados han tratado a m\u00e1s de 160.000 ni\u00f1os con desnutrici\u00f3n severa aguda en lo que va de a\u00f1o. El objetivo para todo el a\u00f1o era llegar a 207.000 ni\u00f1os desnutridos en todo el pa\u00eds. Como parte del planteamiento multisectorial para abordar este asunto, UNICEF ha proporcionado agua potable a m\u00e1s de 750.000 personas y acceso a instalaciones de saneamiento a otras 230.000.<\/p>\n<p>El PMA y sus aliados han entregado en lo que va de a\u00f1o ayuda en efectivo o alimentos \u2013incluyendo apoyo nutricional para ni\u00f1os menores de cinco a\u00f1os- a 4,6 millones de personas en Sud\u00e1n del Sur. Los equipos m\u00f3viles de emergencia, que han realizado 135 misiones \u2013la mayor\u00eda en helic\u00f3ptero- en zonas aisladas por el conflicto, han dado apoyo a 1,8 millones de personas este a\u00f1o.<\/p>\n","protected":false},"excerpt":{"rendered":"<p>La temporada de cosecha en Sud\u00e1n del Sur no terminar\u00e1 con la crisis alimentaria mientras contin\u00fae el conflicto en el pa\u00eds y la hiperinflaci\u00f3n deje los alimentos fuera del alcance de muchos. As\u00ed lo revela la Fase de Clasificaci\u00f3n de Seguridad Alimentaria Integrada (IPC por sus siglas en ingl\u00e9s) lanzada hoy por el gobierno de [&hellip;]<\/p>\n","protected":false},"author":1,"featured_media":958781,"comment_status":"closed","ping_status":"closed","sticky":false,"template":"","format":"standard","meta":{"footnotes":""},"categories":[1],"tags":[],"class_list":["post-958780","post","type-post","status-publish","format-standard","has-post-thumbnail","hentry","category-actualidad"],"aioseo_notices":[],"aioseo_head":"\n\t\t<!-- All in One SEO Pro 5.0.1 - aioseo.com -->\n\t<meta name=\"description\" content=\"La temporada de cosecha en Sud\u00e1n del Sur no terminar\u00e1 con la crisis alimentaria mientras contin\u00fae el conflicto en el pa\u00eds y la hiperinflaci\u00f3n deje los alimentos fuera del alcance de muchos. As\u00ed lo revela la Fase de Clasificaci\u00f3n de Seguridad Alimentaria Integrada (IPC por sus siglas en ingl\u00e9s) lanzada hoy por el gobierno de\" \/>\n\t<meta name=\"robots\" content=\"max-image-preview:large\" \/>\n\t<meta name=\"author\" content=\"El Digital de Asturias\"\/>\n\t<meta name=\"google-site-verification\" content=\"UA-38556648-1\" \/>\n\t<meta name=\"msvalidate.01\" content=\"7dfe9f3f1b24437ab69f4f2559babe99\" \/>\n\t<meta name=\"keywords\" content=\"actualidad\" \/>\n\t<link rel=\"canonical\" href=\"https:\/\/www.eldigitaldeasturias.com\/noticias\/sudan-del-sur-la-epoca-de-cosecha-apenas-da-respiro-a-la-crisis-alimentaria\/\" \/>\n\t<meta name=\"generator\" content=\"All in One SEO Pro (AIOSEO) 5.0.1\" \/>\n\t\t<meta property=\"og:locale\" content=\"es_ES\" \/>\n\t\t<meta property=\"og:site_name\" content=\"El Digital de Asturias\" \/>\n\t\t<meta property=\"og:type\" content=\"article\" \/>\n\t\t<meta property=\"og:title\" content=\"Sud\u00e1n del Sur: la \u00e9poca de cosecha apenas da respiro a la crisis alimentaria - El Digital de Asturias\" \/>\n\t\t<meta property=\"og:description\" content=\"La temporada de cosecha en Sud\u00e1n del Sur no terminar\u00e1 con la crisis alimentaria mientras contin\u00fae el conflicto en el pa\u00eds y la hiperinflaci\u00f3n deje los alimentos fuera del alcance de muchos. As\u00ed lo revela la Fase de Clasificaci\u00f3n de Seguridad Alimentaria Integrada (IPC por sus siglas en ingl\u00e9s) lanzada hoy por el gobierno de\" \/>\n\t\t<meta property=\"og:url\" content=\"https:\/\/www.eldigitaldeasturias.com\/noticias\/sudan-del-sur-la-epoca-de-cosecha-apenas-da-respiro-a-la-crisis-alimentaria\/\" \/>\n\t\t<meta property=\"article:tag\" content=\"actualidad\" \/>\n\t\t<meta property=\"article:published_time\" content=\"2017-11-06T13:57:29+00:00\" \/>\n\t\t<meta property=\"article:modified_time\" content=\"2017-11-06T13:57:29+00:00\" \/>\n\t\t<meta property=\"article:publisher\" content=\"https:\/\/facebook.com\/eldigitaldeasturias\" \/>\n\t\t<meta name=\"twitter:card\" content=\"summary_large_image\" \/>\n\t\t<meta name=\"twitter:title\" content=\"Sud\u00e1n del Sur: la \u00e9poca de cosecha apenas da respiro a la crisis alimentaria - El Digital de Asturias\" \/>\n\t\t<meta name=\"twitter:description\" content=\"La temporada de cosecha en Sud\u00e1n del Sur no terminar\u00e1 con la crisis alimentaria mientras contin\u00fae el conflicto en el pa\u00eds y la hiperinflaci\u00f3n deje los alimentos fuera del alcance de muchos. As\u00ed lo revela la Fase de Clasificaci\u00f3n de Seguridad Alimentaria Integrada (IPC por sus siglas en ingl\u00e9s) lanzada hoy por el gobierno de\" \/>\n\t\t<meta name=\"twitter:image\" content=\"https:\/\/www.eldigitaldeasturias.com\/noticias\/wp-content\/uploads\/2020\/12\/EDA-1.jpg\" \/>\n\t\t<meta name=\"twitter:label1\" content=\"Escrito por\" \/>\n\t\t<meta name=\"twitter:data1\" content=\"El Digital de Asturias\" \/>\n\t\t<meta name=\"twitter:label2\" content=\"Tiempo de lectura estimado\" \/>\n\t\t<meta name=\"twitter:data2\" content=\"5 minutos\" \/>\n\t\t<script type=\"application\/ld+json\" class=\"aioseo-schema\">\n\t\t\t{\"@context\":\"https:\\\/\\\/schema.org\",\"@graph\":[{\"@type\":\"BlogPosting\",\"@id\":\"https:\\\/\\\/www.eldigitaldeasturias.com\\\/noticias\\\/sudan-del-sur-la-epoca-de-cosecha-apenas-da-respiro-a-la-crisis-alimentaria\\\/#blogposting\",\"name\":\"Sud\\u00e1n del Sur: la \\u00e9poca de cosecha apenas da respiro a la crisis alimentaria - El Digital de Asturias\",\"headline\":\"Sud\\u00e1n del Sur: la \\u00e9poca de cosecha apenas da respiro a la crisis alimentaria\",\"author\":{\"@id\":\"https:\\\/\\\/www.eldigitaldeasturias.com\\\/noticias\\\/author\\\/admin\\\/#author\"},\"publisher\":{\"@id\":\"https:\\\/\\\/www.eldigitaldeasturias.com\\\/noticias\\\/#organization\"},\"image\":{\"@type\":\"ImageObject\",\"url\":958781},\"datePublished\":\"2017-11-06T13:57:29+01:00\",\"dateModified\":\"2017-11-06T13:57:29+01:00\",\"inLanguage\":\"es-ES\",\"mainEntityOfPage\":{\"@id\":\"https:\\\/\\\/www.eldigitaldeasturias.com\\\/noticias\\\/sudan-del-sur-la-epoca-de-cosecha-apenas-da-respiro-a-la-crisis-alimentaria\\\/#webpage\"},\"isPartOf\":{\"@id\":\"https:\\\/\\\/www.eldigitaldeasturias.com\\\/noticias\\\/sudan-del-sur-la-epoca-de-cosecha-apenas-da-respiro-a-la-crisis-alimentaria\\\/#webpage\"},\"articleSection\":\"Actualidad\"},{\"@type\":\"BreadcrumbList\",\"@id\":\"https:\\\/\\\/www.eldigitaldeasturias.com\\\/noticias\\\/sudan-del-sur-la-epoca-de-cosecha-apenas-da-respiro-a-la-crisis-alimentaria\\\/#breadcrumblist\",\"itemListElement\":[{\"@type\":\"ListItem\",\"@id\":\"https:\\\/\\\/www.eldigitaldeasturias.com\\\/noticias#listItem\",\"position\":1,\"name\":\"Home\",\"item\":\"https:\\\/\\\/www.eldigitaldeasturias.com\\\/noticias\",\"nextItem\":{\"@type\":\"ListItem\",\"@id\":\"https:\\\/\\\/www.eldigitaldeasturias.com\\\/noticias\\\/category\\\/actualidad\\\/#listItem\",\"name\":\"Actualidad\"}},{\"@type\":\"ListItem\",\"@id\":\"https:\\\/\\\/www.eldigitaldeasturias.com\\\/noticias\\\/category\\\/actualidad\\\/#listItem\",\"position\":2,\"name\":\"Actualidad\",\"item\":\"https:\\\/\\\/www.eldigitaldeasturias.com\\\/noticias\\\/category\\\/actualidad\\\/\",\"nextItem\":{\"@type\":\"ListItem\",\"@id\":\"https:\\\/\\\/www.eldigitaldeasturias.com\\\/noticias\\\/sudan-del-sur-la-epoca-de-cosecha-apenas-da-respiro-a-la-crisis-alimentaria\\\/#listItem\",\"name\":\"Sud\\u00e1n del Sur: la \\u00e9poca de cosecha apenas da respiro a la crisis alimentaria\"},\"previousItem\":{\"@type\":\"ListItem\",\"@id\":\"https:\\\/\\\/www.eldigitaldeasturias.com\\\/noticias#listItem\",\"name\":\"Home\"}},{\"@type\":\"ListItem\",\"@id\":\"https:\\\/\\\/www.eldigitaldeasturias.com\\\/noticias\\\/sudan-del-sur-la-epoca-de-cosecha-apenas-da-respiro-a-la-crisis-alimentaria\\\/#listItem\",\"position\":3,\"name\":\"Sud\\u00e1n del Sur: la \\u00e9poca de cosecha apenas da respiro a la crisis alimentaria\",\"previousItem\":{\"@type\":\"ListItem\",\"@id\":\"https:\\\/\\\/www.eldigitaldeasturias.com\\\/noticias\\\/category\\\/actualidad\\\/#listItem\",\"name\":\"Actualidad\"}}]},{\"@type\":\"Organization\",\"@id\":\"https:\\\/\\\/www.eldigitaldeasturias.com\\\/noticias\\\/#organization\",\"name\":\"El Digital de Asturias\",\"description\":\"Hemeroteca\",\"url\":\"https:\\\/\\\/www.eldigitaldeasturias.com\\\/noticias\\\/\",\"email\":\"info@eldigitaldeasturias.com\",\"telephone\":\"+34652131393\",\"logo\":{\"@type\":\"ImageObject\",\"url\":\"https:\\\/\\\/www.eldigitaldeasturias.com\\\/noticias\\\/wp-content\\\/uploads\\\/2020\\\/12\\\/EDA.jpg\",\"@id\":\"https:\\\/\\\/www.eldigitaldeasturias.com\\\/noticias\\\/sudan-del-sur-la-epoca-de-cosecha-apenas-da-respiro-a-la-crisis-alimentaria\\\/#organizationLogo\"},\"image\":{\"@id\":\"https:\\\/\\\/www.eldigitaldeasturias.com\\\/noticias\\\/sudan-del-sur-la-epoca-de-cosecha-apenas-da-respiro-a-la-crisis-alimentaria\\\/#organizationLogo\"},\"sameAs\":[\"https:\\\/\\\/facebook.com\\\/eldigitaldeasturias\",\"https:\\\/\\\/www.youtube.com\\\/channel\\\/UCZP-2wLEB9Rv6erhFmqVnvg\"],\"address\":{\"@id\":\"https:\\\/\\\/www.eldigitaldeasturias.com\\\/noticias\\\/#postaladdress\",\"@type\":\"PostalAddress\",\"streetAddress\":\"san antonio 4\",\"postalCode\":\"33430\",\"addressLocality\":\"Cand\\u00e1s\",\"addressRegion\":\"Asturias\",\"addressCountry\":\"ES\"}},{\"@type\":\"Person\",\"@id\":\"https:\\\/\\\/www.eldigitaldeasturias.com\\\/noticias\\\/author\\\/admin\\\/#author\",\"url\":\"https:\\\/\\\/www.eldigitaldeasturias.com\\\/noticias\\\/author\\\/admin\\\/\",\"name\":\"El Digital de Asturias\",\"image\":{\"@type\":\"ImageObject\",\"@id\":\"https:\\\/\\\/www.eldigitaldeasturias.com\\\/noticias\\\/sudan-del-sur-la-epoca-de-cosecha-apenas-da-respiro-a-la-crisis-alimentaria\\\/#authorImage\",\"url\":\"https:\\\/\\\/secure.gravatar.com\\\/avatar\\\/df2aeffc32bcd13f8d26072ef8a91b623d677766deac7f97ca815868cd41bf5e?s=96&d=mm&r=g\",\"width\":96,\"height\":96,\"caption\":\"El Digital de Asturias\"}},{\"@type\":\"WebPage\",\"@id\":\"https:\\\/\\\/www.eldigitaldeasturias.com\\\/noticias\\\/sudan-del-sur-la-epoca-de-cosecha-apenas-da-respiro-a-la-crisis-alimentaria\\\/#webpage\",\"url\":\"https:\\\/\\\/www.eldigitaldeasturias.com\\\/noticias\\\/sudan-del-sur-la-epoca-de-cosecha-apenas-da-respiro-a-la-crisis-alimentaria\\\/\",\"name\":\"Sud\\u00e1n del Sur: la \\u00e9poca de cosecha apenas da respiro a la crisis alimentaria - El Digital de Asturias\",\"description\":\"La temporada de cosecha en Sud\\u00e1n del Sur no terminar\\u00e1 con la crisis alimentaria mientras contin\\u00fae el conflicto en el pa\\u00eds y la hiperinflaci\\u00f3n deje los alimentos fuera del alcance de muchos. As\\u00ed lo revela la Fase de Clasificaci\\u00f3n de Seguridad Alimentaria Integrada (IPC por sus siglas en ingl\\u00e9s) lanzada hoy por el gobierno de\",\"inLanguage\":\"es-ES\",\"isPartOf\":{\"@id\":\"https:\\\/\\\/www.eldigitaldeasturias.com\\\/noticias\\\/#website\"},\"breadcrumb\":{\"@id\":\"https:\\\/\\\/www.eldigitaldeasturias.com\\\/noticias\\\/sudan-del-sur-la-epoca-de-cosecha-apenas-da-respiro-a-la-crisis-alimentaria\\\/#breadcrumblist\"},\"author\":{\"@id\":\"https:\\\/\\\/www.eldigitaldeasturias.com\\\/noticias\\\/author\\\/admin\\\/#author\"},\"creator\":{\"@id\":\"https:\\\/\\\/www.eldigitaldeasturias.com\\\/noticias\\\/author\\\/admin\\\/#author\"},\"image\":{\"@type\":\"ImageObject\",\"url\":958781,\"@id\":\"https:\\\/\\\/www.eldigitaldeasturias.com\\\/noticias\\\/sudan-del-sur-la-epoca-de-cosecha-apenas-da-respiro-a-la-crisis-alimentaria\\\/#mainImage\"},\"primaryImageOfPage\":{\"@id\":\"https:\\\/\\\/www.eldigitaldeasturias.com\\\/noticias\\\/sudan-del-sur-la-epoca-de-cosecha-apenas-da-respiro-a-la-crisis-alimentaria\\\/#mainImage\"},\"datePublished\":\"2017-11-06T13:57:29+01:00\",\"dateModified\":\"2017-11-06T13:57:29+01:00\"},{\"@type\":\"WebSite\",\"@id\":\"https:\\\/\\\/www.eldigitaldeasturias.com\\\/noticias\\\/#website\",\"url\":\"https:\\\/\\\/www.eldigitaldeasturias.com\\\/noticias\\\/\",\"name\":\"El Digital de Asturias - Diario de actualidad y noticias\",\"alternateName\":\"El Digital de Asturias - Diario de actualidad y noticias\",\"description\":\"Hemeroteca\",\"inLanguage\":\"es-ES\",\"publisher\":{\"@id\":\"https:\\\/\\\/www.eldigitaldeasturias.com\\\/noticias\\\/#organization\"}}]}\n\t\t<\/script>\n\t\t<!-- All in One SEO Pro -->\r\n\t\t<title>Sud\u00e1n del Sur: la \u00e9poca de cosecha apenas da respiro a la crisis alimentaria - El Digital de Asturias<\/title>\n\n","aioseo_head_json":{"title":"Sud\u00e1n del Sur: la \u00e9poca de cosecha apenas da respiro a la crisis alimentaria - El Digital de Asturias","description":"La temporada de cosecha en Sud\u00e1n del Sur no terminar\u00e1 con la crisis alimentaria mientras contin\u00fae el conflicto en el pa\u00eds y la hiperinflaci\u00f3n deje los alimentos fuera del alcance de muchos. As\u00ed lo revela la Fase de Clasificaci\u00f3n de Seguridad Alimentaria Integrada (IPC por sus siglas en ingl\u00e9s) lanzada hoy por el gobierno de","canonical_url":"https:\/\/www.eldigitaldeasturias.com\/noticias\/sudan-del-sur-la-epoca-de-cosecha-apenas-da-respiro-a-la-crisis-alimentaria\/","robots":"max-image-preview:large","keywords":"actualidad","webmasterTools":{"google-site-verification":"UA-38556648-1","msvalidate.01":"7dfe9f3f1b24437ab69f4f2559babe99","miscellaneous":""},"schema":{"@context":"https:\/\/schema.org","@graph":[{"@type":"BlogPosting","@id":"https:\/\/www.eldigitaldeasturias.com\/noticias\/sudan-del-sur-la-epoca-de-cosecha-apenas-da-respiro-a-la-crisis-alimentaria\/#blogposting","name":"Sud\u00e1n del Sur: la \u00e9poca de cosecha apenas da respiro a la crisis alimentaria - El Digital de Asturias","headline":"Sud\u00e1n del Sur: la \u00e9poca de cosecha apenas da respiro a la crisis alimentaria","author":{"@id":"https:\/\/www.eldigitaldeasturias.com\/noticias\/author\/admin\/#author"},"publisher":{"@id":"https:\/\/www.eldigitaldeasturias.com\/noticias\/#organization"},"image":{"@type":"ImageObject","url":958781},"datePublished":"2017-11-06T13:57:29+01:00","dateModified":"2017-11-06T13:57:29+01:00","inLanguage":"es-ES","mainEntityOfPage":{"@id":"https:\/\/www.eldigitaldeasturias.com\/noticias\/sudan-del-sur-la-epoca-de-cosecha-apenas-da-respiro-a-la-crisis-alimentaria\/#webpage"},"isPartOf":{"@id":"https:\/\/www.eldigitaldeasturias.com\/noticias\/sudan-del-sur-la-epoca-de-cosecha-apenas-da-respiro-a-la-crisis-alimentaria\/#webpage"},"articleSection":"Actualidad"},{"@type":"BreadcrumbList","@id":"https:\/\/www.eldigitaldeasturias.com\/noticias\/sudan-del-sur-la-epoca-de-cosecha-apenas-da-respiro-a-la-crisis-alimentaria\/#breadcrumblist","itemListElement":[{"@type":"ListItem","@id":"https:\/\/www.eldigitaldeasturias.com\/noticias#listItem","position":1,"name":"Home","item":"https:\/\/www.eldigitaldeasturias.com\/noticias","nextItem":{"@type":"ListItem","@id":"https:\/\/www.eldigitaldeasturias.com\/noticias\/category\/actualidad\/#listItem","name":"Actualidad"}},{"@type":"ListItem","@id":"https:\/\/www.eldigitaldeasturias.com\/noticias\/category\/actualidad\/#listItem","position":2,"name":"Actualidad","item":"https:\/\/www.eldigitaldeasturias.com\/noticias\/category\/actualidad\/","nextItem":{"@type":"ListItem","@id":"https:\/\/www.eldigitaldeasturias.com\/noticias\/sudan-del-sur-la-epoca-de-cosecha-apenas-da-respiro-a-la-crisis-alimentaria\/#listItem","name":"Sud\u00e1n del Sur: la \u00e9poca de cosecha apenas da respiro a la crisis alimentaria"},"previousItem":{"@type":"ListItem","@id":"https:\/\/www.eldigitaldeasturias.com\/noticias#listItem","name":"Home"}},{"@type":"ListItem","@id":"https:\/\/www.eldigitaldeasturias.com\/noticias\/sudan-del-sur-la-epoca-de-cosecha-apenas-da-respiro-a-la-crisis-alimentaria\/#listItem","position":3,"name":"Sud\u00e1n del Sur: la \u00e9poca de cosecha apenas da respiro a la crisis alimentaria","previousItem":{"@type":"ListItem","@id":"https:\/\/www.eldigitaldeasturias.com\/noticias\/category\/actualidad\/#listItem","name":"Actualidad"}}]},{"@type":"Organization","@id":"https:\/\/www.eldigitaldeasturias.com\/noticias\/#organization","name":"El Digital de Asturias","description":"Hemeroteca","url":"https:\/\/www.eldigitaldeasturias.com\/noticias\/","email":"info@eldigitaldeasturias.com","telephone":"+34652131393","logo":{"@type":"ImageObject","url":"https:\/\/www.eldigitaldeasturias.com\/noticias\/wp-content\/uploads\/2020\/12\/EDA.jpg","@id":"https:\/\/www.eldigitaldeasturias.com\/noticias\/sudan-del-sur-la-epoca-de-cosecha-apenas-da-respiro-a-la-crisis-alimentaria\/#organizationLogo"},"image":{"@id":"https:\/\/www.eldigitaldeasturias.com\/noticias\/sudan-del-sur-la-epoca-de-cosecha-apenas-da-respiro-a-la-crisis-alimentaria\/#organizationLogo"},"sameAs":["https:\/\/facebook.com\/eldigitaldeasturias","https:\/\/www.youtube.com\/channel\/UCZP-2wLEB9Rv6erhFmqVnvg"],"address":{"@id":"https:\/\/www.eldigitaldeasturias.com\/noticias\/#postaladdress","@type":"PostalAddress","streetAddress":"san antonio 4","postalCode":"33430","addressLocality":"Cand\u00e1s","addressRegion":"Asturias","addressCountry":"ES"}},{"@type":"Person","@id":"https:\/\/www.eldigitaldeasturias.com\/noticias\/author\/admin\/#author","url":"https:\/\/www.eldigitaldeasturias.com\/noticias\/author\/admin\/","name":"El Digital de Asturias","image":{"@type":"ImageObject","@id":"https:\/\/www.eldigitaldeasturias.com\/noticias\/sudan-del-sur-la-epoca-de-cosecha-apenas-da-respiro-a-la-crisis-alimentaria\/#authorImage","url":"https:\/\/secure.gravatar.com\/avatar\/df2aeffc32bcd13f8d26072ef8a91b623d677766deac7f97ca815868cd41bf5e?s=96&d=mm&r=g","width":96,"height":96,"caption":"El Digital de Asturias"}},{"@type":"WebPage","@id":"https:\/\/www.eldigitaldeasturias.com\/noticias\/sudan-del-sur-la-epoca-de-cosecha-apenas-da-respiro-a-la-crisis-alimentaria\/#webpage","url":"https:\/\/www.eldigitaldeasturias.com\/noticias\/sudan-del-sur-la-epoca-de-cosecha-apenas-da-respiro-a-la-crisis-alimentaria\/","name":"Sud\u00e1n del Sur: la \u00e9poca de cosecha apenas da respiro a la crisis alimentaria - El Digital de Asturias","description":"La temporada de cosecha en Sud\u00e1n del Sur no terminar\u00e1 con la crisis alimentaria mientras contin\u00fae el conflicto en el pa\u00eds y la hiperinflaci\u00f3n deje los alimentos fuera del alcance de muchos. As\u00ed lo revela la Fase de Clasificaci\u00f3n de Seguridad Alimentaria Integrada (IPC por sus siglas en ingl\u00e9s) lanzada hoy por el gobierno de","inLanguage":"es-ES","isPartOf":{"@id":"https:\/\/www.eldigitaldeasturias.com\/noticias\/#website"},"breadcrumb":{"@id":"https:\/\/www.eldigitaldeasturias.com\/noticias\/sudan-del-sur-la-epoca-de-cosecha-apenas-da-respiro-a-la-crisis-alimentaria\/#breadcrumblist"},"author":{"@id":"https:\/\/www.eldigitaldeasturias.com\/noticias\/author\/admin\/#author"},"creator":{"@id":"https:\/\/www.eldigitaldeasturias.com\/noticias\/author\/admin\/#author"},"image":{"@type":"ImageObject","url":958781,"@id":"https:\/\/www.eldigitaldeasturias.com\/noticias\/sudan-del-sur-la-epoca-de-cosecha-apenas-da-respiro-a-la-crisis-alimentaria\/#mainImage"},"primaryImageOfPage":{"@id":"https:\/\/www.eldigitaldeasturias.com\/noticias\/sudan-del-sur-la-epoca-de-cosecha-apenas-da-respiro-a-la-crisis-alimentaria\/#mainImage"},"datePublished":"2017-11-06T13:57:29+01:00","dateModified":"2017-11-06T13:57:29+01:00"},{"@type":"WebSite","@id":"https:\/\/www.eldigitaldeasturias.com\/noticias\/#website","url":"https:\/\/www.eldigitaldeasturias.com\/noticias\/","name":"El Digital de Asturias - Diario de actualidad y noticias","alternateName":"El Digital de Asturias - Diario de actualidad y noticias","description":"Hemeroteca","inLanguage":"es-ES","publisher":{"@id":"https:\/\/www.eldigitaldeasturias.com\/noticias\/#organization"}}]},"og:locale":"es_ES","og:site_name":"El Digital de Asturias","og:type":"article","og:title":"Sud\u00e1n del Sur: la \u00e9poca de cosecha apenas da respiro a la crisis alimentaria - El Digital de Asturias","og:description":"La temporada de cosecha en Sud\u00e1n del Sur no terminar\u00e1 con la crisis alimentaria mientras contin\u00fae el conflicto en el pa\u00eds y la hiperinflaci\u00f3n deje los alimentos fuera del alcance de muchos. As\u00ed lo revela la Fase de Clasificaci\u00f3n de Seguridad Alimentaria Integrada (IPC por sus siglas en ingl\u00e9s) lanzada hoy por el gobierno de","og:url":"https:\/\/www.eldigitaldeasturias.com\/noticias\/sudan-del-sur-la-epoca-de-cosecha-apenas-da-respiro-a-la-crisis-alimentaria\/","article:tag":["actualidad"],"article:published_time":"2017-11-06T13:57:29+00:00","article:modified_time":"2017-11-06T13:57:29+00:00","article:publisher":"https:\/\/facebook.com\/eldigitaldeasturias","twitter:card":"summary_large_image","twitter:title":"Sud\u00e1n del Sur: la \u00e9poca de cosecha apenas da respiro a la crisis alimentaria - El Digital de Asturias","twitter:description":"La temporada de cosecha en Sud\u00e1n del Sur no terminar\u00e1 con la crisis alimentaria mientras contin\u00fae el conflicto en el pa\u00eds y la hiperinflaci\u00f3n deje los alimentos fuera del alcance de muchos. As\u00ed lo revela la Fase de Clasificaci\u00f3n de Seguridad Alimentaria Integrada (IPC por sus siglas en ingl\u00e9s) lanzada hoy por el gobierno de","twitter:image":"https:\/\/www.eldigitaldeasturias.com\/noticias\/wp-content\/uploads\/2020\/12\/EDA-1.jpg","twitter:label1":"Escrito por","twitter:data1":"El Digital de Asturias","twitter:label2":"Tiempo de lectura estimado","twitter:data2":"5 minutos"},"aioseo_meta_data":{"post_id":"958780","title":null,"description":null,"keywords":null,"keyphrases":null,"primary_term":null,"canonical_url":null,"og_title":null,"og_description":null,"og_object_type":"default","og_image_type":"default","og_image_url":null,"og_image_width":null,"og_image_height":null,"og_image_custom_url":null,"og_image_custom_fields":null,"og_video":null,"og_custom_url":null,"og_article_section":null,"og_article_tags":null,"twitter_use_og":false,"twitter_card":"default","twitter_image_type":"default","twitter_image_url":null,"twitter_image_custom_url":null,"twitter_image_custom_fields":null,"twitter_title":null,"twitter_description":null,"schema":{"blockGraphs":[],"customGraphs":[],"default":{"data":{"Article":[],"Course":[],"Dataset":[],"FAQPage":[],"Movie":[],"Person":[],"Product":[],"ProductReview":[],"Car":[],"Recipe":[],"Service":[],"SoftwareApplication":[],"WebPage":[]},"graphName":"","isEnabled":true},"graphs":[],"defaultGraph":"","defaultPostTypeGraph":""},"schema_type":null,"schema_type_options":null,"pillar_content":false,"robots_default":true,"robots_noindex":false,"robots_noarchive":false,"robots_nosnippet":false,"robots_nofollow":false,"robots_noimageindex":false,"robots_noodp":false,"robots_notranslate":false,"robots_max_snippet":null,"robots_max_videopreview":null,"robots_max_imagepreview":"large","priority":null,"frequency":null,"local_seo":null,"seo_analyzer_scan_date":"2025-12-06 22:37:52","breadcrumb_settings":null,"limit_modified_date":false,"open_ai":null,"ai":null,"created":"2020-12-21 12:53:59","updated":"2025-12-06 22:37:52","focus_keyword":null,"additional_keywords":null,"truseo_locale":null},"aioseo_breadcrumb":"<div class=\"aioseo-breadcrumbs\"><span class=\"aioseo-breadcrumb\">\n\t<a href=\"https:\/\/www.eldigitaldeasturias.com\/noticias\" title=\"Home\">Home<\/a>\n<\/span><span class=\"aioseo-breadcrumb-separator\">\u2013<\/span><span class=\"aioseo-breadcrumb\">\n\t<a href=\"https:\/\/www.eldigitaldeasturias.com\/noticias\/category\/actualidad\/\" title=\"Actualidad\">Actualidad<\/a>\n<\/span><span class=\"aioseo-breadcrumb-separator\">\u2013<\/span><span class=\"aioseo-breadcrumb\">\n\t<a href=\"https:\/\/www.eldigitaldeasturias.com\/noticias\/sudan-del-sur-la-epoca-de-cosecha-apenas-da-respiro-a-la-crisis-alimentaria\/\" title=\"Sud\u00e1n del Sur: la \u00e9poca de cosecha apenas da respiro a la crisis alimentaria\">Sud\u00e1n del Sur: la \u00e9poca de cosecha apenas da respiro a la crisis alimentaria<\/a>\n<\/span><\/div>","aioseo_breadcrumb_json":[{"label":"Home","link":"https:\/\/www.eldigitaldeasturias.com\/noticias"},{"label":"Actualidad","link":"https:\/\/www.eldigitaldeasturias.com\/noticias\/category\/actualidad\/"},{"label":"Sud\u00e1n del Sur: la \u00e9poca de cosecha apenas da respiro a la crisis alimentaria","link":"https:\/\/www.eldigitaldeasturias.com\/noticias\/sudan-del-sur-la-epoca-de-cosecha-apenas-da-respiro-a-la-crisis-alimentaria\/"}],"_links":{"self":[{"href":"https:\/\/www.eldigitaldeasturias.com\/noticias\/wp-json\/wp\/v2\/posts\/958780","targetHints":{"allow":["GET"]}}],"collection":[{"href":"https:\/\/www.eldigitaldeasturias.com\/noticias\/wp-json\/wp\/v2\/posts"}],"about":[{"href":"https:\/\/www.eldigitaldeasturias.com\/noticias\/wp-json\/wp\/v2\/types\/post"}],"author":[{"embeddable":true,"href":"https:\/\/www.eldigitaldeasturias.com\/noticias\/wp-json\/wp\/v2\/users\/1"}],"replies":[{"embeddable":true,"href":"https:\/\/www.eldigitaldeasturias.com\/noticias\/wp-json\/wp\/v2\/comments?post=958780"}],"version-history":[{"count":0,"href":"https:\/\/www.eldigitaldeasturias.com\/noticias\/wp-json\/wp\/v2\/posts\/958780\/revisions"}],"wp:attachment":[{"href":"https:\/\/www.eldigitaldeasturias.com\/noticias\/wp-json\/wp\/v2\/media?parent=958780"}],"wp:term":[{"taxonomy":"category","embeddable":true,"href":"https:\/\/www.eldigitaldeasturias.com\/noticias\/wp-json\/wp\/v2\/categories?post=958780"},{"taxonomy":"post_tag","embeddable":true,"href":"https:\/\/www.eldigitaldeasturias.com\/noticias\/wp-json\/wp\/v2\/tags?post=958780"}],"curies":[{"name":"wp","href":"https:\/\/api.w.org\/{rel}","templated":true}]}}