{"id":958760,"date":"2017-11-05T22:03:10","date_gmt":"2017-11-05T22:03:10","guid":{"rendered":"http:\/\/www.eldigitaldeasturias.com\/noticias\/?p=958760"},"modified":"2017-11-05T22:03:10","modified_gmt":"2017-11-05T22:03:10","slug":"javier-arenas-una-cosa-es-defender-ideas-y-otra-reirte-de-las-leyes","status":"publish","type":"post","link":"https:\/\/www.eldigitaldeasturias.com\/noticias\/javier-arenas-una-cosa-es-defender-ideas-y-otra-reirte-de-las-leyes\/","title":{"rendered":"Javier Arenas: \u00abUna cosa es defender ideas y otra re\u00edrte de las leyes\u201d"},"content":{"rendered":"<p><img loading=\"lazy\" decoding=\"async\" class=\"alignleft size-medium wp-image-958761\" src=\"https:\/\/www.eldigitaldeasturias.com\/noticias\/wp-content\/uploads\/2017\/11\/Congreso_nngg_sevilla-360x163.jpg\" alt=\"\" width=\"360\" height=\"163\" \/>El vicesecretario de Pol\u00edtica Auton\u00f3mica y Local del Partido Popular, Javier Arenas, ha asegurado hoy que el Estado de Derecho en nuestro pa\u00eds \u201cno se fuga, se queda aqu\u00ed, porque es la garant\u00eda de la libertad de todos los espa\u00f1oles\u201d.<\/p>\n<p>A su juicio, los \u00faltimos acontecimientos pol\u00edticos demuestran que el ex presidente de la Generalitat de Catalu\u00f1a, Carles Puigdemont, \u201cha hecho un da\u00f1o terrible con sus comportamientos y sus decisiones a los que no piensan como \u00e9l, pero tambi\u00e9n a los que piensan como \u00e9l\u201d, y para ello ha puesto como ejemplo la subida del paro el pasado mes de octubre en Catalu\u00f1a el doble de lo que lo hizo el pasado a\u00f1o.<\/p>\n<p>Durante su intervenci\u00f3n en el Congreso de Nuevas Generaciones de Sevilla, Arenas ha denunciado que algunas personas digan que \u201cen Espa\u00f1a no se pueden defender ideas distintas\u201d, cuando a diario en nuestro pa\u00eds \u2013y ha puesto como ejemplo el Senado- \u201cmuchos se\u00f1ores se proclaman independentistas, republicanos o separatistas y no pasa nada\u201d.<\/p>\n<p>No obstante, ha precisado que \u201cno es lo mismo defender todos los d\u00edas las ideas en las que crees que saltarte todos los d\u00edas a la torera las leyes y la democracia en Espa\u00f1a. Una cosa es defender ideas y otra re\u00edrte de las leyes\u201d.<\/p>\n<p>Por ello, ha pedido a los j\u00f3venes de Nuevas Generaciones que se comprometan \u201ccon la buena pol\u00edtica\u201d, la que intenta a diario resolver los problemas de los ciudadanos, frente a la \u201cmala pol\u00edtica\u201d, que solo crea problemas a los ciudadanos.<\/p>\n<p><strong>\u201cLO PROGRESISTA ES LA DEMOCRACIA DE LA CONCORDIA\u201d<\/strong><\/p>\n<p>En opini\u00f3n del vicesecretario de Pol\u00edtica Auton\u00f3mica y Local del PP, lo progresista es \u201cla unidad y la cohesi\u00f3n de Espa\u00f1a\u201d, mientras que lo antiguo es \u201cquerer destrozar Espa\u00f1a\u201d; lo progresista es \u201cla solidaridad ente espa\u00f1oles\u201d, y lo antiguo \u201cla sociedad desigual, insolidaria\u201d.<\/p>\n<p>Asimismo, ha considerado que lo progresista es \u201crespetar la ley, el Estado de Derecho y a los dem\u00e1s\u201d, y lo antiguo \u201cun mundo sin reglas y sin respeto\u201d como el que practican los extremistas. En definitiva, ha enfatizado Arenas, \u201clo progresista es la democracia de la concordia frente a los populismos del odio\u201d.<\/p>\n<p>En este sentido, ha reclamado a los j\u00f3venes del PP que \u201ccon la cabeza muy alta, todos los d\u00edas expres\u00e9is vuestro compromiso con la Espa\u00f1a constitucional, de las libertades y de la concordia frente a los que quieren cargarse a Espa\u00f1a\u201d.<\/p>\n<p><strong>GENEROSIDAD PARA LLEGAR A ACUERDOS ANTES Y DESPU\u00c9S DEL 21-D<\/strong><\/p>\n<p>De cara a los comicios que se celebrar\u00e1n el pr\u00f3ximo 21 de diciembre en Catalu\u00f1a, Javier Arenas ha expresado su deseo de que el Partido Popular, Ciudadanos y el Partido Socialista de Catalu\u00f1a \u201ctengamos m\u00e1s generosidad que nunca, para que antes o despu\u00e9s de las elecciones se alcancen los acuerdos que permitan un gobierno que respete la ley, la Constituci\u00f3n y el Estatuto de Autonom\u00eda\u201d.<\/p>\n<p>En su opini\u00f3n, son tres los objetivos que se deben perseguir despu\u00e9s de las pr\u00f3ximas elecciones auton\u00f3micas: la recuperaci\u00f3n de la convivencia, la reconstrucci\u00f3n de la econom\u00eda y la restauraci\u00f3n de la ley, el cumplimiento de la Constituci\u00f3n Espa\u00f1ola y el Estatuto de Autonom\u00eda.<\/p>\n<p>Por \u00faltimo, ha querido destacar la actuaci\u00f3n de Mariano Rajoy en todo este proceso, al que ha calificado como \u201cel buen gobernante para las situaciones dif\u00edciles\u201d, tal y como demostr\u00f3 cuando le toc\u00f3 abordar la crisis econ\u00f3mica, defendiendo la soberan\u00eda nacional y evitando el rescate, o en estos momentos \u201cdefendiendo la cohesi\u00f3n de Espa\u00f1a desde la prudencia, la firmeza, la ley y las urnas\u201d.<\/p>\n","protected":false},"excerpt":{"rendered":"<p>El vicesecretario de Pol\u00edtica Auton\u00f3mica y Local del Partido Popular, Javier Arenas, ha asegurado hoy que el Estado de Derecho en nuestro pa\u00eds \u201cno se fuga, se queda aqu\u00ed, porque es la garant\u00eda de la libertad de todos los espa\u00f1oles\u201d. A su juicio, los \u00faltimos acontecimientos pol\u00edticos demuestran que el ex presidente de la Generalitat [&hellip;]<\/p>\n","protected":false},"author":1,"featured_media":958761,"comment_status":"closed","ping_status":"closed","sticky":false,"template":"","format":"standard","meta":{"footnotes":""},"categories":[1],"tags":[],"class_list":["post-958760","post","type-post","status-publish","format-standard","has-post-thumbnail","hentry","category-actualidad"],"aioseo_notices":[],"aioseo_head":"\n\t\t<!-- All in One SEO Pro 5.0.1 - aioseo.com -->\n\t<meta name=\"description\" content=\"El vicesecretario de Pol\u00edtica Auton\u00f3mica y Local del Partido Popular, Javier Arenas, ha asegurado hoy que el Estado de Derecho en nuestro pa\u00eds \u201cno se fuga, se queda aqu\u00ed, porque es la garant\u00eda de la libertad de todos los espa\u00f1oles\u201d. A su juicio, los \u00faltimos acontecimientos pol\u00edticos demuestran que el ex presidente de la Generalitat\" \/>\n\t<meta name=\"robots\" content=\"max-image-preview:large\" \/>\n\t<meta name=\"author\" content=\"El Digital de Asturias\"\/>\n\t<meta name=\"google-site-verification\" content=\"UA-38556648-1\" \/>\n\t<meta name=\"msvalidate.01\" content=\"7dfe9f3f1b24437ab69f4f2559babe99\" \/>\n\t<meta name=\"keywords\" content=\"actualidad\" \/>\n\t<link rel=\"canonical\" href=\"https:\/\/www.eldigitaldeasturias.com\/noticias\/javier-arenas-una-cosa-es-defender-ideas-y-otra-reirte-de-las-leyes\/\" \/>\n\t<meta name=\"generator\" content=\"All in One SEO Pro (AIOSEO) 5.0.1\" \/>\n\t\t<meta property=\"og:locale\" content=\"es_ES\" \/>\n\t\t<meta property=\"og:site_name\" content=\"El Digital de Asturias\" \/>\n\t\t<meta property=\"og:type\" content=\"article\" \/>\n\t\t<meta property=\"og:title\" content=\"Javier Arenas: \u00abUna cosa es defender ideas y otra re\u00edrte de las leyes\u201d - El Digital de Asturias\" \/>\n\t\t<meta property=\"og:description\" content=\"El vicesecretario de Pol\u00edtica Auton\u00f3mica y Local del Partido Popular, Javier Arenas, ha asegurado hoy que el Estado de Derecho en nuestro pa\u00eds \u201cno se fuga, se queda aqu\u00ed, porque es la garant\u00eda de la libertad de todos los espa\u00f1oles\u201d. A su juicio, los \u00faltimos acontecimientos pol\u00edticos demuestran que el ex presidente de la Generalitat\" \/>\n\t\t<meta property=\"og:url\" content=\"https:\/\/www.eldigitaldeasturias.com\/noticias\/javier-arenas-una-cosa-es-defender-ideas-y-otra-reirte-de-las-leyes\/\" \/>\n\t\t<meta property=\"article:tag\" content=\"actualidad\" \/>\n\t\t<meta property=\"article:published_time\" content=\"2017-11-05T22:03:10+00:00\" \/>\n\t\t<meta property=\"article:modified_time\" content=\"2017-11-05T22:03:10+00:00\" \/>\n\t\t<meta property=\"article:publisher\" content=\"https:\/\/facebook.com\/eldigitaldeasturias\" \/>\n\t\t<meta name=\"twitter:card\" content=\"summary_large_image\" \/>\n\t\t<meta name=\"twitter:title\" content=\"Javier Arenas: \u00abUna cosa es defender ideas y otra re\u00edrte de las leyes\u201d - El Digital de Asturias\" \/>\n\t\t<meta name=\"twitter:description\" content=\"El vicesecretario de Pol\u00edtica Auton\u00f3mica y Local del Partido Popular, Javier Arenas, ha asegurado hoy que el Estado de Derecho en nuestro pa\u00eds \u201cno se fuga, se queda aqu\u00ed, porque es la garant\u00eda de la libertad de todos los espa\u00f1oles\u201d. A su juicio, los \u00faltimos acontecimientos pol\u00edticos demuestran que el ex presidente de la Generalitat\" \/>\n\t\t<meta name=\"twitter:image\" content=\"https:\/\/www.eldigitaldeasturias.com\/noticias\/wp-content\/uploads\/2020\/12\/EDA-1.jpg\" \/>\n\t\t<meta name=\"twitter:label1\" content=\"Escrito por\" \/>\n\t\t<meta name=\"twitter:data1\" content=\"El Digital de Asturias\" \/>\n\t\t<meta name=\"twitter:label2\" content=\"Tiempo de lectura estimado\" \/>\n\t\t<meta name=\"twitter:data2\" content=\"3 minutos\" \/>\n\t\t<script type=\"application\/ld+json\" class=\"aioseo-schema\">\n\t\t\t{\"@context\":\"https:\\\/\\\/schema.org\",\"@graph\":[{\"@type\":\"BlogPosting\",\"@id\":\"https:\\\/\\\/www.eldigitaldeasturias.com\\\/noticias\\\/javier-arenas-una-cosa-es-defender-ideas-y-otra-reirte-de-las-leyes\\\/#blogposting\",\"name\":\"Javier Arenas: \\u00abUna cosa es defender ideas y otra re\\u00edrte de las leyes\\u201d - El Digital de Asturias\",\"headline\":\"Javier Arenas: \\u00abUna cosa es defender ideas y otra re\\u00edrte de las leyes\\u201d\",\"author\":{\"@id\":\"https:\\\/\\\/www.eldigitaldeasturias.com\\\/noticias\\\/author\\\/admin\\\/#author\"},\"publisher\":{\"@id\":\"https:\\\/\\\/www.eldigitaldeasturias.com\\\/noticias\\\/#organization\"},\"image\":{\"@type\":\"ImageObject\",\"url\":958761},\"datePublished\":\"2017-11-05T22:03:10+01:00\",\"dateModified\":\"2017-11-05T22:03:10+01:00\",\"inLanguage\":\"es-ES\",\"mainEntityOfPage\":{\"@id\":\"https:\\\/\\\/www.eldigitaldeasturias.com\\\/noticias\\\/javier-arenas-una-cosa-es-defender-ideas-y-otra-reirte-de-las-leyes\\\/#webpage\"},\"isPartOf\":{\"@id\":\"https:\\\/\\\/www.eldigitaldeasturias.com\\\/noticias\\\/javier-arenas-una-cosa-es-defender-ideas-y-otra-reirte-de-las-leyes\\\/#webpage\"},\"articleSection\":\"Actualidad\"},{\"@type\":\"BreadcrumbList\",\"@id\":\"https:\\\/\\\/www.eldigitaldeasturias.com\\\/noticias\\\/javier-arenas-una-cosa-es-defender-ideas-y-otra-reirte-de-las-leyes\\\/#breadcrumblist\",\"itemListElement\":[{\"@type\":\"ListItem\",\"@id\":\"https:\\\/\\\/www.eldigitaldeasturias.com\\\/noticias#listItem\",\"position\":1,\"name\":\"Home\",\"item\":\"https:\\\/\\\/www.eldigitaldeasturias.com\\\/noticias\",\"nextItem\":{\"@type\":\"ListItem\",\"@id\":\"https:\\\/\\\/www.eldigitaldeasturias.com\\\/noticias\\\/category\\\/actualidad\\\/#listItem\",\"name\":\"Actualidad\"}},{\"@type\":\"ListItem\",\"@id\":\"https:\\\/\\\/www.eldigitaldeasturias.com\\\/noticias\\\/category\\\/actualidad\\\/#listItem\",\"position\":2,\"name\":\"Actualidad\",\"item\":\"https:\\\/\\\/www.eldigitaldeasturias.com\\\/noticias\\\/category\\\/actualidad\\\/\",\"nextItem\":{\"@type\":\"ListItem\",\"@id\":\"https:\\\/\\\/www.eldigitaldeasturias.com\\\/noticias\\\/javier-arenas-una-cosa-es-defender-ideas-y-otra-reirte-de-las-leyes\\\/#listItem\",\"name\":\"Javier Arenas: \\u00abUna cosa es defender ideas y otra re\\u00edrte de las leyes\\u201d\"},\"previousItem\":{\"@type\":\"ListItem\",\"@id\":\"https:\\\/\\\/www.eldigitaldeasturias.com\\\/noticias#listItem\",\"name\":\"Home\"}},{\"@type\":\"ListItem\",\"@id\":\"https:\\\/\\\/www.eldigitaldeasturias.com\\\/noticias\\\/javier-arenas-una-cosa-es-defender-ideas-y-otra-reirte-de-las-leyes\\\/#listItem\",\"position\":3,\"name\":\"Javier Arenas: \\u00abUna cosa es defender ideas y otra re\\u00edrte de las leyes\\u201d\",\"previousItem\":{\"@type\":\"ListItem\",\"@id\":\"https:\\\/\\\/www.eldigitaldeasturias.com\\\/noticias\\\/category\\\/actualidad\\\/#listItem\",\"name\":\"Actualidad\"}}]},{\"@type\":\"Organization\",\"@id\":\"https:\\\/\\\/www.eldigitaldeasturias.com\\\/noticias\\\/#organization\",\"name\":\"El Digital de Asturias\",\"description\":\"Hemeroteca\",\"url\":\"https:\\\/\\\/www.eldigitaldeasturias.com\\\/noticias\\\/\",\"email\":\"info@eldigitaldeasturias.com\",\"telephone\":\"+34652131393\",\"logo\":{\"@type\":\"ImageObject\",\"url\":\"https:\\\/\\\/www.eldigitaldeasturias.com\\\/noticias\\\/wp-content\\\/uploads\\\/2020\\\/12\\\/EDA.jpg\",\"@id\":\"https:\\\/\\\/www.eldigitaldeasturias.com\\\/noticias\\\/javier-arenas-una-cosa-es-defender-ideas-y-otra-reirte-de-las-leyes\\\/#organizationLogo\"},\"image\":{\"@id\":\"https:\\\/\\\/www.eldigitaldeasturias.com\\\/noticias\\\/javier-arenas-una-cosa-es-defender-ideas-y-otra-reirte-de-las-leyes\\\/#organizationLogo\"},\"sameAs\":[\"https:\\\/\\\/facebook.com\\\/eldigitaldeasturias\",\"https:\\\/\\\/www.youtube.com\\\/channel\\\/UCZP-2wLEB9Rv6erhFmqVnvg\"],\"address\":{\"@id\":\"https:\\\/\\\/www.eldigitaldeasturias.com\\\/noticias\\\/#postaladdress\",\"@type\":\"PostalAddress\",\"streetAddress\":\"san antonio 4\",\"postalCode\":\"33430\",\"addressLocality\":\"Cand\\u00e1s\",\"addressRegion\":\"Asturias\",\"addressCountry\":\"ES\"}},{\"@type\":\"Person\",\"@id\":\"https:\\\/\\\/www.eldigitaldeasturias.com\\\/noticias\\\/author\\\/admin\\\/#author\",\"url\":\"https:\\\/\\\/www.eldigitaldeasturias.com\\\/noticias\\\/author\\\/admin\\\/\",\"name\":\"El Digital de Asturias\",\"image\":{\"@type\":\"ImageObject\",\"@id\":\"https:\\\/\\\/www.eldigitaldeasturias.com\\\/noticias\\\/javier-arenas-una-cosa-es-defender-ideas-y-otra-reirte-de-las-leyes\\\/#authorImage\",\"url\":\"https:\\\/\\\/secure.gravatar.com\\\/avatar\\\/df2aeffc32bcd13f8d26072ef8a91b623d677766deac7f97ca815868cd41bf5e?s=96&d=mm&r=g\",\"width\":96,\"height\":96,\"caption\":\"El Digital de Asturias\"}},{\"@type\":\"WebPage\",\"@id\":\"https:\\\/\\\/www.eldigitaldeasturias.com\\\/noticias\\\/javier-arenas-una-cosa-es-defender-ideas-y-otra-reirte-de-las-leyes\\\/#webpage\",\"url\":\"https:\\\/\\\/www.eldigitaldeasturias.com\\\/noticias\\\/javier-arenas-una-cosa-es-defender-ideas-y-otra-reirte-de-las-leyes\\\/\",\"name\":\"Javier Arenas: \\u00abUna cosa es defender ideas y otra re\\u00edrte de las leyes\\u201d - El Digital de Asturias\",\"description\":\"El vicesecretario de Pol\\u00edtica Auton\\u00f3mica y Local del Partido Popular, Javier Arenas, ha asegurado hoy que el Estado de Derecho en nuestro pa\\u00eds \\u201cno se fuga, se queda aqu\\u00ed, porque es la garant\\u00eda de la libertad de todos los espa\\u00f1oles\\u201d. A su juicio, los \\u00faltimos acontecimientos pol\\u00edticos demuestran que el ex presidente de la Generalitat\",\"inLanguage\":\"es-ES\",\"isPartOf\":{\"@id\":\"https:\\\/\\\/www.eldigitaldeasturias.com\\\/noticias\\\/#website\"},\"breadcrumb\":{\"@id\":\"https:\\\/\\\/www.eldigitaldeasturias.com\\\/noticias\\\/javier-arenas-una-cosa-es-defender-ideas-y-otra-reirte-de-las-leyes\\\/#breadcrumblist\"},\"author\":{\"@id\":\"https:\\\/\\\/www.eldigitaldeasturias.com\\\/noticias\\\/author\\\/admin\\\/#author\"},\"creator\":{\"@id\":\"https:\\\/\\\/www.eldigitaldeasturias.com\\\/noticias\\\/author\\\/admin\\\/#author\"},\"image\":{\"@type\":\"ImageObject\",\"url\":958761,\"@id\":\"https:\\\/\\\/www.eldigitaldeasturias.com\\\/noticias\\\/javier-arenas-una-cosa-es-defender-ideas-y-otra-reirte-de-las-leyes\\\/#mainImage\"},\"primaryImageOfPage\":{\"@id\":\"https:\\\/\\\/www.eldigitaldeasturias.com\\\/noticias\\\/javier-arenas-una-cosa-es-defender-ideas-y-otra-reirte-de-las-leyes\\\/#mainImage\"},\"datePublished\":\"2017-11-05T22:03:10+01:00\",\"dateModified\":\"2017-11-05T22:03:10+01:00\"},{\"@type\":\"WebSite\",\"@id\":\"https:\\\/\\\/www.eldigitaldeasturias.com\\\/noticias\\\/#website\",\"url\":\"https:\\\/\\\/www.eldigitaldeasturias.com\\\/noticias\\\/\",\"name\":\"El Digital de Asturias - Diario de actualidad y noticias\",\"alternateName\":\"El Digital de Asturias - Diario de actualidad y noticias\",\"description\":\"Hemeroteca\",\"inLanguage\":\"es-ES\",\"publisher\":{\"@id\":\"https:\\\/\\\/www.eldigitaldeasturias.com\\\/noticias\\\/#organization\"}}]}\n\t\t<\/script>\n\t\t<!-- All in One SEO Pro -->\r\n\t\t<title>Javier Arenas: \u00abUna cosa es defender ideas y otra re\u00edrte de las leyes\u201d - El Digital de Asturias<\/title>\n\n","aioseo_head_json":{"title":"Javier Arenas: \u00abUna cosa es defender ideas y otra re\u00edrte de las leyes\u201d - El Digital de Asturias","description":"El vicesecretario de Pol\u00edtica Auton\u00f3mica y Local del Partido Popular, Javier Arenas, ha asegurado hoy que el Estado de Derecho en nuestro pa\u00eds \u201cno se fuga, se queda aqu\u00ed, porque es la garant\u00eda de la libertad de todos los espa\u00f1oles\u201d. A su juicio, los \u00faltimos acontecimientos pol\u00edticos demuestran que el ex presidente de la Generalitat","canonical_url":"https:\/\/www.eldigitaldeasturias.com\/noticias\/javier-arenas-una-cosa-es-defender-ideas-y-otra-reirte-de-las-leyes\/","robots":"max-image-preview:large","keywords":"actualidad","webmasterTools":{"google-site-verification":"UA-38556648-1","msvalidate.01":"7dfe9f3f1b24437ab69f4f2559babe99","miscellaneous":""},"schema":{"@context":"https:\/\/schema.org","@graph":[{"@type":"BlogPosting","@id":"https:\/\/www.eldigitaldeasturias.com\/noticias\/javier-arenas-una-cosa-es-defender-ideas-y-otra-reirte-de-las-leyes\/#blogposting","name":"Javier Arenas: \u00abUna cosa es defender ideas y otra re\u00edrte de las leyes\u201d - El Digital de Asturias","headline":"Javier Arenas: \u00abUna cosa es defender ideas y otra re\u00edrte de las leyes\u201d","author":{"@id":"https:\/\/www.eldigitaldeasturias.com\/noticias\/author\/admin\/#author"},"publisher":{"@id":"https:\/\/www.eldigitaldeasturias.com\/noticias\/#organization"},"image":{"@type":"ImageObject","url":958761},"datePublished":"2017-11-05T22:03:10+01:00","dateModified":"2017-11-05T22:03:10+01:00","inLanguage":"es-ES","mainEntityOfPage":{"@id":"https:\/\/www.eldigitaldeasturias.com\/noticias\/javier-arenas-una-cosa-es-defender-ideas-y-otra-reirte-de-las-leyes\/#webpage"},"isPartOf":{"@id":"https:\/\/www.eldigitaldeasturias.com\/noticias\/javier-arenas-una-cosa-es-defender-ideas-y-otra-reirte-de-las-leyes\/#webpage"},"articleSection":"Actualidad"},{"@type":"BreadcrumbList","@id":"https:\/\/www.eldigitaldeasturias.com\/noticias\/javier-arenas-una-cosa-es-defender-ideas-y-otra-reirte-de-las-leyes\/#breadcrumblist","itemListElement":[{"@type":"ListItem","@id":"https:\/\/www.eldigitaldeasturias.com\/noticias#listItem","position":1,"name":"Home","item":"https:\/\/www.eldigitaldeasturias.com\/noticias","nextItem":{"@type":"ListItem","@id":"https:\/\/www.eldigitaldeasturias.com\/noticias\/category\/actualidad\/#listItem","name":"Actualidad"}},{"@type":"ListItem","@id":"https:\/\/www.eldigitaldeasturias.com\/noticias\/category\/actualidad\/#listItem","position":2,"name":"Actualidad","item":"https:\/\/www.eldigitaldeasturias.com\/noticias\/category\/actualidad\/","nextItem":{"@type":"ListItem","@id":"https:\/\/www.eldigitaldeasturias.com\/noticias\/javier-arenas-una-cosa-es-defender-ideas-y-otra-reirte-de-las-leyes\/#listItem","name":"Javier Arenas: \u00abUna cosa es defender ideas y otra re\u00edrte de las leyes\u201d"},"previousItem":{"@type":"ListItem","@id":"https:\/\/www.eldigitaldeasturias.com\/noticias#listItem","name":"Home"}},{"@type":"ListItem","@id":"https:\/\/www.eldigitaldeasturias.com\/noticias\/javier-arenas-una-cosa-es-defender-ideas-y-otra-reirte-de-las-leyes\/#listItem","position":3,"name":"Javier Arenas: \u00abUna cosa es defender ideas y otra re\u00edrte de las leyes\u201d","previousItem":{"@type":"ListItem","@id":"https:\/\/www.eldigitaldeasturias.com\/noticias\/category\/actualidad\/#listItem","name":"Actualidad"}}]},{"@type":"Organization","@id":"https:\/\/www.eldigitaldeasturias.com\/noticias\/#organization","name":"El Digital de Asturias","description":"Hemeroteca","url":"https:\/\/www.eldigitaldeasturias.com\/noticias\/","email":"info@eldigitaldeasturias.com","telephone":"+34652131393","logo":{"@type":"ImageObject","url":"https:\/\/www.eldigitaldeasturias.com\/noticias\/wp-content\/uploads\/2020\/12\/EDA.jpg","@id":"https:\/\/www.eldigitaldeasturias.com\/noticias\/javier-arenas-una-cosa-es-defender-ideas-y-otra-reirte-de-las-leyes\/#organizationLogo"},"image":{"@id":"https:\/\/www.eldigitaldeasturias.com\/noticias\/javier-arenas-una-cosa-es-defender-ideas-y-otra-reirte-de-las-leyes\/#organizationLogo"},"sameAs":["https:\/\/facebook.com\/eldigitaldeasturias","https:\/\/www.youtube.com\/channel\/UCZP-2wLEB9Rv6erhFmqVnvg"],"address":{"@id":"https:\/\/www.eldigitaldeasturias.com\/noticias\/#postaladdress","@type":"PostalAddress","streetAddress":"san antonio 4","postalCode":"33430","addressLocality":"Cand\u00e1s","addressRegion":"Asturias","addressCountry":"ES"}},{"@type":"Person","@id":"https:\/\/www.eldigitaldeasturias.com\/noticias\/author\/admin\/#author","url":"https:\/\/www.eldigitaldeasturias.com\/noticias\/author\/admin\/","name":"El Digital de Asturias","image":{"@type":"ImageObject","@id":"https:\/\/www.eldigitaldeasturias.com\/noticias\/javier-arenas-una-cosa-es-defender-ideas-y-otra-reirte-de-las-leyes\/#authorImage","url":"https:\/\/secure.gravatar.com\/avatar\/df2aeffc32bcd13f8d26072ef8a91b623d677766deac7f97ca815868cd41bf5e?s=96&d=mm&r=g","width":96,"height":96,"caption":"El Digital de Asturias"}},{"@type":"WebPage","@id":"https:\/\/www.eldigitaldeasturias.com\/noticias\/javier-arenas-una-cosa-es-defender-ideas-y-otra-reirte-de-las-leyes\/#webpage","url":"https:\/\/www.eldigitaldeasturias.com\/noticias\/javier-arenas-una-cosa-es-defender-ideas-y-otra-reirte-de-las-leyes\/","name":"Javier Arenas: \u00abUna cosa es defender ideas y otra re\u00edrte de las leyes\u201d - El Digital de Asturias","description":"El vicesecretario de Pol\u00edtica Auton\u00f3mica y Local del Partido Popular, Javier Arenas, ha asegurado hoy que el Estado de Derecho en nuestro pa\u00eds \u201cno se fuga, se queda aqu\u00ed, porque es la garant\u00eda de la libertad de todos los espa\u00f1oles\u201d. A su juicio, los \u00faltimos acontecimientos pol\u00edticos demuestran que el ex presidente de la Generalitat","inLanguage":"es-ES","isPartOf":{"@id":"https:\/\/www.eldigitaldeasturias.com\/noticias\/#website"},"breadcrumb":{"@id":"https:\/\/www.eldigitaldeasturias.com\/noticias\/javier-arenas-una-cosa-es-defender-ideas-y-otra-reirte-de-las-leyes\/#breadcrumblist"},"author":{"@id":"https:\/\/www.eldigitaldeasturias.com\/noticias\/author\/admin\/#author"},"creator":{"@id":"https:\/\/www.eldigitaldeasturias.com\/noticias\/author\/admin\/#author"},"image":{"@type":"ImageObject","url":958761,"@id":"https:\/\/www.eldigitaldeasturias.com\/noticias\/javier-arenas-una-cosa-es-defender-ideas-y-otra-reirte-de-las-leyes\/#mainImage"},"primaryImageOfPage":{"@id":"https:\/\/www.eldigitaldeasturias.com\/noticias\/javier-arenas-una-cosa-es-defender-ideas-y-otra-reirte-de-las-leyes\/#mainImage"},"datePublished":"2017-11-05T22:03:10+01:00","dateModified":"2017-11-05T22:03:10+01:00"},{"@type":"WebSite","@id":"https:\/\/www.eldigitaldeasturias.com\/noticias\/#website","url":"https:\/\/www.eldigitaldeasturias.com\/noticias\/","name":"El Digital de Asturias - Diario de actualidad y noticias","alternateName":"El Digital de Asturias - Diario de actualidad y noticias","description":"Hemeroteca","inLanguage":"es-ES","publisher":{"@id":"https:\/\/www.eldigitaldeasturias.com\/noticias\/#organization"}}]},"og:locale":"es_ES","og:site_name":"El Digital de Asturias","og:type":"article","og:title":"Javier Arenas: \u00abUna cosa es defender ideas y otra re\u00edrte de las leyes\u201d - El Digital de Asturias","og:description":"El vicesecretario de Pol\u00edtica Auton\u00f3mica y Local del Partido Popular, Javier Arenas, ha asegurado hoy que el Estado de Derecho en nuestro pa\u00eds \u201cno se fuga, se queda aqu\u00ed, porque es la garant\u00eda de la libertad de todos los espa\u00f1oles\u201d. A su juicio, los \u00faltimos acontecimientos pol\u00edticos demuestran que el ex presidente de la Generalitat","og:url":"https:\/\/www.eldigitaldeasturias.com\/noticias\/javier-arenas-una-cosa-es-defender-ideas-y-otra-reirte-de-las-leyes\/","article:tag":["actualidad"],"article:published_time":"2017-11-05T22:03:10+00:00","article:modified_time":"2017-11-05T22:03:10+00:00","article:publisher":"https:\/\/facebook.com\/eldigitaldeasturias","twitter:card":"summary_large_image","twitter:title":"Javier Arenas: \u00abUna cosa es defender ideas y otra re\u00edrte de las leyes\u201d - El Digital de Asturias","twitter:description":"El vicesecretario de Pol\u00edtica Auton\u00f3mica y Local del Partido Popular, Javier Arenas, ha asegurado hoy que el Estado de Derecho en nuestro pa\u00eds \u201cno se fuga, se queda aqu\u00ed, porque es la garant\u00eda de la libertad de todos los espa\u00f1oles\u201d. A su juicio, los \u00faltimos acontecimientos pol\u00edticos demuestran que el ex presidente de la Generalitat","twitter:image":"https:\/\/www.eldigitaldeasturias.com\/noticias\/wp-content\/uploads\/2020\/12\/EDA-1.jpg","twitter:label1":"Escrito por","twitter:data1":"El Digital de Asturias","twitter:label2":"Tiempo de lectura estimado","twitter:data2":"3 minutos"},"aioseo_meta_data":{"post_id":"958760","title":null,"description":null,"keywords":null,"keyphrases":null,"primary_term":null,"canonical_url":null,"og_title":null,"og_description":null,"og_object_type":"default","og_image_type":"default","og_image_url":null,"og_image_width":null,"og_image_height":null,"og_image_custom_url":null,"og_image_custom_fields":null,"og_video":null,"og_custom_url":null,"og_article_section":null,"og_article_tags":null,"twitter_use_og":false,"twitter_card":"default","twitter_image_type":"default","twitter_image_url":null,"twitter_image_custom_url":null,"twitter_image_custom_fields":null,"twitter_title":null,"twitter_description":null,"schema":{"blockGraphs":[],"customGraphs":[],"default":{"data":{"Article":[],"Course":[],"Dataset":[],"FAQPage":[],"Movie":[],"Person":[],"Product":[],"ProductReview":[],"Car":[],"Recipe":[],"Service":[],"SoftwareApplication":[],"WebPage":[]},"graphName":"","isEnabled":true},"graphs":[],"defaultGraph":"","defaultPostTypeGraph":""},"schema_type":null,"schema_type_options":null,"pillar_content":false,"robots_default":true,"robots_noindex":false,"robots_noarchive":false,"robots_nosnippet":false,"robots_nofollow":false,"robots_noimageindex":false,"robots_noodp":false,"robots_notranslate":false,"robots_max_snippet":null,"robots_max_videopreview":null,"robots_max_imagepreview":"large","priority":null,"frequency":null,"local_seo":null,"seo_analyzer_scan_date":"2025-12-06 22:31:10","breadcrumb_settings":null,"limit_modified_date":false,"open_ai":null,"ai":null,"created":"2020-12-21 12:54:00","updated":"2025-12-06 22:31:10","focus_keyword":null,"additional_keywords":null,"truseo_locale":null},"aioseo_breadcrumb":"<div class=\"aioseo-breadcrumbs\"><span class=\"aioseo-breadcrumb\">\n\t<a href=\"https:\/\/www.eldigitaldeasturias.com\/noticias\" title=\"Home\">Home<\/a>\n<\/span><span class=\"aioseo-breadcrumb-separator\">\u2013<\/span><span class=\"aioseo-breadcrumb\">\n\t<a href=\"https:\/\/www.eldigitaldeasturias.com\/noticias\/category\/actualidad\/\" title=\"Actualidad\">Actualidad<\/a>\n<\/span><span class=\"aioseo-breadcrumb-separator\">\u2013<\/span><span class=\"aioseo-breadcrumb\">\n\t<a href=\"https:\/\/www.eldigitaldeasturias.com\/noticias\/javier-arenas-una-cosa-es-defender-ideas-y-otra-reirte-de-las-leyes\/\" title=\"Javier Arenas: \u00abUna cosa es defender ideas y otra re\u00edrte de las leyes\u201d\">Javier Arenas: \u00abUna cosa es defender ideas y otra re\u00edrte de las leyes\u201d<\/a>\n<\/span><\/div>","aioseo_breadcrumb_json":[{"label":"Home","link":"https:\/\/www.eldigitaldeasturias.com\/noticias"},{"label":"Actualidad","link":"https:\/\/www.eldigitaldeasturias.com\/noticias\/category\/actualidad\/"},{"label":"Javier Arenas: \u00abUna cosa es defender ideas y otra re\u00edrte de las leyes\u201d","link":"https:\/\/www.eldigitaldeasturias.com\/noticias\/javier-arenas-una-cosa-es-defender-ideas-y-otra-reirte-de-las-leyes\/"}],"_links":{"self":[{"href":"https:\/\/www.eldigitaldeasturias.com\/noticias\/wp-json\/wp\/v2\/posts\/958760","targetHints":{"allow":["GET"]}}],"collection":[{"href":"https:\/\/www.eldigitaldeasturias.com\/noticias\/wp-json\/wp\/v2\/posts"}],"about":[{"href":"https:\/\/www.eldigitaldeasturias.com\/noticias\/wp-json\/wp\/v2\/types\/post"}],"author":[{"embeddable":true,"href":"https:\/\/www.eldigitaldeasturias.com\/noticias\/wp-json\/wp\/v2\/users\/1"}],"replies":[{"embeddable":true,"href":"https:\/\/www.eldigitaldeasturias.com\/noticias\/wp-json\/wp\/v2\/comments?post=958760"}],"version-history":[{"count":0,"href":"https:\/\/www.eldigitaldeasturias.com\/noticias\/wp-json\/wp\/v2\/posts\/958760\/revisions"}],"wp:attachment":[{"href":"https:\/\/www.eldigitaldeasturias.com\/noticias\/wp-json\/wp\/v2\/media?parent=958760"}],"wp:term":[{"taxonomy":"category","embeddable":true,"href":"https:\/\/www.eldigitaldeasturias.com\/noticias\/wp-json\/wp\/v2\/categories?post=958760"},{"taxonomy":"post_tag","embeddable":true,"href":"https:\/\/www.eldigitaldeasturias.com\/noticias\/wp-json\/wp\/v2\/tags?post=958760"}],"curies":[{"name":"wp","href":"https:\/\/api.w.org\/{rel}","templated":true}]}}