{"id":958678,"date":"2017-11-04T18:47:03","date_gmt":"2017-11-04T18:47:03","guid":{"rendered":"http:\/\/www.eldigitaldeasturias.com\/noticias\/?p=958678"},"modified":"2017-11-04T18:47:03","modified_gmt":"2017-11-04T18:47:03","slug":"garcia-albiol-sobre-puigdemont-es-el-pasado","status":"publish","type":"post","link":"https:\/\/www.eldigitaldeasturias.com\/noticias\/garcia-albiol-sobre-puigdemont-es-el-pasado\/","title":{"rendered":"Garc\u00eda Albiol sobre Puigdemont: \u00abEs el pasado\u00bb"},"content":{"rendered":"<p><img loading=\"lazy\" decoding=\"async\" class=\"alignleft size-medium wp-image-958679\" src=\"https:\/\/www.eldigitaldeasturias.com\/noticias\/wp-content\/uploads\/2017\/11\/Albiol-360x163.jpg\" alt=\"\" width=\"360\" height=\"163\" \/>El candidato del PP a la Generalitat y presidente del PP de Catalu\u00f1a, <strong>Xavier Garc\u00eda Albiol<\/strong>, ha proclamado que el pr\u00f3ximo 21-D los ciudadanos catalanes tendr\u00e1n \u00aben sus manos la oportunidad de poner punto y final al independentismo, a la exclusi\u00f3n, a la separaci\u00f3n entre catalanes buenos y malos\u00bb.<\/p>\n<p>El candidato popular ha se\u00f1alado que la pr\u00f3xima cita con las urnas \u00abes m\u00e1s importante que nunca cerrar y pasar p\u00e1gina a la divisi\u00f3n, la separaci\u00f3n y a la confrontaci\u00f3n de los \u00faltimos a\u00f1os; esta es la oportunidad\u00bb.<\/p>\n<p>\u00abHemos visto c\u00f3mo el independentismo y la confrontaci\u00f3n ha desembocado no solo en una crisis social, pol\u00edtica o institucional, sino que se ha trasladado al empleo\u00bb, ha dicho sobre los datos de paro en Catalu\u00f1a recientemente conocidos, \u00aben una tierra que (hasta ahora) creaba empleo y que hoy dobla las cifras de paro\u00bb.<\/p>\n<p>Y la soluci\u00f3n a este escenario vendr\u00e1 de la mano de un gobierno que debe contar con dos requisitos:<\/p>\n<p>1. Que tenga experiencia de gobierno -\u00aby yo he sido alcalde de Badalona\u00bb, ha recordado sobre su anterior etapa municipal<\/p>\n<p>2. Que tenga en cuenta que los problemas no se resuelven con palabras y buenos discursos, sino que \u00abhacen falta gestos y que se gobierne pensando en todos y se tomen buenas decisiones\u00bb, en sinton\u00eda \u00aby en la direcci\u00f3n\u00bb de las medidas adoptadas el Gobierno de Mariano Rajoy.<\/p>\n<p>Por todo esto, Garc\u00eda Albiol ha pedido el voto para el PP a fin de que \u00aba todos los hombres y mujeres que nos sentimos catalanes y espa\u00f1oles no nos obliguen a renunciar a nuestros sentimientos, y que podamos hacerlo con libertad y normalidad\u00bb.<\/p>\n<p>A preguntas de los periodistas, ha finalizado se\u00f1alando que Puigdemont \u00abes el pasado\u00bb, y ha tachado de \u00absurrealista y de ocurrencia\u00bb que el expresidente catal\u00e1n quiera presentarse a las pr\u00f3ximas elecciones.<\/p>\n<p>&nbsp;<\/p>\n","protected":false},"excerpt":{"rendered":"<p>El candidato del PP a la Generalitat y presidente del PP de Catalu\u00f1a, Xavier Garc\u00eda Albiol, ha proclamado que el pr\u00f3ximo 21-D los ciudadanos catalanes tendr\u00e1n \u00aben sus manos la oportunidad de poner punto y final al independentismo, a la exclusi\u00f3n, a la separaci\u00f3n entre catalanes buenos y malos\u00bb. El candidato popular ha se\u00f1alado que [&hellip;]<\/p>\n","protected":false},"author":1,"featured_media":958679,"comment_status":"closed","ping_status":"closed","sticky":false,"template":"","format":"standard","meta":{"footnotes":""},"categories":[1],"tags":[],"class_list":["post-958678","post","type-post","status-publish","format-standard","has-post-thumbnail","hentry","category-actualidad"],"aioseo_notices":[],"aioseo_head":"\n\t\t<!-- All in One SEO Pro 5.0.1 - aioseo.com -->\n\t<meta name=\"description\" content=\"El candidato del PP a la Generalitat y presidente del PP de Catalu\u00f1a, Xavier Garc\u00eda Albiol, ha proclamado que el pr\u00f3ximo 21-D los ciudadanos catalanes tendr\u00e1n &quot;en sus manos la oportunidad de poner punto y final al independentismo, a la exclusi\u00f3n, a la separaci\u00f3n entre catalanes buenos y malos&quot;. El candidato popular ha se\u00f1alado que\" \/>\n\t<meta name=\"robots\" content=\"max-image-preview:large\" \/>\n\t<meta name=\"author\" content=\"El Digital de Asturias\"\/>\n\t<meta name=\"google-site-verification\" content=\"UA-38556648-1\" \/>\n\t<meta name=\"msvalidate.01\" content=\"7dfe9f3f1b24437ab69f4f2559babe99\" \/>\n\t<meta name=\"keywords\" content=\"actualidad\" \/>\n\t<link rel=\"canonical\" href=\"https:\/\/www.eldigitaldeasturias.com\/noticias\/garcia-albiol-sobre-puigdemont-es-el-pasado\/\" \/>\n\t<meta name=\"generator\" content=\"All in One SEO Pro (AIOSEO) 5.0.1\" \/>\n\t\t<meta property=\"og:locale\" content=\"es_ES\" \/>\n\t\t<meta property=\"og:site_name\" content=\"El Digital de Asturias\" \/>\n\t\t<meta property=\"og:type\" content=\"article\" \/>\n\t\t<meta property=\"og:title\" content=\"Garc\u00eda Albiol sobre Puigdemont: \u00abEs el pasado\u00bb - El Digital de Asturias\" \/>\n\t\t<meta property=\"og:description\" content=\"El candidato del PP a la Generalitat y presidente del PP de Catalu\u00f1a, Xavier Garc\u00eda Albiol, ha proclamado que el pr\u00f3ximo 21-D los ciudadanos catalanes tendr\u00e1n &quot;en sus manos la oportunidad de poner punto y final al independentismo, a la exclusi\u00f3n, a la separaci\u00f3n entre catalanes buenos y malos&quot;. El candidato popular ha se\u00f1alado que\" \/>\n\t\t<meta property=\"og:url\" content=\"https:\/\/www.eldigitaldeasturias.com\/noticias\/garcia-albiol-sobre-puigdemont-es-el-pasado\/\" \/>\n\t\t<meta property=\"article:tag\" content=\"actualidad\" \/>\n\t\t<meta property=\"article:published_time\" content=\"2017-11-04T18:47:03+00:00\" \/>\n\t\t<meta property=\"article:modified_time\" content=\"2017-11-04T18:47:03+00:00\" \/>\n\t\t<meta property=\"article:publisher\" content=\"https:\/\/facebook.com\/eldigitaldeasturias\" \/>\n\t\t<meta name=\"twitter:card\" content=\"summary_large_image\" \/>\n\t\t<meta name=\"twitter:title\" content=\"Garc\u00eda Albiol sobre Puigdemont: \u00abEs el pasado\u00bb - El Digital de Asturias\" \/>\n\t\t<meta name=\"twitter:description\" content=\"El candidato del PP a la Generalitat y presidente del PP de Catalu\u00f1a, Xavier Garc\u00eda Albiol, ha proclamado que el pr\u00f3ximo 21-D los ciudadanos catalanes tendr\u00e1n &quot;en sus manos la oportunidad de poner punto y final al independentismo, a la exclusi\u00f3n, a la separaci\u00f3n entre catalanes buenos y malos&quot;. El candidato popular ha se\u00f1alado que\" \/>\n\t\t<meta name=\"twitter:image\" content=\"https:\/\/www.eldigitaldeasturias.com\/noticias\/wp-content\/uploads\/2020\/12\/EDA-1.jpg\" \/>\n\t\t<meta name=\"twitter:label1\" content=\"Escrito por\" \/>\n\t\t<meta name=\"twitter:data1\" content=\"El Digital de Asturias\" \/>\n\t\t<meta name=\"twitter:label2\" content=\"Tiempo de lectura estimado\" \/>\n\t\t<meta name=\"twitter:data2\" content=\"2 minutos\" \/>\n\t\t<script type=\"application\/ld+json\" class=\"aioseo-schema\">\n\t\t\t{\"@context\":\"https:\\\/\\\/schema.org\",\"@graph\":[{\"@type\":\"BlogPosting\",\"@id\":\"https:\\\/\\\/www.eldigitaldeasturias.com\\\/noticias\\\/garcia-albiol-sobre-puigdemont-es-el-pasado\\\/#blogposting\",\"name\":\"Garc\\u00eda Albiol sobre Puigdemont: \\u00abEs el pasado\\u00bb - El Digital de Asturias\",\"headline\":\"Garc\\u00eda Albiol sobre Puigdemont: \\u00abEs el pasado\\u00bb\",\"author\":{\"@id\":\"https:\\\/\\\/www.eldigitaldeasturias.com\\\/noticias\\\/author\\\/admin\\\/#author\"},\"publisher\":{\"@id\":\"https:\\\/\\\/www.eldigitaldeasturias.com\\\/noticias\\\/#organization\"},\"image\":{\"@type\":\"ImageObject\",\"url\":958679},\"datePublished\":\"2017-11-04T18:47:03+01:00\",\"dateModified\":\"2017-11-04T18:47:03+01:00\",\"inLanguage\":\"es-ES\",\"mainEntityOfPage\":{\"@id\":\"https:\\\/\\\/www.eldigitaldeasturias.com\\\/noticias\\\/garcia-albiol-sobre-puigdemont-es-el-pasado\\\/#webpage\"},\"isPartOf\":{\"@id\":\"https:\\\/\\\/www.eldigitaldeasturias.com\\\/noticias\\\/garcia-albiol-sobre-puigdemont-es-el-pasado\\\/#webpage\"},\"articleSection\":\"Actualidad\"},{\"@type\":\"BreadcrumbList\",\"@id\":\"https:\\\/\\\/www.eldigitaldeasturias.com\\\/noticias\\\/garcia-albiol-sobre-puigdemont-es-el-pasado\\\/#breadcrumblist\",\"itemListElement\":[{\"@type\":\"ListItem\",\"@id\":\"https:\\\/\\\/www.eldigitaldeasturias.com\\\/noticias#listItem\",\"position\":1,\"name\":\"Home\",\"item\":\"https:\\\/\\\/www.eldigitaldeasturias.com\\\/noticias\",\"nextItem\":{\"@type\":\"ListItem\",\"@id\":\"https:\\\/\\\/www.eldigitaldeasturias.com\\\/noticias\\\/category\\\/actualidad\\\/#listItem\",\"name\":\"Actualidad\"}},{\"@type\":\"ListItem\",\"@id\":\"https:\\\/\\\/www.eldigitaldeasturias.com\\\/noticias\\\/category\\\/actualidad\\\/#listItem\",\"position\":2,\"name\":\"Actualidad\",\"item\":\"https:\\\/\\\/www.eldigitaldeasturias.com\\\/noticias\\\/category\\\/actualidad\\\/\",\"nextItem\":{\"@type\":\"ListItem\",\"@id\":\"https:\\\/\\\/www.eldigitaldeasturias.com\\\/noticias\\\/garcia-albiol-sobre-puigdemont-es-el-pasado\\\/#listItem\",\"name\":\"Garc\\u00eda Albiol sobre Puigdemont: \\u00abEs el pasado\\u00bb\"},\"previousItem\":{\"@type\":\"ListItem\",\"@id\":\"https:\\\/\\\/www.eldigitaldeasturias.com\\\/noticias#listItem\",\"name\":\"Home\"}},{\"@type\":\"ListItem\",\"@id\":\"https:\\\/\\\/www.eldigitaldeasturias.com\\\/noticias\\\/garcia-albiol-sobre-puigdemont-es-el-pasado\\\/#listItem\",\"position\":3,\"name\":\"Garc\\u00eda Albiol sobre Puigdemont: \\u00abEs el pasado\\u00bb\",\"previousItem\":{\"@type\":\"ListItem\",\"@id\":\"https:\\\/\\\/www.eldigitaldeasturias.com\\\/noticias\\\/category\\\/actualidad\\\/#listItem\",\"name\":\"Actualidad\"}}]},{\"@type\":\"Organization\",\"@id\":\"https:\\\/\\\/www.eldigitaldeasturias.com\\\/noticias\\\/#organization\",\"name\":\"El Digital de Asturias\",\"description\":\"Hemeroteca\",\"url\":\"https:\\\/\\\/www.eldigitaldeasturias.com\\\/noticias\\\/\",\"email\":\"info@eldigitaldeasturias.com\",\"telephone\":\"+34652131393\",\"logo\":{\"@type\":\"ImageObject\",\"url\":\"https:\\\/\\\/www.eldigitaldeasturias.com\\\/noticias\\\/wp-content\\\/uploads\\\/2020\\\/12\\\/EDA.jpg\",\"@id\":\"https:\\\/\\\/www.eldigitaldeasturias.com\\\/noticias\\\/garcia-albiol-sobre-puigdemont-es-el-pasado\\\/#organizationLogo\"},\"image\":{\"@id\":\"https:\\\/\\\/www.eldigitaldeasturias.com\\\/noticias\\\/garcia-albiol-sobre-puigdemont-es-el-pasado\\\/#organizationLogo\"},\"sameAs\":[\"https:\\\/\\\/facebook.com\\\/eldigitaldeasturias\",\"https:\\\/\\\/www.youtube.com\\\/channel\\\/UCZP-2wLEB9Rv6erhFmqVnvg\"],\"address\":{\"@id\":\"https:\\\/\\\/www.eldigitaldeasturias.com\\\/noticias\\\/#postaladdress\",\"@type\":\"PostalAddress\",\"streetAddress\":\"san antonio 4\",\"postalCode\":\"33430\",\"addressLocality\":\"Cand\\u00e1s\",\"addressRegion\":\"Asturias\",\"addressCountry\":\"ES\"}},{\"@type\":\"Person\",\"@id\":\"https:\\\/\\\/www.eldigitaldeasturias.com\\\/noticias\\\/author\\\/admin\\\/#author\",\"url\":\"https:\\\/\\\/www.eldigitaldeasturias.com\\\/noticias\\\/author\\\/admin\\\/\",\"name\":\"El Digital de Asturias\",\"image\":{\"@type\":\"ImageObject\",\"@id\":\"https:\\\/\\\/www.eldigitaldeasturias.com\\\/noticias\\\/garcia-albiol-sobre-puigdemont-es-el-pasado\\\/#authorImage\",\"url\":\"https:\\\/\\\/secure.gravatar.com\\\/avatar\\\/df2aeffc32bcd13f8d26072ef8a91b623d677766deac7f97ca815868cd41bf5e?s=96&d=mm&r=g\",\"width\":96,\"height\":96,\"caption\":\"El Digital de Asturias\"}},{\"@type\":\"WebPage\",\"@id\":\"https:\\\/\\\/www.eldigitaldeasturias.com\\\/noticias\\\/garcia-albiol-sobre-puigdemont-es-el-pasado\\\/#webpage\",\"url\":\"https:\\\/\\\/www.eldigitaldeasturias.com\\\/noticias\\\/garcia-albiol-sobre-puigdemont-es-el-pasado\\\/\",\"name\":\"Garc\\u00eda Albiol sobre Puigdemont: \\u00abEs el pasado\\u00bb - El Digital de Asturias\",\"description\":\"El candidato del PP a la Generalitat y presidente del PP de Catalu\\u00f1a, Xavier Garc\\u00eda Albiol, ha proclamado que el pr\\u00f3ximo 21-D los ciudadanos catalanes tendr\\u00e1n \\\"en sus manos la oportunidad de poner punto y final al independentismo, a la exclusi\\u00f3n, a la separaci\\u00f3n entre catalanes buenos y malos\\\". El candidato popular ha se\\u00f1alado que\",\"inLanguage\":\"es-ES\",\"isPartOf\":{\"@id\":\"https:\\\/\\\/www.eldigitaldeasturias.com\\\/noticias\\\/#website\"},\"breadcrumb\":{\"@id\":\"https:\\\/\\\/www.eldigitaldeasturias.com\\\/noticias\\\/garcia-albiol-sobre-puigdemont-es-el-pasado\\\/#breadcrumblist\"},\"author\":{\"@id\":\"https:\\\/\\\/www.eldigitaldeasturias.com\\\/noticias\\\/author\\\/admin\\\/#author\"},\"creator\":{\"@id\":\"https:\\\/\\\/www.eldigitaldeasturias.com\\\/noticias\\\/author\\\/admin\\\/#author\"},\"image\":{\"@type\":\"ImageObject\",\"url\":958679,\"@id\":\"https:\\\/\\\/www.eldigitaldeasturias.com\\\/noticias\\\/garcia-albiol-sobre-puigdemont-es-el-pasado\\\/#mainImage\"},\"primaryImageOfPage\":{\"@id\":\"https:\\\/\\\/www.eldigitaldeasturias.com\\\/noticias\\\/garcia-albiol-sobre-puigdemont-es-el-pasado\\\/#mainImage\"},\"datePublished\":\"2017-11-04T18:47:03+01:00\",\"dateModified\":\"2017-11-04T18:47:03+01:00\"},{\"@type\":\"WebSite\",\"@id\":\"https:\\\/\\\/www.eldigitaldeasturias.com\\\/noticias\\\/#website\",\"url\":\"https:\\\/\\\/www.eldigitaldeasturias.com\\\/noticias\\\/\",\"name\":\"El Digital de Asturias - Diario de actualidad y noticias\",\"alternateName\":\"El Digital de Asturias - Diario de actualidad y noticias\",\"description\":\"Hemeroteca\",\"inLanguage\":\"es-ES\",\"publisher\":{\"@id\":\"https:\\\/\\\/www.eldigitaldeasturias.com\\\/noticias\\\/#organization\"}}]}\n\t\t<\/script>\n\t\t<!-- All in One SEO Pro -->\r\n\t\t<title>Garc\u00eda Albiol sobre Puigdemont: \u00abEs el pasado\u00bb - El Digital de Asturias<\/title>\n\n","aioseo_head_json":{"title":"Garc\u00eda Albiol sobre Puigdemont: \u00abEs el pasado\u00bb - El Digital de Asturias","description":"El candidato del PP a la Generalitat y presidente del PP de Catalu\u00f1a, Xavier Garc\u00eda Albiol, ha proclamado que el pr\u00f3ximo 21-D los ciudadanos catalanes tendr\u00e1n \"en sus manos la oportunidad de poner punto y final al independentismo, a la exclusi\u00f3n, a la separaci\u00f3n entre catalanes buenos y malos\". El candidato popular ha se\u00f1alado que","canonical_url":"https:\/\/www.eldigitaldeasturias.com\/noticias\/garcia-albiol-sobre-puigdemont-es-el-pasado\/","robots":"max-image-preview:large","keywords":"actualidad","webmasterTools":{"google-site-verification":"UA-38556648-1","msvalidate.01":"7dfe9f3f1b24437ab69f4f2559babe99","miscellaneous":""},"schema":{"@context":"https:\/\/schema.org","@graph":[{"@type":"BlogPosting","@id":"https:\/\/www.eldigitaldeasturias.com\/noticias\/garcia-albiol-sobre-puigdemont-es-el-pasado\/#blogposting","name":"Garc\u00eda Albiol sobre Puigdemont: \u00abEs el pasado\u00bb - El Digital de Asturias","headline":"Garc\u00eda Albiol sobre Puigdemont: \u00abEs el pasado\u00bb","author":{"@id":"https:\/\/www.eldigitaldeasturias.com\/noticias\/author\/admin\/#author"},"publisher":{"@id":"https:\/\/www.eldigitaldeasturias.com\/noticias\/#organization"},"image":{"@type":"ImageObject","url":958679},"datePublished":"2017-11-04T18:47:03+01:00","dateModified":"2017-11-04T18:47:03+01:00","inLanguage":"es-ES","mainEntityOfPage":{"@id":"https:\/\/www.eldigitaldeasturias.com\/noticias\/garcia-albiol-sobre-puigdemont-es-el-pasado\/#webpage"},"isPartOf":{"@id":"https:\/\/www.eldigitaldeasturias.com\/noticias\/garcia-albiol-sobre-puigdemont-es-el-pasado\/#webpage"},"articleSection":"Actualidad"},{"@type":"BreadcrumbList","@id":"https:\/\/www.eldigitaldeasturias.com\/noticias\/garcia-albiol-sobre-puigdemont-es-el-pasado\/#breadcrumblist","itemListElement":[{"@type":"ListItem","@id":"https:\/\/www.eldigitaldeasturias.com\/noticias#listItem","position":1,"name":"Home","item":"https:\/\/www.eldigitaldeasturias.com\/noticias","nextItem":{"@type":"ListItem","@id":"https:\/\/www.eldigitaldeasturias.com\/noticias\/category\/actualidad\/#listItem","name":"Actualidad"}},{"@type":"ListItem","@id":"https:\/\/www.eldigitaldeasturias.com\/noticias\/category\/actualidad\/#listItem","position":2,"name":"Actualidad","item":"https:\/\/www.eldigitaldeasturias.com\/noticias\/category\/actualidad\/","nextItem":{"@type":"ListItem","@id":"https:\/\/www.eldigitaldeasturias.com\/noticias\/garcia-albiol-sobre-puigdemont-es-el-pasado\/#listItem","name":"Garc\u00eda Albiol sobre Puigdemont: \u00abEs el pasado\u00bb"},"previousItem":{"@type":"ListItem","@id":"https:\/\/www.eldigitaldeasturias.com\/noticias#listItem","name":"Home"}},{"@type":"ListItem","@id":"https:\/\/www.eldigitaldeasturias.com\/noticias\/garcia-albiol-sobre-puigdemont-es-el-pasado\/#listItem","position":3,"name":"Garc\u00eda Albiol sobre Puigdemont: \u00abEs el pasado\u00bb","previousItem":{"@type":"ListItem","@id":"https:\/\/www.eldigitaldeasturias.com\/noticias\/category\/actualidad\/#listItem","name":"Actualidad"}}]},{"@type":"Organization","@id":"https:\/\/www.eldigitaldeasturias.com\/noticias\/#organization","name":"El Digital de Asturias","description":"Hemeroteca","url":"https:\/\/www.eldigitaldeasturias.com\/noticias\/","email":"info@eldigitaldeasturias.com","telephone":"+34652131393","logo":{"@type":"ImageObject","url":"https:\/\/www.eldigitaldeasturias.com\/noticias\/wp-content\/uploads\/2020\/12\/EDA.jpg","@id":"https:\/\/www.eldigitaldeasturias.com\/noticias\/garcia-albiol-sobre-puigdemont-es-el-pasado\/#organizationLogo"},"image":{"@id":"https:\/\/www.eldigitaldeasturias.com\/noticias\/garcia-albiol-sobre-puigdemont-es-el-pasado\/#organizationLogo"},"sameAs":["https:\/\/facebook.com\/eldigitaldeasturias","https:\/\/www.youtube.com\/channel\/UCZP-2wLEB9Rv6erhFmqVnvg"],"address":{"@id":"https:\/\/www.eldigitaldeasturias.com\/noticias\/#postaladdress","@type":"PostalAddress","streetAddress":"san antonio 4","postalCode":"33430","addressLocality":"Cand\u00e1s","addressRegion":"Asturias","addressCountry":"ES"}},{"@type":"Person","@id":"https:\/\/www.eldigitaldeasturias.com\/noticias\/author\/admin\/#author","url":"https:\/\/www.eldigitaldeasturias.com\/noticias\/author\/admin\/","name":"El Digital de Asturias","image":{"@type":"ImageObject","@id":"https:\/\/www.eldigitaldeasturias.com\/noticias\/garcia-albiol-sobre-puigdemont-es-el-pasado\/#authorImage","url":"https:\/\/secure.gravatar.com\/avatar\/df2aeffc32bcd13f8d26072ef8a91b623d677766deac7f97ca815868cd41bf5e?s=96&d=mm&r=g","width":96,"height":96,"caption":"El Digital de Asturias"}},{"@type":"WebPage","@id":"https:\/\/www.eldigitaldeasturias.com\/noticias\/garcia-albiol-sobre-puigdemont-es-el-pasado\/#webpage","url":"https:\/\/www.eldigitaldeasturias.com\/noticias\/garcia-albiol-sobre-puigdemont-es-el-pasado\/","name":"Garc\u00eda Albiol sobre Puigdemont: \u00abEs el pasado\u00bb - El Digital de Asturias","description":"El candidato del PP a la Generalitat y presidente del PP de Catalu\u00f1a, Xavier Garc\u00eda Albiol, ha proclamado que el pr\u00f3ximo 21-D los ciudadanos catalanes tendr\u00e1n \"en sus manos la oportunidad de poner punto y final al independentismo, a la exclusi\u00f3n, a la separaci\u00f3n entre catalanes buenos y malos\". El candidato popular ha se\u00f1alado que","inLanguage":"es-ES","isPartOf":{"@id":"https:\/\/www.eldigitaldeasturias.com\/noticias\/#website"},"breadcrumb":{"@id":"https:\/\/www.eldigitaldeasturias.com\/noticias\/garcia-albiol-sobre-puigdemont-es-el-pasado\/#breadcrumblist"},"author":{"@id":"https:\/\/www.eldigitaldeasturias.com\/noticias\/author\/admin\/#author"},"creator":{"@id":"https:\/\/www.eldigitaldeasturias.com\/noticias\/author\/admin\/#author"},"image":{"@type":"ImageObject","url":958679,"@id":"https:\/\/www.eldigitaldeasturias.com\/noticias\/garcia-albiol-sobre-puigdemont-es-el-pasado\/#mainImage"},"primaryImageOfPage":{"@id":"https:\/\/www.eldigitaldeasturias.com\/noticias\/garcia-albiol-sobre-puigdemont-es-el-pasado\/#mainImage"},"datePublished":"2017-11-04T18:47:03+01:00","dateModified":"2017-11-04T18:47:03+01:00"},{"@type":"WebSite","@id":"https:\/\/www.eldigitaldeasturias.com\/noticias\/#website","url":"https:\/\/www.eldigitaldeasturias.com\/noticias\/","name":"El Digital de Asturias - Diario de actualidad y noticias","alternateName":"El Digital de Asturias - Diario de actualidad y noticias","description":"Hemeroteca","inLanguage":"es-ES","publisher":{"@id":"https:\/\/www.eldigitaldeasturias.com\/noticias\/#organization"}}]},"og:locale":"es_ES","og:site_name":"El Digital de Asturias","og:type":"article","og:title":"Garc\u00eda Albiol sobre Puigdemont: \u00abEs el pasado\u00bb - El Digital de Asturias","og:description":"El candidato del PP a la Generalitat y presidente del PP de Catalu\u00f1a, Xavier Garc\u00eda Albiol, ha proclamado que el pr\u00f3ximo 21-D los ciudadanos catalanes tendr\u00e1n &quot;en sus manos la oportunidad de poner punto y final al independentismo, a la exclusi\u00f3n, a la separaci\u00f3n entre catalanes buenos y malos&quot;. El candidato popular ha se\u00f1alado que","og:url":"https:\/\/www.eldigitaldeasturias.com\/noticias\/garcia-albiol-sobre-puigdemont-es-el-pasado\/","article:tag":["actualidad"],"article:published_time":"2017-11-04T18:47:03+00:00","article:modified_time":"2017-11-04T18:47:03+00:00","article:publisher":"https:\/\/facebook.com\/eldigitaldeasturias","twitter:card":"summary_large_image","twitter:title":"Garc\u00eda Albiol sobre Puigdemont: \u00abEs el pasado\u00bb - El Digital de Asturias","twitter:description":"El candidato del PP a la Generalitat y presidente del PP de Catalu\u00f1a, Xavier Garc\u00eda Albiol, ha proclamado que el pr\u00f3ximo 21-D los ciudadanos catalanes tendr\u00e1n &quot;en sus manos la oportunidad de poner punto y final al independentismo, a la exclusi\u00f3n, a la separaci\u00f3n entre catalanes buenos y malos&quot;. El candidato popular ha se\u00f1alado que","twitter:image":"https:\/\/www.eldigitaldeasturias.com\/noticias\/wp-content\/uploads\/2020\/12\/EDA-1.jpg","twitter:label1":"Escrito por","twitter:data1":"El Digital de Asturias","twitter:label2":"Tiempo de lectura estimado","twitter:data2":"2 minutos"},"aioseo_meta_data":{"post_id":"958678","title":null,"description":null,"keywords":null,"keyphrases":null,"primary_term":null,"canonical_url":null,"og_title":null,"og_description":null,"og_object_type":"default","og_image_type":"default","og_image_url":null,"og_image_width":null,"og_image_height":null,"og_image_custom_url":null,"og_image_custom_fields":null,"og_video":null,"og_custom_url":null,"og_article_section":null,"og_article_tags":null,"twitter_use_og":false,"twitter_card":"default","twitter_image_type":"default","twitter_image_url":null,"twitter_image_custom_url":null,"twitter_image_custom_fields":null,"twitter_title":null,"twitter_description":null,"schema":{"blockGraphs":[],"customGraphs":[],"default":{"data":{"Article":[],"Course":[],"Dataset":[],"FAQPage":[],"Movie":[],"Person":[],"Product":[],"ProductReview":[],"Car":[],"Recipe":[],"Service":[],"SoftwareApplication":[],"WebPage":[]},"graphName":"","isEnabled":true},"graphs":[]},"schema_type":null,"schema_type_options":null,"pillar_content":false,"robots_default":true,"robots_noindex":false,"robots_noarchive":false,"robots_nosnippet":false,"robots_nofollow":false,"robots_noimageindex":false,"robots_noodp":false,"robots_notranslate":false,"robots_max_snippet":null,"robots_max_videopreview":null,"robots_max_imagepreview":"large","priority":null,"frequency":null,"local_seo":null,"seo_analyzer_scan_date":"2025-12-06 22:14:10","breadcrumb_settings":null,"limit_modified_date":false,"open_ai":null,"ai":null,"created":"2020-12-21 12:54:00","updated":"2025-12-06 22:14:10","focus_keyword":null,"additional_keywords":null,"truseo_locale":null},"aioseo_breadcrumb":"<div class=\"aioseo-breadcrumbs\"><span class=\"aioseo-breadcrumb\">\n\t<a href=\"https:\/\/www.eldigitaldeasturias.com\/noticias\" title=\"Home\">Home<\/a>\n<\/span><span class=\"aioseo-breadcrumb-separator\">\u2013<\/span><span class=\"aioseo-breadcrumb\">\n\t<a href=\"https:\/\/www.eldigitaldeasturias.com\/noticias\/category\/actualidad\/\" title=\"Actualidad\">Actualidad<\/a>\n<\/span><span class=\"aioseo-breadcrumb-separator\">\u2013<\/span><span class=\"aioseo-breadcrumb\">\n\t<a href=\"https:\/\/www.eldigitaldeasturias.com\/noticias\/garcia-albiol-sobre-puigdemont-es-el-pasado\/\" title=\"Garc\u00eda Albiol sobre Puigdemont: \u00abEs el pasado\u00bb\">Garc\u00eda Albiol sobre Puigdemont: \u00abEs el pasado\u00bb<\/a>\n<\/span><\/div>","aioseo_breadcrumb_json":[{"label":"Home","link":"https:\/\/www.eldigitaldeasturias.com\/noticias"},{"label":"Actualidad","link":"https:\/\/www.eldigitaldeasturias.com\/noticias\/category\/actualidad\/"},{"label":"Garc\u00eda Albiol sobre Puigdemont: \u00abEs el pasado\u00bb","link":"https:\/\/www.eldigitaldeasturias.com\/noticias\/garcia-albiol-sobre-puigdemont-es-el-pasado\/"}],"_links":{"self":[{"href":"https:\/\/www.eldigitaldeasturias.com\/noticias\/wp-json\/wp\/v2\/posts\/958678","targetHints":{"allow":["GET"]}}],"collection":[{"href":"https:\/\/www.eldigitaldeasturias.com\/noticias\/wp-json\/wp\/v2\/posts"}],"about":[{"href":"https:\/\/www.eldigitaldeasturias.com\/noticias\/wp-json\/wp\/v2\/types\/post"}],"author":[{"embeddable":true,"href":"https:\/\/www.eldigitaldeasturias.com\/noticias\/wp-json\/wp\/v2\/users\/1"}],"replies":[{"embeddable":true,"href":"https:\/\/www.eldigitaldeasturias.com\/noticias\/wp-json\/wp\/v2\/comments?post=958678"}],"version-history":[{"count":0,"href":"https:\/\/www.eldigitaldeasturias.com\/noticias\/wp-json\/wp\/v2\/posts\/958678\/revisions"}],"wp:attachment":[{"href":"https:\/\/www.eldigitaldeasturias.com\/noticias\/wp-json\/wp\/v2\/media?parent=958678"}],"wp:term":[{"taxonomy":"category","embeddable":true,"href":"https:\/\/www.eldigitaldeasturias.com\/noticias\/wp-json\/wp\/v2\/categories?post=958678"},{"taxonomy":"post_tag","embeddable":true,"href":"https:\/\/www.eldigitaldeasturias.com\/noticias\/wp-json\/wp\/v2\/tags?post=958678"}],"curies":[{"name":"wp","href":"https:\/\/api.w.org\/{rel}","templated":true}]}}