{"id":958669,"date":"2017-11-04T16:13:22","date_gmt":"2017-11-04T16:13:22","guid":{"rendered":"http:\/\/www.eldigitaldeasturias.com\/noticias\/?p=958669"},"modified":"2017-11-04T16:13:22","modified_gmt":"2017-11-04T16:13:22","slug":"el-gobierno-rechaza-el-enjuiciamiento-del-vicepresidente-de-la-asamblea-nacional-de-venezuela","status":"publish","type":"post","link":"https:\/\/www.eldigitaldeasturias.com\/noticias\/el-gobierno-rechaza-el-enjuiciamiento-del-vicepresidente-de-la-asamblea-nacional-de-venezuela\/","title":{"rendered":"El Gobierno rechaza el enjuiciamiento del vicepresidente de la Asamblea Nacional de Venezuela"},"content":{"rendered":"<p><img loading=\"lazy\" decoding=\"async\" class=\"alignleft size-medium wp-image-958670\" src=\"https:\/\/www.eldigitaldeasturias.com\/noticias\/wp-content\/uploads\/2017\/11\/Exteriores2_Interior-360x239.jpg\" alt=\"\" width=\"360\" height=\"239\" \/>El Gobierno de Espa\u00f1a manifiesta su rechazo a la decisi\u00f3n de proceder al enjuiciamiento del vicepresidente primero de la Asamblea Nacional de Venezuela, diputado Freddy Guevara, con prohibici\u00f3n de salida del pa\u00eds.<\/p>\n<p>Espa\u00f1a condena este nuevo atentado contra la democracia venezolana y contra su Asamblea Nacional, \u00fanico poder legislativo leg\u00edtimo y depositario de la soberan\u00eda nacional. El procedimiento utilizado y la represi\u00f3n contra la oposici\u00f3n democr\u00e1tica representan un atropello contra el Estado de derecho y contra el principio de la separaci\u00f3n de poderes.<\/p>\n<p>Espa\u00f1a reitera su decidido compromiso con toda iniciativa que sirva para alcanzar una soluci\u00f3n pac\u00edfica en el marco de un di\u00e1logo urgente, efectivo e inclusivo en Venezuela, con pleno respeto al Estado de derecho y a la separaci\u00f3n de poderes, as\u00ed como la liberaci\u00f3n de presos pol\u00edticos y la apertura de un canal humanitario que permita mejorar las condiciones de vida del hermano pueblo venezolano.<\/p>\n","protected":false},"excerpt":{"rendered":"<p>El Gobierno de Espa\u00f1a manifiesta su rechazo a la decisi\u00f3n de proceder al enjuiciamiento del vicepresidente primero de la Asamblea Nacional de Venezuela, diputado Freddy Guevara, con prohibici\u00f3n de salida del pa\u00eds. Espa\u00f1a condena este nuevo atentado contra la democracia venezolana y contra su Asamblea Nacional, \u00fanico poder legislativo leg\u00edtimo y depositario de la soberan\u00eda [&hellip;]<\/p>\n","protected":false},"author":1,"featured_media":958670,"comment_status":"closed","ping_status":"closed","sticky":false,"template":"","format":"standard","meta":{"footnotes":""},"categories":[1],"tags":[],"class_list":["post-958669","post","type-post","status-publish","format-standard","has-post-thumbnail","hentry","category-actualidad"],"aioseo_notices":[],"aioseo_head":"\n\t\t<!-- All in One SEO Pro 5.0.1 - aioseo.com -->\n\t<meta name=\"description\" content=\"El Gobierno de Espa\u00f1a manifiesta su rechazo a la decisi\u00f3n de proceder al enjuiciamiento del vicepresidente primero de la Asamblea Nacional de Venezuela, diputado Freddy Guevara, con prohibici\u00f3n de salida del pa\u00eds. Espa\u00f1a condena este nuevo atentado contra la democracia venezolana y contra su Asamblea Nacional, \u00fanico poder legislativo leg\u00edtimo y depositario de la soberan\u00eda\" \/>\n\t<meta name=\"robots\" content=\"max-image-preview:large\" \/>\n\t<meta name=\"author\" content=\"El Digital de Asturias\"\/>\n\t<meta name=\"google-site-verification\" content=\"UA-38556648-1\" \/>\n\t<meta name=\"msvalidate.01\" content=\"7dfe9f3f1b24437ab69f4f2559babe99\" \/>\n\t<meta name=\"keywords\" content=\"actualidad\" \/>\n\t<link rel=\"canonical\" href=\"https:\/\/www.eldigitaldeasturias.com\/noticias\/el-gobierno-rechaza-el-enjuiciamiento-del-vicepresidente-de-la-asamblea-nacional-de-venezuela\/\" \/>\n\t<meta name=\"generator\" content=\"All in One SEO Pro (AIOSEO) 5.0.1\" \/>\n\t\t<meta property=\"og:locale\" content=\"es_ES\" \/>\n\t\t<meta property=\"og:site_name\" content=\"El Digital de Asturias\" \/>\n\t\t<meta property=\"og:type\" content=\"article\" \/>\n\t\t<meta property=\"og:title\" content=\"El Gobierno rechaza el enjuiciamiento del vicepresidente de la Asamblea Nacional de Venezuela - El Digital de Asturias\" \/>\n\t\t<meta property=\"og:description\" content=\"El Gobierno de Espa\u00f1a manifiesta su rechazo a la decisi\u00f3n de proceder al enjuiciamiento del vicepresidente primero de la Asamblea Nacional de Venezuela, diputado Freddy Guevara, con prohibici\u00f3n de salida del pa\u00eds. Espa\u00f1a condena este nuevo atentado contra la democracia venezolana y contra su Asamblea Nacional, \u00fanico poder legislativo leg\u00edtimo y depositario de la soberan\u00eda\" \/>\n\t\t<meta property=\"og:url\" content=\"https:\/\/www.eldigitaldeasturias.com\/noticias\/el-gobierno-rechaza-el-enjuiciamiento-del-vicepresidente-de-la-asamblea-nacional-de-venezuela\/\" \/>\n\t\t<meta property=\"article:tag\" content=\"actualidad\" \/>\n\t\t<meta property=\"article:published_time\" content=\"2017-11-04T16:13:22+00:00\" \/>\n\t\t<meta property=\"article:modified_time\" content=\"2017-11-04T16:13:22+00:00\" \/>\n\t\t<meta property=\"article:publisher\" content=\"https:\/\/facebook.com\/eldigitaldeasturias\" \/>\n\t\t<meta name=\"twitter:card\" content=\"summary_large_image\" \/>\n\t\t<meta name=\"twitter:title\" content=\"El Gobierno rechaza el enjuiciamiento del vicepresidente de la Asamblea Nacional de Venezuela - El Digital de Asturias\" \/>\n\t\t<meta name=\"twitter:description\" content=\"El Gobierno de Espa\u00f1a manifiesta su rechazo a la decisi\u00f3n de proceder al enjuiciamiento del vicepresidente primero de la Asamblea Nacional de Venezuela, diputado Freddy Guevara, con prohibici\u00f3n de salida del pa\u00eds. Espa\u00f1a condena este nuevo atentado contra la democracia venezolana y contra su Asamblea Nacional, \u00fanico poder legislativo leg\u00edtimo y depositario de la soberan\u00eda\" \/>\n\t\t<meta name=\"twitter:image\" content=\"https:\/\/www.eldigitaldeasturias.com\/noticias\/wp-content\/uploads\/2020\/12\/EDA-1.jpg\" \/>\n\t\t<meta name=\"twitter:label1\" content=\"Escrito por\" \/>\n\t\t<meta name=\"twitter:data1\" content=\"El Digital de Asturias\" \/>\n\t\t<meta name=\"twitter:label2\" content=\"Tiempo de lectura estimado\" \/>\n\t\t<meta name=\"twitter:data2\" content=\"1 minuto\" \/>\n\t\t<script type=\"application\/ld+json\" class=\"aioseo-schema\">\n\t\t\t{\"@context\":\"https:\\\/\\\/schema.org\",\"@graph\":[{\"@type\":\"BlogPosting\",\"@id\":\"https:\\\/\\\/www.eldigitaldeasturias.com\\\/noticias\\\/el-gobierno-rechaza-el-enjuiciamiento-del-vicepresidente-de-la-asamblea-nacional-de-venezuela\\\/#blogposting\",\"name\":\"El Gobierno rechaza el enjuiciamiento del vicepresidente de la Asamblea Nacional de Venezuela - El Digital de Asturias\",\"headline\":\"El Gobierno rechaza el enjuiciamiento del vicepresidente de la Asamblea Nacional de Venezuela\",\"author\":{\"@id\":\"https:\\\/\\\/www.eldigitaldeasturias.com\\\/noticias\\\/author\\\/admin\\\/#author\"},\"publisher\":{\"@id\":\"https:\\\/\\\/www.eldigitaldeasturias.com\\\/noticias\\\/#organization\"},\"image\":{\"@type\":\"ImageObject\",\"url\":958670},\"datePublished\":\"2017-11-04T16:13:22+01:00\",\"dateModified\":\"2017-11-04T16:13:22+01:00\",\"inLanguage\":\"es-ES\",\"mainEntityOfPage\":{\"@id\":\"https:\\\/\\\/www.eldigitaldeasturias.com\\\/noticias\\\/el-gobierno-rechaza-el-enjuiciamiento-del-vicepresidente-de-la-asamblea-nacional-de-venezuela\\\/#webpage\"},\"isPartOf\":{\"@id\":\"https:\\\/\\\/www.eldigitaldeasturias.com\\\/noticias\\\/el-gobierno-rechaza-el-enjuiciamiento-del-vicepresidente-de-la-asamblea-nacional-de-venezuela\\\/#webpage\"},\"articleSection\":\"Actualidad\"},{\"@type\":\"BreadcrumbList\",\"@id\":\"https:\\\/\\\/www.eldigitaldeasturias.com\\\/noticias\\\/el-gobierno-rechaza-el-enjuiciamiento-del-vicepresidente-de-la-asamblea-nacional-de-venezuela\\\/#breadcrumblist\",\"itemListElement\":[{\"@type\":\"ListItem\",\"@id\":\"https:\\\/\\\/www.eldigitaldeasturias.com\\\/noticias#listItem\",\"position\":1,\"name\":\"Home\",\"item\":\"https:\\\/\\\/www.eldigitaldeasturias.com\\\/noticias\",\"nextItem\":{\"@type\":\"ListItem\",\"@id\":\"https:\\\/\\\/www.eldigitaldeasturias.com\\\/noticias\\\/category\\\/actualidad\\\/#listItem\",\"name\":\"Actualidad\"}},{\"@type\":\"ListItem\",\"@id\":\"https:\\\/\\\/www.eldigitaldeasturias.com\\\/noticias\\\/category\\\/actualidad\\\/#listItem\",\"position\":2,\"name\":\"Actualidad\",\"item\":\"https:\\\/\\\/www.eldigitaldeasturias.com\\\/noticias\\\/category\\\/actualidad\\\/\",\"nextItem\":{\"@type\":\"ListItem\",\"@id\":\"https:\\\/\\\/www.eldigitaldeasturias.com\\\/noticias\\\/el-gobierno-rechaza-el-enjuiciamiento-del-vicepresidente-de-la-asamblea-nacional-de-venezuela\\\/#listItem\",\"name\":\"El Gobierno rechaza el enjuiciamiento del vicepresidente de la Asamblea Nacional de Venezuela\"},\"previousItem\":{\"@type\":\"ListItem\",\"@id\":\"https:\\\/\\\/www.eldigitaldeasturias.com\\\/noticias#listItem\",\"name\":\"Home\"}},{\"@type\":\"ListItem\",\"@id\":\"https:\\\/\\\/www.eldigitaldeasturias.com\\\/noticias\\\/el-gobierno-rechaza-el-enjuiciamiento-del-vicepresidente-de-la-asamblea-nacional-de-venezuela\\\/#listItem\",\"position\":3,\"name\":\"El Gobierno rechaza el enjuiciamiento del vicepresidente de la Asamblea Nacional de Venezuela\",\"previousItem\":{\"@type\":\"ListItem\",\"@id\":\"https:\\\/\\\/www.eldigitaldeasturias.com\\\/noticias\\\/category\\\/actualidad\\\/#listItem\",\"name\":\"Actualidad\"}}]},{\"@type\":\"Organization\",\"@id\":\"https:\\\/\\\/www.eldigitaldeasturias.com\\\/noticias\\\/#organization\",\"name\":\"El Digital de Asturias\",\"description\":\"Hemeroteca\",\"url\":\"https:\\\/\\\/www.eldigitaldeasturias.com\\\/noticias\\\/\",\"email\":\"info@eldigitaldeasturias.com\",\"telephone\":\"+34652131393\",\"logo\":{\"@type\":\"ImageObject\",\"url\":\"https:\\\/\\\/www.eldigitaldeasturias.com\\\/noticias\\\/wp-content\\\/uploads\\\/2020\\\/12\\\/EDA.jpg\",\"@id\":\"https:\\\/\\\/www.eldigitaldeasturias.com\\\/noticias\\\/el-gobierno-rechaza-el-enjuiciamiento-del-vicepresidente-de-la-asamblea-nacional-de-venezuela\\\/#organizationLogo\"},\"image\":{\"@id\":\"https:\\\/\\\/www.eldigitaldeasturias.com\\\/noticias\\\/el-gobierno-rechaza-el-enjuiciamiento-del-vicepresidente-de-la-asamblea-nacional-de-venezuela\\\/#organizationLogo\"},\"sameAs\":[\"https:\\\/\\\/facebook.com\\\/eldigitaldeasturias\",\"https:\\\/\\\/www.youtube.com\\\/channel\\\/UCZP-2wLEB9Rv6erhFmqVnvg\"],\"address\":{\"@id\":\"https:\\\/\\\/www.eldigitaldeasturias.com\\\/noticias\\\/#postaladdress\",\"@type\":\"PostalAddress\",\"streetAddress\":\"san antonio 4\",\"postalCode\":\"33430\",\"addressLocality\":\"Cand\\u00e1s\",\"addressRegion\":\"Asturias\",\"addressCountry\":\"ES\"}},{\"@type\":\"Person\",\"@id\":\"https:\\\/\\\/www.eldigitaldeasturias.com\\\/noticias\\\/author\\\/admin\\\/#author\",\"url\":\"https:\\\/\\\/www.eldigitaldeasturias.com\\\/noticias\\\/author\\\/admin\\\/\",\"name\":\"El Digital de Asturias\",\"image\":{\"@type\":\"ImageObject\",\"@id\":\"https:\\\/\\\/www.eldigitaldeasturias.com\\\/noticias\\\/el-gobierno-rechaza-el-enjuiciamiento-del-vicepresidente-de-la-asamblea-nacional-de-venezuela\\\/#authorImage\",\"url\":\"https:\\\/\\\/secure.gravatar.com\\\/avatar\\\/df2aeffc32bcd13f8d26072ef8a91b623d677766deac7f97ca815868cd41bf5e?s=96&d=mm&r=g\",\"width\":96,\"height\":96,\"caption\":\"El Digital de Asturias\"}},{\"@type\":\"WebPage\",\"@id\":\"https:\\\/\\\/www.eldigitaldeasturias.com\\\/noticias\\\/el-gobierno-rechaza-el-enjuiciamiento-del-vicepresidente-de-la-asamblea-nacional-de-venezuela\\\/#webpage\",\"url\":\"https:\\\/\\\/www.eldigitaldeasturias.com\\\/noticias\\\/el-gobierno-rechaza-el-enjuiciamiento-del-vicepresidente-de-la-asamblea-nacional-de-venezuela\\\/\",\"name\":\"El Gobierno rechaza el enjuiciamiento del vicepresidente de la Asamblea Nacional de Venezuela - El Digital de Asturias\",\"description\":\"El Gobierno de Espa\\u00f1a manifiesta su rechazo a la decisi\\u00f3n de proceder al enjuiciamiento del vicepresidente primero de la Asamblea Nacional de Venezuela, diputado Freddy Guevara, con prohibici\\u00f3n de salida del pa\\u00eds. Espa\\u00f1a condena este nuevo atentado contra la democracia venezolana y contra su Asamblea Nacional, \\u00fanico poder legislativo leg\\u00edtimo y depositario de la soberan\\u00eda\",\"inLanguage\":\"es-ES\",\"isPartOf\":{\"@id\":\"https:\\\/\\\/www.eldigitaldeasturias.com\\\/noticias\\\/#website\"},\"breadcrumb\":{\"@id\":\"https:\\\/\\\/www.eldigitaldeasturias.com\\\/noticias\\\/el-gobierno-rechaza-el-enjuiciamiento-del-vicepresidente-de-la-asamblea-nacional-de-venezuela\\\/#breadcrumblist\"},\"author\":{\"@id\":\"https:\\\/\\\/www.eldigitaldeasturias.com\\\/noticias\\\/author\\\/admin\\\/#author\"},\"creator\":{\"@id\":\"https:\\\/\\\/www.eldigitaldeasturias.com\\\/noticias\\\/author\\\/admin\\\/#author\"},\"image\":{\"@type\":\"ImageObject\",\"url\":958670,\"@id\":\"https:\\\/\\\/www.eldigitaldeasturias.com\\\/noticias\\\/el-gobierno-rechaza-el-enjuiciamiento-del-vicepresidente-de-la-asamblea-nacional-de-venezuela\\\/#mainImage\"},\"primaryImageOfPage\":{\"@id\":\"https:\\\/\\\/www.eldigitaldeasturias.com\\\/noticias\\\/el-gobierno-rechaza-el-enjuiciamiento-del-vicepresidente-de-la-asamblea-nacional-de-venezuela\\\/#mainImage\"},\"datePublished\":\"2017-11-04T16:13:22+01:00\",\"dateModified\":\"2017-11-04T16:13:22+01:00\"},{\"@type\":\"WebSite\",\"@id\":\"https:\\\/\\\/www.eldigitaldeasturias.com\\\/noticias\\\/#website\",\"url\":\"https:\\\/\\\/www.eldigitaldeasturias.com\\\/noticias\\\/\",\"name\":\"El Digital de Asturias - Diario de actualidad y noticias\",\"alternateName\":\"El Digital de Asturias - Diario de actualidad y noticias\",\"description\":\"Hemeroteca\",\"inLanguage\":\"es-ES\",\"publisher\":{\"@id\":\"https:\\\/\\\/www.eldigitaldeasturias.com\\\/noticias\\\/#organization\"}}]}\n\t\t<\/script>\n\t\t<!-- All in One SEO Pro -->\r\n\t\t<title>El Gobierno rechaza el enjuiciamiento del vicepresidente de la Asamblea Nacional de Venezuela - El Digital de Asturias<\/title>\n\n","aioseo_head_json":{"title":"El Gobierno rechaza el enjuiciamiento del vicepresidente de la Asamblea Nacional de Venezuela - El Digital de Asturias","description":"El Gobierno de Espa\u00f1a manifiesta su rechazo a la decisi\u00f3n de proceder al enjuiciamiento del vicepresidente primero de la Asamblea Nacional de Venezuela, diputado Freddy Guevara, con prohibici\u00f3n de salida del pa\u00eds. Espa\u00f1a condena este nuevo atentado contra la democracia venezolana y contra su Asamblea Nacional, \u00fanico poder legislativo leg\u00edtimo y depositario de la soberan\u00eda","canonical_url":"https:\/\/www.eldigitaldeasturias.com\/noticias\/el-gobierno-rechaza-el-enjuiciamiento-del-vicepresidente-de-la-asamblea-nacional-de-venezuela\/","robots":"max-image-preview:large","keywords":"actualidad","webmasterTools":{"google-site-verification":"UA-38556648-1","msvalidate.01":"7dfe9f3f1b24437ab69f4f2559babe99","miscellaneous":""},"schema":{"@context":"https:\/\/schema.org","@graph":[{"@type":"BlogPosting","@id":"https:\/\/www.eldigitaldeasturias.com\/noticias\/el-gobierno-rechaza-el-enjuiciamiento-del-vicepresidente-de-la-asamblea-nacional-de-venezuela\/#blogposting","name":"El Gobierno rechaza el enjuiciamiento del vicepresidente de la Asamblea Nacional de Venezuela - El Digital de Asturias","headline":"El Gobierno rechaza el enjuiciamiento del vicepresidente de la Asamblea Nacional de Venezuela","author":{"@id":"https:\/\/www.eldigitaldeasturias.com\/noticias\/author\/admin\/#author"},"publisher":{"@id":"https:\/\/www.eldigitaldeasturias.com\/noticias\/#organization"},"image":{"@type":"ImageObject","url":958670},"datePublished":"2017-11-04T16:13:22+01:00","dateModified":"2017-11-04T16:13:22+01:00","inLanguage":"es-ES","mainEntityOfPage":{"@id":"https:\/\/www.eldigitaldeasturias.com\/noticias\/el-gobierno-rechaza-el-enjuiciamiento-del-vicepresidente-de-la-asamblea-nacional-de-venezuela\/#webpage"},"isPartOf":{"@id":"https:\/\/www.eldigitaldeasturias.com\/noticias\/el-gobierno-rechaza-el-enjuiciamiento-del-vicepresidente-de-la-asamblea-nacional-de-venezuela\/#webpage"},"articleSection":"Actualidad"},{"@type":"BreadcrumbList","@id":"https:\/\/www.eldigitaldeasturias.com\/noticias\/el-gobierno-rechaza-el-enjuiciamiento-del-vicepresidente-de-la-asamblea-nacional-de-venezuela\/#breadcrumblist","itemListElement":[{"@type":"ListItem","@id":"https:\/\/www.eldigitaldeasturias.com\/noticias#listItem","position":1,"name":"Home","item":"https:\/\/www.eldigitaldeasturias.com\/noticias","nextItem":{"@type":"ListItem","@id":"https:\/\/www.eldigitaldeasturias.com\/noticias\/category\/actualidad\/#listItem","name":"Actualidad"}},{"@type":"ListItem","@id":"https:\/\/www.eldigitaldeasturias.com\/noticias\/category\/actualidad\/#listItem","position":2,"name":"Actualidad","item":"https:\/\/www.eldigitaldeasturias.com\/noticias\/category\/actualidad\/","nextItem":{"@type":"ListItem","@id":"https:\/\/www.eldigitaldeasturias.com\/noticias\/el-gobierno-rechaza-el-enjuiciamiento-del-vicepresidente-de-la-asamblea-nacional-de-venezuela\/#listItem","name":"El Gobierno rechaza el enjuiciamiento del vicepresidente de la Asamblea Nacional de Venezuela"},"previousItem":{"@type":"ListItem","@id":"https:\/\/www.eldigitaldeasturias.com\/noticias#listItem","name":"Home"}},{"@type":"ListItem","@id":"https:\/\/www.eldigitaldeasturias.com\/noticias\/el-gobierno-rechaza-el-enjuiciamiento-del-vicepresidente-de-la-asamblea-nacional-de-venezuela\/#listItem","position":3,"name":"El Gobierno rechaza el enjuiciamiento del vicepresidente de la Asamblea Nacional de Venezuela","previousItem":{"@type":"ListItem","@id":"https:\/\/www.eldigitaldeasturias.com\/noticias\/category\/actualidad\/#listItem","name":"Actualidad"}}]},{"@type":"Organization","@id":"https:\/\/www.eldigitaldeasturias.com\/noticias\/#organization","name":"El Digital de Asturias","description":"Hemeroteca","url":"https:\/\/www.eldigitaldeasturias.com\/noticias\/","email":"info@eldigitaldeasturias.com","telephone":"+34652131393","logo":{"@type":"ImageObject","url":"https:\/\/www.eldigitaldeasturias.com\/noticias\/wp-content\/uploads\/2020\/12\/EDA.jpg","@id":"https:\/\/www.eldigitaldeasturias.com\/noticias\/el-gobierno-rechaza-el-enjuiciamiento-del-vicepresidente-de-la-asamblea-nacional-de-venezuela\/#organizationLogo"},"image":{"@id":"https:\/\/www.eldigitaldeasturias.com\/noticias\/el-gobierno-rechaza-el-enjuiciamiento-del-vicepresidente-de-la-asamblea-nacional-de-venezuela\/#organizationLogo"},"sameAs":["https:\/\/facebook.com\/eldigitaldeasturias","https:\/\/www.youtube.com\/channel\/UCZP-2wLEB9Rv6erhFmqVnvg"],"address":{"@id":"https:\/\/www.eldigitaldeasturias.com\/noticias\/#postaladdress","@type":"PostalAddress","streetAddress":"san antonio 4","postalCode":"33430","addressLocality":"Cand\u00e1s","addressRegion":"Asturias","addressCountry":"ES"}},{"@type":"Person","@id":"https:\/\/www.eldigitaldeasturias.com\/noticias\/author\/admin\/#author","url":"https:\/\/www.eldigitaldeasturias.com\/noticias\/author\/admin\/","name":"El Digital de Asturias","image":{"@type":"ImageObject","@id":"https:\/\/www.eldigitaldeasturias.com\/noticias\/el-gobierno-rechaza-el-enjuiciamiento-del-vicepresidente-de-la-asamblea-nacional-de-venezuela\/#authorImage","url":"https:\/\/secure.gravatar.com\/avatar\/df2aeffc32bcd13f8d26072ef8a91b623d677766deac7f97ca815868cd41bf5e?s=96&d=mm&r=g","width":96,"height":96,"caption":"El Digital de Asturias"}},{"@type":"WebPage","@id":"https:\/\/www.eldigitaldeasturias.com\/noticias\/el-gobierno-rechaza-el-enjuiciamiento-del-vicepresidente-de-la-asamblea-nacional-de-venezuela\/#webpage","url":"https:\/\/www.eldigitaldeasturias.com\/noticias\/el-gobierno-rechaza-el-enjuiciamiento-del-vicepresidente-de-la-asamblea-nacional-de-venezuela\/","name":"El Gobierno rechaza el enjuiciamiento del vicepresidente de la Asamblea Nacional de Venezuela - El Digital de Asturias","description":"El Gobierno de Espa\u00f1a manifiesta su rechazo a la decisi\u00f3n de proceder al enjuiciamiento del vicepresidente primero de la Asamblea Nacional de Venezuela, diputado Freddy Guevara, con prohibici\u00f3n de salida del pa\u00eds. Espa\u00f1a condena este nuevo atentado contra la democracia venezolana y contra su Asamblea Nacional, \u00fanico poder legislativo leg\u00edtimo y depositario de la soberan\u00eda","inLanguage":"es-ES","isPartOf":{"@id":"https:\/\/www.eldigitaldeasturias.com\/noticias\/#website"},"breadcrumb":{"@id":"https:\/\/www.eldigitaldeasturias.com\/noticias\/el-gobierno-rechaza-el-enjuiciamiento-del-vicepresidente-de-la-asamblea-nacional-de-venezuela\/#breadcrumblist"},"author":{"@id":"https:\/\/www.eldigitaldeasturias.com\/noticias\/author\/admin\/#author"},"creator":{"@id":"https:\/\/www.eldigitaldeasturias.com\/noticias\/author\/admin\/#author"},"image":{"@type":"ImageObject","url":958670,"@id":"https:\/\/www.eldigitaldeasturias.com\/noticias\/el-gobierno-rechaza-el-enjuiciamiento-del-vicepresidente-de-la-asamblea-nacional-de-venezuela\/#mainImage"},"primaryImageOfPage":{"@id":"https:\/\/www.eldigitaldeasturias.com\/noticias\/el-gobierno-rechaza-el-enjuiciamiento-del-vicepresidente-de-la-asamblea-nacional-de-venezuela\/#mainImage"},"datePublished":"2017-11-04T16:13:22+01:00","dateModified":"2017-11-04T16:13:22+01:00"},{"@type":"WebSite","@id":"https:\/\/www.eldigitaldeasturias.com\/noticias\/#website","url":"https:\/\/www.eldigitaldeasturias.com\/noticias\/","name":"El Digital de Asturias - Diario de actualidad y noticias","alternateName":"El Digital de Asturias - Diario de actualidad y noticias","description":"Hemeroteca","inLanguage":"es-ES","publisher":{"@id":"https:\/\/www.eldigitaldeasturias.com\/noticias\/#organization"}}]},"og:locale":"es_ES","og:site_name":"El Digital de Asturias","og:type":"article","og:title":"El Gobierno rechaza el enjuiciamiento del vicepresidente de la Asamblea Nacional de Venezuela - El Digital de Asturias","og:description":"El Gobierno de Espa\u00f1a manifiesta su rechazo a la decisi\u00f3n de proceder al enjuiciamiento del vicepresidente primero de la Asamblea Nacional de Venezuela, diputado Freddy Guevara, con prohibici\u00f3n de salida del pa\u00eds. Espa\u00f1a condena este nuevo atentado contra la democracia venezolana y contra su Asamblea Nacional, \u00fanico poder legislativo leg\u00edtimo y depositario de la soberan\u00eda","og:url":"https:\/\/www.eldigitaldeasturias.com\/noticias\/el-gobierno-rechaza-el-enjuiciamiento-del-vicepresidente-de-la-asamblea-nacional-de-venezuela\/","article:tag":["actualidad"],"article:published_time":"2017-11-04T16:13:22+00:00","article:modified_time":"2017-11-04T16:13:22+00:00","article:publisher":"https:\/\/facebook.com\/eldigitaldeasturias","twitter:card":"summary_large_image","twitter:title":"El Gobierno rechaza el enjuiciamiento del vicepresidente de la Asamblea Nacional de Venezuela - El Digital de Asturias","twitter:description":"El Gobierno de Espa\u00f1a manifiesta su rechazo a la decisi\u00f3n de proceder al enjuiciamiento del vicepresidente primero de la Asamblea Nacional de Venezuela, diputado Freddy Guevara, con prohibici\u00f3n de salida del pa\u00eds. Espa\u00f1a condena este nuevo atentado contra la democracia venezolana y contra su Asamblea Nacional, \u00fanico poder legislativo leg\u00edtimo y depositario de la soberan\u00eda","twitter:image":"https:\/\/www.eldigitaldeasturias.com\/noticias\/wp-content\/uploads\/2020\/12\/EDA-1.jpg","twitter:label1":"Escrito por","twitter:data1":"El Digital de Asturias","twitter:label2":"Tiempo de lectura estimado","twitter:data2":"1 minuto"},"aioseo_meta_data":{"post_id":"958669","title":null,"description":null,"keywords":null,"keyphrases":null,"primary_term":null,"canonical_url":null,"og_title":null,"og_description":null,"og_object_type":"default","og_image_type":"default","og_image_url":null,"og_image_width":null,"og_image_height":null,"og_image_custom_url":null,"og_image_custom_fields":null,"og_video":null,"og_custom_url":null,"og_article_section":null,"og_article_tags":null,"twitter_use_og":false,"twitter_card":"default","twitter_image_type":"default","twitter_image_url":null,"twitter_image_custom_url":null,"twitter_image_custom_fields":null,"twitter_title":null,"twitter_description":null,"schema":{"blockGraphs":[],"customGraphs":[],"default":{"data":{"Article":[],"Course":[],"Dataset":[],"FAQPage":[],"Movie":[],"Person":[],"Product":[],"ProductReview":[],"Car":[],"Recipe":[],"Service":[],"SoftwareApplication":[],"WebPage":[]},"graphName":"","isEnabled":true},"graphs":[],"defaultGraph":"","defaultPostTypeGraph":""},"schema_type":null,"schema_type_options":null,"pillar_content":false,"robots_default":true,"robots_noindex":false,"robots_noarchive":false,"robots_nosnippet":false,"robots_nofollow":false,"robots_noimageindex":false,"robots_noodp":false,"robots_notranslate":false,"robots_max_snippet":null,"robots_max_videopreview":null,"robots_max_imagepreview":"large","priority":null,"frequency":null,"local_seo":null,"seo_analyzer_scan_date":"2025-12-06 22:12:07","breadcrumb_settings":null,"limit_modified_date":false,"open_ai":null,"ai":null,"created":"2020-12-21 12:54:00","updated":"2025-12-06 22:12:07","focus_keyword":null,"additional_keywords":null,"truseo_locale":null},"aioseo_breadcrumb":"<div class=\"aioseo-breadcrumbs\"><span class=\"aioseo-breadcrumb\">\n\t<a href=\"https:\/\/www.eldigitaldeasturias.com\/noticias\" title=\"Home\">Home<\/a>\n<\/span><span class=\"aioseo-breadcrumb-separator\">\u2013<\/span><span class=\"aioseo-breadcrumb\">\n\t<a href=\"https:\/\/www.eldigitaldeasturias.com\/noticias\/category\/actualidad\/\" title=\"Actualidad\">Actualidad<\/a>\n<\/span><span class=\"aioseo-breadcrumb-separator\">\u2013<\/span><span class=\"aioseo-breadcrumb\">\n\t<a href=\"https:\/\/www.eldigitaldeasturias.com\/noticias\/el-gobierno-rechaza-el-enjuiciamiento-del-vicepresidente-de-la-asamblea-nacional-de-venezuela\/\" title=\"El Gobierno rechaza el enjuiciamiento del vicepresidente de la Asamblea Nacional de Venezuela\">El Gobierno rechaza el enjuiciamiento del vicepresidente de la Asamblea Nacional de Venezuela<\/a>\n<\/span><\/div>","aioseo_breadcrumb_json":[{"label":"Home","link":"https:\/\/www.eldigitaldeasturias.com\/noticias"},{"label":"Actualidad","link":"https:\/\/www.eldigitaldeasturias.com\/noticias\/category\/actualidad\/"},{"label":"El Gobierno rechaza el enjuiciamiento del vicepresidente de la Asamblea Nacional de Venezuela","link":"https:\/\/www.eldigitaldeasturias.com\/noticias\/el-gobierno-rechaza-el-enjuiciamiento-del-vicepresidente-de-la-asamblea-nacional-de-venezuela\/"}],"_links":{"self":[{"href":"https:\/\/www.eldigitaldeasturias.com\/noticias\/wp-json\/wp\/v2\/posts\/958669","targetHints":{"allow":["GET"]}}],"collection":[{"href":"https:\/\/www.eldigitaldeasturias.com\/noticias\/wp-json\/wp\/v2\/posts"}],"about":[{"href":"https:\/\/www.eldigitaldeasturias.com\/noticias\/wp-json\/wp\/v2\/types\/post"}],"author":[{"embeddable":true,"href":"https:\/\/www.eldigitaldeasturias.com\/noticias\/wp-json\/wp\/v2\/users\/1"}],"replies":[{"embeddable":true,"href":"https:\/\/www.eldigitaldeasturias.com\/noticias\/wp-json\/wp\/v2\/comments?post=958669"}],"version-history":[{"count":0,"href":"https:\/\/www.eldigitaldeasturias.com\/noticias\/wp-json\/wp\/v2\/posts\/958669\/revisions"}],"wp:attachment":[{"href":"https:\/\/www.eldigitaldeasturias.com\/noticias\/wp-json\/wp\/v2\/media?parent=958669"}],"wp:term":[{"taxonomy":"category","embeddable":true,"href":"https:\/\/www.eldigitaldeasturias.com\/noticias\/wp-json\/wp\/v2\/categories?post=958669"},{"taxonomy":"post_tag","embeddable":true,"href":"https:\/\/www.eldigitaldeasturias.com\/noticias\/wp-json\/wp\/v2\/tags?post=958669"}],"curies":[{"name":"wp","href":"https:\/\/api.w.org\/{rel}","templated":true}]}}