{"id":958536,"date":"2017-11-03T14:11:41","date_gmt":"2017-11-03T14:11:41","guid":{"rendered":"http:\/\/www.eldigitaldeasturias.com\/noticias\/?p=958536"},"modified":"2017-11-03T14:11:41","modified_gmt":"2017-11-03T14:11:41","slug":"tarrasa-es-designada-como-ciudad-creativa-por-la-unesco","status":"publish","type":"post","link":"https:\/\/www.eldigitaldeasturias.com\/noticias\/tarrasa-es-designada-como-ciudad-creativa-por-la-unesco\/","title":{"rendered":"Tarrasa es designada como Ciudad Creativa por la UNESCO"},"content":{"rendered":"<p><img loading=\"lazy\" decoding=\"async\" class=\"alignleft size-medium wp-image-958537\" src=\"https:\/\/www.eldigitaldeasturias.com\/noticias\/wp-content\/uploads\/2017\/11\/021117UNESCO-360x239.jpg\" alt=\"\" width=\"360\" height=\"239\" \/>\u00cd\u00f1igo M\u00e9ndez de Vigo, ministro de Educaci\u00f3n, Cultura y Deporte y portavoz del Gobierno, ha trasladado su felicitaci\u00f3n a Tarrasa por su designaci\u00f3n como Ciudad Creativa por la UNESCO en la categor\u00eda de Cine.<\/p>\n<p>\u200bEste reconocimiento supone un fuerte impulso a la apuesta de la ciudad por generar oportunidades culturales y profesionales en torno al sector audiovisual. Con esta designaci\u00f3n, Tarrasa es la primera ciudad espa\u00f1ola en entrar a formar parte de la Red de Ciudades Creativas de la UNESCO en la categor\u00eda de Cine.<\/p>\n<p>La candidatura, impulsada por el Ayuntamiento de Tarrasa, ha contado con el aval de la Academia de Cine Catal\u00e1n y con el apoyo de la comisi\u00f3n de Espa\u00f1a ante la UNESCO.<\/p>\n<p>El Ministerio de Educaci\u00f3n, Cultura y Deporte, a trav\u00e9s del Instituto de la Cinematograf\u00eda y las Artes Audiovisuales (ICAA), se reunir\u00e1 pr\u00f3ximamente con el Ayuntamiento de Tarrasa para prestar su colaboraci\u00f3n en la planificaci\u00f3n de las actividades que sean necesarias para poner en valor esta designaci\u00f3n.<\/p>\n<p>La Red de Ciudades Creativas de la UNESCO fue creada en 2004 con el fin de fomentar la cooperaci\u00f3n internacional entre las ciudades miembros para hacer de la creatividad un motor de desarrollo urbano sostenible, de integraci\u00f3n social y de vida cultural.<\/p>\n<p>La UNESCO reconoce en esta Red la creatividad de sus miembros en siete \u00e1mbitos: artesan\u00eda y artes populares, artes digitales, dise\u00f1o, cine, gastronom\u00eda, literatura y m\u00fasica. Cuenta ahora con un total de 180 ciudades en 72 pa\u00edses.<\/p>\n<p>Con la incorporaci\u00f3n de Tarrasa, Espa\u00f1a cuenta con siete Ciudades Creativas. Las seis anteriores son: Sevilla (por M\u00fasica, en 2006), Bilbao (por Dise\u00f1o, en 2014), Granada (por Literatura, en 2014), Burgos (por Gastronom\u00eda, en 2015), Denia (por Gastronom\u00eda, en 2015), Barcelona (por Literatura, en 2015).<\/p>\n","protected":false},"excerpt":{"rendered":"<p>\u00cd\u00f1igo M\u00e9ndez de Vigo, ministro de Educaci\u00f3n, Cultura y Deporte y portavoz del Gobierno, ha trasladado su felicitaci\u00f3n a Tarrasa por su designaci\u00f3n como Ciudad Creativa por la UNESCO en la categor\u00eda de Cine. \u200bEste reconocimiento supone un fuerte impulso a la apuesta de la ciudad por generar oportunidades culturales y profesionales en torno al [&hellip;]<\/p>\n","protected":false},"author":1,"featured_media":958537,"comment_status":"closed","ping_status":"closed","sticky":false,"template":"","format":"standard","meta":{"footnotes":""},"categories":[1],"tags":[],"class_list":["post-958536","post","type-post","status-publish","format-standard","has-post-thumbnail","hentry","category-actualidad"],"aioseo_notices":[],"aioseo_head":"\n\t\t<!-- All in One SEO Pro 5.0.1 - aioseo.com -->\n\t<meta name=\"description\" content=\"\u00cd\u00f1igo M\u00e9ndez de Vigo, ministro de Educaci\u00f3n, Cultura y Deporte y portavoz del Gobierno, ha trasladado su felicitaci\u00f3n a Tarrasa por su designaci\u00f3n como Ciudad Creativa por la UNESCO en la categor\u00eda de Cine. \u200bEste reconocimiento supone un fuerte impulso a la apuesta de la ciudad por generar oportunidades culturales y profesionales en torno al\" \/>\n\t<meta name=\"robots\" content=\"max-image-preview:large\" \/>\n\t<meta name=\"author\" content=\"El Digital de Asturias\"\/>\n\t<meta name=\"google-site-verification\" content=\"UA-38556648-1\" \/>\n\t<meta name=\"msvalidate.01\" content=\"7dfe9f3f1b24437ab69f4f2559babe99\" \/>\n\t<meta name=\"keywords\" content=\"actualidad\" \/>\n\t<link rel=\"canonical\" href=\"https:\/\/www.eldigitaldeasturias.com\/noticias\/tarrasa-es-designada-como-ciudad-creativa-por-la-unesco\/\" \/>\n\t<meta name=\"generator\" content=\"All in One SEO Pro (AIOSEO) 5.0.1\" \/>\n\t\t<meta property=\"og:locale\" content=\"es_ES\" \/>\n\t\t<meta property=\"og:site_name\" content=\"El Digital de Asturias\" \/>\n\t\t<meta property=\"og:type\" content=\"article\" \/>\n\t\t<meta property=\"og:title\" content=\"Tarrasa es designada como Ciudad Creativa por la UNESCO - El Digital de Asturias\" \/>\n\t\t<meta property=\"og:description\" content=\"\u00cd\u00f1igo M\u00e9ndez de Vigo, ministro de Educaci\u00f3n, Cultura y Deporte y portavoz del Gobierno, ha trasladado su felicitaci\u00f3n a Tarrasa por su designaci\u00f3n como Ciudad Creativa por la UNESCO en la categor\u00eda de Cine. \u200bEste reconocimiento supone un fuerte impulso a la apuesta de la ciudad por generar oportunidades culturales y profesionales en torno al\" \/>\n\t\t<meta property=\"og:url\" content=\"https:\/\/www.eldigitaldeasturias.com\/noticias\/tarrasa-es-designada-como-ciudad-creativa-por-la-unesco\/\" \/>\n\t\t<meta property=\"article:tag\" content=\"actualidad\" \/>\n\t\t<meta property=\"article:published_time\" content=\"2017-11-03T14:11:41+00:00\" \/>\n\t\t<meta property=\"article:modified_time\" content=\"2017-11-03T14:11:41+00:00\" \/>\n\t\t<meta property=\"article:publisher\" content=\"https:\/\/facebook.com\/eldigitaldeasturias\" \/>\n\t\t<meta name=\"twitter:card\" content=\"summary_large_image\" \/>\n\t\t<meta name=\"twitter:title\" content=\"Tarrasa es designada como Ciudad Creativa por la UNESCO - El Digital de Asturias\" \/>\n\t\t<meta name=\"twitter:description\" content=\"\u00cd\u00f1igo M\u00e9ndez de Vigo, ministro de Educaci\u00f3n, Cultura y Deporte y portavoz del Gobierno, ha trasladado su felicitaci\u00f3n a Tarrasa por su designaci\u00f3n como Ciudad Creativa por la UNESCO en la categor\u00eda de Cine. \u200bEste reconocimiento supone un fuerte impulso a la apuesta de la ciudad por generar oportunidades culturales y profesionales en torno al\" \/>\n\t\t<meta name=\"twitter:image\" content=\"https:\/\/www.eldigitaldeasturias.com\/noticias\/wp-content\/uploads\/2020\/12\/EDA-1.jpg\" \/>\n\t\t<meta name=\"twitter:label1\" content=\"Escrito por\" \/>\n\t\t<meta name=\"twitter:data1\" content=\"El Digital de Asturias\" \/>\n\t\t<meta name=\"twitter:label2\" content=\"Tiempo de lectura estimado\" \/>\n\t\t<meta name=\"twitter:data2\" content=\"2 minutos\" \/>\n\t\t<script type=\"application\/ld+json\" class=\"aioseo-schema\">\n\t\t\t{\"@context\":\"https:\\\/\\\/schema.org\",\"@graph\":[{\"@type\":\"BlogPosting\",\"@id\":\"https:\\\/\\\/www.eldigitaldeasturias.com\\\/noticias\\\/tarrasa-es-designada-como-ciudad-creativa-por-la-unesco\\\/#blogposting\",\"name\":\"Tarrasa es designada como Ciudad Creativa por la UNESCO - El Digital de Asturias\",\"headline\":\"Tarrasa es designada como Ciudad Creativa por la UNESCO\",\"author\":{\"@id\":\"https:\\\/\\\/www.eldigitaldeasturias.com\\\/noticias\\\/author\\\/admin\\\/#author\"},\"publisher\":{\"@id\":\"https:\\\/\\\/www.eldigitaldeasturias.com\\\/noticias\\\/#organization\"},\"image\":{\"@type\":\"ImageObject\",\"url\":958537},\"datePublished\":\"2017-11-03T14:11:41+01:00\",\"dateModified\":\"2017-11-03T14:11:41+01:00\",\"inLanguage\":\"es-ES\",\"mainEntityOfPage\":{\"@id\":\"https:\\\/\\\/www.eldigitaldeasturias.com\\\/noticias\\\/tarrasa-es-designada-como-ciudad-creativa-por-la-unesco\\\/#webpage\"},\"isPartOf\":{\"@id\":\"https:\\\/\\\/www.eldigitaldeasturias.com\\\/noticias\\\/tarrasa-es-designada-como-ciudad-creativa-por-la-unesco\\\/#webpage\"},\"articleSection\":\"Actualidad\"},{\"@type\":\"BreadcrumbList\",\"@id\":\"https:\\\/\\\/www.eldigitaldeasturias.com\\\/noticias\\\/tarrasa-es-designada-como-ciudad-creativa-por-la-unesco\\\/#breadcrumblist\",\"itemListElement\":[{\"@type\":\"ListItem\",\"@id\":\"https:\\\/\\\/www.eldigitaldeasturias.com\\\/noticias#listItem\",\"position\":1,\"name\":\"Home\",\"item\":\"https:\\\/\\\/www.eldigitaldeasturias.com\\\/noticias\",\"nextItem\":{\"@type\":\"ListItem\",\"@id\":\"https:\\\/\\\/www.eldigitaldeasturias.com\\\/noticias\\\/category\\\/actualidad\\\/#listItem\",\"name\":\"Actualidad\"}},{\"@type\":\"ListItem\",\"@id\":\"https:\\\/\\\/www.eldigitaldeasturias.com\\\/noticias\\\/category\\\/actualidad\\\/#listItem\",\"position\":2,\"name\":\"Actualidad\",\"item\":\"https:\\\/\\\/www.eldigitaldeasturias.com\\\/noticias\\\/category\\\/actualidad\\\/\",\"nextItem\":{\"@type\":\"ListItem\",\"@id\":\"https:\\\/\\\/www.eldigitaldeasturias.com\\\/noticias\\\/tarrasa-es-designada-como-ciudad-creativa-por-la-unesco\\\/#listItem\",\"name\":\"Tarrasa es designada como Ciudad Creativa por la UNESCO\"},\"previousItem\":{\"@type\":\"ListItem\",\"@id\":\"https:\\\/\\\/www.eldigitaldeasturias.com\\\/noticias#listItem\",\"name\":\"Home\"}},{\"@type\":\"ListItem\",\"@id\":\"https:\\\/\\\/www.eldigitaldeasturias.com\\\/noticias\\\/tarrasa-es-designada-como-ciudad-creativa-por-la-unesco\\\/#listItem\",\"position\":3,\"name\":\"Tarrasa es designada como Ciudad Creativa por la UNESCO\",\"previousItem\":{\"@type\":\"ListItem\",\"@id\":\"https:\\\/\\\/www.eldigitaldeasturias.com\\\/noticias\\\/category\\\/actualidad\\\/#listItem\",\"name\":\"Actualidad\"}}]},{\"@type\":\"Organization\",\"@id\":\"https:\\\/\\\/www.eldigitaldeasturias.com\\\/noticias\\\/#organization\",\"name\":\"El Digital de Asturias\",\"description\":\"Hemeroteca\",\"url\":\"https:\\\/\\\/www.eldigitaldeasturias.com\\\/noticias\\\/\",\"email\":\"info@eldigitaldeasturias.com\",\"telephone\":\"+34652131393\",\"logo\":{\"@type\":\"ImageObject\",\"url\":\"https:\\\/\\\/www.eldigitaldeasturias.com\\\/noticias\\\/wp-content\\\/uploads\\\/2020\\\/12\\\/EDA.jpg\",\"@id\":\"https:\\\/\\\/www.eldigitaldeasturias.com\\\/noticias\\\/tarrasa-es-designada-como-ciudad-creativa-por-la-unesco\\\/#organizationLogo\"},\"image\":{\"@id\":\"https:\\\/\\\/www.eldigitaldeasturias.com\\\/noticias\\\/tarrasa-es-designada-como-ciudad-creativa-por-la-unesco\\\/#organizationLogo\"},\"sameAs\":[\"https:\\\/\\\/facebook.com\\\/eldigitaldeasturias\",\"https:\\\/\\\/www.youtube.com\\\/channel\\\/UCZP-2wLEB9Rv6erhFmqVnvg\"],\"address\":{\"@id\":\"https:\\\/\\\/www.eldigitaldeasturias.com\\\/noticias\\\/#postaladdress\",\"@type\":\"PostalAddress\",\"streetAddress\":\"san antonio 4\",\"postalCode\":\"33430\",\"addressLocality\":\"Cand\\u00e1s\",\"addressRegion\":\"Asturias\",\"addressCountry\":\"ES\"}},{\"@type\":\"Person\",\"@id\":\"https:\\\/\\\/www.eldigitaldeasturias.com\\\/noticias\\\/author\\\/admin\\\/#author\",\"url\":\"https:\\\/\\\/www.eldigitaldeasturias.com\\\/noticias\\\/author\\\/admin\\\/\",\"name\":\"El Digital de Asturias\",\"image\":{\"@type\":\"ImageObject\",\"@id\":\"https:\\\/\\\/www.eldigitaldeasturias.com\\\/noticias\\\/tarrasa-es-designada-como-ciudad-creativa-por-la-unesco\\\/#authorImage\",\"url\":\"https:\\\/\\\/secure.gravatar.com\\\/avatar\\\/df2aeffc32bcd13f8d26072ef8a91b623d677766deac7f97ca815868cd41bf5e?s=96&d=mm&r=g\",\"width\":96,\"height\":96,\"caption\":\"El Digital de Asturias\"}},{\"@type\":\"WebPage\",\"@id\":\"https:\\\/\\\/www.eldigitaldeasturias.com\\\/noticias\\\/tarrasa-es-designada-como-ciudad-creativa-por-la-unesco\\\/#webpage\",\"url\":\"https:\\\/\\\/www.eldigitaldeasturias.com\\\/noticias\\\/tarrasa-es-designada-como-ciudad-creativa-por-la-unesco\\\/\",\"name\":\"Tarrasa es designada como Ciudad Creativa por la UNESCO - El Digital de Asturias\",\"description\":\"\\u00cd\\u00f1igo M\\u00e9ndez de Vigo, ministro de Educaci\\u00f3n, Cultura y Deporte y portavoz del Gobierno, ha trasladado su felicitaci\\u00f3n a Tarrasa por su designaci\\u00f3n como Ciudad Creativa por la UNESCO en la categor\\u00eda de Cine. \\u200bEste reconocimiento supone un fuerte impulso a la apuesta de la ciudad por generar oportunidades culturales y profesionales en torno al\",\"inLanguage\":\"es-ES\",\"isPartOf\":{\"@id\":\"https:\\\/\\\/www.eldigitaldeasturias.com\\\/noticias\\\/#website\"},\"breadcrumb\":{\"@id\":\"https:\\\/\\\/www.eldigitaldeasturias.com\\\/noticias\\\/tarrasa-es-designada-como-ciudad-creativa-por-la-unesco\\\/#breadcrumblist\"},\"author\":{\"@id\":\"https:\\\/\\\/www.eldigitaldeasturias.com\\\/noticias\\\/author\\\/admin\\\/#author\"},\"creator\":{\"@id\":\"https:\\\/\\\/www.eldigitaldeasturias.com\\\/noticias\\\/author\\\/admin\\\/#author\"},\"image\":{\"@type\":\"ImageObject\",\"url\":958537,\"@id\":\"https:\\\/\\\/www.eldigitaldeasturias.com\\\/noticias\\\/tarrasa-es-designada-como-ciudad-creativa-por-la-unesco\\\/#mainImage\"},\"primaryImageOfPage\":{\"@id\":\"https:\\\/\\\/www.eldigitaldeasturias.com\\\/noticias\\\/tarrasa-es-designada-como-ciudad-creativa-por-la-unesco\\\/#mainImage\"},\"datePublished\":\"2017-11-03T14:11:41+01:00\",\"dateModified\":\"2017-11-03T14:11:41+01:00\"},{\"@type\":\"WebSite\",\"@id\":\"https:\\\/\\\/www.eldigitaldeasturias.com\\\/noticias\\\/#website\",\"url\":\"https:\\\/\\\/www.eldigitaldeasturias.com\\\/noticias\\\/\",\"name\":\"El Digital de Asturias - Diario de actualidad y noticias\",\"alternateName\":\"El Digital de Asturias - Diario de actualidad y noticias\",\"description\":\"Hemeroteca\",\"inLanguage\":\"es-ES\",\"publisher\":{\"@id\":\"https:\\\/\\\/www.eldigitaldeasturias.com\\\/noticias\\\/#organization\"}}]}\n\t\t<\/script>\n\t\t<!-- All in One SEO Pro -->\r\n\t\t<title>Tarrasa es designada como Ciudad Creativa por la UNESCO - El Digital de Asturias<\/title>\n\n","aioseo_head_json":{"title":"Tarrasa es designada como Ciudad Creativa por la UNESCO - El Digital de Asturias","description":"\u00cd\u00f1igo M\u00e9ndez de Vigo, ministro de Educaci\u00f3n, Cultura y Deporte y portavoz del Gobierno, ha trasladado su felicitaci\u00f3n a Tarrasa por su designaci\u00f3n como Ciudad Creativa por la UNESCO en la categor\u00eda de Cine. \u200bEste reconocimiento supone un fuerte impulso a la apuesta de la ciudad por generar oportunidades culturales y profesionales en torno al","canonical_url":"https:\/\/www.eldigitaldeasturias.com\/noticias\/tarrasa-es-designada-como-ciudad-creativa-por-la-unesco\/","robots":"max-image-preview:large","keywords":"actualidad","webmasterTools":{"google-site-verification":"UA-38556648-1","msvalidate.01":"7dfe9f3f1b24437ab69f4f2559babe99","miscellaneous":""},"schema":{"@context":"https:\/\/schema.org","@graph":[{"@type":"BlogPosting","@id":"https:\/\/www.eldigitaldeasturias.com\/noticias\/tarrasa-es-designada-como-ciudad-creativa-por-la-unesco\/#blogposting","name":"Tarrasa es designada como Ciudad Creativa por la UNESCO - El Digital de Asturias","headline":"Tarrasa es designada como Ciudad Creativa por la UNESCO","author":{"@id":"https:\/\/www.eldigitaldeasturias.com\/noticias\/author\/admin\/#author"},"publisher":{"@id":"https:\/\/www.eldigitaldeasturias.com\/noticias\/#organization"},"image":{"@type":"ImageObject","url":958537},"datePublished":"2017-11-03T14:11:41+01:00","dateModified":"2017-11-03T14:11:41+01:00","inLanguage":"es-ES","mainEntityOfPage":{"@id":"https:\/\/www.eldigitaldeasturias.com\/noticias\/tarrasa-es-designada-como-ciudad-creativa-por-la-unesco\/#webpage"},"isPartOf":{"@id":"https:\/\/www.eldigitaldeasturias.com\/noticias\/tarrasa-es-designada-como-ciudad-creativa-por-la-unesco\/#webpage"},"articleSection":"Actualidad"},{"@type":"BreadcrumbList","@id":"https:\/\/www.eldigitaldeasturias.com\/noticias\/tarrasa-es-designada-como-ciudad-creativa-por-la-unesco\/#breadcrumblist","itemListElement":[{"@type":"ListItem","@id":"https:\/\/www.eldigitaldeasturias.com\/noticias#listItem","position":1,"name":"Home","item":"https:\/\/www.eldigitaldeasturias.com\/noticias","nextItem":{"@type":"ListItem","@id":"https:\/\/www.eldigitaldeasturias.com\/noticias\/category\/actualidad\/#listItem","name":"Actualidad"}},{"@type":"ListItem","@id":"https:\/\/www.eldigitaldeasturias.com\/noticias\/category\/actualidad\/#listItem","position":2,"name":"Actualidad","item":"https:\/\/www.eldigitaldeasturias.com\/noticias\/category\/actualidad\/","nextItem":{"@type":"ListItem","@id":"https:\/\/www.eldigitaldeasturias.com\/noticias\/tarrasa-es-designada-como-ciudad-creativa-por-la-unesco\/#listItem","name":"Tarrasa es designada como Ciudad Creativa por la UNESCO"},"previousItem":{"@type":"ListItem","@id":"https:\/\/www.eldigitaldeasturias.com\/noticias#listItem","name":"Home"}},{"@type":"ListItem","@id":"https:\/\/www.eldigitaldeasturias.com\/noticias\/tarrasa-es-designada-como-ciudad-creativa-por-la-unesco\/#listItem","position":3,"name":"Tarrasa es designada como Ciudad Creativa por la UNESCO","previousItem":{"@type":"ListItem","@id":"https:\/\/www.eldigitaldeasturias.com\/noticias\/category\/actualidad\/#listItem","name":"Actualidad"}}]},{"@type":"Organization","@id":"https:\/\/www.eldigitaldeasturias.com\/noticias\/#organization","name":"El Digital de Asturias","description":"Hemeroteca","url":"https:\/\/www.eldigitaldeasturias.com\/noticias\/","email":"info@eldigitaldeasturias.com","telephone":"+34652131393","logo":{"@type":"ImageObject","url":"https:\/\/www.eldigitaldeasturias.com\/noticias\/wp-content\/uploads\/2020\/12\/EDA.jpg","@id":"https:\/\/www.eldigitaldeasturias.com\/noticias\/tarrasa-es-designada-como-ciudad-creativa-por-la-unesco\/#organizationLogo"},"image":{"@id":"https:\/\/www.eldigitaldeasturias.com\/noticias\/tarrasa-es-designada-como-ciudad-creativa-por-la-unesco\/#organizationLogo"},"sameAs":["https:\/\/facebook.com\/eldigitaldeasturias","https:\/\/www.youtube.com\/channel\/UCZP-2wLEB9Rv6erhFmqVnvg"],"address":{"@id":"https:\/\/www.eldigitaldeasturias.com\/noticias\/#postaladdress","@type":"PostalAddress","streetAddress":"san antonio 4","postalCode":"33430","addressLocality":"Cand\u00e1s","addressRegion":"Asturias","addressCountry":"ES"}},{"@type":"Person","@id":"https:\/\/www.eldigitaldeasturias.com\/noticias\/author\/admin\/#author","url":"https:\/\/www.eldigitaldeasturias.com\/noticias\/author\/admin\/","name":"El Digital de Asturias","image":{"@type":"ImageObject","@id":"https:\/\/www.eldigitaldeasturias.com\/noticias\/tarrasa-es-designada-como-ciudad-creativa-por-la-unesco\/#authorImage","url":"https:\/\/secure.gravatar.com\/avatar\/df2aeffc32bcd13f8d26072ef8a91b623d677766deac7f97ca815868cd41bf5e?s=96&d=mm&r=g","width":96,"height":96,"caption":"El Digital de Asturias"}},{"@type":"WebPage","@id":"https:\/\/www.eldigitaldeasturias.com\/noticias\/tarrasa-es-designada-como-ciudad-creativa-por-la-unesco\/#webpage","url":"https:\/\/www.eldigitaldeasturias.com\/noticias\/tarrasa-es-designada-como-ciudad-creativa-por-la-unesco\/","name":"Tarrasa es designada como Ciudad Creativa por la UNESCO - El Digital de Asturias","description":"\u00cd\u00f1igo M\u00e9ndez de Vigo, ministro de Educaci\u00f3n, Cultura y Deporte y portavoz del Gobierno, ha trasladado su felicitaci\u00f3n a Tarrasa por su designaci\u00f3n como Ciudad Creativa por la UNESCO en la categor\u00eda de Cine. \u200bEste reconocimiento supone un fuerte impulso a la apuesta de la ciudad por generar oportunidades culturales y profesionales en torno al","inLanguage":"es-ES","isPartOf":{"@id":"https:\/\/www.eldigitaldeasturias.com\/noticias\/#website"},"breadcrumb":{"@id":"https:\/\/www.eldigitaldeasturias.com\/noticias\/tarrasa-es-designada-como-ciudad-creativa-por-la-unesco\/#breadcrumblist"},"author":{"@id":"https:\/\/www.eldigitaldeasturias.com\/noticias\/author\/admin\/#author"},"creator":{"@id":"https:\/\/www.eldigitaldeasturias.com\/noticias\/author\/admin\/#author"},"image":{"@type":"ImageObject","url":958537,"@id":"https:\/\/www.eldigitaldeasturias.com\/noticias\/tarrasa-es-designada-como-ciudad-creativa-por-la-unesco\/#mainImage"},"primaryImageOfPage":{"@id":"https:\/\/www.eldigitaldeasturias.com\/noticias\/tarrasa-es-designada-como-ciudad-creativa-por-la-unesco\/#mainImage"},"datePublished":"2017-11-03T14:11:41+01:00","dateModified":"2017-11-03T14:11:41+01:00"},{"@type":"WebSite","@id":"https:\/\/www.eldigitaldeasturias.com\/noticias\/#website","url":"https:\/\/www.eldigitaldeasturias.com\/noticias\/","name":"El Digital de Asturias - Diario de actualidad y noticias","alternateName":"El Digital de Asturias - Diario de actualidad y noticias","description":"Hemeroteca","inLanguage":"es-ES","publisher":{"@id":"https:\/\/www.eldigitaldeasturias.com\/noticias\/#organization"}}]},"og:locale":"es_ES","og:site_name":"El Digital de Asturias","og:type":"article","og:title":"Tarrasa es designada como Ciudad Creativa por la UNESCO - El Digital de Asturias","og:description":"\u00cd\u00f1igo M\u00e9ndez de Vigo, ministro de Educaci\u00f3n, Cultura y Deporte y portavoz del Gobierno, ha trasladado su felicitaci\u00f3n a Tarrasa por su designaci\u00f3n como Ciudad Creativa por la UNESCO en la categor\u00eda de Cine. \u200bEste reconocimiento supone un fuerte impulso a la apuesta de la ciudad por generar oportunidades culturales y profesionales en torno al","og:url":"https:\/\/www.eldigitaldeasturias.com\/noticias\/tarrasa-es-designada-como-ciudad-creativa-por-la-unesco\/","article:tag":["actualidad"],"article:published_time":"2017-11-03T14:11:41+00:00","article:modified_time":"2017-11-03T14:11:41+00:00","article:publisher":"https:\/\/facebook.com\/eldigitaldeasturias","twitter:card":"summary_large_image","twitter:title":"Tarrasa es designada como Ciudad Creativa por la UNESCO - El Digital de Asturias","twitter:description":"\u00cd\u00f1igo M\u00e9ndez de Vigo, ministro de Educaci\u00f3n, Cultura y Deporte y portavoz del Gobierno, ha trasladado su felicitaci\u00f3n a Tarrasa por su designaci\u00f3n como Ciudad Creativa por la UNESCO en la categor\u00eda de Cine. \u200bEste reconocimiento supone un fuerte impulso a la apuesta de la ciudad por generar oportunidades culturales y profesionales en torno al","twitter:image":"https:\/\/www.eldigitaldeasturias.com\/noticias\/wp-content\/uploads\/2020\/12\/EDA-1.jpg","twitter:label1":"Escrito por","twitter:data1":"El Digital de Asturias","twitter:label2":"Tiempo de lectura estimado","twitter:data2":"2 minutos"},"aioseo_meta_data":{"post_id":"958536","title":null,"description":null,"keywords":null,"keyphrases":null,"primary_term":null,"canonical_url":null,"og_title":null,"og_description":null,"og_object_type":"default","og_image_type":"default","og_image_url":null,"og_image_width":null,"og_image_height":null,"og_image_custom_url":null,"og_image_custom_fields":null,"og_video":null,"og_custom_url":null,"og_article_section":null,"og_article_tags":null,"twitter_use_og":false,"twitter_card":"default","twitter_image_type":"default","twitter_image_url":null,"twitter_image_custom_url":null,"twitter_image_custom_fields":null,"twitter_title":null,"twitter_description":null,"schema":{"blockGraphs":[],"customGraphs":[],"default":{"data":{"Article":[],"Course":[],"Dataset":[],"FAQPage":[],"Movie":[],"Person":[],"Product":[],"ProductReview":[],"Car":[],"Recipe":[],"Service":[],"SoftwareApplication":[],"WebPage":[]},"graphName":"","isEnabled":true},"graphs":[],"defaultGraph":"","defaultPostTypeGraph":""},"schema_type":null,"schema_type_options":null,"pillar_content":false,"robots_default":true,"robots_noindex":false,"robots_noarchive":false,"robots_nosnippet":false,"robots_nofollow":false,"robots_noimageindex":false,"robots_noodp":false,"robots_notranslate":false,"robots_max_snippet":null,"robots_max_videopreview":null,"robots_max_imagepreview":"large","priority":null,"frequency":null,"local_seo":null,"seo_analyzer_scan_date":"2025-12-06 21:35:15","breadcrumb_settings":null,"limit_modified_date":false,"open_ai":null,"ai":null,"created":"2020-12-21 12:54:07","updated":"2025-12-06 21:35:15","focus_keyword":null,"additional_keywords":null,"truseo_locale":null},"aioseo_breadcrumb":"<div class=\"aioseo-breadcrumbs\"><span class=\"aioseo-breadcrumb\">\n\t<a href=\"https:\/\/www.eldigitaldeasturias.com\/noticias\" title=\"Home\">Home<\/a>\n<\/span><span class=\"aioseo-breadcrumb-separator\">\u2013<\/span><span class=\"aioseo-breadcrumb\">\n\t<a href=\"https:\/\/www.eldigitaldeasturias.com\/noticias\/category\/actualidad\/\" title=\"Actualidad\">Actualidad<\/a>\n<\/span><span class=\"aioseo-breadcrumb-separator\">\u2013<\/span><span class=\"aioseo-breadcrumb\">\n\t<a href=\"https:\/\/www.eldigitaldeasturias.com\/noticias\/tarrasa-es-designada-como-ciudad-creativa-por-la-unesco\/\" title=\"Tarrasa es designada como Ciudad Creativa por la UNESCO\">Tarrasa es designada como Ciudad Creativa por la UNESCO<\/a>\n<\/span><\/div>","aioseo_breadcrumb_json":[{"label":"Home","link":"https:\/\/www.eldigitaldeasturias.com\/noticias"},{"label":"Actualidad","link":"https:\/\/www.eldigitaldeasturias.com\/noticias\/category\/actualidad\/"},{"label":"Tarrasa es designada como Ciudad Creativa por la UNESCO","link":"https:\/\/www.eldigitaldeasturias.com\/noticias\/tarrasa-es-designada-como-ciudad-creativa-por-la-unesco\/"}],"_links":{"self":[{"href":"https:\/\/www.eldigitaldeasturias.com\/noticias\/wp-json\/wp\/v2\/posts\/958536","targetHints":{"allow":["GET"]}}],"collection":[{"href":"https:\/\/www.eldigitaldeasturias.com\/noticias\/wp-json\/wp\/v2\/posts"}],"about":[{"href":"https:\/\/www.eldigitaldeasturias.com\/noticias\/wp-json\/wp\/v2\/types\/post"}],"author":[{"embeddable":true,"href":"https:\/\/www.eldigitaldeasturias.com\/noticias\/wp-json\/wp\/v2\/users\/1"}],"replies":[{"embeddable":true,"href":"https:\/\/www.eldigitaldeasturias.com\/noticias\/wp-json\/wp\/v2\/comments?post=958536"}],"version-history":[{"count":0,"href":"https:\/\/www.eldigitaldeasturias.com\/noticias\/wp-json\/wp\/v2\/posts\/958536\/revisions"}],"wp:attachment":[{"href":"https:\/\/www.eldigitaldeasturias.com\/noticias\/wp-json\/wp\/v2\/media?parent=958536"}],"wp:term":[{"taxonomy":"category","embeddable":true,"href":"https:\/\/www.eldigitaldeasturias.com\/noticias\/wp-json\/wp\/v2\/categories?post=958536"},{"taxonomy":"post_tag","embeddable":true,"href":"https:\/\/www.eldigitaldeasturias.com\/noticias\/wp-json\/wp\/v2\/tags?post=958536"}],"curies":[{"name":"wp","href":"https:\/\/api.w.org\/{rel}","templated":true}]}}