{"id":958404,"date":"2017-11-01T21:02:54","date_gmt":"2017-11-01T21:02:54","guid":{"rendered":"http:\/\/www.eldigitaldeasturias.com\/noticias\/?p=958404"},"modified":"2017-11-01T21:02:54","modified_gmt":"2017-11-01T21:02:54","slug":"espana-auspicia-una-declaracion-politica-de-los-paises-del-g5-sobre-las-mujeres-en-el-sahel","status":"publish","type":"post","link":"https:\/\/www.eldigitaldeasturias.com\/noticias\/espana-auspicia-una-declaracion-politica-de-los-paises-del-g5-sobre-las-mujeres-en-el-sahel\/","title":{"rendered":"Espa\u00f1a auspicia una declaraci\u00f3n pol\u00edtica de los pa\u00edses del G5 sobre las mujeres en el Sahel"},"content":{"rendered":"<p><img loading=\"lazy\" decoding=\"async\" class=\"alignleft size-medium wp-image-958405\" src=\"https:\/\/www.eldigitaldeasturias.com\/noticias\/wp-content\/uploads\/2017\/11\/161214_AfricaInterior-360x239.jpg\" alt=\"\" width=\"360\" height=\"239\" \/>El principal objetivo de la Declaraci\u00f3n Pol\u00edtica sobre las Mujeres en el Sahel es renovar los esfuerzos para alcanzar los Objetivos del Desarrollo Sostenible de Naciones Unidas, especialmente en lo que se refiere al n\u00famero 5: lograr la igualdad de g\u00e9nero y empoderamiento de todas las mujeres y ni\u00f1as.<\/p>\n<p>La Declaraci\u00f3n Pol\u00edtica sobre las Mujeres en el Sahel ha sido firmada por las ministras de la familia y la mujer de Mali, Traor\u00e9 Oumou Tour\u00e9; de Mauritania, Maimouna Taghi; de N\u00edger, Elback Zeinabou Tari Bako, y de Chad, Kade Elisabeth, esta ma\u00f1ana en Casa \u00c1frica. Se trata de una declaraci\u00f3n auspiciada por el Gobierno de Espa\u00f1a, que se rubric\u00f3 en presencia de la delegada del Gobierno en Canarias, Mercedes Rold\u00f3s.<\/p>\n<p>\u200bLa inclusi\u00f3n efectiva de las mujeres en los procesos de paz y seguridad, el incremento de la participaci\u00f3n de las mujeres en todas las esferas de la sociedad y la lucha contra la discriminaci\u00f3n, la violencia de g\u00e9nero encarnada en pr\u00e1cticas como la mutilaci\u00f3n genital femenina o el matrimonio precoz, la exclusi\u00f3n econ\u00f3mica y sanitaria y el analfabetismo forman parte de este documento, que reafirma el compromiso de los pa\u00edses del G-5 Sahel con un desarrollo africano que se apoye en sus mujeres.<\/p>\n<p>Casa \u00c1frica sirvi\u00f3, esta ma\u00f1ana, de sede a una jornada de trabajo dise\u00f1ada en el marco de la Reuni\u00f3n Internacional sobre las Mujeres del Sahel, que convoc\u00f3 a las cuatro ministras responsables de la cartera de la mujer en Chad, Niger, Mali y Mauritania (Burkina Faso excus\u00f3 su presencia pero garantiz\u00f3 el apoyo a la iniciativa) y que inaugur\u00f3 el Secretario de Estado de Servicios Sociales e Igualdad, Mario Garc\u00e9s. Cont\u00f3 tambi\u00e9n con la presencia del Director General de \u00c1frica del Ministerio de Asuntos Exteriores y de Cooperaci\u00f3n, Raimundo Robredo; el Alto Representante para el Sahel de la Uni\u00f3n Europea, \u00c1ngel Losada; el Embajador de Espa\u00f1a en Misi\u00f3n Especial para el Sahel, Antonio Torres-Dulce; el Viceconsejero de Acci\u00f3n Exterior del Gobierno de Canarias, Luis Padilla; la directora del Instituto de la Mujer, Luc\u00eda del Carmen Cer\u00f3n, y el Director General de Casa \u00c1frica, Luis Padr\u00f3n.<\/p>\n<p>En el encuentro tambi\u00e9n tomaron parte Cristina D\u00edaz Fern\u00e1ndez-Gil, Directora de Cooperaci\u00f3n con \u00c1frica y Asia de la Agencia Espa\u00f1ola de Cooperaci\u00f3n Internacional al Desarrollo (AECID), y en representaci\u00f3n de la sociedad civil, la ex vicepresidenta del Gobierno y presidenta de la Fundaci\u00f3n Mujeres por \u00c1frica, Mar\u00eda Teresa Fern\u00e1ndez de la Vega; y el coordinador de Cooperaci\u00f3n Internacional de la Fundaci\u00f3n Entreculturas, Pablo Funes.<\/p>\n<p>Adem\u00e1s de confirmar el compromiso del G-5 Sahel con los objetivos de la agenda \u00abMujeres, Paz y Seguridad\u00bb y con la puesta en pr\u00e1ctica de la Resoluci\u00f3n 1325\/2000 y las resoluciones similares del Consejo de Seguridad de la ONU, las ministras africanas agradecieron la iniciativa espa\u00f1ola y se comprometieron a seguir coordin\u00e1ndose con el fin de impulsar la igualdad y una participaci\u00f3n creciente de las mujeres en las instancias de decisi\u00f3n de sus pa\u00edses. Tambi\u00e9n se reafirmaron en emplear las plataformas de cooperaci\u00f3n e integraci\u00f3n en los \u00e1mbitos saheliano, europeo y mundial con este fin.<\/p>\n","protected":false},"excerpt":{"rendered":"<p>El principal objetivo de la Declaraci\u00f3n Pol\u00edtica sobre las Mujeres en el Sahel es renovar los esfuerzos para alcanzar los Objetivos del Desarrollo Sostenible de Naciones Unidas, especialmente en lo que se refiere al n\u00famero 5: lograr la igualdad de g\u00e9nero y empoderamiento de todas las mujeres y ni\u00f1as. La Declaraci\u00f3n Pol\u00edtica sobre las Mujeres [&hellip;]<\/p>\n","protected":false},"author":1,"featured_media":958405,"comment_status":"closed","ping_status":"closed","sticky":false,"template":"","format":"standard","meta":{"footnotes":""},"categories":[1],"tags":[],"class_list":["post-958404","post","type-post","status-publish","format-standard","has-post-thumbnail","hentry","category-actualidad"],"aioseo_notices":[],"aioseo_head":"\n\t\t<!-- All in One SEO Pro 5.0.1 - aioseo.com -->\n\t<meta name=\"description\" content=\"El principal objetivo de la Declaraci\u00f3n Pol\u00edtica sobre las Mujeres en el Sahel es renovar los esfuerzos para alcanzar los Objetivos del Desarrollo Sostenible de Naciones Unidas, especialmente en lo que se refiere al n\u00famero 5: lograr la igualdad de g\u00e9nero y empoderamiento de todas las mujeres y ni\u00f1as. La Declaraci\u00f3n Pol\u00edtica sobre las Mujeres\" \/>\n\t<meta name=\"robots\" content=\"max-image-preview:large\" \/>\n\t<meta name=\"author\" content=\"El Digital de Asturias\"\/>\n\t<meta name=\"google-site-verification\" content=\"UA-38556648-1\" \/>\n\t<meta name=\"msvalidate.01\" content=\"7dfe9f3f1b24437ab69f4f2559babe99\" \/>\n\t<meta name=\"keywords\" content=\"actualidad\" \/>\n\t<link rel=\"canonical\" href=\"https:\/\/www.eldigitaldeasturias.com\/noticias\/espana-auspicia-una-declaracion-politica-de-los-paises-del-g5-sobre-las-mujeres-en-el-sahel\/\" \/>\n\t<meta name=\"generator\" content=\"All in One SEO Pro (AIOSEO) 5.0.1\" \/>\n\t\t<meta property=\"og:locale\" content=\"es_ES\" \/>\n\t\t<meta property=\"og:site_name\" content=\"El Digital de Asturias\" \/>\n\t\t<meta property=\"og:type\" content=\"article\" \/>\n\t\t<meta property=\"og:title\" content=\"Espa\u00f1a auspicia una declaraci\u00f3n pol\u00edtica de los pa\u00edses del G5 sobre las mujeres en el Sahel - El Digital de Asturias\" \/>\n\t\t<meta property=\"og:description\" content=\"El principal objetivo de la Declaraci\u00f3n Pol\u00edtica sobre las Mujeres en el Sahel es renovar los esfuerzos para alcanzar los Objetivos del Desarrollo Sostenible de Naciones Unidas, especialmente en lo que se refiere al n\u00famero 5: lograr la igualdad de g\u00e9nero y empoderamiento de todas las mujeres y ni\u00f1as. La Declaraci\u00f3n Pol\u00edtica sobre las Mujeres\" \/>\n\t\t<meta property=\"og:url\" content=\"https:\/\/www.eldigitaldeasturias.com\/noticias\/espana-auspicia-una-declaracion-politica-de-los-paises-del-g5-sobre-las-mujeres-en-el-sahel\/\" \/>\n\t\t<meta property=\"article:tag\" content=\"actualidad\" \/>\n\t\t<meta property=\"article:published_time\" content=\"2017-11-01T21:02:54+00:00\" \/>\n\t\t<meta property=\"article:modified_time\" content=\"2017-11-01T21:02:54+00:00\" \/>\n\t\t<meta property=\"article:publisher\" content=\"https:\/\/facebook.com\/eldigitaldeasturias\" \/>\n\t\t<meta name=\"twitter:card\" content=\"summary_large_image\" \/>\n\t\t<meta name=\"twitter:title\" content=\"Espa\u00f1a auspicia una declaraci\u00f3n pol\u00edtica de los pa\u00edses del G5 sobre las mujeres en el Sahel - El Digital de Asturias\" \/>\n\t\t<meta name=\"twitter:description\" content=\"El principal objetivo de la Declaraci\u00f3n Pol\u00edtica sobre las Mujeres en el Sahel es renovar los esfuerzos para alcanzar los Objetivos del Desarrollo Sostenible de Naciones Unidas, especialmente en lo que se refiere al n\u00famero 5: lograr la igualdad de g\u00e9nero y empoderamiento de todas las mujeres y ni\u00f1as. La Declaraci\u00f3n Pol\u00edtica sobre las Mujeres\" \/>\n\t\t<meta name=\"twitter:image\" content=\"https:\/\/www.eldigitaldeasturias.com\/noticias\/wp-content\/uploads\/2020\/12\/EDA-1.jpg\" \/>\n\t\t<meta name=\"twitter:label1\" content=\"Escrito por\" \/>\n\t\t<meta name=\"twitter:data1\" content=\"El Digital de Asturias\" \/>\n\t\t<meta name=\"twitter:label2\" content=\"Tiempo de lectura estimado\" \/>\n\t\t<meta name=\"twitter:data2\" content=\"3 minutos\" \/>\n\t\t<script type=\"application\/ld+json\" class=\"aioseo-schema\">\n\t\t\t{\"@context\":\"https:\\\/\\\/schema.org\",\"@graph\":[{\"@type\":\"BlogPosting\",\"@id\":\"https:\\\/\\\/www.eldigitaldeasturias.com\\\/noticias\\\/espana-auspicia-una-declaracion-politica-de-los-paises-del-g5-sobre-las-mujeres-en-el-sahel\\\/#blogposting\",\"name\":\"Espa\\u00f1a auspicia una declaraci\\u00f3n pol\\u00edtica de los pa\\u00edses del G5 sobre las mujeres en el Sahel - El Digital de Asturias\",\"headline\":\"Espa\\u00f1a auspicia una declaraci\\u00f3n pol\\u00edtica de los pa\\u00edses del G5 sobre las mujeres en el Sahel\",\"author\":{\"@id\":\"https:\\\/\\\/www.eldigitaldeasturias.com\\\/noticias\\\/author\\\/admin\\\/#author\"},\"publisher\":{\"@id\":\"https:\\\/\\\/www.eldigitaldeasturias.com\\\/noticias\\\/#organization\"},\"image\":{\"@type\":\"ImageObject\",\"url\":958405},\"datePublished\":\"2017-11-01T21:02:54+01:00\",\"dateModified\":\"2017-11-01T21:02:54+01:00\",\"inLanguage\":\"es-ES\",\"mainEntityOfPage\":{\"@id\":\"https:\\\/\\\/www.eldigitaldeasturias.com\\\/noticias\\\/espana-auspicia-una-declaracion-politica-de-los-paises-del-g5-sobre-las-mujeres-en-el-sahel\\\/#webpage\"},\"isPartOf\":{\"@id\":\"https:\\\/\\\/www.eldigitaldeasturias.com\\\/noticias\\\/espana-auspicia-una-declaracion-politica-de-los-paises-del-g5-sobre-las-mujeres-en-el-sahel\\\/#webpage\"},\"articleSection\":\"Actualidad\"},{\"@type\":\"BreadcrumbList\",\"@id\":\"https:\\\/\\\/www.eldigitaldeasturias.com\\\/noticias\\\/espana-auspicia-una-declaracion-politica-de-los-paises-del-g5-sobre-las-mujeres-en-el-sahel\\\/#breadcrumblist\",\"itemListElement\":[{\"@type\":\"ListItem\",\"@id\":\"https:\\\/\\\/www.eldigitaldeasturias.com\\\/noticias#listItem\",\"position\":1,\"name\":\"Home\",\"item\":\"https:\\\/\\\/www.eldigitaldeasturias.com\\\/noticias\",\"nextItem\":{\"@type\":\"ListItem\",\"@id\":\"https:\\\/\\\/www.eldigitaldeasturias.com\\\/noticias\\\/category\\\/actualidad\\\/#listItem\",\"name\":\"Actualidad\"}},{\"@type\":\"ListItem\",\"@id\":\"https:\\\/\\\/www.eldigitaldeasturias.com\\\/noticias\\\/category\\\/actualidad\\\/#listItem\",\"position\":2,\"name\":\"Actualidad\",\"item\":\"https:\\\/\\\/www.eldigitaldeasturias.com\\\/noticias\\\/category\\\/actualidad\\\/\",\"nextItem\":{\"@type\":\"ListItem\",\"@id\":\"https:\\\/\\\/www.eldigitaldeasturias.com\\\/noticias\\\/espana-auspicia-una-declaracion-politica-de-los-paises-del-g5-sobre-las-mujeres-en-el-sahel\\\/#listItem\",\"name\":\"Espa\\u00f1a auspicia una declaraci\\u00f3n pol\\u00edtica de los pa\\u00edses del G5 sobre las mujeres en el Sahel\"},\"previousItem\":{\"@type\":\"ListItem\",\"@id\":\"https:\\\/\\\/www.eldigitaldeasturias.com\\\/noticias#listItem\",\"name\":\"Home\"}},{\"@type\":\"ListItem\",\"@id\":\"https:\\\/\\\/www.eldigitaldeasturias.com\\\/noticias\\\/espana-auspicia-una-declaracion-politica-de-los-paises-del-g5-sobre-las-mujeres-en-el-sahel\\\/#listItem\",\"position\":3,\"name\":\"Espa\\u00f1a auspicia una declaraci\\u00f3n pol\\u00edtica de los pa\\u00edses del G5 sobre las mujeres en el Sahel\",\"previousItem\":{\"@type\":\"ListItem\",\"@id\":\"https:\\\/\\\/www.eldigitaldeasturias.com\\\/noticias\\\/category\\\/actualidad\\\/#listItem\",\"name\":\"Actualidad\"}}]},{\"@type\":\"Organization\",\"@id\":\"https:\\\/\\\/www.eldigitaldeasturias.com\\\/noticias\\\/#organization\",\"name\":\"El Digital de Asturias\",\"description\":\"Hemeroteca\",\"url\":\"https:\\\/\\\/www.eldigitaldeasturias.com\\\/noticias\\\/\",\"email\":\"info@eldigitaldeasturias.com\",\"telephone\":\"+34652131393\",\"logo\":{\"@type\":\"ImageObject\",\"url\":\"https:\\\/\\\/www.eldigitaldeasturias.com\\\/noticias\\\/wp-content\\\/uploads\\\/2020\\\/12\\\/EDA.jpg\",\"@id\":\"https:\\\/\\\/www.eldigitaldeasturias.com\\\/noticias\\\/espana-auspicia-una-declaracion-politica-de-los-paises-del-g5-sobre-las-mujeres-en-el-sahel\\\/#organizationLogo\"},\"image\":{\"@id\":\"https:\\\/\\\/www.eldigitaldeasturias.com\\\/noticias\\\/espana-auspicia-una-declaracion-politica-de-los-paises-del-g5-sobre-las-mujeres-en-el-sahel\\\/#organizationLogo\"},\"sameAs\":[\"https:\\\/\\\/facebook.com\\\/eldigitaldeasturias\",\"https:\\\/\\\/www.youtube.com\\\/channel\\\/UCZP-2wLEB9Rv6erhFmqVnvg\"],\"address\":{\"@id\":\"https:\\\/\\\/www.eldigitaldeasturias.com\\\/noticias\\\/#postaladdress\",\"@type\":\"PostalAddress\",\"streetAddress\":\"san antonio 4\",\"postalCode\":\"33430\",\"addressLocality\":\"Cand\\u00e1s\",\"addressRegion\":\"Asturias\",\"addressCountry\":\"ES\"}},{\"@type\":\"Person\",\"@id\":\"https:\\\/\\\/www.eldigitaldeasturias.com\\\/noticias\\\/author\\\/admin\\\/#author\",\"url\":\"https:\\\/\\\/www.eldigitaldeasturias.com\\\/noticias\\\/author\\\/admin\\\/\",\"name\":\"El Digital de Asturias\",\"image\":{\"@type\":\"ImageObject\",\"@id\":\"https:\\\/\\\/www.eldigitaldeasturias.com\\\/noticias\\\/espana-auspicia-una-declaracion-politica-de-los-paises-del-g5-sobre-las-mujeres-en-el-sahel\\\/#authorImage\",\"url\":\"https:\\\/\\\/secure.gravatar.com\\\/avatar\\\/df2aeffc32bcd13f8d26072ef8a91b623d677766deac7f97ca815868cd41bf5e?s=96&d=mm&r=g\",\"width\":96,\"height\":96,\"caption\":\"El Digital de Asturias\"}},{\"@type\":\"WebPage\",\"@id\":\"https:\\\/\\\/www.eldigitaldeasturias.com\\\/noticias\\\/espana-auspicia-una-declaracion-politica-de-los-paises-del-g5-sobre-las-mujeres-en-el-sahel\\\/#webpage\",\"url\":\"https:\\\/\\\/www.eldigitaldeasturias.com\\\/noticias\\\/espana-auspicia-una-declaracion-politica-de-los-paises-del-g5-sobre-las-mujeres-en-el-sahel\\\/\",\"name\":\"Espa\\u00f1a auspicia una declaraci\\u00f3n pol\\u00edtica de los pa\\u00edses del G5 sobre las mujeres en el Sahel - El Digital de Asturias\",\"description\":\"El principal objetivo de la Declaraci\\u00f3n Pol\\u00edtica sobre las Mujeres en el Sahel es renovar los esfuerzos para alcanzar los Objetivos del Desarrollo Sostenible de Naciones Unidas, especialmente en lo que se refiere al n\\u00famero 5: lograr la igualdad de g\\u00e9nero y empoderamiento de todas las mujeres y ni\\u00f1as. La Declaraci\\u00f3n Pol\\u00edtica sobre las Mujeres\",\"inLanguage\":\"es-ES\",\"isPartOf\":{\"@id\":\"https:\\\/\\\/www.eldigitaldeasturias.com\\\/noticias\\\/#website\"},\"breadcrumb\":{\"@id\":\"https:\\\/\\\/www.eldigitaldeasturias.com\\\/noticias\\\/espana-auspicia-una-declaracion-politica-de-los-paises-del-g5-sobre-las-mujeres-en-el-sahel\\\/#breadcrumblist\"},\"author\":{\"@id\":\"https:\\\/\\\/www.eldigitaldeasturias.com\\\/noticias\\\/author\\\/admin\\\/#author\"},\"creator\":{\"@id\":\"https:\\\/\\\/www.eldigitaldeasturias.com\\\/noticias\\\/author\\\/admin\\\/#author\"},\"image\":{\"@type\":\"ImageObject\",\"url\":958405,\"@id\":\"https:\\\/\\\/www.eldigitaldeasturias.com\\\/noticias\\\/espana-auspicia-una-declaracion-politica-de-los-paises-del-g5-sobre-las-mujeres-en-el-sahel\\\/#mainImage\"},\"primaryImageOfPage\":{\"@id\":\"https:\\\/\\\/www.eldigitaldeasturias.com\\\/noticias\\\/espana-auspicia-una-declaracion-politica-de-los-paises-del-g5-sobre-las-mujeres-en-el-sahel\\\/#mainImage\"},\"datePublished\":\"2017-11-01T21:02:54+01:00\",\"dateModified\":\"2017-11-01T21:02:54+01:00\"},{\"@type\":\"WebSite\",\"@id\":\"https:\\\/\\\/www.eldigitaldeasturias.com\\\/noticias\\\/#website\",\"url\":\"https:\\\/\\\/www.eldigitaldeasturias.com\\\/noticias\\\/\",\"name\":\"El Digital de Asturias - Diario de actualidad y noticias\",\"alternateName\":\"El Digital de Asturias - Diario de actualidad y noticias\",\"description\":\"Hemeroteca\",\"inLanguage\":\"es-ES\",\"publisher\":{\"@id\":\"https:\\\/\\\/www.eldigitaldeasturias.com\\\/noticias\\\/#organization\"}}]}\n\t\t<\/script>\n\t\t<!-- All in One SEO Pro -->\r\n\t\t<title>Espa\u00f1a auspicia una declaraci\u00f3n pol\u00edtica de los pa\u00edses del G5 sobre las mujeres en el Sahel - El Digital de Asturias<\/title>\n\n","aioseo_head_json":{"title":"Espa\u00f1a auspicia una declaraci\u00f3n pol\u00edtica de los pa\u00edses del G5 sobre las mujeres en el Sahel - El Digital de Asturias","description":"El principal objetivo de la Declaraci\u00f3n Pol\u00edtica sobre las Mujeres en el Sahel es renovar los esfuerzos para alcanzar los Objetivos del Desarrollo Sostenible de Naciones Unidas, especialmente en lo que se refiere al n\u00famero 5: lograr la igualdad de g\u00e9nero y empoderamiento de todas las mujeres y ni\u00f1as. La Declaraci\u00f3n Pol\u00edtica sobre las Mujeres","canonical_url":"https:\/\/www.eldigitaldeasturias.com\/noticias\/espana-auspicia-una-declaracion-politica-de-los-paises-del-g5-sobre-las-mujeres-en-el-sahel\/","robots":"max-image-preview:large","keywords":"actualidad","webmasterTools":{"google-site-verification":"UA-38556648-1","msvalidate.01":"7dfe9f3f1b24437ab69f4f2559babe99","miscellaneous":""},"schema":{"@context":"https:\/\/schema.org","@graph":[{"@type":"BlogPosting","@id":"https:\/\/www.eldigitaldeasturias.com\/noticias\/espana-auspicia-una-declaracion-politica-de-los-paises-del-g5-sobre-las-mujeres-en-el-sahel\/#blogposting","name":"Espa\u00f1a auspicia una declaraci\u00f3n pol\u00edtica de los pa\u00edses del G5 sobre las mujeres en el Sahel - El Digital de Asturias","headline":"Espa\u00f1a auspicia una declaraci\u00f3n pol\u00edtica de los pa\u00edses del G5 sobre las mujeres en el Sahel","author":{"@id":"https:\/\/www.eldigitaldeasturias.com\/noticias\/author\/admin\/#author"},"publisher":{"@id":"https:\/\/www.eldigitaldeasturias.com\/noticias\/#organization"},"image":{"@type":"ImageObject","url":958405},"datePublished":"2017-11-01T21:02:54+01:00","dateModified":"2017-11-01T21:02:54+01:00","inLanguage":"es-ES","mainEntityOfPage":{"@id":"https:\/\/www.eldigitaldeasturias.com\/noticias\/espana-auspicia-una-declaracion-politica-de-los-paises-del-g5-sobre-las-mujeres-en-el-sahel\/#webpage"},"isPartOf":{"@id":"https:\/\/www.eldigitaldeasturias.com\/noticias\/espana-auspicia-una-declaracion-politica-de-los-paises-del-g5-sobre-las-mujeres-en-el-sahel\/#webpage"},"articleSection":"Actualidad"},{"@type":"BreadcrumbList","@id":"https:\/\/www.eldigitaldeasturias.com\/noticias\/espana-auspicia-una-declaracion-politica-de-los-paises-del-g5-sobre-las-mujeres-en-el-sahel\/#breadcrumblist","itemListElement":[{"@type":"ListItem","@id":"https:\/\/www.eldigitaldeasturias.com\/noticias#listItem","position":1,"name":"Home","item":"https:\/\/www.eldigitaldeasturias.com\/noticias","nextItem":{"@type":"ListItem","@id":"https:\/\/www.eldigitaldeasturias.com\/noticias\/category\/actualidad\/#listItem","name":"Actualidad"}},{"@type":"ListItem","@id":"https:\/\/www.eldigitaldeasturias.com\/noticias\/category\/actualidad\/#listItem","position":2,"name":"Actualidad","item":"https:\/\/www.eldigitaldeasturias.com\/noticias\/category\/actualidad\/","nextItem":{"@type":"ListItem","@id":"https:\/\/www.eldigitaldeasturias.com\/noticias\/espana-auspicia-una-declaracion-politica-de-los-paises-del-g5-sobre-las-mujeres-en-el-sahel\/#listItem","name":"Espa\u00f1a auspicia una declaraci\u00f3n pol\u00edtica de los pa\u00edses del G5 sobre las mujeres en el Sahel"},"previousItem":{"@type":"ListItem","@id":"https:\/\/www.eldigitaldeasturias.com\/noticias#listItem","name":"Home"}},{"@type":"ListItem","@id":"https:\/\/www.eldigitaldeasturias.com\/noticias\/espana-auspicia-una-declaracion-politica-de-los-paises-del-g5-sobre-las-mujeres-en-el-sahel\/#listItem","position":3,"name":"Espa\u00f1a auspicia una declaraci\u00f3n pol\u00edtica de los pa\u00edses del G5 sobre las mujeres en el Sahel","previousItem":{"@type":"ListItem","@id":"https:\/\/www.eldigitaldeasturias.com\/noticias\/category\/actualidad\/#listItem","name":"Actualidad"}}]},{"@type":"Organization","@id":"https:\/\/www.eldigitaldeasturias.com\/noticias\/#organization","name":"El Digital de Asturias","description":"Hemeroteca","url":"https:\/\/www.eldigitaldeasturias.com\/noticias\/","email":"info@eldigitaldeasturias.com","telephone":"+34652131393","logo":{"@type":"ImageObject","url":"https:\/\/www.eldigitaldeasturias.com\/noticias\/wp-content\/uploads\/2020\/12\/EDA.jpg","@id":"https:\/\/www.eldigitaldeasturias.com\/noticias\/espana-auspicia-una-declaracion-politica-de-los-paises-del-g5-sobre-las-mujeres-en-el-sahel\/#organizationLogo"},"image":{"@id":"https:\/\/www.eldigitaldeasturias.com\/noticias\/espana-auspicia-una-declaracion-politica-de-los-paises-del-g5-sobre-las-mujeres-en-el-sahel\/#organizationLogo"},"sameAs":["https:\/\/facebook.com\/eldigitaldeasturias","https:\/\/www.youtube.com\/channel\/UCZP-2wLEB9Rv6erhFmqVnvg"],"address":{"@id":"https:\/\/www.eldigitaldeasturias.com\/noticias\/#postaladdress","@type":"PostalAddress","streetAddress":"san antonio 4","postalCode":"33430","addressLocality":"Cand\u00e1s","addressRegion":"Asturias","addressCountry":"ES"}},{"@type":"Person","@id":"https:\/\/www.eldigitaldeasturias.com\/noticias\/author\/admin\/#author","url":"https:\/\/www.eldigitaldeasturias.com\/noticias\/author\/admin\/","name":"El Digital de Asturias","image":{"@type":"ImageObject","@id":"https:\/\/www.eldigitaldeasturias.com\/noticias\/espana-auspicia-una-declaracion-politica-de-los-paises-del-g5-sobre-las-mujeres-en-el-sahel\/#authorImage","url":"https:\/\/secure.gravatar.com\/avatar\/df2aeffc32bcd13f8d26072ef8a91b623d677766deac7f97ca815868cd41bf5e?s=96&d=mm&r=g","width":96,"height":96,"caption":"El Digital de Asturias"}},{"@type":"WebPage","@id":"https:\/\/www.eldigitaldeasturias.com\/noticias\/espana-auspicia-una-declaracion-politica-de-los-paises-del-g5-sobre-las-mujeres-en-el-sahel\/#webpage","url":"https:\/\/www.eldigitaldeasturias.com\/noticias\/espana-auspicia-una-declaracion-politica-de-los-paises-del-g5-sobre-las-mujeres-en-el-sahel\/","name":"Espa\u00f1a auspicia una declaraci\u00f3n pol\u00edtica de los pa\u00edses del G5 sobre las mujeres en el Sahel - El Digital de Asturias","description":"El principal objetivo de la Declaraci\u00f3n Pol\u00edtica sobre las Mujeres en el Sahel es renovar los esfuerzos para alcanzar los Objetivos del Desarrollo Sostenible de Naciones Unidas, especialmente en lo que se refiere al n\u00famero 5: lograr la igualdad de g\u00e9nero y empoderamiento de todas las mujeres y ni\u00f1as. La Declaraci\u00f3n Pol\u00edtica sobre las Mujeres","inLanguage":"es-ES","isPartOf":{"@id":"https:\/\/www.eldigitaldeasturias.com\/noticias\/#website"},"breadcrumb":{"@id":"https:\/\/www.eldigitaldeasturias.com\/noticias\/espana-auspicia-una-declaracion-politica-de-los-paises-del-g5-sobre-las-mujeres-en-el-sahel\/#breadcrumblist"},"author":{"@id":"https:\/\/www.eldigitaldeasturias.com\/noticias\/author\/admin\/#author"},"creator":{"@id":"https:\/\/www.eldigitaldeasturias.com\/noticias\/author\/admin\/#author"},"image":{"@type":"ImageObject","url":958405,"@id":"https:\/\/www.eldigitaldeasturias.com\/noticias\/espana-auspicia-una-declaracion-politica-de-los-paises-del-g5-sobre-las-mujeres-en-el-sahel\/#mainImage"},"primaryImageOfPage":{"@id":"https:\/\/www.eldigitaldeasturias.com\/noticias\/espana-auspicia-una-declaracion-politica-de-los-paises-del-g5-sobre-las-mujeres-en-el-sahel\/#mainImage"},"datePublished":"2017-11-01T21:02:54+01:00","dateModified":"2017-11-01T21:02:54+01:00"},{"@type":"WebSite","@id":"https:\/\/www.eldigitaldeasturias.com\/noticias\/#website","url":"https:\/\/www.eldigitaldeasturias.com\/noticias\/","name":"El Digital de Asturias - Diario de actualidad y noticias","alternateName":"El Digital de Asturias - Diario de actualidad y noticias","description":"Hemeroteca","inLanguage":"es-ES","publisher":{"@id":"https:\/\/www.eldigitaldeasturias.com\/noticias\/#organization"}}]},"og:locale":"es_ES","og:site_name":"El Digital de Asturias","og:type":"article","og:title":"Espa\u00f1a auspicia una declaraci\u00f3n pol\u00edtica de los pa\u00edses del G5 sobre las mujeres en el Sahel - El Digital de Asturias","og:description":"El principal objetivo de la Declaraci\u00f3n Pol\u00edtica sobre las Mujeres en el Sahel es renovar los esfuerzos para alcanzar los Objetivos del Desarrollo Sostenible de Naciones Unidas, especialmente en lo que se refiere al n\u00famero 5: lograr la igualdad de g\u00e9nero y empoderamiento de todas las mujeres y ni\u00f1as. La Declaraci\u00f3n Pol\u00edtica sobre las Mujeres","og:url":"https:\/\/www.eldigitaldeasturias.com\/noticias\/espana-auspicia-una-declaracion-politica-de-los-paises-del-g5-sobre-las-mujeres-en-el-sahel\/","article:tag":["actualidad"],"article:published_time":"2017-11-01T21:02:54+00:00","article:modified_time":"2017-11-01T21:02:54+00:00","article:publisher":"https:\/\/facebook.com\/eldigitaldeasturias","twitter:card":"summary_large_image","twitter:title":"Espa\u00f1a auspicia una declaraci\u00f3n pol\u00edtica de los pa\u00edses del G5 sobre las mujeres en el Sahel - El Digital de Asturias","twitter:description":"El principal objetivo de la Declaraci\u00f3n Pol\u00edtica sobre las Mujeres en el Sahel es renovar los esfuerzos para alcanzar los Objetivos del Desarrollo Sostenible de Naciones Unidas, especialmente en lo que se refiere al n\u00famero 5: lograr la igualdad de g\u00e9nero y empoderamiento de todas las mujeres y ni\u00f1as. La Declaraci\u00f3n Pol\u00edtica sobre las Mujeres","twitter:image":"https:\/\/www.eldigitaldeasturias.com\/noticias\/wp-content\/uploads\/2020\/12\/EDA-1.jpg","twitter:label1":"Escrito por","twitter:data1":"El Digital de Asturias","twitter:label2":"Tiempo de lectura estimado","twitter:data2":"3 minutos"},"aioseo_meta_data":{"post_id":"958404","title":null,"description":null,"keywords":null,"keyphrases":null,"primary_term":null,"canonical_url":null,"og_title":null,"og_description":null,"og_object_type":"default","og_image_type":"default","og_image_url":null,"og_image_width":null,"og_image_height":null,"og_image_custom_url":null,"og_image_custom_fields":null,"og_video":null,"og_custom_url":null,"og_article_section":null,"og_article_tags":null,"twitter_use_og":false,"twitter_card":"default","twitter_image_type":"default","twitter_image_url":null,"twitter_image_custom_url":null,"twitter_image_custom_fields":null,"twitter_title":null,"twitter_description":null,"schema":{"blockGraphs":[],"customGraphs":[],"default":{"data":{"Article":[],"Course":[],"Dataset":[],"FAQPage":[],"Movie":[],"Person":[],"Product":[],"ProductReview":[],"Car":[],"Recipe":[],"Service":[],"SoftwareApplication":[],"WebPage":[]},"graphName":"","isEnabled":true},"graphs":[],"defaultGraph":"","defaultPostTypeGraph":""},"schema_type":null,"schema_type_options":null,"pillar_content":false,"robots_default":true,"robots_noindex":false,"robots_noarchive":false,"robots_nosnippet":false,"robots_nofollow":false,"robots_noimageindex":false,"robots_noodp":false,"robots_notranslate":false,"robots_max_snippet":null,"robots_max_videopreview":null,"robots_max_imagepreview":"large","priority":null,"frequency":null,"local_seo":null,"seo_analyzer_scan_date":"2025-12-06 21:04:22","breadcrumb_settings":null,"limit_modified_date":false,"open_ai":null,"ai":null,"created":"2020-12-21 12:54:09","updated":"2025-12-06 21:04:22","focus_keyword":null,"additional_keywords":null,"truseo_locale":null},"aioseo_breadcrumb":"<div class=\"aioseo-breadcrumbs\"><span class=\"aioseo-breadcrumb\">\n\t<a href=\"https:\/\/www.eldigitaldeasturias.com\/noticias\" title=\"Home\">Home<\/a>\n<\/span><span class=\"aioseo-breadcrumb-separator\">\u2013<\/span><span class=\"aioseo-breadcrumb\">\n\t<a href=\"https:\/\/www.eldigitaldeasturias.com\/noticias\/category\/actualidad\/\" title=\"Actualidad\">Actualidad<\/a>\n<\/span><span class=\"aioseo-breadcrumb-separator\">\u2013<\/span><span class=\"aioseo-breadcrumb\">\n\t<a href=\"https:\/\/www.eldigitaldeasturias.com\/noticias\/espana-auspicia-una-declaracion-politica-de-los-paises-del-g5-sobre-las-mujeres-en-el-sahel\/\" title=\"Espa\u00f1a auspicia una declaraci\u00f3n pol\u00edtica de los pa\u00edses del G5 sobre las mujeres en el Sahel\">Espa\u00f1a auspicia una declaraci\u00f3n pol\u00edtica de los pa\u00edses del G5 sobre las mujeres en el Sahel<\/a>\n<\/span><\/div>","aioseo_breadcrumb_json":[{"label":"Home","link":"https:\/\/www.eldigitaldeasturias.com\/noticias"},{"label":"Actualidad","link":"https:\/\/www.eldigitaldeasturias.com\/noticias\/category\/actualidad\/"},{"label":"Espa\u00f1a auspicia una declaraci\u00f3n pol\u00edtica de los pa\u00edses del G5 sobre las mujeres en el Sahel","link":"https:\/\/www.eldigitaldeasturias.com\/noticias\/espana-auspicia-una-declaracion-politica-de-los-paises-del-g5-sobre-las-mujeres-en-el-sahel\/"}],"_links":{"self":[{"href":"https:\/\/www.eldigitaldeasturias.com\/noticias\/wp-json\/wp\/v2\/posts\/958404","targetHints":{"allow":["GET"]}}],"collection":[{"href":"https:\/\/www.eldigitaldeasturias.com\/noticias\/wp-json\/wp\/v2\/posts"}],"about":[{"href":"https:\/\/www.eldigitaldeasturias.com\/noticias\/wp-json\/wp\/v2\/types\/post"}],"author":[{"embeddable":true,"href":"https:\/\/www.eldigitaldeasturias.com\/noticias\/wp-json\/wp\/v2\/users\/1"}],"replies":[{"embeddable":true,"href":"https:\/\/www.eldigitaldeasturias.com\/noticias\/wp-json\/wp\/v2\/comments?post=958404"}],"version-history":[{"count":0,"href":"https:\/\/www.eldigitaldeasturias.com\/noticias\/wp-json\/wp\/v2\/posts\/958404\/revisions"}],"wp:attachment":[{"href":"https:\/\/www.eldigitaldeasturias.com\/noticias\/wp-json\/wp\/v2\/media?parent=958404"}],"wp:term":[{"taxonomy":"category","embeddable":true,"href":"https:\/\/www.eldigitaldeasturias.com\/noticias\/wp-json\/wp\/v2\/categories?post=958404"},{"taxonomy":"post_tag","embeddable":true,"href":"https:\/\/www.eldigitaldeasturias.com\/noticias\/wp-json\/wp\/v2\/tags?post=958404"}],"curies":[{"name":"wp","href":"https:\/\/api.w.org\/{rel}","templated":true}]}}