{"id":958401,"date":"2017-11-01T21:01:58","date_gmt":"2017-11-01T21:01:58","guid":{"rendered":"http:\/\/www.eldigitaldeasturias.com\/noticias\/?p=958401"},"modified":"2017-11-01T21:01:58","modified_gmt":"2017-11-01T21:01:58","slug":"andrea-levy-rajoy-ha-devuelto-a-la-realidad-a-puigdemont","status":"publish","type":"post","link":"https:\/\/www.eldigitaldeasturias.com\/noticias\/andrea-levy-rajoy-ha-devuelto-a-la-realidad-a-puigdemont\/","title":{"rendered":"Andrea Levy: \u201cRajoy ha devuelto a la realidad a Puigdemont\u201d"},"content":{"rendered":"<p><img loading=\"lazy\" decoding=\"async\" class=\"alignleft size-medium wp-image-958402\" src=\"https:\/\/www.eldigitaldeasturias.com\/noticias\/wp-content\/uploads\/2017\/11\/2017-11-01-360x163.jpg\" alt=\"\" width=\"360\" height=\"163\" \/>La vicesecretaria de Estudios y Programas del Partido Popular, Andrea Levy, ha asegurado hoy que \u00able preocupa m\u00e1s la huida de empresas de Catalu\u00f1a que la de Puigdemont\u00bb, en referencia a la presencia del ex presidente de la Generalitat de Catalu\u00f1a en B\u00e9lgica.<\/p>\n<p>Levy ha afirmado que \u00abPuigdemont podr\u00e1 dar las vueltas que quiera, pero seguro que de donde no vuelve es del rid\u00edculo\u00bb. Por ello, ha abogado por \u00abdejar atr\u00e1s a los pol\u00edticos irresponsables independentistas y centrarnos en recuperar la econom\u00eda catalana, la convivencia y las oportunidades de futuro\u00bb algo que, a su juicio, pasa por las elecciones del 21 de diciembre.<\/p>\n<p>\u00abPuigdemont puede zascandilear todo lo que quiera, pero debe asumir ya la \u00fanica realidad, que es que \u00e9l forma parte del pasado m\u00e1s triste de la historia de Catalu\u00f1a\u00bb, ha aseverado.<\/p>\n<p>Asimismo, se ha mostrado segura de que \u00abtodas las irresponsabilidades que se han cometido desde las instituciones catalanas y desde la direcci\u00f3n de los pol\u00edticos independentistas, que se creyeron por encima de la ley, tendr\u00e1n la respuesta ponderada, proporcional y firme del Estado de Derecho\u00bb.<\/p>\n<p><strong>EL COSTE GENERADO POR EL INDEPENDETISMO<\/strong><\/p>\n<p>Por otra parte, Andrea Levy ha subrayado que los pol\u00edticos independentistas han hipotecado los pr\u00f3ximos diez a\u00f1os de la vida de los catalanes debido al \u00abcaos econ\u00f3mico\u00bb, as\u00ed como al coste de la factura sentimental que han generado por la fractura de la sociedad catalana. \u00abHay que cuantificar el da\u00f1o que ya le han hecho a Catalu\u00f1a y a los catalanes, un da\u00f1o que se ha mitigado con la aplicaci\u00f3n del 155, pero que va a durar a\u00f1os\u00bb.<\/p>\n<p>Todo ello, en su opini\u00f3n, tiene que tener una \u00abrespuesta democr\u00e1tica en las urnas para enviarles al pasado pero desde luego tambi\u00e9n una respuesta de nuestra democracia para que rindan cuentas por todos los atropellos democr\u00e1ticos que han cometido\u00bb. \u00abNadie se puede creer impune e arrastrar a los catalanes al abismo y a la arbitrariedad, como han hecho\u00bb.<\/p>\n<p><strong>RAJOY HA DEVUELTO A PUIGDEMONT A LA REALIDAD<\/strong><\/p>\n<p>Con respecto a la actuaci\u00f3n del Gobierno de Espa\u00f1a, Levy ha elogiado la actuaci\u00f3n del presidente del Gobierno, Mariano Rajoy, que \u00abha devuelto a la realidad a Puigdemont y al resto de pol\u00edticos independistas y ha detenido todos los atropellos democr\u00e1ticos\u00bb que se estaban produciendo en Catalu\u00f1a.<\/p>\n<p>Asimismo, ha destacado que Rajoy \u00abces\u00f3 al Gobierno irresponsable e ilegal, disolvi\u00f3 el Parlament y convoc\u00f3 unas elecciones auton\u00f3micas con las garant\u00edas del Estado de Derecho para que los catalanes tuvieran voz\u00bb.<\/p>\n<p>Con respecto a estos comicios convocados para el pr\u00f3ximo 21 de diciembre, Levy considera que representan una \u00aboportunidad hist\u00f3rica de vencer por fin al nacionalismo y enviar al pasado a todos los pol\u00edticos irresponsables que nos han llevado a esta situaci\u00f3n\u00bb.<\/p>\n<p><strong>D\u00d3NDE ESTABA LA MODERACI\u00d3N ANTES<\/strong><\/p>\n<p>Preguntada por el papel del ex consejero Santi Vila, al que se le considera un \u00abmoderado\u00bb desde algunos sectores, Levy se ha preguntado \u00abd\u00f3nde estaban esos moderados en el Pleno de la infamia del 6 y 7 de septiembre del Parlamento de Catalu\u00f1a, en el que se atropellaron los derechos de la oposici\u00f3n y en el que se destruyeron todas las conquistas democr\u00e1ticas como el Estatuto de Autonom\u00eda o cuando se estaba arrastrando a Catalu\u00f1a a la divisi\u00f3n social o cuando se estaba generando caos econ\u00f3mico y empresarial\u00bb.<\/p>\n<p>Y sin embargo, ha continuado Levy, \u00abahora que nos han llevado al desconcierto y a la inseguridad dicen que son moderados\u00bb. \u00abEllos son c\u00f3mplices de toda la escalada de irresponsabilidades que se han producido estos a\u00f1os en Catalu\u00f1a\u00bb, ha recordado.<\/p>\n<p><strong>HAY ESPERANZA<\/strong><\/p>\n<p>Con respecto a la celebraci\u00f3n de elecciones, Levy ha destacado la importancia de que haya una alternativa al independentismo, de futuro y que permita que todos los catalanes a los que se ha querido invisibilizar, a los que se ha ignorado, esa Catalu\u00f1a real que la Catalu\u00f1a oficial no quer\u00eda ver y a la que no se le representaba desde las instituciones, tengan la oportunidad ahora de ganar al independentismo\u00bb.<\/p>\n<p>Por ello, ha instado a que el d\u00eda 21 de diciembre \u00abseamos una mayor\u00eda fuerte que quiere seguir conviviendo con lazos de uni\u00f3n y construyendo futuro\u00bb.<\/p>\n<p>\u00abHay esperanza y creo de verdad que es posible. Si nos comprometemos todos aquellos que apostamos por la convivencia en las distintas opciones pol\u00edticas a salir a votar para ganar al independentismo, \u00e9ste puede ser pasado\u00bb.<\/p>\n<p>&nbsp;<\/p>\n","protected":false},"excerpt":{"rendered":"<p>La vicesecretaria de Estudios y Programas del Partido Popular, Andrea Levy, ha asegurado hoy que \u00able preocupa m\u00e1s la huida de empresas de Catalu\u00f1a que la de Puigdemont\u00bb, en referencia a la presencia del ex presidente de la Generalitat de Catalu\u00f1a en B\u00e9lgica. Levy ha afirmado que \u00abPuigdemont podr\u00e1 dar las vueltas que quiera, pero [&hellip;]<\/p>\n","protected":false},"author":1,"featured_media":958402,"comment_status":"closed","ping_status":"closed","sticky":false,"template":"","format":"standard","meta":{"footnotes":""},"categories":[1],"tags":[],"class_list":["post-958401","post","type-post","status-publish","format-standard","has-post-thumbnail","hentry","category-actualidad"],"aioseo_notices":[],"aioseo_head":"\n\t\t<!-- All in One SEO Pro 5.0.1 - aioseo.com -->\n\t<meta name=\"description\" content=\"La vicesecretaria de Estudios y Programas del Partido Popular, Andrea Levy, ha asegurado hoy que &quot;le preocupa m\u00e1s la huida de empresas de Catalu\u00f1a que la de Puigdemont&quot;, en referencia a la presencia del ex presidente de la Generalitat de Catalu\u00f1a en B\u00e9lgica. Levy ha afirmado que &quot;Puigdemont podr\u00e1 dar las vueltas que quiera, pero\" \/>\n\t<meta name=\"robots\" content=\"max-image-preview:large\" \/>\n\t<meta name=\"author\" content=\"El Digital de Asturias\"\/>\n\t<meta name=\"google-site-verification\" content=\"UA-38556648-1\" \/>\n\t<meta name=\"msvalidate.01\" content=\"7dfe9f3f1b24437ab69f4f2559babe99\" \/>\n\t<meta name=\"keywords\" content=\"actualidad\" \/>\n\t<link rel=\"canonical\" href=\"https:\/\/www.eldigitaldeasturias.com\/noticias\/andrea-levy-rajoy-ha-devuelto-a-la-realidad-a-puigdemont\/\" \/>\n\t<meta name=\"generator\" content=\"All in One SEO Pro (AIOSEO) 5.0.1\" \/>\n\t\t<meta property=\"og:locale\" content=\"es_ES\" \/>\n\t\t<meta property=\"og:site_name\" content=\"El Digital de Asturias\" \/>\n\t\t<meta property=\"og:type\" content=\"article\" \/>\n\t\t<meta property=\"og:title\" content=\"Andrea Levy: \u201cRajoy ha devuelto a la realidad a Puigdemont\u201d - El Digital de Asturias\" \/>\n\t\t<meta property=\"og:description\" content=\"La vicesecretaria de Estudios y Programas del Partido Popular, Andrea Levy, ha asegurado hoy que &quot;le preocupa m\u00e1s la huida de empresas de Catalu\u00f1a que la de Puigdemont&quot;, en referencia a la presencia del ex presidente de la Generalitat de Catalu\u00f1a en B\u00e9lgica. Levy ha afirmado que &quot;Puigdemont podr\u00e1 dar las vueltas que quiera, pero\" \/>\n\t\t<meta property=\"og:url\" content=\"https:\/\/www.eldigitaldeasturias.com\/noticias\/andrea-levy-rajoy-ha-devuelto-a-la-realidad-a-puigdemont\/\" \/>\n\t\t<meta property=\"article:tag\" content=\"actualidad\" \/>\n\t\t<meta property=\"article:published_time\" content=\"2017-11-01T21:01:58+00:00\" \/>\n\t\t<meta property=\"article:modified_time\" content=\"2017-11-01T21:01:58+00:00\" \/>\n\t\t<meta property=\"article:publisher\" content=\"https:\/\/facebook.com\/eldigitaldeasturias\" \/>\n\t\t<meta name=\"twitter:card\" content=\"summary_large_image\" \/>\n\t\t<meta name=\"twitter:title\" content=\"Andrea Levy: \u201cRajoy ha devuelto a la realidad a Puigdemont\u201d - El Digital de Asturias\" \/>\n\t\t<meta name=\"twitter:description\" content=\"La vicesecretaria de Estudios y Programas del Partido Popular, Andrea Levy, ha asegurado hoy que &quot;le preocupa m\u00e1s la huida de empresas de Catalu\u00f1a que la de Puigdemont&quot;, en referencia a la presencia del ex presidente de la Generalitat de Catalu\u00f1a en B\u00e9lgica. Levy ha afirmado que &quot;Puigdemont podr\u00e1 dar las vueltas que quiera, pero\" \/>\n\t\t<meta name=\"twitter:image\" content=\"https:\/\/www.eldigitaldeasturias.com\/noticias\/wp-content\/uploads\/2020\/12\/EDA-1.jpg\" \/>\n\t\t<meta name=\"twitter:label1\" content=\"Escrito por\" \/>\n\t\t<meta name=\"twitter:data1\" content=\"El Digital de Asturias\" \/>\n\t\t<meta name=\"twitter:label2\" content=\"Tiempo de lectura estimado\" \/>\n\t\t<meta name=\"twitter:data2\" content=\"4 minutos\" \/>\n\t\t<script type=\"application\/ld+json\" class=\"aioseo-schema\">\n\t\t\t{\"@context\":\"https:\\\/\\\/schema.org\",\"@graph\":[{\"@type\":\"BlogPosting\",\"@id\":\"https:\\\/\\\/www.eldigitaldeasturias.com\\\/noticias\\\/andrea-levy-rajoy-ha-devuelto-a-la-realidad-a-puigdemont\\\/#blogposting\",\"name\":\"Andrea Levy: \\u201cRajoy ha devuelto a la realidad a Puigdemont\\u201d - El Digital de Asturias\",\"headline\":\"Andrea Levy: \\u201cRajoy ha devuelto a la realidad a Puigdemont\\u201d\",\"author\":{\"@id\":\"https:\\\/\\\/www.eldigitaldeasturias.com\\\/noticias\\\/author\\\/admin\\\/#author\"},\"publisher\":{\"@id\":\"https:\\\/\\\/www.eldigitaldeasturias.com\\\/noticias\\\/#organization\"},\"image\":{\"@type\":\"ImageObject\",\"url\":958402},\"datePublished\":\"2017-11-01T21:01:58+01:00\",\"dateModified\":\"2017-11-01T21:01:58+01:00\",\"inLanguage\":\"es-ES\",\"mainEntityOfPage\":{\"@id\":\"https:\\\/\\\/www.eldigitaldeasturias.com\\\/noticias\\\/andrea-levy-rajoy-ha-devuelto-a-la-realidad-a-puigdemont\\\/#webpage\"},\"isPartOf\":{\"@id\":\"https:\\\/\\\/www.eldigitaldeasturias.com\\\/noticias\\\/andrea-levy-rajoy-ha-devuelto-a-la-realidad-a-puigdemont\\\/#webpage\"},\"articleSection\":\"Actualidad\"},{\"@type\":\"BreadcrumbList\",\"@id\":\"https:\\\/\\\/www.eldigitaldeasturias.com\\\/noticias\\\/andrea-levy-rajoy-ha-devuelto-a-la-realidad-a-puigdemont\\\/#breadcrumblist\",\"itemListElement\":[{\"@type\":\"ListItem\",\"@id\":\"https:\\\/\\\/www.eldigitaldeasturias.com\\\/noticias#listItem\",\"position\":1,\"name\":\"Home\",\"item\":\"https:\\\/\\\/www.eldigitaldeasturias.com\\\/noticias\",\"nextItem\":{\"@type\":\"ListItem\",\"@id\":\"https:\\\/\\\/www.eldigitaldeasturias.com\\\/noticias\\\/category\\\/actualidad\\\/#listItem\",\"name\":\"Actualidad\"}},{\"@type\":\"ListItem\",\"@id\":\"https:\\\/\\\/www.eldigitaldeasturias.com\\\/noticias\\\/category\\\/actualidad\\\/#listItem\",\"position\":2,\"name\":\"Actualidad\",\"item\":\"https:\\\/\\\/www.eldigitaldeasturias.com\\\/noticias\\\/category\\\/actualidad\\\/\",\"nextItem\":{\"@type\":\"ListItem\",\"@id\":\"https:\\\/\\\/www.eldigitaldeasturias.com\\\/noticias\\\/andrea-levy-rajoy-ha-devuelto-a-la-realidad-a-puigdemont\\\/#listItem\",\"name\":\"Andrea Levy: \\u201cRajoy ha devuelto a la realidad a Puigdemont\\u201d\"},\"previousItem\":{\"@type\":\"ListItem\",\"@id\":\"https:\\\/\\\/www.eldigitaldeasturias.com\\\/noticias#listItem\",\"name\":\"Home\"}},{\"@type\":\"ListItem\",\"@id\":\"https:\\\/\\\/www.eldigitaldeasturias.com\\\/noticias\\\/andrea-levy-rajoy-ha-devuelto-a-la-realidad-a-puigdemont\\\/#listItem\",\"position\":3,\"name\":\"Andrea Levy: \\u201cRajoy ha devuelto a la realidad a Puigdemont\\u201d\",\"previousItem\":{\"@type\":\"ListItem\",\"@id\":\"https:\\\/\\\/www.eldigitaldeasturias.com\\\/noticias\\\/category\\\/actualidad\\\/#listItem\",\"name\":\"Actualidad\"}}]},{\"@type\":\"Organization\",\"@id\":\"https:\\\/\\\/www.eldigitaldeasturias.com\\\/noticias\\\/#organization\",\"name\":\"El Digital de Asturias\",\"description\":\"Hemeroteca\",\"url\":\"https:\\\/\\\/www.eldigitaldeasturias.com\\\/noticias\\\/\",\"email\":\"info@eldigitaldeasturias.com\",\"telephone\":\"+34652131393\",\"logo\":{\"@type\":\"ImageObject\",\"url\":\"https:\\\/\\\/www.eldigitaldeasturias.com\\\/noticias\\\/wp-content\\\/uploads\\\/2020\\\/12\\\/EDA.jpg\",\"@id\":\"https:\\\/\\\/www.eldigitaldeasturias.com\\\/noticias\\\/andrea-levy-rajoy-ha-devuelto-a-la-realidad-a-puigdemont\\\/#organizationLogo\"},\"image\":{\"@id\":\"https:\\\/\\\/www.eldigitaldeasturias.com\\\/noticias\\\/andrea-levy-rajoy-ha-devuelto-a-la-realidad-a-puigdemont\\\/#organizationLogo\"},\"sameAs\":[\"https:\\\/\\\/facebook.com\\\/eldigitaldeasturias\",\"https:\\\/\\\/www.youtube.com\\\/channel\\\/UCZP-2wLEB9Rv6erhFmqVnvg\"],\"address\":{\"@id\":\"https:\\\/\\\/www.eldigitaldeasturias.com\\\/noticias\\\/#postaladdress\",\"@type\":\"PostalAddress\",\"streetAddress\":\"san antonio 4\",\"postalCode\":\"33430\",\"addressLocality\":\"Cand\\u00e1s\",\"addressRegion\":\"Asturias\",\"addressCountry\":\"ES\"}},{\"@type\":\"Person\",\"@id\":\"https:\\\/\\\/www.eldigitaldeasturias.com\\\/noticias\\\/author\\\/admin\\\/#author\",\"url\":\"https:\\\/\\\/www.eldigitaldeasturias.com\\\/noticias\\\/author\\\/admin\\\/\",\"name\":\"El Digital de Asturias\",\"image\":{\"@type\":\"ImageObject\",\"@id\":\"https:\\\/\\\/www.eldigitaldeasturias.com\\\/noticias\\\/andrea-levy-rajoy-ha-devuelto-a-la-realidad-a-puigdemont\\\/#authorImage\",\"url\":\"https:\\\/\\\/secure.gravatar.com\\\/avatar\\\/df2aeffc32bcd13f8d26072ef8a91b623d677766deac7f97ca815868cd41bf5e?s=96&d=mm&r=g\",\"width\":96,\"height\":96,\"caption\":\"El Digital de Asturias\"}},{\"@type\":\"WebPage\",\"@id\":\"https:\\\/\\\/www.eldigitaldeasturias.com\\\/noticias\\\/andrea-levy-rajoy-ha-devuelto-a-la-realidad-a-puigdemont\\\/#webpage\",\"url\":\"https:\\\/\\\/www.eldigitaldeasturias.com\\\/noticias\\\/andrea-levy-rajoy-ha-devuelto-a-la-realidad-a-puigdemont\\\/\",\"name\":\"Andrea Levy: \\u201cRajoy ha devuelto a la realidad a Puigdemont\\u201d - El Digital de Asturias\",\"description\":\"La vicesecretaria de Estudios y Programas del Partido Popular, Andrea Levy, ha asegurado hoy que \\\"le preocupa m\\u00e1s la huida de empresas de Catalu\\u00f1a que la de Puigdemont\\\", en referencia a la presencia del ex presidente de la Generalitat de Catalu\\u00f1a en B\\u00e9lgica. Levy ha afirmado que \\\"Puigdemont podr\\u00e1 dar las vueltas que quiera, pero\",\"inLanguage\":\"es-ES\",\"isPartOf\":{\"@id\":\"https:\\\/\\\/www.eldigitaldeasturias.com\\\/noticias\\\/#website\"},\"breadcrumb\":{\"@id\":\"https:\\\/\\\/www.eldigitaldeasturias.com\\\/noticias\\\/andrea-levy-rajoy-ha-devuelto-a-la-realidad-a-puigdemont\\\/#breadcrumblist\"},\"author\":{\"@id\":\"https:\\\/\\\/www.eldigitaldeasturias.com\\\/noticias\\\/author\\\/admin\\\/#author\"},\"creator\":{\"@id\":\"https:\\\/\\\/www.eldigitaldeasturias.com\\\/noticias\\\/author\\\/admin\\\/#author\"},\"image\":{\"@type\":\"ImageObject\",\"url\":958402,\"@id\":\"https:\\\/\\\/www.eldigitaldeasturias.com\\\/noticias\\\/andrea-levy-rajoy-ha-devuelto-a-la-realidad-a-puigdemont\\\/#mainImage\"},\"primaryImageOfPage\":{\"@id\":\"https:\\\/\\\/www.eldigitaldeasturias.com\\\/noticias\\\/andrea-levy-rajoy-ha-devuelto-a-la-realidad-a-puigdemont\\\/#mainImage\"},\"datePublished\":\"2017-11-01T21:01:58+01:00\",\"dateModified\":\"2017-11-01T21:01:58+01:00\"},{\"@type\":\"WebSite\",\"@id\":\"https:\\\/\\\/www.eldigitaldeasturias.com\\\/noticias\\\/#website\",\"url\":\"https:\\\/\\\/www.eldigitaldeasturias.com\\\/noticias\\\/\",\"name\":\"El Digital de Asturias - Diario de actualidad y noticias\",\"alternateName\":\"El Digital de Asturias - Diario de actualidad y noticias\",\"description\":\"Hemeroteca\",\"inLanguage\":\"es-ES\",\"publisher\":{\"@id\":\"https:\\\/\\\/www.eldigitaldeasturias.com\\\/noticias\\\/#organization\"}}]}\n\t\t<\/script>\n\t\t<!-- All in One SEO Pro -->\r\n\t\t<title>Andrea Levy: \u201cRajoy ha devuelto a la realidad a Puigdemont\u201d - El Digital de Asturias<\/title>\n\n","aioseo_head_json":{"title":"Andrea Levy: \u201cRajoy ha devuelto a la realidad a Puigdemont\u201d - El Digital de Asturias","description":"La vicesecretaria de Estudios y Programas del Partido Popular, Andrea Levy, ha asegurado hoy que \"le preocupa m\u00e1s la huida de empresas de Catalu\u00f1a que la de Puigdemont\", en referencia a la presencia del ex presidente de la Generalitat de Catalu\u00f1a en B\u00e9lgica. Levy ha afirmado que \"Puigdemont podr\u00e1 dar las vueltas que quiera, pero","canonical_url":"https:\/\/www.eldigitaldeasturias.com\/noticias\/andrea-levy-rajoy-ha-devuelto-a-la-realidad-a-puigdemont\/","robots":"max-image-preview:large","keywords":"actualidad","webmasterTools":{"google-site-verification":"UA-38556648-1","msvalidate.01":"7dfe9f3f1b24437ab69f4f2559babe99","miscellaneous":""},"schema":{"@context":"https:\/\/schema.org","@graph":[{"@type":"BlogPosting","@id":"https:\/\/www.eldigitaldeasturias.com\/noticias\/andrea-levy-rajoy-ha-devuelto-a-la-realidad-a-puigdemont\/#blogposting","name":"Andrea Levy: \u201cRajoy ha devuelto a la realidad a Puigdemont\u201d - El Digital de Asturias","headline":"Andrea Levy: \u201cRajoy ha devuelto a la realidad a Puigdemont\u201d","author":{"@id":"https:\/\/www.eldigitaldeasturias.com\/noticias\/author\/admin\/#author"},"publisher":{"@id":"https:\/\/www.eldigitaldeasturias.com\/noticias\/#organization"},"image":{"@type":"ImageObject","url":958402},"datePublished":"2017-11-01T21:01:58+01:00","dateModified":"2017-11-01T21:01:58+01:00","inLanguage":"es-ES","mainEntityOfPage":{"@id":"https:\/\/www.eldigitaldeasturias.com\/noticias\/andrea-levy-rajoy-ha-devuelto-a-la-realidad-a-puigdemont\/#webpage"},"isPartOf":{"@id":"https:\/\/www.eldigitaldeasturias.com\/noticias\/andrea-levy-rajoy-ha-devuelto-a-la-realidad-a-puigdemont\/#webpage"},"articleSection":"Actualidad"},{"@type":"BreadcrumbList","@id":"https:\/\/www.eldigitaldeasturias.com\/noticias\/andrea-levy-rajoy-ha-devuelto-a-la-realidad-a-puigdemont\/#breadcrumblist","itemListElement":[{"@type":"ListItem","@id":"https:\/\/www.eldigitaldeasturias.com\/noticias#listItem","position":1,"name":"Home","item":"https:\/\/www.eldigitaldeasturias.com\/noticias","nextItem":{"@type":"ListItem","@id":"https:\/\/www.eldigitaldeasturias.com\/noticias\/category\/actualidad\/#listItem","name":"Actualidad"}},{"@type":"ListItem","@id":"https:\/\/www.eldigitaldeasturias.com\/noticias\/category\/actualidad\/#listItem","position":2,"name":"Actualidad","item":"https:\/\/www.eldigitaldeasturias.com\/noticias\/category\/actualidad\/","nextItem":{"@type":"ListItem","@id":"https:\/\/www.eldigitaldeasturias.com\/noticias\/andrea-levy-rajoy-ha-devuelto-a-la-realidad-a-puigdemont\/#listItem","name":"Andrea Levy: \u201cRajoy ha devuelto a la realidad a Puigdemont\u201d"},"previousItem":{"@type":"ListItem","@id":"https:\/\/www.eldigitaldeasturias.com\/noticias#listItem","name":"Home"}},{"@type":"ListItem","@id":"https:\/\/www.eldigitaldeasturias.com\/noticias\/andrea-levy-rajoy-ha-devuelto-a-la-realidad-a-puigdemont\/#listItem","position":3,"name":"Andrea Levy: \u201cRajoy ha devuelto a la realidad a Puigdemont\u201d","previousItem":{"@type":"ListItem","@id":"https:\/\/www.eldigitaldeasturias.com\/noticias\/category\/actualidad\/#listItem","name":"Actualidad"}}]},{"@type":"Organization","@id":"https:\/\/www.eldigitaldeasturias.com\/noticias\/#organization","name":"El Digital de Asturias","description":"Hemeroteca","url":"https:\/\/www.eldigitaldeasturias.com\/noticias\/","email":"info@eldigitaldeasturias.com","telephone":"+34652131393","logo":{"@type":"ImageObject","url":"https:\/\/www.eldigitaldeasturias.com\/noticias\/wp-content\/uploads\/2020\/12\/EDA.jpg","@id":"https:\/\/www.eldigitaldeasturias.com\/noticias\/andrea-levy-rajoy-ha-devuelto-a-la-realidad-a-puigdemont\/#organizationLogo"},"image":{"@id":"https:\/\/www.eldigitaldeasturias.com\/noticias\/andrea-levy-rajoy-ha-devuelto-a-la-realidad-a-puigdemont\/#organizationLogo"},"sameAs":["https:\/\/facebook.com\/eldigitaldeasturias","https:\/\/www.youtube.com\/channel\/UCZP-2wLEB9Rv6erhFmqVnvg"],"address":{"@id":"https:\/\/www.eldigitaldeasturias.com\/noticias\/#postaladdress","@type":"PostalAddress","streetAddress":"san antonio 4","postalCode":"33430","addressLocality":"Cand\u00e1s","addressRegion":"Asturias","addressCountry":"ES"}},{"@type":"Person","@id":"https:\/\/www.eldigitaldeasturias.com\/noticias\/author\/admin\/#author","url":"https:\/\/www.eldigitaldeasturias.com\/noticias\/author\/admin\/","name":"El Digital de Asturias","image":{"@type":"ImageObject","@id":"https:\/\/www.eldigitaldeasturias.com\/noticias\/andrea-levy-rajoy-ha-devuelto-a-la-realidad-a-puigdemont\/#authorImage","url":"https:\/\/secure.gravatar.com\/avatar\/df2aeffc32bcd13f8d26072ef8a91b623d677766deac7f97ca815868cd41bf5e?s=96&d=mm&r=g","width":96,"height":96,"caption":"El Digital de Asturias"}},{"@type":"WebPage","@id":"https:\/\/www.eldigitaldeasturias.com\/noticias\/andrea-levy-rajoy-ha-devuelto-a-la-realidad-a-puigdemont\/#webpage","url":"https:\/\/www.eldigitaldeasturias.com\/noticias\/andrea-levy-rajoy-ha-devuelto-a-la-realidad-a-puigdemont\/","name":"Andrea Levy: \u201cRajoy ha devuelto a la realidad a Puigdemont\u201d - El Digital de Asturias","description":"La vicesecretaria de Estudios y Programas del Partido Popular, Andrea Levy, ha asegurado hoy que \"le preocupa m\u00e1s la huida de empresas de Catalu\u00f1a que la de Puigdemont\", en referencia a la presencia del ex presidente de la Generalitat de Catalu\u00f1a en B\u00e9lgica. Levy ha afirmado que \"Puigdemont podr\u00e1 dar las vueltas que quiera, pero","inLanguage":"es-ES","isPartOf":{"@id":"https:\/\/www.eldigitaldeasturias.com\/noticias\/#website"},"breadcrumb":{"@id":"https:\/\/www.eldigitaldeasturias.com\/noticias\/andrea-levy-rajoy-ha-devuelto-a-la-realidad-a-puigdemont\/#breadcrumblist"},"author":{"@id":"https:\/\/www.eldigitaldeasturias.com\/noticias\/author\/admin\/#author"},"creator":{"@id":"https:\/\/www.eldigitaldeasturias.com\/noticias\/author\/admin\/#author"},"image":{"@type":"ImageObject","url":958402,"@id":"https:\/\/www.eldigitaldeasturias.com\/noticias\/andrea-levy-rajoy-ha-devuelto-a-la-realidad-a-puigdemont\/#mainImage"},"primaryImageOfPage":{"@id":"https:\/\/www.eldigitaldeasturias.com\/noticias\/andrea-levy-rajoy-ha-devuelto-a-la-realidad-a-puigdemont\/#mainImage"},"datePublished":"2017-11-01T21:01:58+01:00","dateModified":"2017-11-01T21:01:58+01:00"},{"@type":"WebSite","@id":"https:\/\/www.eldigitaldeasturias.com\/noticias\/#website","url":"https:\/\/www.eldigitaldeasturias.com\/noticias\/","name":"El Digital de Asturias - Diario de actualidad y noticias","alternateName":"El Digital de Asturias - Diario de actualidad y noticias","description":"Hemeroteca","inLanguage":"es-ES","publisher":{"@id":"https:\/\/www.eldigitaldeasturias.com\/noticias\/#organization"}}]},"og:locale":"es_ES","og:site_name":"El Digital de Asturias","og:type":"article","og:title":"Andrea Levy: \u201cRajoy ha devuelto a la realidad a Puigdemont\u201d - El Digital de Asturias","og:description":"La vicesecretaria de Estudios y Programas del Partido Popular, Andrea Levy, ha asegurado hoy que &quot;le preocupa m\u00e1s la huida de empresas de Catalu\u00f1a que la de Puigdemont&quot;, en referencia a la presencia del ex presidente de la Generalitat de Catalu\u00f1a en B\u00e9lgica. Levy ha afirmado que &quot;Puigdemont podr\u00e1 dar las vueltas que quiera, pero","og:url":"https:\/\/www.eldigitaldeasturias.com\/noticias\/andrea-levy-rajoy-ha-devuelto-a-la-realidad-a-puigdemont\/","article:tag":["actualidad"],"article:published_time":"2017-11-01T21:01:58+00:00","article:modified_time":"2017-11-01T21:01:58+00:00","article:publisher":"https:\/\/facebook.com\/eldigitaldeasturias","twitter:card":"summary_large_image","twitter:title":"Andrea Levy: \u201cRajoy ha devuelto a la realidad a Puigdemont\u201d - El Digital de Asturias","twitter:description":"La vicesecretaria de Estudios y Programas del Partido Popular, Andrea Levy, ha asegurado hoy que &quot;le preocupa m\u00e1s la huida de empresas de Catalu\u00f1a que la de Puigdemont&quot;, en referencia a la presencia del ex presidente de la Generalitat de Catalu\u00f1a en B\u00e9lgica. Levy ha afirmado que &quot;Puigdemont podr\u00e1 dar las vueltas que quiera, pero","twitter:image":"https:\/\/www.eldigitaldeasturias.com\/noticias\/wp-content\/uploads\/2020\/12\/EDA-1.jpg","twitter:label1":"Escrito por","twitter:data1":"El Digital de Asturias","twitter:label2":"Tiempo de lectura estimado","twitter:data2":"4 minutos"},"aioseo_meta_data":{"post_id":"958401","title":null,"description":null,"keywords":null,"keyphrases":null,"primary_term":null,"canonical_url":null,"og_title":null,"og_description":null,"og_object_type":"default","og_image_type":"default","og_image_url":null,"og_image_width":null,"og_image_height":null,"og_image_custom_url":null,"og_image_custom_fields":null,"og_video":null,"og_custom_url":null,"og_article_section":null,"og_article_tags":null,"twitter_use_og":false,"twitter_card":"default","twitter_image_type":"default","twitter_image_url":null,"twitter_image_custom_url":null,"twitter_image_custom_fields":null,"twitter_title":null,"twitter_description":null,"schema":{"blockGraphs":[],"customGraphs":[],"default":{"data":{"Article":[],"Course":[],"Dataset":[],"FAQPage":[],"Movie":[],"Person":[],"Product":[],"ProductReview":[],"Car":[],"Recipe":[],"Service":[],"SoftwareApplication":[],"WebPage":[]},"graphName":"","isEnabled":true},"graphs":[],"defaultGraph":"","defaultPostTypeGraph":""},"schema_type":null,"schema_type_options":null,"pillar_content":false,"robots_default":true,"robots_noindex":false,"robots_noarchive":false,"robots_nosnippet":false,"robots_nofollow":false,"robots_noimageindex":false,"robots_noodp":false,"robots_notranslate":false,"robots_max_snippet":null,"robots_max_videopreview":null,"robots_max_imagepreview":"large","priority":null,"frequency":null,"local_seo":null,"seo_analyzer_scan_date":"2025-12-06 21:04:21","breadcrumb_settings":null,"limit_modified_date":false,"open_ai":null,"ai":null,"created":"2020-12-21 12:54:09","updated":"2025-12-06 21:04:21","focus_keyword":null,"additional_keywords":null,"truseo_locale":null},"aioseo_breadcrumb":"<div class=\"aioseo-breadcrumbs\"><span class=\"aioseo-breadcrumb\">\n\t<a href=\"https:\/\/www.eldigitaldeasturias.com\/noticias\" title=\"Home\">Home<\/a>\n<\/span><span class=\"aioseo-breadcrumb-separator\">\u2013<\/span><span class=\"aioseo-breadcrumb\">\n\t<a href=\"https:\/\/www.eldigitaldeasturias.com\/noticias\/category\/actualidad\/\" title=\"Actualidad\">Actualidad<\/a>\n<\/span><span class=\"aioseo-breadcrumb-separator\">\u2013<\/span><span class=\"aioseo-breadcrumb\">\n\t<a href=\"https:\/\/www.eldigitaldeasturias.com\/noticias\/andrea-levy-rajoy-ha-devuelto-a-la-realidad-a-puigdemont\/\" title=\"Andrea Levy: \u201cRajoy ha devuelto a la realidad a Puigdemont\u201d\">Andrea Levy: \u201cRajoy ha devuelto a la realidad a Puigdemont\u201d<\/a>\n<\/span><\/div>","aioseo_breadcrumb_json":[{"label":"Home","link":"https:\/\/www.eldigitaldeasturias.com\/noticias"},{"label":"Actualidad","link":"https:\/\/www.eldigitaldeasturias.com\/noticias\/category\/actualidad\/"},{"label":"Andrea Levy: \u201cRajoy ha devuelto a la realidad a Puigdemont\u201d","link":"https:\/\/www.eldigitaldeasturias.com\/noticias\/andrea-levy-rajoy-ha-devuelto-a-la-realidad-a-puigdemont\/"}],"_links":{"self":[{"href":"https:\/\/www.eldigitaldeasturias.com\/noticias\/wp-json\/wp\/v2\/posts\/958401","targetHints":{"allow":["GET"]}}],"collection":[{"href":"https:\/\/www.eldigitaldeasturias.com\/noticias\/wp-json\/wp\/v2\/posts"}],"about":[{"href":"https:\/\/www.eldigitaldeasturias.com\/noticias\/wp-json\/wp\/v2\/types\/post"}],"author":[{"embeddable":true,"href":"https:\/\/www.eldigitaldeasturias.com\/noticias\/wp-json\/wp\/v2\/users\/1"}],"replies":[{"embeddable":true,"href":"https:\/\/www.eldigitaldeasturias.com\/noticias\/wp-json\/wp\/v2\/comments?post=958401"}],"version-history":[{"count":0,"href":"https:\/\/www.eldigitaldeasturias.com\/noticias\/wp-json\/wp\/v2\/posts\/958401\/revisions"}],"wp:attachment":[{"href":"https:\/\/www.eldigitaldeasturias.com\/noticias\/wp-json\/wp\/v2\/media?parent=958401"}],"wp:term":[{"taxonomy":"category","embeddable":true,"href":"https:\/\/www.eldigitaldeasturias.com\/noticias\/wp-json\/wp\/v2\/categories?post=958401"},{"taxonomy":"post_tag","embeddable":true,"href":"https:\/\/www.eldigitaldeasturias.com\/noticias\/wp-json\/wp\/v2\/tags?post=958401"}],"curies":[{"name":"wp","href":"https:\/\/api.w.org\/{rel}","templated":true}]}}