{"id":958159,"date":"2017-10-30T22:38:26","date_gmt":"2017-10-30T22:38:26","guid":{"rendered":"http:\/\/www.eldigitaldeasturias.com\/noticias\/?p=958159"},"modified":"2017-10-30T22:38:26","modified_gmt":"2017-10-30T22:38:26","slug":"maillo-rajoy-ha-devuelto-la-voz-a-los-catalanes","status":"publish","type":"post","link":"https:\/\/www.eldigitaldeasturias.com\/noticias\/maillo-rajoy-ha-devuelto-la-voz-a-los-catalanes\/","title":{"rendered":"Maillo: \u00abRajoy ha devuelto la voz a los catalanes\u00bb"},"content":{"rendered":"<p><img loading=\"lazy\" decoding=\"async\" class=\"alignleft size-medium wp-image-921564\" src=\"https:\/\/www.eldigitaldeasturias.com\/noticias\/wp-content\/uploads\/2017\/01\/maillo-360x163.jpg\" alt=\"\" width=\"360\" height=\"163\" \/>El coordinador general del Partido Popular, Fernando Mart\u00ednez-Maillo, ha asegurado hoy que el presidente del Gobierno y del PP, Mariano Rajoy, aplicando el art\u00edculo 155 de la Constituci\u00f3n espa\u00f1ola y convocando elecciones auton\u00f3micas en Catalu\u00f1a, \u00abha devuelto la voz a los catalanes, pero restableciendo primero el orden constitucional\u00bb tras el cese de los miembros del Govern de la Generalitat y la eliminaci\u00f3n de instituciones que ten\u00edan car\u00e1cter estatal.<\/p>\n<p>Igualmente, el dirigente popular ha hecho hincapi\u00e9 en que los indepedentistas se han quedado \u00abdesconcertados\u00bb con esta convocatoria electoral \u00abporque ahora van a tener urnas de verdad, donde se podr\u00e1n expresar todos los catalanes, en libertad y con todas las garant\u00edas. Lo pudo hacer Puigdemont, pero lo ha hecho Rajoy\u00bb.<\/p>\n<p>En este punto, Maillo ha alabado a Xavier Garc\u00eda Albiol, que \u2013a falta de ser ratificado por el Comit\u00e9 Electoral Nacional- ser\u00e1 el candidato del PP a la Presidencia de la Generalitat. \u00abEs un acierto. Es una persona comprometida con Catalu\u00f1a, con los valores constitucionales, que ha liderado el PP de Catalu\u00f1a con much\u00edsima lealtad al partido y a los ciudadanos de Catalu\u00f1a. Adem\u00e1s, ha llevado con mucho honor y gallard\u00eda los valores que representa el PP en Catalu\u00f1a: defensa de la libertad, de la democracia, de la legalidad, de la Constituci\u00f3n, y de una Catalu\u00f1a dentro de Espa\u00f1a y de Europa\u00bb.<\/p>\n<p>Por otro lado, el coordinador general ha hecho hincapi\u00e9 en la presencia del Partido Popular, Partido Socialista y Ciudadanos en la manifestaci\u00f3n de ayer en Barcelona, \u00abdonde se volvi\u00f3 a demostrar que la calle es de todos y que esa mayor\u00eda silenciosa de Catalu\u00f1a ha dejado de serlo y ha perdido el miedo a defender los valores constitucionales de manera colectiva\u00bb.<\/p>\n<p><strong>NO HA QUEDADO M\u00c1S REMEDIO<\/strong><\/p>\n<p>Fernando Mart\u00ednez-Maillo ha insistido en que \u00abno ha quedado m\u00e1s remedio que acudir al art\u00edculo 155 para reestablecer el orden constitucional y estatutario\u00bb y que Mariano Rajoy \u00abha hecho lo que ten\u00eda que hacer y en el momento en que ten\u00eda que hacerlo: cuando el Gobierno se carg\u00f3 de razones y sinti\u00e9ndose acompa\u00f1ado por el Partido Socialista y Ciudadanos\u00bb.<\/p>\n<p><strong>RECONOCIMIENTO IMPL\u00cdCITO DE LA LEGALIDAD<\/strong><\/p>\n<p>Fernando Mart\u00ednez-Maillo ha insistido en las mentiras y manipulaciones de los partidos de la Generalitat y de la CUP, prometiendo una \u00abarcadia feliz\u00bb, aun siendo conscientes de que ment\u00edan y que estaban causando un \u00abgrave perjuicio a Catalu\u00f1a\u00bb. De la misma forma, como ha explicado Maillo, los independentistas han tenido un reconocimiento impl\u00edcito de la legalidad.<\/p>\n<p><strong>NO ES AMBIG\u00dcEDAD, ES COMPLICIDAD<\/strong><\/p>\n<p>Asimismo, Fernando Mart\u00ednez-Maillo ha criticado duramente la posici\u00f3n de Podemos y de Ada Colau durante todos estos meses. \u00ab\u00bfPor qu\u00e9 lo llaman ambig\u00fcedad cuando es complicidad?\u00bb, se ha preguntado Maillo, quien ha lamentado que no se pueda contar con ellos para la defensa de los intereses de Espa\u00f1a.<\/p>\n<p>Sobre Pablo Iglesias, el coordinador general ha evidenciado que \u00abha utilizado el independentismo para atacar a Mariano Rajoy\u00bb, y de esta forma a las instituciones democr\u00e1ticas, y que \u00able pudo m\u00e1s su odio al Partido Popular y a Rajoy que la lealtad y respeto a la ley y al Estado\u00bb. \u00abSupongo que a mucha gente le ha decepcionado. Ha cometido un grav\u00edsimo error que le va a pasar factura de cara al futuro\u00bb, ha advertido.<\/p>\n<p>HEMOS GOBERNANDO Y NUESTRO OBJETIVO ES SEGUIR GOBERNANDO<br \/>\nTras conmemorar que se ha cumplido un a\u00f1o de la investidura de Mariano Rajoy, Fernando Mart\u00ednez-Maillo ha explicado que los objetivos de esta Legislatura siguen vigentes y que son la recuperaci\u00f3n econ\u00f3mica y el empleo \u2013manteniendo las reformas, especialmente las econ\u00f3micas- y dar estabilidad al pa\u00eds con acuerdos.<\/p>\n<p>Y entre los retos, el coordinador general del PP ha citado la aprobaci\u00f3n de los Presupuestos Generales del Estado para 2018, que \u00abno fueron presentados en tiempo porque la situaci\u00f3n pol\u00edtica del pa\u00eds aconsejaba no hacerlo. \u00abHay tener unos Presupuestos consensuados, fundamentalmente con los partidos con los que lo hicimos para 2017. Ser\u00eda un mensaje muy positivo de confianza y credibilidad, y nos colocar\u00eda en una situaci\u00f3n inmejorable para llegar al objetivo de 20 millones de personas ocupadas\u00bb, ha finalizado.<\/p>\n","protected":false},"excerpt":{"rendered":"<p>El coordinador general del Partido Popular, Fernando Mart\u00ednez-Maillo, ha asegurado hoy que el presidente del Gobierno y del PP, Mariano Rajoy, aplicando el art\u00edculo 155 de la Constituci\u00f3n espa\u00f1ola y convocando elecciones auton\u00f3micas en Catalu\u00f1a, \u00abha devuelto la voz a los catalanes, pero restableciendo primero el orden constitucional\u00bb tras el cese de los miembros del [&hellip;]<\/p>\n","protected":false},"author":1,"featured_media":921564,"comment_status":"closed","ping_status":"closed","sticky":false,"template":"","format":"standard","meta":{"footnotes":""},"categories":[1],"tags":[],"class_list":["post-958159","post","type-post","status-publish","format-standard","has-post-thumbnail","hentry","category-actualidad"],"aioseo_notices":[],"aioseo_head":"\n\t\t<!-- All in One SEO Pro 5.0.1 - aioseo.com -->\n\t<meta name=\"description\" content=\"El coordinador general del Partido Popular, Fernando Mart\u00ednez-Maillo, ha asegurado hoy que el presidente del Gobierno y del PP, Mariano Rajoy, aplicando el art\u00edculo 155 de la Constituci\u00f3n espa\u00f1ola y convocando elecciones auton\u00f3micas en Catalu\u00f1a, &quot;ha devuelto la voz a los catalanes, pero restableciendo primero el orden constitucional&quot; tras el cese de los miembros del\" \/>\n\t<meta name=\"robots\" content=\"max-image-preview:large\" \/>\n\t<meta name=\"author\" content=\"El Digital de Asturias\"\/>\n\t<meta name=\"google-site-verification\" content=\"UA-38556648-1\" \/>\n\t<meta name=\"msvalidate.01\" content=\"7dfe9f3f1b24437ab69f4f2559babe99\" \/>\n\t<meta name=\"keywords\" content=\"actualidad\" \/>\n\t<link rel=\"canonical\" href=\"https:\/\/www.eldigitaldeasturias.com\/noticias\/maillo-rajoy-ha-devuelto-la-voz-a-los-catalanes\/\" \/>\n\t<meta name=\"generator\" content=\"All in One SEO Pro (AIOSEO) 5.0.1\" \/>\n\t\t<meta property=\"og:locale\" content=\"es_ES\" \/>\n\t\t<meta property=\"og:site_name\" content=\"El Digital de Asturias\" \/>\n\t\t<meta property=\"og:type\" content=\"article\" \/>\n\t\t<meta property=\"og:title\" content=\"Maillo: \u00abRajoy ha devuelto la voz a los catalanes\u00bb - El Digital de Asturias\" \/>\n\t\t<meta property=\"og:description\" content=\"El coordinador general del Partido Popular, Fernando Mart\u00ednez-Maillo, ha asegurado hoy que el presidente del Gobierno y del PP, Mariano Rajoy, aplicando el art\u00edculo 155 de la Constituci\u00f3n espa\u00f1ola y convocando elecciones auton\u00f3micas en Catalu\u00f1a, &quot;ha devuelto la voz a los catalanes, pero restableciendo primero el orden constitucional&quot; tras el cese de los miembros del\" \/>\n\t\t<meta property=\"og:url\" content=\"https:\/\/www.eldigitaldeasturias.com\/noticias\/maillo-rajoy-ha-devuelto-la-voz-a-los-catalanes\/\" \/>\n\t\t<meta property=\"article:tag\" content=\"actualidad\" \/>\n\t\t<meta property=\"article:published_time\" content=\"2017-10-30T22:38:26+00:00\" \/>\n\t\t<meta property=\"article:modified_time\" content=\"2017-10-30T22:38:26+00:00\" \/>\n\t\t<meta property=\"article:publisher\" content=\"https:\/\/facebook.com\/eldigitaldeasturias\" \/>\n\t\t<meta name=\"twitter:card\" content=\"summary_large_image\" \/>\n\t\t<meta name=\"twitter:title\" content=\"Maillo: \u00abRajoy ha devuelto la voz a los catalanes\u00bb - El Digital de Asturias\" \/>\n\t\t<meta name=\"twitter:description\" content=\"El coordinador general del Partido Popular, Fernando Mart\u00ednez-Maillo, ha asegurado hoy que el presidente del Gobierno y del PP, Mariano Rajoy, aplicando el art\u00edculo 155 de la Constituci\u00f3n espa\u00f1ola y convocando elecciones auton\u00f3micas en Catalu\u00f1a, &quot;ha devuelto la voz a los catalanes, pero restableciendo primero el orden constitucional&quot; tras el cese de los miembros del\" \/>\n\t\t<meta name=\"twitter:image\" content=\"https:\/\/www.eldigitaldeasturias.com\/noticias\/wp-content\/uploads\/2020\/12\/EDA-1.jpg\" \/>\n\t\t<meta name=\"twitter:label1\" content=\"Escrito por\" \/>\n\t\t<meta name=\"twitter:data1\" content=\"El Digital de Asturias\" \/>\n\t\t<meta name=\"twitter:label2\" content=\"Tiempo de lectura estimado\" \/>\n\t\t<meta name=\"twitter:data2\" content=\"4 minutos\" \/>\n\t\t<script type=\"application\/ld+json\" class=\"aioseo-schema\">\n\t\t\t{\"@context\":\"https:\\\/\\\/schema.org\",\"@graph\":[{\"@type\":\"BlogPosting\",\"@id\":\"https:\\\/\\\/www.eldigitaldeasturias.com\\\/noticias\\\/maillo-rajoy-ha-devuelto-la-voz-a-los-catalanes\\\/#blogposting\",\"name\":\"Maillo: \\u00abRajoy ha devuelto la voz a los catalanes\\u00bb - El Digital de Asturias\",\"headline\":\"Maillo: \\u00abRajoy ha devuelto la voz a los catalanes\\u00bb\",\"author\":{\"@id\":\"https:\\\/\\\/www.eldigitaldeasturias.com\\\/noticias\\\/author\\\/admin\\\/#author\"},\"publisher\":{\"@id\":\"https:\\\/\\\/www.eldigitaldeasturias.com\\\/noticias\\\/#organization\"},\"image\":{\"@type\":\"ImageObject\",\"url\":921564},\"datePublished\":\"2017-10-30T22:38:26+01:00\",\"dateModified\":\"2017-10-30T22:38:26+01:00\",\"inLanguage\":\"es-ES\",\"mainEntityOfPage\":{\"@id\":\"https:\\\/\\\/www.eldigitaldeasturias.com\\\/noticias\\\/maillo-rajoy-ha-devuelto-la-voz-a-los-catalanes\\\/#webpage\"},\"isPartOf\":{\"@id\":\"https:\\\/\\\/www.eldigitaldeasturias.com\\\/noticias\\\/maillo-rajoy-ha-devuelto-la-voz-a-los-catalanes\\\/#webpage\"},\"articleSection\":\"Actualidad\"},{\"@type\":\"BreadcrumbList\",\"@id\":\"https:\\\/\\\/www.eldigitaldeasturias.com\\\/noticias\\\/maillo-rajoy-ha-devuelto-la-voz-a-los-catalanes\\\/#breadcrumblist\",\"itemListElement\":[{\"@type\":\"ListItem\",\"@id\":\"https:\\\/\\\/www.eldigitaldeasturias.com\\\/noticias#listItem\",\"position\":1,\"name\":\"Home\",\"item\":\"https:\\\/\\\/www.eldigitaldeasturias.com\\\/noticias\",\"nextItem\":{\"@type\":\"ListItem\",\"@id\":\"https:\\\/\\\/www.eldigitaldeasturias.com\\\/noticias\\\/category\\\/actualidad\\\/#listItem\",\"name\":\"Actualidad\"}},{\"@type\":\"ListItem\",\"@id\":\"https:\\\/\\\/www.eldigitaldeasturias.com\\\/noticias\\\/category\\\/actualidad\\\/#listItem\",\"position\":2,\"name\":\"Actualidad\",\"item\":\"https:\\\/\\\/www.eldigitaldeasturias.com\\\/noticias\\\/category\\\/actualidad\\\/\",\"nextItem\":{\"@type\":\"ListItem\",\"@id\":\"https:\\\/\\\/www.eldigitaldeasturias.com\\\/noticias\\\/maillo-rajoy-ha-devuelto-la-voz-a-los-catalanes\\\/#listItem\",\"name\":\"Maillo: \\u00abRajoy ha devuelto la voz a los catalanes\\u00bb\"},\"previousItem\":{\"@type\":\"ListItem\",\"@id\":\"https:\\\/\\\/www.eldigitaldeasturias.com\\\/noticias#listItem\",\"name\":\"Home\"}},{\"@type\":\"ListItem\",\"@id\":\"https:\\\/\\\/www.eldigitaldeasturias.com\\\/noticias\\\/maillo-rajoy-ha-devuelto-la-voz-a-los-catalanes\\\/#listItem\",\"position\":3,\"name\":\"Maillo: \\u00abRajoy ha devuelto la voz a los catalanes\\u00bb\",\"previousItem\":{\"@type\":\"ListItem\",\"@id\":\"https:\\\/\\\/www.eldigitaldeasturias.com\\\/noticias\\\/category\\\/actualidad\\\/#listItem\",\"name\":\"Actualidad\"}}]},{\"@type\":\"Organization\",\"@id\":\"https:\\\/\\\/www.eldigitaldeasturias.com\\\/noticias\\\/#organization\",\"name\":\"El Digital de Asturias\",\"description\":\"Hemeroteca\",\"url\":\"https:\\\/\\\/www.eldigitaldeasturias.com\\\/noticias\\\/\",\"email\":\"info@eldigitaldeasturias.com\",\"telephone\":\"+34652131393\",\"logo\":{\"@type\":\"ImageObject\",\"url\":\"https:\\\/\\\/www.eldigitaldeasturias.com\\\/noticias\\\/wp-content\\\/uploads\\\/2020\\\/12\\\/EDA.jpg\",\"@id\":\"https:\\\/\\\/www.eldigitaldeasturias.com\\\/noticias\\\/maillo-rajoy-ha-devuelto-la-voz-a-los-catalanes\\\/#organizationLogo\"},\"image\":{\"@id\":\"https:\\\/\\\/www.eldigitaldeasturias.com\\\/noticias\\\/maillo-rajoy-ha-devuelto-la-voz-a-los-catalanes\\\/#organizationLogo\"},\"sameAs\":[\"https:\\\/\\\/facebook.com\\\/eldigitaldeasturias\",\"https:\\\/\\\/www.youtube.com\\\/channel\\\/UCZP-2wLEB9Rv6erhFmqVnvg\"],\"address\":{\"@id\":\"https:\\\/\\\/www.eldigitaldeasturias.com\\\/noticias\\\/#postaladdress\",\"@type\":\"PostalAddress\",\"streetAddress\":\"san antonio 4\",\"postalCode\":\"33430\",\"addressLocality\":\"Cand\\u00e1s\",\"addressRegion\":\"Asturias\",\"addressCountry\":\"ES\"}},{\"@type\":\"Person\",\"@id\":\"https:\\\/\\\/www.eldigitaldeasturias.com\\\/noticias\\\/author\\\/admin\\\/#author\",\"url\":\"https:\\\/\\\/www.eldigitaldeasturias.com\\\/noticias\\\/author\\\/admin\\\/\",\"name\":\"El Digital de Asturias\",\"image\":{\"@type\":\"ImageObject\",\"@id\":\"https:\\\/\\\/www.eldigitaldeasturias.com\\\/noticias\\\/maillo-rajoy-ha-devuelto-la-voz-a-los-catalanes\\\/#authorImage\",\"url\":\"https:\\\/\\\/secure.gravatar.com\\\/avatar\\\/df2aeffc32bcd13f8d26072ef8a91b623d677766deac7f97ca815868cd41bf5e?s=96&d=mm&r=g\",\"width\":96,\"height\":96,\"caption\":\"El Digital de Asturias\"}},{\"@type\":\"WebPage\",\"@id\":\"https:\\\/\\\/www.eldigitaldeasturias.com\\\/noticias\\\/maillo-rajoy-ha-devuelto-la-voz-a-los-catalanes\\\/#webpage\",\"url\":\"https:\\\/\\\/www.eldigitaldeasturias.com\\\/noticias\\\/maillo-rajoy-ha-devuelto-la-voz-a-los-catalanes\\\/\",\"name\":\"Maillo: \\u00abRajoy ha devuelto la voz a los catalanes\\u00bb - El Digital de Asturias\",\"description\":\"El coordinador general del Partido Popular, Fernando Mart\\u00ednez-Maillo, ha asegurado hoy que el presidente del Gobierno y del PP, Mariano Rajoy, aplicando el art\\u00edculo 155 de la Constituci\\u00f3n espa\\u00f1ola y convocando elecciones auton\\u00f3micas en Catalu\\u00f1a, \\\"ha devuelto la voz a los catalanes, pero restableciendo primero el orden constitucional\\\" tras el cese de los miembros del\",\"inLanguage\":\"es-ES\",\"isPartOf\":{\"@id\":\"https:\\\/\\\/www.eldigitaldeasturias.com\\\/noticias\\\/#website\"},\"breadcrumb\":{\"@id\":\"https:\\\/\\\/www.eldigitaldeasturias.com\\\/noticias\\\/maillo-rajoy-ha-devuelto-la-voz-a-los-catalanes\\\/#breadcrumblist\"},\"author\":{\"@id\":\"https:\\\/\\\/www.eldigitaldeasturias.com\\\/noticias\\\/author\\\/admin\\\/#author\"},\"creator\":{\"@id\":\"https:\\\/\\\/www.eldigitaldeasturias.com\\\/noticias\\\/author\\\/admin\\\/#author\"},\"image\":{\"@type\":\"ImageObject\",\"url\":921564,\"@id\":\"https:\\\/\\\/www.eldigitaldeasturias.com\\\/noticias\\\/maillo-rajoy-ha-devuelto-la-voz-a-los-catalanes\\\/#mainImage\"},\"primaryImageOfPage\":{\"@id\":\"https:\\\/\\\/www.eldigitaldeasturias.com\\\/noticias\\\/maillo-rajoy-ha-devuelto-la-voz-a-los-catalanes\\\/#mainImage\"},\"datePublished\":\"2017-10-30T22:38:26+01:00\",\"dateModified\":\"2017-10-30T22:38:26+01:00\"},{\"@type\":\"WebSite\",\"@id\":\"https:\\\/\\\/www.eldigitaldeasturias.com\\\/noticias\\\/#website\",\"url\":\"https:\\\/\\\/www.eldigitaldeasturias.com\\\/noticias\\\/\",\"name\":\"El Digital de Asturias - Diario de actualidad y noticias\",\"alternateName\":\"El Digital de Asturias - Diario de actualidad y noticias\",\"description\":\"Hemeroteca\",\"inLanguage\":\"es-ES\",\"publisher\":{\"@id\":\"https:\\\/\\\/www.eldigitaldeasturias.com\\\/noticias\\\/#organization\"}}]}\n\t\t<\/script>\n\t\t<!-- All in One SEO Pro -->\r\n\t\t<title>Maillo: \u00abRajoy ha devuelto la voz a los catalanes\u00bb - El Digital de Asturias<\/title>\n\n","aioseo_head_json":{"title":"Maillo: \u00abRajoy ha devuelto la voz a los catalanes\u00bb - El Digital de Asturias","description":"El coordinador general del Partido Popular, Fernando Mart\u00ednez-Maillo, ha asegurado hoy que el presidente del Gobierno y del PP, Mariano Rajoy, aplicando el art\u00edculo 155 de la Constituci\u00f3n espa\u00f1ola y convocando elecciones auton\u00f3micas en Catalu\u00f1a, \"ha devuelto la voz a los catalanes, pero restableciendo primero el orden constitucional\" tras el cese de los miembros del","canonical_url":"https:\/\/www.eldigitaldeasturias.com\/noticias\/maillo-rajoy-ha-devuelto-la-voz-a-los-catalanes\/","robots":"max-image-preview:large","keywords":"actualidad","webmasterTools":{"google-site-verification":"UA-38556648-1","msvalidate.01":"7dfe9f3f1b24437ab69f4f2559babe99","miscellaneous":""},"schema":{"@context":"https:\/\/schema.org","@graph":[{"@type":"BlogPosting","@id":"https:\/\/www.eldigitaldeasturias.com\/noticias\/maillo-rajoy-ha-devuelto-la-voz-a-los-catalanes\/#blogposting","name":"Maillo: \u00abRajoy ha devuelto la voz a los catalanes\u00bb - El Digital de Asturias","headline":"Maillo: \u00abRajoy ha devuelto la voz a los catalanes\u00bb","author":{"@id":"https:\/\/www.eldigitaldeasturias.com\/noticias\/author\/admin\/#author"},"publisher":{"@id":"https:\/\/www.eldigitaldeasturias.com\/noticias\/#organization"},"image":{"@type":"ImageObject","url":921564},"datePublished":"2017-10-30T22:38:26+01:00","dateModified":"2017-10-30T22:38:26+01:00","inLanguage":"es-ES","mainEntityOfPage":{"@id":"https:\/\/www.eldigitaldeasturias.com\/noticias\/maillo-rajoy-ha-devuelto-la-voz-a-los-catalanes\/#webpage"},"isPartOf":{"@id":"https:\/\/www.eldigitaldeasturias.com\/noticias\/maillo-rajoy-ha-devuelto-la-voz-a-los-catalanes\/#webpage"},"articleSection":"Actualidad"},{"@type":"BreadcrumbList","@id":"https:\/\/www.eldigitaldeasturias.com\/noticias\/maillo-rajoy-ha-devuelto-la-voz-a-los-catalanes\/#breadcrumblist","itemListElement":[{"@type":"ListItem","@id":"https:\/\/www.eldigitaldeasturias.com\/noticias#listItem","position":1,"name":"Home","item":"https:\/\/www.eldigitaldeasturias.com\/noticias","nextItem":{"@type":"ListItem","@id":"https:\/\/www.eldigitaldeasturias.com\/noticias\/category\/actualidad\/#listItem","name":"Actualidad"}},{"@type":"ListItem","@id":"https:\/\/www.eldigitaldeasturias.com\/noticias\/category\/actualidad\/#listItem","position":2,"name":"Actualidad","item":"https:\/\/www.eldigitaldeasturias.com\/noticias\/category\/actualidad\/","nextItem":{"@type":"ListItem","@id":"https:\/\/www.eldigitaldeasturias.com\/noticias\/maillo-rajoy-ha-devuelto-la-voz-a-los-catalanes\/#listItem","name":"Maillo: \u00abRajoy ha devuelto la voz a los catalanes\u00bb"},"previousItem":{"@type":"ListItem","@id":"https:\/\/www.eldigitaldeasturias.com\/noticias#listItem","name":"Home"}},{"@type":"ListItem","@id":"https:\/\/www.eldigitaldeasturias.com\/noticias\/maillo-rajoy-ha-devuelto-la-voz-a-los-catalanes\/#listItem","position":3,"name":"Maillo: \u00abRajoy ha devuelto la voz a los catalanes\u00bb","previousItem":{"@type":"ListItem","@id":"https:\/\/www.eldigitaldeasturias.com\/noticias\/category\/actualidad\/#listItem","name":"Actualidad"}}]},{"@type":"Organization","@id":"https:\/\/www.eldigitaldeasturias.com\/noticias\/#organization","name":"El Digital de Asturias","description":"Hemeroteca","url":"https:\/\/www.eldigitaldeasturias.com\/noticias\/","email":"info@eldigitaldeasturias.com","telephone":"+34652131393","logo":{"@type":"ImageObject","url":"https:\/\/www.eldigitaldeasturias.com\/noticias\/wp-content\/uploads\/2020\/12\/EDA.jpg","@id":"https:\/\/www.eldigitaldeasturias.com\/noticias\/maillo-rajoy-ha-devuelto-la-voz-a-los-catalanes\/#organizationLogo"},"image":{"@id":"https:\/\/www.eldigitaldeasturias.com\/noticias\/maillo-rajoy-ha-devuelto-la-voz-a-los-catalanes\/#organizationLogo"},"sameAs":["https:\/\/facebook.com\/eldigitaldeasturias","https:\/\/www.youtube.com\/channel\/UCZP-2wLEB9Rv6erhFmqVnvg"],"address":{"@id":"https:\/\/www.eldigitaldeasturias.com\/noticias\/#postaladdress","@type":"PostalAddress","streetAddress":"san antonio 4","postalCode":"33430","addressLocality":"Cand\u00e1s","addressRegion":"Asturias","addressCountry":"ES"}},{"@type":"Person","@id":"https:\/\/www.eldigitaldeasturias.com\/noticias\/author\/admin\/#author","url":"https:\/\/www.eldigitaldeasturias.com\/noticias\/author\/admin\/","name":"El Digital de Asturias","image":{"@type":"ImageObject","@id":"https:\/\/www.eldigitaldeasturias.com\/noticias\/maillo-rajoy-ha-devuelto-la-voz-a-los-catalanes\/#authorImage","url":"https:\/\/secure.gravatar.com\/avatar\/df2aeffc32bcd13f8d26072ef8a91b623d677766deac7f97ca815868cd41bf5e?s=96&d=mm&r=g","width":96,"height":96,"caption":"El Digital de Asturias"}},{"@type":"WebPage","@id":"https:\/\/www.eldigitaldeasturias.com\/noticias\/maillo-rajoy-ha-devuelto-la-voz-a-los-catalanes\/#webpage","url":"https:\/\/www.eldigitaldeasturias.com\/noticias\/maillo-rajoy-ha-devuelto-la-voz-a-los-catalanes\/","name":"Maillo: \u00abRajoy ha devuelto la voz a los catalanes\u00bb - El Digital de Asturias","description":"El coordinador general del Partido Popular, Fernando Mart\u00ednez-Maillo, ha asegurado hoy que el presidente del Gobierno y del PP, Mariano Rajoy, aplicando el art\u00edculo 155 de la Constituci\u00f3n espa\u00f1ola y convocando elecciones auton\u00f3micas en Catalu\u00f1a, \"ha devuelto la voz a los catalanes, pero restableciendo primero el orden constitucional\" tras el cese de los miembros del","inLanguage":"es-ES","isPartOf":{"@id":"https:\/\/www.eldigitaldeasturias.com\/noticias\/#website"},"breadcrumb":{"@id":"https:\/\/www.eldigitaldeasturias.com\/noticias\/maillo-rajoy-ha-devuelto-la-voz-a-los-catalanes\/#breadcrumblist"},"author":{"@id":"https:\/\/www.eldigitaldeasturias.com\/noticias\/author\/admin\/#author"},"creator":{"@id":"https:\/\/www.eldigitaldeasturias.com\/noticias\/author\/admin\/#author"},"image":{"@type":"ImageObject","url":921564,"@id":"https:\/\/www.eldigitaldeasturias.com\/noticias\/maillo-rajoy-ha-devuelto-la-voz-a-los-catalanes\/#mainImage"},"primaryImageOfPage":{"@id":"https:\/\/www.eldigitaldeasturias.com\/noticias\/maillo-rajoy-ha-devuelto-la-voz-a-los-catalanes\/#mainImage"},"datePublished":"2017-10-30T22:38:26+01:00","dateModified":"2017-10-30T22:38:26+01:00"},{"@type":"WebSite","@id":"https:\/\/www.eldigitaldeasturias.com\/noticias\/#website","url":"https:\/\/www.eldigitaldeasturias.com\/noticias\/","name":"El Digital de Asturias - Diario de actualidad y noticias","alternateName":"El Digital de Asturias - Diario de actualidad y noticias","description":"Hemeroteca","inLanguage":"es-ES","publisher":{"@id":"https:\/\/www.eldigitaldeasturias.com\/noticias\/#organization"}}]},"og:locale":"es_ES","og:site_name":"El Digital de Asturias","og:type":"article","og:title":"Maillo: \u00abRajoy ha devuelto la voz a los catalanes\u00bb - El Digital de Asturias","og:description":"El coordinador general del Partido Popular, Fernando Mart\u00ednez-Maillo, ha asegurado hoy que el presidente del Gobierno y del PP, Mariano Rajoy, aplicando el art\u00edculo 155 de la Constituci\u00f3n espa\u00f1ola y convocando elecciones auton\u00f3micas en Catalu\u00f1a, &quot;ha devuelto la voz a los catalanes, pero restableciendo primero el orden constitucional&quot; tras el cese de los miembros del","og:url":"https:\/\/www.eldigitaldeasturias.com\/noticias\/maillo-rajoy-ha-devuelto-la-voz-a-los-catalanes\/","article:tag":["actualidad"],"article:published_time":"2017-10-30T22:38:26+00:00","article:modified_time":"2017-10-30T22:38:26+00:00","article:publisher":"https:\/\/facebook.com\/eldigitaldeasturias","twitter:card":"summary_large_image","twitter:title":"Maillo: \u00abRajoy ha devuelto la voz a los catalanes\u00bb - El Digital de Asturias","twitter:description":"El coordinador general del Partido Popular, Fernando Mart\u00ednez-Maillo, ha asegurado hoy que el presidente del Gobierno y del PP, Mariano Rajoy, aplicando el art\u00edculo 155 de la Constituci\u00f3n espa\u00f1ola y convocando elecciones auton\u00f3micas en Catalu\u00f1a, &quot;ha devuelto la voz a los catalanes, pero restableciendo primero el orden constitucional&quot; tras el cese de los miembros del","twitter:image":"https:\/\/www.eldigitaldeasturias.com\/noticias\/wp-content\/uploads\/2020\/12\/EDA-1.jpg","twitter:label1":"Escrito por","twitter:data1":"El Digital de Asturias","twitter:label2":"Tiempo de lectura estimado","twitter:data2":"4 minutos"},"aioseo_meta_data":{"post_id":"958159","title":null,"description":null,"keywords":null,"keyphrases":null,"primary_term":null,"canonical_url":null,"og_title":null,"og_description":null,"og_object_type":"default","og_image_type":"default","og_image_url":null,"og_image_width":null,"og_image_height":null,"og_image_custom_url":null,"og_image_custom_fields":null,"og_video":null,"og_custom_url":null,"og_article_section":null,"og_article_tags":null,"twitter_use_og":false,"twitter_card":"default","twitter_image_type":"default","twitter_image_url":null,"twitter_image_custom_url":null,"twitter_image_custom_fields":null,"twitter_title":null,"twitter_description":null,"schema":{"blockGraphs":[],"customGraphs":[],"default":{"data":{"Article":[],"Course":[],"Dataset":[],"FAQPage":[],"Movie":[],"Person":[],"Product":[],"ProductReview":[],"Car":[],"Recipe":[],"Service":[],"SoftwareApplication":[],"WebPage":[]},"graphName":"","isEnabled":true},"graphs":[],"defaultGraph":"","defaultPostTypeGraph":""},"schema_type":null,"schema_type_options":null,"pillar_content":false,"robots_default":true,"robots_noindex":false,"robots_noarchive":false,"robots_nosnippet":false,"robots_nofollow":false,"robots_noimageindex":false,"robots_noodp":false,"robots_notranslate":false,"robots_max_snippet":null,"robots_max_videopreview":null,"robots_max_imagepreview":"large","priority":null,"frequency":null,"local_seo":null,"seo_analyzer_scan_date":"2025-12-06 20:11:16","breadcrumb_settings":null,"limit_modified_date":false,"open_ai":null,"ai":null,"created":"2020-12-21 12:54:18","updated":"2025-12-06 20:11:16","focus_keyword":null,"additional_keywords":null,"truseo_locale":null},"aioseo_breadcrumb":"<div class=\"aioseo-breadcrumbs\"><span class=\"aioseo-breadcrumb\">\n\t<a href=\"https:\/\/www.eldigitaldeasturias.com\/noticias\" title=\"Home\">Home<\/a>\n<\/span><span class=\"aioseo-breadcrumb-separator\">\u2013<\/span><span class=\"aioseo-breadcrumb\">\n\t<a href=\"https:\/\/www.eldigitaldeasturias.com\/noticias\/category\/actualidad\/\" title=\"Actualidad\">Actualidad<\/a>\n<\/span><span class=\"aioseo-breadcrumb-separator\">\u2013<\/span><span class=\"aioseo-breadcrumb\">\n\t<a href=\"https:\/\/www.eldigitaldeasturias.com\/noticias\/maillo-rajoy-ha-devuelto-la-voz-a-los-catalanes\/\" title=\"Maillo: \u00abRajoy ha devuelto la voz a los catalanes\u00bb\">Maillo: \u00abRajoy ha devuelto la voz a los catalanes\u00bb<\/a>\n<\/span><\/div>","aioseo_breadcrumb_json":[{"label":"Home","link":"https:\/\/www.eldigitaldeasturias.com\/noticias"},{"label":"Actualidad","link":"https:\/\/www.eldigitaldeasturias.com\/noticias\/category\/actualidad\/"},{"label":"Maillo: \u00abRajoy ha devuelto la voz a los catalanes\u00bb","link":"https:\/\/www.eldigitaldeasturias.com\/noticias\/maillo-rajoy-ha-devuelto-la-voz-a-los-catalanes\/"}],"_links":{"self":[{"href":"https:\/\/www.eldigitaldeasturias.com\/noticias\/wp-json\/wp\/v2\/posts\/958159","targetHints":{"allow":["GET"]}}],"collection":[{"href":"https:\/\/www.eldigitaldeasturias.com\/noticias\/wp-json\/wp\/v2\/posts"}],"about":[{"href":"https:\/\/www.eldigitaldeasturias.com\/noticias\/wp-json\/wp\/v2\/types\/post"}],"author":[{"embeddable":true,"href":"https:\/\/www.eldigitaldeasturias.com\/noticias\/wp-json\/wp\/v2\/users\/1"}],"replies":[{"embeddable":true,"href":"https:\/\/www.eldigitaldeasturias.com\/noticias\/wp-json\/wp\/v2\/comments?post=958159"}],"version-history":[{"count":0,"href":"https:\/\/www.eldigitaldeasturias.com\/noticias\/wp-json\/wp\/v2\/posts\/958159\/revisions"}],"wp:attachment":[{"href":"https:\/\/www.eldigitaldeasturias.com\/noticias\/wp-json\/wp\/v2\/media?parent=958159"}],"wp:term":[{"taxonomy":"category","embeddable":true,"href":"https:\/\/www.eldigitaldeasturias.com\/noticias\/wp-json\/wp\/v2\/categories?post=958159"},{"taxonomy":"post_tag","embeddable":true,"href":"https:\/\/www.eldigitaldeasturias.com\/noticias\/wp-json\/wp\/v2\/tags?post=958159"}],"curies":[{"name":"wp","href":"https:\/\/api.w.org\/{rel}","templated":true}]}}