{"id":958154,"date":"2017-10-30T22:32:30","date_gmt":"2017-10-30T22:32:30","guid":{"rendered":"http:\/\/www.eldigitaldeasturias.com\/noticias\/?p=958154"},"modified":"2017-10-30T22:32:30","modified_gmt":"2017-10-30T22:32:30","slug":"albiol-el-gobierno-de-rajoy-ha-tenido-firmeza-en-sus-decisiones","status":"publish","type":"post","link":"https:\/\/www.eldigitaldeasturias.com\/noticias\/albiol-el-gobierno-de-rajoy-ha-tenido-firmeza-en-sus-decisiones\/","title":{"rendered":"Albiol: \u201cEl gobierno de Rajoy ha tenido firmeza en sus decisiones\u00bb"},"content":{"rendered":"<p><img loading=\"lazy\" decoding=\"async\" class=\"alignleft size-medium wp-image-958155\" src=\"https:\/\/www.eldigitaldeasturias.com\/noticias\/wp-content\/uploads\/2017\/10\/djbshk6xcaamawt-1-360x163.jpg\" alt=\"\" width=\"360\" height=\"163\" \/>El l\u00edder de los populares catalanes y candidato por el Partido Popular en las pr\u00f3ximas elecciones del 21 de diciembre en Catalu\u00f1a, ha explicado hoy durante una entrevista en el programa \u201cEspejo P\u00fablico\u201d de Antena 3, que el presidente del Gobierno ha demostrado dos cuestiones fundamentales para dar la palabra a los catalanes.<\/p>\n<p>Subraya que la primera de todas ellas ha consistido en la firmeza a la hora de destituir a Puigdemont y Junqueras, as\u00ed como todo su Govern. La segunda cuesti\u00f3n est\u00e1 relacionada con la visi\u00f3n de Estado que Rajoy ha tenido para que los catalanes y pudieran hablar a trav\u00e9s de las urnas, cambiando as\u00ed un gobierno auton\u00f3mico que tanto da\u00f1o ha hecho en los \u00faltimos tiempos en Catalu\u00f1a. A este respecto, el l\u00edder del PPC considera de gran acierto las dos situaciones de golpe de autoridad y el cambio de din\u00e1mica.<\/p>\n<p>As\u00ed, Xavier Garc\u00eda Albiol espera que el expresident de la Generalitat abandone su cargo con dignidad porque desde un punto de vista pol\u00edtico le est\u00e1 situando en la realidad y en el punto que se merece. Pide celeridad a la justicia para que con equilibrio y proporcionalidad se ponga a cada uno en su sitio y se d\u00e9 por finalizada esta \u201cetapa negra, una de las m\u00e1s negras en la historia de Catalu\u00f1a\u201d. De entre las medidas adoptadas por la administraci\u00f3n central en aplicaci\u00f3n del art\u00edculo 155, pone en relevancia la de cerrar todas las embajadas en el exterior, \u201cpara que si conseguimos que no haya de nuevo un gobierno independentista, se dediquen los recursos a otra cosa como sanidad o educaci\u00f3n\u201d.<\/p>\n<p>Destaca que ha sido el \u00fanico pol\u00edtico que ha defendido el art\u00edculo 155 mientras fuera necesario y mientras el resto de partidos rechazaban ese escenario.<\/p>\n<p>Finalmente y respecto a la consideraci\u00f3n de \u201cpol\u00edtica suave\u201d, hecha por el peri\u00f3dico de La Vanguardia, al aplicar el 155, Albiol opina que no puede compartir esa expresi\u00f3n porque \u201cno se corresponde para nada con la realidad\u201d. Asegura que medidas como destituir a Puigdemont y a todo su gobierno, no son suaves. \u201cNo hay medida con una carga de m\u00e1s fuerza que cerrar todas las embajadas\u201d, concluye.<\/p>\n<p>&nbsp;<\/p>\n","protected":false},"excerpt":{"rendered":"<p>El l\u00edder de los populares catalanes y candidato por el Partido Popular en las pr\u00f3ximas elecciones del 21 de diciembre en Catalu\u00f1a, ha explicado hoy durante una entrevista en el programa \u201cEspejo P\u00fablico\u201d de Antena 3, que el presidente del Gobierno ha demostrado dos cuestiones fundamentales para dar la palabra a los catalanes. Subraya que [&hellip;]<\/p>\n","protected":false},"author":1,"featured_media":958155,"comment_status":"closed","ping_status":"closed","sticky":false,"template":"","format":"standard","meta":{"footnotes":""},"categories":[1],"tags":[],"class_list":["post-958154","post","type-post","status-publish","format-standard","has-post-thumbnail","hentry","category-actualidad"],"aioseo_notices":[],"aioseo_head":"\n\t\t<!-- All in One SEO Pro 5.0.1 - aioseo.com -->\n\t<meta name=\"description\" content=\"El l\u00edder de los populares catalanes y candidato por el Partido Popular en las pr\u00f3ximas elecciones del 21 de diciembre en Catalu\u00f1a, ha explicado hoy durante una entrevista en el programa \u201cEspejo P\u00fablico\u201d de Antena 3, que el presidente del Gobierno ha demostrado dos cuestiones fundamentales para dar la palabra a los catalanes. Subraya que\" \/>\n\t<meta name=\"robots\" content=\"max-image-preview:large\" \/>\n\t<meta name=\"author\" content=\"El Digital de Asturias\"\/>\n\t<meta name=\"google-site-verification\" content=\"UA-38556648-1\" \/>\n\t<meta name=\"msvalidate.01\" content=\"7dfe9f3f1b24437ab69f4f2559babe99\" \/>\n\t<meta name=\"keywords\" content=\"actualidad\" \/>\n\t<link rel=\"canonical\" href=\"https:\/\/www.eldigitaldeasturias.com\/noticias\/albiol-el-gobierno-de-rajoy-ha-tenido-firmeza-en-sus-decisiones\/\" \/>\n\t<meta name=\"generator\" content=\"All in One SEO Pro (AIOSEO) 5.0.1\" \/>\n\t\t<meta property=\"og:locale\" content=\"es_ES\" \/>\n\t\t<meta property=\"og:site_name\" content=\"El Digital de Asturias\" \/>\n\t\t<meta property=\"og:type\" content=\"article\" \/>\n\t\t<meta property=\"og:title\" content=\"Albiol: \u201cEl gobierno de Rajoy ha tenido firmeza en sus decisiones\u00bb - El Digital de Asturias\" \/>\n\t\t<meta property=\"og:description\" content=\"El l\u00edder de los populares catalanes y candidato por el Partido Popular en las pr\u00f3ximas elecciones del 21 de diciembre en Catalu\u00f1a, ha explicado hoy durante una entrevista en el programa \u201cEspejo P\u00fablico\u201d de Antena 3, que el presidente del Gobierno ha demostrado dos cuestiones fundamentales para dar la palabra a los catalanes. Subraya que\" \/>\n\t\t<meta property=\"og:url\" content=\"https:\/\/www.eldigitaldeasturias.com\/noticias\/albiol-el-gobierno-de-rajoy-ha-tenido-firmeza-en-sus-decisiones\/\" \/>\n\t\t<meta property=\"article:tag\" content=\"actualidad\" \/>\n\t\t<meta property=\"article:published_time\" content=\"2017-10-30T22:32:30+00:00\" \/>\n\t\t<meta property=\"article:modified_time\" content=\"2017-10-30T22:32:30+00:00\" \/>\n\t\t<meta property=\"article:publisher\" content=\"https:\/\/facebook.com\/eldigitaldeasturias\" \/>\n\t\t<meta name=\"twitter:card\" content=\"summary_large_image\" \/>\n\t\t<meta name=\"twitter:title\" content=\"Albiol: \u201cEl gobierno de Rajoy ha tenido firmeza en sus decisiones\u00bb - El Digital de Asturias\" \/>\n\t\t<meta name=\"twitter:description\" content=\"El l\u00edder de los populares catalanes y candidato por el Partido Popular en las pr\u00f3ximas elecciones del 21 de diciembre en Catalu\u00f1a, ha explicado hoy durante una entrevista en el programa \u201cEspejo P\u00fablico\u201d de Antena 3, que el presidente del Gobierno ha demostrado dos cuestiones fundamentales para dar la palabra a los catalanes. Subraya que\" \/>\n\t\t<meta name=\"twitter:image\" content=\"https:\/\/www.eldigitaldeasturias.com\/noticias\/wp-content\/uploads\/2020\/12\/EDA-1.jpg\" \/>\n\t\t<meta name=\"twitter:label1\" content=\"Escrito por\" \/>\n\t\t<meta name=\"twitter:data1\" content=\"El Digital de Asturias\" \/>\n\t\t<meta name=\"twitter:label2\" content=\"Tiempo de lectura estimado\" \/>\n\t\t<meta name=\"twitter:data2\" content=\"2 minutos\" \/>\n\t\t<script type=\"application\/ld+json\" class=\"aioseo-schema\">\n\t\t\t{\"@context\":\"https:\\\/\\\/schema.org\",\"@graph\":[{\"@type\":\"BlogPosting\",\"@id\":\"https:\\\/\\\/www.eldigitaldeasturias.com\\\/noticias\\\/albiol-el-gobierno-de-rajoy-ha-tenido-firmeza-en-sus-decisiones\\\/#blogposting\",\"name\":\"Albiol: \\u201cEl gobierno de Rajoy ha tenido firmeza en sus decisiones\\u00bb - El Digital de Asturias\",\"headline\":\"Albiol: \\u201cEl gobierno de Rajoy ha tenido firmeza en sus decisiones\\u00bb\",\"author\":{\"@id\":\"https:\\\/\\\/www.eldigitaldeasturias.com\\\/noticias\\\/author\\\/admin\\\/#author\"},\"publisher\":{\"@id\":\"https:\\\/\\\/www.eldigitaldeasturias.com\\\/noticias\\\/#organization\"},\"image\":{\"@type\":\"ImageObject\",\"url\":958155},\"datePublished\":\"2017-10-30T22:32:30+01:00\",\"dateModified\":\"2017-10-30T22:32:30+01:00\",\"inLanguage\":\"es-ES\",\"mainEntityOfPage\":{\"@id\":\"https:\\\/\\\/www.eldigitaldeasturias.com\\\/noticias\\\/albiol-el-gobierno-de-rajoy-ha-tenido-firmeza-en-sus-decisiones\\\/#webpage\"},\"isPartOf\":{\"@id\":\"https:\\\/\\\/www.eldigitaldeasturias.com\\\/noticias\\\/albiol-el-gobierno-de-rajoy-ha-tenido-firmeza-en-sus-decisiones\\\/#webpage\"},\"articleSection\":\"Actualidad\"},{\"@type\":\"BreadcrumbList\",\"@id\":\"https:\\\/\\\/www.eldigitaldeasturias.com\\\/noticias\\\/albiol-el-gobierno-de-rajoy-ha-tenido-firmeza-en-sus-decisiones\\\/#breadcrumblist\",\"itemListElement\":[{\"@type\":\"ListItem\",\"@id\":\"https:\\\/\\\/www.eldigitaldeasturias.com\\\/noticias#listItem\",\"position\":1,\"name\":\"Home\",\"item\":\"https:\\\/\\\/www.eldigitaldeasturias.com\\\/noticias\",\"nextItem\":{\"@type\":\"ListItem\",\"@id\":\"https:\\\/\\\/www.eldigitaldeasturias.com\\\/noticias\\\/category\\\/actualidad\\\/#listItem\",\"name\":\"Actualidad\"}},{\"@type\":\"ListItem\",\"@id\":\"https:\\\/\\\/www.eldigitaldeasturias.com\\\/noticias\\\/category\\\/actualidad\\\/#listItem\",\"position\":2,\"name\":\"Actualidad\",\"item\":\"https:\\\/\\\/www.eldigitaldeasturias.com\\\/noticias\\\/category\\\/actualidad\\\/\",\"nextItem\":{\"@type\":\"ListItem\",\"@id\":\"https:\\\/\\\/www.eldigitaldeasturias.com\\\/noticias\\\/albiol-el-gobierno-de-rajoy-ha-tenido-firmeza-en-sus-decisiones\\\/#listItem\",\"name\":\"Albiol: \\u201cEl gobierno de Rajoy ha tenido firmeza en sus decisiones\\u00bb\"},\"previousItem\":{\"@type\":\"ListItem\",\"@id\":\"https:\\\/\\\/www.eldigitaldeasturias.com\\\/noticias#listItem\",\"name\":\"Home\"}},{\"@type\":\"ListItem\",\"@id\":\"https:\\\/\\\/www.eldigitaldeasturias.com\\\/noticias\\\/albiol-el-gobierno-de-rajoy-ha-tenido-firmeza-en-sus-decisiones\\\/#listItem\",\"position\":3,\"name\":\"Albiol: \\u201cEl gobierno de Rajoy ha tenido firmeza en sus decisiones\\u00bb\",\"previousItem\":{\"@type\":\"ListItem\",\"@id\":\"https:\\\/\\\/www.eldigitaldeasturias.com\\\/noticias\\\/category\\\/actualidad\\\/#listItem\",\"name\":\"Actualidad\"}}]},{\"@type\":\"Organization\",\"@id\":\"https:\\\/\\\/www.eldigitaldeasturias.com\\\/noticias\\\/#organization\",\"name\":\"El Digital de Asturias\",\"description\":\"Hemeroteca\",\"url\":\"https:\\\/\\\/www.eldigitaldeasturias.com\\\/noticias\\\/\",\"email\":\"info@eldigitaldeasturias.com\",\"telephone\":\"+34652131393\",\"logo\":{\"@type\":\"ImageObject\",\"url\":\"https:\\\/\\\/www.eldigitaldeasturias.com\\\/noticias\\\/wp-content\\\/uploads\\\/2020\\\/12\\\/EDA.jpg\",\"@id\":\"https:\\\/\\\/www.eldigitaldeasturias.com\\\/noticias\\\/albiol-el-gobierno-de-rajoy-ha-tenido-firmeza-en-sus-decisiones\\\/#organizationLogo\"},\"image\":{\"@id\":\"https:\\\/\\\/www.eldigitaldeasturias.com\\\/noticias\\\/albiol-el-gobierno-de-rajoy-ha-tenido-firmeza-en-sus-decisiones\\\/#organizationLogo\"},\"sameAs\":[\"https:\\\/\\\/facebook.com\\\/eldigitaldeasturias\",\"https:\\\/\\\/www.youtube.com\\\/channel\\\/UCZP-2wLEB9Rv6erhFmqVnvg\"],\"address\":{\"@id\":\"https:\\\/\\\/www.eldigitaldeasturias.com\\\/noticias\\\/#postaladdress\",\"@type\":\"PostalAddress\",\"streetAddress\":\"san antonio 4\",\"postalCode\":\"33430\",\"addressLocality\":\"Cand\\u00e1s\",\"addressRegion\":\"Asturias\",\"addressCountry\":\"ES\"}},{\"@type\":\"Person\",\"@id\":\"https:\\\/\\\/www.eldigitaldeasturias.com\\\/noticias\\\/author\\\/admin\\\/#author\",\"url\":\"https:\\\/\\\/www.eldigitaldeasturias.com\\\/noticias\\\/author\\\/admin\\\/\",\"name\":\"El Digital de Asturias\",\"image\":{\"@type\":\"ImageObject\",\"@id\":\"https:\\\/\\\/www.eldigitaldeasturias.com\\\/noticias\\\/albiol-el-gobierno-de-rajoy-ha-tenido-firmeza-en-sus-decisiones\\\/#authorImage\",\"url\":\"https:\\\/\\\/secure.gravatar.com\\\/avatar\\\/df2aeffc32bcd13f8d26072ef8a91b623d677766deac7f97ca815868cd41bf5e?s=96&d=mm&r=g\",\"width\":96,\"height\":96,\"caption\":\"El Digital de Asturias\"}},{\"@type\":\"WebPage\",\"@id\":\"https:\\\/\\\/www.eldigitaldeasturias.com\\\/noticias\\\/albiol-el-gobierno-de-rajoy-ha-tenido-firmeza-en-sus-decisiones\\\/#webpage\",\"url\":\"https:\\\/\\\/www.eldigitaldeasturias.com\\\/noticias\\\/albiol-el-gobierno-de-rajoy-ha-tenido-firmeza-en-sus-decisiones\\\/\",\"name\":\"Albiol: \\u201cEl gobierno de Rajoy ha tenido firmeza en sus decisiones\\u00bb - El Digital de Asturias\",\"description\":\"El l\\u00edder de los populares catalanes y candidato por el Partido Popular en las pr\\u00f3ximas elecciones del 21 de diciembre en Catalu\\u00f1a, ha explicado hoy durante una entrevista en el programa \\u201cEspejo P\\u00fablico\\u201d de Antena 3, que el presidente del Gobierno ha demostrado dos cuestiones fundamentales para dar la palabra a los catalanes. Subraya que\",\"inLanguage\":\"es-ES\",\"isPartOf\":{\"@id\":\"https:\\\/\\\/www.eldigitaldeasturias.com\\\/noticias\\\/#website\"},\"breadcrumb\":{\"@id\":\"https:\\\/\\\/www.eldigitaldeasturias.com\\\/noticias\\\/albiol-el-gobierno-de-rajoy-ha-tenido-firmeza-en-sus-decisiones\\\/#breadcrumblist\"},\"author\":{\"@id\":\"https:\\\/\\\/www.eldigitaldeasturias.com\\\/noticias\\\/author\\\/admin\\\/#author\"},\"creator\":{\"@id\":\"https:\\\/\\\/www.eldigitaldeasturias.com\\\/noticias\\\/author\\\/admin\\\/#author\"},\"image\":{\"@type\":\"ImageObject\",\"url\":958155,\"@id\":\"https:\\\/\\\/www.eldigitaldeasturias.com\\\/noticias\\\/albiol-el-gobierno-de-rajoy-ha-tenido-firmeza-en-sus-decisiones\\\/#mainImage\"},\"primaryImageOfPage\":{\"@id\":\"https:\\\/\\\/www.eldigitaldeasturias.com\\\/noticias\\\/albiol-el-gobierno-de-rajoy-ha-tenido-firmeza-en-sus-decisiones\\\/#mainImage\"},\"datePublished\":\"2017-10-30T22:32:30+01:00\",\"dateModified\":\"2017-10-30T22:32:30+01:00\"},{\"@type\":\"WebSite\",\"@id\":\"https:\\\/\\\/www.eldigitaldeasturias.com\\\/noticias\\\/#website\",\"url\":\"https:\\\/\\\/www.eldigitaldeasturias.com\\\/noticias\\\/\",\"name\":\"El Digital de Asturias - Diario de actualidad y noticias\",\"alternateName\":\"El Digital de Asturias - Diario de actualidad y noticias\",\"description\":\"Hemeroteca\",\"inLanguage\":\"es-ES\",\"publisher\":{\"@id\":\"https:\\\/\\\/www.eldigitaldeasturias.com\\\/noticias\\\/#organization\"}}]}\n\t\t<\/script>\n\t\t<!-- All in One SEO Pro -->\r\n\t\t<title>Albiol: \u201cEl gobierno de Rajoy ha tenido firmeza en sus decisiones\u00bb - El Digital de Asturias<\/title>\n\n","aioseo_head_json":{"title":"Albiol: \u201cEl gobierno de Rajoy ha tenido firmeza en sus decisiones\u00bb - El Digital de Asturias","description":"El l\u00edder de los populares catalanes y candidato por el Partido Popular en las pr\u00f3ximas elecciones del 21 de diciembre en Catalu\u00f1a, ha explicado hoy durante una entrevista en el programa \u201cEspejo P\u00fablico\u201d de Antena 3, que el presidente del Gobierno ha demostrado dos cuestiones fundamentales para dar la palabra a los catalanes. Subraya que","canonical_url":"https:\/\/www.eldigitaldeasturias.com\/noticias\/albiol-el-gobierno-de-rajoy-ha-tenido-firmeza-en-sus-decisiones\/","robots":"max-image-preview:large","keywords":"actualidad","webmasterTools":{"google-site-verification":"UA-38556648-1","msvalidate.01":"7dfe9f3f1b24437ab69f4f2559babe99","miscellaneous":""},"schema":{"@context":"https:\/\/schema.org","@graph":[{"@type":"BlogPosting","@id":"https:\/\/www.eldigitaldeasturias.com\/noticias\/albiol-el-gobierno-de-rajoy-ha-tenido-firmeza-en-sus-decisiones\/#blogposting","name":"Albiol: \u201cEl gobierno de Rajoy ha tenido firmeza en sus decisiones\u00bb - El Digital de Asturias","headline":"Albiol: \u201cEl gobierno de Rajoy ha tenido firmeza en sus decisiones\u00bb","author":{"@id":"https:\/\/www.eldigitaldeasturias.com\/noticias\/author\/admin\/#author"},"publisher":{"@id":"https:\/\/www.eldigitaldeasturias.com\/noticias\/#organization"},"image":{"@type":"ImageObject","url":958155},"datePublished":"2017-10-30T22:32:30+01:00","dateModified":"2017-10-30T22:32:30+01:00","inLanguage":"es-ES","mainEntityOfPage":{"@id":"https:\/\/www.eldigitaldeasturias.com\/noticias\/albiol-el-gobierno-de-rajoy-ha-tenido-firmeza-en-sus-decisiones\/#webpage"},"isPartOf":{"@id":"https:\/\/www.eldigitaldeasturias.com\/noticias\/albiol-el-gobierno-de-rajoy-ha-tenido-firmeza-en-sus-decisiones\/#webpage"},"articleSection":"Actualidad"},{"@type":"BreadcrumbList","@id":"https:\/\/www.eldigitaldeasturias.com\/noticias\/albiol-el-gobierno-de-rajoy-ha-tenido-firmeza-en-sus-decisiones\/#breadcrumblist","itemListElement":[{"@type":"ListItem","@id":"https:\/\/www.eldigitaldeasturias.com\/noticias#listItem","position":1,"name":"Home","item":"https:\/\/www.eldigitaldeasturias.com\/noticias","nextItem":{"@type":"ListItem","@id":"https:\/\/www.eldigitaldeasturias.com\/noticias\/category\/actualidad\/#listItem","name":"Actualidad"}},{"@type":"ListItem","@id":"https:\/\/www.eldigitaldeasturias.com\/noticias\/category\/actualidad\/#listItem","position":2,"name":"Actualidad","item":"https:\/\/www.eldigitaldeasturias.com\/noticias\/category\/actualidad\/","nextItem":{"@type":"ListItem","@id":"https:\/\/www.eldigitaldeasturias.com\/noticias\/albiol-el-gobierno-de-rajoy-ha-tenido-firmeza-en-sus-decisiones\/#listItem","name":"Albiol: \u201cEl gobierno de Rajoy ha tenido firmeza en sus decisiones\u00bb"},"previousItem":{"@type":"ListItem","@id":"https:\/\/www.eldigitaldeasturias.com\/noticias#listItem","name":"Home"}},{"@type":"ListItem","@id":"https:\/\/www.eldigitaldeasturias.com\/noticias\/albiol-el-gobierno-de-rajoy-ha-tenido-firmeza-en-sus-decisiones\/#listItem","position":3,"name":"Albiol: \u201cEl gobierno de Rajoy ha tenido firmeza en sus decisiones\u00bb","previousItem":{"@type":"ListItem","@id":"https:\/\/www.eldigitaldeasturias.com\/noticias\/category\/actualidad\/#listItem","name":"Actualidad"}}]},{"@type":"Organization","@id":"https:\/\/www.eldigitaldeasturias.com\/noticias\/#organization","name":"El Digital de Asturias","description":"Hemeroteca","url":"https:\/\/www.eldigitaldeasturias.com\/noticias\/","email":"info@eldigitaldeasturias.com","telephone":"+34652131393","logo":{"@type":"ImageObject","url":"https:\/\/www.eldigitaldeasturias.com\/noticias\/wp-content\/uploads\/2020\/12\/EDA.jpg","@id":"https:\/\/www.eldigitaldeasturias.com\/noticias\/albiol-el-gobierno-de-rajoy-ha-tenido-firmeza-en-sus-decisiones\/#organizationLogo"},"image":{"@id":"https:\/\/www.eldigitaldeasturias.com\/noticias\/albiol-el-gobierno-de-rajoy-ha-tenido-firmeza-en-sus-decisiones\/#organizationLogo"},"sameAs":["https:\/\/facebook.com\/eldigitaldeasturias","https:\/\/www.youtube.com\/channel\/UCZP-2wLEB9Rv6erhFmqVnvg"],"address":{"@id":"https:\/\/www.eldigitaldeasturias.com\/noticias\/#postaladdress","@type":"PostalAddress","streetAddress":"san antonio 4","postalCode":"33430","addressLocality":"Cand\u00e1s","addressRegion":"Asturias","addressCountry":"ES"}},{"@type":"Person","@id":"https:\/\/www.eldigitaldeasturias.com\/noticias\/author\/admin\/#author","url":"https:\/\/www.eldigitaldeasturias.com\/noticias\/author\/admin\/","name":"El Digital de Asturias","image":{"@type":"ImageObject","@id":"https:\/\/www.eldigitaldeasturias.com\/noticias\/albiol-el-gobierno-de-rajoy-ha-tenido-firmeza-en-sus-decisiones\/#authorImage","url":"https:\/\/secure.gravatar.com\/avatar\/df2aeffc32bcd13f8d26072ef8a91b623d677766deac7f97ca815868cd41bf5e?s=96&d=mm&r=g","width":96,"height":96,"caption":"El Digital de Asturias"}},{"@type":"WebPage","@id":"https:\/\/www.eldigitaldeasturias.com\/noticias\/albiol-el-gobierno-de-rajoy-ha-tenido-firmeza-en-sus-decisiones\/#webpage","url":"https:\/\/www.eldigitaldeasturias.com\/noticias\/albiol-el-gobierno-de-rajoy-ha-tenido-firmeza-en-sus-decisiones\/","name":"Albiol: \u201cEl gobierno de Rajoy ha tenido firmeza en sus decisiones\u00bb - El Digital de Asturias","description":"El l\u00edder de los populares catalanes y candidato por el Partido Popular en las pr\u00f3ximas elecciones del 21 de diciembre en Catalu\u00f1a, ha explicado hoy durante una entrevista en el programa \u201cEspejo P\u00fablico\u201d de Antena 3, que el presidente del Gobierno ha demostrado dos cuestiones fundamentales para dar la palabra a los catalanes. Subraya que","inLanguage":"es-ES","isPartOf":{"@id":"https:\/\/www.eldigitaldeasturias.com\/noticias\/#website"},"breadcrumb":{"@id":"https:\/\/www.eldigitaldeasturias.com\/noticias\/albiol-el-gobierno-de-rajoy-ha-tenido-firmeza-en-sus-decisiones\/#breadcrumblist"},"author":{"@id":"https:\/\/www.eldigitaldeasturias.com\/noticias\/author\/admin\/#author"},"creator":{"@id":"https:\/\/www.eldigitaldeasturias.com\/noticias\/author\/admin\/#author"},"image":{"@type":"ImageObject","url":958155,"@id":"https:\/\/www.eldigitaldeasturias.com\/noticias\/albiol-el-gobierno-de-rajoy-ha-tenido-firmeza-en-sus-decisiones\/#mainImage"},"primaryImageOfPage":{"@id":"https:\/\/www.eldigitaldeasturias.com\/noticias\/albiol-el-gobierno-de-rajoy-ha-tenido-firmeza-en-sus-decisiones\/#mainImage"},"datePublished":"2017-10-30T22:32:30+01:00","dateModified":"2017-10-30T22:32:30+01:00"},{"@type":"WebSite","@id":"https:\/\/www.eldigitaldeasturias.com\/noticias\/#website","url":"https:\/\/www.eldigitaldeasturias.com\/noticias\/","name":"El Digital de Asturias - Diario de actualidad y noticias","alternateName":"El Digital de Asturias - Diario de actualidad y noticias","description":"Hemeroteca","inLanguage":"es-ES","publisher":{"@id":"https:\/\/www.eldigitaldeasturias.com\/noticias\/#organization"}}]},"og:locale":"es_ES","og:site_name":"El Digital de Asturias","og:type":"article","og:title":"Albiol: \u201cEl gobierno de Rajoy ha tenido firmeza en sus decisiones\u00bb - El Digital de Asturias","og:description":"El l\u00edder de los populares catalanes y candidato por el Partido Popular en las pr\u00f3ximas elecciones del 21 de diciembre en Catalu\u00f1a, ha explicado hoy durante una entrevista en el programa \u201cEspejo P\u00fablico\u201d de Antena 3, que el presidente del Gobierno ha demostrado dos cuestiones fundamentales para dar la palabra a los catalanes. Subraya que","og:url":"https:\/\/www.eldigitaldeasturias.com\/noticias\/albiol-el-gobierno-de-rajoy-ha-tenido-firmeza-en-sus-decisiones\/","article:tag":["actualidad"],"article:published_time":"2017-10-30T22:32:30+00:00","article:modified_time":"2017-10-30T22:32:30+00:00","article:publisher":"https:\/\/facebook.com\/eldigitaldeasturias","twitter:card":"summary_large_image","twitter:title":"Albiol: \u201cEl gobierno de Rajoy ha tenido firmeza en sus decisiones\u00bb - El Digital de Asturias","twitter:description":"El l\u00edder de los populares catalanes y candidato por el Partido Popular en las pr\u00f3ximas elecciones del 21 de diciembre en Catalu\u00f1a, ha explicado hoy durante una entrevista en el programa \u201cEspejo P\u00fablico\u201d de Antena 3, que el presidente del Gobierno ha demostrado dos cuestiones fundamentales para dar la palabra a los catalanes. Subraya que","twitter:image":"https:\/\/www.eldigitaldeasturias.com\/noticias\/wp-content\/uploads\/2020\/12\/EDA-1.jpg","twitter:label1":"Escrito por","twitter:data1":"El Digital de Asturias","twitter:label2":"Tiempo de lectura estimado","twitter:data2":"2 minutos"},"aioseo_meta_data":{"post_id":"958154","title":null,"description":null,"keywords":null,"keyphrases":null,"primary_term":null,"canonical_url":null,"og_title":null,"og_description":null,"og_object_type":"default","og_image_type":"default","og_image_url":null,"og_image_width":null,"og_image_height":null,"og_image_custom_url":null,"og_image_custom_fields":null,"og_video":null,"og_custom_url":null,"og_article_section":null,"og_article_tags":null,"twitter_use_og":false,"twitter_card":"default","twitter_image_type":"default","twitter_image_url":null,"twitter_image_custom_url":null,"twitter_image_custom_fields":null,"twitter_title":null,"twitter_description":null,"schema":{"blockGraphs":[],"customGraphs":[],"default":{"data":{"Article":[],"Course":[],"Dataset":[],"FAQPage":[],"Movie":[],"Person":[],"Product":[],"ProductReview":[],"Car":[],"Recipe":[],"Service":[],"SoftwareApplication":[],"WebPage":[]},"graphName":"","isEnabled":true},"graphs":[],"defaultGraph":"","defaultPostTypeGraph":""},"schema_type":null,"schema_type_options":null,"pillar_content":false,"robots_default":true,"robots_noindex":false,"robots_noarchive":false,"robots_nosnippet":false,"robots_nofollow":false,"robots_noimageindex":false,"robots_noodp":false,"robots_notranslate":false,"robots_max_snippet":null,"robots_max_videopreview":null,"robots_max_imagepreview":"large","priority":null,"frequency":null,"local_seo":null,"seo_analyzer_scan_date":"2025-12-06 20:08:22","breadcrumb_settings":null,"limit_modified_date":false,"open_ai":null,"ai":null,"created":"2020-12-21 12:54:18","updated":"2025-12-06 20:08:22","focus_keyword":null,"additional_keywords":null,"truseo_locale":null},"aioseo_breadcrumb":"<div class=\"aioseo-breadcrumbs\"><span class=\"aioseo-breadcrumb\">\n\t<a href=\"https:\/\/www.eldigitaldeasturias.com\/noticias\" title=\"Home\">Home<\/a>\n<\/span><span class=\"aioseo-breadcrumb-separator\">\u2013<\/span><span class=\"aioseo-breadcrumb\">\n\t<a href=\"https:\/\/www.eldigitaldeasturias.com\/noticias\/category\/actualidad\/\" title=\"Actualidad\">Actualidad<\/a>\n<\/span><span class=\"aioseo-breadcrumb-separator\">\u2013<\/span><span class=\"aioseo-breadcrumb\">\n\t<a href=\"https:\/\/www.eldigitaldeasturias.com\/noticias\/albiol-el-gobierno-de-rajoy-ha-tenido-firmeza-en-sus-decisiones\/\" title=\"Albiol: \u201cEl gobierno de Rajoy ha tenido firmeza en sus decisiones\u00bb\">Albiol: \u201cEl gobierno de Rajoy ha tenido firmeza en sus decisiones\u00bb<\/a>\n<\/span><\/div>","aioseo_breadcrumb_json":[{"label":"Home","link":"https:\/\/www.eldigitaldeasturias.com\/noticias"},{"label":"Actualidad","link":"https:\/\/www.eldigitaldeasturias.com\/noticias\/category\/actualidad\/"},{"label":"Albiol: \u201cEl gobierno de Rajoy ha tenido firmeza en sus decisiones\u00bb","link":"https:\/\/www.eldigitaldeasturias.com\/noticias\/albiol-el-gobierno-de-rajoy-ha-tenido-firmeza-en-sus-decisiones\/"}],"_links":{"self":[{"href":"https:\/\/www.eldigitaldeasturias.com\/noticias\/wp-json\/wp\/v2\/posts\/958154","targetHints":{"allow":["GET"]}}],"collection":[{"href":"https:\/\/www.eldigitaldeasturias.com\/noticias\/wp-json\/wp\/v2\/posts"}],"about":[{"href":"https:\/\/www.eldigitaldeasturias.com\/noticias\/wp-json\/wp\/v2\/types\/post"}],"author":[{"embeddable":true,"href":"https:\/\/www.eldigitaldeasturias.com\/noticias\/wp-json\/wp\/v2\/users\/1"}],"replies":[{"embeddable":true,"href":"https:\/\/www.eldigitaldeasturias.com\/noticias\/wp-json\/wp\/v2\/comments?post=958154"}],"version-history":[{"count":0,"href":"https:\/\/www.eldigitaldeasturias.com\/noticias\/wp-json\/wp\/v2\/posts\/958154\/revisions"}],"wp:attachment":[{"href":"https:\/\/www.eldigitaldeasturias.com\/noticias\/wp-json\/wp\/v2\/media?parent=958154"}],"wp:term":[{"taxonomy":"category","embeddable":true,"href":"https:\/\/www.eldigitaldeasturias.com\/noticias\/wp-json\/wp\/v2\/categories?post=958154"},{"taxonomy":"post_tag","embeddable":true,"href":"https:\/\/www.eldigitaldeasturias.com\/noticias\/wp-json\/wp\/v2\/tags?post=958154"}],"curies":[{"name":"wp","href":"https:\/\/api.w.org\/{rel}","templated":true}]}}