{"id":958148,"date":"2017-10-30T22:28:03","date_gmt":"2017-10-30T22:28:03","guid":{"rendered":"http:\/\/www.eldigitaldeasturias.com\/noticias\/?p=958148"},"modified":"2017-10-30T22:28:03","modified_gmt":"2017-10-30T22:28:03","slug":"zoido-los-suenos-que-tienen-algunos-no-se-van-a-realizar-jamas","status":"publish","type":"post","link":"https:\/\/www.eldigitaldeasturias.com\/noticias\/zoido-los-suenos-que-tienen-algunos-no-se-van-a-realizar-jamas\/","title":{"rendered":"Zoido: \u201cLos sue\u00f1os que tienen algunos no se van a realizar jam\u00e1s\u201d"},"content":{"rendered":"<p><img loading=\"lazy\" decoding=\"async\" class=\"alignleft size-medium wp-image-958149\" src=\"https:\/\/www.eldigitaldeasturias.com\/noticias\/wp-content\/uploads\/2017\/10\/zoido-360x163.jpg\" alt=\"\" width=\"360\" height=\"163\" \/>El ministro del Interior de Espa\u00f1a y desde el 27 de octubre, consejero de Interior de la Generalidad de Catalu\u00f1a, ha explicado esta ma\u00f1ana durante una ma\u00f1ana en \u201cEl Programa de Ana Rosa\u201d de Telecinco, que el nombramiento de Ferr\u00e1n L\u00f3pez como nuevo oficial comisario de los Mossos d\u00b4Esquadra se ha decidido por su gran experiencia profesional y activismo en numerosas operaciones policiales.<\/p>\n<p><strong>NUEVO JEFE DE LOS MOSSOS<\/strong><\/p>\n<p>Dice que Ferr\u00e1n L\u00f3pez ha dado muchas muestras de ser un gran servidor p\u00fablico y muy capacitado, fortaleciendo la idea de que en Espa\u00f1a contamos con unas Fuerzas y cuerpos de seguridad al servicio de todos los catalanes y no solo de unos pocos. En este sentido, el ministro y consejero asegura que de esta manera se manda un mensaje claro y contundente a los Mossos: \u201cConfiamos en ellos\u201d.<\/p>\n<p>Juan Ignacio Zoido recalca que las medidas adoptadas hasta ahora por los Mossos d\u00b4Esquadra, han sido las normales tal y como ven\u00edan actuando hasta ahora y \u201cen el \u00e1mbito de sus actuaciones\u201d. A\u00f1ade que la retirada de escoltas a los consellers y de ciertos s\u00edmbolos forma parte de la normalidad \u201ccomo siempre que ha habido un cambio de Govern, de presidente auton\u00f3micos, etc\u201d.<\/p>\n<p>A su vez, y seg\u00fan la visi\u00f3n personal del ministro, aclara que \u00e9l solo dar\u00e1 una orden: \u201cque se cumpla con la legislaci\u00f3n vigente con la Constituci\u00f3n y el Estatuto.<\/p>\n<p>\u201cLos exconsellers no van a ocupar ning\u00fan espacio que sea de titularidad del Estado porque no tienen ese t\u00edtulo que dicen de ministros de la Rep\u00fablica. Si quieren tirarse por un precipicio que lo hagan pero que no comprometan m\u00e1s a los funcionarios y que no les conduzcan a esa deriva. Si no abandonan el lugar ser\u00e1n requeridos para que lo hagan y si siguen as\u00ed estar\u00e1n incurriendo en figuras delictivitas\u201d, dijo Juan Ignacio Zoido.<\/p>\n<p><strong>QUERELLAS CONTRA PUIGDMEONT Y FORCADELL<\/strong><\/p>\n<p>Preguntado por las posibles querellas que la fiscal\u00eda prev\u00e9 aplicar sobre Puigdemont y Forcadell, el ministro del interior, asegura que est\u00e1 dedicado \u00fanica y exclusivamente a los temas de su competencia y desconoce si se adoptar\u00e1 esa medida.<\/p>\n<p><strong>ELECCIONES 21 DE DICIEMBRE<\/strong><\/p>\n<p>As\u00ed, el tambi\u00e9n diputado en el Congreso de los Diputados, no ha dudado en recomendar a los independentistas y ante las c\u00e1maras de Telecinco, que asuman la situaci\u00f3n y que lo mejor es votar en libertad y votar en unas elecciones que cumplan con todas las legalidades. \u201cEn las urnas deben presentar sus programas y el pueblo catal\u00e1n decidir\u00e1 ese d\u00eda qui\u00e9n tiene la victoria para formar gobierno\u201d, aclara.<\/p>\n<p>Igualmente, el ministro apunta que el movimiento independentista no tiene ning\u00fan tipo de respaldo ni dentro ni fuera de Espa\u00f1a y que han perdido los pocos serios que podr\u00edan tener. \u201cSi usted tiene un programa pres\u00e9ntese a las elecciones pero los sue\u00f1os que tiene algunos no se van a realizar jam\u00e1s\u201d, ha concluido.<\/p>\n<p>&nbsp;<\/p>\n","protected":false},"excerpt":{"rendered":"<p>El ministro del Interior de Espa\u00f1a y desde el 27 de octubre, consejero de Interior de la Generalidad de Catalu\u00f1a, ha explicado esta ma\u00f1ana durante una ma\u00f1ana en \u201cEl Programa de Ana Rosa\u201d de Telecinco, que el nombramiento de Ferr\u00e1n L\u00f3pez como nuevo oficial comisario de los Mossos d\u00b4Esquadra se ha decidido por su gran [&hellip;]<\/p>\n","protected":false},"author":1,"featured_media":958149,"comment_status":"closed","ping_status":"closed","sticky":false,"template":"","format":"standard","meta":{"footnotes":""},"categories":[1],"tags":[],"class_list":["post-958148","post","type-post","status-publish","format-standard","has-post-thumbnail","hentry","category-actualidad"],"aioseo_notices":[],"aioseo_head":"\n\t\t<!-- All in One SEO Pro 5.0.1 - aioseo.com -->\n\t<meta name=\"description\" content=\"El ministro del Interior de Espa\u00f1a y desde el 27 de octubre, consejero de Interior de la Generalidad de Catalu\u00f1a, ha explicado esta ma\u00f1ana durante una ma\u00f1ana en \u201cEl Programa de Ana Rosa\u201d de Telecinco, que el nombramiento de Ferr\u00e1n L\u00f3pez como nuevo oficial comisario de los Mossos d\u00b4Esquadra se ha decidido por su gran\" \/>\n\t<meta name=\"robots\" content=\"max-image-preview:large\" \/>\n\t<meta name=\"author\" content=\"El Digital de Asturias\"\/>\n\t<meta name=\"google-site-verification\" content=\"UA-38556648-1\" \/>\n\t<meta name=\"msvalidate.01\" content=\"7dfe9f3f1b24437ab69f4f2559babe99\" \/>\n\t<meta name=\"keywords\" content=\"actualidad\" \/>\n\t<link rel=\"canonical\" href=\"https:\/\/www.eldigitaldeasturias.com\/noticias\/zoido-los-suenos-que-tienen-algunos-no-se-van-a-realizar-jamas\/\" \/>\n\t<meta name=\"generator\" content=\"All in One SEO Pro (AIOSEO) 5.0.1\" \/>\n\t\t<meta property=\"og:locale\" content=\"es_ES\" \/>\n\t\t<meta property=\"og:site_name\" content=\"El Digital de Asturias\" \/>\n\t\t<meta property=\"og:type\" content=\"article\" \/>\n\t\t<meta property=\"og:title\" content=\"Zoido: \u201cLos sue\u00f1os que tienen algunos no se van a realizar jam\u00e1s\u201d - El Digital de Asturias\" \/>\n\t\t<meta property=\"og:description\" content=\"El ministro del Interior de Espa\u00f1a y desde el 27 de octubre, consejero de Interior de la Generalidad de Catalu\u00f1a, ha explicado esta ma\u00f1ana durante una ma\u00f1ana en \u201cEl Programa de Ana Rosa\u201d de Telecinco, que el nombramiento de Ferr\u00e1n L\u00f3pez como nuevo oficial comisario de los Mossos d\u00b4Esquadra se ha decidido por su gran\" \/>\n\t\t<meta property=\"og:url\" content=\"https:\/\/www.eldigitaldeasturias.com\/noticias\/zoido-los-suenos-que-tienen-algunos-no-se-van-a-realizar-jamas\/\" \/>\n\t\t<meta property=\"article:tag\" content=\"actualidad\" \/>\n\t\t<meta property=\"article:published_time\" content=\"2017-10-30T22:28:03+00:00\" \/>\n\t\t<meta property=\"article:modified_time\" content=\"2017-10-30T22:28:03+00:00\" \/>\n\t\t<meta property=\"article:publisher\" content=\"https:\/\/facebook.com\/eldigitaldeasturias\" \/>\n\t\t<meta name=\"twitter:card\" content=\"summary_large_image\" \/>\n\t\t<meta name=\"twitter:title\" content=\"Zoido: \u201cLos sue\u00f1os que tienen algunos no se van a realizar jam\u00e1s\u201d - El Digital de Asturias\" \/>\n\t\t<meta name=\"twitter:description\" content=\"El ministro del Interior de Espa\u00f1a y desde el 27 de octubre, consejero de Interior de la Generalidad de Catalu\u00f1a, ha explicado esta ma\u00f1ana durante una ma\u00f1ana en \u201cEl Programa de Ana Rosa\u201d de Telecinco, que el nombramiento de Ferr\u00e1n L\u00f3pez como nuevo oficial comisario de los Mossos d\u00b4Esquadra se ha decidido por su gran\" \/>\n\t\t<meta name=\"twitter:image\" content=\"https:\/\/www.eldigitaldeasturias.com\/noticias\/wp-content\/uploads\/2020\/12\/EDA-1.jpg\" \/>\n\t\t<meta name=\"twitter:label1\" content=\"Escrito por\" \/>\n\t\t<meta name=\"twitter:data1\" content=\"El Digital de Asturias\" \/>\n\t\t<meta name=\"twitter:label2\" content=\"Tiempo de lectura estimado\" \/>\n\t\t<meta name=\"twitter:data2\" content=\"3 minutos\" \/>\n\t\t<script type=\"application\/ld+json\" class=\"aioseo-schema\">\n\t\t\t{\"@context\":\"https:\\\/\\\/schema.org\",\"@graph\":[{\"@type\":\"BlogPosting\",\"@id\":\"https:\\\/\\\/www.eldigitaldeasturias.com\\\/noticias\\\/zoido-los-suenos-que-tienen-algunos-no-se-van-a-realizar-jamas\\\/#blogposting\",\"name\":\"Zoido: \\u201cLos sue\\u00f1os que tienen algunos no se van a realizar jam\\u00e1s\\u201d - El Digital de Asturias\",\"headline\":\"Zoido: \\u201cLos sue\\u00f1os que tienen algunos no se van a realizar jam\\u00e1s\\u201d\",\"author\":{\"@id\":\"https:\\\/\\\/www.eldigitaldeasturias.com\\\/noticias\\\/author\\\/admin\\\/#author\"},\"publisher\":{\"@id\":\"https:\\\/\\\/www.eldigitaldeasturias.com\\\/noticias\\\/#organization\"},\"image\":{\"@type\":\"ImageObject\",\"url\":958149},\"datePublished\":\"2017-10-30T22:28:03+01:00\",\"dateModified\":\"2017-10-30T22:28:03+01:00\",\"inLanguage\":\"es-ES\",\"mainEntityOfPage\":{\"@id\":\"https:\\\/\\\/www.eldigitaldeasturias.com\\\/noticias\\\/zoido-los-suenos-que-tienen-algunos-no-se-van-a-realizar-jamas\\\/#webpage\"},\"isPartOf\":{\"@id\":\"https:\\\/\\\/www.eldigitaldeasturias.com\\\/noticias\\\/zoido-los-suenos-que-tienen-algunos-no-se-van-a-realizar-jamas\\\/#webpage\"},\"articleSection\":\"Actualidad\"},{\"@type\":\"BreadcrumbList\",\"@id\":\"https:\\\/\\\/www.eldigitaldeasturias.com\\\/noticias\\\/zoido-los-suenos-que-tienen-algunos-no-se-van-a-realizar-jamas\\\/#breadcrumblist\",\"itemListElement\":[{\"@type\":\"ListItem\",\"@id\":\"https:\\\/\\\/www.eldigitaldeasturias.com\\\/noticias#listItem\",\"position\":1,\"name\":\"Home\",\"item\":\"https:\\\/\\\/www.eldigitaldeasturias.com\\\/noticias\",\"nextItem\":{\"@type\":\"ListItem\",\"@id\":\"https:\\\/\\\/www.eldigitaldeasturias.com\\\/noticias\\\/category\\\/actualidad\\\/#listItem\",\"name\":\"Actualidad\"}},{\"@type\":\"ListItem\",\"@id\":\"https:\\\/\\\/www.eldigitaldeasturias.com\\\/noticias\\\/category\\\/actualidad\\\/#listItem\",\"position\":2,\"name\":\"Actualidad\",\"item\":\"https:\\\/\\\/www.eldigitaldeasturias.com\\\/noticias\\\/category\\\/actualidad\\\/\",\"nextItem\":{\"@type\":\"ListItem\",\"@id\":\"https:\\\/\\\/www.eldigitaldeasturias.com\\\/noticias\\\/zoido-los-suenos-que-tienen-algunos-no-se-van-a-realizar-jamas\\\/#listItem\",\"name\":\"Zoido: \\u201cLos sue\\u00f1os que tienen algunos no se van a realizar jam\\u00e1s\\u201d\"},\"previousItem\":{\"@type\":\"ListItem\",\"@id\":\"https:\\\/\\\/www.eldigitaldeasturias.com\\\/noticias#listItem\",\"name\":\"Home\"}},{\"@type\":\"ListItem\",\"@id\":\"https:\\\/\\\/www.eldigitaldeasturias.com\\\/noticias\\\/zoido-los-suenos-que-tienen-algunos-no-se-van-a-realizar-jamas\\\/#listItem\",\"position\":3,\"name\":\"Zoido: \\u201cLos sue\\u00f1os que tienen algunos no se van a realizar jam\\u00e1s\\u201d\",\"previousItem\":{\"@type\":\"ListItem\",\"@id\":\"https:\\\/\\\/www.eldigitaldeasturias.com\\\/noticias\\\/category\\\/actualidad\\\/#listItem\",\"name\":\"Actualidad\"}}]},{\"@type\":\"Organization\",\"@id\":\"https:\\\/\\\/www.eldigitaldeasturias.com\\\/noticias\\\/#organization\",\"name\":\"El Digital de Asturias\",\"description\":\"Hemeroteca\",\"url\":\"https:\\\/\\\/www.eldigitaldeasturias.com\\\/noticias\\\/\",\"email\":\"info@eldigitaldeasturias.com\",\"telephone\":\"+34652131393\",\"logo\":{\"@type\":\"ImageObject\",\"url\":\"https:\\\/\\\/www.eldigitaldeasturias.com\\\/noticias\\\/wp-content\\\/uploads\\\/2020\\\/12\\\/EDA.jpg\",\"@id\":\"https:\\\/\\\/www.eldigitaldeasturias.com\\\/noticias\\\/zoido-los-suenos-que-tienen-algunos-no-se-van-a-realizar-jamas\\\/#organizationLogo\"},\"image\":{\"@id\":\"https:\\\/\\\/www.eldigitaldeasturias.com\\\/noticias\\\/zoido-los-suenos-que-tienen-algunos-no-se-van-a-realizar-jamas\\\/#organizationLogo\"},\"sameAs\":[\"https:\\\/\\\/facebook.com\\\/eldigitaldeasturias\",\"https:\\\/\\\/www.youtube.com\\\/channel\\\/UCZP-2wLEB9Rv6erhFmqVnvg\"],\"address\":{\"@id\":\"https:\\\/\\\/www.eldigitaldeasturias.com\\\/noticias\\\/#postaladdress\",\"@type\":\"PostalAddress\",\"streetAddress\":\"san antonio 4\",\"postalCode\":\"33430\",\"addressLocality\":\"Cand\\u00e1s\",\"addressRegion\":\"Asturias\",\"addressCountry\":\"ES\"}},{\"@type\":\"Person\",\"@id\":\"https:\\\/\\\/www.eldigitaldeasturias.com\\\/noticias\\\/author\\\/admin\\\/#author\",\"url\":\"https:\\\/\\\/www.eldigitaldeasturias.com\\\/noticias\\\/author\\\/admin\\\/\",\"name\":\"El Digital de Asturias\",\"image\":{\"@type\":\"ImageObject\",\"@id\":\"https:\\\/\\\/www.eldigitaldeasturias.com\\\/noticias\\\/zoido-los-suenos-que-tienen-algunos-no-se-van-a-realizar-jamas\\\/#authorImage\",\"url\":\"https:\\\/\\\/secure.gravatar.com\\\/avatar\\\/df2aeffc32bcd13f8d26072ef8a91b623d677766deac7f97ca815868cd41bf5e?s=96&d=mm&r=g\",\"width\":96,\"height\":96,\"caption\":\"El Digital de Asturias\"}},{\"@type\":\"WebPage\",\"@id\":\"https:\\\/\\\/www.eldigitaldeasturias.com\\\/noticias\\\/zoido-los-suenos-que-tienen-algunos-no-se-van-a-realizar-jamas\\\/#webpage\",\"url\":\"https:\\\/\\\/www.eldigitaldeasturias.com\\\/noticias\\\/zoido-los-suenos-que-tienen-algunos-no-se-van-a-realizar-jamas\\\/\",\"name\":\"Zoido: \\u201cLos sue\\u00f1os que tienen algunos no se van a realizar jam\\u00e1s\\u201d - El Digital de Asturias\",\"description\":\"El ministro del Interior de Espa\\u00f1a y desde el 27 de octubre, consejero de Interior de la Generalidad de Catalu\\u00f1a, ha explicado esta ma\\u00f1ana durante una ma\\u00f1ana en \\u201cEl Programa de Ana Rosa\\u201d de Telecinco, que el nombramiento de Ferr\\u00e1n L\\u00f3pez como nuevo oficial comisario de los Mossos d\\u00b4Esquadra se ha decidido por su gran\",\"inLanguage\":\"es-ES\",\"isPartOf\":{\"@id\":\"https:\\\/\\\/www.eldigitaldeasturias.com\\\/noticias\\\/#website\"},\"breadcrumb\":{\"@id\":\"https:\\\/\\\/www.eldigitaldeasturias.com\\\/noticias\\\/zoido-los-suenos-que-tienen-algunos-no-se-van-a-realizar-jamas\\\/#breadcrumblist\"},\"author\":{\"@id\":\"https:\\\/\\\/www.eldigitaldeasturias.com\\\/noticias\\\/author\\\/admin\\\/#author\"},\"creator\":{\"@id\":\"https:\\\/\\\/www.eldigitaldeasturias.com\\\/noticias\\\/author\\\/admin\\\/#author\"},\"image\":{\"@type\":\"ImageObject\",\"url\":958149,\"@id\":\"https:\\\/\\\/www.eldigitaldeasturias.com\\\/noticias\\\/zoido-los-suenos-que-tienen-algunos-no-se-van-a-realizar-jamas\\\/#mainImage\"},\"primaryImageOfPage\":{\"@id\":\"https:\\\/\\\/www.eldigitaldeasturias.com\\\/noticias\\\/zoido-los-suenos-que-tienen-algunos-no-se-van-a-realizar-jamas\\\/#mainImage\"},\"datePublished\":\"2017-10-30T22:28:03+01:00\",\"dateModified\":\"2017-10-30T22:28:03+01:00\"},{\"@type\":\"WebSite\",\"@id\":\"https:\\\/\\\/www.eldigitaldeasturias.com\\\/noticias\\\/#website\",\"url\":\"https:\\\/\\\/www.eldigitaldeasturias.com\\\/noticias\\\/\",\"name\":\"El Digital de Asturias - Diario de actualidad y noticias\",\"alternateName\":\"El Digital de Asturias - Diario de actualidad y noticias\",\"description\":\"Hemeroteca\",\"inLanguage\":\"es-ES\",\"publisher\":{\"@id\":\"https:\\\/\\\/www.eldigitaldeasturias.com\\\/noticias\\\/#organization\"}}]}\n\t\t<\/script>\n\t\t<!-- All in One SEO Pro -->\r\n\t\t<title>Zoido: \u201cLos sue\u00f1os que tienen algunos no se van a realizar jam\u00e1s\u201d - El Digital de Asturias<\/title>\n\n","aioseo_head_json":{"title":"Zoido: \u201cLos sue\u00f1os que tienen algunos no se van a realizar jam\u00e1s\u201d - El Digital de Asturias","description":"El ministro del Interior de Espa\u00f1a y desde el 27 de octubre, consejero de Interior de la Generalidad de Catalu\u00f1a, ha explicado esta ma\u00f1ana durante una ma\u00f1ana en \u201cEl Programa de Ana Rosa\u201d de Telecinco, que el nombramiento de Ferr\u00e1n L\u00f3pez como nuevo oficial comisario de los Mossos d\u00b4Esquadra se ha decidido por su gran","canonical_url":"https:\/\/www.eldigitaldeasturias.com\/noticias\/zoido-los-suenos-que-tienen-algunos-no-se-van-a-realizar-jamas\/","robots":"max-image-preview:large","keywords":"actualidad","webmasterTools":{"google-site-verification":"UA-38556648-1","msvalidate.01":"7dfe9f3f1b24437ab69f4f2559babe99","miscellaneous":""},"schema":{"@context":"https:\/\/schema.org","@graph":[{"@type":"BlogPosting","@id":"https:\/\/www.eldigitaldeasturias.com\/noticias\/zoido-los-suenos-que-tienen-algunos-no-se-van-a-realizar-jamas\/#blogposting","name":"Zoido: \u201cLos sue\u00f1os que tienen algunos no se van a realizar jam\u00e1s\u201d - El Digital de Asturias","headline":"Zoido: \u201cLos sue\u00f1os que tienen algunos no se van a realizar jam\u00e1s\u201d","author":{"@id":"https:\/\/www.eldigitaldeasturias.com\/noticias\/author\/admin\/#author"},"publisher":{"@id":"https:\/\/www.eldigitaldeasturias.com\/noticias\/#organization"},"image":{"@type":"ImageObject","url":958149},"datePublished":"2017-10-30T22:28:03+01:00","dateModified":"2017-10-30T22:28:03+01:00","inLanguage":"es-ES","mainEntityOfPage":{"@id":"https:\/\/www.eldigitaldeasturias.com\/noticias\/zoido-los-suenos-que-tienen-algunos-no-se-van-a-realizar-jamas\/#webpage"},"isPartOf":{"@id":"https:\/\/www.eldigitaldeasturias.com\/noticias\/zoido-los-suenos-que-tienen-algunos-no-se-van-a-realizar-jamas\/#webpage"},"articleSection":"Actualidad"},{"@type":"BreadcrumbList","@id":"https:\/\/www.eldigitaldeasturias.com\/noticias\/zoido-los-suenos-que-tienen-algunos-no-se-van-a-realizar-jamas\/#breadcrumblist","itemListElement":[{"@type":"ListItem","@id":"https:\/\/www.eldigitaldeasturias.com\/noticias#listItem","position":1,"name":"Home","item":"https:\/\/www.eldigitaldeasturias.com\/noticias","nextItem":{"@type":"ListItem","@id":"https:\/\/www.eldigitaldeasturias.com\/noticias\/category\/actualidad\/#listItem","name":"Actualidad"}},{"@type":"ListItem","@id":"https:\/\/www.eldigitaldeasturias.com\/noticias\/category\/actualidad\/#listItem","position":2,"name":"Actualidad","item":"https:\/\/www.eldigitaldeasturias.com\/noticias\/category\/actualidad\/","nextItem":{"@type":"ListItem","@id":"https:\/\/www.eldigitaldeasturias.com\/noticias\/zoido-los-suenos-que-tienen-algunos-no-se-van-a-realizar-jamas\/#listItem","name":"Zoido: \u201cLos sue\u00f1os que tienen algunos no se van a realizar jam\u00e1s\u201d"},"previousItem":{"@type":"ListItem","@id":"https:\/\/www.eldigitaldeasturias.com\/noticias#listItem","name":"Home"}},{"@type":"ListItem","@id":"https:\/\/www.eldigitaldeasturias.com\/noticias\/zoido-los-suenos-que-tienen-algunos-no-se-van-a-realizar-jamas\/#listItem","position":3,"name":"Zoido: \u201cLos sue\u00f1os que tienen algunos no se van a realizar jam\u00e1s\u201d","previousItem":{"@type":"ListItem","@id":"https:\/\/www.eldigitaldeasturias.com\/noticias\/category\/actualidad\/#listItem","name":"Actualidad"}}]},{"@type":"Organization","@id":"https:\/\/www.eldigitaldeasturias.com\/noticias\/#organization","name":"El Digital de Asturias","description":"Hemeroteca","url":"https:\/\/www.eldigitaldeasturias.com\/noticias\/","email":"info@eldigitaldeasturias.com","telephone":"+34652131393","logo":{"@type":"ImageObject","url":"https:\/\/www.eldigitaldeasturias.com\/noticias\/wp-content\/uploads\/2020\/12\/EDA.jpg","@id":"https:\/\/www.eldigitaldeasturias.com\/noticias\/zoido-los-suenos-que-tienen-algunos-no-se-van-a-realizar-jamas\/#organizationLogo"},"image":{"@id":"https:\/\/www.eldigitaldeasturias.com\/noticias\/zoido-los-suenos-que-tienen-algunos-no-se-van-a-realizar-jamas\/#organizationLogo"},"sameAs":["https:\/\/facebook.com\/eldigitaldeasturias","https:\/\/www.youtube.com\/channel\/UCZP-2wLEB9Rv6erhFmqVnvg"],"address":{"@id":"https:\/\/www.eldigitaldeasturias.com\/noticias\/#postaladdress","@type":"PostalAddress","streetAddress":"san antonio 4","postalCode":"33430","addressLocality":"Cand\u00e1s","addressRegion":"Asturias","addressCountry":"ES"}},{"@type":"Person","@id":"https:\/\/www.eldigitaldeasturias.com\/noticias\/author\/admin\/#author","url":"https:\/\/www.eldigitaldeasturias.com\/noticias\/author\/admin\/","name":"El Digital de Asturias","image":{"@type":"ImageObject","@id":"https:\/\/www.eldigitaldeasturias.com\/noticias\/zoido-los-suenos-que-tienen-algunos-no-se-van-a-realizar-jamas\/#authorImage","url":"https:\/\/secure.gravatar.com\/avatar\/df2aeffc32bcd13f8d26072ef8a91b623d677766deac7f97ca815868cd41bf5e?s=96&d=mm&r=g","width":96,"height":96,"caption":"El Digital de Asturias"}},{"@type":"WebPage","@id":"https:\/\/www.eldigitaldeasturias.com\/noticias\/zoido-los-suenos-que-tienen-algunos-no-se-van-a-realizar-jamas\/#webpage","url":"https:\/\/www.eldigitaldeasturias.com\/noticias\/zoido-los-suenos-que-tienen-algunos-no-se-van-a-realizar-jamas\/","name":"Zoido: \u201cLos sue\u00f1os que tienen algunos no se van a realizar jam\u00e1s\u201d - El Digital de Asturias","description":"El ministro del Interior de Espa\u00f1a y desde el 27 de octubre, consejero de Interior de la Generalidad de Catalu\u00f1a, ha explicado esta ma\u00f1ana durante una ma\u00f1ana en \u201cEl Programa de Ana Rosa\u201d de Telecinco, que el nombramiento de Ferr\u00e1n L\u00f3pez como nuevo oficial comisario de los Mossos d\u00b4Esquadra se ha decidido por su gran","inLanguage":"es-ES","isPartOf":{"@id":"https:\/\/www.eldigitaldeasturias.com\/noticias\/#website"},"breadcrumb":{"@id":"https:\/\/www.eldigitaldeasturias.com\/noticias\/zoido-los-suenos-que-tienen-algunos-no-se-van-a-realizar-jamas\/#breadcrumblist"},"author":{"@id":"https:\/\/www.eldigitaldeasturias.com\/noticias\/author\/admin\/#author"},"creator":{"@id":"https:\/\/www.eldigitaldeasturias.com\/noticias\/author\/admin\/#author"},"image":{"@type":"ImageObject","url":958149,"@id":"https:\/\/www.eldigitaldeasturias.com\/noticias\/zoido-los-suenos-que-tienen-algunos-no-se-van-a-realizar-jamas\/#mainImage"},"primaryImageOfPage":{"@id":"https:\/\/www.eldigitaldeasturias.com\/noticias\/zoido-los-suenos-que-tienen-algunos-no-se-van-a-realizar-jamas\/#mainImage"},"datePublished":"2017-10-30T22:28:03+01:00","dateModified":"2017-10-30T22:28:03+01:00"},{"@type":"WebSite","@id":"https:\/\/www.eldigitaldeasturias.com\/noticias\/#website","url":"https:\/\/www.eldigitaldeasturias.com\/noticias\/","name":"El Digital de Asturias - Diario de actualidad y noticias","alternateName":"El Digital de Asturias - Diario de actualidad y noticias","description":"Hemeroteca","inLanguage":"es-ES","publisher":{"@id":"https:\/\/www.eldigitaldeasturias.com\/noticias\/#organization"}}]},"og:locale":"es_ES","og:site_name":"El Digital de Asturias","og:type":"article","og:title":"Zoido: \u201cLos sue\u00f1os que tienen algunos no se van a realizar jam\u00e1s\u201d - El Digital de Asturias","og:description":"El ministro del Interior de Espa\u00f1a y desde el 27 de octubre, consejero de Interior de la Generalidad de Catalu\u00f1a, ha explicado esta ma\u00f1ana durante una ma\u00f1ana en \u201cEl Programa de Ana Rosa\u201d de Telecinco, que el nombramiento de Ferr\u00e1n L\u00f3pez como nuevo oficial comisario de los Mossos d\u00b4Esquadra se ha decidido por su gran","og:url":"https:\/\/www.eldigitaldeasturias.com\/noticias\/zoido-los-suenos-que-tienen-algunos-no-se-van-a-realizar-jamas\/","article:tag":["actualidad"],"article:published_time":"2017-10-30T22:28:03+00:00","article:modified_time":"2017-10-30T22:28:03+00:00","article:publisher":"https:\/\/facebook.com\/eldigitaldeasturias","twitter:card":"summary_large_image","twitter:title":"Zoido: \u201cLos sue\u00f1os que tienen algunos no se van a realizar jam\u00e1s\u201d - El Digital de Asturias","twitter:description":"El ministro del Interior de Espa\u00f1a y desde el 27 de octubre, consejero de Interior de la Generalidad de Catalu\u00f1a, ha explicado esta ma\u00f1ana durante una ma\u00f1ana en \u201cEl Programa de Ana Rosa\u201d de Telecinco, que el nombramiento de Ferr\u00e1n L\u00f3pez como nuevo oficial comisario de los Mossos d\u00b4Esquadra se ha decidido por su gran","twitter:image":"https:\/\/www.eldigitaldeasturias.com\/noticias\/wp-content\/uploads\/2020\/12\/EDA-1.jpg","twitter:label1":"Escrito por","twitter:data1":"El Digital de Asturias","twitter:label2":"Tiempo de lectura estimado","twitter:data2":"3 minutos"},"aioseo_meta_data":{"post_id":"958148","title":null,"description":null,"keywords":null,"keyphrases":null,"primary_term":null,"canonical_url":null,"og_title":null,"og_description":null,"og_object_type":"default","og_image_type":"default","og_image_url":null,"og_image_width":null,"og_image_height":null,"og_image_custom_url":null,"og_image_custom_fields":null,"og_video":null,"og_custom_url":null,"og_article_section":null,"og_article_tags":null,"twitter_use_og":false,"twitter_card":"default","twitter_image_type":"default","twitter_image_url":null,"twitter_image_custom_url":null,"twitter_image_custom_fields":null,"twitter_title":null,"twitter_description":null,"schema":{"blockGraphs":[],"customGraphs":[],"default":{"data":{"Article":[],"Course":[],"Dataset":[],"FAQPage":[],"Movie":[],"Person":[],"Product":[],"ProductReview":[],"Car":[],"Recipe":[],"Service":[],"SoftwareApplication":[],"WebPage":[]},"graphName":"","isEnabled":true},"graphs":[],"defaultGraph":"","defaultPostTypeGraph":""},"schema_type":null,"schema_type_options":null,"pillar_content":false,"robots_default":true,"robots_noindex":false,"robots_noarchive":false,"robots_nosnippet":false,"robots_nofollow":false,"robots_noimageindex":false,"robots_noodp":false,"robots_notranslate":false,"robots_max_snippet":null,"robots_max_videopreview":null,"robots_max_imagepreview":"large","priority":null,"frequency":null,"local_seo":null,"seo_analyzer_scan_date":"2025-12-06 20:08:21","breadcrumb_settings":null,"limit_modified_date":false,"open_ai":null,"ai":null,"created":"2020-12-21 12:54:18","updated":"2025-12-06 20:08:21","focus_keyword":null,"additional_keywords":null,"truseo_locale":null},"aioseo_breadcrumb":"<div class=\"aioseo-breadcrumbs\"><span class=\"aioseo-breadcrumb\">\n\t<a href=\"https:\/\/www.eldigitaldeasturias.com\/noticias\" title=\"Home\">Home<\/a>\n<\/span><span class=\"aioseo-breadcrumb-separator\">\u2013<\/span><span class=\"aioseo-breadcrumb\">\n\t<a href=\"https:\/\/www.eldigitaldeasturias.com\/noticias\/category\/actualidad\/\" title=\"Actualidad\">Actualidad<\/a>\n<\/span><span class=\"aioseo-breadcrumb-separator\">\u2013<\/span><span class=\"aioseo-breadcrumb\">\n\t<a href=\"https:\/\/www.eldigitaldeasturias.com\/noticias\/zoido-los-suenos-que-tienen-algunos-no-se-van-a-realizar-jamas\/\" title=\"Zoido: \u201cLos sue\u00f1os que tienen algunos no se van a realizar jam\u00e1s\u201d\">Zoido: \u201cLos sue\u00f1os que tienen algunos no se van a realizar jam\u00e1s\u201d<\/a>\n<\/span><\/div>","aioseo_breadcrumb_json":[{"label":"Home","link":"https:\/\/www.eldigitaldeasturias.com\/noticias"},{"label":"Actualidad","link":"https:\/\/www.eldigitaldeasturias.com\/noticias\/category\/actualidad\/"},{"label":"Zoido: \u201cLos sue\u00f1os que tienen algunos no se van a realizar jam\u00e1s\u201d","link":"https:\/\/www.eldigitaldeasturias.com\/noticias\/zoido-los-suenos-que-tienen-algunos-no-se-van-a-realizar-jamas\/"}],"_links":{"self":[{"href":"https:\/\/www.eldigitaldeasturias.com\/noticias\/wp-json\/wp\/v2\/posts\/958148","targetHints":{"allow":["GET"]}}],"collection":[{"href":"https:\/\/www.eldigitaldeasturias.com\/noticias\/wp-json\/wp\/v2\/posts"}],"about":[{"href":"https:\/\/www.eldigitaldeasturias.com\/noticias\/wp-json\/wp\/v2\/types\/post"}],"author":[{"embeddable":true,"href":"https:\/\/www.eldigitaldeasturias.com\/noticias\/wp-json\/wp\/v2\/users\/1"}],"replies":[{"embeddable":true,"href":"https:\/\/www.eldigitaldeasturias.com\/noticias\/wp-json\/wp\/v2\/comments?post=958148"}],"version-history":[{"count":0,"href":"https:\/\/www.eldigitaldeasturias.com\/noticias\/wp-json\/wp\/v2\/posts\/958148\/revisions"}],"wp:attachment":[{"href":"https:\/\/www.eldigitaldeasturias.com\/noticias\/wp-json\/wp\/v2\/media?parent=958148"}],"wp:term":[{"taxonomy":"category","embeddable":true,"href":"https:\/\/www.eldigitaldeasturias.com\/noticias\/wp-json\/wp\/v2\/categories?post=958148"},{"taxonomy":"post_tag","embeddable":true,"href":"https:\/\/www.eldigitaldeasturias.com\/noticias\/wp-json\/wp\/v2\/tags?post=958148"}],"curies":[{"name":"wp","href":"https:\/\/api.w.org\/{rel}","templated":true}]}}