{"id":958131,"date":"2017-10-30T21:40:11","date_gmt":"2017-10-30T21:40:11","guid":{"rendered":"http:\/\/www.eldigitaldeasturias.com\/noticias\/?p=958131"},"modified":"2017-10-30T21:40:11","modified_gmt":"2017-10-30T21:40:11","slug":"autorizada-la-contratacion-del-suministro-de-alimentos-para-el-programa-de-ayuda-alimentaria-a-las-personas-mas-desfavorecidas","status":"publish","type":"post","link":"https:\/\/www.eldigitaldeasturias.com\/noticias\/autorizada-la-contratacion-del-suministro-de-alimentos-para-el-programa-de-ayuda-alimentaria-a-las-personas-mas-desfavorecidas\/","title":{"rendered":"Autorizada la contrataci\u00f3n del suministro de alimentos para el Programa de ayuda alimentaria a las personas m\u00e1s desfavorecidas"},"content":{"rendered":"<p><img loading=\"lazy\" decoding=\"async\" class=\"alignleft size-medium wp-image-958132\" src=\"https:\/\/www.eldigitaldeasturias.com\/noticias\/wp-content\/uploads\/2017\/10\/eating-2780007_960_720-360x222.jpg\" alt=\"\" width=\"360\" height=\"222\" \/>El Consejo de Ministros ha autorizado, a propuesta del Ministerio de Agricultura y Pesca, Alimentaci\u00f3n y Medio Ambiente, la contrataci\u00f3n, por parte del Fondo Espa\u00f1ol de Garant\u00eda Agraria (FEGA), del suministro de alimentos en el marco del Programa de ayuda alimentaria a las personas m\u00e1s desfavorecidas 2018, por un importe de 84.936.812,58 euros, IVA incluido.<\/p>\n<p>\u200bEsta cantidad estar\u00e1 financiada por el Fondo de Ayuda Europea a las personas m\u00e1s desfavorecidas en un 85% y en un 15% por el presupuesto nacional y permitir\u00e1 al FEGA la compra de alimentos mediante un procedimiento de licitaci\u00f3n p\u00fablica, para su posterior distribuci\u00f3n a trav\u00e9s de las organizaciones asociadas.<\/p>\n<p>En concreto, los alimentos que se van a adquirir son arroz blanco, alubias blancas cocidas, leche entera UHT, aceite de oliva, conservas de at\u00fan, pasta alimenticia tipo macarr\u00f3n, tomate frito, galletas, jud\u00edas verdes en conserva, fruta en conserva, cacao soluble, tarritos infantiles, cereales infantiles y leche de continuaci\u00f3n en polvo.<\/p>\n<p>Los alimentos se distribuir\u00e1n en tres fases. Dos de ellas en 2018, en las que se repartir\u00e1 el 64,8% del total, y una tercera fase en el primer trimestre de 2019 en la que se distribuir\u00e1 a las personas beneficiarias el 35,2% restante, para cubrir el periodo hasta la siguiente adjudicaci\u00f3n de alimentos correspondiente al Programa 2019. De esta forma se consigue una distribuci\u00f3n de alimentos m\u00e1s regular a lo largo del a\u00f1o, prestando una mejor asistencia a las personas m\u00e1s desfavorecidas.<\/p>\n<p>&nbsp;<\/p>\n","protected":false},"excerpt":{"rendered":"<p>El Consejo de Ministros ha autorizado, a propuesta del Ministerio de Agricultura y Pesca, Alimentaci\u00f3n y Medio Ambiente, la contrataci\u00f3n, por parte del Fondo Espa\u00f1ol de Garant\u00eda Agraria (FEGA), del suministro de alimentos en el marco del Programa de ayuda alimentaria a las personas m\u00e1s desfavorecidas 2018, por un importe de 84.936.812,58 euros, IVA incluido. [&hellip;]<\/p>\n","protected":false},"author":1,"featured_media":958132,"comment_status":"closed","ping_status":"closed","sticky":false,"template":"","format":"standard","meta":{"footnotes":""},"categories":[1],"tags":[],"class_list":["post-958131","post","type-post","status-publish","format-standard","has-post-thumbnail","hentry","category-actualidad"],"aioseo_notices":[],"aioseo_head":"\n\t\t<!-- All in One SEO Pro 5.0.1 - aioseo.com -->\n\t<meta name=\"description\" content=\"El Consejo de Ministros ha autorizado, a propuesta del Ministerio de Agricultura y Pesca, Alimentaci\u00f3n y Medio Ambiente, la contrataci\u00f3n, por parte del Fondo Espa\u00f1ol de Garant\u00eda Agraria (FEGA), del suministro de alimentos en el marco del Programa de ayuda alimentaria a las personas m\u00e1s desfavorecidas 2018, por un importe de 84.936.812,58 euros, IVA incluido.\" \/>\n\t<meta name=\"robots\" content=\"max-image-preview:large\" \/>\n\t<meta name=\"author\" content=\"El Digital de Asturias\"\/>\n\t<meta name=\"google-site-verification\" content=\"UA-38556648-1\" \/>\n\t<meta name=\"msvalidate.01\" content=\"7dfe9f3f1b24437ab69f4f2559babe99\" \/>\n\t<meta name=\"keywords\" content=\"actualidad\" \/>\n\t<link rel=\"canonical\" href=\"https:\/\/www.eldigitaldeasturias.com\/noticias\/autorizada-la-contratacion-del-suministro-de-alimentos-para-el-programa-de-ayuda-alimentaria-a-las-personas-mas-desfavorecidas\/\" \/>\n\t<meta name=\"generator\" content=\"All in One SEO Pro (AIOSEO) 5.0.1\" \/>\n\t\t<meta property=\"og:locale\" content=\"es_ES\" \/>\n\t\t<meta property=\"og:site_name\" content=\"El Digital de Asturias\" \/>\n\t\t<meta property=\"og:type\" content=\"article\" \/>\n\t\t<meta property=\"og:title\" content=\"Autorizada la contrataci\u00f3n del suministro de alimentos para el Programa de ayuda alimentaria a las personas m\u00e1s desfavorecidas - El Digital de Asturias\" \/>\n\t\t<meta property=\"og:description\" content=\"El Consejo de Ministros ha autorizado, a propuesta del Ministerio de Agricultura y Pesca, Alimentaci\u00f3n y Medio Ambiente, la contrataci\u00f3n, por parte del Fondo Espa\u00f1ol de Garant\u00eda Agraria (FEGA), del suministro de alimentos en el marco del Programa de ayuda alimentaria a las personas m\u00e1s desfavorecidas 2018, por un importe de 84.936.812,58 euros, IVA incluido.\" \/>\n\t\t<meta property=\"og:url\" content=\"https:\/\/www.eldigitaldeasturias.com\/noticias\/autorizada-la-contratacion-del-suministro-de-alimentos-para-el-programa-de-ayuda-alimentaria-a-las-personas-mas-desfavorecidas\/\" \/>\n\t\t<meta property=\"article:tag\" content=\"actualidad\" \/>\n\t\t<meta property=\"article:published_time\" content=\"2017-10-30T21:40:11+00:00\" \/>\n\t\t<meta property=\"article:modified_time\" content=\"2017-10-30T21:40:11+00:00\" \/>\n\t\t<meta property=\"article:publisher\" content=\"https:\/\/facebook.com\/eldigitaldeasturias\" \/>\n\t\t<meta name=\"twitter:card\" content=\"summary_large_image\" \/>\n\t\t<meta name=\"twitter:title\" content=\"Autorizada la contrataci\u00f3n del suministro de alimentos para el Programa de ayuda alimentaria a las personas m\u00e1s desfavorecidas - El Digital de Asturias\" \/>\n\t\t<meta name=\"twitter:description\" content=\"El Consejo de Ministros ha autorizado, a propuesta del Ministerio de Agricultura y Pesca, Alimentaci\u00f3n y Medio Ambiente, la contrataci\u00f3n, por parte del Fondo Espa\u00f1ol de Garant\u00eda Agraria (FEGA), del suministro de alimentos en el marco del Programa de ayuda alimentaria a las personas m\u00e1s desfavorecidas 2018, por un importe de 84.936.812,58 euros, IVA incluido.\" \/>\n\t\t<meta name=\"twitter:image\" content=\"https:\/\/www.eldigitaldeasturias.com\/noticias\/wp-content\/uploads\/2020\/12\/EDA-1.jpg\" \/>\n\t\t<meta name=\"twitter:label1\" content=\"Escrito por\" \/>\n\t\t<meta name=\"twitter:data1\" content=\"El Digital de Asturias\" \/>\n\t\t<meta name=\"twitter:label2\" content=\"Tiempo de lectura estimado\" \/>\n\t\t<meta name=\"twitter:data2\" content=\"1 minuto\" \/>\n\t\t<script type=\"application\/ld+json\" class=\"aioseo-schema\">\n\t\t\t{\"@context\":\"https:\\\/\\\/schema.org\",\"@graph\":[{\"@type\":\"BlogPosting\",\"@id\":\"https:\\\/\\\/www.eldigitaldeasturias.com\\\/noticias\\\/autorizada-la-contratacion-del-suministro-de-alimentos-para-el-programa-de-ayuda-alimentaria-a-las-personas-mas-desfavorecidas\\\/#blogposting\",\"name\":\"Autorizada la contrataci\\u00f3n del suministro de alimentos para el Programa de ayuda alimentaria a las personas m\\u00e1s desfavorecidas - El Digital de Asturias\",\"headline\":\"Autorizada la contrataci\\u00f3n del suministro de alimentos para el Programa de ayuda alimentaria a las personas m\\u00e1s desfavorecidas\",\"author\":{\"@id\":\"https:\\\/\\\/www.eldigitaldeasturias.com\\\/noticias\\\/author\\\/admin\\\/#author\"},\"publisher\":{\"@id\":\"https:\\\/\\\/www.eldigitaldeasturias.com\\\/noticias\\\/#organization\"},\"image\":{\"@type\":\"ImageObject\",\"url\":958132},\"datePublished\":\"2017-10-30T21:40:11+01:00\",\"dateModified\":\"2017-10-30T21:40:11+01:00\",\"inLanguage\":\"es-ES\",\"mainEntityOfPage\":{\"@id\":\"https:\\\/\\\/www.eldigitaldeasturias.com\\\/noticias\\\/autorizada-la-contratacion-del-suministro-de-alimentos-para-el-programa-de-ayuda-alimentaria-a-las-personas-mas-desfavorecidas\\\/#webpage\"},\"isPartOf\":{\"@id\":\"https:\\\/\\\/www.eldigitaldeasturias.com\\\/noticias\\\/autorizada-la-contratacion-del-suministro-de-alimentos-para-el-programa-de-ayuda-alimentaria-a-las-personas-mas-desfavorecidas\\\/#webpage\"},\"articleSection\":\"Actualidad\"},{\"@type\":\"BreadcrumbList\",\"@id\":\"https:\\\/\\\/www.eldigitaldeasturias.com\\\/noticias\\\/autorizada-la-contratacion-del-suministro-de-alimentos-para-el-programa-de-ayuda-alimentaria-a-las-personas-mas-desfavorecidas\\\/#breadcrumblist\",\"itemListElement\":[{\"@type\":\"ListItem\",\"@id\":\"https:\\\/\\\/www.eldigitaldeasturias.com\\\/noticias#listItem\",\"position\":1,\"name\":\"Home\",\"item\":\"https:\\\/\\\/www.eldigitaldeasturias.com\\\/noticias\",\"nextItem\":{\"@type\":\"ListItem\",\"@id\":\"https:\\\/\\\/www.eldigitaldeasturias.com\\\/noticias\\\/category\\\/actualidad\\\/#listItem\",\"name\":\"Actualidad\"}},{\"@type\":\"ListItem\",\"@id\":\"https:\\\/\\\/www.eldigitaldeasturias.com\\\/noticias\\\/category\\\/actualidad\\\/#listItem\",\"position\":2,\"name\":\"Actualidad\",\"item\":\"https:\\\/\\\/www.eldigitaldeasturias.com\\\/noticias\\\/category\\\/actualidad\\\/\",\"nextItem\":{\"@type\":\"ListItem\",\"@id\":\"https:\\\/\\\/www.eldigitaldeasturias.com\\\/noticias\\\/autorizada-la-contratacion-del-suministro-de-alimentos-para-el-programa-de-ayuda-alimentaria-a-las-personas-mas-desfavorecidas\\\/#listItem\",\"name\":\"Autorizada la contrataci\\u00f3n del suministro de alimentos para el Programa de ayuda alimentaria a las personas m\\u00e1s desfavorecidas\"},\"previousItem\":{\"@type\":\"ListItem\",\"@id\":\"https:\\\/\\\/www.eldigitaldeasturias.com\\\/noticias#listItem\",\"name\":\"Home\"}},{\"@type\":\"ListItem\",\"@id\":\"https:\\\/\\\/www.eldigitaldeasturias.com\\\/noticias\\\/autorizada-la-contratacion-del-suministro-de-alimentos-para-el-programa-de-ayuda-alimentaria-a-las-personas-mas-desfavorecidas\\\/#listItem\",\"position\":3,\"name\":\"Autorizada la contrataci\\u00f3n del suministro de alimentos para el Programa de ayuda alimentaria a las personas m\\u00e1s desfavorecidas\",\"previousItem\":{\"@type\":\"ListItem\",\"@id\":\"https:\\\/\\\/www.eldigitaldeasturias.com\\\/noticias\\\/category\\\/actualidad\\\/#listItem\",\"name\":\"Actualidad\"}}]},{\"@type\":\"Organization\",\"@id\":\"https:\\\/\\\/www.eldigitaldeasturias.com\\\/noticias\\\/#organization\",\"name\":\"El Digital de Asturias\",\"description\":\"Hemeroteca\",\"url\":\"https:\\\/\\\/www.eldigitaldeasturias.com\\\/noticias\\\/\",\"email\":\"info@eldigitaldeasturias.com\",\"telephone\":\"+34652131393\",\"logo\":{\"@type\":\"ImageObject\",\"url\":\"https:\\\/\\\/www.eldigitaldeasturias.com\\\/noticias\\\/wp-content\\\/uploads\\\/2020\\\/12\\\/EDA.jpg\",\"@id\":\"https:\\\/\\\/www.eldigitaldeasturias.com\\\/noticias\\\/autorizada-la-contratacion-del-suministro-de-alimentos-para-el-programa-de-ayuda-alimentaria-a-las-personas-mas-desfavorecidas\\\/#organizationLogo\"},\"image\":{\"@id\":\"https:\\\/\\\/www.eldigitaldeasturias.com\\\/noticias\\\/autorizada-la-contratacion-del-suministro-de-alimentos-para-el-programa-de-ayuda-alimentaria-a-las-personas-mas-desfavorecidas\\\/#organizationLogo\"},\"sameAs\":[\"https:\\\/\\\/facebook.com\\\/eldigitaldeasturias\",\"https:\\\/\\\/www.youtube.com\\\/channel\\\/UCZP-2wLEB9Rv6erhFmqVnvg\"],\"address\":{\"@id\":\"https:\\\/\\\/www.eldigitaldeasturias.com\\\/noticias\\\/#postaladdress\",\"@type\":\"PostalAddress\",\"streetAddress\":\"san antonio 4\",\"postalCode\":\"33430\",\"addressLocality\":\"Cand\\u00e1s\",\"addressRegion\":\"Asturias\",\"addressCountry\":\"ES\"}},{\"@type\":\"Person\",\"@id\":\"https:\\\/\\\/www.eldigitaldeasturias.com\\\/noticias\\\/author\\\/admin\\\/#author\",\"url\":\"https:\\\/\\\/www.eldigitaldeasturias.com\\\/noticias\\\/author\\\/admin\\\/\",\"name\":\"El Digital de Asturias\",\"image\":{\"@type\":\"ImageObject\",\"@id\":\"https:\\\/\\\/www.eldigitaldeasturias.com\\\/noticias\\\/autorizada-la-contratacion-del-suministro-de-alimentos-para-el-programa-de-ayuda-alimentaria-a-las-personas-mas-desfavorecidas\\\/#authorImage\",\"url\":\"https:\\\/\\\/secure.gravatar.com\\\/avatar\\\/df2aeffc32bcd13f8d26072ef8a91b623d677766deac7f97ca815868cd41bf5e?s=96&d=mm&r=g\",\"width\":96,\"height\":96,\"caption\":\"El Digital de Asturias\"}},{\"@type\":\"WebPage\",\"@id\":\"https:\\\/\\\/www.eldigitaldeasturias.com\\\/noticias\\\/autorizada-la-contratacion-del-suministro-de-alimentos-para-el-programa-de-ayuda-alimentaria-a-las-personas-mas-desfavorecidas\\\/#webpage\",\"url\":\"https:\\\/\\\/www.eldigitaldeasturias.com\\\/noticias\\\/autorizada-la-contratacion-del-suministro-de-alimentos-para-el-programa-de-ayuda-alimentaria-a-las-personas-mas-desfavorecidas\\\/\",\"name\":\"Autorizada la contrataci\\u00f3n del suministro de alimentos para el Programa de ayuda alimentaria a las personas m\\u00e1s desfavorecidas - El Digital de Asturias\",\"description\":\"El Consejo de Ministros ha autorizado, a propuesta del Ministerio de Agricultura y Pesca, Alimentaci\\u00f3n y Medio Ambiente, la contrataci\\u00f3n, por parte del Fondo Espa\\u00f1ol de Garant\\u00eda Agraria (FEGA), del suministro de alimentos en el marco del Programa de ayuda alimentaria a las personas m\\u00e1s desfavorecidas 2018, por un importe de 84.936.812,58 euros, IVA incluido.\",\"inLanguage\":\"es-ES\",\"isPartOf\":{\"@id\":\"https:\\\/\\\/www.eldigitaldeasturias.com\\\/noticias\\\/#website\"},\"breadcrumb\":{\"@id\":\"https:\\\/\\\/www.eldigitaldeasturias.com\\\/noticias\\\/autorizada-la-contratacion-del-suministro-de-alimentos-para-el-programa-de-ayuda-alimentaria-a-las-personas-mas-desfavorecidas\\\/#breadcrumblist\"},\"author\":{\"@id\":\"https:\\\/\\\/www.eldigitaldeasturias.com\\\/noticias\\\/author\\\/admin\\\/#author\"},\"creator\":{\"@id\":\"https:\\\/\\\/www.eldigitaldeasturias.com\\\/noticias\\\/author\\\/admin\\\/#author\"},\"image\":{\"@type\":\"ImageObject\",\"url\":958132,\"@id\":\"https:\\\/\\\/www.eldigitaldeasturias.com\\\/noticias\\\/autorizada-la-contratacion-del-suministro-de-alimentos-para-el-programa-de-ayuda-alimentaria-a-las-personas-mas-desfavorecidas\\\/#mainImage\"},\"primaryImageOfPage\":{\"@id\":\"https:\\\/\\\/www.eldigitaldeasturias.com\\\/noticias\\\/autorizada-la-contratacion-del-suministro-de-alimentos-para-el-programa-de-ayuda-alimentaria-a-las-personas-mas-desfavorecidas\\\/#mainImage\"},\"datePublished\":\"2017-10-30T21:40:11+01:00\",\"dateModified\":\"2017-10-30T21:40:11+01:00\"},{\"@type\":\"WebSite\",\"@id\":\"https:\\\/\\\/www.eldigitaldeasturias.com\\\/noticias\\\/#website\",\"url\":\"https:\\\/\\\/www.eldigitaldeasturias.com\\\/noticias\\\/\",\"name\":\"El Digital de Asturias - Diario de actualidad y noticias\",\"alternateName\":\"El Digital de Asturias - Diario de actualidad y noticias\",\"description\":\"Hemeroteca\",\"inLanguage\":\"es-ES\",\"publisher\":{\"@id\":\"https:\\\/\\\/www.eldigitaldeasturias.com\\\/noticias\\\/#organization\"}}]}\n\t\t<\/script>\n\t\t<!-- All in One SEO Pro -->\r\n\t\t<title>Autorizada la contrataci\u00f3n del suministro de alimentos para el Programa de ayuda alimentaria a las personas m\u00e1s desfavorecidas - El Digital de Asturias<\/title>\n\n","aioseo_head_json":{"title":"Autorizada la contrataci\u00f3n del suministro de alimentos para el Programa de ayuda alimentaria a las personas m\u00e1s desfavorecidas - El Digital de Asturias","description":"El Consejo de Ministros ha autorizado, a propuesta del Ministerio de Agricultura y Pesca, Alimentaci\u00f3n y Medio Ambiente, la contrataci\u00f3n, por parte del Fondo Espa\u00f1ol de Garant\u00eda Agraria (FEGA), del suministro de alimentos en el marco del Programa de ayuda alimentaria a las personas m\u00e1s desfavorecidas 2018, por un importe de 84.936.812,58 euros, IVA incluido.","canonical_url":"https:\/\/www.eldigitaldeasturias.com\/noticias\/autorizada-la-contratacion-del-suministro-de-alimentos-para-el-programa-de-ayuda-alimentaria-a-las-personas-mas-desfavorecidas\/","robots":"max-image-preview:large","keywords":"actualidad","webmasterTools":{"google-site-verification":"UA-38556648-1","msvalidate.01":"7dfe9f3f1b24437ab69f4f2559babe99","miscellaneous":""},"schema":{"@context":"https:\/\/schema.org","@graph":[{"@type":"BlogPosting","@id":"https:\/\/www.eldigitaldeasturias.com\/noticias\/autorizada-la-contratacion-del-suministro-de-alimentos-para-el-programa-de-ayuda-alimentaria-a-las-personas-mas-desfavorecidas\/#blogposting","name":"Autorizada la contrataci\u00f3n del suministro de alimentos para el Programa de ayuda alimentaria a las personas m\u00e1s desfavorecidas - El Digital de Asturias","headline":"Autorizada la contrataci\u00f3n del suministro de alimentos para el Programa de ayuda alimentaria a las personas m\u00e1s desfavorecidas","author":{"@id":"https:\/\/www.eldigitaldeasturias.com\/noticias\/author\/admin\/#author"},"publisher":{"@id":"https:\/\/www.eldigitaldeasturias.com\/noticias\/#organization"},"image":{"@type":"ImageObject","url":958132},"datePublished":"2017-10-30T21:40:11+01:00","dateModified":"2017-10-30T21:40:11+01:00","inLanguage":"es-ES","mainEntityOfPage":{"@id":"https:\/\/www.eldigitaldeasturias.com\/noticias\/autorizada-la-contratacion-del-suministro-de-alimentos-para-el-programa-de-ayuda-alimentaria-a-las-personas-mas-desfavorecidas\/#webpage"},"isPartOf":{"@id":"https:\/\/www.eldigitaldeasturias.com\/noticias\/autorizada-la-contratacion-del-suministro-de-alimentos-para-el-programa-de-ayuda-alimentaria-a-las-personas-mas-desfavorecidas\/#webpage"},"articleSection":"Actualidad"},{"@type":"BreadcrumbList","@id":"https:\/\/www.eldigitaldeasturias.com\/noticias\/autorizada-la-contratacion-del-suministro-de-alimentos-para-el-programa-de-ayuda-alimentaria-a-las-personas-mas-desfavorecidas\/#breadcrumblist","itemListElement":[{"@type":"ListItem","@id":"https:\/\/www.eldigitaldeasturias.com\/noticias#listItem","position":1,"name":"Home","item":"https:\/\/www.eldigitaldeasturias.com\/noticias","nextItem":{"@type":"ListItem","@id":"https:\/\/www.eldigitaldeasturias.com\/noticias\/category\/actualidad\/#listItem","name":"Actualidad"}},{"@type":"ListItem","@id":"https:\/\/www.eldigitaldeasturias.com\/noticias\/category\/actualidad\/#listItem","position":2,"name":"Actualidad","item":"https:\/\/www.eldigitaldeasturias.com\/noticias\/category\/actualidad\/","nextItem":{"@type":"ListItem","@id":"https:\/\/www.eldigitaldeasturias.com\/noticias\/autorizada-la-contratacion-del-suministro-de-alimentos-para-el-programa-de-ayuda-alimentaria-a-las-personas-mas-desfavorecidas\/#listItem","name":"Autorizada la contrataci\u00f3n del suministro de alimentos para el Programa de ayuda alimentaria a las personas m\u00e1s desfavorecidas"},"previousItem":{"@type":"ListItem","@id":"https:\/\/www.eldigitaldeasturias.com\/noticias#listItem","name":"Home"}},{"@type":"ListItem","@id":"https:\/\/www.eldigitaldeasturias.com\/noticias\/autorizada-la-contratacion-del-suministro-de-alimentos-para-el-programa-de-ayuda-alimentaria-a-las-personas-mas-desfavorecidas\/#listItem","position":3,"name":"Autorizada la contrataci\u00f3n del suministro de alimentos para el Programa de ayuda alimentaria a las personas m\u00e1s desfavorecidas","previousItem":{"@type":"ListItem","@id":"https:\/\/www.eldigitaldeasturias.com\/noticias\/category\/actualidad\/#listItem","name":"Actualidad"}}]},{"@type":"Organization","@id":"https:\/\/www.eldigitaldeasturias.com\/noticias\/#organization","name":"El Digital de Asturias","description":"Hemeroteca","url":"https:\/\/www.eldigitaldeasturias.com\/noticias\/","email":"info@eldigitaldeasturias.com","telephone":"+34652131393","logo":{"@type":"ImageObject","url":"https:\/\/www.eldigitaldeasturias.com\/noticias\/wp-content\/uploads\/2020\/12\/EDA.jpg","@id":"https:\/\/www.eldigitaldeasturias.com\/noticias\/autorizada-la-contratacion-del-suministro-de-alimentos-para-el-programa-de-ayuda-alimentaria-a-las-personas-mas-desfavorecidas\/#organizationLogo"},"image":{"@id":"https:\/\/www.eldigitaldeasturias.com\/noticias\/autorizada-la-contratacion-del-suministro-de-alimentos-para-el-programa-de-ayuda-alimentaria-a-las-personas-mas-desfavorecidas\/#organizationLogo"},"sameAs":["https:\/\/facebook.com\/eldigitaldeasturias","https:\/\/www.youtube.com\/channel\/UCZP-2wLEB9Rv6erhFmqVnvg"],"address":{"@id":"https:\/\/www.eldigitaldeasturias.com\/noticias\/#postaladdress","@type":"PostalAddress","streetAddress":"san antonio 4","postalCode":"33430","addressLocality":"Cand\u00e1s","addressRegion":"Asturias","addressCountry":"ES"}},{"@type":"Person","@id":"https:\/\/www.eldigitaldeasturias.com\/noticias\/author\/admin\/#author","url":"https:\/\/www.eldigitaldeasturias.com\/noticias\/author\/admin\/","name":"El Digital de Asturias","image":{"@type":"ImageObject","@id":"https:\/\/www.eldigitaldeasturias.com\/noticias\/autorizada-la-contratacion-del-suministro-de-alimentos-para-el-programa-de-ayuda-alimentaria-a-las-personas-mas-desfavorecidas\/#authorImage","url":"https:\/\/secure.gravatar.com\/avatar\/df2aeffc32bcd13f8d26072ef8a91b623d677766deac7f97ca815868cd41bf5e?s=96&d=mm&r=g","width":96,"height":96,"caption":"El Digital de Asturias"}},{"@type":"WebPage","@id":"https:\/\/www.eldigitaldeasturias.com\/noticias\/autorizada-la-contratacion-del-suministro-de-alimentos-para-el-programa-de-ayuda-alimentaria-a-las-personas-mas-desfavorecidas\/#webpage","url":"https:\/\/www.eldigitaldeasturias.com\/noticias\/autorizada-la-contratacion-del-suministro-de-alimentos-para-el-programa-de-ayuda-alimentaria-a-las-personas-mas-desfavorecidas\/","name":"Autorizada la contrataci\u00f3n del suministro de alimentos para el Programa de ayuda alimentaria a las personas m\u00e1s desfavorecidas - El Digital de Asturias","description":"El Consejo de Ministros ha autorizado, a propuesta del Ministerio de Agricultura y Pesca, Alimentaci\u00f3n y Medio Ambiente, la contrataci\u00f3n, por parte del Fondo Espa\u00f1ol de Garant\u00eda Agraria (FEGA), del suministro de alimentos en el marco del Programa de ayuda alimentaria a las personas m\u00e1s desfavorecidas 2018, por un importe de 84.936.812,58 euros, IVA incluido.","inLanguage":"es-ES","isPartOf":{"@id":"https:\/\/www.eldigitaldeasturias.com\/noticias\/#website"},"breadcrumb":{"@id":"https:\/\/www.eldigitaldeasturias.com\/noticias\/autorizada-la-contratacion-del-suministro-de-alimentos-para-el-programa-de-ayuda-alimentaria-a-las-personas-mas-desfavorecidas\/#breadcrumblist"},"author":{"@id":"https:\/\/www.eldigitaldeasturias.com\/noticias\/author\/admin\/#author"},"creator":{"@id":"https:\/\/www.eldigitaldeasturias.com\/noticias\/author\/admin\/#author"},"image":{"@type":"ImageObject","url":958132,"@id":"https:\/\/www.eldigitaldeasturias.com\/noticias\/autorizada-la-contratacion-del-suministro-de-alimentos-para-el-programa-de-ayuda-alimentaria-a-las-personas-mas-desfavorecidas\/#mainImage"},"primaryImageOfPage":{"@id":"https:\/\/www.eldigitaldeasturias.com\/noticias\/autorizada-la-contratacion-del-suministro-de-alimentos-para-el-programa-de-ayuda-alimentaria-a-las-personas-mas-desfavorecidas\/#mainImage"},"datePublished":"2017-10-30T21:40:11+01:00","dateModified":"2017-10-30T21:40:11+01:00"},{"@type":"WebSite","@id":"https:\/\/www.eldigitaldeasturias.com\/noticias\/#website","url":"https:\/\/www.eldigitaldeasturias.com\/noticias\/","name":"El Digital de Asturias - Diario de actualidad y noticias","alternateName":"El Digital de Asturias - Diario de actualidad y noticias","description":"Hemeroteca","inLanguage":"es-ES","publisher":{"@id":"https:\/\/www.eldigitaldeasturias.com\/noticias\/#organization"}}]},"og:locale":"es_ES","og:site_name":"El Digital de Asturias","og:type":"article","og:title":"Autorizada la contrataci\u00f3n del suministro de alimentos para el Programa de ayuda alimentaria a las personas m\u00e1s desfavorecidas - El Digital de Asturias","og:description":"El Consejo de Ministros ha autorizado, a propuesta del Ministerio de Agricultura y Pesca, Alimentaci\u00f3n y Medio Ambiente, la contrataci\u00f3n, por parte del Fondo Espa\u00f1ol de Garant\u00eda Agraria (FEGA), del suministro de alimentos en el marco del Programa de ayuda alimentaria a las personas m\u00e1s desfavorecidas 2018, por un importe de 84.936.812,58 euros, IVA incluido.","og:url":"https:\/\/www.eldigitaldeasturias.com\/noticias\/autorizada-la-contratacion-del-suministro-de-alimentos-para-el-programa-de-ayuda-alimentaria-a-las-personas-mas-desfavorecidas\/","article:tag":["actualidad"],"article:published_time":"2017-10-30T21:40:11+00:00","article:modified_time":"2017-10-30T21:40:11+00:00","article:publisher":"https:\/\/facebook.com\/eldigitaldeasturias","twitter:card":"summary_large_image","twitter:title":"Autorizada la contrataci\u00f3n del suministro de alimentos para el Programa de ayuda alimentaria a las personas m\u00e1s desfavorecidas - El Digital de Asturias","twitter:description":"El Consejo de Ministros ha autorizado, a propuesta del Ministerio de Agricultura y Pesca, Alimentaci\u00f3n y Medio Ambiente, la contrataci\u00f3n, por parte del Fondo Espa\u00f1ol de Garant\u00eda Agraria (FEGA), del suministro de alimentos en el marco del Programa de ayuda alimentaria a las personas m\u00e1s desfavorecidas 2018, por un importe de 84.936.812,58 euros, IVA incluido.","twitter:image":"https:\/\/www.eldigitaldeasturias.com\/noticias\/wp-content\/uploads\/2020\/12\/EDA-1.jpg","twitter:label1":"Escrito por","twitter:data1":"El Digital de Asturias","twitter:label2":"Tiempo de lectura estimado","twitter:data2":"1 minuto"},"aioseo_meta_data":{"post_id":"958131","title":null,"description":null,"keywords":null,"keyphrases":null,"primary_term":null,"canonical_url":null,"og_title":null,"og_description":null,"og_object_type":"default","og_image_type":"default","og_image_url":null,"og_image_width":null,"og_image_height":null,"og_image_custom_url":null,"og_image_custom_fields":null,"og_video":null,"og_custom_url":null,"og_article_section":null,"og_article_tags":null,"twitter_use_og":false,"twitter_card":"default","twitter_image_type":"default","twitter_image_url":null,"twitter_image_custom_url":null,"twitter_image_custom_fields":null,"twitter_title":null,"twitter_description":null,"schema":{"blockGraphs":[],"customGraphs":[],"default":{"data":{"Article":[],"Course":[],"Dataset":[],"FAQPage":[],"Movie":[],"Person":[],"Product":[],"ProductReview":[],"Car":[],"Recipe":[],"Service":[],"SoftwareApplication":[],"WebPage":[]},"graphName":"","isEnabled":true},"graphs":[],"defaultGraph":"","defaultPostTypeGraph":""},"schema_type":null,"schema_type_options":null,"pillar_content":false,"robots_default":true,"robots_noindex":false,"robots_noarchive":false,"robots_nosnippet":false,"robots_nofollow":false,"robots_noimageindex":false,"robots_noodp":false,"robots_notranslate":false,"robots_max_snippet":null,"robots_max_videopreview":null,"robots_max_imagepreview":"large","priority":null,"frequency":null,"local_seo":null,"seo_analyzer_scan_date":"2025-12-06 20:04:13","breadcrumb_settings":null,"limit_modified_date":false,"open_ai":null,"ai":null,"created":"2020-12-21 12:54:18","updated":"2025-12-06 20:04:13","focus_keyword":null,"additional_keywords":null,"truseo_locale":null},"aioseo_breadcrumb":"<div class=\"aioseo-breadcrumbs\"><span class=\"aioseo-breadcrumb\">\n\t<a href=\"https:\/\/www.eldigitaldeasturias.com\/noticias\" title=\"Home\">Home<\/a>\n<\/span><span class=\"aioseo-breadcrumb-separator\">\u2013<\/span><span class=\"aioseo-breadcrumb\">\n\t<a href=\"https:\/\/www.eldigitaldeasturias.com\/noticias\/category\/actualidad\/\" title=\"Actualidad\">Actualidad<\/a>\n<\/span><span class=\"aioseo-breadcrumb-separator\">\u2013<\/span><span class=\"aioseo-breadcrumb\">\n\t<a href=\"https:\/\/www.eldigitaldeasturias.com\/noticias\/autorizada-la-contratacion-del-suministro-de-alimentos-para-el-programa-de-ayuda-alimentaria-a-las-personas-mas-desfavorecidas\/\" title=\"Autorizada la contrataci\u00f3n del suministro de alimentos para el Programa de ayuda alimentaria a las personas m\u00e1s desfavorecidas\">Autorizada la contrataci\u00f3n del suministro de alimentos para el Programa de ayuda alimentaria a las personas m\u00e1s desfavorecidas<\/a>\n<\/span><\/div>","aioseo_breadcrumb_json":[{"label":"Home","link":"https:\/\/www.eldigitaldeasturias.com\/noticias"},{"label":"Actualidad","link":"https:\/\/www.eldigitaldeasturias.com\/noticias\/category\/actualidad\/"},{"label":"Autorizada la contrataci\u00f3n del suministro de alimentos para el Programa de ayuda alimentaria a las personas m\u00e1s desfavorecidas","link":"https:\/\/www.eldigitaldeasturias.com\/noticias\/autorizada-la-contratacion-del-suministro-de-alimentos-para-el-programa-de-ayuda-alimentaria-a-las-personas-mas-desfavorecidas\/"}],"_links":{"self":[{"href":"https:\/\/www.eldigitaldeasturias.com\/noticias\/wp-json\/wp\/v2\/posts\/958131","targetHints":{"allow":["GET"]}}],"collection":[{"href":"https:\/\/www.eldigitaldeasturias.com\/noticias\/wp-json\/wp\/v2\/posts"}],"about":[{"href":"https:\/\/www.eldigitaldeasturias.com\/noticias\/wp-json\/wp\/v2\/types\/post"}],"author":[{"embeddable":true,"href":"https:\/\/www.eldigitaldeasturias.com\/noticias\/wp-json\/wp\/v2\/users\/1"}],"replies":[{"embeddable":true,"href":"https:\/\/www.eldigitaldeasturias.com\/noticias\/wp-json\/wp\/v2\/comments?post=958131"}],"version-history":[{"count":0,"href":"https:\/\/www.eldigitaldeasturias.com\/noticias\/wp-json\/wp\/v2\/posts\/958131\/revisions"}],"wp:attachment":[{"href":"https:\/\/www.eldigitaldeasturias.com\/noticias\/wp-json\/wp\/v2\/media?parent=958131"}],"wp:term":[{"taxonomy":"category","embeddable":true,"href":"https:\/\/www.eldigitaldeasturias.com\/noticias\/wp-json\/wp\/v2\/categories?post=958131"},{"taxonomy":"post_tag","embeddable":true,"href":"https:\/\/www.eldigitaldeasturias.com\/noticias\/wp-json\/wp\/v2\/tags?post=958131"}],"curies":[{"name":"wp","href":"https:\/\/api.w.org\/{rel}","templated":true}]}}