{"id":958129,"date":"2017-10-30T21:37:46","date_gmt":"2017-10-30T21:37:46","guid":{"rendered":"http:\/\/www.eldigitaldeasturias.com\/noticias\/?p=958129"},"modified":"2017-10-30T21:37:46","modified_gmt":"2017-10-30T21:37:46","slug":"comunicado-del-ministerio-del-interior-sobre-la-aplicacion-del-articulo-155-de-la-constitucion","status":"publish","type":"post","link":"https:\/\/www.eldigitaldeasturias.com\/noticias\/comunicado-del-ministerio-del-interior-sobre-la-aplicacion-del-articulo-155-de-la-constitucion\/","title":{"rendered":"Comunicado del Ministerio del Interior sobre la aplicaci\u00f3n del art\u00edculo 155 de la Constituci\u00f3n"},"content":{"rendered":"<p>El Ministerio del Interior, en aplicaci\u00f3n del art\u00edculo 155 de la Constituci\u00f3n, desarrollar\u00e1 las competencias que le corresponden respecto al Departament d&#8217;Interior de la Generalitat de Catalunya bajo las siguientes premisas:<\/p>\n<p>Garantizar los derechos y libertades de todos los ciudadanos de Catalunya<\/p>\n<p>Velar por el cumplimiento de los principios recogidos en la Constituci\u00f3n y el Estatut<br \/>\nM\u00ednima intervenci\u00f3n imprescindible<\/p>\n<p>Exigencia de la lealtad constitucional<\/p>\n<p>Absoluto reconocimiento a la profesionalidad de los agentes que integran los Mossos d\u00b4Esquadra<\/p>\n<p><strong>Organigrama de los Mossos d\u00b4Esquadra, m\u00ednima intervenci\u00f3n imprescindible<\/strong><\/p>\n<p>Una vez acordada la destituci\u00f3n del president de la Generalitat de Catalunya y del conseller titular del Departament d\u00b4Interior, en aplicaci\u00f3n de las medidas aprobadas por el Senado en referencia al art\u00edculo 155 de la Constituci\u00f3n Espa\u00f1ola, se proceder\u00e1, con el m\u00e1ximo respeto a los profesionales que integran el Departament d\u00b4Interior, a la destituci\u00f3n de los siguientes responsables pol\u00edticos dependientes del conseller: el secretario general de Interior y el director general de la Polic\u00eda de la Generalitat, as\u00ed como del major de los Mossos d&#8217;Esquadra.<\/p>\n<p>En los dos primeros casos se realizan por su vinculaci\u00f3n con postulados de car\u00e1cter pol\u00edtico que est\u00e1n en la base de la aplicaci\u00f3n del art\u00edculo 155 de la Constituci\u00f3n, y en el tercero por la situaci\u00f3n judicial en la que se encuentra, que hace desaconsejable que en tales circunstancias est\u00e9 al frente del Cuerpo Policial.<\/p>\n<p><strong>a).- Secretar\u00eda General de Interior<\/strong><\/p>\n<p>Al quedar asumidas las competencias del conseller del Departament d\u00b4Interior por la Comisi\u00f3n Delegada para Catalu\u00f1a, la gesti\u00f3n directa del Departament d\u00b4Interior recaer\u00e1 en su actual segundo \u00f3rgano: la Secretar\u00eda General de Interior, de la que se har\u00e1 cargo Juan Antonio Puigserver, actual secretario general t\u00e9cnico del Ministerio del Interior.<\/p>\n<p>Se trata de una sustituci\u00f3n de car\u00e1cter puramente t\u00e9cnico, que recae en un profesional gran conocedor de las materias de seguridad e Interior y que es miembro de la Junta de Seguridad de Catalu\u00f1a. Destacan tambi\u00e9n que la mayor parte de su etapa profesional la ha desarrollado en Catalu\u00f1a y que habla catal\u00e1n.<\/p>\n<p><strong>b).- Direcci\u00f3n General de la Polic\u00eda<\/strong><\/p>\n<p>El Ministerio del Interior ha decidido no cubrir el puesto de director general de la Polic\u00eda, por cuanto sus responsabilidades t\u00e9cnicas pueden ser distribuidas entre el secretario general de Interior y el jefe de los Mossos d\u00b4Esquadra. Igualmente se considera absolutamente prescindible el componente pol\u00edtico que conllevaba la mayor parte de la actividad del director general de la Polic\u00eda.<\/p>\n<p><strong>c).-Jefatura de los Mossos d\u00b4Esquadra<\/strong><\/p>\n<p>La actuaci\u00f3n del Ministerio del Interior dentro de los Mossos d\u00b4Esquadra se realizar\u00e1 desde la m\u00e1xima consideraci\u00f3n al escalaf\u00f3n de este cuerpo policial, aplicando de esta manera un criterio de escrupuloso respeto a la jerarqu\u00eda de los Mossos d\u00b4Esquadra.<\/p>\n<p>Al frente de su Jefatura estar\u00e1 Ferr\u00e1n L\u00f3pez, actual comisario superior de Coordinaci\u00f3n Territorial del Cuerpo y que hasta ahora era el n\u00famero dos del Cuerpo. Por tanto, con la designaci\u00f3n de Ferr\u00e1n L\u00f3pez como m\u00e1ximo jefe de los Mossos d\u00b4Esquadra, se materializa el principio de respetar el escalaf\u00f3n existente en la Polic\u00eda Auton\u00f3mica de Catalunya, que fija a este comisario como sustituto en caso de ausencia o cese del anterior major.<\/p>\n<p>Otros \u00f3rganos<\/p>\n<p>Los restantes \u00f3rganos que est\u00e1n dentro del \u00e1mbito competencial del Departament d&#8217;Interior de la Generalitat de Catalunya -Protecci\u00f3n Civil, Tr\u00e1fico, Extinci\u00f3n de Incendios, etc- mantendr\u00e1n sus actuales cargos y estructuras.<\/p>\n<p>Los Serveis Penintenciaris dejar\u00e1n de depender del Departament de Just\u00edcia y sus funciones ser\u00e1n tuteladas por el Ministerio del Interior debido a que el Ministerio de Justicia no tiene competencias en materia penitenciaria.<\/p>\n<p>Leal coordinaci\u00f3n de Mossos d\u00b4Esquadra, Polic\u00eda Nacional y Guardia Civil<\/p>\n<p>El objetivo fundamental busca desarrollar la plena y leal coordinaci\u00f3n de los Mossos d\u00b4Esquadra, Polic\u00eda Nacional y Guardia Civil, respetando sus respectivos \u00e1mbitos competenciales, y con el fin de dar plena garant\u00eda al ejercicio de los derechos y libertades de todos los catalanes.<\/p>\n<p>La Secretar\u00eda de Estado de Seguridad, en el ejercicio de las funciones que le correspondan en el art\u00edculo 164 del Estatuto de Autonom\u00eda de Catalu\u00f1a, impartir\u00e1 instrucciones de obligado cumplimiento a los Mossos d\u00b4Esquadra.<\/p>\n<p>De mismo modo que en el resto del territorio nacional, donde corresponde a las Delegaciones y Subdelegaciones del Gobierno el mando, la direcci\u00f3n y la coordinaci\u00f3n de las Fuerzas y Cuerpos de Seguridad del Estado que operan en su territorio, la Delegaci\u00f3n y Subdelegaciones del Gobierno en Catalu\u00f1a asumir\u00e1n esas mismas funciones tambi\u00e9n sobre los Mossos d\u00b4Esquadra y su coordinaci\u00f3n con las Fuerzas y Cuerpos de Seguridad del Estado.<\/p>\n<p>En la actualidad, las unidades de las Fuerzas y Cuerpos de Seguridad del Estado est\u00e1n efectuando una vigilancia permanente sobre las dependencias propias de la Guardia Civil y Polic\u00eda Nacional, la Delegaci\u00f3n del Gobierno, las Subdelegaciones de Gobierno, las sedes de los partidos pol\u00edticos nacionales amenazados, los puertos, aeropuertos, medios de comunicaci\u00f3n social nacional amenazados, Tribunal Superior de Justicia, la Ciudad de la Justicia, las Delegaciones de Hacienda, Banco de Espa\u00f1a, y determinadas infraestructuras cr\u00edticas.<\/p>\n<p>Tambi\u00e9n se est\u00e1n llevando a cabo servicios de protecci\u00f3n y seguridad con car\u00e1cter espor\u00e1dico a personas e instalaciones sensibles.<\/p>\n<p>En el caso que fuera necesario por la evoluci\u00f3n de los acontecimientos, para alguna situaci\u00f3n determinada, unidades de los Mossos d\u00b4Esquadra podr\u00edan llegar a ser sustituidas por otras de las Fuerzas y Cuerpos de Seguridad del Estado.<\/p>\n<p>Lealtad constitucional<\/p>\n<p>Las decisiones adoptadas en la actualidad podr\u00e1n ampliarse posteriormente en funci\u00f3n de la lealtad a la Constituci\u00f3n y al Estatut que manifiesten los distintos cargos que integran el Departament d&#8217;Interior de la Generalitat de Catalunya.<\/p>\n","protected":false},"excerpt":{"rendered":"<p>El Ministerio del Interior, en aplicaci\u00f3n del art\u00edculo 155 de la Constituci\u00f3n, desarrollar\u00e1 las competencias que le corresponden respecto al Departament d&#8217;Interior de la Generalitat de Catalunya bajo las siguientes premisas: Garantizar los derechos y libertades de todos los ciudadanos de Catalunya Velar por el cumplimiento de los principios recogidos en la Constituci\u00f3n y el [&hellip;]<\/p>\n","protected":false},"author":1,"featured_media":954143,"comment_status":"closed","ping_status":"closed","sticky":false,"template":"","format":"standard","meta":{"footnotes":""},"categories":[1],"tags":[],"class_list":["post-958129","post","type-post","status-publish","format-standard","has-post-thumbnail","hentry","category-actualidad"],"aioseo_notices":[],"aioseo_head":"\n\t\t<!-- All in One SEO Pro 5.0.1 - aioseo.com -->\n\t<meta name=\"description\" content=\"El Ministerio del Interior, en aplicaci\u00f3n del art\u00edculo 155 de la Constituci\u00f3n, desarrollar\u00e1 las competencias que le corresponden respecto al Departament d&#039;Interior de la Generalitat de Catalunya bajo las siguientes premisas: Garantizar los derechos y libertades de todos los ciudadanos de Catalunya Velar por el cumplimiento de los principios recogidos en la Constituci\u00f3n y el\" \/>\n\t<meta name=\"robots\" content=\"max-image-preview:large\" \/>\n\t<meta name=\"author\" content=\"El Digital de Asturias\"\/>\n\t<meta name=\"google-site-verification\" content=\"UA-38556648-1\" \/>\n\t<meta name=\"msvalidate.01\" content=\"7dfe9f3f1b24437ab69f4f2559babe99\" \/>\n\t<meta name=\"keywords\" content=\"actualidad\" \/>\n\t<link rel=\"canonical\" href=\"https:\/\/www.eldigitaldeasturias.com\/noticias\/comunicado-del-ministerio-del-interior-sobre-la-aplicacion-del-articulo-155-de-la-constitucion\/\" \/>\n\t<meta name=\"generator\" content=\"All in One SEO Pro (AIOSEO) 5.0.1\" \/>\n\t\t<meta property=\"og:locale\" content=\"es_ES\" \/>\n\t\t<meta property=\"og:site_name\" content=\"El Digital de Asturias\" \/>\n\t\t<meta property=\"og:type\" content=\"article\" \/>\n\t\t<meta property=\"og:title\" content=\"Comunicado del Ministerio del Interior sobre la aplicaci\u00f3n del art\u00edculo 155 de la Constituci\u00f3n - El Digital de Asturias\" \/>\n\t\t<meta property=\"og:description\" content=\"El Ministerio del Interior, en aplicaci\u00f3n del art\u00edculo 155 de la Constituci\u00f3n, desarrollar\u00e1 las competencias que le corresponden respecto al Departament d&#039;Interior de la Generalitat de Catalunya bajo las siguientes premisas: Garantizar los derechos y libertades de todos los ciudadanos de Catalunya Velar por el cumplimiento de los principios recogidos en la Constituci\u00f3n y el\" \/>\n\t\t<meta property=\"og:url\" content=\"https:\/\/www.eldigitaldeasturias.com\/noticias\/comunicado-del-ministerio-del-interior-sobre-la-aplicacion-del-articulo-155-de-la-constitucion\/\" \/>\n\t\t<meta property=\"article:tag\" content=\"actualidad\" \/>\n\t\t<meta property=\"article:published_time\" content=\"2017-10-30T21:37:46+00:00\" \/>\n\t\t<meta property=\"article:modified_time\" content=\"2017-10-30T21:37:46+00:00\" \/>\n\t\t<meta property=\"article:publisher\" content=\"https:\/\/facebook.com\/eldigitaldeasturias\" \/>\n\t\t<meta name=\"twitter:card\" content=\"summary_large_image\" \/>\n\t\t<meta name=\"twitter:title\" content=\"Comunicado del Ministerio del Interior sobre la aplicaci\u00f3n del art\u00edculo 155 de la Constituci\u00f3n - El Digital de Asturias\" \/>\n\t\t<meta name=\"twitter:description\" content=\"El Ministerio del Interior, en aplicaci\u00f3n del art\u00edculo 155 de la Constituci\u00f3n, desarrollar\u00e1 las competencias que le corresponden respecto al Departament d&#039;Interior de la Generalitat de Catalunya bajo las siguientes premisas: Garantizar los derechos y libertades de todos los ciudadanos de Catalunya Velar por el cumplimiento de los principios recogidos en la Constituci\u00f3n y el\" \/>\n\t\t<meta name=\"twitter:image\" content=\"https:\/\/www.eldigitaldeasturias.com\/noticias\/wp-content\/uploads\/2020\/12\/EDA-1.jpg\" \/>\n\t\t<meta name=\"twitter:label1\" content=\"Escrito por\" \/>\n\t\t<meta name=\"twitter:data1\" content=\"El Digital de Asturias\" \/>\n\t\t<meta name=\"twitter:label2\" content=\"Tiempo de lectura estimado\" \/>\n\t\t<meta name=\"twitter:data2\" content=\"5 minutos\" \/>\n\t\t<script type=\"application\/ld+json\" class=\"aioseo-schema\">\n\t\t\t{\"@context\":\"https:\\\/\\\/schema.org\",\"@graph\":[{\"@type\":\"BlogPosting\",\"@id\":\"https:\\\/\\\/www.eldigitaldeasturias.com\\\/noticias\\\/comunicado-del-ministerio-del-interior-sobre-la-aplicacion-del-articulo-155-de-la-constitucion\\\/#blogposting\",\"name\":\"Comunicado del Ministerio del Interior sobre la aplicaci\\u00f3n del art\\u00edculo 155 de la Constituci\\u00f3n - El Digital de Asturias\",\"headline\":\"Comunicado del Ministerio del Interior sobre la aplicaci\\u00f3n del art\\u00edculo 155 de la Constituci\\u00f3n\",\"author\":{\"@id\":\"https:\\\/\\\/www.eldigitaldeasturias.com\\\/noticias\\\/author\\\/admin\\\/#author\"},\"publisher\":{\"@id\":\"https:\\\/\\\/www.eldigitaldeasturias.com\\\/noticias\\\/#organization\"},\"image\":{\"@type\":\"ImageObject\",\"url\":954143},\"datePublished\":\"2017-10-30T21:37:46+01:00\",\"dateModified\":\"2017-10-30T21:37:46+01:00\",\"inLanguage\":\"es-ES\",\"mainEntityOfPage\":{\"@id\":\"https:\\\/\\\/www.eldigitaldeasturias.com\\\/noticias\\\/comunicado-del-ministerio-del-interior-sobre-la-aplicacion-del-articulo-155-de-la-constitucion\\\/#webpage\"},\"isPartOf\":{\"@id\":\"https:\\\/\\\/www.eldigitaldeasturias.com\\\/noticias\\\/comunicado-del-ministerio-del-interior-sobre-la-aplicacion-del-articulo-155-de-la-constitucion\\\/#webpage\"},\"articleSection\":\"Actualidad\"},{\"@type\":\"BreadcrumbList\",\"@id\":\"https:\\\/\\\/www.eldigitaldeasturias.com\\\/noticias\\\/comunicado-del-ministerio-del-interior-sobre-la-aplicacion-del-articulo-155-de-la-constitucion\\\/#breadcrumblist\",\"itemListElement\":[{\"@type\":\"ListItem\",\"@id\":\"https:\\\/\\\/www.eldigitaldeasturias.com\\\/noticias#listItem\",\"position\":1,\"name\":\"Home\",\"item\":\"https:\\\/\\\/www.eldigitaldeasturias.com\\\/noticias\",\"nextItem\":{\"@type\":\"ListItem\",\"@id\":\"https:\\\/\\\/www.eldigitaldeasturias.com\\\/noticias\\\/category\\\/actualidad\\\/#listItem\",\"name\":\"Actualidad\"}},{\"@type\":\"ListItem\",\"@id\":\"https:\\\/\\\/www.eldigitaldeasturias.com\\\/noticias\\\/category\\\/actualidad\\\/#listItem\",\"position\":2,\"name\":\"Actualidad\",\"item\":\"https:\\\/\\\/www.eldigitaldeasturias.com\\\/noticias\\\/category\\\/actualidad\\\/\",\"nextItem\":{\"@type\":\"ListItem\",\"@id\":\"https:\\\/\\\/www.eldigitaldeasturias.com\\\/noticias\\\/comunicado-del-ministerio-del-interior-sobre-la-aplicacion-del-articulo-155-de-la-constitucion\\\/#listItem\",\"name\":\"Comunicado del Ministerio del Interior sobre la aplicaci\\u00f3n del art\\u00edculo 155 de la Constituci\\u00f3n\"},\"previousItem\":{\"@type\":\"ListItem\",\"@id\":\"https:\\\/\\\/www.eldigitaldeasturias.com\\\/noticias#listItem\",\"name\":\"Home\"}},{\"@type\":\"ListItem\",\"@id\":\"https:\\\/\\\/www.eldigitaldeasturias.com\\\/noticias\\\/comunicado-del-ministerio-del-interior-sobre-la-aplicacion-del-articulo-155-de-la-constitucion\\\/#listItem\",\"position\":3,\"name\":\"Comunicado del Ministerio del Interior sobre la aplicaci\\u00f3n del art\\u00edculo 155 de la Constituci\\u00f3n\",\"previousItem\":{\"@type\":\"ListItem\",\"@id\":\"https:\\\/\\\/www.eldigitaldeasturias.com\\\/noticias\\\/category\\\/actualidad\\\/#listItem\",\"name\":\"Actualidad\"}}]},{\"@type\":\"Organization\",\"@id\":\"https:\\\/\\\/www.eldigitaldeasturias.com\\\/noticias\\\/#organization\",\"name\":\"El Digital de Asturias\",\"description\":\"Hemeroteca\",\"url\":\"https:\\\/\\\/www.eldigitaldeasturias.com\\\/noticias\\\/\",\"email\":\"info@eldigitaldeasturias.com\",\"telephone\":\"+34652131393\",\"logo\":{\"@type\":\"ImageObject\",\"url\":\"https:\\\/\\\/www.eldigitaldeasturias.com\\\/noticias\\\/wp-content\\\/uploads\\\/2020\\\/12\\\/EDA.jpg\",\"@id\":\"https:\\\/\\\/www.eldigitaldeasturias.com\\\/noticias\\\/comunicado-del-ministerio-del-interior-sobre-la-aplicacion-del-articulo-155-de-la-constitucion\\\/#organizationLogo\"},\"image\":{\"@id\":\"https:\\\/\\\/www.eldigitaldeasturias.com\\\/noticias\\\/comunicado-del-ministerio-del-interior-sobre-la-aplicacion-del-articulo-155-de-la-constitucion\\\/#organizationLogo\"},\"sameAs\":[\"https:\\\/\\\/facebook.com\\\/eldigitaldeasturias\",\"https:\\\/\\\/www.youtube.com\\\/channel\\\/UCZP-2wLEB9Rv6erhFmqVnvg\"],\"address\":{\"@id\":\"https:\\\/\\\/www.eldigitaldeasturias.com\\\/noticias\\\/#postaladdress\",\"@type\":\"PostalAddress\",\"streetAddress\":\"san antonio 4\",\"postalCode\":\"33430\",\"addressLocality\":\"Cand\\u00e1s\",\"addressRegion\":\"Asturias\",\"addressCountry\":\"ES\"}},{\"@type\":\"Person\",\"@id\":\"https:\\\/\\\/www.eldigitaldeasturias.com\\\/noticias\\\/author\\\/admin\\\/#author\",\"url\":\"https:\\\/\\\/www.eldigitaldeasturias.com\\\/noticias\\\/author\\\/admin\\\/\",\"name\":\"El Digital de Asturias\",\"image\":{\"@type\":\"ImageObject\",\"@id\":\"https:\\\/\\\/www.eldigitaldeasturias.com\\\/noticias\\\/comunicado-del-ministerio-del-interior-sobre-la-aplicacion-del-articulo-155-de-la-constitucion\\\/#authorImage\",\"url\":\"https:\\\/\\\/secure.gravatar.com\\\/avatar\\\/df2aeffc32bcd13f8d26072ef8a91b623d677766deac7f97ca815868cd41bf5e?s=96&d=mm&r=g\",\"width\":96,\"height\":96,\"caption\":\"El Digital de Asturias\"}},{\"@type\":\"WebPage\",\"@id\":\"https:\\\/\\\/www.eldigitaldeasturias.com\\\/noticias\\\/comunicado-del-ministerio-del-interior-sobre-la-aplicacion-del-articulo-155-de-la-constitucion\\\/#webpage\",\"url\":\"https:\\\/\\\/www.eldigitaldeasturias.com\\\/noticias\\\/comunicado-del-ministerio-del-interior-sobre-la-aplicacion-del-articulo-155-de-la-constitucion\\\/\",\"name\":\"Comunicado del Ministerio del Interior sobre la aplicaci\\u00f3n del art\\u00edculo 155 de la Constituci\\u00f3n - El Digital de Asturias\",\"description\":\"El Ministerio del Interior, en aplicaci\\u00f3n del art\\u00edculo 155 de la Constituci\\u00f3n, desarrollar\\u00e1 las competencias que le corresponden respecto al Departament d'Interior de la Generalitat de Catalunya bajo las siguientes premisas: Garantizar los derechos y libertades de todos los ciudadanos de Catalunya Velar por el cumplimiento de los principios recogidos en la Constituci\\u00f3n y el\",\"inLanguage\":\"es-ES\",\"isPartOf\":{\"@id\":\"https:\\\/\\\/www.eldigitaldeasturias.com\\\/noticias\\\/#website\"},\"breadcrumb\":{\"@id\":\"https:\\\/\\\/www.eldigitaldeasturias.com\\\/noticias\\\/comunicado-del-ministerio-del-interior-sobre-la-aplicacion-del-articulo-155-de-la-constitucion\\\/#breadcrumblist\"},\"author\":{\"@id\":\"https:\\\/\\\/www.eldigitaldeasturias.com\\\/noticias\\\/author\\\/admin\\\/#author\"},\"creator\":{\"@id\":\"https:\\\/\\\/www.eldigitaldeasturias.com\\\/noticias\\\/author\\\/admin\\\/#author\"},\"image\":{\"@type\":\"ImageObject\",\"url\":954143,\"@id\":\"https:\\\/\\\/www.eldigitaldeasturias.com\\\/noticias\\\/comunicado-del-ministerio-del-interior-sobre-la-aplicacion-del-articulo-155-de-la-constitucion\\\/#mainImage\"},\"primaryImageOfPage\":{\"@id\":\"https:\\\/\\\/www.eldigitaldeasturias.com\\\/noticias\\\/comunicado-del-ministerio-del-interior-sobre-la-aplicacion-del-articulo-155-de-la-constitucion\\\/#mainImage\"},\"datePublished\":\"2017-10-30T21:37:46+01:00\",\"dateModified\":\"2017-10-30T21:37:46+01:00\"},{\"@type\":\"WebSite\",\"@id\":\"https:\\\/\\\/www.eldigitaldeasturias.com\\\/noticias\\\/#website\",\"url\":\"https:\\\/\\\/www.eldigitaldeasturias.com\\\/noticias\\\/\",\"name\":\"El Digital de Asturias - Diario de actualidad y noticias\",\"alternateName\":\"El Digital de Asturias - Diario de actualidad y noticias\",\"description\":\"Hemeroteca\",\"inLanguage\":\"es-ES\",\"publisher\":{\"@id\":\"https:\\\/\\\/www.eldigitaldeasturias.com\\\/noticias\\\/#organization\"}}]}\n\t\t<\/script>\n\t\t<!-- All in One SEO Pro -->\r\n\t\t<title>Comunicado del Ministerio del Interior sobre la aplicaci\u00f3n del art\u00edculo 155 de la Constituci\u00f3n - El Digital de Asturias<\/title>\n\n","aioseo_head_json":{"title":"Comunicado del Ministerio del Interior sobre la aplicaci\u00f3n del art\u00edculo 155 de la Constituci\u00f3n - El Digital de Asturias","description":"El Ministerio del Interior, en aplicaci\u00f3n del art\u00edculo 155 de la Constituci\u00f3n, desarrollar\u00e1 las competencias que le corresponden respecto al Departament d'Interior de la Generalitat de Catalunya bajo las siguientes premisas: Garantizar los derechos y libertades de todos los ciudadanos de Catalunya Velar por el cumplimiento de los principios recogidos en la Constituci\u00f3n y el","canonical_url":"https:\/\/www.eldigitaldeasturias.com\/noticias\/comunicado-del-ministerio-del-interior-sobre-la-aplicacion-del-articulo-155-de-la-constitucion\/","robots":"max-image-preview:large","keywords":"actualidad","webmasterTools":{"google-site-verification":"UA-38556648-1","msvalidate.01":"7dfe9f3f1b24437ab69f4f2559babe99","miscellaneous":""},"schema":{"@context":"https:\/\/schema.org","@graph":[{"@type":"BlogPosting","@id":"https:\/\/www.eldigitaldeasturias.com\/noticias\/comunicado-del-ministerio-del-interior-sobre-la-aplicacion-del-articulo-155-de-la-constitucion\/#blogposting","name":"Comunicado del Ministerio del Interior sobre la aplicaci\u00f3n del art\u00edculo 155 de la Constituci\u00f3n - El Digital de Asturias","headline":"Comunicado del Ministerio del Interior sobre la aplicaci\u00f3n del art\u00edculo 155 de la Constituci\u00f3n","author":{"@id":"https:\/\/www.eldigitaldeasturias.com\/noticias\/author\/admin\/#author"},"publisher":{"@id":"https:\/\/www.eldigitaldeasturias.com\/noticias\/#organization"},"image":{"@type":"ImageObject","url":954143},"datePublished":"2017-10-30T21:37:46+01:00","dateModified":"2017-10-30T21:37:46+01:00","inLanguage":"es-ES","mainEntityOfPage":{"@id":"https:\/\/www.eldigitaldeasturias.com\/noticias\/comunicado-del-ministerio-del-interior-sobre-la-aplicacion-del-articulo-155-de-la-constitucion\/#webpage"},"isPartOf":{"@id":"https:\/\/www.eldigitaldeasturias.com\/noticias\/comunicado-del-ministerio-del-interior-sobre-la-aplicacion-del-articulo-155-de-la-constitucion\/#webpage"},"articleSection":"Actualidad"},{"@type":"BreadcrumbList","@id":"https:\/\/www.eldigitaldeasturias.com\/noticias\/comunicado-del-ministerio-del-interior-sobre-la-aplicacion-del-articulo-155-de-la-constitucion\/#breadcrumblist","itemListElement":[{"@type":"ListItem","@id":"https:\/\/www.eldigitaldeasturias.com\/noticias#listItem","position":1,"name":"Home","item":"https:\/\/www.eldigitaldeasturias.com\/noticias","nextItem":{"@type":"ListItem","@id":"https:\/\/www.eldigitaldeasturias.com\/noticias\/category\/actualidad\/#listItem","name":"Actualidad"}},{"@type":"ListItem","@id":"https:\/\/www.eldigitaldeasturias.com\/noticias\/category\/actualidad\/#listItem","position":2,"name":"Actualidad","item":"https:\/\/www.eldigitaldeasturias.com\/noticias\/category\/actualidad\/","nextItem":{"@type":"ListItem","@id":"https:\/\/www.eldigitaldeasturias.com\/noticias\/comunicado-del-ministerio-del-interior-sobre-la-aplicacion-del-articulo-155-de-la-constitucion\/#listItem","name":"Comunicado del Ministerio del Interior sobre la aplicaci\u00f3n del art\u00edculo 155 de la Constituci\u00f3n"},"previousItem":{"@type":"ListItem","@id":"https:\/\/www.eldigitaldeasturias.com\/noticias#listItem","name":"Home"}},{"@type":"ListItem","@id":"https:\/\/www.eldigitaldeasturias.com\/noticias\/comunicado-del-ministerio-del-interior-sobre-la-aplicacion-del-articulo-155-de-la-constitucion\/#listItem","position":3,"name":"Comunicado del Ministerio del Interior sobre la aplicaci\u00f3n del art\u00edculo 155 de la Constituci\u00f3n","previousItem":{"@type":"ListItem","@id":"https:\/\/www.eldigitaldeasturias.com\/noticias\/category\/actualidad\/#listItem","name":"Actualidad"}}]},{"@type":"Organization","@id":"https:\/\/www.eldigitaldeasturias.com\/noticias\/#organization","name":"El Digital de Asturias","description":"Hemeroteca","url":"https:\/\/www.eldigitaldeasturias.com\/noticias\/","email":"info@eldigitaldeasturias.com","telephone":"+34652131393","logo":{"@type":"ImageObject","url":"https:\/\/www.eldigitaldeasturias.com\/noticias\/wp-content\/uploads\/2020\/12\/EDA.jpg","@id":"https:\/\/www.eldigitaldeasturias.com\/noticias\/comunicado-del-ministerio-del-interior-sobre-la-aplicacion-del-articulo-155-de-la-constitucion\/#organizationLogo"},"image":{"@id":"https:\/\/www.eldigitaldeasturias.com\/noticias\/comunicado-del-ministerio-del-interior-sobre-la-aplicacion-del-articulo-155-de-la-constitucion\/#organizationLogo"},"sameAs":["https:\/\/facebook.com\/eldigitaldeasturias","https:\/\/www.youtube.com\/channel\/UCZP-2wLEB9Rv6erhFmqVnvg"],"address":{"@id":"https:\/\/www.eldigitaldeasturias.com\/noticias\/#postaladdress","@type":"PostalAddress","streetAddress":"san antonio 4","postalCode":"33430","addressLocality":"Cand\u00e1s","addressRegion":"Asturias","addressCountry":"ES"}},{"@type":"Person","@id":"https:\/\/www.eldigitaldeasturias.com\/noticias\/author\/admin\/#author","url":"https:\/\/www.eldigitaldeasturias.com\/noticias\/author\/admin\/","name":"El Digital de Asturias","image":{"@type":"ImageObject","@id":"https:\/\/www.eldigitaldeasturias.com\/noticias\/comunicado-del-ministerio-del-interior-sobre-la-aplicacion-del-articulo-155-de-la-constitucion\/#authorImage","url":"https:\/\/secure.gravatar.com\/avatar\/df2aeffc32bcd13f8d26072ef8a91b623d677766deac7f97ca815868cd41bf5e?s=96&d=mm&r=g","width":96,"height":96,"caption":"El Digital de Asturias"}},{"@type":"WebPage","@id":"https:\/\/www.eldigitaldeasturias.com\/noticias\/comunicado-del-ministerio-del-interior-sobre-la-aplicacion-del-articulo-155-de-la-constitucion\/#webpage","url":"https:\/\/www.eldigitaldeasturias.com\/noticias\/comunicado-del-ministerio-del-interior-sobre-la-aplicacion-del-articulo-155-de-la-constitucion\/","name":"Comunicado del Ministerio del Interior sobre la aplicaci\u00f3n del art\u00edculo 155 de la Constituci\u00f3n - El Digital de Asturias","description":"El Ministerio del Interior, en aplicaci\u00f3n del art\u00edculo 155 de la Constituci\u00f3n, desarrollar\u00e1 las competencias que le corresponden respecto al Departament d'Interior de la Generalitat de Catalunya bajo las siguientes premisas: Garantizar los derechos y libertades de todos los ciudadanos de Catalunya Velar por el cumplimiento de los principios recogidos en la Constituci\u00f3n y el","inLanguage":"es-ES","isPartOf":{"@id":"https:\/\/www.eldigitaldeasturias.com\/noticias\/#website"},"breadcrumb":{"@id":"https:\/\/www.eldigitaldeasturias.com\/noticias\/comunicado-del-ministerio-del-interior-sobre-la-aplicacion-del-articulo-155-de-la-constitucion\/#breadcrumblist"},"author":{"@id":"https:\/\/www.eldigitaldeasturias.com\/noticias\/author\/admin\/#author"},"creator":{"@id":"https:\/\/www.eldigitaldeasturias.com\/noticias\/author\/admin\/#author"},"image":{"@type":"ImageObject","url":954143,"@id":"https:\/\/www.eldigitaldeasturias.com\/noticias\/comunicado-del-ministerio-del-interior-sobre-la-aplicacion-del-articulo-155-de-la-constitucion\/#mainImage"},"primaryImageOfPage":{"@id":"https:\/\/www.eldigitaldeasturias.com\/noticias\/comunicado-del-ministerio-del-interior-sobre-la-aplicacion-del-articulo-155-de-la-constitucion\/#mainImage"},"datePublished":"2017-10-30T21:37:46+01:00","dateModified":"2017-10-30T21:37:46+01:00"},{"@type":"WebSite","@id":"https:\/\/www.eldigitaldeasturias.com\/noticias\/#website","url":"https:\/\/www.eldigitaldeasturias.com\/noticias\/","name":"El Digital de Asturias - Diario de actualidad y noticias","alternateName":"El Digital de Asturias - Diario de actualidad y noticias","description":"Hemeroteca","inLanguage":"es-ES","publisher":{"@id":"https:\/\/www.eldigitaldeasturias.com\/noticias\/#organization"}}]},"og:locale":"es_ES","og:site_name":"El Digital de Asturias","og:type":"article","og:title":"Comunicado del Ministerio del Interior sobre la aplicaci\u00f3n del art\u00edculo 155 de la Constituci\u00f3n - El Digital de Asturias","og:description":"El Ministerio del Interior, en aplicaci\u00f3n del art\u00edculo 155 de la Constituci\u00f3n, desarrollar\u00e1 las competencias que le corresponden respecto al Departament d'Interior de la Generalitat de Catalunya bajo las siguientes premisas: Garantizar los derechos y libertades de todos los ciudadanos de Catalunya Velar por el cumplimiento de los principios recogidos en la Constituci\u00f3n y el","og:url":"https:\/\/www.eldigitaldeasturias.com\/noticias\/comunicado-del-ministerio-del-interior-sobre-la-aplicacion-del-articulo-155-de-la-constitucion\/","article:tag":["actualidad"],"article:published_time":"2017-10-30T21:37:46+00:00","article:modified_time":"2017-10-30T21:37:46+00:00","article:publisher":"https:\/\/facebook.com\/eldigitaldeasturias","twitter:card":"summary_large_image","twitter:title":"Comunicado del Ministerio del Interior sobre la aplicaci\u00f3n del art\u00edculo 155 de la Constituci\u00f3n - El Digital de Asturias","twitter:description":"El Ministerio del Interior, en aplicaci\u00f3n del art\u00edculo 155 de la Constituci\u00f3n, desarrollar\u00e1 las competencias que le corresponden respecto al Departament d'Interior de la Generalitat de Catalunya bajo las siguientes premisas: Garantizar los derechos y libertades de todos los ciudadanos de Catalunya Velar por el cumplimiento de los principios recogidos en la Constituci\u00f3n y el","twitter:image":"https:\/\/www.eldigitaldeasturias.com\/noticias\/wp-content\/uploads\/2020\/12\/EDA-1.jpg","twitter:label1":"Escrito por","twitter:data1":"El Digital de Asturias","twitter:label2":"Tiempo de lectura estimado","twitter:data2":"5 minutos"},"aioseo_meta_data":{"post_id":"958129","title":null,"description":null,"keywords":null,"keyphrases":null,"primary_term":null,"canonical_url":null,"og_title":null,"og_description":null,"og_object_type":"default","og_image_type":"default","og_image_url":null,"og_image_width":null,"og_image_height":null,"og_image_custom_url":null,"og_image_custom_fields":null,"og_video":null,"og_custom_url":null,"og_article_section":null,"og_article_tags":null,"twitter_use_og":false,"twitter_card":"default","twitter_image_type":"default","twitter_image_url":null,"twitter_image_custom_url":null,"twitter_image_custom_fields":null,"twitter_title":null,"twitter_description":null,"schema":{"blockGraphs":[],"customGraphs":[],"default":{"data":{"Article":[],"Course":[],"Dataset":[],"FAQPage":[],"Movie":[],"Person":[],"Product":[],"ProductReview":[],"Car":[],"Recipe":[],"Service":[],"SoftwareApplication":[],"WebPage":[]},"graphName":"","isEnabled":true},"graphs":[],"defaultGraph":"","defaultPostTypeGraph":""},"schema_type":null,"schema_type_options":null,"pillar_content":false,"robots_default":true,"robots_noindex":false,"robots_noarchive":false,"robots_nosnippet":false,"robots_nofollow":false,"robots_noimageindex":false,"robots_noodp":false,"robots_notranslate":false,"robots_max_snippet":null,"robots_max_videopreview":null,"robots_max_imagepreview":"large","priority":null,"frequency":null,"local_seo":null,"seo_analyzer_scan_date":"2025-12-06 20:04:13","breadcrumb_settings":null,"limit_modified_date":false,"open_ai":null,"ai":null,"created":"2020-12-21 12:54:18","updated":"2025-12-06 20:04:13","focus_keyword":null,"additional_keywords":null,"truseo_locale":null},"aioseo_breadcrumb":"<div class=\"aioseo-breadcrumbs\"><span class=\"aioseo-breadcrumb\">\n\t<a href=\"https:\/\/www.eldigitaldeasturias.com\/noticias\" title=\"Home\">Home<\/a>\n<\/span><span class=\"aioseo-breadcrumb-separator\">\u2013<\/span><span class=\"aioseo-breadcrumb\">\n\t<a href=\"https:\/\/www.eldigitaldeasturias.com\/noticias\/category\/actualidad\/\" title=\"Actualidad\">Actualidad<\/a>\n<\/span><span class=\"aioseo-breadcrumb-separator\">\u2013<\/span><span class=\"aioseo-breadcrumb\">\n\t<a href=\"https:\/\/www.eldigitaldeasturias.com\/noticias\/comunicado-del-ministerio-del-interior-sobre-la-aplicacion-del-articulo-155-de-la-constitucion\/\" title=\"Comunicado del Ministerio del Interior sobre la aplicaci\u00f3n del art\u00edculo 155 de la Constituci\u00f3n\">Comunicado del Ministerio del Interior sobre la aplicaci\u00f3n del art\u00edculo 155 de la Constituci\u00f3n<\/a>\n<\/span><\/div>","aioseo_breadcrumb_json":[{"label":"Home","link":"https:\/\/www.eldigitaldeasturias.com\/noticias"},{"label":"Actualidad","link":"https:\/\/www.eldigitaldeasturias.com\/noticias\/category\/actualidad\/"},{"label":"Comunicado del Ministerio del Interior sobre la aplicaci\u00f3n del art\u00edculo 155 de la Constituci\u00f3n","link":"https:\/\/www.eldigitaldeasturias.com\/noticias\/comunicado-del-ministerio-del-interior-sobre-la-aplicacion-del-articulo-155-de-la-constitucion\/"}],"_links":{"self":[{"href":"https:\/\/www.eldigitaldeasturias.com\/noticias\/wp-json\/wp\/v2\/posts\/958129","targetHints":{"allow":["GET"]}}],"collection":[{"href":"https:\/\/www.eldigitaldeasturias.com\/noticias\/wp-json\/wp\/v2\/posts"}],"about":[{"href":"https:\/\/www.eldigitaldeasturias.com\/noticias\/wp-json\/wp\/v2\/types\/post"}],"author":[{"embeddable":true,"href":"https:\/\/www.eldigitaldeasturias.com\/noticias\/wp-json\/wp\/v2\/users\/1"}],"replies":[{"embeddable":true,"href":"https:\/\/www.eldigitaldeasturias.com\/noticias\/wp-json\/wp\/v2\/comments?post=958129"}],"version-history":[{"count":0,"href":"https:\/\/www.eldigitaldeasturias.com\/noticias\/wp-json\/wp\/v2\/posts\/958129\/revisions"}],"wp:attachment":[{"href":"https:\/\/www.eldigitaldeasturias.com\/noticias\/wp-json\/wp\/v2\/media?parent=958129"}],"wp:term":[{"taxonomy":"category","embeddable":true,"href":"https:\/\/www.eldigitaldeasturias.com\/noticias\/wp-json\/wp\/v2\/categories?post=958129"},{"taxonomy":"post_tag","embeddable":true,"href":"https:\/\/www.eldigitaldeasturias.com\/noticias\/wp-json\/wp\/v2\/tags?post=958129"}],"curies":[{"name":"wp","href":"https:\/\/api.w.org\/{rel}","templated":true}]}}