{"id":958120,"date":"2017-10-30T20:36:42","date_gmt":"2017-10-30T20:36:42","guid":{"rendered":"http:\/\/www.eldigitaldeasturias.com\/noticias\/?p=958120"},"modified":"2017-10-30T20:36:42","modified_gmt":"2017-10-30T20:36:42","slug":"susana-diaz-no-vamos-a-permitir-que-nadie-reescriba-nuestra-historia","status":"publish","type":"post","link":"https:\/\/www.eldigitaldeasturias.com\/noticias\/susana-diaz-no-vamos-a-permitir-que-nadie-reescriba-nuestra-historia\/","title":{"rendered":"Susana D\u00edaz: \u00abNo vamos a permitir que nadie reescriba nuestra historia\u00bb"},"content":{"rendered":"<p><img loading=\"lazy\" decoding=\"async\" class=\"alignleft size-medium wp-image-952192\" src=\"https:\/\/www.eldigitaldeasturias.com\/noticias\/wp-content\/uploads\/2017\/09\/Susana-360x221.jpg\" alt=\"\" width=\"360\" height=\"221\" \/>La presidenta de la Junta, Susana D\u00edaz, ha se\u00f1alado sobre la situaci\u00f3n que atraviesa Espa\u00f1a a ra\u00edz de Catalu\u00f1a que \u00abla tarea m\u00e1s importante que tenemos por delante es convertir una situaci\u00f3n de riesgo en una oportunidad para todos\u00bb. Durante su discurso en el foro Los Desayunos de Diario C\u00f3rdoba, ha resaltado que \u00ab\u00e9ste deber\u00eda ser el empe\u00f1o colectivo en los pr\u00f3ximos a\u00f1os, y a los andaluces -donde m\u00e1s espa\u00f1oles viven en todo el territorio-, nos toca ejercer nuestro papel acorde a lo que siempre hemos hecho en la historia reciente de Espa\u00f1a\u00bb.<\/p>\n<p>D\u00edaz ha indicado que Andaluc\u00eda debe desempe\u00f1ar un papel importante \u00abdesde el punto de vista poblacional, pero tambi\u00e9n pol\u00edtico\u00bb, y ha recordado \u00abel 4 de diciembre, del que ahora se cumplen 40 a\u00f1os, y el 28 de febrero, que han marcado la historia de Andaluc\u00eda y la historia de la igualdad entre todos los ciudadanos de nuestro pa\u00eds\u00bb.<\/p>\n<p>En este sentido, Susana D\u00edaz ha destacado la necesidad de \u00abrepensar nuestro modelo de convivencia\u00bb, partiendo de la base de que \u00abdebemos reflexionar para reformar y para mejorar, para que sigamos juntos y mejor\u00bb.<\/p>\n<p>En su intervenci\u00f3n, la presidenta ha dejado claro que los andaluces \u00abno vamos a permitir que nadie reescriba nuestra historia\u00bb y ha hecho hincapi\u00e9 en que \u00abno es momento para aventuras\u00bb, porque una cosa es \u00abla necesidad de reformas, como la reforma de la Constituci\u00f3n y otra bien distinta es tirar por la borda lo que tanto trabajo y esfuerzo nos ha costado construir juntos\u00bb.<\/p>\n<p>Igualmente, D\u00edaz ha abogado por buscar \u00abgrandes consensos que nos garanticen un nuevo per\u00edodo largo de paz, prosperidad, y democracia como los que han representado los casi 40 a\u00f1os de la Constituci\u00f3n\u00bb. \u00abEstoy convencida \u2013a\u00f1adi\u00f3- de que Espa\u00f1a es un gran pa\u00eds y de que tiene un gran futuro. Tambi\u00e9n tengo la firme convicci\u00f3n de que a Andaluc\u00eda, con todos nuestros problemas, le ha ido muy bien en la Espa\u00f1a democr\u00e1tica\u00bb.<\/p>\n<p>La presidenta, se ha mostrado confiada en que \u00absomos una democracia consolidada, los derechos de los ciudadanos son respetados y est\u00e1n garantizados por leyes y por la justicia, y somos un componente fundamental del proyecto europeo\u00bb. Sin embargo, ha lamentado que \u00abun Estado moderno como el de Espa\u00f1a haya renunciado durante a\u00f1os a estar presente en Catalu\u00f1a\u00bb, aunque ahora lo decisivo es \u00absalvaguardar nuestro orden constitucional y la convivencia democr\u00e1tica en Catalu\u00f1a y en el conjunto de Espa\u00f1a\u00bb.<\/p>\n<p>Susana D\u00edaz ha remarcado la \u00abfirmeza de todos los dem\u00f3cratas en el sistema constitucional que nos ha permitido, con todas las carencias que a\u00fan hoy tenemos, el mayor per\u00edodo de paz, libertad, prosperidad, progreso y derechos sociales de toda nuestra historia contempor\u00e1nea\u00bb.<\/p>\n<p>D\u00edaz ha criticado a los \u00abpescadorcillos de r\u00edo revuelto\u00bb que ponen en riesgo \u00ablos intereses generales que deber\u00edan defender\u00bb. \u00abHoy unos pocos han decidido separarse de Espa\u00f1a, separar unos catalanes de otros y enfrentar al conjunto de los espa\u00f1oles, y no lo van a conseguir por la fortaleza de nuestro Estado de Derecho y nuestra democracia\u00bb, concluy\u00f3.<\/p>\n","protected":false},"excerpt":{"rendered":"<p>La presidenta de la Junta, Susana D\u00edaz, ha se\u00f1alado sobre la situaci\u00f3n que atraviesa Espa\u00f1a a ra\u00edz de Catalu\u00f1a que \u00abla tarea m\u00e1s importante que tenemos por delante es convertir una situaci\u00f3n de riesgo en una oportunidad para todos\u00bb. Durante su discurso en el foro Los Desayunos de Diario C\u00f3rdoba, ha resaltado que \u00ab\u00e9ste deber\u00eda [&hellip;]<\/p>\n","protected":false},"author":1,"featured_media":952192,"comment_status":"closed","ping_status":"closed","sticky":false,"template":"","format":"standard","meta":{"footnotes":""},"categories":[1],"tags":[],"class_list":["post-958120","post","type-post","status-publish","format-standard","has-post-thumbnail","hentry","category-actualidad"],"aioseo_notices":[],"aioseo_head":"\n\t\t<!-- All in One SEO Pro 5.0.1 - aioseo.com -->\n\t<meta name=\"description\" content=\"La presidenta de la Junta, Susana D\u00edaz, ha se\u00f1alado sobre la situaci\u00f3n que atraviesa Espa\u00f1a a ra\u00edz de Catalu\u00f1a que &quot;la tarea m\u00e1s importante que tenemos por delante es convertir una situaci\u00f3n de riesgo en una oportunidad para todos&quot;. Durante su discurso en el foro Los Desayunos de Diario C\u00f3rdoba, ha resaltado que &quot;\u00e9ste deber\u00eda\" \/>\n\t<meta name=\"robots\" content=\"max-image-preview:large\" \/>\n\t<meta name=\"author\" content=\"El Digital de Asturias\"\/>\n\t<meta name=\"google-site-verification\" content=\"UA-38556648-1\" \/>\n\t<meta name=\"msvalidate.01\" content=\"7dfe9f3f1b24437ab69f4f2559babe99\" \/>\n\t<meta name=\"keywords\" content=\"actualidad\" \/>\n\t<link rel=\"canonical\" href=\"https:\/\/www.eldigitaldeasturias.com\/noticias\/susana-diaz-no-vamos-a-permitir-que-nadie-reescriba-nuestra-historia\/\" \/>\n\t<meta name=\"generator\" content=\"All in One SEO Pro (AIOSEO) 5.0.1\" \/>\n\t\t<meta property=\"og:locale\" content=\"es_ES\" \/>\n\t\t<meta property=\"og:site_name\" content=\"El Digital de Asturias\" \/>\n\t\t<meta property=\"og:type\" content=\"article\" \/>\n\t\t<meta property=\"og:title\" content=\"Susana D\u00edaz: \u00abNo vamos a permitir que nadie reescriba nuestra historia\u00bb - El Digital de Asturias\" \/>\n\t\t<meta property=\"og:description\" content=\"La presidenta de la Junta, Susana D\u00edaz, ha se\u00f1alado sobre la situaci\u00f3n que atraviesa Espa\u00f1a a ra\u00edz de Catalu\u00f1a que &quot;la tarea m\u00e1s importante que tenemos por delante es convertir una situaci\u00f3n de riesgo en una oportunidad para todos&quot;. Durante su discurso en el foro Los Desayunos de Diario C\u00f3rdoba, ha resaltado que &quot;\u00e9ste deber\u00eda\" \/>\n\t\t<meta property=\"og:url\" content=\"https:\/\/www.eldigitaldeasturias.com\/noticias\/susana-diaz-no-vamos-a-permitir-que-nadie-reescriba-nuestra-historia\/\" \/>\n\t\t<meta property=\"article:tag\" content=\"actualidad\" \/>\n\t\t<meta property=\"article:published_time\" content=\"2017-10-30T20:36:42+00:00\" \/>\n\t\t<meta property=\"article:modified_time\" content=\"2017-10-30T20:36:42+00:00\" \/>\n\t\t<meta property=\"article:publisher\" content=\"https:\/\/facebook.com\/eldigitaldeasturias\" \/>\n\t\t<meta name=\"twitter:card\" content=\"summary_large_image\" \/>\n\t\t<meta name=\"twitter:title\" content=\"Susana D\u00edaz: \u00abNo vamos a permitir que nadie reescriba nuestra historia\u00bb - El Digital de Asturias\" \/>\n\t\t<meta name=\"twitter:description\" content=\"La presidenta de la Junta, Susana D\u00edaz, ha se\u00f1alado sobre la situaci\u00f3n que atraviesa Espa\u00f1a a ra\u00edz de Catalu\u00f1a que &quot;la tarea m\u00e1s importante que tenemos por delante es convertir una situaci\u00f3n de riesgo en una oportunidad para todos&quot;. Durante su discurso en el foro Los Desayunos de Diario C\u00f3rdoba, ha resaltado que &quot;\u00e9ste deber\u00eda\" \/>\n\t\t<meta name=\"twitter:image\" content=\"https:\/\/www.eldigitaldeasturias.com\/noticias\/wp-content\/uploads\/2020\/12\/EDA-1.jpg\" \/>\n\t\t<meta name=\"twitter:label1\" content=\"Escrito por\" \/>\n\t\t<meta name=\"twitter:data1\" content=\"El Digital de Asturias\" \/>\n\t\t<meta name=\"twitter:label2\" content=\"Tiempo de lectura estimado\" \/>\n\t\t<meta name=\"twitter:data2\" content=\"3 minutos\" \/>\n\t\t<script type=\"application\/ld+json\" class=\"aioseo-schema\">\n\t\t\t{\"@context\":\"https:\\\/\\\/schema.org\",\"@graph\":[{\"@type\":\"BlogPosting\",\"@id\":\"https:\\\/\\\/www.eldigitaldeasturias.com\\\/noticias\\\/susana-diaz-no-vamos-a-permitir-que-nadie-reescriba-nuestra-historia\\\/#blogposting\",\"name\":\"Susana D\\u00edaz: \\u00abNo vamos a permitir que nadie reescriba nuestra historia\\u00bb - El Digital de Asturias\",\"headline\":\"Susana D\\u00edaz: \\u00abNo vamos a permitir que nadie reescriba nuestra historia\\u00bb\",\"author\":{\"@id\":\"https:\\\/\\\/www.eldigitaldeasturias.com\\\/noticias\\\/author\\\/admin\\\/#author\"},\"publisher\":{\"@id\":\"https:\\\/\\\/www.eldigitaldeasturias.com\\\/noticias\\\/#organization\"},\"image\":{\"@type\":\"ImageObject\",\"url\":952192},\"datePublished\":\"2017-10-30T20:36:42+01:00\",\"dateModified\":\"2017-10-30T20:36:42+01:00\",\"inLanguage\":\"es-ES\",\"mainEntityOfPage\":{\"@id\":\"https:\\\/\\\/www.eldigitaldeasturias.com\\\/noticias\\\/susana-diaz-no-vamos-a-permitir-que-nadie-reescriba-nuestra-historia\\\/#webpage\"},\"isPartOf\":{\"@id\":\"https:\\\/\\\/www.eldigitaldeasturias.com\\\/noticias\\\/susana-diaz-no-vamos-a-permitir-que-nadie-reescriba-nuestra-historia\\\/#webpage\"},\"articleSection\":\"Actualidad\"},{\"@type\":\"BreadcrumbList\",\"@id\":\"https:\\\/\\\/www.eldigitaldeasturias.com\\\/noticias\\\/susana-diaz-no-vamos-a-permitir-que-nadie-reescriba-nuestra-historia\\\/#breadcrumblist\",\"itemListElement\":[{\"@type\":\"ListItem\",\"@id\":\"https:\\\/\\\/www.eldigitaldeasturias.com\\\/noticias#listItem\",\"position\":1,\"name\":\"Home\",\"item\":\"https:\\\/\\\/www.eldigitaldeasturias.com\\\/noticias\",\"nextItem\":{\"@type\":\"ListItem\",\"@id\":\"https:\\\/\\\/www.eldigitaldeasturias.com\\\/noticias\\\/category\\\/actualidad\\\/#listItem\",\"name\":\"Actualidad\"}},{\"@type\":\"ListItem\",\"@id\":\"https:\\\/\\\/www.eldigitaldeasturias.com\\\/noticias\\\/category\\\/actualidad\\\/#listItem\",\"position\":2,\"name\":\"Actualidad\",\"item\":\"https:\\\/\\\/www.eldigitaldeasturias.com\\\/noticias\\\/category\\\/actualidad\\\/\",\"nextItem\":{\"@type\":\"ListItem\",\"@id\":\"https:\\\/\\\/www.eldigitaldeasturias.com\\\/noticias\\\/susana-diaz-no-vamos-a-permitir-que-nadie-reescriba-nuestra-historia\\\/#listItem\",\"name\":\"Susana D\\u00edaz: \\u00abNo vamos a permitir que nadie reescriba nuestra historia\\u00bb\"},\"previousItem\":{\"@type\":\"ListItem\",\"@id\":\"https:\\\/\\\/www.eldigitaldeasturias.com\\\/noticias#listItem\",\"name\":\"Home\"}},{\"@type\":\"ListItem\",\"@id\":\"https:\\\/\\\/www.eldigitaldeasturias.com\\\/noticias\\\/susana-diaz-no-vamos-a-permitir-que-nadie-reescriba-nuestra-historia\\\/#listItem\",\"position\":3,\"name\":\"Susana D\\u00edaz: \\u00abNo vamos a permitir que nadie reescriba nuestra historia\\u00bb\",\"previousItem\":{\"@type\":\"ListItem\",\"@id\":\"https:\\\/\\\/www.eldigitaldeasturias.com\\\/noticias\\\/category\\\/actualidad\\\/#listItem\",\"name\":\"Actualidad\"}}]},{\"@type\":\"Organization\",\"@id\":\"https:\\\/\\\/www.eldigitaldeasturias.com\\\/noticias\\\/#organization\",\"name\":\"El Digital de Asturias\",\"description\":\"Hemeroteca\",\"url\":\"https:\\\/\\\/www.eldigitaldeasturias.com\\\/noticias\\\/\",\"email\":\"info@eldigitaldeasturias.com\",\"telephone\":\"+34652131393\",\"logo\":{\"@type\":\"ImageObject\",\"url\":\"https:\\\/\\\/www.eldigitaldeasturias.com\\\/noticias\\\/wp-content\\\/uploads\\\/2020\\\/12\\\/EDA.jpg\",\"@id\":\"https:\\\/\\\/www.eldigitaldeasturias.com\\\/noticias\\\/susana-diaz-no-vamos-a-permitir-que-nadie-reescriba-nuestra-historia\\\/#organizationLogo\"},\"image\":{\"@id\":\"https:\\\/\\\/www.eldigitaldeasturias.com\\\/noticias\\\/susana-diaz-no-vamos-a-permitir-que-nadie-reescriba-nuestra-historia\\\/#organizationLogo\"},\"sameAs\":[\"https:\\\/\\\/facebook.com\\\/eldigitaldeasturias\",\"https:\\\/\\\/www.youtube.com\\\/channel\\\/UCZP-2wLEB9Rv6erhFmqVnvg\"],\"address\":{\"@id\":\"https:\\\/\\\/www.eldigitaldeasturias.com\\\/noticias\\\/#postaladdress\",\"@type\":\"PostalAddress\",\"streetAddress\":\"san antonio 4\",\"postalCode\":\"33430\",\"addressLocality\":\"Cand\\u00e1s\",\"addressRegion\":\"Asturias\",\"addressCountry\":\"ES\"}},{\"@type\":\"Person\",\"@id\":\"https:\\\/\\\/www.eldigitaldeasturias.com\\\/noticias\\\/author\\\/admin\\\/#author\",\"url\":\"https:\\\/\\\/www.eldigitaldeasturias.com\\\/noticias\\\/author\\\/admin\\\/\",\"name\":\"El Digital de Asturias\",\"image\":{\"@type\":\"ImageObject\",\"@id\":\"https:\\\/\\\/www.eldigitaldeasturias.com\\\/noticias\\\/susana-diaz-no-vamos-a-permitir-que-nadie-reescriba-nuestra-historia\\\/#authorImage\",\"url\":\"https:\\\/\\\/secure.gravatar.com\\\/avatar\\\/df2aeffc32bcd13f8d26072ef8a91b623d677766deac7f97ca815868cd41bf5e?s=96&d=mm&r=g\",\"width\":96,\"height\":96,\"caption\":\"El Digital de Asturias\"}},{\"@type\":\"WebPage\",\"@id\":\"https:\\\/\\\/www.eldigitaldeasturias.com\\\/noticias\\\/susana-diaz-no-vamos-a-permitir-que-nadie-reescriba-nuestra-historia\\\/#webpage\",\"url\":\"https:\\\/\\\/www.eldigitaldeasturias.com\\\/noticias\\\/susana-diaz-no-vamos-a-permitir-que-nadie-reescriba-nuestra-historia\\\/\",\"name\":\"Susana D\\u00edaz: \\u00abNo vamos a permitir que nadie reescriba nuestra historia\\u00bb - El Digital de Asturias\",\"description\":\"La presidenta de la Junta, Susana D\\u00edaz, ha se\\u00f1alado sobre la situaci\\u00f3n que atraviesa Espa\\u00f1a a ra\\u00edz de Catalu\\u00f1a que \\\"la tarea m\\u00e1s importante que tenemos por delante es convertir una situaci\\u00f3n de riesgo en una oportunidad para todos\\\". Durante su discurso en el foro Los Desayunos de Diario C\\u00f3rdoba, ha resaltado que \\\"\\u00e9ste deber\\u00eda\",\"inLanguage\":\"es-ES\",\"isPartOf\":{\"@id\":\"https:\\\/\\\/www.eldigitaldeasturias.com\\\/noticias\\\/#website\"},\"breadcrumb\":{\"@id\":\"https:\\\/\\\/www.eldigitaldeasturias.com\\\/noticias\\\/susana-diaz-no-vamos-a-permitir-que-nadie-reescriba-nuestra-historia\\\/#breadcrumblist\"},\"author\":{\"@id\":\"https:\\\/\\\/www.eldigitaldeasturias.com\\\/noticias\\\/author\\\/admin\\\/#author\"},\"creator\":{\"@id\":\"https:\\\/\\\/www.eldigitaldeasturias.com\\\/noticias\\\/author\\\/admin\\\/#author\"},\"image\":{\"@type\":\"ImageObject\",\"url\":952192,\"@id\":\"https:\\\/\\\/www.eldigitaldeasturias.com\\\/noticias\\\/susana-diaz-no-vamos-a-permitir-que-nadie-reescriba-nuestra-historia\\\/#mainImage\"},\"primaryImageOfPage\":{\"@id\":\"https:\\\/\\\/www.eldigitaldeasturias.com\\\/noticias\\\/susana-diaz-no-vamos-a-permitir-que-nadie-reescriba-nuestra-historia\\\/#mainImage\"},\"datePublished\":\"2017-10-30T20:36:42+01:00\",\"dateModified\":\"2017-10-30T20:36:42+01:00\"},{\"@type\":\"WebSite\",\"@id\":\"https:\\\/\\\/www.eldigitaldeasturias.com\\\/noticias\\\/#website\",\"url\":\"https:\\\/\\\/www.eldigitaldeasturias.com\\\/noticias\\\/\",\"name\":\"El Digital de Asturias - Diario de actualidad y noticias\",\"alternateName\":\"El Digital de Asturias - Diario de actualidad y noticias\",\"description\":\"Hemeroteca\",\"inLanguage\":\"es-ES\",\"publisher\":{\"@id\":\"https:\\\/\\\/www.eldigitaldeasturias.com\\\/noticias\\\/#organization\"}}]}\n\t\t<\/script>\n\t\t<!-- All in One SEO Pro -->\r\n\t\t<title>Susana D\u00edaz: \u00abNo vamos a permitir que nadie reescriba nuestra historia\u00bb - El Digital de Asturias<\/title>\n\n","aioseo_head_json":{"title":"Susana D\u00edaz: \u00abNo vamos a permitir que nadie reescriba nuestra historia\u00bb - El Digital de Asturias","description":"La presidenta de la Junta, Susana D\u00edaz, ha se\u00f1alado sobre la situaci\u00f3n que atraviesa Espa\u00f1a a ra\u00edz de Catalu\u00f1a que \"la tarea m\u00e1s importante que tenemos por delante es convertir una situaci\u00f3n de riesgo en una oportunidad para todos\". Durante su discurso en el foro Los Desayunos de Diario C\u00f3rdoba, ha resaltado que \"\u00e9ste deber\u00eda","canonical_url":"https:\/\/www.eldigitaldeasturias.com\/noticias\/susana-diaz-no-vamos-a-permitir-que-nadie-reescriba-nuestra-historia\/","robots":"max-image-preview:large","keywords":"actualidad","webmasterTools":{"google-site-verification":"UA-38556648-1","msvalidate.01":"7dfe9f3f1b24437ab69f4f2559babe99","miscellaneous":""},"schema":{"@context":"https:\/\/schema.org","@graph":[{"@type":"BlogPosting","@id":"https:\/\/www.eldigitaldeasturias.com\/noticias\/susana-diaz-no-vamos-a-permitir-que-nadie-reescriba-nuestra-historia\/#blogposting","name":"Susana D\u00edaz: \u00abNo vamos a permitir que nadie reescriba nuestra historia\u00bb - El Digital de Asturias","headline":"Susana D\u00edaz: \u00abNo vamos a permitir que nadie reescriba nuestra historia\u00bb","author":{"@id":"https:\/\/www.eldigitaldeasturias.com\/noticias\/author\/admin\/#author"},"publisher":{"@id":"https:\/\/www.eldigitaldeasturias.com\/noticias\/#organization"},"image":{"@type":"ImageObject","url":952192},"datePublished":"2017-10-30T20:36:42+01:00","dateModified":"2017-10-30T20:36:42+01:00","inLanguage":"es-ES","mainEntityOfPage":{"@id":"https:\/\/www.eldigitaldeasturias.com\/noticias\/susana-diaz-no-vamos-a-permitir-que-nadie-reescriba-nuestra-historia\/#webpage"},"isPartOf":{"@id":"https:\/\/www.eldigitaldeasturias.com\/noticias\/susana-diaz-no-vamos-a-permitir-que-nadie-reescriba-nuestra-historia\/#webpage"},"articleSection":"Actualidad"},{"@type":"BreadcrumbList","@id":"https:\/\/www.eldigitaldeasturias.com\/noticias\/susana-diaz-no-vamos-a-permitir-que-nadie-reescriba-nuestra-historia\/#breadcrumblist","itemListElement":[{"@type":"ListItem","@id":"https:\/\/www.eldigitaldeasturias.com\/noticias#listItem","position":1,"name":"Home","item":"https:\/\/www.eldigitaldeasturias.com\/noticias","nextItem":{"@type":"ListItem","@id":"https:\/\/www.eldigitaldeasturias.com\/noticias\/category\/actualidad\/#listItem","name":"Actualidad"}},{"@type":"ListItem","@id":"https:\/\/www.eldigitaldeasturias.com\/noticias\/category\/actualidad\/#listItem","position":2,"name":"Actualidad","item":"https:\/\/www.eldigitaldeasturias.com\/noticias\/category\/actualidad\/","nextItem":{"@type":"ListItem","@id":"https:\/\/www.eldigitaldeasturias.com\/noticias\/susana-diaz-no-vamos-a-permitir-que-nadie-reescriba-nuestra-historia\/#listItem","name":"Susana D\u00edaz: \u00abNo vamos a permitir que nadie reescriba nuestra historia\u00bb"},"previousItem":{"@type":"ListItem","@id":"https:\/\/www.eldigitaldeasturias.com\/noticias#listItem","name":"Home"}},{"@type":"ListItem","@id":"https:\/\/www.eldigitaldeasturias.com\/noticias\/susana-diaz-no-vamos-a-permitir-que-nadie-reescriba-nuestra-historia\/#listItem","position":3,"name":"Susana D\u00edaz: \u00abNo vamos a permitir que nadie reescriba nuestra historia\u00bb","previousItem":{"@type":"ListItem","@id":"https:\/\/www.eldigitaldeasturias.com\/noticias\/category\/actualidad\/#listItem","name":"Actualidad"}}]},{"@type":"Organization","@id":"https:\/\/www.eldigitaldeasturias.com\/noticias\/#organization","name":"El Digital de Asturias","description":"Hemeroteca","url":"https:\/\/www.eldigitaldeasturias.com\/noticias\/","email":"info@eldigitaldeasturias.com","telephone":"+34652131393","logo":{"@type":"ImageObject","url":"https:\/\/www.eldigitaldeasturias.com\/noticias\/wp-content\/uploads\/2020\/12\/EDA.jpg","@id":"https:\/\/www.eldigitaldeasturias.com\/noticias\/susana-diaz-no-vamos-a-permitir-que-nadie-reescriba-nuestra-historia\/#organizationLogo"},"image":{"@id":"https:\/\/www.eldigitaldeasturias.com\/noticias\/susana-diaz-no-vamos-a-permitir-que-nadie-reescriba-nuestra-historia\/#organizationLogo"},"sameAs":["https:\/\/facebook.com\/eldigitaldeasturias","https:\/\/www.youtube.com\/channel\/UCZP-2wLEB9Rv6erhFmqVnvg"],"address":{"@id":"https:\/\/www.eldigitaldeasturias.com\/noticias\/#postaladdress","@type":"PostalAddress","streetAddress":"san antonio 4","postalCode":"33430","addressLocality":"Cand\u00e1s","addressRegion":"Asturias","addressCountry":"ES"}},{"@type":"Person","@id":"https:\/\/www.eldigitaldeasturias.com\/noticias\/author\/admin\/#author","url":"https:\/\/www.eldigitaldeasturias.com\/noticias\/author\/admin\/","name":"El Digital de Asturias","image":{"@type":"ImageObject","@id":"https:\/\/www.eldigitaldeasturias.com\/noticias\/susana-diaz-no-vamos-a-permitir-que-nadie-reescriba-nuestra-historia\/#authorImage","url":"https:\/\/secure.gravatar.com\/avatar\/df2aeffc32bcd13f8d26072ef8a91b623d677766deac7f97ca815868cd41bf5e?s=96&d=mm&r=g","width":96,"height":96,"caption":"El Digital de Asturias"}},{"@type":"WebPage","@id":"https:\/\/www.eldigitaldeasturias.com\/noticias\/susana-diaz-no-vamos-a-permitir-que-nadie-reescriba-nuestra-historia\/#webpage","url":"https:\/\/www.eldigitaldeasturias.com\/noticias\/susana-diaz-no-vamos-a-permitir-que-nadie-reescriba-nuestra-historia\/","name":"Susana D\u00edaz: \u00abNo vamos a permitir que nadie reescriba nuestra historia\u00bb - El Digital de Asturias","description":"La presidenta de la Junta, Susana D\u00edaz, ha se\u00f1alado sobre la situaci\u00f3n que atraviesa Espa\u00f1a a ra\u00edz de Catalu\u00f1a que \"la tarea m\u00e1s importante que tenemos por delante es convertir una situaci\u00f3n de riesgo en una oportunidad para todos\". Durante su discurso en el foro Los Desayunos de Diario C\u00f3rdoba, ha resaltado que \"\u00e9ste deber\u00eda","inLanguage":"es-ES","isPartOf":{"@id":"https:\/\/www.eldigitaldeasturias.com\/noticias\/#website"},"breadcrumb":{"@id":"https:\/\/www.eldigitaldeasturias.com\/noticias\/susana-diaz-no-vamos-a-permitir-que-nadie-reescriba-nuestra-historia\/#breadcrumblist"},"author":{"@id":"https:\/\/www.eldigitaldeasturias.com\/noticias\/author\/admin\/#author"},"creator":{"@id":"https:\/\/www.eldigitaldeasturias.com\/noticias\/author\/admin\/#author"},"image":{"@type":"ImageObject","url":952192,"@id":"https:\/\/www.eldigitaldeasturias.com\/noticias\/susana-diaz-no-vamos-a-permitir-que-nadie-reescriba-nuestra-historia\/#mainImage"},"primaryImageOfPage":{"@id":"https:\/\/www.eldigitaldeasturias.com\/noticias\/susana-diaz-no-vamos-a-permitir-que-nadie-reescriba-nuestra-historia\/#mainImage"},"datePublished":"2017-10-30T20:36:42+01:00","dateModified":"2017-10-30T20:36:42+01:00"},{"@type":"WebSite","@id":"https:\/\/www.eldigitaldeasturias.com\/noticias\/#website","url":"https:\/\/www.eldigitaldeasturias.com\/noticias\/","name":"El Digital de Asturias - Diario de actualidad y noticias","alternateName":"El Digital de Asturias - Diario de actualidad y noticias","description":"Hemeroteca","inLanguage":"es-ES","publisher":{"@id":"https:\/\/www.eldigitaldeasturias.com\/noticias\/#organization"}}]},"og:locale":"es_ES","og:site_name":"El Digital de Asturias","og:type":"article","og:title":"Susana D\u00edaz: \u00abNo vamos a permitir que nadie reescriba nuestra historia\u00bb - El Digital de Asturias","og:description":"La presidenta de la Junta, Susana D\u00edaz, ha se\u00f1alado sobre la situaci\u00f3n que atraviesa Espa\u00f1a a ra\u00edz de Catalu\u00f1a que &quot;la tarea m\u00e1s importante que tenemos por delante es convertir una situaci\u00f3n de riesgo en una oportunidad para todos&quot;. Durante su discurso en el foro Los Desayunos de Diario C\u00f3rdoba, ha resaltado que &quot;\u00e9ste deber\u00eda","og:url":"https:\/\/www.eldigitaldeasturias.com\/noticias\/susana-diaz-no-vamos-a-permitir-que-nadie-reescriba-nuestra-historia\/","article:tag":["actualidad"],"article:published_time":"2017-10-30T20:36:42+00:00","article:modified_time":"2017-10-30T20:36:42+00:00","article:publisher":"https:\/\/facebook.com\/eldigitaldeasturias","twitter:card":"summary_large_image","twitter:title":"Susana D\u00edaz: \u00abNo vamos a permitir que nadie reescriba nuestra historia\u00bb - El Digital de Asturias","twitter:description":"La presidenta de la Junta, Susana D\u00edaz, ha se\u00f1alado sobre la situaci\u00f3n que atraviesa Espa\u00f1a a ra\u00edz de Catalu\u00f1a que &quot;la tarea m\u00e1s importante que tenemos por delante es convertir una situaci\u00f3n de riesgo en una oportunidad para todos&quot;. Durante su discurso en el foro Los Desayunos de Diario C\u00f3rdoba, ha resaltado que &quot;\u00e9ste deber\u00eda","twitter:image":"https:\/\/www.eldigitaldeasturias.com\/noticias\/wp-content\/uploads\/2020\/12\/EDA-1.jpg","twitter:label1":"Escrito por","twitter:data1":"El Digital de Asturias","twitter:label2":"Tiempo de lectura estimado","twitter:data2":"3 minutos"},"aioseo_meta_data":{"post_id":"958120","title":null,"description":null,"keywords":null,"keyphrases":null,"primary_term":null,"canonical_url":null,"og_title":null,"og_description":null,"og_object_type":"default","og_image_type":"default","og_image_url":null,"og_image_width":null,"og_image_height":null,"og_image_custom_url":null,"og_image_custom_fields":null,"og_video":null,"og_custom_url":null,"og_article_section":null,"og_article_tags":null,"twitter_use_og":false,"twitter_card":"default","twitter_image_type":"default","twitter_image_url":null,"twitter_image_custom_url":null,"twitter_image_custom_fields":null,"twitter_title":null,"twitter_description":null,"schema":{"blockGraphs":[],"customGraphs":[],"default":{"data":{"Article":[],"Course":[],"Dataset":[],"FAQPage":[],"Movie":[],"Person":[],"Product":[],"ProductReview":[],"Car":[],"Recipe":[],"Service":[],"SoftwareApplication":[],"WebPage":[]},"graphName":"","isEnabled":true},"graphs":[],"defaultGraph":"","defaultPostTypeGraph":""},"schema_type":null,"schema_type_options":null,"pillar_content":false,"robots_default":true,"robots_noindex":false,"robots_noarchive":false,"robots_nosnippet":false,"robots_nofollow":false,"robots_noimageindex":false,"robots_noodp":false,"robots_notranslate":false,"robots_max_snippet":null,"robots_max_videopreview":null,"robots_max_imagepreview":"large","priority":null,"frequency":null,"local_seo":null,"seo_analyzer_scan_date":"2025-12-06 20:02:11","breadcrumb_settings":null,"limit_modified_date":false,"open_ai":null,"ai":null,"created":"2020-12-21 12:54:18","updated":"2025-12-06 20:02:11","focus_keyword":null,"additional_keywords":null,"truseo_locale":null},"aioseo_breadcrumb":"<div class=\"aioseo-breadcrumbs\"><span class=\"aioseo-breadcrumb\">\n\t<a href=\"https:\/\/www.eldigitaldeasturias.com\/noticias\" title=\"Home\">Home<\/a>\n<\/span><span class=\"aioseo-breadcrumb-separator\">\u2013<\/span><span class=\"aioseo-breadcrumb\">\n\t<a href=\"https:\/\/www.eldigitaldeasturias.com\/noticias\/category\/actualidad\/\" title=\"Actualidad\">Actualidad<\/a>\n<\/span><span class=\"aioseo-breadcrumb-separator\">\u2013<\/span><span class=\"aioseo-breadcrumb\">\n\t<a href=\"https:\/\/www.eldigitaldeasturias.com\/noticias\/susana-diaz-no-vamos-a-permitir-que-nadie-reescriba-nuestra-historia\/\" title=\"Susana D\u00edaz: \u00abNo vamos a permitir que nadie reescriba nuestra historia\u00bb\">Susana D\u00edaz: \u00abNo vamos a permitir que nadie reescriba nuestra historia\u00bb<\/a>\n<\/span><\/div>","aioseo_breadcrumb_json":[{"label":"Home","link":"https:\/\/www.eldigitaldeasturias.com\/noticias"},{"label":"Actualidad","link":"https:\/\/www.eldigitaldeasturias.com\/noticias\/category\/actualidad\/"},{"label":"Susana D\u00edaz: \u00abNo vamos a permitir que nadie reescriba nuestra historia\u00bb","link":"https:\/\/www.eldigitaldeasturias.com\/noticias\/susana-diaz-no-vamos-a-permitir-que-nadie-reescriba-nuestra-historia\/"}],"_links":{"self":[{"href":"https:\/\/www.eldigitaldeasturias.com\/noticias\/wp-json\/wp\/v2\/posts\/958120","targetHints":{"allow":["GET"]}}],"collection":[{"href":"https:\/\/www.eldigitaldeasturias.com\/noticias\/wp-json\/wp\/v2\/posts"}],"about":[{"href":"https:\/\/www.eldigitaldeasturias.com\/noticias\/wp-json\/wp\/v2\/types\/post"}],"author":[{"embeddable":true,"href":"https:\/\/www.eldigitaldeasturias.com\/noticias\/wp-json\/wp\/v2\/users\/1"}],"replies":[{"embeddable":true,"href":"https:\/\/www.eldigitaldeasturias.com\/noticias\/wp-json\/wp\/v2\/comments?post=958120"}],"version-history":[{"count":0,"href":"https:\/\/www.eldigitaldeasturias.com\/noticias\/wp-json\/wp\/v2\/posts\/958120\/revisions"}],"wp:attachment":[{"href":"https:\/\/www.eldigitaldeasturias.com\/noticias\/wp-json\/wp\/v2\/media?parent=958120"}],"wp:term":[{"taxonomy":"category","embeddable":true,"href":"https:\/\/www.eldigitaldeasturias.com\/noticias\/wp-json\/wp\/v2\/categories?post=958120"},{"taxonomy":"post_tag","embeddable":true,"href":"https:\/\/www.eldigitaldeasturias.com\/noticias\/wp-json\/wp\/v2\/tags?post=958120"}],"curies":[{"name":"wp","href":"https:\/\/api.w.org\/{rel}","templated":true}]}}