{"id":957994,"date":"2017-10-29T20:11:04","date_gmt":"2017-10-29T20:11:04","guid":{"rendered":"http:\/\/www.eldigitaldeasturias.com\/noticias\/?p=957994"},"modified":"2017-10-29T20:11:04","modified_gmt":"2017-10-29T20:11:04","slug":"diego-gago-en-podemos-son-incapaces-de-hablar-de-unidad","status":"publish","type":"post","link":"https:\/\/www.eldigitaldeasturias.com\/noticias\/diego-gago-en-podemos-son-incapaces-de-hablar-de-unidad\/","title":{"rendered":"Diego Gago: \u00abEn Podemos son incapaces de hablar de unidad\u00bb"},"content":{"rendered":"<p><img loading=\"lazy\" decoding=\"async\" class=\"alignleft size-medium wp-image-957995\" src=\"https:\/\/www.eldigitaldeasturias.com\/noticias\/wp-content\/uploads\/2017\/10\/Gago-360x163.jpg\" alt=\"\" width=\"360\" height=\"163\" \/>El presidente nacional de Nuevas Generaciones del Partido Popular, Diego Gago, ha afirmado que \u00abla reinstauraci\u00f3n de la legalidad en Catalu\u00f1a es un nuevo triunfo que demuestra la solidez de nuestra democracia y nuestro Estado de Derecho\u00bb.<\/p>\n<p>Asimismo, Gago ha destacado que el Gobierno de Espa\u00f1a ha reaccionado como la mayor\u00eda de espa\u00f1oles esperaban, es decir, defendiendo \u00abla legalidad \u00fanicamente desde la ley\u00bb. Por ello, tal y como ha se\u00f1alado, el Ejecutivo de Mariano Rajoy cuenta \u00abcon todo el apoyo de la mayor\u00eda de los catalanes y de los espa\u00f1oles que se han sentido despojados de sus libertades, de su identidad, y de sus derechos\u00bb.<\/p>\n<p>El dirigente popular se ha pronunciado as\u00ed durante su asistencia al acto de clausura del XIV Congreso Provincial de Nuevas Generaciones de M\u00e1laga en el que ha estado acompa\u00f1ado por la secretaria general de NNGG, Reyes Fern\u00e1ndez, y donde ha resultado elegida nueva presidenta de la organizaci\u00f3n juvenil malague\u00f1a, Loli Caetano.<\/p>\n<p><strong>MENSAJE DE AFECTO A LOS CATALANES<\/strong><\/p>\n<p>En su intervenci\u00f3n, Gago tambi\u00e9n ha enviado un \u00abmensaje de solidaridad, uni\u00f3n, afecto, y cari\u00f1o a la inmensa mayor\u00eda de j\u00f3venes catalanes que saben que su futuro no pasa por abrir delegaciones internacionales, o levantar muros\u00bb.<\/p>\n<p>A todos ellos, ha continuado, quiero decirles que \u00abdesde Nuevas Generaciones les vamos a apoyar y a defender al m\u00e1s de un mill\u00f3n de personas que han reivindicado hoy la legalidad, la democracia y el Estado de Derecho en las calles de Barcelona\u00bb.<\/p>\n<p>En este sentido, el presidente de Nuevas Generaciones ha lamentado que un dirigente pol\u00edtico que pretende liderar Espa\u00f1a como el secretario general de Podemos, Pablo Iglesias, \u00abse entregue a sus socios nacionalistas y critique a los que portan la bandera nacional que nos une y nos representa a todos y no a los que pretenden ultrajarla\u00bb.<\/p>\n<p>\u00abEn Podemos son incapaces de hablar de unidad; est\u00e1n deseando que nuestro pa\u00eds se convierta en una rep\u00fablica bananera porque es el ejemplo que ellos tienen fuera de nuestro pa\u00eds\u00bb, ha asegurado.<\/p>\n<p>&nbsp;<\/p>\n","protected":false},"excerpt":{"rendered":"<p>El presidente nacional de Nuevas Generaciones del Partido Popular, Diego Gago, ha afirmado que \u00abla reinstauraci\u00f3n de la legalidad en Catalu\u00f1a es un nuevo triunfo que demuestra la solidez de nuestra democracia y nuestro Estado de Derecho\u00bb. Asimismo, Gago ha destacado que el Gobierno de Espa\u00f1a ha reaccionado como la mayor\u00eda de espa\u00f1oles esperaban, es [&hellip;]<\/p>\n","protected":false},"author":1,"featured_media":957995,"comment_status":"closed","ping_status":"closed","sticky":false,"template":"","format":"standard","meta":{"footnotes":""},"categories":[1],"tags":[],"class_list":["post-957994","post","type-post","status-publish","format-standard","has-post-thumbnail","hentry","category-actualidad"],"aioseo_notices":[],"aioseo_head":"\n\t\t<!-- All in One SEO Pro 5.0.1 - aioseo.com -->\n\t<meta name=\"description\" content=\"El presidente nacional de Nuevas Generaciones del Partido Popular, Diego Gago, ha afirmado que &quot;la reinstauraci\u00f3n de la legalidad en Catalu\u00f1a es un nuevo triunfo que demuestra la solidez de nuestra democracia y nuestro Estado de Derecho&quot;. Asimismo, Gago ha destacado que el Gobierno de Espa\u00f1a ha reaccionado como la mayor\u00eda de espa\u00f1oles esperaban, es\" \/>\n\t<meta name=\"robots\" content=\"max-image-preview:large\" \/>\n\t<meta name=\"author\" content=\"El Digital de Asturias\"\/>\n\t<meta name=\"google-site-verification\" content=\"UA-38556648-1\" \/>\n\t<meta name=\"msvalidate.01\" content=\"7dfe9f3f1b24437ab69f4f2559babe99\" \/>\n\t<meta name=\"keywords\" content=\"actualidad\" \/>\n\t<link rel=\"canonical\" href=\"https:\/\/www.eldigitaldeasturias.com\/noticias\/diego-gago-en-podemos-son-incapaces-de-hablar-de-unidad\/\" \/>\n\t<meta name=\"generator\" content=\"All in One SEO Pro (AIOSEO) 5.0.1\" \/>\n\t\t<meta property=\"og:locale\" content=\"es_ES\" \/>\n\t\t<meta property=\"og:site_name\" content=\"El Digital de Asturias\" \/>\n\t\t<meta property=\"og:type\" content=\"article\" \/>\n\t\t<meta property=\"og:title\" content=\"Diego Gago: \u00abEn Podemos son incapaces de hablar de unidad\u00bb - El Digital de Asturias\" \/>\n\t\t<meta property=\"og:description\" content=\"El presidente nacional de Nuevas Generaciones del Partido Popular, Diego Gago, ha afirmado que &quot;la reinstauraci\u00f3n de la legalidad en Catalu\u00f1a es un nuevo triunfo que demuestra la solidez de nuestra democracia y nuestro Estado de Derecho&quot;. Asimismo, Gago ha destacado que el Gobierno de Espa\u00f1a ha reaccionado como la mayor\u00eda de espa\u00f1oles esperaban, es\" \/>\n\t\t<meta property=\"og:url\" content=\"https:\/\/www.eldigitaldeasturias.com\/noticias\/diego-gago-en-podemos-son-incapaces-de-hablar-de-unidad\/\" \/>\n\t\t<meta property=\"article:tag\" content=\"actualidad\" \/>\n\t\t<meta property=\"article:published_time\" content=\"2017-10-29T20:11:04+00:00\" \/>\n\t\t<meta property=\"article:modified_time\" content=\"2017-10-29T20:11:04+00:00\" \/>\n\t\t<meta property=\"article:publisher\" content=\"https:\/\/facebook.com\/eldigitaldeasturias\" \/>\n\t\t<meta name=\"twitter:card\" content=\"summary_large_image\" \/>\n\t\t<meta name=\"twitter:title\" content=\"Diego Gago: \u00abEn Podemos son incapaces de hablar de unidad\u00bb - El Digital de Asturias\" \/>\n\t\t<meta name=\"twitter:description\" content=\"El presidente nacional de Nuevas Generaciones del Partido Popular, Diego Gago, ha afirmado que &quot;la reinstauraci\u00f3n de la legalidad en Catalu\u00f1a es un nuevo triunfo que demuestra la solidez de nuestra democracia y nuestro Estado de Derecho&quot;. Asimismo, Gago ha destacado que el Gobierno de Espa\u00f1a ha reaccionado como la mayor\u00eda de espa\u00f1oles esperaban, es\" \/>\n\t\t<meta name=\"twitter:image\" content=\"https:\/\/www.eldigitaldeasturias.com\/noticias\/wp-content\/uploads\/2020\/12\/EDA-1.jpg\" \/>\n\t\t<meta name=\"twitter:label1\" content=\"Escrito por\" \/>\n\t\t<meta name=\"twitter:data1\" content=\"El Digital de Asturias\" \/>\n\t\t<meta name=\"twitter:label2\" content=\"Tiempo de lectura estimado\" \/>\n\t\t<meta name=\"twitter:data2\" content=\"2 minutos\" \/>\n\t\t<script type=\"application\/ld+json\" class=\"aioseo-schema\">\n\t\t\t{\"@context\":\"https:\\\/\\\/schema.org\",\"@graph\":[{\"@type\":\"BlogPosting\",\"@id\":\"https:\\\/\\\/www.eldigitaldeasturias.com\\\/noticias\\\/diego-gago-en-podemos-son-incapaces-de-hablar-de-unidad\\\/#blogposting\",\"name\":\"Diego Gago: \\u00abEn Podemos son incapaces de hablar de unidad\\u00bb - El Digital de Asturias\",\"headline\":\"Diego Gago: \\u00abEn Podemos son incapaces de hablar de unidad\\u00bb\",\"author\":{\"@id\":\"https:\\\/\\\/www.eldigitaldeasturias.com\\\/noticias\\\/author\\\/admin\\\/#author\"},\"publisher\":{\"@id\":\"https:\\\/\\\/www.eldigitaldeasturias.com\\\/noticias\\\/#organization\"},\"image\":{\"@type\":\"ImageObject\",\"url\":957995},\"datePublished\":\"2017-10-29T20:11:04+01:00\",\"dateModified\":\"2017-10-29T20:11:04+01:00\",\"inLanguage\":\"es-ES\",\"mainEntityOfPage\":{\"@id\":\"https:\\\/\\\/www.eldigitaldeasturias.com\\\/noticias\\\/diego-gago-en-podemos-son-incapaces-de-hablar-de-unidad\\\/#webpage\"},\"isPartOf\":{\"@id\":\"https:\\\/\\\/www.eldigitaldeasturias.com\\\/noticias\\\/diego-gago-en-podemos-son-incapaces-de-hablar-de-unidad\\\/#webpage\"},\"articleSection\":\"Actualidad\"},{\"@type\":\"BreadcrumbList\",\"@id\":\"https:\\\/\\\/www.eldigitaldeasturias.com\\\/noticias\\\/diego-gago-en-podemos-son-incapaces-de-hablar-de-unidad\\\/#breadcrumblist\",\"itemListElement\":[{\"@type\":\"ListItem\",\"@id\":\"https:\\\/\\\/www.eldigitaldeasturias.com\\\/noticias#listItem\",\"position\":1,\"name\":\"Home\",\"item\":\"https:\\\/\\\/www.eldigitaldeasturias.com\\\/noticias\",\"nextItem\":{\"@type\":\"ListItem\",\"@id\":\"https:\\\/\\\/www.eldigitaldeasturias.com\\\/noticias\\\/category\\\/actualidad\\\/#listItem\",\"name\":\"Actualidad\"}},{\"@type\":\"ListItem\",\"@id\":\"https:\\\/\\\/www.eldigitaldeasturias.com\\\/noticias\\\/category\\\/actualidad\\\/#listItem\",\"position\":2,\"name\":\"Actualidad\",\"item\":\"https:\\\/\\\/www.eldigitaldeasturias.com\\\/noticias\\\/category\\\/actualidad\\\/\",\"nextItem\":{\"@type\":\"ListItem\",\"@id\":\"https:\\\/\\\/www.eldigitaldeasturias.com\\\/noticias\\\/diego-gago-en-podemos-son-incapaces-de-hablar-de-unidad\\\/#listItem\",\"name\":\"Diego Gago: \\u00abEn Podemos son incapaces de hablar de unidad\\u00bb\"},\"previousItem\":{\"@type\":\"ListItem\",\"@id\":\"https:\\\/\\\/www.eldigitaldeasturias.com\\\/noticias#listItem\",\"name\":\"Home\"}},{\"@type\":\"ListItem\",\"@id\":\"https:\\\/\\\/www.eldigitaldeasturias.com\\\/noticias\\\/diego-gago-en-podemos-son-incapaces-de-hablar-de-unidad\\\/#listItem\",\"position\":3,\"name\":\"Diego Gago: \\u00abEn Podemos son incapaces de hablar de unidad\\u00bb\",\"previousItem\":{\"@type\":\"ListItem\",\"@id\":\"https:\\\/\\\/www.eldigitaldeasturias.com\\\/noticias\\\/category\\\/actualidad\\\/#listItem\",\"name\":\"Actualidad\"}}]},{\"@type\":\"Organization\",\"@id\":\"https:\\\/\\\/www.eldigitaldeasturias.com\\\/noticias\\\/#organization\",\"name\":\"El Digital de Asturias\",\"description\":\"Hemeroteca\",\"url\":\"https:\\\/\\\/www.eldigitaldeasturias.com\\\/noticias\\\/\",\"email\":\"info@eldigitaldeasturias.com\",\"telephone\":\"+34652131393\",\"logo\":{\"@type\":\"ImageObject\",\"url\":\"https:\\\/\\\/www.eldigitaldeasturias.com\\\/noticias\\\/wp-content\\\/uploads\\\/2020\\\/12\\\/EDA.jpg\",\"@id\":\"https:\\\/\\\/www.eldigitaldeasturias.com\\\/noticias\\\/diego-gago-en-podemos-son-incapaces-de-hablar-de-unidad\\\/#organizationLogo\"},\"image\":{\"@id\":\"https:\\\/\\\/www.eldigitaldeasturias.com\\\/noticias\\\/diego-gago-en-podemos-son-incapaces-de-hablar-de-unidad\\\/#organizationLogo\"},\"sameAs\":[\"https:\\\/\\\/facebook.com\\\/eldigitaldeasturias\",\"https:\\\/\\\/www.youtube.com\\\/channel\\\/UCZP-2wLEB9Rv6erhFmqVnvg\"],\"address\":{\"@id\":\"https:\\\/\\\/www.eldigitaldeasturias.com\\\/noticias\\\/#postaladdress\",\"@type\":\"PostalAddress\",\"streetAddress\":\"san antonio 4\",\"postalCode\":\"33430\",\"addressLocality\":\"Cand\\u00e1s\",\"addressRegion\":\"Asturias\",\"addressCountry\":\"ES\"}},{\"@type\":\"Person\",\"@id\":\"https:\\\/\\\/www.eldigitaldeasturias.com\\\/noticias\\\/author\\\/admin\\\/#author\",\"url\":\"https:\\\/\\\/www.eldigitaldeasturias.com\\\/noticias\\\/author\\\/admin\\\/\",\"name\":\"El Digital de Asturias\",\"image\":{\"@type\":\"ImageObject\",\"@id\":\"https:\\\/\\\/www.eldigitaldeasturias.com\\\/noticias\\\/diego-gago-en-podemos-son-incapaces-de-hablar-de-unidad\\\/#authorImage\",\"url\":\"https:\\\/\\\/secure.gravatar.com\\\/avatar\\\/df2aeffc32bcd13f8d26072ef8a91b623d677766deac7f97ca815868cd41bf5e?s=96&d=mm&r=g\",\"width\":96,\"height\":96,\"caption\":\"El Digital de Asturias\"}},{\"@type\":\"WebPage\",\"@id\":\"https:\\\/\\\/www.eldigitaldeasturias.com\\\/noticias\\\/diego-gago-en-podemos-son-incapaces-de-hablar-de-unidad\\\/#webpage\",\"url\":\"https:\\\/\\\/www.eldigitaldeasturias.com\\\/noticias\\\/diego-gago-en-podemos-son-incapaces-de-hablar-de-unidad\\\/\",\"name\":\"Diego Gago: \\u00abEn Podemos son incapaces de hablar de unidad\\u00bb - El Digital de Asturias\",\"description\":\"El presidente nacional de Nuevas Generaciones del Partido Popular, Diego Gago, ha afirmado que \\\"la reinstauraci\\u00f3n de la legalidad en Catalu\\u00f1a es un nuevo triunfo que demuestra la solidez de nuestra democracia y nuestro Estado de Derecho\\\". Asimismo, Gago ha destacado que el Gobierno de Espa\\u00f1a ha reaccionado como la mayor\\u00eda de espa\\u00f1oles esperaban, es\",\"inLanguage\":\"es-ES\",\"isPartOf\":{\"@id\":\"https:\\\/\\\/www.eldigitaldeasturias.com\\\/noticias\\\/#website\"},\"breadcrumb\":{\"@id\":\"https:\\\/\\\/www.eldigitaldeasturias.com\\\/noticias\\\/diego-gago-en-podemos-son-incapaces-de-hablar-de-unidad\\\/#breadcrumblist\"},\"author\":{\"@id\":\"https:\\\/\\\/www.eldigitaldeasturias.com\\\/noticias\\\/author\\\/admin\\\/#author\"},\"creator\":{\"@id\":\"https:\\\/\\\/www.eldigitaldeasturias.com\\\/noticias\\\/author\\\/admin\\\/#author\"},\"image\":{\"@type\":\"ImageObject\",\"url\":957995,\"@id\":\"https:\\\/\\\/www.eldigitaldeasturias.com\\\/noticias\\\/diego-gago-en-podemos-son-incapaces-de-hablar-de-unidad\\\/#mainImage\"},\"primaryImageOfPage\":{\"@id\":\"https:\\\/\\\/www.eldigitaldeasturias.com\\\/noticias\\\/diego-gago-en-podemos-son-incapaces-de-hablar-de-unidad\\\/#mainImage\"},\"datePublished\":\"2017-10-29T20:11:04+01:00\",\"dateModified\":\"2017-10-29T20:11:04+01:00\"},{\"@type\":\"WebSite\",\"@id\":\"https:\\\/\\\/www.eldigitaldeasturias.com\\\/noticias\\\/#website\",\"url\":\"https:\\\/\\\/www.eldigitaldeasturias.com\\\/noticias\\\/\",\"name\":\"El Digital de Asturias - Diario de actualidad y noticias\",\"alternateName\":\"El Digital de Asturias - Diario de actualidad y noticias\",\"description\":\"Hemeroteca\",\"inLanguage\":\"es-ES\",\"publisher\":{\"@id\":\"https:\\\/\\\/www.eldigitaldeasturias.com\\\/noticias\\\/#organization\"}}]}\n\t\t<\/script>\n\t\t<!-- All in One SEO Pro -->\r\n\t\t<title>Diego Gago: \u00abEn Podemos son incapaces de hablar de unidad\u00bb - El Digital de Asturias<\/title>\n\n","aioseo_head_json":{"title":"Diego Gago: \u00abEn Podemos son incapaces de hablar de unidad\u00bb - El Digital de Asturias","description":"El presidente nacional de Nuevas Generaciones del Partido Popular, Diego Gago, ha afirmado que \"la reinstauraci\u00f3n de la legalidad en Catalu\u00f1a es un nuevo triunfo que demuestra la solidez de nuestra democracia y nuestro Estado de Derecho\". Asimismo, Gago ha destacado que el Gobierno de Espa\u00f1a ha reaccionado como la mayor\u00eda de espa\u00f1oles esperaban, es","canonical_url":"https:\/\/www.eldigitaldeasturias.com\/noticias\/diego-gago-en-podemos-son-incapaces-de-hablar-de-unidad\/","robots":"max-image-preview:large","keywords":"actualidad","webmasterTools":{"google-site-verification":"UA-38556648-1","msvalidate.01":"7dfe9f3f1b24437ab69f4f2559babe99","miscellaneous":""},"schema":{"@context":"https:\/\/schema.org","@graph":[{"@type":"BlogPosting","@id":"https:\/\/www.eldigitaldeasturias.com\/noticias\/diego-gago-en-podemos-son-incapaces-de-hablar-de-unidad\/#blogposting","name":"Diego Gago: \u00abEn Podemos son incapaces de hablar de unidad\u00bb - El Digital de Asturias","headline":"Diego Gago: \u00abEn Podemos son incapaces de hablar de unidad\u00bb","author":{"@id":"https:\/\/www.eldigitaldeasturias.com\/noticias\/author\/admin\/#author"},"publisher":{"@id":"https:\/\/www.eldigitaldeasturias.com\/noticias\/#organization"},"image":{"@type":"ImageObject","url":957995},"datePublished":"2017-10-29T20:11:04+01:00","dateModified":"2017-10-29T20:11:04+01:00","inLanguage":"es-ES","mainEntityOfPage":{"@id":"https:\/\/www.eldigitaldeasturias.com\/noticias\/diego-gago-en-podemos-son-incapaces-de-hablar-de-unidad\/#webpage"},"isPartOf":{"@id":"https:\/\/www.eldigitaldeasturias.com\/noticias\/diego-gago-en-podemos-son-incapaces-de-hablar-de-unidad\/#webpage"},"articleSection":"Actualidad"},{"@type":"BreadcrumbList","@id":"https:\/\/www.eldigitaldeasturias.com\/noticias\/diego-gago-en-podemos-son-incapaces-de-hablar-de-unidad\/#breadcrumblist","itemListElement":[{"@type":"ListItem","@id":"https:\/\/www.eldigitaldeasturias.com\/noticias#listItem","position":1,"name":"Home","item":"https:\/\/www.eldigitaldeasturias.com\/noticias","nextItem":{"@type":"ListItem","@id":"https:\/\/www.eldigitaldeasturias.com\/noticias\/category\/actualidad\/#listItem","name":"Actualidad"}},{"@type":"ListItem","@id":"https:\/\/www.eldigitaldeasturias.com\/noticias\/category\/actualidad\/#listItem","position":2,"name":"Actualidad","item":"https:\/\/www.eldigitaldeasturias.com\/noticias\/category\/actualidad\/","nextItem":{"@type":"ListItem","@id":"https:\/\/www.eldigitaldeasturias.com\/noticias\/diego-gago-en-podemos-son-incapaces-de-hablar-de-unidad\/#listItem","name":"Diego Gago: \u00abEn Podemos son incapaces de hablar de unidad\u00bb"},"previousItem":{"@type":"ListItem","@id":"https:\/\/www.eldigitaldeasturias.com\/noticias#listItem","name":"Home"}},{"@type":"ListItem","@id":"https:\/\/www.eldigitaldeasturias.com\/noticias\/diego-gago-en-podemos-son-incapaces-de-hablar-de-unidad\/#listItem","position":3,"name":"Diego Gago: \u00abEn Podemos son incapaces de hablar de unidad\u00bb","previousItem":{"@type":"ListItem","@id":"https:\/\/www.eldigitaldeasturias.com\/noticias\/category\/actualidad\/#listItem","name":"Actualidad"}}]},{"@type":"Organization","@id":"https:\/\/www.eldigitaldeasturias.com\/noticias\/#organization","name":"El Digital de Asturias","description":"Hemeroteca","url":"https:\/\/www.eldigitaldeasturias.com\/noticias\/","email":"info@eldigitaldeasturias.com","telephone":"+34652131393","logo":{"@type":"ImageObject","url":"https:\/\/www.eldigitaldeasturias.com\/noticias\/wp-content\/uploads\/2020\/12\/EDA.jpg","@id":"https:\/\/www.eldigitaldeasturias.com\/noticias\/diego-gago-en-podemos-son-incapaces-de-hablar-de-unidad\/#organizationLogo"},"image":{"@id":"https:\/\/www.eldigitaldeasturias.com\/noticias\/diego-gago-en-podemos-son-incapaces-de-hablar-de-unidad\/#organizationLogo"},"sameAs":["https:\/\/facebook.com\/eldigitaldeasturias","https:\/\/www.youtube.com\/channel\/UCZP-2wLEB9Rv6erhFmqVnvg"],"address":{"@id":"https:\/\/www.eldigitaldeasturias.com\/noticias\/#postaladdress","@type":"PostalAddress","streetAddress":"san antonio 4","postalCode":"33430","addressLocality":"Cand\u00e1s","addressRegion":"Asturias","addressCountry":"ES"}},{"@type":"Person","@id":"https:\/\/www.eldigitaldeasturias.com\/noticias\/author\/admin\/#author","url":"https:\/\/www.eldigitaldeasturias.com\/noticias\/author\/admin\/","name":"El Digital de Asturias","image":{"@type":"ImageObject","@id":"https:\/\/www.eldigitaldeasturias.com\/noticias\/diego-gago-en-podemos-son-incapaces-de-hablar-de-unidad\/#authorImage","url":"https:\/\/secure.gravatar.com\/avatar\/df2aeffc32bcd13f8d26072ef8a91b623d677766deac7f97ca815868cd41bf5e?s=96&d=mm&r=g","width":96,"height":96,"caption":"El Digital de Asturias"}},{"@type":"WebPage","@id":"https:\/\/www.eldigitaldeasturias.com\/noticias\/diego-gago-en-podemos-son-incapaces-de-hablar-de-unidad\/#webpage","url":"https:\/\/www.eldigitaldeasturias.com\/noticias\/diego-gago-en-podemos-son-incapaces-de-hablar-de-unidad\/","name":"Diego Gago: \u00abEn Podemos son incapaces de hablar de unidad\u00bb - El Digital de Asturias","description":"El presidente nacional de Nuevas Generaciones del Partido Popular, Diego Gago, ha afirmado que \"la reinstauraci\u00f3n de la legalidad en Catalu\u00f1a es un nuevo triunfo que demuestra la solidez de nuestra democracia y nuestro Estado de Derecho\". Asimismo, Gago ha destacado que el Gobierno de Espa\u00f1a ha reaccionado como la mayor\u00eda de espa\u00f1oles esperaban, es","inLanguage":"es-ES","isPartOf":{"@id":"https:\/\/www.eldigitaldeasturias.com\/noticias\/#website"},"breadcrumb":{"@id":"https:\/\/www.eldigitaldeasturias.com\/noticias\/diego-gago-en-podemos-son-incapaces-de-hablar-de-unidad\/#breadcrumblist"},"author":{"@id":"https:\/\/www.eldigitaldeasturias.com\/noticias\/author\/admin\/#author"},"creator":{"@id":"https:\/\/www.eldigitaldeasturias.com\/noticias\/author\/admin\/#author"},"image":{"@type":"ImageObject","url":957995,"@id":"https:\/\/www.eldigitaldeasturias.com\/noticias\/diego-gago-en-podemos-son-incapaces-de-hablar-de-unidad\/#mainImage"},"primaryImageOfPage":{"@id":"https:\/\/www.eldigitaldeasturias.com\/noticias\/diego-gago-en-podemos-son-incapaces-de-hablar-de-unidad\/#mainImage"},"datePublished":"2017-10-29T20:11:04+01:00","dateModified":"2017-10-29T20:11:04+01:00"},{"@type":"WebSite","@id":"https:\/\/www.eldigitaldeasturias.com\/noticias\/#website","url":"https:\/\/www.eldigitaldeasturias.com\/noticias\/","name":"El Digital de Asturias - Diario de actualidad y noticias","alternateName":"El Digital de Asturias - Diario de actualidad y noticias","description":"Hemeroteca","inLanguage":"es-ES","publisher":{"@id":"https:\/\/www.eldigitaldeasturias.com\/noticias\/#organization"}}]},"og:locale":"es_ES","og:site_name":"El Digital de Asturias","og:type":"article","og:title":"Diego Gago: \u00abEn Podemos son incapaces de hablar de unidad\u00bb - El Digital de Asturias","og:description":"El presidente nacional de Nuevas Generaciones del Partido Popular, Diego Gago, ha afirmado que &quot;la reinstauraci\u00f3n de la legalidad en Catalu\u00f1a es un nuevo triunfo que demuestra la solidez de nuestra democracia y nuestro Estado de Derecho&quot;. Asimismo, Gago ha destacado que el Gobierno de Espa\u00f1a ha reaccionado como la mayor\u00eda de espa\u00f1oles esperaban, es","og:url":"https:\/\/www.eldigitaldeasturias.com\/noticias\/diego-gago-en-podemos-son-incapaces-de-hablar-de-unidad\/","article:tag":["actualidad"],"article:published_time":"2017-10-29T20:11:04+00:00","article:modified_time":"2017-10-29T20:11:04+00:00","article:publisher":"https:\/\/facebook.com\/eldigitaldeasturias","twitter:card":"summary_large_image","twitter:title":"Diego Gago: \u00abEn Podemos son incapaces de hablar de unidad\u00bb - El Digital de Asturias","twitter:description":"El presidente nacional de Nuevas Generaciones del Partido Popular, Diego Gago, ha afirmado que &quot;la reinstauraci\u00f3n de la legalidad en Catalu\u00f1a es un nuevo triunfo que demuestra la solidez de nuestra democracia y nuestro Estado de Derecho&quot;. Asimismo, Gago ha destacado que el Gobierno de Espa\u00f1a ha reaccionado como la mayor\u00eda de espa\u00f1oles esperaban, es","twitter:image":"https:\/\/www.eldigitaldeasturias.com\/noticias\/wp-content\/uploads\/2020\/12\/EDA-1.jpg","twitter:label1":"Escrito por","twitter:data1":"El Digital de Asturias","twitter:label2":"Tiempo de lectura estimado","twitter:data2":"2 minutos"},"aioseo_meta_data":{"post_id":"957994","title":null,"description":null,"keywords":null,"keyphrases":null,"primary_term":null,"canonical_url":null,"og_title":null,"og_description":null,"og_object_type":"default","og_image_type":"default","og_image_url":null,"og_image_width":null,"og_image_height":null,"og_image_custom_url":null,"og_image_custom_fields":null,"og_video":null,"og_custom_url":null,"og_article_section":null,"og_article_tags":null,"twitter_use_og":false,"twitter_card":"default","twitter_image_type":"default","twitter_image_url":null,"twitter_image_custom_url":null,"twitter_image_custom_fields":null,"twitter_title":null,"twitter_description":null,"schema":{"blockGraphs":[],"customGraphs":[],"default":{"data":{"Article":[],"Course":[],"Dataset":[],"FAQPage":[],"Movie":[],"Person":[],"Product":[],"ProductReview":[],"Car":[],"Recipe":[],"Service":[],"SoftwareApplication":[],"WebPage":[]},"graphName":"","isEnabled":true},"graphs":[]},"schema_type":null,"schema_type_options":null,"pillar_content":false,"robots_default":true,"robots_noindex":false,"robots_noarchive":false,"robots_nosnippet":false,"robots_nofollow":false,"robots_noimageindex":false,"robots_noodp":false,"robots_notranslate":false,"robots_max_snippet":null,"robots_max_videopreview":null,"robots_max_imagepreview":"large","priority":null,"frequency":null,"local_seo":null,"seo_analyzer_scan_date":"2025-12-06 19:33:09","breadcrumb_settings":null,"limit_modified_date":false,"open_ai":null,"ai":null,"created":"2020-12-21 12:54:20","updated":"2025-12-06 19:33:09","focus_keyword":null,"additional_keywords":null,"truseo_locale":null},"aioseo_breadcrumb":"<div class=\"aioseo-breadcrumbs\"><span class=\"aioseo-breadcrumb\">\n\t<a href=\"https:\/\/www.eldigitaldeasturias.com\/noticias\" title=\"Home\">Home<\/a>\n<\/span><span class=\"aioseo-breadcrumb-separator\">\u2013<\/span><span class=\"aioseo-breadcrumb\">\n\t<a href=\"https:\/\/www.eldigitaldeasturias.com\/noticias\/category\/actualidad\/\" title=\"Actualidad\">Actualidad<\/a>\n<\/span><span class=\"aioseo-breadcrumb-separator\">\u2013<\/span><span class=\"aioseo-breadcrumb\">\n\t<a href=\"https:\/\/www.eldigitaldeasturias.com\/noticias\/diego-gago-en-podemos-son-incapaces-de-hablar-de-unidad\/\" title=\"Diego Gago: \u00abEn Podemos son incapaces de hablar de unidad\u00bb\">Diego Gago: \u00abEn Podemos son incapaces de hablar de unidad\u00bb<\/a>\n<\/span><\/div>","aioseo_breadcrumb_json":[{"label":"Home","link":"https:\/\/www.eldigitaldeasturias.com\/noticias"},{"label":"Actualidad","link":"https:\/\/www.eldigitaldeasturias.com\/noticias\/category\/actualidad\/"},{"label":"Diego Gago: \u00abEn Podemos son incapaces de hablar de unidad\u00bb","link":"https:\/\/www.eldigitaldeasturias.com\/noticias\/diego-gago-en-podemos-son-incapaces-de-hablar-de-unidad\/"}],"_links":{"self":[{"href":"https:\/\/www.eldigitaldeasturias.com\/noticias\/wp-json\/wp\/v2\/posts\/957994","targetHints":{"allow":["GET"]}}],"collection":[{"href":"https:\/\/www.eldigitaldeasturias.com\/noticias\/wp-json\/wp\/v2\/posts"}],"about":[{"href":"https:\/\/www.eldigitaldeasturias.com\/noticias\/wp-json\/wp\/v2\/types\/post"}],"author":[{"embeddable":true,"href":"https:\/\/www.eldigitaldeasturias.com\/noticias\/wp-json\/wp\/v2\/users\/1"}],"replies":[{"embeddable":true,"href":"https:\/\/www.eldigitaldeasturias.com\/noticias\/wp-json\/wp\/v2\/comments?post=957994"}],"version-history":[{"count":0,"href":"https:\/\/www.eldigitaldeasturias.com\/noticias\/wp-json\/wp\/v2\/posts\/957994\/revisions"}],"wp:attachment":[{"href":"https:\/\/www.eldigitaldeasturias.com\/noticias\/wp-json\/wp\/v2\/media?parent=957994"}],"wp:term":[{"taxonomy":"category","embeddable":true,"href":"https:\/\/www.eldigitaldeasturias.com\/noticias\/wp-json\/wp\/v2\/categories?post=957994"},{"taxonomy":"post_tag","embeddable":true,"href":"https:\/\/www.eldigitaldeasturias.com\/noticias\/wp-json\/wp\/v2\/tags?post=957994"}],"curies":[{"name":"wp","href":"https:\/\/api.w.org\/{rel}","templated":true}]}}