{"id":957991,"date":"2017-10-29T20:08:15","date_gmt":"2017-10-29T20:08:15","guid":{"rendered":"http:\/\/www.eldigitaldeasturias.com\/noticias\/?p=957991"},"modified":"2017-10-29T20:08:15","modified_gmt":"2017-10-29T20:08:15","slug":"pablo-casado-en-cataluna-se-va-a-restaurar-la-democracia","status":"publish","type":"post","link":"https:\/\/www.eldigitaldeasturias.com\/noticias\/pablo-casado-en-cataluna-se-va-a-restaurar-la-democracia\/","title":{"rendered":"Pablo Casado: \u00abEn Catalu\u00f1a se va a restaurar la democracia\u00bb"},"content":{"rendered":"<p><img loading=\"lazy\" decoding=\"async\" class=\"alignleft size-medium wp-image-957992\" src=\"https:\/\/www.eldigitaldeasturias.com\/noticias\/wp-content\/uploads\/2017\/10\/casado1-360x163.png\" alt=\"\" width=\"360\" height=\"163\" \/>El vicesecretario de Comunicaci\u00f3n del Partido Popular, Pablo Casado, ha asegurado que en Catalu\u00f1a \u00abse van a restaurar la democracia y las libertades y los catalanes tendr\u00e1n la oportunidad de decidir su futuro el pr\u00f3ximo 21 de diciembre\u00bb.<\/p>\n<p>En este sentido, el dirigente popular ha trasladado un \u00abmensaje de esperanza y tranquilidad\u00bb a los catalanes y al resto de espa\u00f1oles porque \u00abCatalu\u00f1a no es independiente y Espa\u00f1a sigue unida\u00bb.<\/p>\n<p><strong>NO HAY IMPUNIDAD<\/strong><\/p>\n<p>Pablo Casado ha destacado adem\u00e1s que \u00abel Gobierno de Espa\u00f1a ha hecho lo que la cobard\u00eda del Gobierno de la Generalitat no fue capaz: llamar a unas urnas en un marco legal absolutamente garantista para que los catalanes decidan qu\u00e9 es lo que quieren hacer en un futuro\u00bb.<\/p>\n<p>Asimismo, el dirigente popular ha afirmado que \u00abesto no va a quedar impune\u00bb, al tiempo que ha recordado que \u00abayer mismo fueron cesados todos los miembros del Gobierno de la Generalitat y de las agencias que hab\u00edan participado en la propaganda de la sedici\u00f3n y, a partir de ahora, va a haber una buena gesti\u00f3n de los recursos p\u00fablicos de los catalanes\u00bb, mediante la aplicaci\u00f3n constitucional del art\u00edculo 155 aprobada ayer en el Senado.<\/p>\n<p>Casado ha asegurado adem\u00e1s que \u00abPuigdemont y su gobierno, Forcadell y la Mesa del Parlament ya son el pasado y los jueces van a determinar su futuro\u00bb. \u00abEn Espa\u00f1a hay separaci\u00f3n de poderes e independencia judicial y esto no les va a salir gratis\u00bb, ha afirmado.<\/p>\n<p><strong>AGRADECIMIENTO A PSOE Y CIUDADANOS<\/strong><\/p>\n<p>Por \u00faltimo, el dirigente popular ha agradecido tanto al PSOE como a Ciudadanos la \u00abresponsabilidad de Estado\u00bb que han demostrado \u00aben la hora m\u00e1s grave que ha sufrido nuestra democracia, probablemente, desde que tenemos una Transici\u00f3n exitosa y una Constituci\u00f3n que es una aut\u00e9ntica referencia internacional\u00bb.<\/p>\n<p>&nbsp;<\/p>\n","protected":false},"excerpt":{"rendered":"<p>El vicesecretario de Comunicaci\u00f3n del Partido Popular, Pablo Casado, ha asegurado que en Catalu\u00f1a \u00abse van a restaurar la democracia y las libertades y los catalanes tendr\u00e1n la oportunidad de decidir su futuro el pr\u00f3ximo 21 de diciembre\u00bb. En este sentido, el dirigente popular ha trasladado un \u00abmensaje de esperanza y tranquilidad\u00bb a los catalanes [&hellip;]<\/p>\n","protected":false},"author":1,"featured_media":957992,"comment_status":"closed","ping_status":"closed","sticky":false,"template":"","format":"standard","meta":{"footnotes":""},"categories":[1],"tags":[],"class_list":["post-957991","post","type-post","status-publish","format-standard","has-post-thumbnail","hentry","category-actualidad"],"aioseo_notices":[],"aioseo_head":"\n\t\t<!-- All in One SEO Pro 5.0.1 - aioseo.com -->\n\t<meta name=\"description\" content=\"El vicesecretario de Comunicaci\u00f3n del Partido Popular, Pablo Casado, ha asegurado que en Catalu\u00f1a &quot;se van a restaurar la democracia y las libertades y los catalanes tendr\u00e1n la oportunidad de decidir su futuro el pr\u00f3ximo 21 de diciembre&quot;. En este sentido, el dirigente popular ha trasladado un &quot;mensaje de esperanza y tranquilidad&quot; a los catalanes\" \/>\n\t<meta name=\"robots\" content=\"max-image-preview:large\" \/>\n\t<meta name=\"author\" content=\"El Digital de Asturias\"\/>\n\t<meta name=\"google-site-verification\" content=\"UA-38556648-1\" \/>\n\t<meta name=\"msvalidate.01\" content=\"7dfe9f3f1b24437ab69f4f2559babe99\" \/>\n\t<meta name=\"keywords\" content=\"actualidad\" \/>\n\t<link rel=\"canonical\" href=\"https:\/\/www.eldigitaldeasturias.com\/noticias\/pablo-casado-en-cataluna-se-va-a-restaurar-la-democracia\/\" \/>\n\t<meta name=\"generator\" content=\"All in One SEO Pro (AIOSEO) 5.0.1\" \/>\n\t\t<meta property=\"og:locale\" content=\"es_ES\" \/>\n\t\t<meta property=\"og:site_name\" content=\"El Digital de Asturias\" \/>\n\t\t<meta property=\"og:type\" content=\"article\" \/>\n\t\t<meta property=\"og:title\" content=\"Pablo Casado: \u00abEn Catalu\u00f1a se va a restaurar la democracia\u00bb - El Digital de Asturias\" \/>\n\t\t<meta property=\"og:description\" content=\"El vicesecretario de Comunicaci\u00f3n del Partido Popular, Pablo Casado, ha asegurado que en Catalu\u00f1a &quot;se van a restaurar la democracia y las libertades y los catalanes tendr\u00e1n la oportunidad de decidir su futuro el pr\u00f3ximo 21 de diciembre&quot;. En este sentido, el dirigente popular ha trasladado un &quot;mensaje de esperanza y tranquilidad&quot; a los catalanes\" \/>\n\t\t<meta property=\"og:url\" content=\"https:\/\/www.eldigitaldeasturias.com\/noticias\/pablo-casado-en-cataluna-se-va-a-restaurar-la-democracia\/\" \/>\n\t\t<meta property=\"article:tag\" content=\"actualidad\" \/>\n\t\t<meta property=\"article:published_time\" content=\"2017-10-29T20:08:15+00:00\" \/>\n\t\t<meta property=\"article:modified_time\" content=\"2017-10-29T20:08:15+00:00\" \/>\n\t\t<meta property=\"article:publisher\" content=\"https:\/\/facebook.com\/eldigitaldeasturias\" \/>\n\t\t<meta name=\"twitter:card\" content=\"summary_large_image\" \/>\n\t\t<meta name=\"twitter:title\" content=\"Pablo Casado: \u00abEn Catalu\u00f1a se va a restaurar la democracia\u00bb - El Digital de Asturias\" \/>\n\t\t<meta name=\"twitter:description\" content=\"El vicesecretario de Comunicaci\u00f3n del Partido Popular, Pablo Casado, ha asegurado que en Catalu\u00f1a &quot;se van a restaurar la democracia y las libertades y los catalanes tendr\u00e1n la oportunidad de decidir su futuro el pr\u00f3ximo 21 de diciembre&quot;. En este sentido, el dirigente popular ha trasladado un &quot;mensaje de esperanza y tranquilidad&quot; a los catalanes\" \/>\n\t\t<meta name=\"twitter:image\" content=\"https:\/\/www.eldigitaldeasturias.com\/noticias\/wp-content\/uploads\/2020\/12\/EDA-1.jpg\" \/>\n\t\t<meta name=\"twitter:label1\" content=\"Escrito por\" \/>\n\t\t<meta name=\"twitter:data1\" content=\"El Digital de Asturias\" \/>\n\t\t<meta name=\"twitter:label2\" content=\"Tiempo de lectura estimado\" \/>\n\t\t<meta name=\"twitter:data2\" content=\"2 minutos\" \/>\n\t\t<script type=\"application\/ld+json\" class=\"aioseo-schema\">\n\t\t\t{\"@context\":\"https:\\\/\\\/schema.org\",\"@graph\":[{\"@type\":\"BlogPosting\",\"@id\":\"https:\\\/\\\/www.eldigitaldeasturias.com\\\/noticias\\\/pablo-casado-en-cataluna-se-va-a-restaurar-la-democracia\\\/#blogposting\",\"name\":\"Pablo Casado: \\u00abEn Catalu\\u00f1a se va a restaurar la democracia\\u00bb - El Digital de Asturias\",\"headline\":\"Pablo Casado: \\u00abEn Catalu\\u00f1a se va a restaurar la democracia\\u00bb\",\"author\":{\"@id\":\"https:\\\/\\\/www.eldigitaldeasturias.com\\\/noticias\\\/author\\\/admin\\\/#author\"},\"publisher\":{\"@id\":\"https:\\\/\\\/www.eldigitaldeasturias.com\\\/noticias\\\/#organization\"},\"image\":{\"@type\":\"ImageObject\",\"url\":957992},\"datePublished\":\"2017-10-29T20:08:15+01:00\",\"dateModified\":\"2017-10-29T20:08:15+01:00\",\"inLanguage\":\"es-ES\",\"mainEntityOfPage\":{\"@id\":\"https:\\\/\\\/www.eldigitaldeasturias.com\\\/noticias\\\/pablo-casado-en-cataluna-se-va-a-restaurar-la-democracia\\\/#webpage\"},\"isPartOf\":{\"@id\":\"https:\\\/\\\/www.eldigitaldeasturias.com\\\/noticias\\\/pablo-casado-en-cataluna-se-va-a-restaurar-la-democracia\\\/#webpage\"},\"articleSection\":\"Actualidad\"},{\"@type\":\"BreadcrumbList\",\"@id\":\"https:\\\/\\\/www.eldigitaldeasturias.com\\\/noticias\\\/pablo-casado-en-cataluna-se-va-a-restaurar-la-democracia\\\/#breadcrumblist\",\"itemListElement\":[{\"@type\":\"ListItem\",\"@id\":\"https:\\\/\\\/www.eldigitaldeasturias.com\\\/noticias#listItem\",\"position\":1,\"name\":\"Home\",\"item\":\"https:\\\/\\\/www.eldigitaldeasturias.com\\\/noticias\",\"nextItem\":{\"@type\":\"ListItem\",\"@id\":\"https:\\\/\\\/www.eldigitaldeasturias.com\\\/noticias\\\/category\\\/actualidad\\\/#listItem\",\"name\":\"Actualidad\"}},{\"@type\":\"ListItem\",\"@id\":\"https:\\\/\\\/www.eldigitaldeasturias.com\\\/noticias\\\/category\\\/actualidad\\\/#listItem\",\"position\":2,\"name\":\"Actualidad\",\"item\":\"https:\\\/\\\/www.eldigitaldeasturias.com\\\/noticias\\\/category\\\/actualidad\\\/\",\"nextItem\":{\"@type\":\"ListItem\",\"@id\":\"https:\\\/\\\/www.eldigitaldeasturias.com\\\/noticias\\\/pablo-casado-en-cataluna-se-va-a-restaurar-la-democracia\\\/#listItem\",\"name\":\"Pablo Casado: \\u00abEn Catalu\\u00f1a se va a restaurar la democracia\\u00bb\"},\"previousItem\":{\"@type\":\"ListItem\",\"@id\":\"https:\\\/\\\/www.eldigitaldeasturias.com\\\/noticias#listItem\",\"name\":\"Home\"}},{\"@type\":\"ListItem\",\"@id\":\"https:\\\/\\\/www.eldigitaldeasturias.com\\\/noticias\\\/pablo-casado-en-cataluna-se-va-a-restaurar-la-democracia\\\/#listItem\",\"position\":3,\"name\":\"Pablo Casado: \\u00abEn Catalu\\u00f1a se va a restaurar la democracia\\u00bb\",\"previousItem\":{\"@type\":\"ListItem\",\"@id\":\"https:\\\/\\\/www.eldigitaldeasturias.com\\\/noticias\\\/category\\\/actualidad\\\/#listItem\",\"name\":\"Actualidad\"}}]},{\"@type\":\"Organization\",\"@id\":\"https:\\\/\\\/www.eldigitaldeasturias.com\\\/noticias\\\/#organization\",\"name\":\"El Digital de Asturias\",\"description\":\"Hemeroteca\",\"url\":\"https:\\\/\\\/www.eldigitaldeasturias.com\\\/noticias\\\/\",\"email\":\"info@eldigitaldeasturias.com\",\"telephone\":\"+34652131393\",\"logo\":{\"@type\":\"ImageObject\",\"url\":\"https:\\\/\\\/www.eldigitaldeasturias.com\\\/noticias\\\/wp-content\\\/uploads\\\/2020\\\/12\\\/EDA.jpg\",\"@id\":\"https:\\\/\\\/www.eldigitaldeasturias.com\\\/noticias\\\/pablo-casado-en-cataluna-se-va-a-restaurar-la-democracia\\\/#organizationLogo\"},\"image\":{\"@id\":\"https:\\\/\\\/www.eldigitaldeasturias.com\\\/noticias\\\/pablo-casado-en-cataluna-se-va-a-restaurar-la-democracia\\\/#organizationLogo\"},\"sameAs\":[\"https:\\\/\\\/facebook.com\\\/eldigitaldeasturias\",\"https:\\\/\\\/www.youtube.com\\\/channel\\\/UCZP-2wLEB9Rv6erhFmqVnvg\"],\"address\":{\"@id\":\"https:\\\/\\\/www.eldigitaldeasturias.com\\\/noticias\\\/#postaladdress\",\"@type\":\"PostalAddress\",\"streetAddress\":\"san antonio 4\",\"postalCode\":\"33430\",\"addressLocality\":\"Cand\\u00e1s\",\"addressRegion\":\"Asturias\",\"addressCountry\":\"ES\"}},{\"@type\":\"Person\",\"@id\":\"https:\\\/\\\/www.eldigitaldeasturias.com\\\/noticias\\\/author\\\/admin\\\/#author\",\"url\":\"https:\\\/\\\/www.eldigitaldeasturias.com\\\/noticias\\\/author\\\/admin\\\/\",\"name\":\"El Digital de Asturias\",\"image\":{\"@type\":\"ImageObject\",\"@id\":\"https:\\\/\\\/www.eldigitaldeasturias.com\\\/noticias\\\/pablo-casado-en-cataluna-se-va-a-restaurar-la-democracia\\\/#authorImage\",\"url\":\"https:\\\/\\\/secure.gravatar.com\\\/avatar\\\/df2aeffc32bcd13f8d26072ef8a91b623d677766deac7f97ca815868cd41bf5e?s=96&d=mm&r=g\",\"width\":96,\"height\":96,\"caption\":\"El Digital de Asturias\"}},{\"@type\":\"WebPage\",\"@id\":\"https:\\\/\\\/www.eldigitaldeasturias.com\\\/noticias\\\/pablo-casado-en-cataluna-se-va-a-restaurar-la-democracia\\\/#webpage\",\"url\":\"https:\\\/\\\/www.eldigitaldeasturias.com\\\/noticias\\\/pablo-casado-en-cataluna-se-va-a-restaurar-la-democracia\\\/\",\"name\":\"Pablo Casado: \\u00abEn Catalu\\u00f1a se va a restaurar la democracia\\u00bb - El Digital de Asturias\",\"description\":\"El vicesecretario de Comunicaci\\u00f3n del Partido Popular, Pablo Casado, ha asegurado que en Catalu\\u00f1a \\\"se van a restaurar la democracia y las libertades y los catalanes tendr\\u00e1n la oportunidad de decidir su futuro el pr\\u00f3ximo 21 de diciembre\\\". En este sentido, el dirigente popular ha trasladado un \\\"mensaje de esperanza y tranquilidad\\\" a los catalanes\",\"inLanguage\":\"es-ES\",\"isPartOf\":{\"@id\":\"https:\\\/\\\/www.eldigitaldeasturias.com\\\/noticias\\\/#website\"},\"breadcrumb\":{\"@id\":\"https:\\\/\\\/www.eldigitaldeasturias.com\\\/noticias\\\/pablo-casado-en-cataluna-se-va-a-restaurar-la-democracia\\\/#breadcrumblist\"},\"author\":{\"@id\":\"https:\\\/\\\/www.eldigitaldeasturias.com\\\/noticias\\\/author\\\/admin\\\/#author\"},\"creator\":{\"@id\":\"https:\\\/\\\/www.eldigitaldeasturias.com\\\/noticias\\\/author\\\/admin\\\/#author\"},\"image\":{\"@type\":\"ImageObject\",\"url\":957992,\"@id\":\"https:\\\/\\\/www.eldigitaldeasturias.com\\\/noticias\\\/pablo-casado-en-cataluna-se-va-a-restaurar-la-democracia\\\/#mainImage\"},\"primaryImageOfPage\":{\"@id\":\"https:\\\/\\\/www.eldigitaldeasturias.com\\\/noticias\\\/pablo-casado-en-cataluna-se-va-a-restaurar-la-democracia\\\/#mainImage\"},\"datePublished\":\"2017-10-29T20:08:15+01:00\",\"dateModified\":\"2017-10-29T20:08:15+01:00\"},{\"@type\":\"WebSite\",\"@id\":\"https:\\\/\\\/www.eldigitaldeasturias.com\\\/noticias\\\/#website\",\"url\":\"https:\\\/\\\/www.eldigitaldeasturias.com\\\/noticias\\\/\",\"name\":\"El Digital de Asturias - Diario de actualidad y noticias\",\"alternateName\":\"El Digital de Asturias - Diario de actualidad y noticias\",\"description\":\"Hemeroteca\",\"inLanguage\":\"es-ES\",\"publisher\":{\"@id\":\"https:\\\/\\\/www.eldigitaldeasturias.com\\\/noticias\\\/#organization\"}}]}\n\t\t<\/script>\n\t\t<!-- All in One SEO Pro -->\r\n\t\t<title>Pablo Casado: \u00abEn Catalu\u00f1a se va a restaurar la democracia\u00bb - El Digital de Asturias<\/title>\n\n","aioseo_head_json":{"title":"Pablo Casado: \u00abEn Catalu\u00f1a se va a restaurar la democracia\u00bb - El Digital de Asturias","description":"El vicesecretario de Comunicaci\u00f3n del Partido Popular, Pablo Casado, ha asegurado que en Catalu\u00f1a \"se van a restaurar la democracia y las libertades y los catalanes tendr\u00e1n la oportunidad de decidir su futuro el pr\u00f3ximo 21 de diciembre\". En este sentido, el dirigente popular ha trasladado un \"mensaje de esperanza y tranquilidad\" a los catalanes","canonical_url":"https:\/\/www.eldigitaldeasturias.com\/noticias\/pablo-casado-en-cataluna-se-va-a-restaurar-la-democracia\/","robots":"max-image-preview:large","keywords":"actualidad","webmasterTools":{"google-site-verification":"UA-38556648-1","msvalidate.01":"7dfe9f3f1b24437ab69f4f2559babe99","miscellaneous":""},"schema":{"@context":"https:\/\/schema.org","@graph":[{"@type":"BlogPosting","@id":"https:\/\/www.eldigitaldeasturias.com\/noticias\/pablo-casado-en-cataluna-se-va-a-restaurar-la-democracia\/#blogposting","name":"Pablo Casado: \u00abEn Catalu\u00f1a se va a restaurar la democracia\u00bb - El Digital de Asturias","headline":"Pablo Casado: \u00abEn Catalu\u00f1a se va a restaurar la democracia\u00bb","author":{"@id":"https:\/\/www.eldigitaldeasturias.com\/noticias\/author\/admin\/#author"},"publisher":{"@id":"https:\/\/www.eldigitaldeasturias.com\/noticias\/#organization"},"image":{"@type":"ImageObject","url":957992},"datePublished":"2017-10-29T20:08:15+01:00","dateModified":"2017-10-29T20:08:15+01:00","inLanguage":"es-ES","mainEntityOfPage":{"@id":"https:\/\/www.eldigitaldeasturias.com\/noticias\/pablo-casado-en-cataluna-se-va-a-restaurar-la-democracia\/#webpage"},"isPartOf":{"@id":"https:\/\/www.eldigitaldeasturias.com\/noticias\/pablo-casado-en-cataluna-se-va-a-restaurar-la-democracia\/#webpage"},"articleSection":"Actualidad"},{"@type":"BreadcrumbList","@id":"https:\/\/www.eldigitaldeasturias.com\/noticias\/pablo-casado-en-cataluna-se-va-a-restaurar-la-democracia\/#breadcrumblist","itemListElement":[{"@type":"ListItem","@id":"https:\/\/www.eldigitaldeasturias.com\/noticias#listItem","position":1,"name":"Home","item":"https:\/\/www.eldigitaldeasturias.com\/noticias","nextItem":{"@type":"ListItem","@id":"https:\/\/www.eldigitaldeasturias.com\/noticias\/category\/actualidad\/#listItem","name":"Actualidad"}},{"@type":"ListItem","@id":"https:\/\/www.eldigitaldeasturias.com\/noticias\/category\/actualidad\/#listItem","position":2,"name":"Actualidad","item":"https:\/\/www.eldigitaldeasturias.com\/noticias\/category\/actualidad\/","nextItem":{"@type":"ListItem","@id":"https:\/\/www.eldigitaldeasturias.com\/noticias\/pablo-casado-en-cataluna-se-va-a-restaurar-la-democracia\/#listItem","name":"Pablo Casado: \u00abEn Catalu\u00f1a se va a restaurar la democracia\u00bb"},"previousItem":{"@type":"ListItem","@id":"https:\/\/www.eldigitaldeasturias.com\/noticias#listItem","name":"Home"}},{"@type":"ListItem","@id":"https:\/\/www.eldigitaldeasturias.com\/noticias\/pablo-casado-en-cataluna-se-va-a-restaurar-la-democracia\/#listItem","position":3,"name":"Pablo Casado: \u00abEn Catalu\u00f1a se va a restaurar la democracia\u00bb","previousItem":{"@type":"ListItem","@id":"https:\/\/www.eldigitaldeasturias.com\/noticias\/category\/actualidad\/#listItem","name":"Actualidad"}}]},{"@type":"Organization","@id":"https:\/\/www.eldigitaldeasturias.com\/noticias\/#organization","name":"El Digital de Asturias","description":"Hemeroteca","url":"https:\/\/www.eldigitaldeasturias.com\/noticias\/","email":"info@eldigitaldeasturias.com","telephone":"+34652131393","logo":{"@type":"ImageObject","url":"https:\/\/www.eldigitaldeasturias.com\/noticias\/wp-content\/uploads\/2020\/12\/EDA.jpg","@id":"https:\/\/www.eldigitaldeasturias.com\/noticias\/pablo-casado-en-cataluna-se-va-a-restaurar-la-democracia\/#organizationLogo"},"image":{"@id":"https:\/\/www.eldigitaldeasturias.com\/noticias\/pablo-casado-en-cataluna-se-va-a-restaurar-la-democracia\/#organizationLogo"},"sameAs":["https:\/\/facebook.com\/eldigitaldeasturias","https:\/\/www.youtube.com\/channel\/UCZP-2wLEB9Rv6erhFmqVnvg"],"address":{"@id":"https:\/\/www.eldigitaldeasturias.com\/noticias\/#postaladdress","@type":"PostalAddress","streetAddress":"san antonio 4","postalCode":"33430","addressLocality":"Cand\u00e1s","addressRegion":"Asturias","addressCountry":"ES"}},{"@type":"Person","@id":"https:\/\/www.eldigitaldeasturias.com\/noticias\/author\/admin\/#author","url":"https:\/\/www.eldigitaldeasturias.com\/noticias\/author\/admin\/","name":"El Digital de Asturias","image":{"@type":"ImageObject","@id":"https:\/\/www.eldigitaldeasturias.com\/noticias\/pablo-casado-en-cataluna-se-va-a-restaurar-la-democracia\/#authorImage","url":"https:\/\/secure.gravatar.com\/avatar\/df2aeffc32bcd13f8d26072ef8a91b623d677766deac7f97ca815868cd41bf5e?s=96&d=mm&r=g","width":96,"height":96,"caption":"El Digital de Asturias"}},{"@type":"WebPage","@id":"https:\/\/www.eldigitaldeasturias.com\/noticias\/pablo-casado-en-cataluna-se-va-a-restaurar-la-democracia\/#webpage","url":"https:\/\/www.eldigitaldeasturias.com\/noticias\/pablo-casado-en-cataluna-se-va-a-restaurar-la-democracia\/","name":"Pablo Casado: \u00abEn Catalu\u00f1a se va a restaurar la democracia\u00bb - El Digital de Asturias","description":"El vicesecretario de Comunicaci\u00f3n del Partido Popular, Pablo Casado, ha asegurado que en Catalu\u00f1a \"se van a restaurar la democracia y las libertades y los catalanes tendr\u00e1n la oportunidad de decidir su futuro el pr\u00f3ximo 21 de diciembre\". En este sentido, el dirigente popular ha trasladado un \"mensaje de esperanza y tranquilidad\" a los catalanes","inLanguage":"es-ES","isPartOf":{"@id":"https:\/\/www.eldigitaldeasturias.com\/noticias\/#website"},"breadcrumb":{"@id":"https:\/\/www.eldigitaldeasturias.com\/noticias\/pablo-casado-en-cataluna-se-va-a-restaurar-la-democracia\/#breadcrumblist"},"author":{"@id":"https:\/\/www.eldigitaldeasturias.com\/noticias\/author\/admin\/#author"},"creator":{"@id":"https:\/\/www.eldigitaldeasturias.com\/noticias\/author\/admin\/#author"},"image":{"@type":"ImageObject","url":957992,"@id":"https:\/\/www.eldigitaldeasturias.com\/noticias\/pablo-casado-en-cataluna-se-va-a-restaurar-la-democracia\/#mainImage"},"primaryImageOfPage":{"@id":"https:\/\/www.eldigitaldeasturias.com\/noticias\/pablo-casado-en-cataluna-se-va-a-restaurar-la-democracia\/#mainImage"},"datePublished":"2017-10-29T20:08:15+01:00","dateModified":"2017-10-29T20:08:15+01:00"},{"@type":"WebSite","@id":"https:\/\/www.eldigitaldeasturias.com\/noticias\/#website","url":"https:\/\/www.eldigitaldeasturias.com\/noticias\/","name":"El Digital de Asturias - Diario de actualidad y noticias","alternateName":"El Digital de Asturias - Diario de actualidad y noticias","description":"Hemeroteca","inLanguage":"es-ES","publisher":{"@id":"https:\/\/www.eldigitaldeasturias.com\/noticias\/#organization"}}]},"og:locale":"es_ES","og:site_name":"El Digital de Asturias","og:type":"article","og:title":"Pablo Casado: \u00abEn Catalu\u00f1a se va a restaurar la democracia\u00bb - El Digital de Asturias","og:description":"El vicesecretario de Comunicaci\u00f3n del Partido Popular, Pablo Casado, ha asegurado que en Catalu\u00f1a &quot;se van a restaurar la democracia y las libertades y los catalanes tendr\u00e1n la oportunidad de decidir su futuro el pr\u00f3ximo 21 de diciembre&quot;. En este sentido, el dirigente popular ha trasladado un &quot;mensaje de esperanza y tranquilidad&quot; a los catalanes","og:url":"https:\/\/www.eldigitaldeasturias.com\/noticias\/pablo-casado-en-cataluna-se-va-a-restaurar-la-democracia\/","article:tag":["actualidad"],"article:published_time":"2017-10-29T20:08:15+00:00","article:modified_time":"2017-10-29T20:08:15+00:00","article:publisher":"https:\/\/facebook.com\/eldigitaldeasturias","twitter:card":"summary_large_image","twitter:title":"Pablo Casado: \u00abEn Catalu\u00f1a se va a restaurar la democracia\u00bb - El Digital de Asturias","twitter:description":"El vicesecretario de Comunicaci\u00f3n del Partido Popular, Pablo Casado, ha asegurado que en Catalu\u00f1a &quot;se van a restaurar la democracia y las libertades y los catalanes tendr\u00e1n la oportunidad de decidir su futuro el pr\u00f3ximo 21 de diciembre&quot;. En este sentido, el dirigente popular ha trasladado un &quot;mensaje de esperanza y tranquilidad&quot; a los catalanes","twitter:image":"https:\/\/www.eldigitaldeasturias.com\/noticias\/wp-content\/uploads\/2020\/12\/EDA-1.jpg","twitter:label1":"Escrito por","twitter:data1":"El Digital de Asturias","twitter:label2":"Tiempo de lectura estimado","twitter:data2":"2 minutos"},"aioseo_meta_data":{"post_id":"957991","title":null,"description":null,"keywords":null,"keyphrases":null,"primary_term":null,"canonical_url":null,"og_title":null,"og_description":null,"og_object_type":"default","og_image_type":"default","og_image_url":null,"og_image_width":null,"og_image_height":null,"og_image_custom_url":null,"og_image_custom_fields":null,"og_video":null,"og_custom_url":null,"og_article_section":null,"og_article_tags":null,"twitter_use_og":false,"twitter_card":"default","twitter_image_type":"default","twitter_image_url":null,"twitter_image_custom_url":null,"twitter_image_custom_fields":null,"twitter_title":null,"twitter_description":null,"schema":{"blockGraphs":[],"customGraphs":[],"default":{"data":{"Article":[],"Course":[],"Dataset":[],"FAQPage":[],"Movie":[],"Person":[],"Product":[],"ProductReview":[],"Car":[],"Recipe":[],"Service":[],"SoftwareApplication":[],"WebPage":[]},"graphName":"","isEnabled":true},"graphs":[],"defaultGraph":"","defaultPostTypeGraph":""},"schema_type":null,"schema_type_options":null,"pillar_content":false,"robots_default":true,"robots_noindex":false,"robots_noarchive":false,"robots_nosnippet":false,"robots_nofollow":false,"robots_noimageindex":false,"robots_noodp":false,"robots_notranslate":false,"robots_max_snippet":null,"robots_max_videopreview":null,"robots_max_imagepreview":"large","priority":null,"frequency":null,"local_seo":null,"seo_analyzer_scan_date":"2025-12-06 19:33:08","breadcrumb_settings":null,"limit_modified_date":false,"open_ai":null,"ai":null,"created":"2020-12-21 12:54:20","updated":"2025-12-06 19:33:08","focus_keyword":null,"additional_keywords":null,"truseo_locale":null},"aioseo_breadcrumb":"<div class=\"aioseo-breadcrumbs\"><span class=\"aioseo-breadcrumb\">\n\t<a href=\"https:\/\/www.eldigitaldeasturias.com\/noticias\" title=\"Home\">Home<\/a>\n<\/span><span class=\"aioseo-breadcrumb-separator\">\u2013<\/span><span class=\"aioseo-breadcrumb\">\n\t<a href=\"https:\/\/www.eldigitaldeasturias.com\/noticias\/category\/actualidad\/\" title=\"Actualidad\">Actualidad<\/a>\n<\/span><span class=\"aioseo-breadcrumb-separator\">\u2013<\/span><span class=\"aioseo-breadcrumb\">\n\t<a href=\"https:\/\/www.eldigitaldeasturias.com\/noticias\/pablo-casado-en-cataluna-se-va-a-restaurar-la-democracia\/\" title=\"Pablo Casado: \u00abEn Catalu\u00f1a se va a restaurar la democracia\u00bb\">Pablo Casado: \u00abEn Catalu\u00f1a se va a restaurar la democracia\u00bb<\/a>\n<\/span><\/div>","aioseo_breadcrumb_json":[{"label":"Home","link":"https:\/\/www.eldigitaldeasturias.com\/noticias"},{"label":"Actualidad","link":"https:\/\/www.eldigitaldeasturias.com\/noticias\/category\/actualidad\/"},{"label":"Pablo Casado: \u00abEn Catalu\u00f1a se va a restaurar la democracia\u00bb","link":"https:\/\/www.eldigitaldeasturias.com\/noticias\/pablo-casado-en-cataluna-se-va-a-restaurar-la-democracia\/"}],"_links":{"self":[{"href":"https:\/\/www.eldigitaldeasturias.com\/noticias\/wp-json\/wp\/v2\/posts\/957991","targetHints":{"allow":["GET"]}}],"collection":[{"href":"https:\/\/www.eldigitaldeasturias.com\/noticias\/wp-json\/wp\/v2\/posts"}],"about":[{"href":"https:\/\/www.eldigitaldeasturias.com\/noticias\/wp-json\/wp\/v2\/types\/post"}],"author":[{"embeddable":true,"href":"https:\/\/www.eldigitaldeasturias.com\/noticias\/wp-json\/wp\/v2\/users\/1"}],"replies":[{"embeddable":true,"href":"https:\/\/www.eldigitaldeasturias.com\/noticias\/wp-json\/wp\/v2\/comments?post=957991"}],"version-history":[{"count":0,"href":"https:\/\/www.eldigitaldeasturias.com\/noticias\/wp-json\/wp\/v2\/posts\/957991\/revisions"}],"wp:attachment":[{"href":"https:\/\/www.eldigitaldeasturias.com\/noticias\/wp-json\/wp\/v2\/media?parent=957991"}],"wp:term":[{"taxonomy":"category","embeddable":true,"href":"https:\/\/www.eldigitaldeasturias.com\/noticias\/wp-json\/wp\/v2\/categories?post=957991"},{"taxonomy":"post_tag","embeddable":true,"href":"https:\/\/www.eldigitaldeasturias.com\/noticias\/wp-json\/wp\/v2\/tags?post=957991"}],"curies":[{"name":"wp","href":"https:\/\/api.w.org\/{rel}","templated":true}]}}