{"id":957966,"date":"2017-10-29T17:51:18","date_gmt":"2017-10-29T17:51:18","guid":{"rendered":"http:\/\/www.eldigitaldeasturias.com\/noticias\/?p=957966"},"modified":"2017-10-29T17:51:18","modified_gmt":"2017-10-29T17:51:18","slug":"albert-rivera-ganaremos-en-las-urnas-al-nacionalismo","status":"publish","type":"post","link":"https:\/\/www.eldigitaldeasturias.com\/noticias\/albert-rivera-ganaremos-en-las-urnas-al-nacionalismo\/","title":{"rendered":"Albert Rivera: \u00abGanaremos en las urnas al nacionalismo\u00bb"},"content":{"rendered":"<p><img loading=\"lazy\" decoding=\"async\" class=\"alignleft size-medium wp-image-957967\" src=\"https:\/\/www.eldigitaldeasturias.com\/noticias\/wp-content\/uploads\/2017\/10\/Rivera1-360x240.jpg\" alt=\"\" width=\"360\" height=\"240\" \/>El presidente de Cs asegura que &#8216;ganaremos en las urnas al nacionalismo con Arrimadas y su equipo para ofrecer un futuro mejor a quienes quieren vivir en libertad&#8217;<\/p>\n<p>\u201cCiudadanos tiene un proyecto n\u00edtido, claro y sin complejos, que no pide perd\u00f3n por defender a todos los espa\u00f1oles\u201d. As\u00ed se ha expresado el presidente de Ciudadanos (Cs), Albert Rivera, quien ha asegurado que desde su formaci\u00f3n \u201cestamos preparados para este momento que nos ha puesto la historia\u201d.<\/p>\n<p>En su intervenci\u00f3n durante el Consejo General de Ciudadanos celebrado esta ma\u00f1ana, Rivera ha afirmado que\u201cganaremos en las urnas al nacionalismo con Arrimadas y su equipo para ofrecer futuro a quienes quieren vivir en libertad\u201d, y ha explicado que \u201csi los partidos que respetamos la Ley tenemos un esca\u00f1o m\u00e1s que los separatistas, debemos unirnos para encabezar un gobierno constitucionalista y democr\u00e1tico\u201d.<\/p>\n<p>El l\u00edder de Cs ha criticado a Iglesias que ayer su formaci\u00f3n \u201cvot\u00f3 que no se aplicase la Constituci\u00f3n junto a quienes quieren romper este pa\u00eds\u201d, y ha advertido que \u201cesto les invalida para dirigir este pa\u00eds. Iglesias y Colau deber\u00e1n explicar muy bien si con sus votos van a apoyar la Constituci\u00f3n o a quienes quieren carg\u00e1rsela\u201d.<\/p>\n<p>Rivera ha enviado un mensaje de optimismo para todos aquellos que han visto estos d\u00edas con tristeza como romp\u00edan su pa\u00eds, a quienes ha dado las gracias \u201ccomo catal\u00e1n y espa\u00f1ol porque han estado a la altura de las circunstancias por encima de algunos pol\u00edticos\u201d.<\/p>\n","protected":false},"excerpt":{"rendered":"<p>El presidente de Cs asegura que &#8216;ganaremos en las urnas al nacionalismo con Arrimadas y su equipo para ofrecer un futuro mejor a quienes quieren vivir en libertad&#8217; \u201cCiudadanos tiene un proyecto n\u00edtido, claro y sin complejos, que no pide perd\u00f3n por defender a todos los espa\u00f1oles\u201d. As\u00ed se ha expresado el presidente de Ciudadanos [&hellip;]<\/p>\n","protected":false},"author":1,"featured_media":957967,"comment_status":"closed","ping_status":"closed","sticky":false,"template":"","format":"standard","meta":{"footnotes":""},"categories":[1],"tags":[],"class_list":["post-957966","post","type-post","status-publish","format-standard","has-post-thumbnail","hentry","category-actualidad"],"aioseo_notices":[],"aioseo_head":"\n\t\t<!-- All in One SEO Pro 5.0.1 - aioseo.com -->\n\t<meta name=\"description\" content=\"El presidente de Cs asegura que &#039;ganaremos en las urnas al nacionalismo con Arrimadas y su equipo para ofrecer un futuro mejor a quienes quieren vivir en libertad&#039; \u201cCiudadanos tiene un proyecto n\u00edtido, claro y sin complejos, que no pide perd\u00f3n por defender a todos los espa\u00f1oles\u201d. As\u00ed se ha expresado el presidente de Ciudadanos\" \/>\n\t<meta name=\"robots\" content=\"max-image-preview:large\" \/>\n\t<meta name=\"author\" content=\"El Digital de Asturias\"\/>\n\t<meta name=\"google-site-verification\" content=\"UA-38556648-1\" \/>\n\t<meta name=\"msvalidate.01\" content=\"7dfe9f3f1b24437ab69f4f2559babe99\" \/>\n\t<meta name=\"keywords\" content=\"actualidad\" \/>\n\t<link rel=\"canonical\" href=\"https:\/\/www.eldigitaldeasturias.com\/noticias\/albert-rivera-ganaremos-en-las-urnas-al-nacionalismo\/\" \/>\n\t<meta name=\"generator\" content=\"All in One SEO Pro (AIOSEO) 5.0.1\" \/>\n\t\t<meta property=\"og:locale\" content=\"es_ES\" \/>\n\t\t<meta property=\"og:site_name\" content=\"El Digital de Asturias\" \/>\n\t\t<meta property=\"og:type\" content=\"article\" \/>\n\t\t<meta property=\"og:title\" content=\"Albert Rivera: \u00abGanaremos en las urnas al nacionalismo\u00bb - El Digital de Asturias\" \/>\n\t\t<meta property=\"og:description\" content=\"El presidente de Cs asegura que &#039;ganaremos en las urnas al nacionalismo con Arrimadas y su equipo para ofrecer un futuro mejor a quienes quieren vivir en libertad&#039; \u201cCiudadanos tiene un proyecto n\u00edtido, claro y sin complejos, que no pide perd\u00f3n por defender a todos los espa\u00f1oles\u201d. As\u00ed se ha expresado el presidente de Ciudadanos\" \/>\n\t\t<meta property=\"og:url\" content=\"https:\/\/www.eldigitaldeasturias.com\/noticias\/albert-rivera-ganaremos-en-las-urnas-al-nacionalismo\/\" \/>\n\t\t<meta property=\"article:tag\" content=\"actualidad\" \/>\n\t\t<meta property=\"article:published_time\" content=\"2017-10-29T17:51:18+00:00\" \/>\n\t\t<meta property=\"article:modified_time\" content=\"2017-10-29T17:51:18+00:00\" \/>\n\t\t<meta property=\"article:publisher\" content=\"https:\/\/facebook.com\/eldigitaldeasturias\" \/>\n\t\t<meta name=\"twitter:card\" content=\"summary_large_image\" \/>\n\t\t<meta name=\"twitter:title\" content=\"Albert Rivera: \u00abGanaremos en las urnas al nacionalismo\u00bb - El Digital de Asturias\" \/>\n\t\t<meta name=\"twitter:description\" content=\"El presidente de Cs asegura que &#039;ganaremos en las urnas al nacionalismo con Arrimadas y su equipo para ofrecer un futuro mejor a quienes quieren vivir en libertad&#039; \u201cCiudadanos tiene un proyecto n\u00edtido, claro y sin complejos, que no pide perd\u00f3n por defender a todos los espa\u00f1oles\u201d. As\u00ed se ha expresado el presidente de Ciudadanos\" \/>\n\t\t<meta name=\"twitter:image\" content=\"https:\/\/www.eldigitaldeasturias.com\/noticias\/wp-content\/uploads\/2020\/12\/EDA-1.jpg\" \/>\n\t\t<meta name=\"twitter:label1\" content=\"Escrito por\" \/>\n\t\t<meta name=\"twitter:data1\" content=\"El Digital de Asturias\" \/>\n\t\t<meta name=\"twitter:label2\" content=\"Tiempo de lectura estimado\" \/>\n\t\t<meta name=\"twitter:data2\" content=\"1 minuto\" \/>\n\t\t<script type=\"application\/ld+json\" class=\"aioseo-schema\">\n\t\t\t{\"@context\":\"https:\\\/\\\/schema.org\",\"@graph\":[{\"@type\":\"BlogPosting\",\"@id\":\"https:\\\/\\\/www.eldigitaldeasturias.com\\\/noticias\\\/albert-rivera-ganaremos-en-las-urnas-al-nacionalismo\\\/#blogposting\",\"name\":\"Albert Rivera: \\u00abGanaremos en las urnas al nacionalismo\\u00bb - El Digital de Asturias\",\"headline\":\"Albert Rivera: \\u00abGanaremos en las urnas al nacionalismo\\u00bb\",\"author\":{\"@id\":\"https:\\\/\\\/www.eldigitaldeasturias.com\\\/noticias\\\/author\\\/admin\\\/#author\"},\"publisher\":{\"@id\":\"https:\\\/\\\/www.eldigitaldeasturias.com\\\/noticias\\\/#organization\"},\"image\":{\"@type\":\"ImageObject\",\"url\":957967},\"datePublished\":\"2017-10-29T17:51:18+01:00\",\"dateModified\":\"2017-10-29T17:51:18+01:00\",\"inLanguage\":\"es-ES\",\"mainEntityOfPage\":{\"@id\":\"https:\\\/\\\/www.eldigitaldeasturias.com\\\/noticias\\\/albert-rivera-ganaremos-en-las-urnas-al-nacionalismo\\\/#webpage\"},\"isPartOf\":{\"@id\":\"https:\\\/\\\/www.eldigitaldeasturias.com\\\/noticias\\\/albert-rivera-ganaremos-en-las-urnas-al-nacionalismo\\\/#webpage\"},\"articleSection\":\"Actualidad\"},{\"@type\":\"BreadcrumbList\",\"@id\":\"https:\\\/\\\/www.eldigitaldeasturias.com\\\/noticias\\\/albert-rivera-ganaremos-en-las-urnas-al-nacionalismo\\\/#breadcrumblist\",\"itemListElement\":[{\"@type\":\"ListItem\",\"@id\":\"https:\\\/\\\/www.eldigitaldeasturias.com\\\/noticias#listItem\",\"position\":1,\"name\":\"Home\",\"item\":\"https:\\\/\\\/www.eldigitaldeasturias.com\\\/noticias\",\"nextItem\":{\"@type\":\"ListItem\",\"@id\":\"https:\\\/\\\/www.eldigitaldeasturias.com\\\/noticias\\\/category\\\/actualidad\\\/#listItem\",\"name\":\"Actualidad\"}},{\"@type\":\"ListItem\",\"@id\":\"https:\\\/\\\/www.eldigitaldeasturias.com\\\/noticias\\\/category\\\/actualidad\\\/#listItem\",\"position\":2,\"name\":\"Actualidad\",\"item\":\"https:\\\/\\\/www.eldigitaldeasturias.com\\\/noticias\\\/category\\\/actualidad\\\/\",\"nextItem\":{\"@type\":\"ListItem\",\"@id\":\"https:\\\/\\\/www.eldigitaldeasturias.com\\\/noticias\\\/albert-rivera-ganaremos-en-las-urnas-al-nacionalismo\\\/#listItem\",\"name\":\"Albert Rivera: \\u00abGanaremos en las urnas al nacionalismo\\u00bb\"},\"previousItem\":{\"@type\":\"ListItem\",\"@id\":\"https:\\\/\\\/www.eldigitaldeasturias.com\\\/noticias#listItem\",\"name\":\"Home\"}},{\"@type\":\"ListItem\",\"@id\":\"https:\\\/\\\/www.eldigitaldeasturias.com\\\/noticias\\\/albert-rivera-ganaremos-en-las-urnas-al-nacionalismo\\\/#listItem\",\"position\":3,\"name\":\"Albert Rivera: \\u00abGanaremos en las urnas al nacionalismo\\u00bb\",\"previousItem\":{\"@type\":\"ListItem\",\"@id\":\"https:\\\/\\\/www.eldigitaldeasturias.com\\\/noticias\\\/category\\\/actualidad\\\/#listItem\",\"name\":\"Actualidad\"}}]},{\"@type\":\"Organization\",\"@id\":\"https:\\\/\\\/www.eldigitaldeasturias.com\\\/noticias\\\/#organization\",\"name\":\"El Digital de Asturias\",\"description\":\"Hemeroteca\",\"url\":\"https:\\\/\\\/www.eldigitaldeasturias.com\\\/noticias\\\/\",\"email\":\"info@eldigitaldeasturias.com\",\"telephone\":\"+34652131393\",\"logo\":{\"@type\":\"ImageObject\",\"url\":\"https:\\\/\\\/www.eldigitaldeasturias.com\\\/noticias\\\/wp-content\\\/uploads\\\/2020\\\/12\\\/EDA.jpg\",\"@id\":\"https:\\\/\\\/www.eldigitaldeasturias.com\\\/noticias\\\/albert-rivera-ganaremos-en-las-urnas-al-nacionalismo\\\/#organizationLogo\"},\"image\":{\"@id\":\"https:\\\/\\\/www.eldigitaldeasturias.com\\\/noticias\\\/albert-rivera-ganaremos-en-las-urnas-al-nacionalismo\\\/#organizationLogo\"},\"sameAs\":[\"https:\\\/\\\/facebook.com\\\/eldigitaldeasturias\",\"https:\\\/\\\/www.youtube.com\\\/channel\\\/UCZP-2wLEB9Rv6erhFmqVnvg\"],\"address\":{\"@id\":\"https:\\\/\\\/www.eldigitaldeasturias.com\\\/noticias\\\/#postaladdress\",\"@type\":\"PostalAddress\",\"streetAddress\":\"san antonio 4\",\"postalCode\":\"33430\",\"addressLocality\":\"Cand\\u00e1s\",\"addressRegion\":\"Asturias\",\"addressCountry\":\"ES\"}},{\"@type\":\"Person\",\"@id\":\"https:\\\/\\\/www.eldigitaldeasturias.com\\\/noticias\\\/author\\\/admin\\\/#author\",\"url\":\"https:\\\/\\\/www.eldigitaldeasturias.com\\\/noticias\\\/author\\\/admin\\\/\",\"name\":\"El Digital de Asturias\",\"image\":{\"@type\":\"ImageObject\",\"@id\":\"https:\\\/\\\/www.eldigitaldeasturias.com\\\/noticias\\\/albert-rivera-ganaremos-en-las-urnas-al-nacionalismo\\\/#authorImage\",\"url\":\"https:\\\/\\\/secure.gravatar.com\\\/avatar\\\/df2aeffc32bcd13f8d26072ef8a91b623d677766deac7f97ca815868cd41bf5e?s=96&d=mm&r=g\",\"width\":96,\"height\":96,\"caption\":\"El Digital de Asturias\"}},{\"@type\":\"WebPage\",\"@id\":\"https:\\\/\\\/www.eldigitaldeasturias.com\\\/noticias\\\/albert-rivera-ganaremos-en-las-urnas-al-nacionalismo\\\/#webpage\",\"url\":\"https:\\\/\\\/www.eldigitaldeasturias.com\\\/noticias\\\/albert-rivera-ganaremos-en-las-urnas-al-nacionalismo\\\/\",\"name\":\"Albert Rivera: \\u00abGanaremos en las urnas al nacionalismo\\u00bb - El Digital de Asturias\",\"description\":\"El presidente de Cs asegura que 'ganaremos en las urnas al nacionalismo con Arrimadas y su equipo para ofrecer un futuro mejor a quienes quieren vivir en libertad' \\u201cCiudadanos tiene un proyecto n\\u00edtido, claro y sin complejos, que no pide perd\\u00f3n por defender a todos los espa\\u00f1oles\\u201d. As\\u00ed se ha expresado el presidente de Ciudadanos\",\"inLanguage\":\"es-ES\",\"isPartOf\":{\"@id\":\"https:\\\/\\\/www.eldigitaldeasturias.com\\\/noticias\\\/#website\"},\"breadcrumb\":{\"@id\":\"https:\\\/\\\/www.eldigitaldeasturias.com\\\/noticias\\\/albert-rivera-ganaremos-en-las-urnas-al-nacionalismo\\\/#breadcrumblist\"},\"author\":{\"@id\":\"https:\\\/\\\/www.eldigitaldeasturias.com\\\/noticias\\\/author\\\/admin\\\/#author\"},\"creator\":{\"@id\":\"https:\\\/\\\/www.eldigitaldeasturias.com\\\/noticias\\\/author\\\/admin\\\/#author\"},\"image\":{\"@type\":\"ImageObject\",\"url\":957967,\"@id\":\"https:\\\/\\\/www.eldigitaldeasturias.com\\\/noticias\\\/albert-rivera-ganaremos-en-las-urnas-al-nacionalismo\\\/#mainImage\"},\"primaryImageOfPage\":{\"@id\":\"https:\\\/\\\/www.eldigitaldeasturias.com\\\/noticias\\\/albert-rivera-ganaremos-en-las-urnas-al-nacionalismo\\\/#mainImage\"},\"datePublished\":\"2017-10-29T17:51:18+01:00\",\"dateModified\":\"2017-10-29T17:51:18+01:00\"},{\"@type\":\"WebSite\",\"@id\":\"https:\\\/\\\/www.eldigitaldeasturias.com\\\/noticias\\\/#website\",\"url\":\"https:\\\/\\\/www.eldigitaldeasturias.com\\\/noticias\\\/\",\"name\":\"El Digital de Asturias - Diario de actualidad y noticias\",\"alternateName\":\"El Digital de Asturias - Diario de actualidad y noticias\",\"description\":\"Hemeroteca\",\"inLanguage\":\"es-ES\",\"publisher\":{\"@id\":\"https:\\\/\\\/www.eldigitaldeasturias.com\\\/noticias\\\/#organization\"}}]}\n\t\t<\/script>\n\t\t<!-- All in One SEO Pro -->\r\n\t\t<title>Albert Rivera: \u00abGanaremos en las urnas al nacionalismo\u00bb - El Digital de Asturias<\/title>\n\n","aioseo_head_json":{"title":"Albert Rivera: \u00abGanaremos en las urnas al nacionalismo\u00bb - El Digital de Asturias","description":"El presidente de Cs asegura que 'ganaremos en las urnas al nacionalismo con Arrimadas y su equipo para ofrecer un futuro mejor a quienes quieren vivir en libertad' \u201cCiudadanos tiene un proyecto n\u00edtido, claro y sin complejos, que no pide perd\u00f3n por defender a todos los espa\u00f1oles\u201d. As\u00ed se ha expresado el presidente de Ciudadanos","canonical_url":"https:\/\/www.eldigitaldeasturias.com\/noticias\/albert-rivera-ganaremos-en-las-urnas-al-nacionalismo\/","robots":"max-image-preview:large","keywords":"actualidad","webmasterTools":{"google-site-verification":"UA-38556648-1","msvalidate.01":"7dfe9f3f1b24437ab69f4f2559babe99","miscellaneous":""},"schema":{"@context":"https:\/\/schema.org","@graph":[{"@type":"BlogPosting","@id":"https:\/\/www.eldigitaldeasturias.com\/noticias\/albert-rivera-ganaremos-en-las-urnas-al-nacionalismo\/#blogposting","name":"Albert Rivera: \u00abGanaremos en las urnas al nacionalismo\u00bb - El Digital de Asturias","headline":"Albert Rivera: \u00abGanaremos en las urnas al nacionalismo\u00bb","author":{"@id":"https:\/\/www.eldigitaldeasturias.com\/noticias\/author\/admin\/#author"},"publisher":{"@id":"https:\/\/www.eldigitaldeasturias.com\/noticias\/#organization"},"image":{"@type":"ImageObject","url":957967},"datePublished":"2017-10-29T17:51:18+01:00","dateModified":"2017-10-29T17:51:18+01:00","inLanguage":"es-ES","mainEntityOfPage":{"@id":"https:\/\/www.eldigitaldeasturias.com\/noticias\/albert-rivera-ganaremos-en-las-urnas-al-nacionalismo\/#webpage"},"isPartOf":{"@id":"https:\/\/www.eldigitaldeasturias.com\/noticias\/albert-rivera-ganaremos-en-las-urnas-al-nacionalismo\/#webpage"},"articleSection":"Actualidad"},{"@type":"BreadcrumbList","@id":"https:\/\/www.eldigitaldeasturias.com\/noticias\/albert-rivera-ganaremos-en-las-urnas-al-nacionalismo\/#breadcrumblist","itemListElement":[{"@type":"ListItem","@id":"https:\/\/www.eldigitaldeasturias.com\/noticias#listItem","position":1,"name":"Home","item":"https:\/\/www.eldigitaldeasturias.com\/noticias","nextItem":{"@type":"ListItem","@id":"https:\/\/www.eldigitaldeasturias.com\/noticias\/category\/actualidad\/#listItem","name":"Actualidad"}},{"@type":"ListItem","@id":"https:\/\/www.eldigitaldeasturias.com\/noticias\/category\/actualidad\/#listItem","position":2,"name":"Actualidad","item":"https:\/\/www.eldigitaldeasturias.com\/noticias\/category\/actualidad\/","nextItem":{"@type":"ListItem","@id":"https:\/\/www.eldigitaldeasturias.com\/noticias\/albert-rivera-ganaremos-en-las-urnas-al-nacionalismo\/#listItem","name":"Albert Rivera: \u00abGanaremos en las urnas al nacionalismo\u00bb"},"previousItem":{"@type":"ListItem","@id":"https:\/\/www.eldigitaldeasturias.com\/noticias#listItem","name":"Home"}},{"@type":"ListItem","@id":"https:\/\/www.eldigitaldeasturias.com\/noticias\/albert-rivera-ganaremos-en-las-urnas-al-nacionalismo\/#listItem","position":3,"name":"Albert Rivera: \u00abGanaremos en las urnas al nacionalismo\u00bb","previousItem":{"@type":"ListItem","@id":"https:\/\/www.eldigitaldeasturias.com\/noticias\/category\/actualidad\/#listItem","name":"Actualidad"}}]},{"@type":"Organization","@id":"https:\/\/www.eldigitaldeasturias.com\/noticias\/#organization","name":"El Digital de Asturias","description":"Hemeroteca","url":"https:\/\/www.eldigitaldeasturias.com\/noticias\/","email":"info@eldigitaldeasturias.com","telephone":"+34652131393","logo":{"@type":"ImageObject","url":"https:\/\/www.eldigitaldeasturias.com\/noticias\/wp-content\/uploads\/2020\/12\/EDA.jpg","@id":"https:\/\/www.eldigitaldeasturias.com\/noticias\/albert-rivera-ganaremos-en-las-urnas-al-nacionalismo\/#organizationLogo"},"image":{"@id":"https:\/\/www.eldigitaldeasturias.com\/noticias\/albert-rivera-ganaremos-en-las-urnas-al-nacionalismo\/#organizationLogo"},"sameAs":["https:\/\/facebook.com\/eldigitaldeasturias","https:\/\/www.youtube.com\/channel\/UCZP-2wLEB9Rv6erhFmqVnvg"],"address":{"@id":"https:\/\/www.eldigitaldeasturias.com\/noticias\/#postaladdress","@type":"PostalAddress","streetAddress":"san antonio 4","postalCode":"33430","addressLocality":"Cand\u00e1s","addressRegion":"Asturias","addressCountry":"ES"}},{"@type":"Person","@id":"https:\/\/www.eldigitaldeasturias.com\/noticias\/author\/admin\/#author","url":"https:\/\/www.eldigitaldeasturias.com\/noticias\/author\/admin\/","name":"El Digital de Asturias","image":{"@type":"ImageObject","@id":"https:\/\/www.eldigitaldeasturias.com\/noticias\/albert-rivera-ganaremos-en-las-urnas-al-nacionalismo\/#authorImage","url":"https:\/\/secure.gravatar.com\/avatar\/df2aeffc32bcd13f8d26072ef8a91b623d677766deac7f97ca815868cd41bf5e?s=96&d=mm&r=g","width":96,"height":96,"caption":"El Digital de Asturias"}},{"@type":"WebPage","@id":"https:\/\/www.eldigitaldeasturias.com\/noticias\/albert-rivera-ganaremos-en-las-urnas-al-nacionalismo\/#webpage","url":"https:\/\/www.eldigitaldeasturias.com\/noticias\/albert-rivera-ganaremos-en-las-urnas-al-nacionalismo\/","name":"Albert Rivera: \u00abGanaremos en las urnas al nacionalismo\u00bb - El Digital de Asturias","description":"El presidente de Cs asegura que 'ganaremos en las urnas al nacionalismo con Arrimadas y su equipo para ofrecer un futuro mejor a quienes quieren vivir en libertad' \u201cCiudadanos tiene un proyecto n\u00edtido, claro y sin complejos, que no pide perd\u00f3n por defender a todos los espa\u00f1oles\u201d. As\u00ed se ha expresado el presidente de Ciudadanos","inLanguage":"es-ES","isPartOf":{"@id":"https:\/\/www.eldigitaldeasturias.com\/noticias\/#website"},"breadcrumb":{"@id":"https:\/\/www.eldigitaldeasturias.com\/noticias\/albert-rivera-ganaremos-en-las-urnas-al-nacionalismo\/#breadcrumblist"},"author":{"@id":"https:\/\/www.eldigitaldeasturias.com\/noticias\/author\/admin\/#author"},"creator":{"@id":"https:\/\/www.eldigitaldeasturias.com\/noticias\/author\/admin\/#author"},"image":{"@type":"ImageObject","url":957967,"@id":"https:\/\/www.eldigitaldeasturias.com\/noticias\/albert-rivera-ganaremos-en-las-urnas-al-nacionalismo\/#mainImage"},"primaryImageOfPage":{"@id":"https:\/\/www.eldigitaldeasturias.com\/noticias\/albert-rivera-ganaremos-en-las-urnas-al-nacionalismo\/#mainImage"},"datePublished":"2017-10-29T17:51:18+01:00","dateModified":"2017-10-29T17:51:18+01:00"},{"@type":"WebSite","@id":"https:\/\/www.eldigitaldeasturias.com\/noticias\/#website","url":"https:\/\/www.eldigitaldeasturias.com\/noticias\/","name":"El Digital de Asturias - Diario de actualidad y noticias","alternateName":"El Digital de Asturias - Diario de actualidad y noticias","description":"Hemeroteca","inLanguage":"es-ES","publisher":{"@id":"https:\/\/www.eldigitaldeasturias.com\/noticias\/#organization"}}]},"og:locale":"es_ES","og:site_name":"El Digital de Asturias","og:type":"article","og:title":"Albert Rivera: \u00abGanaremos en las urnas al nacionalismo\u00bb - El Digital de Asturias","og:description":"El presidente de Cs asegura que 'ganaremos en las urnas al nacionalismo con Arrimadas y su equipo para ofrecer un futuro mejor a quienes quieren vivir en libertad' \u201cCiudadanos tiene un proyecto n\u00edtido, claro y sin complejos, que no pide perd\u00f3n por defender a todos los espa\u00f1oles\u201d. As\u00ed se ha expresado el presidente de Ciudadanos","og:url":"https:\/\/www.eldigitaldeasturias.com\/noticias\/albert-rivera-ganaremos-en-las-urnas-al-nacionalismo\/","article:tag":["actualidad"],"article:published_time":"2017-10-29T17:51:18+00:00","article:modified_time":"2017-10-29T17:51:18+00:00","article:publisher":"https:\/\/facebook.com\/eldigitaldeasturias","twitter:card":"summary_large_image","twitter:title":"Albert Rivera: \u00abGanaremos en las urnas al nacionalismo\u00bb - El Digital de Asturias","twitter:description":"El presidente de Cs asegura que 'ganaremos en las urnas al nacionalismo con Arrimadas y su equipo para ofrecer un futuro mejor a quienes quieren vivir en libertad' \u201cCiudadanos tiene un proyecto n\u00edtido, claro y sin complejos, que no pide perd\u00f3n por defender a todos los espa\u00f1oles\u201d. As\u00ed se ha expresado el presidente de Ciudadanos","twitter:image":"https:\/\/www.eldigitaldeasturias.com\/noticias\/wp-content\/uploads\/2020\/12\/EDA-1.jpg","twitter:label1":"Escrito por","twitter:data1":"El Digital de Asturias","twitter:label2":"Tiempo de lectura estimado","twitter:data2":"1 minuto"},"aioseo_meta_data":{"post_id":"957966","title":null,"description":null,"keywords":null,"keyphrases":null,"primary_term":null,"canonical_url":null,"og_title":null,"og_description":null,"og_object_type":"default","og_image_type":"default","og_image_url":null,"og_image_width":null,"og_image_height":null,"og_image_custom_url":null,"og_image_custom_fields":null,"og_video":null,"og_custom_url":null,"og_article_section":null,"og_article_tags":null,"twitter_use_og":false,"twitter_card":"default","twitter_image_type":"default","twitter_image_url":null,"twitter_image_custom_url":null,"twitter_image_custom_fields":null,"twitter_title":null,"twitter_description":null,"schema":{"blockGraphs":[],"customGraphs":[],"default":{"data":{"Article":[],"Course":[],"Dataset":[],"FAQPage":[],"Movie":[],"Person":[],"Product":[],"ProductReview":[],"Car":[],"Recipe":[],"Service":[],"SoftwareApplication":[],"WebPage":[]},"graphName":"","isEnabled":true},"graphs":[]},"schema_type":null,"schema_type_options":null,"pillar_content":false,"robots_default":true,"robots_noindex":false,"robots_noarchive":false,"robots_nosnippet":false,"robots_nofollow":false,"robots_noimageindex":false,"robots_noodp":false,"robots_notranslate":false,"robots_max_snippet":null,"robots_max_videopreview":null,"robots_max_imagepreview":"large","priority":null,"frequency":null,"local_seo":null,"seo_analyzer_scan_date":"2025-12-06 19:27:36","breadcrumb_settings":null,"limit_modified_date":false,"open_ai":null,"ai":null,"created":"2020-12-21 12:54:20","updated":"2025-12-06 19:27:36","focus_keyword":null,"additional_keywords":null,"truseo_locale":null},"aioseo_breadcrumb":"<div class=\"aioseo-breadcrumbs\"><span class=\"aioseo-breadcrumb\">\n\t<a href=\"https:\/\/www.eldigitaldeasturias.com\/noticias\" title=\"Home\">Home<\/a>\n<\/span><span class=\"aioseo-breadcrumb-separator\">\u2013<\/span><span class=\"aioseo-breadcrumb\">\n\t<a href=\"https:\/\/www.eldigitaldeasturias.com\/noticias\/category\/actualidad\/\" title=\"Actualidad\">Actualidad<\/a>\n<\/span><span class=\"aioseo-breadcrumb-separator\">\u2013<\/span><span class=\"aioseo-breadcrumb\">\n\t<a href=\"https:\/\/www.eldigitaldeasturias.com\/noticias\/albert-rivera-ganaremos-en-las-urnas-al-nacionalismo\/\" title=\"Albert Rivera: \u00abGanaremos en las urnas al nacionalismo\u00bb\">Albert Rivera: \u00abGanaremos en las urnas al nacionalismo\u00bb<\/a>\n<\/span><\/div>","aioseo_breadcrumb_json":[{"label":"Home","link":"https:\/\/www.eldigitaldeasturias.com\/noticias"},{"label":"Actualidad","link":"https:\/\/www.eldigitaldeasturias.com\/noticias\/category\/actualidad\/"},{"label":"Albert Rivera: \u00abGanaremos en las urnas al nacionalismo\u00bb","link":"https:\/\/www.eldigitaldeasturias.com\/noticias\/albert-rivera-ganaremos-en-las-urnas-al-nacionalismo\/"}],"_links":{"self":[{"href":"https:\/\/www.eldigitaldeasturias.com\/noticias\/wp-json\/wp\/v2\/posts\/957966","targetHints":{"allow":["GET"]}}],"collection":[{"href":"https:\/\/www.eldigitaldeasturias.com\/noticias\/wp-json\/wp\/v2\/posts"}],"about":[{"href":"https:\/\/www.eldigitaldeasturias.com\/noticias\/wp-json\/wp\/v2\/types\/post"}],"author":[{"embeddable":true,"href":"https:\/\/www.eldigitaldeasturias.com\/noticias\/wp-json\/wp\/v2\/users\/1"}],"replies":[{"embeddable":true,"href":"https:\/\/www.eldigitaldeasturias.com\/noticias\/wp-json\/wp\/v2\/comments?post=957966"}],"version-history":[{"count":0,"href":"https:\/\/www.eldigitaldeasturias.com\/noticias\/wp-json\/wp\/v2\/posts\/957966\/revisions"}],"wp:attachment":[{"href":"https:\/\/www.eldigitaldeasturias.com\/noticias\/wp-json\/wp\/v2\/media?parent=957966"}],"wp:term":[{"taxonomy":"category","embeddable":true,"href":"https:\/\/www.eldigitaldeasturias.com\/noticias\/wp-json\/wp\/v2\/categories?post=957966"},{"taxonomy":"post_tag","embeddable":true,"href":"https:\/\/www.eldigitaldeasturias.com\/noticias\/wp-json\/wp\/v2\/tags?post=957966"}],"curies":[{"name":"wp","href":"https:\/\/api.w.org\/{rel}","templated":true}]}}