{"id":957826,"date":"2017-10-27T20:49:32","date_gmt":"2017-10-27T20:49:32","guid":{"rendered":"http:\/\/www.eldigitaldeasturias.com\/noticias\/?p=957826"},"modified":"2017-10-27T20:49:32","modified_gmt":"2017-10-27T20:49:32","slug":"barreiro-hubiera-sido-muy-importante-la-presencia-de-puigdemont-en-el-senado","status":"publish","type":"post","link":"https:\/\/www.eldigitaldeasturias.com\/noticias\/barreiro-hubiera-sido-muy-importante-la-presencia-de-puigdemont-en-el-senado\/","title":{"rendered":"Barreiro: \u201cHubiera sido muy importante la presencia de Puigdemont en el Senado\u201d"},"content":{"rendered":"<p><img loading=\"lazy\" decoding=\"async\" class=\"alignleft size-medium wp-image-431579\" src=\"https:\/\/www.eldigitaldeasturias.com\/noticias\/wp-content\/uploads\/2013\/10\/senado-360x223.jpg\" alt=\"\" width=\"360\" height=\"223\" \/>El portavoz del Grupo Parlamentario Popular en el Senado, Jos\u00e9 Manuel Barreiro, ha asegurado esta ma\u00f1ana en \u201cLas Ma\u00f1anas\u201d, de la emisora RNE, que \u201choy es un d\u00eda para la esperanza porque daremos un paso importante para la recuperaci\u00f3n de la normalidad y legalidad en Catalu\u00f1a\u201d.<\/p>\n<p>Barreiro habla en nombre de su Grupo Parlamentario e incluso del Gobierno de Espa\u00f1a al asegurar que no les hubiera gustado llegar a esta situaci\u00f3n y que el di\u00e1logo que se ha planteado en el Senado se hubiera podido utilizar para que el presidente de la Generalitat hubiera venido a exponer sus ideas. En este sentido, explica que aunque dichos planteamientos no coincidan con los del Gobierno y la mayor\u00eda de los partidos, \u201cse podr\u00eda haber conocido sin filtros cu\u00e1l es la posici\u00f3n que defiende cada uno y cu\u00e1l es la realidad que se est\u00e1 moviendo en este momento\u201d.<\/p>\n<p>El portavoz popular subraya que no es factible en este momento la posibilidad de di\u00e1logo, aunque \u201cs\u00ed que la hubo el s\u00e1bado pasado y ayer. Podr\u00eda haber comparecido ayer en el pleno para buscar todos los cauces posibles para el di\u00e1logo pero fue rechazado y eso puede deberse a una falta de inter\u00e9s o de que no se quiera conocer la realidad directa\u201d.<\/p>\n<p>En una entrevista en RNE, Barreiro ha insistido en que ser\u00eda una noticia muy mala que se proclamara la Declaraci\u00f3n Unilateral de Independencia en Catalu\u00f1a ya que \u201cser\u00eda el culmen de una serie de acontecimientos encaminados a romper la convivencia y saltarse la ley\u201d. El portavoz del GPP en el Senado considera ins\u00f3lita esta situaci\u00f3n ya que adem\u00e1s de que \u201cnunca se ha tenido que aplicar el 155, no hay ning\u00fan precedente en nuestro entorno ni en Espa\u00f1a donde haya un dirigente pol\u00edtico que se salte de forma reiterada la ley\u201d.<\/p>\n<p><strong>CONTACTOS CON PSOE EN EL SENADO<\/strong><\/p>\n<p>De los contactos mantenidos con todas las fuerzas y grupos pol\u00edticos, Barreiro ha agradecido la fluidez que han encontrado con el PSOE. Adem\u00e1s de este, explica que hay otros grupos, que a pesar de no tener Grupo Parlamentario propio, apoyar\u00e1n este paquete de medidas a fin de recuperar la legalidad y normalidad. As\u00ed, dice que han descartado algunas enmiendas presentadas por formaciones que ped\u00edan la propia suspensi\u00f3n del art\u00edculo 155. En este sentido, explica que de haber aceptado dicha propuesta, \u201cir\u00edamos por un camino equivocado, porque la aplicaci\u00f3n del 155 plantea cuatro objetivos como son la recuperaci\u00f3n de la legalidad y normalidad, del marco de convivencia, afianzar la recuperaci\u00f3n econ\u00f3mica, y por \u00faltimo, que se celebren unas elecciones dentro de la ley. Si no cumplimos los tres primeros, poco habremos avanzado, ha sentenciado.<\/p>\n","protected":false},"excerpt":{"rendered":"<p>El portavoz del Grupo Parlamentario Popular en el Senado, Jos\u00e9 Manuel Barreiro, ha asegurado esta ma\u00f1ana en \u201cLas Ma\u00f1anas\u201d, de la emisora RNE, que \u201choy es un d\u00eda para la esperanza porque daremos un paso importante para la recuperaci\u00f3n de la normalidad y legalidad en Catalu\u00f1a\u201d. Barreiro habla en nombre de su Grupo Parlamentario e [&hellip;]<\/p>\n","protected":false},"author":1,"featured_media":431579,"comment_status":"closed","ping_status":"closed","sticky":false,"template":"","format":"standard","meta":{"footnotes":""},"categories":[1],"tags":[],"class_list":["post-957826","post","type-post","status-publish","format-standard","has-post-thumbnail","hentry","category-actualidad"],"aioseo_notices":[],"aioseo_head":"\n\t\t<!-- All in One SEO Pro 5.0.1 - aioseo.com -->\n\t<meta name=\"description\" content=\"El portavoz del Grupo Parlamentario Popular en el Senado, Jos\u00e9 Manuel Barreiro, ha asegurado esta ma\u00f1ana en \u201cLas Ma\u00f1anas\u201d, de la emisora RNE, que \u201choy es un d\u00eda para la esperanza porque daremos un paso importante para la recuperaci\u00f3n de la normalidad y legalidad en Catalu\u00f1a\u201d. Barreiro habla en nombre de su Grupo Parlamentario e\" \/>\n\t<meta name=\"robots\" content=\"max-image-preview:large\" \/>\n\t<meta name=\"author\" content=\"El Digital de Asturias\"\/>\n\t<meta name=\"google-site-verification\" content=\"UA-38556648-1\" \/>\n\t<meta name=\"msvalidate.01\" content=\"7dfe9f3f1b24437ab69f4f2559babe99\" \/>\n\t<meta name=\"keywords\" content=\"actualidad\" \/>\n\t<link rel=\"canonical\" href=\"https:\/\/www.eldigitaldeasturias.com\/noticias\/barreiro-hubiera-sido-muy-importante-la-presencia-de-puigdemont-en-el-senado\/\" \/>\n\t<meta name=\"generator\" content=\"All in One SEO Pro (AIOSEO) 5.0.1\" \/>\n\t\t<meta property=\"og:locale\" content=\"es_ES\" \/>\n\t\t<meta property=\"og:site_name\" content=\"El Digital de Asturias\" \/>\n\t\t<meta property=\"og:type\" content=\"article\" \/>\n\t\t<meta property=\"og:title\" content=\"Barreiro: \u201cHubiera sido muy importante la presencia de Puigdemont en el Senado\u201d - El Digital de Asturias\" \/>\n\t\t<meta property=\"og:description\" content=\"El portavoz del Grupo Parlamentario Popular en el Senado, Jos\u00e9 Manuel Barreiro, ha asegurado esta ma\u00f1ana en \u201cLas Ma\u00f1anas\u201d, de la emisora RNE, que \u201choy es un d\u00eda para la esperanza porque daremos un paso importante para la recuperaci\u00f3n de la normalidad y legalidad en Catalu\u00f1a\u201d. Barreiro habla en nombre de su Grupo Parlamentario e\" \/>\n\t\t<meta property=\"og:url\" content=\"https:\/\/www.eldigitaldeasturias.com\/noticias\/barreiro-hubiera-sido-muy-importante-la-presencia-de-puigdemont-en-el-senado\/\" \/>\n\t\t<meta property=\"article:tag\" content=\"actualidad\" \/>\n\t\t<meta property=\"article:published_time\" content=\"2017-10-27T20:49:32+00:00\" \/>\n\t\t<meta property=\"article:modified_time\" content=\"2017-10-27T20:49:32+00:00\" \/>\n\t\t<meta property=\"article:publisher\" content=\"https:\/\/facebook.com\/eldigitaldeasturias\" \/>\n\t\t<meta name=\"twitter:card\" content=\"summary_large_image\" \/>\n\t\t<meta name=\"twitter:title\" content=\"Barreiro: \u201cHubiera sido muy importante la presencia de Puigdemont en el Senado\u201d - El Digital de Asturias\" \/>\n\t\t<meta name=\"twitter:description\" content=\"El portavoz del Grupo Parlamentario Popular en el Senado, Jos\u00e9 Manuel Barreiro, ha asegurado esta ma\u00f1ana en \u201cLas Ma\u00f1anas\u201d, de la emisora RNE, que \u201choy es un d\u00eda para la esperanza porque daremos un paso importante para la recuperaci\u00f3n de la normalidad y legalidad en Catalu\u00f1a\u201d. Barreiro habla en nombre de su Grupo Parlamentario e\" \/>\n\t\t<meta name=\"twitter:image\" content=\"https:\/\/www.eldigitaldeasturias.com\/noticias\/wp-content\/uploads\/2020\/12\/EDA-1.jpg\" \/>\n\t\t<meta name=\"twitter:label1\" content=\"Escrito por\" \/>\n\t\t<meta name=\"twitter:data1\" content=\"El Digital de Asturias\" \/>\n\t\t<meta name=\"twitter:label2\" content=\"Tiempo de lectura estimado\" \/>\n\t\t<meta name=\"twitter:data2\" content=\"2 minutos\" \/>\n\t\t<script type=\"application\/ld+json\" class=\"aioseo-schema\">\n\t\t\t{\"@context\":\"https:\\\/\\\/schema.org\",\"@graph\":[{\"@type\":\"BlogPosting\",\"@id\":\"https:\\\/\\\/www.eldigitaldeasturias.com\\\/noticias\\\/barreiro-hubiera-sido-muy-importante-la-presencia-de-puigdemont-en-el-senado\\\/#blogposting\",\"name\":\"Barreiro: \\u201cHubiera sido muy importante la presencia de Puigdemont en el Senado\\u201d - El Digital de Asturias\",\"headline\":\"Barreiro: \\u201cHubiera sido muy importante la presencia de Puigdemont en el Senado\\u201d\",\"author\":{\"@id\":\"https:\\\/\\\/www.eldigitaldeasturias.com\\\/noticias\\\/author\\\/admin\\\/#author\"},\"publisher\":{\"@id\":\"https:\\\/\\\/www.eldigitaldeasturias.com\\\/noticias\\\/#organization\"},\"image\":{\"@type\":\"ImageObject\",\"url\":431579},\"datePublished\":\"2017-10-27T20:49:32+02:00\",\"dateModified\":\"2017-10-27T20:49:32+02:00\",\"inLanguage\":\"es-ES\",\"mainEntityOfPage\":{\"@id\":\"https:\\\/\\\/www.eldigitaldeasturias.com\\\/noticias\\\/barreiro-hubiera-sido-muy-importante-la-presencia-de-puigdemont-en-el-senado\\\/#webpage\"},\"isPartOf\":{\"@id\":\"https:\\\/\\\/www.eldigitaldeasturias.com\\\/noticias\\\/barreiro-hubiera-sido-muy-importante-la-presencia-de-puigdemont-en-el-senado\\\/#webpage\"},\"articleSection\":\"Actualidad\"},{\"@type\":\"BreadcrumbList\",\"@id\":\"https:\\\/\\\/www.eldigitaldeasturias.com\\\/noticias\\\/barreiro-hubiera-sido-muy-importante-la-presencia-de-puigdemont-en-el-senado\\\/#breadcrumblist\",\"itemListElement\":[{\"@type\":\"ListItem\",\"@id\":\"https:\\\/\\\/www.eldigitaldeasturias.com\\\/noticias#listItem\",\"position\":1,\"name\":\"Home\",\"item\":\"https:\\\/\\\/www.eldigitaldeasturias.com\\\/noticias\",\"nextItem\":{\"@type\":\"ListItem\",\"@id\":\"https:\\\/\\\/www.eldigitaldeasturias.com\\\/noticias\\\/category\\\/actualidad\\\/#listItem\",\"name\":\"Actualidad\"}},{\"@type\":\"ListItem\",\"@id\":\"https:\\\/\\\/www.eldigitaldeasturias.com\\\/noticias\\\/category\\\/actualidad\\\/#listItem\",\"position\":2,\"name\":\"Actualidad\",\"item\":\"https:\\\/\\\/www.eldigitaldeasturias.com\\\/noticias\\\/category\\\/actualidad\\\/\",\"nextItem\":{\"@type\":\"ListItem\",\"@id\":\"https:\\\/\\\/www.eldigitaldeasturias.com\\\/noticias\\\/barreiro-hubiera-sido-muy-importante-la-presencia-de-puigdemont-en-el-senado\\\/#listItem\",\"name\":\"Barreiro: \\u201cHubiera sido muy importante la presencia de Puigdemont en el Senado\\u201d\"},\"previousItem\":{\"@type\":\"ListItem\",\"@id\":\"https:\\\/\\\/www.eldigitaldeasturias.com\\\/noticias#listItem\",\"name\":\"Home\"}},{\"@type\":\"ListItem\",\"@id\":\"https:\\\/\\\/www.eldigitaldeasturias.com\\\/noticias\\\/barreiro-hubiera-sido-muy-importante-la-presencia-de-puigdemont-en-el-senado\\\/#listItem\",\"position\":3,\"name\":\"Barreiro: \\u201cHubiera sido muy importante la presencia de Puigdemont en el Senado\\u201d\",\"previousItem\":{\"@type\":\"ListItem\",\"@id\":\"https:\\\/\\\/www.eldigitaldeasturias.com\\\/noticias\\\/category\\\/actualidad\\\/#listItem\",\"name\":\"Actualidad\"}}]},{\"@type\":\"Organization\",\"@id\":\"https:\\\/\\\/www.eldigitaldeasturias.com\\\/noticias\\\/#organization\",\"name\":\"El Digital de Asturias\",\"description\":\"Hemeroteca\",\"url\":\"https:\\\/\\\/www.eldigitaldeasturias.com\\\/noticias\\\/\",\"email\":\"info@eldigitaldeasturias.com\",\"telephone\":\"+34652131393\",\"logo\":{\"@type\":\"ImageObject\",\"url\":\"https:\\\/\\\/www.eldigitaldeasturias.com\\\/noticias\\\/wp-content\\\/uploads\\\/2020\\\/12\\\/EDA.jpg\",\"@id\":\"https:\\\/\\\/www.eldigitaldeasturias.com\\\/noticias\\\/barreiro-hubiera-sido-muy-importante-la-presencia-de-puigdemont-en-el-senado\\\/#organizationLogo\"},\"image\":{\"@id\":\"https:\\\/\\\/www.eldigitaldeasturias.com\\\/noticias\\\/barreiro-hubiera-sido-muy-importante-la-presencia-de-puigdemont-en-el-senado\\\/#organizationLogo\"},\"sameAs\":[\"https:\\\/\\\/facebook.com\\\/eldigitaldeasturias\",\"https:\\\/\\\/www.youtube.com\\\/channel\\\/UCZP-2wLEB9Rv6erhFmqVnvg\"],\"address\":{\"@id\":\"https:\\\/\\\/www.eldigitaldeasturias.com\\\/noticias\\\/#postaladdress\",\"@type\":\"PostalAddress\",\"streetAddress\":\"san antonio 4\",\"postalCode\":\"33430\",\"addressLocality\":\"Cand\\u00e1s\",\"addressRegion\":\"Asturias\",\"addressCountry\":\"ES\"}},{\"@type\":\"Person\",\"@id\":\"https:\\\/\\\/www.eldigitaldeasturias.com\\\/noticias\\\/author\\\/admin\\\/#author\",\"url\":\"https:\\\/\\\/www.eldigitaldeasturias.com\\\/noticias\\\/author\\\/admin\\\/\",\"name\":\"El Digital de Asturias\",\"image\":{\"@type\":\"ImageObject\",\"@id\":\"https:\\\/\\\/www.eldigitaldeasturias.com\\\/noticias\\\/barreiro-hubiera-sido-muy-importante-la-presencia-de-puigdemont-en-el-senado\\\/#authorImage\",\"url\":\"https:\\\/\\\/secure.gravatar.com\\\/avatar\\\/df2aeffc32bcd13f8d26072ef8a91b623d677766deac7f97ca815868cd41bf5e?s=96&d=mm&r=g\",\"width\":96,\"height\":96,\"caption\":\"El Digital de Asturias\"}},{\"@type\":\"WebPage\",\"@id\":\"https:\\\/\\\/www.eldigitaldeasturias.com\\\/noticias\\\/barreiro-hubiera-sido-muy-importante-la-presencia-de-puigdemont-en-el-senado\\\/#webpage\",\"url\":\"https:\\\/\\\/www.eldigitaldeasturias.com\\\/noticias\\\/barreiro-hubiera-sido-muy-importante-la-presencia-de-puigdemont-en-el-senado\\\/\",\"name\":\"Barreiro: \\u201cHubiera sido muy importante la presencia de Puigdemont en el Senado\\u201d - El Digital de Asturias\",\"description\":\"El portavoz del Grupo Parlamentario Popular en el Senado, Jos\\u00e9 Manuel Barreiro, ha asegurado esta ma\\u00f1ana en \\u201cLas Ma\\u00f1anas\\u201d, de la emisora RNE, que \\u201choy es un d\\u00eda para la esperanza porque daremos un paso importante para la recuperaci\\u00f3n de la normalidad y legalidad en Catalu\\u00f1a\\u201d. Barreiro habla en nombre de su Grupo Parlamentario e\",\"inLanguage\":\"es-ES\",\"isPartOf\":{\"@id\":\"https:\\\/\\\/www.eldigitaldeasturias.com\\\/noticias\\\/#website\"},\"breadcrumb\":{\"@id\":\"https:\\\/\\\/www.eldigitaldeasturias.com\\\/noticias\\\/barreiro-hubiera-sido-muy-importante-la-presencia-de-puigdemont-en-el-senado\\\/#breadcrumblist\"},\"author\":{\"@id\":\"https:\\\/\\\/www.eldigitaldeasturias.com\\\/noticias\\\/author\\\/admin\\\/#author\"},\"creator\":{\"@id\":\"https:\\\/\\\/www.eldigitaldeasturias.com\\\/noticias\\\/author\\\/admin\\\/#author\"},\"image\":{\"@type\":\"ImageObject\",\"url\":431579,\"@id\":\"https:\\\/\\\/www.eldigitaldeasturias.com\\\/noticias\\\/barreiro-hubiera-sido-muy-importante-la-presencia-de-puigdemont-en-el-senado\\\/#mainImage\"},\"primaryImageOfPage\":{\"@id\":\"https:\\\/\\\/www.eldigitaldeasturias.com\\\/noticias\\\/barreiro-hubiera-sido-muy-importante-la-presencia-de-puigdemont-en-el-senado\\\/#mainImage\"},\"datePublished\":\"2017-10-27T20:49:32+02:00\",\"dateModified\":\"2017-10-27T20:49:32+02:00\"},{\"@type\":\"WebSite\",\"@id\":\"https:\\\/\\\/www.eldigitaldeasturias.com\\\/noticias\\\/#website\",\"url\":\"https:\\\/\\\/www.eldigitaldeasturias.com\\\/noticias\\\/\",\"name\":\"El Digital de Asturias - Diario de actualidad y noticias\",\"alternateName\":\"El Digital de Asturias - Diario de actualidad y noticias\",\"description\":\"Hemeroteca\",\"inLanguage\":\"es-ES\",\"publisher\":{\"@id\":\"https:\\\/\\\/www.eldigitaldeasturias.com\\\/noticias\\\/#organization\"}}]}\n\t\t<\/script>\n\t\t<!-- All in One SEO Pro -->\r\n\t\t<title>Barreiro: \u201cHubiera sido muy importante la presencia de Puigdemont en el Senado\u201d - El Digital de Asturias<\/title>\n\n","aioseo_head_json":{"title":"Barreiro: \u201cHubiera sido muy importante la presencia de Puigdemont en el Senado\u201d - El Digital de Asturias","description":"El portavoz del Grupo Parlamentario Popular en el Senado, Jos\u00e9 Manuel Barreiro, ha asegurado esta ma\u00f1ana en \u201cLas Ma\u00f1anas\u201d, de la emisora RNE, que \u201choy es un d\u00eda para la esperanza porque daremos un paso importante para la recuperaci\u00f3n de la normalidad y legalidad en Catalu\u00f1a\u201d. Barreiro habla en nombre de su Grupo Parlamentario e","canonical_url":"https:\/\/www.eldigitaldeasturias.com\/noticias\/barreiro-hubiera-sido-muy-importante-la-presencia-de-puigdemont-en-el-senado\/","robots":"max-image-preview:large","keywords":"actualidad","webmasterTools":{"google-site-verification":"UA-38556648-1","msvalidate.01":"7dfe9f3f1b24437ab69f4f2559babe99","miscellaneous":""},"schema":{"@context":"https:\/\/schema.org","@graph":[{"@type":"BlogPosting","@id":"https:\/\/www.eldigitaldeasturias.com\/noticias\/barreiro-hubiera-sido-muy-importante-la-presencia-de-puigdemont-en-el-senado\/#blogposting","name":"Barreiro: \u201cHubiera sido muy importante la presencia de Puigdemont en el Senado\u201d - El Digital de Asturias","headline":"Barreiro: \u201cHubiera sido muy importante la presencia de Puigdemont en el Senado\u201d","author":{"@id":"https:\/\/www.eldigitaldeasturias.com\/noticias\/author\/admin\/#author"},"publisher":{"@id":"https:\/\/www.eldigitaldeasturias.com\/noticias\/#organization"},"image":{"@type":"ImageObject","url":431579},"datePublished":"2017-10-27T20:49:32+02:00","dateModified":"2017-10-27T20:49:32+02:00","inLanguage":"es-ES","mainEntityOfPage":{"@id":"https:\/\/www.eldigitaldeasturias.com\/noticias\/barreiro-hubiera-sido-muy-importante-la-presencia-de-puigdemont-en-el-senado\/#webpage"},"isPartOf":{"@id":"https:\/\/www.eldigitaldeasturias.com\/noticias\/barreiro-hubiera-sido-muy-importante-la-presencia-de-puigdemont-en-el-senado\/#webpage"},"articleSection":"Actualidad"},{"@type":"BreadcrumbList","@id":"https:\/\/www.eldigitaldeasturias.com\/noticias\/barreiro-hubiera-sido-muy-importante-la-presencia-de-puigdemont-en-el-senado\/#breadcrumblist","itemListElement":[{"@type":"ListItem","@id":"https:\/\/www.eldigitaldeasturias.com\/noticias#listItem","position":1,"name":"Home","item":"https:\/\/www.eldigitaldeasturias.com\/noticias","nextItem":{"@type":"ListItem","@id":"https:\/\/www.eldigitaldeasturias.com\/noticias\/category\/actualidad\/#listItem","name":"Actualidad"}},{"@type":"ListItem","@id":"https:\/\/www.eldigitaldeasturias.com\/noticias\/category\/actualidad\/#listItem","position":2,"name":"Actualidad","item":"https:\/\/www.eldigitaldeasturias.com\/noticias\/category\/actualidad\/","nextItem":{"@type":"ListItem","@id":"https:\/\/www.eldigitaldeasturias.com\/noticias\/barreiro-hubiera-sido-muy-importante-la-presencia-de-puigdemont-en-el-senado\/#listItem","name":"Barreiro: \u201cHubiera sido muy importante la presencia de Puigdemont en el Senado\u201d"},"previousItem":{"@type":"ListItem","@id":"https:\/\/www.eldigitaldeasturias.com\/noticias#listItem","name":"Home"}},{"@type":"ListItem","@id":"https:\/\/www.eldigitaldeasturias.com\/noticias\/barreiro-hubiera-sido-muy-importante-la-presencia-de-puigdemont-en-el-senado\/#listItem","position":3,"name":"Barreiro: \u201cHubiera sido muy importante la presencia de Puigdemont en el Senado\u201d","previousItem":{"@type":"ListItem","@id":"https:\/\/www.eldigitaldeasturias.com\/noticias\/category\/actualidad\/#listItem","name":"Actualidad"}}]},{"@type":"Organization","@id":"https:\/\/www.eldigitaldeasturias.com\/noticias\/#organization","name":"El Digital de Asturias","description":"Hemeroteca","url":"https:\/\/www.eldigitaldeasturias.com\/noticias\/","email":"info@eldigitaldeasturias.com","telephone":"+34652131393","logo":{"@type":"ImageObject","url":"https:\/\/www.eldigitaldeasturias.com\/noticias\/wp-content\/uploads\/2020\/12\/EDA.jpg","@id":"https:\/\/www.eldigitaldeasturias.com\/noticias\/barreiro-hubiera-sido-muy-importante-la-presencia-de-puigdemont-en-el-senado\/#organizationLogo"},"image":{"@id":"https:\/\/www.eldigitaldeasturias.com\/noticias\/barreiro-hubiera-sido-muy-importante-la-presencia-de-puigdemont-en-el-senado\/#organizationLogo"},"sameAs":["https:\/\/facebook.com\/eldigitaldeasturias","https:\/\/www.youtube.com\/channel\/UCZP-2wLEB9Rv6erhFmqVnvg"],"address":{"@id":"https:\/\/www.eldigitaldeasturias.com\/noticias\/#postaladdress","@type":"PostalAddress","streetAddress":"san antonio 4","postalCode":"33430","addressLocality":"Cand\u00e1s","addressRegion":"Asturias","addressCountry":"ES"}},{"@type":"Person","@id":"https:\/\/www.eldigitaldeasturias.com\/noticias\/author\/admin\/#author","url":"https:\/\/www.eldigitaldeasturias.com\/noticias\/author\/admin\/","name":"El Digital de Asturias","image":{"@type":"ImageObject","@id":"https:\/\/www.eldigitaldeasturias.com\/noticias\/barreiro-hubiera-sido-muy-importante-la-presencia-de-puigdemont-en-el-senado\/#authorImage","url":"https:\/\/secure.gravatar.com\/avatar\/df2aeffc32bcd13f8d26072ef8a91b623d677766deac7f97ca815868cd41bf5e?s=96&d=mm&r=g","width":96,"height":96,"caption":"El Digital de Asturias"}},{"@type":"WebPage","@id":"https:\/\/www.eldigitaldeasturias.com\/noticias\/barreiro-hubiera-sido-muy-importante-la-presencia-de-puigdemont-en-el-senado\/#webpage","url":"https:\/\/www.eldigitaldeasturias.com\/noticias\/barreiro-hubiera-sido-muy-importante-la-presencia-de-puigdemont-en-el-senado\/","name":"Barreiro: \u201cHubiera sido muy importante la presencia de Puigdemont en el Senado\u201d - El Digital de Asturias","description":"El portavoz del Grupo Parlamentario Popular en el Senado, Jos\u00e9 Manuel Barreiro, ha asegurado esta ma\u00f1ana en \u201cLas Ma\u00f1anas\u201d, de la emisora RNE, que \u201choy es un d\u00eda para la esperanza porque daremos un paso importante para la recuperaci\u00f3n de la normalidad y legalidad en Catalu\u00f1a\u201d. Barreiro habla en nombre de su Grupo Parlamentario e","inLanguage":"es-ES","isPartOf":{"@id":"https:\/\/www.eldigitaldeasturias.com\/noticias\/#website"},"breadcrumb":{"@id":"https:\/\/www.eldigitaldeasturias.com\/noticias\/barreiro-hubiera-sido-muy-importante-la-presencia-de-puigdemont-en-el-senado\/#breadcrumblist"},"author":{"@id":"https:\/\/www.eldigitaldeasturias.com\/noticias\/author\/admin\/#author"},"creator":{"@id":"https:\/\/www.eldigitaldeasturias.com\/noticias\/author\/admin\/#author"},"image":{"@type":"ImageObject","url":431579,"@id":"https:\/\/www.eldigitaldeasturias.com\/noticias\/barreiro-hubiera-sido-muy-importante-la-presencia-de-puigdemont-en-el-senado\/#mainImage"},"primaryImageOfPage":{"@id":"https:\/\/www.eldigitaldeasturias.com\/noticias\/barreiro-hubiera-sido-muy-importante-la-presencia-de-puigdemont-en-el-senado\/#mainImage"},"datePublished":"2017-10-27T20:49:32+02:00","dateModified":"2017-10-27T20:49:32+02:00"},{"@type":"WebSite","@id":"https:\/\/www.eldigitaldeasturias.com\/noticias\/#website","url":"https:\/\/www.eldigitaldeasturias.com\/noticias\/","name":"El Digital de Asturias - Diario de actualidad y noticias","alternateName":"El Digital de Asturias - Diario de actualidad y noticias","description":"Hemeroteca","inLanguage":"es-ES","publisher":{"@id":"https:\/\/www.eldigitaldeasturias.com\/noticias\/#organization"}}]},"og:locale":"es_ES","og:site_name":"El Digital de Asturias","og:type":"article","og:title":"Barreiro: \u201cHubiera sido muy importante la presencia de Puigdemont en el Senado\u201d - El Digital de Asturias","og:description":"El portavoz del Grupo Parlamentario Popular en el Senado, Jos\u00e9 Manuel Barreiro, ha asegurado esta ma\u00f1ana en \u201cLas Ma\u00f1anas\u201d, de la emisora RNE, que \u201choy es un d\u00eda para la esperanza porque daremos un paso importante para la recuperaci\u00f3n de la normalidad y legalidad en Catalu\u00f1a\u201d. Barreiro habla en nombre de su Grupo Parlamentario e","og:url":"https:\/\/www.eldigitaldeasturias.com\/noticias\/barreiro-hubiera-sido-muy-importante-la-presencia-de-puigdemont-en-el-senado\/","article:tag":["actualidad"],"article:published_time":"2017-10-27T20:49:32+00:00","article:modified_time":"2017-10-27T20:49:32+00:00","article:publisher":"https:\/\/facebook.com\/eldigitaldeasturias","twitter:card":"summary_large_image","twitter:title":"Barreiro: \u201cHubiera sido muy importante la presencia de Puigdemont en el Senado\u201d - El Digital de Asturias","twitter:description":"El portavoz del Grupo Parlamentario Popular en el Senado, Jos\u00e9 Manuel Barreiro, ha asegurado esta ma\u00f1ana en \u201cLas Ma\u00f1anas\u201d, de la emisora RNE, que \u201choy es un d\u00eda para la esperanza porque daremos un paso importante para la recuperaci\u00f3n de la normalidad y legalidad en Catalu\u00f1a\u201d. Barreiro habla en nombre de su Grupo Parlamentario e","twitter:image":"https:\/\/www.eldigitaldeasturias.com\/noticias\/wp-content\/uploads\/2020\/12\/EDA-1.jpg","twitter:label1":"Escrito por","twitter:data1":"El Digital de Asturias","twitter:label2":"Tiempo de lectura estimado","twitter:data2":"2 minutos"},"aioseo_meta_data":{"post_id":"957826","title":null,"description":null,"keywords":null,"keyphrases":null,"primary_term":null,"canonical_url":null,"og_title":null,"og_description":null,"og_object_type":"default","og_image_type":"default","og_image_url":null,"og_image_width":null,"og_image_height":null,"og_image_custom_url":null,"og_image_custom_fields":null,"og_video":null,"og_custom_url":null,"og_article_section":null,"og_article_tags":null,"twitter_use_og":false,"twitter_card":"default","twitter_image_type":"default","twitter_image_url":null,"twitter_image_custom_url":null,"twitter_image_custom_fields":null,"twitter_title":null,"twitter_description":null,"schema":{"blockGraphs":[],"customGraphs":[],"default":{"data":{"Article":[],"Course":[],"Dataset":[],"FAQPage":[],"Movie":[],"Person":[],"Product":[],"ProductReview":[],"Car":[],"Recipe":[],"Service":[],"SoftwareApplication":[],"WebPage":[]},"graphName":"","isEnabled":true},"graphs":[],"defaultGraph":"","defaultPostTypeGraph":""},"schema_type":null,"schema_type_options":null,"pillar_content":false,"robots_default":true,"robots_noindex":false,"robots_noarchive":false,"robots_nosnippet":false,"robots_nofollow":false,"robots_noimageindex":false,"robots_noodp":false,"robots_notranslate":false,"robots_max_snippet":null,"robots_max_videopreview":null,"robots_max_imagepreview":"large","priority":null,"frequency":null,"local_seo":null,"seo_analyzer_scan_date":"2025-12-06 18:52:20","breadcrumb_settings":null,"limit_modified_date":false,"open_ai":null,"ai":null,"created":"2020-12-21 12:54:29","updated":"2025-12-06 18:52:20","focus_keyword":null,"additional_keywords":null,"truseo_locale":null},"aioseo_breadcrumb":"<div class=\"aioseo-breadcrumbs\"><span class=\"aioseo-breadcrumb\">\n\t<a href=\"https:\/\/www.eldigitaldeasturias.com\/noticias\" title=\"Home\">Home<\/a>\n<\/span><span class=\"aioseo-breadcrumb-separator\">\u2013<\/span><span class=\"aioseo-breadcrumb\">\n\t<a href=\"https:\/\/www.eldigitaldeasturias.com\/noticias\/category\/actualidad\/\" title=\"Actualidad\">Actualidad<\/a>\n<\/span><span class=\"aioseo-breadcrumb-separator\">\u2013<\/span><span class=\"aioseo-breadcrumb\">\n\t<a href=\"https:\/\/www.eldigitaldeasturias.com\/noticias\/barreiro-hubiera-sido-muy-importante-la-presencia-de-puigdemont-en-el-senado\/\" title=\"Barreiro: \u201cHubiera sido muy importante la presencia de Puigdemont en el Senado\u201d\">Barreiro: \u201cHubiera sido muy importante la presencia de Puigdemont en el Senado\u201d<\/a>\n<\/span><\/div>","aioseo_breadcrumb_json":[{"label":"Home","link":"https:\/\/www.eldigitaldeasturias.com\/noticias"},{"label":"Actualidad","link":"https:\/\/www.eldigitaldeasturias.com\/noticias\/category\/actualidad\/"},{"label":"Barreiro: \u201cHubiera sido muy importante la presencia de Puigdemont en el Senado\u201d","link":"https:\/\/www.eldigitaldeasturias.com\/noticias\/barreiro-hubiera-sido-muy-importante-la-presencia-de-puigdemont-en-el-senado\/"}],"_links":{"self":[{"href":"https:\/\/www.eldigitaldeasturias.com\/noticias\/wp-json\/wp\/v2\/posts\/957826","targetHints":{"allow":["GET"]}}],"collection":[{"href":"https:\/\/www.eldigitaldeasturias.com\/noticias\/wp-json\/wp\/v2\/posts"}],"about":[{"href":"https:\/\/www.eldigitaldeasturias.com\/noticias\/wp-json\/wp\/v2\/types\/post"}],"author":[{"embeddable":true,"href":"https:\/\/www.eldigitaldeasturias.com\/noticias\/wp-json\/wp\/v2\/users\/1"}],"replies":[{"embeddable":true,"href":"https:\/\/www.eldigitaldeasturias.com\/noticias\/wp-json\/wp\/v2\/comments?post=957826"}],"version-history":[{"count":0,"href":"https:\/\/www.eldigitaldeasturias.com\/noticias\/wp-json\/wp\/v2\/posts\/957826\/revisions"}],"wp:attachment":[{"href":"https:\/\/www.eldigitaldeasturias.com\/noticias\/wp-json\/wp\/v2\/media?parent=957826"}],"wp:term":[{"taxonomy":"category","embeddable":true,"href":"https:\/\/www.eldigitaldeasturias.com\/noticias\/wp-json\/wp\/v2\/categories?post=957826"},{"taxonomy":"post_tag","embeddable":true,"href":"https:\/\/www.eldigitaldeasturias.com\/noticias\/wp-json\/wp\/v2\/tags?post=957826"}],"curies":[{"name":"wp","href":"https:\/\/api.w.org\/{rel}","templated":true}]}}