{"id":957810,"date":"2017-10-27T16:33:00","date_gmt":"2017-10-27T16:33:00","guid":{"rendered":"http:\/\/www.eldigitaldeasturias.com\/noticias\/?p=957810"},"modified":"2017-10-27T16:33:00","modified_gmt":"2017-10-27T16:33:00","slug":"cristina-de-middel-premio-nacional-de-fotografia-2017","status":"publish","type":"post","link":"https:\/\/www.eldigitaldeasturias.com\/noticias\/cristina-de-middel-premio-nacional-de-fotografia-2017\/","title":{"rendered":"Cristina de Middel, Premio Nacional de Fotograf\u00eda 2017"},"content":{"rendered":"<p><img loading=\"lazy\" decoding=\"async\" class=\"alignleft size-medium wp-image-957811\" src=\"https:\/\/www.eldigitaldeasturias.com\/noticias\/wp-content\/uploads\/2017\/10\/211116Camara-360x239.jpg\" alt=\"\" width=\"360\" height=\"239\" \/>Cristina de Middel ha sido galardonada con el Premio Nacional de Fotograf\u00eda 2017, que concede el Ministerio de Educaci\u00f3n, Cultura y Deporte y est\u00e1 dotado con 30.000 euros.<\/p>\n<p>\u200bEl jurado ha concedido, por unanimidad, el premio \u00abpor el reconocimiento nacional e internacional que ha conseguido a trav\u00e9s de sus trabajos, en los que replantea los l\u00edmites de la realidad del lenguaje fotogr\u00e1fico, al mismo tiempo que ha innovado el \u00e1mbito del libro de fotograf\u00eda, otorg\u00e1ndole una nueva dimensi\u00f3n como obra de \u00abarte total\u00bb.<\/p>\n<p><strong>Biograf\u00eda<\/strong><\/p>\n<p>Cristina de Middel nace en Alicante en 1975. Es una de las artistas m\u00e1s relevantes de la fotograf\u00eda espa\u00f1ola contempor\u00e1nea. Estudia en la Universidad de Oklahoma y la Universidad Polit\u00e9cnica de Valencia. Ha trabajado como fotoperiodista para diferentes peri\u00f3dicos espa\u00f1oles y ONGs. Combina sus trabajos documentales con otros personales donde cuestiona el lenguaje y la veracidad de la fotograf\u00eda como documento y juega con reconstrucciones o arquetipos que difuminan la frontera entre la realidad y la ficci\u00f3n.<\/p>\n<p>En 2012 public\u00f3 su libro Afronautas, una reacci\u00f3n a las limitaciones del lenguaje documental a la hora de describir y explicar el mundo. La relaci\u00f3n entre la fotograf\u00eda, la realidad y la verdad, junto con el papel que los medios de comunicaci\u00f3n juegan en ella, se situ\u00f3 en la proa de sus inquietudes art\u00edsticas. El libro se agot\u00f3 r\u00e1pidamente y fue muy aclamado por la cr\u00edtica. Con este trabajo, De Middel fue nominada en 2013 para el premio de fotograf\u00eda Deutsche B\u00f6rse.<\/p>\n<p>Como fotoperiodista siempre ha tratado de ofrecer una visi\u00f3n exc\u00e9ntrica de la actualidad, evitando los viejos temas tratados mediante los canales y las formas asumidas. En sus proyectos personales, ha elevado su reflexi\u00f3n para situarse, ya sin las ataduras de veracidad y del documentalismo, en la difusa frontera que separa la realidad de la ficci\u00f3n.<\/p>\n<p>Ha participado en proyectos expositivos en Londres, Nueva York, Los \u00c1ngeles, Frankfurt, Par\u00eds, Roma o Dubl\u00edn.<\/p>\n<p>Tiene diferentes premios internacionales, destacando el Premio Cum Laude, \u00abMart\u00edn Chambi\u00bb, Uni\u00f3n Latina, 2011, el Infinity Award, Centro Internacional de fotograf\u00eda (ICP), 2013 y el premio PhotoEspa\u00f1a, Mejor libro de fotograf\u00eda del a\u00f1o, categor\u00eda internacional, 2014.<\/p>\n<p>Su obra se encuentra en la colecci\u00f3n Saxe-Coburg y en la colecci\u00f3n de Arte del Banco Espiritu Santo, ambas en Portugal, en la colecci\u00f3n de la ciudad de Birmingham as\u00ed como en la Universidad Polit\u00e9cnica de Valencia, y en la Fundaci\u00f3n Sarthou Carreres, entre otros.<\/p>\n<p><strong>Jurado<\/strong><\/p>\n<p>Ha actuado como presidente Luis Lafuente, director general de Bellas Artes y Patrimonio Cultural, y como vicepresidenta Bego\u00f1a Torres, subdirectora general de Promoci\u00f3n de las Bellas Artes. El Jurado ha estado compuesto por Isabel Mu\u00f1oz, Premio Nacional de Fotograf\u00eda 2016; Margarita Aizpuru, comisaria de exposiciones, cr\u00edtica de arte, investigadora y docente; Rosa Brugat, artista visual; Nicol\u00e1s Combarro, artista y comisario; Rafael Doctor, director del Centro Andaluz de Fotograf\u00eda; Elisa Hernando, directora de Arte Global y Marisa Oropesa, comisaria independiente y cr\u00edtico de arte.<\/p>\n","protected":false},"excerpt":{"rendered":"<p>Cristina de Middel ha sido galardonada con el Premio Nacional de Fotograf\u00eda 2017, que concede el Ministerio de Educaci\u00f3n, Cultura y Deporte y est\u00e1 dotado con 30.000 euros. \u200bEl jurado ha concedido, por unanimidad, el premio \u00abpor el reconocimiento nacional e internacional que ha conseguido a trav\u00e9s de sus trabajos, en los que replantea los [&hellip;]<\/p>\n","protected":false},"author":1,"featured_media":957811,"comment_status":"closed","ping_status":"closed","sticky":false,"template":"","format":"standard","meta":{"footnotes":""},"categories":[1],"tags":[],"class_list":["post-957810","post","type-post","status-publish","format-standard","has-post-thumbnail","hentry","category-actualidad"],"aioseo_notices":[],"aioseo_head":"\n\t\t<!-- All in One SEO Pro 5.0.1 - aioseo.com -->\n\t<meta name=\"description\" content=\"Cristina de Middel ha sido galardonada con el Premio Nacional de Fotograf\u00eda 2017, que concede el Ministerio de Educaci\u00f3n, Cultura y Deporte y est\u00e1 dotado con 30.000 euros. \u200bEl jurado ha concedido, por unanimidad, el premio &quot;por el reconocimiento nacional e internacional que ha conseguido a trav\u00e9s de sus trabajos, en los que replantea los\" \/>\n\t<meta name=\"robots\" content=\"max-image-preview:large\" \/>\n\t<meta name=\"author\" content=\"El Digital de Asturias\"\/>\n\t<meta name=\"google-site-verification\" content=\"UA-38556648-1\" \/>\n\t<meta name=\"msvalidate.01\" content=\"7dfe9f3f1b24437ab69f4f2559babe99\" \/>\n\t<meta name=\"keywords\" content=\"actualidad\" \/>\n\t<link rel=\"canonical\" href=\"https:\/\/www.eldigitaldeasturias.com\/noticias\/cristina-de-middel-premio-nacional-de-fotografia-2017\/\" \/>\n\t<meta name=\"generator\" content=\"All in One SEO Pro (AIOSEO) 5.0.1\" \/>\n\t\t<meta property=\"og:locale\" content=\"es_ES\" \/>\n\t\t<meta property=\"og:site_name\" content=\"El Digital de Asturias\" \/>\n\t\t<meta property=\"og:type\" content=\"article\" \/>\n\t\t<meta property=\"og:title\" content=\"Cristina de Middel, Premio Nacional de Fotograf\u00eda 2017 - El Digital de Asturias\" \/>\n\t\t<meta property=\"og:description\" content=\"Cristina de Middel ha sido galardonada con el Premio Nacional de Fotograf\u00eda 2017, que concede el Ministerio de Educaci\u00f3n, Cultura y Deporte y est\u00e1 dotado con 30.000 euros. \u200bEl jurado ha concedido, por unanimidad, el premio &quot;por el reconocimiento nacional e internacional que ha conseguido a trav\u00e9s de sus trabajos, en los que replantea los\" \/>\n\t\t<meta property=\"og:url\" content=\"https:\/\/www.eldigitaldeasturias.com\/noticias\/cristina-de-middel-premio-nacional-de-fotografia-2017\/\" \/>\n\t\t<meta property=\"article:tag\" content=\"actualidad\" \/>\n\t\t<meta property=\"article:published_time\" content=\"2017-10-27T16:33:00+00:00\" \/>\n\t\t<meta property=\"article:modified_time\" content=\"2017-10-27T16:33:00+00:00\" \/>\n\t\t<meta property=\"article:publisher\" content=\"https:\/\/facebook.com\/eldigitaldeasturias\" \/>\n\t\t<meta name=\"twitter:card\" content=\"summary_large_image\" \/>\n\t\t<meta name=\"twitter:title\" content=\"Cristina de Middel, Premio Nacional de Fotograf\u00eda 2017 - El Digital de Asturias\" \/>\n\t\t<meta name=\"twitter:description\" content=\"Cristina de Middel ha sido galardonada con el Premio Nacional de Fotograf\u00eda 2017, que concede el Ministerio de Educaci\u00f3n, Cultura y Deporte y est\u00e1 dotado con 30.000 euros. \u200bEl jurado ha concedido, por unanimidad, el premio &quot;por el reconocimiento nacional e internacional que ha conseguido a trav\u00e9s de sus trabajos, en los que replantea los\" \/>\n\t\t<meta name=\"twitter:image\" content=\"https:\/\/www.eldigitaldeasturias.com\/noticias\/wp-content\/uploads\/2020\/12\/EDA-1.jpg\" \/>\n\t\t<meta name=\"twitter:label1\" content=\"Escrito por\" \/>\n\t\t<meta name=\"twitter:data1\" content=\"El Digital de Asturias\" \/>\n\t\t<meta name=\"twitter:label2\" content=\"Tiempo de lectura estimado\" \/>\n\t\t<meta name=\"twitter:data2\" content=\"3 minutos\" \/>\n\t\t<script type=\"application\/ld+json\" class=\"aioseo-schema\">\n\t\t\t{\"@context\":\"https:\\\/\\\/schema.org\",\"@graph\":[{\"@type\":\"BlogPosting\",\"@id\":\"https:\\\/\\\/www.eldigitaldeasturias.com\\\/noticias\\\/cristina-de-middel-premio-nacional-de-fotografia-2017\\\/#blogposting\",\"name\":\"Cristina de Middel, Premio Nacional de Fotograf\\u00eda 2017 - El Digital de Asturias\",\"headline\":\"Cristina de Middel, Premio Nacional de Fotograf\\u00eda 2017\",\"author\":{\"@id\":\"https:\\\/\\\/www.eldigitaldeasturias.com\\\/noticias\\\/author\\\/admin\\\/#author\"},\"publisher\":{\"@id\":\"https:\\\/\\\/www.eldigitaldeasturias.com\\\/noticias\\\/#organization\"},\"image\":{\"@type\":\"ImageObject\",\"url\":957811},\"datePublished\":\"2017-10-27T16:33:00+02:00\",\"dateModified\":\"2017-10-27T16:33:00+02:00\",\"inLanguage\":\"es-ES\",\"mainEntityOfPage\":{\"@id\":\"https:\\\/\\\/www.eldigitaldeasturias.com\\\/noticias\\\/cristina-de-middel-premio-nacional-de-fotografia-2017\\\/#webpage\"},\"isPartOf\":{\"@id\":\"https:\\\/\\\/www.eldigitaldeasturias.com\\\/noticias\\\/cristina-de-middel-premio-nacional-de-fotografia-2017\\\/#webpage\"},\"articleSection\":\"Actualidad\"},{\"@type\":\"BreadcrumbList\",\"@id\":\"https:\\\/\\\/www.eldigitaldeasturias.com\\\/noticias\\\/cristina-de-middel-premio-nacional-de-fotografia-2017\\\/#breadcrumblist\",\"itemListElement\":[{\"@type\":\"ListItem\",\"@id\":\"https:\\\/\\\/www.eldigitaldeasturias.com\\\/noticias#listItem\",\"position\":1,\"name\":\"Home\",\"item\":\"https:\\\/\\\/www.eldigitaldeasturias.com\\\/noticias\",\"nextItem\":{\"@type\":\"ListItem\",\"@id\":\"https:\\\/\\\/www.eldigitaldeasturias.com\\\/noticias\\\/category\\\/actualidad\\\/#listItem\",\"name\":\"Actualidad\"}},{\"@type\":\"ListItem\",\"@id\":\"https:\\\/\\\/www.eldigitaldeasturias.com\\\/noticias\\\/category\\\/actualidad\\\/#listItem\",\"position\":2,\"name\":\"Actualidad\",\"item\":\"https:\\\/\\\/www.eldigitaldeasturias.com\\\/noticias\\\/category\\\/actualidad\\\/\",\"nextItem\":{\"@type\":\"ListItem\",\"@id\":\"https:\\\/\\\/www.eldigitaldeasturias.com\\\/noticias\\\/cristina-de-middel-premio-nacional-de-fotografia-2017\\\/#listItem\",\"name\":\"Cristina de Middel, Premio Nacional de Fotograf\\u00eda 2017\"},\"previousItem\":{\"@type\":\"ListItem\",\"@id\":\"https:\\\/\\\/www.eldigitaldeasturias.com\\\/noticias#listItem\",\"name\":\"Home\"}},{\"@type\":\"ListItem\",\"@id\":\"https:\\\/\\\/www.eldigitaldeasturias.com\\\/noticias\\\/cristina-de-middel-premio-nacional-de-fotografia-2017\\\/#listItem\",\"position\":3,\"name\":\"Cristina de Middel, Premio Nacional de Fotograf\\u00eda 2017\",\"previousItem\":{\"@type\":\"ListItem\",\"@id\":\"https:\\\/\\\/www.eldigitaldeasturias.com\\\/noticias\\\/category\\\/actualidad\\\/#listItem\",\"name\":\"Actualidad\"}}]},{\"@type\":\"Organization\",\"@id\":\"https:\\\/\\\/www.eldigitaldeasturias.com\\\/noticias\\\/#organization\",\"name\":\"El Digital de Asturias\",\"description\":\"Hemeroteca\",\"url\":\"https:\\\/\\\/www.eldigitaldeasturias.com\\\/noticias\\\/\",\"email\":\"info@eldigitaldeasturias.com\",\"telephone\":\"+34652131393\",\"logo\":{\"@type\":\"ImageObject\",\"url\":\"https:\\\/\\\/www.eldigitaldeasturias.com\\\/noticias\\\/wp-content\\\/uploads\\\/2020\\\/12\\\/EDA.jpg\",\"@id\":\"https:\\\/\\\/www.eldigitaldeasturias.com\\\/noticias\\\/cristina-de-middel-premio-nacional-de-fotografia-2017\\\/#organizationLogo\"},\"image\":{\"@id\":\"https:\\\/\\\/www.eldigitaldeasturias.com\\\/noticias\\\/cristina-de-middel-premio-nacional-de-fotografia-2017\\\/#organizationLogo\"},\"sameAs\":[\"https:\\\/\\\/facebook.com\\\/eldigitaldeasturias\",\"https:\\\/\\\/www.youtube.com\\\/channel\\\/UCZP-2wLEB9Rv6erhFmqVnvg\"],\"address\":{\"@id\":\"https:\\\/\\\/www.eldigitaldeasturias.com\\\/noticias\\\/#postaladdress\",\"@type\":\"PostalAddress\",\"streetAddress\":\"san antonio 4\",\"postalCode\":\"33430\",\"addressLocality\":\"Cand\\u00e1s\",\"addressRegion\":\"Asturias\",\"addressCountry\":\"ES\"}},{\"@type\":\"Person\",\"@id\":\"https:\\\/\\\/www.eldigitaldeasturias.com\\\/noticias\\\/author\\\/admin\\\/#author\",\"url\":\"https:\\\/\\\/www.eldigitaldeasturias.com\\\/noticias\\\/author\\\/admin\\\/\",\"name\":\"El Digital de Asturias\",\"image\":{\"@type\":\"ImageObject\",\"@id\":\"https:\\\/\\\/www.eldigitaldeasturias.com\\\/noticias\\\/cristina-de-middel-premio-nacional-de-fotografia-2017\\\/#authorImage\",\"url\":\"https:\\\/\\\/secure.gravatar.com\\\/avatar\\\/df2aeffc32bcd13f8d26072ef8a91b623d677766deac7f97ca815868cd41bf5e?s=96&d=mm&r=g\",\"width\":96,\"height\":96,\"caption\":\"El Digital de Asturias\"}},{\"@type\":\"WebPage\",\"@id\":\"https:\\\/\\\/www.eldigitaldeasturias.com\\\/noticias\\\/cristina-de-middel-premio-nacional-de-fotografia-2017\\\/#webpage\",\"url\":\"https:\\\/\\\/www.eldigitaldeasturias.com\\\/noticias\\\/cristina-de-middel-premio-nacional-de-fotografia-2017\\\/\",\"name\":\"Cristina de Middel, Premio Nacional de Fotograf\\u00eda 2017 - El Digital de Asturias\",\"description\":\"Cristina de Middel ha sido galardonada con el Premio Nacional de Fotograf\\u00eda 2017, que concede el Ministerio de Educaci\\u00f3n, Cultura y Deporte y est\\u00e1 dotado con 30.000 euros. \\u200bEl jurado ha concedido, por unanimidad, el premio \\\"por el reconocimiento nacional e internacional que ha conseguido a trav\\u00e9s de sus trabajos, en los que replantea los\",\"inLanguage\":\"es-ES\",\"isPartOf\":{\"@id\":\"https:\\\/\\\/www.eldigitaldeasturias.com\\\/noticias\\\/#website\"},\"breadcrumb\":{\"@id\":\"https:\\\/\\\/www.eldigitaldeasturias.com\\\/noticias\\\/cristina-de-middel-premio-nacional-de-fotografia-2017\\\/#breadcrumblist\"},\"author\":{\"@id\":\"https:\\\/\\\/www.eldigitaldeasturias.com\\\/noticias\\\/author\\\/admin\\\/#author\"},\"creator\":{\"@id\":\"https:\\\/\\\/www.eldigitaldeasturias.com\\\/noticias\\\/author\\\/admin\\\/#author\"},\"image\":{\"@type\":\"ImageObject\",\"url\":957811,\"@id\":\"https:\\\/\\\/www.eldigitaldeasturias.com\\\/noticias\\\/cristina-de-middel-premio-nacional-de-fotografia-2017\\\/#mainImage\"},\"primaryImageOfPage\":{\"@id\":\"https:\\\/\\\/www.eldigitaldeasturias.com\\\/noticias\\\/cristina-de-middel-premio-nacional-de-fotografia-2017\\\/#mainImage\"},\"datePublished\":\"2017-10-27T16:33:00+02:00\",\"dateModified\":\"2017-10-27T16:33:00+02:00\"},{\"@type\":\"WebSite\",\"@id\":\"https:\\\/\\\/www.eldigitaldeasturias.com\\\/noticias\\\/#website\",\"url\":\"https:\\\/\\\/www.eldigitaldeasturias.com\\\/noticias\\\/\",\"name\":\"El Digital de Asturias - Diario de actualidad y noticias\",\"alternateName\":\"El Digital de Asturias - Diario de actualidad y noticias\",\"description\":\"Hemeroteca\",\"inLanguage\":\"es-ES\",\"publisher\":{\"@id\":\"https:\\\/\\\/www.eldigitaldeasturias.com\\\/noticias\\\/#organization\"}}]}\n\t\t<\/script>\n\t\t<!-- All in One SEO Pro -->\r\n\t\t<title>Cristina de Middel, Premio Nacional de Fotograf\u00eda 2017 - El Digital de Asturias<\/title>\n\n","aioseo_head_json":{"title":"Cristina de Middel, Premio Nacional de Fotograf\u00eda 2017 - El Digital de Asturias","description":"Cristina de Middel ha sido galardonada con el Premio Nacional de Fotograf\u00eda 2017, que concede el Ministerio de Educaci\u00f3n, Cultura y Deporte y est\u00e1 dotado con 30.000 euros. \u200bEl jurado ha concedido, por unanimidad, el premio \"por el reconocimiento nacional e internacional que ha conseguido a trav\u00e9s de sus trabajos, en los que replantea los","canonical_url":"https:\/\/www.eldigitaldeasturias.com\/noticias\/cristina-de-middel-premio-nacional-de-fotografia-2017\/","robots":"max-image-preview:large","keywords":"actualidad","webmasterTools":{"google-site-verification":"UA-38556648-1","msvalidate.01":"7dfe9f3f1b24437ab69f4f2559babe99","miscellaneous":""},"schema":{"@context":"https:\/\/schema.org","@graph":[{"@type":"BlogPosting","@id":"https:\/\/www.eldigitaldeasturias.com\/noticias\/cristina-de-middel-premio-nacional-de-fotografia-2017\/#blogposting","name":"Cristina de Middel, Premio Nacional de Fotograf\u00eda 2017 - El Digital de Asturias","headline":"Cristina de Middel, Premio Nacional de Fotograf\u00eda 2017","author":{"@id":"https:\/\/www.eldigitaldeasturias.com\/noticias\/author\/admin\/#author"},"publisher":{"@id":"https:\/\/www.eldigitaldeasturias.com\/noticias\/#organization"},"image":{"@type":"ImageObject","url":957811},"datePublished":"2017-10-27T16:33:00+02:00","dateModified":"2017-10-27T16:33:00+02:00","inLanguage":"es-ES","mainEntityOfPage":{"@id":"https:\/\/www.eldigitaldeasturias.com\/noticias\/cristina-de-middel-premio-nacional-de-fotografia-2017\/#webpage"},"isPartOf":{"@id":"https:\/\/www.eldigitaldeasturias.com\/noticias\/cristina-de-middel-premio-nacional-de-fotografia-2017\/#webpage"},"articleSection":"Actualidad"},{"@type":"BreadcrumbList","@id":"https:\/\/www.eldigitaldeasturias.com\/noticias\/cristina-de-middel-premio-nacional-de-fotografia-2017\/#breadcrumblist","itemListElement":[{"@type":"ListItem","@id":"https:\/\/www.eldigitaldeasturias.com\/noticias#listItem","position":1,"name":"Home","item":"https:\/\/www.eldigitaldeasturias.com\/noticias","nextItem":{"@type":"ListItem","@id":"https:\/\/www.eldigitaldeasturias.com\/noticias\/category\/actualidad\/#listItem","name":"Actualidad"}},{"@type":"ListItem","@id":"https:\/\/www.eldigitaldeasturias.com\/noticias\/category\/actualidad\/#listItem","position":2,"name":"Actualidad","item":"https:\/\/www.eldigitaldeasturias.com\/noticias\/category\/actualidad\/","nextItem":{"@type":"ListItem","@id":"https:\/\/www.eldigitaldeasturias.com\/noticias\/cristina-de-middel-premio-nacional-de-fotografia-2017\/#listItem","name":"Cristina de Middel, Premio Nacional de Fotograf\u00eda 2017"},"previousItem":{"@type":"ListItem","@id":"https:\/\/www.eldigitaldeasturias.com\/noticias#listItem","name":"Home"}},{"@type":"ListItem","@id":"https:\/\/www.eldigitaldeasturias.com\/noticias\/cristina-de-middel-premio-nacional-de-fotografia-2017\/#listItem","position":3,"name":"Cristina de Middel, Premio Nacional de Fotograf\u00eda 2017","previousItem":{"@type":"ListItem","@id":"https:\/\/www.eldigitaldeasturias.com\/noticias\/category\/actualidad\/#listItem","name":"Actualidad"}}]},{"@type":"Organization","@id":"https:\/\/www.eldigitaldeasturias.com\/noticias\/#organization","name":"El Digital de Asturias","description":"Hemeroteca","url":"https:\/\/www.eldigitaldeasturias.com\/noticias\/","email":"info@eldigitaldeasturias.com","telephone":"+34652131393","logo":{"@type":"ImageObject","url":"https:\/\/www.eldigitaldeasturias.com\/noticias\/wp-content\/uploads\/2020\/12\/EDA.jpg","@id":"https:\/\/www.eldigitaldeasturias.com\/noticias\/cristina-de-middel-premio-nacional-de-fotografia-2017\/#organizationLogo"},"image":{"@id":"https:\/\/www.eldigitaldeasturias.com\/noticias\/cristina-de-middel-premio-nacional-de-fotografia-2017\/#organizationLogo"},"sameAs":["https:\/\/facebook.com\/eldigitaldeasturias","https:\/\/www.youtube.com\/channel\/UCZP-2wLEB9Rv6erhFmqVnvg"],"address":{"@id":"https:\/\/www.eldigitaldeasturias.com\/noticias\/#postaladdress","@type":"PostalAddress","streetAddress":"san antonio 4","postalCode":"33430","addressLocality":"Cand\u00e1s","addressRegion":"Asturias","addressCountry":"ES"}},{"@type":"Person","@id":"https:\/\/www.eldigitaldeasturias.com\/noticias\/author\/admin\/#author","url":"https:\/\/www.eldigitaldeasturias.com\/noticias\/author\/admin\/","name":"El Digital de Asturias","image":{"@type":"ImageObject","@id":"https:\/\/www.eldigitaldeasturias.com\/noticias\/cristina-de-middel-premio-nacional-de-fotografia-2017\/#authorImage","url":"https:\/\/secure.gravatar.com\/avatar\/df2aeffc32bcd13f8d26072ef8a91b623d677766deac7f97ca815868cd41bf5e?s=96&d=mm&r=g","width":96,"height":96,"caption":"El Digital de Asturias"}},{"@type":"WebPage","@id":"https:\/\/www.eldigitaldeasturias.com\/noticias\/cristina-de-middel-premio-nacional-de-fotografia-2017\/#webpage","url":"https:\/\/www.eldigitaldeasturias.com\/noticias\/cristina-de-middel-premio-nacional-de-fotografia-2017\/","name":"Cristina de Middel, Premio Nacional de Fotograf\u00eda 2017 - El Digital de Asturias","description":"Cristina de Middel ha sido galardonada con el Premio Nacional de Fotograf\u00eda 2017, que concede el Ministerio de Educaci\u00f3n, Cultura y Deporte y est\u00e1 dotado con 30.000 euros. \u200bEl jurado ha concedido, por unanimidad, el premio \"por el reconocimiento nacional e internacional que ha conseguido a trav\u00e9s de sus trabajos, en los que replantea los","inLanguage":"es-ES","isPartOf":{"@id":"https:\/\/www.eldigitaldeasturias.com\/noticias\/#website"},"breadcrumb":{"@id":"https:\/\/www.eldigitaldeasturias.com\/noticias\/cristina-de-middel-premio-nacional-de-fotografia-2017\/#breadcrumblist"},"author":{"@id":"https:\/\/www.eldigitaldeasturias.com\/noticias\/author\/admin\/#author"},"creator":{"@id":"https:\/\/www.eldigitaldeasturias.com\/noticias\/author\/admin\/#author"},"image":{"@type":"ImageObject","url":957811,"@id":"https:\/\/www.eldigitaldeasturias.com\/noticias\/cristina-de-middel-premio-nacional-de-fotografia-2017\/#mainImage"},"primaryImageOfPage":{"@id":"https:\/\/www.eldigitaldeasturias.com\/noticias\/cristina-de-middel-premio-nacional-de-fotografia-2017\/#mainImage"},"datePublished":"2017-10-27T16:33:00+02:00","dateModified":"2017-10-27T16:33:00+02:00"},{"@type":"WebSite","@id":"https:\/\/www.eldigitaldeasturias.com\/noticias\/#website","url":"https:\/\/www.eldigitaldeasturias.com\/noticias\/","name":"El Digital de Asturias - Diario de actualidad y noticias","alternateName":"El Digital de Asturias - Diario de actualidad y noticias","description":"Hemeroteca","inLanguage":"es-ES","publisher":{"@id":"https:\/\/www.eldigitaldeasturias.com\/noticias\/#organization"}}]},"og:locale":"es_ES","og:site_name":"El Digital de Asturias","og:type":"article","og:title":"Cristina de Middel, Premio Nacional de Fotograf\u00eda 2017 - El Digital de Asturias","og:description":"Cristina de Middel ha sido galardonada con el Premio Nacional de Fotograf\u00eda 2017, que concede el Ministerio de Educaci\u00f3n, Cultura y Deporte y est\u00e1 dotado con 30.000 euros. \u200bEl jurado ha concedido, por unanimidad, el premio &quot;por el reconocimiento nacional e internacional que ha conseguido a trav\u00e9s de sus trabajos, en los que replantea los","og:url":"https:\/\/www.eldigitaldeasturias.com\/noticias\/cristina-de-middel-premio-nacional-de-fotografia-2017\/","article:tag":["actualidad"],"article:published_time":"2017-10-27T16:33:00+00:00","article:modified_time":"2017-10-27T16:33:00+00:00","article:publisher":"https:\/\/facebook.com\/eldigitaldeasturias","twitter:card":"summary_large_image","twitter:title":"Cristina de Middel, Premio Nacional de Fotograf\u00eda 2017 - El Digital de Asturias","twitter:description":"Cristina de Middel ha sido galardonada con el Premio Nacional de Fotograf\u00eda 2017, que concede el Ministerio de Educaci\u00f3n, Cultura y Deporte y est\u00e1 dotado con 30.000 euros. \u200bEl jurado ha concedido, por unanimidad, el premio &quot;por el reconocimiento nacional e internacional que ha conseguido a trav\u00e9s de sus trabajos, en los que replantea los","twitter:image":"https:\/\/www.eldigitaldeasturias.com\/noticias\/wp-content\/uploads\/2020\/12\/EDA-1.jpg","twitter:label1":"Escrito por","twitter:data1":"El Digital de Asturias","twitter:label2":"Tiempo de lectura estimado","twitter:data2":"3 minutos"},"aioseo_meta_data":{"post_id":"957810","title":null,"description":null,"keywords":null,"keyphrases":null,"primary_term":null,"canonical_url":null,"og_title":null,"og_description":null,"og_object_type":"default","og_image_type":"default","og_image_url":null,"og_image_width":null,"og_image_height":null,"og_image_custom_url":null,"og_image_custom_fields":null,"og_video":null,"og_custom_url":null,"og_article_section":null,"og_article_tags":null,"twitter_use_og":false,"twitter_card":"default","twitter_image_type":"default","twitter_image_url":null,"twitter_image_custom_url":null,"twitter_image_custom_fields":null,"twitter_title":null,"twitter_description":null,"schema":{"blockGraphs":[],"customGraphs":[],"default":{"data":{"Article":[],"Course":[],"Dataset":[],"FAQPage":[],"Movie":[],"Person":[],"Product":[],"ProductReview":[],"Car":[],"Recipe":[],"Service":[],"SoftwareApplication":[],"WebPage":[]},"graphName":"","isEnabled":true},"graphs":[],"defaultGraph":"","defaultPostTypeGraph":""},"schema_type":null,"schema_type_options":null,"pillar_content":false,"robots_default":true,"robots_noindex":false,"robots_noarchive":false,"robots_nosnippet":false,"robots_nofollow":false,"robots_noimageindex":false,"robots_noodp":false,"robots_notranslate":false,"robots_max_snippet":null,"robots_max_videopreview":null,"robots_max_imagepreview":"large","priority":null,"frequency":null,"local_seo":null,"seo_analyzer_scan_date":"2025-12-06 18:50:08","breadcrumb_settings":null,"limit_modified_date":false,"open_ai":null,"ai":null,"created":"2020-12-21 12:54:29","updated":"2025-12-06 18:50:08","focus_keyword":null,"additional_keywords":null,"truseo_locale":null},"aioseo_breadcrumb":"<div class=\"aioseo-breadcrumbs\"><span class=\"aioseo-breadcrumb\">\n\t<a href=\"https:\/\/www.eldigitaldeasturias.com\/noticias\" title=\"Home\">Home<\/a>\n<\/span><span class=\"aioseo-breadcrumb-separator\">\u2013<\/span><span class=\"aioseo-breadcrumb\">\n\t<a href=\"https:\/\/www.eldigitaldeasturias.com\/noticias\/category\/actualidad\/\" title=\"Actualidad\">Actualidad<\/a>\n<\/span><span class=\"aioseo-breadcrumb-separator\">\u2013<\/span><span class=\"aioseo-breadcrumb\">\n\t<a href=\"https:\/\/www.eldigitaldeasturias.com\/noticias\/cristina-de-middel-premio-nacional-de-fotografia-2017\/\" title=\"Cristina de Middel, Premio Nacional de Fotograf\u00eda 2017\">Cristina de Middel, Premio Nacional de Fotograf\u00eda 2017<\/a>\n<\/span><\/div>","aioseo_breadcrumb_json":[{"label":"Home","link":"https:\/\/www.eldigitaldeasturias.com\/noticias"},{"label":"Actualidad","link":"https:\/\/www.eldigitaldeasturias.com\/noticias\/category\/actualidad\/"},{"label":"Cristina de Middel, Premio Nacional de Fotograf\u00eda 2017","link":"https:\/\/www.eldigitaldeasturias.com\/noticias\/cristina-de-middel-premio-nacional-de-fotografia-2017\/"}],"_links":{"self":[{"href":"https:\/\/www.eldigitaldeasturias.com\/noticias\/wp-json\/wp\/v2\/posts\/957810","targetHints":{"allow":["GET"]}}],"collection":[{"href":"https:\/\/www.eldigitaldeasturias.com\/noticias\/wp-json\/wp\/v2\/posts"}],"about":[{"href":"https:\/\/www.eldigitaldeasturias.com\/noticias\/wp-json\/wp\/v2\/types\/post"}],"author":[{"embeddable":true,"href":"https:\/\/www.eldigitaldeasturias.com\/noticias\/wp-json\/wp\/v2\/users\/1"}],"replies":[{"embeddable":true,"href":"https:\/\/www.eldigitaldeasturias.com\/noticias\/wp-json\/wp\/v2\/comments?post=957810"}],"version-history":[{"count":0,"href":"https:\/\/www.eldigitaldeasturias.com\/noticias\/wp-json\/wp\/v2\/posts\/957810\/revisions"}],"wp:attachment":[{"href":"https:\/\/www.eldigitaldeasturias.com\/noticias\/wp-json\/wp\/v2\/media?parent=957810"}],"wp:term":[{"taxonomy":"category","embeddable":true,"href":"https:\/\/www.eldigitaldeasturias.com\/noticias\/wp-json\/wp\/v2\/categories?post=957810"},{"taxonomy":"post_tag","embeddable":true,"href":"https:\/\/www.eldigitaldeasturias.com\/noticias\/wp-json\/wp\/v2\/tags?post=957810"}],"curies":[{"name":"wp","href":"https:\/\/api.w.org\/{rel}","templated":true}]}}