{"id":957783,"date":"2017-10-26T22:45:43","date_gmt":"2017-10-26T22:45:43","guid":{"rendered":"http:\/\/www.eldigitaldeasturias.com\/noticias\/?p=957783"},"modified":"2017-10-26T22:45:43","modified_gmt":"2017-10-26T22:45:43","slug":"garcia-tejerina-el-vehiculo-electrico-esta-llamado-a-ser-una-pieza-fundamental-de-la-movilidad-sostenible","status":"publish","type":"post","link":"https:\/\/www.eldigitaldeasturias.com\/noticias\/garcia-tejerina-el-vehiculo-electrico-esta-llamado-a-ser-una-pieza-fundamental-de-la-movilidad-sostenible\/","title":{"rendered":"Garc\u00eda Tejerina: \u00abEl veh\u00edculo el\u00e9ctrico est\u00e1 llamado a ser una pieza fundamental de la movilidad sostenible\u00bb"},"content":{"rendered":"<p><img loading=\"lazy\" decoding=\"async\" class=\"alignleft size-medium wp-image-957784\" src=\"https:\/\/www.eldigitaldeasturias.com\/noticias\/wp-content\/uploads\/2017\/10\/261017Tejerina-Congreso-360x239.jpg\" alt=\"\" width=\"360\" height=\"239\" \/>La ministra de Agricultura y Pesca, Alimentaci\u00f3n y Medio Ambiente, Isabel Garc\u00eda Tejerina, ha subrayado que el veh\u00edculo el\u00e9ctrico est\u00e1 llamado a ser una pieza fundamental de la movilidad sostenible por su eficiencia energ\u00e9tica y la reducci\u00f3n de la dependencia de los productos petrol\u00edferos.<\/p>\n<p>Al mismo tiempo, Garc\u00eda Tejerina ha destacado las posibilidades que ofrece para el desarrollo econ\u00f3mico y la creaci\u00f3n de empleo, y el impulso de las nuevas tecnolog\u00edas y la innovaci\u00f3n, adem\u00e1s de reducir las emisiones de CO2.<\/p>\n<p>Isabel Garc\u00eda Tejerina ha inaugurado esta ma\u00f1ana el IV Congreso Europeo del Veh\u00edculo El\u00e9ctrico, organizado por AEDIVE (Asociaci\u00f3n Empresarial para el Desarrollo e Impulso del Veh\u00edculo El\u00e9ctrico), en el Consejo Superior de Investigaciones Cient\u00edficas (CSIC).<\/p>\n<p>En su intervenci\u00f3n, Garc\u00eda Tejerina ha se\u00f1alado que nuestro pa\u00eds est\u00e1 dispuesto a ser un agente decisivo en la b\u00fasqueda de soluciones al reto del cambio clim\u00e1tico. La ministra entiende que Espa\u00f1a y Europa en su conjunto deben liderar esta lucha global, ya que formamos parte de una de las alianzas econ\u00f3micas con mayor capacidad, tanto material como cient\u00edfica, para reducir nuestras emisiones.<\/p>\n<p>Adem\u00e1s, la ministra considera que Espa\u00f1a debe implicarse en la lucha contra el cambio clim\u00e1tico para invertir en su futuro, ya que es un pa\u00eds especialmente vulnerable, dada su situaci\u00f3n geogr\u00e1fica y su estructura socioecon\u00f3mica. Esta actitud frente al cambio clim\u00e1tico supone tambi\u00e9n una oportunidad de desarrollo sostenible y respetuoso con el medio ambiente, que genere empleo y crecimiento e impulse el I+D+i.<\/p>\n<p><strong>Mejorar la calidad del aire<\/strong><\/p>\n<p>En este contexto, Garc\u00eda Tejerina ha apuntado que el transporte es uno de los sectores que tiene mayor potencial para la reducci\u00f3n de emisiones en los pr\u00f3ximos a\u00f1os. En concreto, este sector es responsable de alrededor de una cuarta parte de las emisiones de gases de efecto invernadero de la UE. Al mismo tiempo, una disminuci\u00f3n de estas emisiones tendr\u00e1 importantes beneficios en la calidad del aire de las ciudades y de la salud de las personas.<\/p>\n<p>Para la ministra, la respuesta m\u00e1s proactiva y sostenible a largo plazo para mejorar la calidad del aire de las ciudades es fomentar la movilidad sostenible. Como parte de esta respuesta, el MAPAMA ha apoyado, en el marco del Plan PIMA AIRE 4, la adquisici\u00f3n de veh\u00edculos de energ\u00edas alternativas con un total de 9,6 millones de euros.<\/p>\n<p>Como ejemplo de compromiso del Gobierno con la sostenibilidad, Garc\u00eda Tejerina ha mencionado el impulso dado por el Ministerio de Industria (actual Ministerio de Econom\u00eda) con el plan MOVEA, que subvencion\u00f3 la adquisici\u00f3n de veh\u00edculos el\u00e9ctricos y de puntos de recarga por un total de 16,6 millones de euros.<\/p>\n<p>Por lo dem\u00e1s, Garc\u00eda Tejerina ha apuntado la necesidad de un nuevo modelo de movilidad que se apoye en la utilizaci\u00f3n de veh\u00edculos de combustible alternativo m\u00e1s limpios, para lo que habr\u00e1 que desarrollar la infraestructura necesaria que lo haga posible.<\/p>\n<p><strong>Impulso del MAPAMA<\/strong><\/p>\n<p>En este sentido, la ministra considera como un \u00abelemento clave\u00bb la colaboraci\u00f3n p\u00fablico-privada, \u00abcreando espacios de inter\u00e9s com\u00fan donde crecer juntos\u00bb. En este \u00e1mbito, el Ministerio ya trabaja en la Ley de Cambio Clim\u00e1tico, que permitir\u00e1 crear un marco para el desarrollo de una movilidad m\u00e1s sostenible, en el que el coche el\u00e9ctrico est\u00e1 llamado a jugar un papel muy importante.<\/p>\n<p>Asimismo, el Plan de Calidad del Aire del Ministerio 2017-2019 (Plan AIRE 2) apuesta por veh\u00edculos movidos por energ\u00edas alternativas y contempla la sustituci\u00f3n de los veh\u00edculos convencionales de los organismos y administraciones p\u00fablicas por otros el\u00e9ctricos, para lo que est\u00e1 prevista la implantaci\u00f3n en paralelo de una red de puntos de recarga. En concreto, el MAPAMA ha incorporado a su parque m\u00f3vil dos veh\u00edculos de tracci\u00f3n \u00edntegramente el\u00e9ctrica.<\/p>\n","protected":false},"excerpt":{"rendered":"<p>La ministra de Agricultura y Pesca, Alimentaci\u00f3n y Medio Ambiente, Isabel Garc\u00eda Tejerina, ha subrayado que el veh\u00edculo el\u00e9ctrico est\u00e1 llamado a ser una pieza fundamental de la movilidad sostenible por su eficiencia energ\u00e9tica y la reducci\u00f3n de la dependencia de los productos petrol\u00edferos. Al mismo tiempo, Garc\u00eda Tejerina ha destacado las posibilidades que ofrece [&hellip;]<\/p>\n","protected":false},"author":1,"featured_media":957784,"comment_status":"closed","ping_status":"closed","sticky":false,"template":"","format":"standard","meta":{"footnotes":""},"categories":[1],"tags":[],"class_list":["post-957783","post","type-post","status-publish","format-standard","has-post-thumbnail","hentry","category-actualidad"],"aioseo_notices":[],"aioseo_head":"\n\t\t<!-- All in One SEO Pro 5.0.1 - aioseo.com -->\n\t<meta name=\"description\" content=\"La ministra de Agricultura y Pesca, Alimentaci\u00f3n y Medio Ambiente, Isabel Garc\u00eda Tejerina, ha subrayado que el veh\u00edculo el\u00e9ctrico est\u00e1 llamado a ser una pieza fundamental de la movilidad sostenible por su eficiencia energ\u00e9tica y la reducci\u00f3n de la dependencia de los productos petrol\u00edferos. Al mismo tiempo, Garc\u00eda Tejerina ha destacado las posibilidades que ofrece\" \/>\n\t<meta name=\"robots\" content=\"max-image-preview:large\" \/>\n\t<meta name=\"author\" content=\"El Digital de Asturias\"\/>\n\t<meta name=\"google-site-verification\" content=\"UA-38556648-1\" \/>\n\t<meta name=\"msvalidate.01\" content=\"7dfe9f3f1b24437ab69f4f2559babe99\" \/>\n\t<meta name=\"keywords\" content=\"actualidad\" \/>\n\t<link rel=\"canonical\" href=\"https:\/\/www.eldigitaldeasturias.com\/noticias\/garcia-tejerina-el-vehiculo-electrico-esta-llamado-a-ser-una-pieza-fundamental-de-la-movilidad-sostenible\/\" \/>\n\t<meta name=\"generator\" content=\"All in One SEO Pro (AIOSEO) 5.0.1\" \/>\n\t\t<meta property=\"og:locale\" content=\"es_ES\" \/>\n\t\t<meta property=\"og:site_name\" content=\"El Digital de Asturias\" \/>\n\t\t<meta property=\"og:type\" content=\"article\" \/>\n\t\t<meta property=\"og:title\" content=\"Garc\u00eda Tejerina: \u00abEl veh\u00edculo el\u00e9ctrico est\u00e1 llamado a ser una pieza fundamental de la movilidad sostenible\u00bb - El Digital de Asturias\" \/>\n\t\t<meta property=\"og:description\" content=\"La ministra de Agricultura y Pesca, Alimentaci\u00f3n y Medio Ambiente, Isabel Garc\u00eda Tejerina, ha subrayado que el veh\u00edculo el\u00e9ctrico est\u00e1 llamado a ser una pieza fundamental de la movilidad sostenible por su eficiencia energ\u00e9tica y la reducci\u00f3n de la dependencia de los productos petrol\u00edferos. Al mismo tiempo, Garc\u00eda Tejerina ha destacado las posibilidades que ofrece\" \/>\n\t\t<meta property=\"og:url\" content=\"https:\/\/www.eldigitaldeasturias.com\/noticias\/garcia-tejerina-el-vehiculo-electrico-esta-llamado-a-ser-una-pieza-fundamental-de-la-movilidad-sostenible\/\" \/>\n\t\t<meta property=\"article:tag\" content=\"actualidad\" \/>\n\t\t<meta property=\"article:published_time\" content=\"2017-10-26T22:45:43+00:00\" \/>\n\t\t<meta property=\"article:modified_time\" content=\"2017-10-26T22:45:43+00:00\" \/>\n\t\t<meta property=\"article:publisher\" content=\"https:\/\/facebook.com\/eldigitaldeasturias\" \/>\n\t\t<meta name=\"twitter:card\" content=\"summary_large_image\" \/>\n\t\t<meta name=\"twitter:title\" content=\"Garc\u00eda Tejerina: \u00abEl veh\u00edculo el\u00e9ctrico est\u00e1 llamado a ser una pieza fundamental de la movilidad sostenible\u00bb - El Digital de Asturias\" \/>\n\t\t<meta name=\"twitter:description\" content=\"La ministra de Agricultura y Pesca, Alimentaci\u00f3n y Medio Ambiente, Isabel Garc\u00eda Tejerina, ha subrayado que el veh\u00edculo el\u00e9ctrico est\u00e1 llamado a ser una pieza fundamental de la movilidad sostenible por su eficiencia energ\u00e9tica y la reducci\u00f3n de la dependencia de los productos petrol\u00edferos. Al mismo tiempo, Garc\u00eda Tejerina ha destacado las posibilidades que ofrece\" \/>\n\t\t<meta name=\"twitter:image\" content=\"https:\/\/www.eldigitaldeasturias.com\/noticias\/wp-content\/uploads\/2020\/12\/EDA-1.jpg\" \/>\n\t\t<meta name=\"twitter:label1\" content=\"Escrito por\" \/>\n\t\t<meta name=\"twitter:data1\" content=\"El Digital de Asturias\" \/>\n\t\t<meta name=\"twitter:label2\" content=\"Tiempo de lectura estimado\" \/>\n\t\t<meta name=\"twitter:data2\" content=\"3 minutos\" \/>\n\t\t<script type=\"application\/ld+json\" class=\"aioseo-schema\">\n\t\t\t{\"@context\":\"https:\\\/\\\/schema.org\",\"@graph\":[{\"@type\":\"BlogPosting\",\"@id\":\"https:\\\/\\\/www.eldigitaldeasturias.com\\\/noticias\\\/garcia-tejerina-el-vehiculo-electrico-esta-llamado-a-ser-una-pieza-fundamental-de-la-movilidad-sostenible\\\/#blogposting\",\"name\":\"Garc\\u00eda Tejerina: \\u00abEl veh\\u00edculo el\\u00e9ctrico est\\u00e1 llamado a ser una pieza fundamental de la movilidad sostenible\\u00bb - El Digital de Asturias\",\"headline\":\"Garc\\u00eda Tejerina: \\u00abEl veh\\u00edculo el\\u00e9ctrico est\\u00e1 llamado a ser una pieza fundamental de la movilidad sostenible\\u00bb\",\"author\":{\"@id\":\"https:\\\/\\\/www.eldigitaldeasturias.com\\\/noticias\\\/author\\\/admin\\\/#author\"},\"publisher\":{\"@id\":\"https:\\\/\\\/www.eldigitaldeasturias.com\\\/noticias\\\/#organization\"},\"image\":{\"@type\":\"ImageObject\",\"url\":957784},\"datePublished\":\"2017-10-26T22:45:43+02:00\",\"dateModified\":\"2017-10-26T22:45:43+02:00\",\"inLanguage\":\"es-ES\",\"mainEntityOfPage\":{\"@id\":\"https:\\\/\\\/www.eldigitaldeasturias.com\\\/noticias\\\/garcia-tejerina-el-vehiculo-electrico-esta-llamado-a-ser-una-pieza-fundamental-de-la-movilidad-sostenible\\\/#webpage\"},\"isPartOf\":{\"@id\":\"https:\\\/\\\/www.eldigitaldeasturias.com\\\/noticias\\\/garcia-tejerina-el-vehiculo-electrico-esta-llamado-a-ser-una-pieza-fundamental-de-la-movilidad-sostenible\\\/#webpage\"},\"articleSection\":\"Actualidad\"},{\"@type\":\"BreadcrumbList\",\"@id\":\"https:\\\/\\\/www.eldigitaldeasturias.com\\\/noticias\\\/garcia-tejerina-el-vehiculo-electrico-esta-llamado-a-ser-una-pieza-fundamental-de-la-movilidad-sostenible\\\/#breadcrumblist\",\"itemListElement\":[{\"@type\":\"ListItem\",\"@id\":\"https:\\\/\\\/www.eldigitaldeasturias.com\\\/noticias#listItem\",\"position\":1,\"name\":\"Home\",\"item\":\"https:\\\/\\\/www.eldigitaldeasturias.com\\\/noticias\",\"nextItem\":{\"@type\":\"ListItem\",\"@id\":\"https:\\\/\\\/www.eldigitaldeasturias.com\\\/noticias\\\/category\\\/actualidad\\\/#listItem\",\"name\":\"Actualidad\"}},{\"@type\":\"ListItem\",\"@id\":\"https:\\\/\\\/www.eldigitaldeasturias.com\\\/noticias\\\/category\\\/actualidad\\\/#listItem\",\"position\":2,\"name\":\"Actualidad\",\"item\":\"https:\\\/\\\/www.eldigitaldeasturias.com\\\/noticias\\\/category\\\/actualidad\\\/\",\"nextItem\":{\"@type\":\"ListItem\",\"@id\":\"https:\\\/\\\/www.eldigitaldeasturias.com\\\/noticias\\\/garcia-tejerina-el-vehiculo-electrico-esta-llamado-a-ser-una-pieza-fundamental-de-la-movilidad-sostenible\\\/#listItem\",\"name\":\"Garc\\u00eda Tejerina: \\u00abEl veh\\u00edculo el\\u00e9ctrico est\\u00e1 llamado a ser una pieza fundamental de la movilidad sostenible\\u00bb\"},\"previousItem\":{\"@type\":\"ListItem\",\"@id\":\"https:\\\/\\\/www.eldigitaldeasturias.com\\\/noticias#listItem\",\"name\":\"Home\"}},{\"@type\":\"ListItem\",\"@id\":\"https:\\\/\\\/www.eldigitaldeasturias.com\\\/noticias\\\/garcia-tejerina-el-vehiculo-electrico-esta-llamado-a-ser-una-pieza-fundamental-de-la-movilidad-sostenible\\\/#listItem\",\"position\":3,\"name\":\"Garc\\u00eda Tejerina: \\u00abEl veh\\u00edculo el\\u00e9ctrico est\\u00e1 llamado a ser una pieza fundamental de la movilidad sostenible\\u00bb\",\"previousItem\":{\"@type\":\"ListItem\",\"@id\":\"https:\\\/\\\/www.eldigitaldeasturias.com\\\/noticias\\\/category\\\/actualidad\\\/#listItem\",\"name\":\"Actualidad\"}}]},{\"@type\":\"Organization\",\"@id\":\"https:\\\/\\\/www.eldigitaldeasturias.com\\\/noticias\\\/#organization\",\"name\":\"El Digital de Asturias\",\"description\":\"Hemeroteca\",\"url\":\"https:\\\/\\\/www.eldigitaldeasturias.com\\\/noticias\\\/\",\"email\":\"info@eldigitaldeasturias.com\",\"telephone\":\"+34652131393\",\"logo\":{\"@type\":\"ImageObject\",\"url\":\"https:\\\/\\\/www.eldigitaldeasturias.com\\\/noticias\\\/wp-content\\\/uploads\\\/2020\\\/12\\\/EDA.jpg\",\"@id\":\"https:\\\/\\\/www.eldigitaldeasturias.com\\\/noticias\\\/garcia-tejerina-el-vehiculo-electrico-esta-llamado-a-ser-una-pieza-fundamental-de-la-movilidad-sostenible\\\/#organizationLogo\"},\"image\":{\"@id\":\"https:\\\/\\\/www.eldigitaldeasturias.com\\\/noticias\\\/garcia-tejerina-el-vehiculo-electrico-esta-llamado-a-ser-una-pieza-fundamental-de-la-movilidad-sostenible\\\/#organizationLogo\"},\"sameAs\":[\"https:\\\/\\\/facebook.com\\\/eldigitaldeasturias\",\"https:\\\/\\\/www.youtube.com\\\/channel\\\/UCZP-2wLEB9Rv6erhFmqVnvg\"],\"address\":{\"@id\":\"https:\\\/\\\/www.eldigitaldeasturias.com\\\/noticias\\\/#postaladdress\",\"@type\":\"PostalAddress\",\"streetAddress\":\"san antonio 4\",\"postalCode\":\"33430\",\"addressLocality\":\"Cand\\u00e1s\",\"addressRegion\":\"Asturias\",\"addressCountry\":\"ES\"}},{\"@type\":\"Person\",\"@id\":\"https:\\\/\\\/www.eldigitaldeasturias.com\\\/noticias\\\/author\\\/admin\\\/#author\",\"url\":\"https:\\\/\\\/www.eldigitaldeasturias.com\\\/noticias\\\/author\\\/admin\\\/\",\"name\":\"El Digital de Asturias\",\"image\":{\"@type\":\"ImageObject\",\"@id\":\"https:\\\/\\\/www.eldigitaldeasturias.com\\\/noticias\\\/garcia-tejerina-el-vehiculo-electrico-esta-llamado-a-ser-una-pieza-fundamental-de-la-movilidad-sostenible\\\/#authorImage\",\"url\":\"https:\\\/\\\/secure.gravatar.com\\\/avatar\\\/df2aeffc32bcd13f8d26072ef8a91b623d677766deac7f97ca815868cd41bf5e?s=96&d=mm&r=g\",\"width\":96,\"height\":96,\"caption\":\"El Digital de Asturias\"}},{\"@type\":\"WebPage\",\"@id\":\"https:\\\/\\\/www.eldigitaldeasturias.com\\\/noticias\\\/garcia-tejerina-el-vehiculo-electrico-esta-llamado-a-ser-una-pieza-fundamental-de-la-movilidad-sostenible\\\/#webpage\",\"url\":\"https:\\\/\\\/www.eldigitaldeasturias.com\\\/noticias\\\/garcia-tejerina-el-vehiculo-electrico-esta-llamado-a-ser-una-pieza-fundamental-de-la-movilidad-sostenible\\\/\",\"name\":\"Garc\\u00eda Tejerina: \\u00abEl veh\\u00edculo el\\u00e9ctrico est\\u00e1 llamado a ser una pieza fundamental de la movilidad sostenible\\u00bb - El Digital de Asturias\",\"description\":\"La ministra de Agricultura y Pesca, Alimentaci\\u00f3n y Medio Ambiente, Isabel Garc\\u00eda Tejerina, ha subrayado que el veh\\u00edculo el\\u00e9ctrico est\\u00e1 llamado a ser una pieza fundamental de la movilidad sostenible por su eficiencia energ\\u00e9tica y la reducci\\u00f3n de la dependencia de los productos petrol\\u00edferos. Al mismo tiempo, Garc\\u00eda Tejerina ha destacado las posibilidades que ofrece\",\"inLanguage\":\"es-ES\",\"isPartOf\":{\"@id\":\"https:\\\/\\\/www.eldigitaldeasturias.com\\\/noticias\\\/#website\"},\"breadcrumb\":{\"@id\":\"https:\\\/\\\/www.eldigitaldeasturias.com\\\/noticias\\\/garcia-tejerina-el-vehiculo-electrico-esta-llamado-a-ser-una-pieza-fundamental-de-la-movilidad-sostenible\\\/#breadcrumblist\"},\"author\":{\"@id\":\"https:\\\/\\\/www.eldigitaldeasturias.com\\\/noticias\\\/author\\\/admin\\\/#author\"},\"creator\":{\"@id\":\"https:\\\/\\\/www.eldigitaldeasturias.com\\\/noticias\\\/author\\\/admin\\\/#author\"},\"image\":{\"@type\":\"ImageObject\",\"url\":957784,\"@id\":\"https:\\\/\\\/www.eldigitaldeasturias.com\\\/noticias\\\/garcia-tejerina-el-vehiculo-electrico-esta-llamado-a-ser-una-pieza-fundamental-de-la-movilidad-sostenible\\\/#mainImage\"},\"primaryImageOfPage\":{\"@id\":\"https:\\\/\\\/www.eldigitaldeasturias.com\\\/noticias\\\/garcia-tejerina-el-vehiculo-electrico-esta-llamado-a-ser-una-pieza-fundamental-de-la-movilidad-sostenible\\\/#mainImage\"},\"datePublished\":\"2017-10-26T22:45:43+02:00\",\"dateModified\":\"2017-10-26T22:45:43+02:00\"},{\"@type\":\"WebSite\",\"@id\":\"https:\\\/\\\/www.eldigitaldeasturias.com\\\/noticias\\\/#website\",\"url\":\"https:\\\/\\\/www.eldigitaldeasturias.com\\\/noticias\\\/\",\"name\":\"El Digital de Asturias - Diario de actualidad y noticias\",\"alternateName\":\"El Digital de Asturias - Diario de actualidad y noticias\",\"description\":\"Hemeroteca\",\"inLanguage\":\"es-ES\",\"publisher\":{\"@id\":\"https:\\\/\\\/www.eldigitaldeasturias.com\\\/noticias\\\/#organization\"}}]}\n\t\t<\/script>\n\t\t<!-- All in One SEO Pro -->\r\n\t\t<title>Garc\u00eda Tejerina: \u00abEl veh\u00edculo el\u00e9ctrico est\u00e1 llamado a ser una pieza fundamental de la movilidad sostenible\u00bb - El Digital de Asturias<\/title>\n\n","aioseo_head_json":{"title":"Garc\u00eda Tejerina: \u00abEl veh\u00edculo el\u00e9ctrico est\u00e1 llamado a ser una pieza fundamental de la movilidad sostenible\u00bb - El Digital de Asturias","description":"La ministra de Agricultura y Pesca, Alimentaci\u00f3n y Medio Ambiente, Isabel Garc\u00eda Tejerina, ha subrayado que el veh\u00edculo el\u00e9ctrico est\u00e1 llamado a ser una pieza fundamental de la movilidad sostenible por su eficiencia energ\u00e9tica y la reducci\u00f3n de la dependencia de los productos petrol\u00edferos. Al mismo tiempo, Garc\u00eda Tejerina ha destacado las posibilidades que ofrece","canonical_url":"https:\/\/www.eldigitaldeasturias.com\/noticias\/garcia-tejerina-el-vehiculo-electrico-esta-llamado-a-ser-una-pieza-fundamental-de-la-movilidad-sostenible\/","robots":"max-image-preview:large","keywords":"actualidad","webmasterTools":{"google-site-verification":"UA-38556648-1","msvalidate.01":"7dfe9f3f1b24437ab69f4f2559babe99","miscellaneous":""},"schema":{"@context":"https:\/\/schema.org","@graph":[{"@type":"BlogPosting","@id":"https:\/\/www.eldigitaldeasturias.com\/noticias\/garcia-tejerina-el-vehiculo-electrico-esta-llamado-a-ser-una-pieza-fundamental-de-la-movilidad-sostenible\/#blogposting","name":"Garc\u00eda Tejerina: \u00abEl veh\u00edculo el\u00e9ctrico est\u00e1 llamado a ser una pieza fundamental de la movilidad sostenible\u00bb - El Digital de Asturias","headline":"Garc\u00eda Tejerina: \u00abEl veh\u00edculo el\u00e9ctrico est\u00e1 llamado a ser una pieza fundamental de la movilidad sostenible\u00bb","author":{"@id":"https:\/\/www.eldigitaldeasturias.com\/noticias\/author\/admin\/#author"},"publisher":{"@id":"https:\/\/www.eldigitaldeasturias.com\/noticias\/#organization"},"image":{"@type":"ImageObject","url":957784},"datePublished":"2017-10-26T22:45:43+02:00","dateModified":"2017-10-26T22:45:43+02:00","inLanguage":"es-ES","mainEntityOfPage":{"@id":"https:\/\/www.eldigitaldeasturias.com\/noticias\/garcia-tejerina-el-vehiculo-electrico-esta-llamado-a-ser-una-pieza-fundamental-de-la-movilidad-sostenible\/#webpage"},"isPartOf":{"@id":"https:\/\/www.eldigitaldeasturias.com\/noticias\/garcia-tejerina-el-vehiculo-electrico-esta-llamado-a-ser-una-pieza-fundamental-de-la-movilidad-sostenible\/#webpage"},"articleSection":"Actualidad"},{"@type":"BreadcrumbList","@id":"https:\/\/www.eldigitaldeasturias.com\/noticias\/garcia-tejerina-el-vehiculo-electrico-esta-llamado-a-ser-una-pieza-fundamental-de-la-movilidad-sostenible\/#breadcrumblist","itemListElement":[{"@type":"ListItem","@id":"https:\/\/www.eldigitaldeasturias.com\/noticias#listItem","position":1,"name":"Home","item":"https:\/\/www.eldigitaldeasturias.com\/noticias","nextItem":{"@type":"ListItem","@id":"https:\/\/www.eldigitaldeasturias.com\/noticias\/category\/actualidad\/#listItem","name":"Actualidad"}},{"@type":"ListItem","@id":"https:\/\/www.eldigitaldeasturias.com\/noticias\/category\/actualidad\/#listItem","position":2,"name":"Actualidad","item":"https:\/\/www.eldigitaldeasturias.com\/noticias\/category\/actualidad\/","nextItem":{"@type":"ListItem","@id":"https:\/\/www.eldigitaldeasturias.com\/noticias\/garcia-tejerina-el-vehiculo-electrico-esta-llamado-a-ser-una-pieza-fundamental-de-la-movilidad-sostenible\/#listItem","name":"Garc\u00eda Tejerina: \u00abEl veh\u00edculo el\u00e9ctrico est\u00e1 llamado a ser una pieza fundamental de la movilidad sostenible\u00bb"},"previousItem":{"@type":"ListItem","@id":"https:\/\/www.eldigitaldeasturias.com\/noticias#listItem","name":"Home"}},{"@type":"ListItem","@id":"https:\/\/www.eldigitaldeasturias.com\/noticias\/garcia-tejerina-el-vehiculo-electrico-esta-llamado-a-ser-una-pieza-fundamental-de-la-movilidad-sostenible\/#listItem","position":3,"name":"Garc\u00eda Tejerina: \u00abEl veh\u00edculo el\u00e9ctrico est\u00e1 llamado a ser una pieza fundamental de la movilidad sostenible\u00bb","previousItem":{"@type":"ListItem","@id":"https:\/\/www.eldigitaldeasturias.com\/noticias\/category\/actualidad\/#listItem","name":"Actualidad"}}]},{"@type":"Organization","@id":"https:\/\/www.eldigitaldeasturias.com\/noticias\/#organization","name":"El Digital de Asturias","description":"Hemeroteca","url":"https:\/\/www.eldigitaldeasturias.com\/noticias\/","email":"info@eldigitaldeasturias.com","telephone":"+34652131393","logo":{"@type":"ImageObject","url":"https:\/\/www.eldigitaldeasturias.com\/noticias\/wp-content\/uploads\/2020\/12\/EDA.jpg","@id":"https:\/\/www.eldigitaldeasturias.com\/noticias\/garcia-tejerina-el-vehiculo-electrico-esta-llamado-a-ser-una-pieza-fundamental-de-la-movilidad-sostenible\/#organizationLogo"},"image":{"@id":"https:\/\/www.eldigitaldeasturias.com\/noticias\/garcia-tejerina-el-vehiculo-electrico-esta-llamado-a-ser-una-pieza-fundamental-de-la-movilidad-sostenible\/#organizationLogo"},"sameAs":["https:\/\/facebook.com\/eldigitaldeasturias","https:\/\/www.youtube.com\/channel\/UCZP-2wLEB9Rv6erhFmqVnvg"],"address":{"@id":"https:\/\/www.eldigitaldeasturias.com\/noticias\/#postaladdress","@type":"PostalAddress","streetAddress":"san antonio 4","postalCode":"33430","addressLocality":"Cand\u00e1s","addressRegion":"Asturias","addressCountry":"ES"}},{"@type":"Person","@id":"https:\/\/www.eldigitaldeasturias.com\/noticias\/author\/admin\/#author","url":"https:\/\/www.eldigitaldeasturias.com\/noticias\/author\/admin\/","name":"El Digital de Asturias","image":{"@type":"ImageObject","@id":"https:\/\/www.eldigitaldeasturias.com\/noticias\/garcia-tejerina-el-vehiculo-electrico-esta-llamado-a-ser-una-pieza-fundamental-de-la-movilidad-sostenible\/#authorImage","url":"https:\/\/secure.gravatar.com\/avatar\/df2aeffc32bcd13f8d26072ef8a91b623d677766deac7f97ca815868cd41bf5e?s=96&d=mm&r=g","width":96,"height":96,"caption":"El Digital de Asturias"}},{"@type":"WebPage","@id":"https:\/\/www.eldigitaldeasturias.com\/noticias\/garcia-tejerina-el-vehiculo-electrico-esta-llamado-a-ser-una-pieza-fundamental-de-la-movilidad-sostenible\/#webpage","url":"https:\/\/www.eldigitaldeasturias.com\/noticias\/garcia-tejerina-el-vehiculo-electrico-esta-llamado-a-ser-una-pieza-fundamental-de-la-movilidad-sostenible\/","name":"Garc\u00eda Tejerina: \u00abEl veh\u00edculo el\u00e9ctrico est\u00e1 llamado a ser una pieza fundamental de la movilidad sostenible\u00bb - El Digital de Asturias","description":"La ministra de Agricultura y Pesca, Alimentaci\u00f3n y Medio Ambiente, Isabel Garc\u00eda Tejerina, ha subrayado que el veh\u00edculo el\u00e9ctrico est\u00e1 llamado a ser una pieza fundamental de la movilidad sostenible por su eficiencia energ\u00e9tica y la reducci\u00f3n de la dependencia de los productos petrol\u00edferos. Al mismo tiempo, Garc\u00eda Tejerina ha destacado las posibilidades que ofrece","inLanguage":"es-ES","isPartOf":{"@id":"https:\/\/www.eldigitaldeasturias.com\/noticias\/#website"},"breadcrumb":{"@id":"https:\/\/www.eldigitaldeasturias.com\/noticias\/garcia-tejerina-el-vehiculo-electrico-esta-llamado-a-ser-una-pieza-fundamental-de-la-movilidad-sostenible\/#breadcrumblist"},"author":{"@id":"https:\/\/www.eldigitaldeasturias.com\/noticias\/author\/admin\/#author"},"creator":{"@id":"https:\/\/www.eldigitaldeasturias.com\/noticias\/author\/admin\/#author"},"image":{"@type":"ImageObject","url":957784,"@id":"https:\/\/www.eldigitaldeasturias.com\/noticias\/garcia-tejerina-el-vehiculo-electrico-esta-llamado-a-ser-una-pieza-fundamental-de-la-movilidad-sostenible\/#mainImage"},"primaryImageOfPage":{"@id":"https:\/\/www.eldigitaldeasturias.com\/noticias\/garcia-tejerina-el-vehiculo-electrico-esta-llamado-a-ser-una-pieza-fundamental-de-la-movilidad-sostenible\/#mainImage"},"datePublished":"2017-10-26T22:45:43+02:00","dateModified":"2017-10-26T22:45:43+02:00"},{"@type":"WebSite","@id":"https:\/\/www.eldigitaldeasturias.com\/noticias\/#website","url":"https:\/\/www.eldigitaldeasturias.com\/noticias\/","name":"El Digital de Asturias - Diario de actualidad y noticias","alternateName":"El Digital de Asturias - Diario de actualidad y noticias","description":"Hemeroteca","inLanguage":"es-ES","publisher":{"@id":"https:\/\/www.eldigitaldeasturias.com\/noticias\/#organization"}}]},"og:locale":"es_ES","og:site_name":"El Digital de Asturias","og:type":"article","og:title":"Garc\u00eda Tejerina: \u00abEl veh\u00edculo el\u00e9ctrico est\u00e1 llamado a ser una pieza fundamental de la movilidad sostenible\u00bb - El Digital de Asturias","og:description":"La ministra de Agricultura y Pesca, Alimentaci\u00f3n y Medio Ambiente, Isabel Garc\u00eda Tejerina, ha subrayado que el veh\u00edculo el\u00e9ctrico est\u00e1 llamado a ser una pieza fundamental de la movilidad sostenible por su eficiencia energ\u00e9tica y la reducci\u00f3n de la dependencia de los productos petrol\u00edferos. Al mismo tiempo, Garc\u00eda Tejerina ha destacado las posibilidades que ofrece","og:url":"https:\/\/www.eldigitaldeasturias.com\/noticias\/garcia-tejerina-el-vehiculo-electrico-esta-llamado-a-ser-una-pieza-fundamental-de-la-movilidad-sostenible\/","article:tag":["actualidad"],"article:published_time":"2017-10-26T22:45:43+00:00","article:modified_time":"2017-10-26T22:45:43+00:00","article:publisher":"https:\/\/facebook.com\/eldigitaldeasturias","twitter:card":"summary_large_image","twitter:title":"Garc\u00eda Tejerina: \u00abEl veh\u00edculo el\u00e9ctrico est\u00e1 llamado a ser una pieza fundamental de la movilidad sostenible\u00bb - El Digital de Asturias","twitter:description":"La ministra de Agricultura y Pesca, Alimentaci\u00f3n y Medio Ambiente, Isabel Garc\u00eda Tejerina, ha subrayado que el veh\u00edculo el\u00e9ctrico est\u00e1 llamado a ser una pieza fundamental de la movilidad sostenible por su eficiencia energ\u00e9tica y la reducci\u00f3n de la dependencia de los productos petrol\u00edferos. Al mismo tiempo, Garc\u00eda Tejerina ha destacado las posibilidades que ofrece","twitter:image":"https:\/\/www.eldigitaldeasturias.com\/noticias\/wp-content\/uploads\/2020\/12\/EDA-1.jpg","twitter:label1":"Escrito por","twitter:data1":"El Digital de Asturias","twitter:label2":"Tiempo de lectura estimado","twitter:data2":"3 minutos"},"aioseo_meta_data":{"post_id":"957783","title":null,"description":null,"keywords":null,"keyphrases":null,"primary_term":null,"canonical_url":null,"og_title":null,"og_description":null,"og_object_type":"default","og_image_type":"default","og_image_url":null,"og_image_width":null,"og_image_height":null,"og_image_custom_url":null,"og_image_custom_fields":null,"og_video":null,"og_custom_url":null,"og_article_section":null,"og_article_tags":null,"twitter_use_og":false,"twitter_card":"default","twitter_image_type":"default","twitter_image_url":null,"twitter_image_custom_url":null,"twitter_image_custom_fields":null,"twitter_title":null,"twitter_description":null,"schema":{"blockGraphs":[],"customGraphs":[],"default":{"data":{"Article":[],"Course":[],"Dataset":[],"FAQPage":[],"Movie":[],"Person":[],"Product":[],"ProductReview":[],"Car":[],"Recipe":[],"Service":[],"SoftwareApplication":[],"WebPage":[]},"graphName":"","isEnabled":true},"graphs":[],"defaultGraph":"","defaultPostTypeGraph":""},"schema_type":null,"schema_type_options":null,"pillar_content":false,"robots_default":true,"robots_noindex":false,"robots_noarchive":false,"robots_nosnippet":false,"robots_nofollow":false,"robots_noimageindex":false,"robots_noodp":false,"robots_notranslate":false,"robots_max_snippet":null,"robots_max_videopreview":null,"robots_max_imagepreview":"large","priority":null,"frequency":null,"local_seo":null,"seo_analyzer_scan_date":"2025-12-06 18:44:11","breadcrumb_settings":null,"limit_modified_date":false,"open_ai":null,"ai":null,"created":"2020-12-21 12:54:29","updated":"2025-12-06 18:44:11","focus_keyword":null,"additional_keywords":null,"truseo_locale":null},"aioseo_breadcrumb":"<div class=\"aioseo-breadcrumbs\"><span class=\"aioseo-breadcrumb\">\n\t<a href=\"https:\/\/www.eldigitaldeasturias.com\/noticias\" title=\"Home\">Home<\/a>\n<\/span><span class=\"aioseo-breadcrumb-separator\">\u2013<\/span><span class=\"aioseo-breadcrumb\">\n\t<a href=\"https:\/\/www.eldigitaldeasturias.com\/noticias\/category\/actualidad\/\" title=\"Actualidad\">Actualidad<\/a>\n<\/span><span class=\"aioseo-breadcrumb-separator\">\u2013<\/span><span class=\"aioseo-breadcrumb\">\n\t<a href=\"https:\/\/www.eldigitaldeasturias.com\/noticias\/garcia-tejerina-el-vehiculo-electrico-esta-llamado-a-ser-una-pieza-fundamental-de-la-movilidad-sostenible\/\" title=\"Garc\u00eda Tejerina: \u00abEl veh\u00edculo el\u00e9ctrico est\u00e1 llamado a ser una pieza fundamental de la movilidad sostenible\u00bb\">Garc\u00eda Tejerina: \u00abEl veh\u00edculo el\u00e9ctrico est\u00e1 llamado a ser una pieza fundamental de la movilidad sostenible\u00bb<\/a>\n<\/span><\/div>","aioseo_breadcrumb_json":[{"label":"Home","link":"https:\/\/www.eldigitaldeasturias.com\/noticias"},{"label":"Actualidad","link":"https:\/\/www.eldigitaldeasturias.com\/noticias\/category\/actualidad\/"},{"label":"Garc\u00eda Tejerina: \u00abEl veh\u00edculo el\u00e9ctrico est\u00e1 llamado a ser una pieza fundamental de la movilidad sostenible\u00bb","link":"https:\/\/www.eldigitaldeasturias.com\/noticias\/garcia-tejerina-el-vehiculo-electrico-esta-llamado-a-ser-una-pieza-fundamental-de-la-movilidad-sostenible\/"}],"_links":{"self":[{"href":"https:\/\/www.eldigitaldeasturias.com\/noticias\/wp-json\/wp\/v2\/posts\/957783","targetHints":{"allow":["GET"]}}],"collection":[{"href":"https:\/\/www.eldigitaldeasturias.com\/noticias\/wp-json\/wp\/v2\/posts"}],"about":[{"href":"https:\/\/www.eldigitaldeasturias.com\/noticias\/wp-json\/wp\/v2\/types\/post"}],"author":[{"embeddable":true,"href":"https:\/\/www.eldigitaldeasturias.com\/noticias\/wp-json\/wp\/v2\/users\/1"}],"replies":[{"embeddable":true,"href":"https:\/\/www.eldigitaldeasturias.com\/noticias\/wp-json\/wp\/v2\/comments?post=957783"}],"version-history":[{"count":0,"href":"https:\/\/www.eldigitaldeasturias.com\/noticias\/wp-json\/wp\/v2\/posts\/957783\/revisions"}],"wp:attachment":[{"href":"https:\/\/www.eldigitaldeasturias.com\/noticias\/wp-json\/wp\/v2\/media?parent=957783"}],"wp:term":[{"taxonomy":"category","embeddable":true,"href":"https:\/\/www.eldigitaldeasturias.com\/noticias\/wp-json\/wp\/v2\/categories?post=957783"},{"taxonomy":"post_tag","embeddable":true,"href":"https:\/\/www.eldigitaldeasturias.com\/noticias\/wp-json\/wp\/v2\/tags?post=957783"}],"curies":[{"name":"wp","href":"https:\/\/api.w.org\/{rel}","templated":true}]}}